{"id":262142,"date":"2024-09-16T16:38:14","date_gmt":"2024-09-16T19:38:14","guid":{"rendered":"https:\/\/noticiaempauta.com\/portal\/?p=262142"},"modified":"2024-09-16T16:38:15","modified_gmt":"2024-09-16T19:38:15","slug":"mulher-que-ficou-desaparecida-por-mais-de-36-horas-revela-a-policia-que-foi-sequestrada-e-agredida-em-picos","status":"publish","type":"post","link":"https:\/\/noticiaempauta.com\/portal\/mulher-que-ficou-desaparecida-por-mais-de-36-horas-revela-a-policia-que-foi-sequestrada-e-agredida-em-picos\/","title":{"rendered":"Mulher que ficou desaparecida por mais de 36 horas revela \u00e0 pol\u00edcia que foi sequestrada e agredida em Picos"},"content":{"rendered":"\n<p>Ap\u00f3s mais de 36 horas desaparecida, Rosana Oliveira, de 37 anos, foi encontrada na manh\u00e3 de s\u00e1bado, 14 de setembro, em Picos.\u00a0Ela foi localizada com hematomas nos olhos e um ferimento na boca, sendo levada ao Hospital Regional Justino Luz para receber atendimento m\u00e9dico.<\/p>\n\n\n\n<figure class=\"wp-block-image size-full\"><img fetchpriority=\"high\" decoding=\"async\" width=\"780\" height=\"470\" src=\"https:\/\/noticiaempauta.com\/portal\/wp-content\/uploads\/2024\/09\/squestro-picos-780x470.jpg.webp\" alt=\"\" class=\"wp-image-262143\" srcset=\"https:\/\/noticiaempauta.com\/portal\/wp-content\/uploads\/2024\/09\/squestro-picos-780x470.jpg.webp 780w, https:\/\/noticiaempauta.com\/portal\/wp-content\/uploads\/2024\/09\/squestro-picos-780x470.jpg-300x181.webp 300w, https:\/\/noticiaempauta.com\/portal\/wp-content\/uploads\/2024\/09\/squestro-picos-780x470.jpg-768x463.webp 768w\" sizes=\"(max-width: 780px) 100vw, 780px\" \/><figcaption class=\"wp-element-caption\">(Foto: Reprodu\u00e7\u00e3o\/RedesSociais)<\/figcaption><\/figure>\n\n\n\n<p>De acordo com o relato da v\u00edtima \u00e0 Pol\u00edcia Civil, Rosana foi sequestrada na noite de quinta-feira, 12 de setembro, nas proximidades de sua resid\u00eancia, no bairro Canto da V\u00e1rzea. Segundo a v\u00edtima, ela foi levada para um loteamento no bairro Conduru, onde foi mantida ref\u00e9m. Durante o per\u00edodo em que esteve desaparecida, Rosana afirmou que os sequestradores colocaram um capuz em sua cabe\u00e7a e que ela ouvia vozes masculinas e femininas, mas n\u00e3o conseguiu identificar quantas pessoas estavam envolvidas.<\/p>\n\n\n\n<p>A delegada Robiane Nunes, da Delegacia Especializada de Atendimento \u00e0 Mulher e Grupos Vulner\u00e1veis de Picos, informou que a v\u00edtima foi agredida com um objeto semelhante a uma barra de ferro. Rosana relatou que os agressores a liberaram depois de receberem uma liga\u00e7\u00e3o, acreditando que a pol\u00edcia estava se aproximando.<\/p>\n\n\n\n<p>A Pol\u00edcia Civil segue investigando o caso para identificar os respons\u00e1veis pelo sequestro e agress\u00e3o, mas at\u00e9 o momento n\u00e3o h\u00e1 informa\u00e7\u00f5es sobre os autores.<\/p>\n\n\n\n<figure class=\"wp-block-embed is-type-video is-provider-youtube wp-block-embed-youtube wp-embed-aspect-16-9 wp-has-aspect-ratio\"><div class=\"wp-block-embed__wrapper\">\n<iframe title=\"Mulher \u00e9 sequestrada e mantida ref\u00e9m durante 36 horas em Picos\" width=\"800\" height=\"450\" src=\"https:\/\/www.youtube.com\/embed\/CxLypTVs_HE?feature=oembed\" frameborder=\"0\" allow=\"accelerometer; autoplay; clipboard-write; encrypted-media; gyroscope; picture-in-picture; web-share\" referrerpolicy=\"strict-origin-when-cross-origin\" allowfullscreen><\/iframe>\n<\/div><\/figure>\n\n\n\n<p><strong><em>Fonte: Riach\u00e3oNet<\/em><\/strong><\/p>\n","protected":false},"excerpt":{"rendered":"<p>Ap\u00f3s mais de 36 horas desaparecida, Rosana Oliveira, de 37 anos, foi encontrada na manh\u00e3 de s\u00e1bado, 14 de setembro, em Picos.\u00a0Ela foi localizada com hematomas nos olhos e um ferimento na boca, sendo levada ao Hospital Regional Justino Luz para receber atendimento m\u00e9dico. De acordo com o relato da v\u00edtima \u00e0 Pol\u00edcia Civil, Rosana [&hellip;]<\/p>\n","protected":false},"author":2,"featured_media":262143,"comment_status":"open","ping_status":"open","sticky":false,"template":"","format":"standard","meta":{"_mi_skip_tracking":false,"footnotes":""},"categories":[25,1,137,16],"tags":[],"class_list":["post-262142","post","type-post","status-publish","format-standard","has-post-thumbnail","hentry","category-destaques-site","category-geral","category-policia","category-todas"],"acf":[],"yoast_head":"<!-- This site is optimized with the Yoast SEO Premium plugin v19.2 (Yoast SEO v26.9) - https:\/\/yoast.com\/product\/yoast-seo-premium-wordpress\/ -->\n<title>Mulher que ficou desaparecida por mais de 36 horas revela \u00e0 pol\u00edcia que foi sequestrada e agredida em Picos - Portal Not\u00edcia em Pauta<\/title>\n<meta name=\"robots\" content=\"index, follow, max-snippet:-1, max-image-preview:large, max-video-preview:-1\" \/>\n<link rel=\"canonical\" href=\"https:\/\/noticiaempauta.com\/portal\/mulher-que-ficou-desaparecida-por-mais-de-36-horas-revela-a-policia-que-foi-sequestrada-e-agredida-em-picos\/\" \/>\n<meta property=\"og:locale\" content=\"pt_BR\" \/>\n<meta property=\"og:type\" content=\"article\" \/>\n<meta property=\"og:title\" content=\"Mulher que ficou desaparecida por mais de 36 horas revela \u00e0 pol\u00edcia que foi sequestrada e agredida em Picos\" \/>\n<meta property=\"og:description\" content=\"Ap\u00f3s mais de 36 horas desaparecida, Rosana Oliveira, de 37 anos, foi encontrada na manh\u00e3 de s\u00e1bado, 14 de setembro, em Picos.\u00a0Ela foi localizada com hematomas nos olhos e um ferimento na boca, sendo levada ao Hospital Regional Justino Luz para receber atendimento m\u00e9dico. De acordo com o relato da v\u00edtima \u00e0 Pol\u00edcia Civil, Rosana [&hellip;]\" \/>\n<meta property=\"og:url\" content=\"https:\/\/noticiaempauta.com\/portal\/mulher-que-ficou-desaparecida-por-mais-de-36-horas-revela-a-policia-que-foi-sequestrada-e-agredida-em-picos\/\" \/>\n<meta property=\"og:site_name\" content=\"Portal Not\u00edcia em Pauta\" \/>\n<meta property=\"article:publisher\" content=\"https:\/\/www.facebook.com\/Portal-Notcia-Em-Pauta-102292869264820\/\" \/>\n<meta property=\"article:published_time\" content=\"2024-09-16T19:38:14+00:00\" \/>\n<meta property=\"article:modified_time\" content=\"2024-09-16T19:38:15+00:00\" \/>\n<meta property=\"og:image\" content=\"https:\/\/noticiaempauta.com\/portal\/wp-content\/uploads\/2024\/09\/squestro-picos-780x470.jpg.webp\" \/>\n\t<meta property=\"og:image:width\" content=\"780\" \/>\n\t<meta property=\"og:image:height\" content=\"470\" \/>\n\t<meta property=\"og:image:type\" content=\"image\/webp\" \/>\n<meta name=\"author\" content=\"Reda\u00e7\u00e3o\" \/>\n<meta name=\"twitter:card\" content=\"summary_large_image\" \/>\n<meta name=\"twitter:label1\" content=\"Escrito por\" \/>\n\t<meta name=\"twitter:data1\" content=\"Reda\u00e7\u00e3o\" \/>\n\t<meta name=\"twitter:label2\" content=\"Est. tempo de leitura\" \/>\n\t<meta name=\"twitter:data2\" content=\"2 minutos\" \/>\n<script type=\"application\/ld+json\" class=\"yoast-schema-graph\">{\"@context\":\"https:\/\/schema.org\",\"@graph\":[{\"@type\":\"Article\",\"@id\":\"https:\/\/noticiaempauta.com\/portal\/mulher-que-ficou-desaparecida-por-mais-de-36-horas-revela-a-policia-que-foi-sequestrada-e-agredida-em-picos\/#article\",\"isPartOf\":{\"@id\":\"https:\/\/noticiaempauta.com\/portal\/mulher-que-ficou-desaparecida-por-mais-de-36-horas-revela-a-policia-que-foi-sequestrada-e-agredida-em-picos\/\"},\"author\":{\"name\":\"Reda\u00e7\u00e3o\",\"@id\":\"https:\/\/noticiaempauta.com\/portal\/#\/schema\/person\/a74af43dd1ab3deca45f988c717d57ac\"},\"headline\":\"Mulher que ficou desaparecida por mais de 36 horas revela \u00e0 pol\u00edcia que foi sequestrada e agredida em Picos\",\"datePublished\":\"2024-09-16T19:38:14+00:00\",\"dateModified\":\"2024-09-16T19:38:15+00:00\",\"mainEntityOfPage\":{\"@id\":\"https:\/\/noticiaempauta.com\/portal\/mulher-que-ficou-desaparecida-por-mais-de-36-horas-revela-a-policia-que-foi-sequestrada-e-agredida-em-picos\/\"},\"wordCount\":248,\"commentCount\":0,\"publisher\":{\"@id\":\"https:\/\/noticiaempauta.com\/portal\/#organization\"},\"image\":{\"@id\":\"https:\/\/noticiaempauta.com\/portal\/mulher-que-ficou-desaparecida-por-mais-de-36-horas-revela-a-policia-que-foi-sequestrada-e-agredida-em-picos\/#primaryimage\"},\"thumbnailUrl\":\"https:\/\/noticiaempauta.com\/portal\/wp-content\/uploads\/2024\/09\/squestro-picos-780x470.jpg.webp\",\"articleSection\":[\"Destaques\",\"Geral\",\"Pol\u00edcia\",\"Todas as Not\u00edcias\"],\"inLanguage\":\"pt-BR\",\"potentialAction\":[{\"@type\":\"CommentAction\",\"name\":\"Comment\",\"target\":[\"https:\/\/noticiaempauta.com\/portal\/mulher-que-ficou-desaparecida-por-mais-de-36-horas-revela-a-policia-que-foi-sequestrada-e-agredida-em-picos\/#respond\"]}]},{\"@type\":\"WebPage\",\"@id\":\"https:\/\/noticiaempauta.com\/portal\/mulher-que-ficou-desaparecida-por-mais-de-36-horas-revela-a-policia-que-foi-sequestrada-e-agredida-em-picos\/\",\"url\":\"https:\/\/noticiaempauta.com\/portal\/mulher-que-ficou-desaparecida-por-mais-de-36-horas-revela-a-policia-que-foi-sequestrada-e-agredida-em-picos\/\",\"name\":\"Mulher que ficou desaparecida por mais de 36 horas revela \u00e0 pol\u00edcia que foi sequestrada e agredida em Picos - Portal Not\u00edcia em Pauta\",\"isPartOf\":{\"@id\":\"https:\/\/noticiaempauta.com\/portal\/#website\"},\"primaryImageOfPage\":{\"@id\":\"https:\/\/noticiaempauta.com\/portal\/mulher-que-ficou-desaparecida-por-mais-de-36-horas-revela-a-policia-que-foi-sequestrada-e-agredida-em-picos\/#primaryimage\"},\"image\":{\"@id\":\"https:\/\/noticiaempauta.com\/portal\/mulher-que-ficou-desaparecida-por-mais-de-36-horas-revela-a-policia-que-foi-sequestrada-e-agredida-em-picos\/#primaryimage\"},\"thumbnailUrl\":\"https:\/\/noticiaempauta.com\/portal\/wp-content\/uploads\/2024\/09\/squestro-picos-780x470.jpg.webp\",\"datePublished\":\"2024-09-16T19:38:14+00:00\",\"dateModified\":\"2024-09-16T19:38:15+00:00\",\"breadcrumb\":{\"@id\":\"https:\/\/noticiaempauta.com\/portal\/mulher-que-ficou-desaparecida-por-mais-de-36-horas-revela-a-policia-que-foi-sequestrada-e-agredida-em-picos\/#breadcrumb\"},\"inLanguage\":\"pt-BR\",\"potentialAction\":[{\"@type\":\"ReadAction\",\"target\":[\"https:\/\/noticiaempauta.com\/portal\/mulher-que-ficou-desaparecida-por-mais-de-36-horas-revela-a-policia-que-foi-sequestrada-e-agredida-em-picos\/\"]}]},{\"@type\":\"ImageObject\",\"inLanguage\":\"pt-BR\",\"@id\":\"https:\/\/noticiaempauta.com\/portal\/mulher-que-ficou-desaparecida-por-mais-de-36-horas-revela-a-policia-que-foi-sequestrada-e-agredida-em-picos\/#primaryimage\",\"url\":\"https:\/\/noticiaempauta.com\/portal\/wp-content\/uploads\/2024\/09\/squestro-picos-780x470.jpg.webp\",\"contentUrl\":\"https:\/\/noticiaempauta.com\/portal\/wp-content\/uploads\/2024\/09\/squestro-picos-780x470.jpg.webp\",\"width\":780,\"height\":470},{\"@type\":\"BreadcrumbList\",\"@id\":\"https:\/\/noticiaempauta.com\/portal\/mulher-que-ficou-desaparecida-por-mais-de-36-horas-revela-a-policia-que-foi-sequestrada-e-agredida-em-picos\/#breadcrumb\",\"itemListElement\":[{\"@type\":\"ListItem\",\"position\":1,\"name\":\"P\u00e1gina Inicial\",\"item\":\"https:\/\/noticiaempauta.com\/portal\/\"},{\"@type\":\"ListItem\",\"position\":2,\"name\":\"Destaques\",\"item\":\"https:\/\/noticiaempauta.com\/portal\/destaques-site\/\"},{\"@type\":\"ListItem\",\"position\":3,\"name\":\"Mulher que ficou desaparecida por mais de 36 horas revela \u00e0 pol\u00edcia que foi sequestrada e agredida em Picos\"}]},{\"@type\":\"WebSite\",\"@id\":\"https:\/\/noticiaempauta.com\/portal\/#website\",\"url\":\"https:\/\/noticiaempauta.com\/portal\/\",\"name\":\"Portal Not\u00edcia em Pauta\",\"description\":\"Voc\u00ea bem informado\",\"publisher\":{\"@id\":\"https:\/\/noticiaempauta.com\/portal\/#organization\"},\"potentialAction\":[{\"@type\":\"SearchAction\",\"target\":{\"@type\":\"EntryPoint\",\"urlTemplate\":\"https:\/\/noticiaempauta.com\/portal\/?s={search_term_string}\"},\"query-input\":{\"@type\":\"PropertyValueSpecification\",\"valueRequired\":true,\"valueName\":\"search_term_string\"}}],\"inLanguage\":\"pt-BR\"},{\"@type\":\"Organization\",\"@id\":\"https:\/\/noticiaempauta.com\/portal\/#organization\",\"name\":\"Portal Not\u00edcia em Pauta\",\"url\":\"https:\/\/noticiaempauta.com\/portal\/\",\"logo\":{\"@type\":\"ImageObject\",\"inLanguage\":\"pt-BR\",\"@id\":\"https:\/\/noticiaempauta.com\/portal\/#\/schema\/logo\/image\/\",\"url\":\"https:\/\/noticiaempauta.com\/portal\/wp-content\/uploads\/2022\/08\/logomarca_tema.fw_.png\",\"contentUrl\":\"https:\/\/noticiaempauta.com\/portal\/wp-content\/uploads\/2022\/08\/logomarca_tema.fw_.png\",\"width\":400,\"height\":232,\"caption\":\"Portal Not\u00edcia em Pauta\"},\"image\":{\"@id\":\"https:\/\/noticiaempauta.com\/portal\/#\/schema\/logo\/image\/\"},\"sameAs\":[\"https:\/\/www.facebook.com\/Portal-Notcia-Em-Pauta-102292869264820\/\",\"https:\/\/www.instagram.com\/portalnoticiaempauta\/\"]},{\"@type\":\"Person\",\"@id\":\"https:\/\/noticiaempauta.com\/portal\/#\/schema\/person\/a74af43dd1ab3deca45f988c717d57ac\",\"name\":\"Reda\u00e7\u00e3o\",\"image\":{\"@type\":\"ImageObject\",\"inLanguage\":\"pt-BR\",\"@id\":\"https:\/\/noticiaempauta.com\/portal\/#\/schema\/person\/image\/\",\"url\":\"https:\/\/secure.gravatar.com\/avatar\/03179346ecce6cdfc13361603e8f54242a90e5cde8618fa23c5c00aa2b0aadf3?s=96&d=mm&r=g\",\"contentUrl\":\"https:\/\/secure.gravatar.com\/avatar\/03179346ecce6cdfc13361603e8f54242a90e5cde8618fa23c5c00aa2b0aadf3?s=96&d=mm&r=g\",\"caption\":\"Reda\u00e7\u00e3o\"},\"sameAs\":[\"https:\/\/noticiaempauta.com\/portal\/\"],\"url\":\"https:\/\/noticiaempauta.com\/portal\/author\/fernando\/\"}]}<\/script>\n<!-- \/ Yoast SEO Premium plugin. -->","yoast_head_json":{"title":"Mulher que ficou desaparecida por mais de 36 horas revela \u00e0 pol\u00edcia que foi sequestrada e agredida em Picos - Portal Not\u00edcia em Pauta","robots":{"index":"index","follow":"follow","max-snippet":"max-snippet:-1","max-image-preview":"max-image-preview:large","max-video-preview":"max-video-preview:-1"},"canonical":"https:\/\/noticiaempauta.com\/portal\/mulher-que-ficou-desaparecida-por-mais-de-36-horas-revela-a-policia-que-foi-sequestrada-e-agredida-em-picos\/","og_locale":"pt_BR","og_type":"article","og_title":"Mulher que ficou desaparecida por mais de 36 horas revela \u00e0 pol\u00edcia que foi sequestrada e agredida em Picos","og_description":"Ap\u00f3s mais de 36 horas desaparecida, Rosana Oliveira, de 37 anos, foi encontrada na manh\u00e3 de s\u00e1bado, 14 de setembro, em Picos.\u00a0Ela foi localizada com hematomas nos olhos e um ferimento na boca, sendo levada ao Hospital Regional Justino Luz para receber atendimento m\u00e9dico. De acordo com o relato da v\u00edtima \u00e0 Pol\u00edcia Civil, Rosana [&hellip;]","og_url":"https:\/\/noticiaempauta.com\/portal\/mulher-que-ficou-desaparecida-por-mais-de-36-horas-revela-a-policia-que-foi-sequestrada-e-agredida-em-picos\/","og_site_name":"Portal Not\u00edcia em Pauta","article_publisher":"https:\/\/www.facebook.com\/Portal-Notcia-Em-Pauta-102292869264820\/","article_published_time":"2024-09-16T19:38:14+00:00","article_modified_time":"2024-09-16T19:38:15+00:00","og_image":[{"width":780,"height":470,"url":"https:\/\/noticiaempauta.com\/portal\/wp-content\/uploads\/2024\/09\/squestro-picos-780x470.jpg.webp","type":"image\/webp"}],"author":"Reda\u00e7\u00e3o","twitter_card":"summary_large_image","twitter_misc":{"Escrito por":"Reda\u00e7\u00e3o","Est. tempo de leitura":"2 minutos"},"schema":{"@context":"https:\/\/schema.org","@graph":[{"@type":"Article","@id":"https:\/\/noticiaempauta.com\/portal\/mulher-que-ficou-desaparecida-por-mais-de-36-horas-revela-a-policia-que-foi-sequestrada-e-agredida-em-picos\/#article","isPartOf":{"@id":"https:\/\/noticiaempauta.com\/portal\/mulher-que-ficou-desaparecida-por-mais-de-36-horas-revela-a-policia-que-foi-sequestrada-e-agredida-em-picos\/"},"author":{"name":"Reda\u00e7\u00e3o","@id":"https:\/\/noticiaempauta.com\/portal\/#\/schema\/person\/a74af43dd1ab3deca45f988c717d57ac"},"headline":"Mulher que ficou desaparecida por mais de 36 horas revela \u00e0 pol\u00edcia que foi sequestrada e agredida em Picos","datePublished":"2024-09-16T19:38:14+00:00","dateModified":"2024-09-16T19:38:15+00:00","mainEntityOfPage":{"@id":"https:\/\/noticiaempauta.com\/portal\/mulher-que-ficou-desaparecida-por-mais-de-36-horas-revela-a-policia-que-foi-sequestrada-e-agredida-em-picos\/"},"wordCount":248,"commentCount":0,"publisher":{"@id":"https:\/\/noticiaempauta.com\/portal\/#organization"},"image":{"@id":"https:\/\/noticiaempauta.com\/portal\/mulher-que-ficou-desaparecida-por-mais-de-36-horas-revela-a-policia-que-foi-sequestrada-e-agredida-em-picos\/#primaryimage"},"thumbnailUrl":"https:\/\/noticiaempauta.com\/portal\/wp-content\/uploads\/2024\/09\/squestro-picos-780x470.jpg.webp","articleSection":["Destaques","Geral","Pol\u00edcia","Todas as Not\u00edcias"],"inLanguage":"pt-BR","potentialAction":[{"@type":"CommentAction","name":"Comment","target":["https:\/\/noticiaempauta.com\/portal\/mulher-que-ficou-desaparecida-por-mais-de-36-horas-revela-a-policia-que-foi-sequestrada-e-agredida-em-picos\/#respond"]}]},{"@type":"WebPage","@id":"https:\/\/noticiaempauta.com\/portal\/mulher-que-ficou-desaparecida-por-mais-de-36-horas-revela-a-policia-que-foi-sequestrada-e-agredida-em-picos\/","url":"https:\/\/noticiaempauta.com\/portal\/mulher-que-ficou-desaparecida-por-mais-de-36-horas-revela-a-policia-que-foi-sequestrada-e-agredida-em-picos\/","name":"Mulher que ficou desaparecida por mais de 36 horas revela \u00e0 pol\u00edcia que foi sequestrada e agredida em Picos - Portal Not\u00edcia em Pauta","isPartOf":{"@id":"https:\/\/noticiaempauta.com\/portal\/#website"},"primaryImageOfPage":{"@id":"https:\/\/noticiaempauta.com\/portal\/mulher-que-ficou-desaparecida-por-mais-de-36-horas-revela-a-policia-que-foi-sequestrada-e-agredida-em-picos\/#primaryimage"},"image":{"@id":"https:\/\/noticiaempauta.com\/portal\/mulher-que-ficou-desaparecida-por-mais-de-36-horas-revela-a-policia-que-foi-sequestrada-e-agredida-em-picos\/#primaryimage"},"thumbnailUrl":"https:\/\/noticiaempauta.com\/portal\/wp-content\/uploads\/2024\/09\/squestro-picos-780x470.jpg.webp","datePublished":"2024-09-16T19:38:14+00:00","dateModified":"2024-09-16T19:38:15+00:00","breadcrumb":{"@id":"https:\/\/noticiaempauta.com\/portal\/mulher-que-ficou-desaparecida-por-mais-de-36-horas-revela-a-policia-que-foi-sequestrada-e-agredida-em-picos\/#breadcrumb"},"inLanguage":"pt-BR","potentialAction":[{"@type":"ReadAction","target":["https:\/\/noticiaempauta.com\/portal\/mulher-que-ficou-desaparecida-por-mais-de-36-horas-revela-a-policia-que-foi-sequestrada-e-agredida-em-picos\/"]}]},{"@type":"ImageObject","inLanguage":"pt-BR","@id":"https:\/\/noticiaempauta.com\/portal\/mulher-que-ficou-desaparecida-por-mais-de-36-horas-revela-a-policia-que-foi-sequestrada-e-agredida-em-picos\/#primaryimage","url":"https:\/\/noticiaempauta.com\/portal\/wp-content\/uploads\/2024\/09\/squestro-picos-780x470.jpg.webp","contentUrl":"https:\/\/noticiaempauta.com\/portal\/wp-content\/uploads\/2024\/09\/squestro-picos-780x470.jpg.webp","width":780,"height":470},{"@type":"BreadcrumbList","@id":"https:\/\/noticiaempauta.com\/portal\/mulher-que-ficou-desaparecida-por-mais-de-36-horas-revela-a-policia-que-foi-sequestrada-e-agredida-em-picos\/#breadcrumb","itemListElement":[{"@type":"ListItem","position":1,"name":"P\u00e1gina Inicial","item":"https:\/\/noticiaempauta.com\/portal\/"},{"@type":"ListItem","position":2,"name":"Destaques","item":"https:\/\/noticiaempauta.com\/portal\/destaques-site\/"},{"@type":"ListItem","position":3,"name":"Mulher que ficou desaparecida por mais de 36 horas revela \u00e0 pol\u00edcia que foi sequestrada e agredida em Picos"}]},{"@type":"WebSite","@id":"https:\/\/noticiaempauta.com\/portal\/#website","url":"https:\/\/noticiaempauta.com\/portal\/","name":"Portal Not\u00edcia em Pauta","description":"Voc\u00ea bem informado","publisher":{"@id":"https:\/\/noticiaempauta.com\/portal\/#organization"},"potentialAction":[{"@type":"SearchAction","target":{"@type":"EntryPoint","urlTemplate":"https:\/\/noticiaempauta.com\/portal\/?s={search_term_string}"},"query-input":{"@type":"PropertyValueSpecification","valueRequired":true,"valueName":"search_term_string"}}],"inLanguage":"pt-BR"},{"@type":"Organization","@id":"https:\/\/noticiaempauta.com\/portal\/#organization","name":"Portal Not\u00edcia em Pauta","url":"https:\/\/noticiaempauta.com\/portal\/","logo":{"@type":"ImageObject","inLanguage":"pt-BR","@id":"https:\/\/noticiaempauta.com\/portal\/#\/schema\/logo\/image\/","url":"https:\/\/noticiaempauta.com\/portal\/wp-content\/uploads\/2022\/08\/logomarca_tema.fw_.png","contentUrl":"https:\/\/noticiaempauta.com\/portal\/wp-content\/uploads\/2022\/08\/logomarca_tema.fw_.png","width":400,"height":232,"caption":"Portal Not\u00edcia em Pauta"},"image":{"@id":"https:\/\/noticiaempauta.com\/portal\/#\/schema\/logo\/image\/"},"sameAs":["https:\/\/www.facebook.com\/Portal-Notcia-Em-Pauta-102292869264820\/","https:\/\/www.instagram.com\/portalnoticiaempauta\/"]},{"@type":"Person","@id":"https:\/\/noticiaempauta.com\/portal\/#\/schema\/person\/a74af43dd1ab3deca45f988c717d57ac","name":"Reda\u00e7\u00e3o","image":{"@type":"ImageObject","inLanguage":"pt-BR","@id":"https:\/\/noticiaempauta.com\/portal\/#\/schema\/person\/image\/","url":"https:\/\/secure.gravatar.com\/avatar\/03179346ecce6cdfc13361603e8f54242a90e5cde8618fa23c5c00aa2b0aadf3?s=96&d=mm&r=g","contentUrl":"https:\/\/secure.gravatar.com\/avatar\/03179346ecce6cdfc13361603e8f54242a90e5cde8618fa23c5c00aa2b0aadf3?s=96&d=mm&r=g","caption":"Reda\u00e7\u00e3o"},"sameAs":["https:\/\/noticiaempauta.com\/portal\/"],"url":"https:\/\/noticiaempauta.com\/portal\/author\/fernando\/"}]}},"_links":{"self":[{"href":"https:\/\/noticiaempauta.com\/portal\/wp-json\/wp\/v2\/posts\/262142","targetHints":{"allow":["GET"]}}],"collection":[{"href":"https:\/\/noticiaempauta.com\/portal\/wp-json\/wp\/v2\/posts"}],"about":[{"href":"https:\/\/noticiaempauta.com\/portal\/wp-json\/wp\/v2\/types\/post"}],"author":[{"embeddable":true,"href":"https:\/\/noticiaempauta.com\/portal\/wp-json\/wp\/v2\/users\/2"}],"replies":[{"embeddable":true,"href":"https:\/\/noticiaempauta.com\/portal\/wp-json\/wp\/v2\/comments?post=262142"}],"version-history":[{"count":2,"href":"https:\/\/noticiaempauta.com\/portal\/wp-json\/wp\/v2\/posts\/262142\/revisions"}],"predecessor-version":[{"id":262145,"href":"https:\/\/noticiaempauta.com\/portal\/wp-json\/wp\/v2\/posts\/262142\/revisions\/262145"}],"wp:featuredmedia":[{"embeddable":true,"href":"https:\/\/noticiaempauta.com\/portal\/wp-json\/wp\/v2\/media\/262143"}],"wp:attachment":[{"href":"https:\/\/noticiaempauta.com\/portal\/wp-json\/wp\/v2\/media?parent=262142"}],"wp:term":[{"taxonomy":"category","embeddable":true,"href":"https:\/\/noticiaempauta.com\/portal\/wp-json\/wp\/v2\/categories?post=262142"},{"taxonomy":"post_tag","embeddable":true,"href":"https:\/\/noticiaempauta.com\/portal\/wp-json\/wp\/v2\/tags?post=262142"}],"curies":[{"name":"wp","href":"https:\/\/api.w.org\/{rel}","templated":true}]}}