{"id":262176,"date":"2024-09-18T09:43:40","date_gmt":"2024-09-18T12:43:40","guid":{"rendered":"https:\/\/noticiaempauta.com\/portal\/?p=262176"},"modified":"2024-09-18T09:43:41","modified_gmt":"2024-09-18T12:43:41","slug":"pesquisa-quaest-nunes-boulos-e-marcal-tem-empate-tecnico-apos-cadeirada","status":"publish","type":"post","link":"https:\/\/noticiaempauta.com\/portal\/pesquisa-quaest-nunes-boulos-e-marcal-tem-empate-tecnico-apos-cadeirada\/","title":{"rendered":"Pesquisa Quaest: Nunes, Boulos e Mar\u00e7al t\u00eam empate t\u00e9cnico ap\u00f3s cadeirada"},"content":{"rendered":"\n<p>A\u00a0<strong>pesquisa Quaest<\/strong>\u00a0divulgada nesta quarta-feira (18) mostra um\u00a0<a href=\"https:\/\/www.meionews.com\/\" target=\"_blank\" rel=\"noreferrer noopener\"><strong>empate t\u00e9cnico entre os candidatos \u00e0 Prefeitura de S\u00e3o Paulo<\/strong><\/a>: Ricardo Nunes (MDB) com 24%, Guilherme Boulos (PSOL) com 23% e Pablo Mar\u00e7al (PRTB) com 20%.\u00a0<\/p>\n\n\n\n<p><strong>Esta \u00e9 a primeira pesquisa desde o incidente de Mar\u00e7al com Datena<\/strong>&nbsp;no debate da TV Cultura. Comparado \u00e0 pesquisa anterior, Mar\u00e7al caiu 3 pontos (dentro da margem de erro), Boulos subiu 2 pontos, e Nunes manteve seu n\u00famero. Veja os n\u00fameros:<\/p>\n\n\n\n<ul class=\"wp-block-list\">\n<li>Ricardo Nunes (MDB): 24% (eram 24% na pesquisa do dia 11 de setembro)<\/li>\n\n\n\n<li>Guilherme Boulos (PSOL): 23% (eram 21%)<\/li>\n\n\n\n<li>Pablo Mar\u00e7al (PRTB): 20% (eram 23%)<\/li>\n\n\n\n<li>Jos\u00e9 Luiz Datena (PSDB): 10% (eram 8%)<\/li>\n\n\n\n<li>Tabata Amaral (PSB): 7% (eram 8%)<\/li>\n\n\n\n<li>Marina Helena (Novo): 2% (eram 2%)<\/li>\n\n\n\n<li>Bebeto Haddad (Democracia Crist\u00e3): 0% (era 1%)<\/li>\n\n\n\n<li>Jo\u00e3o Pimenta (PCO): 0% (era 0%)<\/li>\n\n\n\n<li>Ricardo Senese (Unidade Popular): 0% (era 0%)<\/li>\n\n\n\n<li>Altino Prazeres (PSTU): n\u00e3o pontuou (era 0%)<\/li>\n\n\n\n<li>Indecisos: (eram 5%)<\/li>\n\n\n\n<li>Branco\/nulo\/n\u00e3o vai votar: (eram 8%)<\/li>\n<\/ul>\n\n\n\n<p><strong>A&nbsp;<\/strong><a href=\"https:\/\/www.meionews.com\/\" target=\"_blank\" rel=\"noreferrer noopener\"><strong>pesquisa, encomendada pela TV Globo<\/strong><\/a>&nbsp;e r<strong>egistrada no TSE sob o protocolo SP-00281\/2024<\/strong>, tem uma margem de erro de 3 pontos percentuais e ouviu 1.200 pessoas entre 15 e 17 de setembro, com um n\u00edvel de confian\u00e7a de 95%.<\/p>\n\n\n\n<p>Felipe Nunes, diretor da Quaest, observou que a&nbsp;<strong>pesquisa indica uma revers\u00e3o na tend\u00eancia de crescimento de Mar\u00e7al<\/strong>, que havia apresentado oscila\u00e7\u00f5es positivas nas \u00faltimas tr\u00eas pesquisas (11% em junho, 13% em julho, 19% em agosto, 23% em 11 de setembro e 20% agora). Por outro lado, Datena reverteu sua tend\u00eancia de queda, passando de 18% em junho para 19% em julho e caindo para 12% em agosto e 8% em setembro.<\/p>\n\n\n\n<h2 class=\"wp-block-heading\">SEGUNDO TURNO<\/h2>\n\n\n\n<p><strong>Num eventual segundo turno<\/strong>, Nunes (MDB) venceria tanto Boulos quanto Mar\u00e7al. Numa disputa entre Boulos e Mar\u00e7al, a pesquisa indica que o empate t\u00e9cnico entre os dois permanece.<\/p>\n\n\n\n<h2 class=\"wp-block-heading\">NUNES X BOULOS<\/h2>\n\n\n\n<p>Nunes oscilou 2 pontos para baixo (dentro da margem de erro) e Boulos, 2 pontos para cima.<\/p>\n\n\n\n<ul class=\"wp-block-list\">\n<li>Nunes (MDB): 46% (era 48%)<\/li>\n\n\n\n<li>Boulos (PSOL): 35% (era 33%)<\/li>\n\n\n\n<li>Nulo, branco ou n\u00e3o votaria em nenhum: 13% (era 13%)<\/li>\n\n\n\n<li>Indecisos: 6% (era 6%)<\/li>\n<\/ul>\n\n\n\n<h2 class=\"wp-block-heading\">NUNES X MAR\u00c7AL<\/h2>\n\n\n\n<p>Nunes e Mar\u00e7al oscilaram 3 para baixo cada um, e os que declararam que votariam nulo, branco ou em nenhum, 5 pontos para cima.<\/p>\n\n\n\n<ul class=\"wp-block-list\">\n<li>Nunes (MDB): 47% (era 50%)<\/li>\n\n\n\n<li>Mar\u00e7al (PRTB): 27% (era 30%)<\/li>\n\n\n\n<li>Nulo, branco ou n\u00e3o votaria em nenhum: 20% (era 15%)<\/li>\n\n\n\n<li>Indecisos: 6% (era 5%)<\/li>\n<\/ul>\n\n\n\n<h2 class=\"wp-block-heading\">BOULOS X MAR\u00c7AL<\/h2>\n\n\n\n<p>Boulos oscilou 2 pontos para cima e Mar\u00e7al, 3 pontos para baixo.<\/p>\n\n\n\n<ul class=\"wp-block-list\">\n<li>Boulos (PSOL): 42% (era 40%)<\/li>\n\n\n\n<li>Mar\u00e7al (PRTB): 36% (era 39%)<\/li>\n\n\n\n<li>Nulo, branco ou n\u00e3o votaria em nenhum: 17% (era 17%)<\/li>\n\n\n\n<li>Indecisos: 5% (era 5%)<\/li>\n<\/ul>\n\n\n\n<h2 class=\"wp-block-heading\">CONHECIMENTO E REJEI\u00c7\u00c3O<\/h2>\n\n\n\n<p>Desde a pesquisa anterior, as&nbsp;<strong>rejei\u00e7\u00f5es de Nunes e Boulos diminu\u00edram 3 e 2 pontos<\/strong>, respectivamente, dentro da margem de erro. J\u00e1 a rejei\u00e7\u00e3o de Mar\u00e7al aumentou 4 pontos. Veja os n\u00fameros:<\/p>\n\n\n\n<p><strong>Nunes (MDB)<\/strong><\/p>\n\n\n\n<ul class=\"wp-block-list\">\n<li>Conhece e votaria: 50% (era 51%)<\/li>\n\n\n\n<li>Conhece e n\u00e3o votaria (rejei\u00e7\u00e3o): 37% (era 34%)<\/li>\n\n\n\n<li>N\u00e3o conhece: 10% (era 13%)<\/li>\n\n\n\n<li>N\u00e3o sabe, n\u00e3o respondeu: 3% (era 2%)<\/li>\n<\/ul>\n\n\n\n<p><strong>Boulos (PSOL)<\/strong><\/p>\n\n\n\n<ul class=\"wp-block-list\">\n<li>Conhece e votaria: 37% (era 35%)<\/li>\n\n\n\n<li>Conhece e n\u00e3o votaria: 46% (era 48%)<\/li>\n\n\n\n<li>N\u00e3o conhece: 15% (era 15%)<\/li>\n\n\n\n<li>N\u00e3o sabe, n\u00e3o respondeu: 2% (era 2%)<\/li>\n<\/ul>\n\n\n\n<p><strong>Mar\u00e7al (PRTB)<\/strong><\/p>\n\n\n\n<ul class=\"wp-block-list\">\n<li>Conhece e votaria: 36% (era 34%)<\/li>\n\n\n\n<li>Conhece e n\u00e3o votaria: 41% (era 45%)<\/li>\n\n\n\n<li>N\u00e3o conhece: 21% (era 19%)<\/li>\n\n\n\n<li>N\u00e3o sabe, n\u00e3o respondeu: 2% (era 1%)<\/li>\n<\/ul>\n\n\n\n<p><\/p>\n\n\n\n<p><strong><em>Fonte: Meio News<\/em><\/strong><\/p>\n","protected":false},"excerpt":{"rendered":"<p>A\u00a0pesquisa Quaest\u00a0divulgada nesta quarta-feira (18) mostra um\u00a0empate t\u00e9cnico entre os candidatos \u00e0 Prefeitura de S\u00e3o Paulo: Ricardo Nunes (MDB) com 24%, Guilherme Boulos (PSOL) com 23% e Pablo Mar\u00e7al (PRTB) com 20%.\u00a0 Esta \u00e9 a primeira pesquisa desde o incidente de Mar\u00e7al com Datena&nbsp;no debate da TV Cultura. Comparado \u00e0 pesquisa anterior, Mar\u00e7al caiu 3 [&hellip;]<\/p>\n","protected":false},"author":2,"featured_media":262177,"comment_status":"open","ping_status":"open","sticky":false,"template":"","format":"standard","meta":{"_mi_skip_tracking":false,"footnotes":""},"categories":[25,1,3,16],"tags":[192],"class_list":["post-262176","post","type-post","status-publish","format-standard","has-post-thumbnail","hentry","category-destaques-site","category-geral","category-politica","category-todas","tag-destaqueprincipal"],"acf":[],"yoast_head":"<!-- This site is optimized with the Yoast SEO Premium plugin v19.2 (Yoast SEO v26.9) - https:\/\/yoast.com\/product\/yoast-seo-premium-wordpress\/ -->\n<title>Pesquisa Quaest: Nunes, Boulos e Mar\u00e7al t\u00eam empate t\u00e9cnico ap\u00f3s cadeirada - Portal Not\u00edcia em Pauta<\/title>\n<meta name=\"robots\" content=\"index, follow, max-snippet:-1, max-image-preview:large, max-video-preview:-1\" \/>\n<link rel=\"canonical\" href=\"https:\/\/noticiaempauta.com\/portal\/pesquisa-quaest-nunes-boulos-e-marcal-tem-empate-tecnico-apos-cadeirada\/\" \/>\n<meta property=\"og:locale\" content=\"pt_BR\" \/>\n<meta property=\"og:type\" content=\"article\" \/>\n<meta property=\"og:title\" content=\"Pesquisa Quaest: Nunes, Boulos e Mar\u00e7al t\u00eam empate t\u00e9cnico ap\u00f3s cadeirada\" \/>\n<meta property=\"og:description\" content=\"A\u00a0pesquisa Quaest\u00a0divulgada nesta quarta-feira (18) mostra um\u00a0empate t\u00e9cnico entre os candidatos \u00e0 Prefeitura de S\u00e3o Paulo: Ricardo Nunes (MDB) com 24%, Guilherme Boulos (PSOL) com 23% e Pablo Mar\u00e7al (PRTB) com 20%.\u00a0 Esta \u00e9 a primeira pesquisa desde o incidente de Mar\u00e7al com Datena&nbsp;no debate da TV Cultura. Comparado \u00e0 pesquisa anterior, Mar\u00e7al caiu 3 [&hellip;]\" \/>\n<meta property=\"og:url\" content=\"https:\/\/noticiaempauta.com\/portal\/pesquisa-quaest-nunes-boulos-e-marcal-tem-empate-tecnico-apos-cadeirada\/\" \/>\n<meta property=\"og:site_name\" content=\"Portal Not\u00edcia em Pauta\" \/>\n<meta property=\"article:publisher\" content=\"https:\/\/www.facebook.com\/Portal-Notcia-Em-Pauta-102292869264820\/\" \/>\n<meta property=\"article:published_time\" content=\"2024-09-18T12:43:40+00:00\" \/>\n<meta property=\"article:modified_time\" content=\"2024-09-18T12:43:41+00:00\" \/>\n<meta property=\"og:image\" content=\"https:\/\/noticiaempauta.com\/portal\/wp-content\/uploads\/2024\/09\/pesquisa-quaest-nunes-boulos-e-marcal-tem-empate-tecnico-apos-cadeirada-369c0a39-36c6-4bfe-89cb-868ad0a9989f.jpg.webp\" \/>\n\t<meta property=\"og:image:width\" content=\"1200\" \/>\n\t<meta property=\"og:image:height\" content=\"801\" \/>\n\t<meta property=\"og:image:type\" content=\"image\/webp\" \/>\n<meta name=\"author\" content=\"Reda\u00e7\u00e3o\" \/>\n<meta name=\"twitter:card\" content=\"summary_large_image\" \/>\n<meta name=\"twitter:label1\" content=\"Escrito por\" \/>\n\t<meta name=\"twitter:data1\" content=\"Reda\u00e7\u00e3o\" \/>\n\t<meta name=\"twitter:label2\" content=\"Est. tempo de leitura\" \/>\n\t<meta name=\"twitter:data2\" content=\"4 minutos\" \/>\n<script type=\"application\/ld+json\" class=\"yoast-schema-graph\">{\"@context\":\"https:\/\/schema.org\",\"@graph\":[{\"@type\":\"Article\",\"@id\":\"https:\/\/noticiaempauta.com\/portal\/pesquisa-quaest-nunes-boulos-e-marcal-tem-empate-tecnico-apos-cadeirada\/#article\",\"isPartOf\":{\"@id\":\"https:\/\/noticiaempauta.com\/portal\/pesquisa-quaest-nunes-boulos-e-marcal-tem-empate-tecnico-apos-cadeirada\/\"},\"author\":{\"name\":\"Reda\u00e7\u00e3o\",\"@id\":\"https:\/\/noticiaempauta.com\/portal\/#\/schema\/person\/a74af43dd1ab3deca45f988c717d57ac\"},\"headline\":\"Pesquisa Quaest: Nunes, Boulos e Mar\u00e7al t\u00eam empate t\u00e9cnico ap\u00f3s cadeirada\",\"datePublished\":\"2024-09-18T12:43:40+00:00\",\"dateModified\":\"2024-09-18T12:43:41+00:00\",\"mainEntityOfPage\":{\"@id\":\"https:\/\/noticiaempauta.com\/portal\/pesquisa-quaest-nunes-boulos-e-marcal-tem-empate-tecnico-apos-cadeirada\/\"},\"wordCount\":522,\"commentCount\":0,\"publisher\":{\"@id\":\"https:\/\/noticiaempauta.com\/portal\/#organization\"},\"image\":{\"@id\":\"https:\/\/noticiaempauta.com\/portal\/pesquisa-quaest-nunes-boulos-e-marcal-tem-empate-tecnico-apos-cadeirada\/#primaryimage\"},\"thumbnailUrl\":\"https:\/\/noticiaempauta.com\/portal\/wp-content\/uploads\/2024\/09\/pesquisa-quaest-nunes-boulos-e-marcal-tem-empate-tecnico-apos-cadeirada-369c0a39-36c6-4bfe-89cb-868ad0a9989f.jpg.webp\",\"keywords\":[\"destaqueprincipal\"],\"articleSection\":[\"Destaques\",\"Geral\",\"Pol\u00edtica\",\"Todas as Not\u00edcias\"],\"inLanguage\":\"pt-BR\",\"potentialAction\":[{\"@type\":\"CommentAction\",\"name\":\"Comment\",\"target\":[\"https:\/\/noticiaempauta.com\/portal\/pesquisa-quaest-nunes-boulos-e-marcal-tem-empate-tecnico-apos-cadeirada\/#respond\"]}]},{\"@type\":\"WebPage\",\"@id\":\"https:\/\/noticiaempauta.com\/portal\/pesquisa-quaest-nunes-boulos-e-marcal-tem-empate-tecnico-apos-cadeirada\/\",\"url\":\"https:\/\/noticiaempauta.com\/portal\/pesquisa-quaest-nunes-boulos-e-marcal-tem-empate-tecnico-apos-cadeirada\/\",\"name\":\"Pesquisa Quaest: Nunes, Boulos e Mar\u00e7al t\u00eam empate t\u00e9cnico ap\u00f3s cadeirada - Portal Not\u00edcia em Pauta\",\"isPartOf\":{\"@id\":\"https:\/\/noticiaempauta.com\/portal\/#website\"},\"primaryImageOfPage\":{\"@id\":\"https:\/\/noticiaempauta.com\/portal\/pesquisa-quaest-nunes-boulos-e-marcal-tem-empate-tecnico-apos-cadeirada\/#primaryimage\"},\"image\":{\"@id\":\"https:\/\/noticiaempauta.com\/portal\/pesquisa-quaest-nunes-boulos-e-marcal-tem-empate-tecnico-apos-cadeirada\/#primaryimage\"},\"thumbnailUrl\":\"https:\/\/noticiaempauta.com\/portal\/wp-content\/uploads\/2024\/09\/pesquisa-quaest-nunes-boulos-e-marcal-tem-empate-tecnico-apos-cadeirada-369c0a39-36c6-4bfe-89cb-868ad0a9989f.jpg.webp\",\"datePublished\":\"2024-09-18T12:43:40+00:00\",\"dateModified\":\"2024-09-18T12:43:41+00:00\",\"breadcrumb\":{\"@id\":\"https:\/\/noticiaempauta.com\/portal\/pesquisa-quaest-nunes-boulos-e-marcal-tem-empate-tecnico-apos-cadeirada\/#breadcrumb\"},\"inLanguage\":\"pt-BR\",\"potentialAction\":[{\"@type\":\"ReadAction\",\"target\":[\"https:\/\/noticiaempauta.com\/portal\/pesquisa-quaest-nunes-boulos-e-marcal-tem-empate-tecnico-apos-cadeirada\/\"]}]},{\"@type\":\"ImageObject\",\"inLanguage\":\"pt-BR\",\"@id\":\"https:\/\/noticiaempauta.com\/portal\/pesquisa-quaest-nunes-boulos-e-marcal-tem-empate-tecnico-apos-cadeirada\/#primaryimage\",\"url\":\"https:\/\/noticiaempauta.com\/portal\/wp-content\/uploads\/2024\/09\/pesquisa-quaest-nunes-boulos-e-marcal-tem-empate-tecnico-apos-cadeirada-369c0a39-36c6-4bfe-89cb-868ad0a9989f.jpg.webp\",\"contentUrl\":\"https:\/\/noticiaempauta.com\/portal\/wp-content\/uploads\/2024\/09\/pesquisa-quaest-nunes-boulos-e-marcal-tem-empate-tecnico-apos-cadeirada-369c0a39-36c6-4bfe-89cb-868ad0a9989f.jpg.webp\",\"width\":1200,\"height\":801},{\"@type\":\"BreadcrumbList\",\"@id\":\"https:\/\/noticiaempauta.com\/portal\/pesquisa-quaest-nunes-boulos-e-marcal-tem-empate-tecnico-apos-cadeirada\/#breadcrumb\",\"itemListElement\":[{\"@type\":\"ListItem\",\"position\":1,\"name\":\"P\u00e1gina Inicial\",\"item\":\"https:\/\/noticiaempauta.com\/portal\/\"},{\"@type\":\"ListItem\",\"position\":2,\"name\":\"Destaques\",\"item\":\"https:\/\/noticiaempauta.com\/portal\/destaques-site\/\"},{\"@type\":\"ListItem\",\"position\":3,\"name\":\"Pesquisa Quaest: Nunes, Boulos e Mar\u00e7al t\u00eam empate t\u00e9cnico ap\u00f3s cadeirada\"}]},{\"@type\":\"WebSite\",\"@id\":\"https:\/\/noticiaempauta.com\/portal\/#website\",\"url\":\"https:\/\/noticiaempauta.com\/portal\/\",\"name\":\"Portal Not\u00edcia em Pauta\",\"description\":\"Voc\u00ea bem informado\",\"publisher\":{\"@id\":\"https:\/\/noticiaempauta.com\/portal\/#organization\"},\"potentialAction\":[{\"@type\":\"SearchAction\",\"target\":{\"@type\":\"EntryPoint\",\"urlTemplate\":\"https:\/\/noticiaempauta.com\/portal\/?s={search_term_string}\"},\"query-input\":{\"@type\":\"PropertyValueSpecification\",\"valueRequired\":true,\"valueName\":\"search_term_string\"}}],\"inLanguage\":\"pt-BR\"},{\"@type\":\"Organization\",\"@id\":\"https:\/\/noticiaempauta.com\/portal\/#organization\",\"name\":\"Portal Not\u00edcia em Pauta\",\"url\":\"https:\/\/noticiaempauta.com\/portal\/\",\"logo\":{\"@type\":\"ImageObject\",\"inLanguage\":\"pt-BR\",\"@id\":\"https:\/\/noticiaempauta.com\/portal\/#\/schema\/logo\/image\/\",\"url\":\"https:\/\/noticiaempauta.com\/portal\/wp-content\/uploads\/2022\/08\/logomarca_tema.fw_.png\",\"contentUrl\":\"https:\/\/noticiaempauta.com\/portal\/wp-content\/uploads\/2022\/08\/logomarca_tema.fw_.png\",\"width\":400,\"height\":232,\"caption\":\"Portal Not\u00edcia em Pauta\"},\"image\":{\"@id\":\"https:\/\/noticiaempauta.com\/portal\/#\/schema\/logo\/image\/\"},\"sameAs\":[\"https:\/\/www.facebook.com\/Portal-Notcia-Em-Pauta-102292869264820\/\",\"https:\/\/www.instagram.com\/portalnoticiaempauta\/\"]},{\"@type\":\"Person\",\"@id\":\"https:\/\/noticiaempauta.com\/portal\/#\/schema\/person\/a74af43dd1ab3deca45f988c717d57ac\",\"name\":\"Reda\u00e7\u00e3o\",\"image\":{\"@type\":\"ImageObject\",\"inLanguage\":\"pt-BR\",\"@id\":\"https:\/\/noticiaempauta.com\/portal\/#\/schema\/person\/image\/\",\"url\":\"https:\/\/secure.gravatar.com\/avatar\/03179346ecce6cdfc13361603e8f54242a90e5cde8618fa23c5c00aa2b0aadf3?s=96&d=mm&r=g\",\"contentUrl\":\"https:\/\/secure.gravatar.com\/avatar\/03179346ecce6cdfc13361603e8f54242a90e5cde8618fa23c5c00aa2b0aadf3?s=96&d=mm&r=g\",\"caption\":\"Reda\u00e7\u00e3o\"},\"sameAs\":[\"https:\/\/noticiaempauta.com\/portal\/\"],\"url\":\"https:\/\/noticiaempauta.com\/portal\/author\/fernando\/\"}]}<\/script>\n<!-- \/ Yoast SEO Premium plugin. -->","yoast_head_json":{"title":"Pesquisa Quaest: Nunes, Boulos e Mar\u00e7al t\u00eam empate t\u00e9cnico ap\u00f3s cadeirada - Portal Not\u00edcia em Pauta","robots":{"index":"index","follow":"follow","max-snippet":"max-snippet:-1","max-image-preview":"max-image-preview:large","max-video-preview":"max-video-preview:-1"},"canonical":"https:\/\/noticiaempauta.com\/portal\/pesquisa-quaest-nunes-boulos-e-marcal-tem-empate-tecnico-apos-cadeirada\/","og_locale":"pt_BR","og_type":"article","og_title":"Pesquisa Quaest: Nunes, Boulos e Mar\u00e7al t\u00eam empate t\u00e9cnico ap\u00f3s cadeirada","og_description":"A\u00a0pesquisa Quaest\u00a0divulgada nesta quarta-feira (18) mostra um\u00a0empate t\u00e9cnico entre os candidatos \u00e0 Prefeitura de S\u00e3o Paulo: Ricardo Nunes (MDB) com 24%, Guilherme Boulos (PSOL) com 23% e Pablo Mar\u00e7al (PRTB) com 20%.\u00a0 Esta \u00e9 a primeira pesquisa desde o incidente de Mar\u00e7al com Datena&nbsp;no debate da TV Cultura. Comparado \u00e0 pesquisa anterior, Mar\u00e7al caiu 3 [&hellip;]","og_url":"https:\/\/noticiaempauta.com\/portal\/pesquisa-quaest-nunes-boulos-e-marcal-tem-empate-tecnico-apos-cadeirada\/","og_site_name":"Portal Not\u00edcia em Pauta","article_publisher":"https:\/\/www.facebook.com\/Portal-Notcia-Em-Pauta-102292869264820\/","article_published_time":"2024-09-18T12:43:40+00:00","article_modified_time":"2024-09-18T12:43:41+00:00","og_image":[{"width":1200,"height":801,"url":"https:\/\/noticiaempauta.com\/portal\/wp-content\/uploads\/2024\/09\/pesquisa-quaest-nunes-boulos-e-marcal-tem-empate-tecnico-apos-cadeirada-369c0a39-36c6-4bfe-89cb-868ad0a9989f.jpg.webp","type":"image\/webp"}],"author":"Reda\u00e7\u00e3o","twitter_card":"summary_large_image","twitter_misc":{"Escrito por":"Reda\u00e7\u00e3o","Est. tempo de leitura":"4 minutos"},"schema":{"@context":"https:\/\/schema.org","@graph":[{"@type":"Article","@id":"https:\/\/noticiaempauta.com\/portal\/pesquisa-quaest-nunes-boulos-e-marcal-tem-empate-tecnico-apos-cadeirada\/#article","isPartOf":{"@id":"https:\/\/noticiaempauta.com\/portal\/pesquisa-quaest-nunes-boulos-e-marcal-tem-empate-tecnico-apos-cadeirada\/"},"author":{"name":"Reda\u00e7\u00e3o","@id":"https:\/\/noticiaempauta.com\/portal\/#\/schema\/person\/a74af43dd1ab3deca45f988c717d57ac"},"headline":"Pesquisa Quaest: Nunes, Boulos e Mar\u00e7al t\u00eam empate t\u00e9cnico ap\u00f3s cadeirada","datePublished":"2024-09-18T12:43:40+00:00","dateModified":"2024-09-18T12:43:41+00:00","mainEntityOfPage":{"@id":"https:\/\/noticiaempauta.com\/portal\/pesquisa-quaest-nunes-boulos-e-marcal-tem-empate-tecnico-apos-cadeirada\/"},"wordCount":522,"commentCount":0,"publisher":{"@id":"https:\/\/noticiaempauta.com\/portal\/#organization"},"image":{"@id":"https:\/\/noticiaempauta.com\/portal\/pesquisa-quaest-nunes-boulos-e-marcal-tem-empate-tecnico-apos-cadeirada\/#primaryimage"},"thumbnailUrl":"https:\/\/noticiaempauta.com\/portal\/wp-content\/uploads\/2024\/09\/pesquisa-quaest-nunes-boulos-e-marcal-tem-empate-tecnico-apos-cadeirada-369c0a39-36c6-4bfe-89cb-868ad0a9989f.jpg.webp","keywords":["destaqueprincipal"],"articleSection":["Destaques","Geral","Pol\u00edtica","Todas as Not\u00edcias"],"inLanguage":"pt-BR","potentialAction":[{"@type":"CommentAction","name":"Comment","target":["https:\/\/noticiaempauta.com\/portal\/pesquisa-quaest-nunes-boulos-e-marcal-tem-empate-tecnico-apos-cadeirada\/#respond"]}]},{"@type":"WebPage","@id":"https:\/\/noticiaempauta.com\/portal\/pesquisa-quaest-nunes-boulos-e-marcal-tem-empate-tecnico-apos-cadeirada\/","url":"https:\/\/noticiaempauta.com\/portal\/pesquisa-quaest-nunes-boulos-e-marcal-tem-empate-tecnico-apos-cadeirada\/","name":"Pesquisa Quaest: Nunes, Boulos e Mar\u00e7al t\u00eam empate t\u00e9cnico ap\u00f3s cadeirada - Portal Not\u00edcia em Pauta","isPartOf":{"@id":"https:\/\/noticiaempauta.com\/portal\/#website"},"primaryImageOfPage":{"@id":"https:\/\/noticiaempauta.com\/portal\/pesquisa-quaest-nunes-boulos-e-marcal-tem-empate-tecnico-apos-cadeirada\/#primaryimage"},"image":{"@id":"https:\/\/noticiaempauta.com\/portal\/pesquisa-quaest-nunes-boulos-e-marcal-tem-empate-tecnico-apos-cadeirada\/#primaryimage"},"thumbnailUrl":"https:\/\/noticiaempauta.com\/portal\/wp-content\/uploads\/2024\/09\/pesquisa-quaest-nunes-boulos-e-marcal-tem-empate-tecnico-apos-cadeirada-369c0a39-36c6-4bfe-89cb-868ad0a9989f.jpg.webp","datePublished":"2024-09-18T12:43:40+00:00","dateModified":"2024-09-18T12:43:41+00:00","breadcrumb":{"@id":"https:\/\/noticiaempauta.com\/portal\/pesquisa-quaest-nunes-boulos-e-marcal-tem-empate-tecnico-apos-cadeirada\/#breadcrumb"},"inLanguage":"pt-BR","potentialAction":[{"@type":"ReadAction","target":["https:\/\/noticiaempauta.com\/portal\/pesquisa-quaest-nunes-boulos-e-marcal-tem-empate-tecnico-apos-cadeirada\/"]}]},{"@type":"ImageObject","inLanguage":"pt-BR","@id":"https:\/\/noticiaempauta.com\/portal\/pesquisa-quaest-nunes-boulos-e-marcal-tem-empate-tecnico-apos-cadeirada\/#primaryimage","url":"https:\/\/noticiaempauta.com\/portal\/wp-content\/uploads\/2024\/09\/pesquisa-quaest-nunes-boulos-e-marcal-tem-empate-tecnico-apos-cadeirada-369c0a39-36c6-4bfe-89cb-868ad0a9989f.jpg.webp","contentUrl":"https:\/\/noticiaempauta.com\/portal\/wp-content\/uploads\/2024\/09\/pesquisa-quaest-nunes-boulos-e-marcal-tem-empate-tecnico-apos-cadeirada-369c0a39-36c6-4bfe-89cb-868ad0a9989f.jpg.webp","width":1200,"height":801},{"@type":"BreadcrumbList","@id":"https:\/\/noticiaempauta.com\/portal\/pesquisa-quaest-nunes-boulos-e-marcal-tem-empate-tecnico-apos-cadeirada\/#breadcrumb","itemListElement":[{"@type":"ListItem","position":1,"name":"P\u00e1gina Inicial","item":"https:\/\/noticiaempauta.com\/portal\/"},{"@type":"ListItem","position":2,"name":"Destaques","item":"https:\/\/noticiaempauta.com\/portal\/destaques-site\/"},{"@type":"ListItem","position":3,"name":"Pesquisa Quaest: Nunes, Boulos e Mar\u00e7al t\u00eam empate t\u00e9cnico ap\u00f3s cadeirada"}]},{"@type":"WebSite","@id":"https:\/\/noticiaempauta.com\/portal\/#website","url":"https:\/\/noticiaempauta.com\/portal\/","name":"Portal Not\u00edcia em Pauta","description":"Voc\u00ea bem informado","publisher":{"@id":"https:\/\/noticiaempauta.com\/portal\/#organization"},"potentialAction":[{"@type":"SearchAction","target":{"@type":"EntryPoint","urlTemplate":"https:\/\/noticiaempauta.com\/portal\/?s={search_term_string}"},"query-input":{"@type":"PropertyValueSpecification","valueRequired":true,"valueName":"search_term_string"}}],"inLanguage":"pt-BR"},{"@type":"Organization","@id":"https:\/\/noticiaempauta.com\/portal\/#organization","name":"Portal Not\u00edcia em Pauta","url":"https:\/\/noticiaempauta.com\/portal\/","logo":{"@type":"ImageObject","inLanguage":"pt-BR","@id":"https:\/\/noticiaempauta.com\/portal\/#\/schema\/logo\/image\/","url":"https:\/\/noticiaempauta.com\/portal\/wp-content\/uploads\/2022\/08\/logomarca_tema.fw_.png","contentUrl":"https:\/\/noticiaempauta.com\/portal\/wp-content\/uploads\/2022\/08\/logomarca_tema.fw_.png","width":400,"height":232,"caption":"Portal Not\u00edcia em Pauta"},"image":{"@id":"https:\/\/noticiaempauta.com\/portal\/#\/schema\/logo\/image\/"},"sameAs":["https:\/\/www.facebook.com\/Portal-Notcia-Em-Pauta-102292869264820\/","https:\/\/www.instagram.com\/portalnoticiaempauta\/"]},{"@type":"Person","@id":"https:\/\/noticiaempauta.com\/portal\/#\/schema\/person\/a74af43dd1ab3deca45f988c717d57ac","name":"Reda\u00e7\u00e3o","image":{"@type":"ImageObject","inLanguage":"pt-BR","@id":"https:\/\/noticiaempauta.com\/portal\/#\/schema\/person\/image\/","url":"https:\/\/secure.gravatar.com\/avatar\/03179346ecce6cdfc13361603e8f54242a90e5cde8618fa23c5c00aa2b0aadf3?s=96&d=mm&r=g","contentUrl":"https:\/\/secure.gravatar.com\/avatar\/03179346ecce6cdfc13361603e8f54242a90e5cde8618fa23c5c00aa2b0aadf3?s=96&d=mm&r=g","caption":"Reda\u00e7\u00e3o"},"sameAs":["https:\/\/noticiaempauta.com\/portal\/"],"url":"https:\/\/noticiaempauta.com\/portal\/author\/fernando\/"}]}},"_links":{"self":[{"href":"https:\/\/noticiaempauta.com\/portal\/wp-json\/wp\/v2\/posts\/262176","targetHints":{"allow":["GET"]}}],"collection":[{"href":"https:\/\/noticiaempauta.com\/portal\/wp-json\/wp\/v2\/posts"}],"about":[{"href":"https:\/\/noticiaempauta.com\/portal\/wp-json\/wp\/v2\/types\/post"}],"author":[{"embeddable":true,"href":"https:\/\/noticiaempauta.com\/portal\/wp-json\/wp\/v2\/users\/2"}],"replies":[{"embeddable":true,"href":"https:\/\/noticiaempauta.com\/portal\/wp-json\/wp\/v2\/comments?post=262176"}],"version-history":[{"count":2,"href":"https:\/\/noticiaempauta.com\/portal\/wp-json\/wp\/v2\/posts\/262176\/revisions"}],"predecessor-version":[{"id":262179,"href":"https:\/\/noticiaempauta.com\/portal\/wp-json\/wp\/v2\/posts\/262176\/revisions\/262179"}],"wp:featuredmedia":[{"embeddable":true,"href":"https:\/\/noticiaempauta.com\/portal\/wp-json\/wp\/v2\/media\/262177"}],"wp:attachment":[{"href":"https:\/\/noticiaempauta.com\/portal\/wp-json\/wp\/v2\/media?parent=262176"}],"wp:term":[{"taxonomy":"category","embeddable":true,"href":"https:\/\/noticiaempauta.com\/portal\/wp-json\/wp\/v2\/categories?post=262176"},{"taxonomy":"post_tag","embeddable":true,"href":"https:\/\/noticiaempauta.com\/portal\/wp-json\/wp\/v2\/tags?post=262176"}],"curies":[{"name":"wp","href":"https:\/\/api.w.org\/{rel}","templated":true}]}}