{"id":262195,"date":"2024-09-18T16:42:35","date_gmt":"2024-09-18T19:42:35","guid":{"rendered":"https:\/\/noticiaempauta.com\/portal\/?p=262195"},"modified":"2024-09-18T16:42:35","modified_gmt":"2024-09-18T19:42:35","slug":"divulgada-programacao-da-42-festa-de-sao-francisco-de-assis-no-bairro-junco","status":"publish","type":"post","link":"https:\/\/noticiaempauta.com\/portal\/divulgada-programacao-da-42-festa-de-sao-francisco-de-assis-no-bairro-junco\/","title":{"rendered":"Divulgada programa\u00e7\u00e3o da 42\u00b0 Festa de S\u00e3o Francisco de Assis no bairro Junco"},"content":{"rendered":"\n<p>A <strong>Par\u00f3quia de S\u00e3o Francisco de Assis<\/strong>, em Picos, realizou na manh\u00e3 desta segunda-feira, 16 de setembro, no Sal\u00e3o Paroquial, no Bairro Junco, uma coletiva de imprensa sobre o lan\u00e7amento da <strong>42\u00aa festa<\/strong> do Santo Padroeiro, com o tema<strong> \u201cS\u00e3o Francisco, modelo de ora\u00e7\u00e3o para a perfeita alegria\u201d<\/strong>.<\/p>\n\n\n\n<figure class=\"wp-block-image size-full\"><img fetchpriority=\"high\" decoding=\"async\" width=\"640\" height=\"427\" src=\"https:\/\/noticiaempauta.com\/portal\/wp-content\/uploads\/2024\/09\/DSC_020813.jpeg\" alt=\"\" class=\"wp-image-262201\" srcset=\"https:\/\/noticiaempauta.com\/portal\/wp-content\/uploads\/2024\/09\/DSC_020813.jpeg 640w, https:\/\/noticiaempauta.com\/portal\/wp-content\/uploads\/2024\/09\/DSC_020813-300x200.jpeg 300w\" sizes=\"(max-width: 640px) 100vw, 640px\" \/><\/figure>\n\n\n\n<p>O festejo de S\u00e3o Francisco de Assis iniciar\u00e1 no dia 25 de setembro com uma Alvorada Festiva, e encerrar\u00e1 no dia 04 de outubro com a Missa Solene.<\/p>\n\n\n\n<figure class=\"wp-block-image size-full\"><img decoding=\"async\" width=\"640\" height=\"427\" src=\"https:\/\/noticiaempauta.com\/portal\/wp-content\/uploads\/2024\/09\/PADRE.jpeg\" alt=\"\" class=\"wp-image-262200\" srcset=\"https:\/\/noticiaempauta.com\/portal\/wp-content\/uploads\/2024\/09\/PADRE.jpeg 640w, https:\/\/noticiaempauta.com\/portal\/wp-content\/uploads\/2024\/09\/PADRE-300x200.jpeg 300w\" sizes=\"(max-width: 640px) 100vw, 640px\" \/><\/figure>\n\n\n\n<p>Questionado sobre as novidades do festejo, o p\u00e1roco da igreja de S\u00e3o Francisco de Assis, <strong>Pe. Feliciano<\/strong>, deu destaque para a tem\u00e1tica da festa \u201cA cada ano a gente escolhe temas que est\u00e3o ligados ao que a Igreja ultimamente respira. Ent\u00e3o, n\u00f3s estamos em sintonia com a Igreja, esse aspecto da alegria ligado \u00e0 vida de S\u00e3o Francisco\u201d, disse Pe. Feliciano Dias.<\/p>\n\n\n\n<p>De acordo com o p\u00e1roco, a festa est\u00e1 sendo planejada h\u00e1 meses em colabora\u00e7\u00e3o com os membros da par\u00f3quia de S\u00e3o Francisco de Assis, incluindo os grupos e pastorais que est\u00e3o ativamente envolvidos na organiza\u00e7\u00e3o do evento.<\/p>\n\n\n\n<figure class=\"wp-block-image size-full\"><img decoding=\"async\" width=\"640\" height=\"427\" src=\"https:\/\/noticiaempauta.com\/portal\/wp-content\/uploads\/2024\/09\/DSC_023420.jpeg\" alt=\"\" class=\"wp-image-262199\" srcset=\"https:\/\/noticiaempauta.com\/portal\/wp-content\/uploads\/2024\/09\/DSC_023420.jpeg 640w, https:\/\/noticiaempauta.com\/portal\/wp-content\/uploads\/2024\/09\/DSC_023420-300x200.jpeg 300w\" sizes=\"(max-width: 640px) 100vw, 640px\" \/><\/figure>\n\n\n\n<p>Durante a programa\u00e7\u00e3o, haver\u00e1 um bingo que sortear\u00e1 uma moto, uma TV e uma passagem para a Excurs\u00e3o \u00b4S\u00e3o Miguel dos Milagres`, em Macei\u00f3. Al\u00e9m disso, durante&nbsp; o festejo ir\u00e1 acontecer&nbsp;quermesses e vendas de camisetas, imagens e artigos religiosos para arrecadar fundos para a Igreja.<\/p>\n\n\n\n<figure class=\"wp-block-image size-full\"><img loading=\"lazy\" decoding=\"async\" width=\"640\" height=\"427\" src=\"https:\/\/noticiaempauta.com\/portal\/wp-content\/uploads\/2024\/09\/DSC_023315.jpeg\" alt=\"\" class=\"wp-image-262196\" srcset=\"https:\/\/noticiaempauta.com\/portal\/wp-content\/uploads\/2024\/09\/DSC_023315.jpeg 640w, https:\/\/noticiaempauta.com\/portal\/wp-content\/uploads\/2024\/09\/DSC_023315-300x200.jpeg 300w\" sizes=\"(max-width: 640px) 100vw, 640px\" \/><\/figure>\n\n\n\n<figure class=\"wp-block-image size-full\"><img loading=\"lazy\" decoding=\"async\" width=\"640\" height=\"427\" src=\"https:\/\/noticiaempauta.com\/portal\/wp-content\/uploads\/2024\/09\/DSC_023214.jpeg\" alt=\"\" class=\"wp-image-262197\" srcset=\"https:\/\/noticiaempauta.com\/portal\/wp-content\/uploads\/2024\/09\/DSC_023214.jpeg 640w, https:\/\/noticiaempauta.com\/portal\/wp-content\/uploads\/2024\/09\/DSC_023214-300x200.jpeg 300w\" sizes=\"(max-width: 640px) 100vw, 640px\" \/><\/figure>\n\n\n\n<figure class=\"wp-block-image size-full\"><img loading=\"lazy\" decoding=\"async\" width=\"640\" height=\"427\" src=\"https:\/\/noticiaempauta.com\/portal\/wp-content\/uploads\/2024\/09\/DSC_023214-1.jpeg\" alt=\"\" class=\"wp-image-262198\" srcset=\"https:\/\/noticiaempauta.com\/portal\/wp-content\/uploads\/2024\/09\/DSC_023214-1.jpeg 640w, https:\/\/noticiaempauta.com\/portal\/wp-content\/uploads\/2024\/09\/DSC_023214-1-300x200.jpeg 300w\" sizes=\"(max-width: 640px) 100vw, 640px\" \/><\/figure>\n\n\n\n<p><strong>Confira a baixo programa\u00e7\u00e3o completa dos festejos:\u00a0<\/strong><\/p>\n\n\n\n<p><strong>PROGRAMA\u00c7\u00c3O DO NOVEN\u00c1RIO<\/strong><\/p>\n\n\n\n<p><strong>PARA TODOS OS DIAS<\/strong><\/p>\n\n\n\n<p>12h&#8230;&#8230;&#8230;&#8230;.Of\u00edcio de S\u00e3o Francisco de Assis<\/p>\n\n\n\n<p>19h&#8230;&#8230;&#8230;&#8230;.Novena Missa<\/p>\n\n\n\n<p>20h30min&#8230;Quermesse<\/p>\n\n\n\n<p><strong>25\/09\/2024 (Quarta Feira)<\/strong><\/p>\n\n\n\n<p>04h30m \u2013 Alvorada Festiva<\/p>\n\n\n\n<p>05h00m \u2013 Prociss\u00e3o com a Imagem de S\u00e3o Francisco de Assis pelas ruas do Bairro, seguido de Hasteamento da Bandeira.<\/p>\n\n\n\n<p><strong>Percurso da prociss\u00e3o:&nbsp;<\/strong>Rua Coelho Neto, Rua Rui Barbosa, Travessa S\u00e3o Francisco, Rua Pedro Ev\u00eancio, Rua Joaquim Monteiro, Rua Presidente Castelo Branco, Rua Castro Alves, Av. Piau\u00ed.<\/p>\n\n\n\n<p>06h00m \u2013 Santa Missa transmitida pela R\u00e1dio Cultura FM, seguida de caf\u00e9 da manh\u00e3 partilhado.<\/p>\n\n\n\n<p>Pregador: Dom Pl\u00ednio Jos\u00e9 Luz da Silva<\/p>\n\n\n\n<p>12h \u2013 Of\u00edcio de S\u00e3o Francisco<\/p>\n\n\n\n<p>19h00m: Novena\/Missa<\/p>\n\n\n\n<p><strong>Pregador<\/strong>: Pe. Feliciano Dias e Di\u00e1cono Fernando Pereira<\/p>\n\n\n\n<p>Respons\u00e1veis: Secretaria Municipal de Educa\u00e7\u00e3o, Unidades Escolares: M\u00e1rio Martins, Miguel Lidiano e Urbano Maria Eul\u00e1lio, SESI Wilma Cat\u00e3o, Escola C\u00edvico Militar, Unidade Escolar Maria Gil, Valpara\u00edso, ECC (c\u00edrculos: 20 e 25)<\/p>\n\n\n\n<p><strong>26\/09\/2024 (Quinta Feira)<\/strong><\/p>\n\n\n\n<p>12h00m &#8211; Of\u00edcio de S\u00e3o Francisco<\/p>\n\n\n\n<p>14h \u00e0s 17h &#8211; Confiss\u00f5es auriculares<\/p>\n\n\n\n<p>19h00m &#8211; Novena\/Missa<\/p>\n\n\n\n<p><strong>Pregador:&nbsp;<\/strong>Pe. Sebasti\u00e3o Santos<\/p>\n\n\n\n<p><strong>Respons\u00e1veis:&nbsp;<\/strong>Ter\u00e7o dos homens, Legi\u00e3o de Maria, Comunidade do Instituto Monsenhor Hip\u00f3lito, Secretaria<\/p>\n\n\n\n<p>Municipal de Sa\u00fade, COHAB, Cipa\u00faba, Ponta D`agua, C\u00e1ritas Paroquial, Samambaia II, Ministros Extraordin\u00e1rios da Sagrada Comunh\u00e3o Eucar\u00edstica, Pastoral do Batismo, ECC (c\u00edrculos: 11\/29 e 34)<\/p>\n\n\n\n<p><strong>27\/09\/2024 (Sexta Feira)<\/strong><\/p>\n\n\n\n<p>12h00m &#8211; Of\u00edcio de S\u00e3o Francisco<\/p>\n\n\n\n<p>19h00m &#8211; Novena\/Missa<\/p>\n\n\n\n<p>Pregador: Pe. Carlos Danilo<\/p>\n\n\n\n<p><strong>Respons\u00e1veis:&nbsp;<\/strong>Ter\u00e7o das Mulheres, R\u00e1dio Cultura FM, Imprensa, PASCOM, Novo Hospital Regional de Picos, Centro de Terapia Renal, \u00c1rea Pastoral de Geminiano, ECC (c\u00edrculos: 15 e 39)<\/p>\n\n\n\n<p><strong>28\/09\/2024 (S\u00e1bado)<\/strong><\/p>\n\n\n\n<p>12h00m &#8211; Of\u00edcio de S\u00e3o Francisco<\/p>\n\n\n\n<p>19h00m &#8211; Novena\/Missa<\/p>\n\n\n\n<p>Pregador: Pe. Cl\u00e1udio Santana<\/p>\n\n\n\n<p>Respons\u00e1veis: M\u00e3e Rainha, Catavento, Lagoa Grande, Pastoral da Juventude, Comerciantes e Patrocinadores da Festa, Morro da AABB, Leigos Associados do Pequeno Projeto, Corpo de Bombeiros Militar, ECC (c\u00edrculos: 35, 32 e 38)<\/p>\n\n\n\n<p><strong>Neste dia, Grande Leil\u00e3o do Padroeiro.<\/strong><\/p>\n\n\n\n<p><strong>29\/09\/2024 (Domingo)<\/strong><\/p>\n\n\n\n<p>08h00m \u2013 Ben\u00e7\u00e3o dos animais, no Adro da Igreja Matriz do Junco<\/p>\n\n\n\n<p>12h00m &#8211; Of\u00edcio de S\u00e3o Francisco<\/p>\n\n\n\n<p>19h00m &#8211; Novena\/Missa<\/p>\n\n\n\n<p>Pregador: Pe. Francisco Ramires Barros Moura (Par\u00f3quia Imaculada Concei\u00e7\u00e3o, S\u00e3o Juli\u00e3o &#8211; PI)<\/p>\n\n\n\n<p>Respons\u00e1veis: Morrinhos, Malhada Grande, Paraibinha, Bugi dos Almondes, Condur\u00fa, Riacho Vermelho, Grupo das Capelinhas de Jesus das Santas Chagas, Amigos do Semin\u00e1rio, ECC (c\u00edrculos: 23, 28 e 37)<\/p>\n\n\n\n<p><strong>30\/09\/2024 (Segunda Feira)<\/strong><\/p>\n\n\n\n<p>12h00m &#8211; Of\u00edcio de S\u00e3o Francisco<\/p>\n\n\n\n<p>19h00m &#8211; Novena\/Missa<\/p>\n\n\n\n<p>Pregador: Pe. Jos\u00e9 Mairton<\/p>\n\n\n\n<p>Respons\u00e1veis: Grupo de Jovens REC (Reunidos em Cristo), Coroinhas, Capoterapia, Abrigo Joaquim Monteiro, CAPS AD, CAPS II, DNER, Grupo de Ora\u00e7\u00e3o S\u00e3o Jo\u00e3o Paulo II, Pastoral da Sa\u00fade, ECC (c\u00edrculos: 21 e 26)<\/p>\n\n\n\n<p><strong>01\/10\/2024 (Ter\u00e7a feira)<\/strong><\/p>\n\n\n\n<p>12h00m &#8211; Of\u00edcio de S\u00e3o Francisco<\/p>\n\n\n\n<p>19h00m &#8211; Novena\/Missa<\/p>\n\n\n\n<p>Pregador: Pe. Ferdiran Fontes<\/p>\n\n\n\n<p>Respons\u00e1veis: EJC, Movimentos Sociais (Rotary, Lions, LEO Club, C\u00edrculo Oper\u00e1rio de Picos), Pastoral da Pessoa Idosa, Samambaia I, Pastoral da Acolhida, Grupo Padre Pio, ECC (c\u00edrculos: 22 e 30)<\/p>\n\n\n\n<p><strong>02\/10\/2024 (Quarta Feira)<\/strong><\/p>\n\n\n\n<p>08h \u00e0s 11h &#8211; Confiss\u00f5es auriculares<\/p>\n\n\n\n<p>12h00m &#8211; Of\u00edcio de S\u00e3o Francisco<\/p>\n\n\n\n<p>14h \u00e0s 17h &#8211; Confiss\u00f5es auriculares<\/p>\n\n\n\n<p>19h00m &#8211; Novena\/Missa<\/p>\n\n\n\n<p>Pregador: Pe. Kleyton Vieira (Diocese de Oeiras)<\/p>\n\n\n\n<p>Respons\u00e1veis: Catequese, Parque de Exposi\u00e7\u00e3o, Pastoral Familiar, Pastoral do D\u00edzimo, Pastoral da Crian\u00e7a, Shalom, 3\u00ba BEC, 4\u00ba BPM, ECC (c\u00edrculos: 27 e 31)<\/p>\n\n\n\n<p><strong>03\/10\/2024 (Quinta Feira)<\/strong><\/p>\n\n\n\n<p>12h00m &#8211; Of\u00edcio de S\u00e3o Francisco<\/p>\n\n\n\n<p>19h00m &#8211; Novena\/Missa<\/p>\n\n\n\n<p>Pregador: Pe. Jos\u00e9 Pio Feitosa<\/p>\n\n\n\n<p>Respons\u00e1veis: Miss\u00e3o Maranath\u00e1, Pedrinhas, Jardim Natal, Apostolado da Ora\u00e7\u00e3o (Junco, DNER, Pantanal, COHAB, Igrejinha e S\u00e3o Jos\u00e9 Oper\u00e1rio), GEV e Fazenda da Esperan\u00e7a, ECC (c\u00edrculos: 33 e 36)<\/p>\n\n\n\n<p><strong>04\/10\/2024 (Sexta Feira)<\/strong><\/p>\n\n\n\n<p>04h30min: Of\u00edcio de S\u00e3o Francisco na Igreja Catedral, seguida de Prociss\u00e3o com a Imagem de S\u00e3o Francisco at\u00e9 a Igreja do Junco.<\/p>\n\n\n\n<p>07h00min: Missa Solene da Festa de S\u00e3o Francisco de Assis<\/p>\n\n\n\n<p>Pregador: Pe. Fl\u00e1vio de Sousa Santiago<\/p>\n\n\n\n<p>Respons\u00e1veis: Conselho de Pastoral e Econ\u00f4mico Paroquial<\/p>\n\n\n\n<p>17h00min: Missa de Encerramento. Em seguida, Prociss\u00e3o com a Imagem de S\u00e3o Francisco de Assis pelas ruas do bairro, B\u00ean\u00e7\u00e3o com o Sant\u00edssimo Sacramento e arreamento da bandeira<\/p>\n\n\n\n<p>Respons\u00e1veis: Pastoral Lit\u00fargica<\/p>\n\n\n\n<p><strong>Percurso da prociss\u00e3o:&nbsp;<\/strong>Rua Coelho Neto, Rua Rui Barbosa, Rua da Praia, Rua Dr. Antenor Neiva, Rua S\u00e3o Francisco, Rua Pedro Ev\u00eancio, Rua Joaquim Monteiro, Rua Presidente Castelo Branco, Rua Castro Alves, Av. Piau\u00ed.<\/p>\n\n\n\n<p>Fonte e Fotos: FolhaAtual<\/p>\n","protected":false},"excerpt":{"rendered":"<p>A Par\u00f3quia de S\u00e3o Francisco de Assis, em Picos, realizou na manh\u00e3 desta segunda-feira, 16 de setembro, no Sal\u00e3o Paroquial, no Bairro Junco, uma coletiva de imprensa sobre o lan\u00e7amento da 42\u00aa festa do Santo Padroeiro, com o tema \u201cS\u00e3o Francisco, modelo de ora\u00e7\u00e3o para a perfeita alegria\u201d. O festejo de S\u00e3o Francisco de Assis [&hellip;]<\/p>\n","protected":false},"author":2,"featured_media":262201,"comment_status":"open","ping_status":"open","sticky":false,"template":"","format":"standard","meta":{"_mi_skip_tracking":false,"footnotes":""},"categories":[25,1,8,16],"tags":[192],"class_list":["post-262195","post","type-post","status-publish","format-standard","has-post-thumbnail","hentry","category-destaques-site","category-geral","category-social","category-todas","tag-destaqueprincipal"],"acf":[],"yoast_head":"<!-- This site is optimized with the Yoast SEO Premium plugin v19.2 (Yoast SEO v26.9) - https:\/\/yoast.com\/product\/yoast-seo-premium-wordpress\/ -->\n<title>Divulgada programa\u00e7\u00e3o da 42\u00b0 Festa de S\u00e3o Francisco de Assis no bairro Junco - Portal Not\u00edcia em Pauta<\/title>\n<meta name=\"robots\" content=\"index, follow, max-snippet:-1, max-image-preview:large, max-video-preview:-1\" \/>\n<link rel=\"canonical\" href=\"https:\/\/noticiaempauta.com\/portal\/divulgada-programacao-da-42-festa-de-sao-francisco-de-assis-no-bairro-junco\/\" \/>\n<meta property=\"og:locale\" content=\"pt_BR\" \/>\n<meta property=\"og:type\" content=\"article\" \/>\n<meta property=\"og:title\" content=\"Divulgada programa\u00e7\u00e3o da 42\u00b0 Festa de S\u00e3o Francisco de Assis no bairro Junco\" \/>\n<meta property=\"og:description\" content=\"A Par\u00f3quia de S\u00e3o Francisco de Assis, em Picos, realizou na manh\u00e3 desta segunda-feira, 16 de setembro, no Sal\u00e3o Paroquial, no Bairro Junco, uma coletiva de imprensa sobre o lan\u00e7amento da 42\u00aa festa do Santo Padroeiro, com o tema \u201cS\u00e3o Francisco, modelo de ora\u00e7\u00e3o para a perfeita alegria\u201d. O festejo de S\u00e3o Francisco de Assis [&hellip;]\" \/>\n<meta property=\"og:url\" content=\"https:\/\/noticiaempauta.com\/portal\/divulgada-programacao-da-42-festa-de-sao-francisco-de-assis-no-bairro-junco\/\" \/>\n<meta property=\"og:site_name\" content=\"Portal Not\u00edcia em Pauta\" \/>\n<meta property=\"article:publisher\" content=\"https:\/\/www.facebook.com\/Portal-Notcia-Em-Pauta-102292869264820\/\" \/>\n<meta property=\"article:published_time\" content=\"2024-09-18T19:42:35+00:00\" \/>\n<meta property=\"og:image\" content=\"https:\/\/noticiaempauta.com\/portal\/wp-content\/uploads\/2024\/09\/DSC_020813.jpeg\" \/>\n\t<meta property=\"og:image:width\" content=\"640\" \/>\n\t<meta property=\"og:image:height\" content=\"427\" \/>\n\t<meta property=\"og:image:type\" content=\"image\/jpeg\" \/>\n<meta name=\"author\" content=\"Reda\u00e7\u00e3o\" \/>\n<meta name=\"twitter:card\" content=\"summary_large_image\" \/>\n<meta name=\"twitter:label1\" content=\"Escrito por\" \/>\n\t<meta name=\"twitter:data1\" content=\"Reda\u00e7\u00e3o\" \/>\n\t<meta name=\"twitter:label2\" content=\"Est. tempo de leitura\" \/>\n\t<meta name=\"twitter:data2\" content=\"7 minutos\" \/>\n<script type=\"application\/ld+json\" class=\"yoast-schema-graph\">{\"@context\":\"https:\/\/schema.org\",\"@graph\":[{\"@type\":\"Article\",\"@id\":\"https:\/\/noticiaempauta.com\/portal\/divulgada-programacao-da-42-festa-de-sao-francisco-de-assis-no-bairro-junco\/#article\",\"isPartOf\":{\"@id\":\"https:\/\/noticiaempauta.com\/portal\/divulgada-programacao-da-42-festa-de-sao-francisco-de-assis-no-bairro-junco\/\"},\"author\":{\"name\":\"Reda\u00e7\u00e3o\",\"@id\":\"https:\/\/noticiaempauta.com\/portal\/#\/schema\/person\/a74af43dd1ab3deca45f988c717d57ac\"},\"headline\":\"Divulgada programa\u00e7\u00e3o da 42\u00b0 Festa de S\u00e3o Francisco de Assis no bairro Junco\",\"datePublished\":\"2024-09-18T19:42:35+00:00\",\"mainEntityOfPage\":{\"@id\":\"https:\/\/noticiaempauta.com\/portal\/divulgada-programacao-da-42-festa-de-sao-francisco-de-assis-no-bairro-junco\/\"},\"wordCount\":1051,\"commentCount\":0,\"publisher\":{\"@id\":\"https:\/\/noticiaempauta.com\/portal\/#organization\"},\"image\":{\"@id\":\"https:\/\/noticiaempauta.com\/portal\/divulgada-programacao-da-42-festa-de-sao-francisco-de-assis-no-bairro-junco\/#primaryimage\"},\"thumbnailUrl\":\"https:\/\/noticiaempauta.com\/portal\/wp-content\/uploads\/2024\/09\/DSC_020813.jpeg\",\"keywords\":[\"destaqueprincipal\"],\"articleSection\":[\"Destaques\",\"Geral\",\"Social\",\"Todas as Not\u00edcias\"],\"inLanguage\":\"pt-BR\",\"potentialAction\":[{\"@type\":\"CommentAction\",\"name\":\"Comment\",\"target\":[\"https:\/\/noticiaempauta.com\/portal\/divulgada-programacao-da-42-festa-de-sao-francisco-de-assis-no-bairro-junco\/#respond\"]}]},{\"@type\":\"WebPage\",\"@id\":\"https:\/\/noticiaempauta.com\/portal\/divulgada-programacao-da-42-festa-de-sao-francisco-de-assis-no-bairro-junco\/\",\"url\":\"https:\/\/noticiaempauta.com\/portal\/divulgada-programacao-da-42-festa-de-sao-francisco-de-assis-no-bairro-junco\/\",\"name\":\"Divulgada programa\u00e7\u00e3o da 42\u00b0 Festa de S\u00e3o Francisco de Assis no bairro Junco - Portal Not\u00edcia em Pauta\",\"isPartOf\":{\"@id\":\"https:\/\/noticiaempauta.com\/portal\/#website\"},\"primaryImageOfPage\":{\"@id\":\"https:\/\/noticiaempauta.com\/portal\/divulgada-programacao-da-42-festa-de-sao-francisco-de-assis-no-bairro-junco\/#primaryimage\"},\"image\":{\"@id\":\"https:\/\/noticiaempauta.com\/portal\/divulgada-programacao-da-42-festa-de-sao-francisco-de-assis-no-bairro-junco\/#primaryimage\"},\"thumbnailUrl\":\"https:\/\/noticiaempauta.com\/portal\/wp-content\/uploads\/2024\/09\/DSC_020813.jpeg\",\"datePublished\":\"2024-09-18T19:42:35+00:00\",\"breadcrumb\":{\"@id\":\"https:\/\/noticiaempauta.com\/portal\/divulgada-programacao-da-42-festa-de-sao-francisco-de-assis-no-bairro-junco\/#breadcrumb\"},\"inLanguage\":\"pt-BR\",\"potentialAction\":[{\"@type\":\"ReadAction\",\"target\":[\"https:\/\/noticiaempauta.com\/portal\/divulgada-programacao-da-42-festa-de-sao-francisco-de-assis-no-bairro-junco\/\"]}]},{\"@type\":\"ImageObject\",\"inLanguage\":\"pt-BR\",\"@id\":\"https:\/\/noticiaempauta.com\/portal\/divulgada-programacao-da-42-festa-de-sao-francisco-de-assis-no-bairro-junco\/#primaryimage\",\"url\":\"https:\/\/noticiaempauta.com\/portal\/wp-content\/uploads\/2024\/09\/DSC_020813.jpeg\",\"contentUrl\":\"https:\/\/noticiaempauta.com\/portal\/wp-content\/uploads\/2024\/09\/DSC_020813.jpeg\",\"width\":640,\"height\":427},{\"@type\":\"BreadcrumbList\",\"@id\":\"https:\/\/noticiaempauta.com\/portal\/divulgada-programacao-da-42-festa-de-sao-francisco-de-assis-no-bairro-junco\/#breadcrumb\",\"itemListElement\":[{\"@type\":\"ListItem\",\"position\":1,\"name\":\"P\u00e1gina Inicial\",\"item\":\"https:\/\/noticiaempauta.com\/portal\/\"},{\"@type\":\"ListItem\",\"position\":2,\"name\":\"Destaques\",\"item\":\"https:\/\/noticiaempauta.com\/portal\/destaques-site\/\"},{\"@type\":\"ListItem\",\"position\":3,\"name\":\"Divulgada programa\u00e7\u00e3o da 42\u00b0 Festa de S\u00e3o Francisco de Assis no bairro Junco\"}]},{\"@type\":\"WebSite\",\"@id\":\"https:\/\/noticiaempauta.com\/portal\/#website\",\"url\":\"https:\/\/noticiaempauta.com\/portal\/\",\"name\":\"Portal Not\u00edcia em Pauta\",\"description\":\"Voc\u00ea bem informado\",\"publisher\":{\"@id\":\"https:\/\/noticiaempauta.com\/portal\/#organization\"},\"potentialAction\":[{\"@type\":\"SearchAction\",\"target\":{\"@type\":\"EntryPoint\",\"urlTemplate\":\"https:\/\/noticiaempauta.com\/portal\/?s={search_term_string}\"},\"query-input\":{\"@type\":\"PropertyValueSpecification\",\"valueRequired\":true,\"valueName\":\"search_term_string\"}}],\"inLanguage\":\"pt-BR\"},{\"@type\":\"Organization\",\"@id\":\"https:\/\/noticiaempauta.com\/portal\/#organization\",\"name\":\"Portal Not\u00edcia em Pauta\",\"url\":\"https:\/\/noticiaempauta.com\/portal\/\",\"logo\":{\"@type\":\"ImageObject\",\"inLanguage\":\"pt-BR\",\"@id\":\"https:\/\/noticiaempauta.com\/portal\/#\/schema\/logo\/image\/\",\"url\":\"https:\/\/noticiaempauta.com\/portal\/wp-content\/uploads\/2022\/08\/logomarca_tema.fw_.png\",\"contentUrl\":\"https:\/\/noticiaempauta.com\/portal\/wp-content\/uploads\/2022\/08\/logomarca_tema.fw_.png\",\"width\":400,\"height\":232,\"caption\":\"Portal Not\u00edcia em Pauta\"},\"image\":{\"@id\":\"https:\/\/noticiaempauta.com\/portal\/#\/schema\/logo\/image\/\"},\"sameAs\":[\"https:\/\/www.facebook.com\/Portal-Notcia-Em-Pauta-102292869264820\/\",\"https:\/\/www.instagram.com\/portalnoticiaempauta\/\"]},{\"@type\":\"Person\",\"@id\":\"https:\/\/noticiaempauta.com\/portal\/#\/schema\/person\/a74af43dd1ab3deca45f988c717d57ac\",\"name\":\"Reda\u00e7\u00e3o\",\"image\":{\"@type\":\"ImageObject\",\"inLanguage\":\"pt-BR\",\"@id\":\"https:\/\/noticiaempauta.com\/portal\/#\/schema\/person\/image\/\",\"url\":\"https:\/\/secure.gravatar.com\/avatar\/03179346ecce6cdfc13361603e8f54242a90e5cde8618fa23c5c00aa2b0aadf3?s=96&d=mm&r=g\",\"contentUrl\":\"https:\/\/secure.gravatar.com\/avatar\/03179346ecce6cdfc13361603e8f54242a90e5cde8618fa23c5c00aa2b0aadf3?s=96&d=mm&r=g\",\"caption\":\"Reda\u00e7\u00e3o\"},\"sameAs\":[\"https:\/\/noticiaempauta.com\/portal\/\"],\"url\":\"https:\/\/noticiaempauta.com\/portal\/author\/fernando\/\"}]}<\/script>\n<!-- \/ Yoast SEO Premium plugin. -->","yoast_head_json":{"title":"Divulgada programa\u00e7\u00e3o da 42\u00b0 Festa de S\u00e3o Francisco de Assis no bairro Junco - Portal Not\u00edcia em Pauta","robots":{"index":"index","follow":"follow","max-snippet":"max-snippet:-1","max-image-preview":"max-image-preview:large","max-video-preview":"max-video-preview:-1"},"canonical":"https:\/\/noticiaempauta.com\/portal\/divulgada-programacao-da-42-festa-de-sao-francisco-de-assis-no-bairro-junco\/","og_locale":"pt_BR","og_type":"article","og_title":"Divulgada programa\u00e7\u00e3o da 42\u00b0 Festa de S\u00e3o Francisco de Assis no bairro Junco","og_description":"A Par\u00f3quia de S\u00e3o Francisco de Assis, em Picos, realizou na manh\u00e3 desta segunda-feira, 16 de setembro, no Sal\u00e3o Paroquial, no Bairro Junco, uma coletiva de imprensa sobre o lan\u00e7amento da 42\u00aa festa do Santo Padroeiro, com o tema \u201cS\u00e3o Francisco, modelo de ora\u00e7\u00e3o para a perfeita alegria\u201d. O festejo de S\u00e3o Francisco de Assis [&hellip;]","og_url":"https:\/\/noticiaempauta.com\/portal\/divulgada-programacao-da-42-festa-de-sao-francisco-de-assis-no-bairro-junco\/","og_site_name":"Portal Not\u00edcia em Pauta","article_publisher":"https:\/\/www.facebook.com\/Portal-Notcia-Em-Pauta-102292869264820\/","article_published_time":"2024-09-18T19:42:35+00:00","og_image":[{"width":640,"height":427,"url":"https:\/\/noticiaempauta.com\/portal\/wp-content\/uploads\/2024\/09\/DSC_020813.jpeg","type":"image\/jpeg"}],"author":"Reda\u00e7\u00e3o","twitter_card":"summary_large_image","twitter_misc":{"Escrito por":"Reda\u00e7\u00e3o","Est. tempo de leitura":"7 minutos"},"schema":{"@context":"https:\/\/schema.org","@graph":[{"@type":"Article","@id":"https:\/\/noticiaempauta.com\/portal\/divulgada-programacao-da-42-festa-de-sao-francisco-de-assis-no-bairro-junco\/#article","isPartOf":{"@id":"https:\/\/noticiaempauta.com\/portal\/divulgada-programacao-da-42-festa-de-sao-francisco-de-assis-no-bairro-junco\/"},"author":{"name":"Reda\u00e7\u00e3o","@id":"https:\/\/noticiaempauta.com\/portal\/#\/schema\/person\/a74af43dd1ab3deca45f988c717d57ac"},"headline":"Divulgada programa\u00e7\u00e3o da 42\u00b0 Festa de S\u00e3o Francisco de Assis no bairro Junco","datePublished":"2024-09-18T19:42:35+00:00","mainEntityOfPage":{"@id":"https:\/\/noticiaempauta.com\/portal\/divulgada-programacao-da-42-festa-de-sao-francisco-de-assis-no-bairro-junco\/"},"wordCount":1051,"commentCount":0,"publisher":{"@id":"https:\/\/noticiaempauta.com\/portal\/#organization"},"image":{"@id":"https:\/\/noticiaempauta.com\/portal\/divulgada-programacao-da-42-festa-de-sao-francisco-de-assis-no-bairro-junco\/#primaryimage"},"thumbnailUrl":"https:\/\/noticiaempauta.com\/portal\/wp-content\/uploads\/2024\/09\/DSC_020813.jpeg","keywords":["destaqueprincipal"],"articleSection":["Destaques","Geral","Social","Todas as Not\u00edcias"],"inLanguage":"pt-BR","potentialAction":[{"@type":"CommentAction","name":"Comment","target":["https:\/\/noticiaempauta.com\/portal\/divulgada-programacao-da-42-festa-de-sao-francisco-de-assis-no-bairro-junco\/#respond"]}]},{"@type":"WebPage","@id":"https:\/\/noticiaempauta.com\/portal\/divulgada-programacao-da-42-festa-de-sao-francisco-de-assis-no-bairro-junco\/","url":"https:\/\/noticiaempauta.com\/portal\/divulgada-programacao-da-42-festa-de-sao-francisco-de-assis-no-bairro-junco\/","name":"Divulgada programa\u00e7\u00e3o da 42\u00b0 Festa de S\u00e3o Francisco de Assis no bairro Junco - Portal Not\u00edcia em Pauta","isPartOf":{"@id":"https:\/\/noticiaempauta.com\/portal\/#website"},"primaryImageOfPage":{"@id":"https:\/\/noticiaempauta.com\/portal\/divulgada-programacao-da-42-festa-de-sao-francisco-de-assis-no-bairro-junco\/#primaryimage"},"image":{"@id":"https:\/\/noticiaempauta.com\/portal\/divulgada-programacao-da-42-festa-de-sao-francisco-de-assis-no-bairro-junco\/#primaryimage"},"thumbnailUrl":"https:\/\/noticiaempauta.com\/portal\/wp-content\/uploads\/2024\/09\/DSC_020813.jpeg","datePublished":"2024-09-18T19:42:35+00:00","breadcrumb":{"@id":"https:\/\/noticiaempauta.com\/portal\/divulgada-programacao-da-42-festa-de-sao-francisco-de-assis-no-bairro-junco\/#breadcrumb"},"inLanguage":"pt-BR","potentialAction":[{"@type":"ReadAction","target":["https:\/\/noticiaempauta.com\/portal\/divulgada-programacao-da-42-festa-de-sao-francisco-de-assis-no-bairro-junco\/"]}]},{"@type":"ImageObject","inLanguage":"pt-BR","@id":"https:\/\/noticiaempauta.com\/portal\/divulgada-programacao-da-42-festa-de-sao-francisco-de-assis-no-bairro-junco\/#primaryimage","url":"https:\/\/noticiaempauta.com\/portal\/wp-content\/uploads\/2024\/09\/DSC_020813.jpeg","contentUrl":"https:\/\/noticiaempauta.com\/portal\/wp-content\/uploads\/2024\/09\/DSC_020813.jpeg","width":640,"height":427},{"@type":"BreadcrumbList","@id":"https:\/\/noticiaempauta.com\/portal\/divulgada-programacao-da-42-festa-de-sao-francisco-de-assis-no-bairro-junco\/#breadcrumb","itemListElement":[{"@type":"ListItem","position":1,"name":"P\u00e1gina Inicial","item":"https:\/\/noticiaempauta.com\/portal\/"},{"@type":"ListItem","position":2,"name":"Destaques","item":"https:\/\/noticiaempauta.com\/portal\/destaques-site\/"},{"@type":"ListItem","position":3,"name":"Divulgada programa\u00e7\u00e3o da 42\u00b0 Festa de S\u00e3o Francisco de Assis no bairro Junco"}]},{"@type":"WebSite","@id":"https:\/\/noticiaempauta.com\/portal\/#website","url":"https:\/\/noticiaempauta.com\/portal\/","name":"Portal Not\u00edcia em Pauta","description":"Voc\u00ea bem informado","publisher":{"@id":"https:\/\/noticiaempauta.com\/portal\/#organization"},"potentialAction":[{"@type":"SearchAction","target":{"@type":"EntryPoint","urlTemplate":"https:\/\/noticiaempauta.com\/portal\/?s={search_term_string}"},"query-input":{"@type":"PropertyValueSpecification","valueRequired":true,"valueName":"search_term_string"}}],"inLanguage":"pt-BR"},{"@type":"Organization","@id":"https:\/\/noticiaempauta.com\/portal\/#organization","name":"Portal Not\u00edcia em Pauta","url":"https:\/\/noticiaempauta.com\/portal\/","logo":{"@type":"ImageObject","inLanguage":"pt-BR","@id":"https:\/\/noticiaempauta.com\/portal\/#\/schema\/logo\/image\/","url":"https:\/\/noticiaempauta.com\/portal\/wp-content\/uploads\/2022\/08\/logomarca_tema.fw_.png","contentUrl":"https:\/\/noticiaempauta.com\/portal\/wp-content\/uploads\/2022\/08\/logomarca_tema.fw_.png","width":400,"height":232,"caption":"Portal Not\u00edcia em Pauta"},"image":{"@id":"https:\/\/noticiaempauta.com\/portal\/#\/schema\/logo\/image\/"},"sameAs":["https:\/\/www.facebook.com\/Portal-Notcia-Em-Pauta-102292869264820\/","https:\/\/www.instagram.com\/portalnoticiaempauta\/"]},{"@type":"Person","@id":"https:\/\/noticiaempauta.com\/portal\/#\/schema\/person\/a74af43dd1ab3deca45f988c717d57ac","name":"Reda\u00e7\u00e3o","image":{"@type":"ImageObject","inLanguage":"pt-BR","@id":"https:\/\/noticiaempauta.com\/portal\/#\/schema\/person\/image\/","url":"https:\/\/secure.gravatar.com\/avatar\/03179346ecce6cdfc13361603e8f54242a90e5cde8618fa23c5c00aa2b0aadf3?s=96&d=mm&r=g","contentUrl":"https:\/\/secure.gravatar.com\/avatar\/03179346ecce6cdfc13361603e8f54242a90e5cde8618fa23c5c00aa2b0aadf3?s=96&d=mm&r=g","caption":"Reda\u00e7\u00e3o"},"sameAs":["https:\/\/noticiaempauta.com\/portal\/"],"url":"https:\/\/noticiaempauta.com\/portal\/author\/fernando\/"}]}},"_links":{"self":[{"href":"https:\/\/noticiaempauta.com\/portal\/wp-json\/wp\/v2\/posts\/262195","targetHints":{"allow":["GET"]}}],"collection":[{"href":"https:\/\/noticiaempauta.com\/portal\/wp-json\/wp\/v2\/posts"}],"about":[{"href":"https:\/\/noticiaempauta.com\/portal\/wp-json\/wp\/v2\/types\/post"}],"author":[{"embeddable":true,"href":"https:\/\/noticiaempauta.com\/portal\/wp-json\/wp\/v2\/users\/2"}],"replies":[{"embeddable":true,"href":"https:\/\/noticiaempauta.com\/portal\/wp-json\/wp\/v2\/comments?post=262195"}],"version-history":[{"count":2,"href":"https:\/\/noticiaempauta.com\/portal\/wp-json\/wp\/v2\/posts\/262195\/revisions"}],"predecessor-version":[{"id":262203,"href":"https:\/\/noticiaempauta.com\/portal\/wp-json\/wp\/v2\/posts\/262195\/revisions\/262203"}],"wp:featuredmedia":[{"embeddable":true,"href":"https:\/\/noticiaempauta.com\/portal\/wp-json\/wp\/v2\/media\/262201"}],"wp:attachment":[{"href":"https:\/\/noticiaempauta.com\/portal\/wp-json\/wp\/v2\/media?parent=262195"}],"wp:term":[{"taxonomy":"category","embeddable":true,"href":"https:\/\/noticiaempauta.com\/portal\/wp-json\/wp\/v2\/categories?post=262195"},{"taxonomy":"post_tag","embeddable":true,"href":"https:\/\/noticiaempauta.com\/portal\/wp-json\/wp\/v2\/tags?post=262195"}],"curies":[{"name":"wp","href":"https:\/\/api.w.org\/{rel}","templated":true}]}}