{"id":262221,"date":"2024-09-20T08:46:14","date_gmt":"2024-09-20T11:46:14","guid":{"rendered":"https:\/\/noticiaempauta.com\/portal\/?p=262221"},"modified":"2024-09-20T08:46:15","modified_gmt":"2024-09-20T11:46:15","slug":"municipios-do-piaui-recebem-2-parcela-do-fpm-com-acrescimo-de-32","status":"publish","type":"post","link":"https:\/\/noticiaempauta.com\/portal\/municipios-do-piaui-recebem-2-parcela-do-fpm-com-acrescimo-de-32\/","title":{"rendered":"Munic\u00edpios do Piau\u00ed recebem 2\u00b0 parcela do FPM com acr\u00e9scimo de 32%"},"content":{"rendered":"\n<p>As 224 cidades do Piau\u00ed devem receber, nesta sexta-feira (20), a segunda parcela do repasse, referente ao m\u00eas de setembro, do Fundo de Participa\u00e7\u00e3o dos Munic\u00edpios (FPM), no valor de R$ 1,3 bilh\u00e3o.<\/p>\n\n\n\n<p>A quantia \u00e9 32% maior do que a repassada no ano de 2023, apesar de ser 68% menor do que o valor do primeiro dec\u00eanio de setembro. A prioridade dos munic\u00edpios ser\u00e1 a aplica\u00e7\u00e3o de 15% na Sa\u00fade e 25% para a Educa\u00e7\u00e3o.<\/p>\n\n\n\n<figure class=\"wp-block-image size-full\"><img fetchpriority=\"high\" decoding=\"async\" width=\"800\" height=\"450\" src=\"https:\/\/noticiaempauta.com\/portal\/wp-content\/uploads\/2024\/09\/27092019_FPM_arte_CNM-1.jpg\" alt=\"\" class=\"wp-image-262223\" srcset=\"https:\/\/noticiaempauta.com\/portal\/wp-content\/uploads\/2024\/09\/27092019_FPM_arte_CNM-1.jpg 800w, https:\/\/noticiaempauta.com\/portal\/wp-content\/uploads\/2024\/09\/27092019_FPM_arte_CNM-1-300x169.jpg 300w, https:\/\/noticiaempauta.com\/portal\/wp-content\/uploads\/2024\/09\/27092019_FPM_arte_CNM-1-768x432.jpg 768w\" sizes=\"(max-width: 800px) 100vw, 800px\" \/><\/figure>\n\n\n\n<p>\u201cAqui no estado do Piau\u00ed, 70% dos munic\u00edpios s\u00e3o de coeficiente 0,6. No ano passado, n\u00f3s recebemos cerca de 52 mil de reais na parcela do dia 20. Na previs\u00e3o de sexta-feira, a previs\u00e3o \u00e9 que a gente receba 97 mil de reais\u201d, explicou o presidente da Associa\u00e7\u00e3o Piauiense dos Munic\u00edpios, Toninho de Caridade.<\/p>\n\n\n\n<p>O que preocupa os gestores, segundo Toninho de Caridade, \u00e9 a greve dos servidores da carreira de Finan\u00e7as e Controle, lotados no Tesouro Nacional e na Controladoria-Geral da Uni\u00e3o (CGU), iniciada em agosto.<\/p>\n\n\n\n<p>\u201cEst\u00e1 previsto para sexta-feira o pagamento do segundo dec\u00eanio de setembro. \u00c9 um aumento consider\u00e1vel de 32%, mas ainda \u00e9 uma previs\u00e3o, at\u00e9 porque os funcion\u00e1rios do sistema financeiro est\u00e3o de greve e a gente n\u00e3o tem essa confirma\u00e7\u00e3o. Mas, no levantamento da CNM, \u00e9 um acr\u00e9scimo razo\u00e1vel\u201d, acrescentou.<\/p>\n\n\n\n<p><strong><em>Fonte:<\/em><\/strong> <strong><em>Portal Clube News<\/em><\/strong><\/p>\n","protected":false},"excerpt":{"rendered":"<p>As 224 cidades do Piau\u00ed devem receber, nesta sexta-feira (20), a segunda parcela do repasse, referente ao m\u00eas de setembro, do Fundo de Participa\u00e7\u00e3o dos Munic\u00edpios (FPM), no valor de R$ 1,3 bilh\u00e3o. A quantia \u00e9 32% maior do que a repassada no ano de 2023, apesar de ser 68% menor do que o valor [&hellip;]<\/p>\n","protected":false},"author":2,"featured_media":262223,"comment_status":"open","ping_status":"open","sticky":false,"template":"","format":"standard","meta":{"_mi_skip_tracking":false,"footnotes":""},"categories":[25,6,1,9,16],"tags":[192],"class_list":["post-262221","post","type-post","status-publish","format-standard","has-post-thumbnail","hentry","category-destaques-site","category-economia","category-geral","category-municipios","category-todas","tag-destaqueprincipal"],"acf":[],"yoast_head":"<!-- This site is optimized with the Yoast SEO Premium plugin v19.2 (Yoast SEO v26.9) - https:\/\/yoast.com\/product\/yoast-seo-premium-wordpress\/ -->\n<title>Munic\u00edpios do Piau\u00ed recebem 2\u00b0 parcela do FPM com acr\u00e9scimo de 32% - Portal Not\u00edcia em Pauta<\/title>\n<meta name=\"robots\" content=\"index, follow, max-snippet:-1, max-image-preview:large, max-video-preview:-1\" \/>\n<link rel=\"canonical\" href=\"https:\/\/noticiaempauta.com\/portal\/municipios-do-piaui-recebem-2-parcela-do-fpm-com-acrescimo-de-32\/\" \/>\n<meta property=\"og:locale\" content=\"pt_BR\" \/>\n<meta property=\"og:type\" content=\"article\" \/>\n<meta property=\"og:title\" content=\"Munic\u00edpios do Piau\u00ed recebem 2\u00b0 parcela do FPM com acr\u00e9scimo de 32%\" \/>\n<meta property=\"og:description\" content=\"As 224 cidades do Piau\u00ed devem receber, nesta sexta-feira (20), a segunda parcela do repasse, referente ao m\u00eas de setembro, do Fundo de Participa\u00e7\u00e3o dos Munic\u00edpios (FPM), no valor de R$ 1,3 bilh\u00e3o. A quantia \u00e9 32% maior do que a repassada no ano de 2023, apesar de ser 68% menor do que o valor [&hellip;]\" \/>\n<meta property=\"og:url\" content=\"https:\/\/noticiaempauta.com\/portal\/municipios-do-piaui-recebem-2-parcela-do-fpm-com-acrescimo-de-32\/\" \/>\n<meta property=\"og:site_name\" content=\"Portal Not\u00edcia em Pauta\" \/>\n<meta property=\"article:publisher\" content=\"https:\/\/www.facebook.com\/Portal-Notcia-Em-Pauta-102292869264820\/\" \/>\n<meta property=\"article:published_time\" content=\"2024-09-20T11:46:14+00:00\" \/>\n<meta property=\"article:modified_time\" content=\"2024-09-20T11:46:15+00:00\" \/>\n<meta property=\"og:image\" content=\"https:\/\/noticiaempauta.com\/portal\/wp-content\/uploads\/2024\/09\/27092019_FPM_arte_CNM-1.jpg\" \/>\n\t<meta property=\"og:image:width\" content=\"800\" \/>\n\t<meta property=\"og:image:height\" content=\"450\" \/>\n\t<meta property=\"og:image:type\" content=\"image\/jpeg\" \/>\n<meta name=\"author\" content=\"Reda\u00e7\u00e3o\" \/>\n<meta name=\"twitter:card\" content=\"summary_large_image\" \/>\n<meta name=\"twitter:label1\" content=\"Escrito por\" \/>\n\t<meta name=\"twitter:data1\" content=\"Reda\u00e7\u00e3o\" \/>\n\t<meta name=\"twitter:label2\" content=\"Est. tempo de leitura\" \/>\n\t<meta name=\"twitter:data2\" content=\"2 minutos\" \/>\n<script type=\"application\/ld+json\" class=\"yoast-schema-graph\">{\"@context\":\"https:\/\/schema.org\",\"@graph\":[{\"@type\":\"Article\",\"@id\":\"https:\/\/noticiaempauta.com\/portal\/municipios-do-piaui-recebem-2-parcela-do-fpm-com-acrescimo-de-32\/#article\",\"isPartOf\":{\"@id\":\"https:\/\/noticiaempauta.com\/portal\/municipios-do-piaui-recebem-2-parcela-do-fpm-com-acrescimo-de-32\/\"},\"author\":{\"name\":\"Reda\u00e7\u00e3o\",\"@id\":\"https:\/\/noticiaempauta.com\/portal\/#\/schema\/person\/a74af43dd1ab3deca45f988c717d57ac\"},\"headline\":\"Munic\u00edpios do Piau\u00ed recebem 2\u00b0 parcela do FPM com acr\u00e9scimo de 32%\",\"datePublished\":\"2024-09-20T11:46:14+00:00\",\"dateModified\":\"2024-09-20T11:46:15+00:00\",\"mainEntityOfPage\":{\"@id\":\"https:\/\/noticiaempauta.com\/portal\/municipios-do-piaui-recebem-2-parcela-do-fpm-com-acrescimo-de-32\/\"},\"wordCount\":235,\"commentCount\":0,\"publisher\":{\"@id\":\"https:\/\/noticiaempauta.com\/portal\/#organization\"},\"image\":{\"@id\":\"https:\/\/noticiaempauta.com\/portal\/municipios-do-piaui-recebem-2-parcela-do-fpm-com-acrescimo-de-32\/#primaryimage\"},\"thumbnailUrl\":\"https:\/\/noticiaempauta.com\/portal\/wp-content\/uploads\/2024\/09\/27092019_FPM_arte_CNM-1.jpg\",\"keywords\":[\"destaqueprincipal\"],\"articleSection\":[\"Destaques\",\"Economia\",\"Geral\",\"Munic\u00edpios\",\"Todas as Not\u00edcias\"],\"inLanguage\":\"pt-BR\",\"potentialAction\":[{\"@type\":\"CommentAction\",\"name\":\"Comment\",\"target\":[\"https:\/\/noticiaempauta.com\/portal\/municipios-do-piaui-recebem-2-parcela-do-fpm-com-acrescimo-de-32\/#respond\"]}]},{\"@type\":\"WebPage\",\"@id\":\"https:\/\/noticiaempauta.com\/portal\/municipios-do-piaui-recebem-2-parcela-do-fpm-com-acrescimo-de-32\/\",\"url\":\"https:\/\/noticiaempauta.com\/portal\/municipios-do-piaui-recebem-2-parcela-do-fpm-com-acrescimo-de-32\/\",\"name\":\"Munic\u00edpios do Piau\u00ed recebem 2\u00b0 parcela do FPM com acr\u00e9scimo de 32% - Portal Not\u00edcia em Pauta\",\"isPartOf\":{\"@id\":\"https:\/\/noticiaempauta.com\/portal\/#website\"},\"primaryImageOfPage\":{\"@id\":\"https:\/\/noticiaempauta.com\/portal\/municipios-do-piaui-recebem-2-parcela-do-fpm-com-acrescimo-de-32\/#primaryimage\"},\"image\":{\"@id\":\"https:\/\/noticiaempauta.com\/portal\/municipios-do-piaui-recebem-2-parcela-do-fpm-com-acrescimo-de-32\/#primaryimage\"},\"thumbnailUrl\":\"https:\/\/noticiaempauta.com\/portal\/wp-content\/uploads\/2024\/09\/27092019_FPM_arte_CNM-1.jpg\",\"datePublished\":\"2024-09-20T11:46:14+00:00\",\"dateModified\":\"2024-09-20T11:46:15+00:00\",\"breadcrumb\":{\"@id\":\"https:\/\/noticiaempauta.com\/portal\/municipios-do-piaui-recebem-2-parcela-do-fpm-com-acrescimo-de-32\/#breadcrumb\"},\"inLanguage\":\"pt-BR\",\"potentialAction\":[{\"@type\":\"ReadAction\",\"target\":[\"https:\/\/noticiaempauta.com\/portal\/municipios-do-piaui-recebem-2-parcela-do-fpm-com-acrescimo-de-32\/\"]}]},{\"@type\":\"ImageObject\",\"inLanguage\":\"pt-BR\",\"@id\":\"https:\/\/noticiaempauta.com\/portal\/municipios-do-piaui-recebem-2-parcela-do-fpm-com-acrescimo-de-32\/#primaryimage\",\"url\":\"https:\/\/noticiaempauta.com\/portal\/wp-content\/uploads\/2024\/09\/27092019_FPM_arte_CNM-1.jpg\",\"contentUrl\":\"https:\/\/noticiaempauta.com\/portal\/wp-content\/uploads\/2024\/09\/27092019_FPM_arte_CNM-1.jpg\",\"width\":800,\"height\":450},{\"@type\":\"BreadcrumbList\",\"@id\":\"https:\/\/noticiaempauta.com\/portal\/municipios-do-piaui-recebem-2-parcela-do-fpm-com-acrescimo-de-32\/#breadcrumb\",\"itemListElement\":[{\"@type\":\"ListItem\",\"position\":1,\"name\":\"P\u00e1gina Inicial\",\"item\":\"https:\/\/noticiaempauta.com\/portal\/\"},{\"@type\":\"ListItem\",\"position\":2,\"name\":\"Geral\",\"item\":\"https:\/\/noticiaempauta.com\/portal\/geral\/\"},{\"@type\":\"ListItem\",\"position\":3,\"name\":\"Munic\u00edpios do Piau\u00ed recebem 2\u00b0 parcela do FPM com acr\u00e9scimo de 32%\"}]},{\"@type\":\"WebSite\",\"@id\":\"https:\/\/noticiaempauta.com\/portal\/#website\",\"url\":\"https:\/\/noticiaempauta.com\/portal\/\",\"name\":\"Portal Not\u00edcia em Pauta\",\"description\":\"Voc\u00ea bem informado\",\"publisher\":{\"@id\":\"https:\/\/noticiaempauta.com\/portal\/#organization\"},\"potentialAction\":[{\"@type\":\"SearchAction\",\"target\":{\"@type\":\"EntryPoint\",\"urlTemplate\":\"https:\/\/noticiaempauta.com\/portal\/?s={search_term_string}\"},\"query-input\":{\"@type\":\"PropertyValueSpecification\",\"valueRequired\":true,\"valueName\":\"search_term_string\"}}],\"inLanguage\":\"pt-BR\"},{\"@type\":\"Organization\",\"@id\":\"https:\/\/noticiaempauta.com\/portal\/#organization\",\"name\":\"Portal Not\u00edcia em Pauta\",\"url\":\"https:\/\/noticiaempauta.com\/portal\/\",\"logo\":{\"@type\":\"ImageObject\",\"inLanguage\":\"pt-BR\",\"@id\":\"https:\/\/noticiaempauta.com\/portal\/#\/schema\/logo\/image\/\",\"url\":\"https:\/\/noticiaempauta.com\/portal\/wp-content\/uploads\/2022\/08\/logomarca_tema.fw_.png\",\"contentUrl\":\"https:\/\/noticiaempauta.com\/portal\/wp-content\/uploads\/2022\/08\/logomarca_tema.fw_.png\",\"width\":400,\"height\":232,\"caption\":\"Portal Not\u00edcia em Pauta\"},\"image\":{\"@id\":\"https:\/\/noticiaempauta.com\/portal\/#\/schema\/logo\/image\/\"},\"sameAs\":[\"https:\/\/www.facebook.com\/Portal-Notcia-Em-Pauta-102292869264820\/\",\"https:\/\/www.instagram.com\/portalnoticiaempauta\/\"]},{\"@type\":\"Person\",\"@id\":\"https:\/\/noticiaempauta.com\/portal\/#\/schema\/person\/a74af43dd1ab3deca45f988c717d57ac\",\"name\":\"Reda\u00e7\u00e3o\",\"image\":{\"@type\":\"ImageObject\",\"inLanguage\":\"pt-BR\",\"@id\":\"https:\/\/noticiaempauta.com\/portal\/#\/schema\/person\/image\/\",\"url\":\"https:\/\/secure.gravatar.com\/avatar\/03179346ecce6cdfc13361603e8f54242a90e5cde8618fa23c5c00aa2b0aadf3?s=96&d=mm&r=g\",\"contentUrl\":\"https:\/\/secure.gravatar.com\/avatar\/03179346ecce6cdfc13361603e8f54242a90e5cde8618fa23c5c00aa2b0aadf3?s=96&d=mm&r=g\",\"caption\":\"Reda\u00e7\u00e3o\"},\"sameAs\":[\"https:\/\/noticiaempauta.com\/portal\/\"],\"url\":\"https:\/\/noticiaempauta.com\/portal\/author\/fernando\/\"}]}<\/script>\n<!-- \/ Yoast SEO Premium plugin. -->","yoast_head_json":{"title":"Munic\u00edpios do Piau\u00ed recebem 2\u00b0 parcela do FPM com acr\u00e9scimo de 32% - Portal Not\u00edcia em Pauta","robots":{"index":"index","follow":"follow","max-snippet":"max-snippet:-1","max-image-preview":"max-image-preview:large","max-video-preview":"max-video-preview:-1"},"canonical":"https:\/\/noticiaempauta.com\/portal\/municipios-do-piaui-recebem-2-parcela-do-fpm-com-acrescimo-de-32\/","og_locale":"pt_BR","og_type":"article","og_title":"Munic\u00edpios do Piau\u00ed recebem 2\u00b0 parcela do FPM com acr\u00e9scimo de 32%","og_description":"As 224 cidades do Piau\u00ed devem receber, nesta sexta-feira (20), a segunda parcela do repasse, referente ao m\u00eas de setembro, do Fundo de Participa\u00e7\u00e3o dos Munic\u00edpios (FPM), no valor de R$ 1,3 bilh\u00e3o. A quantia \u00e9 32% maior do que a repassada no ano de 2023, apesar de ser 68% menor do que o valor [&hellip;]","og_url":"https:\/\/noticiaempauta.com\/portal\/municipios-do-piaui-recebem-2-parcela-do-fpm-com-acrescimo-de-32\/","og_site_name":"Portal Not\u00edcia em Pauta","article_publisher":"https:\/\/www.facebook.com\/Portal-Notcia-Em-Pauta-102292869264820\/","article_published_time":"2024-09-20T11:46:14+00:00","article_modified_time":"2024-09-20T11:46:15+00:00","og_image":[{"width":800,"height":450,"url":"https:\/\/noticiaempauta.com\/portal\/wp-content\/uploads\/2024\/09\/27092019_FPM_arte_CNM-1.jpg","type":"image\/jpeg"}],"author":"Reda\u00e7\u00e3o","twitter_card":"summary_large_image","twitter_misc":{"Escrito por":"Reda\u00e7\u00e3o","Est. tempo de leitura":"2 minutos"},"schema":{"@context":"https:\/\/schema.org","@graph":[{"@type":"Article","@id":"https:\/\/noticiaempauta.com\/portal\/municipios-do-piaui-recebem-2-parcela-do-fpm-com-acrescimo-de-32\/#article","isPartOf":{"@id":"https:\/\/noticiaempauta.com\/portal\/municipios-do-piaui-recebem-2-parcela-do-fpm-com-acrescimo-de-32\/"},"author":{"name":"Reda\u00e7\u00e3o","@id":"https:\/\/noticiaempauta.com\/portal\/#\/schema\/person\/a74af43dd1ab3deca45f988c717d57ac"},"headline":"Munic\u00edpios do Piau\u00ed recebem 2\u00b0 parcela do FPM com acr\u00e9scimo de 32%","datePublished":"2024-09-20T11:46:14+00:00","dateModified":"2024-09-20T11:46:15+00:00","mainEntityOfPage":{"@id":"https:\/\/noticiaempauta.com\/portal\/municipios-do-piaui-recebem-2-parcela-do-fpm-com-acrescimo-de-32\/"},"wordCount":235,"commentCount":0,"publisher":{"@id":"https:\/\/noticiaempauta.com\/portal\/#organization"},"image":{"@id":"https:\/\/noticiaempauta.com\/portal\/municipios-do-piaui-recebem-2-parcela-do-fpm-com-acrescimo-de-32\/#primaryimage"},"thumbnailUrl":"https:\/\/noticiaempauta.com\/portal\/wp-content\/uploads\/2024\/09\/27092019_FPM_arte_CNM-1.jpg","keywords":["destaqueprincipal"],"articleSection":["Destaques","Economia","Geral","Munic\u00edpios","Todas as Not\u00edcias"],"inLanguage":"pt-BR","potentialAction":[{"@type":"CommentAction","name":"Comment","target":["https:\/\/noticiaempauta.com\/portal\/municipios-do-piaui-recebem-2-parcela-do-fpm-com-acrescimo-de-32\/#respond"]}]},{"@type":"WebPage","@id":"https:\/\/noticiaempauta.com\/portal\/municipios-do-piaui-recebem-2-parcela-do-fpm-com-acrescimo-de-32\/","url":"https:\/\/noticiaempauta.com\/portal\/municipios-do-piaui-recebem-2-parcela-do-fpm-com-acrescimo-de-32\/","name":"Munic\u00edpios do Piau\u00ed recebem 2\u00b0 parcela do FPM com acr\u00e9scimo de 32% - Portal Not\u00edcia em Pauta","isPartOf":{"@id":"https:\/\/noticiaempauta.com\/portal\/#website"},"primaryImageOfPage":{"@id":"https:\/\/noticiaempauta.com\/portal\/municipios-do-piaui-recebem-2-parcela-do-fpm-com-acrescimo-de-32\/#primaryimage"},"image":{"@id":"https:\/\/noticiaempauta.com\/portal\/municipios-do-piaui-recebem-2-parcela-do-fpm-com-acrescimo-de-32\/#primaryimage"},"thumbnailUrl":"https:\/\/noticiaempauta.com\/portal\/wp-content\/uploads\/2024\/09\/27092019_FPM_arte_CNM-1.jpg","datePublished":"2024-09-20T11:46:14+00:00","dateModified":"2024-09-20T11:46:15+00:00","breadcrumb":{"@id":"https:\/\/noticiaempauta.com\/portal\/municipios-do-piaui-recebem-2-parcela-do-fpm-com-acrescimo-de-32\/#breadcrumb"},"inLanguage":"pt-BR","potentialAction":[{"@type":"ReadAction","target":["https:\/\/noticiaempauta.com\/portal\/municipios-do-piaui-recebem-2-parcela-do-fpm-com-acrescimo-de-32\/"]}]},{"@type":"ImageObject","inLanguage":"pt-BR","@id":"https:\/\/noticiaempauta.com\/portal\/municipios-do-piaui-recebem-2-parcela-do-fpm-com-acrescimo-de-32\/#primaryimage","url":"https:\/\/noticiaempauta.com\/portal\/wp-content\/uploads\/2024\/09\/27092019_FPM_arte_CNM-1.jpg","contentUrl":"https:\/\/noticiaempauta.com\/portal\/wp-content\/uploads\/2024\/09\/27092019_FPM_arte_CNM-1.jpg","width":800,"height":450},{"@type":"BreadcrumbList","@id":"https:\/\/noticiaempauta.com\/portal\/municipios-do-piaui-recebem-2-parcela-do-fpm-com-acrescimo-de-32\/#breadcrumb","itemListElement":[{"@type":"ListItem","position":1,"name":"P\u00e1gina Inicial","item":"https:\/\/noticiaempauta.com\/portal\/"},{"@type":"ListItem","position":2,"name":"Geral","item":"https:\/\/noticiaempauta.com\/portal\/geral\/"},{"@type":"ListItem","position":3,"name":"Munic\u00edpios do Piau\u00ed recebem 2\u00b0 parcela do FPM com acr\u00e9scimo de 32%"}]},{"@type":"WebSite","@id":"https:\/\/noticiaempauta.com\/portal\/#website","url":"https:\/\/noticiaempauta.com\/portal\/","name":"Portal Not\u00edcia em Pauta","description":"Voc\u00ea bem informado","publisher":{"@id":"https:\/\/noticiaempauta.com\/portal\/#organization"},"potentialAction":[{"@type":"SearchAction","target":{"@type":"EntryPoint","urlTemplate":"https:\/\/noticiaempauta.com\/portal\/?s={search_term_string}"},"query-input":{"@type":"PropertyValueSpecification","valueRequired":true,"valueName":"search_term_string"}}],"inLanguage":"pt-BR"},{"@type":"Organization","@id":"https:\/\/noticiaempauta.com\/portal\/#organization","name":"Portal Not\u00edcia em Pauta","url":"https:\/\/noticiaempauta.com\/portal\/","logo":{"@type":"ImageObject","inLanguage":"pt-BR","@id":"https:\/\/noticiaempauta.com\/portal\/#\/schema\/logo\/image\/","url":"https:\/\/noticiaempauta.com\/portal\/wp-content\/uploads\/2022\/08\/logomarca_tema.fw_.png","contentUrl":"https:\/\/noticiaempauta.com\/portal\/wp-content\/uploads\/2022\/08\/logomarca_tema.fw_.png","width":400,"height":232,"caption":"Portal Not\u00edcia em Pauta"},"image":{"@id":"https:\/\/noticiaempauta.com\/portal\/#\/schema\/logo\/image\/"},"sameAs":["https:\/\/www.facebook.com\/Portal-Notcia-Em-Pauta-102292869264820\/","https:\/\/www.instagram.com\/portalnoticiaempauta\/"]},{"@type":"Person","@id":"https:\/\/noticiaempauta.com\/portal\/#\/schema\/person\/a74af43dd1ab3deca45f988c717d57ac","name":"Reda\u00e7\u00e3o","image":{"@type":"ImageObject","inLanguage":"pt-BR","@id":"https:\/\/noticiaempauta.com\/portal\/#\/schema\/person\/image\/","url":"https:\/\/secure.gravatar.com\/avatar\/03179346ecce6cdfc13361603e8f54242a90e5cde8618fa23c5c00aa2b0aadf3?s=96&d=mm&r=g","contentUrl":"https:\/\/secure.gravatar.com\/avatar\/03179346ecce6cdfc13361603e8f54242a90e5cde8618fa23c5c00aa2b0aadf3?s=96&d=mm&r=g","caption":"Reda\u00e7\u00e3o"},"sameAs":["https:\/\/noticiaempauta.com\/portal\/"],"url":"https:\/\/noticiaempauta.com\/portal\/author\/fernando\/"}]}},"_links":{"self":[{"href":"https:\/\/noticiaempauta.com\/portal\/wp-json\/wp\/v2\/posts\/262221","targetHints":{"allow":["GET"]}}],"collection":[{"href":"https:\/\/noticiaempauta.com\/portal\/wp-json\/wp\/v2\/posts"}],"about":[{"href":"https:\/\/noticiaempauta.com\/portal\/wp-json\/wp\/v2\/types\/post"}],"author":[{"embeddable":true,"href":"https:\/\/noticiaempauta.com\/portal\/wp-json\/wp\/v2\/users\/2"}],"replies":[{"embeddable":true,"href":"https:\/\/noticiaempauta.com\/portal\/wp-json\/wp\/v2\/comments?post=262221"}],"version-history":[{"count":2,"href":"https:\/\/noticiaempauta.com\/portal\/wp-json\/wp\/v2\/posts\/262221\/revisions"}],"predecessor-version":[{"id":262225,"href":"https:\/\/noticiaempauta.com\/portal\/wp-json\/wp\/v2\/posts\/262221\/revisions\/262225"}],"wp:featuredmedia":[{"embeddable":true,"href":"https:\/\/noticiaempauta.com\/portal\/wp-json\/wp\/v2\/media\/262223"}],"wp:attachment":[{"href":"https:\/\/noticiaempauta.com\/portal\/wp-json\/wp\/v2\/media?parent=262221"}],"wp:term":[{"taxonomy":"category","embeddable":true,"href":"https:\/\/noticiaempauta.com\/portal\/wp-json\/wp\/v2\/categories?post=262221"},{"taxonomy":"post_tag","embeddable":true,"href":"https:\/\/noticiaempauta.com\/portal\/wp-json\/wp\/v2\/tags?post=262221"}],"curies":[{"name":"wp","href":"https:\/\/api.w.org\/{rel}","templated":true}]}}