{"id":262236,"date":"2024-09-20T10:47:08","date_gmt":"2024-09-20T13:47:08","guid":{"rendered":"https:\/\/noticiaempauta.com\/portal\/?p=262236"},"modified":"2024-09-20T10:58:05","modified_gmt":"2024-09-20T13:58:05","slug":"pavimentacao-da-pi-216-vai-ligar-malha-viaria-das-regioes-sul-e-norte-do-piaui","status":"publish","type":"post","link":"https:\/\/noticiaempauta.com\/portal\/pavimentacao-da-pi-216-vai-ligar-malha-viaria-das-regioes-sul-e-norte-do-piaui\/","title":{"rendered":"Pavimenta\u00e7\u00e3o da PI-216 vai ligar malha vi\u00e1ria das regi\u00f5es sul e norte do Piau\u00ed"},"content":{"rendered":"\n<p>O Instituto de Desenvolvimento do Piau\u00ed (Idepi) continua avan\u00e7ando nas obras da rodovia PI-216, no trecho que liga Juazeiro do Piau\u00ed a Milton Brand\u00e3o. A obra faz parte da constru\u00e7\u00e3o de uma malha vi\u00e1ria que liga as regi\u00f5es sul e norte do estado. Com um investimento total de R$ 41.763.070, os servi\u00e7os t\u00eam previs\u00e3o de conclus\u00e3o no fim deste ano.<\/p>\n\n\n\n<figure class=\"wp-block-image size-full\"><img fetchpriority=\"high\" decoding=\"async\" width=\"1000\" height=\"424\" src=\"https:\/\/noticiaempauta.com\/portal\/wp-content\/uploads\/2024\/09\/large_Whats_App_Image_2024_09_19_at_12_06_09_d69ff3d726.jpeg\" alt=\"\" class=\"wp-image-262238\" srcset=\"https:\/\/noticiaempauta.com\/portal\/wp-content\/uploads\/2024\/09\/large_Whats_App_Image_2024_09_19_at_12_06_09_d69ff3d726.jpeg 1000w, https:\/\/noticiaempauta.com\/portal\/wp-content\/uploads\/2024\/09\/large_Whats_App_Image_2024_09_19_at_12_06_09_d69ff3d726-300x127.jpeg 300w, https:\/\/noticiaempauta.com\/portal\/wp-content\/uploads\/2024\/09\/large_Whats_App_Image_2024_09_19_at_12_06_09_d69ff3d726-768x326.jpeg 768w\" sizes=\"(max-width: 1000px) 100vw, 1000px\" \/><\/figure>\n\n\n\n<p>A PI-216 \u00e9 vista como um projeto estrat\u00e9gico, essencial para melhorar a conectividade entre as cidades, facilitando o transporte de pessoas e mercadorias. \u201cEssa rodovia vai impulsionar o desenvolvimento econ\u00f4mico local, al\u00e9m de contribuir para a seguran\u00e7a vi\u00e1ria, reduzindo o tempo de viagem e melhorando as condi\u00e7\u00f5es de tr\u00e1fego\u201d, destacou Felipe Eul\u00e1lio, diretor-geral do Idepi.<\/p>\n\n\n\n<p>Nesta semana, o governador Rafael Fonteles realizou uma visita t\u00e9cnica \u00e0 obra e ressaltou a import\u00e2ncia da rodovia para as comunidades locais. \u201c\u00c9 um sonho antigo das popula\u00e7\u00f5es de Milton Brand\u00e3o e Juazeiro do Piau\u00ed. Esta rodovia faz parte de um corredor rodovi\u00e1rio importante que ligar\u00e1 Picos a Pedro II, diminuindo bastante a dist\u00e2ncia entre essas duas cidades e gerando competitividade econ\u00f4mica\u201d, afirmou o gestor.<\/p>\n\n\n\n<figure class=\"wp-block-image size-full\"><img decoding=\"async\" width=\"500\" height=\"287\" src=\"https:\/\/noticiaempauta.com\/portal\/wp-content\/uploads\/2024\/09\/small_Whats_App_Image_2024_09_19_at_12_06_09_2_cb9f66db42.jpeg\" alt=\"\" class=\"wp-image-262237\" srcset=\"https:\/\/noticiaempauta.com\/portal\/wp-content\/uploads\/2024\/09\/small_Whats_App_Image_2024_09_19_at_12_06_09_2_cb9f66db42.jpeg 500w, https:\/\/noticiaempauta.com\/portal\/wp-content\/uploads\/2024\/09\/small_Whats_App_Image_2024_09_19_at_12_06_09_2_cb9f66db42-300x172.jpeg 300w\" sizes=\"(max-width: 500px) 100vw, 500px\" \/><\/figure>\n\n\n\n<p>A PI-216 \u00e9 apenas uma das diversas obras de infraestrutura que o Governo do Estado, por meio do Idepi, tem realizado no Piau\u00ed, refletindo um esfor\u00e7o cont\u00ednuo para melhorar a mobilidade e o desenvolvimento nas diversas regi\u00f5es do Piau\u00ed.<\/p>\n\n\n\n<p>CCOM-PI<\/p>\n","protected":false},"excerpt":{"rendered":"<p>Com um investimento total de R$ 41.763.070, os servi\u00e7os t\u00eam previs\u00e3o de conclus\u00e3o no fim deste ano.<\/p>\n","protected":false},"author":2,"featured_media":262238,"comment_status":"open","ping_status":"open","sticky":false,"template":"","format":"standard","meta":{"_mi_skip_tracking":false,"footnotes":""},"categories":[25,1,9,16],"tags":[],"class_list":["post-262236","post","type-post","status-publish","format-standard","has-post-thumbnail","hentry","category-destaques-site","category-geral","category-municipios","category-todas"],"acf":[],"yoast_head":"<!-- This site is optimized with the Yoast SEO Premium plugin v19.2 (Yoast SEO v26.9) - https:\/\/yoast.com\/product\/yoast-seo-premium-wordpress\/ -->\n<title>Pavimenta\u00e7\u00e3o da PI-216 vai ligar malha vi\u00e1ria das regi\u00f5es sul e norte do Piau\u00ed - Portal Not\u00edcia em Pauta<\/title>\n<meta name=\"robots\" content=\"index, follow, max-snippet:-1, max-image-preview:large, max-video-preview:-1\" \/>\n<link rel=\"canonical\" href=\"https:\/\/noticiaempauta.com\/portal\/pavimentacao-da-pi-216-vai-ligar-malha-viaria-das-regioes-sul-e-norte-do-piaui\/\" \/>\n<meta property=\"og:locale\" content=\"pt_BR\" \/>\n<meta property=\"og:type\" content=\"article\" \/>\n<meta property=\"og:title\" content=\"Pavimenta\u00e7\u00e3o da PI-216 vai ligar malha vi\u00e1ria das regi\u00f5es sul e norte do Piau\u00ed\" \/>\n<meta property=\"og:description\" content=\"Com um investimento total de R$ 41.763.070, os servi\u00e7os t\u00eam previs\u00e3o de conclus\u00e3o no fim deste ano.\" \/>\n<meta property=\"og:url\" content=\"https:\/\/noticiaempauta.com\/portal\/pavimentacao-da-pi-216-vai-ligar-malha-viaria-das-regioes-sul-e-norte-do-piaui\/\" \/>\n<meta property=\"og:site_name\" content=\"Portal Not\u00edcia em Pauta\" \/>\n<meta property=\"article:publisher\" content=\"https:\/\/www.facebook.com\/Portal-Notcia-Em-Pauta-102292869264820\/\" \/>\n<meta property=\"article:published_time\" content=\"2024-09-20T13:47:08+00:00\" \/>\n<meta property=\"article:modified_time\" content=\"2024-09-20T13:58:05+00:00\" \/>\n<meta property=\"og:image\" content=\"https:\/\/noticiaempauta.com\/portal\/wp-content\/uploads\/2024\/09\/large_Whats_App_Image_2024_09_19_at_12_06_09_d69ff3d726.jpeg\" \/>\n\t<meta property=\"og:image:width\" content=\"1000\" \/>\n\t<meta property=\"og:image:height\" content=\"424\" \/>\n\t<meta property=\"og:image:type\" content=\"image\/jpeg\" \/>\n<meta name=\"author\" content=\"Reda\u00e7\u00e3o\" \/>\n<meta name=\"twitter:card\" content=\"summary_large_image\" \/>\n<meta name=\"twitter:label1\" content=\"Escrito por\" \/>\n\t<meta name=\"twitter:data1\" content=\"Reda\u00e7\u00e3o\" \/>\n\t<meta name=\"twitter:label2\" content=\"Est. tempo de leitura\" \/>\n\t<meta name=\"twitter:data2\" content=\"2 minutos\" \/>\n<script type=\"application\/ld+json\" class=\"yoast-schema-graph\">{\"@context\":\"https:\/\/schema.org\",\"@graph\":[{\"@type\":\"Article\",\"@id\":\"https:\/\/noticiaempauta.com\/portal\/pavimentacao-da-pi-216-vai-ligar-malha-viaria-das-regioes-sul-e-norte-do-piaui\/#article\",\"isPartOf\":{\"@id\":\"https:\/\/noticiaempauta.com\/portal\/pavimentacao-da-pi-216-vai-ligar-malha-viaria-das-regioes-sul-e-norte-do-piaui\/\"},\"author\":{\"name\":\"Reda\u00e7\u00e3o\",\"@id\":\"https:\/\/noticiaempauta.com\/portal\/#\/schema\/person\/a74af43dd1ab3deca45f988c717d57ac\"},\"headline\":\"Pavimenta\u00e7\u00e3o da PI-216 vai ligar malha vi\u00e1ria das regi\u00f5es sul e norte do Piau\u00ed\",\"datePublished\":\"2024-09-20T13:47:08+00:00\",\"dateModified\":\"2024-09-20T13:58:05+00:00\",\"mainEntityOfPage\":{\"@id\":\"https:\/\/noticiaempauta.com\/portal\/pavimentacao-da-pi-216-vai-ligar-malha-viaria-das-regioes-sul-e-norte-do-piaui\/\"},\"wordCount\":259,\"commentCount\":0,\"publisher\":{\"@id\":\"https:\/\/noticiaempauta.com\/portal\/#organization\"},\"image\":{\"@id\":\"https:\/\/noticiaempauta.com\/portal\/pavimentacao-da-pi-216-vai-ligar-malha-viaria-das-regioes-sul-e-norte-do-piaui\/#primaryimage\"},\"thumbnailUrl\":\"https:\/\/noticiaempauta.com\/portal\/wp-content\/uploads\/2024\/09\/large_Whats_App_Image_2024_09_19_at_12_06_09_d69ff3d726.jpeg\",\"articleSection\":[\"Destaques\",\"Geral\",\"Munic\u00edpios\",\"Todas as Not\u00edcias\"],\"inLanguage\":\"pt-BR\",\"potentialAction\":[{\"@type\":\"CommentAction\",\"name\":\"Comment\",\"target\":[\"https:\/\/noticiaempauta.com\/portal\/pavimentacao-da-pi-216-vai-ligar-malha-viaria-das-regioes-sul-e-norte-do-piaui\/#respond\"]}]},{\"@type\":\"WebPage\",\"@id\":\"https:\/\/noticiaempauta.com\/portal\/pavimentacao-da-pi-216-vai-ligar-malha-viaria-das-regioes-sul-e-norte-do-piaui\/\",\"url\":\"https:\/\/noticiaempauta.com\/portal\/pavimentacao-da-pi-216-vai-ligar-malha-viaria-das-regioes-sul-e-norte-do-piaui\/\",\"name\":\"Pavimenta\u00e7\u00e3o da PI-216 vai ligar malha vi\u00e1ria das regi\u00f5es sul e norte do Piau\u00ed - Portal Not\u00edcia em Pauta\",\"isPartOf\":{\"@id\":\"https:\/\/noticiaempauta.com\/portal\/#website\"},\"primaryImageOfPage\":{\"@id\":\"https:\/\/noticiaempauta.com\/portal\/pavimentacao-da-pi-216-vai-ligar-malha-viaria-das-regioes-sul-e-norte-do-piaui\/#primaryimage\"},\"image\":{\"@id\":\"https:\/\/noticiaempauta.com\/portal\/pavimentacao-da-pi-216-vai-ligar-malha-viaria-das-regioes-sul-e-norte-do-piaui\/#primaryimage\"},\"thumbnailUrl\":\"https:\/\/noticiaempauta.com\/portal\/wp-content\/uploads\/2024\/09\/large_Whats_App_Image_2024_09_19_at_12_06_09_d69ff3d726.jpeg\",\"datePublished\":\"2024-09-20T13:47:08+00:00\",\"dateModified\":\"2024-09-20T13:58:05+00:00\",\"breadcrumb\":{\"@id\":\"https:\/\/noticiaempauta.com\/portal\/pavimentacao-da-pi-216-vai-ligar-malha-viaria-das-regioes-sul-e-norte-do-piaui\/#breadcrumb\"},\"inLanguage\":\"pt-BR\",\"potentialAction\":[{\"@type\":\"ReadAction\",\"target\":[\"https:\/\/noticiaempauta.com\/portal\/pavimentacao-da-pi-216-vai-ligar-malha-viaria-das-regioes-sul-e-norte-do-piaui\/\"]}]},{\"@type\":\"ImageObject\",\"inLanguage\":\"pt-BR\",\"@id\":\"https:\/\/noticiaempauta.com\/portal\/pavimentacao-da-pi-216-vai-ligar-malha-viaria-das-regioes-sul-e-norte-do-piaui\/#primaryimage\",\"url\":\"https:\/\/noticiaempauta.com\/portal\/wp-content\/uploads\/2024\/09\/large_Whats_App_Image_2024_09_19_at_12_06_09_d69ff3d726.jpeg\",\"contentUrl\":\"https:\/\/noticiaempauta.com\/portal\/wp-content\/uploads\/2024\/09\/large_Whats_App_Image_2024_09_19_at_12_06_09_d69ff3d726.jpeg\",\"width\":1000,\"height\":424},{\"@type\":\"BreadcrumbList\",\"@id\":\"https:\/\/noticiaempauta.com\/portal\/pavimentacao-da-pi-216-vai-ligar-malha-viaria-das-regioes-sul-e-norte-do-piaui\/#breadcrumb\",\"itemListElement\":[{\"@type\":\"ListItem\",\"position\":1,\"name\":\"P\u00e1gina Inicial\",\"item\":\"https:\/\/noticiaempauta.com\/portal\/\"},{\"@type\":\"ListItem\",\"position\":2,\"name\":\"Geral\",\"item\":\"https:\/\/noticiaempauta.com\/portal\/geral\/\"},{\"@type\":\"ListItem\",\"position\":3,\"name\":\"Pavimenta\u00e7\u00e3o da PI-216 vai ligar malha vi\u00e1ria das regi\u00f5es sul e norte do Piau\u00ed\"}]},{\"@type\":\"WebSite\",\"@id\":\"https:\/\/noticiaempauta.com\/portal\/#website\",\"url\":\"https:\/\/noticiaempauta.com\/portal\/\",\"name\":\"Portal Not\u00edcia em Pauta\",\"description\":\"Voc\u00ea bem informado\",\"publisher\":{\"@id\":\"https:\/\/noticiaempauta.com\/portal\/#organization\"},\"potentialAction\":[{\"@type\":\"SearchAction\",\"target\":{\"@type\":\"EntryPoint\",\"urlTemplate\":\"https:\/\/noticiaempauta.com\/portal\/?s={search_term_string}\"},\"query-input\":{\"@type\":\"PropertyValueSpecification\",\"valueRequired\":true,\"valueName\":\"search_term_string\"}}],\"inLanguage\":\"pt-BR\"},{\"@type\":\"Organization\",\"@id\":\"https:\/\/noticiaempauta.com\/portal\/#organization\",\"name\":\"Portal Not\u00edcia em Pauta\",\"url\":\"https:\/\/noticiaempauta.com\/portal\/\",\"logo\":{\"@type\":\"ImageObject\",\"inLanguage\":\"pt-BR\",\"@id\":\"https:\/\/noticiaempauta.com\/portal\/#\/schema\/logo\/image\/\",\"url\":\"https:\/\/noticiaempauta.com\/portal\/wp-content\/uploads\/2022\/08\/logomarca_tema.fw_.png\",\"contentUrl\":\"https:\/\/noticiaempauta.com\/portal\/wp-content\/uploads\/2022\/08\/logomarca_tema.fw_.png\",\"width\":400,\"height\":232,\"caption\":\"Portal Not\u00edcia em Pauta\"},\"image\":{\"@id\":\"https:\/\/noticiaempauta.com\/portal\/#\/schema\/logo\/image\/\"},\"sameAs\":[\"https:\/\/www.facebook.com\/Portal-Notcia-Em-Pauta-102292869264820\/\",\"https:\/\/www.instagram.com\/portalnoticiaempauta\/\"]},{\"@type\":\"Person\",\"@id\":\"https:\/\/noticiaempauta.com\/portal\/#\/schema\/person\/a74af43dd1ab3deca45f988c717d57ac\",\"name\":\"Reda\u00e7\u00e3o\",\"image\":{\"@type\":\"ImageObject\",\"inLanguage\":\"pt-BR\",\"@id\":\"https:\/\/noticiaempauta.com\/portal\/#\/schema\/person\/image\/\",\"url\":\"https:\/\/secure.gravatar.com\/avatar\/03179346ecce6cdfc13361603e8f54242a90e5cde8618fa23c5c00aa2b0aadf3?s=96&d=mm&r=g\",\"contentUrl\":\"https:\/\/secure.gravatar.com\/avatar\/03179346ecce6cdfc13361603e8f54242a90e5cde8618fa23c5c00aa2b0aadf3?s=96&d=mm&r=g\",\"caption\":\"Reda\u00e7\u00e3o\"},\"sameAs\":[\"https:\/\/noticiaempauta.com\/portal\/\"],\"url\":\"https:\/\/noticiaempauta.com\/portal\/author\/fernando\/\"}]}<\/script>\n<!-- \/ Yoast SEO Premium plugin. -->","yoast_head_json":{"title":"Pavimenta\u00e7\u00e3o da PI-216 vai ligar malha vi\u00e1ria das regi\u00f5es sul e norte do Piau\u00ed - Portal Not\u00edcia em Pauta","robots":{"index":"index","follow":"follow","max-snippet":"max-snippet:-1","max-image-preview":"max-image-preview:large","max-video-preview":"max-video-preview:-1"},"canonical":"https:\/\/noticiaempauta.com\/portal\/pavimentacao-da-pi-216-vai-ligar-malha-viaria-das-regioes-sul-e-norte-do-piaui\/","og_locale":"pt_BR","og_type":"article","og_title":"Pavimenta\u00e7\u00e3o da PI-216 vai ligar malha vi\u00e1ria das regi\u00f5es sul e norte do Piau\u00ed","og_description":"Com um investimento total de R$ 41.763.070, os servi\u00e7os t\u00eam previs\u00e3o de conclus\u00e3o no fim deste ano.","og_url":"https:\/\/noticiaempauta.com\/portal\/pavimentacao-da-pi-216-vai-ligar-malha-viaria-das-regioes-sul-e-norte-do-piaui\/","og_site_name":"Portal Not\u00edcia em Pauta","article_publisher":"https:\/\/www.facebook.com\/Portal-Notcia-Em-Pauta-102292869264820\/","article_published_time":"2024-09-20T13:47:08+00:00","article_modified_time":"2024-09-20T13:58:05+00:00","og_image":[{"width":1000,"height":424,"url":"https:\/\/noticiaempauta.com\/portal\/wp-content\/uploads\/2024\/09\/large_Whats_App_Image_2024_09_19_at_12_06_09_d69ff3d726.jpeg","type":"image\/jpeg"}],"author":"Reda\u00e7\u00e3o","twitter_card":"summary_large_image","twitter_misc":{"Escrito por":"Reda\u00e7\u00e3o","Est. tempo de leitura":"2 minutos"},"schema":{"@context":"https:\/\/schema.org","@graph":[{"@type":"Article","@id":"https:\/\/noticiaempauta.com\/portal\/pavimentacao-da-pi-216-vai-ligar-malha-viaria-das-regioes-sul-e-norte-do-piaui\/#article","isPartOf":{"@id":"https:\/\/noticiaempauta.com\/portal\/pavimentacao-da-pi-216-vai-ligar-malha-viaria-das-regioes-sul-e-norte-do-piaui\/"},"author":{"name":"Reda\u00e7\u00e3o","@id":"https:\/\/noticiaempauta.com\/portal\/#\/schema\/person\/a74af43dd1ab3deca45f988c717d57ac"},"headline":"Pavimenta\u00e7\u00e3o da PI-216 vai ligar malha vi\u00e1ria das regi\u00f5es sul e norte do Piau\u00ed","datePublished":"2024-09-20T13:47:08+00:00","dateModified":"2024-09-20T13:58:05+00:00","mainEntityOfPage":{"@id":"https:\/\/noticiaempauta.com\/portal\/pavimentacao-da-pi-216-vai-ligar-malha-viaria-das-regioes-sul-e-norte-do-piaui\/"},"wordCount":259,"commentCount":0,"publisher":{"@id":"https:\/\/noticiaempauta.com\/portal\/#organization"},"image":{"@id":"https:\/\/noticiaempauta.com\/portal\/pavimentacao-da-pi-216-vai-ligar-malha-viaria-das-regioes-sul-e-norte-do-piaui\/#primaryimage"},"thumbnailUrl":"https:\/\/noticiaempauta.com\/portal\/wp-content\/uploads\/2024\/09\/large_Whats_App_Image_2024_09_19_at_12_06_09_d69ff3d726.jpeg","articleSection":["Destaques","Geral","Munic\u00edpios","Todas as Not\u00edcias"],"inLanguage":"pt-BR","potentialAction":[{"@type":"CommentAction","name":"Comment","target":["https:\/\/noticiaempauta.com\/portal\/pavimentacao-da-pi-216-vai-ligar-malha-viaria-das-regioes-sul-e-norte-do-piaui\/#respond"]}]},{"@type":"WebPage","@id":"https:\/\/noticiaempauta.com\/portal\/pavimentacao-da-pi-216-vai-ligar-malha-viaria-das-regioes-sul-e-norte-do-piaui\/","url":"https:\/\/noticiaempauta.com\/portal\/pavimentacao-da-pi-216-vai-ligar-malha-viaria-das-regioes-sul-e-norte-do-piaui\/","name":"Pavimenta\u00e7\u00e3o da PI-216 vai ligar malha vi\u00e1ria das regi\u00f5es sul e norte do Piau\u00ed - Portal Not\u00edcia em Pauta","isPartOf":{"@id":"https:\/\/noticiaempauta.com\/portal\/#website"},"primaryImageOfPage":{"@id":"https:\/\/noticiaempauta.com\/portal\/pavimentacao-da-pi-216-vai-ligar-malha-viaria-das-regioes-sul-e-norte-do-piaui\/#primaryimage"},"image":{"@id":"https:\/\/noticiaempauta.com\/portal\/pavimentacao-da-pi-216-vai-ligar-malha-viaria-das-regioes-sul-e-norte-do-piaui\/#primaryimage"},"thumbnailUrl":"https:\/\/noticiaempauta.com\/portal\/wp-content\/uploads\/2024\/09\/large_Whats_App_Image_2024_09_19_at_12_06_09_d69ff3d726.jpeg","datePublished":"2024-09-20T13:47:08+00:00","dateModified":"2024-09-20T13:58:05+00:00","breadcrumb":{"@id":"https:\/\/noticiaempauta.com\/portal\/pavimentacao-da-pi-216-vai-ligar-malha-viaria-das-regioes-sul-e-norte-do-piaui\/#breadcrumb"},"inLanguage":"pt-BR","potentialAction":[{"@type":"ReadAction","target":["https:\/\/noticiaempauta.com\/portal\/pavimentacao-da-pi-216-vai-ligar-malha-viaria-das-regioes-sul-e-norte-do-piaui\/"]}]},{"@type":"ImageObject","inLanguage":"pt-BR","@id":"https:\/\/noticiaempauta.com\/portal\/pavimentacao-da-pi-216-vai-ligar-malha-viaria-das-regioes-sul-e-norte-do-piaui\/#primaryimage","url":"https:\/\/noticiaempauta.com\/portal\/wp-content\/uploads\/2024\/09\/large_Whats_App_Image_2024_09_19_at_12_06_09_d69ff3d726.jpeg","contentUrl":"https:\/\/noticiaempauta.com\/portal\/wp-content\/uploads\/2024\/09\/large_Whats_App_Image_2024_09_19_at_12_06_09_d69ff3d726.jpeg","width":1000,"height":424},{"@type":"BreadcrumbList","@id":"https:\/\/noticiaempauta.com\/portal\/pavimentacao-da-pi-216-vai-ligar-malha-viaria-das-regioes-sul-e-norte-do-piaui\/#breadcrumb","itemListElement":[{"@type":"ListItem","position":1,"name":"P\u00e1gina Inicial","item":"https:\/\/noticiaempauta.com\/portal\/"},{"@type":"ListItem","position":2,"name":"Geral","item":"https:\/\/noticiaempauta.com\/portal\/geral\/"},{"@type":"ListItem","position":3,"name":"Pavimenta\u00e7\u00e3o da PI-216 vai ligar malha vi\u00e1ria das regi\u00f5es sul e norte do Piau\u00ed"}]},{"@type":"WebSite","@id":"https:\/\/noticiaempauta.com\/portal\/#website","url":"https:\/\/noticiaempauta.com\/portal\/","name":"Portal Not\u00edcia em Pauta","description":"Voc\u00ea bem informado","publisher":{"@id":"https:\/\/noticiaempauta.com\/portal\/#organization"},"potentialAction":[{"@type":"SearchAction","target":{"@type":"EntryPoint","urlTemplate":"https:\/\/noticiaempauta.com\/portal\/?s={search_term_string}"},"query-input":{"@type":"PropertyValueSpecification","valueRequired":true,"valueName":"search_term_string"}}],"inLanguage":"pt-BR"},{"@type":"Organization","@id":"https:\/\/noticiaempauta.com\/portal\/#organization","name":"Portal Not\u00edcia em Pauta","url":"https:\/\/noticiaempauta.com\/portal\/","logo":{"@type":"ImageObject","inLanguage":"pt-BR","@id":"https:\/\/noticiaempauta.com\/portal\/#\/schema\/logo\/image\/","url":"https:\/\/noticiaempauta.com\/portal\/wp-content\/uploads\/2022\/08\/logomarca_tema.fw_.png","contentUrl":"https:\/\/noticiaempauta.com\/portal\/wp-content\/uploads\/2022\/08\/logomarca_tema.fw_.png","width":400,"height":232,"caption":"Portal Not\u00edcia em Pauta"},"image":{"@id":"https:\/\/noticiaempauta.com\/portal\/#\/schema\/logo\/image\/"},"sameAs":["https:\/\/www.facebook.com\/Portal-Notcia-Em-Pauta-102292869264820\/","https:\/\/www.instagram.com\/portalnoticiaempauta\/"]},{"@type":"Person","@id":"https:\/\/noticiaempauta.com\/portal\/#\/schema\/person\/a74af43dd1ab3deca45f988c717d57ac","name":"Reda\u00e7\u00e3o","image":{"@type":"ImageObject","inLanguage":"pt-BR","@id":"https:\/\/noticiaempauta.com\/portal\/#\/schema\/person\/image\/","url":"https:\/\/secure.gravatar.com\/avatar\/03179346ecce6cdfc13361603e8f54242a90e5cde8618fa23c5c00aa2b0aadf3?s=96&d=mm&r=g","contentUrl":"https:\/\/secure.gravatar.com\/avatar\/03179346ecce6cdfc13361603e8f54242a90e5cde8618fa23c5c00aa2b0aadf3?s=96&d=mm&r=g","caption":"Reda\u00e7\u00e3o"},"sameAs":["https:\/\/noticiaempauta.com\/portal\/"],"url":"https:\/\/noticiaempauta.com\/portal\/author\/fernando\/"}]}},"_links":{"self":[{"href":"https:\/\/noticiaempauta.com\/portal\/wp-json\/wp\/v2\/posts\/262236","targetHints":{"allow":["GET"]}}],"collection":[{"href":"https:\/\/noticiaempauta.com\/portal\/wp-json\/wp\/v2\/posts"}],"about":[{"href":"https:\/\/noticiaempauta.com\/portal\/wp-json\/wp\/v2\/types\/post"}],"author":[{"embeddable":true,"href":"https:\/\/noticiaempauta.com\/portal\/wp-json\/wp\/v2\/users\/2"}],"replies":[{"embeddable":true,"href":"https:\/\/noticiaempauta.com\/portal\/wp-json\/wp\/v2\/comments?post=262236"}],"version-history":[{"count":2,"href":"https:\/\/noticiaempauta.com\/portal\/wp-json\/wp\/v2\/posts\/262236\/revisions"}],"predecessor-version":[{"id":262240,"href":"https:\/\/noticiaempauta.com\/portal\/wp-json\/wp\/v2\/posts\/262236\/revisions\/262240"}],"wp:featuredmedia":[{"embeddable":true,"href":"https:\/\/noticiaempauta.com\/portal\/wp-json\/wp\/v2\/media\/262238"}],"wp:attachment":[{"href":"https:\/\/noticiaempauta.com\/portal\/wp-json\/wp\/v2\/media?parent=262236"}],"wp:term":[{"taxonomy":"category","embeddable":true,"href":"https:\/\/noticiaempauta.com\/portal\/wp-json\/wp\/v2\/categories?post=262236"},{"taxonomy":"post_tag","embeddable":true,"href":"https:\/\/noticiaempauta.com\/portal\/wp-json\/wp\/v2\/tags?post=262236"}],"curies":[{"name":"wp","href":"https:\/\/api.w.org\/{rel}","templated":true}]}}