{"id":262241,"date":"2024-09-20T19:01:54","date_gmt":"2024-09-20T22:01:54","guid":{"rendered":"https:\/\/noticiaempauta.com\/portal\/?p=262241"},"modified":"2024-09-20T20:21:30","modified_gmt":"2024-09-20T23:21:30","slug":"labitec-connect-2024-evento-de-invocacao-tecnologica-acontece-neste-sabado-20-em-picos","status":"publish","type":"post","link":"https:\/\/noticiaempauta.com\/portal\/labitec-connect-2024-evento-de-invocacao-tecnologica-acontece-neste-sabado-20-em-picos\/","title":{"rendered":"LABITEC CONNECT 2024: Evento de invoca\u00e7\u00e3o tecnol\u00f3gica acontece neste s\u00e1bado (21), em Picos"},"content":{"rendered":"\n<p>Acontece neste s\u00e1bado (21), a partir das 18h00, o Labitec Connect 2024, no Espa\u00e7o Unique do Piau\u00ed Shopping.<\/p>\n\n\n\n<figure class=\"wp-block-image size-large\"><img fetchpriority=\"high\" decoding=\"async\" width=\"1024\" height=\"530\" src=\"https:\/\/noticiaempauta.com\/portal\/wp-content\/uploads\/2024\/09\/d5bab812-01d4-4971-9937-9b4840023eea-1024x530.jpeg\" alt=\"\" class=\"wp-image-262242\" srcset=\"https:\/\/noticiaempauta.com\/portal\/wp-content\/uploads\/2024\/09\/d5bab812-01d4-4971-9937-9b4840023eea-1024x530.jpeg 1024w, https:\/\/noticiaempauta.com\/portal\/wp-content\/uploads\/2024\/09\/d5bab812-01d4-4971-9937-9b4840023eea-300x155.jpeg 300w, https:\/\/noticiaempauta.com\/portal\/wp-content\/uploads\/2024\/09\/d5bab812-01d4-4971-9937-9b4840023eea-768x398.jpeg 768w, https:\/\/noticiaempauta.com\/portal\/wp-content\/uploads\/2024\/09\/d5bab812-01d4-4971-9937-9b4840023eea.jpeg 1080w\" sizes=\"(max-width: 1024px) 100vw, 1024px\" \/><\/figure>\n\n\n\n<p>O Labitec &#8211; Laborat\u00f3rio de Inova\u00e7\u00e3o, Tecnologia e Criatividade &#8211; tem como proposta fomentar o empreendedorismo e a inova\u00e7\u00e3o na microrregi\u00e3o de Picos, com planos de expans\u00e3o para o centro-sul do estado.<\/p>\n\n\n\n<p>Atuando na educa\u00e7\u00e3o, tecnologia, esporte, inova\u00e7\u00e3o, neg\u00f3cios e criatividade, o Labitec Connect vem para conectar empresas, poder p\u00fablico, institui\u00e7\u00f5es de ensino e investidores, a fim de instruir acad\u00eamicos e profissionais, estimulando a cria\u00e7\u00e3o de startups, produtos e servi\u00e7os baseados em problemas reais de empresas parceiras.<\/p>\n\n\n\n<p>&#8220;O Labitec Connect \u00e9 um ponto de encontro para aqueles que buscam explorar novas ideias, aprender sobre as \u00faltimas tend\u00eancias do mercado, compartilhar experi\u00eancias e criar oportunidades de colabora\u00e7\u00e3o. Nosso objetivo principal \u00e9 transformar conex\u00f5es em oportunidades&#8221;,<\/p>\n\n\n\n<p>Durante o evento ser\u00e3o abordadas as tem\u00e1ticas:<\/p>\n\n\n\n<ul class=\"wp-block-list\">\n<li>Marketing e CRM &#8211; como a gest\u00e3o de relacionamento impulsiona vendas<\/li>\n\n\n\n<li>Case de sucesso &#8211; Bertron, Viagens e Turismo<\/li>\n\n\n\n<li>O poder das Soft Skills &#8211; habilidades emocionais al\u00e9m da tecnologia<\/li>\n<\/ul>\n\n\n\n<p>Al\u00e9m das palestras, no Labitec Connect, os participantes receber\u00e3o kits credenciais, participar\u00e3o de sorteios, ter\u00e3o oportunidade de networkimg e receber\u00e3o certificado.<\/p>\n","protected":false},"excerpt":{"rendered":"<p>Acontece neste s\u00e1bado (21), a partir das 18h00, o Labitec Connect 2024, no Espa\u00e7o Unique do Piau\u00ed Shopping. O Labitec &#8211; Laborat\u00f3rio de Inova\u00e7\u00e3o, Tecnologia e Criatividade &#8211; tem como proposta fomentar o empreendedorismo e a inova\u00e7\u00e3o na microrregi\u00e3o de Picos, com planos de expans\u00e3o para o centro-sul do estado. Atuando na educa\u00e7\u00e3o, tecnologia, esporte, [&hellip;]<\/p>\n","protected":false},"author":2,"featured_media":262242,"comment_status":"open","ping_status":"open","sticky":false,"template":"","format":"standard","meta":{"_mi_skip_tracking":false,"footnotes":""},"categories":[25,1,16],"tags":[],"class_list":["post-262241","post","type-post","status-publish","format-standard","has-post-thumbnail","hentry","category-destaques-site","category-geral","category-todas"],"acf":[],"yoast_head":"<!-- This site is optimized with the Yoast SEO Premium plugin v19.2 (Yoast SEO v26.9) - https:\/\/yoast.com\/product\/yoast-seo-premium-wordpress\/ -->\n<title>LABITEC CONNECT 2024: Evento de invoca\u00e7\u00e3o tecnol\u00f3gica acontece neste s\u00e1bado (21), em Picos - Portal Not\u00edcia em Pauta<\/title>\n<meta name=\"robots\" content=\"index, follow, max-snippet:-1, max-image-preview:large, max-video-preview:-1\" \/>\n<link rel=\"canonical\" href=\"https:\/\/noticiaempauta.com\/portal\/labitec-connect-2024-evento-de-invocacao-tecnologica-acontece-neste-sabado-20-em-picos\/\" \/>\n<meta property=\"og:locale\" content=\"pt_BR\" \/>\n<meta property=\"og:type\" content=\"article\" \/>\n<meta property=\"og:title\" content=\"LABITEC CONNECT 2024: Evento de invoca\u00e7\u00e3o tecnol\u00f3gica acontece neste s\u00e1bado (21), em Picos\" \/>\n<meta property=\"og:description\" content=\"Acontece neste s\u00e1bado (21), a partir das 18h00, o Labitec Connect 2024, no Espa\u00e7o Unique do Piau\u00ed Shopping. O Labitec &#8211; Laborat\u00f3rio de Inova\u00e7\u00e3o, Tecnologia e Criatividade &#8211; tem como proposta fomentar o empreendedorismo e a inova\u00e7\u00e3o na microrregi\u00e3o de Picos, com planos de expans\u00e3o para o centro-sul do estado. Atuando na educa\u00e7\u00e3o, tecnologia, esporte, [&hellip;]\" \/>\n<meta property=\"og:url\" content=\"https:\/\/noticiaempauta.com\/portal\/labitec-connect-2024-evento-de-invocacao-tecnologica-acontece-neste-sabado-20-em-picos\/\" \/>\n<meta property=\"og:site_name\" content=\"Portal Not\u00edcia em Pauta\" \/>\n<meta property=\"article:publisher\" content=\"https:\/\/www.facebook.com\/Portal-Notcia-Em-Pauta-102292869264820\/\" \/>\n<meta property=\"article:published_time\" content=\"2024-09-20T22:01:54+00:00\" \/>\n<meta property=\"article:modified_time\" content=\"2024-09-20T23:21:30+00:00\" \/>\n<meta property=\"og:image\" content=\"https:\/\/noticiaempauta.com\/portal\/wp-content\/uploads\/2024\/09\/d5bab812-01d4-4971-9937-9b4840023eea.jpeg\" \/>\n\t<meta property=\"og:image:width\" content=\"1080\" \/>\n\t<meta property=\"og:image:height\" content=\"559\" \/>\n\t<meta property=\"og:image:type\" content=\"image\/jpeg\" \/>\n<meta name=\"author\" content=\"Reda\u00e7\u00e3o\" \/>\n<meta name=\"twitter:card\" content=\"summary_large_image\" \/>\n<meta name=\"twitter:label1\" content=\"Escrito por\" \/>\n\t<meta name=\"twitter:data1\" content=\"Reda\u00e7\u00e3o\" \/>\n\t<meta name=\"twitter:label2\" content=\"Est. tempo de leitura\" \/>\n\t<meta name=\"twitter:data2\" content=\"2 minutos\" \/>\n<script type=\"application\/ld+json\" class=\"yoast-schema-graph\">{\"@context\":\"https:\/\/schema.org\",\"@graph\":[{\"@type\":\"Article\",\"@id\":\"https:\/\/noticiaempauta.com\/portal\/labitec-connect-2024-evento-de-invocacao-tecnologica-acontece-neste-sabado-20-em-picos\/#article\",\"isPartOf\":{\"@id\":\"https:\/\/noticiaempauta.com\/portal\/labitec-connect-2024-evento-de-invocacao-tecnologica-acontece-neste-sabado-20-em-picos\/\"},\"author\":{\"name\":\"Reda\u00e7\u00e3o\",\"@id\":\"https:\/\/noticiaempauta.com\/portal\/#\/schema\/person\/a74af43dd1ab3deca45f988c717d57ac\"},\"headline\":\"LABITEC CONNECT 2024: Evento de invoca\u00e7\u00e3o tecnol\u00f3gica acontece neste s\u00e1bado (21), em Picos\",\"datePublished\":\"2024-09-20T22:01:54+00:00\",\"dateModified\":\"2024-09-20T23:21:30+00:00\",\"mainEntityOfPage\":{\"@id\":\"https:\/\/noticiaempauta.com\/portal\/labitec-connect-2024-evento-de-invocacao-tecnologica-acontece-neste-sabado-20-em-picos\/\"},\"wordCount\":228,\"commentCount\":0,\"publisher\":{\"@id\":\"https:\/\/noticiaempauta.com\/portal\/#organization\"},\"image\":{\"@id\":\"https:\/\/noticiaempauta.com\/portal\/labitec-connect-2024-evento-de-invocacao-tecnologica-acontece-neste-sabado-20-em-picos\/#primaryimage\"},\"thumbnailUrl\":\"https:\/\/noticiaempauta.com\/portal\/wp-content\/uploads\/2024\/09\/d5bab812-01d4-4971-9937-9b4840023eea.jpeg\",\"articleSection\":[\"Destaques\",\"Geral\",\"Todas as Not\u00edcias\"],\"inLanguage\":\"pt-BR\",\"potentialAction\":[{\"@type\":\"CommentAction\",\"name\":\"Comment\",\"target\":[\"https:\/\/noticiaempauta.com\/portal\/labitec-connect-2024-evento-de-invocacao-tecnologica-acontece-neste-sabado-20-em-picos\/#respond\"]}]},{\"@type\":\"WebPage\",\"@id\":\"https:\/\/noticiaempauta.com\/portal\/labitec-connect-2024-evento-de-invocacao-tecnologica-acontece-neste-sabado-20-em-picos\/\",\"url\":\"https:\/\/noticiaempauta.com\/portal\/labitec-connect-2024-evento-de-invocacao-tecnologica-acontece-neste-sabado-20-em-picos\/\",\"name\":\"LABITEC CONNECT 2024: Evento de invoca\u00e7\u00e3o tecnol\u00f3gica acontece neste s\u00e1bado (21), em Picos - Portal Not\u00edcia em Pauta\",\"isPartOf\":{\"@id\":\"https:\/\/noticiaempauta.com\/portal\/#website\"},\"primaryImageOfPage\":{\"@id\":\"https:\/\/noticiaempauta.com\/portal\/labitec-connect-2024-evento-de-invocacao-tecnologica-acontece-neste-sabado-20-em-picos\/#primaryimage\"},\"image\":{\"@id\":\"https:\/\/noticiaempauta.com\/portal\/labitec-connect-2024-evento-de-invocacao-tecnologica-acontece-neste-sabado-20-em-picos\/#primaryimage\"},\"thumbnailUrl\":\"https:\/\/noticiaempauta.com\/portal\/wp-content\/uploads\/2024\/09\/d5bab812-01d4-4971-9937-9b4840023eea.jpeg\",\"datePublished\":\"2024-09-20T22:01:54+00:00\",\"dateModified\":\"2024-09-20T23:21:30+00:00\",\"breadcrumb\":{\"@id\":\"https:\/\/noticiaempauta.com\/portal\/labitec-connect-2024-evento-de-invocacao-tecnologica-acontece-neste-sabado-20-em-picos\/#breadcrumb\"},\"inLanguage\":\"pt-BR\",\"potentialAction\":[{\"@type\":\"ReadAction\",\"target\":[\"https:\/\/noticiaempauta.com\/portal\/labitec-connect-2024-evento-de-invocacao-tecnologica-acontece-neste-sabado-20-em-picos\/\"]}]},{\"@type\":\"ImageObject\",\"inLanguage\":\"pt-BR\",\"@id\":\"https:\/\/noticiaempauta.com\/portal\/labitec-connect-2024-evento-de-invocacao-tecnologica-acontece-neste-sabado-20-em-picos\/#primaryimage\",\"url\":\"https:\/\/noticiaempauta.com\/portal\/wp-content\/uploads\/2024\/09\/d5bab812-01d4-4971-9937-9b4840023eea.jpeg\",\"contentUrl\":\"https:\/\/noticiaempauta.com\/portal\/wp-content\/uploads\/2024\/09\/d5bab812-01d4-4971-9937-9b4840023eea.jpeg\",\"width\":1080,\"height\":559},{\"@type\":\"BreadcrumbList\",\"@id\":\"https:\/\/noticiaempauta.com\/portal\/labitec-connect-2024-evento-de-invocacao-tecnologica-acontece-neste-sabado-20-em-picos\/#breadcrumb\",\"itemListElement\":[{\"@type\":\"ListItem\",\"position\":1,\"name\":\"P\u00e1gina Inicial\",\"item\":\"https:\/\/noticiaempauta.com\/portal\/\"},{\"@type\":\"ListItem\",\"position\":2,\"name\":\"Destaques\",\"item\":\"https:\/\/noticiaempauta.com\/portal\/destaques-site\/\"},{\"@type\":\"ListItem\",\"position\":3,\"name\":\"LABITEC CONNECT 2024: Evento de invoca\u00e7\u00e3o tecnol\u00f3gica acontece neste s\u00e1bado (21), em Picos\"}]},{\"@type\":\"WebSite\",\"@id\":\"https:\/\/noticiaempauta.com\/portal\/#website\",\"url\":\"https:\/\/noticiaempauta.com\/portal\/\",\"name\":\"Portal Not\u00edcia em Pauta\",\"description\":\"Voc\u00ea bem informado\",\"publisher\":{\"@id\":\"https:\/\/noticiaempauta.com\/portal\/#organization\"},\"potentialAction\":[{\"@type\":\"SearchAction\",\"target\":{\"@type\":\"EntryPoint\",\"urlTemplate\":\"https:\/\/noticiaempauta.com\/portal\/?s={search_term_string}\"},\"query-input\":{\"@type\":\"PropertyValueSpecification\",\"valueRequired\":true,\"valueName\":\"search_term_string\"}}],\"inLanguage\":\"pt-BR\"},{\"@type\":\"Organization\",\"@id\":\"https:\/\/noticiaempauta.com\/portal\/#organization\",\"name\":\"Portal Not\u00edcia em Pauta\",\"url\":\"https:\/\/noticiaempauta.com\/portal\/\",\"logo\":{\"@type\":\"ImageObject\",\"inLanguage\":\"pt-BR\",\"@id\":\"https:\/\/noticiaempauta.com\/portal\/#\/schema\/logo\/image\/\",\"url\":\"https:\/\/noticiaempauta.com\/portal\/wp-content\/uploads\/2022\/08\/logomarca_tema.fw_.png\",\"contentUrl\":\"https:\/\/noticiaempauta.com\/portal\/wp-content\/uploads\/2022\/08\/logomarca_tema.fw_.png\",\"width\":400,\"height\":232,\"caption\":\"Portal Not\u00edcia em Pauta\"},\"image\":{\"@id\":\"https:\/\/noticiaempauta.com\/portal\/#\/schema\/logo\/image\/\"},\"sameAs\":[\"https:\/\/www.facebook.com\/Portal-Notcia-Em-Pauta-102292869264820\/\",\"https:\/\/www.instagram.com\/portalnoticiaempauta\/\"]},{\"@type\":\"Person\",\"@id\":\"https:\/\/noticiaempauta.com\/portal\/#\/schema\/person\/a74af43dd1ab3deca45f988c717d57ac\",\"name\":\"Reda\u00e7\u00e3o\",\"image\":{\"@type\":\"ImageObject\",\"inLanguage\":\"pt-BR\",\"@id\":\"https:\/\/noticiaempauta.com\/portal\/#\/schema\/person\/image\/\",\"url\":\"https:\/\/secure.gravatar.com\/avatar\/03179346ecce6cdfc13361603e8f54242a90e5cde8618fa23c5c00aa2b0aadf3?s=96&d=mm&r=g\",\"contentUrl\":\"https:\/\/secure.gravatar.com\/avatar\/03179346ecce6cdfc13361603e8f54242a90e5cde8618fa23c5c00aa2b0aadf3?s=96&d=mm&r=g\",\"caption\":\"Reda\u00e7\u00e3o\"},\"sameAs\":[\"https:\/\/noticiaempauta.com\/portal\/\"],\"url\":\"https:\/\/noticiaempauta.com\/portal\/author\/fernando\/\"}]}<\/script>\n<!-- \/ Yoast SEO Premium plugin. -->","yoast_head_json":{"title":"LABITEC CONNECT 2024: Evento de invoca\u00e7\u00e3o tecnol\u00f3gica acontece neste s\u00e1bado (21), em Picos - Portal Not\u00edcia em Pauta","robots":{"index":"index","follow":"follow","max-snippet":"max-snippet:-1","max-image-preview":"max-image-preview:large","max-video-preview":"max-video-preview:-1"},"canonical":"https:\/\/noticiaempauta.com\/portal\/labitec-connect-2024-evento-de-invocacao-tecnologica-acontece-neste-sabado-20-em-picos\/","og_locale":"pt_BR","og_type":"article","og_title":"LABITEC CONNECT 2024: Evento de invoca\u00e7\u00e3o tecnol\u00f3gica acontece neste s\u00e1bado (21), em Picos","og_description":"Acontece neste s\u00e1bado (21), a partir das 18h00, o Labitec Connect 2024, no Espa\u00e7o Unique do Piau\u00ed Shopping. O Labitec &#8211; Laborat\u00f3rio de Inova\u00e7\u00e3o, Tecnologia e Criatividade &#8211; tem como proposta fomentar o empreendedorismo e a inova\u00e7\u00e3o na microrregi\u00e3o de Picos, com planos de expans\u00e3o para o centro-sul do estado. Atuando na educa\u00e7\u00e3o, tecnologia, esporte, [&hellip;]","og_url":"https:\/\/noticiaempauta.com\/portal\/labitec-connect-2024-evento-de-invocacao-tecnologica-acontece-neste-sabado-20-em-picos\/","og_site_name":"Portal Not\u00edcia em Pauta","article_publisher":"https:\/\/www.facebook.com\/Portal-Notcia-Em-Pauta-102292869264820\/","article_published_time":"2024-09-20T22:01:54+00:00","article_modified_time":"2024-09-20T23:21:30+00:00","og_image":[{"width":1080,"height":559,"url":"https:\/\/noticiaempauta.com\/portal\/wp-content\/uploads\/2024\/09\/d5bab812-01d4-4971-9937-9b4840023eea.jpeg","type":"image\/jpeg"}],"author":"Reda\u00e7\u00e3o","twitter_card":"summary_large_image","twitter_misc":{"Escrito por":"Reda\u00e7\u00e3o","Est. tempo de leitura":"2 minutos"},"schema":{"@context":"https:\/\/schema.org","@graph":[{"@type":"Article","@id":"https:\/\/noticiaempauta.com\/portal\/labitec-connect-2024-evento-de-invocacao-tecnologica-acontece-neste-sabado-20-em-picos\/#article","isPartOf":{"@id":"https:\/\/noticiaempauta.com\/portal\/labitec-connect-2024-evento-de-invocacao-tecnologica-acontece-neste-sabado-20-em-picos\/"},"author":{"name":"Reda\u00e7\u00e3o","@id":"https:\/\/noticiaempauta.com\/portal\/#\/schema\/person\/a74af43dd1ab3deca45f988c717d57ac"},"headline":"LABITEC CONNECT 2024: Evento de invoca\u00e7\u00e3o tecnol\u00f3gica acontece neste s\u00e1bado (21), em Picos","datePublished":"2024-09-20T22:01:54+00:00","dateModified":"2024-09-20T23:21:30+00:00","mainEntityOfPage":{"@id":"https:\/\/noticiaempauta.com\/portal\/labitec-connect-2024-evento-de-invocacao-tecnologica-acontece-neste-sabado-20-em-picos\/"},"wordCount":228,"commentCount":0,"publisher":{"@id":"https:\/\/noticiaempauta.com\/portal\/#organization"},"image":{"@id":"https:\/\/noticiaempauta.com\/portal\/labitec-connect-2024-evento-de-invocacao-tecnologica-acontece-neste-sabado-20-em-picos\/#primaryimage"},"thumbnailUrl":"https:\/\/noticiaempauta.com\/portal\/wp-content\/uploads\/2024\/09\/d5bab812-01d4-4971-9937-9b4840023eea.jpeg","articleSection":["Destaques","Geral","Todas as Not\u00edcias"],"inLanguage":"pt-BR","potentialAction":[{"@type":"CommentAction","name":"Comment","target":["https:\/\/noticiaempauta.com\/portal\/labitec-connect-2024-evento-de-invocacao-tecnologica-acontece-neste-sabado-20-em-picos\/#respond"]}]},{"@type":"WebPage","@id":"https:\/\/noticiaempauta.com\/portal\/labitec-connect-2024-evento-de-invocacao-tecnologica-acontece-neste-sabado-20-em-picos\/","url":"https:\/\/noticiaempauta.com\/portal\/labitec-connect-2024-evento-de-invocacao-tecnologica-acontece-neste-sabado-20-em-picos\/","name":"LABITEC CONNECT 2024: Evento de invoca\u00e7\u00e3o tecnol\u00f3gica acontece neste s\u00e1bado (21), em Picos - Portal Not\u00edcia em Pauta","isPartOf":{"@id":"https:\/\/noticiaempauta.com\/portal\/#website"},"primaryImageOfPage":{"@id":"https:\/\/noticiaempauta.com\/portal\/labitec-connect-2024-evento-de-invocacao-tecnologica-acontece-neste-sabado-20-em-picos\/#primaryimage"},"image":{"@id":"https:\/\/noticiaempauta.com\/portal\/labitec-connect-2024-evento-de-invocacao-tecnologica-acontece-neste-sabado-20-em-picos\/#primaryimage"},"thumbnailUrl":"https:\/\/noticiaempauta.com\/portal\/wp-content\/uploads\/2024\/09\/d5bab812-01d4-4971-9937-9b4840023eea.jpeg","datePublished":"2024-09-20T22:01:54+00:00","dateModified":"2024-09-20T23:21:30+00:00","breadcrumb":{"@id":"https:\/\/noticiaempauta.com\/portal\/labitec-connect-2024-evento-de-invocacao-tecnologica-acontece-neste-sabado-20-em-picos\/#breadcrumb"},"inLanguage":"pt-BR","potentialAction":[{"@type":"ReadAction","target":["https:\/\/noticiaempauta.com\/portal\/labitec-connect-2024-evento-de-invocacao-tecnologica-acontece-neste-sabado-20-em-picos\/"]}]},{"@type":"ImageObject","inLanguage":"pt-BR","@id":"https:\/\/noticiaempauta.com\/portal\/labitec-connect-2024-evento-de-invocacao-tecnologica-acontece-neste-sabado-20-em-picos\/#primaryimage","url":"https:\/\/noticiaempauta.com\/portal\/wp-content\/uploads\/2024\/09\/d5bab812-01d4-4971-9937-9b4840023eea.jpeg","contentUrl":"https:\/\/noticiaempauta.com\/portal\/wp-content\/uploads\/2024\/09\/d5bab812-01d4-4971-9937-9b4840023eea.jpeg","width":1080,"height":559},{"@type":"BreadcrumbList","@id":"https:\/\/noticiaempauta.com\/portal\/labitec-connect-2024-evento-de-invocacao-tecnologica-acontece-neste-sabado-20-em-picos\/#breadcrumb","itemListElement":[{"@type":"ListItem","position":1,"name":"P\u00e1gina Inicial","item":"https:\/\/noticiaempauta.com\/portal\/"},{"@type":"ListItem","position":2,"name":"Destaques","item":"https:\/\/noticiaempauta.com\/portal\/destaques-site\/"},{"@type":"ListItem","position":3,"name":"LABITEC CONNECT 2024: Evento de invoca\u00e7\u00e3o tecnol\u00f3gica acontece neste s\u00e1bado (21), em Picos"}]},{"@type":"WebSite","@id":"https:\/\/noticiaempauta.com\/portal\/#website","url":"https:\/\/noticiaempauta.com\/portal\/","name":"Portal Not\u00edcia em Pauta","description":"Voc\u00ea bem informado","publisher":{"@id":"https:\/\/noticiaempauta.com\/portal\/#organization"},"potentialAction":[{"@type":"SearchAction","target":{"@type":"EntryPoint","urlTemplate":"https:\/\/noticiaempauta.com\/portal\/?s={search_term_string}"},"query-input":{"@type":"PropertyValueSpecification","valueRequired":true,"valueName":"search_term_string"}}],"inLanguage":"pt-BR"},{"@type":"Organization","@id":"https:\/\/noticiaempauta.com\/portal\/#organization","name":"Portal Not\u00edcia em Pauta","url":"https:\/\/noticiaempauta.com\/portal\/","logo":{"@type":"ImageObject","inLanguage":"pt-BR","@id":"https:\/\/noticiaempauta.com\/portal\/#\/schema\/logo\/image\/","url":"https:\/\/noticiaempauta.com\/portal\/wp-content\/uploads\/2022\/08\/logomarca_tema.fw_.png","contentUrl":"https:\/\/noticiaempauta.com\/portal\/wp-content\/uploads\/2022\/08\/logomarca_tema.fw_.png","width":400,"height":232,"caption":"Portal Not\u00edcia em Pauta"},"image":{"@id":"https:\/\/noticiaempauta.com\/portal\/#\/schema\/logo\/image\/"},"sameAs":["https:\/\/www.facebook.com\/Portal-Notcia-Em-Pauta-102292869264820\/","https:\/\/www.instagram.com\/portalnoticiaempauta\/"]},{"@type":"Person","@id":"https:\/\/noticiaempauta.com\/portal\/#\/schema\/person\/a74af43dd1ab3deca45f988c717d57ac","name":"Reda\u00e7\u00e3o","image":{"@type":"ImageObject","inLanguage":"pt-BR","@id":"https:\/\/noticiaempauta.com\/portal\/#\/schema\/person\/image\/","url":"https:\/\/secure.gravatar.com\/avatar\/03179346ecce6cdfc13361603e8f54242a90e5cde8618fa23c5c00aa2b0aadf3?s=96&d=mm&r=g","contentUrl":"https:\/\/secure.gravatar.com\/avatar\/03179346ecce6cdfc13361603e8f54242a90e5cde8618fa23c5c00aa2b0aadf3?s=96&d=mm&r=g","caption":"Reda\u00e7\u00e3o"},"sameAs":["https:\/\/noticiaempauta.com\/portal\/"],"url":"https:\/\/noticiaempauta.com\/portal\/author\/fernando\/"}]}},"_links":{"self":[{"href":"https:\/\/noticiaempauta.com\/portal\/wp-json\/wp\/v2\/posts\/262241","targetHints":{"allow":["GET"]}}],"collection":[{"href":"https:\/\/noticiaempauta.com\/portal\/wp-json\/wp\/v2\/posts"}],"about":[{"href":"https:\/\/noticiaempauta.com\/portal\/wp-json\/wp\/v2\/types\/post"}],"author":[{"embeddable":true,"href":"https:\/\/noticiaempauta.com\/portal\/wp-json\/wp\/v2\/users\/2"}],"replies":[{"embeddable":true,"href":"https:\/\/noticiaempauta.com\/portal\/wp-json\/wp\/v2\/comments?post=262241"}],"version-history":[{"count":2,"href":"https:\/\/noticiaempauta.com\/portal\/wp-json\/wp\/v2\/posts\/262241\/revisions"}],"predecessor-version":[{"id":262244,"href":"https:\/\/noticiaempauta.com\/portal\/wp-json\/wp\/v2\/posts\/262241\/revisions\/262244"}],"wp:featuredmedia":[{"embeddable":true,"href":"https:\/\/noticiaempauta.com\/portal\/wp-json\/wp\/v2\/media\/262242"}],"wp:attachment":[{"href":"https:\/\/noticiaempauta.com\/portal\/wp-json\/wp\/v2\/media?parent=262241"}],"wp:term":[{"taxonomy":"category","embeddable":true,"href":"https:\/\/noticiaempauta.com\/portal\/wp-json\/wp\/v2\/categories?post=262241"},{"taxonomy":"post_tag","embeddable":true,"href":"https:\/\/noticiaempauta.com\/portal\/wp-json\/wp\/v2\/tags?post=262241"}],"curies":[{"name":"wp","href":"https:\/\/api.w.org\/{rel}","templated":true}]}}