{"id":262257,"date":"2024-09-23T09:16:20","date_gmt":"2024-09-23T12:16:20","guid":{"rendered":"https:\/\/noticiaempauta.com\/portal\/?p=262257"},"modified":"2024-09-23T09:35:54","modified_gmt":"2024-09-23T12:35:54","slug":"coronel-da-pm-esta-foragido-apos-ser-suspeito-de-agredir-esposa-em-teresina","status":"publish","type":"post","link":"https:\/\/noticiaempauta.com\/portal\/coronel-da-pm-esta-foragido-apos-ser-suspeito-de-agredir-esposa-em-teresina\/","title":{"rendered":"Coronel da PM est\u00e1 foragido ap\u00f3s ser suspeito de agredir esposa em Teresina"},"content":{"rendered":"\n<p>Um coronel da Pol\u00edcia Militar do Piau\u00ed, que est\u00e1 na reserva remunerada, \u00e9 suspeito de ter agredido a esposa na regi\u00e3o do bairro Primavera, zona Norte de Teresina. A viol\u00eancia dom\u00e9stica foi denunciada via COPOM ao 9\u00ba Batalh\u00e3o da PM pela pr\u00f3pria v\u00edtima. O suspeito evadiu-se do local e at\u00e9 o momento n\u00e3o foi encontrado, portanto considerado foragido. De acordo com informa\u00e7\u00f5es iniciais da PM, a v\u00edtima j\u00e1 havia sofrido outras agress\u00f5es por parte do companheiro.<\/p>\n\n\n\n<figure class=\"wp-block-image size-full\"><img fetchpriority=\"high\" decoding=\"async\" width=\"800\" height=\"534\" src=\"https:\/\/noticiaempauta.com\/portal\/wp-content\/uploads\/2024\/09\/lhmkcBdKvWrNLfgHYKVsqnThKZYVI2rMaNMKPs6b.webp\" alt=\"\" class=\"wp-image-262258\" srcset=\"https:\/\/noticiaempauta.com\/portal\/wp-content\/uploads\/2024\/09\/lhmkcBdKvWrNLfgHYKVsqnThKZYVI2rMaNMKPs6b.webp 800w, https:\/\/noticiaempauta.com\/portal\/wp-content\/uploads\/2024\/09\/lhmkcBdKvWrNLfgHYKVsqnThKZYVI2rMaNMKPs6b-300x200.webp 300w, https:\/\/noticiaempauta.com\/portal\/wp-content\/uploads\/2024\/09\/lhmkcBdKvWrNLfgHYKVsqnThKZYVI2rMaNMKPs6b-768x513.webp 768w\" sizes=\"(max-width: 800px) 100vw, 800px\" \/><figcaption class=\"wp-element-caption\">(Divulga\u00e7\u00e3o\/SSP)<\/figcaption><\/figure>\n\n\n\n<p>Ainda segundo a PM, o coronel teria evadido do local das agress\u00f5es em um ve\u00edculo modelo Amarok cor prata. A v\u00edtima foi encaminhada para a Central de Flagrantes de Teresina, onde prestou depoimento e registrou o Boletim de Ocorr\u00eancia. Por meio de nota, a Pol\u00edcia Militar informou que tomou conhecimento da ocorr\u00eancia. A PM-PI acionou a Patrulha Maria da Penha, que est\u00e1 em dilig\u00eancias na busca do oficial da reserva.<\/p>\n\n\n\n<h2 class=\"wp-block-heading\">Confira a nota da PM-PI<\/h2>\n\n\n\n<p><em>A Pol\u00edcia Militar do Piau\u00ed informa que foi acionada, via COPOM, para atendimento de uma ocorr\u00eancia de viol\u00eancia dom\u00e9stica e ao chegar no local, foi constatado o fato, confirmado pela v\u00edtima.&nbsp;<\/em><\/p>\n\n\n\n<p><em>A Patrulha Maria da Penha foi acionada, bem como a Corregedoria da institui\u00e7\u00e3o e o Superior de Dia de plant\u00e3o, tendo em vista que a denunciante se tratava da companheira de um oficial da reserva renumeranda.Todo apoio e provid\u00eancias legais do caso foram adotadas e a PMPI segue acompanhando a situa\u00e7\u00e3o.<\/em><\/p>\n\n\n\n<p><em>Teresina, 22 de setembro de 2024.<\/em><\/p>\n\n\n\n<h2 class=\"wp-block-heading\">Este \u00e9 o segundo caso de viol\u00eancia dom\u00e9stica envolvendo oficiais militares em uma semana<\/h2>\n\n\n\n<p>Na \u00faltima quarta-feira (18), a jornalista Yara Ataide utilizou suas redes sociais para denunciar um caso de viol\u00eancia dom\u00e9stica, divulgando um v\u00eddeo em que \u00e9 agredida pelo ex-marido, o sargento do Corpo de Bombeiros Militar do Piau\u00ed (CBMEPI) Gilvan Freitas. No v\u00eddeo, que foi publicado em sua conta no Instagram, Yara aparece sendo atingida com um soco no rosto. A agress\u00e3o ocorreu na sala da casa onde o casal residia.<\/p>\n\n\n\n<p>Com a repercuss\u00e3o, o\u00a0sargento Gilvan Freitas Rodrigues\u00a0foi afastado da escala de servi\u00e7o pelo Corpo de Bombeiros e teve sua arma apreendida. A informa\u00e7\u00e3o foi confirmada \u00e0\u00a0reportagem de O Dia\u00a0pelo gerente operacional dos Bombeiros do Piau\u00ed, coronel Eg\u00eddio Leite. A decis\u00e3o de afastar Gilvan do servi\u00e7o foi tomada na sexta-feira (20), ap\u00f3s Yara Ata\u00edde publicar um novo v\u00eddeo no qual o\u00a0sargento aparece lhe aplicando um mata-le\u00e3o na frente da filha.<\/p>\n\n\n\n<p>De acordo com o coronel Eg\u00eddio, o afastamento de Gilvan do servi\u00e7o se deu em car\u00e1ter preventivo enquanto correr o processo administrativo que vai apurar sua conduta. \u201cO sargento Gilvan responder\u00e1 a um processo que analisar\u00e1 seu comportamento e ter\u00e1 sua arma apreendida. E foi decidido mais recentemente que, por todas as quest\u00f5es que envolvem este militar, ele ser\u00e1 afastado da escala de servi\u00e7o para que ele fique \u00e0 disposi\u00e7\u00e3o apenas para responder ao processo que ocorrer\u00e1 administrativamente no Corpo de Bombeiros\u201d, explica.<\/p>\n","protected":false},"excerpt":{"rendered":"<p>Viol\u00eancia dom\u00e9stica teria ocorrido no bairro Primavera; Patrulha Maria da Penha foi acionada e PM segue nas buscas do suspeito.<\/p>\n","protected":false},"author":2,"featured_media":262258,"comment_status":"open","ping_status":"open","sticky":false,"template":"","format":"standard","meta":{"_mi_skip_tracking":false,"footnotes":""},"categories":[25,1,137,16],"tags":[192],"class_list":["post-262257","post","type-post","status-publish","format-standard","has-post-thumbnail","hentry","category-destaques-site","category-geral","category-policia","category-todas","tag-destaqueprincipal"],"acf":[],"yoast_head":"<!-- This site is optimized with the Yoast SEO Premium plugin v19.2 (Yoast SEO v26.9) - https:\/\/yoast.com\/product\/yoast-seo-premium-wordpress\/ -->\n<title>Coronel da PM est\u00e1 foragido ap\u00f3s ser suspeito de agredir esposa em Teresina - Portal Not\u00edcia em Pauta<\/title>\n<meta name=\"robots\" content=\"index, follow, max-snippet:-1, max-image-preview:large, max-video-preview:-1\" \/>\n<link rel=\"canonical\" href=\"https:\/\/noticiaempauta.com\/portal\/coronel-da-pm-esta-foragido-apos-ser-suspeito-de-agredir-esposa-em-teresina\/\" \/>\n<meta property=\"og:locale\" content=\"pt_BR\" \/>\n<meta property=\"og:type\" content=\"article\" \/>\n<meta property=\"og:title\" content=\"Coronel da PM est\u00e1 foragido ap\u00f3s ser suspeito de agredir esposa em Teresina\" \/>\n<meta property=\"og:description\" content=\"Viol\u00eancia dom\u00e9stica teria ocorrido no bairro Primavera; Patrulha Maria da Penha foi acionada e PM segue nas buscas do suspeito.\" \/>\n<meta property=\"og:url\" content=\"https:\/\/noticiaempauta.com\/portal\/coronel-da-pm-esta-foragido-apos-ser-suspeito-de-agredir-esposa-em-teresina\/\" \/>\n<meta property=\"og:site_name\" content=\"Portal Not\u00edcia em Pauta\" \/>\n<meta property=\"article:publisher\" content=\"https:\/\/www.facebook.com\/Portal-Notcia-Em-Pauta-102292869264820\/\" \/>\n<meta property=\"article:published_time\" content=\"2024-09-23T12:16:20+00:00\" \/>\n<meta property=\"article:modified_time\" content=\"2024-09-23T12:35:54+00:00\" \/>\n<meta property=\"og:image\" content=\"https:\/\/noticiaempauta.com\/portal\/wp-content\/uploads\/2024\/09\/lhmkcBdKvWrNLfgHYKVsqnThKZYVI2rMaNMKPs6b.webp\" \/>\n\t<meta property=\"og:image:width\" content=\"800\" \/>\n\t<meta property=\"og:image:height\" content=\"534\" \/>\n\t<meta property=\"og:image:type\" content=\"image\/webp\" \/>\n<meta name=\"author\" content=\"Reda\u00e7\u00e3o\" \/>\n<meta name=\"twitter:card\" content=\"summary_large_image\" \/>\n<meta name=\"twitter:label1\" content=\"Escrito por\" \/>\n\t<meta name=\"twitter:data1\" content=\"Reda\u00e7\u00e3o\" \/>\n\t<meta name=\"twitter:label2\" content=\"Est. tempo de leitura\" \/>\n\t<meta name=\"twitter:data2\" content=\"4 minutos\" \/>\n<script type=\"application\/ld+json\" class=\"yoast-schema-graph\">{\"@context\":\"https:\/\/schema.org\",\"@graph\":[{\"@type\":\"Article\",\"@id\":\"https:\/\/noticiaempauta.com\/portal\/coronel-da-pm-esta-foragido-apos-ser-suspeito-de-agredir-esposa-em-teresina\/#article\",\"isPartOf\":{\"@id\":\"https:\/\/noticiaempauta.com\/portal\/coronel-da-pm-esta-foragido-apos-ser-suspeito-de-agredir-esposa-em-teresina\/\"},\"author\":{\"name\":\"Reda\u00e7\u00e3o\",\"@id\":\"https:\/\/noticiaempauta.com\/portal\/#\/schema\/person\/a74af43dd1ab3deca45f988c717d57ac\"},\"headline\":\"Coronel da PM est\u00e1 foragido ap\u00f3s ser suspeito de agredir esposa em Teresina\",\"datePublished\":\"2024-09-23T12:16:20+00:00\",\"dateModified\":\"2024-09-23T12:35:54+00:00\",\"mainEntityOfPage\":{\"@id\":\"https:\/\/noticiaempauta.com\/portal\/coronel-da-pm-esta-foragido-apos-ser-suspeito-de-agredir-esposa-em-teresina\/\"},\"wordCount\":539,\"commentCount\":0,\"publisher\":{\"@id\":\"https:\/\/noticiaempauta.com\/portal\/#organization\"},\"image\":{\"@id\":\"https:\/\/noticiaempauta.com\/portal\/coronel-da-pm-esta-foragido-apos-ser-suspeito-de-agredir-esposa-em-teresina\/#primaryimage\"},\"thumbnailUrl\":\"https:\/\/noticiaempauta.com\/portal\/wp-content\/uploads\/2024\/09\/lhmkcBdKvWrNLfgHYKVsqnThKZYVI2rMaNMKPs6b.webp\",\"keywords\":[\"destaqueprincipal\"],\"articleSection\":[\"Destaques\",\"Geral\",\"Pol\u00edcia\",\"Todas as Not\u00edcias\"],\"inLanguage\":\"pt-BR\",\"potentialAction\":[{\"@type\":\"CommentAction\",\"name\":\"Comment\",\"target\":[\"https:\/\/noticiaempauta.com\/portal\/coronel-da-pm-esta-foragido-apos-ser-suspeito-de-agredir-esposa-em-teresina\/#respond\"]}]},{\"@type\":\"WebPage\",\"@id\":\"https:\/\/noticiaempauta.com\/portal\/coronel-da-pm-esta-foragido-apos-ser-suspeito-de-agredir-esposa-em-teresina\/\",\"url\":\"https:\/\/noticiaempauta.com\/portal\/coronel-da-pm-esta-foragido-apos-ser-suspeito-de-agredir-esposa-em-teresina\/\",\"name\":\"Coronel da PM est\u00e1 foragido ap\u00f3s ser suspeito de agredir esposa em Teresina - Portal Not\u00edcia em Pauta\",\"isPartOf\":{\"@id\":\"https:\/\/noticiaempauta.com\/portal\/#website\"},\"primaryImageOfPage\":{\"@id\":\"https:\/\/noticiaempauta.com\/portal\/coronel-da-pm-esta-foragido-apos-ser-suspeito-de-agredir-esposa-em-teresina\/#primaryimage\"},\"image\":{\"@id\":\"https:\/\/noticiaempauta.com\/portal\/coronel-da-pm-esta-foragido-apos-ser-suspeito-de-agredir-esposa-em-teresina\/#primaryimage\"},\"thumbnailUrl\":\"https:\/\/noticiaempauta.com\/portal\/wp-content\/uploads\/2024\/09\/lhmkcBdKvWrNLfgHYKVsqnThKZYVI2rMaNMKPs6b.webp\",\"datePublished\":\"2024-09-23T12:16:20+00:00\",\"dateModified\":\"2024-09-23T12:35:54+00:00\",\"breadcrumb\":{\"@id\":\"https:\/\/noticiaempauta.com\/portal\/coronel-da-pm-esta-foragido-apos-ser-suspeito-de-agredir-esposa-em-teresina\/#breadcrumb\"},\"inLanguage\":\"pt-BR\",\"potentialAction\":[{\"@type\":\"ReadAction\",\"target\":[\"https:\/\/noticiaempauta.com\/portal\/coronel-da-pm-esta-foragido-apos-ser-suspeito-de-agredir-esposa-em-teresina\/\"]}]},{\"@type\":\"ImageObject\",\"inLanguage\":\"pt-BR\",\"@id\":\"https:\/\/noticiaempauta.com\/portal\/coronel-da-pm-esta-foragido-apos-ser-suspeito-de-agredir-esposa-em-teresina\/#primaryimage\",\"url\":\"https:\/\/noticiaempauta.com\/portal\/wp-content\/uploads\/2024\/09\/lhmkcBdKvWrNLfgHYKVsqnThKZYVI2rMaNMKPs6b.webp\",\"contentUrl\":\"https:\/\/noticiaempauta.com\/portal\/wp-content\/uploads\/2024\/09\/lhmkcBdKvWrNLfgHYKVsqnThKZYVI2rMaNMKPs6b.webp\",\"width\":800,\"height\":534},{\"@type\":\"BreadcrumbList\",\"@id\":\"https:\/\/noticiaempauta.com\/portal\/coronel-da-pm-esta-foragido-apos-ser-suspeito-de-agredir-esposa-em-teresina\/#breadcrumb\",\"itemListElement\":[{\"@type\":\"ListItem\",\"position\":1,\"name\":\"P\u00e1gina Inicial\",\"item\":\"https:\/\/noticiaempauta.com\/portal\/\"},{\"@type\":\"ListItem\",\"position\":2,\"name\":\"Destaques\",\"item\":\"https:\/\/noticiaempauta.com\/portal\/destaques-site\/\"},{\"@type\":\"ListItem\",\"position\":3,\"name\":\"Coronel da PM est\u00e1 foragido ap\u00f3s ser suspeito de agredir esposa em Teresina\"}]},{\"@type\":\"WebSite\",\"@id\":\"https:\/\/noticiaempauta.com\/portal\/#website\",\"url\":\"https:\/\/noticiaempauta.com\/portal\/\",\"name\":\"Portal Not\u00edcia em Pauta\",\"description\":\"Voc\u00ea bem informado\",\"publisher\":{\"@id\":\"https:\/\/noticiaempauta.com\/portal\/#organization\"},\"potentialAction\":[{\"@type\":\"SearchAction\",\"target\":{\"@type\":\"EntryPoint\",\"urlTemplate\":\"https:\/\/noticiaempauta.com\/portal\/?s={search_term_string}\"},\"query-input\":{\"@type\":\"PropertyValueSpecification\",\"valueRequired\":true,\"valueName\":\"search_term_string\"}}],\"inLanguage\":\"pt-BR\"},{\"@type\":\"Organization\",\"@id\":\"https:\/\/noticiaempauta.com\/portal\/#organization\",\"name\":\"Portal Not\u00edcia em Pauta\",\"url\":\"https:\/\/noticiaempauta.com\/portal\/\",\"logo\":{\"@type\":\"ImageObject\",\"inLanguage\":\"pt-BR\",\"@id\":\"https:\/\/noticiaempauta.com\/portal\/#\/schema\/logo\/image\/\",\"url\":\"https:\/\/noticiaempauta.com\/portal\/wp-content\/uploads\/2022\/08\/logomarca_tema.fw_.png\",\"contentUrl\":\"https:\/\/noticiaempauta.com\/portal\/wp-content\/uploads\/2022\/08\/logomarca_tema.fw_.png\",\"width\":400,\"height\":232,\"caption\":\"Portal Not\u00edcia em Pauta\"},\"image\":{\"@id\":\"https:\/\/noticiaempauta.com\/portal\/#\/schema\/logo\/image\/\"},\"sameAs\":[\"https:\/\/www.facebook.com\/Portal-Notcia-Em-Pauta-102292869264820\/\",\"https:\/\/www.instagram.com\/portalnoticiaempauta\/\"]},{\"@type\":\"Person\",\"@id\":\"https:\/\/noticiaempauta.com\/portal\/#\/schema\/person\/a74af43dd1ab3deca45f988c717d57ac\",\"name\":\"Reda\u00e7\u00e3o\",\"image\":{\"@type\":\"ImageObject\",\"inLanguage\":\"pt-BR\",\"@id\":\"https:\/\/noticiaempauta.com\/portal\/#\/schema\/person\/image\/\",\"url\":\"https:\/\/secure.gravatar.com\/avatar\/03179346ecce6cdfc13361603e8f54242a90e5cde8618fa23c5c00aa2b0aadf3?s=96&d=mm&r=g\",\"contentUrl\":\"https:\/\/secure.gravatar.com\/avatar\/03179346ecce6cdfc13361603e8f54242a90e5cde8618fa23c5c00aa2b0aadf3?s=96&d=mm&r=g\",\"caption\":\"Reda\u00e7\u00e3o\"},\"sameAs\":[\"https:\/\/noticiaempauta.com\/portal\/\"],\"url\":\"https:\/\/noticiaempauta.com\/portal\/author\/fernando\/\"}]}<\/script>\n<!-- \/ Yoast SEO Premium plugin. -->","yoast_head_json":{"title":"Coronel da PM est\u00e1 foragido ap\u00f3s ser suspeito de agredir esposa em Teresina - Portal Not\u00edcia em Pauta","robots":{"index":"index","follow":"follow","max-snippet":"max-snippet:-1","max-image-preview":"max-image-preview:large","max-video-preview":"max-video-preview:-1"},"canonical":"https:\/\/noticiaempauta.com\/portal\/coronel-da-pm-esta-foragido-apos-ser-suspeito-de-agredir-esposa-em-teresina\/","og_locale":"pt_BR","og_type":"article","og_title":"Coronel da PM est\u00e1 foragido ap\u00f3s ser suspeito de agredir esposa em Teresina","og_description":"Viol\u00eancia dom\u00e9stica teria ocorrido no bairro Primavera; Patrulha Maria da Penha foi acionada e PM segue nas buscas do suspeito.","og_url":"https:\/\/noticiaempauta.com\/portal\/coronel-da-pm-esta-foragido-apos-ser-suspeito-de-agredir-esposa-em-teresina\/","og_site_name":"Portal Not\u00edcia em Pauta","article_publisher":"https:\/\/www.facebook.com\/Portal-Notcia-Em-Pauta-102292869264820\/","article_published_time":"2024-09-23T12:16:20+00:00","article_modified_time":"2024-09-23T12:35:54+00:00","og_image":[{"width":800,"height":534,"url":"https:\/\/noticiaempauta.com\/portal\/wp-content\/uploads\/2024\/09\/lhmkcBdKvWrNLfgHYKVsqnThKZYVI2rMaNMKPs6b.webp","type":"image\/webp"}],"author":"Reda\u00e7\u00e3o","twitter_card":"summary_large_image","twitter_misc":{"Escrito por":"Reda\u00e7\u00e3o","Est. tempo de leitura":"4 minutos"},"schema":{"@context":"https:\/\/schema.org","@graph":[{"@type":"Article","@id":"https:\/\/noticiaempauta.com\/portal\/coronel-da-pm-esta-foragido-apos-ser-suspeito-de-agredir-esposa-em-teresina\/#article","isPartOf":{"@id":"https:\/\/noticiaempauta.com\/portal\/coronel-da-pm-esta-foragido-apos-ser-suspeito-de-agredir-esposa-em-teresina\/"},"author":{"name":"Reda\u00e7\u00e3o","@id":"https:\/\/noticiaempauta.com\/portal\/#\/schema\/person\/a74af43dd1ab3deca45f988c717d57ac"},"headline":"Coronel da PM est\u00e1 foragido ap\u00f3s ser suspeito de agredir esposa em Teresina","datePublished":"2024-09-23T12:16:20+00:00","dateModified":"2024-09-23T12:35:54+00:00","mainEntityOfPage":{"@id":"https:\/\/noticiaempauta.com\/portal\/coronel-da-pm-esta-foragido-apos-ser-suspeito-de-agredir-esposa-em-teresina\/"},"wordCount":539,"commentCount":0,"publisher":{"@id":"https:\/\/noticiaempauta.com\/portal\/#organization"},"image":{"@id":"https:\/\/noticiaempauta.com\/portal\/coronel-da-pm-esta-foragido-apos-ser-suspeito-de-agredir-esposa-em-teresina\/#primaryimage"},"thumbnailUrl":"https:\/\/noticiaempauta.com\/portal\/wp-content\/uploads\/2024\/09\/lhmkcBdKvWrNLfgHYKVsqnThKZYVI2rMaNMKPs6b.webp","keywords":["destaqueprincipal"],"articleSection":["Destaques","Geral","Pol\u00edcia","Todas as Not\u00edcias"],"inLanguage":"pt-BR","potentialAction":[{"@type":"CommentAction","name":"Comment","target":["https:\/\/noticiaempauta.com\/portal\/coronel-da-pm-esta-foragido-apos-ser-suspeito-de-agredir-esposa-em-teresina\/#respond"]}]},{"@type":"WebPage","@id":"https:\/\/noticiaempauta.com\/portal\/coronel-da-pm-esta-foragido-apos-ser-suspeito-de-agredir-esposa-em-teresina\/","url":"https:\/\/noticiaempauta.com\/portal\/coronel-da-pm-esta-foragido-apos-ser-suspeito-de-agredir-esposa-em-teresina\/","name":"Coronel da PM est\u00e1 foragido ap\u00f3s ser suspeito de agredir esposa em Teresina - Portal Not\u00edcia em Pauta","isPartOf":{"@id":"https:\/\/noticiaempauta.com\/portal\/#website"},"primaryImageOfPage":{"@id":"https:\/\/noticiaempauta.com\/portal\/coronel-da-pm-esta-foragido-apos-ser-suspeito-de-agredir-esposa-em-teresina\/#primaryimage"},"image":{"@id":"https:\/\/noticiaempauta.com\/portal\/coronel-da-pm-esta-foragido-apos-ser-suspeito-de-agredir-esposa-em-teresina\/#primaryimage"},"thumbnailUrl":"https:\/\/noticiaempauta.com\/portal\/wp-content\/uploads\/2024\/09\/lhmkcBdKvWrNLfgHYKVsqnThKZYVI2rMaNMKPs6b.webp","datePublished":"2024-09-23T12:16:20+00:00","dateModified":"2024-09-23T12:35:54+00:00","breadcrumb":{"@id":"https:\/\/noticiaempauta.com\/portal\/coronel-da-pm-esta-foragido-apos-ser-suspeito-de-agredir-esposa-em-teresina\/#breadcrumb"},"inLanguage":"pt-BR","potentialAction":[{"@type":"ReadAction","target":["https:\/\/noticiaempauta.com\/portal\/coronel-da-pm-esta-foragido-apos-ser-suspeito-de-agredir-esposa-em-teresina\/"]}]},{"@type":"ImageObject","inLanguage":"pt-BR","@id":"https:\/\/noticiaempauta.com\/portal\/coronel-da-pm-esta-foragido-apos-ser-suspeito-de-agredir-esposa-em-teresina\/#primaryimage","url":"https:\/\/noticiaempauta.com\/portal\/wp-content\/uploads\/2024\/09\/lhmkcBdKvWrNLfgHYKVsqnThKZYVI2rMaNMKPs6b.webp","contentUrl":"https:\/\/noticiaempauta.com\/portal\/wp-content\/uploads\/2024\/09\/lhmkcBdKvWrNLfgHYKVsqnThKZYVI2rMaNMKPs6b.webp","width":800,"height":534},{"@type":"BreadcrumbList","@id":"https:\/\/noticiaempauta.com\/portal\/coronel-da-pm-esta-foragido-apos-ser-suspeito-de-agredir-esposa-em-teresina\/#breadcrumb","itemListElement":[{"@type":"ListItem","position":1,"name":"P\u00e1gina Inicial","item":"https:\/\/noticiaempauta.com\/portal\/"},{"@type":"ListItem","position":2,"name":"Destaques","item":"https:\/\/noticiaempauta.com\/portal\/destaques-site\/"},{"@type":"ListItem","position":3,"name":"Coronel da PM est\u00e1 foragido ap\u00f3s ser suspeito de agredir esposa em Teresina"}]},{"@type":"WebSite","@id":"https:\/\/noticiaempauta.com\/portal\/#website","url":"https:\/\/noticiaempauta.com\/portal\/","name":"Portal Not\u00edcia em Pauta","description":"Voc\u00ea bem informado","publisher":{"@id":"https:\/\/noticiaempauta.com\/portal\/#organization"},"potentialAction":[{"@type":"SearchAction","target":{"@type":"EntryPoint","urlTemplate":"https:\/\/noticiaempauta.com\/portal\/?s={search_term_string}"},"query-input":{"@type":"PropertyValueSpecification","valueRequired":true,"valueName":"search_term_string"}}],"inLanguage":"pt-BR"},{"@type":"Organization","@id":"https:\/\/noticiaempauta.com\/portal\/#organization","name":"Portal Not\u00edcia em Pauta","url":"https:\/\/noticiaempauta.com\/portal\/","logo":{"@type":"ImageObject","inLanguage":"pt-BR","@id":"https:\/\/noticiaempauta.com\/portal\/#\/schema\/logo\/image\/","url":"https:\/\/noticiaempauta.com\/portal\/wp-content\/uploads\/2022\/08\/logomarca_tema.fw_.png","contentUrl":"https:\/\/noticiaempauta.com\/portal\/wp-content\/uploads\/2022\/08\/logomarca_tema.fw_.png","width":400,"height":232,"caption":"Portal Not\u00edcia em Pauta"},"image":{"@id":"https:\/\/noticiaempauta.com\/portal\/#\/schema\/logo\/image\/"},"sameAs":["https:\/\/www.facebook.com\/Portal-Notcia-Em-Pauta-102292869264820\/","https:\/\/www.instagram.com\/portalnoticiaempauta\/"]},{"@type":"Person","@id":"https:\/\/noticiaempauta.com\/portal\/#\/schema\/person\/a74af43dd1ab3deca45f988c717d57ac","name":"Reda\u00e7\u00e3o","image":{"@type":"ImageObject","inLanguage":"pt-BR","@id":"https:\/\/noticiaempauta.com\/portal\/#\/schema\/person\/image\/","url":"https:\/\/secure.gravatar.com\/avatar\/03179346ecce6cdfc13361603e8f54242a90e5cde8618fa23c5c00aa2b0aadf3?s=96&d=mm&r=g","contentUrl":"https:\/\/secure.gravatar.com\/avatar\/03179346ecce6cdfc13361603e8f54242a90e5cde8618fa23c5c00aa2b0aadf3?s=96&d=mm&r=g","caption":"Reda\u00e7\u00e3o"},"sameAs":["https:\/\/noticiaempauta.com\/portal\/"],"url":"https:\/\/noticiaempauta.com\/portal\/author\/fernando\/"}]}},"_links":{"self":[{"href":"https:\/\/noticiaempauta.com\/portal\/wp-json\/wp\/v2\/posts\/262257","targetHints":{"allow":["GET"]}}],"collection":[{"href":"https:\/\/noticiaempauta.com\/portal\/wp-json\/wp\/v2\/posts"}],"about":[{"href":"https:\/\/noticiaempauta.com\/portal\/wp-json\/wp\/v2\/types\/post"}],"author":[{"embeddable":true,"href":"https:\/\/noticiaempauta.com\/portal\/wp-json\/wp\/v2\/users\/2"}],"replies":[{"embeddable":true,"href":"https:\/\/noticiaempauta.com\/portal\/wp-json\/wp\/v2\/comments?post=262257"}],"version-history":[{"count":3,"href":"https:\/\/noticiaempauta.com\/portal\/wp-json\/wp\/v2\/posts\/262257\/revisions"}],"predecessor-version":[{"id":262285,"href":"https:\/\/noticiaempauta.com\/portal\/wp-json\/wp\/v2\/posts\/262257\/revisions\/262285"}],"wp:featuredmedia":[{"embeddable":true,"href":"https:\/\/noticiaempauta.com\/portal\/wp-json\/wp\/v2\/media\/262258"}],"wp:attachment":[{"href":"https:\/\/noticiaempauta.com\/portal\/wp-json\/wp\/v2\/media?parent=262257"}],"wp:term":[{"taxonomy":"category","embeddable":true,"href":"https:\/\/noticiaempauta.com\/portal\/wp-json\/wp\/v2\/categories?post=262257"},{"taxonomy":"post_tag","embeddable":true,"href":"https:\/\/noticiaempauta.com\/portal\/wp-json\/wp\/v2\/tags?post=262257"}],"curies":[{"name":"wp","href":"https:\/\/api.w.org\/{rel}","templated":true}]}}