{"id":262260,"date":"2024-09-23T09:19:41","date_gmt":"2024-09-23T12:19:41","guid":{"rendered":"https:\/\/noticiaempauta.com\/portal\/?p=262260"},"modified":"2024-09-23T09:19:42","modified_gmt":"2024-09-23T12:19:42","slug":"primavera-comeca-hoje-e-deve-aumentar-a-umidade-do-ar-no-pais-veja-previsao","status":"publish","type":"post","link":"https:\/\/noticiaempauta.com\/portal\/primavera-comeca-hoje-e-deve-aumentar-a-umidade-do-ar-no-pais-veja-previsao\/","title":{"rendered":"Primavera come\u00e7a hoje e deve aumentar a umidade do ar no pa\u00eds; veja previs\u00e3o"},"content":{"rendered":"\n<p>A primavera,\u00a0que marca a transi\u00e7\u00e3o entre o inverno e o ver\u00e3o, tem in\u00edcio neste domingo (22) \u00e0s 9h44, no hor\u00e1rio de Bras\u00edlia. Al\u00e9m de trazer mais flores \u00e0s paisagens, a nova esta\u00e7\u00e3o promete melhorar a qualidade do ar, com o\u00a0retorno das chuvas regulares.<em>\u00a0Com informa\u00e7\u00f5es do g1.<\/em><\/p>\n\n\n\n<h3 class=\"wp-block-heading\"><strong><u>QUENTE OU FRIA?<\/u><\/strong><\/h3>\n\n\n\n<p>No entanto, o come\u00e7o da primavera ainda deve ser quente, com previs\u00e3o de ondas de calor, especialmente durante a primeira quinzena de outubro.<\/p>\n\n\n\n<p>Conforme a esta\u00e7\u00e3o avan\u00e7a, at\u00e9 o seu t\u00e9rmino em 21 de dezembro, a expectativa \u00e9 que as temperaturas se aproximem dos n\u00edveis t\u00edpicos para o per\u00edodo, segundo o meteorologista Vinicius Lucyrio, da Climatempo. Ele explica que os pr\u00f3ximos meses representar\u00e3o uma transi\u00e7\u00e3o de um clima mais seco e quente para uma fase de calor abafado, com maior umidade.<\/p>\n\n\n\n<p>&#8220;A tend\u00eancia \u00e9 que sa\u00edmos de um per\u00edodo de calor extremo e seco para um calor mais ameno, por\u00e9m com umidade elevada&#8221;, afirma Lucyrio.<\/p>\n\n\n\n<h3 class=\"wp-block-heading\"><strong><u>Previs\u00e3o para a primavera<\/u><\/strong><\/h3>\n\n\n\n<p>De acordo com a Climatempo, as tend\u00eancias para a primavera incluem:<\/p>\n\n\n\n<p>Temperaturas voltando \u00e0 normalidade: O in\u00edcio da esta\u00e7\u00e3o ainda ser\u00e1 marcado por temperaturas elevadas, acima da m\u00e9dia, mas a expectativa \u00e9 que essas varia\u00e7\u00f5es se normalizem ao longo dos meses. Embora at\u00e9 dezembro haja condi\u00e7\u00f5es para temperaturas acima da m\u00e9dia, elas n\u00e3o ser\u00e3o t\u00e3o extremas quanto as registradas no ano anterior.<\/p>\n\n\n\n<p>A previs\u00e3o \u00e9 que, ao longo da primavera, as chuvas retornem de maneira mais consistente ao Brasil. As regi\u00f5es do Centro-Norte, algumas \u00e1reas de S\u00e3o Paulo, Paran\u00e1 e Minas Gerais poder\u00e3o registrar temperaturas superiores \u00e0 m\u00e9dia entre outubro e novembro, com uma normaliza\u00e7\u00e3o maior prevista para dezembro.<\/p>\n\n\n\n<h3 class=\"wp-block-heading\"><strong><u>Volta das chuvas<\/u><\/strong><\/h3>\n\n\n\n<p>A expectativa \u00e9 que as chuvas voltem gradualmente durante a esta\u00e7\u00e3o. Em outubro, elas devem ser mais frequentes nas regi\u00f5es entre Paran\u00e1 e S\u00e3o Paulo, at\u00e9 o sul de Goi\u00e1s, alcan\u00e7ando parte do Amazonas e Acre. Em novembro, a precipita\u00e7\u00e3o deve retornar ao restante do Sudeste, Centro-Oeste, e regi\u00f5es do Norte, como o Amazonas e Roraima. J\u00e1 em dezembro, as chuvas ser\u00e3o mais regulares no sul da Bahia, Tocantins e Par\u00e1.<\/p>\n\n\n\n<h3 class=\"wp-block-heading\"><strong><u>Influ\u00eancia do La Ni\u00f1a<\/u><\/strong><\/h3>\n\n\n\n<p>Outro fen\u00f4meno que deve impactar o clima nesta primavera \u00e9 a chegada do La Ni\u00f1a, caracterizado pelo resfriamento das \u00e1guas no Oceano Pac\u00edfico. Segundo a NOAA, h\u00e1 uma probabilidade de 60% de que o La Ni\u00f1a se consolide entre outubro e novembro.<\/p>\n\n\n\n<p>Embora o fen\u00f4meno esteja previsto para se intensificar ao longo da esta\u00e7\u00e3o, a expectativa \u00e9 que tenha baixa intensidade, devido ao aquecimento global dos oceanos, o que deve suavizar seus efeitos.<\/p>\n\n\n\n<p>Com isso, os impactos do La Ni\u00f1a no Brasil ser\u00e3o limitados, mas podem incluir o aumento das chuvas no Norte e Nordeste e a irregularidade nas precipita\u00e7\u00f5es no Centro-Sul. Al\u00e9m disso, a entrada de massas de ar frio no pa\u00eds pode ser favorecida, trazendo maior varia\u00e7\u00e3o t\u00e9rmica.<\/p>\n\n\n\n<h3 class=\"wp-block-heading\"><strong><u>Preven\u00e7\u00e3o contra a fuma\u00e7a das queimadas<\/u><\/strong><\/h3>\n\n\n\n<p>Com a chegada da primavera e o aumento da umidade, h\u00e1 tamb\u00e9m esperan\u00e7a de melhora na qualidade do ar, afetada recentemente pela fuma\u00e7a das queimadas em v\u00e1rias regi\u00f5es.<\/p>\n\n\n\n<p><\/p>\n","protected":false},"excerpt":{"rendered":"<p>Tend\u00eancia de calor abafado e ameno, com umidade elevada.<\/p>\n","protected":false},"author":2,"featured_media":262261,"comment_status":"open","ping_status":"open","sticky":false,"template":"","format":"standard","meta":{"_mi_skip_tracking":false,"footnotes":""},"categories":[25,1,16],"tags":[192],"class_list":["post-262260","post","type-post","status-publish","format-standard","has-post-thumbnail","hentry","category-destaques-site","category-geral","category-todas","tag-destaqueprincipal"],"acf":[],"yoast_head":"<!-- This site is optimized with the Yoast SEO Premium plugin v19.2 (Yoast SEO v26.9) - https:\/\/yoast.com\/product\/yoast-seo-premium-wordpress\/ -->\n<title>Primavera come\u00e7a hoje e deve aumentar a umidade do ar no pa\u00eds; veja previs\u00e3o - Portal Not\u00edcia em Pauta<\/title>\n<meta name=\"robots\" content=\"index, follow, max-snippet:-1, max-image-preview:large, max-video-preview:-1\" \/>\n<link rel=\"canonical\" href=\"https:\/\/noticiaempauta.com\/portal\/primavera-comeca-hoje-e-deve-aumentar-a-umidade-do-ar-no-pais-veja-previsao\/\" \/>\n<meta property=\"og:locale\" content=\"pt_BR\" \/>\n<meta property=\"og:type\" content=\"article\" \/>\n<meta property=\"og:title\" content=\"Primavera come\u00e7a hoje e deve aumentar a umidade do ar no pa\u00eds; veja previs\u00e3o\" \/>\n<meta property=\"og:description\" content=\"Tend\u00eancia de calor abafado e ameno, com umidade elevada.\" \/>\n<meta property=\"og:url\" content=\"https:\/\/noticiaempauta.com\/portal\/primavera-comeca-hoje-e-deve-aumentar-a-umidade-do-ar-no-pais-veja-previsao\/\" \/>\n<meta property=\"og:site_name\" content=\"Portal Not\u00edcia em Pauta\" \/>\n<meta property=\"article:publisher\" content=\"https:\/\/www.facebook.com\/Portal-Notcia-Em-Pauta-102292869264820\/\" \/>\n<meta property=\"article:published_time\" content=\"2024-09-23T12:19:41+00:00\" \/>\n<meta property=\"article:modified_time\" content=\"2024-09-23T12:19:42+00:00\" \/>\n<meta property=\"og:image\" content=\"https:\/\/noticiaempauta.com\/portal\/wp-content\/uploads\/2024\/09\/WhatsApp-Image-2024-09-21-at-07.20.13.jpeg\" \/>\n\t<meta property=\"og:image:width\" content=\"949\" \/>\n\t<meta property=\"og:image:height\" content=\"556\" \/>\n\t<meta property=\"og:image:type\" content=\"image\/jpeg\" \/>\n<meta name=\"author\" content=\"Reda\u00e7\u00e3o\" \/>\n<meta name=\"twitter:card\" content=\"summary_large_image\" \/>\n<meta name=\"twitter:label1\" content=\"Escrito por\" \/>\n\t<meta name=\"twitter:data1\" content=\"Reda\u00e7\u00e3o\" \/>\n\t<meta name=\"twitter:label2\" content=\"Est. tempo de leitura\" \/>\n\t<meta name=\"twitter:data2\" content=\"3 minutos\" \/>\n<script type=\"application\/ld+json\" class=\"yoast-schema-graph\">{\"@context\":\"https:\/\/schema.org\",\"@graph\":[{\"@type\":\"Article\",\"@id\":\"https:\/\/noticiaempauta.com\/portal\/primavera-comeca-hoje-e-deve-aumentar-a-umidade-do-ar-no-pais-veja-previsao\/#article\",\"isPartOf\":{\"@id\":\"https:\/\/noticiaempauta.com\/portal\/primavera-comeca-hoje-e-deve-aumentar-a-umidade-do-ar-no-pais-veja-previsao\/\"},\"author\":{\"name\":\"Reda\u00e7\u00e3o\",\"@id\":\"https:\/\/noticiaempauta.com\/portal\/#\/schema\/person\/a74af43dd1ab3deca45f988c717d57ac\"},\"headline\":\"Primavera come\u00e7a hoje e deve aumentar a umidade do ar no pa\u00eds; veja previs\u00e3o\",\"datePublished\":\"2024-09-23T12:19:41+00:00\",\"dateModified\":\"2024-09-23T12:19:42+00:00\",\"mainEntityOfPage\":{\"@id\":\"https:\/\/noticiaempauta.com\/portal\/primavera-comeca-hoje-e-deve-aumentar-a-umidade-do-ar-no-pais-veja-previsao\/\"},\"wordCount\":577,\"commentCount\":0,\"publisher\":{\"@id\":\"https:\/\/noticiaempauta.com\/portal\/#organization\"},\"image\":{\"@id\":\"https:\/\/noticiaempauta.com\/portal\/primavera-comeca-hoje-e-deve-aumentar-a-umidade-do-ar-no-pais-veja-previsao\/#primaryimage\"},\"thumbnailUrl\":\"https:\/\/noticiaempauta.com\/portal\/wp-content\/uploads\/2024\/09\/WhatsApp-Image-2024-09-21-at-07.20.13.jpeg\",\"keywords\":[\"destaqueprincipal\"],\"articleSection\":[\"Destaques\",\"Geral\",\"Todas as Not\u00edcias\"],\"inLanguage\":\"pt-BR\",\"potentialAction\":[{\"@type\":\"CommentAction\",\"name\":\"Comment\",\"target\":[\"https:\/\/noticiaempauta.com\/portal\/primavera-comeca-hoje-e-deve-aumentar-a-umidade-do-ar-no-pais-veja-previsao\/#respond\"]}]},{\"@type\":\"WebPage\",\"@id\":\"https:\/\/noticiaempauta.com\/portal\/primavera-comeca-hoje-e-deve-aumentar-a-umidade-do-ar-no-pais-veja-previsao\/\",\"url\":\"https:\/\/noticiaempauta.com\/portal\/primavera-comeca-hoje-e-deve-aumentar-a-umidade-do-ar-no-pais-veja-previsao\/\",\"name\":\"Primavera come\u00e7a hoje e deve aumentar a umidade do ar no pa\u00eds; veja previs\u00e3o - Portal Not\u00edcia em Pauta\",\"isPartOf\":{\"@id\":\"https:\/\/noticiaempauta.com\/portal\/#website\"},\"primaryImageOfPage\":{\"@id\":\"https:\/\/noticiaempauta.com\/portal\/primavera-comeca-hoje-e-deve-aumentar-a-umidade-do-ar-no-pais-veja-previsao\/#primaryimage\"},\"image\":{\"@id\":\"https:\/\/noticiaempauta.com\/portal\/primavera-comeca-hoje-e-deve-aumentar-a-umidade-do-ar-no-pais-veja-previsao\/#primaryimage\"},\"thumbnailUrl\":\"https:\/\/noticiaempauta.com\/portal\/wp-content\/uploads\/2024\/09\/WhatsApp-Image-2024-09-21-at-07.20.13.jpeg\",\"datePublished\":\"2024-09-23T12:19:41+00:00\",\"dateModified\":\"2024-09-23T12:19:42+00:00\",\"breadcrumb\":{\"@id\":\"https:\/\/noticiaempauta.com\/portal\/primavera-comeca-hoje-e-deve-aumentar-a-umidade-do-ar-no-pais-veja-previsao\/#breadcrumb\"},\"inLanguage\":\"pt-BR\",\"potentialAction\":[{\"@type\":\"ReadAction\",\"target\":[\"https:\/\/noticiaempauta.com\/portal\/primavera-comeca-hoje-e-deve-aumentar-a-umidade-do-ar-no-pais-veja-previsao\/\"]}]},{\"@type\":\"ImageObject\",\"inLanguage\":\"pt-BR\",\"@id\":\"https:\/\/noticiaempauta.com\/portal\/primavera-comeca-hoje-e-deve-aumentar-a-umidade-do-ar-no-pais-veja-previsao\/#primaryimage\",\"url\":\"https:\/\/noticiaempauta.com\/portal\/wp-content\/uploads\/2024\/09\/WhatsApp-Image-2024-09-21-at-07.20.13.jpeg\",\"contentUrl\":\"https:\/\/noticiaempauta.com\/portal\/wp-content\/uploads\/2024\/09\/WhatsApp-Image-2024-09-21-at-07.20.13.jpeg\",\"width\":949,\"height\":556,\"caption\":\"(Foto: Divulga\u00e7\u00e3o)\"},{\"@type\":\"BreadcrumbList\",\"@id\":\"https:\/\/noticiaempauta.com\/portal\/primavera-comeca-hoje-e-deve-aumentar-a-umidade-do-ar-no-pais-veja-previsao\/#breadcrumb\",\"itemListElement\":[{\"@type\":\"ListItem\",\"position\":1,\"name\":\"P\u00e1gina Inicial\",\"item\":\"https:\/\/noticiaempauta.com\/portal\/\"},{\"@type\":\"ListItem\",\"position\":2,\"name\":\"Destaques\",\"item\":\"https:\/\/noticiaempauta.com\/portal\/destaques-site\/\"},{\"@type\":\"ListItem\",\"position\":3,\"name\":\"Primavera come\u00e7a hoje e deve aumentar a umidade do ar no pa\u00eds; veja previs\u00e3o\"}]},{\"@type\":\"WebSite\",\"@id\":\"https:\/\/noticiaempauta.com\/portal\/#website\",\"url\":\"https:\/\/noticiaempauta.com\/portal\/\",\"name\":\"Portal Not\u00edcia em Pauta\",\"description\":\"Voc\u00ea bem informado\",\"publisher\":{\"@id\":\"https:\/\/noticiaempauta.com\/portal\/#organization\"},\"potentialAction\":[{\"@type\":\"SearchAction\",\"target\":{\"@type\":\"EntryPoint\",\"urlTemplate\":\"https:\/\/noticiaempauta.com\/portal\/?s={search_term_string}\"},\"query-input\":{\"@type\":\"PropertyValueSpecification\",\"valueRequired\":true,\"valueName\":\"search_term_string\"}}],\"inLanguage\":\"pt-BR\"},{\"@type\":\"Organization\",\"@id\":\"https:\/\/noticiaempauta.com\/portal\/#organization\",\"name\":\"Portal Not\u00edcia em Pauta\",\"url\":\"https:\/\/noticiaempauta.com\/portal\/\",\"logo\":{\"@type\":\"ImageObject\",\"inLanguage\":\"pt-BR\",\"@id\":\"https:\/\/noticiaempauta.com\/portal\/#\/schema\/logo\/image\/\",\"url\":\"https:\/\/noticiaempauta.com\/portal\/wp-content\/uploads\/2022\/08\/logomarca_tema.fw_.png\",\"contentUrl\":\"https:\/\/noticiaempauta.com\/portal\/wp-content\/uploads\/2022\/08\/logomarca_tema.fw_.png\",\"width\":400,\"height\":232,\"caption\":\"Portal Not\u00edcia em Pauta\"},\"image\":{\"@id\":\"https:\/\/noticiaempauta.com\/portal\/#\/schema\/logo\/image\/\"},\"sameAs\":[\"https:\/\/www.facebook.com\/Portal-Notcia-Em-Pauta-102292869264820\/\",\"https:\/\/www.instagram.com\/portalnoticiaempauta\/\"]},{\"@type\":\"Person\",\"@id\":\"https:\/\/noticiaempauta.com\/portal\/#\/schema\/person\/a74af43dd1ab3deca45f988c717d57ac\",\"name\":\"Reda\u00e7\u00e3o\",\"image\":{\"@type\":\"ImageObject\",\"inLanguage\":\"pt-BR\",\"@id\":\"https:\/\/noticiaempauta.com\/portal\/#\/schema\/person\/image\/\",\"url\":\"https:\/\/secure.gravatar.com\/avatar\/03179346ecce6cdfc13361603e8f54242a90e5cde8618fa23c5c00aa2b0aadf3?s=96&d=mm&r=g\",\"contentUrl\":\"https:\/\/secure.gravatar.com\/avatar\/03179346ecce6cdfc13361603e8f54242a90e5cde8618fa23c5c00aa2b0aadf3?s=96&d=mm&r=g\",\"caption\":\"Reda\u00e7\u00e3o\"},\"sameAs\":[\"https:\/\/noticiaempauta.com\/portal\/\"],\"url\":\"https:\/\/noticiaempauta.com\/portal\/author\/fernando\/\"}]}<\/script>\n<!-- \/ Yoast SEO Premium plugin. -->","yoast_head_json":{"title":"Primavera come\u00e7a hoje e deve aumentar a umidade do ar no pa\u00eds; veja previs\u00e3o - Portal Not\u00edcia em Pauta","robots":{"index":"index","follow":"follow","max-snippet":"max-snippet:-1","max-image-preview":"max-image-preview:large","max-video-preview":"max-video-preview:-1"},"canonical":"https:\/\/noticiaempauta.com\/portal\/primavera-comeca-hoje-e-deve-aumentar-a-umidade-do-ar-no-pais-veja-previsao\/","og_locale":"pt_BR","og_type":"article","og_title":"Primavera come\u00e7a hoje e deve aumentar a umidade do ar no pa\u00eds; veja previs\u00e3o","og_description":"Tend\u00eancia de calor abafado e ameno, com umidade elevada.","og_url":"https:\/\/noticiaempauta.com\/portal\/primavera-comeca-hoje-e-deve-aumentar-a-umidade-do-ar-no-pais-veja-previsao\/","og_site_name":"Portal Not\u00edcia em Pauta","article_publisher":"https:\/\/www.facebook.com\/Portal-Notcia-Em-Pauta-102292869264820\/","article_published_time":"2024-09-23T12:19:41+00:00","article_modified_time":"2024-09-23T12:19:42+00:00","og_image":[{"width":949,"height":556,"url":"https:\/\/noticiaempauta.com\/portal\/wp-content\/uploads\/2024\/09\/WhatsApp-Image-2024-09-21-at-07.20.13.jpeg","type":"image\/jpeg"}],"author":"Reda\u00e7\u00e3o","twitter_card":"summary_large_image","twitter_misc":{"Escrito por":"Reda\u00e7\u00e3o","Est. tempo de leitura":"3 minutos"},"schema":{"@context":"https:\/\/schema.org","@graph":[{"@type":"Article","@id":"https:\/\/noticiaempauta.com\/portal\/primavera-comeca-hoje-e-deve-aumentar-a-umidade-do-ar-no-pais-veja-previsao\/#article","isPartOf":{"@id":"https:\/\/noticiaempauta.com\/portal\/primavera-comeca-hoje-e-deve-aumentar-a-umidade-do-ar-no-pais-veja-previsao\/"},"author":{"name":"Reda\u00e7\u00e3o","@id":"https:\/\/noticiaempauta.com\/portal\/#\/schema\/person\/a74af43dd1ab3deca45f988c717d57ac"},"headline":"Primavera come\u00e7a hoje e deve aumentar a umidade do ar no pa\u00eds; veja previs\u00e3o","datePublished":"2024-09-23T12:19:41+00:00","dateModified":"2024-09-23T12:19:42+00:00","mainEntityOfPage":{"@id":"https:\/\/noticiaempauta.com\/portal\/primavera-comeca-hoje-e-deve-aumentar-a-umidade-do-ar-no-pais-veja-previsao\/"},"wordCount":577,"commentCount":0,"publisher":{"@id":"https:\/\/noticiaempauta.com\/portal\/#organization"},"image":{"@id":"https:\/\/noticiaempauta.com\/portal\/primavera-comeca-hoje-e-deve-aumentar-a-umidade-do-ar-no-pais-veja-previsao\/#primaryimage"},"thumbnailUrl":"https:\/\/noticiaempauta.com\/portal\/wp-content\/uploads\/2024\/09\/WhatsApp-Image-2024-09-21-at-07.20.13.jpeg","keywords":["destaqueprincipal"],"articleSection":["Destaques","Geral","Todas as Not\u00edcias"],"inLanguage":"pt-BR","potentialAction":[{"@type":"CommentAction","name":"Comment","target":["https:\/\/noticiaempauta.com\/portal\/primavera-comeca-hoje-e-deve-aumentar-a-umidade-do-ar-no-pais-veja-previsao\/#respond"]}]},{"@type":"WebPage","@id":"https:\/\/noticiaempauta.com\/portal\/primavera-comeca-hoje-e-deve-aumentar-a-umidade-do-ar-no-pais-veja-previsao\/","url":"https:\/\/noticiaempauta.com\/portal\/primavera-comeca-hoje-e-deve-aumentar-a-umidade-do-ar-no-pais-veja-previsao\/","name":"Primavera come\u00e7a hoje e deve aumentar a umidade do ar no pa\u00eds; veja previs\u00e3o - Portal Not\u00edcia em Pauta","isPartOf":{"@id":"https:\/\/noticiaempauta.com\/portal\/#website"},"primaryImageOfPage":{"@id":"https:\/\/noticiaempauta.com\/portal\/primavera-comeca-hoje-e-deve-aumentar-a-umidade-do-ar-no-pais-veja-previsao\/#primaryimage"},"image":{"@id":"https:\/\/noticiaempauta.com\/portal\/primavera-comeca-hoje-e-deve-aumentar-a-umidade-do-ar-no-pais-veja-previsao\/#primaryimage"},"thumbnailUrl":"https:\/\/noticiaempauta.com\/portal\/wp-content\/uploads\/2024\/09\/WhatsApp-Image-2024-09-21-at-07.20.13.jpeg","datePublished":"2024-09-23T12:19:41+00:00","dateModified":"2024-09-23T12:19:42+00:00","breadcrumb":{"@id":"https:\/\/noticiaempauta.com\/portal\/primavera-comeca-hoje-e-deve-aumentar-a-umidade-do-ar-no-pais-veja-previsao\/#breadcrumb"},"inLanguage":"pt-BR","potentialAction":[{"@type":"ReadAction","target":["https:\/\/noticiaempauta.com\/portal\/primavera-comeca-hoje-e-deve-aumentar-a-umidade-do-ar-no-pais-veja-previsao\/"]}]},{"@type":"ImageObject","inLanguage":"pt-BR","@id":"https:\/\/noticiaempauta.com\/portal\/primavera-comeca-hoje-e-deve-aumentar-a-umidade-do-ar-no-pais-veja-previsao\/#primaryimage","url":"https:\/\/noticiaempauta.com\/portal\/wp-content\/uploads\/2024\/09\/WhatsApp-Image-2024-09-21-at-07.20.13.jpeg","contentUrl":"https:\/\/noticiaempauta.com\/portal\/wp-content\/uploads\/2024\/09\/WhatsApp-Image-2024-09-21-at-07.20.13.jpeg","width":949,"height":556,"caption":"(Foto: Divulga\u00e7\u00e3o)"},{"@type":"BreadcrumbList","@id":"https:\/\/noticiaempauta.com\/portal\/primavera-comeca-hoje-e-deve-aumentar-a-umidade-do-ar-no-pais-veja-previsao\/#breadcrumb","itemListElement":[{"@type":"ListItem","position":1,"name":"P\u00e1gina Inicial","item":"https:\/\/noticiaempauta.com\/portal\/"},{"@type":"ListItem","position":2,"name":"Destaques","item":"https:\/\/noticiaempauta.com\/portal\/destaques-site\/"},{"@type":"ListItem","position":3,"name":"Primavera come\u00e7a hoje e deve aumentar a umidade do ar no pa\u00eds; veja previs\u00e3o"}]},{"@type":"WebSite","@id":"https:\/\/noticiaempauta.com\/portal\/#website","url":"https:\/\/noticiaempauta.com\/portal\/","name":"Portal Not\u00edcia em Pauta","description":"Voc\u00ea bem informado","publisher":{"@id":"https:\/\/noticiaempauta.com\/portal\/#organization"},"potentialAction":[{"@type":"SearchAction","target":{"@type":"EntryPoint","urlTemplate":"https:\/\/noticiaempauta.com\/portal\/?s={search_term_string}"},"query-input":{"@type":"PropertyValueSpecification","valueRequired":true,"valueName":"search_term_string"}}],"inLanguage":"pt-BR"},{"@type":"Organization","@id":"https:\/\/noticiaempauta.com\/portal\/#organization","name":"Portal Not\u00edcia em Pauta","url":"https:\/\/noticiaempauta.com\/portal\/","logo":{"@type":"ImageObject","inLanguage":"pt-BR","@id":"https:\/\/noticiaempauta.com\/portal\/#\/schema\/logo\/image\/","url":"https:\/\/noticiaempauta.com\/portal\/wp-content\/uploads\/2022\/08\/logomarca_tema.fw_.png","contentUrl":"https:\/\/noticiaempauta.com\/portal\/wp-content\/uploads\/2022\/08\/logomarca_tema.fw_.png","width":400,"height":232,"caption":"Portal Not\u00edcia em Pauta"},"image":{"@id":"https:\/\/noticiaempauta.com\/portal\/#\/schema\/logo\/image\/"},"sameAs":["https:\/\/www.facebook.com\/Portal-Notcia-Em-Pauta-102292869264820\/","https:\/\/www.instagram.com\/portalnoticiaempauta\/"]},{"@type":"Person","@id":"https:\/\/noticiaempauta.com\/portal\/#\/schema\/person\/a74af43dd1ab3deca45f988c717d57ac","name":"Reda\u00e7\u00e3o","image":{"@type":"ImageObject","inLanguage":"pt-BR","@id":"https:\/\/noticiaempauta.com\/portal\/#\/schema\/person\/image\/","url":"https:\/\/secure.gravatar.com\/avatar\/03179346ecce6cdfc13361603e8f54242a90e5cde8618fa23c5c00aa2b0aadf3?s=96&d=mm&r=g","contentUrl":"https:\/\/secure.gravatar.com\/avatar\/03179346ecce6cdfc13361603e8f54242a90e5cde8618fa23c5c00aa2b0aadf3?s=96&d=mm&r=g","caption":"Reda\u00e7\u00e3o"},"sameAs":["https:\/\/noticiaempauta.com\/portal\/"],"url":"https:\/\/noticiaempauta.com\/portal\/author\/fernando\/"}]}},"_links":{"self":[{"href":"https:\/\/noticiaempauta.com\/portal\/wp-json\/wp\/v2\/posts\/262260","targetHints":{"allow":["GET"]}}],"collection":[{"href":"https:\/\/noticiaempauta.com\/portal\/wp-json\/wp\/v2\/posts"}],"about":[{"href":"https:\/\/noticiaempauta.com\/portal\/wp-json\/wp\/v2\/types\/post"}],"author":[{"embeddable":true,"href":"https:\/\/noticiaempauta.com\/portal\/wp-json\/wp\/v2\/users\/2"}],"replies":[{"embeddable":true,"href":"https:\/\/noticiaempauta.com\/portal\/wp-json\/wp\/v2\/comments?post=262260"}],"version-history":[{"count":2,"href":"https:\/\/noticiaempauta.com\/portal\/wp-json\/wp\/v2\/posts\/262260\/revisions"}],"predecessor-version":[{"id":262263,"href":"https:\/\/noticiaempauta.com\/portal\/wp-json\/wp\/v2\/posts\/262260\/revisions\/262263"}],"wp:featuredmedia":[{"embeddable":true,"href":"https:\/\/noticiaempauta.com\/portal\/wp-json\/wp\/v2\/media\/262261"}],"wp:attachment":[{"href":"https:\/\/noticiaempauta.com\/portal\/wp-json\/wp\/v2\/media?parent=262260"}],"wp:term":[{"taxonomy":"category","embeddable":true,"href":"https:\/\/noticiaempauta.com\/portal\/wp-json\/wp\/v2\/categories?post=262260"},{"taxonomy":"post_tag","embeddable":true,"href":"https:\/\/noticiaempauta.com\/portal\/wp-json\/wp\/v2\/tags?post=262260"}],"curies":[{"name":"wp","href":"https:\/\/api.w.org\/{rel}","templated":true}]}}