{"id":262264,"date":"2024-09-23T09:22:04","date_gmt":"2024-09-23T12:22:04","guid":{"rendered":"https:\/\/noticiaempauta.com\/portal\/?p=262264"},"modified":"2024-09-23T09:22:05","modified_gmt":"2024-09-23T12:22:05","slug":"ministerio-da-educacao-vai-propor-lei-para-proibir-uso-de-celulares-em-salas-de-aula","status":"publish","type":"post","link":"https:\/\/noticiaempauta.com\/portal\/ministerio-da-educacao-vai-propor-lei-para-proibir-uso-de-celulares-em-salas-de-aula\/","title":{"rendered":"Minist\u00e9rio da Educa\u00e7\u00e3o vai propor lei para proibir uso de celulares em salas de aula"},"content":{"rendered":"\n<p>BRAS\u00cdLIA &#8211; O ministro da Educa\u00e7\u00e3o, Camilo Santana, est\u00e1 preparando um projeto de lei que pro\u00edbe o uso de telefones celulares dentro de salas de aulas de escolas p\u00fablicas e privadas do Pa\u00eds. De acordo com a pasta, a proposta vai ser apresentada ao Congresso Nacional em outubro.<\/p>\n\n\n\n<figure class=\"wp-block-image size-full\"><img fetchpriority=\"high\" decoding=\"async\" width=\"640\" height=\"427\" src=\"https:\/\/noticiaempauta.com\/portal\/wp-content\/uploads\/2024\/09\/P40G-IMG-4e3fe8860953ac315f.jpg\" alt=\"\" class=\"wp-image-262265\" srcset=\"https:\/\/noticiaempauta.com\/portal\/wp-content\/uploads\/2024\/09\/P40G-IMG-4e3fe8860953ac315f.jpg 640w, https:\/\/noticiaempauta.com\/portal\/wp-content\/uploads\/2024\/09\/P40G-IMG-4e3fe8860953ac315f-300x200.jpg 300w\" sizes=\"(max-width: 640px) 100vw, 640px\" \/><\/figure>\n\n\n\n<p>Segundo o Minist\u00e9rio da Educa\u00e7\u00e3o (MEC), a inten\u00e7\u00e3o \u00e9 garantir maior seguran\u00e7a jur\u00eddica a Estados que j\u00e1 possuem leis que pro\u00edbem o uso dos aparelhos em salas de aulas. Um exemplo \u00e9 o Cear\u00e1, reduto eleitoral do ministro, que aprovou uma lei sobre o tema em 2008.<\/p>\n\n\n\n<p>Em S\u00e3o Paulo, est\u00e1 em tramita\u00e7\u00e3o o projeto de lei n\u00ba 293\/2024, que estabelece a proibi\u00e7\u00e3o do uso dos celulares em escolas do Estado. A proposi\u00e7\u00e3o atualmente est\u00e1 na Comiss\u00e3o de Constitui\u00e7\u00e3o e Justi\u00e7a da Assembleia Legislativa de S\u00e3o Paulo (Alesp) e acendeu discuss\u00f5es por parte de educadores e gestores p\u00fablicos.<\/p>\n\n\n\n<p>Segundo a pesquisa TIC Educa\u00e7\u00e3o 2023, lan\u00e7ada no m\u00eas passado pelo Comit\u00ea Gestor da Internet no Brasil, 28% das escolas de ensino fundamental e m\u00e9dio p\u00fablicas e particulares do Brasil pro\u00edbem o uso de celular pelos alunos. O levantamento mostrou tamb\u00e9m que 64% das institui\u00e7\u00f5es permitem, mas restringem o acesso aos telefones a determinados espa\u00e7os e hor\u00e1rios.<\/p>\n\n\n\n<p>O MEC tamb\u00e9m argumenta que a proibi\u00e7\u00e3o dos celulares em salas de aula vai de encontro com o resultado de estudos internacionais sobre o tema. As pesquisas citadas pela pasta apontam que os aparelhos causam distra\u00e7\u00f5es nos estudantes, interferindo no aprendizado.<\/p>\n\n\n\n<p>Em julho de 2023, a Organiza\u00e7\u00e3o das Na\u00e7\u00f5es Unidas para a Educa\u00e7\u00e3o, a Ci\u00eancia e a Cultura (Unesco), divulgou um relat\u00f3rio onde alertava sobre o uso excessivo de telas por crian\u00e7as e adolescentes. A entidade tamb\u00e9m citou exemplos de pa\u00edses onde o uso \u00e9 proibido.<\/p>\n\n\n\n<p>\u201cDados de avalia\u00e7\u00f5es internacionais em larga escala sugerem uma correla\u00e7\u00e3o negativa entre o uso excessivo das tecnologias de informa\u00e7\u00e3o e comunica\u00e7\u00e3o e o desempenho acad\u00eamico. Descobriu-se que a simples proximidade de um aparelho celular era capaz de distrair os estudantes e provocar um impacto negativo na aprendizagem em 14 pa\u00edses\u201d, destaca a Unesco.<\/p>\n\n\n\n<p>Camilo afirmou ao Di\u00e1rio do Nordeste nesta quinta-feira, 20, que t\u00e9cnicos do minist\u00e9rio est\u00e3o formulando o texto que ser\u00e1 apresentado ao Congresso Nacional. Ao Estad\u00e3o, o MEC afirmou que a medida vai fazer parte de um pacote com outras regulamenta\u00e7\u00f5es que est\u00e3o sendo analisadas pela pasta.<\/p>\n\n\n\n<p>Para ser aprovado, o projeto de lei que ser\u00e1 apresentado pelo MEC ser\u00e1 discutido pelos parlamentares e precisar\u00e1 ser aprovado por maioria simples da C\u00e2mara dos Deputados e do Senado Federal. Passado pelo Congresso, ainda \u00e9 necess\u00e1ria uma san\u00e7\u00e3o do presidente Luiz In\u00e1cio Lula da Silva (PT).<\/p>\n\n\n\n<p>Estad\u00e3o Conte\u00fado<\/p>\n","protected":false},"excerpt":{"rendered":"<p>BRAS\u00cdLIA &#8211; O ministro da Educa\u00e7\u00e3o, Camilo Santana, est\u00e1 preparando um projeto de lei que pro\u00edbe o uso de telefones celulares dentro de salas de aulas de escolas p\u00fablicas e privadas do Pa\u00eds. De acordo com a pasta, a proposta vai ser apresentada ao Congresso Nacional em outubro. Segundo o Minist\u00e9rio da Educa\u00e7\u00e3o (MEC), a [&hellip;]<\/p>\n","protected":false},"author":2,"featured_media":262265,"comment_status":"open","ping_status":"open","sticky":false,"template":"","format":"standard","meta":{"_mi_skip_tracking":false,"footnotes":""},"categories":[25,1,16],"tags":[],"class_list":["post-262264","post","type-post","status-publish","format-standard","has-post-thumbnail","hentry","category-destaques-site","category-geral","category-todas"],"acf":[],"yoast_head":"<!-- This site is optimized with the Yoast SEO Premium plugin v19.2 (Yoast SEO v26.9) - https:\/\/yoast.com\/product\/yoast-seo-premium-wordpress\/ -->\n<title>Minist\u00e9rio da Educa\u00e7\u00e3o vai propor lei para proibir uso de celulares em salas de aula - Portal Not\u00edcia em Pauta<\/title>\n<meta name=\"robots\" content=\"index, follow, max-snippet:-1, max-image-preview:large, max-video-preview:-1\" \/>\n<link rel=\"canonical\" href=\"https:\/\/noticiaempauta.com\/portal\/ministerio-da-educacao-vai-propor-lei-para-proibir-uso-de-celulares-em-salas-de-aula\/\" \/>\n<meta property=\"og:locale\" content=\"pt_BR\" \/>\n<meta property=\"og:type\" content=\"article\" \/>\n<meta property=\"og:title\" content=\"Minist\u00e9rio da Educa\u00e7\u00e3o vai propor lei para proibir uso de celulares em salas de aula\" \/>\n<meta property=\"og:description\" content=\"BRAS\u00cdLIA &#8211; O ministro da Educa\u00e7\u00e3o, Camilo Santana, est\u00e1 preparando um projeto de lei que pro\u00edbe o uso de telefones celulares dentro de salas de aulas de escolas p\u00fablicas e privadas do Pa\u00eds. De acordo com a pasta, a proposta vai ser apresentada ao Congresso Nacional em outubro. Segundo o Minist\u00e9rio da Educa\u00e7\u00e3o (MEC), a [&hellip;]\" \/>\n<meta property=\"og:url\" content=\"https:\/\/noticiaempauta.com\/portal\/ministerio-da-educacao-vai-propor-lei-para-proibir-uso-de-celulares-em-salas-de-aula\/\" \/>\n<meta property=\"og:site_name\" content=\"Portal Not\u00edcia em Pauta\" \/>\n<meta property=\"article:publisher\" content=\"https:\/\/www.facebook.com\/Portal-Notcia-Em-Pauta-102292869264820\/\" \/>\n<meta property=\"article:published_time\" content=\"2024-09-23T12:22:04+00:00\" \/>\n<meta property=\"article:modified_time\" content=\"2024-09-23T12:22:05+00:00\" \/>\n<meta property=\"og:image\" content=\"https:\/\/noticiaempauta.com\/portal\/wp-content\/uploads\/2024\/09\/P40G-IMG-4e3fe8860953ac315f.jpg\" \/>\n\t<meta property=\"og:image:width\" content=\"640\" \/>\n\t<meta property=\"og:image:height\" content=\"427\" \/>\n\t<meta property=\"og:image:type\" content=\"image\/jpeg\" \/>\n<meta name=\"author\" content=\"Reda\u00e7\u00e3o\" \/>\n<meta name=\"twitter:card\" content=\"summary_large_image\" \/>\n<meta name=\"twitter:label1\" content=\"Escrito por\" \/>\n\t<meta name=\"twitter:data1\" content=\"Reda\u00e7\u00e3o\" \/>\n\t<meta name=\"twitter:label2\" content=\"Est. tempo de leitura\" \/>\n\t<meta name=\"twitter:data2\" content=\"3 minutos\" \/>\n<script type=\"application\/ld+json\" class=\"yoast-schema-graph\">{\"@context\":\"https:\/\/schema.org\",\"@graph\":[{\"@type\":\"Article\",\"@id\":\"https:\/\/noticiaempauta.com\/portal\/ministerio-da-educacao-vai-propor-lei-para-proibir-uso-de-celulares-em-salas-de-aula\/#article\",\"isPartOf\":{\"@id\":\"https:\/\/noticiaempauta.com\/portal\/ministerio-da-educacao-vai-propor-lei-para-proibir-uso-de-celulares-em-salas-de-aula\/\"},\"author\":{\"name\":\"Reda\u00e7\u00e3o\",\"@id\":\"https:\/\/noticiaempauta.com\/portal\/#\/schema\/person\/a74af43dd1ab3deca45f988c717d57ac\"},\"headline\":\"Minist\u00e9rio da Educa\u00e7\u00e3o vai propor lei para proibir uso de celulares em salas de aula\",\"datePublished\":\"2024-09-23T12:22:04+00:00\",\"dateModified\":\"2024-09-23T12:22:05+00:00\",\"mainEntityOfPage\":{\"@id\":\"https:\/\/noticiaempauta.com\/portal\/ministerio-da-educacao-vai-propor-lei-para-proibir-uso-de-celulares-em-salas-de-aula\/\"},\"wordCount\":503,\"commentCount\":0,\"publisher\":{\"@id\":\"https:\/\/noticiaempauta.com\/portal\/#organization\"},\"image\":{\"@id\":\"https:\/\/noticiaempauta.com\/portal\/ministerio-da-educacao-vai-propor-lei-para-proibir-uso-de-celulares-em-salas-de-aula\/#primaryimage\"},\"thumbnailUrl\":\"https:\/\/noticiaempauta.com\/portal\/wp-content\/uploads\/2024\/09\/P40G-IMG-4e3fe8860953ac315f.jpg\",\"articleSection\":[\"Destaques\",\"Geral\",\"Todas as Not\u00edcias\"],\"inLanguage\":\"pt-BR\",\"potentialAction\":[{\"@type\":\"CommentAction\",\"name\":\"Comment\",\"target\":[\"https:\/\/noticiaempauta.com\/portal\/ministerio-da-educacao-vai-propor-lei-para-proibir-uso-de-celulares-em-salas-de-aula\/#respond\"]}]},{\"@type\":\"WebPage\",\"@id\":\"https:\/\/noticiaempauta.com\/portal\/ministerio-da-educacao-vai-propor-lei-para-proibir-uso-de-celulares-em-salas-de-aula\/\",\"url\":\"https:\/\/noticiaempauta.com\/portal\/ministerio-da-educacao-vai-propor-lei-para-proibir-uso-de-celulares-em-salas-de-aula\/\",\"name\":\"Minist\u00e9rio da Educa\u00e7\u00e3o vai propor lei para proibir uso de celulares em salas de aula - Portal Not\u00edcia em Pauta\",\"isPartOf\":{\"@id\":\"https:\/\/noticiaempauta.com\/portal\/#website\"},\"primaryImageOfPage\":{\"@id\":\"https:\/\/noticiaempauta.com\/portal\/ministerio-da-educacao-vai-propor-lei-para-proibir-uso-de-celulares-em-salas-de-aula\/#primaryimage\"},\"image\":{\"@id\":\"https:\/\/noticiaempauta.com\/portal\/ministerio-da-educacao-vai-propor-lei-para-proibir-uso-de-celulares-em-salas-de-aula\/#primaryimage\"},\"thumbnailUrl\":\"https:\/\/noticiaempauta.com\/portal\/wp-content\/uploads\/2024\/09\/P40G-IMG-4e3fe8860953ac315f.jpg\",\"datePublished\":\"2024-09-23T12:22:04+00:00\",\"dateModified\":\"2024-09-23T12:22:05+00:00\",\"breadcrumb\":{\"@id\":\"https:\/\/noticiaempauta.com\/portal\/ministerio-da-educacao-vai-propor-lei-para-proibir-uso-de-celulares-em-salas-de-aula\/#breadcrumb\"},\"inLanguage\":\"pt-BR\",\"potentialAction\":[{\"@type\":\"ReadAction\",\"target\":[\"https:\/\/noticiaempauta.com\/portal\/ministerio-da-educacao-vai-propor-lei-para-proibir-uso-de-celulares-em-salas-de-aula\/\"]}]},{\"@type\":\"ImageObject\",\"inLanguage\":\"pt-BR\",\"@id\":\"https:\/\/noticiaempauta.com\/portal\/ministerio-da-educacao-vai-propor-lei-para-proibir-uso-de-celulares-em-salas-de-aula\/#primaryimage\",\"url\":\"https:\/\/noticiaempauta.com\/portal\/wp-content\/uploads\/2024\/09\/P40G-IMG-4e3fe8860953ac315f.jpg\",\"contentUrl\":\"https:\/\/noticiaempauta.com\/portal\/wp-content\/uploads\/2024\/09\/P40G-IMG-4e3fe8860953ac315f.jpg\",\"width\":640,\"height\":427},{\"@type\":\"BreadcrumbList\",\"@id\":\"https:\/\/noticiaempauta.com\/portal\/ministerio-da-educacao-vai-propor-lei-para-proibir-uso-de-celulares-em-salas-de-aula\/#breadcrumb\",\"itemListElement\":[{\"@type\":\"ListItem\",\"position\":1,\"name\":\"P\u00e1gina Inicial\",\"item\":\"https:\/\/noticiaempauta.com\/portal\/\"},{\"@type\":\"ListItem\",\"position\":2,\"name\":\"Destaques\",\"item\":\"https:\/\/noticiaempauta.com\/portal\/destaques-site\/\"},{\"@type\":\"ListItem\",\"position\":3,\"name\":\"Minist\u00e9rio da Educa\u00e7\u00e3o vai propor lei para proibir uso de celulares em salas de aula\"}]},{\"@type\":\"WebSite\",\"@id\":\"https:\/\/noticiaempauta.com\/portal\/#website\",\"url\":\"https:\/\/noticiaempauta.com\/portal\/\",\"name\":\"Portal Not\u00edcia em Pauta\",\"description\":\"Voc\u00ea bem informado\",\"publisher\":{\"@id\":\"https:\/\/noticiaempauta.com\/portal\/#organization\"},\"potentialAction\":[{\"@type\":\"SearchAction\",\"target\":{\"@type\":\"EntryPoint\",\"urlTemplate\":\"https:\/\/noticiaempauta.com\/portal\/?s={search_term_string}\"},\"query-input\":{\"@type\":\"PropertyValueSpecification\",\"valueRequired\":true,\"valueName\":\"search_term_string\"}}],\"inLanguage\":\"pt-BR\"},{\"@type\":\"Organization\",\"@id\":\"https:\/\/noticiaempauta.com\/portal\/#organization\",\"name\":\"Portal Not\u00edcia em Pauta\",\"url\":\"https:\/\/noticiaempauta.com\/portal\/\",\"logo\":{\"@type\":\"ImageObject\",\"inLanguage\":\"pt-BR\",\"@id\":\"https:\/\/noticiaempauta.com\/portal\/#\/schema\/logo\/image\/\",\"url\":\"https:\/\/noticiaempauta.com\/portal\/wp-content\/uploads\/2022\/08\/logomarca_tema.fw_.png\",\"contentUrl\":\"https:\/\/noticiaempauta.com\/portal\/wp-content\/uploads\/2022\/08\/logomarca_tema.fw_.png\",\"width\":400,\"height\":232,\"caption\":\"Portal Not\u00edcia em Pauta\"},\"image\":{\"@id\":\"https:\/\/noticiaempauta.com\/portal\/#\/schema\/logo\/image\/\"},\"sameAs\":[\"https:\/\/www.facebook.com\/Portal-Notcia-Em-Pauta-102292869264820\/\",\"https:\/\/www.instagram.com\/portalnoticiaempauta\/\"]},{\"@type\":\"Person\",\"@id\":\"https:\/\/noticiaempauta.com\/portal\/#\/schema\/person\/a74af43dd1ab3deca45f988c717d57ac\",\"name\":\"Reda\u00e7\u00e3o\",\"image\":{\"@type\":\"ImageObject\",\"inLanguage\":\"pt-BR\",\"@id\":\"https:\/\/noticiaempauta.com\/portal\/#\/schema\/person\/image\/\",\"url\":\"https:\/\/secure.gravatar.com\/avatar\/03179346ecce6cdfc13361603e8f54242a90e5cde8618fa23c5c00aa2b0aadf3?s=96&d=mm&r=g\",\"contentUrl\":\"https:\/\/secure.gravatar.com\/avatar\/03179346ecce6cdfc13361603e8f54242a90e5cde8618fa23c5c00aa2b0aadf3?s=96&d=mm&r=g\",\"caption\":\"Reda\u00e7\u00e3o\"},\"sameAs\":[\"https:\/\/noticiaempauta.com\/portal\/\"],\"url\":\"https:\/\/noticiaempauta.com\/portal\/author\/fernando\/\"}]}<\/script>\n<!-- \/ Yoast SEO Premium plugin. -->","yoast_head_json":{"title":"Minist\u00e9rio da Educa\u00e7\u00e3o vai propor lei para proibir uso de celulares em salas de aula - Portal Not\u00edcia em Pauta","robots":{"index":"index","follow":"follow","max-snippet":"max-snippet:-1","max-image-preview":"max-image-preview:large","max-video-preview":"max-video-preview:-1"},"canonical":"https:\/\/noticiaempauta.com\/portal\/ministerio-da-educacao-vai-propor-lei-para-proibir-uso-de-celulares-em-salas-de-aula\/","og_locale":"pt_BR","og_type":"article","og_title":"Minist\u00e9rio da Educa\u00e7\u00e3o vai propor lei para proibir uso de celulares em salas de aula","og_description":"BRAS\u00cdLIA &#8211; O ministro da Educa\u00e7\u00e3o, Camilo Santana, est\u00e1 preparando um projeto de lei que pro\u00edbe o uso de telefones celulares dentro de salas de aulas de escolas p\u00fablicas e privadas do Pa\u00eds. De acordo com a pasta, a proposta vai ser apresentada ao Congresso Nacional em outubro. Segundo o Minist\u00e9rio da Educa\u00e7\u00e3o (MEC), a [&hellip;]","og_url":"https:\/\/noticiaempauta.com\/portal\/ministerio-da-educacao-vai-propor-lei-para-proibir-uso-de-celulares-em-salas-de-aula\/","og_site_name":"Portal Not\u00edcia em Pauta","article_publisher":"https:\/\/www.facebook.com\/Portal-Notcia-Em-Pauta-102292869264820\/","article_published_time":"2024-09-23T12:22:04+00:00","article_modified_time":"2024-09-23T12:22:05+00:00","og_image":[{"width":640,"height":427,"url":"https:\/\/noticiaempauta.com\/portal\/wp-content\/uploads\/2024\/09\/P40G-IMG-4e3fe8860953ac315f.jpg","type":"image\/jpeg"}],"author":"Reda\u00e7\u00e3o","twitter_card":"summary_large_image","twitter_misc":{"Escrito por":"Reda\u00e7\u00e3o","Est. tempo de leitura":"3 minutos"},"schema":{"@context":"https:\/\/schema.org","@graph":[{"@type":"Article","@id":"https:\/\/noticiaempauta.com\/portal\/ministerio-da-educacao-vai-propor-lei-para-proibir-uso-de-celulares-em-salas-de-aula\/#article","isPartOf":{"@id":"https:\/\/noticiaempauta.com\/portal\/ministerio-da-educacao-vai-propor-lei-para-proibir-uso-de-celulares-em-salas-de-aula\/"},"author":{"name":"Reda\u00e7\u00e3o","@id":"https:\/\/noticiaempauta.com\/portal\/#\/schema\/person\/a74af43dd1ab3deca45f988c717d57ac"},"headline":"Minist\u00e9rio da Educa\u00e7\u00e3o vai propor lei para proibir uso de celulares em salas de aula","datePublished":"2024-09-23T12:22:04+00:00","dateModified":"2024-09-23T12:22:05+00:00","mainEntityOfPage":{"@id":"https:\/\/noticiaempauta.com\/portal\/ministerio-da-educacao-vai-propor-lei-para-proibir-uso-de-celulares-em-salas-de-aula\/"},"wordCount":503,"commentCount":0,"publisher":{"@id":"https:\/\/noticiaempauta.com\/portal\/#organization"},"image":{"@id":"https:\/\/noticiaempauta.com\/portal\/ministerio-da-educacao-vai-propor-lei-para-proibir-uso-de-celulares-em-salas-de-aula\/#primaryimage"},"thumbnailUrl":"https:\/\/noticiaempauta.com\/portal\/wp-content\/uploads\/2024\/09\/P40G-IMG-4e3fe8860953ac315f.jpg","articleSection":["Destaques","Geral","Todas as Not\u00edcias"],"inLanguage":"pt-BR","potentialAction":[{"@type":"CommentAction","name":"Comment","target":["https:\/\/noticiaempauta.com\/portal\/ministerio-da-educacao-vai-propor-lei-para-proibir-uso-de-celulares-em-salas-de-aula\/#respond"]}]},{"@type":"WebPage","@id":"https:\/\/noticiaempauta.com\/portal\/ministerio-da-educacao-vai-propor-lei-para-proibir-uso-de-celulares-em-salas-de-aula\/","url":"https:\/\/noticiaempauta.com\/portal\/ministerio-da-educacao-vai-propor-lei-para-proibir-uso-de-celulares-em-salas-de-aula\/","name":"Minist\u00e9rio da Educa\u00e7\u00e3o vai propor lei para proibir uso de celulares em salas de aula - Portal Not\u00edcia em Pauta","isPartOf":{"@id":"https:\/\/noticiaempauta.com\/portal\/#website"},"primaryImageOfPage":{"@id":"https:\/\/noticiaempauta.com\/portal\/ministerio-da-educacao-vai-propor-lei-para-proibir-uso-de-celulares-em-salas-de-aula\/#primaryimage"},"image":{"@id":"https:\/\/noticiaempauta.com\/portal\/ministerio-da-educacao-vai-propor-lei-para-proibir-uso-de-celulares-em-salas-de-aula\/#primaryimage"},"thumbnailUrl":"https:\/\/noticiaempauta.com\/portal\/wp-content\/uploads\/2024\/09\/P40G-IMG-4e3fe8860953ac315f.jpg","datePublished":"2024-09-23T12:22:04+00:00","dateModified":"2024-09-23T12:22:05+00:00","breadcrumb":{"@id":"https:\/\/noticiaempauta.com\/portal\/ministerio-da-educacao-vai-propor-lei-para-proibir-uso-de-celulares-em-salas-de-aula\/#breadcrumb"},"inLanguage":"pt-BR","potentialAction":[{"@type":"ReadAction","target":["https:\/\/noticiaempauta.com\/portal\/ministerio-da-educacao-vai-propor-lei-para-proibir-uso-de-celulares-em-salas-de-aula\/"]}]},{"@type":"ImageObject","inLanguage":"pt-BR","@id":"https:\/\/noticiaempauta.com\/portal\/ministerio-da-educacao-vai-propor-lei-para-proibir-uso-de-celulares-em-salas-de-aula\/#primaryimage","url":"https:\/\/noticiaempauta.com\/portal\/wp-content\/uploads\/2024\/09\/P40G-IMG-4e3fe8860953ac315f.jpg","contentUrl":"https:\/\/noticiaempauta.com\/portal\/wp-content\/uploads\/2024\/09\/P40G-IMG-4e3fe8860953ac315f.jpg","width":640,"height":427},{"@type":"BreadcrumbList","@id":"https:\/\/noticiaempauta.com\/portal\/ministerio-da-educacao-vai-propor-lei-para-proibir-uso-de-celulares-em-salas-de-aula\/#breadcrumb","itemListElement":[{"@type":"ListItem","position":1,"name":"P\u00e1gina Inicial","item":"https:\/\/noticiaempauta.com\/portal\/"},{"@type":"ListItem","position":2,"name":"Destaques","item":"https:\/\/noticiaempauta.com\/portal\/destaques-site\/"},{"@type":"ListItem","position":3,"name":"Minist\u00e9rio da Educa\u00e7\u00e3o vai propor lei para proibir uso de celulares em salas de aula"}]},{"@type":"WebSite","@id":"https:\/\/noticiaempauta.com\/portal\/#website","url":"https:\/\/noticiaempauta.com\/portal\/","name":"Portal Not\u00edcia em Pauta","description":"Voc\u00ea bem informado","publisher":{"@id":"https:\/\/noticiaempauta.com\/portal\/#organization"},"potentialAction":[{"@type":"SearchAction","target":{"@type":"EntryPoint","urlTemplate":"https:\/\/noticiaempauta.com\/portal\/?s={search_term_string}"},"query-input":{"@type":"PropertyValueSpecification","valueRequired":true,"valueName":"search_term_string"}}],"inLanguage":"pt-BR"},{"@type":"Organization","@id":"https:\/\/noticiaempauta.com\/portal\/#organization","name":"Portal Not\u00edcia em Pauta","url":"https:\/\/noticiaempauta.com\/portal\/","logo":{"@type":"ImageObject","inLanguage":"pt-BR","@id":"https:\/\/noticiaempauta.com\/portal\/#\/schema\/logo\/image\/","url":"https:\/\/noticiaempauta.com\/portal\/wp-content\/uploads\/2022\/08\/logomarca_tema.fw_.png","contentUrl":"https:\/\/noticiaempauta.com\/portal\/wp-content\/uploads\/2022\/08\/logomarca_tema.fw_.png","width":400,"height":232,"caption":"Portal Not\u00edcia em Pauta"},"image":{"@id":"https:\/\/noticiaempauta.com\/portal\/#\/schema\/logo\/image\/"},"sameAs":["https:\/\/www.facebook.com\/Portal-Notcia-Em-Pauta-102292869264820\/","https:\/\/www.instagram.com\/portalnoticiaempauta\/"]},{"@type":"Person","@id":"https:\/\/noticiaempauta.com\/portal\/#\/schema\/person\/a74af43dd1ab3deca45f988c717d57ac","name":"Reda\u00e7\u00e3o","image":{"@type":"ImageObject","inLanguage":"pt-BR","@id":"https:\/\/noticiaempauta.com\/portal\/#\/schema\/person\/image\/","url":"https:\/\/secure.gravatar.com\/avatar\/03179346ecce6cdfc13361603e8f54242a90e5cde8618fa23c5c00aa2b0aadf3?s=96&d=mm&r=g","contentUrl":"https:\/\/secure.gravatar.com\/avatar\/03179346ecce6cdfc13361603e8f54242a90e5cde8618fa23c5c00aa2b0aadf3?s=96&d=mm&r=g","caption":"Reda\u00e7\u00e3o"},"sameAs":["https:\/\/noticiaempauta.com\/portal\/"],"url":"https:\/\/noticiaempauta.com\/portal\/author\/fernando\/"}]}},"_links":{"self":[{"href":"https:\/\/noticiaempauta.com\/portal\/wp-json\/wp\/v2\/posts\/262264","targetHints":{"allow":["GET"]}}],"collection":[{"href":"https:\/\/noticiaempauta.com\/portal\/wp-json\/wp\/v2\/posts"}],"about":[{"href":"https:\/\/noticiaempauta.com\/portal\/wp-json\/wp\/v2\/types\/post"}],"author":[{"embeddable":true,"href":"https:\/\/noticiaempauta.com\/portal\/wp-json\/wp\/v2\/users\/2"}],"replies":[{"embeddable":true,"href":"https:\/\/noticiaempauta.com\/portal\/wp-json\/wp\/v2\/comments?post=262264"}],"version-history":[{"count":1,"href":"https:\/\/noticiaempauta.com\/portal\/wp-json\/wp\/v2\/posts\/262264\/revisions"}],"predecessor-version":[{"id":262266,"href":"https:\/\/noticiaempauta.com\/portal\/wp-json\/wp\/v2\/posts\/262264\/revisions\/262266"}],"wp:featuredmedia":[{"embeddable":true,"href":"https:\/\/noticiaempauta.com\/portal\/wp-json\/wp\/v2\/media\/262265"}],"wp:attachment":[{"href":"https:\/\/noticiaempauta.com\/portal\/wp-json\/wp\/v2\/media?parent=262264"}],"wp:term":[{"taxonomy":"category","embeddable":true,"href":"https:\/\/noticiaempauta.com\/portal\/wp-json\/wp\/v2\/categories?post=262264"},{"taxonomy":"post_tag","embeddable":true,"href":"https:\/\/noticiaempauta.com\/portal\/wp-json\/wp\/v2\/tags?post=262264"}],"curies":[{"name":"wp","href":"https:\/\/api.w.org\/{rel}","templated":true}]}}