{"id":262267,"date":"2024-09-23T09:29:37","date_gmt":"2024-09-23T12:29:37","guid":{"rendered":"https:\/\/noticiaempauta.com\/portal\/?p=262267"},"modified":"2024-09-23T09:29:38","modified_gmt":"2024-09-23T12:29:38","slug":"caminhoneiros-e-produtores-comemoram-melhor-trafegabilidade-na-br-135-e-serra-do-quilombo","status":"publish","type":"post","link":"https:\/\/noticiaempauta.com\/portal\/caminhoneiros-e-produtores-comemoram-melhor-trafegabilidade-na-br-135-e-serra-do-quilombo\/","title":{"rendered":"Caminhoneiros e produtores comemoram melhor trafegabilidade na BR-135 e Serra do Quilombo"},"content":{"rendered":"\n<p>Carreteiros que circulam pela BR-135 e empres\u00e1rios do agroneg\u00f3cio comemoram as novas condi\u00e7\u00f5es de trafegabilidade da estrada e sobretudo o rebaixamento da Serra do Quilombo, na regi\u00e3o de Bom Jesus, no cerrado&nbsp;piauiense. O Governo do Piau\u00ed, por meio da Secretaria dos Transportes (Setrans), inaugurou no ano passado as obras de implanta\u00e7\u00e3o e pavimenta\u00e7\u00e3o asf\u00e1ltica de um trecho vi\u00e1rio na Serra do Quilombo. A interven\u00e7\u00e3o contribuiu com a redu\u00e7\u00e3o no n\u00famero de acidentes e permitiu que a produ\u00e7\u00e3o agr\u00edcola da regi\u00e3o seja transportada com mais agilidade e seguran\u00e7a.<\/p>\n\n\n\n<figure class=\"wp-block-image size-full\"><img fetchpriority=\"high\" decoding=\"async\" width=\"1000\" height=\"666\" src=\"https:\/\/noticiaempauta.com\/portal\/wp-content\/uploads\/2024\/09\/large_serra_quilombo_3_4215f15285.jpeg\" alt=\"\" class=\"wp-image-262274\" srcset=\"https:\/\/noticiaempauta.com\/portal\/wp-content\/uploads\/2024\/09\/large_serra_quilombo_3_4215f15285.jpeg 1000w, https:\/\/noticiaempauta.com\/portal\/wp-content\/uploads\/2024\/09\/large_serra_quilombo_3_4215f15285-300x200.jpeg 300w, https:\/\/noticiaempauta.com\/portal\/wp-content\/uploads\/2024\/09\/large_serra_quilombo_3_4215f15285-768x511.jpeg 768w\" sizes=\"(max-width: 1000px) 100vw, 1000px\" \/><\/figure>\n\n\n\n<p>A pavimenta\u00e7\u00e3o asf\u00e1ltica do trecho foi feita em uma extens\u00e3o de 1,7 km e liga a BR-135 (Palestina) ao entroncamento com a BR-397 (Transcerrados). No local, foram investidos mais de R$ 16 milh\u00f5es, oriundos de conv\u00eanio entre a Setrans e o Minist\u00e9rio da Integra\u00e7\u00e3o e Desenvolvimento Regional (MIDR).<\/p>\n\n\n\n<p>Pela import\u00e2ncia que tem para o carregamento de gr\u00e3os, n\u00e3o s\u00f3 de Bom Jesus, mas de toda a regi\u00e3o do Gurgu\u00e9ia, a obra era bastante aguardada e agora gera resultados positivos, contribuindo para o desenvolvimento da regi\u00e3o com o escoamento mais seguro da produ\u00e7\u00e3o de gr\u00e3os e de outros produtos. A circula\u00e7\u00e3o de ve\u00edculos de passeio, de \u00f4nibus e de pessoas tamb\u00e9m foi facilitada.<\/p>\n\n\n\n<figure class=\"wp-block-image size-full\"><img decoding=\"async\" width=\"1000\" height=\"666\" src=\"https:\/\/noticiaempauta.com\/portal\/wp-content\/uploads\/2024\/09\/large_serra_quilombo_2_f8100c9d3c.jpeg\" alt=\"\" class=\"wp-image-262273\" srcset=\"https:\/\/noticiaempauta.com\/portal\/wp-content\/uploads\/2024\/09\/large_serra_quilombo_2_f8100c9d3c.jpeg 1000w, https:\/\/noticiaempauta.com\/portal\/wp-content\/uploads\/2024\/09\/large_serra_quilombo_2_f8100c9d3c-300x200.jpeg 300w, https:\/\/noticiaempauta.com\/portal\/wp-content\/uploads\/2024\/09\/large_serra_quilombo_2_f8100c9d3c-768x511.jpeg 768w\" sizes=\"(max-width: 1000px) 100vw, 1000px\" \/><\/figure>\n\n\n\n<p>O carreteiro Joselito Pinheiro disse que antes da pavimenta\u00e7\u00e3o e rebaixamento da Serra do Quilombo a vida para ele era muito sofrida. &#8220;Eu descia a Serra do Quilombo me arrepiando, devagar e com medo, porque a ladeira era feia. Vi muita carreta virada aqui nesse trecho com os pneus para cima e teve uma vez que cheguei na hora do acidente. Hoje, este trecho est\u00e1 uma beleza, mais r\u00e1pido de transportar a carga e com seguran\u00e7a&#8221;, pontua o motorista.<\/p>\n\n\n\n<figure class=\"wp-block-image size-full\"><img decoding=\"async\" width=\"1000\" height=\"666\" src=\"https:\/\/noticiaempauta.com\/portal\/wp-content\/uploads\/2024\/09\/large_Whats_App_Image_2024_09_21_at_18_14_47_499641ec1d.jpeg\" alt=\"\" class=\"wp-image-262268\" srcset=\"https:\/\/noticiaempauta.com\/portal\/wp-content\/uploads\/2024\/09\/large_Whats_App_Image_2024_09_21_at_18_14_47_499641ec1d.jpeg 1000w, https:\/\/noticiaempauta.com\/portal\/wp-content\/uploads\/2024\/09\/large_Whats_App_Image_2024_09_21_at_18_14_47_499641ec1d-300x200.jpeg 300w, https:\/\/noticiaempauta.com\/portal\/wp-content\/uploads\/2024\/09\/large_Whats_App_Image_2024_09_21_at_18_14_47_499641ec1d-768x511.jpeg 768w\" sizes=\"(max-width: 1000px) 100vw, 1000px\" \/><\/figure>\n\n\n\n<p>Gilberto da Silva Santos, que tamb\u00e9m \u00e9 caminhoneiro, afirmou que o rebaixamento da Serra do Quilombo e a pavimenta\u00e7\u00e3o da BR-135 melhoraram significativamente o transporte de cargas. &#8220;A gente tinha muita dificuldade na descida e subida da serra, pois a estrada era muito inclinada, mas agora a pista conta com tr\u00eas faixas de rolamento. Antes dessa obra, a entrega das cargas atrasava bastante, eu e meus colegas passamos muita dificuldade. Com a pavimenta\u00e7\u00e3o da rodovia, at\u00e9 a quest\u00e3o da seguran\u00e7a melhorou para a gente que n\u00e3o precisa mais ficar esperando um caminhoneiro descer a serra para depois o outro subir&#8221;, revela o condutor.<\/p>\n\n\n\n<figure class=\"wp-block-image size-full\"><img loading=\"lazy\" decoding=\"async\" width=\"1000\" height=\"667\" src=\"https:\/\/noticiaempauta.com\/portal\/wp-content\/uploads\/2024\/09\/large_Whats_App_Image_2024_09_21_at_18_14_47_3_5468df25bf.jpeg\" alt=\"\" class=\"wp-image-262269\" srcset=\"https:\/\/noticiaempauta.com\/portal\/wp-content\/uploads\/2024\/09\/large_Whats_App_Image_2024_09_21_at_18_14_47_3_5468df25bf.jpeg 1000w, https:\/\/noticiaempauta.com\/portal\/wp-content\/uploads\/2024\/09\/large_Whats_App_Image_2024_09_21_at_18_14_47_3_5468df25bf-300x200.jpeg 300w, https:\/\/noticiaempauta.com\/portal\/wp-content\/uploads\/2024\/09\/large_Whats_App_Image_2024_09_21_at_18_14_47_3_5468df25bf-768x512.jpeg 768w\" sizes=\"(max-width: 1000px) 100vw, 1000px\" \/><\/figure>\n\n\n\n<p>&#8220;A condi\u00e7\u00e3o de trafegabilidade melhorou 100% ap\u00f3s o rebaixamento da ladeira, onde as carretas perdiam o freio e aconteciam os acidentes, muitos deles fatais. Hoje, a gente pode comemorar as excelentes condi\u00e7\u00f5es da BR- 135 e agrade\u00e7o ao Governo do Piau\u00ed pela constru\u00e7\u00e3o dessas obras que garantem mais seguran\u00e7a para n\u00f3s caminhoneiros&#8221;, disse Maur\u00edcio Marques, tamb\u00e9m motorista.<\/p>\n\n\n\n<figure class=\"wp-block-image size-full\"><img loading=\"lazy\" decoding=\"async\" width=\"1000\" height=\"666\" src=\"https:\/\/noticiaempauta.com\/portal\/wp-content\/uploads\/2024\/09\/large_Whats_App_Image_2024_09_21_at_18_14_48_531bf3c1b8.jpeg\" alt=\"\" class=\"wp-image-262270\" srcset=\"https:\/\/noticiaempauta.com\/portal\/wp-content\/uploads\/2024\/09\/large_Whats_App_Image_2024_09_21_at_18_14_48_531bf3c1b8.jpeg 1000w, https:\/\/noticiaempauta.com\/portal\/wp-content\/uploads\/2024\/09\/large_Whats_App_Image_2024_09_21_at_18_14_48_531bf3c1b8-300x200.jpeg 300w, https:\/\/noticiaempauta.com\/portal\/wp-content\/uploads\/2024\/09\/large_Whats_App_Image_2024_09_21_at_18_14_48_531bf3c1b8-768x511.jpeg 768w\" sizes=\"(max-width: 1000px) 100vw, 1000px\" \/><\/figure>\n\n\n\n<p>O empres\u00e1rio Gleiber Faria, do setor de insumos agr\u00edcolas, afirmou que o Governo do Piau\u00ed proporcionou uma melhoria muito significativa para a regi\u00e3o do cerrado piauiense com a pavimenta\u00e7\u00e3o da rodovia e rebaixamento do trecho na Serra do Quilombo. &#8220;A quest\u00e3o da log\u00edstica melhorou bastante, o que tamb\u00e9m aconteceu na seguran\u00e7a das cargas. Hoje voc\u00ea tem uma certeza que vai sair com suas cargas e elas v\u00e3o chegar na hora certa nas fazendas. Aquela ladeira era muito complicada, teve v\u00e1rias situa\u00e7\u00f5es de caminh\u00f5es quebrarem na subida&#8221;, frisa o produtor.<\/p>\n\n\n\n<figure class=\"wp-block-image size-full\"><img loading=\"lazy\" decoding=\"async\" width=\"1000\" height=\"667\" src=\"https:\/\/noticiaempauta.com\/portal\/wp-content\/uploads\/2024\/09\/large_Whats_App_Image_2024_09_21_at_18_14_47_2_711f4a7e55.jpeg\" alt=\"\" class=\"wp-image-262271\" srcset=\"https:\/\/noticiaempauta.com\/portal\/wp-content\/uploads\/2024\/09\/large_Whats_App_Image_2024_09_21_at_18_14_47_2_711f4a7e55.jpeg 1000w, https:\/\/noticiaempauta.com\/portal\/wp-content\/uploads\/2024\/09\/large_Whats_App_Image_2024_09_21_at_18_14_47_2_711f4a7e55-300x200.jpeg 300w, https:\/\/noticiaempauta.com\/portal\/wp-content\/uploads\/2024\/09\/large_Whats_App_Image_2024_09_21_at_18_14_47_2_711f4a7e55-768x512.jpeg 768w\" sizes=\"(max-width: 1000px) 100vw, 1000px\" \/><\/figure>\n\n\n\n<p>Ele destacou que antes os produtores tinham preju\u00edzo porque n\u00e3o conseguia aplicar o que precisava em tempo h\u00e1bil.<\/p>\n\n\n\n<figure class=\"wp-block-image size-full\"><img loading=\"lazy\" decoding=\"async\" width=\"1000\" height=\"666\" src=\"https:\/\/noticiaempauta.com\/portal\/wp-content\/uploads\/2024\/09\/large_serra_quilombo_5_8c2900f1af.jpeg\" alt=\"\" class=\"wp-image-262272\" srcset=\"https:\/\/noticiaempauta.com\/portal\/wp-content\/uploads\/2024\/09\/large_serra_quilombo_5_8c2900f1af.jpeg 1000w, https:\/\/noticiaempauta.com\/portal\/wp-content\/uploads\/2024\/09\/large_serra_quilombo_5_8c2900f1af-300x200.jpeg 300w, https:\/\/noticiaempauta.com\/portal\/wp-content\/uploads\/2024\/09\/large_serra_quilombo_5_8c2900f1af-768x511.jpeg 768w\" sizes=\"(max-width: 1000px) 100vw, 1000px\" \/><\/figure>\n\n\n\n<p>CCOM-PI<\/p>\n","protected":false},"excerpt":{"rendered":"<p>A pavimenta\u00e7\u00e3o da via contribuiu com a redu\u00e7\u00e3o no n\u00famero de acidentes e permitiu que a produ\u00e7\u00e3o agr\u00edcola da regi\u00e3o seja transportada com mais agilidade e seguran\u00e7a.<\/p>\n","protected":false},"author":2,"featured_media":262274,"comment_status":"open","ping_status":"open","sticky":false,"template":"","format":"standard","meta":{"_mi_skip_tracking":false,"footnotes":""},"categories":[25,1,9,16],"tags":[192],"class_list":["post-262267","post","type-post","status-publish","format-standard","has-post-thumbnail","hentry","category-destaques-site","category-geral","category-municipios","category-todas","tag-destaqueprincipal"],"acf":[],"yoast_head":"<!-- This site is optimized with the Yoast SEO Premium plugin v19.2 (Yoast SEO v26.9) - https:\/\/yoast.com\/product\/yoast-seo-premium-wordpress\/ -->\n<title>Caminhoneiros e produtores comemoram melhor trafegabilidade na BR-135 e Serra do Quilombo - Portal Not\u00edcia em Pauta<\/title>\n<meta name=\"robots\" content=\"index, follow, max-snippet:-1, max-image-preview:large, max-video-preview:-1\" \/>\n<link rel=\"canonical\" href=\"https:\/\/noticiaempauta.com\/portal\/caminhoneiros-e-produtores-comemoram-melhor-trafegabilidade-na-br-135-e-serra-do-quilombo\/\" \/>\n<meta property=\"og:locale\" content=\"pt_BR\" \/>\n<meta property=\"og:type\" content=\"article\" \/>\n<meta property=\"og:title\" content=\"Caminhoneiros e produtores comemoram melhor trafegabilidade na BR-135 e Serra do Quilombo\" \/>\n<meta property=\"og:description\" content=\"A pavimenta\u00e7\u00e3o da via contribuiu com a redu\u00e7\u00e3o no n\u00famero de acidentes e permitiu que a produ\u00e7\u00e3o agr\u00edcola da regi\u00e3o seja transportada com mais agilidade e seguran\u00e7a.\" \/>\n<meta property=\"og:url\" content=\"https:\/\/noticiaempauta.com\/portal\/caminhoneiros-e-produtores-comemoram-melhor-trafegabilidade-na-br-135-e-serra-do-quilombo\/\" \/>\n<meta property=\"og:site_name\" content=\"Portal Not\u00edcia em Pauta\" \/>\n<meta property=\"article:publisher\" content=\"https:\/\/www.facebook.com\/Portal-Notcia-Em-Pauta-102292869264820\/\" \/>\n<meta property=\"article:published_time\" content=\"2024-09-23T12:29:37+00:00\" \/>\n<meta property=\"article:modified_time\" content=\"2024-09-23T12:29:38+00:00\" \/>\n<meta property=\"og:image\" content=\"https:\/\/noticiaempauta.com\/portal\/wp-content\/uploads\/2024\/09\/large_serra_quilombo_3_4215f15285.jpeg\" \/>\n\t<meta property=\"og:image:width\" content=\"1000\" \/>\n\t<meta property=\"og:image:height\" content=\"666\" \/>\n\t<meta property=\"og:image:type\" content=\"image\/jpeg\" \/>\n<meta name=\"author\" content=\"Reda\u00e7\u00e3o\" \/>\n<meta name=\"twitter:card\" content=\"summary_large_image\" \/>\n<meta name=\"twitter:label1\" content=\"Escrito por\" \/>\n\t<meta name=\"twitter:data1\" content=\"Reda\u00e7\u00e3o\" \/>\n\t<meta name=\"twitter:label2\" content=\"Est. tempo de leitura\" \/>\n\t<meta name=\"twitter:data2\" content=\"5 minutos\" \/>\n<script type=\"application\/ld+json\" class=\"yoast-schema-graph\">{\"@context\":\"https:\/\/schema.org\",\"@graph\":[{\"@type\":\"Article\",\"@id\":\"https:\/\/noticiaempauta.com\/portal\/caminhoneiros-e-produtores-comemoram-melhor-trafegabilidade-na-br-135-e-serra-do-quilombo\/#article\",\"isPartOf\":{\"@id\":\"https:\/\/noticiaempauta.com\/portal\/caminhoneiros-e-produtores-comemoram-melhor-trafegabilidade-na-br-135-e-serra-do-quilombo\/\"},\"author\":{\"name\":\"Reda\u00e7\u00e3o\",\"@id\":\"https:\/\/noticiaempauta.com\/portal\/#\/schema\/person\/a74af43dd1ab3deca45f988c717d57ac\"},\"headline\":\"Caminhoneiros e produtores comemoram melhor trafegabilidade na BR-135 e Serra do Quilombo\",\"datePublished\":\"2024-09-23T12:29:37+00:00\",\"dateModified\":\"2024-09-23T12:29:38+00:00\",\"mainEntityOfPage\":{\"@id\":\"https:\/\/noticiaempauta.com\/portal\/caminhoneiros-e-produtores-comemoram-melhor-trafegabilidade-na-br-135-e-serra-do-quilombo\/\"},\"wordCount\":622,\"commentCount\":0,\"publisher\":{\"@id\":\"https:\/\/noticiaempauta.com\/portal\/#organization\"},\"image\":{\"@id\":\"https:\/\/noticiaempauta.com\/portal\/caminhoneiros-e-produtores-comemoram-melhor-trafegabilidade-na-br-135-e-serra-do-quilombo\/#primaryimage\"},\"thumbnailUrl\":\"https:\/\/noticiaempauta.com\/portal\/wp-content\/uploads\/2024\/09\/large_serra_quilombo_3_4215f15285.jpeg\",\"keywords\":[\"destaqueprincipal\"],\"articleSection\":[\"Destaques\",\"Geral\",\"Munic\u00edpios\",\"Todas as Not\u00edcias\"],\"inLanguage\":\"pt-BR\",\"potentialAction\":[{\"@type\":\"CommentAction\",\"name\":\"Comment\",\"target\":[\"https:\/\/noticiaempauta.com\/portal\/caminhoneiros-e-produtores-comemoram-melhor-trafegabilidade-na-br-135-e-serra-do-quilombo\/#respond\"]}]},{\"@type\":\"WebPage\",\"@id\":\"https:\/\/noticiaempauta.com\/portal\/caminhoneiros-e-produtores-comemoram-melhor-trafegabilidade-na-br-135-e-serra-do-quilombo\/\",\"url\":\"https:\/\/noticiaempauta.com\/portal\/caminhoneiros-e-produtores-comemoram-melhor-trafegabilidade-na-br-135-e-serra-do-quilombo\/\",\"name\":\"Caminhoneiros e produtores comemoram melhor trafegabilidade na BR-135 e Serra do Quilombo - Portal Not\u00edcia em Pauta\",\"isPartOf\":{\"@id\":\"https:\/\/noticiaempauta.com\/portal\/#website\"},\"primaryImageOfPage\":{\"@id\":\"https:\/\/noticiaempauta.com\/portal\/caminhoneiros-e-produtores-comemoram-melhor-trafegabilidade-na-br-135-e-serra-do-quilombo\/#primaryimage\"},\"image\":{\"@id\":\"https:\/\/noticiaempauta.com\/portal\/caminhoneiros-e-produtores-comemoram-melhor-trafegabilidade-na-br-135-e-serra-do-quilombo\/#primaryimage\"},\"thumbnailUrl\":\"https:\/\/noticiaempauta.com\/portal\/wp-content\/uploads\/2024\/09\/large_serra_quilombo_3_4215f15285.jpeg\",\"datePublished\":\"2024-09-23T12:29:37+00:00\",\"dateModified\":\"2024-09-23T12:29:38+00:00\",\"breadcrumb\":{\"@id\":\"https:\/\/noticiaempauta.com\/portal\/caminhoneiros-e-produtores-comemoram-melhor-trafegabilidade-na-br-135-e-serra-do-quilombo\/#breadcrumb\"},\"inLanguage\":\"pt-BR\",\"potentialAction\":[{\"@type\":\"ReadAction\",\"target\":[\"https:\/\/noticiaempauta.com\/portal\/caminhoneiros-e-produtores-comemoram-melhor-trafegabilidade-na-br-135-e-serra-do-quilombo\/\"]}]},{\"@type\":\"ImageObject\",\"inLanguage\":\"pt-BR\",\"@id\":\"https:\/\/noticiaempauta.com\/portal\/caminhoneiros-e-produtores-comemoram-melhor-trafegabilidade-na-br-135-e-serra-do-quilombo\/#primaryimage\",\"url\":\"https:\/\/noticiaempauta.com\/portal\/wp-content\/uploads\/2024\/09\/large_serra_quilombo_3_4215f15285.jpeg\",\"contentUrl\":\"https:\/\/noticiaempauta.com\/portal\/wp-content\/uploads\/2024\/09\/large_serra_quilombo_3_4215f15285.jpeg\",\"width\":1000,\"height\":666},{\"@type\":\"BreadcrumbList\",\"@id\":\"https:\/\/noticiaempauta.com\/portal\/caminhoneiros-e-produtores-comemoram-melhor-trafegabilidade-na-br-135-e-serra-do-quilombo\/#breadcrumb\",\"itemListElement\":[{\"@type\":\"ListItem\",\"position\":1,\"name\":\"P\u00e1gina Inicial\",\"item\":\"https:\/\/noticiaempauta.com\/portal\/\"},{\"@type\":\"ListItem\",\"position\":2,\"name\":\"Destaques\",\"item\":\"https:\/\/noticiaempauta.com\/portal\/destaques-site\/\"},{\"@type\":\"ListItem\",\"position\":3,\"name\":\"Caminhoneiros e produtores comemoram melhor trafegabilidade na BR-135 e Serra do Quilombo\"}]},{\"@type\":\"WebSite\",\"@id\":\"https:\/\/noticiaempauta.com\/portal\/#website\",\"url\":\"https:\/\/noticiaempauta.com\/portal\/\",\"name\":\"Portal Not\u00edcia em Pauta\",\"description\":\"Voc\u00ea bem informado\",\"publisher\":{\"@id\":\"https:\/\/noticiaempauta.com\/portal\/#organization\"},\"potentialAction\":[{\"@type\":\"SearchAction\",\"target\":{\"@type\":\"EntryPoint\",\"urlTemplate\":\"https:\/\/noticiaempauta.com\/portal\/?s={search_term_string}\"},\"query-input\":{\"@type\":\"PropertyValueSpecification\",\"valueRequired\":true,\"valueName\":\"search_term_string\"}}],\"inLanguage\":\"pt-BR\"},{\"@type\":\"Organization\",\"@id\":\"https:\/\/noticiaempauta.com\/portal\/#organization\",\"name\":\"Portal Not\u00edcia em Pauta\",\"url\":\"https:\/\/noticiaempauta.com\/portal\/\",\"logo\":{\"@type\":\"ImageObject\",\"inLanguage\":\"pt-BR\",\"@id\":\"https:\/\/noticiaempauta.com\/portal\/#\/schema\/logo\/image\/\",\"url\":\"https:\/\/noticiaempauta.com\/portal\/wp-content\/uploads\/2022\/08\/logomarca_tema.fw_.png\",\"contentUrl\":\"https:\/\/noticiaempauta.com\/portal\/wp-content\/uploads\/2022\/08\/logomarca_tema.fw_.png\",\"width\":400,\"height\":232,\"caption\":\"Portal Not\u00edcia em Pauta\"},\"image\":{\"@id\":\"https:\/\/noticiaempauta.com\/portal\/#\/schema\/logo\/image\/\"},\"sameAs\":[\"https:\/\/www.facebook.com\/Portal-Notcia-Em-Pauta-102292869264820\/\",\"https:\/\/www.instagram.com\/portalnoticiaempauta\/\"]},{\"@type\":\"Person\",\"@id\":\"https:\/\/noticiaempauta.com\/portal\/#\/schema\/person\/a74af43dd1ab3deca45f988c717d57ac\",\"name\":\"Reda\u00e7\u00e3o\",\"image\":{\"@type\":\"ImageObject\",\"inLanguage\":\"pt-BR\",\"@id\":\"https:\/\/noticiaempauta.com\/portal\/#\/schema\/person\/image\/\",\"url\":\"https:\/\/secure.gravatar.com\/avatar\/03179346ecce6cdfc13361603e8f54242a90e5cde8618fa23c5c00aa2b0aadf3?s=96&d=mm&r=g\",\"contentUrl\":\"https:\/\/secure.gravatar.com\/avatar\/03179346ecce6cdfc13361603e8f54242a90e5cde8618fa23c5c00aa2b0aadf3?s=96&d=mm&r=g\",\"caption\":\"Reda\u00e7\u00e3o\"},\"sameAs\":[\"https:\/\/noticiaempauta.com\/portal\/\"],\"url\":\"https:\/\/noticiaempauta.com\/portal\/author\/fernando\/\"}]}<\/script>\n<!-- \/ Yoast SEO Premium plugin. -->","yoast_head_json":{"title":"Caminhoneiros e produtores comemoram melhor trafegabilidade na BR-135 e Serra do Quilombo - Portal Not\u00edcia em Pauta","robots":{"index":"index","follow":"follow","max-snippet":"max-snippet:-1","max-image-preview":"max-image-preview:large","max-video-preview":"max-video-preview:-1"},"canonical":"https:\/\/noticiaempauta.com\/portal\/caminhoneiros-e-produtores-comemoram-melhor-trafegabilidade-na-br-135-e-serra-do-quilombo\/","og_locale":"pt_BR","og_type":"article","og_title":"Caminhoneiros e produtores comemoram melhor trafegabilidade na BR-135 e Serra do Quilombo","og_description":"A pavimenta\u00e7\u00e3o da via contribuiu com a redu\u00e7\u00e3o no n\u00famero de acidentes e permitiu que a produ\u00e7\u00e3o agr\u00edcola da regi\u00e3o seja transportada com mais agilidade e seguran\u00e7a.","og_url":"https:\/\/noticiaempauta.com\/portal\/caminhoneiros-e-produtores-comemoram-melhor-trafegabilidade-na-br-135-e-serra-do-quilombo\/","og_site_name":"Portal Not\u00edcia em Pauta","article_publisher":"https:\/\/www.facebook.com\/Portal-Notcia-Em-Pauta-102292869264820\/","article_published_time":"2024-09-23T12:29:37+00:00","article_modified_time":"2024-09-23T12:29:38+00:00","og_image":[{"width":1000,"height":666,"url":"https:\/\/noticiaempauta.com\/portal\/wp-content\/uploads\/2024\/09\/large_serra_quilombo_3_4215f15285.jpeg","type":"image\/jpeg"}],"author":"Reda\u00e7\u00e3o","twitter_card":"summary_large_image","twitter_misc":{"Escrito por":"Reda\u00e7\u00e3o","Est. tempo de leitura":"5 minutos"},"schema":{"@context":"https:\/\/schema.org","@graph":[{"@type":"Article","@id":"https:\/\/noticiaempauta.com\/portal\/caminhoneiros-e-produtores-comemoram-melhor-trafegabilidade-na-br-135-e-serra-do-quilombo\/#article","isPartOf":{"@id":"https:\/\/noticiaempauta.com\/portal\/caminhoneiros-e-produtores-comemoram-melhor-trafegabilidade-na-br-135-e-serra-do-quilombo\/"},"author":{"name":"Reda\u00e7\u00e3o","@id":"https:\/\/noticiaempauta.com\/portal\/#\/schema\/person\/a74af43dd1ab3deca45f988c717d57ac"},"headline":"Caminhoneiros e produtores comemoram melhor trafegabilidade na BR-135 e Serra do Quilombo","datePublished":"2024-09-23T12:29:37+00:00","dateModified":"2024-09-23T12:29:38+00:00","mainEntityOfPage":{"@id":"https:\/\/noticiaempauta.com\/portal\/caminhoneiros-e-produtores-comemoram-melhor-trafegabilidade-na-br-135-e-serra-do-quilombo\/"},"wordCount":622,"commentCount":0,"publisher":{"@id":"https:\/\/noticiaempauta.com\/portal\/#organization"},"image":{"@id":"https:\/\/noticiaempauta.com\/portal\/caminhoneiros-e-produtores-comemoram-melhor-trafegabilidade-na-br-135-e-serra-do-quilombo\/#primaryimage"},"thumbnailUrl":"https:\/\/noticiaempauta.com\/portal\/wp-content\/uploads\/2024\/09\/large_serra_quilombo_3_4215f15285.jpeg","keywords":["destaqueprincipal"],"articleSection":["Destaques","Geral","Munic\u00edpios","Todas as Not\u00edcias"],"inLanguage":"pt-BR","potentialAction":[{"@type":"CommentAction","name":"Comment","target":["https:\/\/noticiaempauta.com\/portal\/caminhoneiros-e-produtores-comemoram-melhor-trafegabilidade-na-br-135-e-serra-do-quilombo\/#respond"]}]},{"@type":"WebPage","@id":"https:\/\/noticiaempauta.com\/portal\/caminhoneiros-e-produtores-comemoram-melhor-trafegabilidade-na-br-135-e-serra-do-quilombo\/","url":"https:\/\/noticiaempauta.com\/portal\/caminhoneiros-e-produtores-comemoram-melhor-trafegabilidade-na-br-135-e-serra-do-quilombo\/","name":"Caminhoneiros e produtores comemoram melhor trafegabilidade na BR-135 e Serra do Quilombo - Portal Not\u00edcia em Pauta","isPartOf":{"@id":"https:\/\/noticiaempauta.com\/portal\/#website"},"primaryImageOfPage":{"@id":"https:\/\/noticiaempauta.com\/portal\/caminhoneiros-e-produtores-comemoram-melhor-trafegabilidade-na-br-135-e-serra-do-quilombo\/#primaryimage"},"image":{"@id":"https:\/\/noticiaempauta.com\/portal\/caminhoneiros-e-produtores-comemoram-melhor-trafegabilidade-na-br-135-e-serra-do-quilombo\/#primaryimage"},"thumbnailUrl":"https:\/\/noticiaempauta.com\/portal\/wp-content\/uploads\/2024\/09\/large_serra_quilombo_3_4215f15285.jpeg","datePublished":"2024-09-23T12:29:37+00:00","dateModified":"2024-09-23T12:29:38+00:00","breadcrumb":{"@id":"https:\/\/noticiaempauta.com\/portal\/caminhoneiros-e-produtores-comemoram-melhor-trafegabilidade-na-br-135-e-serra-do-quilombo\/#breadcrumb"},"inLanguage":"pt-BR","potentialAction":[{"@type":"ReadAction","target":["https:\/\/noticiaempauta.com\/portal\/caminhoneiros-e-produtores-comemoram-melhor-trafegabilidade-na-br-135-e-serra-do-quilombo\/"]}]},{"@type":"ImageObject","inLanguage":"pt-BR","@id":"https:\/\/noticiaempauta.com\/portal\/caminhoneiros-e-produtores-comemoram-melhor-trafegabilidade-na-br-135-e-serra-do-quilombo\/#primaryimage","url":"https:\/\/noticiaempauta.com\/portal\/wp-content\/uploads\/2024\/09\/large_serra_quilombo_3_4215f15285.jpeg","contentUrl":"https:\/\/noticiaempauta.com\/portal\/wp-content\/uploads\/2024\/09\/large_serra_quilombo_3_4215f15285.jpeg","width":1000,"height":666},{"@type":"BreadcrumbList","@id":"https:\/\/noticiaempauta.com\/portal\/caminhoneiros-e-produtores-comemoram-melhor-trafegabilidade-na-br-135-e-serra-do-quilombo\/#breadcrumb","itemListElement":[{"@type":"ListItem","position":1,"name":"P\u00e1gina Inicial","item":"https:\/\/noticiaempauta.com\/portal\/"},{"@type":"ListItem","position":2,"name":"Destaques","item":"https:\/\/noticiaempauta.com\/portal\/destaques-site\/"},{"@type":"ListItem","position":3,"name":"Caminhoneiros e produtores comemoram melhor trafegabilidade na BR-135 e Serra do Quilombo"}]},{"@type":"WebSite","@id":"https:\/\/noticiaempauta.com\/portal\/#website","url":"https:\/\/noticiaempauta.com\/portal\/","name":"Portal Not\u00edcia em Pauta","description":"Voc\u00ea bem informado","publisher":{"@id":"https:\/\/noticiaempauta.com\/portal\/#organization"},"potentialAction":[{"@type":"SearchAction","target":{"@type":"EntryPoint","urlTemplate":"https:\/\/noticiaempauta.com\/portal\/?s={search_term_string}"},"query-input":{"@type":"PropertyValueSpecification","valueRequired":true,"valueName":"search_term_string"}}],"inLanguage":"pt-BR"},{"@type":"Organization","@id":"https:\/\/noticiaempauta.com\/portal\/#organization","name":"Portal Not\u00edcia em Pauta","url":"https:\/\/noticiaempauta.com\/portal\/","logo":{"@type":"ImageObject","inLanguage":"pt-BR","@id":"https:\/\/noticiaempauta.com\/portal\/#\/schema\/logo\/image\/","url":"https:\/\/noticiaempauta.com\/portal\/wp-content\/uploads\/2022\/08\/logomarca_tema.fw_.png","contentUrl":"https:\/\/noticiaempauta.com\/portal\/wp-content\/uploads\/2022\/08\/logomarca_tema.fw_.png","width":400,"height":232,"caption":"Portal Not\u00edcia em Pauta"},"image":{"@id":"https:\/\/noticiaempauta.com\/portal\/#\/schema\/logo\/image\/"},"sameAs":["https:\/\/www.facebook.com\/Portal-Notcia-Em-Pauta-102292869264820\/","https:\/\/www.instagram.com\/portalnoticiaempauta\/"]},{"@type":"Person","@id":"https:\/\/noticiaempauta.com\/portal\/#\/schema\/person\/a74af43dd1ab3deca45f988c717d57ac","name":"Reda\u00e7\u00e3o","image":{"@type":"ImageObject","inLanguage":"pt-BR","@id":"https:\/\/noticiaempauta.com\/portal\/#\/schema\/person\/image\/","url":"https:\/\/secure.gravatar.com\/avatar\/03179346ecce6cdfc13361603e8f54242a90e5cde8618fa23c5c00aa2b0aadf3?s=96&d=mm&r=g","contentUrl":"https:\/\/secure.gravatar.com\/avatar\/03179346ecce6cdfc13361603e8f54242a90e5cde8618fa23c5c00aa2b0aadf3?s=96&d=mm&r=g","caption":"Reda\u00e7\u00e3o"},"sameAs":["https:\/\/noticiaempauta.com\/portal\/"],"url":"https:\/\/noticiaempauta.com\/portal\/author\/fernando\/"}]}},"_links":{"self":[{"href":"https:\/\/noticiaempauta.com\/portal\/wp-json\/wp\/v2\/posts\/262267","targetHints":{"allow":["GET"]}}],"collection":[{"href":"https:\/\/noticiaempauta.com\/portal\/wp-json\/wp\/v2\/posts"}],"about":[{"href":"https:\/\/noticiaempauta.com\/portal\/wp-json\/wp\/v2\/types\/post"}],"author":[{"embeddable":true,"href":"https:\/\/noticiaempauta.com\/portal\/wp-json\/wp\/v2\/users\/2"}],"replies":[{"embeddable":true,"href":"https:\/\/noticiaempauta.com\/portal\/wp-json\/wp\/v2\/comments?post=262267"}],"version-history":[{"count":2,"href":"https:\/\/noticiaempauta.com\/portal\/wp-json\/wp\/v2\/posts\/262267\/revisions"}],"predecessor-version":[{"id":262276,"href":"https:\/\/noticiaempauta.com\/portal\/wp-json\/wp\/v2\/posts\/262267\/revisions\/262276"}],"wp:featuredmedia":[{"embeddable":true,"href":"https:\/\/noticiaempauta.com\/portal\/wp-json\/wp\/v2\/media\/262274"}],"wp:attachment":[{"href":"https:\/\/noticiaempauta.com\/portal\/wp-json\/wp\/v2\/media?parent=262267"}],"wp:term":[{"taxonomy":"category","embeddable":true,"href":"https:\/\/noticiaempauta.com\/portal\/wp-json\/wp\/v2\/categories?post=262267"},{"taxonomy":"post_tag","embeddable":true,"href":"https:\/\/noticiaempauta.com\/portal\/wp-json\/wp\/v2\/tags?post=262267"}],"curies":[{"name":"wp","href":"https:\/\/api.w.org\/{rel}","templated":true}]}}