{"id":262287,"date":"2024-09-23T11:08:46","date_gmt":"2024-09-23T14:08:46","guid":{"rendered":"https:\/\/noticiaempauta.com\/portal\/?p=262287"},"modified":"2024-09-23T11:08:47","modified_gmt":"2024-09-23T14:08:47","slug":"pesquisa-divulgada-nesta-segunda-mostra-dr-pablo-santos-na-lideranca-com-60","status":"publish","type":"post","link":"https:\/\/noticiaempauta.com\/portal\/pesquisa-divulgada-nesta-segunda-mostra-dr-pablo-santos-na-lideranca-com-60\/","title":{"rendered":"Pesquisa divulgada nesta segunda mostra Dr. Pablo Santos na lideran\u00e7a com 60%"},"content":{"rendered":"\n<p>Uma nova pesquisa realizada pelo Instituto Credibilidade na cidade de Picos divulgada nesta segunda-feira (23\/09) revela que Dr. Pablo Santos, do MDB, segue consolidado na lideran\u00e7a das inten\u00e7\u00f5es de voto. Os dados, obtidos a partir de entrevistas finalizadas neste domingo (22\/09), refletem o atual pensamento do eleitorado de Picos.<\/p>\n\n\n\n<figure class=\"wp-block-image size-large\"><img fetchpriority=\"high\" decoding=\"async\" width=\"1024\" height=\"583\" src=\"https:\/\/noticiaempauta.com\/portal\/wp-content\/uploads\/2024\/09\/P40G-IMG-6160d6e1afcb87917f-1024x583.jpeg\" alt=\"\" class=\"wp-image-262290\" srcset=\"https:\/\/noticiaempauta.com\/portal\/wp-content\/uploads\/2024\/09\/P40G-IMG-6160d6e1afcb87917f-1024x583.jpeg 1024w, https:\/\/noticiaempauta.com\/portal\/wp-content\/uploads\/2024\/09\/P40G-IMG-6160d6e1afcb87917f-300x171.jpeg 300w, https:\/\/noticiaempauta.com\/portal\/wp-content\/uploads\/2024\/09\/P40G-IMG-6160d6e1afcb87917f-768x437.jpeg 768w, https:\/\/noticiaempauta.com\/portal\/wp-content\/uploads\/2024\/09\/P40G-IMG-6160d6e1afcb87917f-1536x875.jpeg 1536w, https:\/\/noticiaempauta.com\/portal\/wp-content\/uploads\/2024\/09\/P40G-IMG-6160d6e1afcb87917f-2048x1166.jpeg 2048w\" sizes=\"(max-width: 1024px) 100vw, 1024px\" \/><figcaption class=\"wp-element-caption\">(Foto: Reprodu\u00e7\u00e3o)<\/figcaption><\/figure>\n\n\n\n<p>Na pesquisa estimulada, considerando apenas os votos v\u00e1lidos, Dr. Pablo (MDB) aparece com 60,64%, enquanto Gil Paraibano (Progressistas) registra 36,59% e Cacique (Cidadania), 2,77%.<\/p>\n\n\n\n<figure class=\"wp-block-image size-full\"><img decoding=\"async\" width=\"738\" height=\"319\" src=\"https:\/\/noticiaempauta.com\/portal\/wp-content\/uploads\/2024\/09\/15-1.jpeg\" alt=\"\" class=\"wp-image-262288\" srcset=\"https:\/\/noticiaempauta.com\/portal\/wp-content\/uploads\/2024\/09\/15-1.jpeg 738w, https:\/\/noticiaempauta.com\/portal\/wp-content\/uploads\/2024\/09\/15-1-300x130.jpeg 300w\" sizes=\"(max-width: 738px) 100vw, 738px\" \/><\/figure>\n\n\n\n<p>Na pergunta espont\u00e2nea, Dr. Pablo Santos mant\u00e9m a dianteira com 51,40%, seguido por Gil com 29,60%, Cacique com 2,20% e Nulo\/Branco com 0,20%. Aqueles que n\u00e3o sabem ou n\u00e3o opinam somam 16,60%.<\/p>\n\n\n\n<p>A pesquisa tamb\u00e9m indagou se os eleitores mudariam seu voto at\u00e9 o dia 6 de outubro, data das elei\u00e7\u00f5es. 92,80% afirmaram que n\u00e3o mudariam de jeito nenhum, 4,80% disseram que poderiam mudar, enquanto 2,20% declararam que sim, com certeza. Apenas 0,20% n\u00e3o souberam ou n\u00e3o opinaram.<\/p>\n\n\n\n<figure class=\"wp-block-image size-full\"><img decoding=\"async\" width=\"738\" height=\"268\" src=\"https:\/\/noticiaempauta.com\/portal\/wp-content\/uploads\/2024\/09\/23.jpeg\" alt=\"\" class=\"wp-image-262289\" srcset=\"https:\/\/noticiaempauta.com\/portal\/wp-content\/uploads\/2024\/09\/23.jpeg 738w, https:\/\/noticiaempauta.com\/portal\/wp-content\/uploads\/2024\/09\/23-300x109.jpeg 300w\" sizes=\"(max-width: 738px) 100vw, 738px\" \/><\/figure>\n\n\n\n<p>Com 500 entrevistas realizadas entre os dias 20 e 22 de setembro de 2024, a pesquisa tem uma margem de erro de 4,36% e um intervalo de confian\u00e7a de 95%. O registro no Tribunal Superior Eleitoral (TSE) foi feito sob o n\u00famero PI-07951\/2024.<\/p>\n\n\n\n<p>Fonte: 180graus<\/p>\n","protected":false},"excerpt":{"rendered":"<p>Uma nova pesquisa realizada pelo Instituto Credibilidade na cidade de Picos divulgada nesta segunda-feira (23\/09) revela que Dr. Pablo Santos, do MDB, segue consolidado na lideran\u00e7a das inten\u00e7\u00f5es de voto. Os dados, obtidos a partir de entrevistas finalizadas neste domingo (22\/09), refletem o atual pensamento do eleitorado de Picos. Na pesquisa estimulada, considerando apenas os [&hellip;]<\/p>\n","protected":false},"author":2,"featured_media":262290,"comment_status":"open","ping_status":"open","sticky":false,"template":"","format":"standard","meta":{"_mi_skip_tracking":false,"footnotes":""},"categories":[25,1,3,16],"tags":[192],"class_list":["post-262287","post","type-post","status-publish","format-standard","has-post-thumbnail","hentry","category-destaques-site","category-geral","category-politica","category-todas","tag-destaqueprincipal"],"acf":[],"yoast_head":"<!-- This site is optimized with the Yoast SEO Premium plugin v19.2 (Yoast SEO v26.9) - https:\/\/yoast.com\/product\/yoast-seo-premium-wordpress\/ -->\n<title>Pesquisa divulgada nesta segunda mostra Dr. Pablo Santos na lideran\u00e7a com 60% - Portal Not\u00edcia em Pauta<\/title>\n<meta name=\"robots\" content=\"index, follow, max-snippet:-1, max-image-preview:large, max-video-preview:-1\" \/>\n<link rel=\"canonical\" href=\"https:\/\/noticiaempauta.com\/portal\/pesquisa-divulgada-nesta-segunda-mostra-dr-pablo-santos-na-lideranca-com-60\/\" \/>\n<meta property=\"og:locale\" content=\"pt_BR\" \/>\n<meta property=\"og:type\" content=\"article\" \/>\n<meta property=\"og:title\" content=\"Pesquisa divulgada nesta segunda mostra Dr. Pablo Santos na lideran\u00e7a com 60%\" \/>\n<meta property=\"og:description\" content=\"Uma nova pesquisa realizada pelo Instituto Credibilidade na cidade de Picos divulgada nesta segunda-feira (23\/09) revela que Dr. Pablo Santos, do MDB, segue consolidado na lideran\u00e7a das inten\u00e7\u00f5es de voto. Os dados, obtidos a partir de entrevistas finalizadas neste domingo (22\/09), refletem o atual pensamento do eleitorado de Picos. Na pesquisa estimulada, considerando apenas os [&hellip;]\" \/>\n<meta property=\"og:url\" content=\"https:\/\/noticiaempauta.com\/portal\/pesquisa-divulgada-nesta-segunda-mostra-dr-pablo-santos-na-lideranca-com-60\/\" \/>\n<meta property=\"og:site_name\" content=\"Portal Not\u00edcia em Pauta\" \/>\n<meta property=\"article:publisher\" content=\"https:\/\/www.facebook.com\/Portal-Notcia-Em-Pauta-102292869264820\/\" \/>\n<meta property=\"article:published_time\" content=\"2024-09-23T14:08:46+00:00\" \/>\n<meta property=\"article:modified_time\" content=\"2024-09-23T14:08:47+00:00\" \/>\n<meta property=\"og:image\" content=\"https:\/\/noticiaempauta.com\/portal\/wp-content\/uploads\/2024\/09\/P40G-IMG-6160d6e1afcb87917f.jpeg\" \/>\n\t<meta property=\"og:image:width\" content=\"2560\" \/>\n\t<meta property=\"og:image:height\" content=\"1458\" \/>\n\t<meta property=\"og:image:type\" content=\"image\/jpeg\" \/>\n<meta name=\"author\" content=\"Reda\u00e7\u00e3o\" \/>\n<meta name=\"twitter:card\" content=\"summary_large_image\" \/>\n<meta name=\"twitter:label1\" content=\"Escrito por\" \/>\n\t<meta name=\"twitter:data1\" content=\"Reda\u00e7\u00e3o\" \/>\n\t<meta name=\"twitter:label2\" content=\"Est. tempo de leitura\" \/>\n\t<meta name=\"twitter:data2\" content=\"2 minutos\" \/>\n<script type=\"application\/ld+json\" class=\"yoast-schema-graph\">{\"@context\":\"https:\/\/schema.org\",\"@graph\":[{\"@type\":\"Article\",\"@id\":\"https:\/\/noticiaempauta.com\/portal\/pesquisa-divulgada-nesta-segunda-mostra-dr-pablo-santos-na-lideranca-com-60\/#article\",\"isPartOf\":{\"@id\":\"https:\/\/noticiaempauta.com\/portal\/pesquisa-divulgada-nesta-segunda-mostra-dr-pablo-santos-na-lideranca-com-60\/\"},\"author\":{\"name\":\"Reda\u00e7\u00e3o\",\"@id\":\"https:\/\/noticiaempauta.com\/portal\/#\/schema\/person\/a74af43dd1ab3deca45f988c717d57ac\"},\"headline\":\"Pesquisa divulgada nesta segunda mostra Dr. Pablo Santos na lideran\u00e7a com 60%\",\"datePublished\":\"2024-09-23T14:08:46+00:00\",\"dateModified\":\"2024-09-23T14:08:47+00:00\",\"mainEntityOfPage\":{\"@id\":\"https:\/\/noticiaempauta.com\/portal\/pesquisa-divulgada-nesta-segunda-mostra-dr-pablo-santos-na-lideranca-com-60\/\"},\"wordCount\":205,\"commentCount\":0,\"publisher\":{\"@id\":\"https:\/\/noticiaempauta.com\/portal\/#organization\"},\"image\":{\"@id\":\"https:\/\/noticiaempauta.com\/portal\/pesquisa-divulgada-nesta-segunda-mostra-dr-pablo-santos-na-lideranca-com-60\/#primaryimage\"},\"thumbnailUrl\":\"https:\/\/noticiaempauta.com\/portal\/wp-content\/uploads\/2024\/09\/P40G-IMG-6160d6e1afcb87917f.jpeg\",\"keywords\":[\"destaqueprincipal\"],\"articleSection\":[\"Destaques\",\"Geral\",\"Pol\u00edtica\",\"Todas as Not\u00edcias\"],\"inLanguage\":\"pt-BR\",\"potentialAction\":[{\"@type\":\"CommentAction\",\"name\":\"Comment\",\"target\":[\"https:\/\/noticiaempauta.com\/portal\/pesquisa-divulgada-nesta-segunda-mostra-dr-pablo-santos-na-lideranca-com-60\/#respond\"]}]},{\"@type\":\"WebPage\",\"@id\":\"https:\/\/noticiaempauta.com\/portal\/pesquisa-divulgada-nesta-segunda-mostra-dr-pablo-santos-na-lideranca-com-60\/\",\"url\":\"https:\/\/noticiaempauta.com\/portal\/pesquisa-divulgada-nesta-segunda-mostra-dr-pablo-santos-na-lideranca-com-60\/\",\"name\":\"Pesquisa divulgada nesta segunda mostra Dr. Pablo Santos na lideran\u00e7a com 60% - Portal Not\u00edcia em Pauta\",\"isPartOf\":{\"@id\":\"https:\/\/noticiaempauta.com\/portal\/#website\"},\"primaryImageOfPage\":{\"@id\":\"https:\/\/noticiaempauta.com\/portal\/pesquisa-divulgada-nesta-segunda-mostra-dr-pablo-santos-na-lideranca-com-60\/#primaryimage\"},\"image\":{\"@id\":\"https:\/\/noticiaempauta.com\/portal\/pesquisa-divulgada-nesta-segunda-mostra-dr-pablo-santos-na-lideranca-com-60\/#primaryimage\"},\"thumbnailUrl\":\"https:\/\/noticiaempauta.com\/portal\/wp-content\/uploads\/2024\/09\/P40G-IMG-6160d6e1afcb87917f.jpeg\",\"datePublished\":\"2024-09-23T14:08:46+00:00\",\"dateModified\":\"2024-09-23T14:08:47+00:00\",\"breadcrumb\":{\"@id\":\"https:\/\/noticiaempauta.com\/portal\/pesquisa-divulgada-nesta-segunda-mostra-dr-pablo-santos-na-lideranca-com-60\/#breadcrumb\"},\"inLanguage\":\"pt-BR\",\"potentialAction\":[{\"@type\":\"ReadAction\",\"target\":[\"https:\/\/noticiaempauta.com\/portal\/pesquisa-divulgada-nesta-segunda-mostra-dr-pablo-santos-na-lideranca-com-60\/\"]}]},{\"@type\":\"ImageObject\",\"inLanguage\":\"pt-BR\",\"@id\":\"https:\/\/noticiaempauta.com\/portal\/pesquisa-divulgada-nesta-segunda-mostra-dr-pablo-santos-na-lideranca-com-60\/#primaryimage\",\"url\":\"https:\/\/noticiaempauta.com\/portal\/wp-content\/uploads\/2024\/09\/P40G-IMG-6160d6e1afcb87917f.jpeg\",\"contentUrl\":\"https:\/\/noticiaempauta.com\/portal\/wp-content\/uploads\/2024\/09\/P40G-IMG-6160d6e1afcb87917f.jpeg\",\"width\":2560,\"height\":1458},{\"@type\":\"BreadcrumbList\",\"@id\":\"https:\/\/noticiaempauta.com\/portal\/pesquisa-divulgada-nesta-segunda-mostra-dr-pablo-santos-na-lideranca-com-60\/#breadcrumb\",\"itemListElement\":[{\"@type\":\"ListItem\",\"position\":1,\"name\":\"P\u00e1gina Inicial\",\"item\":\"https:\/\/noticiaempauta.com\/portal\/\"},{\"@type\":\"ListItem\",\"position\":2,\"name\":\"Destaques\",\"item\":\"https:\/\/noticiaempauta.com\/portal\/destaques-site\/\"},{\"@type\":\"ListItem\",\"position\":3,\"name\":\"Pesquisa divulgada nesta segunda mostra Dr. Pablo Santos na lideran\u00e7a com 60%\"}]},{\"@type\":\"WebSite\",\"@id\":\"https:\/\/noticiaempauta.com\/portal\/#website\",\"url\":\"https:\/\/noticiaempauta.com\/portal\/\",\"name\":\"Portal Not\u00edcia em Pauta\",\"description\":\"Voc\u00ea bem informado\",\"publisher\":{\"@id\":\"https:\/\/noticiaempauta.com\/portal\/#organization\"},\"potentialAction\":[{\"@type\":\"SearchAction\",\"target\":{\"@type\":\"EntryPoint\",\"urlTemplate\":\"https:\/\/noticiaempauta.com\/portal\/?s={search_term_string}\"},\"query-input\":{\"@type\":\"PropertyValueSpecification\",\"valueRequired\":true,\"valueName\":\"search_term_string\"}}],\"inLanguage\":\"pt-BR\"},{\"@type\":\"Organization\",\"@id\":\"https:\/\/noticiaempauta.com\/portal\/#organization\",\"name\":\"Portal Not\u00edcia em Pauta\",\"url\":\"https:\/\/noticiaempauta.com\/portal\/\",\"logo\":{\"@type\":\"ImageObject\",\"inLanguage\":\"pt-BR\",\"@id\":\"https:\/\/noticiaempauta.com\/portal\/#\/schema\/logo\/image\/\",\"url\":\"https:\/\/noticiaempauta.com\/portal\/wp-content\/uploads\/2022\/08\/logomarca_tema.fw_.png\",\"contentUrl\":\"https:\/\/noticiaempauta.com\/portal\/wp-content\/uploads\/2022\/08\/logomarca_tema.fw_.png\",\"width\":400,\"height\":232,\"caption\":\"Portal Not\u00edcia em Pauta\"},\"image\":{\"@id\":\"https:\/\/noticiaempauta.com\/portal\/#\/schema\/logo\/image\/\"},\"sameAs\":[\"https:\/\/www.facebook.com\/Portal-Notcia-Em-Pauta-102292869264820\/\",\"https:\/\/www.instagram.com\/portalnoticiaempauta\/\"]},{\"@type\":\"Person\",\"@id\":\"https:\/\/noticiaempauta.com\/portal\/#\/schema\/person\/a74af43dd1ab3deca45f988c717d57ac\",\"name\":\"Reda\u00e7\u00e3o\",\"image\":{\"@type\":\"ImageObject\",\"inLanguage\":\"pt-BR\",\"@id\":\"https:\/\/noticiaempauta.com\/portal\/#\/schema\/person\/image\/\",\"url\":\"https:\/\/secure.gravatar.com\/avatar\/03179346ecce6cdfc13361603e8f54242a90e5cde8618fa23c5c00aa2b0aadf3?s=96&d=mm&r=g\",\"contentUrl\":\"https:\/\/secure.gravatar.com\/avatar\/03179346ecce6cdfc13361603e8f54242a90e5cde8618fa23c5c00aa2b0aadf3?s=96&d=mm&r=g\",\"caption\":\"Reda\u00e7\u00e3o\"},\"sameAs\":[\"https:\/\/noticiaempauta.com\/portal\/\"],\"url\":\"https:\/\/noticiaempauta.com\/portal\/author\/fernando\/\"}]}<\/script>\n<!-- \/ Yoast SEO Premium plugin. -->","yoast_head_json":{"title":"Pesquisa divulgada nesta segunda mostra Dr. Pablo Santos na lideran\u00e7a com 60% - Portal Not\u00edcia em Pauta","robots":{"index":"index","follow":"follow","max-snippet":"max-snippet:-1","max-image-preview":"max-image-preview:large","max-video-preview":"max-video-preview:-1"},"canonical":"https:\/\/noticiaempauta.com\/portal\/pesquisa-divulgada-nesta-segunda-mostra-dr-pablo-santos-na-lideranca-com-60\/","og_locale":"pt_BR","og_type":"article","og_title":"Pesquisa divulgada nesta segunda mostra Dr. Pablo Santos na lideran\u00e7a com 60%","og_description":"Uma nova pesquisa realizada pelo Instituto Credibilidade na cidade de Picos divulgada nesta segunda-feira (23\/09) revela que Dr. Pablo Santos, do MDB, segue consolidado na lideran\u00e7a das inten\u00e7\u00f5es de voto. Os dados, obtidos a partir de entrevistas finalizadas neste domingo (22\/09), refletem o atual pensamento do eleitorado de Picos. Na pesquisa estimulada, considerando apenas os [&hellip;]","og_url":"https:\/\/noticiaempauta.com\/portal\/pesquisa-divulgada-nesta-segunda-mostra-dr-pablo-santos-na-lideranca-com-60\/","og_site_name":"Portal Not\u00edcia em Pauta","article_publisher":"https:\/\/www.facebook.com\/Portal-Notcia-Em-Pauta-102292869264820\/","article_published_time":"2024-09-23T14:08:46+00:00","article_modified_time":"2024-09-23T14:08:47+00:00","og_image":[{"width":2560,"height":1458,"url":"https:\/\/noticiaempauta.com\/portal\/wp-content\/uploads\/2024\/09\/P40G-IMG-6160d6e1afcb87917f.jpeg","type":"image\/jpeg"}],"author":"Reda\u00e7\u00e3o","twitter_card":"summary_large_image","twitter_misc":{"Escrito por":"Reda\u00e7\u00e3o","Est. tempo de leitura":"2 minutos"},"schema":{"@context":"https:\/\/schema.org","@graph":[{"@type":"Article","@id":"https:\/\/noticiaempauta.com\/portal\/pesquisa-divulgada-nesta-segunda-mostra-dr-pablo-santos-na-lideranca-com-60\/#article","isPartOf":{"@id":"https:\/\/noticiaempauta.com\/portal\/pesquisa-divulgada-nesta-segunda-mostra-dr-pablo-santos-na-lideranca-com-60\/"},"author":{"name":"Reda\u00e7\u00e3o","@id":"https:\/\/noticiaempauta.com\/portal\/#\/schema\/person\/a74af43dd1ab3deca45f988c717d57ac"},"headline":"Pesquisa divulgada nesta segunda mostra Dr. Pablo Santos na lideran\u00e7a com 60%","datePublished":"2024-09-23T14:08:46+00:00","dateModified":"2024-09-23T14:08:47+00:00","mainEntityOfPage":{"@id":"https:\/\/noticiaempauta.com\/portal\/pesquisa-divulgada-nesta-segunda-mostra-dr-pablo-santos-na-lideranca-com-60\/"},"wordCount":205,"commentCount":0,"publisher":{"@id":"https:\/\/noticiaempauta.com\/portal\/#organization"},"image":{"@id":"https:\/\/noticiaempauta.com\/portal\/pesquisa-divulgada-nesta-segunda-mostra-dr-pablo-santos-na-lideranca-com-60\/#primaryimage"},"thumbnailUrl":"https:\/\/noticiaempauta.com\/portal\/wp-content\/uploads\/2024\/09\/P40G-IMG-6160d6e1afcb87917f.jpeg","keywords":["destaqueprincipal"],"articleSection":["Destaques","Geral","Pol\u00edtica","Todas as Not\u00edcias"],"inLanguage":"pt-BR","potentialAction":[{"@type":"CommentAction","name":"Comment","target":["https:\/\/noticiaempauta.com\/portal\/pesquisa-divulgada-nesta-segunda-mostra-dr-pablo-santos-na-lideranca-com-60\/#respond"]}]},{"@type":"WebPage","@id":"https:\/\/noticiaempauta.com\/portal\/pesquisa-divulgada-nesta-segunda-mostra-dr-pablo-santos-na-lideranca-com-60\/","url":"https:\/\/noticiaempauta.com\/portal\/pesquisa-divulgada-nesta-segunda-mostra-dr-pablo-santos-na-lideranca-com-60\/","name":"Pesquisa divulgada nesta segunda mostra Dr. Pablo Santos na lideran\u00e7a com 60% - Portal Not\u00edcia em Pauta","isPartOf":{"@id":"https:\/\/noticiaempauta.com\/portal\/#website"},"primaryImageOfPage":{"@id":"https:\/\/noticiaempauta.com\/portal\/pesquisa-divulgada-nesta-segunda-mostra-dr-pablo-santos-na-lideranca-com-60\/#primaryimage"},"image":{"@id":"https:\/\/noticiaempauta.com\/portal\/pesquisa-divulgada-nesta-segunda-mostra-dr-pablo-santos-na-lideranca-com-60\/#primaryimage"},"thumbnailUrl":"https:\/\/noticiaempauta.com\/portal\/wp-content\/uploads\/2024\/09\/P40G-IMG-6160d6e1afcb87917f.jpeg","datePublished":"2024-09-23T14:08:46+00:00","dateModified":"2024-09-23T14:08:47+00:00","breadcrumb":{"@id":"https:\/\/noticiaempauta.com\/portal\/pesquisa-divulgada-nesta-segunda-mostra-dr-pablo-santos-na-lideranca-com-60\/#breadcrumb"},"inLanguage":"pt-BR","potentialAction":[{"@type":"ReadAction","target":["https:\/\/noticiaempauta.com\/portal\/pesquisa-divulgada-nesta-segunda-mostra-dr-pablo-santos-na-lideranca-com-60\/"]}]},{"@type":"ImageObject","inLanguage":"pt-BR","@id":"https:\/\/noticiaempauta.com\/portal\/pesquisa-divulgada-nesta-segunda-mostra-dr-pablo-santos-na-lideranca-com-60\/#primaryimage","url":"https:\/\/noticiaempauta.com\/portal\/wp-content\/uploads\/2024\/09\/P40G-IMG-6160d6e1afcb87917f.jpeg","contentUrl":"https:\/\/noticiaempauta.com\/portal\/wp-content\/uploads\/2024\/09\/P40G-IMG-6160d6e1afcb87917f.jpeg","width":2560,"height":1458},{"@type":"BreadcrumbList","@id":"https:\/\/noticiaempauta.com\/portal\/pesquisa-divulgada-nesta-segunda-mostra-dr-pablo-santos-na-lideranca-com-60\/#breadcrumb","itemListElement":[{"@type":"ListItem","position":1,"name":"P\u00e1gina Inicial","item":"https:\/\/noticiaempauta.com\/portal\/"},{"@type":"ListItem","position":2,"name":"Destaques","item":"https:\/\/noticiaempauta.com\/portal\/destaques-site\/"},{"@type":"ListItem","position":3,"name":"Pesquisa divulgada nesta segunda mostra Dr. Pablo Santos na lideran\u00e7a com 60%"}]},{"@type":"WebSite","@id":"https:\/\/noticiaempauta.com\/portal\/#website","url":"https:\/\/noticiaempauta.com\/portal\/","name":"Portal Not\u00edcia em Pauta","description":"Voc\u00ea bem informado","publisher":{"@id":"https:\/\/noticiaempauta.com\/portal\/#organization"},"potentialAction":[{"@type":"SearchAction","target":{"@type":"EntryPoint","urlTemplate":"https:\/\/noticiaempauta.com\/portal\/?s={search_term_string}"},"query-input":{"@type":"PropertyValueSpecification","valueRequired":true,"valueName":"search_term_string"}}],"inLanguage":"pt-BR"},{"@type":"Organization","@id":"https:\/\/noticiaempauta.com\/portal\/#organization","name":"Portal Not\u00edcia em Pauta","url":"https:\/\/noticiaempauta.com\/portal\/","logo":{"@type":"ImageObject","inLanguage":"pt-BR","@id":"https:\/\/noticiaempauta.com\/portal\/#\/schema\/logo\/image\/","url":"https:\/\/noticiaempauta.com\/portal\/wp-content\/uploads\/2022\/08\/logomarca_tema.fw_.png","contentUrl":"https:\/\/noticiaempauta.com\/portal\/wp-content\/uploads\/2022\/08\/logomarca_tema.fw_.png","width":400,"height":232,"caption":"Portal Not\u00edcia em Pauta"},"image":{"@id":"https:\/\/noticiaempauta.com\/portal\/#\/schema\/logo\/image\/"},"sameAs":["https:\/\/www.facebook.com\/Portal-Notcia-Em-Pauta-102292869264820\/","https:\/\/www.instagram.com\/portalnoticiaempauta\/"]},{"@type":"Person","@id":"https:\/\/noticiaempauta.com\/portal\/#\/schema\/person\/a74af43dd1ab3deca45f988c717d57ac","name":"Reda\u00e7\u00e3o","image":{"@type":"ImageObject","inLanguage":"pt-BR","@id":"https:\/\/noticiaempauta.com\/portal\/#\/schema\/person\/image\/","url":"https:\/\/secure.gravatar.com\/avatar\/03179346ecce6cdfc13361603e8f54242a90e5cde8618fa23c5c00aa2b0aadf3?s=96&d=mm&r=g","contentUrl":"https:\/\/secure.gravatar.com\/avatar\/03179346ecce6cdfc13361603e8f54242a90e5cde8618fa23c5c00aa2b0aadf3?s=96&d=mm&r=g","caption":"Reda\u00e7\u00e3o"},"sameAs":["https:\/\/noticiaempauta.com\/portal\/"],"url":"https:\/\/noticiaempauta.com\/portal\/author\/fernando\/"}]}},"_links":{"self":[{"href":"https:\/\/noticiaempauta.com\/portal\/wp-json\/wp\/v2\/posts\/262287","targetHints":{"allow":["GET"]}}],"collection":[{"href":"https:\/\/noticiaempauta.com\/portal\/wp-json\/wp\/v2\/posts"}],"about":[{"href":"https:\/\/noticiaempauta.com\/portal\/wp-json\/wp\/v2\/types\/post"}],"author":[{"embeddable":true,"href":"https:\/\/noticiaempauta.com\/portal\/wp-json\/wp\/v2\/users\/2"}],"replies":[{"embeddable":true,"href":"https:\/\/noticiaempauta.com\/portal\/wp-json\/wp\/v2\/comments?post=262287"}],"version-history":[{"count":2,"href":"https:\/\/noticiaempauta.com\/portal\/wp-json\/wp\/v2\/posts\/262287\/revisions"}],"predecessor-version":[{"id":262292,"href":"https:\/\/noticiaempauta.com\/portal\/wp-json\/wp\/v2\/posts\/262287\/revisions\/262292"}],"wp:featuredmedia":[{"embeddable":true,"href":"https:\/\/noticiaempauta.com\/portal\/wp-json\/wp\/v2\/media\/262290"}],"wp:attachment":[{"href":"https:\/\/noticiaempauta.com\/portal\/wp-json\/wp\/v2\/media?parent=262287"}],"wp:term":[{"taxonomy":"category","embeddable":true,"href":"https:\/\/noticiaempauta.com\/portal\/wp-json\/wp\/v2\/categories?post=262287"},{"taxonomy":"post_tag","embeddable":true,"href":"https:\/\/noticiaempauta.com\/portal\/wp-json\/wp\/v2\/tags?post=262287"}],"curies":[{"name":"wp","href":"https:\/\/api.w.org\/{rel}","templated":true}]}}