{"id":262294,"date":"2024-09-23T16:50:43","date_gmt":"2024-09-23T19:50:43","guid":{"rendered":"https:\/\/noticiaempauta.com\/portal\/?p=262294"},"modified":"2024-09-23T16:50:44","modified_gmt":"2024-09-23T19:50:44","slug":"operacao-arco-da-br-020-vai-garantir-seguranca-nas-eleicoes-nas-regioes-de-picos-e-valenca","status":"publish","type":"post","link":"https:\/\/noticiaempauta.com\/portal\/operacao-arco-da-br-020-vai-garantir-seguranca-nas-eleicoes-nas-regioes-de-picos-e-valenca\/","title":{"rendered":"Opera\u00e7\u00e3o \u201cArco da BR-020\u201d vai garantir seguran\u00e7a nas elei\u00e7\u00f5es nas regi\u00f5es de Picos e Valen\u00e7a"},"content":{"rendered":"\n<p>A Secretaria de Seguran\u00e7a P\u00fablica do Estado do Piau\u00ed (SSP-PI) anunciou, nesta segunda-feira (23), o lan\u00e7amento da Opera\u00e7\u00e3o Seguran\u00e7a Eleitoral \u201cArco da BR-020\u201d. A a\u00e7\u00e3o tem como principal objetivo assegurar a ordem e a seguran\u00e7a durante o per\u00edodo eleitoral de 2024, cobrindo desde a vota\u00e7\u00e3o at\u00e9 a apura\u00e7\u00e3o dos resultados.<\/p>\n\n\n\n<figure class=\"wp-block-image size-full\"><img fetchpriority=\"high\" decoding=\"async\" width=\"792\" height=\"567\" src=\"https:\/\/noticiaempauta.com\/portal\/wp-content\/uploads\/2024\/09\/Operacao-vai-garantir-seguranca-nas-eleicoes-nas-regioes-de-Picos-e-Valenca.jpeg\" alt=\"\" class=\"wp-image-262295\" srcset=\"https:\/\/noticiaempauta.com\/portal\/wp-content\/uploads\/2024\/09\/Operacao-vai-garantir-seguranca-nas-eleicoes-nas-regioes-de-Picos-e-Valenca.jpeg 792w, https:\/\/noticiaempauta.com\/portal\/wp-content\/uploads\/2024\/09\/Operacao-vai-garantir-seguranca-nas-eleicoes-nas-regioes-de-Picos-e-Valenca-300x215.jpeg 300w, https:\/\/noticiaempauta.com\/portal\/wp-content\/uploads\/2024\/09\/Operacao-vai-garantir-seguranca-nas-eleicoes-nas-regioes-de-Picos-e-Valenca-768x550.jpeg 768w\" sizes=\"(max-width: 792px) 100vw, 792px\" \/><\/figure>\n\n\n\n<p>A opera\u00e7\u00e3o iniciada nesta segunda (23) segue at\u00e9 7 de outubro, com foco nos munic\u00edpios das \u00c1reas Integradas de Seguran\u00e7a P\u00fablica (AISPs) de Picos e Valen\u00e7a, identificadas como \u00e1reas de risco com potencial para aumento da viol\u00eancia durante o pleito.<\/p>\n\n\n\n<p>Entre os munic\u00edpios que receber\u00e3o aten\u00e7\u00e3o especial est\u00e3o Alagoinha do Piau\u00ed, Alegrete do Piau\u00ed, Bocaina, Francisco Santos, Monsenhor Hip\u00f3lito, Pimenteiras, Santo Ant\u00f4nio de Lisboa, S\u00e3o Jo\u00e3o da Canabrava, S\u00e3o Juli\u00e3o e S\u00e3o Lu\u00eds do Piau\u00ed. A opera\u00e7\u00e3o ser\u00e1 coordenada pelo Comando de Policiamento Especializado (CPE), contando com o suporte de equipes especializadas.<\/p>\n\n\n\n<p>As for\u00e7as de seguran\u00e7a atuar\u00e3o em conjunto com a Justi\u00e7a Eleitoral, o Minist\u00e9rio P\u00fablico Eleitoral e a Pol\u00edcia Federal, al\u00e9m de monitorar poss\u00edveis crimes eleitorais e focos de tens\u00e3o, permitindo interven\u00e7\u00f5es preventivas e imediatas.<\/p>\n\n\n\n<p>O comandante-geral da Pol\u00edcia Militar do Piau\u00ed, coronel Scheiwann Lopes, enfatizou a import\u00e2ncia da opera\u00e7\u00e3o.<\/p>\n\n\n\n<p><em>\u201cAp\u00f3s reuni\u00e3o da C\u00fapula de Seguran\u00e7a e com base em dados da Diretoria Estrat\u00e9gica de Intelig\u00eancia, que identificaram um potencial de aumento da viol\u00eancia nas regi\u00f5es de Picos e Valen\u00e7a, foi determinada, por meio de portaria, a deflagra\u00e7\u00e3o da opera\u00e7\u00e3o. Nosso objetivo \u00e9 prevenir e reprimir quaisquer atos de viol\u00eancia que possam comprometer o pleito. Estamos mobilizando todos os esfor\u00e7os para garantir a tranquilidade do processo eleitoral, assegurando que a popula\u00e7\u00e3o possa exercer seu direito de voto em paz\u201d<\/em>, destacou o comandante.<\/p>\n\n\n\n<p>A portaria que autoriza a opera\u00e7\u00e3o j\u00e1 est\u00e1 em vigor e as atividades seguir\u00e3o o cronograma estabelecido. O foco principal da iniciativa \u00e9 garantir que as elei\u00e7\u00f5es de 2024 ocorram de maneira segura e organizada, sem interfer\u00eancias que prejudiquem o direito ao voto do cidad\u00e3o.<\/p>\n\n\n\n<p>CCOM-PI<\/p>\n","protected":false},"excerpt":{"rendered":"<p>A Secretaria de Seguran\u00e7a P\u00fablica do Estado do Piau\u00ed (SSP-PI) anunciou, nesta segunda-feira (23), o lan\u00e7amento da Opera\u00e7\u00e3o Seguran\u00e7a Eleitoral \u201cArco da BR-020\u201d. A a\u00e7\u00e3o tem como principal objetivo assegurar a ordem e a seguran\u00e7a durante o per\u00edodo eleitoral de 2024, cobrindo desde a vota\u00e7\u00e3o at\u00e9 a apura\u00e7\u00e3o dos resultados. A opera\u00e7\u00e3o iniciada nesta segunda [&hellip;]<\/p>\n","protected":false},"author":2,"featured_media":257890,"comment_status":"open","ping_status":"open","sticky":false,"template":"","format":"standard","meta":{"_mi_skip_tracking":false,"footnotes":""},"categories":[25,1,9,137,16],"tags":[192],"class_list":["post-262294","post","type-post","status-publish","format-standard","has-post-thumbnail","hentry","category-destaques-site","category-geral","category-municipios","category-policia","category-todas","tag-destaqueprincipal"],"acf":[],"yoast_head":"<!-- This site is optimized with the Yoast SEO Premium plugin v19.2 (Yoast SEO v26.9) - https:\/\/yoast.com\/product\/yoast-seo-premium-wordpress\/ -->\n<title>Opera\u00e7\u00e3o \u201cArco da BR-020\u201d vai garantir seguran\u00e7a nas elei\u00e7\u00f5es nas regi\u00f5es de Picos e Valen\u00e7a - Portal Not\u00edcia em Pauta<\/title>\n<meta name=\"robots\" content=\"index, follow, max-snippet:-1, max-image-preview:large, max-video-preview:-1\" \/>\n<link rel=\"canonical\" href=\"https:\/\/noticiaempauta.com\/portal\/operacao-arco-da-br-020-vai-garantir-seguranca-nas-eleicoes-nas-regioes-de-picos-e-valenca\/\" \/>\n<meta property=\"og:locale\" content=\"pt_BR\" \/>\n<meta property=\"og:type\" content=\"article\" \/>\n<meta property=\"og:title\" content=\"Opera\u00e7\u00e3o \u201cArco da BR-020\u201d vai garantir seguran\u00e7a nas elei\u00e7\u00f5es nas regi\u00f5es de Picos e Valen\u00e7a\" \/>\n<meta property=\"og:description\" content=\"A Secretaria de Seguran\u00e7a P\u00fablica do Estado do Piau\u00ed (SSP-PI) anunciou, nesta segunda-feira (23), o lan\u00e7amento da Opera\u00e7\u00e3o Seguran\u00e7a Eleitoral \u201cArco da BR-020\u201d. A a\u00e7\u00e3o tem como principal objetivo assegurar a ordem e a seguran\u00e7a durante o per\u00edodo eleitoral de 2024, cobrindo desde a vota\u00e7\u00e3o at\u00e9 a apura\u00e7\u00e3o dos resultados. A opera\u00e7\u00e3o iniciada nesta segunda [&hellip;]\" \/>\n<meta property=\"og:url\" content=\"https:\/\/noticiaempauta.com\/portal\/operacao-arco-da-br-020-vai-garantir-seguranca-nas-eleicoes-nas-regioes-de-picos-e-valenca\/\" \/>\n<meta property=\"og:site_name\" content=\"Portal Not\u00edcia em Pauta\" \/>\n<meta property=\"article:publisher\" content=\"https:\/\/www.facebook.com\/Portal-Notcia-Em-Pauta-102292869264820\/\" \/>\n<meta property=\"article:published_time\" content=\"2024-09-23T19:50:43+00:00\" \/>\n<meta property=\"article:modified_time\" content=\"2024-09-23T19:50:44+00:00\" \/>\n<meta property=\"og:image\" content=\"https:\/\/noticiaempauta.com\/portal\/wp-content\/uploads\/2024\/05\/Policiais-Militares.jpg\" \/>\n\t<meta property=\"og:image:width\" content=\"1200\" \/>\n\t<meta property=\"og:image:height\" content=\"684\" \/>\n\t<meta property=\"og:image:type\" content=\"image\/jpeg\" \/>\n<meta name=\"author\" content=\"Reda\u00e7\u00e3o\" \/>\n<meta name=\"twitter:card\" content=\"summary_large_image\" \/>\n<meta name=\"twitter:label1\" content=\"Escrito por\" \/>\n\t<meta name=\"twitter:data1\" content=\"Reda\u00e7\u00e3o\" \/>\n\t<meta name=\"twitter:label2\" content=\"Est. tempo de leitura\" \/>\n\t<meta name=\"twitter:data2\" content=\"3 minutos\" \/>\n<script type=\"application\/ld+json\" class=\"yoast-schema-graph\">{\"@context\":\"https:\/\/schema.org\",\"@graph\":[{\"@type\":\"Article\",\"@id\":\"https:\/\/noticiaempauta.com\/portal\/operacao-arco-da-br-020-vai-garantir-seguranca-nas-eleicoes-nas-regioes-de-picos-e-valenca\/#article\",\"isPartOf\":{\"@id\":\"https:\/\/noticiaempauta.com\/portal\/operacao-arco-da-br-020-vai-garantir-seguranca-nas-eleicoes-nas-regioes-de-picos-e-valenca\/\"},\"author\":{\"name\":\"Reda\u00e7\u00e3o\",\"@id\":\"https:\/\/noticiaempauta.com\/portal\/#\/schema\/person\/a74af43dd1ab3deca45f988c717d57ac\"},\"headline\":\"Opera\u00e7\u00e3o \u201cArco da BR-020\u201d vai garantir seguran\u00e7a nas elei\u00e7\u00f5es nas regi\u00f5es de Picos e Valen\u00e7a\",\"datePublished\":\"2024-09-23T19:50:43+00:00\",\"dateModified\":\"2024-09-23T19:50:44+00:00\",\"mainEntityOfPage\":{\"@id\":\"https:\/\/noticiaempauta.com\/portal\/operacao-arco-da-br-020-vai-garantir-seguranca-nas-eleicoes-nas-regioes-de-picos-e-valenca\/\"},\"wordCount\":394,\"commentCount\":0,\"publisher\":{\"@id\":\"https:\/\/noticiaempauta.com\/portal\/#organization\"},\"image\":{\"@id\":\"https:\/\/noticiaempauta.com\/portal\/operacao-arco-da-br-020-vai-garantir-seguranca-nas-eleicoes-nas-regioes-de-picos-e-valenca\/#primaryimage\"},\"thumbnailUrl\":\"https:\/\/noticiaempauta.com\/portal\/wp-content\/uploads\/2024\/05\/Policiais-Militares.jpg\",\"keywords\":[\"destaqueprincipal\"],\"articleSection\":[\"Destaques\",\"Geral\",\"Munic\u00edpios\",\"Pol\u00edcia\",\"Todas as Not\u00edcias\"],\"inLanguage\":\"pt-BR\",\"potentialAction\":[{\"@type\":\"CommentAction\",\"name\":\"Comment\",\"target\":[\"https:\/\/noticiaempauta.com\/portal\/operacao-arco-da-br-020-vai-garantir-seguranca-nas-eleicoes-nas-regioes-de-picos-e-valenca\/#respond\"]}]},{\"@type\":\"WebPage\",\"@id\":\"https:\/\/noticiaempauta.com\/portal\/operacao-arco-da-br-020-vai-garantir-seguranca-nas-eleicoes-nas-regioes-de-picos-e-valenca\/\",\"url\":\"https:\/\/noticiaempauta.com\/portal\/operacao-arco-da-br-020-vai-garantir-seguranca-nas-eleicoes-nas-regioes-de-picos-e-valenca\/\",\"name\":\"Opera\u00e7\u00e3o \u201cArco da BR-020\u201d vai garantir seguran\u00e7a nas elei\u00e7\u00f5es nas regi\u00f5es de Picos e Valen\u00e7a - Portal Not\u00edcia em Pauta\",\"isPartOf\":{\"@id\":\"https:\/\/noticiaempauta.com\/portal\/#website\"},\"primaryImageOfPage\":{\"@id\":\"https:\/\/noticiaempauta.com\/portal\/operacao-arco-da-br-020-vai-garantir-seguranca-nas-eleicoes-nas-regioes-de-picos-e-valenca\/#primaryimage\"},\"image\":{\"@id\":\"https:\/\/noticiaempauta.com\/portal\/operacao-arco-da-br-020-vai-garantir-seguranca-nas-eleicoes-nas-regioes-de-picos-e-valenca\/#primaryimage\"},\"thumbnailUrl\":\"https:\/\/noticiaempauta.com\/portal\/wp-content\/uploads\/2024\/05\/Policiais-Militares.jpg\",\"datePublished\":\"2024-09-23T19:50:43+00:00\",\"dateModified\":\"2024-09-23T19:50:44+00:00\",\"breadcrumb\":{\"@id\":\"https:\/\/noticiaempauta.com\/portal\/operacao-arco-da-br-020-vai-garantir-seguranca-nas-eleicoes-nas-regioes-de-picos-e-valenca\/#breadcrumb\"},\"inLanguage\":\"pt-BR\",\"potentialAction\":[{\"@type\":\"ReadAction\",\"target\":[\"https:\/\/noticiaempauta.com\/portal\/operacao-arco-da-br-020-vai-garantir-seguranca-nas-eleicoes-nas-regioes-de-picos-e-valenca\/\"]}]},{\"@type\":\"ImageObject\",\"inLanguage\":\"pt-BR\",\"@id\":\"https:\/\/noticiaempauta.com\/portal\/operacao-arco-da-br-020-vai-garantir-seguranca-nas-eleicoes-nas-regioes-de-picos-e-valenca\/#primaryimage\",\"url\":\"https:\/\/noticiaempauta.com\/portal\/wp-content\/uploads\/2024\/05\/Policiais-Militares.jpg\",\"contentUrl\":\"https:\/\/noticiaempauta.com\/portal\/wp-content\/uploads\/2024\/05\/Policiais-Militares.jpg\",\"width\":1200,\"height\":684},{\"@type\":\"BreadcrumbList\",\"@id\":\"https:\/\/noticiaempauta.com\/portal\/operacao-arco-da-br-020-vai-garantir-seguranca-nas-eleicoes-nas-regioes-de-picos-e-valenca\/#breadcrumb\",\"itemListElement\":[{\"@type\":\"ListItem\",\"position\":1,\"name\":\"P\u00e1gina Inicial\",\"item\":\"https:\/\/noticiaempauta.com\/portal\/\"},{\"@type\":\"ListItem\",\"position\":2,\"name\":\"Destaques\",\"item\":\"https:\/\/noticiaempauta.com\/portal\/destaques-site\/\"},{\"@type\":\"ListItem\",\"position\":3,\"name\":\"Opera\u00e7\u00e3o \u201cArco da BR-020\u201d vai garantir seguran\u00e7a nas elei\u00e7\u00f5es nas regi\u00f5es de Picos e Valen\u00e7a\"}]},{\"@type\":\"WebSite\",\"@id\":\"https:\/\/noticiaempauta.com\/portal\/#website\",\"url\":\"https:\/\/noticiaempauta.com\/portal\/\",\"name\":\"Portal Not\u00edcia em Pauta\",\"description\":\"Voc\u00ea bem informado\",\"publisher\":{\"@id\":\"https:\/\/noticiaempauta.com\/portal\/#organization\"},\"potentialAction\":[{\"@type\":\"SearchAction\",\"target\":{\"@type\":\"EntryPoint\",\"urlTemplate\":\"https:\/\/noticiaempauta.com\/portal\/?s={search_term_string}\"},\"query-input\":{\"@type\":\"PropertyValueSpecification\",\"valueRequired\":true,\"valueName\":\"search_term_string\"}}],\"inLanguage\":\"pt-BR\"},{\"@type\":\"Organization\",\"@id\":\"https:\/\/noticiaempauta.com\/portal\/#organization\",\"name\":\"Portal Not\u00edcia em Pauta\",\"url\":\"https:\/\/noticiaempauta.com\/portal\/\",\"logo\":{\"@type\":\"ImageObject\",\"inLanguage\":\"pt-BR\",\"@id\":\"https:\/\/noticiaempauta.com\/portal\/#\/schema\/logo\/image\/\",\"url\":\"https:\/\/noticiaempauta.com\/portal\/wp-content\/uploads\/2022\/08\/logomarca_tema.fw_.png\",\"contentUrl\":\"https:\/\/noticiaempauta.com\/portal\/wp-content\/uploads\/2022\/08\/logomarca_tema.fw_.png\",\"width\":400,\"height\":232,\"caption\":\"Portal Not\u00edcia em Pauta\"},\"image\":{\"@id\":\"https:\/\/noticiaempauta.com\/portal\/#\/schema\/logo\/image\/\"},\"sameAs\":[\"https:\/\/www.facebook.com\/Portal-Notcia-Em-Pauta-102292869264820\/\",\"https:\/\/www.instagram.com\/portalnoticiaempauta\/\"]},{\"@type\":\"Person\",\"@id\":\"https:\/\/noticiaempauta.com\/portal\/#\/schema\/person\/a74af43dd1ab3deca45f988c717d57ac\",\"name\":\"Reda\u00e7\u00e3o\",\"image\":{\"@type\":\"ImageObject\",\"inLanguage\":\"pt-BR\",\"@id\":\"https:\/\/noticiaempauta.com\/portal\/#\/schema\/person\/image\/\",\"url\":\"https:\/\/secure.gravatar.com\/avatar\/03179346ecce6cdfc13361603e8f54242a90e5cde8618fa23c5c00aa2b0aadf3?s=96&d=mm&r=g\",\"contentUrl\":\"https:\/\/secure.gravatar.com\/avatar\/03179346ecce6cdfc13361603e8f54242a90e5cde8618fa23c5c00aa2b0aadf3?s=96&d=mm&r=g\",\"caption\":\"Reda\u00e7\u00e3o\"},\"sameAs\":[\"https:\/\/noticiaempauta.com\/portal\/\"],\"url\":\"https:\/\/noticiaempauta.com\/portal\/author\/fernando\/\"}]}<\/script>\n<!-- \/ Yoast SEO Premium plugin. -->","yoast_head_json":{"title":"Opera\u00e7\u00e3o \u201cArco da BR-020\u201d vai garantir seguran\u00e7a nas elei\u00e7\u00f5es nas regi\u00f5es de Picos e Valen\u00e7a - Portal Not\u00edcia em Pauta","robots":{"index":"index","follow":"follow","max-snippet":"max-snippet:-1","max-image-preview":"max-image-preview:large","max-video-preview":"max-video-preview:-1"},"canonical":"https:\/\/noticiaempauta.com\/portal\/operacao-arco-da-br-020-vai-garantir-seguranca-nas-eleicoes-nas-regioes-de-picos-e-valenca\/","og_locale":"pt_BR","og_type":"article","og_title":"Opera\u00e7\u00e3o \u201cArco da BR-020\u201d vai garantir seguran\u00e7a nas elei\u00e7\u00f5es nas regi\u00f5es de Picos e Valen\u00e7a","og_description":"A Secretaria de Seguran\u00e7a P\u00fablica do Estado do Piau\u00ed (SSP-PI) anunciou, nesta segunda-feira (23), o lan\u00e7amento da Opera\u00e7\u00e3o Seguran\u00e7a Eleitoral \u201cArco da BR-020\u201d. A a\u00e7\u00e3o tem como principal objetivo assegurar a ordem e a seguran\u00e7a durante o per\u00edodo eleitoral de 2024, cobrindo desde a vota\u00e7\u00e3o at\u00e9 a apura\u00e7\u00e3o dos resultados. A opera\u00e7\u00e3o iniciada nesta segunda [&hellip;]","og_url":"https:\/\/noticiaempauta.com\/portal\/operacao-arco-da-br-020-vai-garantir-seguranca-nas-eleicoes-nas-regioes-de-picos-e-valenca\/","og_site_name":"Portal Not\u00edcia em Pauta","article_publisher":"https:\/\/www.facebook.com\/Portal-Notcia-Em-Pauta-102292869264820\/","article_published_time":"2024-09-23T19:50:43+00:00","article_modified_time":"2024-09-23T19:50:44+00:00","og_image":[{"width":1200,"height":684,"url":"https:\/\/noticiaempauta.com\/portal\/wp-content\/uploads\/2024\/05\/Policiais-Militares.jpg","type":"image\/jpeg"}],"author":"Reda\u00e7\u00e3o","twitter_card":"summary_large_image","twitter_misc":{"Escrito por":"Reda\u00e7\u00e3o","Est. tempo de leitura":"3 minutos"},"schema":{"@context":"https:\/\/schema.org","@graph":[{"@type":"Article","@id":"https:\/\/noticiaempauta.com\/portal\/operacao-arco-da-br-020-vai-garantir-seguranca-nas-eleicoes-nas-regioes-de-picos-e-valenca\/#article","isPartOf":{"@id":"https:\/\/noticiaempauta.com\/portal\/operacao-arco-da-br-020-vai-garantir-seguranca-nas-eleicoes-nas-regioes-de-picos-e-valenca\/"},"author":{"name":"Reda\u00e7\u00e3o","@id":"https:\/\/noticiaempauta.com\/portal\/#\/schema\/person\/a74af43dd1ab3deca45f988c717d57ac"},"headline":"Opera\u00e7\u00e3o \u201cArco da BR-020\u201d vai garantir seguran\u00e7a nas elei\u00e7\u00f5es nas regi\u00f5es de Picos e Valen\u00e7a","datePublished":"2024-09-23T19:50:43+00:00","dateModified":"2024-09-23T19:50:44+00:00","mainEntityOfPage":{"@id":"https:\/\/noticiaempauta.com\/portal\/operacao-arco-da-br-020-vai-garantir-seguranca-nas-eleicoes-nas-regioes-de-picos-e-valenca\/"},"wordCount":394,"commentCount":0,"publisher":{"@id":"https:\/\/noticiaempauta.com\/portal\/#organization"},"image":{"@id":"https:\/\/noticiaempauta.com\/portal\/operacao-arco-da-br-020-vai-garantir-seguranca-nas-eleicoes-nas-regioes-de-picos-e-valenca\/#primaryimage"},"thumbnailUrl":"https:\/\/noticiaempauta.com\/portal\/wp-content\/uploads\/2024\/05\/Policiais-Militares.jpg","keywords":["destaqueprincipal"],"articleSection":["Destaques","Geral","Munic\u00edpios","Pol\u00edcia","Todas as Not\u00edcias"],"inLanguage":"pt-BR","potentialAction":[{"@type":"CommentAction","name":"Comment","target":["https:\/\/noticiaempauta.com\/portal\/operacao-arco-da-br-020-vai-garantir-seguranca-nas-eleicoes-nas-regioes-de-picos-e-valenca\/#respond"]}]},{"@type":"WebPage","@id":"https:\/\/noticiaempauta.com\/portal\/operacao-arco-da-br-020-vai-garantir-seguranca-nas-eleicoes-nas-regioes-de-picos-e-valenca\/","url":"https:\/\/noticiaempauta.com\/portal\/operacao-arco-da-br-020-vai-garantir-seguranca-nas-eleicoes-nas-regioes-de-picos-e-valenca\/","name":"Opera\u00e7\u00e3o \u201cArco da BR-020\u201d vai garantir seguran\u00e7a nas elei\u00e7\u00f5es nas regi\u00f5es de Picos e Valen\u00e7a - Portal Not\u00edcia em Pauta","isPartOf":{"@id":"https:\/\/noticiaempauta.com\/portal\/#website"},"primaryImageOfPage":{"@id":"https:\/\/noticiaempauta.com\/portal\/operacao-arco-da-br-020-vai-garantir-seguranca-nas-eleicoes-nas-regioes-de-picos-e-valenca\/#primaryimage"},"image":{"@id":"https:\/\/noticiaempauta.com\/portal\/operacao-arco-da-br-020-vai-garantir-seguranca-nas-eleicoes-nas-regioes-de-picos-e-valenca\/#primaryimage"},"thumbnailUrl":"https:\/\/noticiaempauta.com\/portal\/wp-content\/uploads\/2024\/05\/Policiais-Militares.jpg","datePublished":"2024-09-23T19:50:43+00:00","dateModified":"2024-09-23T19:50:44+00:00","breadcrumb":{"@id":"https:\/\/noticiaempauta.com\/portal\/operacao-arco-da-br-020-vai-garantir-seguranca-nas-eleicoes-nas-regioes-de-picos-e-valenca\/#breadcrumb"},"inLanguage":"pt-BR","potentialAction":[{"@type":"ReadAction","target":["https:\/\/noticiaempauta.com\/portal\/operacao-arco-da-br-020-vai-garantir-seguranca-nas-eleicoes-nas-regioes-de-picos-e-valenca\/"]}]},{"@type":"ImageObject","inLanguage":"pt-BR","@id":"https:\/\/noticiaempauta.com\/portal\/operacao-arco-da-br-020-vai-garantir-seguranca-nas-eleicoes-nas-regioes-de-picos-e-valenca\/#primaryimage","url":"https:\/\/noticiaempauta.com\/portal\/wp-content\/uploads\/2024\/05\/Policiais-Militares.jpg","contentUrl":"https:\/\/noticiaempauta.com\/portal\/wp-content\/uploads\/2024\/05\/Policiais-Militares.jpg","width":1200,"height":684},{"@type":"BreadcrumbList","@id":"https:\/\/noticiaempauta.com\/portal\/operacao-arco-da-br-020-vai-garantir-seguranca-nas-eleicoes-nas-regioes-de-picos-e-valenca\/#breadcrumb","itemListElement":[{"@type":"ListItem","position":1,"name":"P\u00e1gina Inicial","item":"https:\/\/noticiaempauta.com\/portal\/"},{"@type":"ListItem","position":2,"name":"Destaques","item":"https:\/\/noticiaempauta.com\/portal\/destaques-site\/"},{"@type":"ListItem","position":3,"name":"Opera\u00e7\u00e3o \u201cArco da BR-020\u201d vai garantir seguran\u00e7a nas elei\u00e7\u00f5es nas regi\u00f5es de Picos e Valen\u00e7a"}]},{"@type":"WebSite","@id":"https:\/\/noticiaempauta.com\/portal\/#website","url":"https:\/\/noticiaempauta.com\/portal\/","name":"Portal Not\u00edcia em Pauta","description":"Voc\u00ea bem informado","publisher":{"@id":"https:\/\/noticiaempauta.com\/portal\/#organization"},"potentialAction":[{"@type":"SearchAction","target":{"@type":"EntryPoint","urlTemplate":"https:\/\/noticiaempauta.com\/portal\/?s={search_term_string}"},"query-input":{"@type":"PropertyValueSpecification","valueRequired":true,"valueName":"search_term_string"}}],"inLanguage":"pt-BR"},{"@type":"Organization","@id":"https:\/\/noticiaempauta.com\/portal\/#organization","name":"Portal Not\u00edcia em Pauta","url":"https:\/\/noticiaempauta.com\/portal\/","logo":{"@type":"ImageObject","inLanguage":"pt-BR","@id":"https:\/\/noticiaempauta.com\/portal\/#\/schema\/logo\/image\/","url":"https:\/\/noticiaempauta.com\/portal\/wp-content\/uploads\/2022\/08\/logomarca_tema.fw_.png","contentUrl":"https:\/\/noticiaempauta.com\/portal\/wp-content\/uploads\/2022\/08\/logomarca_tema.fw_.png","width":400,"height":232,"caption":"Portal Not\u00edcia em Pauta"},"image":{"@id":"https:\/\/noticiaempauta.com\/portal\/#\/schema\/logo\/image\/"},"sameAs":["https:\/\/www.facebook.com\/Portal-Notcia-Em-Pauta-102292869264820\/","https:\/\/www.instagram.com\/portalnoticiaempauta\/"]},{"@type":"Person","@id":"https:\/\/noticiaempauta.com\/portal\/#\/schema\/person\/a74af43dd1ab3deca45f988c717d57ac","name":"Reda\u00e7\u00e3o","image":{"@type":"ImageObject","inLanguage":"pt-BR","@id":"https:\/\/noticiaempauta.com\/portal\/#\/schema\/person\/image\/","url":"https:\/\/secure.gravatar.com\/avatar\/03179346ecce6cdfc13361603e8f54242a90e5cde8618fa23c5c00aa2b0aadf3?s=96&d=mm&r=g","contentUrl":"https:\/\/secure.gravatar.com\/avatar\/03179346ecce6cdfc13361603e8f54242a90e5cde8618fa23c5c00aa2b0aadf3?s=96&d=mm&r=g","caption":"Reda\u00e7\u00e3o"},"sameAs":["https:\/\/noticiaempauta.com\/portal\/"],"url":"https:\/\/noticiaempauta.com\/portal\/author\/fernando\/"}]}},"_links":{"self":[{"href":"https:\/\/noticiaempauta.com\/portal\/wp-json\/wp\/v2\/posts\/262294","targetHints":{"allow":["GET"]}}],"collection":[{"href":"https:\/\/noticiaempauta.com\/portal\/wp-json\/wp\/v2\/posts"}],"about":[{"href":"https:\/\/noticiaempauta.com\/portal\/wp-json\/wp\/v2\/types\/post"}],"author":[{"embeddable":true,"href":"https:\/\/noticiaempauta.com\/portal\/wp-json\/wp\/v2\/users\/2"}],"replies":[{"embeddable":true,"href":"https:\/\/noticiaempauta.com\/portal\/wp-json\/wp\/v2\/comments?post=262294"}],"version-history":[{"count":2,"href":"https:\/\/noticiaempauta.com\/portal\/wp-json\/wp\/v2\/posts\/262294\/revisions"}],"predecessor-version":[{"id":262297,"href":"https:\/\/noticiaempauta.com\/portal\/wp-json\/wp\/v2\/posts\/262294\/revisions\/262297"}],"wp:featuredmedia":[{"embeddable":true,"href":"https:\/\/noticiaempauta.com\/portal\/wp-json\/wp\/v2\/media\/257890"}],"wp:attachment":[{"href":"https:\/\/noticiaempauta.com\/portal\/wp-json\/wp\/v2\/media?parent=262294"}],"wp:term":[{"taxonomy":"category","embeddable":true,"href":"https:\/\/noticiaempauta.com\/portal\/wp-json\/wp\/v2\/categories?post=262294"},{"taxonomy":"post_tag","embeddable":true,"href":"https:\/\/noticiaempauta.com\/portal\/wp-json\/wp\/v2\/tags?post=262294"}],"curies":[{"name":"wp","href":"https:\/\/api.w.org\/{rel}","templated":true}]}}