{"id":262298,"date":"2024-09-23T17:02:13","date_gmt":"2024-09-23T20:02:13","guid":{"rendered":"https:\/\/noticiaempauta.com\/portal\/?p=262298"},"modified":"2024-09-23T17:02:14","modified_gmt":"2024-09-23T20:02:14","slug":"estudantes-denunciam-superlotacao-no-transporte-publico-de-picos","status":"publish","type":"post","link":"https:\/\/noticiaempauta.com\/portal\/estudantes-denunciam-superlotacao-no-transporte-publico-de-picos\/","title":{"rendered":"Estudantes denunciam superlota\u00e7\u00e3o no transporte p\u00fablico de Picos"},"content":{"rendered":"\n<p>Na tarde de ontem (18), nossa equipe recebeu uma nova den\u00fancia sobre a superlota\u00e7\u00e3o dos \u00f4nibus em Picos, que est\u00e1 afetando diretamente a rotina de estudantes e trabalhadores.<\/p>\n\n\n\n<p>De acordo com os relatos, a falta de espa\u00e7o nos ve\u00edculos tem impedido que muitos alunos compare\u00e7am \u00e0 universidade.<\/p>\n\n\n\n<p>Imagens enviadas \u00e0 nossa produ\u00e7\u00e3o mostram a realidade prec\u00e1ria do transporte p\u00fablico na cidade.&nbsp;<\/p>\n\n\n\n<figure class=\"wp-block-image size-full\"><img fetchpriority=\"high\" decoding=\"async\" width=\"600\" height=\"445\" src=\"https:\/\/noticiaempauta.com\/portal\/wp-content\/uploads\/2024\/09\/onibuslotado-600x445-1.jpg\" alt=\"\" class=\"wp-image-262301\" srcset=\"https:\/\/noticiaempauta.com\/portal\/wp-content\/uploads\/2024\/09\/onibuslotado-600x445-1.jpg 600w, https:\/\/noticiaempauta.com\/portal\/wp-content\/uploads\/2024\/09\/onibuslotado-600x445-1-300x223.jpg 300w\" sizes=\"(max-width: 600px) 100vw, 600px\" \/><\/figure>\n\n\n\n<p>Em um dos v\u00eddeos, \u00e9 poss\u00edvel ver um estudante praticamente prensado contra o teto devido \u00e0 superlota\u00e7\u00e3o.<\/p>\n\n\n\n<p>Outro registro revela alunos for\u00e7ados a ficar do lado de fora do \u00f4nibus por falta de espa\u00e7o interno.<\/p>\n\n\n\n<p>Os problemas com o transporte p\u00fablico em Picos s\u00e3o recorrentes.<\/p>\n\n\n\n<p>Estudantes relatam que os \u00f4nibus est\u00e3o em condi\u00e7\u00f5es inadequadas, com limpeza deficiente e problemas mec\u00e2nicos.&nbsp;<\/p>\n\n\n\n<p>Em um incidente recente, um \u00f4nibus parou repentinamente na rodovia e come\u00e7ou a soltar fuma\u00e7a, obrigando os passageiros a desembarcar e esperar por outro ve\u00edculo, segundo relatos de uma estudante.<\/p>\n\n\n\n<p>Lucas, estudante do 5\u00ba per\u00edodo de Biologia na Universidade Estadual do Piau\u00ed (UESPI), descreve situa\u00e7\u00f5es em que o \u00f4nibus precisou parar na rodovia, for\u00e7ando os alunos a descer e aguardar um novo transporte.<\/p>\n\n\n\n<p>Ele enfatiza a dificuldade de encontrar \u00f4nibus em boas condi\u00e7\u00f5es e a frustra\u00e7\u00e3o gerada pela falta de op\u00e7\u00f5es.<\/p>\n\n\n\n<p>Os problemas de superlota\u00e7\u00e3o e a alta tarifa das passagens tamb\u00e9m s\u00e3o queixas dos usu\u00e1rios do transporte p\u00fablico.<\/p>\n\n\n\n<p>A Prefeitura Municipal de Picos informou que a concess\u00e3o para a administra\u00e7\u00e3o do transporte p\u00fablico est\u00e1 dentro do prazo de validade e que a qualidade do servi\u00e7o \u00e9 de responsabilidade da empresa respons\u00e1vel.<\/p>\n\n\n\n<p>A Prefeitura tamb\u00e9m afirmou que a quest\u00e3o da superlota\u00e7\u00e3o e das condi\u00e7\u00f5es dos \u00f4nibus deve ser resolvida pela empresa concession\u00e1ria.&nbsp;<\/p>\n\n\n\n<figure class=\"wp-block-embed is-type-video is-provider-youtube wp-block-embed-youtube wp-embed-aspect-16-9 wp-has-aspect-ratio\"><div class=\"wp-block-embed__wrapper\">\n<iframe title=\"Estudantes de Picos denuciam superlota\u00e7\u00e3o em \u00f4nibus\" width=\"800\" height=\"450\" src=\"https:\/\/www.youtube.com\/embed\/s4M_aU_JOvU?feature=oembed\" frameborder=\"0\" allow=\"accelerometer; autoplay; clipboard-write; encrypted-media; gyroscope; picture-in-picture; web-share\" referrerpolicy=\"strict-origin-when-cross-origin\" allowfullscreen><\/iframe>\n<\/div><\/figure>\n\n\n\n<p>Em resposta \u00e0s den\u00fancias, nossa produ\u00e7\u00e3o entrou em contato com a empresa respons\u00e1vel pelo transporte p\u00fablico, mas, at\u00e9 o momento, a reportagem da TV Cidade Verde n\u00e3o&nbsp;recebeu&nbsp;uma resposta.<\/p>\n\n\n\n<p><\/p>\n\n\n\n<p><strong>Paula Monize\/Portal Cidade Verde<\/strong><\/p>\n","protected":false},"excerpt":{"rendered":"<p>Na tarde de ontem (18), nossa equipe recebeu uma nova den\u00fancia sobre a superlota\u00e7\u00e3o dos \u00f4nibus em Picos, que est\u00e1 afetando diretamente a rotina de estudantes e trabalhadores. De acordo com os relatos, a falta de espa\u00e7o nos ve\u00edculos tem impedido que muitos alunos compare\u00e7am \u00e0 universidade. Imagens enviadas \u00e0 nossa produ\u00e7\u00e3o mostram a realidade [&hellip;]<\/p>\n","protected":false},"author":2,"featured_media":262299,"comment_status":"open","ping_status":"open","sticky":false,"template":"","format":"standard","meta":{"_mi_skip_tracking":false,"footnotes":""},"categories":[25,1,16],"tags":[],"class_list":["post-262298","post","type-post","status-publish","format-standard","has-post-thumbnail","hentry","category-destaques-site","category-geral","category-todas"],"acf":[],"yoast_head":"<!-- This site is optimized with the Yoast SEO Premium plugin v19.2 (Yoast SEO v26.9) - https:\/\/yoast.com\/product\/yoast-seo-premium-wordpress\/ -->\n<title>Estudantes denunciam superlota\u00e7\u00e3o no transporte p\u00fablico de Picos - Portal Not\u00edcia em Pauta<\/title>\n<meta name=\"robots\" content=\"index, follow, max-snippet:-1, max-image-preview:large, max-video-preview:-1\" \/>\n<link rel=\"canonical\" href=\"https:\/\/noticiaempauta.com\/portal\/estudantes-denunciam-superlotacao-no-transporte-publico-de-picos\/\" \/>\n<meta property=\"og:locale\" content=\"pt_BR\" \/>\n<meta property=\"og:type\" content=\"article\" \/>\n<meta property=\"og:title\" content=\"Estudantes denunciam superlota\u00e7\u00e3o no transporte p\u00fablico de Picos\" \/>\n<meta property=\"og:description\" content=\"Na tarde de ontem (18), nossa equipe recebeu uma nova den\u00fancia sobre a superlota\u00e7\u00e3o dos \u00f4nibus em Picos, que est\u00e1 afetando diretamente a rotina de estudantes e trabalhadores. De acordo com os relatos, a falta de espa\u00e7o nos ve\u00edculos tem impedido que muitos alunos compare\u00e7am \u00e0 universidade. Imagens enviadas \u00e0 nossa produ\u00e7\u00e3o mostram a realidade [&hellip;]\" \/>\n<meta property=\"og:url\" content=\"https:\/\/noticiaempauta.com\/portal\/estudantes-denunciam-superlotacao-no-transporte-publico-de-picos\/\" \/>\n<meta property=\"og:site_name\" content=\"Portal Not\u00edcia em Pauta\" \/>\n<meta property=\"article:publisher\" content=\"https:\/\/www.facebook.com\/Portal-Notcia-Em-Pauta-102292869264820\/\" \/>\n<meta property=\"article:published_time\" content=\"2024-09-23T20:02:13+00:00\" \/>\n<meta property=\"article:modified_time\" content=\"2024-09-23T20:02:14+00:00\" \/>\n<meta property=\"og:image\" content=\"https:\/\/noticiaempauta.com\/portal\/wp-content\/uploads\/2024\/09\/images-1.jpeg\" \/>\n\t<meta property=\"og:image:width\" content=\"267\" \/>\n\t<meta property=\"og:image:height\" content=\"189\" \/>\n\t<meta property=\"og:image:type\" content=\"image\/jpeg\" \/>\n<meta name=\"author\" content=\"Reda\u00e7\u00e3o\" \/>\n<meta name=\"twitter:card\" content=\"summary_large_image\" \/>\n<meta name=\"twitter:label1\" content=\"Escrito por\" \/>\n\t<meta name=\"twitter:data1\" content=\"Reda\u00e7\u00e3o\" \/>\n\t<meta name=\"twitter:label2\" content=\"Est. tempo de leitura\" \/>\n\t<meta name=\"twitter:data2\" content=\"3 minutos\" \/>\n<script type=\"application\/ld+json\" class=\"yoast-schema-graph\">{\"@context\":\"https:\/\/schema.org\",\"@graph\":[{\"@type\":\"Article\",\"@id\":\"https:\/\/noticiaempauta.com\/portal\/estudantes-denunciam-superlotacao-no-transporte-publico-de-picos\/#article\",\"isPartOf\":{\"@id\":\"https:\/\/noticiaempauta.com\/portal\/estudantes-denunciam-superlotacao-no-transporte-publico-de-picos\/\"},\"author\":{\"name\":\"Reda\u00e7\u00e3o\",\"@id\":\"https:\/\/noticiaempauta.com\/portal\/#\/schema\/person\/a74af43dd1ab3deca45f988c717d57ac\"},\"headline\":\"Estudantes denunciam superlota\u00e7\u00e3o no transporte p\u00fablico de Picos\",\"datePublished\":\"2024-09-23T20:02:13+00:00\",\"dateModified\":\"2024-09-23T20:02:14+00:00\",\"mainEntityOfPage\":{\"@id\":\"https:\/\/noticiaempauta.com\/portal\/estudantes-denunciam-superlotacao-no-transporte-publico-de-picos\/\"},\"wordCount\":373,\"commentCount\":0,\"publisher\":{\"@id\":\"https:\/\/noticiaempauta.com\/portal\/#organization\"},\"image\":{\"@id\":\"https:\/\/noticiaempauta.com\/portal\/estudantes-denunciam-superlotacao-no-transporte-publico-de-picos\/#primaryimage\"},\"thumbnailUrl\":\"https:\/\/noticiaempauta.com\/portal\/wp-content\/uploads\/2024\/09\/images-1.jpeg\",\"articleSection\":[\"Destaques\",\"Geral\",\"Todas as Not\u00edcias\"],\"inLanguage\":\"pt-BR\",\"potentialAction\":[{\"@type\":\"CommentAction\",\"name\":\"Comment\",\"target\":[\"https:\/\/noticiaempauta.com\/portal\/estudantes-denunciam-superlotacao-no-transporte-publico-de-picos\/#respond\"]}]},{\"@type\":\"WebPage\",\"@id\":\"https:\/\/noticiaempauta.com\/portal\/estudantes-denunciam-superlotacao-no-transporte-publico-de-picos\/\",\"url\":\"https:\/\/noticiaempauta.com\/portal\/estudantes-denunciam-superlotacao-no-transporte-publico-de-picos\/\",\"name\":\"Estudantes denunciam superlota\u00e7\u00e3o no transporte p\u00fablico de Picos - Portal Not\u00edcia em Pauta\",\"isPartOf\":{\"@id\":\"https:\/\/noticiaempauta.com\/portal\/#website\"},\"primaryImageOfPage\":{\"@id\":\"https:\/\/noticiaempauta.com\/portal\/estudantes-denunciam-superlotacao-no-transporte-publico-de-picos\/#primaryimage\"},\"image\":{\"@id\":\"https:\/\/noticiaempauta.com\/portal\/estudantes-denunciam-superlotacao-no-transporte-publico-de-picos\/#primaryimage\"},\"thumbnailUrl\":\"https:\/\/noticiaempauta.com\/portal\/wp-content\/uploads\/2024\/09\/images-1.jpeg\",\"datePublished\":\"2024-09-23T20:02:13+00:00\",\"dateModified\":\"2024-09-23T20:02:14+00:00\",\"breadcrumb\":{\"@id\":\"https:\/\/noticiaempauta.com\/portal\/estudantes-denunciam-superlotacao-no-transporte-publico-de-picos\/#breadcrumb\"},\"inLanguage\":\"pt-BR\",\"potentialAction\":[{\"@type\":\"ReadAction\",\"target\":[\"https:\/\/noticiaempauta.com\/portal\/estudantes-denunciam-superlotacao-no-transporte-publico-de-picos\/\"]}]},{\"@type\":\"ImageObject\",\"inLanguage\":\"pt-BR\",\"@id\":\"https:\/\/noticiaempauta.com\/portal\/estudantes-denunciam-superlotacao-no-transporte-publico-de-picos\/#primaryimage\",\"url\":\"https:\/\/noticiaempauta.com\/portal\/wp-content\/uploads\/2024\/09\/images-1.jpeg\",\"contentUrl\":\"https:\/\/noticiaempauta.com\/portal\/wp-content\/uploads\/2024\/09\/images-1.jpeg\",\"width\":267,\"height\":189},{\"@type\":\"BreadcrumbList\",\"@id\":\"https:\/\/noticiaempauta.com\/portal\/estudantes-denunciam-superlotacao-no-transporte-publico-de-picos\/#breadcrumb\",\"itemListElement\":[{\"@type\":\"ListItem\",\"position\":1,\"name\":\"P\u00e1gina Inicial\",\"item\":\"https:\/\/noticiaempauta.com\/portal\/\"},{\"@type\":\"ListItem\",\"position\":2,\"name\":\"Destaques\",\"item\":\"https:\/\/noticiaempauta.com\/portal\/destaques-site\/\"},{\"@type\":\"ListItem\",\"position\":3,\"name\":\"Estudantes denunciam superlota\u00e7\u00e3o no transporte p\u00fablico de Picos\"}]},{\"@type\":\"WebSite\",\"@id\":\"https:\/\/noticiaempauta.com\/portal\/#website\",\"url\":\"https:\/\/noticiaempauta.com\/portal\/\",\"name\":\"Portal Not\u00edcia em Pauta\",\"description\":\"Voc\u00ea bem informado\",\"publisher\":{\"@id\":\"https:\/\/noticiaempauta.com\/portal\/#organization\"},\"potentialAction\":[{\"@type\":\"SearchAction\",\"target\":{\"@type\":\"EntryPoint\",\"urlTemplate\":\"https:\/\/noticiaempauta.com\/portal\/?s={search_term_string}\"},\"query-input\":{\"@type\":\"PropertyValueSpecification\",\"valueRequired\":true,\"valueName\":\"search_term_string\"}}],\"inLanguage\":\"pt-BR\"},{\"@type\":\"Organization\",\"@id\":\"https:\/\/noticiaempauta.com\/portal\/#organization\",\"name\":\"Portal Not\u00edcia em Pauta\",\"url\":\"https:\/\/noticiaempauta.com\/portal\/\",\"logo\":{\"@type\":\"ImageObject\",\"inLanguage\":\"pt-BR\",\"@id\":\"https:\/\/noticiaempauta.com\/portal\/#\/schema\/logo\/image\/\",\"url\":\"https:\/\/noticiaempauta.com\/portal\/wp-content\/uploads\/2022\/08\/logomarca_tema.fw_.png\",\"contentUrl\":\"https:\/\/noticiaempauta.com\/portal\/wp-content\/uploads\/2022\/08\/logomarca_tema.fw_.png\",\"width\":400,\"height\":232,\"caption\":\"Portal Not\u00edcia em Pauta\"},\"image\":{\"@id\":\"https:\/\/noticiaempauta.com\/portal\/#\/schema\/logo\/image\/\"},\"sameAs\":[\"https:\/\/www.facebook.com\/Portal-Notcia-Em-Pauta-102292869264820\/\",\"https:\/\/www.instagram.com\/portalnoticiaempauta\/\"]},{\"@type\":\"Person\",\"@id\":\"https:\/\/noticiaempauta.com\/portal\/#\/schema\/person\/a74af43dd1ab3deca45f988c717d57ac\",\"name\":\"Reda\u00e7\u00e3o\",\"image\":{\"@type\":\"ImageObject\",\"inLanguage\":\"pt-BR\",\"@id\":\"https:\/\/noticiaempauta.com\/portal\/#\/schema\/person\/image\/\",\"url\":\"https:\/\/secure.gravatar.com\/avatar\/03179346ecce6cdfc13361603e8f54242a90e5cde8618fa23c5c00aa2b0aadf3?s=96&d=mm&r=g\",\"contentUrl\":\"https:\/\/secure.gravatar.com\/avatar\/03179346ecce6cdfc13361603e8f54242a90e5cde8618fa23c5c00aa2b0aadf3?s=96&d=mm&r=g\",\"caption\":\"Reda\u00e7\u00e3o\"},\"sameAs\":[\"https:\/\/noticiaempauta.com\/portal\/\"],\"url\":\"https:\/\/noticiaempauta.com\/portal\/author\/fernando\/\"}]}<\/script>\n<!-- \/ Yoast SEO Premium plugin. -->","yoast_head_json":{"title":"Estudantes denunciam superlota\u00e7\u00e3o no transporte p\u00fablico de Picos - Portal Not\u00edcia em Pauta","robots":{"index":"index","follow":"follow","max-snippet":"max-snippet:-1","max-image-preview":"max-image-preview:large","max-video-preview":"max-video-preview:-1"},"canonical":"https:\/\/noticiaempauta.com\/portal\/estudantes-denunciam-superlotacao-no-transporte-publico-de-picos\/","og_locale":"pt_BR","og_type":"article","og_title":"Estudantes denunciam superlota\u00e7\u00e3o no transporte p\u00fablico de Picos","og_description":"Na tarde de ontem (18), nossa equipe recebeu uma nova den\u00fancia sobre a superlota\u00e7\u00e3o dos \u00f4nibus em Picos, que est\u00e1 afetando diretamente a rotina de estudantes e trabalhadores. De acordo com os relatos, a falta de espa\u00e7o nos ve\u00edculos tem impedido que muitos alunos compare\u00e7am \u00e0 universidade. Imagens enviadas \u00e0 nossa produ\u00e7\u00e3o mostram a realidade [&hellip;]","og_url":"https:\/\/noticiaempauta.com\/portal\/estudantes-denunciam-superlotacao-no-transporte-publico-de-picos\/","og_site_name":"Portal Not\u00edcia em Pauta","article_publisher":"https:\/\/www.facebook.com\/Portal-Notcia-Em-Pauta-102292869264820\/","article_published_time":"2024-09-23T20:02:13+00:00","article_modified_time":"2024-09-23T20:02:14+00:00","og_image":[{"width":267,"height":189,"url":"https:\/\/noticiaempauta.com\/portal\/wp-content\/uploads\/2024\/09\/images-1.jpeg","type":"image\/jpeg"}],"author":"Reda\u00e7\u00e3o","twitter_card":"summary_large_image","twitter_misc":{"Escrito por":"Reda\u00e7\u00e3o","Est. tempo de leitura":"3 minutos"},"schema":{"@context":"https:\/\/schema.org","@graph":[{"@type":"Article","@id":"https:\/\/noticiaempauta.com\/portal\/estudantes-denunciam-superlotacao-no-transporte-publico-de-picos\/#article","isPartOf":{"@id":"https:\/\/noticiaempauta.com\/portal\/estudantes-denunciam-superlotacao-no-transporte-publico-de-picos\/"},"author":{"name":"Reda\u00e7\u00e3o","@id":"https:\/\/noticiaempauta.com\/portal\/#\/schema\/person\/a74af43dd1ab3deca45f988c717d57ac"},"headline":"Estudantes denunciam superlota\u00e7\u00e3o no transporte p\u00fablico de Picos","datePublished":"2024-09-23T20:02:13+00:00","dateModified":"2024-09-23T20:02:14+00:00","mainEntityOfPage":{"@id":"https:\/\/noticiaempauta.com\/portal\/estudantes-denunciam-superlotacao-no-transporte-publico-de-picos\/"},"wordCount":373,"commentCount":0,"publisher":{"@id":"https:\/\/noticiaempauta.com\/portal\/#organization"},"image":{"@id":"https:\/\/noticiaempauta.com\/portal\/estudantes-denunciam-superlotacao-no-transporte-publico-de-picos\/#primaryimage"},"thumbnailUrl":"https:\/\/noticiaempauta.com\/portal\/wp-content\/uploads\/2024\/09\/images-1.jpeg","articleSection":["Destaques","Geral","Todas as Not\u00edcias"],"inLanguage":"pt-BR","potentialAction":[{"@type":"CommentAction","name":"Comment","target":["https:\/\/noticiaempauta.com\/portal\/estudantes-denunciam-superlotacao-no-transporte-publico-de-picos\/#respond"]}]},{"@type":"WebPage","@id":"https:\/\/noticiaempauta.com\/portal\/estudantes-denunciam-superlotacao-no-transporte-publico-de-picos\/","url":"https:\/\/noticiaempauta.com\/portal\/estudantes-denunciam-superlotacao-no-transporte-publico-de-picos\/","name":"Estudantes denunciam superlota\u00e7\u00e3o no transporte p\u00fablico de Picos - Portal Not\u00edcia em Pauta","isPartOf":{"@id":"https:\/\/noticiaempauta.com\/portal\/#website"},"primaryImageOfPage":{"@id":"https:\/\/noticiaempauta.com\/portal\/estudantes-denunciam-superlotacao-no-transporte-publico-de-picos\/#primaryimage"},"image":{"@id":"https:\/\/noticiaempauta.com\/portal\/estudantes-denunciam-superlotacao-no-transporte-publico-de-picos\/#primaryimage"},"thumbnailUrl":"https:\/\/noticiaempauta.com\/portal\/wp-content\/uploads\/2024\/09\/images-1.jpeg","datePublished":"2024-09-23T20:02:13+00:00","dateModified":"2024-09-23T20:02:14+00:00","breadcrumb":{"@id":"https:\/\/noticiaempauta.com\/portal\/estudantes-denunciam-superlotacao-no-transporte-publico-de-picos\/#breadcrumb"},"inLanguage":"pt-BR","potentialAction":[{"@type":"ReadAction","target":["https:\/\/noticiaempauta.com\/portal\/estudantes-denunciam-superlotacao-no-transporte-publico-de-picos\/"]}]},{"@type":"ImageObject","inLanguage":"pt-BR","@id":"https:\/\/noticiaempauta.com\/portal\/estudantes-denunciam-superlotacao-no-transporte-publico-de-picos\/#primaryimage","url":"https:\/\/noticiaempauta.com\/portal\/wp-content\/uploads\/2024\/09\/images-1.jpeg","contentUrl":"https:\/\/noticiaempauta.com\/portal\/wp-content\/uploads\/2024\/09\/images-1.jpeg","width":267,"height":189},{"@type":"BreadcrumbList","@id":"https:\/\/noticiaempauta.com\/portal\/estudantes-denunciam-superlotacao-no-transporte-publico-de-picos\/#breadcrumb","itemListElement":[{"@type":"ListItem","position":1,"name":"P\u00e1gina Inicial","item":"https:\/\/noticiaempauta.com\/portal\/"},{"@type":"ListItem","position":2,"name":"Destaques","item":"https:\/\/noticiaempauta.com\/portal\/destaques-site\/"},{"@type":"ListItem","position":3,"name":"Estudantes denunciam superlota\u00e7\u00e3o no transporte p\u00fablico de Picos"}]},{"@type":"WebSite","@id":"https:\/\/noticiaempauta.com\/portal\/#website","url":"https:\/\/noticiaempauta.com\/portal\/","name":"Portal Not\u00edcia em Pauta","description":"Voc\u00ea bem informado","publisher":{"@id":"https:\/\/noticiaempauta.com\/portal\/#organization"},"potentialAction":[{"@type":"SearchAction","target":{"@type":"EntryPoint","urlTemplate":"https:\/\/noticiaempauta.com\/portal\/?s={search_term_string}"},"query-input":{"@type":"PropertyValueSpecification","valueRequired":true,"valueName":"search_term_string"}}],"inLanguage":"pt-BR"},{"@type":"Organization","@id":"https:\/\/noticiaempauta.com\/portal\/#organization","name":"Portal Not\u00edcia em Pauta","url":"https:\/\/noticiaempauta.com\/portal\/","logo":{"@type":"ImageObject","inLanguage":"pt-BR","@id":"https:\/\/noticiaempauta.com\/portal\/#\/schema\/logo\/image\/","url":"https:\/\/noticiaempauta.com\/portal\/wp-content\/uploads\/2022\/08\/logomarca_tema.fw_.png","contentUrl":"https:\/\/noticiaempauta.com\/portal\/wp-content\/uploads\/2022\/08\/logomarca_tema.fw_.png","width":400,"height":232,"caption":"Portal Not\u00edcia em Pauta"},"image":{"@id":"https:\/\/noticiaempauta.com\/portal\/#\/schema\/logo\/image\/"},"sameAs":["https:\/\/www.facebook.com\/Portal-Notcia-Em-Pauta-102292869264820\/","https:\/\/www.instagram.com\/portalnoticiaempauta\/"]},{"@type":"Person","@id":"https:\/\/noticiaempauta.com\/portal\/#\/schema\/person\/a74af43dd1ab3deca45f988c717d57ac","name":"Reda\u00e7\u00e3o","image":{"@type":"ImageObject","inLanguage":"pt-BR","@id":"https:\/\/noticiaempauta.com\/portal\/#\/schema\/person\/image\/","url":"https:\/\/secure.gravatar.com\/avatar\/03179346ecce6cdfc13361603e8f54242a90e5cde8618fa23c5c00aa2b0aadf3?s=96&d=mm&r=g","contentUrl":"https:\/\/secure.gravatar.com\/avatar\/03179346ecce6cdfc13361603e8f54242a90e5cde8618fa23c5c00aa2b0aadf3?s=96&d=mm&r=g","caption":"Reda\u00e7\u00e3o"},"sameAs":["https:\/\/noticiaempauta.com\/portal\/"],"url":"https:\/\/noticiaempauta.com\/portal\/author\/fernando\/"}]}},"_links":{"self":[{"href":"https:\/\/noticiaempauta.com\/portal\/wp-json\/wp\/v2\/posts\/262298","targetHints":{"allow":["GET"]}}],"collection":[{"href":"https:\/\/noticiaempauta.com\/portal\/wp-json\/wp\/v2\/posts"}],"about":[{"href":"https:\/\/noticiaempauta.com\/portal\/wp-json\/wp\/v2\/types\/post"}],"author":[{"embeddable":true,"href":"https:\/\/noticiaempauta.com\/portal\/wp-json\/wp\/v2\/users\/2"}],"replies":[{"embeddable":true,"href":"https:\/\/noticiaempauta.com\/portal\/wp-json\/wp\/v2\/comments?post=262298"}],"version-history":[{"count":1,"href":"https:\/\/noticiaempauta.com\/portal\/wp-json\/wp\/v2\/posts\/262298\/revisions"}],"predecessor-version":[{"id":262302,"href":"https:\/\/noticiaempauta.com\/portal\/wp-json\/wp\/v2\/posts\/262298\/revisions\/262302"}],"wp:featuredmedia":[{"embeddable":true,"href":"https:\/\/noticiaempauta.com\/portal\/wp-json\/wp\/v2\/media\/262299"}],"wp:attachment":[{"href":"https:\/\/noticiaempauta.com\/portal\/wp-json\/wp\/v2\/media?parent=262298"}],"wp:term":[{"taxonomy":"category","embeddable":true,"href":"https:\/\/noticiaempauta.com\/portal\/wp-json\/wp\/v2\/categories?post=262298"},{"taxonomy":"post_tag","embeddable":true,"href":"https:\/\/noticiaempauta.com\/portal\/wp-json\/wp\/v2\/tags?post=262298"}],"curies":[{"name":"wp","href":"https:\/\/api.w.org\/{rel}","templated":true}]}}