{"id":262303,"date":"2024-09-24T14:56:39","date_gmt":"2024-09-24T17:56:39","guid":{"rendered":"https:\/\/noticiaempauta.com\/portal\/?p=262303"},"modified":"2024-09-24T14:56:41","modified_gmt":"2024-09-24T17:56:41","slug":"ministerio-publico-federal-pede-indeferimento-da-candidatura-de-wesley-goncalves-para-prefeitura-de-aroeiras-do-itaim","status":"publish","type":"post","link":"https:\/\/noticiaempauta.com\/portal\/ministerio-publico-federal-pede-indeferimento-da-candidatura-de-wesley-goncalves-para-prefeitura-de-aroeiras-do-itaim\/","title":{"rendered":"Minist\u00e9rio P\u00fablico Federal pede indeferimento da candidatura de Wesley Gon\u00e7alves para Prefeitura de Aroeiras do Itaim"},"content":{"rendered":"\n<p>A candidatura de Wesley Gon\u00e7alves de Deus (MDB) \u00e0 Prefeitura de Aroeiras do Itaim nas Elei\u00e7\u00f5es 2024 est\u00e1 sendo contestada judicialmente. Em recurso eleitoral (n\u00ba 0600138-38.2024.6.18.0010), o Minist\u00e9rio P\u00fablico Federal, por meio da Procuradoria Regional Eleitoral no Piau\u00ed, recomendou o indeferimento da candidatura do mesmo.<\/p>\n\n\n\n<figure class=\"wp-block-image size-large\"><img fetchpriority=\"high\" decoding=\"async\" width=\"1024\" height=\"899\" src=\"https:\/\/noticiaempauta.com\/portal\/wp-content\/uploads\/2024\/08\/wesleydedeus-1024x899.jpeg\" alt=\"\" class=\"wp-image-261341\" srcset=\"https:\/\/noticiaempauta.com\/portal\/wp-content\/uploads\/2024\/08\/wesleydedeus-1024x899.jpeg 1024w, https:\/\/noticiaempauta.com\/portal\/wp-content\/uploads\/2024\/08\/wesleydedeus-300x263.jpeg 300w, https:\/\/noticiaempauta.com\/portal\/wp-content\/uploads\/2024\/08\/wesleydedeus-768x674.jpeg 768w, https:\/\/noticiaempauta.com\/portal\/wp-content\/uploads\/2024\/08\/wesleydedeus.jpeg 1170w\" sizes=\"(max-width: 1024px) 100vw, 1024px\" \/><figcaption class=\"wp-element-caption\">Wesley de Deus, (Foto: Reprodu\u00e7\u00e3o\/RedesSocias)<\/figcaption><\/figure>\n\n\n\n<p>A a\u00e7\u00e3o foi movida pelo Partido Social Democr\u00e1tico (PSD) de Aroeiras do Itaim, representado pelos advogados Dr. Elianderson Moura e Dr. Maycon Luz, que questionaram o cumprimento das exig\u00eancias de desincompatibiliza\u00e7\u00e3o de Wesley.<\/p>\n\n\n\n<p>Embora ele tenha formalizado o afastamento do cargo de Secret\u00e1rio Municipal de Administra\u00e7\u00e3o dentro do prazo legal, a defesa sustenta que o candidato continuou exercendo atividades relacionadas ao cargo, infringindo a Lei Complementar n\u00ba 64\/90, que exige afastamento completo de fun\u00e7\u00f5es p\u00fablicas.<\/p>\n\n\n\n<p>De acordo com o PSD, provas como postagens em redes sociais e registros fotogr\u00e1ficos mostram que Wesley seguiu desempenhando suas fun\u00e7\u00f5es p\u00fablicas ap\u00f3s o pedido de afastamento, o que, segundo a legisla\u00e7\u00e3o eleitoral, invalida a candidatura. A Corte Eleitoral do Piau\u00ed deve decidir nos pr\u00f3ximos dias se acatar\u00e1 o pedido de impugna\u00e7\u00e3o.<\/p>\n\n\n\n<p>Caso a candidatura seja indeferida, n\u00e3o haver\u00e1 possibilidade de substitui\u00e7\u00e3o, j\u00e1 que o prazo para tal, conforme a Lei das Elei\u00e7\u00f5es (Lei n\u00ba 9.504\/1997), se encerrou em 16 de setembro de 2024. Segundo a legisla\u00e7\u00e3o, substitui\u00e7\u00f5es por indeferimento, cancelamento, cassa\u00e7\u00e3o ou ren\u00fancia s\u00e3o permitidas, mas devem ser feitas dentro do prazo estabelecido.<\/p>\n\n\n\n<p>O espa\u00e7o segue aberto para eventuais esclarecimentos das partes envolvidas.<\/p>\n\n\n\n<p><strong>Procuradoria<\/strong><\/p>\n\n\n\n<p>No parecer emitido pela Procuradoria Regional Eleitoral do Piau\u00ed, o \u00f3rg\u00e3o destacou que concorda com os argumentos apresentados pelos impugnantes e considera que o recurso deve ser aceito. Segundo a Procuradoria, as provas apresentadas demonstram que o candidato Wesley Gon\u00e7alves de Deus n\u00e3o se afastou, de fato, de sua fun\u00e7\u00e3o p\u00fablica, conforme exigido pela legisla\u00e7\u00e3o eleitoral.<\/p>\n\n\n\n<p>A Procuradoria ressaltou que o candidato foi visto repetidamente em eventos oficiais do munic\u00edpio, onde foram entregues ou anunciados benef\u00edcios \u00e0 popula\u00e7\u00e3o, o que gerou um desequil\u00edbrio na disputa com outros candidatos ao mesmo cargo.<\/p>\n\n\n\n<p><strong>VEJA O DOCUMENTO<\/strong><\/p>\n\n\n\n<div data-wp-interactive=\"core\/file\" class=\"wp-block-file\"><object data-wp-bind--hidden=\"!state.hasPdfPreview\" hidden class=\"wp-block-file__embed\" data=\"https:\/\/noticiaempauta.com\/portal\/wp-content\/uploads\/2024\/09\/0600138-38.2024.6.18.0010-6.pdf\" type=\"application\/pdf\" style=\"width:100%;height:600px\" aria-label=\"Incorporado de 0600138-38.2024.6.18.0010-6.\"><\/object><a id=\"wp-block-file--media-b6eb6405-83f7-43d1-aac3-157dfeb1f68d\" href=\"https:\/\/noticiaempauta.com\/portal\/wp-content\/uploads\/2024\/09\/0600138-38.2024.6.18.0010-6.pdf\">0600138-38.2024.6.18.0010-6<\/a><a href=\"https:\/\/noticiaempauta.com\/portal\/wp-content\/uploads\/2024\/09\/0600138-38.2024.6.18.0010-6.pdf\" class=\"wp-block-file__button wp-element-button\" download aria-describedby=\"wp-block-file--media-b6eb6405-83f7-43d1-aac3-157dfeb1f68d\">Baixar<\/a><\/div>\n\n\n\n<p>Com informa\u00e7\u00f5es do CidadesnaNet<\/p>\n","protected":false},"excerpt":{"rendered":"<p>A candidatura de Wesley Gon\u00e7alves de Deus (MDB) \u00e0 Prefeitura de Aroeiras do Itaim nas Elei\u00e7\u00f5es 2024 est\u00e1 sendo contestada judicialmente. Em recurso eleitoral (n\u00ba 0600138-38.2024.6.18.0010), o Minist\u00e9rio P\u00fablico Federal, por meio da Procuradoria Regional Eleitoral no Piau\u00ed, recomendou o indeferimento da candidatura do mesmo. A a\u00e7\u00e3o foi movida pelo Partido Social Democr\u00e1tico (PSD) de [&hellip;]<\/p>\n","protected":false},"author":2,"featured_media":261341,"comment_status":"open","ping_status":"open","sticky":false,"template":"","format":"standard","meta":{"_mi_skip_tracking":false,"footnotes":""},"categories":[25,1,9,3,16],"tags":[],"class_list":["post-262303","post","type-post","status-publish","format-standard","has-post-thumbnail","hentry","category-destaques-site","category-geral","category-municipios","category-politica","category-todas"],"acf":[],"yoast_head":"<!-- This site is optimized with the Yoast SEO Premium plugin v19.2 (Yoast SEO v26.9) - https:\/\/yoast.com\/product\/yoast-seo-premium-wordpress\/ -->\n<title>Minist\u00e9rio P\u00fablico Federal pede indeferimento da candidatura de Wesley Gon\u00e7alves para Prefeitura de Aroeiras do Itaim - Portal Not\u00edcia em Pauta<\/title>\n<meta name=\"robots\" content=\"index, follow, max-snippet:-1, max-image-preview:large, max-video-preview:-1\" \/>\n<link rel=\"canonical\" href=\"https:\/\/noticiaempauta.com\/portal\/ministerio-publico-federal-pede-indeferimento-da-candidatura-de-wesley-goncalves-para-prefeitura-de-aroeiras-do-itaim\/\" \/>\n<meta property=\"og:locale\" content=\"pt_BR\" \/>\n<meta property=\"og:type\" content=\"article\" \/>\n<meta property=\"og:title\" content=\"Minist\u00e9rio P\u00fablico Federal pede indeferimento da candidatura de Wesley Gon\u00e7alves para Prefeitura de Aroeiras do Itaim\" \/>\n<meta property=\"og:description\" content=\"A candidatura de Wesley Gon\u00e7alves de Deus (MDB) \u00e0 Prefeitura de Aroeiras do Itaim nas Elei\u00e7\u00f5es 2024 est\u00e1 sendo contestada judicialmente. Em recurso eleitoral (n\u00ba 0600138-38.2024.6.18.0010), o Minist\u00e9rio P\u00fablico Federal, por meio da Procuradoria Regional Eleitoral no Piau\u00ed, recomendou o indeferimento da candidatura do mesmo. A a\u00e7\u00e3o foi movida pelo Partido Social Democr\u00e1tico (PSD) de [&hellip;]\" \/>\n<meta property=\"og:url\" content=\"https:\/\/noticiaempauta.com\/portal\/ministerio-publico-federal-pede-indeferimento-da-candidatura-de-wesley-goncalves-para-prefeitura-de-aroeiras-do-itaim\/\" \/>\n<meta property=\"og:site_name\" content=\"Portal Not\u00edcia em Pauta\" \/>\n<meta property=\"article:publisher\" content=\"https:\/\/www.facebook.com\/Portal-Notcia-Em-Pauta-102292869264820\/\" \/>\n<meta property=\"article:published_time\" content=\"2024-09-24T17:56:39+00:00\" \/>\n<meta property=\"article:modified_time\" content=\"2024-09-24T17:56:41+00:00\" \/>\n<meta property=\"og:image\" content=\"https:\/\/noticiaempauta.com\/portal\/wp-content\/uploads\/2024\/08\/wesleydedeus.jpeg\" \/>\n\t<meta property=\"og:image:width\" content=\"1170\" \/>\n\t<meta property=\"og:image:height\" content=\"1027\" \/>\n\t<meta property=\"og:image:type\" content=\"image\/jpeg\" \/>\n<meta name=\"author\" content=\"Reda\u00e7\u00e3o\" \/>\n<meta name=\"twitter:card\" content=\"summary_large_image\" \/>\n<meta name=\"twitter:label1\" content=\"Escrito por\" \/>\n\t<meta name=\"twitter:data1\" content=\"Reda\u00e7\u00e3o\" \/>\n\t<meta name=\"twitter:label2\" content=\"Est. tempo de leitura\" \/>\n\t<meta name=\"twitter:data2\" content=\"3 minutos\" \/>\n<script type=\"application\/ld+json\" class=\"yoast-schema-graph\">{\"@context\":\"https:\/\/schema.org\",\"@graph\":[{\"@type\":\"Article\",\"@id\":\"https:\/\/noticiaempauta.com\/portal\/ministerio-publico-federal-pede-indeferimento-da-candidatura-de-wesley-goncalves-para-prefeitura-de-aroeiras-do-itaim\/#article\",\"isPartOf\":{\"@id\":\"https:\/\/noticiaempauta.com\/portal\/ministerio-publico-federal-pede-indeferimento-da-candidatura-de-wesley-goncalves-para-prefeitura-de-aroeiras-do-itaim\/\"},\"author\":{\"name\":\"Reda\u00e7\u00e3o\",\"@id\":\"https:\/\/noticiaempauta.com\/portal\/#\/schema\/person\/a74af43dd1ab3deca45f988c717d57ac\"},\"headline\":\"Minist\u00e9rio P\u00fablico Federal pede indeferimento da candidatura de Wesley Gon\u00e7alves para Prefeitura de Aroeiras do Itaim\",\"datePublished\":\"2024-09-24T17:56:39+00:00\",\"dateModified\":\"2024-09-24T17:56:41+00:00\",\"mainEntityOfPage\":{\"@id\":\"https:\/\/noticiaempauta.com\/portal\/ministerio-publico-federal-pede-indeferimento-da-candidatura-de-wesley-goncalves-para-prefeitura-de-aroeiras-do-itaim\/\"},\"wordCount\":394,\"commentCount\":0,\"publisher\":{\"@id\":\"https:\/\/noticiaempauta.com\/portal\/#organization\"},\"image\":{\"@id\":\"https:\/\/noticiaempauta.com\/portal\/ministerio-publico-federal-pede-indeferimento-da-candidatura-de-wesley-goncalves-para-prefeitura-de-aroeiras-do-itaim\/#primaryimage\"},\"thumbnailUrl\":\"https:\/\/noticiaempauta.com\/portal\/wp-content\/uploads\/2024\/08\/wesleydedeus.jpeg\",\"articleSection\":[\"Destaques\",\"Geral\",\"Munic\u00edpios\",\"Pol\u00edtica\",\"Todas as Not\u00edcias\"],\"inLanguage\":\"pt-BR\",\"potentialAction\":[{\"@type\":\"CommentAction\",\"name\":\"Comment\",\"target\":[\"https:\/\/noticiaempauta.com\/portal\/ministerio-publico-federal-pede-indeferimento-da-candidatura-de-wesley-goncalves-para-prefeitura-de-aroeiras-do-itaim\/#respond\"]}]},{\"@type\":\"WebPage\",\"@id\":\"https:\/\/noticiaempauta.com\/portal\/ministerio-publico-federal-pede-indeferimento-da-candidatura-de-wesley-goncalves-para-prefeitura-de-aroeiras-do-itaim\/\",\"url\":\"https:\/\/noticiaempauta.com\/portal\/ministerio-publico-federal-pede-indeferimento-da-candidatura-de-wesley-goncalves-para-prefeitura-de-aroeiras-do-itaim\/\",\"name\":\"Minist\u00e9rio P\u00fablico Federal pede indeferimento da candidatura de Wesley Gon\u00e7alves para Prefeitura de Aroeiras do Itaim - Portal Not\u00edcia em Pauta\",\"isPartOf\":{\"@id\":\"https:\/\/noticiaempauta.com\/portal\/#website\"},\"primaryImageOfPage\":{\"@id\":\"https:\/\/noticiaempauta.com\/portal\/ministerio-publico-federal-pede-indeferimento-da-candidatura-de-wesley-goncalves-para-prefeitura-de-aroeiras-do-itaim\/#primaryimage\"},\"image\":{\"@id\":\"https:\/\/noticiaempauta.com\/portal\/ministerio-publico-federal-pede-indeferimento-da-candidatura-de-wesley-goncalves-para-prefeitura-de-aroeiras-do-itaim\/#primaryimage\"},\"thumbnailUrl\":\"https:\/\/noticiaempauta.com\/portal\/wp-content\/uploads\/2024\/08\/wesleydedeus.jpeg\",\"datePublished\":\"2024-09-24T17:56:39+00:00\",\"dateModified\":\"2024-09-24T17:56:41+00:00\",\"breadcrumb\":{\"@id\":\"https:\/\/noticiaempauta.com\/portal\/ministerio-publico-federal-pede-indeferimento-da-candidatura-de-wesley-goncalves-para-prefeitura-de-aroeiras-do-itaim\/#breadcrumb\"},\"inLanguage\":\"pt-BR\",\"potentialAction\":[{\"@type\":\"ReadAction\",\"target\":[\"https:\/\/noticiaempauta.com\/portal\/ministerio-publico-federal-pede-indeferimento-da-candidatura-de-wesley-goncalves-para-prefeitura-de-aroeiras-do-itaim\/\"]}]},{\"@type\":\"ImageObject\",\"inLanguage\":\"pt-BR\",\"@id\":\"https:\/\/noticiaempauta.com\/portal\/ministerio-publico-federal-pede-indeferimento-da-candidatura-de-wesley-goncalves-para-prefeitura-de-aroeiras-do-itaim\/#primaryimage\",\"url\":\"https:\/\/noticiaempauta.com\/portal\/wp-content\/uploads\/2024\/08\/wesleydedeus.jpeg\",\"contentUrl\":\"https:\/\/noticiaempauta.com\/portal\/wp-content\/uploads\/2024\/08\/wesleydedeus.jpeg\",\"width\":1170,\"height\":1027,\"caption\":\"Wesley de Deus, (Foto: Reprodu\u00e7\u00e3o\/RedesSocias)\"},{\"@type\":\"BreadcrumbList\",\"@id\":\"https:\/\/noticiaempauta.com\/portal\/ministerio-publico-federal-pede-indeferimento-da-candidatura-de-wesley-goncalves-para-prefeitura-de-aroeiras-do-itaim\/#breadcrumb\",\"itemListElement\":[{\"@type\":\"ListItem\",\"position\":1,\"name\":\"P\u00e1gina Inicial\",\"item\":\"https:\/\/noticiaempauta.com\/portal\/\"},{\"@type\":\"ListItem\",\"position\":2,\"name\":\"Destaques\",\"item\":\"https:\/\/noticiaempauta.com\/portal\/destaques-site\/\"},{\"@type\":\"ListItem\",\"position\":3,\"name\":\"Minist\u00e9rio P\u00fablico Federal pede indeferimento da candidatura de Wesley Gon\u00e7alves para Prefeitura de Aroeiras do Itaim\"}]},{\"@type\":\"WebSite\",\"@id\":\"https:\/\/noticiaempauta.com\/portal\/#website\",\"url\":\"https:\/\/noticiaempauta.com\/portal\/\",\"name\":\"Portal Not\u00edcia em Pauta\",\"description\":\"Voc\u00ea bem informado\",\"publisher\":{\"@id\":\"https:\/\/noticiaempauta.com\/portal\/#organization\"},\"potentialAction\":[{\"@type\":\"SearchAction\",\"target\":{\"@type\":\"EntryPoint\",\"urlTemplate\":\"https:\/\/noticiaempauta.com\/portal\/?s={search_term_string}\"},\"query-input\":{\"@type\":\"PropertyValueSpecification\",\"valueRequired\":true,\"valueName\":\"search_term_string\"}}],\"inLanguage\":\"pt-BR\"},{\"@type\":\"Organization\",\"@id\":\"https:\/\/noticiaempauta.com\/portal\/#organization\",\"name\":\"Portal Not\u00edcia em Pauta\",\"url\":\"https:\/\/noticiaempauta.com\/portal\/\",\"logo\":{\"@type\":\"ImageObject\",\"inLanguage\":\"pt-BR\",\"@id\":\"https:\/\/noticiaempauta.com\/portal\/#\/schema\/logo\/image\/\",\"url\":\"https:\/\/noticiaempauta.com\/portal\/wp-content\/uploads\/2022\/08\/logomarca_tema.fw_.png\",\"contentUrl\":\"https:\/\/noticiaempauta.com\/portal\/wp-content\/uploads\/2022\/08\/logomarca_tema.fw_.png\",\"width\":400,\"height\":232,\"caption\":\"Portal Not\u00edcia em Pauta\"},\"image\":{\"@id\":\"https:\/\/noticiaempauta.com\/portal\/#\/schema\/logo\/image\/\"},\"sameAs\":[\"https:\/\/www.facebook.com\/Portal-Notcia-Em-Pauta-102292869264820\/\",\"https:\/\/www.instagram.com\/portalnoticiaempauta\/\"]},{\"@type\":\"Person\",\"@id\":\"https:\/\/noticiaempauta.com\/portal\/#\/schema\/person\/a74af43dd1ab3deca45f988c717d57ac\",\"name\":\"Reda\u00e7\u00e3o\",\"image\":{\"@type\":\"ImageObject\",\"inLanguage\":\"pt-BR\",\"@id\":\"https:\/\/noticiaempauta.com\/portal\/#\/schema\/person\/image\/\",\"url\":\"https:\/\/secure.gravatar.com\/avatar\/03179346ecce6cdfc13361603e8f54242a90e5cde8618fa23c5c00aa2b0aadf3?s=96&d=mm&r=g\",\"contentUrl\":\"https:\/\/secure.gravatar.com\/avatar\/03179346ecce6cdfc13361603e8f54242a90e5cde8618fa23c5c00aa2b0aadf3?s=96&d=mm&r=g\",\"caption\":\"Reda\u00e7\u00e3o\"},\"sameAs\":[\"https:\/\/noticiaempauta.com\/portal\/\"],\"url\":\"https:\/\/noticiaempauta.com\/portal\/author\/fernando\/\"}]}<\/script>\n<!-- \/ Yoast SEO Premium plugin. -->","yoast_head_json":{"title":"Minist\u00e9rio P\u00fablico Federal pede indeferimento da candidatura de Wesley Gon\u00e7alves para Prefeitura de Aroeiras do Itaim - Portal Not\u00edcia em Pauta","robots":{"index":"index","follow":"follow","max-snippet":"max-snippet:-1","max-image-preview":"max-image-preview:large","max-video-preview":"max-video-preview:-1"},"canonical":"https:\/\/noticiaempauta.com\/portal\/ministerio-publico-federal-pede-indeferimento-da-candidatura-de-wesley-goncalves-para-prefeitura-de-aroeiras-do-itaim\/","og_locale":"pt_BR","og_type":"article","og_title":"Minist\u00e9rio P\u00fablico Federal pede indeferimento da candidatura de Wesley Gon\u00e7alves para Prefeitura de Aroeiras do Itaim","og_description":"A candidatura de Wesley Gon\u00e7alves de Deus (MDB) \u00e0 Prefeitura de Aroeiras do Itaim nas Elei\u00e7\u00f5es 2024 est\u00e1 sendo contestada judicialmente. Em recurso eleitoral (n\u00ba 0600138-38.2024.6.18.0010), o Minist\u00e9rio P\u00fablico Federal, por meio da Procuradoria Regional Eleitoral no Piau\u00ed, recomendou o indeferimento da candidatura do mesmo. A a\u00e7\u00e3o foi movida pelo Partido Social Democr\u00e1tico (PSD) de [&hellip;]","og_url":"https:\/\/noticiaempauta.com\/portal\/ministerio-publico-federal-pede-indeferimento-da-candidatura-de-wesley-goncalves-para-prefeitura-de-aroeiras-do-itaim\/","og_site_name":"Portal Not\u00edcia em Pauta","article_publisher":"https:\/\/www.facebook.com\/Portal-Notcia-Em-Pauta-102292869264820\/","article_published_time":"2024-09-24T17:56:39+00:00","article_modified_time":"2024-09-24T17:56:41+00:00","og_image":[{"width":1170,"height":1027,"url":"https:\/\/noticiaempauta.com\/portal\/wp-content\/uploads\/2024\/08\/wesleydedeus.jpeg","type":"image\/jpeg"}],"author":"Reda\u00e7\u00e3o","twitter_card":"summary_large_image","twitter_misc":{"Escrito por":"Reda\u00e7\u00e3o","Est. tempo de leitura":"3 minutos"},"schema":{"@context":"https:\/\/schema.org","@graph":[{"@type":"Article","@id":"https:\/\/noticiaempauta.com\/portal\/ministerio-publico-federal-pede-indeferimento-da-candidatura-de-wesley-goncalves-para-prefeitura-de-aroeiras-do-itaim\/#article","isPartOf":{"@id":"https:\/\/noticiaempauta.com\/portal\/ministerio-publico-federal-pede-indeferimento-da-candidatura-de-wesley-goncalves-para-prefeitura-de-aroeiras-do-itaim\/"},"author":{"name":"Reda\u00e7\u00e3o","@id":"https:\/\/noticiaempauta.com\/portal\/#\/schema\/person\/a74af43dd1ab3deca45f988c717d57ac"},"headline":"Minist\u00e9rio P\u00fablico Federal pede indeferimento da candidatura de Wesley Gon\u00e7alves para Prefeitura de Aroeiras do Itaim","datePublished":"2024-09-24T17:56:39+00:00","dateModified":"2024-09-24T17:56:41+00:00","mainEntityOfPage":{"@id":"https:\/\/noticiaempauta.com\/portal\/ministerio-publico-federal-pede-indeferimento-da-candidatura-de-wesley-goncalves-para-prefeitura-de-aroeiras-do-itaim\/"},"wordCount":394,"commentCount":0,"publisher":{"@id":"https:\/\/noticiaempauta.com\/portal\/#organization"},"image":{"@id":"https:\/\/noticiaempauta.com\/portal\/ministerio-publico-federal-pede-indeferimento-da-candidatura-de-wesley-goncalves-para-prefeitura-de-aroeiras-do-itaim\/#primaryimage"},"thumbnailUrl":"https:\/\/noticiaempauta.com\/portal\/wp-content\/uploads\/2024\/08\/wesleydedeus.jpeg","articleSection":["Destaques","Geral","Munic\u00edpios","Pol\u00edtica","Todas as Not\u00edcias"],"inLanguage":"pt-BR","potentialAction":[{"@type":"CommentAction","name":"Comment","target":["https:\/\/noticiaempauta.com\/portal\/ministerio-publico-federal-pede-indeferimento-da-candidatura-de-wesley-goncalves-para-prefeitura-de-aroeiras-do-itaim\/#respond"]}]},{"@type":"WebPage","@id":"https:\/\/noticiaempauta.com\/portal\/ministerio-publico-federal-pede-indeferimento-da-candidatura-de-wesley-goncalves-para-prefeitura-de-aroeiras-do-itaim\/","url":"https:\/\/noticiaempauta.com\/portal\/ministerio-publico-federal-pede-indeferimento-da-candidatura-de-wesley-goncalves-para-prefeitura-de-aroeiras-do-itaim\/","name":"Minist\u00e9rio P\u00fablico Federal pede indeferimento da candidatura de Wesley Gon\u00e7alves para Prefeitura de Aroeiras do Itaim - Portal Not\u00edcia em Pauta","isPartOf":{"@id":"https:\/\/noticiaempauta.com\/portal\/#website"},"primaryImageOfPage":{"@id":"https:\/\/noticiaempauta.com\/portal\/ministerio-publico-federal-pede-indeferimento-da-candidatura-de-wesley-goncalves-para-prefeitura-de-aroeiras-do-itaim\/#primaryimage"},"image":{"@id":"https:\/\/noticiaempauta.com\/portal\/ministerio-publico-federal-pede-indeferimento-da-candidatura-de-wesley-goncalves-para-prefeitura-de-aroeiras-do-itaim\/#primaryimage"},"thumbnailUrl":"https:\/\/noticiaempauta.com\/portal\/wp-content\/uploads\/2024\/08\/wesleydedeus.jpeg","datePublished":"2024-09-24T17:56:39+00:00","dateModified":"2024-09-24T17:56:41+00:00","breadcrumb":{"@id":"https:\/\/noticiaempauta.com\/portal\/ministerio-publico-federal-pede-indeferimento-da-candidatura-de-wesley-goncalves-para-prefeitura-de-aroeiras-do-itaim\/#breadcrumb"},"inLanguage":"pt-BR","potentialAction":[{"@type":"ReadAction","target":["https:\/\/noticiaempauta.com\/portal\/ministerio-publico-federal-pede-indeferimento-da-candidatura-de-wesley-goncalves-para-prefeitura-de-aroeiras-do-itaim\/"]}]},{"@type":"ImageObject","inLanguage":"pt-BR","@id":"https:\/\/noticiaempauta.com\/portal\/ministerio-publico-federal-pede-indeferimento-da-candidatura-de-wesley-goncalves-para-prefeitura-de-aroeiras-do-itaim\/#primaryimage","url":"https:\/\/noticiaempauta.com\/portal\/wp-content\/uploads\/2024\/08\/wesleydedeus.jpeg","contentUrl":"https:\/\/noticiaempauta.com\/portal\/wp-content\/uploads\/2024\/08\/wesleydedeus.jpeg","width":1170,"height":1027,"caption":"Wesley de Deus, (Foto: Reprodu\u00e7\u00e3o\/RedesSocias)"},{"@type":"BreadcrumbList","@id":"https:\/\/noticiaempauta.com\/portal\/ministerio-publico-federal-pede-indeferimento-da-candidatura-de-wesley-goncalves-para-prefeitura-de-aroeiras-do-itaim\/#breadcrumb","itemListElement":[{"@type":"ListItem","position":1,"name":"P\u00e1gina Inicial","item":"https:\/\/noticiaempauta.com\/portal\/"},{"@type":"ListItem","position":2,"name":"Destaques","item":"https:\/\/noticiaempauta.com\/portal\/destaques-site\/"},{"@type":"ListItem","position":3,"name":"Minist\u00e9rio P\u00fablico Federal pede indeferimento da candidatura de Wesley Gon\u00e7alves para Prefeitura de Aroeiras do Itaim"}]},{"@type":"WebSite","@id":"https:\/\/noticiaempauta.com\/portal\/#website","url":"https:\/\/noticiaempauta.com\/portal\/","name":"Portal Not\u00edcia em Pauta","description":"Voc\u00ea bem informado","publisher":{"@id":"https:\/\/noticiaempauta.com\/portal\/#organization"},"potentialAction":[{"@type":"SearchAction","target":{"@type":"EntryPoint","urlTemplate":"https:\/\/noticiaempauta.com\/portal\/?s={search_term_string}"},"query-input":{"@type":"PropertyValueSpecification","valueRequired":true,"valueName":"search_term_string"}}],"inLanguage":"pt-BR"},{"@type":"Organization","@id":"https:\/\/noticiaempauta.com\/portal\/#organization","name":"Portal Not\u00edcia em Pauta","url":"https:\/\/noticiaempauta.com\/portal\/","logo":{"@type":"ImageObject","inLanguage":"pt-BR","@id":"https:\/\/noticiaempauta.com\/portal\/#\/schema\/logo\/image\/","url":"https:\/\/noticiaempauta.com\/portal\/wp-content\/uploads\/2022\/08\/logomarca_tema.fw_.png","contentUrl":"https:\/\/noticiaempauta.com\/portal\/wp-content\/uploads\/2022\/08\/logomarca_tema.fw_.png","width":400,"height":232,"caption":"Portal Not\u00edcia em Pauta"},"image":{"@id":"https:\/\/noticiaempauta.com\/portal\/#\/schema\/logo\/image\/"},"sameAs":["https:\/\/www.facebook.com\/Portal-Notcia-Em-Pauta-102292869264820\/","https:\/\/www.instagram.com\/portalnoticiaempauta\/"]},{"@type":"Person","@id":"https:\/\/noticiaempauta.com\/portal\/#\/schema\/person\/a74af43dd1ab3deca45f988c717d57ac","name":"Reda\u00e7\u00e3o","image":{"@type":"ImageObject","inLanguage":"pt-BR","@id":"https:\/\/noticiaempauta.com\/portal\/#\/schema\/person\/image\/","url":"https:\/\/secure.gravatar.com\/avatar\/03179346ecce6cdfc13361603e8f54242a90e5cde8618fa23c5c00aa2b0aadf3?s=96&d=mm&r=g","contentUrl":"https:\/\/secure.gravatar.com\/avatar\/03179346ecce6cdfc13361603e8f54242a90e5cde8618fa23c5c00aa2b0aadf3?s=96&d=mm&r=g","caption":"Reda\u00e7\u00e3o"},"sameAs":["https:\/\/noticiaempauta.com\/portal\/"],"url":"https:\/\/noticiaempauta.com\/portal\/author\/fernando\/"}]}},"_links":{"self":[{"href":"https:\/\/noticiaempauta.com\/portal\/wp-json\/wp\/v2\/posts\/262303","targetHints":{"allow":["GET"]}}],"collection":[{"href":"https:\/\/noticiaempauta.com\/portal\/wp-json\/wp\/v2\/posts"}],"about":[{"href":"https:\/\/noticiaempauta.com\/portal\/wp-json\/wp\/v2\/types\/post"}],"author":[{"embeddable":true,"href":"https:\/\/noticiaempauta.com\/portal\/wp-json\/wp\/v2\/users\/2"}],"replies":[{"embeddable":true,"href":"https:\/\/noticiaempauta.com\/portal\/wp-json\/wp\/v2\/comments?post=262303"}],"version-history":[{"count":1,"href":"https:\/\/noticiaempauta.com\/portal\/wp-json\/wp\/v2\/posts\/262303\/revisions"}],"predecessor-version":[{"id":262305,"href":"https:\/\/noticiaempauta.com\/portal\/wp-json\/wp\/v2\/posts\/262303\/revisions\/262305"}],"wp:featuredmedia":[{"embeddable":true,"href":"https:\/\/noticiaempauta.com\/portal\/wp-json\/wp\/v2\/media\/261341"}],"wp:attachment":[{"href":"https:\/\/noticiaempauta.com\/portal\/wp-json\/wp\/v2\/media?parent=262303"}],"wp:term":[{"taxonomy":"category","embeddable":true,"href":"https:\/\/noticiaempauta.com\/portal\/wp-json\/wp\/v2\/categories?post=262303"},{"taxonomy":"post_tag","embeddable":true,"href":"https:\/\/noticiaempauta.com\/portal\/wp-json\/wp\/v2\/tags?post=262303"}],"curies":[{"name":"wp","href":"https:\/\/api.w.org\/{rel}","templated":true}]}}