{"id":262317,"date":"2024-09-24T15:14:35","date_gmt":"2024-09-24T18:14:35","guid":{"rendered":"https:\/\/noticiaempauta.com\/portal\/?p=262317"},"modified":"2024-09-24T15:14:36","modified_gmt":"2024-09-24T18:14:36","slug":"piaui-tera-maior-participacao-na-feira-de-turismo-abav-expo","status":"publish","type":"post","link":"https:\/\/noticiaempauta.com\/portal\/piaui-tera-maior-participacao-na-feira-de-turismo-abav-expo\/","title":{"rendered":"Piau\u00ed ter\u00e1 maior participa\u00e7\u00e3o na feira de turismo ABAV Expo"},"content":{"rendered":"\n<p>O Governo do Estado, por meio da Secretaria do Turismo (Setur), est\u00e1 se preparando para participar da 51\u00aa ABAV Expo, considerada a maior feira de turismo da Am\u00e9rica Latina, que ocorrer\u00e1 de 26 a 28 de setembro, no Centro Internacional de Conven\u00e7\u00f5es do Brasil (CICB), em Bras\u00edlia. Esta ser\u00e1 a maior participa\u00e7\u00e3o do estado na ABAV Expo. Com a expectativa de atrair um grande p\u00fablico de profissionais do setor, a participa\u00e7\u00e3o do estado na edi\u00e7\u00e3o de 2024 promete destacar suas potencialidades, belezas naturais e rica diversidade cultural.<\/p>\n\n\n\n<figure class=\"wp-block-image size-full\"><img fetchpriority=\"high\" decoding=\"async\" width=\"730\" height=\"517\" src=\"https:\/\/noticiaempauta.com\/portal\/wp-content\/uploads\/2024\/09\/P40G-IMG-d53c67199ffa92d01c.jpg\" alt=\"\" class=\"wp-image-262318\" srcset=\"https:\/\/noticiaempauta.com\/portal\/wp-content\/uploads\/2024\/09\/P40G-IMG-d53c67199ffa92d01c.jpg 730w, https:\/\/noticiaempauta.com\/portal\/wp-content\/uploads\/2024\/09\/P40G-IMG-d53c67199ffa92d01c-300x212.jpg 300w\" sizes=\"(max-width: 730px) 100vw, 730px\" \/><figcaption class=\"wp-element-caption\">(Foto: Reprodu\u00e7\u00e3o)<\/figcaption><\/figure>\n\n\n\n<p>Com uma estrutura elaborada para proporcionar uma experi\u00eancia imersiva ao p\u00fablico, o estande do Piau\u00ed oferecer\u00e1 servi\u00e7os informativos, exposi\u00e7\u00e3o de artesanato, apresenta\u00e7\u00f5es culturais e degusta\u00e7\u00e3o de comidas e bebidas t\u00edpicas, como doce de caju, castanha, caju\u00edna e cacha\u00e7a, al\u00e9m de materiais impressos e brindes. O p\u00fablico tamb\u00e9m poder\u00e1 vivenciar um passeio virtual, que come\u00e7a na Serra da Capivara e segue at\u00e9 o litoral, passando pelas belas praias e pelo Delta do Parna\u00edba, utilizando \u00f3culos de realidade virtual.<\/p>\n\n\n\n<p>Al\u00e9m disso, diversas a\u00e7\u00f5es envolvendo o trade tur\u00edstico piauiense ser\u00e3o realizadas, como rodadas de neg\u00f3cios, happy hour e ABAV Talks, um momento de capacita\u00e7\u00e3o para agentes de viagem. O secret\u00e1rio de Turismo, Jos\u00e9 Neto, ser\u00e1 o palestrante e apresentar\u00e1 as potencialidades dos polos tur\u00edsticos Teresina, Costa Delta e Origens. Durante o evento, tamb\u00e9m ocorrer\u00e1 o lan\u00e7amento oficial da nova marca tur\u00edstica do Piau\u00ed.<\/p>\n\n\n\n<p>Para o secret\u00e1rio de Turismo, Jos\u00e9 Neto Monteiro, a ABAV Expo \u00e9 uma oportunidade \u00edmpar para mostrar ao Brasil e ao mundo o quanto o Piau\u00ed \u00e9 um destino rico, completo e inovador. O gestor tamb\u00e9m destacou que a participa\u00e7\u00e3o do Piau\u00ed n\u00e3o busca apenas aumentar o fluxo de turistas, mas tamb\u00e9m impulsionar o desenvolvimento econ\u00f4mico e a gera\u00e7\u00e3o de empregos no estado.<\/p>\n\n\n\n<p>\u201cEstamos prontos para apresentar nossas belezas naturais, como o Parque Nacional da Serra da Capivara, e a riqueza de nossa cultura, que inclui gastronomia e artesanato. Este evento \u00e9 uma vitrine essencial para atrair novos investidores e turistas, consolidando o Piau\u00ed como um destino estrat\u00e9gico no mapa tur\u00edstico brasileiro\u201d, pontua o secret\u00e1rio Jos\u00e9 Neto.<\/p>\n\n\n\n<p>De acordo com a organiza\u00e7\u00e3o, a edi\u00e7\u00e3o deste ano espera receber mais de 42 mil participantes. Ser\u00e3o 198 estandes, representando destinos nacionais e internacionais, e aproximadamente 1,5 mil marcas expositoras.<\/p>\n\n\n\n<p>CCOM PI<\/p>\n","protected":false},"excerpt":{"rendered":"<p>Considerada a maior feira de turismo da Am\u00e9rica Latina, o evento acontecer\u00e1 de 26 a 28 de setembro, no Centro Internacional de Conven\u00e7\u00f5es do Brasil (CICB), em Bras\u00edlia.<\/p>\n","protected":false},"author":2,"featured_media":262318,"comment_status":"open","ping_status":"open","sticky":false,"template":"","format":"standard","meta":{"_mi_skip_tracking":false,"footnotes":""},"categories":[25,1,16],"tags":[],"class_list":["post-262317","post","type-post","status-publish","format-standard","has-post-thumbnail","hentry","category-destaques-site","category-geral","category-todas"],"acf":[],"yoast_head":"<!-- This site is optimized with the Yoast SEO Premium plugin v19.2 (Yoast SEO v26.9) - https:\/\/yoast.com\/product\/yoast-seo-premium-wordpress\/ -->\n<title>Piau\u00ed ter\u00e1 maior participa\u00e7\u00e3o na feira de turismo ABAV Expo - Portal Not\u00edcia em Pauta<\/title>\n<meta name=\"robots\" content=\"index, follow, max-snippet:-1, max-image-preview:large, max-video-preview:-1\" \/>\n<link rel=\"canonical\" href=\"https:\/\/noticiaempauta.com\/portal\/piaui-tera-maior-participacao-na-feira-de-turismo-abav-expo\/\" \/>\n<meta property=\"og:locale\" content=\"pt_BR\" \/>\n<meta property=\"og:type\" content=\"article\" \/>\n<meta property=\"og:title\" content=\"Piau\u00ed ter\u00e1 maior participa\u00e7\u00e3o na feira de turismo ABAV Expo\" \/>\n<meta property=\"og:description\" content=\"Considerada a maior feira de turismo da Am\u00e9rica Latina, o evento acontecer\u00e1 de 26 a 28 de setembro, no Centro Internacional de Conven\u00e7\u00f5es do Brasil (CICB), em Bras\u00edlia.\" \/>\n<meta property=\"og:url\" content=\"https:\/\/noticiaempauta.com\/portal\/piaui-tera-maior-participacao-na-feira-de-turismo-abav-expo\/\" \/>\n<meta property=\"og:site_name\" content=\"Portal Not\u00edcia em Pauta\" \/>\n<meta property=\"article:publisher\" content=\"https:\/\/www.facebook.com\/Portal-Notcia-Em-Pauta-102292869264820\/\" \/>\n<meta property=\"article:published_time\" content=\"2024-09-24T18:14:35+00:00\" \/>\n<meta property=\"article:modified_time\" content=\"2024-09-24T18:14:36+00:00\" \/>\n<meta property=\"og:image\" content=\"https:\/\/noticiaempauta.com\/portal\/wp-content\/uploads\/2024\/09\/P40G-IMG-d53c67199ffa92d01c.jpg\" \/>\n\t<meta property=\"og:image:width\" content=\"730\" \/>\n\t<meta property=\"og:image:height\" content=\"517\" \/>\n\t<meta property=\"og:image:type\" content=\"image\/jpeg\" \/>\n<meta name=\"author\" content=\"Reda\u00e7\u00e3o\" \/>\n<meta name=\"twitter:card\" content=\"summary_large_image\" \/>\n<meta name=\"twitter:label1\" content=\"Escrito por\" \/>\n\t<meta name=\"twitter:data1\" content=\"Reda\u00e7\u00e3o\" \/>\n\t<meta name=\"twitter:label2\" content=\"Est. tempo de leitura\" \/>\n\t<meta name=\"twitter:data2\" content=\"3 minutos\" \/>\n<script type=\"application\/ld+json\" class=\"yoast-schema-graph\">{\"@context\":\"https:\/\/schema.org\",\"@graph\":[{\"@type\":\"Article\",\"@id\":\"https:\/\/noticiaempauta.com\/portal\/piaui-tera-maior-participacao-na-feira-de-turismo-abav-expo\/#article\",\"isPartOf\":{\"@id\":\"https:\/\/noticiaempauta.com\/portal\/piaui-tera-maior-participacao-na-feira-de-turismo-abav-expo\/\"},\"author\":{\"name\":\"Reda\u00e7\u00e3o\",\"@id\":\"https:\/\/noticiaempauta.com\/portal\/#\/schema\/person\/a74af43dd1ab3deca45f988c717d57ac\"},\"headline\":\"Piau\u00ed ter\u00e1 maior participa\u00e7\u00e3o na feira de turismo ABAV Expo\",\"datePublished\":\"2024-09-24T18:14:35+00:00\",\"dateModified\":\"2024-09-24T18:14:36+00:00\",\"mainEntityOfPage\":{\"@id\":\"https:\/\/noticiaempauta.com\/portal\/piaui-tera-maior-participacao-na-feira-de-turismo-abav-expo\/\"},\"wordCount\":425,\"commentCount\":0,\"publisher\":{\"@id\":\"https:\/\/noticiaempauta.com\/portal\/#organization\"},\"image\":{\"@id\":\"https:\/\/noticiaempauta.com\/portal\/piaui-tera-maior-participacao-na-feira-de-turismo-abav-expo\/#primaryimage\"},\"thumbnailUrl\":\"https:\/\/noticiaempauta.com\/portal\/wp-content\/uploads\/2024\/09\/P40G-IMG-d53c67199ffa92d01c.jpg\",\"articleSection\":[\"Destaques\",\"Geral\",\"Todas as Not\u00edcias\"],\"inLanguage\":\"pt-BR\",\"potentialAction\":[{\"@type\":\"CommentAction\",\"name\":\"Comment\",\"target\":[\"https:\/\/noticiaempauta.com\/portal\/piaui-tera-maior-participacao-na-feira-de-turismo-abav-expo\/#respond\"]}]},{\"@type\":\"WebPage\",\"@id\":\"https:\/\/noticiaempauta.com\/portal\/piaui-tera-maior-participacao-na-feira-de-turismo-abav-expo\/\",\"url\":\"https:\/\/noticiaempauta.com\/portal\/piaui-tera-maior-participacao-na-feira-de-turismo-abav-expo\/\",\"name\":\"Piau\u00ed ter\u00e1 maior participa\u00e7\u00e3o na feira de turismo ABAV Expo - Portal Not\u00edcia em Pauta\",\"isPartOf\":{\"@id\":\"https:\/\/noticiaempauta.com\/portal\/#website\"},\"primaryImageOfPage\":{\"@id\":\"https:\/\/noticiaempauta.com\/portal\/piaui-tera-maior-participacao-na-feira-de-turismo-abav-expo\/#primaryimage\"},\"image\":{\"@id\":\"https:\/\/noticiaempauta.com\/portal\/piaui-tera-maior-participacao-na-feira-de-turismo-abav-expo\/#primaryimage\"},\"thumbnailUrl\":\"https:\/\/noticiaempauta.com\/portal\/wp-content\/uploads\/2024\/09\/P40G-IMG-d53c67199ffa92d01c.jpg\",\"datePublished\":\"2024-09-24T18:14:35+00:00\",\"dateModified\":\"2024-09-24T18:14:36+00:00\",\"breadcrumb\":{\"@id\":\"https:\/\/noticiaempauta.com\/portal\/piaui-tera-maior-participacao-na-feira-de-turismo-abav-expo\/#breadcrumb\"},\"inLanguage\":\"pt-BR\",\"potentialAction\":[{\"@type\":\"ReadAction\",\"target\":[\"https:\/\/noticiaempauta.com\/portal\/piaui-tera-maior-participacao-na-feira-de-turismo-abav-expo\/\"]}]},{\"@type\":\"ImageObject\",\"inLanguage\":\"pt-BR\",\"@id\":\"https:\/\/noticiaempauta.com\/portal\/piaui-tera-maior-participacao-na-feira-de-turismo-abav-expo\/#primaryimage\",\"url\":\"https:\/\/noticiaempauta.com\/portal\/wp-content\/uploads\/2024\/09\/P40G-IMG-d53c67199ffa92d01c.jpg\",\"contentUrl\":\"https:\/\/noticiaempauta.com\/portal\/wp-content\/uploads\/2024\/09\/P40G-IMG-d53c67199ffa92d01c.jpg\",\"width\":730,\"height\":517},{\"@type\":\"BreadcrumbList\",\"@id\":\"https:\/\/noticiaempauta.com\/portal\/piaui-tera-maior-participacao-na-feira-de-turismo-abav-expo\/#breadcrumb\",\"itemListElement\":[{\"@type\":\"ListItem\",\"position\":1,\"name\":\"P\u00e1gina Inicial\",\"item\":\"https:\/\/noticiaempauta.com\/portal\/\"},{\"@type\":\"ListItem\",\"position\":2,\"name\":\"Destaques\",\"item\":\"https:\/\/noticiaempauta.com\/portal\/destaques-site\/\"},{\"@type\":\"ListItem\",\"position\":3,\"name\":\"Piau\u00ed ter\u00e1 maior participa\u00e7\u00e3o na feira de turismo ABAV Expo\"}]},{\"@type\":\"WebSite\",\"@id\":\"https:\/\/noticiaempauta.com\/portal\/#website\",\"url\":\"https:\/\/noticiaempauta.com\/portal\/\",\"name\":\"Portal Not\u00edcia em Pauta\",\"description\":\"Voc\u00ea bem informado\",\"publisher\":{\"@id\":\"https:\/\/noticiaempauta.com\/portal\/#organization\"},\"potentialAction\":[{\"@type\":\"SearchAction\",\"target\":{\"@type\":\"EntryPoint\",\"urlTemplate\":\"https:\/\/noticiaempauta.com\/portal\/?s={search_term_string}\"},\"query-input\":{\"@type\":\"PropertyValueSpecification\",\"valueRequired\":true,\"valueName\":\"search_term_string\"}}],\"inLanguage\":\"pt-BR\"},{\"@type\":\"Organization\",\"@id\":\"https:\/\/noticiaempauta.com\/portal\/#organization\",\"name\":\"Portal Not\u00edcia em Pauta\",\"url\":\"https:\/\/noticiaempauta.com\/portal\/\",\"logo\":{\"@type\":\"ImageObject\",\"inLanguage\":\"pt-BR\",\"@id\":\"https:\/\/noticiaempauta.com\/portal\/#\/schema\/logo\/image\/\",\"url\":\"https:\/\/noticiaempauta.com\/portal\/wp-content\/uploads\/2022\/08\/logomarca_tema.fw_.png\",\"contentUrl\":\"https:\/\/noticiaempauta.com\/portal\/wp-content\/uploads\/2022\/08\/logomarca_tema.fw_.png\",\"width\":400,\"height\":232,\"caption\":\"Portal Not\u00edcia em Pauta\"},\"image\":{\"@id\":\"https:\/\/noticiaempauta.com\/portal\/#\/schema\/logo\/image\/\"},\"sameAs\":[\"https:\/\/www.facebook.com\/Portal-Notcia-Em-Pauta-102292869264820\/\",\"https:\/\/www.instagram.com\/portalnoticiaempauta\/\"]},{\"@type\":\"Person\",\"@id\":\"https:\/\/noticiaempauta.com\/portal\/#\/schema\/person\/a74af43dd1ab3deca45f988c717d57ac\",\"name\":\"Reda\u00e7\u00e3o\",\"image\":{\"@type\":\"ImageObject\",\"inLanguage\":\"pt-BR\",\"@id\":\"https:\/\/noticiaempauta.com\/portal\/#\/schema\/person\/image\/\",\"url\":\"https:\/\/secure.gravatar.com\/avatar\/03179346ecce6cdfc13361603e8f54242a90e5cde8618fa23c5c00aa2b0aadf3?s=96&d=mm&r=g\",\"contentUrl\":\"https:\/\/secure.gravatar.com\/avatar\/03179346ecce6cdfc13361603e8f54242a90e5cde8618fa23c5c00aa2b0aadf3?s=96&d=mm&r=g\",\"caption\":\"Reda\u00e7\u00e3o\"},\"sameAs\":[\"https:\/\/noticiaempauta.com\/portal\/\"],\"url\":\"https:\/\/noticiaempauta.com\/portal\/author\/fernando\/\"}]}<\/script>\n<!-- \/ Yoast SEO Premium plugin. -->","yoast_head_json":{"title":"Piau\u00ed ter\u00e1 maior participa\u00e7\u00e3o na feira de turismo ABAV Expo - Portal Not\u00edcia em Pauta","robots":{"index":"index","follow":"follow","max-snippet":"max-snippet:-1","max-image-preview":"max-image-preview:large","max-video-preview":"max-video-preview:-1"},"canonical":"https:\/\/noticiaempauta.com\/portal\/piaui-tera-maior-participacao-na-feira-de-turismo-abav-expo\/","og_locale":"pt_BR","og_type":"article","og_title":"Piau\u00ed ter\u00e1 maior participa\u00e7\u00e3o na feira de turismo ABAV Expo","og_description":"Considerada a maior feira de turismo da Am\u00e9rica Latina, o evento acontecer\u00e1 de 26 a 28 de setembro, no Centro Internacional de Conven\u00e7\u00f5es do Brasil (CICB), em Bras\u00edlia.","og_url":"https:\/\/noticiaempauta.com\/portal\/piaui-tera-maior-participacao-na-feira-de-turismo-abav-expo\/","og_site_name":"Portal Not\u00edcia em Pauta","article_publisher":"https:\/\/www.facebook.com\/Portal-Notcia-Em-Pauta-102292869264820\/","article_published_time":"2024-09-24T18:14:35+00:00","article_modified_time":"2024-09-24T18:14:36+00:00","og_image":[{"width":730,"height":517,"url":"https:\/\/noticiaempauta.com\/portal\/wp-content\/uploads\/2024\/09\/P40G-IMG-d53c67199ffa92d01c.jpg","type":"image\/jpeg"}],"author":"Reda\u00e7\u00e3o","twitter_card":"summary_large_image","twitter_misc":{"Escrito por":"Reda\u00e7\u00e3o","Est. tempo de leitura":"3 minutos"},"schema":{"@context":"https:\/\/schema.org","@graph":[{"@type":"Article","@id":"https:\/\/noticiaempauta.com\/portal\/piaui-tera-maior-participacao-na-feira-de-turismo-abav-expo\/#article","isPartOf":{"@id":"https:\/\/noticiaempauta.com\/portal\/piaui-tera-maior-participacao-na-feira-de-turismo-abav-expo\/"},"author":{"name":"Reda\u00e7\u00e3o","@id":"https:\/\/noticiaempauta.com\/portal\/#\/schema\/person\/a74af43dd1ab3deca45f988c717d57ac"},"headline":"Piau\u00ed ter\u00e1 maior participa\u00e7\u00e3o na feira de turismo ABAV Expo","datePublished":"2024-09-24T18:14:35+00:00","dateModified":"2024-09-24T18:14:36+00:00","mainEntityOfPage":{"@id":"https:\/\/noticiaempauta.com\/portal\/piaui-tera-maior-participacao-na-feira-de-turismo-abav-expo\/"},"wordCount":425,"commentCount":0,"publisher":{"@id":"https:\/\/noticiaempauta.com\/portal\/#organization"},"image":{"@id":"https:\/\/noticiaempauta.com\/portal\/piaui-tera-maior-participacao-na-feira-de-turismo-abav-expo\/#primaryimage"},"thumbnailUrl":"https:\/\/noticiaempauta.com\/portal\/wp-content\/uploads\/2024\/09\/P40G-IMG-d53c67199ffa92d01c.jpg","articleSection":["Destaques","Geral","Todas as Not\u00edcias"],"inLanguage":"pt-BR","potentialAction":[{"@type":"CommentAction","name":"Comment","target":["https:\/\/noticiaempauta.com\/portal\/piaui-tera-maior-participacao-na-feira-de-turismo-abav-expo\/#respond"]}]},{"@type":"WebPage","@id":"https:\/\/noticiaempauta.com\/portal\/piaui-tera-maior-participacao-na-feira-de-turismo-abav-expo\/","url":"https:\/\/noticiaempauta.com\/portal\/piaui-tera-maior-participacao-na-feira-de-turismo-abav-expo\/","name":"Piau\u00ed ter\u00e1 maior participa\u00e7\u00e3o na feira de turismo ABAV Expo - Portal Not\u00edcia em Pauta","isPartOf":{"@id":"https:\/\/noticiaempauta.com\/portal\/#website"},"primaryImageOfPage":{"@id":"https:\/\/noticiaempauta.com\/portal\/piaui-tera-maior-participacao-na-feira-de-turismo-abav-expo\/#primaryimage"},"image":{"@id":"https:\/\/noticiaempauta.com\/portal\/piaui-tera-maior-participacao-na-feira-de-turismo-abav-expo\/#primaryimage"},"thumbnailUrl":"https:\/\/noticiaempauta.com\/portal\/wp-content\/uploads\/2024\/09\/P40G-IMG-d53c67199ffa92d01c.jpg","datePublished":"2024-09-24T18:14:35+00:00","dateModified":"2024-09-24T18:14:36+00:00","breadcrumb":{"@id":"https:\/\/noticiaempauta.com\/portal\/piaui-tera-maior-participacao-na-feira-de-turismo-abav-expo\/#breadcrumb"},"inLanguage":"pt-BR","potentialAction":[{"@type":"ReadAction","target":["https:\/\/noticiaempauta.com\/portal\/piaui-tera-maior-participacao-na-feira-de-turismo-abav-expo\/"]}]},{"@type":"ImageObject","inLanguage":"pt-BR","@id":"https:\/\/noticiaempauta.com\/portal\/piaui-tera-maior-participacao-na-feira-de-turismo-abav-expo\/#primaryimage","url":"https:\/\/noticiaempauta.com\/portal\/wp-content\/uploads\/2024\/09\/P40G-IMG-d53c67199ffa92d01c.jpg","contentUrl":"https:\/\/noticiaempauta.com\/portal\/wp-content\/uploads\/2024\/09\/P40G-IMG-d53c67199ffa92d01c.jpg","width":730,"height":517},{"@type":"BreadcrumbList","@id":"https:\/\/noticiaempauta.com\/portal\/piaui-tera-maior-participacao-na-feira-de-turismo-abav-expo\/#breadcrumb","itemListElement":[{"@type":"ListItem","position":1,"name":"P\u00e1gina Inicial","item":"https:\/\/noticiaempauta.com\/portal\/"},{"@type":"ListItem","position":2,"name":"Destaques","item":"https:\/\/noticiaempauta.com\/portal\/destaques-site\/"},{"@type":"ListItem","position":3,"name":"Piau\u00ed ter\u00e1 maior participa\u00e7\u00e3o na feira de turismo ABAV Expo"}]},{"@type":"WebSite","@id":"https:\/\/noticiaempauta.com\/portal\/#website","url":"https:\/\/noticiaempauta.com\/portal\/","name":"Portal Not\u00edcia em Pauta","description":"Voc\u00ea bem informado","publisher":{"@id":"https:\/\/noticiaempauta.com\/portal\/#organization"},"potentialAction":[{"@type":"SearchAction","target":{"@type":"EntryPoint","urlTemplate":"https:\/\/noticiaempauta.com\/portal\/?s={search_term_string}"},"query-input":{"@type":"PropertyValueSpecification","valueRequired":true,"valueName":"search_term_string"}}],"inLanguage":"pt-BR"},{"@type":"Organization","@id":"https:\/\/noticiaempauta.com\/portal\/#organization","name":"Portal Not\u00edcia em Pauta","url":"https:\/\/noticiaempauta.com\/portal\/","logo":{"@type":"ImageObject","inLanguage":"pt-BR","@id":"https:\/\/noticiaempauta.com\/portal\/#\/schema\/logo\/image\/","url":"https:\/\/noticiaempauta.com\/portal\/wp-content\/uploads\/2022\/08\/logomarca_tema.fw_.png","contentUrl":"https:\/\/noticiaempauta.com\/portal\/wp-content\/uploads\/2022\/08\/logomarca_tema.fw_.png","width":400,"height":232,"caption":"Portal Not\u00edcia em Pauta"},"image":{"@id":"https:\/\/noticiaempauta.com\/portal\/#\/schema\/logo\/image\/"},"sameAs":["https:\/\/www.facebook.com\/Portal-Notcia-Em-Pauta-102292869264820\/","https:\/\/www.instagram.com\/portalnoticiaempauta\/"]},{"@type":"Person","@id":"https:\/\/noticiaempauta.com\/portal\/#\/schema\/person\/a74af43dd1ab3deca45f988c717d57ac","name":"Reda\u00e7\u00e3o","image":{"@type":"ImageObject","inLanguage":"pt-BR","@id":"https:\/\/noticiaempauta.com\/portal\/#\/schema\/person\/image\/","url":"https:\/\/secure.gravatar.com\/avatar\/03179346ecce6cdfc13361603e8f54242a90e5cde8618fa23c5c00aa2b0aadf3?s=96&d=mm&r=g","contentUrl":"https:\/\/secure.gravatar.com\/avatar\/03179346ecce6cdfc13361603e8f54242a90e5cde8618fa23c5c00aa2b0aadf3?s=96&d=mm&r=g","caption":"Reda\u00e7\u00e3o"},"sameAs":["https:\/\/noticiaempauta.com\/portal\/"],"url":"https:\/\/noticiaempauta.com\/portal\/author\/fernando\/"}]}},"_links":{"self":[{"href":"https:\/\/noticiaempauta.com\/portal\/wp-json\/wp\/v2\/posts\/262317","targetHints":{"allow":["GET"]}}],"collection":[{"href":"https:\/\/noticiaempauta.com\/portal\/wp-json\/wp\/v2\/posts"}],"about":[{"href":"https:\/\/noticiaempauta.com\/portal\/wp-json\/wp\/v2\/types\/post"}],"author":[{"embeddable":true,"href":"https:\/\/noticiaempauta.com\/portal\/wp-json\/wp\/v2\/users\/2"}],"replies":[{"embeddable":true,"href":"https:\/\/noticiaempauta.com\/portal\/wp-json\/wp\/v2\/comments?post=262317"}],"version-history":[{"count":1,"href":"https:\/\/noticiaempauta.com\/portal\/wp-json\/wp\/v2\/posts\/262317\/revisions"}],"predecessor-version":[{"id":262319,"href":"https:\/\/noticiaempauta.com\/portal\/wp-json\/wp\/v2\/posts\/262317\/revisions\/262319"}],"wp:featuredmedia":[{"embeddable":true,"href":"https:\/\/noticiaempauta.com\/portal\/wp-json\/wp\/v2\/media\/262318"}],"wp:attachment":[{"href":"https:\/\/noticiaempauta.com\/portal\/wp-json\/wp\/v2\/media?parent=262317"}],"wp:term":[{"taxonomy":"category","embeddable":true,"href":"https:\/\/noticiaempauta.com\/portal\/wp-json\/wp\/v2\/categories?post=262317"},{"taxonomy":"post_tag","embeddable":true,"href":"https:\/\/noticiaempauta.com\/portal\/wp-json\/wp\/v2\/tags?post=262317"}],"curies":[{"name":"wp","href":"https:\/\/api.w.org\/{rel}","templated":true}]}}