{"id":262321,"date":"2024-09-24T16:08:36","date_gmt":"2024-09-24T19:08:36","guid":{"rendered":"https:\/\/noticiaempauta.com\/portal\/?p=262321"},"modified":"2024-09-24T16:08:51","modified_gmt":"2024-09-24T19:08:51","slug":"governador-visita-adutora-que-levara-agua-tratada-a-mais-de-12-mil-pessoas-em-dom-inocencio","status":"publish","type":"post","link":"https:\/\/noticiaempauta.com\/portal\/governador-visita-adutora-que-levara-agua-tratada-a-mais-de-12-mil-pessoas-em-dom-inocencio\/","title":{"rendered":"Governador visita adutora que levar\u00e1 \u00e1gua tratada a mais de 12 mil pessoas em Dom Inoc\u00eancio"},"content":{"rendered":"\n<p>O governador Rafael Fonteles visitou, nesta ter\u00e7a-feira (24), a adutora Padre Lira, em Dom Inoc\u00eancio. A obra, executada pelo Instituto de Desenvolvimento do Piau\u00ed (Idepi), levar\u00e1 \u00e1gua tratada a mais de 12 mil pessoas da regi\u00e3o do semi\u00e1rido piauiense. No total, est\u00e3o sendo investidos cerca de R$ 34 milh\u00f5es na obra, que ir\u00e1 promover melhorias no abastecimento de \u00e1gua na regi\u00e3o.<\/p>\n\n\n\n<figure class=\"wp-block-image size-full\"><img fetchpriority=\"high\" decoding=\"async\" width=\"1000\" height=\"611\" src=\"https:\/\/noticiaempauta.com\/portal\/wp-content\/uploads\/2024\/09\/large_Whats_App_Image_2024_09_24_at_10_51_25_7c8ba3deb1.jpeg\" alt=\"\" class=\"wp-image-262325\" srcset=\"https:\/\/noticiaempauta.com\/portal\/wp-content\/uploads\/2024\/09\/large_Whats_App_Image_2024_09_24_at_10_51_25_7c8ba3deb1.jpeg 1000w, https:\/\/noticiaempauta.com\/portal\/wp-content\/uploads\/2024\/09\/large_Whats_App_Image_2024_09_24_at_10_51_25_7c8ba3deb1-300x183.jpeg 300w, https:\/\/noticiaempauta.com\/portal\/wp-content\/uploads\/2024\/09\/large_Whats_App_Image_2024_09_24_at_10_51_25_7c8ba3deb1-768x469.jpeg 768w\" sizes=\"(max-width: 1000px) 100vw, 1000px\" \/><\/figure>\n\n\n\n<p>Segundo o governador, trata-se de uma obra hist\u00f3rica para Dom Inoc\u00eancio e para mais 18 comunidades que tamb\u00e9m ser\u00e3o beneficiadas. \u201cA obra f\u00edsica est\u00e1 conclu\u00edda, mas existem mais algumas etapas para a adutora se tornar 100% operacional. Tem todo o processo de limpeza, liga\u00e7\u00e3o el\u00e9trica, calibra\u00e7\u00e3o de sistema, testagem final, etc. Ent\u00e3o, ao finalizar essas etapas, a \u00e1gua come\u00e7a a ser tratada e levada aos reservat\u00f3rios. Em breve, estaremos entregando essa obra hist\u00f3rica para a regi\u00e3o\u201d, afirmou Rafael Fonteles.<\/p>\n\n\n\n<figure class=\"wp-block-image size-full\"><img decoding=\"async\" width=\"1000\" height=\"667\" src=\"https:\/\/noticiaempauta.com\/portal\/wp-content\/uploads\/2024\/09\/large_Whats_App_Image_2024_09_24_at_11_11_35_2a07a2a46e.jpeg\" alt=\"\" class=\"wp-image-262324\" srcset=\"https:\/\/noticiaempauta.com\/portal\/wp-content\/uploads\/2024\/09\/large_Whats_App_Image_2024_09_24_at_11_11_35_2a07a2a46e.jpeg 1000w, https:\/\/noticiaempauta.com\/portal\/wp-content\/uploads\/2024\/09\/large_Whats_App_Image_2024_09_24_at_11_11_35_2a07a2a46e-300x200.jpeg 300w, https:\/\/noticiaempauta.com\/portal\/wp-content\/uploads\/2024\/09\/large_Whats_App_Image_2024_09_24_at_11_11_35_2a07a2a46e-768x512.jpeg 768w\" sizes=\"(max-width: 1000px) 100vw, 1000px\" \/><\/figure>\n\n\n\n<p>A adutora, com 50 km de extens\u00e3o, captar\u00e1 \u00e1gua da Barragem Jenipapo, em S\u00e3o Jo\u00e3o do Piau\u00ed, onde o Rio Piau\u00ed \u00e9 represado, e levar\u00e1 at\u00e9 Dom Inoc\u00eancio. A obra tem Esta\u00e7\u00e3o de Tratamento de \u00c1gua (ETA) com capacidade de 72 m\u00b3\/h. Al\u00e9m disso, o sistema possui um reservat\u00f3rio de concreto armado com capacidade de armazenar at\u00e9 400 m\u00b3 de \u00e1gua tratada, garantindo um abastecimento cont\u00ednuo e de qualidade para a popula\u00e7\u00e3o local.<\/p>\n\n\n\n<figure class=\"wp-block-image size-full\"><img fetchpriority=\"high\" decoding=\"async\" width=\"1000\" height=\"611\" src=\"https:\/\/noticiaempauta.com\/portal\/wp-content\/uploads\/2024\/09\/large_Whats_App_Image_2024_09_24_at_10_51_25_7c8ba3deb1.jpeg\" alt=\"\" class=\"wp-image-262325\" srcset=\"https:\/\/noticiaempauta.com\/portal\/wp-content\/uploads\/2024\/09\/large_Whats_App_Image_2024_09_24_at_10_51_25_7c8ba3deb1.jpeg 1000w, https:\/\/noticiaempauta.com\/portal\/wp-content\/uploads\/2024\/09\/large_Whats_App_Image_2024_09_24_at_10_51_25_7c8ba3deb1-300x183.jpeg 300w, https:\/\/noticiaempauta.com\/portal\/wp-content\/uploads\/2024\/09\/large_Whats_App_Image_2024_09_24_at_10_51_25_7c8ba3deb1-768x469.jpeg 768w\" sizes=\"(max-width: 1000px) 100vw, 1000px\" \/><\/figure>\n\n\n\n<p>O sistema ainda tem duas esta\u00e7\u00f5es de bombeamento, esta\u00e7\u00f5es elevat\u00f3rias e bebedouros para animais, proporcionando um impacto positivo tamb\u00e9m na cria\u00e7\u00e3o de gado e consolidando-se como uma das principais a\u00e7\u00f5es de infraestrutura h\u00eddrica no estado do Piau\u00ed.<\/p>\n\n\n\n<figure class=\"wp-block-image size-full\"><img decoding=\"async\" width=\"1000\" height=\"667\" src=\"https:\/\/noticiaempauta.com\/portal\/wp-content\/uploads\/2024\/09\/large_Whats_App_Image_2024_09_24_at_10_51_31_9217087dc0.jpeg\" alt=\"\" class=\"wp-image-262322\" srcset=\"https:\/\/noticiaempauta.com\/portal\/wp-content\/uploads\/2024\/09\/large_Whats_App_Image_2024_09_24_at_10_51_31_9217087dc0.jpeg 1000w, https:\/\/noticiaempauta.com\/portal\/wp-content\/uploads\/2024\/09\/large_Whats_App_Image_2024_09_24_at_10_51_31_9217087dc0-300x200.jpeg 300w, https:\/\/noticiaempauta.com\/portal\/wp-content\/uploads\/2024\/09\/large_Whats_App_Image_2024_09_24_at_10_51_31_9217087dc0-768x512.jpeg 768w\" sizes=\"(max-width: 1000px) 100vw, 1000px\" \/><\/figure>\n\n\n\n<p>Felipe Eul\u00e1lio, diretor-geral do Idepi, pontuou que a obra \u00e9 um sonho antigo dos moradores de Dom Inoc\u00eancio. \u201cEstamos aqui fazendo a inspe\u00e7\u00e3o e os testes finais para entregar essa obra em 30 dias, resolvendo definitivamente o problema da \u00e1gua aqui no munic\u00edpio\u201d, frisou o gestor.<\/p>\n\n\n\n<figure class=\"wp-block-image size-large\"><img loading=\"lazy\" decoding=\"async\" width=\"1024\" height=\"683\" src=\"https:\/\/noticiaempauta.com\/portal\/wp-content\/uploads\/2024\/09\/WhatsApp-Image-2024-09-24-at-10.51.32-1024x683.jpeg\" alt=\"\" class=\"wp-image-262323\" srcset=\"https:\/\/noticiaempauta.com\/portal\/wp-content\/uploads\/2024\/09\/WhatsApp-Image-2024-09-24-at-10.51.32-1024x683.jpeg 1024w, https:\/\/noticiaempauta.com\/portal\/wp-content\/uploads\/2024\/09\/WhatsApp-Image-2024-09-24-at-10.51.32-300x200.jpeg 300w, https:\/\/noticiaempauta.com\/portal\/wp-content\/uploads\/2024\/09\/WhatsApp-Image-2024-09-24-at-10.51.32-768x512.jpeg 768w, https:\/\/noticiaempauta.com\/portal\/wp-content\/uploads\/2024\/09\/WhatsApp-Image-2024-09-24-at-10.51.32-1536x1024.jpeg 1536w, https:\/\/noticiaempauta.com\/portal\/wp-content\/uploads\/2024\/09\/WhatsApp-Image-2024-09-24-at-10.51.32-2048x1366.jpeg 2048w\" sizes=\"(max-width: 1024px) 100vw, 1024px\" \/><\/figure>\n\n\n\n<p>Evilene Nascimento, moradora de Dom Inoc\u00eancio, destacou a import\u00e2ncia da adutora para o munic\u00edpio. \u201cA \u00e1gua \u00e9 um bem, uma riqueza, que melhora 100% a vida de todos. Ent\u00e3o, \u00e9 uma obra de grande relev\u00e2ncia para n\u00f3s. Al\u00e9m disso, a adutora carrega o nome de um \u00edcone da nossa cidade, o grande Padre Lira, prestando uma justa homenagem\u201d, comemora.<\/p>\n\n\n\n<p><strong><em>CCOM-PI<\/em><\/strong><\/p>\n\n\n\n<p><\/p>\n","protected":false},"excerpt":{"rendered":"<p>No total, est\u00e3o sendo investidos cerca de R$ 34 milh\u00f5es na estrutura que ir\u00e1 promover melhorias no abastecimento de \u00e1gua na regi\u00e3o.<\/p>\n","protected":false},"author":2,"featured_media":262324,"comment_status":"open","ping_status":"open","sticky":false,"template":"","format":"standard","meta":{"_mi_skip_tracking":false,"footnotes":""},"categories":[25,1,9,16],"tags":[],"class_list":["post-262321","post","type-post","status-publish","format-standard","has-post-thumbnail","hentry","category-destaques-site","category-geral","category-municipios","category-todas"],"acf":[],"yoast_head":"<!-- This site is optimized with the Yoast SEO Premium plugin v19.2 (Yoast SEO v26.9) - https:\/\/yoast.com\/product\/yoast-seo-premium-wordpress\/ -->\n<title>Governador visita adutora que levar\u00e1 \u00e1gua tratada a mais de 12 mil pessoas em Dom Inoc\u00eancio - Portal Not\u00edcia em Pauta<\/title>\n<meta name=\"robots\" content=\"index, follow, max-snippet:-1, max-image-preview:large, max-video-preview:-1\" \/>\n<link rel=\"canonical\" href=\"https:\/\/noticiaempauta.com\/portal\/governador-visita-adutora-que-levara-agua-tratada-a-mais-de-12-mil-pessoas-em-dom-inocencio\/\" \/>\n<meta property=\"og:locale\" content=\"pt_BR\" \/>\n<meta property=\"og:type\" content=\"article\" \/>\n<meta property=\"og:title\" content=\"Governador visita adutora que levar\u00e1 \u00e1gua tratada a mais de 12 mil pessoas em Dom Inoc\u00eancio\" \/>\n<meta property=\"og:description\" content=\"No total, est\u00e3o sendo investidos cerca de R$ 34 milh\u00f5es na estrutura que ir\u00e1 promover melhorias no abastecimento de \u00e1gua na regi\u00e3o.\" \/>\n<meta property=\"og:url\" content=\"https:\/\/noticiaempauta.com\/portal\/governador-visita-adutora-que-levara-agua-tratada-a-mais-de-12-mil-pessoas-em-dom-inocencio\/\" \/>\n<meta property=\"og:site_name\" content=\"Portal Not\u00edcia em Pauta\" \/>\n<meta property=\"article:publisher\" content=\"https:\/\/www.facebook.com\/Portal-Notcia-Em-Pauta-102292869264820\/\" \/>\n<meta property=\"article:published_time\" content=\"2024-09-24T19:08:36+00:00\" \/>\n<meta property=\"article:modified_time\" content=\"2024-09-24T19:08:51+00:00\" \/>\n<meta property=\"og:image\" content=\"https:\/\/noticiaempauta.com\/portal\/wp-content\/uploads\/2024\/09\/large_Whats_App_Image_2024_09_24_at_11_11_35_2a07a2a46e.jpeg\" \/>\n\t<meta property=\"og:image:width\" content=\"1000\" \/>\n\t<meta property=\"og:image:height\" content=\"667\" \/>\n\t<meta property=\"og:image:type\" content=\"image\/jpeg\" \/>\n<meta name=\"author\" content=\"Reda\u00e7\u00e3o\" \/>\n<meta name=\"twitter:card\" content=\"summary_large_image\" \/>\n<meta name=\"twitter:label1\" content=\"Escrito por\" \/>\n\t<meta name=\"twitter:data1\" content=\"Reda\u00e7\u00e3o\" \/>\n\t<meta name=\"twitter:label2\" content=\"Est. tempo de leitura\" \/>\n\t<meta name=\"twitter:data2\" content=\"4 minutos\" \/>\n<script type=\"application\/ld+json\" class=\"yoast-schema-graph\">{\"@context\":\"https:\/\/schema.org\",\"@graph\":[{\"@type\":\"Article\",\"@id\":\"https:\/\/noticiaempauta.com\/portal\/governador-visita-adutora-que-levara-agua-tratada-a-mais-de-12-mil-pessoas-em-dom-inocencio\/#article\",\"isPartOf\":{\"@id\":\"https:\/\/noticiaempauta.com\/portal\/governador-visita-adutora-que-levara-agua-tratada-a-mais-de-12-mil-pessoas-em-dom-inocencio\/\"},\"author\":{\"name\":\"Reda\u00e7\u00e3o\",\"@id\":\"https:\/\/noticiaempauta.com\/portal\/#\/schema\/person\/a74af43dd1ab3deca45f988c717d57ac\"},\"headline\":\"Governador visita adutora que levar\u00e1 \u00e1gua tratada a mais de 12 mil pessoas em Dom Inoc\u00eancio\",\"datePublished\":\"2024-09-24T19:08:36+00:00\",\"dateModified\":\"2024-09-24T19:08:51+00:00\",\"mainEntityOfPage\":{\"@id\":\"https:\/\/noticiaempauta.com\/portal\/governador-visita-adutora-que-levara-agua-tratada-a-mais-de-12-mil-pessoas-em-dom-inocencio\/\"},\"wordCount\":407,\"commentCount\":0,\"publisher\":{\"@id\":\"https:\/\/noticiaempauta.com\/portal\/#organization\"},\"image\":{\"@id\":\"https:\/\/noticiaempauta.com\/portal\/governador-visita-adutora-que-levara-agua-tratada-a-mais-de-12-mil-pessoas-em-dom-inocencio\/#primaryimage\"},\"thumbnailUrl\":\"https:\/\/noticiaempauta.com\/portal\/wp-content\/uploads\/2024\/09\/large_Whats_App_Image_2024_09_24_at_11_11_35_2a07a2a46e.jpeg\",\"articleSection\":[\"Destaques\",\"Geral\",\"Munic\u00edpios\",\"Todas as Not\u00edcias\"],\"inLanguage\":\"pt-BR\",\"potentialAction\":[{\"@type\":\"CommentAction\",\"name\":\"Comment\",\"target\":[\"https:\/\/noticiaempauta.com\/portal\/governador-visita-adutora-que-levara-agua-tratada-a-mais-de-12-mil-pessoas-em-dom-inocencio\/#respond\"]}]},{\"@type\":\"WebPage\",\"@id\":\"https:\/\/noticiaempauta.com\/portal\/governador-visita-adutora-que-levara-agua-tratada-a-mais-de-12-mil-pessoas-em-dom-inocencio\/\",\"url\":\"https:\/\/noticiaempauta.com\/portal\/governador-visita-adutora-que-levara-agua-tratada-a-mais-de-12-mil-pessoas-em-dom-inocencio\/\",\"name\":\"Governador visita adutora que levar\u00e1 \u00e1gua tratada a mais de 12 mil pessoas em Dom Inoc\u00eancio - Portal Not\u00edcia em Pauta\",\"isPartOf\":{\"@id\":\"https:\/\/noticiaempauta.com\/portal\/#website\"},\"primaryImageOfPage\":{\"@id\":\"https:\/\/noticiaempauta.com\/portal\/governador-visita-adutora-que-levara-agua-tratada-a-mais-de-12-mil-pessoas-em-dom-inocencio\/#primaryimage\"},\"image\":{\"@id\":\"https:\/\/noticiaempauta.com\/portal\/governador-visita-adutora-que-levara-agua-tratada-a-mais-de-12-mil-pessoas-em-dom-inocencio\/#primaryimage\"},\"thumbnailUrl\":\"https:\/\/noticiaempauta.com\/portal\/wp-content\/uploads\/2024\/09\/large_Whats_App_Image_2024_09_24_at_11_11_35_2a07a2a46e.jpeg\",\"datePublished\":\"2024-09-24T19:08:36+00:00\",\"dateModified\":\"2024-09-24T19:08:51+00:00\",\"breadcrumb\":{\"@id\":\"https:\/\/noticiaempauta.com\/portal\/governador-visita-adutora-que-levara-agua-tratada-a-mais-de-12-mil-pessoas-em-dom-inocencio\/#breadcrumb\"},\"inLanguage\":\"pt-BR\",\"potentialAction\":[{\"@type\":\"ReadAction\",\"target\":[\"https:\/\/noticiaempauta.com\/portal\/governador-visita-adutora-que-levara-agua-tratada-a-mais-de-12-mil-pessoas-em-dom-inocencio\/\"]}]},{\"@type\":\"ImageObject\",\"inLanguage\":\"pt-BR\",\"@id\":\"https:\/\/noticiaempauta.com\/portal\/governador-visita-adutora-que-levara-agua-tratada-a-mais-de-12-mil-pessoas-em-dom-inocencio\/#primaryimage\",\"url\":\"https:\/\/noticiaempauta.com\/portal\/wp-content\/uploads\/2024\/09\/large_Whats_App_Image_2024_09_24_at_11_11_35_2a07a2a46e.jpeg\",\"contentUrl\":\"https:\/\/noticiaempauta.com\/portal\/wp-content\/uploads\/2024\/09\/large_Whats_App_Image_2024_09_24_at_11_11_35_2a07a2a46e.jpeg\",\"width\":1000,\"height\":667},{\"@type\":\"BreadcrumbList\",\"@id\":\"https:\/\/noticiaempauta.com\/portal\/governador-visita-adutora-que-levara-agua-tratada-a-mais-de-12-mil-pessoas-em-dom-inocencio\/#breadcrumb\",\"itemListElement\":[{\"@type\":\"ListItem\",\"position\":1,\"name\":\"P\u00e1gina Inicial\",\"item\":\"https:\/\/noticiaempauta.com\/portal\/\"},{\"@type\":\"ListItem\",\"position\":2,\"name\":\"Destaques\",\"item\":\"https:\/\/noticiaempauta.com\/portal\/destaques-site\/\"},{\"@type\":\"ListItem\",\"position\":3,\"name\":\"Governador visita adutora que levar\u00e1 \u00e1gua tratada a mais de 12 mil pessoas em Dom Inoc\u00eancio\"}]},{\"@type\":\"WebSite\",\"@id\":\"https:\/\/noticiaempauta.com\/portal\/#website\",\"url\":\"https:\/\/noticiaempauta.com\/portal\/\",\"name\":\"Portal Not\u00edcia em Pauta\",\"description\":\"Voc\u00ea bem informado\",\"publisher\":{\"@id\":\"https:\/\/noticiaempauta.com\/portal\/#organization\"},\"potentialAction\":[{\"@type\":\"SearchAction\",\"target\":{\"@type\":\"EntryPoint\",\"urlTemplate\":\"https:\/\/noticiaempauta.com\/portal\/?s={search_term_string}\"},\"query-input\":{\"@type\":\"PropertyValueSpecification\",\"valueRequired\":true,\"valueName\":\"search_term_string\"}}],\"inLanguage\":\"pt-BR\"},{\"@type\":\"Organization\",\"@id\":\"https:\/\/noticiaempauta.com\/portal\/#organization\",\"name\":\"Portal Not\u00edcia em Pauta\",\"url\":\"https:\/\/noticiaempauta.com\/portal\/\",\"logo\":{\"@type\":\"ImageObject\",\"inLanguage\":\"pt-BR\",\"@id\":\"https:\/\/noticiaempauta.com\/portal\/#\/schema\/logo\/image\/\",\"url\":\"https:\/\/noticiaempauta.com\/portal\/wp-content\/uploads\/2022\/08\/logomarca_tema.fw_.png\",\"contentUrl\":\"https:\/\/noticiaempauta.com\/portal\/wp-content\/uploads\/2022\/08\/logomarca_tema.fw_.png\",\"width\":400,\"height\":232,\"caption\":\"Portal Not\u00edcia em Pauta\"},\"image\":{\"@id\":\"https:\/\/noticiaempauta.com\/portal\/#\/schema\/logo\/image\/\"},\"sameAs\":[\"https:\/\/www.facebook.com\/Portal-Notcia-Em-Pauta-102292869264820\/\",\"https:\/\/www.instagram.com\/portalnoticiaempauta\/\"]},{\"@type\":\"Person\",\"@id\":\"https:\/\/noticiaempauta.com\/portal\/#\/schema\/person\/a74af43dd1ab3deca45f988c717d57ac\",\"name\":\"Reda\u00e7\u00e3o\",\"image\":{\"@type\":\"ImageObject\",\"inLanguage\":\"pt-BR\",\"@id\":\"https:\/\/noticiaempauta.com\/portal\/#\/schema\/person\/image\/\",\"url\":\"https:\/\/secure.gravatar.com\/avatar\/03179346ecce6cdfc13361603e8f54242a90e5cde8618fa23c5c00aa2b0aadf3?s=96&d=mm&r=g\",\"contentUrl\":\"https:\/\/secure.gravatar.com\/avatar\/03179346ecce6cdfc13361603e8f54242a90e5cde8618fa23c5c00aa2b0aadf3?s=96&d=mm&r=g\",\"caption\":\"Reda\u00e7\u00e3o\"},\"sameAs\":[\"https:\/\/noticiaempauta.com\/portal\/\"],\"url\":\"https:\/\/noticiaempauta.com\/portal\/author\/fernando\/\"}]}<\/script>\n<!-- \/ Yoast SEO Premium plugin. -->","yoast_head_json":{"title":"Governador visita adutora que levar\u00e1 \u00e1gua tratada a mais de 12 mil pessoas em Dom Inoc\u00eancio - Portal Not\u00edcia em Pauta","robots":{"index":"index","follow":"follow","max-snippet":"max-snippet:-1","max-image-preview":"max-image-preview:large","max-video-preview":"max-video-preview:-1"},"canonical":"https:\/\/noticiaempauta.com\/portal\/governador-visita-adutora-que-levara-agua-tratada-a-mais-de-12-mil-pessoas-em-dom-inocencio\/","og_locale":"pt_BR","og_type":"article","og_title":"Governador visita adutora que levar\u00e1 \u00e1gua tratada a mais de 12 mil pessoas em Dom Inoc\u00eancio","og_description":"No total, est\u00e3o sendo investidos cerca de R$ 34 milh\u00f5es na estrutura que ir\u00e1 promover melhorias no abastecimento de \u00e1gua na regi\u00e3o.","og_url":"https:\/\/noticiaempauta.com\/portal\/governador-visita-adutora-que-levara-agua-tratada-a-mais-de-12-mil-pessoas-em-dom-inocencio\/","og_site_name":"Portal Not\u00edcia em Pauta","article_publisher":"https:\/\/www.facebook.com\/Portal-Notcia-Em-Pauta-102292869264820\/","article_published_time":"2024-09-24T19:08:36+00:00","article_modified_time":"2024-09-24T19:08:51+00:00","og_image":[{"width":1000,"height":667,"url":"https:\/\/noticiaempauta.com\/portal\/wp-content\/uploads\/2024\/09\/large_Whats_App_Image_2024_09_24_at_11_11_35_2a07a2a46e.jpeg","type":"image\/jpeg"}],"author":"Reda\u00e7\u00e3o","twitter_card":"summary_large_image","twitter_misc":{"Escrito por":"Reda\u00e7\u00e3o","Est. tempo de leitura":"4 minutos"},"schema":{"@context":"https:\/\/schema.org","@graph":[{"@type":"Article","@id":"https:\/\/noticiaempauta.com\/portal\/governador-visita-adutora-que-levara-agua-tratada-a-mais-de-12-mil-pessoas-em-dom-inocencio\/#article","isPartOf":{"@id":"https:\/\/noticiaempauta.com\/portal\/governador-visita-adutora-que-levara-agua-tratada-a-mais-de-12-mil-pessoas-em-dom-inocencio\/"},"author":{"name":"Reda\u00e7\u00e3o","@id":"https:\/\/noticiaempauta.com\/portal\/#\/schema\/person\/a74af43dd1ab3deca45f988c717d57ac"},"headline":"Governador visita adutora que levar\u00e1 \u00e1gua tratada a mais de 12 mil pessoas em Dom Inoc\u00eancio","datePublished":"2024-09-24T19:08:36+00:00","dateModified":"2024-09-24T19:08:51+00:00","mainEntityOfPage":{"@id":"https:\/\/noticiaempauta.com\/portal\/governador-visita-adutora-que-levara-agua-tratada-a-mais-de-12-mil-pessoas-em-dom-inocencio\/"},"wordCount":407,"commentCount":0,"publisher":{"@id":"https:\/\/noticiaempauta.com\/portal\/#organization"},"image":{"@id":"https:\/\/noticiaempauta.com\/portal\/governador-visita-adutora-que-levara-agua-tratada-a-mais-de-12-mil-pessoas-em-dom-inocencio\/#primaryimage"},"thumbnailUrl":"https:\/\/noticiaempauta.com\/portal\/wp-content\/uploads\/2024\/09\/large_Whats_App_Image_2024_09_24_at_11_11_35_2a07a2a46e.jpeg","articleSection":["Destaques","Geral","Munic\u00edpios","Todas as Not\u00edcias"],"inLanguage":"pt-BR","potentialAction":[{"@type":"CommentAction","name":"Comment","target":["https:\/\/noticiaempauta.com\/portal\/governador-visita-adutora-que-levara-agua-tratada-a-mais-de-12-mil-pessoas-em-dom-inocencio\/#respond"]}]},{"@type":"WebPage","@id":"https:\/\/noticiaempauta.com\/portal\/governador-visita-adutora-que-levara-agua-tratada-a-mais-de-12-mil-pessoas-em-dom-inocencio\/","url":"https:\/\/noticiaempauta.com\/portal\/governador-visita-adutora-que-levara-agua-tratada-a-mais-de-12-mil-pessoas-em-dom-inocencio\/","name":"Governador visita adutora que levar\u00e1 \u00e1gua tratada a mais de 12 mil pessoas em Dom Inoc\u00eancio - Portal Not\u00edcia em Pauta","isPartOf":{"@id":"https:\/\/noticiaempauta.com\/portal\/#website"},"primaryImageOfPage":{"@id":"https:\/\/noticiaempauta.com\/portal\/governador-visita-adutora-que-levara-agua-tratada-a-mais-de-12-mil-pessoas-em-dom-inocencio\/#primaryimage"},"image":{"@id":"https:\/\/noticiaempauta.com\/portal\/governador-visita-adutora-que-levara-agua-tratada-a-mais-de-12-mil-pessoas-em-dom-inocencio\/#primaryimage"},"thumbnailUrl":"https:\/\/noticiaempauta.com\/portal\/wp-content\/uploads\/2024\/09\/large_Whats_App_Image_2024_09_24_at_11_11_35_2a07a2a46e.jpeg","datePublished":"2024-09-24T19:08:36+00:00","dateModified":"2024-09-24T19:08:51+00:00","breadcrumb":{"@id":"https:\/\/noticiaempauta.com\/portal\/governador-visita-adutora-que-levara-agua-tratada-a-mais-de-12-mil-pessoas-em-dom-inocencio\/#breadcrumb"},"inLanguage":"pt-BR","potentialAction":[{"@type":"ReadAction","target":["https:\/\/noticiaempauta.com\/portal\/governador-visita-adutora-que-levara-agua-tratada-a-mais-de-12-mil-pessoas-em-dom-inocencio\/"]}]},{"@type":"ImageObject","inLanguage":"pt-BR","@id":"https:\/\/noticiaempauta.com\/portal\/governador-visita-adutora-que-levara-agua-tratada-a-mais-de-12-mil-pessoas-em-dom-inocencio\/#primaryimage","url":"https:\/\/noticiaempauta.com\/portal\/wp-content\/uploads\/2024\/09\/large_Whats_App_Image_2024_09_24_at_11_11_35_2a07a2a46e.jpeg","contentUrl":"https:\/\/noticiaempauta.com\/portal\/wp-content\/uploads\/2024\/09\/large_Whats_App_Image_2024_09_24_at_11_11_35_2a07a2a46e.jpeg","width":1000,"height":667},{"@type":"BreadcrumbList","@id":"https:\/\/noticiaempauta.com\/portal\/governador-visita-adutora-que-levara-agua-tratada-a-mais-de-12-mil-pessoas-em-dom-inocencio\/#breadcrumb","itemListElement":[{"@type":"ListItem","position":1,"name":"P\u00e1gina Inicial","item":"https:\/\/noticiaempauta.com\/portal\/"},{"@type":"ListItem","position":2,"name":"Destaques","item":"https:\/\/noticiaempauta.com\/portal\/destaques-site\/"},{"@type":"ListItem","position":3,"name":"Governador visita adutora que levar\u00e1 \u00e1gua tratada a mais de 12 mil pessoas em Dom Inoc\u00eancio"}]},{"@type":"WebSite","@id":"https:\/\/noticiaempauta.com\/portal\/#website","url":"https:\/\/noticiaempauta.com\/portal\/","name":"Portal Not\u00edcia em Pauta","description":"Voc\u00ea bem informado","publisher":{"@id":"https:\/\/noticiaempauta.com\/portal\/#organization"},"potentialAction":[{"@type":"SearchAction","target":{"@type":"EntryPoint","urlTemplate":"https:\/\/noticiaempauta.com\/portal\/?s={search_term_string}"},"query-input":{"@type":"PropertyValueSpecification","valueRequired":true,"valueName":"search_term_string"}}],"inLanguage":"pt-BR"},{"@type":"Organization","@id":"https:\/\/noticiaempauta.com\/portal\/#organization","name":"Portal Not\u00edcia em Pauta","url":"https:\/\/noticiaempauta.com\/portal\/","logo":{"@type":"ImageObject","inLanguage":"pt-BR","@id":"https:\/\/noticiaempauta.com\/portal\/#\/schema\/logo\/image\/","url":"https:\/\/noticiaempauta.com\/portal\/wp-content\/uploads\/2022\/08\/logomarca_tema.fw_.png","contentUrl":"https:\/\/noticiaempauta.com\/portal\/wp-content\/uploads\/2022\/08\/logomarca_tema.fw_.png","width":400,"height":232,"caption":"Portal Not\u00edcia em Pauta"},"image":{"@id":"https:\/\/noticiaempauta.com\/portal\/#\/schema\/logo\/image\/"},"sameAs":["https:\/\/www.facebook.com\/Portal-Notcia-Em-Pauta-102292869264820\/","https:\/\/www.instagram.com\/portalnoticiaempauta\/"]},{"@type":"Person","@id":"https:\/\/noticiaempauta.com\/portal\/#\/schema\/person\/a74af43dd1ab3deca45f988c717d57ac","name":"Reda\u00e7\u00e3o","image":{"@type":"ImageObject","inLanguage":"pt-BR","@id":"https:\/\/noticiaempauta.com\/portal\/#\/schema\/person\/image\/","url":"https:\/\/secure.gravatar.com\/avatar\/03179346ecce6cdfc13361603e8f54242a90e5cde8618fa23c5c00aa2b0aadf3?s=96&d=mm&r=g","contentUrl":"https:\/\/secure.gravatar.com\/avatar\/03179346ecce6cdfc13361603e8f54242a90e5cde8618fa23c5c00aa2b0aadf3?s=96&d=mm&r=g","caption":"Reda\u00e7\u00e3o"},"sameAs":["https:\/\/noticiaempauta.com\/portal\/"],"url":"https:\/\/noticiaempauta.com\/portal\/author\/fernando\/"}]}},"_links":{"self":[{"href":"https:\/\/noticiaempauta.com\/portal\/wp-json\/wp\/v2\/posts\/262321","targetHints":{"allow":["GET"]}}],"collection":[{"href":"https:\/\/noticiaempauta.com\/portal\/wp-json\/wp\/v2\/posts"}],"about":[{"href":"https:\/\/noticiaempauta.com\/portal\/wp-json\/wp\/v2\/types\/post"}],"author":[{"embeddable":true,"href":"https:\/\/noticiaempauta.com\/portal\/wp-json\/wp\/v2\/users\/2"}],"replies":[{"embeddable":true,"href":"https:\/\/noticiaempauta.com\/portal\/wp-json\/wp\/v2\/comments?post=262321"}],"version-history":[{"count":2,"href":"https:\/\/noticiaempauta.com\/portal\/wp-json\/wp\/v2\/posts\/262321\/revisions"}],"predecessor-version":[{"id":262328,"href":"https:\/\/noticiaempauta.com\/portal\/wp-json\/wp\/v2\/posts\/262321\/revisions\/262328"}],"wp:featuredmedia":[{"embeddable":true,"href":"https:\/\/noticiaempauta.com\/portal\/wp-json\/wp\/v2\/media\/262324"}],"wp:attachment":[{"href":"https:\/\/noticiaempauta.com\/portal\/wp-json\/wp\/v2\/media?parent=262321"}],"wp:term":[{"taxonomy":"category","embeddable":true,"href":"https:\/\/noticiaempauta.com\/portal\/wp-json\/wp\/v2\/categories?post=262321"},{"taxonomy":"post_tag","embeddable":true,"href":"https:\/\/noticiaempauta.com\/portal\/wp-json\/wp\/v2\/tags?post=262321"}],"curies":[{"name":"wp","href":"https:\/\/api.w.org\/{rel}","templated":true}]}}