{"id":262333,"date":"2024-09-25T09:49:15","date_gmt":"2024-09-25T12:49:15","guid":{"rendered":"https:\/\/noticiaempauta.com\/portal\/?p=262333"},"modified":"2024-09-25T09:49:17","modified_gmt":"2024-09-25T12:49:17","slug":"unidade-movel-de-saude-da-mulher-realiza-atendimentos-em-paqueta-do-piaui","status":"publish","type":"post","link":"https:\/\/noticiaempauta.com\/portal\/unidade-movel-de-saude-da-mulher-realiza-atendimentos-em-paqueta-do-piaui\/","title":{"rendered":"Unidade M\u00f3vel de Sa\u00fade da Mulher realiza atendimentos em Paquet\u00e1 do Piau\u00ed"},"content":{"rendered":"\n<p>A Unidade M\u00f3vel de Sa\u00fade da Mulher iniciou nesta semana atendimentos no munic\u00edpio de Paquet\u00e1 do Piau\u00ed, cerca de 180 mulheres (zona urbana e rural), com idade entre 40 e 69 anos, est\u00e3o realizando exames gratuitos de mamografia. Esta importante a\u00e7\u00e3o preventiva ao c\u00e2ncer de mama est\u00e1 sendo promovida pela Prefeitura Municipal de Paquet\u00e1, por meio da Secretaria Municipal de Sa\u00fade e Sesapi.<\/p>\n\n\n\n<figure class=\"wp-block-image size-large\"><img fetchpriority=\"high\" decoding=\"async\" width=\"1024\" height=\"576\" src=\"https:\/\/noticiaempauta.com\/portal\/wp-content\/uploads\/2024\/09\/WhatsApp-Image-2024-09-25-at-09.10.04-1024x576.jpeg\" alt=\"\" class=\"wp-image-262335\" srcset=\"https:\/\/noticiaempauta.com\/portal\/wp-content\/uploads\/2024\/09\/WhatsApp-Image-2024-09-25-at-09.10.04-1024x576.jpeg 1024w, https:\/\/noticiaempauta.com\/portal\/wp-content\/uploads\/2024\/09\/WhatsApp-Image-2024-09-25-at-09.10.04-300x169.jpeg 300w, https:\/\/noticiaempauta.com\/portal\/wp-content\/uploads\/2024\/09\/WhatsApp-Image-2024-09-25-at-09.10.04-768x432.jpeg 768w, https:\/\/noticiaempauta.com\/portal\/wp-content\/uploads\/2024\/09\/WhatsApp-Image-2024-09-25-at-09.10.04.jpeg 1280w\" sizes=\"(max-width: 1024px) 100vw, 1024px\" \/><\/figure>\n\n\n\n<p>Os atendimentos, que incluem a tamb\u00e9m realiza\u00e7\u00e3o de mamografias, come\u00e7aram na segunda-feira, 23 de setembro, e seguir\u00e3o at\u00e9 quarta-feira, 25, em frente \u00e0 igreja de Nossa Senhora do Perp\u00e9tuo Socorro, centro da cidade. Os hor\u00e1rios de atendimento s\u00e3o das 08h \u00e0s 12h e das 14h \u00e0s 17h.<\/p>\n\n\n\n<figure class=\"wp-block-image size-large\"><img decoding=\"async\" width=\"1024\" height=\"576\" src=\"https:\/\/noticiaempauta.com\/portal\/wp-content\/uploads\/2024\/09\/WhatsApp-Image-2024-09-25-at-09.10.04-1-1024x576.jpeg\" alt=\"\" class=\"wp-image-262336\" srcset=\"https:\/\/noticiaempauta.com\/portal\/wp-content\/uploads\/2024\/09\/WhatsApp-Image-2024-09-25-at-09.10.04-1-1024x576.jpeg 1024w, https:\/\/noticiaempauta.com\/portal\/wp-content\/uploads\/2024\/09\/WhatsApp-Image-2024-09-25-at-09.10.04-1-300x169.jpeg 300w, https:\/\/noticiaempauta.com\/portal\/wp-content\/uploads\/2024\/09\/WhatsApp-Image-2024-09-25-at-09.10.04-1-768x432.jpeg 768w, https:\/\/noticiaempauta.com\/portal\/wp-content\/uploads\/2024\/09\/WhatsApp-Image-2024-09-25-at-09.10.04-1.jpeg 1280w\" sizes=\"(max-width: 1024px) 100vw, 1024px\" \/><\/figure>\n\n\n\n<p>O Secret\u00e1rio da Sa\u00fade, Marcos Val\u00e9rio esteve presente nos dias de atendimento ao p\u00fablico e ressalta que os exames proporcionados nesses dias v\u00eam complementar o atendimento com a coleta de material para o exame de preven\u00e7\u00e3o do c\u00e2ncer de colo de \u00fatero e requisi\u00e7\u00f5es para realiza\u00e7\u00e3o de mamografias nas cl\u00ednicas da cidade em conv\u00eanio com o Sistema \u00danico de Sa\u00fade. \u201cEsta iniciativa visa ampliar o acesso aos servi\u00e7os de sa\u00fade e prevenir doen\u00e7as atrav\u00e9s de a\u00e7\u00f5es como esta. O mutir\u00e3o de mamografias \u00e9 uma medida fundamental para a detec\u00e7\u00e3o precoce do c\u00e2ncer de mama, aumentando as chances de tratamento e cura\u201d, destacou.<\/p>\n\n\n\n<figure class=\"wp-block-image size-large\"><img decoding=\"async\" width=\"1024\" height=\"576\" src=\"https:\/\/noticiaempauta.com\/portal\/wp-content\/uploads\/2024\/09\/WhatsApp-Image-2024-09-25-at-09.10.05-1024x576.jpeg\" alt=\"\" class=\"wp-image-262337\" srcset=\"https:\/\/noticiaempauta.com\/portal\/wp-content\/uploads\/2024\/09\/WhatsApp-Image-2024-09-25-at-09.10.05-1024x576.jpeg 1024w, https:\/\/noticiaempauta.com\/portal\/wp-content\/uploads\/2024\/09\/WhatsApp-Image-2024-09-25-at-09.10.05-300x169.jpeg 300w, https:\/\/noticiaempauta.com\/portal\/wp-content\/uploads\/2024\/09\/WhatsApp-Image-2024-09-25-at-09.10.05-768x432.jpeg 768w, https:\/\/noticiaempauta.com\/portal\/wp-content\/uploads\/2024\/09\/WhatsApp-Image-2024-09-25-at-09.10.05.jpeg 1280w\" sizes=\"(max-width: 1024px) 100vw, 1024px\" \/><\/figure>\n\n\n\n<p>Uma equipe da aten\u00e7\u00e3o b\u00e1sica em sa\u00fade do munic\u00edpio est\u00e1 dispon\u00edvel para dar suporte aos profissionais que integram a execu\u00e7\u00e3o do programa por onde passam e as mulheres que est\u00e3o sendo atendidas. \u201cFoi elaborado um cronograma, equipes foram montadas para trabalhar durante os tr\u00eas dias e os agentes comunit\u00e1rio de sa\u00fade realizaram um levantamento de cada \u00e1rea com a demanda existente, tudo foi pensado e organizado com muita anteced\u00eancia\u201d, disse Marcos Val\u00e9rio.<\/p>\n\n\n\n<figure class=\"wp-block-image size-large\"><img loading=\"lazy\" decoding=\"async\" width=\"1024\" height=\"576\" src=\"https:\/\/noticiaempauta.com\/portal\/wp-content\/uploads\/2024\/09\/WhatsApp-Image-2024-09-25-at-09.10.02-1024x576.jpeg\" alt=\"\" class=\"wp-image-262338\" srcset=\"https:\/\/noticiaempauta.com\/portal\/wp-content\/uploads\/2024\/09\/WhatsApp-Image-2024-09-25-at-09.10.02-1024x576.jpeg 1024w, https:\/\/noticiaempauta.com\/portal\/wp-content\/uploads\/2024\/09\/WhatsApp-Image-2024-09-25-at-09.10.02-300x169.jpeg 300w, https:\/\/noticiaempauta.com\/portal\/wp-content\/uploads\/2024\/09\/WhatsApp-Image-2024-09-25-at-09.10.02-768x432.jpeg 768w, https:\/\/noticiaempauta.com\/portal\/wp-content\/uploads\/2024\/09\/WhatsApp-Image-2024-09-25-at-09.10.02.jpeg 1280w\" sizes=\"(max-width: 1024px) 100vw, 1024px\" \/><\/figure>\n\n\n\n<figure class=\"wp-block-image size-large\"><img loading=\"lazy\" decoding=\"async\" width=\"1024\" height=\"576\" src=\"https:\/\/noticiaempauta.com\/portal\/wp-content\/uploads\/2024\/09\/WhatsApp-Image-2024-09-25-at-09.10.03-1024x576.jpeg\" alt=\"\" class=\"wp-image-262334\" srcset=\"https:\/\/noticiaempauta.com\/portal\/wp-content\/uploads\/2024\/09\/WhatsApp-Image-2024-09-25-at-09.10.03-1024x576.jpeg 1024w, https:\/\/noticiaempauta.com\/portal\/wp-content\/uploads\/2024\/09\/WhatsApp-Image-2024-09-25-at-09.10.03-300x169.jpeg 300w, https:\/\/noticiaempauta.com\/portal\/wp-content\/uploads\/2024\/09\/WhatsApp-Image-2024-09-25-at-09.10.03-768x432.jpeg 768w, https:\/\/noticiaempauta.com\/portal\/wp-content\/uploads\/2024\/09\/WhatsApp-Image-2024-09-25-at-09.10.03.jpeg 1280w\" sizes=\"(max-width: 1024px) 100vw, 1024px\" \/><\/figure>\n","protected":false},"excerpt":{"rendered":"<p>A Unidade M\u00f3vel de Sa\u00fade da Mulher iniciou nesta semana atendimentos no munic\u00edpio de Paquet\u00e1 do Piau\u00ed, cerca de 180 mulheres (zona urbana e rural), com idade entre 40 e 69 anos, est\u00e3o realizando exames gratuitos de mamografia. Esta importante a\u00e7\u00e3o preventiva ao c\u00e2ncer de mama est\u00e1 sendo promovida pela Prefeitura Municipal de Paquet\u00e1, por [&hellip;]<\/p>\n","protected":false},"author":2,"featured_media":262334,"comment_status":"open","ping_status":"open","sticky":false,"template":"","format":"standard","meta":{"_mi_skip_tracking":false,"footnotes":""},"categories":[25,1,9,16],"tags":[],"class_list":["post-262333","post","type-post","status-publish","format-standard","has-post-thumbnail","hentry","category-destaques-site","category-geral","category-municipios","category-todas"],"acf":[],"yoast_head":"<!-- This site is optimized with the Yoast SEO Premium plugin v19.2 (Yoast SEO v26.9) - https:\/\/yoast.com\/product\/yoast-seo-premium-wordpress\/ -->\n<title>Unidade M\u00f3vel de Sa\u00fade da Mulher realiza atendimentos em Paquet\u00e1 do Piau\u00ed - Portal Not\u00edcia em Pauta<\/title>\n<meta name=\"robots\" content=\"index, follow, max-snippet:-1, max-image-preview:large, max-video-preview:-1\" \/>\n<link rel=\"canonical\" href=\"https:\/\/noticiaempauta.com\/portal\/unidade-movel-de-saude-da-mulher-realiza-atendimentos-em-paqueta-do-piaui\/\" \/>\n<meta property=\"og:locale\" content=\"pt_BR\" \/>\n<meta property=\"og:type\" content=\"article\" \/>\n<meta property=\"og:title\" content=\"Unidade M\u00f3vel de Sa\u00fade da Mulher realiza atendimentos em Paquet\u00e1 do Piau\u00ed\" \/>\n<meta property=\"og:description\" content=\"A Unidade M\u00f3vel de Sa\u00fade da Mulher iniciou nesta semana atendimentos no munic\u00edpio de Paquet\u00e1 do Piau\u00ed, cerca de 180 mulheres (zona urbana e rural), com idade entre 40 e 69 anos, est\u00e3o realizando exames gratuitos de mamografia. Esta importante a\u00e7\u00e3o preventiva ao c\u00e2ncer de mama est\u00e1 sendo promovida pela Prefeitura Municipal de Paquet\u00e1, por [&hellip;]\" \/>\n<meta property=\"og:url\" content=\"https:\/\/noticiaempauta.com\/portal\/unidade-movel-de-saude-da-mulher-realiza-atendimentos-em-paqueta-do-piaui\/\" \/>\n<meta property=\"og:site_name\" content=\"Portal Not\u00edcia em Pauta\" \/>\n<meta property=\"article:publisher\" content=\"https:\/\/www.facebook.com\/Portal-Notcia-Em-Pauta-102292869264820\/\" \/>\n<meta property=\"article:published_time\" content=\"2024-09-25T12:49:15+00:00\" \/>\n<meta property=\"article:modified_time\" content=\"2024-09-25T12:49:17+00:00\" \/>\n<meta property=\"og:image\" content=\"https:\/\/noticiaempauta.com\/portal\/wp-content\/uploads\/2024\/09\/WhatsApp-Image-2024-09-25-at-09.10.03.jpeg\" \/>\n\t<meta property=\"og:image:width\" content=\"1280\" \/>\n\t<meta property=\"og:image:height\" content=\"720\" \/>\n\t<meta property=\"og:image:type\" content=\"image\/jpeg\" \/>\n<meta name=\"author\" content=\"Reda\u00e7\u00e3o\" \/>\n<meta name=\"twitter:card\" content=\"summary_large_image\" \/>\n<meta name=\"twitter:label1\" content=\"Escrito por\" \/>\n\t<meta name=\"twitter:data1\" content=\"Reda\u00e7\u00e3o\" \/>\n\t<meta name=\"twitter:label2\" content=\"Est. tempo de leitura\" \/>\n\t<meta name=\"twitter:data2\" content=\"3 minutos\" \/>\n<script type=\"application\/ld+json\" class=\"yoast-schema-graph\">{\"@context\":\"https:\/\/schema.org\",\"@graph\":[{\"@type\":\"Article\",\"@id\":\"https:\/\/noticiaempauta.com\/portal\/unidade-movel-de-saude-da-mulher-realiza-atendimentos-em-paqueta-do-piaui\/#article\",\"isPartOf\":{\"@id\":\"https:\/\/noticiaempauta.com\/portal\/unidade-movel-de-saude-da-mulher-realiza-atendimentos-em-paqueta-do-piaui\/\"},\"author\":{\"name\":\"Reda\u00e7\u00e3o\",\"@id\":\"https:\/\/noticiaempauta.com\/portal\/#\/schema\/person\/a74af43dd1ab3deca45f988c717d57ac\"},\"headline\":\"Unidade M\u00f3vel de Sa\u00fade da Mulher realiza atendimentos em Paquet\u00e1 do Piau\u00ed\",\"datePublished\":\"2024-09-25T12:49:15+00:00\",\"dateModified\":\"2024-09-25T12:49:17+00:00\",\"mainEntityOfPage\":{\"@id\":\"https:\/\/noticiaempauta.com\/portal\/unidade-movel-de-saude-da-mulher-realiza-atendimentos-em-paqueta-do-piaui\/\"},\"wordCount\":337,\"commentCount\":0,\"publisher\":{\"@id\":\"https:\/\/noticiaempauta.com\/portal\/#organization\"},\"image\":{\"@id\":\"https:\/\/noticiaempauta.com\/portal\/unidade-movel-de-saude-da-mulher-realiza-atendimentos-em-paqueta-do-piaui\/#primaryimage\"},\"thumbnailUrl\":\"https:\/\/noticiaempauta.com\/portal\/wp-content\/uploads\/2024\/09\/WhatsApp-Image-2024-09-25-at-09.10.03.jpeg\",\"articleSection\":[\"Destaques\",\"Geral\",\"Munic\u00edpios\",\"Todas as Not\u00edcias\"],\"inLanguage\":\"pt-BR\",\"potentialAction\":[{\"@type\":\"CommentAction\",\"name\":\"Comment\",\"target\":[\"https:\/\/noticiaempauta.com\/portal\/unidade-movel-de-saude-da-mulher-realiza-atendimentos-em-paqueta-do-piaui\/#respond\"]}]},{\"@type\":\"WebPage\",\"@id\":\"https:\/\/noticiaempauta.com\/portal\/unidade-movel-de-saude-da-mulher-realiza-atendimentos-em-paqueta-do-piaui\/\",\"url\":\"https:\/\/noticiaempauta.com\/portal\/unidade-movel-de-saude-da-mulher-realiza-atendimentos-em-paqueta-do-piaui\/\",\"name\":\"Unidade M\u00f3vel de Sa\u00fade da Mulher realiza atendimentos em Paquet\u00e1 do Piau\u00ed - Portal Not\u00edcia em Pauta\",\"isPartOf\":{\"@id\":\"https:\/\/noticiaempauta.com\/portal\/#website\"},\"primaryImageOfPage\":{\"@id\":\"https:\/\/noticiaempauta.com\/portal\/unidade-movel-de-saude-da-mulher-realiza-atendimentos-em-paqueta-do-piaui\/#primaryimage\"},\"image\":{\"@id\":\"https:\/\/noticiaempauta.com\/portal\/unidade-movel-de-saude-da-mulher-realiza-atendimentos-em-paqueta-do-piaui\/#primaryimage\"},\"thumbnailUrl\":\"https:\/\/noticiaempauta.com\/portal\/wp-content\/uploads\/2024\/09\/WhatsApp-Image-2024-09-25-at-09.10.03.jpeg\",\"datePublished\":\"2024-09-25T12:49:15+00:00\",\"dateModified\":\"2024-09-25T12:49:17+00:00\",\"breadcrumb\":{\"@id\":\"https:\/\/noticiaempauta.com\/portal\/unidade-movel-de-saude-da-mulher-realiza-atendimentos-em-paqueta-do-piaui\/#breadcrumb\"},\"inLanguage\":\"pt-BR\",\"potentialAction\":[{\"@type\":\"ReadAction\",\"target\":[\"https:\/\/noticiaempauta.com\/portal\/unidade-movel-de-saude-da-mulher-realiza-atendimentos-em-paqueta-do-piaui\/\"]}]},{\"@type\":\"ImageObject\",\"inLanguage\":\"pt-BR\",\"@id\":\"https:\/\/noticiaempauta.com\/portal\/unidade-movel-de-saude-da-mulher-realiza-atendimentos-em-paqueta-do-piaui\/#primaryimage\",\"url\":\"https:\/\/noticiaempauta.com\/portal\/wp-content\/uploads\/2024\/09\/WhatsApp-Image-2024-09-25-at-09.10.03.jpeg\",\"contentUrl\":\"https:\/\/noticiaempauta.com\/portal\/wp-content\/uploads\/2024\/09\/WhatsApp-Image-2024-09-25-at-09.10.03.jpeg\",\"width\":1280,\"height\":720},{\"@type\":\"BreadcrumbList\",\"@id\":\"https:\/\/noticiaempauta.com\/portal\/unidade-movel-de-saude-da-mulher-realiza-atendimentos-em-paqueta-do-piaui\/#breadcrumb\",\"itemListElement\":[{\"@type\":\"ListItem\",\"position\":1,\"name\":\"P\u00e1gina Inicial\",\"item\":\"https:\/\/noticiaempauta.com\/portal\/\"},{\"@type\":\"ListItem\",\"position\":2,\"name\":\"Destaques\",\"item\":\"https:\/\/noticiaempauta.com\/portal\/destaques-site\/\"},{\"@type\":\"ListItem\",\"position\":3,\"name\":\"Unidade M\u00f3vel de Sa\u00fade da Mulher realiza atendimentos em Paquet\u00e1 do Piau\u00ed\"}]},{\"@type\":\"WebSite\",\"@id\":\"https:\/\/noticiaempauta.com\/portal\/#website\",\"url\":\"https:\/\/noticiaempauta.com\/portal\/\",\"name\":\"Portal Not\u00edcia em Pauta\",\"description\":\"Voc\u00ea bem informado\",\"publisher\":{\"@id\":\"https:\/\/noticiaempauta.com\/portal\/#organization\"},\"potentialAction\":[{\"@type\":\"SearchAction\",\"target\":{\"@type\":\"EntryPoint\",\"urlTemplate\":\"https:\/\/noticiaempauta.com\/portal\/?s={search_term_string}\"},\"query-input\":{\"@type\":\"PropertyValueSpecification\",\"valueRequired\":true,\"valueName\":\"search_term_string\"}}],\"inLanguage\":\"pt-BR\"},{\"@type\":\"Organization\",\"@id\":\"https:\/\/noticiaempauta.com\/portal\/#organization\",\"name\":\"Portal Not\u00edcia em Pauta\",\"url\":\"https:\/\/noticiaempauta.com\/portal\/\",\"logo\":{\"@type\":\"ImageObject\",\"inLanguage\":\"pt-BR\",\"@id\":\"https:\/\/noticiaempauta.com\/portal\/#\/schema\/logo\/image\/\",\"url\":\"https:\/\/noticiaempauta.com\/portal\/wp-content\/uploads\/2022\/08\/logomarca_tema.fw_.png\",\"contentUrl\":\"https:\/\/noticiaempauta.com\/portal\/wp-content\/uploads\/2022\/08\/logomarca_tema.fw_.png\",\"width\":400,\"height\":232,\"caption\":\"Portal Not\u00edcia em Pauta\"},\"image\":{\"@id\":\"https:\/\/noticiaempauta.com\/portal\/#\/schema\/logo\/image\/\"},\"sameAs\":[\"https:\/\/www.facebook.com\/Portal-Notcia-Em-Pauta-102292869264820\/\",\"https:\/\/www.instagram.com\/portalnoticiaempauta\/\"]},{\"@type\":\"Person\",\"@id\":\"https:\/\/noticiaempauta.com\/portal\/#\/schema\/person\/a74af43dd1ab3deca45f988c717d57ac\",\"name\":\"Reda\u00e7\u00e3o\",\"image\":{\"@type\":\"ImageObject\",\"inLanguage\":\"pt-BR\",\"@id\":\"https:\/\/noticiaempauta.com\/portal\/#\/schema\/person\/image\/\",\"url\":\"https:\/\/secure.gravatar.com\/avatar\/03179346ecce6cdfc13361603e8f54242a90e5cde8618fa23c5c00aa2b0aadf3?s=96&d=mm&r=g\",\"contentUrl\":\"https:\/\/secure.gravatar.com\/avatar\/03179346ecce6cdfc13361603e8f54242a90e5cde8618fa23c5c00aa2b0aadf3?s=96&d=mm&r=g\",\"caption\":\"Reda\u00e7\u00e3o\"},\"sameAs\":[\"https:\/\/noticiaempauta.com\/portal\/\"],\"url\":\"https:\/\/noticiaempauta.com\/portal\/author\/fernando\/\"}]}<\/script>\n<!-- \/ Yoast SEO Premium plugin. -->","yoast_head_json":{"title":"Unidade M\u00f3vel de Sa\u00fade da Mulher realiza atendimentos em Paquet\u00e1 do Piau\u00ed - Portal Not\u00edcia em Pauta","robots":{"index":"index","follow":"follow","max-snippet":"max-snippet:-1","max-image-preview":"max-image-preview:large","max-video-preview":"max-video-preview:-1"},"canonical":"https:\/\/noticiaempauta.com\/portal\/unidade-movel-de-saude-da-mulher-realiza-atendimentos-em-paqueta-do-piaui\/","og_locale":"pt_BR","og_type":"article","og_title":"Unidade M\u00f3vel de Sa\u00fade da Mulher realiza atendimentos em Paquet\u00e1 do Piau\u00ed","og_description":"A Unidade M\u00f3vel de Sa\u00fade da Mulher iniciou nesta semana atendimentos no munic\u00edpio de Paquet\u00e1 do Piau\u00ed, cerca de 180 mulheres (zona urbana e rural), com idade entre 40 e 69 anos, est\u00e3o realizando exames gratuitos de mamografia. Esta importante a\u00e7\u00e3o preventiva ao c\u00e2ncer de mama est\u00e1 sendo promovida pela Prefeitura Municipal de Paquet\u00e1, por [&hellip;]","og_url":"https:\/\/noticiaempauta.com\/portal\/unidade-movel-de-saude-da-mulher-realiza-atendimentos-em-paqueta-do-piaui\/","og_site_name":"Portal Not\u00edcia em Pauta","article_publisher":"https:\/\/www.facebook.com\/Portal-Notcia-Em-Pauta-102292869264820\/","article_published_time":"2024-09-25T12:49:15+00:00","article_modified_time":"2024-09-25T12:49:17+00:00","og_image":[{"width":1280,"height":720,"url":"https:\/\/noticiaempauta.com\/portal\/wp-content\/uploads\/2024\/09\/WhatsApp-Image-2024-09-25-at-09.10.03.jpeg","type":"image\/jpeg"}],"author":"Reda\u00e7\u00e3o","twitter_card":"summary_large_image","twitter_misc":{"Escrito por":"Reda\u00e7\u00e3o","Est. tempo de leitura":"3 minutos"},"schema":{"@context":"https:\/\/schema.org","@graph":[{"@type":"Article","@id":"https:\/\/noticiaempauta.com\/portal\/unidade-movel-de-saude-da-mulher-realiza-atendimentos-em-paqueta-do-piaui\/#article","isPartOf":{"@id":"https:\/\/noticiaempauta.com\/portal\/unidade-movel-de-saude-da-mulher-realiza-atendimentos-em-paqueta-do-piaui\/"},"author":{"name":"Reda\u00e7\u00e3o","@id":"https:\/\/noticiaempauta.com\/portal\/#\/schema\/person\/a74af43dd1ab3deca45f988c717d57ac"},"headline":"Unidade M\u00f3vel de Sa\u00fade da Mulher realiza atendimentos em Paquet\u00e1 do Piau\u00ed","datePublished":"2024-09-25T12:49:15+00:00","dateModified":"2024-09-25T12:49:17+00:00","mainEntityOfPage":{"@id":"https:\/\/noticiaempauta.com\/portal\/unidade-movel-de-saude-da-mulher-realiza-atendimentos-em-paqueta-do-piaui\/"},"wordCount":337,"commentCount":0,"publisher":{"@id":"https:\/\/noticiaempauta.com\/portal\/#organization"},"image":{"@id":"https:\/\/noticiaempauta.com\/portal\/unidade-movel-de-saude-da-mulher-realiza-atendimentos-em-paqueta-do-piaui\/#primaryimage"},"thumbnailUrl":"https:\/\/noticiaempauta.com\/portal\/wp-content\/uploads\/2024\/09\/WhatsApp-Image-2024-09-25-at-09.10.03.jpeg","articleSection":["Destaques","Geral","Munic\u00edpios","Todas as Not\u00edcias"],"inLanguage":"pt-BR","potentialAction":[{"@type":"CommentAction","name":"Comment","target":["https:\/\/noticiaempauta.com\/portal\/unidade-movel-de-saude-da-mulher-realiza-atendimentos-em-paqueta-do-piaui\/#respond"]}]},{"@type":"WebPage","@id":"https:\/\/noticiaempauta.com\/portal\/unidade-movel-de-saude-da-mulher-realiza-atendimentos-em-paqueta-do-piaui\/","url":"https:\/\/noticiaempauta.com\/portal\/unidade-movel-de-saude-da-mulher-realiza-atendimentos-em-paqueta-do-piaui\/","name":"Unidade M\u00f3vel de Sa\u00fade da Mulher realiza atendimentos em Paquet\u00e1 do Piau\u00ed - Portal Not\u00edcia em Pauta","isPartOf":{"@id":"https:\/\/noticiaempauta.com\/portal\/#website"},"primaryImageOfPage":{"@id":"https:\/\/noticiaempauta.com\/portal\/unidade-movel-de-saude-da-mulher-realiza-atendimentos-em-paqueta-do-piaui\/#primaryimage"},"image":{"@id":"https:\/\/noticiaempauta.com\/portal\/unidade-movel-de-saude-da-mulher-realiza-atendimentos-em-paqueta-do-piaui\/#primaryimage"},"thumbnailUrl":"https:\/\/noticiaempauta.com\/portal\/wp-content\/uploads\/2024\/09\/WhatsApp-Image-2024-09-25-at-09.10.03.jpeg","datePublished":"2024-09-25T12:49:15+00:00","dateModified":"2024-09-25T12:49:17+00:00","breadcrumb":{"@id":"https:\/\/noticiaempauta.com\/portal\/unidade-movel-de-saude-da-mulher-realiza-atendimentos-em-paqueta-do-piaui\/#breadcrumb"},"inLanguage":"pt-BR","potentialAction":[{"@type":"ReadAction","target":["https:\/\/noticiaempauta.com\/portal\/unidade-movel-de-saude-da-mulher-realiza-atendimentos-em-paqueta-do-piaui\/"]}]},{"@type":"ImageObject","inLanguage":"pt-BR","@id":"https:\/\/noticiaempauta.com\/portal\/unidade-movel-de-saude-da-mulher-realiza-atendimentos-em-paqueta-do-piaui\/#primaryimage","url":"https:\/\/noticiaempauta.com\/portal\/wp-content\/uploads\/2024\/09\/WhatsApp-Image-2024-09-25-at-09.10.03.jpeg","contentUrl":"https:\/\/noticiaempauta.com\/portal\/wp-content\/uploads\/2024\/09\/WhatsApp-Image-2024-09-25-at-09.10.03.jpeg","width":1280,"height":720},{"@type":"BreadcrumbList","@id":"https:\/\/noticiaempauta.com\/portal\/unidade-movel-de-saude-da-mulher-realiza-atendimentos-em-paqueta-do-piaui\/#breadcrumb","itemListElement":[{"@type":"ListItem","position":1,"name":"P\u00e1gina Inicial","item":"https:\/\/noticiaempauta.com\/portal\/"},{"@type":"ListItem","position":2,"name":"Destaques","item":"https:\/\/noticiaempauta.com\/portal\/destaques-site\/"},{"@type":"ListItem","position":3,"name":"Unidade M\u00f3vel de Sa\u00fade da Mulher realiza atendimentos em Paquet\u00e1 do Piau\u00ed"}]},{"@type":"WebSite","@id":"https:\/\/noticiaempauta.com\/portal\/#website","url":"https:\/\/noticiaempauta.com\/portal\/","name":"Portal Not\u00edcia em Pauta","description":"Voc\u00ea bem informado","publisher":{"@id":"https:\/\/noticiaempauta.com\/portal\/#organization"},"potentialAction":[{"@type":"SearchAction","target":{"@type":"EntryPoint","urlTemplate":"https:\/\/noticiaempauta.com\/portal\/?s={search_term_string}"},"query-input":{"@type":"PropertyValueSpecification","valueRequired":true,"valueName":"search_term_string"}}],"inLanguage":"pt-BR"},{"@type":"Organization","@id":"https:\/\/noticiaempauta.com\/portal\/#organization","name":"Portal Not\u00edcia em Pauta","url":"https:\/\/noticiaempauta.com\/portal\/","logo":{"@type":"ImageObject","inLanguage":"pt-BR","@id":"https:\/\/noticiaempauta.com\/portal\/#\/schema\/logo\/image\/","url":"https:\/\/noticiaempauta.com\/portal\/wp-content\/uploads\/2022\/08\/logomarca_tema.fw_.png","contentUrl":"https:\/\/noticiaempauta.com\/portal\/wp-content\/uploads\/2022\/08\/logomarca_tema.fw_.png","width":400,"height":232,"caption":"Portal Not\u00edcia em Pauta"},"image":{"@id":"https:\/\/noticiaempauta.com\/portal\/#\/schema\/logo\/image\/"},"sameAs":["https:\/\/www.facebook.com\/Portal-Notcia-Em-Pauta-102292869264820\/","https:\/\/www.instagram.com\/portalnoticiaempauta\/"]},{"@type":"Person","@id":"https:\/\/noticiaempauta.com\/portal\/#\/schema\/person\/a74af43dd1ab3deca45f988c717d57ac","name":"Reda\u00e7\u00e3o","image":{"@type":"ImageObject","inLanguage":"pt-BR","@id":"https:\/\/noticiaempauta.com\/portal\/#\/schema\/person\/image\/","url":"https:\/\/secure.gravatar.com\/avatar\/03179346ecce6cdfc13361603e8f54242a90e5cde8618fa23c5c00aa2b0aadf3?s=96&d=mm&r=g","contentUrl":"https:\/\/secure.gravatar.com\/avatar\/03179346ecce6cdfc13361603e8f54242a90e5cde8618fa23c5c00aa2b0aadf3?s=96&d=mm&r=g","caption":"Reda\u00e7\u00e3o"},"sameAs":["https:\/\/noticiaempauta.com\/portal\/"],"url":"https:\/\/noticiaempauta.com\/portal\/author\/fernando\/"}]}},"_links":{"self":[{"href":"https:\/\/noticiaempauta.com\/portal\/wp-json\/wp\/v2\/posts\/262333","targetHints":{"allow":["GET"]}}],"collection":[{"href":"https:\/\/noticiaempauta.com\/portal\/wp-json\/wp\/v2\/posts"}],"about":[{"href":"https:\/\/noticiaempauta.com\/portal\/wp-json\/wp\/v2\/types\/post"}],"author":[{"embeddable":true,"href":"https:\/\/noticiaempauta.com\/portal\/wp-json\/wp\/v2\/users\/2"}],"replies":[{"embeddable":true,"href":"https:\/\/noticiaempauta.com\/portal\/wp-json\/wp\/v2\/comments?post=262333"}],"version-history":[{"count":1,"href":"https:\/\/noticiaempauta.com\/portal\/wp-json\/wp\/v2\/posts\/262333\/revisions"}],"predecessor-version":[{"id":262339,"href":"https:\/\/noticiaempauta.com\/portal\/wp-json\/wp\/v2\/posts\/262333\/revisions\/262339"}],"wp:featuredmedia":[{"embeddable":true,"href":"https:\/\/noticiaempauta.com\/portal\/wp-json\/wp\/v2\/media\/262334"}],"wp:attachment":[{"href":"https:\/\/noticiaempauta.com\/portal\/wp-json\/wp\/v2\/media?parent=262333"}],"wp:term":[{"taxonomy":"category","embeddable":true,"href":"https:\/\/noticiaempauta.com\/portal\/wp-json\/wp\/v2\/categories?post=262333"},{"taxonomy":"post_tag","embeddable":true,"href":"https:\/\/noticiaempauta.com\/portal\/wp-json\/wp\/v2\/tags?post=262333"}],"curies":[{"name":"wp","href":"https:\/\/api.w.org\/{rel}","templated":true}]}}