{"id":262349,"date":"2024-09-25T10:19:31","date_gmt":"2024-09-25T13:19:31","guid":{"rendered":"https:\/\/noticiaempauta.com\/portal\/?p=262349"},"modified":"2024-09-25T10:19:33","modified_gmt":"2024-09-25T13:19:33","slug":"camara-municipal-de-picos-sessao-ordinaria-veja-pauta","status":"publish","type":"post","link":"https:\/\/noticiaempauta.com\/portal\/camara-municipal-de-picos-sessao-ordinaria-veja-pauta\/","title":{"rendered":"C\u00e2mara Municipal de Picos sess\u00e3o ordin\u00e1ria; veja pauta"},"content":{"rendered":"\n<p>A C\u00e2mara Municipal de Picos realizou nessa ter\u00e7a-feira, 24 de setembro, a 26\u00b0 Sess\u00e3o Ordin\u00e1ria do 4\u00b0 ano da 19\u00aa Legislatura, no Plen\u00e1rio Ver. Pedro Barbosa da Silva. Durante a sess\u00e3o foram votados projetos de leis e requerimentos solicitando demandas para o munic\u00edpio de Picos.<\/p>\n\n\n\n<figure class=\"wp-block-image size-large\"><img fetchpriority=\"high\" decoding=\"async\" width=\"1024\" height=\"752\" src=\"https:\/\/noticiaempauta.com\/portal\/wp-content\/uploads\/2024\/09\/WhatsApp-Image-2024-09-25-at-10.14.02-1-1024x752.jpeg\" alt=\"\" class=\"wp-image-262351\" srcset=\"https:\/\/noticiaempauta.com\/portal\/wp-content\/uploads\/2024\/09\/WhatsApp-Image-2024-09-25-at-10.14.02-1-1024x752.jpeg 1024w, https:\/\/noticiaempauta.com\/portal\/wp-content\/uploads\/2024\/09\/WhatsApp-Image-2024-09-25-at-10.14.02-1-300x220.jpeg 300w, https:\/\/noticiaempauta.com\/portal\/wp-content\/uploads\/2024\/09\/WhatsApp-Image-2024-09-25-at-10.14.02-1-768x564.jpeg 768w, https:\/\/noticiaempauta.com\/portal\/wp-content\/uploads\/2024\/09\/WhatsApp-Image-2024-09-25-at-10.14.02-1.jpeg 1110w\" sizes=\"(max-width: 1024px) 100vw, 1024px\" \/><\/figure>\n\n\n\n<p><\/p>\n\n\n\n<p><strong>Confira na integra os projetos apresentados e requerimentos aprovados da semana<\/strong><\/p>\n\n\n\n<p><strong>PROJETOS A SEREM ENVIADOS PARA A COMISS\u00c3O PERMANENTE<br>DE LEGISLA\u00c7\u00c3O, JUSTI\u00c7A E REDA\u00c7\u00c3O FINAL COM A FINALIDADE DE<br>RECEBER PARECER T\u00c9CNICO:<\/strong><\/p>\n\n\n\n<ul class=\"wp-block-list\">\n<li>Projeto de Lei do Prefeito Municipal de Picos, que estima a receita e<br>fixa a despesa do Munic\u00edpio de Picos-PI, o exerc\u00edcio financeiro de 2025, estima<br>a receita e fixa a despesa em R$ 402.689,345,00 (quatrocentos e dois<br>milh\u00f5es, seiscentos e oitenta e nove mil, trezentos e quarenta e cinco<br>reais).<\/li>\n\n\n\n<li>Projeto de Lei do Ver Rinaldinho, denominando de \u201cRua Jos\u00e9 Borges<br>de Carvalho, a atual Rua Projetada n\u00ba 90, a via p\u00fablica que tem in\u00edcio na PI-238<br>(Picos\/Sussuapara), finalizando na Rua Sebasti\u00e3o Nobre Guimar\u00e3es, localizada<br>no bairro Lagoa Comprida.<br><\/li>\n\n\n\n<li><strong>PROJETOS A SEREM VOTADOS EM 1\u00aa VOTA\u00c7\u00c3O:<\/strong><\/li>\n\n\n\n<li>Projeto de Lei do Prefeito Municipal de Picos, que disp\u00f5e sobre a<br>organiza\u00e7\u00e3o e delimita\u00e7\u00e3o territorial dos bairros de Picos.<\/li>\n\n\n\n<li>Projeto de Lei do Prefeito Municipal de Picos, que disp\u00f5e sobre<br>altera\u00e7\u00e3o da Lei Municipal n\u00ba 2.474\/2013, e o Decreto n\u00ba 34\/21, para a cria\u00e7\u00e3o,<br>dota\u00e7\u00e3o e estrutura\u00e7\u00e3o da Diretoria de Gest\u00e3o de Almoxarifado e Patrim\u00f4nio<br>(DGAP), no \u00e2mbito da Administra\u00e7\u00e3o P\u00fablica do Munic\u00edpio de Picos \u2013 PI.<br><\/li>\n\n\n\n<li><strong>REQUERIMENTOS:<\/strong><br>Ver. Chaguinha, solicita do Superintendente Regional do DNIT\/Piau\u00ed, que<br>seja instalado um redutor de velocidade na BR-316, em frente ao Novo Hospital<br>Regional. Solicita da Equatorial que fa\u00e7a uma ilumina\u00e7\u00e3o de qualidade na \u00e1rea<br>em frente ao referido Hospital.<br>Ver. Toinho de Chic\u00e1, requer da Prefeitura Municipal de Picos, atrav\u00e9s<br>de suas Secretarias, que seja constru\u00eddo um Posto de Sa\u00fade no bairro Aroeiras<br>do Matadouro, bem como, seja feita reabertura do Col\u00e9gio de Angical dos<br>Domingos.<\/li>\n<\/ul>\n\n\n\n<p><strong>Assista a sess\u00e3o completa<\/strong><\/p>\n\n\n\n<figure class=\"wp-block-embed is-type-video is-provider-youtube wp-block-embed-youtube wp-embed-aspect-16-9 wp-has-aspect-ratio\"><div class=\"wp-block-embed__wrapper\">\n<iframe title=\"24.09.2024 | Sess\u00e3o Ordin\u00e1ria da C\u00e2mara Municipal de Picos | 4\u00ba Ano - 19\u00aa Legislatura\" width=\"800\" height=\"450\" src=\"https:\/\/www.youtube.com\/embed\/7WLutZqgEJI?start=6466&#038;feature=oembed\" frameborder=\"0\" allow=\"accelerometer; autoplay; clipboard-write; encrypted-media; gyroscope; picture-in-picture; web-share\" referrerpolicy=\"strict-origin-when-cross-origin\" allowfullscreen><\/iframe>\n<\/div><\/figure>\n","protected":false},"excerpt":{"rendered":"<p>A C\u00e2mara Municipal de Picos realizou nessa ter\u00e7a-feira, 24 de setembro, a 26\u00b0 Sess\u00e3o Ordin\u00e1ria do 4\u00b0 ano da 19\u00aa Legislatura, no Plen\u00e1rio Ver. Pedro Barbosa da Silva. Durante a sess\u00e3o foram votados projetos de leis e requerimentos solicitando demandas para o munic\u00edpio de Picos. Confira na integra os projetos apresentados e requerimentos aprovados da [&hellip;]<\/p>\n","protected":false},"author":2,"featured_media":262350,"comment_status":"open","ping_status":"open","sticky":false,"template":"","format":"standard","meta":{"_mi_skip_tracking":false,"footnotes":""},"categories":[25,1,16],"tags":[],"class_list":["post-262349","post","type-post","status-publish","format-standard","has-post-thumbnail","hentry","category-destaques-site","category-geral","category-todas"],"acf":[],"yoast_head":"<!-- This site is optimized with the Yoast SEO Premium plugin v19.2 (Yoast SEO v26.9) - https:\/\/yoast.com\/product\/yoast-seo-premium-wordpress\/ -->\n<title>C\u00e2mara Municipal de Picos sess\u00e3o ordin\u00e1ria; veja pauta - Portal Not\u00edcia em Pauta<\/title>\n<meta name=\"robots\" content=\"index, follow, max-snippet:-1, max-image-preview:large, max-video-preview:-1\" \/>\n<link rel=\"canonical\" href=\"https:\/\/noticiaempauta.com\/portal\/camara-municipal-de-picos-sessao-ordinaria-veja-pauta\/\" \/>\n<meta property=\"og:locale\" content=\"pt_BR\" \/>\n<meta property=\"og:type\" content=\"article\" \/>\n<meta property=\"og:title\" content=\"C\u00e2mara Municipal de Picos sess\u00e3o ordin\u00e1ria; veja pauta\" \/>\n<meta property=\"og:description\" content=\"A C\u00e2mara Municipal de Picos realizou nessa ter\u00e7a-feira, 24 de setembro, a 26\u00b0 Sess\u00e3o Ordin\u00e1ria do 4\u00b0 ano da 19\u00aa Legislatura, no Plen\u00e1rio Ver. Pedro Barbosa da Silva. Durante a sess\u00e3o foram votados projetos de leis e requerimentos solicitando demandas para o munic\u00edpio de Picos. Confira na integra os projetos apresentados e requerimentos aprovados da [&hellip;]\" \/>\n<meta property=\"og:url\" content=\"https:\/\/noticiaempauta.com\/portal\/camara-municipal-de-picos-sessao-ordinaria-veja-pauta\/\" \/>\n<meta property=\"og:site_name\" content=\"Portal Not\u00edcia em Pauta\" \/>\n<meta property=\"article:publisher\" content=\"https:\/\/www.facebook.com\/Portal-Notcia-Em-Pauta-102292869264820\/\" \/>\n<meta property=\"article:published_time\" content=\"2024-09-25T13:19:31+00:00\" \/>\n<meta property=\"article:modified_time\" content=\"2024-09-25T13:19:33+00:00\" \/>\n<meta property=\"og:image\" content=\"https:\/\/noticiaempauta.com\/portal\/wp-content\/uploads\/2024\/09\/WhatsApp-Image-2024-09-25-at-10.14.02.jpeg\" \/>\n\t<meta property=\"og:image:width\" content=\"1110\" \/>\n\t<meta property=\"og:image:height\" content=\"815\" \/>\n\t<meta property=\"og:image:type\" content=\"image\/jpeg\" \/>\n<meta name=\"author\" content=\"Reda\u00e7\u00e3o\" \/>\n<meta name=\"twitter:card\" content=\"summary_large_image\" \/>\n<meta name=\"twitter:label1\" content=\"Escrito por\" \/>\n\t<meta name=\"twitter:data1\" content=\"Reda\u00e7\u00e3o\" \/>\n\t<meta name=\"twitter:label2\" content=\"Est. tempo de leitura\" \/>\n\t<meta name=\"twitter:data2\" content=\"3 minutos\" \/>\n<script type=\"application\/ld+json\" class=\"yoast-schema-graph\">{\"@context\":\"https:\/\/schema.org\",\"@graph\":[{\"@type\":\"Article\",\"@id\":\"https:\/\/noticiaempauta.com\/portal\/camara-municipal-de-picos-sessao-ordinaria-veja-pauta\/#article\",\"isPartOf\":{\"@id\":\"https:\/\/noticiaempauta.com\/portal\/camara-municipal-de-picos-sessao-ordinaria-veja-pauta\/\"},\"author\":{\"name\":\"Reda\u00e7\u00e3o\",\"@id\":\"https:\/\/noticiaempauta.com\/portal\/#\/schema\/person\/a74af43dd1ab3deca45f988c717d57ac\"},\"headline\":\"C\u00e2mara Municipal de Picos sess\u00e3o ordin\u00e1ria; veja pauta\",\"datePublished\":\"2024-09-25T13:19:31+00:00\",\"dateModified\":\"2024-09-25T13:19:33+00:00\",\"mainEntityOfPage\":{\"@id\":\"https:\/\/noticiaempauta.com\/portal\/camara-municipal-de-picos-sessao-ordinaria-veja-pauta\/\"},\"wordCount\":359,\"commentCount\":0,\"publisher\":{\"@id\":\"https:\/\/noticiaempauta.com\/portal\/#organization\"},\"image\":{\"@id\":\"https:\/\/noticiaempauta.com\/portal\/camara-municipal-de-picos-sessao-ordinaria-veja-pauta\/#primaryimage\"},\"thumbnailUrl\":\"https:\/\/noticiaempauta.com\/portal\/wp-content\/uploads\/2024\/09\/WhatsApp-Image-2024-09-25-at-10.14.02.jpeg\",\"articleSection\":[\"Destaques\",\"Geral\",\"Todas as Not\u00edcias\"],\"inLanguage\":\"pt-BR\",\"potentialAction\":[{\"@type\":\"CommentAction\",\"name\":\"Comment\",\"target\":[\"https:\/\/noticiaempauta.com\/portal\/camara-municipal-de-picos-sessao-ordinaria-veja-pauta\/#respond\"]}]},{\"@type\":\"WebPage\",\"@id\":\"https:\/\/noticiaempauta.com\/portal\/camara-municipal-de-picos-sessao-ordinaria-veja-pauta\/\",\"url\":\"https:\/\/noticiaempauta.com\/portal\/camara-municipal-de-picos-sessao-ordinaria-veja-pauta\/\",\"name\":\"C\u00e2mara Municipal de Picos sess\u00e3o ordin\u00e1ria; veja pauta - Portal Not\u00edcia em Pauta\",\"isPartOf\":{\"@id\":\"https:\/\/noticiaempauta.com\/portal\/#website\"},\"primaryImageOfPage\":{\"@id\":\"https:\/\/noticiaempauta.com\/portal\/camara-municipal-de-picos-sessao-ordinaria-veja-pauta\/#primaryimage\"},\"image\":{\"@id\":\"https:\/\/noticiaempauta.com\/portal\/camara-municipal-de-picos-sessao-ordinaria-veja-pauta\/#primaryimage\"},\"thumbnailUrl\":\"https:\/\/noticiaempauta.com\/portal\/wp-content\/uploads\/2024\/09\/WhatsApp-Image-2024-09-25-at-10.14.02.jpeg\",\"datePublished\":\"2024-09-25T13:19:31+00:00\",\"dateModified\":\"2024-09-25T13:19:33+00:00\",\"breadcrumb\":{\"@id\":\"https:\/\/noticiaempauta.com\/portal\/camara-municipal-de-picos-sessao-ordinaria-veja-pauta\/#breadcrumb\"},\"inLanguage\":\"pt-BR\",\"potentialAction\":[{\"@type\":\"ReadAction\",\"target\":[\"https:\/\/noticiaempauta.com\/portal\/camara-municipal-de-picos-sessao-ordinaria-veja-pauta\/\"]}]},{\"@type\":\"ImageObject\",\"inLanguage\":\"pt-BR\",\"@id\":\"https:\/\/noticiaempauta.com\/portal\/camara-municipal-de-picos-sessao-ordinaria-veja-pauta\/#primaryimage\",\"url\":\"https:\/\/noticiaempauta.com\/portal\/wp-content\/uploads\/2024\/09\/WhatsApp-Image-2024-09-25-at-10.14.02.jpeg\",\"contentUrl\":\"https:\/\/noticiaempauta.com\/portal\/wp-content\/uploads\/2024\/09\/WhatsApp-Image-2024-09-25-at-10.14.02.jpeg\",\"width\":1110,\"height\":815},{\"@type\":\"BreadcrumbList\",\"@id\":\"https:\/\/noticiaempauta.com\/portal\/camara-municipal-de-picos-sessao-ordinaria-veja-pauta\/#breadcrumb\",\"itemListElement\":[{\"@type\":\"ListItem\",\"position\":1,\"name\":\"P\u00e1gina Inicial\",\"item\":\"https:\/\/noticiaempauta.com\/portal\/\"},{\"@type\":\"ListItem\",\"position\":2,\"name\":\"Destaques\",\"item\":\"https:\/\/noticiaempauta.com\/portal\/destaques-site\/\"},{\"@type\":\"ListItem\",\"position\":3,\"name\":\"C\u00e2mara Municipal de Picos sess\u00e3o ordin\u00e1ria; veja pauta\"}]},{\"@type\":\"WebSite\",\"@id\":\"https:\/\/noticiaempauta.com\/portal\/#website\",\"url\":\"https:\/\/noticiaempauta.com\/portal\/\",\"name\":\"Portal Not\u00edcia em Pauta\",\"description\":\"Voc\u00ea bem informado\",\"publisher\":{\"@id\":\"https:\/\/noticiaempauta.com\/portal\/#organization\"},\"potentialAction\":[{\"@type\":\"SearchAction\",\"target\":{\"@type\":\"EntryPoint\",\"urlTemplate\":\"https:\/\/noticiaempauta.com\/portal\/?s={search_term_string}\"},\"query-input\":{\"@type\":\"PropertyValueSpecification\",\"valueRequired\":true,\"valueName\":\"search_term_string\"}}],\"inLanguage\":\"pt-BR\"},{\"@type\":\"Organization\",\"@id\":\"https:\/\/noticiaempauta.com\/portal\/#organization\",\"name\":\"Portal Not\u00edcia em Pauta\",\"url\":\"https:\/\/noticiaempauta.com\/portal\/\",\"logo\":{\"@type\":\"ImageObject\",\"inLanguage\":\"pt-BR\",\"@id\":\"https:\/\/noticiaempauta.com\/portal\/#\/schema\/logo\/image\/\",\"url\":\"https:\/\/noticiaempauta.com\/portal\/wp-content\/uploads\/2022\/08\/logomarca_tema.fw_.png\",\"contentUrl\":\"https:\/\/noticiaempauta.com\/portal\/wp-content\/uploads\/2022\/08\/logomarca_tema.fw_.png\",\"width\":400,\"height\":232,\"caption\":\"Portal Not\u00edcia em Pauta\"},\"image\":{\"@id\":\"https:\/\/noticiaempauta.com\/portal\/#\/schema\/logo\/image\/\"},\"sameAs\":[\"https:\/\/www.facebook.com\/Portal-Notcia-Em-Pauta-102292869264820\/\",\"https:\/\/www.instagram.com\/portalnoticiaempauta\/\"]},{\"@type\":\"Person\",\"@id\":\"https:\/\/noticiaempauta.com\/portal\/#\/schema\/person\/a74af43dd1ab3deca45f988c717d57ac\",\"name\":\"Reda\u00e7\u00e3o\",\"image\":{\"@type\":\"ImageObject\",\"inLanguage\":\"pt-BR\",\"@id\":\"https:\/\/noticiaempauta.com\/portal\/#\/schema\/person\/image\/\",\"url\":\"https:\/\/secure.gravatar.com\/avatar\/03179346ecce6cdfc13361603e8f54242a90e5cde8618fa23c5c00aa2b0aadf3?s=96&d=mm&r=g\",\"contentUrl\":\"https:\/\/secure.gravatar.com\/avatar\/03179346ecce6cdfc13361603e8f54242a90e5cde8618fa23c5c00aa2b0aadf3?s=96&d=mm&r=g\",\"caption\":\"Reda\u00e7\u00e3o\"},\"sameAs\":[\"https:\/\/noticiaempauta.com\/portal\/\"],\"url\":\"https:\/\/noticiaempauta.com\/portal\/author\/fernando\/\"}]}<\/script>\n<!-- \/ Yoast SEO Premium plugin. -->","yoast_head_json":{"title":"C\u00e2mara Municipal de Picos sess\u00e3o ordin\u00e1ria; veja pauta - Portal Not\u00edcia em Pauta","robots":{"index":"index","follow":"follow","max-snippet":"max-snippet:-1","max-image-preview":"max-image-preview:large","max-video-preview":"max-video-preview:-1"},"canonical":"https:\/\/noticiaempauta.com\/portal\/camara-municipal-de-picos-sessao-ordinaria-veja-pauta\/","og_locale":"pt_BR","og_type":"article","og_title":"C\u00e2mara Municipal de Picos sess\u00e3o ordin\u00e1ria; veja pauta","og_description":"A C\u00e2mara Municipal de Picos realizou nessa ter\u00e7a-feira, 24 de setembro, a 26\u00b0 Sess\u00e3o Ordin\u00e1ria do 4\u00b0 ano da 19\u00aa Legislatura, no Plen\u00e1rio Ver. Pedro Barbosa da Silva. Durante a sess\u00e3o foram votados projetos de leis e requerimentos solicitando demandas para o munic\u00edpio de Picos. Confira na integra os projetos apresentados e requerimentos aprovados da [&hellip;]","og_url":"https:\/\/noticiaempauta.com\/portal\/camara-municipal-de-picos-sessao-ordinaria-veja-pauta\/","og_site_name":"Portal Not\u00edcia em Pauta","article_publisher":"https:\/\/www.facebook.com\/Portal-Notcia-Em-Pauta-102292869264820\/","article_published_time":"2024-09-25T13:19:31+00:00","article_modified_time":"2024-09-25T13:19:33+00:00","og_image":[{"width":1110,"height":815,"url":"https:\/\/noticiaempauta.com\/portal\/wp-content\/uploads\/2024\/09\/WhatsApp-Image-2024-09-25-at-10.14.02.jpeg","type":"image\/jpeg"}],"author":"Reda\u00e7\u00e3o","twitter_card":"summary_large_image","twitter_misc":{"Escrito por":"Reda\u00e7\u00e3o","Est. tempo de leitura":"3 minutos"},"schema":{"@context":"https:\/\/schema.org","@graph":[{"@type":"Article","@id":"https:\/\/noticiaempauta.com\/portal\/camara-municipal-de-picos-sessao-ordinaria-veja-pauta\/#article","isPartOf":{"@id":"https:\/\/noticiaempauta.com\/portal\/camara-municipal-de-picos-sessao-ordinaria-veja-pauta\/"},"author":{"name":"Reda\u00e7\u00e3o","@id":"https:\/\/noticiaempauta.com\/portal\/#\/schema\/person\/a74af43dd1ab3deca45f988c717d57ac"},"headline":"C\u00e2mara Municipal de Picos sess\u00e3o ordin\u00e1ria; veja pauta","datePublished":"2024-09-25T13:19:31+00:00","dateModified":"2024-09-25T13:19:33+00:00","mainEntityOfPage":{"@id":"https:\/\/noticiaempauta.com\/portal\/camara-municipal-de-picos-sessao-ordinaria-veja-pauta\/"},"wordCount":359,"commentCount":0,"publisher":{"@id":"https:\/\/noticiaempauta.com\/portal\/#organization"},"image":{"@id":"https:\/\/noticiaempauta.com\/portal\/camara-municipal-de-picos-sessao-ordinaria-veja-pauta\/#primaryimage"},"thumbnailUrl":"https:\/\/noticiaempauta.com\/portal\/wp-content\/uploads\/2024\/09\/WhatsApp-Image-2024-09-25-at-10.14.02.jpeg","articleSection":["Destaques","Geral","Todas as Not\u00edcias"],"inLanguage":"pt-BR","potentialAction":[{"@type":"CommentAction","name":"Comment","target":["https:\/\/noticiaempauta.com\/portal\/camara-municipal-de-picos-sessao-ordinaria-veja-pauta\/#respond"]}]},{"@type":"WebPage","@id":"https:\/\/noticiaempauta.com\/portal\/camara-municipal-de-picos-sessao-ordinaria-veja-pauta\/","url":"https:\/\/noticiaempauta.com\/portal\/camara-municipal-de-picos-sessao-ordinaria-veja-pauta\/","name":"C\u00e2mara Municipal de Picos sess\u00e3o ordin\u00e1ria; veja pauta - Portal Not\u00edcia em Pauta","isPartOf":{"@id":"https:\/\/noticiaempauta.com\/portal\/#website"},"primaryImageOfPage":{"@id":"https:\/\/noticiaempauta.com\/portal\/camara-municipal-de-picos-sessao-ordinaria-veja-pauta\/#primaryimage"},"image":{"@id":"https:\/\/noticiaempauta.com\/portal\/camara-municipal-de-picos-sessao-ordinaria-veja-pauta\/#primaryimage"},"thumbnailUrl":"https:\/\/noticiaempauta.com\/portal\/wp-content\/uploads\/2024\/09\/WhatsApp-Image-2024-09-25-at-10.14.02.jpeg","datePublished":"2024-09-25T13:19:31+00:00","dateModified":"2024-09-25T13:19:33+00:00","breadcrumb":{"@id":"https:\/\/noticiaempauta.com\/portal\/camara-municipal-de-picos-sessao-ordinaria-veja-pauta\/#breadcrumb"},"inLanguage":"pt-BR","potentialAction":[{"@type":"ReadAction","target":["https:\/\/noticiaempauta.com\/portal\/camara-municipal-de-picos-sessao-ordinaria-veja-pauta\/"]}]},{"@type":"ImageObject","inLanguage":"pt-BR","@id":"https:\/\/noticiaempauta.com\/portal\/camara-municipal-de-picos-sessao-ordinaria-veja-pauta\/#primaryimage","url":"https:\/\/noticiaempauta.com\/portal\/wp-content\/uploads\/2024\/09\/WhatsApp-Image-2024-09-25-at-10.14.02.jpeg","contentUrl":"https:\/\/noticiaempauta.com\/portal\/wp-content\/uploads\/2024\/09\/WhatsApp-Image-2024-09-25-at-10.14.02.jpeg","width":1110,"height":815},{"@type":"BreadcrumbList","@id":"https:\/\/noticiaempauta.com\/portal\/camara-municipal-de-picos-sessao-ordinaria-veja-pauta\/#breadcrumb","itemListElement":[{"@type":"ListItem","position":1,"name":"P\u00e1gina Inicial","item":"https:\/\/noticiaempauta.com\/portal\/"},{"@type":"ListItem","position":2,"name":"Destaques","item":"https:\/\/noticiaempauta.com\/portal\/destaques-site\/"},{"@type":"ListItem","position":3,"name":"C\u00e2mara Municipal de Picos sess\u00e3o ordin\u00e1ria; veja pauta"}]},{"@type":"WebSite","@id":"https:\/\/noticiaempauta.com\/portal\/#website","url":"https:\/\/noticiaempauta.com\/portal\/","name":"Portal Not\u00edcia em Pauta","description":"Voc\u00ea bem informado","publisher":{"@id":"https:\/\/noticiaempauta.com\/portal\/#organization"},"potentialAction":[{"@type":"SearchAction","target":{"@type":"EntryPoint","urlTemplate":"https:\/\/noticiaempauta.com\/portal\/?s={search_term_string}"},"query-input":{"@type":"PropertyValueSpecification","valueRequired":true,"valueName":"search_term_string"}}],"inLanguage":"pt-BR"},{"@type":"Organization","@id":"https:\/\/noticiaempauta.com\/portal\/#organization","name":"Portal Not\u00edcia em Pauta","url":"https:\/\/noticiaempauta.com\/portal\/","logo":{"@type":"ImageObject","inLanguage":"pt-BR","@id":"https:\/\/noticiaempauta.com\/portal\/#\/schema\/logo\/image\/","url":"https:\/\/noticiaempauta.com\/portal\/wp-content\/uploads\/2022\/08\/logomarca_tema.fw_.png","contentUrl":"https:\/\/noticiaempauta.com\/portal\/wp-content\/uploads\/2022\/08\/logomarca_tema.fw_.png","width":400,"height":232,"caption":"Portal Not\u00edcia em Pauta"},"image":{"@id":"https:\/\/noticiaempauta.com\/portal\/#\/schema\/logo\/image\/"},"sameAs":["https:\/\/www.facebook.com\/Portal-Notcia-Em-Pauta-102292869264820\/","https:\/\/www.instagram.com\/portalnoticiaempauta\/"]},{"@type":"Person","@id":"https:\/\/noticiaempauta.com\/portal\/#\/schema\/person\/a74af43dd1ab3deca45f988c717d57ac","name":"Reda\u00e7\u00e3o","image":{"@type":"ImageObject","inLanguage":"pt-BR","@id":"https:\/\/noticiaempauta.com\/portal\/#\/schema\/person\/image\/","url":"https:\/\/secure.gravatar.com\/avatar\/03179346ecce6cdfc13361603e8f54242a90e5cde8618fa23c5c00aa2b0aadf3?s=96&d=mm&r=g","contentUrl":"https:\/\/secure.gravatar.com\/avatar\/03179346ecce6cdfc13361603e8f54242a90e5cde8618fa23c5c00aa2b0aadf3?s=96&d=mm&r=g","caption":"Reda\u00e7\u00e3o"},"sameAs":["https:\/\/noticiaempauta.com\/portal\/"],"url":"https:\/\/noticiaempauta.com\/portal\/author\/fernando\/"}]}},"_links":{"self":[{"href":"https:\/\/noticiaempauta.com\/portal\/wp-json\/wp\/v2\/posts\/262349","targetHints":{"allow":["GET"]}}],"collection":[{"href":"https:\/\/noticiaempauta.com\/portal\/wp-json\/wp\/v2\/posts"}],"about":[{"href":"https:\/\/noticiaempauta.com\/portal\/wp-json\/wp\/v2\/types\/post"}],"author":[{"embeddable":true,"href":"https:\/\/noticiaempauta.com\/portal\/wp-json\/wp\/v2\/users\/2"}],"replies":[{"embeddable":true,"href":"https:\/\/noticiaempauta.com\/portal\/wp-json\/wp\/v2\/comments?post=262349"}],"version-history":[{"count":1,"href":"https:\/\/noticiaempauta.com\/portal\/wp-json\/wp\/v2\/posts\/262349\/revisions"}],"predecessor-version":[{"id":262352,"href":"https:\/\/noticiaempauta.com\/portal\/wp-json\/wp\/v2\/posts\/262349\/revisions\/262352"}],"wp:featuredmedia":[{"embeddable":true,"href":"https:\/\/noticiaempauta.com\/portal\/wp-json\/wp\/v2\/media\/262350"}],"wp:attachment":[{"href":"https:\/\/noticiaempauta.com\/portal\/wp-json\/wp\/v2\/media?parent=262349"}],"wp:term":[{"taxonomy":"category","embeddable":true,"href":"https:\/\/noticiaempauta.com\/portal\/wp-json\/wp\/v2\/categories?post=262349"},{"taxonomy":"post_tag","embeddable":true,"href":"https:\/\/noticiaempauta.com\/portal\/wp-json\/wp\/v2\/tags?post=262349"}],"curies":[{"name":"wp","href":"https:\/\/api.w.org\/{rel}","templated":true}]}}