{"id":262388,"date":"2024-09-26T10:31:58","date_gmt":"2024-09-26T13:31:58","guid":{"rendered":"https:\/\/noticiaempauta.com\/portal\/?p=262388"},"modified":"2024-09-26T10:31:59","modified_gmt":"2024-09-26T13:31:59","slug":"dr-wilton-e-filo-realizam-mega-comicio-na-reta-final-da-campanha-em-massape-do-piaui-neste-sabado-28","status":"publish","type":"post","link":"https:\/\/noticiaempauta.com\/portal\/dr-wilton-e-filo-realizam-mega-comicio-na-reta-final-da-campanha-em-massape-do-piaui-neste-sabado-28\/","title":{"rendered":"Dr. Wilton e Fil\u00f4 realizam mega com\u00edcio na reta final da campanha em Massap\u00ea do Piau\u00ed neste s\u00e1bado (28)"},"content":{"rendered":"\n<p>A coliga\u00e7\u00e3o &#8220;A Mudan\u00e7a com a For\u00e7a do Povo&#8221;, que tem Dr. Wilton como candidato a prefeito e Fil\u00f4 como vice, realizar\u00e1 neste s\u00e1bado, 28 de setembro, o \u00faltimo com\u00edcio da campanha. O evento, que j\u00e1 gera grande expectativa entre os moradores, promete atrair um p\u00fablico expressivo, consolidando o engajamento popular visto ao longo de toda a campanha.<\/p>\n\n\n\n<figure class=\"wp-block-image size-large\"><img fetchpriority=\"high\" decoding=\"async\" width=\"1024\" height=\"819\" src=\"https:\/\/noticiaempauta.com\/portal\/wp-content\/uploads\/2024\/09\/WhatsApp-Image-2024-09-13-at-08.59.40-1536x1228.jpeg-1024x819.webp\" alt=\"\" class=\"wp-image-262390\" srcset=\"https:\/\/noticiaempauta.com\/portal\/wp-content\/uploads\/2024\/09\/WhatsApp-Image-2024-09-13-at-08.59.40-1536x1228.jpeg-1024x819.webp 1024w, https:\/\/noticiaempauta.com\/portal\/wp-content\/uploads\/2024\/09\/WhatsApp-Image-2024-09-13-at-08.59.40-1536x1228.jpeg-300x240.webp 300w, https:\/\/noticiaempauta.com\/portal\/wp-content\/uploads\/2024\/09\/WhatsApp-Image-2024-09-13-at-08.59.40-1536x1228.jpeg-768x614.webp 768w, https:\/\/noticiaempauta.com\/portal\/wp-content\/uploads\/2024\/09\/WhatsApp-Image-2024-09-13-at-08.59.40-1536x1228.jpeg.webp 1536w\" sizes=\"(max-width: 1024px) 100vw, 1024px\" \/><\/figure>\n\n\n\n<p>Desde o in\u00edcio da jornada eleitoral, os eventos promovidos pela coliga\u00e7\u00e3o t\u00eam mostrado uma impressionante participa\u00e7\u00e3o popular, refletindo o que as pesquisas indicam: Dr. Wilton lidera com ampla prefer\u00eancia entre os eleitores de Massap\u00ea do Piau\u00ed.<\/p>\n\n\n\n<figure class=\"wp-block-image size-large\"><img decoding=\"async\" width=\"1024\" height=\"683\" src=\"https:\/\/noticiaempauta.com\/portal\/wp-content\/uploads\/2024\/09\/IMG_4640-qrtorrahey6gp7f16m0mxzok7ycxdp0zzdqrbhghts.jpg-qsoz2pmolrwhtipdg973t3wqy7l1jvmgo64nju32v4-1024x683.webp\" alt=\"\" class=\"wp-image-262389\" srcset=\"https:\/\/noticiaempauta.com\/portal\/wp-content\/uploads\/2024\/09\/IMG_4640-qrtorrahey6gp7f16m0mxzok7ycxdp0zzdqrbhghts.jpg-qsoz2pmolrwhtipdg973t3wqy7l1jvmgo64nju32v4-1024x683.webp 1024w, https:\/\/noticiaempauta.com\/portal\/wp-content\/uploads\/2024\/09\/IMG_4640-qrtorrahey6gp7f16m0mxzok7ycxdp0zzdqrbhghts.jpg-qsoz2pmolrwhtipdg973t3wqy7l1jvmgo64nju32v4-300x200.webp 300w, https:\/\/noticiaempauta.com\/portal\/wp-content\/uploads\/2024\/09\/IMG_4640-qrtorrahey6gp7f16m0mxzok7ycxdp0zzdqrbhghts.jpg-qsoz2pmolrwhtipdg973t3wqy7l1jvmgo64nju32v4-768x512.webp 768w, https:\/\/noticiaempauta.com\/portal\/wp-content\/uploads\/2024\/09\/IMG_4640-qrtorrahey6gp7f16m0mxzok7ycxdp0zzdqrbhghts.jpg-qsoz2pmolrwhtipdg973t3wqy7l1jvmgo64nju32v4.webp 1200w\" sizes=\"(max-width: 1024px) 100vw, 1024px\" \/><\/figure>\n\n\n\n<p>O com\u00edcio ser\u00e1 realizado em frente ao comit\u00ea de campanha e ter\u00e1 in\u00edcio logo ap\u00f3s uma grande carreata, que tamb\u00e9m promete ser a maior j\u00e1 vista no munic\u00edpio, reafirmando a for\u00e7a da candidatura de Dr. Wilton.<\/p>\n\n\n\n<p>Como \u00faltimo compromisso antes do pleito, Dr. Wilton contar\u00e1 ainda com a presen\u00e7a do governador Rafael Fonteles, que visitar\u00e1 Massap\u00ea do Piau\u00ed no dia 2 de outubro, marcando o encerramento oficial da campanha.<\/p>\n\n\n\n<p>Ascom<\/p>\n","protected":false},"excerpt":{"rendered":"<p>A coliga\u00e7\u00e3o &#8220;A Mudan\u00e7a com a For\u00e7a do Povo&#8221;, que tem Dr. Wilton como candidato a prefeito e Fil\u00f4 como vice, realizar\u00e1 neste s\u00e1bado, 28 de setembro, o \u00faltimo com\u00edcio da campanha. O evento, que j\u00e1 gera grande expectativa entre os moradores, promete atrair um p\u00fablico expressivo, consolidando o engajamento popular visto ao longo de [&hellip;]<\/p>\n","protected":false},"author":2,"featured_media":262389,"comment_status":"open","ping_status":"open","sticky":false,"template":"","format":"standard","meta":{"_mi_skip_tracking":false,"footnotes":""},"categories":[25,1,9,3,16],"tags":[],"class_list":["post-262388","post","type-post","status-publish","format-standard","has-post-thumbnail","hentry","category-destaques-site","category-geral","category-municipios","category-politica","category-todas"],"acf":[],"yoast_head":"<!-- This site is optimized with the Yoast SEO Premium plugin v19.2 (Yoast SEO v26.9) - https:\/\/yoast.com\/product\/yoast-seo-premium-wordpress\/ -->\n<title>Dr. Wilton e Fil\u00f4 realizam mega com\u00edcio na reta final da campanha em Massap\u00ea do Piau\u00ed neste s\u00e1bado (28) - Portal Not\u00edcia em Pauta<\/title>\n<meta name=\"robots\" content=\"index, follow, max-snippet:-1, max-image-preview:large, max-video-preview:-1\" \/>\n<link rel=\"canonical\" href=\"https:\/\/noticiaempauta.com\/portal\/dr-wilton-e-filo-realizam-mega-comicio-na-reta-final-da-campanha-em-massape-do-piaui-neste-sabado-28\/\" \/>\n<meta property=\"og:locale\" content=\"pt_BR\" \/>\n<meta property=\"og:type\" content=\"article\" \/>\n<meta property=\"og:title\" content=\"Dr. Wilton e Fil\u00f4 realizam mega com\u00edcio na reta final da campanha em Massap\u00ea do Piau\u00ed neste s\u00e1bado (28)\" \/>\n<meta property=\"og:description\" content=\"A coliga\u00e7\u00e3o &#8220;A Mudan\u00e7a com a For\u00e7a do Povo&#8221;, que tem Dr. Wilton como candidato a prefeito e Fil\u00f4 como vice, realizar\u00e1 neste s\u00e1bado, 28 de setembro, o \u00faltimo com\u00edcio da campanha. O evento, que j\u00e1 gera grande expectativa entre os moradores, promete atrair um p\u00fablico expressivo, consolidando o engajamento popular visto ao longo de [&hellip;]\" \/>\n<meta property=\"og:url\" content=\"https:\/\/noticiaempauta.com\/portal\/dr-wilton-e-filo-realizam-mega-comicio-na-reta-final-da-campanha-em-massape-do-piaui-neste-sabado-28\/\" \/>\n<meta property=\"og:site_name\" content=\"Portal Not\u00edcia em Pauta\" \/>\n<meta property=\"article:publisher\" content=\"https:\/\/www.facebook.com\/Portal-Notcia-Em-Pauta-102292869264820\/\" \/>\n<meta property=\"article:published_time\" content=\"2024-09-26T13:31:58+00:00\" \/>\n<meta property=\"article:modified_time\" content=\"2024-09-26T13:31:59+00:00\" \/>\n<meta property=\"og:image\" content=\"https:\/\/noticiaempauta.com\/portal\/wp-content\/uploads\/2024\/09\/IMG_4640-qrtorrahey6gp7f16m0mxzok7ycxdp0zzdqrbhghts.jpg-qsoz2pmolrwhtipdg973t3wqy7l1jvmgo64nju32v4.webp\" \/>\n\t<meta property=\"og:image:width\" content=\"1200\" \/>\n\t<meta property=\"og:image:height\" content=\"800\" \/>\n\t<meta property=\"og:image:type\" content=\"image\/webp\" \/>\n<meta name=\"author\" content=\"Reda\u00e7\u00e3o\" \/>\n<meta name=\"twitter:card\" content=\"summary_large_image\" \/>\n<meta name=\"twitter:label1\" content=\"Escrito por\" \/>\n\t<meta name=\"twitter:data1\" content=\"Reda\u00e7\u00e3o\" \/>\n\t<meta name=\"twitter:label2\" content=\"Est. tempo de leitura\" \/>\n\t<meta name=\"twitter:data2\" content=\"2 minutos\" \/>\n<script type=\"application\/ld+json\" class=\"yoast-schema-graph\">{\"@context\":\"https:\/\/schema.org\",\"@graph\":[{\"@type\":\"Article\",\"@id\":\"https:\/\/noticiaempauta.com\/portal\/dr-wilton-e-filo-realizam-mega-comicio-na-reta-final-da-campanha-em-massape-do-piaui-neste-sabado-28\/#article\",\"isPartOf\":{\"@id\":\"https:\/\/noticiaempauta.com\/portal\/dr-wilton-e-filo-realizam-mega-comicio-na-reta-final-da-campanha-em-massape-do-piaui-neste-sabado-28\/\"},\"author\":{\"name\":\"Reda\u00e7\u00e3o\",\"@id\":\"https:\/\/noticiaempauta.com\/portal\/#\/schema\/person\/a74af43dd1ab3deca45f988c717d57ac\"},\"headline\":\"Dr. Wilton e Fil\u00f4 realizam mega com\u00edcio na reta final da campanha em Massap\u00ea do Piau\u00ed neste s\u00e1bado (28)\",\"datePublished\":\"2024-09-26T13:31:58+00:00\",\"dateModified\":\"2024-09-26T13:31:59+00:00\",\"mainEntityOfPage\":{\"@id\":\"https:\/\/noticiaempauta.com\/portal\/dr-wilton-e-filo-realizam-mega-comicio-na-reta-final-da-campanha-em-massape-do-piaui-neste-sabado-28\/\"},\"wordCount\":200,\"commentCount\":0,\"publisher\":{\"@id\":\"https:\/\/noticiaempauta.com\/portal\/#organization\"},\"image\":{\"@id\":\"https:\/\/noticiaempauta.com\/portal\/dr-wilton-e-filo-realizam-mega-comicio-na-reta-final-da-campanha-em-massape-do-piaui-neste-sabado-28\/#primaryimage\"},\"thumbnailUrl\":\"https:\/\/noticiaempauta.com\/portal\/wp-content\/uploads\/2024\/09\/IMG_4640-qrtorrahey6gp7f16m0mxzok7ycxdp0zzdqrbhghts.jpg-qsoz2pmolrwhtipdg973t3wqy7l1jvmgo64nju32v4.webp\",\"articleSection\":[\"Destaques\",\"Geral\",\"Munic\u00edpios\",\"Pol\u00edtica\",\"Todas as Not\u00edcias\"],\"inLanguage\":\"pt-BR\",\"potentialAction\":[{\"@type\":\"CommentAction\",\"name\":\"Comment\",\"target\":[\"https:\/\/noticiaempauta.com\/portal\/dr-wilton-e-filo-realizam-mega-comicio-na-reta-final-da-campanha-em-massape-do-piaui-neste-sabado-28\/#respond\"]}]},{\"@type\":\"WebPage\",\"@id\":\"https:\/\/noticiaempauta.com\/portal\/dr-wilton-e-filo-realizam-mega-comicio-na-reta-final-da-campanha-em-massape-do-piaui-neste-sabado-28\/\",\"url\":\"https:\/\/noticiaempauta.com\/portal\/dr-wilton-e-filo-realizam-mega-comicio-na-reta-final-da-campanha-em-massape-do-piaui-neste-sabado-28\/\",\"name\":\"Dr. Wilton e Fil\u00f4 realizam mega com\u00edcio na reta final da campanha em Massap\u00ea do Piau\u00ed neste s\u00e1bado (28) - Portal Not\u00edcia em Pauta\",\"isPartOf\":{\"@id\":\"https:\/\/noticiaempauta.com\/portal\/#website\"},\"primaryImageOfPage\":{\"@id\":\"https:\/\/noticiaempauta.com\/portal\/dr-wilton-e-filo-realizam-mega-comicio-na-reta-final-da-campanha-em-massape-do-piaui-neste-sabado-28\/#primaryimage\"},\"image\":{\"@id\":\"https:\/\/noticiaempauta.com\/portal\/dr-wilton-e-filo-realizam-mega-comicio-na-reta-final-da-campanha-em-massape-do-piaui-neste-sabado-28\/#primaryimage\"},\"thumbnailUrl\":\"https:\/\/noticiaempauta.com\/portal\/wp-content\/uploads\/2024\/09\/IMG_4640-qrtorrahey6gp7f16m0mxzok7ycxdp0zzdqrbhghts.jpg-qsoz2pmolrwhtipdg973t3wqy7l1jvmgo64nju32v4.webp\",\"datePublished\":\"2024-09-26T13:31:58+00:00\",\"dateModified\":\"2024-09-26T13:31:59+00:00\",\"breadcrumb\":{\"@id\":\"https:\/\/noticiaempauta.com\/portal\/dr-wilton-e-filo-realizam-mega-comicio-na-reta-final-da-campanha-em-massape-do-piaui-neste-sabado-28\/#breadcrumb\"},\"inLanguage\":\"pt-BR\",\"potentialAction\":[{\"@type\":\"ReadAction\",\"target\":[\"https:\/\/noticiaempauta.com\/portal\/dr-wilton-e-filo-realizam-mega-comicio-na-reta-final-da-campanha-em-massape-do-piaui-neste-sabado-28\/\"]}]},{\"@type\":\"ImageObject\",\"inLanguage\":\"pt-BR\",\"@id\":\"https:\/\/noticiaempauta.com\/portal\/dr-wilton-e-filo-realizam-mega-comicio-na-reta-final-da-campanha-em-massape-do-piaui-neste-sabado-28\/#primaryimage\",\"url\":\"https:\/\/noticiaempauta.com\/portal\/wp-content\/uploads\/2024\/09\/IMG_4640-qrtorrahey6gp7f16m0mxzok7ycxdp0zzdqrbhghts.jpg-qsoz2pmolrwhtipdg973t3wqy7l1jvmgo64nju32v4.webp\",\"contentUrl\":\"https:\/\/noticiaempauta.com\/portal\/wp-content\/uploads\/2024\/09\/IMG_4640-qrtorrahey6gp7f16m0mxzok7ycxdp0zzdqrbhghts.jpg-qsoz2pmolrwhtipdg973t3wqy7l1jvmgo64nju32v4.webp\",\"width\":1200,\"height\":800},{\"@type\":\"BreadcrumbList\",\"@id\":\"https:\/\/noticiaempauta.com\/portal\/dr-wilton-e-filo-realizam-mega-comicio-na-reta-final-da-campanha-em-massape-do-piaui-neste-sabado-28\/#breadcrumb\",\"itemListElement\":[{\"@type\":\"ListItem\",\"position\":1,\"name\":\"P\u00e1gina Inicial\",\"item\":\"https:\/\/noticiaempauta.com\/portal\/\"},{\"@type\":\"ListItem\",\"position\":2,\"name\":\"Destaques\",\"item\":\"https:\/\/noticiaempauta.com\/portal\/destaques-site\/\"},{\"@type\":\"ListItem\",\"position\":3,\"name\":\"Dr. Wilton e Fil\u00f4 realizam mega com\u00edcio na reta final da campanha em Massap\u00ea do Piau\u00ed neste s\u00e1bado (28)\"}]},{\"@type\":\"WebSite\",\"@id\":\"https:\/\/noticiaempauta.com\/portal\/#website\",\"url\":\"https:\/\/noticiaempauta.com\/portal\/\",\"name\":\"Portal Not\u00edcia em Pauta\",\"description\":\"Voc\u00ea bem informado\",\"publisher\":{\"@id\":\"https:\/\/noticiaempauta.com\/portal\/#organization\"},\"potentialAction\":[{\"@type\":\"SearchAction\",\"target\":{\"@type\":\"EntryPoint\",\"urlTemplate\":\"https:\/\/noticiaempauta.com\/portal\/?s={search_term_string}\"},\"query-input\":{\"@type\":\"PropertyValueSpecification\",\"valueRequired\":true,\"valueName\":\"search_term_string\"}}],\"inLanguage\":\"pt-BR\"},{\"@type\":\"Organization\",\"@id\":\"https:\/\/noticiaempauta.com\/portal\/#organization\",\"name\":\"Portal Not\u00edcia em Pauta\",\"url\":\"https:\/\/noticiaempauta.com\/portal\/\",\"logo\":{\"@type\":\"ImageObject\",\"inLanguage\":\"pt-BR\",\"@id\":\"https:\/\/noticiaempauta.com\/portal\/#\/schema\/logo\/image\/\",\"url\":\"https:\/\/noticiaempauta.com\/portal\/wp-content\/uploads\/2022\/08\/logomarca_tema.fw_.png\",\"contentUrl\":\"https:\/\/noticiaempauta.com\/portal\/wp-content\/uploads\/2022\/08\/logomarca_tema.fw_.png\",\"width\":400,\"height\":232,\"caption\":\"Portal Not\u00edcia em Pauta\"},\"image\":{\"@id\":\"https:\/\/noticiaempauta.com\/portal\/#\/schema\/logo\/image\/\"},\"sameAs\":[\"https:\/\/www.facebook.com\/Portal-Notcia-Em-Pauta-102292869264820\/\",\"https:\/\/www.instagram.com\/portalnoticiaempauta\/\"]},{\"@type\":\"Person\",\"@id\":\"https:\/\/noticiaempauta.com\/portal\/#\/schema\/person\/a74af43dd1ab3deca45f988c717d57ac\",\"name\":\"Reda\u00e7\u00e3o\",\"image\":{\"@type\":\"ImageObject\",\"inLanguage\":\"pt-BR\",\"@id\":\"https:\/\/noticiaempauta.com\/portal\/#\/schema\/person\/image\/\",\"url\":\"https:\/\/secure.gravatar.com\/avatar\/03179346ecce6cdfc13361603e8f54242a90e5cde8618fa23c5c00aa2b0aadf3?s=96&d=mm&r=g\",\"contentUrl\":\"https:\/\/secure.gravatar.com\/avatar\/03179346ecce6cdfc13361603e8f54242a90e5cde8618fa23c5c00aa2b0aadf3?s=96&d=mm&r=g\",\"caption\":\"Reda\u00e7\u00e3o\"},\"sameAs\":[\"https:\/\/noticiaempauta.com\/portal\/\"],\"url\":\"https:\/\/noticiaempauta.com\/portal\/author\/fernando\/\"}]}<\/script>\n<!-- \/ Yoast SEO Premium plugin. -->","yoast_head_json":{"title":"Dr. Wilton e Fil\u00f4 realizam mega com\u00edcio na reta final da campanha em Massap\u00ea do Piau\u00ed neste s\u00e1bado (28) - Portal Not\u00edcia em Pauta","robots":{"index":"index","follow":"follow","max-snippet":"max-snippet:-1","max-image-preview":"max-image-preview:large","max-video-preview":"max-video-preview:-1"},"canonical":"https:\/\/noticiaempauta.com\/portal\/dr-wilton-e-filo-realizam-mega-comicio-na-reta-final-da-campanha-em-massape-do-piaui-neste-sabado-28\/","og_locale":"pt_BR","og_type":"article","og_title":"Dr. Wilton e Fil\u00f4 realizam mega com\u00edcio na reta final da campanha em Massap\u00ea do Piau\u00ed neste s\u00e1bado (28)","og_description":"A coliga\u00e7\u00e3o &#8220;A Mudan\u00e7a com a For\u00e7a do Povo&#8221;, que tem Dr. Wilton como candidato a prefeito e Fil\u00f4 como vice, realizar\u00e1 neste s\u00e1bado, 28 de setembro, o \u00faltimo com\u00edcio da campanha. O evento, que j\u00e1 gera grande expectativa entre os moradores, promete atrair um p\u00fablico expressivo, consolidando o engajamento popular visto ao longo de [&hellip;]","og_url":"https:\/\/noticiaempauta.com\/portal\/dr-wilton-e-filo-realizam-mega-comicio-na-reta-final-da-campanha-em-massape-do-piaui-neste-sabado-28\/","og_site_name":"Portal Not\u00edcia em Pauta","article_publisher":"https:\/\/www.facebook.com\/Portal-Notcia-Em-Pauta-102292869264820\/","article_published_time":"2024-09-26T13:31:58+00:00","article_modified_time":"2024-09-26T13:31:59+00:00","og_image":[{"width":1200,"height":800,"url":"https:\/\/noticiaempauta.com\/portal\/wp-content\/uploads\/2024\/09\/IMG_4640-qrtorrahey6gp7f16m0mxzok7ycxdp0zzdqrbhghts.jpg-qsoz2pmolrwhtipdg973t3wqy7l1jvmgo64nju32v4.webp","type":"image\/webp"}],"author":"Reda\u00e7\u00e3o","twitter_card":"summary_large_image","twitter_misc":{"Escrito por":"Reda\u00e7\u00e3o","Est. tempo de leitura":"2 minutos"},"schema":{"@context":"https:\/\/schema.org","@graph":[{"@type":"Article","@id":"https:\/\/noticiaempauta.com\/portal\/dr-wilton-e-filo-realizam-mega-comicio-na-reta-final-da-campanha-em-massape-do-piaui-neste-sabado-28\/#article","isPartOf":{"@id":"https:\/\/noticiaempauta.com\/portal\/dr-wilton-e-filo-realizam-mega-comicio-na-reta-final-da-campanha-em-massape-do-piaui-neste-sabado-28\/"},"author":{"name":"Reda\u00e7\u00e3o","@id":"https:\/\/noticiaempauta.com\/portal\/#\/schema\/person\/a74af43dd1ab3deca45f988c717d57ac"},"headline":"Dr. Wilton e Fil\u00f4 realizam mega com\u00edcio na reta final da campanha em Massap\u00ea do Piau\u00ed neste s\u00e1bado (28)","datePublished":"2024-09-26T13:31:58+00:00","dateModified":"2024-09-26T13:31:59+00:00","mainEntityOfPage":{"@id":"https:\/\/noticiaempauta.com\/portal\/dr-wilton-e-filo-realizam-mega-comicio-na-reta-final-da-campanha-em-massape-do-piaui-neste-sabado-28\/"},"wordCount":200,"commentCount":0,"publisher":{"@id":"https:\/\/noticiaempauta.com\/portal\/#organization"},"image":{"@id":"https:\/\/noticiaempauta.com\/portal\/dr-wilton-e-filo-realizam-mega-comicio-na-reta-final-da-campanha-em-massape-do-piaui-neste-sabado-28\/#primaryimage"},"thumbnailUrl":"https:\/\/noticiaempauta.com\/portal\/wp-content\/uploads\/2024\/09\/IMG_4640-qrtorrahey6gp7f16m0mxzok7ycxdp0zzdqrbhghts.jpg-qsoz2pmolrwhtipdg973t3wqy7l1jvmgo64nju32v4.webp","articleSection":["Destaques","Geral","Munic\u00edpios","Pol\u00edtica","Todas as Not\u00edcias"],"inLanguage":"pt-BR","potentialAction":[{"@type":"CommentAction","name":"Comment","target":["https:\/\/noticiaempauta.com\/portal\/dr-wilton-e-filo-realizam-mega-comicio-na-reta-final-da-campanha-em-massape-do-piaui-neste-sabado-28\/#respond"]}]},{"@type":"WebPage","@id":"https:\/\/noticiaempauta.com\/portal\/dr-wilton-e-filo-realizam-mega-comicio-na-reta-final-da-campanha-em-massape-do-piaui-neste-sabado-28\/","url":"https:\/\/noticiaempauta.com\/portal\/dr-wilton-e-filo-realizam-mega-comicio-na-reta-final-da-campanha-em-massape-do-piaui-neste-sabado-28\/","name":"Dr. Wilton e Fil\u00f4 realizam mega com\u00edcio na reta final da campanha em Massap\u00ea do Piau\u00ed neste s\u00e1bado (28) - Portal Not\u00edcia em Pauta","isPartOf":{"@id":"https:\/\/noticiaempauta.com\/portal\/#website"},"primaryImageOfPage":{"@id":"https:\/\/noticiaempauta.com\/portal\/dr-wilton-e-filo-realizam-mega-comicio-na-reta-final-da-campanha-em-massape-do-piaui-neste-sabado-28\/#primaryimage"},"image":{"@id":"https:\/\/noticiaempauta.com\/portal\/dr-wilton-e-filo-realizam-mega-comicio-na-reta-final-da-campanha-em-massape-do-piaui-neste-sabado-28\/#primaryimage"},"thumbnailUrl":"https:\/\/noticiaempauta.com\/portal\/wp-content\/uploads\/2024\/09\/IMG_4640-qrtorrahey6gp7f16m0mxzok7ycxdp0zzdqrbhghts.jpg-qsoz2pmolrwhtipdg973t3wqy7l1jvmgo64nju32v4.webp","datePublished":"2024-09-26T13:31:58+00:00","dateModified":"2024-09-26T13:31:59+00:00","breadcrumb":{"@id":"https:\/\/noticiaempauta.com\/portal\/dr-wilton-e-filo-realizam-mega-comicio-na-reta-final-da-campanha-em-massape-do-piaui-neste-sabado-28\/#breadcrumb"},"inLanguage":"pt-BR","potentialAction":[{"@type":"ReadAction","target":["https:\/\/noticiaempauta.com\/portal\/dr-wilton-e-filo-realizam-mega-comicio-na-reta-final-da-campanha-em-massape-do-piaui-neste-sabado-28\/"]}]},{"@type":"ImageObject","inLanguage":"pt-BR","@id":"https:\/\/noticiaempauta.com\/portal\/dr-wilton-e-filo-realizam-mega-comicio-na-reta-final-da-campanha-em-massape-do-piaui-neste-sabado-28\/#primaryimage","url":"https:\/\/noticiaempauta.com\/portal\/wp-content\/uploads\/2024\/09\/IMG_4640-qrtorrahey6gp7f16m0mxzok7ycxdp0zzdqrbhghts.jpg-qsoz2pmolrwhtipdg973t3wqy7l1jvmgo64nju32v4.webp","contentUrl":"https:\/\/noticiaempauta.com\/portal\/wp-content\/uploads\/2024\/09\/IMG_4640-qrtorrahey6gp7f16m0mxzok7ycxdp0zzdqrbhghts.jpg-qsoz2pmolrwhtipdg973t3wqy7l1jvmgo64nju32v4.webp","width":1200,"height":800},{"@type":"BreadcrumbList","@id":"https:\/\/noticiaempauta.com\/portal\/dr-wilton-e-filo-realizam-mega-comicio-na-reta-final-da-campanha-em-massape-do-piaui-neste-sabado-28\/#breadcrumb","itemListElement":[{"@type":"ListItem","position":1,"name":"P\u00e1gina Inicial","item":"https:\/\/noticiaempauta.com\/portal\/"},{"@type":"ListItem","position":2,"name":"Destaques","item":"https:\/\/noticiaempauta.com\/portal\/destaques-site\/"},{"@type":"ListItem","position":3,"name":"Dr. Wilton e Fil\u00f4 realizam mega com\u00edcio na reta final da campanha em Massap\u00ea do Piau\u00ed neste s\u00e1bado (28)"}]},{"@type":"WebSite","@id":"https:\/\/noticiaempauta.com\/portal\/#website","url":"https:\/\/noticiaempauta.com\/portal\/","name":"Portal Not\u00edcia em Pauta","description":"Voc\u00ea bem informado","publisher":{"@id":"https:\/\/noticiaempauta.com\/portal\/#organization"},"potentialAction":[{"@type":"SearchAction","target":{"@type":"EntryPoint","urlTemplate":"https:\/\/noticiaempauta.com\/portal\/?s={search_term_string}"},"query-input":{"@type":"PropertyValueSpecification","valueRequired":true,"valueName":"search_term_string"}}],"inLanguage":"pt-BR"},{"@type":"Organization","@id":"https:\/\/noticiaempauta.com\/portal\/#organization","name":"Portal Not\u00edcia em Pauta","url":"https:\/\/noticiaempauta.com\/portal\/","logo":{"@type":"ImageObject","inLanguage":"pt-BR","@id":"https:\/\/noticiaempauta.com\/portal\/#\/schema\/logo\/image\/","url":"https:\/\/noticiaempauta.com\/portal\/wp-content\/uploads\/2022\/08\/logomarca_tema.fw_.png","contentUrl":"https:\/\/noticiaempauta.com\/portal\/wp-content\/uploads\/2022\/08\/logomarca_tema.fw_.png","width":400,"height":232,"caption":"Portal Not\u00edcia em Pauta"},"image":{"@id":"https:\/\/noticiaempauta.com\/portal\/#\/schema\/logo\/image\/"},"sameAs":["https:\/\/www.facebook.com\/Portal-Notcia-Em-Pauta-102292869264820\/","https:\/\/www.instagram.com\/portalnoticiaempauta\/"]},{"@type":"Person","@id":"https:\/\/noticiaempauta.com\/portal\/#\/schema\/person\/a74af43dd1ab3deca45f988c717d57ac","name":"Reda\u00e7\u00e3o","image":{"@type":"ImageObject","inLanguage":"pt-BR","@id":"https:\/\/noticiaempauta.com\/portal\/#\/schema\/person\/image\/","url":"https:\/\/secure.gravatar.com\/avatar\/03179346ecce6cdfc13361603e8f54242a90e5cde8618fa23c5c00aa2b0aadf3?s=96&d=mm&r=g","contentUrl":"https:\/\/secure.gravatar.com\/avatar\/03179346ecce6cdfc13361603e8f54242a90e5cde8618fa23c5c00aa2b0aadf3?s=96&d=mm&r=g","caption":"Reda\u00e7\u00e3o"},"sameAs":["https:\/\/noticiaempauta.com\/portal\/"],"url":"https:\/\/noticiaempauta.com\/portal\/author\/fernando\/"}]}},"_links":{"self":[{"href":"https:\/\/noticiaempauta.com\/portal\/wp-json\/wp\/v2\/posts\/262388","targetHints":{"allow":["GET"]}}],"collection":[{"href":"https:\/\/noticiaempauta.com\/portal\/wp-json\/wp\/v2\/posts"}],"about":[{"href":"https:\/\/noticiaempauta.com\/portal\/wp-json\/wp\/v2\/types\/post"}],"author":[{"embeddable":true,"href":"https:\/\/noticiaempauta.com\/portal\/wp-json\/wp\/v2\/users\/2"}],"replies":[{"embeddable":true,"href":"https:\/\/noticiaempauta.com\/portal\/wp-json\/wp\/v2\/comments?post=262388"}],"version-history":[{"count":1,"href":"https:\/\/noticiaempauta.com\/portal\/wp-json\/wp\/v2\/posts\/262388\/revisions"}],"predecessor-version":[{"id":262391,"href":"https:\/\/noticiaempauta.com\/portal\/wp-json\/wp\/v2\/posts\/262388\/revisions\/262391"}],"wp:featuredmedia":[{"embeddable":true,"href":"https:\/\/noticiaempauta.com\/portal\/wp-json\/wp\/v2\/media\/262389"}],"wp:attachment":[{"href":"https:\/\/noticiaempauta.com\/portal\/wp-json\/wp\/v2\/media?parent=262388"}],"wp:term":[{"taxonomy":"category","embeddable":true,"href":"https:\/\/noticiaempauta.com\/portal\/wp-json\/wp\/v2\/categories?post=262388"},{"taxonomy":"post_tag","embeddable":true,"href":"https:\/\/noticiaempauta.com\/portal\/wp-json\/wp\/v2\/tags?post=262388"}],"curies":[{"name":"wp","href":"https:\/\/api.w.org\/{rel}","templated":true}]}}