{"id":262402,"date":"2024-09-26T11:27:02","date_gmt":"2024-09-26T14:27:02","guid":{"rendered":"https:\/\/noticiaempauta.com\/portal\/?p=262402"},"modified":"2024-09-26T11:27:03","modified_gmt":"2024-09-26T14:27:03","slug":"governador-rafael-fonteles-cumpre-agenda-intensa-em-sete-municipios-da-regiao-de-picos-nesta-quinta-feira","status":"publish","type":"post","link":"https:\/\/noticiaempauta.com\/portal\/governador-rafael-fonteles-cumpre-agenda-intensa-em-sete-municipios-da-regiao-de-picos-nesta-quinta-feira\/","title":{"rendered":"Governador Rafael Fonteles cumpre agenda intensa em sete munic\u00edpios da regi\u00e3o de Picos nesta quinta-feira"},"content":{"rendered":"\n<p>O governador do Piau\u00ed, Rafael Fonteles, estar\u00e1 em visita \u00e0 regi\u00e3o de Picos nesta quinta-feira, 26 de setembro, com uma agenda cheia que inclui compromissos pol\u00edticos e inaugura\u00e7\u00f5es. Ao longo do dia, ele passar\u00e1 por sete munic\u00edpios, come\u00e7ando por Aroeiras do Itaim, onde, por volta das 09h40, participar\u00e1 de uma atividade ao lado do candidato a prefeito governista Wesley de Deus (MDB).<\/p>\n\n\n\n<figure class=\"wp-block-image size-full\"><img fetchpriority=\"high\" decoding=\"async\" width=\"794\" height=\"620\" src=\"https:\/\/noticiaempauta.com\/portal\/wp-content\/uploads\/2024\/09\/WhatsApp-Image-2024-09-26-at-11.03.44-1.jpeg\" alt=\"\" class=\"wp-image-262404\" srcset=\"https:\/\/noticiaempauta.com\/portal\/wp-content\/uploads\/2024\/09\/WhatsApp-Image-2024-09-26-at-11.03.44-1.jpeg 794w, https:\/\/noticiaempauta.com\/portal\/wp-content\/uploads\/2024\/09\/WhatsApp-Image-2024-09-26-at-11.03.44-1-300x234.jpeg 300w, https:\/\/noticiaempauta.com\/portal\/wp-content\/uploads\/2024\/09\/WhatsApp-Image-2024-09-26-at-11.03.44-1-768x600.jpeg 768w\" sizes=\"(max-width: 794px) 100vw, 794px\" \/><\/figure>\n\n\n\n<p>Ap\u00f3s essa visita, o governador seguir\u00e1 para Sussuapara, onde, por volta das 11h10, estar\u00e1 presente em um ato pol\u00edtico com o candidato da oposi\u00e7\u00e3o, o ex-vereador Valdir Flor\u00eancio (SDD).<\/p>\n\n\n\n<p>J\u00e1 ao meio-dia, Rafael Fonteles estar\u00e1 em Bocaina para participar de um evento com o candidato a prefeito governista Guilherme Macedo (PT). Sua agenda continua \u00e0s 13h10 em Santo Ant\u00f4nio de Lisboa, onde ele participar\u00e1 de um ato ao lado do candidato governista Erivaldo Lopes (PT).<\/p>\n\n\n\n<p>Na parte da tarde, o governador visitar\u00e1 S\u00e3o Jo\u00e3o da Canabrava \u00e0s 15h05, onde estar\u00e1 com o candidato governista Elson Silva (MDB). De l\u00e1, ele seguir\u00e1 para S\u00e3o Lu\u00eds do Piau\u00ed, onde participar\u00e1 de uma atividade com o candidato da oposi\u00e7\u00e3o, Josaf\u00e1 Marques (PT), \u00e0s 16h.<\/p>\n\n\n\n<p>A agenda ser\u00e1 finalizada em Picos, onde o governador Rafael Fonteles, a partir das 17h30, visitar\u00e1 as obras de constru\u00e7\u00e3o do Gin\u00e1sio Poliesportivo (SECEPI) e inaugurar\u00e1 a pavimenta\u00e7\u00e3o asf\u00e1ltica (IDEPI) de vias da cidade. O encerramento de sua agenda ocorrer\u00e1 com uma caminhada no Bairro S\u00e3o Jos\u00e9 ao lado do candidato a prefeito pela oposi\u00e7\u00e3o Dr. Pablo Santos (MDB), marcando o fim de um dia intenso de compromissos na regi\u00e3o.<\/p>\n\n\n\n<p>A visita de Rafael Fonteles destaca o apoio a candidatos tanto da base governista quanto da oposi\u00e7\u00e3o, refor\u00e7ando sua presen\u00e7a pol\u00edtica no estado.<\/p>\n\n\n\n<p><strong><em>Fonte: Folha Atual<\/em><\/strong><\/p>\n","protected":false},"excerpt":{"rendered":"<p>O governador do Piau\u00ed, Rafael Fonteles, estar\u00e1 em visita \u00e0 regi\u00e3o de Picos nesta quinta-feira, 26 de setembro, com uma agenda cheia que inclui compromissos pol\u00edticos e inaugura\u00e7\u00f5es. Ao longo do dia, ele passar\u00e1 por sete munic\u00edpios, come\u00e7ando por Aroeiras do Itaim, onde, por volta das 09h40, participar\u00e1 de uma atividade ao lado do candidato [&hellip;]<\/p>\n","protected":false},"author":2,"featured_media":262403,"comment_status":"open","ping_status":"open","sticky":false,"template":"","format":"standard","meta":{"_mi_skip_tracking":false,"footnotes":""},"categories":[25,1,16],"tags":[192],"class_list":["post-262402","post","type-post","status-publish","format-standard","has-post-thumbnail","hentry","category-destaques-site","category-geral","category-todas","tag-destaqueprincipal"],"acf":[],"yoast_head":"<!-- This site is optimized with the Yoast SEO Premium plugin v19.2 (Yoast SEO v26.9) - https:\/\/yoast.com\/product\/yoast-seo-premium-wordpress\/ -->\n<title>Governador Rafael Fonteles cumpre agenda intensa em sete munic\u00edpios da regi\u00e3o de Picos nesta quinta-feira - Portal Not\u00edcia em Pauta<\/title>\n<meta name=\"robots\" content=\"index, follow, max-snippet:-1, max-image-preview:large, max-video-preview:-1\" \/>\n<link rel=\"canonical\" href=\"https:\/\/noticiaempauta.com\/portal\/governador-rafael-fonteles-cumpre-agenda-intensa-em-sete-municipios-da-regiao-de-picos-nesta-quinta-feira\/\" \/>\n<meta property=\"og:locale\" content=\"pt_BR\" \/>\n<meta property=\"og:type\" content=\"article\" \/>\n<meta property=\"og:title\" content=\"Governador Rafael Fonteles cumpre agenda intensa em sete munic\u00edpios da regi\u00e3o de Picos nesta quinta-feira\" \/>\n<meta property=\"og:description\" content=\"O governador do Piau\u00ed, Rafael Fonteles, estar\u00e1 em visita \u00e0 regi\u00e3o de Picos nesta quinta-feira, 26 de setembro, com uma agenda cheia que inclui compromissos pol\u00edticos e inaugura\u00e7\u00f5es. Ao longo do dia, ele passar\u00e1 por sete munic\u00edpios, come\u00e7ando por Aroeiras do Itaim, onde, por volta das 09h40, participar\u00e1 de uma atividade ao lado do candidato [&hellip;]\" \/>\n<meta property=\"og:url\" content=\"https:\/\/noticiaempauta.com\/portal\/governador-rafael-fonteles-cumpre-agenda-intensa-em-sete-municipios-da-regiao-de-picos-nesta-quinta-feira\/\" \/>\n<meta property=\"og:site_name\" content=\"Portal Not\u00edcia em Pauta\" \/>\n<meta property=\"article:publisher\" content=\"https:\/\/www.facebook.com\/Portal-Notcia-Em-Pauta-102292869264820\/\" \/>\n<meta property=\"article:published_time\" content=\"2024-09-26T14:27:02+00:00\" \/>\n<meta property=\"article:modified_time\" content=\"2024-09-26T14:27:03+00:00\" \/>\n<meta property=\"og:image\" content=\"https:\/\/noticiaempauta.com\/portal\/wp-content\/uploads\/2024\/09\/WhatsApp-Image-2024-09-26-at-11.03.44.jpeg\" \/>\n\t<meta property=\"og:image:width\" content=\"794\" \/>\n\t<meta property=\"og:image:height\" content=\"620\" \/>\n\t<meta property=\"og:image:type\" content=\"image\/jpeg\" \/>\n<meta name=\"author\" content=\"Reda\u00e7\u00e3o\" \/>\n<meta name=\"twitter:card\" content=\"summary_large_image\" \/>\n<meta name=\"twitter:label1\" content=\"Escrito por\" \/>\n\t<meta name=\"twitter:data1\" content=\"Reda\u00e7\u00e3o\" \/>\n\t<meta name=\"twitter:label2\" content=\"Est. tempo de leitura\" \/>\n\t<meta name=\"twitter:data2\" content=\"2 minutos\" \/>\n<script type=\"application\/ld+json\" class=\"yoast-schema-graph\">{\"@context\":\"https:\/\/schema.org\",\"@graph\":[{\"@type\":\"Article\",\"@id\":\"https:\/\/noticiaempauta.com\/portal\/governador-rafael-fonteles-cumpre-agenda-intensa-em-sete-municipios-da-regiao-de-picos-nesta-quinta-feira\/#article\",\"isPartOf\":{\"@id\":\"https:\/\/noticiaempauta.com\/portal\/governador-rafael-fonteles-cumpre-agenda-intensa-em-sete-municipios-da-regiao-de-picos-nesta-quinta-feira\/\"},\"author\":{\"name\":\"Reda\u00e7\u00e3o\",\"@id\":\"https:\/\/noticiaempauta.com\/portal\/#\/schema\/person\/a74af43dd1ab3deca45f988c717d57ac\"},\"headline\":\"Governador Rafael Fonteles cumpre agenda intensa em sete munic\u00edpios da regi\u00e3o de Picos nesta quinta-feira\",\"datePublished\":\"2024-09-26T14:27:02+00:00\",\"dateModified\":\"2024-09-26T14:27:03+00:00\",\"mainEntityOfPage\":{\"@id\":\"https:\/\/noticiaempauta.com\/portal\/governador-rafael-fonteles-cumpre-agenda-intensa-em-sete-municipios-da-regiao-de-picos-nesta-quinta-feira\/\"},\"wordCount\":320,\"commentCount\":0,\"publisher\":{\"@id\":\"https:\/\/noticiaempauta.com\/portal\/#organization\"},\"image\":{\"@id\":\"https:\/\/noticiaempauta.com\/portal\/governador-rafael-fonteles-cumpre-agenda-intensa-em-sete-municipios-da-regiao-de-picos-nesta-quinta-feira\/#primaryimage\"},\"thumbnailUrl\":\"https:\/\/noticiaempauta.com\/portal\/wp-content\/uploads\/2024\/09\/WhatsApp-Image-2024-09-26-at-11.03.44.jpeg\",\"keywords\":[\"destaqueprincipal\"],\"articleSection\":[\"Destaques\",\"Geral\",\"Todas as Not\u00edcias\"],\"inLanguage\":\"pt-BR\",\"potentialAction\":[{\"@type\":\"CommentAction\",\"name\":\"Comment\",\"target\":[\"https:\/\/noticiaempauta.com\/portal\/governador-rafael-fonteles-cumpre-agenda-intensa-em-sete-municipios-da-regiao-de-picos-nesta-quinta-feira\/#respond\"]}]},{\"@type\":\"WebPage\",\"@id\":\"https:\/\/noticiaempauta.com\/portal\/governador-rafael-fonteles-cumpre-agenda-intensa-em-sete-municipios-da-regiao-de-picos-nesta-quinta-feira\/\",\"url\":\"https:\/\/noticiaempauta.com\/portal\/governador-rafael-fonteles-cumpre-agenda-intensa-em-sete-municipios-da-regiao-de-picos-nesta-quinta-feira\/\",\"name\":\"Governador Rafael Fonteles cumpre agenda intensa em sete munic\u00edpios da regi\u00e3o de Picos nesta quinta-feira - Portal Not\u00edcia em Pauta\",\"isPartOf\":{\"@id\":\"https:\/\/noticiaempauta.com\/portal\/#website\"},\"primaryImageOfPage\":{\"@id\":\"https:\/\/noticiaempauta.com\/portal\/governador-rafael-fonteles-cumpre-agenda-intensa-em-sete-municipios-da-regiao-de-picos-nesta-quinta-feira\/#primaryimage\"},\"image\":{\"@id\":\"https:\/\/noticiaempauta.com\/portal\/governador-rafael-fonteles-cumpre-agenda-intensa-em-sete-municipios-da-regiao-de-picos-nesta-quinta-feira\/#primaryimage\"},\"thumbnailUrl\":\"https:\/\/noticiaempauta.com\/portal\/wp-content\/uploads\/2024\/09\/WhatsApp-Image-2024-09-26-at-11.03.44.jpeg\",\"datePublished\":\"2024-09-26T14:27:02+00:00\",\"dateModified\":\"2024-09-26T14:27:03+00:00\",\"breadcrumb\":{\"@id\":\"https:\/\/noticiaempauta.com\/portal\/governador-rafael-fonteles-cumpre-agenda-intensa-em-sete-municipios-da-regiao-de-picos-nesta-quinta-feira\/#breadcrumb\"},\"inLanguage\":\"pt-BR\",\"potentialAction\":[{\"@type\":\"ReadAction\",\"target\":[\"https:\/\/noticiaempauta.com\/portal\/governador-rafael-fonteles-cumpre-agenda-intensa-em-sete-municipios-da-regiao-de-picos-nesta-quinta-feira\/\"]}]},{\"@type\":\"ImageObject\",\"inLanguage\":\"pt-BR\",\"@id\":\"https:\/\/noticiaempauta.com\/portal\/governador-rafael-fonteles-cumpre-agenda-intensa-em-sete-municipios-da-regiao-de-picos-nesta-quinta-feira\/#primaryimage\",\"url\":\"https:\/\/noticiaempauta.com\/portal\/wp-content\/uploads\/2024\/09\/WhatsApp-Image-2024-09-26-at-11.03.44.jpeg\",\"contentUrl\":\"https:\/\/noticiaempauta.com\/portal\/wp-content\/uploads\/2024\/09\/WhatsApp-Image-2024-09-26-at-11.03.44.jpeg\",\"width\":794,\"height\":620},{\"@type\":\"BreadcrumbList\",\"@id\":\"https:\/\/noticiaempauta.com\/portal\/governador-rafael-fonteles-cumpre-agenda-intensa-em-sete-municipios-da-regiao-de-picos-nesta-quinta-feira\/#breadcrumb\",\"itemListElement\":[{\"@type\":\"ListItem\",\"position\":1,\"name\":\"P\u00e1gina Inicial\",\"item\":\"https:\/\/noticiaempauta.com\/portal\/\"},{\"@type\":\"ListItem\",\"position\":2,\"name\":\"Destaques\",\"item\":\"https:\/\/noticiaempauta.com\/portal\/destaques-site\/\"},{\"@type\":\"ListItem\",\"position\":3,\"name\":\"Governador Rafael Fonteles cumpre agenda intensa em sete munic\u00edpios da regi\u00e3o de Picos nesta quinta-feira\"}]},{\"@type\":\"WebSite\",\"@id\":\"https:\/\/noticiaempauta.com\/portal\/#website\",\"url\":\"https:\/\/noticiaempauta.com\/portal\/\",\"name\":\"Portal Not\u00edcia em Pauta\",\"description\":\"Voc\u00ea bem informado\",\"publisher\":{\"@id\":\"https:\/\/noticiaempauta.com\/portal\/#organization\"},\"potentialAction\":[{\"@type\":\"SearchAction\",\"target\":{\"@type\":\"EntryPoint\",\"urlTemplate\":\"https:\/\/noticiaempauta.com\/portal\/?s={search_term_string}\"},\"query-input\":{\"@type\":\"PropertyValueSpecification\",\"valueRequired\":true,\"valueName\":\"search_term_string\"}}],\"inLanguage\":\"pt-BR\"},{\"@type\":\"Organization\",\"@id\":\"https:\/\/noticiaempauta.com\/portal\/#organization\",\"name\":\"Portal Not\u00edcia em Pauta\",\"url\":\"https:\/\/noticiaempauta.com\/portal\/\",\"logo\":{\"@type\":\"ImageObject\",\"inLanguage\":\"pt-BR\",\"@id\":\"https:\/\/noticiaempauta.com\/portal\/#\/schema\/logo\/image\/\",\"url\":\"https:\/\/noticiaempauta.com\/portal\/wp-content\/uploads\/2022\/08\/logomarca_tema.fw_.png\",\"contentUrl\":\"https:\/\/noticiaempauta.com\/portal\/wp-content\/uploads\/2022\/08\/logomarca_tema.fw_.png\",\"width\":400,\"height\":232,\"caption\":\"Portal Not\u00edcia em Pauta\"},\"image\":{\"@id\":\"https:\/\/noticiaempauta.com\/portal\/#\/schema\/logo\/image\/\"},\"sameAs\":[\"https:\/\/www.facebook.com\/Portal-Notcia-Em-Pauta-102292869264820\/\",\"https:\/\/www.instagram.com\/portalnoticiaempauta\/\"]},{\"@type\":\"Person\",\"@id\":\"https:\/\/noticiaempauta.com\/portal\/#\/schema\/person\/a74af43dd1ab3deca45f988c717d57ac\",\"name\":\"Reda\u00e7\u00e3o\",\"image\":{\"@type\":\"ImageObject\",\"inLanguage\":\"pt-BR\",\"@id\":\"https:\/\/noticiaempauta.com\/portal\/#\/schema\/person\/image\/\",\"url\":\"https:\/\/secure.gravatar.com\/avatar\/03179346ecce6cdfc13361603e8f54242a90e5cde8618fa23c5c00aa2b0aadf3?s=96&d=mm&r=g\",\"contentUrl\":\"https:\/\/secure.gravatar.com\/avatar\/03179346ecce6cdfc13361603e8f54242a90e5cde8618fa23c5c00aa2b0aadf3?s=96&d=mm&r=g\",\"caption\":\"Reda\u00e7\u00e3o\"},\"sameAs\":[\"https:\/\/noticiaempauta.com\/portal\/\"],\"url\":\"https:\/\/noticiaempauta.com\/portal\/author\/fernando\/\"}]}<\/script>\n<!-- \/ Yoast SEO Premium plugin. -->","yoast_head_json":{"title":"Governador Rafael Fonteles cumpre agenda intensa em sete munic\u00edpios da regi\u00e3o de Picos nesta quinta-feira - Portal Not\u00edcia em Pauta","robots":{"index":"index","follow":"follow","max-snippet":"max-snippet:-1","max-image-preview":"max-image-preview:large","max-video-preview":"max-video-preview:-1"},"canonical":"https:\/\/noticiaempauta.com\/portal\/governador-rafael-fonteles-cumpre-agenda-intensa-em-sete-municipios-da-regiao-de-picos-nesta-quinta-feira\/","og_locale":"pt_BR","og_type":"article","og_title":"Governador Rafael Fonteles cumpre agenda intensa em sete munic\u00edpios da regi\u00e3o de Picos nesta quinta-feira","og_description":"O governador do Piau\u00ed, Rafael Fonteles, estar\u00e1 em visita \u00e0 regi\u00e3o de Picos nesta quinta-feira, 26 de setembro, com uma agenda cheia que inclui compromissos pol\u00edticos e inaugura\u00e7\u00f5es. Ao longo do dia, ele passar\u00e1 por sete munic\u00edpios, come\u00e7ando por Aroeiras do Itaim, onde, por volta das 09h40, participar\u00e1 de uma atividade ao lado do candidato [&hellip;]","og_url":"https:\/\/noticiaempauta.com\/portal\/governador-rafael-fonteles-cumpre-agenda-intensa-em-sete-municipios-da-regiao-de-picos-nesta-quinta-feira\/","og_site_name":"Portal Not\u00edcia em Pauta","article_publisher":"https:\/\/www.facebook.com\/Portal-Notcia-Em-Pauta-102292869264820\/","article_published_time":"2024-09-26T14:27:02+00:00","article_modified_time":"2024-09-26T14:27:03+00:00","og_image":[{"width":794,"height":620,"url":"https:\/\/noticiaempauta.com\/portal\/wp-content\/uploads\/2024\/09\/WhatsApp-Image-2024-09-26-at-11.03.44.jpeg","type":"image\/jpeg"}],"author":"Reda\u00e7\u00e3o","twitter_card":"summary_large_image","twitter_misc":{"Escrito por":"Reda\u00e7\u00e3o","Est. tempo de leitura":"2 minutos"},"schema":{"@context":"https:\/\/schema.org","@graph":[{"@type":"Article","@id":"https:\/\/noticiaempauta.com\/portal\/governador-rafael-fonteles-cumpre-agenda-intensa-em-sete-municipios-da-regiao-de-picos-nesta-quinta-feira\/#article","isPartOf":{"@id":"https:\/\/noticiaempauta.com\/portal\/governador-rafael-fonteles-cumpre-agenda-intensa-em-sete-municipios-da-regiao-de-picos-nesta-quinta-feira\/"},"author":{"name":"Reda\u00e7\u00e3o","@id":"https:\/\/noticiaempauta.com\/portal\/#\/schema\/person\/a74af43dd1ab3deca45f988c717d57ac"},"headline":"Governador Rafael Fonteles cumpre agenda intensa em sete munic\u00edpios da regi\u00e3o de Picos nesta quinta-feira","datePublished":"2024-09-26T14:27:02+00:00","dateModified":"2024-09-26T14:27:03+00:00","mainEntityOfPage":{"@id":"https:\/\/noticiaempauta.com\/portal\/governador-rafael-fonteles-cumpre-agenda-intensa-em-sete-municipios-da-regiao-de-picos-nesta-quinta-feira\/"},"wordCount":320,"commentCount":0,"publisher":{"@id":"https:\/\/noticiaempauta.com\/portal\/#organization"},"image":{"@id":"https:\/\/noticiaempauta.com\/portal\/governador-rafael-fonteles-cumpre-agenda-intensa-em-sete-municipios-da-regiao-de-picos-nesta-quinta-feira\/#primaryimage"},"thumbnailUrl":"https:\/\/noticiaempauta.com\/portal\/wp-content\/uploads\/2024\/09\/WhatsApp-Image-2024-09-26-at-11.03.44.jpeg","keywords":["destaqueprincipal"],"articleSection":["Destaques","Geral","Todas as Not\u00edcias"],"inLanguage":"pt-BR","potentialAction":[{"@type":"CommentAction","name":"Comment","target":["https:\/\/noticiaempauta.com\/portal\/governador-rafael-fonteles-cumpre-agenda-intensa-em-sete-municipios-da-regiao-de-picos-nesta-quinta-feira\/#respond"]}]},{"@type":"WebPage","@id":"https:\/\/noticiaempauta.com\/portal\/governador-rafael-fonteles-cumpre-agenda-intensa-em-sete-municipios-da-regiao-de-picos-nesta-quinta-feira\/","url":"https:\/\/noticiaempauta.com\/portal\/governador-rafael-fonteles-cumpre-agenda-intensa-em-sete-municipios-da-regiao-de-picos-nesta-quinta-feira\/","name":"Governador Rafael Fonteles cumpre agenda intensa em sete munic\u00edpios da regi\u00e3o de Picos nesta quinta-feira - Portal Not\u00edcia em Pauta","isPartOf":{"@id":"https:\/\/noticiaempauta.com\/portal\/#website"},"primaryImageOfPage":{"@id":"https:\/\/noticiaempauta.com\/portal\/governador-rafael-fonteles-cumpre-agenda-intensa-em-sete-municipios-da-regiao-de-picos-nesta-quinta-feira\/#primaryimage"},"image":{"@id":"https:\/\/noticiaempauta.com\/portal\/governador-rafael-fonteles-cumpre-agenda-intensa-em-sete-municipios-da-regiao-de-picos-nesta-quinta-feira\/#primaryimage"},"thumbnailUrl":"https:\/\/noticiaempauta.com\/portal\/wp-content\/uploads\/2024\/09\/WhatsApp-Image-2024-09-26-at-11.03.44.jpeg","datePublished":"2024-09-26T14:27:02+00:00","dateModified":"2024-09-26T14:27:03+00:00","breadcrumb":{"@id":"https:\/\/noticiaempauta.com\/portal\/governador-rafael-fonteles-cumpre-agenda-intensa-em-sete-municipios-da-regiao-de-picos-nesta-quinta-feira\/#breadcrumb"},"inLanguage":"pt-BR","potentialAction":[{"@type":"ReadAction","target":["https:\/\/noticiaempauta.com\/portal\/governador-rafael-fonteles-cumpre-agenda-intensa-em-sete-municipios-da-regiao-de-picos-nesta-quinta-feira\/"]}]},{"@type":"ImageObject","inLanguage":"pt-BR","@id":"https:\/\/noticiaempauta.com\/portal\/governador-rafael-fonteles-cumpre-agenda-intensa-em-sete-municipios-da-regiao-de-picos-nesta-quinta-feira\/#primaryimage","url":"https:\/\/noticiaempauta.com\/portal\/wp-content\/uploads\/2024\/09\/WhatsApp-Image-2024-09-26-at-11.03.44.jpeg","contentUrl":"https:\/\/noticiaempauta.com\/portal\/wp-content\/uploads\/2024\/09\/WhatsApp-Image-2024-09-26-at-11.03.44.jpeg","width":794,"height":620},{"@type":"BreadcrumbList","@id":"https:\/\/noticiaempauta.com\/portal\/governador-rafael-fonteles-cumpre-agenda-intensa-em-sete-municipios-da-regiao-de-picos-nesta-quinta-feira\/#breadcrumb","itemListElement":[{"@type":"ListItem","position":1,"name":"P\u00e1gina Inicial","item":"https:\/\/noticiaempauta.com\/portal\/"},{"@type":"ListItem","position":2,"name":"Destaques","item":"https:\/\/noticiaempauta.com\/portal\/destaques-site\/"},{"@type":"ListItem","position":3,"name":"Governador Rafael Fonteles cumpre agenda intensa em sete munic\u00edpios da regi\u00e3o de Picos nesta quinta-feira"}]},{"@type":"WebSite","@id":"https:\/\/noticiaempauta.com\/portal\/#website","url":"https:\/\/noticiaempauta.com\/portal\/","name":"Portal Not\u00edcia em Pauta","description":"Voc\u00ea bem informado","publisher":{"@id":"https:\/\/noticiaempauta.com\/portal\/#organization"},"potentialAction":[{"@type":"SearchAction","target":{"@type":"EntryPoint","urlTemplate":"https:\/\/noticiaempauta.com\/portal\/?s={search_term_string}"},"query-input":{"@type":"PropertyValueSpecification","valueRequired":true,"valueName":"search_term_string"}}],"inLanguage":"pt-BR"},{"@type":"Organization","@id":"https:\/\/noticiaempauta.com\/portal\/#organization","name":"Portal Not\u00edcia em Pauta","url":"https:\/\/noticiaempauta.com\/portal\/","logo":{"@type":"ImageObject","inLanguage":"pt-BR","@id":"https:\/\/noticiaempauta.com\/portal\/#\/schema\/logo\/image\/","url":"https:\/\/noticiaempauta.com\/portal\/wp-content\/uploads\/2022\/08\/logomarca_tema.fw_.png","contentUrl":"https:\/\/noticiaempauta.com\/portal\/wp-content\/uploads\/2022\/08\/logomarca_tema.fw_.png","width":400,"height":232,"caption":"Portal Not\u00edcia em Pauta"},"image":{"@id":"https:\/\/noticiaempauta.com\/portal\/#\/schema\/logo\/image\/"},"sameAs":["https:\/\/www.facebook.com\/Portal-Notcia-Em-Pauta-102292869264820\/","https:\/\/www.instagram.com\/portalnoticiaempauta\/"]},{"@type":"Person","@id":"https:\/\/noticiaempauta.com\/portal\/#\/schema\/person\/a74af43dd1ab3deca45f988c717d57ac","name":"Reda\u00e7\u00e3o","image":{"@type":"ImageObject","inLanguage":"pt-BR","@id":"https:\/\/noticiaempauta.com\/portal\/#\/schema\/person\/image\/","url":"https:\/\/secure.gravatar.com\/avatar\/03179346ecce6cdfc13361603e8f54242a90e5cde8618fa23c5c00aa2b0aadf3?s=96&d=mm&r=g","contentUrl":"https:\/\/secure.gravatar.com\/avatar\/03179346ecce6cdfc13361603e8f54242a90e5cde8618fa23c5c00aa2b0aadf3?s=96&d=mm&r=g","caption":"Reda\u00e7\u00e3o"},"sameAs":["https:\/\/noticiaempauta.com\/portal\/"],"url":"https:\/\/noticiaempauta.com\/portal\/author\/fernando\/"}]}},"_links":{"self":[{"href":"https:\/\/noticiaempauta.com\/portal\/wp-json\/wp\/v2\/posts\/262402","targetHints":{"allow":["GET"]}}],"collection":[{"href":"https:\/\/noticiaempauta.com\/portal\/wp-json\/wp\/v2\/posts"}],"about":[{"href":"https:\/\/noticiaempauta.com\/portal\/wp-json\/wp\/v2\/types\/post"}],"author":[{"embeddable":true,"href":"https:\/\/noticiaempauta.com\/portal\/wp-json\/wp\/v2\/users\/2"}],"replies":[{"embeddable":true,"href":"https:\/\/noticiaempauta.com\/portal\/wp-json\/wp\/v2\/comments?post=262402"}],"version-history":[{"count":2,"href":"https:\/\/noticiaempauta.com\/portal\/wp-json\/wp\/v2\/posts\/262402\/revisions"}],"predecessor-version":[{"id":262406,"href":"https:\/\/noticiaempauta.com\/portal\/wp-json\/wp\/v2\/posts\/262402\/revisions\/262406"}],"wp:featuredmedia":[{"embeddable":true,"href":"https:\/\/noticiaempauta.com\/portal\/wp-json\/wp\/v2\/media\/262403"}],"wp:attachment":[{"href":"https:\/\/noticiaempauta.com\/portal\/wp-json\/wp\/v2\/media?parent=262402"}],"wp:term":[{"taxonomy":"category","embeddable":true,"href":"https:\/\/noticiaempauta.com\/portal\/wp-json\/wp\/v2\/categories?post=262402"},{"taxonomy":"post_tag","embeddable":true,"href":"https:\/\/noticiaempauta.com\/portal\/wp-json\/wp\/v2\/tags?post=262402"}],"curies":[{"name":"wp","href":"https:\/\/api.w.org\/{rel}","templated":true}]}}