{"id":262432,"date":"2024-09-27T11:45:32","date_gmt":"2024-09-27T14:45:32","guid":{"rendered":"https:\/\/noticiaempauta.com\/portal\/?p=262432"},"modified":"2024-09-27T11:45:33","modified_gmt":"2024-09-27T14:45:33","slug":"josafa-marques-e-tim-recebem-o-governador-rafael-fonteles-em-sao-luis-do-piaui-com-grande-caminhada","status":"publish","type":"post","link":"https:\/\/noticiaempauta.com\/portal\/josafa-marques-e-tim-recebem-o-governador-rafael-fonteles-em-sao-luis-do-piaui-com-grande-caminhada\/","title":{"rendered":"Josaf\u00e1 Marques e Tim recebem o governador Rafael Fonteles em S\u00e3o Lu\u00eds do Piau\u00ed com grande caminhada"},"content":{"rendered":"\n<p>O candidato a prefeito pelo munic\u00edpio de S\u00e3o Lu\u00eds do Piau\u00ed pela oposi\u00e7\u00e3o, Josaf\u00e1 Marques (PT), e o candidato a vice-prefeito Tim (PSD), receberam na tarde desta quinta-feira (26), o governador Rafael Fonteles (PT), o senador Marcelo Castro (MDB), o deputado Nerinho (PT), o deputado Georgiano Neto (PSD), o deputado Coronel Carlos Augusto (MDB) e outras lideran\u00e7as.<\/p>\n\n\n\n<figure class=\"wp-block-image size-large\"><img fetchpriority=\"high\" decoding=\"async\" width=\"1024\" height=\"683\" src=\"https:\/\/noticiaempauta.com\/portal\/wp-content\/uploads\/2024\/09\/FA-IMG-daff5c1fc3c94cea46ba-1024x683.jpg\" alt=\"\" class=\"wp-image-262433\" srcset=\"https:\/\/noticiaempauta.com\/portal\/wp-content\/uploads\/2024\/09\/FA-IMG-daff5c1fc3c94cea46ba-1024x683.jpg 1024w, https:\/\/noticiaempauta.com\/portal\/wp-content\/uploads\/2024\/09\/FA-IMG-daff5c1fc3c94cea46ba-300x200.jpg 300w, https:\/\/noticiaempauta.com\/portal\/wp-content\/uploads\/2024\/09\/FA-IMG-daff5c1fc3c94cea46ba-768x512.jpg 768w, https:\/\/noticiaempauta.com\/portal\/wp-content\/uploads\/2024\/09\/FA-IMG-daff5c1fc3c94cea46ba-1536x1024.jpg 1536w, https:\/\/noticiaempauta.com\/portal\/wp-content\/uploads\/2024\/09\/FA-IMG-daff5c1fc3c94cea46ba-2048x1365.jpg 2048w\" sizes=\"(max-width: 1024px) 100vw, 1024px\" \/><\/figure>\n\n\n\n<figure class=\"wp-block-image size-full\"><img decoding=\"async\" width=\"400\" height=\"267\" src=\"https:\/\/noticiaempauta.com\/portal\/wp-content\/uploads\/2024\/09\/IMG_1857.jpg\" alt=\"\" class=\"wp-image-262434\" srcset=\"https:\/\/noticiaempauta.com\/portal\/wp-content\/uploads\/2024\/09\/IMG_1857.jpg 400w, https:\/\/noticiaempauta.com\/portal\/wp-content\/uploads\/2024\/09\/IMG_1857-300x200.jpg 300w\" sizes=\"(max-width: 400px) 100vw, 400px\" \/><\/figure>\n\n\n\n<figure class=\"wp-block-image size-full\"><img decoding=\"async\" width=\"400\" height=\"267\" src=\"https:\/\/noticiaempauta.com\/portal\/wp-content\/uploads\/2024\/09\/IMG_1893.jpg\" alt=\"\" class=\"wp-image-262435\" srcset=\"https:\/\/noticiaempauta.com\/portal\/wp-content\/uploads\/2024\/09\/IMG_1893.jpg 400w, https:\/\/noticiaempauta.com\/portal\/wp-content\/uploads\/2024\/09\/IMG_1893-300x200.jpg 300w\" sizes=\"(max-width: 400px) 100vw, 400px\" \/><\/figure>\n\n\n\n<p>No palanque, o deputado Carlos Augusto falou da rela\u00e7\u00e3o de amizade com a fam\u00edlia de Josaf\u00e1 Marques, e disse que ele pode contar com o seu apoio na Assembleia Legislativa e junto ao governo do estado, pois o munic\u00edpio vai precisar de muita ajuda, a partir do dia (1\u00ba) de janeiro quando ele assumir a prefeitura, ter\u00e1 mais um para ajudar, disse ele.<\/p>\n\n\n\n<figure class=\"wp-block-image size-full\"><img loading=\"lazy\" decoding=\"async\" width=\"400\" height=\"267\" src=\"https:\/\/noticiaempauta.com\/portal\/wp-content\/uploads\/2024\/09\/IMG_1791.jpg\" alt=\"\" class=\"wp-image-262436\" srcset=\"https:\/\/noticiaempauta.com\/portal\/wp-content\/uploads\/2024\/09\/IMG_1791.jpg 400w, https:\/\/noticiaempauta.com\/portal\/wp-content\/uploads\/2024\/09\/IMG_1791-300x200.jpg 300w\" sizes=\"(max-width: 400px) 100vw, 400px\" \/><\/figure>\n\n\n\n<figure class=\"wp-block-image size-full\"><img loading=\"lazy\" decoding=\"async\" width=\"400\" height=\"267\" src=\"https:\/\/noticiaempauta.com\/portal\/wp-content\/uploads\/2024\/09\/IMG_1902.jpg\" alt=\"\" class=\"wp-image-262437\" srcset=\"https:\/\/noticiaempauta.com\/portal\/wp-content\/uploads\/2024\/09\/IMG_1902.jpg 400w, https:\/\/noticiaempauta.com\/portal\/wp-content\/uploads\/2024\/09\/IMG_1902-300x200.jpg 300w\" sizes=\"(max-width: 400px) 100vw, 400px\" \/><\/figure>\n\n\n\n<p>O deputado Nerinho falou que j\u00e1 esteve em S\u00e3o Lu\u00eds do Piau\u00ed nessa campanha eleitoral, e mais uma vez estava l\u00e1 para dar apoio a Josaf\u00e1 Marques e Tim, al\u00e9m aos candidatos a vereadores em especial ao candidato Severiano Neto, pessoa que ele tem muito apre\u00e7o e carinho. \u201cJosaf\u00e1 meu amigo quero dizer uma coisa aqui para voc\u00ea, o povo j\u00e1 decidiu e voc\u00ea ser\u00e1 o pr\u00f3ximo prefeito de S\u00e3o Lu\u00eds a partir do pr\u00f3ximo dia (06) de outubro\u201d, disse o deputado.<\/p>\n\n\n\n<figure class=\"wp-block-image size-full\"><img loading=\"lazy\" decoding=\"async\" width=\"400\" height=\"267\" src=\"https:\/\/noticiaempauta.com\/portal\/wp-content\/uploads\/2024\/09\/IMG_1912.jpg\" alt=\"\" class=\"wp-image-262438\" srcset=\"https:\/\/noticiaempauta.com\/portal\/wp-content\/uploads\/2024\/09\/IMG_1912.jpg 400w, https:\/\/noticiaempauta.com\/portal\/wp-content\/uploads\/2024\/09\/IMG_1912-300x200.jpg 300w\" sizes=\"(max-width: 400px) 100vw, 400px\" \/><\/figure>\n\n\n\n<p>Para o deputado Georgiano Neto a elei\u00e7\u00e3o em S\u00e3o Lu\u00eds j\u00e1 est\u00e1 decidida, e Josaf\u00e1 Marques ser\u00e1 o pr\u00f3ximo prefeito de S\u00e3o Lu\u00eds do Piau\u00ed, pois de acordo com as \u00faltimas pesquisas ele vencer\u00e1 as elei\u00e7\u00f5es com mais de 500 votos de maioria, ent\u00e3o, a briga agora \u00e9 pela C\u00e2mara Municipal, porque para prefeito j\u00e1 est\u00e1 decido, e a partir de 1\u00ba de janeiro o munic\u00edpio ter\u00e1 uma gest\u00e3o voltada para o desenvolvimento do munic\u00edpio, frisou ele.<\/p>\n\n\n\n<figure class=\"wp-block-image size-full\"><img loading=\"lazy\" decoding=\"async\" width=\"400\" height=\"267\" src=\"https:\/\/noticiaempauta.com\/portal\/wp-content\/uploads\/2024\/09\/IMG_1916.jpg\" alt=\"\" class=\"wp-image-262439\" srcset=\"https:\/\/noticiaempauta.com\/portal\/wp-content\/uploads\/2024\/09\/IMG_1916.jpg 400w, https:\/\/noticiaempauta.com\/portal\/wp-content\/uploads\/2024\/09\/IMG_1916-300x200.jpg 300w\" sizes=\"(max-width: 400px) 100vw, 400px\" \/><\/figure>\n\n\n\n<p>O senador Marcelo Castro tamb\u00e9m discursou e relembrou quando o mesmo foi candidato a deputado, e chegando em S\u00e3o Lu\u00eds foi recebido pelo saudoso e ex-prefeito Severiano Teodoro de Sousa, ent\u00e3o, existe uma liga\u00e7\u00e3o com o munic\u00edpio h\u00e1 muitos anos, e que p\u00f4de ver no semblante do povo durante a caminhada que a elei\u00e7\u00e3o j\u00e1 est\u00e1 decidida, e Josaf\u00e1 Marques ser\u00e1 o pr\u00f3ximo prefeito, destacou ele.<\/p>\n\n\n\n<figure class=\"wp-block-image size-full\"><img loading=\"lazy\" decoding=\"async\" width=\"400\" height=\"267\" src=\"https:\/\/noticiaempauta.com\/portal\/wp-content\/uploads\/2024\/09\/IMG_1948.jpg\" alt=\"\" class=\"wp-image-262445\" srcset=\"https:\/\/noticiaempauta.com\/portal\/wp-content\/uploads\/2024\/09\/IMG_1948.jpg 400w, https:\/\/noticiaempauta.com\/portal\/wp-content\/uploads\/2024\/09\/IMG_1948-300x200.jpg 300w\" sizes=\"(max-width: 400px) 100vw, 400px\" \/><\/figure>\n\n\n\n<figure class=\"wp-block-image size-full\"><img loading=\"lazy\" decoding=\"async\" width=\"400\" height=\"267\" src=\"https:\/\/noticiaempauta.com\/portal\/wp-content\/uploads\/2024\/09\/IMG_1932.jpg\" alt=\"\" class=\"wp-image-262440\" srcset=\"https:\/\/noticiaempauta.com\/portal\/wp-content\/uploads\/2024\/09\/IMG_1932.jpg 400w, https:\/\/noticiaempauta.com\/portal\/wp-content\/uploads\/2024\/09\/IMG_1932-300x200.jpg 300w\" sizes=\"(max-width: 400px) 100vw, 400px\" \/><\/figure>\n\n\n\n<p>Para Josaf\u00e1 Marques essa caminhada representa muito para o grupo da oposi\u00e7\u00e3o, pois isso mostra o quanto o povo deseja a mudan\u00e7a, mudan\u00e7a essa que acontecer\u00e1 a partir do pr\u00f3ximo dia (06), quando a popula\u00e7\u00e3o ir\u00e1 exercer o seu direito e digitar na urna o voto certo, e o nome da mudan\u00e7a chama Josaf\u00e1 Marques e Tim, falou.<\/p>\n\n\n\n<figure class=\"wp-block-image size-full\"><img loading=\"lazy\" decoding=\"async\" width=\"400\" height=\"267\" src=\"https:\/\/noticiaempauta.com\/portal\/wp-content\/uploads\/2024\/09\/IMG_1881.jpg\" alt=\"\" class=\"wp-image-262442\" srcset=\"https:\/\/noticiaempauta.com\/portal\/wp-content\/uploads\/2024\/09\/IMG_1881.jpg 400w, https:\/\/noticiaempauta.com\/portal\/wp-content\/uploads\/2024\/09\/IMG_1881-300x200.jpg 300w\" sizes=\"(max-width: 400px) 100vw, 400px\" \/><\/figure>\n\n\n\n<p>Josaf\u00e1 fez quest\u00e3o tamb\u00e9m de agradecer ao governador Rafael Fonteles pelo apoio que tem dado, e principalmente em participar da caminhada que segundo ele foi a mais bonita at\u00e9 agora, pois em plena tarde de quinta-feira o p\u00fablico compareceu para apoiar grupo de oposi\u00e7\u00e3o.<\/p>\n\n\n\n<figure class=\"wp-block-image size-full\"><img loading=\"lazy\" decoding=\"async\" width=\"400\" height=\"267\" src=\"https:\/\/noticiaempauta.com\/portal\/wp-content\/uploads\/2024\/09\/IMG_1924.jpg\" alt=\"\" class=\"wp-image-262444\" srcset=\"https:\/\/noticiaempauta.com\/portal\/wp-content\/uploads\/2024\/09\/IMG_1924.jpg 400w, https:\/\/noticiaempauta.com\/portal\/wp-content\/uploads\/2024\/09\/IMG_1924-300x200.jpg 300w\" sizes=\"(max-width: 400px) 100vw, 400px\" \/><\/figure>\n\n\n\n<p> \u201cObrigado governador pelo apoio, e com certeza a sua presen\u00e7a aqui em nossa cidade era o g\u00e1s que faltava para vencer as elei\u00e7\u00f5es\u201d, disse ele.<\/p>\n\n\n\n<figure class=\"wp-block-image size-full\"><img loading=\"lazy\" decoding=\"async\" width=\"400\" height=\"267\" src=\"https:\/\/noticiaempauta.com\/portal\/wp-content\/uploads\/2024\/09\/IMG_1941.jpg\" alt=\"\" class=\"wp-image-262441\" srcset=\"https:\/\/noticiaempauta.com\/portal\/wp-content\/uploads\/2024\/09\/IMG_1941.jpg 400w, https:\/\/noticiaempauta.com\/portal\/wp-content\/uploads\/2024\/09\/IMG_1941-300x200.jpg 300w\" sizes=\"(max-width: 400px) 100vw, 400px\" \/><\/figure>\n\n\n\n<p>O governador Rafael Fonteles disse que estava muito feliz em ver a participa\u00e7\u00e3o do povo naquela caminhada, e que para ele, a elei\u00e7\u00e3o j\u00e1 estava decidida para prefeito, e Josaf\u00e1 Marques pode ter certeza que ele ser\u00e1 o pr\u00f3ximo prefeito de S\u00e3o Lu\u00eds do Piau\u00ed.<\/p>\n\n\n\n<figure class=\"wp-block-image size-full\"><img loading=\"lazy\" decoding=\"async\" width=\"400\" height=\"267\" src=\"https:\/\/noticiaempauta.com\/portal\/wp-content\/uploads\/2024\/09\/IMG_1899.jpg\" alt=\"\" class=\"wp-image-262443\" srcset=\"https:\/\/noticiaempauta.com\/portal\/wp-content\/uploads\/2024\/09\/IMG_1899.jpg 400w, https:\/\/noticiaempauta.com\/portal\/wp-content\/uploads\/2024\/09\/IMG_1899-300x200.jpg 300w\" sizes=\"(max-width: 400px) 100vw, 400px\" \/><\/figure>\n\n\n\n<p>\u201cMeu amigo Josaf\u00e1 eu quero dizer para voc\u00ea que eu vim aqui somente hoje que era para dar o g\u00e1s final na sua campanha, e quero lhe dizer que voc\u00ea ser\u00e1 eleito prefeito no pr\u00f3ximo dia (06) de outubro, e que a partir do 1\u00ba de janeiro voc\u00ea ir\u00e1 contar com o apoio do governo para reconstruir esse munic\u00edpio. Conte comigo meu amigo, estamos juntos\u201d, frisou o governador Rafael Fonteles.<\/p>\n\n\n\n<p><strong><em>Fonte e Fotos: Portal AgoraED<\/em><\/strong><\/p>\n","protected":false},"excerpt":{"rendered":"<p>O candidato a prefeito pelo munic\u00edpio de S\u00e3o Lu\u00eds do Piau\u00ed pela oposi\u00e7\u00e3o, Josaf\u00e1 Marques (PT), e o candidato a vice-prefeito Tim (PSD), receberam na tarde desta quinta-feira (26), o governador Rafael Fonteles (PT), o senador Marcelo Castro (MDB), o deputado Nerinho (PT), o deputado Georgiano Neto (PSD), o deputado Coronel Carlos Augusto (MDB) e [&hellip;]<\/p>\n","protected":false},"author":2,"featured_media":262433,"comment_status":"open","ping_status":"open","sticky":false,"template":"","format":"standard","meta":{"_mi_skip_tracking":false,"footnotes":""},"categories":[25,1,9,16],"tags":[],"class_list":["post-262432","post","type-post","status-publish","format-standard","has-post-thumbnail","hentry","category-destaques-site","category-geral","category-municipios","category-todas"],"acf":[],"yoast_head":"<!-- This site is optimized with the Yoast SEO Premium plugin v19.2 (Yoast SEO v26.9) - https:\/\/yoast.com\/product\/yoast-seo-premium-wordpress\/ -->\n<title>Josaf\u00e1 Marques e Tim recebem o governador Rafael Fonteles em S\u00e3o Lu\u00eds do Piau\u00ed com grande caminhada - Portal Not\u00edcia em Pauta<\/title>\n<meta name=\"robots\" content=\"index, follow, max-snippet:-1, max-image-preview:large, max-video-preview:-1\" \/>\n<link rel=\"canonical\" href=\"https:\/\/noticiaempauta.com\/portal\/josafa-marques-e-tim-recebem-o-governador-rafael-fonteles-em-sao-luis-do-piaui-com-grande-caminhada\/\" \/>\n<meta property=\"og:locale\" content=\"pt_BR\" \/>\n<meta property=\"og:type\" content=\"article\" \/>\n<meta property=\"og:title\" content=\"Josaf\u00e1 Marques e Tim recebem o governador Rafael Fonteles em S\u00e3o Lu\u00eds do Piau\u00ed com grande caminhada\" \/>\n<meta property=\"og:description\" content=\"O candidato a prefeito pelo munic\u00edpio de S\u00e3o Lu\u00eds do Piau\u00ed pela oposi\u00e7\u00e3o, Josaf\u00e1 Marques (PT), e o candidato a vice-prefeito Tim (PSD), receberam na tarde desta quinta-feira (26), o governador Rafael Fonteles (PT), o senador Marcelo Castro (MDB), o deputado Nerinho (PT), o deputado Georgiano Neto (PSD), o deputado Coronel Carlos Augusto (MDB) e [&hellip;]\" \/>\n<meta property=\"og:url\" content=\"https:\/\/noticiaempauta.com\/portal\/josafa-marques-e-tim-recebem-o-governador-rafael-fonteles-em-sao-luis-do-piaui-com-grande-caminhada\/\" \/>\n<meta property=\"og:site_name\" content=\"Portal Not\u00edcia em Pauta\" \/>\n<meta property=\"article:publisher\" content=\"https:\/\/www.facebook.com\/Portal-Notcia-Em-Pauta-102292869264820\/\" \/>\n<meta property=\"article:published_time\" content=\"2024-09-27T14:45:32+00:00\" \/>\n<meta property=\"article:modified_time\" content=\"2024-09-27T14:45:33+00:00\" \/>\n<meta property=\"og:image\" content=\"https:\/\/noticiaempauta.com\/portal\/wp-content\/uploads\/2024\/09\/FA-IMG-daff5c1fc3c94cea46ba-scaled.jpg\" \/>\n\t<meta property=\"og:image:width\" content=\"2560\" \/>\n\t<meta property=\"og:image:height\" content=\"1707\" \/>\n\t<meta property=\"og:image:type\" content=\"image\/jpeg\" \/>\n<meta name=\"author\" content=\"Reda\u00e7\u00e3o\" \/>\n<meta name=\"twitter:card\" content=\"summary_large_image\" \/>\n<meta name=\"twitter:label1\" content=\"Escrito por\" \/>\n\t<meta name=\"twitter:data1\" content=\"Reda\u00e7\u00e3o\" \/>\n\t<meta name=\"twitter:label2\" content=\"Est. tempo de leitura\" \/>\n\t<meta name=\"twitter:data2\" content=\"7 minutos\" \/>\n<script type=\"application\/ld+json\" class=\"yoast-schema-graph\">{\"@context\":\"https:\/\/schema.org\",\"@graph\":[{\"@type\":\"Article\",\"@id\":\"https:\/\/noticiaempauta.com\/portal\/josafa-marques-e-tim-recebem-o-governador-rafael-fonteles-em-sao-luis-do-piaui-com-grande-caminhada\/#article\",\"isPartOf\":{\"@id\":\"https:\/\/noticiaempauta.com\/portal\/josafa-marques-e-tim-recebem-o-governador-rafael-fonteles-em-sao-luis-do-piaui-com-grande-caminhada\/\"},\"author\":{\"name\":\"Reda\u00e7\u00e3o\",\"@id\":\"https:\/\/noticiaempauta.com\/portal\/#\/schema\/person\/a74af43dd1ab3deca45f988c717d57ac\"},\"headline\":\"Josaf\u00e1 Marques e Tim recebem o governador Rafael Fonteles em S\u00e3o Lu\u00eds do Piau\u00ed com grande caminhada\",\"datePublished\":\"2024-09-27T14:45:32+00:00\",\"dateModified\":\"2024-09-27T14:45:33+00:00\",\"mainEntityOfPage\":{\"@id\":\"https:\/\/noticiaempauta.com\/portal\/josafa-marques-e-tim-recebem-o-governador-rafael-fonteles-em-sao-luis-do-piaui-com-grande-caminhada\/\"},\"wordCount\":660,\"commentCount\":0,\"publisher\":{\"@id\":\"https:\/\/noticiaempauta.com\/portal\/#organization\"},\"image\":{\"@id\":\"https:\/\/noticiaempauta.com\/portal\/josafa-marques-e-tim-recebem-o-governador-rafael-fonteles-em-sao-luis-do-piaui-com-grande-caminhada\/#primaryimage\"},\"thumbnailUrl\":\"https:\/\/noticiaempauta.com\/portal\/wp-content\/uploads\/2024\/09\/FA-IMG-daff5c1fc3c94cea46ba-scaled.jpg\",\"articleSection\":[\"Destaques\",\"Geral\",\"Munic\u00edpios\",\"Todas as Not\u00edcias\"],\"inLanguage\":\"pt-BR\",\"potentialAction\":[{\"@type\":\"CommentAction\",\"name\":\"Comment\",\"target\":[\"https:\/\/noticiaempauta.com\/portal\/josafa-marques-e-tim-recebem-o-governador-rafael-fonteles-em-sao-luis-do-piaui-com-grande-caminhada\/#respond\"]}]},{\"@type\":\"WebPage\",\"@id\":\"https:\/\/noticiaempauta.com\/portal\/josafa-marques-e-tim-recebem-o-governador-rafael-fonteles-em-sao-luis-do-piaui-com-grande-caminhada\/\",\"url\":\"https:\/\/noticiaempauta.com\/portal\/josafa-marques-e-tim-recebem-o-governador-rafael-fonteles-em-sao-luis-do-piaui-com-grande-caminhada\/\",\"name\":\"Josaf\u00e1 Marques e Tim recebem o governador Rafael Fonteles em S\u00e3o Lu\u00eds do Piau\u00ed com grande caminhada - Portal Not\u00edcia em Pauta\",\"isPartOf\":{\"@id\":\"https:\/\/noticiaempauta.com\/portal\/#website\"},\"primaryImageOfPage\":{\"@id\":\"https:\/\/noticiaempauta.com\/portal\/josafa-marques-e-tim-recebem-o-governador-rafael-fonteles-em-sao-luis-do-piaui-com-grande-caminhada\/#primaryimage\"},\"image\":{\"@id\":\"https:\/\/noticiaempauta.com\/portal\/josafa-marques-e-tim-recebem-o-governador-rafael-fonteles-em-sao-luis-do-piaui-com-grande-caminhada\/#primaryimage\"},\"thumbnailUrl\":\"https:\/\/noticiaempauta.com\/portal\/wp-content\/uploads\/2024\/09\/FA-IMG-daff5c1fc3c94cea46ba-scaled.jpg\",\"datePublished\":\"2024-09-27T14:45:32+00:00\",\"dateModified\":\"2024-09-27T14:45:33+00:00\",\"breadcrumb\":{\"@id\":\"https:\/\/noticiaempauta.com\/portal\/josafa-marques-e-tim-recebem-o-governador-rafael-fonteles-em-sao-luis-do-piaui-com-grande-caminhada\/#breadcrumb\"},\"inLanguage\":\"pt-BR\",\"potentialAction\":[{\"@type\":\"ReadAction\",\"target\":[\"https:\/\/noticiaempauta.com\/portal\/josafa-marques-e-tim-recebem-o-governador-rafael-fonteles-em-sao-luis-do-piaui-com-grande-caminhada\/\"]}]},{\"@type\":\"ImageObject\",\"inLanguage\":\"pt-BR\",\"@id\":\"https:\/\/noticiaempauta.com\/portal\/josafa-marques-e-tim-recebem-o-governador-rafael-fonteles-em-sao-luis-do-piaui-com-grande-caminhada\/#primaryimage\",\"url\":\"https:\/\/noticiaempauta.com\/portal\/wp-content\/uploads\/2024\/09\/FA-IMG-daff5c1fc3c94cea46ba-scaled.jpg\",\"contentUrl\":\"https:\/\/noticiaempauta.com\/portal\/wp-content\/uploads\/2024\/09\/FA-IMG-daff5c1fc3c94cea46ba-scaled.jpg\",\"width\":2560,\"height\":1707},{\"@type\":\"BreadcrumbList\",\"@id\":\"https:\/\/noticiaempauta.com\/portal\/josafa-marques-e-tim-recebem-o-governador-rafael-fonteles-em-sao-luis-do-piaui-com-grande-caminhada\/#breadcrumb\",\"itemListElement\":[{\"@type\":\"ListItem\",\"position\":1,\"name\":\"P\u00e1gina Inicial\",\"item\":\"https:\/\/noticiaempauta.com\/portal\/\"},{\"@type\":\"ListItem\",\"position\":2,\"name\":\"Destaques\",\"item\":\"https:\/\/noticiaempauta.com\/portal\/destaques-site\/\"},{\"@type\":\"ListItem\",\"position\":3,\"name\":\"Josaf\u00e1 Marques e Tim recebem o governador Rafael Fonteles em S\u00e3o Lu\u00eds do Piau\u00ed com grande caminhada\"}]},{\"@type\":\"WebSite\",\"@id\":\"https:\/\/noticiaempauta.com\/portal\/#website\",\"url\":\"https:\/\/noticiaempauta.com\/portal\/\",\"name\":\"Portal Not\u00edcia em Pauta\",\"description\":\"Voc\u00ea bem informado\",\"publisher\":{\"@id\":\"https:\/\/noticiaempauta.com\/portal\/#organization\"},\"potentialAction\":[{\"@type\":\"SearchAction\",\"target\":{\"@type\":\"EntryPoint\",\"urlTemplate\":\"https:\/\/noticiaempauta.com\/portal\/?s={search_term_string}\"},\"query-input\":{\"@type\":\"PropertyValueSpecification\",\"valueRequired\":true,\"valueName\":\"search_term_string\"}}],\"inLanguage\":\"pt-BR\"},{\"@type\":\"Organization\",\"@id\":\"https:\/\/noticiaempauta.com\/portal\/#organization\",\"name\":\"Portal Not\u00edcia em Pauta\",\"url\":\"https:\/\/noticiaempauta.com\/portal\/\",\"logo\":{\"@type\":\"ImageObject\",\"inLanguage\":\"pt-BR\",\"@id\":\"https:\/\/noticiaempauta.com\/portal\/#\/schema\/logo\/image\/\",\"url\":\"https:\/\/noticiaempauta.com\/portal\/wp-content\/uploads\/2022\/08\/logomarca_tema.fw_.png\",\"contentUrl\":\"https:\/\/noticiaempauta.com\/portal\/wp-content\/uploads\/2022\/08\/logomarca_tema.fw_.png\",\"width\":400,\"height\":232,\"caption\":\"Portal Not\u00edcia em Pauta\"},\"image\":{\"@id\":\"https:\/\/noticiaempauta.com\/portal\/#\/schema\/logo\/image\/\"},\"sameAs\":[\"https:\/\/www.facebook.com\/Portal-Notcia-Em-Pauta-102292869264820\/\",\"https:\/\/www.instagram.com\/portalnoticiaempauta\/\"]},{\"@type\":\"Person\",\"@id\":\"https:\/\/noticiaempauta.com\/portal\/#\/schema\/person\/a74af43dd1ab3deca45f988c717d57ac\",\"name\":\"Reda\u00e7\u00e3o\",\"image\":{\"@type\":\"ImageObject\",\"inLanguage\":\"pt-BR\",\"@id\":\"https:\/\/noticiaempauta.com\/portal\/#\/schema\/person\/image\/\",\"url\":\"https:\/\/secure.gravatar.com\/avatar\/03179346ecce6cdfc13361603e8f54242a90e5cde8618fa23c5c00aa2b0aadf3?s=96&d=mm&r=g\",\"contentUrl\":\"https:\/\/secure.gravatar.com\/avatar\/03179346ecce6cdfc13361603e8f54242a90e5cde8618fa23c5c00aa2b0aadf3?s=96&d=mm&r=g\",\"caption\":\"Reda\u00e7\u00e3o\"},\"sameAs\":[\"https:\/\/noticiaempauta.com\/portal\/\"],\"url\":\"https:\/\/noticiaempauta.com\/portal\/author\/fernando\/\"}]}<\/script>\n<!-- \/ Yoast SEO Premium plugin. -->","yoast_head_json":{"title":"Josaf\u00e1 Marques e Tim recebem o governador Rafael Fonteles em S\u00e3o Lu\u00eds do Piau\u00ed com grande caminhada - Portal Not\u00edcia em Pauta","robots":{"index":"index","follow":"follow","max-snippet":"max-snippet:-1","max-image-preview":"max-image-preview:large","max-video-preview":"max-video-preview:-1"},"canonical":"https:\/\/noticiaempauta.com\/portal\/josafa-marques-e-tim-recebem-o-governador-rafael-fonteles-em-sao-luis-do-piaui-com-grande-caminhada\/","og_locale":"pt_BR","og_type":"article","og_title":"Josaf\u00e1 Marques e Tim recebem o governador Rafael Fonteles em S\u00e3o Lu\u00eds do Piau\u00ed com grande caminhada","og_description":"O candidato a prefeito pelo munic\u00edpio de S\u00e3o Lu\u00eds do Piau\u00ed pela oposi\u00e7\u00e3o, Josaf\u00e1 Marques (PT), e o candidato a vice-prefeito Tim (PSD), receberam na tarde desta quinta-feira (26), o governador Rafael Fonteles (PT), o senador Marcelo Castro (MDB), o deputado Nerinho (PT), o deputado Georgiano Neto (PSD), o deputado Coronel Carlos Augusto (MDB) e [&hellip;]","og_url":"https:\/\/noticiaempauta.com\/portal\/josafa-marques-e-tim-recebem-o-governador-rafael-fonteles-em-sao-luis-do-piaui-com-grande-caminhada\/","og_site_name":"Portal Not\u00edcia em Pauta","article_publisher":"https:\/\/www.facebook.com\/Portal-Notcia-Em-Pauta-102292869264820\/","article_published_time":"2024-09-27T14:45:32+00:00","article_modified_time":"2024-09-27T14:45:33+00:00","og_image":[{"width":2560,"height":1707,"url":"https:\/\/noticiaempauta.com\/portal\/wp-content\/uploads\/2024\/09\/FA-IMG-daff5c1fc3c94cea46ba-scaled.jpg","type":"image\/jpeg"}],"author":"Reda\u00e7\u00e3o","twitter_card":"summary_large_image","twitter_misc":{"Escrito por":"Reda\u00e7\u00e3o","Est. tempo de leitura":"7 minutos"},"schema":{"@context":"https:\/\/schema.org","@graph":[{"@type":"Article","@id":"https:\/\/noticiaempauta.com\/portal\/josafa-marques-e-tim-recebem-o-governador-rafael-fonteles-em-sao-luis-do-piaui-com-grande-caminhada\/#article","isPartOf":{"@id":"https:\/\/noticiaempauta.com\/portal\/josafa-marques-e-tim-recebem-o-governador-rafael-fonteles-em-sao-luis-do-piaui-com-grande-caminhada\/"},"author":{"name":"Reda\u00e7\u00e3o","@id":"https:\/\/noticiaempauta.com\/portal\/#\/schema\/person\/a74af43dd1ab3deca45f988c717d57ac"},"headline":"Josaf\u00e1 Marques e Tim recebem o governador Rafael Fonteles em S\u00e3o Lu\u00eds do Piau\u00ed com grande caminhada","datePublished":"2024-09-27T14:45:32+00:00","dateModified":"2024-09-27T14:45:33+00:00","mainEntityOfPage":{"@id":"https:\/\/noticiaempauta.com\/portal\/josafa-marques-e-tim-recebem-o-governador-rafael-fonteles-em-sao-luis-do-piaui-com-grande-caminhada\/"},"wordCount":660,"commentCount":0,"publisher":{"@id":"https:\/\/noticiaempauta.com\/portal\/#organization"},"image":{"@id":"https:\/\/noticiaempauta.com\/portal\/josafa-marques-e-tim-recebem-o-governador-rafael-fonteles-em-sao-luis-do-piaui-com-grande-caminhada\/#primaryimage"},"thumbnailUrl":"https:\/\/noticiaempauta.com\/portal\/wp-content\/uploads\/2024\/09\/FA-IMG-daff5c1fc3c94cea46ba-scaled.jpg","articleSection":["Destaques","Geral","Munic\u00edpios","Todas as Not\u00edcias"],"inLanguage":"pt-BR","potentialAction":[{"@type":"CommentAction","name":"Comment","target":["https:\/\/noticiaempauta.com\/portal\/josafa-marques-e-tim-recebem-o-governador-rafael-fonteles-em-sao-luis-do-piaui-com-grande-caminhada\/#respond"]}]},{"@type":"WebPage","@id":"https:\/\/noticiaempauta.com\/portal\/josafa-marques-e-tim-recebem-o-governador-rafael-fonteles-em-sao-luis-do-piaui-com-grande-caminhada\/","url":"https:\/\/noticiaempauta.com\/portal\/josafa-marques-e-tim-recebem-o-governador-rafael-fonteles-em-sao-luis-do-piaui-com-grande-caminhada\/","name":"Josaf\u00e1 Marques e Tim recebem o governador Rafael Fonteles em S\u00e3o Lu\u00eds do Piau\u00ed com grande caminhada - Portal Not\u00edcia em Pauta","isPartOf":{"@id":"https:\/\/noticiaempauta.com\/portal\/#website"},"primaryImageOfPage":{"@id":"https:\/\/noticiaempauta.com\/portal\/josafa-marques-e-tim-recebem-o-governador-rafael-fonteles-em-sao-luis-do-piaui-com-grande-caminhada\/#primaryimage"},"image":{"@id":"https:\/\/noticiaempauta.com\/portal\/josafa-marques-e-tim-recebem-o-governador-rafael-fonteles-em-sao-luis-do-piaui-com-grande-caminhada\/#primaryimage"},"thumbnailUrl":"https:\/\/noticiaempauta.com\/portal\/wp-content\/uploads\/2024\/09\/FA-IMG-daff5c1fc3c94cea46ba-scaled.jpg","datePublished":"2024-09-27T14:45:32+00:00","dateModified":"2024-09-27T14:45:33+00:00","breadcrumb":{"@id":"https:\/\/noticiaempauta.com\/portal\/josafa-marques-e-tim-recebem-o-governador-rafael-fonteles-em-sao-luis-do-piaui-com-grande-caminhada\/#breadcrumb"},"inLanguage":"pt-BR","potentialAction":[{"@type":"ReadAction","target":["https:\/\/noticiaempauta.com\/portal\/josafa-marques-e-tim-recebem-o-governador-rafael-fonteles-em-sao-luis-do-piaui-com-grande-caminhada\/"]}]},{"@type":"ImageObject","inLanguage":"pt-BR","@id":"https:\/\/noticiaempauta.com\/portal\/josafa-marques-e-tim-recebem-o-governador-rafael-fonteles-em-sao-luis-do-piaui-com-grande-caminhada\/#primaryimage","url":"https:\/\/noticiaempauta.com\/portal\/wp-content\/uploads\/2024\/09\/FA-IMG-daff5c1fc3c94cea46ba-scaled.jpg","contentUrl":"https:\/\/noticiaempauta.com\/portal\/wp-content\/uploads\/2024\/09\/FA-IMG-daff5c1fc3c94cea46ba-scaled.jpg","width":2560,"height":1707},{"@type":"BreadcrumbList","@id":"https:\/\/noticiaempauta.com\/portal\/josafa-marques-e-tim-recebem-o-governador-rafael-fonteles-em-sao-luis-do-piaui-com-grande-caminhada\/#breadcrumb","itemListElement":[{"@type":"ListItem","position":1,"name":"P\u00e1gina Inicial","item":"https:\/\/noticiaempauta.com\/portal\/"},{"@type":"ListItem","position":2,"name":"Destaques","item":"https:\/\/noticiaempauta.com\/portal\/destaques-site\/"},{"@type":"ListItem","position":3,"name":"Josaf\u00e1 Marques e Tim recebem o governador Rafael Fonteles em S\u00e3o Lu\u00eds do Piau\u00ed com grande caminhada"}]},{"@type":"WebSite","@id":"https:\/\/noticiaempauta.com\/portal\/#website","url":"https:\/\/noticiaempauta.com\/portal\/","name":"Portal Not\u00edcia em Pauta","description":"Voc\u00ea bem informado","publisher":{"@id":"https:\/\/noticiaempauta.com\/portal\/#organization"},"potentialAction":[{"@type":"SearchAction","target":{"@type":"EntryPoint","urlTemplate":"https:\/\/noticiaempauta.com\/portal\/?s={search_term_string}"},"query-input":{"@type":"PropertyValueSpecification","valueRequired":true,"valueName":"search_term_string"}}],"inLanguage":"pt-BR"},{"@type":"Organization","@id":"https:\/\/noticiaempauta.com\/portal\/#organization","name":"Portal Not\u00edcia em Pauta","url":"https:\/\/noticiaempauta.com\/portal\/","logo":{"@type":"ImageObject","inLanguage":"pt-BR","@id":"https:\/\/noticiaempauta.com\/portal\/#\/schema\/logo\/image\/","url":"https:\/\/noticiaempauta.com\/portal\/wp-content\/uploads\/2022\/08\/logomarca_tema.fw_.png","contentUrl":"https:\/\/noticiaempauta.com\/portal\/wp-content\/uploads\/2022\/08\/logomarca_tema.fw_.png","width":400,"height":232,"caption":"Portal Not\u00edcia em Pauta"},"image":{"@id":"https:\/\/noticiaempauta.com\/portal\/#\/schema\/logo\/image\/"},"sameAs":["https:\/\/www.facebook.com\/Portal-Notcia-Em-Pauta-102292869264820\/","https:\/\/www.instagram.com\/portalnoticiaempauta\/"]},{"@type":"Person","@id":"https:\/\/noticiaempauta.com\/portal\/#\/schema\/person\/a74af43dd1ab3deca45f988c717d57ac","name":"Reda\u00e7\u00e3o","image":{"@type":"ImageObject","inLanguage":"pt-BR","@id":"https:\/\/noticiaempauta.com\/portal\/#\/schema\/person\/image\/","url":"https:\/\/secure.gravatar.com\/avatar\/03179346ecce6cdfc13361603e8f54242a90e5cde8618fa23c5c00aa2b0aadf3?s=96&d=mm&r=g","contentUrl":"https:\/\/secure.gravatar.com\/avatar\/03179346ecce6cdfc13361603e8f54242a90e5cde8618fa23c5c00aa2b0aadf3?s=96&d=mm&r=g","caption":"Reda\u00e7\u00e3o"},"sameAs":["https:\/\/noticiaempauta.com\/portal\/"],"url":"https:\/\/noticiaempauta.com\/portal\/author\/fernando\/"}]}},"_links":{"self":[{"href":"https:\/\/noticiaempauta.com\/portal\/wp-json\/wp\/v2\/posts\/262432","targetHints":{"allow":["GET"]}}],"collection":[{"href":"https:\/\/noticiaempauta.com\/portal\/wp-json\/wp\/v2\/posts"}],"about":[{"href":"https:\/\/noticiaempauta.com\/portal\/wp-json\/wp\/v2\/types\/post"}],"author":[{"embeddable":true,"href":"https:\/\/noticiaempauta.com\/portal\/wp-json\/wp\/v2\/users\/2"}],"replies":[{"embeddable":true,"href":"https:\/\/noticiaempauta.com\/portal\/wp-json\/wp\/v2\/comments?post=262432"}],"version-history":[{"count":1,"href":"https:\/\/noticiaempauta.com\/portal\/wp-json\/wp\/v2\/posts\/262432\/revisions"}],"predecessor-version":[{"id":262446,"href":"https:\/\/noticiaempauta.com\/portal\/wp-json\/wp\/v2\/posts\/262432\/revisions\/262446"}],"wp:featuredmedia":[{"embeddable":true,"href":"https:\/\/noticiaempauta.com\/portal\/wp-json\/wp\/v2\/media\/262433"}],"wp:attachment":[{"href":"https:\/\/noticiaempauta.com\/portal\/wp-json\/wp\/v2\/media?parent=262432"}],"wp:term":[{"taxonomy":"category","embeddable":true,"href":"https:\/\/noticiaempauta.com\/portal\/wp-json\/wp\/v2\/categories?post=262432"},{"taxonomy":"post_tag","embeddable":true,"href":"https:\/\/noticiaempauta.com\/portal\/wp-json\/wp\/v2\/tags?post=262432"}],"curies":[{"name":"wp","href":"https:\/\/api.w.org\/{rel}","templated":true}]}}