{"id":262447,"date":"2024-09-27T11:49:13","date_gmt":"2024-09-27T14:49:13","guid":{"rendered":"https:\/\/noticiaempauta.com\/portal\/?p=262447"},"modified":"2024-09-27T11:49:14","modified_gmt":"2024-09-27T14:49:14","slug":"lei-seca-no-piaui-venda-de-bebidas-alcoolicas-sera-proibida-14h-antes-do-inicio-da-votacao","status":"publish","type":"post","link":"https:\/\/noticiaempauta.com\/portal\/lei-seca-no-piaui-venda-de-bebidas-alcoolicas-sera-proibida-14h-antes-do-inicio-da-votacao\/","title":{"rendered":"Lei Seca no Piau\u00ed: venda de bebidas alco\u00f3licas ser\u00e1 proibida 14h antes do in\u00edcio da vota\u00e7\u00e3o"},"content":{"rendered":"\n<p>O Governo do Estado, por meio da Secretaria de Seguran\u00e7a P\u00fablica do Piau\u00ed (SSP-PI), determinou que a\u00a0venda e compra de bebidas alco\u00f3licas\u00a0durante as\u00a0elei\u00e7\u00f5es municipais\u00a0est\u00e1 proibida em todo o territ\u00f3rio piauiense, a chamada\u00a0Lei Seca. A decis\u00e3o consta no Di\u00e1rio Oficial do Estado desta quinta-feira (26).<\/p>\n\n\n\n<figure class=\"wp-block-image size-full\"><img fetchpriority=\"high\" decoding=\"async\" width=\"800\" height=\"479\" src=\"https:\/\/noticiaempauta.com\/portal\/wp-content\/uploads\/2024\/09\/9nnWDHizCpQrrx04ZqDyNeJOPP8Q8aT1pLXOU7f6.webp\" alt=\"\" class=\"wp-image-262448\" srcset=\"https:\/\/noticiaempauta.com\/portal\/wp-content\/uploads\/2024\/09\/9nnWDHizCpQrrx04ZqDyNeJOPP8Q8aT1pLXOU7f6.webp 800w, https:\/\/noticiaempauta.com\/portal\/wp-content\/uploads\/2024\/09\/9nnWDHizCpQrrx04ZqDyNeJOPP8Q8aT1pLXOU7f6-300x180.webp 300w, https:\/\/noticiaempauta.com\/portal\/wp-content\/uploads\/2024\/09\/9nnWDHizCpQrrx04ZqDyNeJOPP8Q8aT1pLXOU7f6-768x460.webp 768w\" sizes=\"(max-width: 800px) 100vw, 800px\" \/><figcaption class=\"wp-element-caption\">(Foto: Reprodu\u00e7\u00e3o)<\/figcaption><\/figure>\n\n\n\n<p>Conforme a portaria, fica proibido\u00a0entre \u00e0s\u00a018h do dia 5 de outubro, um dia antes da realiza\u00e7\u00e3o do pleito eleitoral,\u00a0at\u00e9 \u00e0s 18h do dia 6 de outubro, data e hor\u00e1rio do encerramento da vota\u00e7\u00e3o, a venda e compra de bebidas alco\u00f3licas em bares, restaurantes, supermercados, mercearias e estabelecimentos similares, bem como\u00a0em locais p\u00fablicos.<\/p>\n\n\n\n<p>A portaria, assinada pelo secret\u00e1rio Chico Lucas, justifica que a Lei Seca ao qual ser\u00e1 aplicada no estado considera que o consumo de bebidas alco\u00f3licas comumente\u00a0acarreta transtornos e compromete a boa ordem dos trabalhos eleitorais\u00a0e o exerc\u00edcio democr\u00e1tico do voto.<\/p>\n\n\n\n<p>Al\u00e9m disso, \u00e9 ressaltado ainda que a ado\u00e7\u00e3o da Lei Seca visa auxiliar no pacote de a\u00e7\u00f5es estrat\u00e9gicas, promovidas pelos \u00f3rg\u00e3os que administram e assistem a realiza\u00e7\u00e3o das elei\u00e7\u00f5es, como medida que preza por prevenir e reprimir atos de viol\u00eancia e criminalidade que possam\u00a0afetar o pleito eleitoral.<\/p>\n\n\n\n<p>O assunto j\u00e1 era discutido pela SSP. Ao\u00a0<strong>O Dia<\/strong>, Chico Lucas,\u00a0alegou que o assunto foi debatido mais recentemente, e que o direcionamento era que a portaria fosse publicada para o pr\u00f3ximo pleito eleitoral, mas que a pasta iria aguardar a Justi\u00e7a Eleitoral para novos direcionamentos. A portaria entrou em vigor a partir da sua data de publica\u00e7\u00e3o.<\/p>\n\n\n\n<p>Ainda conforme o documento, o descumprimento dos dispositivos na portaria podem acarretar em infra\u00e7\u00f5es pela pr\u00e1tica do crime de desobedi\u00eancia, previsto no art. 347 do C\u00f3digo Eleitoral Brasileiro (Lei n\u00ba 4.737, de 15 de julho de 1965).<\/p>\n\n\n\n<h2 class=\"wp-block-heading\">Refor\u00e7o de tropas federais e estaduais<\/h2>\n\n\n\n<p>O Tribunal Superior Eleitoral (TSE)\u00a0autorizou o envio das For\u00e7as Federais de Seguran\u00e7a\u00a0para o Piau\u00ed durante o primeiro turno das elei\u00e7\u00f5es municipais que acontecem no dia 6 de outubro. A decis\u00e3o foi tomada por unanimidade ap\u00f3s an\u00e1lise de 53 processos que versam sobre a requisi\u00e7\u00e3o da For\u00e7a Federal em localidades de 12 estados brasileiros.<\/p>\n\n\n\n<p>Al\u00e9m das tropas federais, as cidades piauienses ir\u00e3o contar com o refor\u00e7o de mais\u00a0de\u00a06.500 policiais militares para atuar no policiamento que cobrir\u00e1 os 3.560 locais de vota\u00e7\u00e3o,\u00a0distribu\u00eddos pelo Piau\u00ed durante o primeiro turno do pleito eleitoral do dia 6 de outubro.<\/p>\n\n\n\n<p>Fonte: Portal O Dia<\/p>\n","protected":false},"excerpt":{"rendered":"<p>Lei pro\u00edbe a venda e o consumo de bebidas alco\u00f3licas a partir das 18h do s\u00e1bado (05), um dia antes do primeiro turno das elei\u00e7\u00f5es 2024.<\/p>\n","protected":false},"author":2,"featured_media":262448,"comment_status":"open","ping_status":"open","sticky":false,"template":"","format":"standard","meta":{"_mi_skip_tracking":false,"footnotes":""},"categories":[25,1,16],"tags":[192],"class_list":["post-262447","post","type-post","status-publish","format-standard","has-post-thumbnail","hentry","category-destaques-site","category-geral","category-todas","tag-destaqueprincipal"],"acf":[],"yoast_head":"<!-- This site is optimized with the Yoast SEO Premium plugin v19.2 (Yoast SEO v26.9) - https:\/\/yoast.com\/product\/yoast-seo-premium-wordpress\/ -->\n<title>Lei Seca no Piau\u00ed: venda de bebidas alco\u00f3licas ser\u00e1 proibida 14h antes do in\u00edcio da vota\u00e7\u00e3o - Portal Not\u00edcia em Pauta<\/title>\n<meta name=\"robots\" content=\"index, follow, max-snippet:-1, max-image-preview:large, max-video-preview:-1\" \/>\n<link rel=\"canonical\" href=\"https:\/\/noticiaempauta.com\/portal\/lei-seca-no-piaui-venda-de-bebidas-alcoolicas-sera-proibida-14h-antes-do-inicio-da-votacao\/\" \/>\n<meta property=\"og:locale\" content=\"pt_BR\" \/>\n<meta property=\"og:type\" content=\"article\" \/>\n<meta property=\"og:title\" content=\"Lei Seca no Piau\u00ed: venda de bebidas alco\u00f3licas ser\u00e1 proibida 14h antes do in\u00edcio da vota\u00e7\u00e3o\" \/>\n<meta property=\"og:description\" content=\"Lei pro\u00edbe a venda e o consumo de bebidas alco\u00f3licas a partir das 18h do s\u00e1bado (05), um dia antes do primeiro turno das elei\u00e7\u00f5es 2024.\" \/>\n<meta property=\"og:url\" content=\"https:\/\/noticiaempauta.com\/portal\/lei-seca-no-piaui-venda-de-bebidas-alcoolicas-sera-proibida-14h-antes-do-inicio-da-votacao\/\" \/>\n<meta property=\"og:site_name\" content=\"Portal Not\u00edcia em Pauta\" \/>\n<meta property=\"article:publisher\" content=\"https:\/\/www.facebook.com\/Portal-Notcia-Em-Pauta-102292869264820\/\" \/>\n<meta property=\"article:published_time\" content=\"2024-09-27T14:49:13+00:00\" \/>\n<meta property=\"article:modified_time\" content=\"2024-09-27T14:49:14+00:00\" \/>\n<meta property=\"og:image\" content=\"https:\/\/noticiaempauta.com\/portal\/wp-content\/uploads\/2024\/09\/9nnWDHizCpQrrx04ZqDyNeJOPP8Q8aT1pLXOU7f6.webp\" \/>\n\t<meta property=\"og:image:width\" content=\"800\" \/>\n\t<meta property=\"og:image:height\" content=\"479\" \/>\n\t<meta property=\"og:image:type\" content=\"image\/webp\" \/>\n<meta name=\"author\" content=\"Reda\u00e7\u00e3o\" \/>\n<meta name=\"twitter:card\" content=\"summary_large_image\" \/>\n<meta name=\"twitter:label1\" content=\"Escrito por\" \/>\n\t<meta name=\"twitter:data1\" content=\"Reda\u00e7\u00e3o\" \/>\n\t<meta name=\"twitter:label2\" content=\"Est. tempo de leitura\" \/>\n\t<meta name=\"twitter:data2\" content=\"3 minutos\" \/>\n<script type=\"application\/ld+json\" class=\"yoast-schema-graph\">{\"@context\":\"https:\/\/schema.org\",\"@graph\":[{\"@type\":\"Article\",\"@id\":\"https:\/\/noticiaempauta.com\/portal\/lei-seca-no-piaui-venda-de-bebidas-alcoolicas-sera-proibida-14h-antes-do-inicio-da-votacao\/#article\",\"isPartOf\":{\"@id\":\"https:\/\/noticiaempauta.com\/portal\/lei-seca-no-piaui-venda-de-bebidas-alcoolicas-sera-proibida-14h-antes-do-inicio-da-votacao\/\"},\"author\":{\"name\":\"Reda\u00e7\u00e3o\",\"@id\":\"https:\/\/noticiaempauta.com\/portal\/#\/schema\/person\/a74af43dd1ab3deca45f988c717d57ac\"},\"headline\":\"Lei Seca no Piau\u00ed: venda de bebidas alco\u00f3licas ser\u00e1 proibida 14h antes do in\u00edcio da vota\u00e7\u00e3o\",\"datePublished\":\"2024-09-27T14:49:13+00:00\",\"dateModified\":\"2024-09-27T14:49:14+00:00\",\"mainEntityOfPage\":{\"@id\":\"https:\/\/noticiaempauta.com\/portal\/lei-seca-no-piaui-venda-de-bebidas-alcoolicas-sera-proibida-14h-antes-do-inicio-da-votacao\/\"},\"wordCount\":453,\"commentCount\":0,\"publisher\":{\"@id\":\"https:\/\/noticiaempauta.com\/portal\/#organization\"},\"image\":{\"@id\":\"https:\/\/noticiaempauta.com\/portal\/lei-seca-no-piaui-venda-de-bebidas-alcoolicas-sera-proibida-14h-antes-do-inicio-da-votacao\/#primaryimage\"},\"thumbnailUrl\":\"https:\/\/noticiaempauta.com\/portal\/wp-content\/uploads\/2024\/09\/9nnWDHizCpQrrx04ZqDyNeJOPP8Q8aT1pLXOU7f6.webp\",\"keywords\":[\"destaqueprincipal\"],\"articleSection\":[\"Destaques\",\"Geral\",\"Todas as Not\u00edcias\"],\"inLanguage\":\"pt-BR\",\"potentialAction\":[{\"@type\":\"CommentAction\",\"name\":\"Comment\",\"target\":[\"https:\/\/noticiaempauta.com\/portal\/lei-seca-no-piaui-venda-de-bebidas-alcoolicas-sera-proibida-14h-antes-do-inicio-da-votacao\/#respond\"]}]},{\"@type\":\"WebPage\",\"@id\":\"https:\/\/noticiaempauta.com\/portal\/lei-seca-no-piaui-venda-de-bebidas-alcoolicas-sera-proibida-14h-antes-do-inicio-da-votacao\/\",\"url\":\"https:\/\/noticiaempauta.com\/portal\/lei-seca-no-piaui-venda-de-bebidas-alcoolicas-sera-proibida-14h-antes-do-inicio-da-votacao\/\",\"name\":\"Lei Seca no Piau\u00ed: venda de bebidas alco\u00f3licas ser\u00e1 proibida 14h antes do in\u00edcio da vota\u00e7\u00e3o - Portal Not\u00edcia em Pauta\",\"isPartOf\":{\"@id\":\"https:\/\/noticiaempauta.com\/portal\/#website\"},\"primaryImageOfPage\":{\"@id\":\"https:\/\/noticiaempauta.com\/portal\/lei-seca-no-piaui-venda-de-bebidas-alcoolicas-sera-proibida-14h-antes-do-inicio-da-votacao\/#primaryimage\"},\"image\":{\"@id\":\"https:\/\/noticiaempauta.com\/portal\/lei-seca-no-piaui-venda-de-bebidas-alcoolicas-sera-proibida-14h-antes-do-inicio-da-votacao\/#primaryimage\"},\"thumbnailUrl\":\"https:\/\/noticiaempauta.com\/portal\/wp-content\/uploads\/2024\/09\/9nnWDHizCpQrrx04ZqDyNeJOPP8Q8aT1pLXOU7f6.webp\",\"datePublished\":\"2024-09-27T14:49:13+00:00\",\"dateModified\":\"2024-09-27T14:49:14+00:00\",\"breadcrumb\":{\"@id\":\"https:\/\/noticiaempauta.com\/portal\/lei-seca-no-piaui-venda-de-bebidas-alcoolicas-sera-proibida-14h-antes-do-inicio-da-votacao\/#breadcrumb\"},\"inLanguage\":\"pt-BR\",\"potentialAction\":[{\"@type\":\"ReadAction\",\"target\":[\"https:\/\/noticiaempauta.com\/portal\/lei-seca-no-piaui-venda-de-bebidas-alcoolicas-sera-proibida-14h-antes-do-inicio-da-votacao\/\"]}]},{\"@type\":\"ImageObject\",\"inLanguage\":\"pt-BR\",\"@id\":\"https:\/\/noticiaempauta.com\/portal\/lei-seca-no-piaui-venda-de-bebidas-alcoolicas-sera-proibida-14h-antes-do-inicio-da-votacao\/#primaryimage\",\"url\":\"https:\/\/noticiaempauta.com\/portal\/wp-content\/uploads\/2024\/09\/9nnWDHizCpQrrx04ZqDyNeJOPP8Q8aT1pLXOU7f6.webp\",\"contentUrl\":\"https:\/\/noticiaempauta.com\/portal\/wp-content\/uploads\/2024\/09\/9nnWDHizCpQrrx04ZqDyNeJOPP8Q8aT1pLXOU7f6.webp\",\"width\":800,\"height\":479},{\"@type\":\"BreadcrumbList\",\"@id\":\"https:\/\/noticiaempauta.com\/portal\/lei-seca-no-piaui-venda-de-bebidas-alcoolicas-sera-proibida-14h-antes-do-inicio-da-votacao\/#breadcrumb\",\"itemListElement\":[{\"@type\":\"ListItem\",\"position\":1,\"name\":\"P\u00e1gina Inicial\",\"item\":\"https:\/\/noticiaempauta.com\/portal\/\"},{\"@type\":\"ListItem\",\"position\":2,\"name\":\"Destaques\",\"item\":\"https:\/\/noticiaempauta.com\/portal\/destaques-site\/\"},{\"@type\":\"ListItem\",\"position\":3,\"name\":\"Lei Seca no Piau\u00ed: venda de bebidas alco\u00f3licas ser\u00e1 proibida 14h antes do in\u00edcio da vota\u00e7\u00e3o\"}]},{\"@type\":\"WebSite\",\"@id\":\"https:\/\/noticiaempauta.com\/portal\/#website\",\"url\":\"https:\/\/noticiaempauta.com\/portal\/\",\"name\":\"Portal Not\u00edcia em Pauta\",\"description\":\"Voc\u00ea bem informado\",\"publisher\":{\"@id\":\"https:\/\/noticiaempauta.com\/portal\/#organization\"},\"potentialAction\":[{\"@type\":\"SearchAction\",\"target\":{\"@type\":\"EntryPoint\",\"urlTemplate\":\"https:\/\/noticiaempauta.com\/portal\/?s={search_term_string}\"},\"query-input\":{\"@type\":\"PropertyValueSpecification\",\"valueRequired\":true,\"valueName\":\"search_term_string\"}}],\"inLanguage\":\"pt-BR\"},{\"@type\":\"Organization\",\"@id\":\"https:\/\/noticiaempauta.com\/portal\/#organization\",\"name\":\"Portal Not\u00edcia em Pauta\",\"url\":\"https:\/\/noticiaempauta.com\/portal\/\",\"logo\":{\"@type\":\"ImageObject\",\"inLanguage\":\"pt-BR\",\"@id\":\"https:\/\/noticiaempauta.com\/portal\/#\/schema\/logo\/image\/\",\"url\":\"https:\/\/noticiaempauta.com\/portal\/wp-content\/uploads\/2022\/08\/logomarca_tema.fw_.png\",\"contentUrl\":\"https:\/\/noticiaempauta.com\/portal\/wp-content\/uploads\/2022\/08\/logomarca_tema.fw_.png\",\"width\":400,\"height\":232,\"caption\":\"Portal Not\u00edcia em Pauta\"},\"image\":{\"@id\":\"https:\/\/noticiaempauta.com\/portal\/#\/schema\/logo\/image\/\"},\"sameAs\":[\"https:\/\/www.facebook.com\/Portal-Notcia-Em-Pauta-102292869264820\/\",\"https:\/\/www.instagram.com\/portalnoticiaempauta\/\"]},{\"@type\":\"Person\",\"@id\":\"https:\/\/noticiaempauta.com\/portal\/#\/schema\/person\/a74af43dd1ab3deca45f988c717d57ac\",\"name\":\"Reda\u00e7\u00e3o\",\"image\":{\"@type\":\"ImageObject\",\"inLanguage\":\"pt-BR\",\"@id\":\"https:\/\/noticiaempauta.com\/portal\/#\/schema\/person\/image\/\",\"url\":\"https:\/\/secure.gravatar.com\/avatar\/03179346ecce6cdfc13361603e8f54242a90e5cde8618fa23c5c00aa2b0aadf3?s=96&d=mm&r=g\",\"contentUrl\":\"https:\/\/secure.gravatar.com\/avatar\/03179346ecce6cdfc13361603e8f54242a90e5cde8618fa23c5c00aa2b0aadf3?s=96&d=mm&r=g\",\"caption\":\"Reda\u00e7\u00e3o\"},\"sameAs\":[\"https:\/\/noticiaempauta.com\/portal\/\"],\"url\":\"https:\/\/noticiaempauta.com\/portal\/author\/fernando\/\"}]}<\/script>\n<!-- \/ Yoast SEO Premium plugin. -->","yoast_head_json":{"title":"Lei Seca no Piau\u00ed: venda de bebidas alco\u00f3licas ser\u00e1 proibida 14h antes do in\u00edcio da vota\u00e7\u00e3o - Portal Not\u00edcia em Pauta","robots":{"index":"index","follow":"follow","max-snippet":"max-snippet:-1","max-image-preview":"max-image-preview:large","max-video-preview":"max-video-preview:-1"},"canonical":"https:\/\/noticiaempauta.com\/portal\/lei-seca-no-piaui-venda-de-bebidas-alcoolicas-sera-proibida-14h-antes-do-inicio-da-votacao\/","og_locale":"pt_BR","og_type":"article","og_title":"Lei Seca no Piau\u00ed: venda de bebidas alco\u00f3licas ser\u00e1 proibida 14h antes do in\u00edcio da vota\u00e7\u00e3o","og_description":"Lei pro\u00edbe a venda e o consumo de bebidas alco\u00f3licas a partir das 18h do s\u00e1bado (05), um dia antes do primeiro turno das elei\u00e7\u00f5es 2024.","og_url":"https:\/\/noticiaempauta.com\/portal\/lei-seca-no-piaui-venda-de-bebidas-alcoolicas-sera-proibida-14h-antes-do-inicio-da-votacao\/","og_site_name":"Portal Not\u00edcia em Pauta","article_publisher":"https:\/\/www.facebook.com\/Portal-Notcia-Em-Pauta-102292869264820\/","article_published_time":"2024-09-27T14:49:13+00:00","article_modified_time":"2024-09-27T14:49:14+00:00","og_image":[{"width":800,"height":479,"url":"https:\/\/noticiaempauta.com\/portal\/wp-content\/uploads\/2024\/09\/9nnWDHizCpQrrx04ZqDyNeJOPP8Q8aT1pLXOU7f6.webp","type":"image\/webp"}],"author":"Reda\u00e7\u00e3o","twitter_card":"summary_large_image","twitter_misc":{"Escrito por":"Reda\u00e7\u00e3o","Est. tempo de leitura":"3 minutos"},"schema":{"@context":"https:\/\/schema.org","@graph":[{"@type":"Article","@id":"https:\/\/noticiaempauta.com\/portal\/lei-seca-no-piaui-venda-de-bebidas-alcoolicas-sera-proibida-14h-antes-do-inicio-da-votacao\/#article","isPartOf":{"@id":"https:\/\/noticiaempauta.com\/portal\/lei-seca-no-piaui-venda-de-bebidas-alcoolicas-sera-proibida-14h-antes-do-inicio-da-votacao\/"},"author":{"name":"Reda\u00e7\u00e3o","@id":"https:\/\/noticiaempauta.com\/portal\/#\/schema\/person\/a74af43dd1ab3deca45f988c717d57ac"},"headline":"Lei Seca no Piau\u00ed: venda de bebidas alco\u00f3licas ser\u00e1 proibida 14h antes do in\u00edcio da vota\u00e7\u00e3o","datePublished":"2024-09-27T14:49:13+00:00","dateModified":"2024-09-27T14:49:14+00:00","mainEntityOfPage":{"@id":"https:\/\/noticiaempauta.com\/portal\/lei-seca-no-piaui-venda-de-bebidas-alcoolicas-sera-proibida-14h-antes-do-inicio-da-votacao\/"},"wordCount":453,"commentCount":0,"publisher":{"@id":"https:\/\/noticiaempauta.com\/portal\/#organization"},"image":{"@id":"https:\/\/noticiaempauta.com\/portal\/lei-seca-no-piaui-venda-de-bebidas-alcoolicas-sera-proibida-14h-antes-do-inicio-da-votacao\/#primaryimage"},"thumbnailUrl":"https:\/\/noticiaempauta.com\/portal\/wp-content\/uploads\/2024\/09\/9nnWDHizCpQrrx04ZqDyNeJOPP8Q8aT1pLXOU7f6.webp","keywords":["destaqueprincipal"],"articleSection":["Destaques","Geral","Todas as Not\u00edcias"],"inLanguage":"pt-BR","potentialAction":[{"@type":"CommentAction","name":"Comment","target":["https:\/\/noticiaempauta.com\/portal\/lei-seca-no-piaui-venda-de-bebidas-alcoolicas-sera-proibida-14h-antes-do-inicio-da-votacao\/#respond"]}]},{"@type":"WebPage","@id":"https:\/\/noticiaempauta.com\/portal\/lei-seca-no-piaui-venda-de-bebidas-alcoolicas-sera-proibida-14h-antes-do-inicio-da-votacao\/","url":"https:\/\/noticiaempauta.com\/portal\/lei-seca-no-piaui-venda-de-bebidas-alcoolicas-sera-proibida-14h-antes-do-inicio-da-votacao\/","name":"Lei Seca no Piau\u00ed: venda de bebidas alco\u00f3licas ser\u00e1 proibida 14h antes do in\u00edcio da vota\u00e7\u00e3o - Portal Not\u00edcia em Pauta","isPartOf":{"@id":"https:\/\/noticiaempauta.com\/portal\/#website"},"primaryImageOfPage":{"@id":"https:\/\/noticiaempauta.com\/portal\/lei-seca-no-piaui-venda-de-bebidas-alcoolicas-sera-proibida-14h-antes-do-inicio-da-votacao\/#primaryimage"},"image":{"@id":"https:\/\/noticiaempauta.com\/portal\/lei-seca-no-piaui-venda-de-bebidas-alcoolicas-sera-proibida-14h-antes-do-inicio-da-votacao\/#primaryimage"},"thumbnailUrl":"https:\/\/noticiaempauta.com\/portal\/wp-content\/uploads\/2024\/09\/9nnWDHizCpQrrx04ZqDyNeJOPP8Q8aT1pLXOU7f6.webp","datePublished":"2024-09-27T14:49:13+00:00","dateModified":"2024-09-27T14:49:14+00:00","breadcrumb":{"@id":"https:\/\/noticiaempauta.com\/portal\/lei-seca-no-piaui-venda-de-bebidas-alcoolicas-sera-proibida-14h-antes-do-inicio-da-votacao\/#breadcrumb"},"inLanguage":"pt-BR","potentialAction":[{"@type":"ReadAction","target":["https:\/\/noticiaempauta.com\/portal\/lei-seca-no-piaui-venda-de-bebidas-alcoolicas-sera-proibida-14h-antes-do-inicio-da-votacao\/"]}]},{"@type":"ImageObject","inLanguage":"pt-BR","@id":"https:\/\/noticiaempauta.com\/portal\/lei-seca-no-piaui-venda-de-bebidas-alcoolicas-sera-proibida-14h-antes-do-inicio-da-votacao\/#primaryimage","url":"https:\/\/noticiaempauta.com\/portal\/wp-content\/uploads\/2024\/09\/9nnWDHizCpQrrx04ZqDyNeJOPP8Q8aT1pLXOU7f6.webp","contentUrl":"https:\/\/noticiaempauta.com\/portal\/wp-content\/uploads\/2024\/09\/9nnWDHizCpQrrx04ZqDyNeJOPP8Q8aT1pLXOU7f6.webp","width":800,"height":479},{"@type":"BreadcrumbList","@id":"https:\/\/noticiaempauta.com\/portal\/lei-seca-no-piaui-venda-de-bebidas-alcoolicas-sera-proibida-14h-antes-do-inicio-da-votacao\/#breadcrumb","itemListElement":[{"@type":"ListItem","position":1,"name":"P\u00e1gina Inicial","item":"https:\/\/noticiaempauta.com\/portal\/"},{"@type":"ListItem","position":2,"name":"Destaques","item":"https:\/\/noticiaempauta.com\/portal\/destaques-site\/"},{"@type":"ListItem","position":3,"name":"Lei Seca no Piau\u00ed: venda de bebidas alco\u00f3licas ser\u00e1 proibida 14h antes do in\u00edcio da vota\u00e7\u00e3o"}]},{"@type":"WebSite","@id":"https:\/\/noticiaempauta.com\/portal\/#website","url":"https:\/\/noticiaempauta.com\/portal\/","name":"Portal Not\u00edcia em Pauta","description":"Voc\u00ea bem informado","publisher":{"@id":"https:\/\/noticiaempauta.com\/portal\/#organization"},"potentialAction":[{"@type":"SearchAction","target":{"@type":"EntryPoint","urlTemplate":"https:\/\/noticiaempauta.com\/portal\/?s={search_term_string}"},"query-input":{"@type":"PropertyValueSpecification","valueRequired":true,"valueName":"search_term_string"}}],"inLanguage":"pt-BR"},{"@type":"Organization","@id":"https:\/\/noticiaempauta.com\/portal\/#organization","name":"Portal Not\u00edcia em Pauta","url":"https:\/\/noticiaempauta.com\/portal\/","logo":{"@type":"ImageObject","inLanguage":"pt-BR","@id":"https:\/\/noticiaempauta.com\/portal\/#\/schema\/logo\/image\/","url":"https:\/\/noticiaempauta.com\/portal\/wp-content\/uploads\/2022\/08\/logomarca_tema.fw_.png","contentUrl":"https:\/\/noticiaempauta.com\/portal\/wp-content\/uploads\/2022\/08\/logomarca_tema.fw_.png","width":400,"height":232,"caption":"Portal Not\u00edcia em Pauta"},"image":{"@id":"https:\/\/noticiaempauta.com\/portal\/#\/schema\/logo\/image\/"},"sameAs":["https:\/\/www.facebook.com\/Portal-Notcia-Em-Pauta-102292869264820\/","https:\/\/www.instagram.com\/portalnoticiaempauta\/"]},{"@type":"Person","@id":"https:\/\/noticiaempauta.com\/portal\/#\/schema\/person\/a74af43dd1ab3deca45f988c717d57ac","name":"Reda\u00e7\u00e3o","image":{"@type":"ImageObject","inLanguage":"pt-BR","@id":"https:\/\/noticiaempauta.com\/portal\/#\/schema\/person\/image\/","url":"https:\/\/secure.gravatar.com\/avatar\/03179346ecce6cdfc13361603e8f54242a90e5cde8618fa23c5c00aa2b0aadf3?s=96&d=mm&r=g","contentUrl":"https:\/\/secure.gravatar.com\/avatar\/03179346ecce6cdfc13361603e8f54242a90e5cde8618fa23c5c00aa2b0aadf3?s=96&d=mm&r=g","caption":"Reda\u00e7\u00e3o"},"sameAs":["https:\/\/noticiaempauta.com\/portal\/"],"url":"https:\/\/noticiaempauta.com\/portal\/author\/fernando\/"}]}},"_links":{"self":[{"href":"https:\/\/noticiaempauta.com\/portal\/wp-json\/wp\/v2\/posts\/262447","targetHints":{"allow":["GET"]}}],"collection":[{"href":"https:\/\/noticiaempauta.com\/portal\/wp-json\/wp\/v2\/posts"}],"about":[{"href":"https:\/\/noticiaempauta.com\/portal\/wp-json\/wp\/v2\/types\/post"}],"author":[{"embeddable":true,"href":"https:\/\/noticiaempauta.com\/portal\/wp-json\/wp\/v2\/users\/2"}],"replies":[{"embeddable":true,"href":"https:\/\/noticiaempauta.com\/portal\/wp-json\/wp\/v2\/comments?post=262447"}],"version-history":[{"count":2,"href":"https:\/\/noticiaempauta.com\/portal\/wp-json\/wp\/v2\/posts\/262447\/revisions"}],"predecessor-version":[{"id":262450,"href":"https:\/\/noticiaempauta.com\/portal\/wp-json\/wp\/v2\/posts\/262447\/revisions\/262450"}],"wp:featuredmedia":[{"embeddable":true,"href":"https:\/\/noticiaempauta.com\/portal\/wp-json\/wp\/v2\/media\/262448"}],"wp:attachment":[{"href":"https:\/\/noticiaempauta.com\/portal\/wp-json\/wp\/v2\/media?parent=262447"}],"wp:term":[{"taxonomy":"category","embeddable":true,"href":"https:\/\/noticiaempauta.com\/portal\/wp-json\/wp\/v2\/categories?post=262447"},{"taxonomy":"post_tag","embeddable":true,"href":"https:\/\/noticiaempauta.com\/portal\/wp-json\/wp\/v2\/tags?post=262447"}],"curies":[{"name":"wp","href":"https:\/\/api.w.org\/{rel}","templated":true}]}}