{"id":262451,"date":"2024-09-27T16:33:41","date_gmt":"2024-09-27T19:33:41","guid":{"rendered":"https:\/\/noticiaempauta.com\/portal\/?p=262451"},"modified":"2024-09-27T16:57:13","modified_gmt":"2024-09-27T19:57:13","slug":"secretaria-de-educacao-de-paqueta-realiza-evento-de-encerramento-do-projeto-juntos-somos-mais-fortes","status":"publish","type":"post","link":"https:\/\/noticiaempauta.com\/portal\/secretaria-de-educacao-de-paqueta-realiza-evento-de-encerramento-do-projeto-juntos-somos-mais-fortes\/","title":{"rendered":"Secretaria de Educa\u00e7\u00e3o de Paquet\u00e1 realiza evento de encerramento do projeto &#8220;Juntos Somos mais Fortes&#8221;"},"content":{"rendered":"\n<p>A secretaria municipal de educa\u00e7\u00e3o de Paquet\u00e1 do Piau\u00ed promoveu na noite desta quinta-feira, 26 de setembro, solenidade de encerramento do projeto interdisciplinar intitulado <strong>&#8220;Juntos somos mais fortes &#8220;<\/strong>, de iniciativa da professora Keila Cardoso, juntamente com a equipe escolar da U.E Celso Eul\u00e1lio e secretaria de educa\u00e7\u00e3o, as a\u00e7\u00f5es do projeto tiveram in\u00edcio em 16 de setembro, e envolveu alunos do ensino fundamental 6\u00b0 ao 9\u00b0 ano, pais e professores em uma vasta programa\u00e7\u00e3o que incluiu roda de conversas, din\u00e2micas, oficinas e demais atividades realizadas na Unidade Escolar Celso Eul\u00e1lio.<\/p>\n\n\n\n<figure class=\"wp-block-image size-large\"><img fetchpriority=\"high\" decoding=\"async\" width=\"1024\" height=\"586\" src=\"https:\/\/noticiaempauta.com\/portal\/wp-content\/uploads\/2024\/09\/WhatsApp-Image-2024-09-27-at-14.46.39-1-1024x586.jpeg\" alt=\"\" class=\"wp-image-262458\" srcset=\"https:\/\/noticiaempauta.com\/portal\/wp-content\/uploads\/2024\/09\/WhatsApp-Image-2024-09-27-at-14.46.39-1-1024x586.jpeg 1024w, https:\/\/noticiaempauta.com\/portal\/wp-content\/uploads\/2024\/09\/WhatsApp-Image-2024-09-27-at-14.46.39-1-300x172.jpeg 300w, https:\/\/noticiaempauta.com\/portal\/wp-content\/uploads\/2024\/09\/WhatsApp-Image-2024-09-27-at-14.46.39-1-768x440.jpeg 768w, https:\/\/noticiaempauta.com\/portal\/wp-content\/uploads\/2024\/09\/WhatsApp-Image-2024-09-27-at-14.46.39-1.jpeg 1200w\" sizes=\"(max-width: 1024px) 100vw, 1024px\" \/><\/figure>\n\n\n\n<figure class=\"wp-block-image size-large\"><img decoding=\"async\" width=\"1024\" height=\"613\" src=\"https:\/\/noticiaempauta.com\/portal\/wp-content\/uploads\/2024\/09\/WhatsApp-Image-2024-09-27-at-16.10.30-1024x613.jpeg\" alt=\"\" class=\"wp-image-262452\" srcset=\"https:\/\/noticiaempauta.com\/portal\/wp-content\/uploads\/2024\/09\/WhatsApp-Image-2024-09-27-at-16.10.30-1024x613.jpeg 1024w, https:\/\/noticiaempauta.com\/portal\/wp-content\/uploads\/2024\/09\/WhatsApp-Image-2024-09-27-at-16.10.30-300x179.jpeg 300w, https:\/\/noticiaempauta.com\/portal\/wp-content\/uploads\/2024\/09\/WhatsApp-Image-2024-09-27-at-16.10.30-768x459.jpeg 768w, https:\/\/noticiaempauta.com\/portal\/wp-content\/uploads\/2024\/09\/WhatsApp-Image-2024-09-27-at-16.10.30.jpeg 1170w\" sizes=\"(max-width: 1024px) 100vw, 1024px\" \/><\/figure>\n\n\n\n<p>O evento de encerramento conteve na sua culmin\u00e2ncia uma roda de conversa ministrada pelo Dr. Maur\u00edcio Santos de Sousa, graduado em Medicina pela Universidade Federal do Piau\u00ed, com resid\u00eancia m\u00e9dica em psiquiatria e psiquiatria da inf\u00e2ncia e adolesc\u00eancia pela Universidade de S\u00e3o Paulo, tendo como apresenta\u00e7\u00e3o inicial de abertura feita pelo coral da igreja Conjunto Shekinah. Na oportunidade tamb\u00e9m esteve presente o secret\u00e1rio municipal de finan\u00e7as Cl\u00e9cio Monteiro.<\/p>\n\n\n\n<figure class=\"wp-block-image size-large\"><img decoding=\"async\" width=\"1024\" height=\"683\" src=\"https:\/\/noticiaempauta.com\/portal\/wp-content\/uploads\/2024\/09\/WhatsApp-Image-2024-09-27-at-14.45.41-1-1024x683.jpeg\" alt=\"\" class=\"wp-image-262459\" srcset=\"https:\/\/noticiaempauta.com\/portal\/wp-content\/uploads\/2024\/09\/WhatsApp-Image-2024-09-27-at-14.45.41-1-1024x683.jpeg 1024w, https:\/\/noticiaempauta.com\/portal\/wp-content\/uploads\/2024\/09\/WhatsApp-Image-2024-09-27-at-14.45.41-1-300x200.jpeg 300w, https:\/\/noticiaempauta.com\/portal\/wp-content\/uploads\/2024\/09\/WhatsApp-Image-2024-09-27-at-14.45.41-1-768x512.jpeg 768w, https:\/\/noticiaempauta.com\/portal\/wp-content\/uploads\/2024\/09\/WhatsApp-Image-2024-09-27-at-14.45.41-1.jpeg 1200w\" sizes=\"(max-width: 1024px) 100vw, 1024px\" \/><figcaption class=\"wp-element-caption\">Dr. Maur\u00edcio Santos, m\u00e9dico psiquiatra.<\/figcaption><\/figure>\n\n\n\n<p><strong>O Projeto<\/strong><\/p>\n\n\n\n<figure class=\"wp-block-image size-large\"><img loading=\"lazy\" decoding=\"async\" width=\"1024\" height=\"683\" src=\"https:\/\/noticiaempauta.com\/portal\/wp-content\/uploads\/2024\/09\/WhatsApp-Image-2024-09-27-at-14.45.43-1-1-1024x683.jpeg\" alt=\"\" class=\"wp-image-262460\" srcset=\"https:\/\/noticiaempauta.com\/portal\/wp-content\/uploads\/2024\/09\/WhatsApp-Image-2024-09-27-at-14.45.43-1-1-1024x683.jpeg 1024w, https:\/\/noticiaempauta.com\/portal\/wp-content\/uploads\/2024\/09\/WhatsApp-Image-2024-09-27-at-14.45.43-1-1-300x200.jpeg 300w, https:\/\/noticiaempauta.com\/portal\/wp-content\/uploads\/2024\/09\/WhatsApp-Image-2024-09-27-at-14.45.43-1-1-768x512.jpeg 768w, https:\/\/noticiaempauta.com\/portal\/wp-content\/uploads\/2024\/09\/WhatsApp-Image-2024-09-27-at-14.45.43-1-1.jpeg 1200w\" sizes=\"(max-width: 1024px) 100vw, 1024px\" \/><\/figure>\n\n\n\n<p>O Projeto Intitulado <strong>\u201cJuntos Somos Mais Fortes\u201d<\/strong>, surgiu da necessidade de encontrar formas, elaborar e executar estrat\u00e9gias que possam trazer a fam\u00edlia a participar de forma efetiva da vida escolar de seus filhos entendendo que as mudan\u00e7as que vem ocorrendo na sociedade est\u00e1 tornando invi\u00e1vel o desempenho do papel da escola sem a colabora\u00e7\u00e3o da fam\u00edlia, tanto no que diz respeito a \u201ceduca\u00e7\u00e3o\/forma\u00e7\u00e3o do cidad\u00e3o\u201d, como tamb\u00e9m a educa\u00e7\u00e3o escolar propriamente dita que se refere a aprendizagem dos conte\u00fados do curr\u00edculo.<\/p>\n\n\n\n<figure class=\"wp-block-image size-large\"><img loading=\"lazy\" decoding=\"async\" width=\"1024\" height=\"573\" src=\"https:\/\/noticiaempauta.com\/portal\/wp-content\/uploads\/2024\/09\/WhatsApp-Image-2024-09-27-at-14.45.43-2-1024x573.jpeg\" alt=\"\" class=\"wp-image-262461\" srcset=\"https:\/\/noticiaempauta.com\/portal\/wp-content\/uploads\/2024\/09\/WhatsApp-Image-2024-09-27-at-14.45.43-2-1024x573.jpeg 1024w, https:\/\/noticiaempauta.com\/portal\/wp-content\/uploads\/2024\/09\/WhatsApp-Image-2024-09-27-at-14.45.43-2-300x168.jpeg 300w, https:\/\/noticiaempauta.com\/portal\/wp-content\/uploads\/2024\/09\/WhatsApp-Image-2024-09-27-at-14.45.43-2-768x430.jpeg 768w, https:\/\/noticiaempauta.com\/portal\/wp-content\/uploads\/2024\/09\/WhatsApp-Image-2024-09-27-at-14.45.43-2.jpeg 1200w\" sizes=\"(max-width: 1024px) 100vw, 1024px\" \/><\/figure>\n\n\n\n<p>Nesse cen\u00e1rio a secretaria municipal de educa\u00e7\u00e3o de Paquet\u00e1, que tem a frente a secretaria Elayne S\u00e1, objetivou atrav\u00e9s dessa iniciativa aproximar e envolver a fam\u00edlia na escola, gerando uma cultura de di\u00e1logo e respeito entre todos que fazem a comunidade escolar fortalecendo o conv\u00edvio harmonioso, al\u00e9m de envolver a comunidade escolar na constru\u00e7\u00e3o de um ambiente de paz e coopera\u00e7\u00e3o.<\/p>\n\n\n\n<figure class=\"wp-block-image size-large\"><img loading=\"lazy\" decoding=\"async\" width=\"935\" height=\"1024\" src=\"https:\/\/noticiaempauta.com\/portal\/wp-content\/uploads\/2024\/09\/WhatsApp-Image-2024-09-27-at-14.45.42-1-935x1024.jpeg\" alt=\"\" class=\"wp-image-262462\" srcset=\"https:\/\/noticiaempauta.com\/portal\/wp-content\/uploads\/2024\/09\/WhatsApp-Image-2024-09-27-at-14.45.42-1-935x1024.jpeg 935w, https:\/\/noticiaempauta.com\/portal\/wp-content\/uploads\/2024\/09\/WhatsApp-Image-2024-09-27-at-14.45.42-1-274x300.jpeg 274w, https:\/\/noticiaempauta.com\/portal\/wp-content\/uploads\/2024\/09\/WhatsApp-Image-2024-09-27-at-14.45.42-1-768x841.jpeg 768w, https:\/\/noticiaempauta.com\/portal\/wp-content\/uploads\/2024\/09\/WhatsApp-Image-2024-09-27-at-14.45.42-1.jpeg 1200w\" sizes=\"(max-width: 935px) 100vw, 935px\" \/><figcaption class=\"wp-element-caption\">Secret\u00e1ria Municipal de Educa\u00e7\u00e3o, Elyane S\u00e1 tamb\u00e9m esteve prestigiando o evento.<\/figcaption><\/figure>\n\n\n\n<p><strong>CONFIRA A PROGRAMA\u00c7\u00c3O <\/strong><\/p>\n\n\n\n<figure class=\"wp-block-image size-full\"><img loading=\"lazy\" decoding=\"async\" width=\"592\" height=\"863\" src=\"https:\/\/noticiaempauta.com\/portal\/wp-content\/uploads\/2024\/09\/dfdf.png\" alt=\"\" class=\"wp-image-262484\" srcset=\"https:\/\/noticiaempauta.com\/portal\/wp-content\/uploads\/2024\/09\/dfdf.png 592w, https:\/\/noticiaempauta.com\/portal\/wp-content\/uploads\/2024\/09\/dfdf-206x300.png 206w\" sizes=\"(max-width: 592px) 100vw, 592px\" \/><\/figure>\n\n\n\n<p><strong>Veja mais Imagens<\/strong><\/p>\n\n\n\n<figure class=\"wp-block-image size-large\"><img loading=\"lazy\" decoding=\"async\" width=\"1024\" height=\"683\" src=\"https:\/\/noticiaempauta.com\/portal\/wp-content\/uploads\/2024\/09\/WhatsApp-Image-2024-09-27-at-14.45.43-3-1024x683.jpeg\" alt=\"\" class=\"wp-image-262463\" srcset=\"https:\/\/noticiaempauta.com\/portal\/wp-content\/uploads\/2024\/09\/WhatsApp-Image-2024-09-27-at-14.45.43-3-1024x683.jpeg 1024w, https:\/\/noticiaempauta.com\/portal\/wp-content\/uploads\/2024\/09\/WhatsApp-Image-2024-09-27-at-14.45.43-3-300x200.jpeg 300w, https:\/\/noticiaempauta.com\/portal\/wp-content\/uploads\/2024\/09\/WhatsApp-Image-2024-09-27-at-14.45.43-3-768x512.jpeg 768w, https:\/\/noticiaempauta.com\/portal\/wp-content\/uploads\/2024\/09\/WhatsApp-Image-2024-09-27-at-14.45.43-3.jpeg 1200w\" sizes=\"(max-width: 1024px) 100vw, 1024px\" \/><\/figure>\n\n\n\n<figure class=\"wp-block-image size-large\"><img loading=\"lazy\" decoding=\"async\" width=\"1024\" height=\"954\" src=\"https:\/\/noticiaempauta.com\/portal\/wp-content\/uploads\/2024\/09\/WhatsApp-Image-2024-09-27-at-14.45.42-2-1024x954.jpeg\" alt=\"\" class=\"wp-image-262464\" srcset=\"https:\/\/noticiaempauta.com\/portal\/wp-content\/uploads\/2024\/09\/WhatsApp-Image-2024-09-27-at-14.45.42-2-1024x954.jpeg 1024w, https:\/\/noticiaempauta.com\/portal\/wp-content\/uploads\/2024\/09\/WhatsApp-Image-2024-09-27-at-14.45.42-2-300x280.jpeg 300w, https:\/\/noticiaempauta.com\/portal\/wp-content\/uploads\/2024\/09\/WhatsApp-Image-2024-09-27-at-14.45.42-2-768x716.jpeg 768w, https:\/\/noticiaempauta.com\/portal\/wp-content\/uploads\/2024\/09\/WhatsApp-Image-2024-09-27-at-14.45.42-2.jpeg 1200w\" sizes=\"(max-width: 1024px) 100vw, 1024px\" \/><\/figure>\n\n\n\n<figure class=\"wp-block-image size-large\"><img loading=\"lazy\" decoding=\"async\" width=\"753\" height=\"1024\" src=\"https:\/\/noticiaempauta.com\/portal\/wp-content\/uploads\/2024\/09\/WhatsApp-Image-2024-09-27-at-14.45.42-1-1-753x1024.jpeg\" alt=\"\" class=\"wp-image-262465\" srcset=\"https:\/\/noticiaempauta.com\/portal\/wp-content\/uploads\/2024\/09\/WhatsApp-Image-2024-09-27-at-14.45.42-1-1-753x1024.jpeg 753w, https:\/\/noticiaempauta.com\/portal\/wp-content\/uploads\/2024\/09\/WhatsApp-Image-2024-09-27-at-14.45.42-1-1-221x300.jpeg 221w, https:\/\/noticiaempauta.com\/portal\/wp-content\/uploads\/2024\/09\/WhatsApp-Image-2024-09-27-at-14.45.42-1-1-768x1044.jpeg 768w, https:\/\/noticiaempauta.com\/portal\/wp-content\/uploads\/2024\/09\/WhatsApp-Image-2024-09-27-at-14.45.42-1-1-1130x1536.jpeg 1130w, https:\/\/noticiaempauta.com\/portal\/wp-content\/uploads\/2024\/09\/WhatsApp-Image-2024-09-27-at-14.45.42-1-1.jpeg 1200w\" sizes=\"(max-width: 753px) 100vw, 753px\" \/><\/figure>\n\n\n\n<figure class=\"wp-block-image size-large\"><img loading=\"lazy\" decoding=\"async\" width=\"854\" height=\"1024\" src=\"https:\/\/noticiaempauta.com\/portal\/wp-content\/uploads\/2024\/09\/WhatsApp-Image-2024-09-27-at-14.45.43-4-854x1024.jpeg\" alt=\"\" class=\"wp-image-262466\" srcset=\"https:\/\/noticiaempauta.com\/portal\/wp-content\/uploads\/2024\/09\/WhatsApp-Image-2024-09-27-at-14.45.43-4-854x1024.jpeg 854w, https:\/\/noticiaempauta.com\/portal\/wp-content\/uploads\/2024\/09\/WhatsApp-Image-2024-09-27-at-14.45.43-4-250x300.jpeg 250w, https:\/\/noticiaempauta.com\/portal\/wp-content\/uploads\/2024\/09\/WhatsApp-Image-2024-09-27-at-14.45.43-4-768x921.jpeg 768w, https:\/\/noticiaempauta.com\/portal\/wp-content\/uploads\/2024\/09\/WhatsApp-Image-2024-09-27-at-14.45.43-4.jpeg 1200w\" sizes=\"(max-width: 854px) 100vw, 854px\" \/><\/figure>\n\n\n\n<figure class=\"wp-block-image size-large\"><img loading=\"lazy\" decoding=\"async\" width=\"805\" height=\"1024\" src=\"https:\/\/noticiaempauta.com\/portal\/wp-content\/uploads\/2024\/09\/WhatsApp-Image-2024-09-27-at-14.45.44-2-805x1024.jpeg\" alt=\"\" class=\"wp-image-262467\" srcset=\"https:\/\/noticiaempauta.com\/portal\/wp-content\/uploads\/2024\/09\/WhatsApp-Image-2024-09-27-at-14.45.44-2-805x1024.jpeg 805w, https:\/\/noticiaempauta.com\/portal\/wp-content\/uploads\/2024\/09\/WhatsApp-Image-2024-09-27-at-14.45.44-2-236x300.jpeg 236w, https:\/\/noticiaempauta.com\/portal\/wp-content\/uploads\/2024\/09\/WhatsApp-Image-2024-09-27-at-14.45.44-2-768x977.jpeg 768w, https:\/\/noticiaempauta.com\/portal\/wp-content\/uploads\/2024\/09\/WhatsApp-Image-2024-09-27-at-14.45.44-2.jpeg 1200w\" sizes=\"(max-width: 805px) 100vw, 805px\" \/><\/figure>\n\n\n\n<figure class=\"wp-block-image size-large\"><img loading=\"lazy\" decoding=\"async\" width=\"1024\" height=\"818\" src=\"https:\/\/noticiaempauta.com\/portal\/wp-content\/uploads\/2024\/09\/WhatsApp-Image-2024-09-27-at-14.45.44-1024x818.jpeg\" alt=\"\" class=\"wp-image-262468\" srcset=\"https:\/\/noticiaempauta.com\/portal\/wp-content\/uploads\/2024\/09\/WhatsApp-Image-2024-09-27-at-14.45.44-1024x818.jpeg 1024w, https:\/\/noticiaempauta.com\/portal\/wp-content\/uploads\/2024\/09\/WhatsApp-Image-2024-09-27-at-14.45.44-300x240.jpeg 300w, https:\/\/noticiaempauta.com\/portal\/wp-content\/uploads\/2024\/09\/WhatsApp-Image-2024-09-27-at-14.45.44-768x614.jpeg 768w, https:\/\/noticiaempauta.com\/portal\/wp-content\/uploads\/2024\/09\/WhatsApp-Image-2024-09-27-at-14.45.44.jpeg 1200w\" sizes=\"(max-width: 1024px) 100vw, 1024px\" \/><\/figure>\n\n\n\n<figure class=\"wp-block-image size-large\"><img loading=\"lazy\" decoding=\"async\" width=\"1024\" height=\"996\" src=\"https:\/\/noticiaempauta.com\/portal\/wp-content\/uploads\/2024\/09\/WhatsApp-Image-2024-09-27-at-14.45.44-3-1024x996.jpeg\" alt=\"\" class=\"wp-image-262469\" srcset=\"https:\/\/noticiaempauta.com\/portal\/wp-content\/uploads\/2024\/09\/WhatsApp-Image-2024-09-27-at-14.45.44-3-1024x996.jpeg 1024w, https:\/\/noticiaempauta.com\/portal\/wp-content\/uploads\/2024\/09\/WhatsApp-Image-2024-09-27-at-14.45.44-3-300x292.jpeg 300w, https:\/\/noticiaempauta.com\/portal\/wp-content\/uploads\/2024\/09\/WhatsApp-Image-2024-09-27-at-14.45.44-3-768x747.jpeg 768w, https:\/\/noticiaempauta.com\/portal\/wp-content\/uploads\/2024\/09\/WhatsApp-Image-2024-09-27-at-14.45.44-3.jpeg 1200w\" sizes=\"(max-width: 1024px) 100vw, 1024px\" \/><\/figure>\n\n\n\n<figure class=\"wp-block-image size-large\"><img loading=\"lazy\" decoding=\"async\" width=\"1024\" height=\"683\" src=\"https:\/\/noticiaempauta.com\/portal\/wp-content\/uploads\/2024\/09\/WhatsApp-Image-2024-09-27-at-14.45.45-1-1024x683.jpeg\" alt=\"\" class=\"wp-image-262471\" srcset=\"https:\/\/noticiaempauta.com\/portal\/wp-content\/uploads\/2024\/09\/WhatsApp-Image-2024-09-27-at-14.45.45-1-1024x683.jpeg 1024w, https:\/\/noticiaempauta.com\/portal\/wp-content\/uploads\/2024\/09\/WhatsApp-Image-2024-09-27-at-14.45.45-1-300x200.jpeg 300w, https:\/\/noticiaempauta.com\/portal\/wp-content\/uploads\/2024\/09\/WhatsApp-Image-2024-09-27-at-14.45.45-1-768x512.jpeg 768w, https:\/\/noticiaempauta.com\/portal\/wp-content\/uploads\/2024\/09\/WhatsApp-Image-2024-09-27-at-14.45.45-1.jpeg 1200w\" sizes=\"(max-width: 1024px) 100vw, 1024px\" \/><\/figure>\n\n\n\n<figure class=\"wp-block-image size-large\"><img loading=\"lazy\" decoding=\"async\" width=\"1024\" height=\"683\" src=\"https:\/\/noticiaempauta.com\/portal\/wp-content\/uploads\/2024\/09\/WhatsApp-Image-2024-09-27-at-14.45.45-2-1024x683.jpeg\" alt=\"\" class=\"wp-image-262472\" srcset=\"https:\/\/noticiaempauta.com\/portal\/wp-content\/uploads\/2024\/09\/WhatsApp-Image-2024-09-27-at-14.45.45-2-1024x683.jpeg 1024w, https:\/\/noticiaempauta.com\/portal\/wp-content\/uploads\/2024\/09\/WhatsApp-Image-2024-09-27-at-14.45.45-2-300x200.jpeg 300w, https:\/\/noticiaempauta.com\/portal\/wp-content\/uploads\/2024\/09\/WhatsApp-Image-2024-09-27-at-14.45.45-2-768x512.jpeg 768w, https:\/\/noticiaempauta.com\/portal\/wp-content\/uploads\/2024\/09\/WhatsApp-Image-2024-09-27-at-14.45.45-2.jpeg 1200w\" sizes=\"(max-width: 1024px) 100vw, 1024px\" \/><\/figure>\n\n\n\n<figure class=\"wp-block-image size-large\"><img loading=\"lazy\" decoding=\"async\" width=\"1024\" height=\"683\" src=\"https:\/\/noticiaempauta.com\/portal\/wp-content\/uploads\/2024\/09\/WhatsApp-Image-2024-09-27-at-14.45.45-3-1024x683.jpeg\" alt=\"\" class=\"wp-image-262473\" srcset=\"https:\/\/noticiaempauta.com\/portal\/wp-content\/uploads\/2024\/09\/WhatsApp-Image-2024-09-27-at-14.45.45-3-1024x683.jpeg 1024w, https:\/\/noticiaempauta.com\/portal\/wp-content\/uploads\/2024\/09\/WhatsApp-Image-2024-09-27-at-14.45.45-3-300x200.jpeg 300w, https:\/\/noticiaempauta.com\/portal\/wp-content\/uploads\/2024\/09\/WhatsApp-Image-2024-09-27-at-14.45.45-3-768x512.jpeg 768w, https:\/\/noticiaempauta.com\/portal\/wp-content\/uploads\/2024\/09\/WhatsApp-Image-2024-09-27-at-14.45.45-3.jpeg 1200w\" sizes=\"(max-width: 1024px) 100vw, 1024px\" \/><\/figure>\n\n\n\n<figure class=\"wp-block-image size-large\"><img loading=\"lazy\" decoding=\"async\" width=\"1024\" height=\"683\" src=\"https:\/\/noticiaempauta.com\/portal\/wp-content\/uploads\/2024\/09\/WhatsApp-Image-2024-09-27-at-14.45.45-1024x683.jpeg\" alt=\"\" class=\"wp-image-262474\" srcset=\"https:\/\/noticiaempauta.com\/portal\/wp-content\/uploads\/2024\/09\/WhatsApp-Image-2024-09-27-at-14.45.45-1024x683.jpeg 1024w, https:\/\/noticiaempauta.com\/portal\/wp-content\/uploads\/2024\/09\/WhatsApp-Image-2024-09-27-at-14.45.45-300x200.jpeg 300w, https:\/\/noticiaempauta.com\/portal\/wp-content\/uploads\/2024\/09\/WhatsApp-Image-2024-09-27-at-14.45.45-768x512.jpeg 768w, https:\/\/noticiaempauta.com\/portal\/wp-content\/uploads\/2024\/09\/WhatsApp-Image-2024-09-27-at-14.45.45.jpeg 1200w\" sizes=\"(max-width: 1024px) 100vw, 1024px\" \/><\/figure>\n\n\n\n<figure class=\"wp-block-image size-large\"><img loading=\"lazy\" decoding=\"async\" width=\"1024\" height=\"683\" src=\"https:\/\/noticiaempauta.com\/portal\/wp-content\/uploads\/2024\/09\/WhatsApp-Image-2024-09-27-at-14.45.46-1-1024x683.jpeg\" alt=\"\" class=\"wp-image-262475\" srcset=\"https:\/\/noticiaempauta.com\/portal\/wp-content\/uploads\/2024\/09\/WhatsApp-Image-2024-09-27-at-14.45.46-1-1024x683.jpeg 1024w, https:\/\/noticiaempauta.com\/portal\/wp-content\/uploads\/2024\/09\/WhatsApp-Image-2024-09-27-at-14.45.46-1-300x200.jpeg 300w, https:\/\/noticiaempauta.com\/portal\/wp-content\/uploads\/2024\/09\/WhatsApp-Image-2024-09-27-at-14.45.46-1-768x512.jpeg 768w, https:\/\/noticiaempauta.com\/portal\/wp-content\/uploads\/2024\/09\/WhatsApp-Image-2024-09-27-at-14.45.46-1.jpeg 1200w\" sizes=\"(max-width: 1024px) 100vw, 1024px\" \/><\/figure>\n\n\n\n<figure class=\"wp-block-image size-large\"><img loading=\"lazy\" decoding=\"async\" width=\"1024\" height=\"683\" src=\"https:\/\/noticiaempauta.com\/portal\/wp-content\/uploads\/2024\/09\/WhatsApp-Image-2024-09-27-at-14.45.46-2-1024x683.jpeg\" alt=\"\" class=\"wp-image-262476\" srcset=\"https:\/\/noticiaempauta.com\/portal\/wp-content\/uploads\/2024\/09\/WhatsApp-Image-2024-09-27-at-14.45.46-2-1024x683.jpeg 1024w, https:\/\/noticiaempauta.com\/portal\/wp-content\/uploads\/2024\/09\/WhatsApp-Image-2024-09-27-at-14.45.46-2-300x200.jpeg 300w, https:\/\/noticiaempauta.com\/portal\/wp-content\/uploads\/2024\/09\/WhatsApp-Image-2024-09-27-at-14.45.46-2-768x512.jpeg 768w, https:\/\/noticiaempauta.com\/portal\/wp-content\/uploads\/2024\/09\/WhatsApp-Image-2024-09-27-at-14.45.46-2.jpeg 1200w\" sizes=\"(max-width: 1024px) 100vw, 1024px\" \/><\/figure>\n\n\n\n<figure class=\"wp-block-image size-large\"><img loading=\"lazy\" decoding=\"async\" width=\"1024\" height=\"683\" src=\"https:\/\/noticiaempauta.com\/portal\/wp-content\/uploads\/2024\/09\/WhatsApp-Image-2024-09-27-at-14.45.46-3-1024x683.jpeg\" alt=\"\" class=\"wp-image-262477\" srcset=\"https:\/\/noticiaempauta.com\/portal\/wp-content\/uploads\/2024\/09\/WhatsApp-Image-2024-09-27-at-14.45.46-3-1024x683.jpeg 1024w, https:\/\/noticiaempauta.com\/portal\/wp-content\/uploads\/2024\/09\/WhatsApp-Image-2024-09-27-at-14.45.46-3-300x200.jpeg 300w, https:\/\/noticiaempauta.com\/portal\/wp-content\/uploads\/2024\/09\/WhatsApp-Image-2024-09-27-at-14.45.46-3-768x512.jpeg 768w, https:\/\/noticiaempauta.com\/portal\/wp-content\/uploads\/2024\/09\/WhatsApp-Image-2024-09-27-at-14.45.46-3.jpeg 1200w\" sizes=\"(max-width: 1024px) 100vw, 1024px\" \/><\/figure>\n\n\n\n<figure class=\"wp-block-image size-large\"><img loading=\"lazy\" decoding=\"async\" width=\"1024\" height=\"683\" src=\"https:\/\/noticiaempauta.com\/portal\/wp-content\/uploads\/2024\/09\/WhatsApp-Image-2024-09-27-at-14.45.46-1024x683.jpeg\" alt=\"\" class=\"wp-image-262478\" srcset=\"https:\/\/noticiaempauta.com\/portal\/wp-content\/uploads\/2024\/09\/WhatsApp-Image-2024-09-27-at-14.45.46-1024x683.jpeg 1024w, https:\/\/noticiaempauta.com\/portal\/wp-content\/uploads\/2024\/09\/WhatsApp-Image-2024-09-27-at-14.45.46-300x200.jpeg 300w, https:\/\/noticiaempauta.com\/portal\/wp-content\/uploads\/2024\/09\/WhatsApp-Image-2024-09-27-at-14.45.46-768x512.jpeg 768w, https:\/\/noticiaempauta.com\/portal\/wp-content\/uploads\/2024\/09\/WhatsApp-Image-2024-09-27-at-14.45.46.jpeg 1200w\" sizes=\"(max-width: 1024px) 100vw, 1024px\" \/><\/figure>\n\n\n\n<figure class=\"wp-block-image size-large\"><img loading=\"lazy\" decoding=\"async\" width=\"1024\" height=\"589\" src=\"https:\/\/noticiaempauta.com\/portal\/wp-content\/uploads\/2024\/09\/WhatsApp-Image-2024-09-27-at-14.45.47-1-1024x589.jpeg\" alt=\"\" class=\"wp-image-262479\" srcset=\"https:\/\/noticiaempauta.com\/portal\/wp-content\/uploads\/2024\/09\/WhatsApp-Image-2024-09-27-at-14.45.47-1-1024x589.jpeg 1024w, https:\/\/noticiaempauta.com\/portal\/wp-content\/uploads\/2024\/09\/WhatsApp-Image-2024-09-27-at-14.45.47-1-300x173.jpeg 300w, https:\/\/noticiaempauta.com\/portal\/wp-content\/uploads\/2024\/09\/WhatsApp-Image-2024-09-27-at-14.45.47-1-768x442.jpeg 768w, https:\/\/noticiaempauta.com\/portal\/wp-content\/uploads\/2024\/09\/WhatsApp-Image-2024-09-27-at-14.45.47-1.jpeg 1200w\" sizes=\"(max-width: 1024px) 100vw, 1024px\" \/><\/figure>\n\n\n\n<figure class=\"wp-block-image size-large\"><img loading=\"lazy\" decoding=\"async\" width=\"1024\" height=\"683\" src=\"https:\/\/noticiaempauta.com\/portal\/wp-content\/uploads\/2024\/09\/WhatsApp-Image-2024-09-27-at-14.45.47-1024x683.jpeg\" alt=\"\" class=\"wp-image-262480\" srcset=\"https:\/\/noticiaempauta.com\/portal\/wp-content\/uploads\/2024\/09\/WhatsApp-Image-2024-09-27-at-14.45.47-1024x683.jpeg 1024w, https:\/\/noticiaempauta.com\/portal\/wp-content\/uploads\/2024\/09\/WhatsApp-Image-2024-09-27-at-14.45.47-300x200.jpeg 300w, https:\/\/noticiaempauta.com\/portal\/wp-content\/uploads\/2024\/09\/WhatsApp-Image-2024-09-27-at-14.45.47-768x512.jpeg 768w, https:\/\/noticiaempauta.com\/portal\/wp-content\/uploads\/2024\/09\/WhatsApp-Image-2024-09-27-at-14.45.47.jpeg 1200w\" sizes=\"(max-width: 1024px) 100vw, 1024px\" \/><\/figure>\n","protected":false},"excerpt":{"rendered":"<p>A secretaria municipal de educa\u00e7\u00e3o de Paquet\u00e1 do Piau\u00ed promoveu na noite desta quinta-feira, 26 de setembro, solenidade de encerramento do projeto interdisciplinar intitulado &#8220;Juntos somos mais fortes &#8220;, de iniciativa da professora Keila Cardoso, juntamente com a equipe escolar da U.E Celso Eul\u00e1lio e secretaria de educa\u00e7\u00e3o, as a\u00e7\u00f5es do projeto tiveram in\u00edcio em [&hellip;]<\/p>\n","protected":false},"author":2,"featured_media":262452,"comment_status":"open","ping_status":"open","sticky":false,"template":"","format":"standard","meta":{"_mi_skip_tracking":false,"footnotes":""},"categories":[1,9,16],"tags":[],"class_list":["post-262451","post","type-post","status-publish","format-standard","has-post-thumbnail","hentry","category-geral","category-municipios","category-todas"],"acf":[],"yoast_head":"<!-- This site is optimized with the Yoast SEO Premium plugin v19.2 (Yoast SEO v26.9) - https:\/\/yoast.com\/product\/yoast-seo-premium-wordpress\/ -->\n<title>Secretaria de Educa\u00e7\u00e3o de Paquet\u00e1 realiza evento de encerramento do projeto &quot;Juntos Somos mais Fortes&quot; - Portal Not\u00edcia em Pauta<\/title>\n<meta name=\"robots\" content=\"index, follow, max-snippet:-1, max-image-preview:large, max-video-preview:-1\" \/>\n<link rel=\"canonical\" href=\"https:\/\/noticiaempauta.com\/portal\/secretaria-de-educacao-de-paqueta-realiza-evento-de-encerramento-do-projeto-juntos-somos-mais-fortes\/\" \/>\n<meta property=\"og:locale\" content=\"pt_BR\" \/>\n<meta property=\"og:type\" content=\"article\" \/>\n<meta property=\"og:title\" content=\"Secretaria de Educa\u00e7\u00e3o de Paquet\u00e1 realiza evento de encerramento do projeto &quot;Juntos Somos mais Fortes&quot;\" \/>\n<meta property=\"og:description\" content=\"A secretaria municipal de educa\u00e7\u00e3o de Paquet\u00e1 do Piau\u00ed promoveu na noite desta quinta-feira, 26 de setembro, solenidade de encerramento do projeto interdisciplinar intitulado &#8220;Juntos somos mais fortes &#8220;, de iniciativa da professora Keila Cardoso, juntamente com a equipe escolar da U.E Celso Eul\u00e1lio e secretaria de educa\u00e7\u00e3o, as a\u00e7\u00f5es do projeto tiveram in\u00edcio em [&hellip;]\" \/>\n<meta property=\"og:url\" content=\"https:\/\/noticiaempauta.com\/portal\/secretaria-de-educacao-de-paqueta-realiza-evento-de-encerramento-do-projeto-juntos-somos-mais-fortes\/\" \/>\n<meta property=\"og:site_name\" content=\"Portal Not\u00edcia em Pauta\" \/>\n<meta property=\"article:publisher\" content=\"https:\/\/www.facebook.com\/Portal-Notcia-Em-Pauta-102292869264820\/\" \/>\n<meta property=\"article:published_time\" content=\"2024-09-27T19:33:41+00:00\" \/>\n<meta property=\"article:modified_time\" content=\"2024-09-27T19:57:13+00:00\" \/>\n<meta property=\"og:image\" content=\"https:\/\/noticiaempauta.com\/portal\/wp-content\/uploads\/2024\/09\/WhatsApp-Image-2024-09-27-at-16.10.30.jpeg\" \/>\n\t<meta property=\"og:image:width\" content=\"1170\" \/>\n\t<meta property=\"og:image:height\" content=\"700\" \/>\n\t<meta property=\"og:image:type\" content=\"image\/jpeg\" \/>\n<meta name=\"author\" content=\"Reda\u00e7\u00e3o\" \/>\n<meta name=\"twitter:card\" content=\"summary_large_image\" \/>\n<meta name=\"twitter:label1\" content=\"Escrito por\" \/>\n\t<meta name=\"twitter:data1\" content=\"Reda\u00e7\u00e3o\" \/>\n\t<meta name=\"twitter:label2\" content=\"Est. tempo de leitura\" \/>\n\t<meta name=\"twitter:data2\" content=\"7 minutos\" \/>\n<script type=\"application\/ld+json\" class=\"yoast-schema-graph\">{\"@context\":\"https:\/\/schema.org\",\"@graph\":[{\"@type\":\"Article\",\"@id\":\"https:\/\/noticiaempauta.com\/portal\/secretaria-de-educacao-de-paqueta-realiza-evento-de-encerramento-do-projeto-juntos-somos-mais-fortes\/#article\",\"isPartOf\":{\"@id\":\"https:\/\/noticiaempauta.com\/portal\/secretaria-de-educacao-de-paqueta-realiza-evento-de-encerramento-do-projeto-juntos-somos-mais-fortes\/\"},\"author\":{\"name\":\"Reda\u00e7\u00e3o\",\"@id\":\"https:\/\/noticiaempauta.com\/portal\/#\/schema\/person\/a74af43dd1ab3deca45f988c717d57ac\"},\"headline\":\"Secretaria de Educa\u00e7\u00e3o de Paquet\u00e1 realiza evento de encerramento do projeto &#8220;Juntos Somos mais Fortes&#8221;\",\"datePublished\":\"2024-09-27T19:33:41+00:00\",\"dateModified\":\"2024-09-27T19:57:13+00:00\",\"mainEntityOfPage\":{\"@id\":\"https:\/\/noticiaempauta.com\/portal\/secretaria-de-educacao-de-paqueta-realiza-evento-de-encerramento-do-projeto-juntos-somos-mais-fortes\/\"},\"wordCount\":386,\"commentCount\":0,\"publisher\":{\"@id\":\"https:\/\/noticiaempauta.com\/portal\/#organization\"},\"image\":{\"@id\":\"https:\/\/noticiaempauta.com\/portal\/secretaria-de-educacao-de-paqueta-realiza-evento-de-encerramento-do-projeto-juntos-somos-mais-fortes\/#primaryimage\"},\"thumbnailUrl\":\"https:\/\/noticiaempauta.com\/portal\/wp-content\/uploads\/2024\/09\/WhatsApp-Image-2024-09-27-at-16.10.30.jpeg\",\"articleSection\":[\"Geral\",\"Munic\u00edpios\",\"Todas as Not\u00edcias\"],\"inLanguage\":\"pt-BR\",\"potentialAction\":[{\"@type\":\"CommentAction\",\"name\":\"Comment\",\"target\":[\"https:\/\/noticiaempauta.com\/portal\/secretaria-de-educacao-de-paqueta-realiza-evento-de-encerramento-do-projeto-juntos-somos-mais-fortes\/#respond\"]}]},{\"@type\":\"WebPage\",\"@id\":\"https:\/\/noticiaempauta.com\/portal\/secretaria-de-educacao-de-paqueta-realiza-evento-de-encerramento-do-projeto-juntos-somos-mais-fortes\/\",\"url\":\"https:\/\/noticiaempauta.com\/portal\/secretaria-de-educacao-de-paqueta-realiza-evento-de-encerramento-do-projeto-juntos-somos-mais-fortes\/\",\"name\":\"Secretaria de Educa\u00e7\u00e3o de Paquet\u00e1 realiza evento de encerramento do projeto \\\"Juntos Somos mais Fortes\\\" - Portal Not\u00edcia em Pauta\",\"isPartOf\":{\"@id\":\"https:\/\/noticiaempauta.com\/portal\/#website\"},\"primaryImageOfPage\":{\"@id\":\"https:\/\/noticiaempauta.com\/portal\/secretaria-de-educacao-de-paqueta-realiza-evento-de-encerramento-do-projeto-juntos-somos-mais-fortes\/#primaryimage\"},\"image\":{\"@id\":\"https:\/\/noticiaempauta.com\/portal\/secretaria-de-educacao-de-paqueta-realiza-evento-de-encerramento-do-projeto-juntos-somos-mais-fortes\/#primaryimage\"},\"thumbnailUrl\":\"https:\/\/noticiaempauta.com\/portal\/wp-content\/uploads\/2024\/09\/WhatsApp-Image-2024-09-27-at-16.10.30.jpeg\",\"datePublished\":\"2024-09-27T19:33:41+00:00\",\"dateModified\":\"2024-09-27T19:57:13+00:00\",\"breadcrumb\":{\"@id\":\"https:\/\/noticiaempauta.com\/portal\/secretaria-de-educacao-de-paqueta-realiza-evento-de-encerramento-do-projeto-juntos-somos-mais-fortes\/#breadcrumb\"},\"inLanguage\":\"pt-BR\",\"potentialAction\":[{\"@type\":\"ReadAction\",\"target\":[\"https:\/\/noticiaempauta.com\/portal\/secretaria-de-educacao-de-paqueta-realiza-evento-de-encerramento-do-projeto-juntos-somos-mais-fortes\/\"]}]},{\"@type\":\"ImageObject\",\"inLanguage\":\"pt-BR\",\"@id\":\"https:\/\/noticiaempauta.com\/portal\/secretaria-de-educacao-de-paqueta-realiza-evento-de-encerramento-do-projeto-juntos-somos-mais-fortes\/#primaryimage\",\"url\":\"https:\/\/noticiaempauta.com\/portal\/wp-content\/uploads\/2024\/09\/WhatsApp-Image-2024-09-27-at-16.10.30.jpeg\",\"contentUrl\":\"https:\/\/noticiaempauta.com\/portal\/wp-content\/uploads\/2024\/09\/WhatsApp-Image-2024-09-27-at-16.10.30.jpeg\",\"width\":1170,\"height\":700},{\"@type\":\"BreadcrumbList\",\"@id\":\"https:\/\/noticiaempauta.com\/portal\/secretaria-de-educacao-de-paqueta-realiza-evento-de-encerramento-do-projeto-juntos-somos-mais-fortes\/#breadcrumb\",\"itemListElement\":[{\"@type\":\"ListItem\",\"position\":1,\"name\":\"P\u00e1gina Inicial\",\"item\":\"https:\/\/noticiaempauta.com\/portal\/\"},{\"@type\":\"ListItem\",\"position\":2,\"name\":\"Geral\",\"item\":\"https:\/\/noticiaempauta.com\/portal\/geral\/\"},{\"@type\":\"ListItem\",\"position\":3,\"name\":\"Secretaria de Educa\u00e7\u00e3o de Paquet\u00e1 realiza evento de encerramento do projeto &#8220;Juntos Somos mais Fortes&#8221;\"}]},{\"@type\":\"WebSite\",\"@id\":\"https:\/\/noticiaempauta.com\/portal\/#website\",\"url\":\"https:\/\/noticiaempauta.com\/portal\/\",\"name\":\"Portal Not\u00edcia em Pauta\",\"description\":\"Voc\u00ea bem informado\",\"publisher\":{\"@id\":\"https:\/\/noticiaempauta.com\/portal\/#organization\"},\"potentialAction\":[{\"@type\":\"SearchAction\",\"target\":{\"@type\":\"EntryPoint\",\"urlTemplate\":\"https:\/\/noticiaempauta.com\/portal\/?s={search_term_string}\"},\"query-input\":{\"@type\":\"PropertyValueSpecification\",\"valueRequired\":true,\"valueName\":\"search_term_string\"}}],\"inLanguage\":\"pt-BR\"},{\"@type\":\"Organization\",\"@id\":\"https:\/\/noticiaempauta.com\/portal\/#organization\",\"name\":\"Portal Not\u00edcia em Pauta\",\"url\":\"https:\/\/noticiaempauta.com\/portal\/\",\"logo\":{\"@type\":\"ImageObject\",\"inLanguage\":\"pt-BR\",\"@id\":\"https:\/\/noticiaempauta.com\/portal\/#\/schema\/logo\/image\/\",\"url\":\"https:\/\/noticiaempauta.com\/portal\/wp-content\/uploads\/2022\/08\/logomarca_tema.fw_.png\",\"contentUrl\":\"https:\/\/noticiaempauta.com\/portal\/wp-content\/uploads\/2022\/08\/logomarca_tema.fw_.png\",\"width\":400,\"height\":232,\"caption\":\"Portal Not\u00edcia em Pauta\"},\"image\":{\"@id\":\"https:\/\/noticiaempauta.com\/portal\/#\/schema\/logo\/image\/\"},\"sameAs\":[\"https:\/\/www.facebook.com\/Portal-Notcia-Em-Pauta-102292869264820\/\",\"https:\/\/www.instagram.com\/portalnoticiaempauta\/\"]},{\"@type\":\"Person\",\"@id\":\"https:\/\/noticiaempauta.com\/portal\/#\/schema\/person\/a74af43dd1ab3deca45f988c717d57ac\",\"name\":\"Reda\u00e7\u00e3o\",\"image\":{\"@type\":\"ImageObject\",\"inLanguage\":\"pt-BR\",\"@id\":\"https:\/\/noticiaempauta.com\/portal\/#\/schema\/person\/image\/\",\"url\":\"https:\/\/secure.gravatar.com\/avatar\/03179346ecce6cdfc13361603e8f54242a90e5cde8618fa23c5c00aa2b0aadf3?s=96&d=mm&r=g\",\"contentUrl\":\"https:\/\/secure.gravatar.com\/avatar\/03179346ecce6cdfc13361603e8f54242a90e5cde8618fa23c5c00aa2b0aadf3?s=96&d=mm&r=g\",\"caption\":\"Reda\u00e7\u00e3o\"},\"sameAs\":[\"https:\/\/noticiaempauta.com\/portal\/\"],\"url\":\"https:\/\/noticiaempauta.com\/portal\/author\/fernando\/\"}]}<\/script>\n<!-- \/ Yoast SEO Premium plugin. -->","yoast_head_json":{"title":"Secretaria de Educa\u00e7\u00e3o de Paquet\u00e1 realiza evento de encerramento do projeto \"Juntos Somos mais Fortes\" - Portal Not\u00edcia em Pauta","robots":{"index":"index","follow":"follow","max-snippet":"max-snippet:-1","max-image-preview":"max-image-preview:large","max-video-preview":"max-video-preview:-1"},"canonical":"https:\/\/noticiaempauta.com\/portal\/secretaria-de-educacao-de-paqueta-realiza-evento-de-encerramento-do-projeto-juntos-somos-mais-fortes\/","og_locale":"pt_BR","og_type":"article","og_title":"Secretaria de Educa\u00e7\u00e3o de Paquet\u00e1 realiza evento de encerramento do projeto \"Juntos Somos mais Fortes\"","og_description":"A secretaria municipal de educa\u00e7\u00e3o de Paquet\u00e1 do Piau\u00ed promoveu na noite desta quinta-feira, 26 de setembro, solenidade de encerramento do projeto interdisciplinar intitulado &#8220;Juntos somos mais fortes &#8220;, de iniciativa da professora Keila Cardoso, juntamente com a equipe escolar da U.E Celso Eul\u00e1lio e secretaria de educa\u00e7\u00e3o, as a\u00e7\u00f5es do projeto tiveram in\u00edcio em [&hellip;]","og_url":"https:\/\/noticiaempauta.com\/portal\/secretaria-de-educacao-de-paqueta-realiza-evento-de-encerramento-do-projeto-juntos-somos-mais-fortes\/","og_site_name":"Portal Not\u00edcia em Pauta","article_publisher":"https:\/\/www.facebook.com\/Portal-Notcia-Em-Pauta-102292869264820\/","article_published_time":"2024-09-27T19:33:41+00:00","article_modified_time":"2024-09-27T19:57:13+00:00","og_image":[{"width":1170,"height":700,"url":"https:\/\/noticiaempauta.com\/portal\/wp-content\/uploads\/2024\/09\/WhatsApp-Image-2024-09-27-at-16.10.30.jpeg","type":"image\/jpeg"}],"author":"Reda\u00e7\u00e3o","twitter_card":"summary_large_image","twitter_misc":{"Escrito por":"Reda\u00e7\u00e3o","Est. tempo de leitura":"7 minutos"},"schema":{"@context":"https:\/\/schema.org","@graph":[{"@type":"Article","@id":"https:\/\/noticiaempauta.com\/portal\/secretaria-de-educacao-de-paqueta-realiza-evento-de-encerramento-do-projeto-juntos-somos-mais-fortes\/#article","isPartOf":{"@id":"https:\/\/noticiaempauta.com\/portal\/secretaria-de-educacao-de-paqueta-realiza-evento-de-encerramento-do-projeto-juntos-somos-mais-fortes\/"},"author":{"name":"Reda\u00e7\u00e3o","@id":"https:\/\/noticiaempauta.com\/portal\/#\/schema\/person\/a74af43dd1ab3deca45f988c717d57ac"},"headline":"Secretaria de Educa\u00e7\u00e3o de Paquet\u00e1 realiza evento de encerramento do projeto &#8220;Juntos Somos mais Fortes&#8221;","datePublished":"2024-09-27T19:33:41+00:00","dateModified":"2024-09-27T19:57:13+00:00","mainEntityOfPage":{"@id":"https:\/\/noticiaempauta.com\/portal\/secretaria-de-educacao-de-paqueta-realiza-evento-de-encerramento-do-projeto-juntos-somos-mais-fortes\/"},"wordCount":386,"commentCount":0,"publisher":{"@id":"https:\/\/noticiaempauta.com\/portal\/#organization"},"image":{"@id":"https:\/\/noticiaempauta.com\/portal\/secretaria-de-educacao-de-paqueta-realiza-evento-de-encerramento-do-projeto-juntos-somos-mais-fortes\/#primaryimage"},"thumbnailUrl":"https:\/\/noticiaempauta.com\/portal\/wp-content\/uploads\/2024\/09\/WhatsApp-Image-2024-09-27-at-16.10.30.jpeg","articleSection":["Geral","Munic\u00edpios","Todas as Not\u00edcias"],"inLanguage":"pt-BR","potentialAction":[{"@type":"CommentAction","name":"Comment","target":["https:\/\/noticiaempauta.com\/portal\/secretaria-de-educacao-de-paqueta-realiza-evento-de-encerramento-do-projeto-juntos-somos-mais-fortes\/#respond"]}]},{"@type":"WebPage","@id":"https:\/\/noticiaempauta.com\/portal\/secretaria-de-educacao-de-paqueta-realiza-evento-de-encerramento-do-projeto-juntos-somos-mais-fortes\/","url":"https:\/\/noticiaempauta.com\/portal\/secretaria-de-educacao-de-paqueta-realiza-evento-de-encerramento-do-projeto-juntos-somos-mais-fortes\/","name":"Secretaria de Educa\u00e7\u00e3o de Paquet\u00e1 realiza evento de encerramento do projeto \"Juntos Somos mais Fortes\" - Portal Not\u00edcia em Pauta","isPartOf":{"@id":"https:\/\/noticiaempauta.com\/portal\/#website"},"primaryImageOfPage":{"@id":"https:\/\/noticiaempauta.com\/portal\/secretaria-de-educacao-de-paqueta-realiza-evento-de-encerramento-do-projeto-juntos-somos-mais-fortes\/#primaryimage"},"image":{"@id":"https:\/\/noticiaempauta.com\/portal\/secretaria-de-educacao-de-paqueta-realiza-evento-de-encerramento-do-projeto-juntos-somos-mais-fortes\/#primaryimage"},"thumbnailUrl":"https:\/\/noticiaempauta.com\/portal\/wp-content\/uploads\/2024\/09\/WhatsApp-Image-2024-09-27-at-16.10.30.jpeg","datePublished":"2024-09-27T19:33:41+00:00","dateModified":"2024-09-27T19:57:13+00:00","breadcrumb":{"@id":"https:\/\/noticiaempauta.com\/portal\/secretaria-de-educacao-de-paqueta-realiza-evento-de-encerramento-do-projeto-juntos-somos-mais-fortes\/#breadcrumb"},"inLanguage":"pt-BR","potentialAction":[{"@type":"ReadAction","target":["https:\/\/noticiaempauta.com\/portal\/secretaria-de-educacao-de-paqueta-realiza-evento-de-encerramento-do-projeto-juntos-somos-mais-fortes\/"]}]},{"@type":"ImageObject","inLanguage":"pt-BR","@id":"https:\/\/noticiaempauta.com\/portal\/secretaria-de-educacao-de-paqueta-realiza-evento-de-encerramento-do-projeto-juntos-somos-mais-fortes\/#primaryimage","url":"https:\/\/noticiaempauta.com\/portal\/wp-content\/uploads\/2024\/09\/WhatsApp-Image-2024-09-27-at-16.10.30.jpeg","contentUrl":"https:\/\/noticiaempauta.com\/portal\/wp-content\/uploads\/2024\/09\/WhatsApp-Image-2024-09-27-at-16.10.30.jpeg","width":1170,"height":700},{"@type":"BreadcrumbList","@id":"https:\/\/noticiaempauta.com\/portal\/secretaria-de-educacao-de-paqueta-realiza-evento-de-encerramento-do-projeto-juntos-somos-mais-fortes\/#breadcrumb","itemListElement":[{"@type":"ListItem","position":1,"name":"P\u00e1gina Inicial","item":"https:\/\/noticiaempauta.com\/portal\/"},{"@type":"ListItem","position":2,"name":"Geral","item":"https:\/\/noticiaempauta.com\/portal\/geral\/"},{"@type":"ListItem","position":3,"name":"Secretaria de Educa\u00e7\u00e3o de Paquet\u00e1 realiza evento de encerramento do projeto &#8220;Juntos Somos mais Fortes&#8221;"}]},{"@type":"WebSite","@id":"https:\/\/noticiaempauta.com\/portal\/#website","url":"https:\/\/noticiaempauta.com\/portal\/","name":"Portal Not\u00edcia em Pauta","description":"Voc\u00ea bem informado","publisher":{"@id":"https:\/\/noticiaempauta.com\/portal\/#organization"},"potentialAction":[{"@type":"SearchAction","target":{"@type":"EntryPoint","urlTemplate":"https:\/\/noticiaempauta.com\/portal\/?s={search_term_string}"},"query-input":{"@type":"PropertyValueSpecification","valueRequired":true,"valueName":"search_term_string"}}],"inLanguage":"pt-BR"},{"@type":"Organization","@id":"https:\/\/noticiaempauta.com\/portal\/#organization","name":"Portal Not\u00edcia em Pauta","url":"https:\/\/noticiaempauta.com\/portal\/","logo":{"@type":"ImageObject","inLanguage":"pt-BR","@id":"https:\/\/noticiaempauta.com\/portal\/#\/schema\/logo\/image\/","url":"https:\/\/noticiaempauta.com\/portal\/wp-content\/uploads\/2022\/08\/logomarca_tema.fw_.png","contentUrl":"https:\/\/noticiaempauta.com\/portal\/wp-content\/uploads\/2022\/08\/logomarca_tema.fw_.png","width":400,"height":232,"caption":"Portal Not\u00edcia em Pauta"},"image":{"@id":"https:\/\/noticiaempauta.com\/portal\/#\/schema\/logo\/image\/"},"sameAs":["https:\/\/www.facebook.com\/Portal-Notcia-Em-Pauta-102292869264820\/","https:\/\/www.instagram.com\/portalnoticiaempauta\/"]},{"@type":"Person","@id":"https:\/\/noticiaempauta.com\/portal\/#\/schema\/person\/a74af43dd1ab3deca45f988c717d57ac","name":"Reda\u00e7\u00e3o","image":{"@type":"ImageObject","inLanguage":"pt-BR","@id":"https:\/\/noticiaempauta.com\/portal\/#\/schema\/person\/image\/","url":"https:\/\/secure.gravatar.com\/avatar\/03179346ecce6cdfc13361603e8f54242a90e5cde8618fa23c5c00aa2b0aadf3?s=96&d=mm&r=g","contentUrl":"https:\/\/secure.gravatar.com\/avatar\/03179346ecce6cdfc13361603e8f54242a90e5cde8618fa23c5c00aa2b0aadf3?s=96&d=mm&r=g","caption":"Reda\u00e7\u00e3o"},"sameAs":["https:\/\/noticiaempauta.com\/portal\/"],"url":"https:\/\/noticiaempauta.com\/portal\/author\/fernando\/"}]}},"_links":{"self":[{"href":"https:\/\/noticiaempauta.com\/portal\/wp-json\/wp\/v2\/posts\/262451","targetHints":{"allow":["GET"]}}],"collection":[{"href":"https:\/\/noticiaempauta.com\/portal\/wp-json\/wp\/v2\/posts"}],"about":[{"href":"https:\/\/noticiaempauta.com\/portal\/wp-json\/wp\/v2\/types\/post"}],"author":[{"embeddable":true,"href":"https:\/\/noticiaempauta.com\/portal\/wp-json\/wp\/v2\/users\/2"}],"replies":[{"embeddable":true,"href":"https:\/\/noticiaempauta.com\/portal\/wp-json\/wp\/v2\/comments?post=262451"}],"version-history":[{"count":4,"href":"https:\/\/noticiaempauta.com\/portal\/wp-json\/wp\/v2\/posts\/262451\/revisions"}],"predecessor-version":[{"id":262494,"href":"https:\/\/noticiaempauta.com\/portal\/wp-json\/wp\/v2\/posts\/262451\/revisions\/262494"}],"wp:featuredmedia":[{"embeddable":true,"href":"https:\/\/noticiaempauta.com\/portal\/wp-json\/wp\/v2\/media\/262452"}],"wp:attachment":[{"href":"https:\/\/noticiaempauta.com\/portal\/wp-json\/wp\/v2\/media?parent=262451"}],"wp:term":[{"taxonomy":"category","embeddable":true,"href":"https:\/\/noticiaempauta.com\/portal\/wp-json\/wp\/v2\/categories?post=262451"},{"taxonomy":"post_tag","embeddable":true,"href":"https:\/\/noticiaempauta.com\/portal\/wp-json\/wp\/v2\/tags?post=262451"}],"curies":[{"name":"wp","href":"https:\/\/api.w.org\/{rel}","templated":true}]}}