{"id":262487,"date":"2024-09-27T16:53:07","date_gmt":"2024-09-27T19:53:07","guid":{"rendered":"https:\/\/noticiaempauta.com\/portal\/?p=262487"},"modified":"2024-09-27T16:53:08","modified_gmt":"2024-09-27T19:53:08","slug":"paqueta-pi-dr-clayton-barros-e-paulo-roberto-realizam-grande-carreata-e-comicio-neste-domingo-29","status":"publish","type":"post","link":"https:\/\/noticiaempauta.com\/portal\/paqueta-pi-dr-clayton-barros-e-paulo-roberto-realizam-grande-carreata-e-comicio-neste-domingo-29\/","title":{"rendered":"Paquet\u00e1-PI | Dr. Clayton Barros e Paulo Roberto realizam grande carreata e com\u00edcio neste domingo (29)"},"content":{"rendered":"\n<p>A cidade de Paquet\u00e1 se prepara para um dos maiores eventos da campanha eleitoral deste ano, a coliga\u00e7\u00e3o <strong>&#8220;Juntos Pelo Futuro&#8221;<\/strong> , formada pelos partidos PP e PSD, que tem como candidato \u00e0 reelei\u00e7\u00e3o o prefeito Dr. Clayton Barros e como vice-prefeito Paulo Roberto Portela, realizar\u00e1 uma grande carreata seguida de com\u00edcio, prometendo movimentar a popula\u00e7\u00e3o neste domingo, dia 29 de setembro, tendo in\u00edcio as 16h com carreata saindo do Povoado Cai\u00e7ara, seguindo at\u00e9 a sede do munic\u00edpio onde haver\u00e1 o grande com\u00edcio pr\u00f3ximo a lagoa as 19h.<\/p>\n\n\n\n<figure class=\"wp-block-image size-large\"><img fetchpriority=\"high\" decoding=\"async\" width=\"1024\" height=\"683\" src=\"https:\/\/noticiaempauta.com\/portal\/wp-content\/uploads\/2024\/09\/IMG_3794-qm1fkgzpq6ejlf6tg5rr14w4gll3o9kjly272ftirk-1024x683.webp\" alt=\"\" class=\"wp-image-262490\" srcset=\"https:\/\/noticiaempauta.com\/portal\/wp-content\/uploads\/2024\/09\/IMG_3794-qm1fkgzpq6ejlf6tg5rr14w4gll3o9kjly272ftirk-1024x683.webp 1024w, https:\/\/noticiaempauta.com\/portal\/wp-content\/uploads\/2024\/09\/IMG_3794-qm1fkgzpq6ejlf6tg5rr14w4gll3o9kjly272ftirk-300x200.webp 300w, https:\/\/noticiaempauta.com\/portal\/wp-content\/uploads\/2024\/09\/IMG_3794-qm1fkgzpq6ejlf6tg5rr14w4gll3o9kjly272ftirk-768x512.webp 768w, https:\/\/noticiaempauta.com\/portal\/wp-content\/uploads\/2024\/09\/IMG_3794-qm1fkgzpq6ejlf6tg5rr14w4gll3o9kjly272ftirk.webp 1200w\" sizes=\"(max-width: 1024px) 100vw, 1024px\" \/><\/figure>\n\n\n\n<p><br>Eleito vice-prefeito em 2020 na chapa que tinha Dr. Thales como prefeito, Dr. Clayton Barros assumiu a Prefeitura de Paquet\u00e1 ap\u00f3s a ren\u00fancia de Dr. Thales, que concorreu e foi eleito deputado estadual em 2022. Desde ent\u00e3o, Dr. Clayton tem dado continuidade ao trabalho iniciado por seu antecessor, com inova\u00e7\u00f5es em diversas \u00e1reas e um grande foco no desenvolvimento do munic\u00edpio.<\/p>\n\n\n\n<figure class=\"wp-block-image size-large\"><img decoding=\"async\" width=\"932\" height=\"1024\" src=\"https:\/\/noticiaempauta.com\/portal\/wp-content\/uploads\/2024\/09\/WhatsApp-Image-2024-09-27-at-16.50.25-932x1024.jpeg\" alt=\"\" class=\"wp-image-262489\" srcset=\"https:\/\/noticiaempauta.com\/portal\/wp-content\/uploads\/2024\/09\/WhatsApp-Image-2024-09-27-at-16.50.25-932x1024.jpeg 932w, https:\/\/noticiaempauta.com\/portal\/wp-content\/uploads\/2024\/09\/WhatsApp-Image-2024-09-27-at-16.50.25-273x300.jpeg 273w, https:\/\/noticiaempauta.com\/portal\/wp-content\/uploads\/2024\/09\/WhatsApp-Image-2024-09-27-at-16.50.25-768x844.jpeg 768w, https:\/\/noticiaempauta.com\/portal\/wp-content\/uploads\/2024\/09\/WhatsApp-Image-2024-09-27-at-16.50.25.jpeg 1165w\" sizes=\"(max-width: 932px) 100vw, 932px\" \/><\/figure>\n\n\n\n<p>O evento \u00e9 visto como uma demonstra\u00e7\u00e3o de for\u00e7a da candidatura de Dr. Clayton, que j\u00e1 conquistou grande apoio popular ao longo de sua gest\u00e3o como prefeito.<br>Com um tom otimista, a organiza\u00e7\u00e3o do evento convida todos os simpatizantes e eleitores a participarem deste grande momento, que marca a reta final da campanha.<\/p>\n\n\n\n<p><br><\/p>\n","protected":false},"excerpt":{"rendered":"<p>A cidade de Paquet\u00e1 se prepara para um dos maiores eventos da campanha eleitoral deste ano, a coliga\u00e7\u00e3o &#8220;Juntos Pelo Futuro&#8221; , formada pelos partidos PP e PSD, que tem como candidato \u00e0 reelei\u00e7\u00e3o o prefeito Dr. Clayton Barros e como vice-prefeito Paulo Roberto Portela, realizar\u00e1 uma grande carreata seguida de com\u00edcio, prometendo movimentar a [&hellip;]<\/p>\n","protected":false},"author":2,"featured_media":262488,"comment_status":"open","ping_status":"open","sticky":false,"template":"","format":"standard","meta":{"_mi_skip_tracking":false,"footnotes":""},"categories":[25,1,9,3,16],"tags":[192],"class_list":["post-262487","post","type-post","status-publish","format-standard","has-post-thumbnail","hentry","category-destaques-site","category-geral","category-municipios","category-politica","category-todas","tag-destaqueprincipal"],"acf":[],"yoast_head":"<!-- This site is optimized with the Yoast SEO Premium plugin v19.2 (Yoast SEO v26.9) - https:\/\/yoast.com\/product\/yoast-seo-premium-wordpress\/ -->\n<title>Paquet\u00e1-PI | Dr. Clayton Barros e Paulo Roberto realizam grande carreata e com\u00edcio neste domingo (29) - Portal Not\u00edcia em Pauta<\/title>\n<meta name=\"robots\" content=\"index, follow, max-snippet:-1, max-image-preview:large, max-video-preview:-1\" \/>\n<link rel=\"canonical\" href=\"https:\/\/noticiaempauta.com\/portal\/paqueta-pi-dr-clayton-barros-e-paulo-roberto-realizam-grande-carreata-e-comicio-neste-domingo-29\/\" \/>\n<meta property=\"og:locale\" content=\"pt_BR\" \/>\n<meta property=\"og:type\" content=\"article\" \/>\n<meta property=\"og:title\" content=\"Paquet\u00e1-PI | Dr. Clayton Barros e Paulo Roberto realizam grande carreata e com\u00edcio neste domingo (29)\" \/>\n<meta property=\"og:description\" content=\"A cidade de Paquet\u00e1 se prepara para um dos maiores eventos da campanha eleitoral deste ano, a coliga\u00e7\u00e3o &#8220;Juntos Pelo Futuro&#8221; , formada pelos partidos PP e PSD, que tem como candidato \u00e0 reelei\u00e7\u00e3o o prefeito Dr. Clayton Barros e como vice-prefeito Paulo Roberto Portela, realizar\u00e1 uma grande carreata seguida de com\u00edcio, prometendo movimentar a [&hellip;]\" \/>\n<meta property=\"og:url\" content=\"https:\/\/noticiaempauta.com\/portal\/paqueta-pi-dr-clayton-barros-e-paulo-roberto-realizam-grande-carreata-e-comicio-neste-domingo-29\/\" \/>\n<meta property=\"og:site_name\" content=\"Portal Not\u00edcia em Pauta\" \/>\n<meta property=\"article:publisher\" content=\"https:\/\/www.facebook.com\/Portal-Notcia-Em-Pauta-102292869264820\/\" \/>\n<meta property=\"article:published_time\" content=\"2024-09-27T19:53:07+00:00\" \/>\n<meta property=\"article:modified_time\" content=\"2024-09-27T19:53:08+00:00\" \/>\n<meta property=\"og:image\" content=\"https:\/\/noticiaempauta.com\/portal\/wp-content\/uploads\/2024\/09\/WhatsApp-Image-2024-09-27-at-16.44.25.jpeg\" \/>\n\t<meta property=\"og:image:width\" content=\"1004\" \/>\n\t<meta property=\"og:image:height\" content=\"608\" \/>\n\t<meta property=\"og:image:type\" content=\"image\/jpeg\" \/>\n<meta name=\"author\" content=\"Reda\u00e7\u00e3o\" \/>\n<meta name=\"twitter:card\" content=\"summary_large_image\" \/>\n<meta name=\"twitter:label1\" content=\"Escrito por\" \/>\n\t<meta name=\"twitter:data1\" content=\"Reda\u00e7\u00e3o\" \/>\n\t<meta name=\"twitter:label2\" content=\"Est. tempo de leitura\" \/>\n\t<meta name=\"twitter:data2\" content=\"2 minutos\" \/>\n<script type=\"application\/ld+json\" class=\"yoast-schema-graph\">{\"@context\":\"https:\/\/schema.org\",\"@graph\":[{\"@type\":\"Article\",\"@id\":\"https:\/\/noticiaempauta.com\/portal\/paqueta-pi-dr-clayton-barros-e-paulo-roberto-realizam-grande-carreata-e-comicio-neste-domingo-29\/#article\",\"isPartOf\":{\"@id\":\"https:\/\/noticiaempauta.com\/portal\/paqueta-pi-dr-clayton-barros-e-paulo-roberto-realizam-grande-carreata-e-comicio-neste-domingo-29\/\"},\"author\":{\"name\":\"Reda\u00e7\u00e3o\",\"@id\":\"https:\/\/noticiaempauta.com\/portal\/#\/schema\/person\/a74af43dd1ab3deca45f988c717d57ac\"},\"headline\":\"Paquet\u00e1-PI | Dr. Clayton Barros e Paulo Roberto realizam grande carreata e com\u00edcio neste domingo (29)\",\"datePublished\":\"2024-09-27T19:53:07+00:00\",\"dateModified\":\"2024-09-27T19:53:08+00:00\",\"mainEntityOfPage\":{\"@id\":\"https:\/\/noticiaempauta.com\/portal\/paqueta-pi-dr-clayton-barros-e-paulo-roberto-realizam-grande-carreata-e-comicio-neste-domingo-29\/\"},\"wordCount\":230,\"commentCount\":0,\"publisher\":{\"@id\":\"https:\/\/noticiaempauta.com\/portal\/#organization\"},\"image\":{\"@id\":\"https:\/\/noticiaempauta.com\/portal\/paqueta-pi-dr-clayton-barros-e-paulo-roberto-realizam-grande-carreata-e-comicio-neste-domingo-29\/#primaryimage\"},\"thumbnailUrl\":\"https:\/\/noticiaempauta.com\/portal\/wp-content\/uploads\/2024\/09\/WhatsApp-Image-2024-09-27-at-16.44.25.jpeg\",\"keywords\":[\"destaqueprincipal\"],\"articleSection\":[\"Destaques\",\"Geral\",\"Munic\u00edpios\",\"Pol\u00edtica\",\"Todas as Not\u00edcias\"],\"inLanguage\":\"pt-BR\",\"potentialAction\":[{\"@type\":\"CommentAction\",\"name\":\"Comment\",\"target\":[\"https:\/\/noticiaempauta.com\/portal\/paqueta-pi-dr-clayton-barros-e-paulo-roberto-realizam-grande-carreata-e-comicio-neste-domingo-29\/#respond\"]}]},{\"@type\":\"WebPage\",\"@id\":\"https:\/\/noticiaempauta.com\/portal\/paqueta-pi-dr-clayton-barros-e-paulo-roberto-realizam-grande-carreata-e-comicio-neste-domingo-29\/\",\"url\":\"https:\/\/noticiaempauta.com\/portal\/paqueta-pi-dr-clayton-barros-e-paulo-roberto-realizam-grande-carreata-e-comicio-neste-domingo-29\/\",\"name\":\"Paquet\u00e1-PI | Dr. Clayton Barros e Paulo Roberto realizam grande carreata e com\u00edcio neste domingo (29) - Portal Not\u00edcia em Pauta\",\"isPartOf\":{\"@id\":\"https:\/\/noticiaempauta.com\/portal\/#website\"},\"primaryImageOfPage\":{\"@id\":\"https:\/\/noticiaempauta.com\/portal\/paqueta-pi-dr-clayton-barros-e-paulo-roberto-realizam-grande-carreata-e-comicio-neste-domingo-29\/#primaryimage\"},\"image\":{\"@id\":\"https:\/\/noticiaempauta.com\/portal\/paqueta-pi-dr-clayton-barros-e-paulo-roberto-realizam-grande-carreata-e-comicio-neste-domingo-29\/#primaryimage\"},\"thumbnailUrl\":\"https:\/\/noticiaempauta.com\/portal\/wp-content\/uploads\/2024\/09\/WhatsApp-Image-2024-09-27-at-16.44.25.jpeg\",\"datePublished\":\"2024-09-27T19:53:07+00:00\",\"dateModified\":\"2024-09-27T19:53:08+00:00\",\"breadcrumb\":{\"@id\":\"https:\/\/noticiaempauta.com\/portal\/paqueta-pi-dr-clayton-barros-e-paulo-roberto-realizam-grande-carreata-e-comicio-neste-domingo-29\/#breadcrumb\"},\"inLanguage\":\"pt-BR\",\"potentialAction\":[{\"@type\":\"ReadAction\",\"target\":[\"https:\/\/noticiaempauta.com\/portal\/paqueta-pi-dr-clayton-barros-e-paulo-roberto-realizam-grande-carreata-e-comicio-neste-domingo-29\/\"]}]},{\"@type\":\"ImageObject\",\"inLanguage\":\"pt-BR\",\"@id\":\"https:\/\/noticiaempauta.com\/portal\/paqueta-pi-dr-clayton-barros-e-paulo-roberto-realizam-grande-carreata-e-comicio-neste-domingo-29\/#primaryimage\",\"url\":\"https:\/\/noticiaempauta.com\/portal\/wp-content\/uploads\/2024\/09\/WhatsApp-Image-2024-09-27-at-16.44.25.jpeg\",\"contentUrl\":\"https:\/\/noticiaempauta.com\/portal\/wp-content\/uploads\/2024\/09\/WhatsApp-Image-2024-09-27-at-16.44.25.jpeg\",\"width\":1004,\"height\":608},{\"@type\":\"BreadcrumbList\",\"@id\":\"https:\/\/noticiaempauta.com\/portal\/paqueta-pi-dr-clayton-barros-e-paulo-roberto-realizam-grande-carreata-e-comicio-neste-domingo-29\/#breadcrumb\",\"itemListElement\":[{\"@type\":\"ListItem\",\"position\":1,\"name\":\"P\u00e1gina Inicial\",\"item\":\"https:\/\/noticiaempauta.com\/portal\/\"},{\"@type\":\"ListItem\",\"position\":2,\"name\":\"Destaques\",\"item\":\"https:\/\/noticiaempauta.com\/portal\/destaques-site\/\"},{\"@type\":\"ListItem\",\"position\":3,\"name\":\"Paquet\u00e1-PI | Dr. Clayton Barros e Paulo Roberto realizam grande carreata e com\u00edcio neste domingo (29)\"}]},{\"@type\":\"WebSite\",\"@id\":\"https:\/\/noticiaempauta.com\/portal\/#website\",\"url\":\"https:\/\/noticiaempauta.com\/portal\/\",\"name\":\"Portal Not\u00edcia em Pauta\",\"description\":\"Voc\u00ea bem informado\",\"publisher\":{\"@id\":\"https:\/\/noticiaempauta.com\/portal\/#organization\"},\"potentialAction\":[{\"@type\":\"SearchAction\",\"target\":{\"@type\":\"EntryPoint\",\"urlTemplate\":\"https:\/\/noticiaempauta.com\/portal\/?s={search_term_string}\"},\"query-input\":{\"@type\":\"PropertyValueSpecification\",\"valueRequired\":true,\"valueName\":\"search_term_string\"}}],\"inLanguage\":\"pt-BR\"},{\"@type\":\"Organization\",\"@id\":\"https:\/\/noticiaempauta.com\/portal\/#organization\",\"name\":\"Portal Not\u00edcia em Pauta\",\"url\":\"https:\/\/noticiaempauta.com\/portal\/\",\"logo\":{\"@type\":\"ImageObject\",\"inLanguage\":\"pt-BR\",\"@id\":\"https:\/\/noticiaempauta.com\/portal\/#\/schema\/logo\/image\/\",\"url\":\"https:\/\/noticiaempauta.com\/portal\/wp-content\/uploads\/2022\/08\/logomarca_tema.fw_.png\",\"contentUrl\":\"https:\/\/noticiaempauta.com\/portal\/wp-content\/uploads\/2022\/08\/logomarca_tema.fw_.png\",\"width\":400,\"height\":232,\"caption\":\"Portal Not\u00edcia em Pauta\"},\"image\":{\"@id\":\"https:\/\/noticiaempauta.com\/portal\/#\/schema\/logo\/image\/\"},\"sameAs\":[\"https:\/\/www.facebook.com\/Portal-Notcia-Em-Pauta-102292869264820\/\",\"https:\/\/www.instagram.com\/portalnoticiaempauta\/\"]},{\"@type\":\"Person\",\"@id\":\"https:\/\/noticiaempauta.com\/portal\/#\/schema\/person\/a74af43dd1ab3deca45f988c717d57ac\",\"name\":\"Reda\u00e7\u00e3o\",\"image\":{\"@type\":\"ImageObject\",\"inLanguage\":\"pt-BR\",\"@id\":\"https:\/\/noticiaempauta.com\/portal\/#\/schema\/person\/image\/\",\"url\":\"https:\/\/secure.gravatar.com\/avatar\/03179346ecce6cdfc13361603e8f54242a90e5cde8618fa23c5c00aa2b0aadf3?s=96&d=mm&r=g\",\"contentUrl\":\"https:\/\/secure.gravatar.com\/avatar\/03179346ecce6cdfc13361603e8f54242a90e5cde8618fa23c5c00aa2b0aadf3?s=96&d=mm&r=g\",\"caption\":\"Reda\u00e7\u00e3o\"},\"sameAs\":[\"https:\/\/noticiaempauta.com\/portal\/\"],\"url\":\"https:\/\/noticiaempauta.com\/portal\/author\/fernando\/\"}]}<\/script>\n<!-- \/ Yoast SEO Premium plugin. -->","yoast_head_json":{"title":"Paquet\u00e1-PI | Dr. Clayton Barros e Paulo Roberto realizam grande carreata e com\u00edcio neste domingo (29) - Portal Not\u00edcia em Pauta","robots":{"index":"index","follow":"follow","max-snippet":"max-snippet:-1","max-image-preview":"max-image-preview:large","max-video-preview":"max-video-preview:-1"},"canonical":"https:\/\/noticiaempauta.com\/portal\/paqueta-pi-dr-clayton-barros-e-paulo-roberto-realizam-grande-carreata-e-comicio-neste-domingo-29\/","og_locale":"pt_BR","og_type":"article","og_title":"Paquet\u00e1-PI | Dr. Clayton Barros e Paulo Roberto realizam grande carreata e com\u00edcio neste domingo (29)","og_description":"A cidade de Paquet\u00e1 se prepara para um dos maiores eventos da campanha eleitoral deste ano, a coliga\u00e7\u00e3o &#8220;Juntos Pelo Futuro&#8221; , formada pelos partidos PP e PSD, que tem como candidato \u00e0 reelei\u00e7\u00e3o o prefeito Dr. Clayton Barros e como vice-prefeito Paulo Roberto Portela, realizar\u00e1 uma grande carreata seguida de com\u00edcio, prometendo movimentar a [&hellip;]","og_url":"https:\/\/noticiaempauta.com\/portal\/paqueta-pi-dr-clayton-barros-e-paulo-roberto-realizam-grande-carreata-e-comicio-neste-domingo-29\/","og_site_name":"Portal Not\u00edcia em Pauta","article_publisher":"https:\/\/www.facebook.com\/Portal-Notcia-Em-Pauta-102292869264820\/","article_published_time":"2024-09-27T19:53:07+00:00","article_modified_time":"2024-09-27T19:53:08+00:00","og_image":[{"width":1004,"height":608,"url":"https:\/\/noticiaempauta.com\/portal\/wp-content\/uploads\/2024\/09\/WhatsApp-Image-2024-09-27-at-16.44.25.jpeg","type":"image\/jpeg"}],"author":"Reda\u00e7\u00e3o","twitter_card":"summary_large_image","twitter_misc":{"Escrito por":"Reda\u00e7\u00e3o","Est. tempo de leitura":"2 minutos"},"schema":{"@context":"https:\/\/schema.org","@graph":[{"@type":"Article","@id":"https:\/\/noticiaempauta.com\/portal\/paqueta-pi-dr-clayton-barros-e-paulo-roberto-realizam-grande-carreata-e-comicio-neste-domingo-29\/#article","isPartOf":{"@id":"https:\/\/noticiaempauta.com\/portal\/paqueta-pi-dr-clayton-barros-e-paulo-roberto-realizam-grande-carreata-e-comicio-neste-domingo-29\/"},"author":{"name":"Reda\u00e7\u00e3o","@id":"https:\/\/noticiaempauta.com\/portal\/#\/schema\/person\/a74af43dd1ab3deca45f988c717d57ac"},"headline":"Paquet\u00e1-PI | Dr. Clayton Barros e Paulo Roberto realizam grande carreata e com\u00edcio neste domingo (29)","datePublished":"2024-09-27T19:53:07+00:00","dateModified":"2024-09-27T19:53:08+00:00","mainEntityOfPage":{"@id":"https:\/\/noticiaempauta.com\/portal\/paqueta-pi-dr-clayton-barros-e-paulo-roberto-realizam-grande-carreata-e-comicio-neste-domingo-29\/"},"wordCount":230,"commentCount":0,"publisher":{"@id":"https:\/\/noticiaempauta.com\/portal\/#organization"},"image":{"@id":"https:\/\/noticiaempauta.com\/portal\/paqueta-pi-dr-clayton-barros-e-paulo-roberto-realizam-grande-carreata-e-comicio-neste-domingo-29\/#primaryimage"},"thumbnailUrl":"https:\/\/noticiaempauta.com\/portal\/wp-content\/uploads\/2024\/09\/WhatsApp-Image-2024-09-27-at-16.44.25.jpeg","keywords":["destaqueprincipal"],"articleSection":["Destaques","Geral","Munic\u00edpios","Pol\u00edtica","Todas as Not\u00edcias"],"inLanguage":"pt-BR","potentialAction":[{"@type":"CommentAction","name":"Comment","target":["https:\/\/noticiaempauta.com\/portal\/paqueta-pi-dr-clayton-barros-e-paulo-roberto-realizam-grande-carreata-e-comicio-neste-domingo-29\/#respond"]}]},{"@type":"WebPage","@id":"https:\/\/noticiaempauta.com\/portal\/paqueta-pi-dr-clayton-barros-e-paulo-roberto-realizam-grande-carreata-e-comicio-neste-domingo-29\/","url":"https:\/\/noticiaempauta.com\/portal\/paqueta-pi-dr-clayton-barros-e-paulo-roberto-realizam-grande-carreata-e-comicio-neste-domingo-29\/","name":"Paquet\u00e1-PI | Dr. Clayton Barros e Paulo Roberto realizam grande carreata e com\u00edcio neste domingo (29) - Portal Not\u00edcia em Pauta","isPartOf":{"@id":"https:\/\/noticiaempauta.com\/portal\/#website"},"primaryImageOfPage":{"@id":"https:\/\/noticiaempauta.com\/portal\/paqueta-pi-dr-clayton-barros-e-paulo-roberto-realizam-grande-carreata-e-comicio-neste-domingo-29\/#primaryimage"},"image":{"@id":"https:\/\/noticiaempauta.com\/portal\/paqueta-pi-dr-clayton-barros-e-paulo-roberto-realizam-grande-carreata-e-comicio-neste-domingo-29\/#primaryimage"},"thumbnailUrl":"https:\/\/noticiaempauta.com\/portal\/wp-content\/uploads\/2024\/09\/WhatsApp-Image-2024-09-27-at-16.44.25.jpeg","datePublished":"2024-09-27T19:53:07+00:00","dateModified":"2024-09-27T19:53:08+00:00","breadcrumb":{"@id":"https:\/\/noticiaempauta.com\/portal\/paqueta-pi-dr-clayton-barros-e-paulo-roberto-realizam-grande-carreata-e-comicio-neste-domingo-29\/#breadcrumb"},"inLanguage":"pt-BR","potentialAction":[{"@type":"ReadAction","target":["https:\/\/noticiaempauta.com\/portal\/paqueta-pi-dr-clayton-barros-e-paulo-roberto-realizam-grande-carreata-e-comicio-neste-domingo-29\/"]}]},{"@type":"ImageObject","inLanguage":"pt-BR","@id":"https:\/\/noticiaempauta.com\/portal\/paqueta-pi-dr-clayton-barros-e-paulo-roberto-realizam-grande-carreata-e-comicio-neste-domingo-29\/#primaryimage","url":"https:\/\/noticiaempauta.com\/portal\/wp-content\/uploads\/2024\/09\/WhatsApp-Image-2024-09-27-at-16.44.25.jpeg","contentUrl":"https:\/\/noticiaempauta.com\/portal\/wp-content\/uploads\/2024\/09\/WhatsApp-Image-2024-09-27-at-16.44.25.jpeg","width":1004,"height":608},{"@type":"BreadcrumbList","@id":"https:\/\/noticiaempauta.com\/portal\/paqueta-pi-dr-clayton-barros-e-paulo-roberto-realizam-grande-carreata-e-comicio-neste-domingo-29\/#breadcrumb","itemListElement":[{"@type":"ListItem","position":1,"name":"P\u00e1gina Inicial","item":"https:\/\/noticiaempauta.com\/portal\/"},{"@type":"ListItem","position":2,"name":"Destaques","item":"https:\/\/noticiaempauta.com\/portal\/destaques-site\/"},{"@type":"ListItem","position":3,"name":"Paquet\u00e1-PI | Dr. Clayton Barros e Paulo Roberto realizam grande carreata e com\u00edcio neste domingo (29)"}]},{"@type":"WebSite","@id":"https:\/\/noticiaempauta.com\/portal\/#website","url":"https:\/\/noticiaempauta.com\/portal\/","name":"Portal Not\u00edcia em Pauta","description":"Voc\u00ea bem informado","publisher":{"@id":"https:\/\/noticiaempauta.com\/portal\/#organization"},"potentialAction":[{"@type":"SearchAction","target":{"@type":"EntryPoint","urlTemplate":"https:\/\/noticiaempauta.com\/portal\/?s={search_term_string}"},"query-input":{"@type":"PropertyValueSpecification","valueRequired":true,"valueName":"search_term_string"}}],"inLanguage":"pt-BR"},{"@type":"Organization","@id":"https:\/\/noticiaempauta.com\/portal\/#organization","name":"Portal Not\u00edcia em Pauta","url":"https:\/\/noticiaempauta.com\/portal\/","logo":{"@type":"ImageObject","inLanguage":"pt-BR","@id":"https:\/\/noticiaempauta.com\/portal\/#\/schema\/logo\/image\/","url":"https:\/\/noticiaempauta.com\/portal\/wp-content\/uploads\/2022\/08\/logomarca_tema.fw_.png","contentUrl":"https:\/\/noticiaempauta.com\/portal\/wp-content\/uploads\/2022\/08\/logomarca_tema.fw_.png","width":400,"height":232,"caption":"Portal Not\u00edcia em Pauta"},"image":{"@id":"https:\/\/noticiaempauta.com\/portal\/#\/schema\/logo\/image\/"},"sameAs":["https:\/\/www.facebook.com\/Portal-Notcia-Em-Pauta-102292869264820\/","https:\/\/www.instagram.com\/portalnoticiaempauta\/"]},{"@type":"Person","@id":"https:\/\/noticiaempauta.com\/portal\/#\/schema\/person\/a74af43dd1ab3deca45f988c717d57ac","name":"Reda\u00e7\u00e3o","image":{"@type":"ImageObject","inLanguage":"pt-BR","@id":"https:\/\/noticiaempauta.com\/portal\/#\/schema\/person\/image\/","url":"https:\/\/secure.gravatar.com\/avatar\/03179346ecce6cdfc13361603e8f54242a90e5cde8618fa23c5c00aa2b0aadf3?s=96&d=mm&r=g","contentUrl":"https:\/\/secure.gravatar.com\/avatar\/03179346ecce6cdfc13361603e8f54242a90e5cde8618fa23c5c00aa2b0aadf3?s=96&d=mm&r=g","caption":"Reda\u00e7\u00e3o"},"sameAs":["https:\/\/noticiaempauta.com\/portal\/"],"url":"https:\/\/noticiaempauta.com\/portal\/author\/fernando\/"}]}},"_links":{"self":[{"href":"https:\/\/noticiaempauta.com\/portal\/wp-json\/wp\/v2\/posts\/262487","targetHints":{"allow":["GET"]}}],"collection":[{"href":"https:\/\/noticiaempauta.com\/portal\/wp-json\/wp\/v2\/posts"}],"about":[{"href":"https:\/\/noticiaempauta.com\/portal\/wp-json\/wp\/v2\/types\/post"}],"author":[{"embeddable":true,"href":"https:\/\/noticiaempauta.com\/portal\/wp-json\/wp\/v2\/users\/2"}],"replies":[{"embeddable":true,"href":"https:\/\/noticiaempauta.com\/portal\/wp-json\/wp\/v2\/comments?post=262487"}],"version-history":[{"count":2,"href":"https:\/\/noticiaempauta.com\/portal\/wp-json\/wp\/v2\/posts\/262487\/revisions"}],"predecessor-version":[{"id":262492,"href":"https:\/\/noticiaempauta.com\/portal\/wp-json\/wp\/v2\/posts\/262487\/revisions\/262492"}],"wp:featuredmedia":[{"embeddable":true,"href":"https:\/\/noticiaempauta.com\/portal\/wp-json\/wp\/v2\/media\/262488"}],"wp:attachment":[{"href":"https:\/\/noticiaempauta.com\/portal\/wp-json\/wp\/v2\/media?parent=262487"}],"wp:term":[{"taxonomy":"category","embeddable":true,"href":"https:\/\/noticiaempauta.com\/portal\/wp-json\/wp\/v2\/categories?post=262487"},{"taxonomy":"post_tag","embeddable":true,"href":"https:\/\/noticiaempauta.com\/portal\/wp-json\/wp\/v2\/tags?post=262487"}],"curies":[{"name":"wp","href":"https:\/\/api.w.org\/{rel}","templated":true}]}}