{"id":262495,"date":"2024-09-29T09:03:09","date_gmt":"2024-09-29T12:03:09","guid":{"rendered":"https:\/\/noticiaempauta.com\/portal\/?p=262495"},"modified":"2024-09-29T09:03:10","modified_gmt":"2024-09-29T12:03:10","slug":"mulher-de-44-anos-e-assassinada-a-facadas-dentro-de-residencia-em-jaicos","status":"publish","type":"post","link":"https:\/\/noticiaempauta.com\/portal\/mulher-de-44-anos-e-assassinada-a-facadas-dentro-de-residencia-em-jaicos\/","title":{"rendered":"Mulher de 44 anos \u00e9 assassinada a facadas dentro de resid\u00eancia em Jaic\u00f3s"},"content":{"rendered":"\n<p>Neste s\u00e1bado (28), uma mulher de 44 anos foi encontrada morta com marcas de facadas no interior de uma resid\u00eancia na cidade de Jaic\u00f3s, regi\u00e3o Sul do Piau\u00ed. Ela foi identificada como\u00a0Karlene Dias Leal, e o principal suspeito do crime \u00e9 seu companheiro, que est\u00e1 desaparecido, segundo informa\u00e7\u00f5es do Portal Cidades na Net.<\/p>\n\n\n\n<figure class=\"wp-block-image size-full\"><img fetchpriority=\"high\" decoding=\"async\" width=\"900\" height=\"600\" src=\"https:\/\/noticiaempauta.com\/portal\/wp-content\/uploads\/2024\/09\/IMG_5320.webp\" alt=\"\" class=\"wp-image-262496\" srcset=\"https:\/\/noticiaempauta.com\/portal\/wp-content\/uploads\/2024\/09\/IMG_5320.webp 900w, https:\/\/noticiaempauta.com\/portal\/wp-content\/uploads\/2024\/09\/IMG_5320-300x200.webp 300w, https:\/\/noticiaempauta.com\/portal\/wp-content\/uploads\/2024\/09\/IMG_5320-768x512.webp 768w\" sizes=\"(max-width: 900px) 100vw, 900px\" \/><\/figure>\n\n\n\n<p>Conforme populares, o<strong>\u00a0casal tinha uma rela\u00e7\u00e3o conturbada<\/strong>. Um vizinho relatou que ouviu uma discuss\u00e3o entre Karlene e o companheiro por volta das 4 horas de s\u00e1bado. O corpo da mulher foi encontrado por uma equipe do SAMU &#8211; Servi\u00e7o de Atendimento M\u00f3vel de Urg\u00eancia, em um im\u00f3vel na Rua Norberto Dias de Sousa, no Bairro Arm\u00ednio Jos\u00e9 de Sousa.<\/p>\n\n\n\n<p>A Pol\u00edcia Militar foi acionada e, diante da constata\u00e7\u00e3o do \u00f3bito, isolou a resid\u00eancia e acionou a Pol\u00edcia Civil para a realiza\u00e7\u00e3o da per\u00edcia e remo\u00e7\u00e3o do corpo. 0O caso ser\u00e1 investigado pela 13\u00aa Delegacia Regional de Pol\u00edcia Civil de Jaic\u00f3s.<\/p>\n","protected":false},"excerpt":{"rendered":"<p>Neste s\u00e1bado (28), uma mulher de 44 anos foi encontrada morta com marcas de facadas no interior de uma resid\u00eancia na cidade de Jaic\u00f3s, regi\u00e3o Sul do Piau\u00ed. Ela foi identificada como\u00a0Karlene Dias Leal, e o principal suspeito do crime \u00e9 seu companheiro, que est\u00e1 desaparecido, segundo informa\u00e7\u00f5es do Portal Cidades na Net. Conforme populares, [&hellip;]<\/p>\n","protected":false},"author":2,"featured_media":262496,"comment_status":"open","ping_status":"open","sticky":false,"template":"","format":"standard","meta":{"_mi_skip_tracking":false,"footnotes":""},"categories":[25,1,9,137,16],"tags":[192],"class_list":["post-262495","post","type-post","status-publish","format-standard","has-post-thumbnail","hentry","category-destaques-site","category-geral","category-municipios","category-policia","category-todas","tag-destaqueprincipal"],"acf":[],"yoast_head":"<!-- This site is optimized with the Yoast SEO Premium plugin v19.2 (Yoast SEO v26.9) - https:\/\/yoast.com\/product\/yoast-seo-premium-wordpress\/ -->\n<title>Mulher de 44 anos \u00e9 assassinada a facadas dentro de resid\u00eancia em Jaic\u00f3s - Portal Not\u00edcia em Pauta<\/title>\n<meta name=\"robots\" content=\"index, follow, max-snippet:-1, max-image-preview:large, max-video-preview:-1\" \/>\n<link rel=\"canonical\" href=\"https:\/\/noticiaempauta.com\/portal\/mulher-de-44-anos-e-assassinada-a-facadas-dentro-de-residencia-em-jaicos\/\" \/>\n<meta property=\"og:locale\" content=\"pt_BR\" \/>\n<meta property=\"og:type\" content=\"article\" \/>\n<meta property=\"og:title\" content=\"Mulher de 44 anos \u00e9 assassinada a facadas dentro de resid\u00eancia em Jaic\u00f3s\" \/>\n<meta property=\"og:description\" content=\"Neste s\u00e1bado (28), uma mulher de 44 anos foi encontrada morta com marcas de facadas no interior de uma resid\u00eancia na cidade de Jaic\u00f3s, regi\u00e3o Sul do Piau\u00ed. Ela foi identificada como\u00a0Karlene Dias Leal, e o principal suspeito do crime \u00e9 seu companheiro, que est\u00e1 desaparecido, segundo informa\u00e7\u00f5es do Portal Cidades na Net. Conforme populares, [&hellip;]\" \/>\n<meta property=\"og:url\" content=\"https:\/\/noticiaempauta.com\/portal\/mulher-de-44-anos-e-assassinada-a-facadas-dentro-de-residencia-em-jaicos\/\" \/>\n<meta property=\"og:site_name\" content=\"Portal Not\u00edcia em Pauta\" \/>\n<meta property=\"article:publisher\" content=\"https:\/\/www.facebook.com\/Portal-Notcia-Em-Pauta-102292869264820\/\" \/>\n<meta property=\"article:published_time\" content=\"2024-09-29T12:03:09+00:00\" \/>\n<meta property=\"article:modified_time\" content=\"2024-09-29T12:03:10+00:00\" \/>\n<meta property=\"og:image\" content=\"https:\/\/noticiaempauta.com\/portal\/wp-content\/uploads\/2024\/09\/IMG_5320.webp\" \/>\n\t<meta property=\"og:image:width\" content=\"900\" \/>\n\t<meta property=\"og:image:height\" content=\"600\" \/>\n\t<meta property=\"og:image:type\" content=\"image\/webp\" \/>\n<meta name=\"author\" content=\"Reda\u00e7\u00e3o\" \/>\n<meta name=\"twitter:card\" content=\"summary_large_image\" \/>\n<meta name=\"twitter:label1\" content=\"Escrito por\" \/>\n\t<meta name=\"twitter:data1\" content=\"Reda\u00e7\u00e3o\" \/>\n\t<meta name=\"twitter:label2\" content=\"Est. tempo de leitura\" \/>\n\t<meta name=\"twitter:data2\" content=\"2 minutos\" \/>\n<script type=\"application\/ld+json\" class=\"yoast-schema-graph\">{\"@context\":\"https:\/\/schema.org\",\"@graph\":[{\"@type\":\"Article\",\"@id\":\"https:\/\/noticiaempauta.com\/portal\/mulher-de-44-anos-e-assassinada-a-facadas-dentro-de-residencia-em-jaicos\/#article\",\"isPartOf\":{\"@id\":\"https:\/\/noticiaempauta.com\/portal\/mulher-de-44-anos-e-assassinada-a-facadas-dentro-de-residencia-em-jaicos\/\"},\"author\":{\"name\":\"Reda\u00e7\u00e3o\",\"@id\":\"https:\/\/noticiaempauta.com\/portal\/#\/schema\/person\/a74af43dd1ab3deca45f988c717d57ac\"},\"headline\":\"Mulher de 44 anos \u00e9 assassinada a facadas dentro de resid\u00eancia em Jaic\u00f3s\",\"datePublished\":\"2024-09-29T12:03:09+00:00\",\"dateModified\":\"2024-09-29T12:03:10+00:00\",\"mainEntityOfPage\":{\"@id\":\"https:\/\/noticiaempauta.com\/portal\/mulher-de-44-anos-e-assassinada-a-facadas-dentro-de-residencia-em-jaicos\/\"},\"wordCount\":185,\"commentCount\":0,\"publisher\":{\"@id\":\"https:\/\/noticiaempauta.com\/portal\/#organization\"},\"image\":{\"@id\":\"https:\/\/noticiaempauta.com\/portal\/mulher-de-44-anos-e-assassinada-a-facadas-dentro-de-residencia-em-jaicos\/#primaryimage\"},\"thumbnailUrl\":\"https:\/\/noticiaempauta.com\/portal\/wp-content\/uploads\/2024\/09\/IMG_5320.webp\",\"keywords\":[\"destaqueprincipal\"],\"articleSection\":[\"Destaques\",\"Geral\",\"Munic\u00edpios\",\"Pol\u00edcia\",\"Todas as Not\u00edcias\"],\"inLanguage\":\"pt-BR\",\"potentialAction\":[{\"@type\":\"CommentAction\",\"name\":\"Comment\",\"target\":[\"https:\/\/noticiaempauta.com\/portal\/mulher-de-44-anos-e-assassinada-a-facadas-dentro-de-residencia-em-jaicos\/#respond\"]}]},{\"@type\":\"WebPage\",\"@id\":\"https:\/\/noticiaempauta.com\/portal\/mulher-de-44-anos-e-assassinada-a-facadas-dentro-de-residencia-em-jaicos\/\",\"url\":\"https:\/\/noticiaempauta.com\/portal\/mulher-de-44-anos-e-assassinada-a-facadas-dentro-de-residencia-em-jaicos\/\",\"name\":\"Mulher de 44 anos \u00e9 assassinada a facadas dentro de resid\u00eancia em Jaic\u00f3s - Portal Not\u00edcia em Pauta\",\"isPartOf\":{\"@id\":\"https:\/\/noticiaempauta.com\/portal\/#website\"},\"primaryImageOfPage\":{\"@id\":\"https:\/\/noticiaempauta.com\/portal\/mulher-de-44-anos-e-assassinada-a-facadas-dentro-de-residencia-em-jaicos\/#primaryimage\"},\"image\":{\"@id\":\"https:\/\/noticiaempauta.com\/portal\/mulher-de-44-anos-e-assassinada-a-facadas-dentro-de-residencia-em-jaicos\/#primaryimage\"},\"thumbnailUrl\":\"https:\/\/noticiaempauta.com\/portal\/wp-content\/uploads\/2024\/09\/IMG_5320.webp\",\"datePublished\":\"2024-09-29T12:03:09+00:00\",\"dateModified\":\"2024-09-29T12:03:10+00:00\",\"breadcrumb\":{\"@id\":\"https:\/\/noticiaempauta.com\/portal\/mulher-de-44-anos-e-assassinada-a-facadas-dentro-de-residencia-em-jaicos\/#breadcrumb\"},\"inLanguage\":\"pt-BR\",\"potentialAction\":[{\"@type\":\"ReadAction\",\"target\":[\"https:\/\/noticiaempauta.com\/portal\/mulher-de-44-anos-e-assassinada-a-facadas-dentro-de-residencia-em-jaicos\/\"]}]},{\"@type\":\"ImageObject\",\"inLanguage\":\"pt-BR\",\"@id\":\"https:\/\/noticiaempauta.com\/portal\/mulher-de-44-anos-e-assassinada-a-facadas-dentro-de-residencia-em-jaicos\/#primaryimage\",\"url\":\"https:\/\/noticiaempauta.com\/portal\/wp-content\/uploads\/2024\/09\/IMG_5320.webp\",\"contentUrl\":\"https:\/\/noticiaempauta.com\/portal\/wp-content\/uploads\/2024\/09\/IMG_5320.webp\",\"width\":900,\"height\":600},{\"@type\":\"BreadcrumbList\",\"@id\":\"https:\/\/noticiaempauta.com\/portal\/mulher-de-44-anos-e-assassinada-a-facadas-dentro-de-residencia-em-jaicos\/#breadcrumb\",\"itemListElement\":[{\"@type\":\"ListItem\",\"position\":1,\"name\":\"P\u00e1gina Inicial\",\"item\":\"https:\/\/noticiaempauta.com\/portal\/\"},{\"@type\":\"ListItem\",\"position\":2,\"name\":\"Destaques\",\"item\":\"https:\/\/noticiaempauta.com\/portal\/destaques-site\/\"},{\"@type\":\"ListItem\",\"position\":3,\"name\":\"Mulher de 44 anos \u00e9 assassinada a facadas dentro de resid\u00eancia em Jaic\u00f3s\"}]},{\"@type\":\"WebSite\",\"@id\":\"https:\/\/noticiaempauta.com\/portal\/#website\",\"url\":\"https:\/\/noticiaempauta.com\/portal\/\",\"name\":\"Portal Not\u00edcia em Pauta\",\"description\":\"Voc\u00ea bem informado\",\"publisher\":{\"@id\":\"https:\/\/noticiaempauta.com\/portal\/#organization\"},\"potentialAction\":[{\"@type\":\"SearchAction\",\"target\":{\"@type\":\"EntryPoint\",\"urlTemplate\":\"https:\/\/noticiaempauta.com\/portal\/?s={search_term_string}\"},\"query-input\":{\"@type\":\"PropertyValueSpecification\",\"valueRequired\":true,\"valueName\":\"search_term_string\"}}],\"inLanguage\":\"pt-BR\"},{\"@type\":\"Organization\",\"@id\":\"https:\/\/noticiaempauta.com\/portal\/#organization\",\"name\":\"Portal Not\u00edcia em Pauta\",\"url\":\"https:\/\/noticiaempauta.com\/portal\/\",\"logo\":{\"@type\":\"ImageObject\",\"inLanguage\":\"pt-BR\",\"@id\":\"https:\/\/noticiaempauta.com\/portal\/#\/schema\/logo\/image\/\",\"url\":\"https:\/\/noticiaempauta.com\/portal\/wp-content\/uploads\/2022\/08\/logomarca_tema.fw_.png\",\"contentUrl\":\"https:\/\/noticiaempauta.com\/portal\/wp-content\/uploads\/2022\/08\/logomarca_tema.fw_.png\",\"width\":400,\"height\":232,\"caption\":\"Portal Not\u00edcia em Pauta\"},\"image\":{\"@id\":\"https:\/\/noticiaempauta.com\/portal\/#\/schema\/logo\/image\/\"},\"sameAs\":[\"https:\/\/www.facebook.com\/Portal-Notcia-Em-Pauta-102292869264820\/\",\"https:\/\/www.instagram.com\/portalnoticiaempauta\/\"]},{\"@type\":\"Person\",\"@id\":\"https:\/\/noticiaempauta.com\/portal\/#\/schema\/person\/a74af43dd1ab3deca45f988c717d57ac\",\"name\":\"Reda\u00e7\u00e3o\",\"image\":{\"@type\":\"ImageObject\",\"inLanguage\":\"pt-BR\",\"@id\":\"https:\/\/noticiaempauta.com\/portal\/#\/schema\/person\/image\/\",\"url\":\"https:\/\/secure.gravatar.com\/avatar\/03179346ecce6cdfc13361603e8f54242a90e5cde8618fa23c5c00aa2b0aadf3?s=96&d=mm&r=g\",\"contentUrl\":\"https:\/\/secure.gravatar.com\/avatar\/03179346ecce6cdfc13361603e8f54242a90e5cde8618fa23c5c00aa2b0aadf3?s=96&d=mm&r=g\",\"caption\":\"Reda\u00e7\u00e3o\"},\"sameAs\":[\"https:\/\/noticiaempauta.com\/portal\/\"],\"url\":\"https:\/\/noticiaempauta.com\/portal\/author\/fernando\/\"}]}<\/script>\n<!-- \/ Yoast SEO Premium plugin. -->","yoast_head_json":{"title":"Mulher de 44 anos \u00e9 assassinada a facadas dentro de resid\u00eancia em Jaic\u00f3s - Portal Not\u00edcia em Pauta","robots":{"index":"index","follow":"follow","max-snippet":"max-snippet:-1","max-image-preview":"max-image-preview:large","max-video-preview":"max-video-preview:-1"},"canonical":"https:\/\/noticiaempauta.com\/portal\/mulher-de-44-anos-e-assassinada-a-facadas-dentro-de-residencia-em-jaicos\/","og_locale":"pt_BR","og_type":"article","og_title":"Mulher de 44 anos \u00e9 assassinada a facadas dentro de resid\u00eancia em Jaic\u00f3s","og_description":"Neste s\u00e1bado (28), uma mulher de 44 anos foi encontrada morta com marcas de facadas no interior de uma resid\u00eancia na cidade de Jaic\u00f3s, regi\u00e3o Sul do Piau\u00ed. Ela foi identificada como\u00a0Karlene Dias Leal, e o principal suspeito do crime \u00e9 seu companheiro, que est\u00e1 desaparecido, segundo informa\u00e7\u00f5es do Portal Cidades na Net. Conforme populares, [&hellip;]","og_url":"https:\/\/noticiaempauta.com\/portal\/mulher-de-44-anos-e-assassinada-a-facadas-dentro-de-residencia-em-jaicos\/","og_site_name":"Portal Not\u00edcia em Pauta","article_publisher":"https:\/\/www.facebook.com\/Portal-Notcia-Em-Pauta-102292869264820\/","article_published_time":"2024-09-29T12:03:09+00:00","article_modified_time":"2024-09-29T12:03:10+00:00","og_image":[{"width":900,"height":600,"url":"https:\/\/noticiaempauta.com\/portal\/wp-content\/uploads\/2024\/09\/IMG_5320.webp","type":"image\/webp"}],"author":"Reda\u00e7\u00e3o","twitter_card":"summary_large_image","twitter_misc":{"Escrito por":"Reda\u00e7\u00e3o","Est. tempo de leitura":"2 minutos"},"schema":{"@context":"https:\/\/schema.org","@graph":[{"@type":"Article","@id":"https:\/\/noticiaempauta.com\/portal\/mulher-de-44-anos-e-assassinada-a-facadas-dentro-de-residencia-em-jaicos\/#article","isPartOf":{"@id":"https:\/\/noticiaempauta.com\/portal\/mulher-de-44-anos-e-assassinada-a-facadas-dentro-de-residencia-em-jaicos\/"},"author":{"name":"Reda\u00e7\u00e3o","@id":"https:\/\/noticiaempauta.com\/portal\/#\/schema\/person\/a74af43dd1ab3deca45f988c717d57ac"},"headline":"Mulher de 44 anos \u00e9 assassinada a facadas dentro de resid\u00eancia em Jaic\u00f3s","datePublished":"2024-09-29T12:03:09+00:00","dateModified":"2024-09-29T12:03:10+00:00","mainEntityOfPage":{"@id":"https:\/\/noticiaempauta.com\/portal\/mulher-de-44-anos-e-assassinada-a-facadas-dentro-de-residencia-em-jaicos\/"},"wordCount":185,"commentCount":0,"publisher":{"@id":"https:\/\/noticiaempauta.com\/portal\/#organization"},"image":{"@id":"https:\/\/noticiaempauta.com\/portal\/mulher-de-44-anos-e-assassinada-a-facadas-dentro-de-residencia-em-jaicos\/#primaryimage"},"thumbnailUrl":"https:\/\/noticiaempauta.com\/portal\/wp-content\/uploads\/2024\/09\/IMG_5320.webp","keywords":["destaqueprincipal"],"articleSection":["Destaques","Geral","Munic\u00edpios","Pol\u00edcia","Todas as Not\u00edcias"],"inLanguage":"pt-BR","potentialAction":[{"@type":"CommentAction","name":"Comment","target":["https:\/\/noticiaempauta.com\/portal\/mulher-de-44-anos-e-assassinada-a-facadas-dentro-de-residencia-em-jaicos\/#respond"]}]},{"@type":"WebPage","@id":"https:\/\/noticiaempauta.com\/portal\/mulher-de-44-anos-e-assassinada-a-facadas-dentro-de-residencia-em-jaicos\/","url":"https:\/\/noticiaempauta.com\/portal\/mulher-de-44-anos-e-assassinada-a-facadas-dentro-de-residencia-em-jaicos\/","name":"Mulher de 44 anos \u00e9 assassinada a facadas dentro de resid\u00eancia em Jaic\u00f3s - Portal Not\u00edcia em Pauta","isPartOf":{"@id":"https:\/\/noticiaempauta.com\/portal\/#website"},"primaryImageOfPage":{"@id":"https:\/\/noticiaempauta.com\/portal\/mulher-de-44-anos-e-assassinada-a-facadas-dentro-de-residencia-em-jaicos\/#primaryimage"},"image":{"@id":"https:\/\/noticiaempauta.com\/portal\/mulher-de-44-anos-e-assassinada-a-facadas-dentro-de-residencia-em-jaicos\/#primaryimage"},"thumbnailUrl":"https:\/\/noticiaempauta.com\/portal\/wp-content\/uploads\/2024\/09\/IMG_5320.webp","datePublished":"2024-09-29T12:03:09+00:00","dateModified":"2024-09-29T12:03:10+00:00","breadcrumb":{"@id":"https:\/\/noticiaempauta.com\/portal\/mulher-de-44-anos-e-assassinada-a-facadas-dentro-de-residencia-em-jaicos\/#breadcrumb"},"inLanguage":"pt-BR","potentialAction":[{"@type":"ReadAction","target":["https:\/\/noticiaempauta.com\/portal\/mulher-de-44-anos-e-assassinada-a-facadas-dentro-de-residencia-em-jaicos\/"]}]},{"@type":"ImageObject","inLanguage":"pt-BR","@id":"https:\/\/noticiaempauta.com\/portal\/mulher-de-44-anos-e-assassinada-a-facadas-dentro-de-residencia-em-jaicos\/#primaryimage","url":"https:\/\/noticiaempauta.com\/portal\/wp-content\/uploads\/2024\/09\/IMG_5320.webp","contentUrl":"https:\/\/noticiaempauta.com\/portal\/wp-content\/uploads\/2024\/09\/IMG_5320.webp","width":900,"height":600},{"@type":"BreadcrumbList","@id":"https:\/\/noticiaempauta.com\/portal\/mulher-de-44-anos-e-assassinada-a-facadas-dentro-de-residencia-em-jaicos\/#breadcrumb","itemListElement":[{"@type":"ListItem","position":1,"name":"P\u00e1gina Inicial","item":"https:\/\/noticiaempauta.com\/portal\/"},{"@type":"ListItem","position":2,"name":"Destaques","item":"https:\/\/noticiaempauta.com\/portal\/destaques-site\/"},{"@type":"ListItem","position":3,"name":"Mulher de 44 anos \u00e9 assassinada a facadas dentro de resid\u00eancia em Jaic\u00f3s"}]},{"@type":"WebSite","@id":"https:\/\/noticiaempauta.com\/portal\/#website","url":"https:\/\/noticiaempauta.com\/portal\/","name":"Portal Not\u00edcia em Pauta","description":"Voc\u00ea bem informado","publisher":{"@id":"https:\/\/noticiaempauta.com\/portal\/#organization"},"potentialAction":[{"@type":"SearchAction","target":{"@type":"EntryPoint","urlTemplate":"https:\/\/noticiaempauta.com\/portal\/?s={search_term_string}"},"query-input":{"@type":"PropertyValueSpecification","valueRequired":true,"valueName":"search_term_string"}}],"inLanguage":"pt-BR"},{"@type":"Organization","@id":"https:\/\/noticiaempauta.com\/portal\/#organization","name":"Portal Not\u00edcia em Pauta","url":"https:\/\/noticiaempauta.com\/portal\/","logo":{"@type":"ImageObject","inLanguage":"pt-BR","@id":"https:\/\/noticiaempauta.com\/portal\/#\/schema\/logo\/image\/","url":"https:\/\/noticiaempauta.com\/portal\/wp-content\/uploads\/2022\/08\/logomarca_tema.fw_.png","contentUrl":"https:\/\/noticiaempauta.com\/portal\/wp-content\/uploads\/2022\/08\/logomarca_tema.fw_.png","width":400,"height":232,"caption":"Portal Not\u00edcia em Pauta"},"image":{"@id":"https:\/\/noticiaempauta.com\/portal\/#\/schema\/logo\/image\/"},"sameAs":["https:\/\/www.facebook.com\/Portal-Notcia-Em-Pauta-102292869264820\/","https:\/\/www.instagram.com\/portalnoticiaempauta\/"]},{"@type":"Person","@id":"https:\/\/noticiaempauta.com\/portal\/#\/schema\/person\/a74af43dd1ab3deca45f988c717d57ac","name":"Reda\u00e7\u00e3o","image":{"@type":"ImageObject","inLanguage":"pt-BR","@id":"https:\/\/noticiaempauta.com\/portal\/#\/schema\/person\/image\/","url":"https:\/\/secure.gravatar.com\/avatar\/03179346ecce6cdfc13361603e8f54242a90e5cde8618fa23c5c00aa2b0aadf3?s=96&d=mm&r=g","contentUrl":"https:\/\/secure.gravatar.com\/avatar\/03179346ecce6cdfc13361603e8f54242a90e5cde8618fa23c5c00aa2b0aadf3?s=96&d=mm&r=g","caption":"Reda\u00e7\u00e3o"},"sameAs":["https:\/\/noticiaempauta.com\/portal\/"],"url":"https:\/\/noticiaempauta.com\/portal\/author\/fernando\/"}]}},"_links":{"self":[{"href":"https:\/\/noticiaempauta.com\/portal\/wp-json\/wp\/v2\/posts\/262495","targetHints":{"allow":["GET"]}}],"collection":[{"href":"https:\/\/noticiaempauta.com\/portal\/wp-json\/wp\/v2\/posts"}],"about":[{"href":"https:\/\/noticiaempauta.com\/portal\/wp-json\/wp\/v2\/types\/post"}],"author":[{"embeddable":true,"href":"https:\/\/noticiaempauta.com\/portal\/wp-json\/wp\/v2\/users\/2"}],"replies":[{"embeddable":true,"href":"https:\/\/noticiaempauta.com\/portal\/wp-json\/wp\/v2\/comments?post=262495"}],"version-history":[{"count":2,"href":"https:\/\/noticiaempauta.com\/portal\/wp-json\/wp\/v2\/posts\/262495\/revisions"}],"predecessor-version":[{"id":262498,"href":"https:\/\/noticiaempauta.com\/portal\/wp-json\/wp\/v2\/posts\/262495\/revisions\/262498"}],"wp:featuredmedia":[{"embeddable":true,"href":"https:\/\/noticiaempauta.com\/portal\/wp-json\/wp\/v2\/media\/262496"}],"wp:attachment":[{"href":"https:\/\/noticiaempauta.com\/portal\/wp-json\/wp\/v2\/media?parent=262495"}],"wp:term":[{"taxonomy":"category","embeddable":true,"href":"https:\/\/noticiaempauta.com\/portal\/wp-json\/wp\/v2\/categories?post=262495"},{"taxonomy":"post_tag","embeddable":true,"href":"https:\/\/noticiaempauta.com\/portal\/wp-json\/wp\/v2\/tags?post=262495"}],"curies":[{"name":"wp","href":"https:\/\/api.w.org\/{rel}","templated":true}]}}