{"id":262499,"date":"2024-09-29T10:15:26","date_gmt":"2024-09-29T13:15:26","guid":{"rendered":"https:\/\/noticiaempauta.com\/portal\/?p=262499"},"modified":"2024-09-29T10:15:27","modified_gmt":"2024-09-29T13:15:27","slug":"djalma-policarpo-e-mariozan-rocha-intensificam-reta-final-de-campanha-em-ato-politico-com-a-presenca-de-ciro-nogueira-e-julio-arcoverde","status":"publish","type":"post","link":"https:\/\/noticiaempauta.com\/portal\/djalma-policarpo-e-mariozan-rocha-intensificam-reta-final-de-campanha-em-ato-politico-com-a-presenca-de-ciro-nogueira-e-julio-arcoverde\/","title":{"rendered":"Djalma Policarpo e Mariozan Rocha intensificam reta final de campanha em ato pol\u00edtico com a presen\u00e7a de Ciro Nogueira e J\u00falio Arcoverde"},"content":{"rendered":"\n<p>O presidente nacional do Progressistas, senador Ciro Nogueira, e o deputado federal J\u00falio Arcoverde, visitaram na manh\u00e3 deste s\u00e1bado, 28 de setembro, o munic\u00edpio de Monsenhor Hip\u00f3lito, oportunidade em que mais uma vez manifestaram apoio aos candidatos a prefeito, Djalma Policarpo e a vice-prefeito, Mariozan Rocha.<\/p>\n\n\n\n<figure class=\"wp-block-image size-full\"><img fetchpriority=\"high\" decoding=\"async\" width=\"640\" height=\"427\" src=\"https:\/\/noticiaempauta.com\/portal\/wp-content\/uploads\/2024\/09\/DSC_5461.jpeg\" alt=\"\" class=\"wp-image-262500\" srcset=\"https:\/\/noticiaempauta.com\/portal\/wp-content\/uploads\/2024\/09\/DSC_5461.jpeg 640w, https:\/\/noticiaempauta.com\/portal\/wp-content\/uploads\/2024\/09\/DSC_5461-300x200.jpeg 300w\" sizes=\"(max-width: 640px) 100vw, 640px\" \/><\/figure>\n\n\n\n<p>Mesmo com um sol bastante quente, centenas de apoiadores dos candidatos Djalma e Mariozan se fizeram\u00a0presentes para receber\u00a0os l\u00edderes pol\u00edticos estaduais em frente ao Comit\u00ea do 11.<\/p>\n\n\n\n<figure class=\"wp-block-image size-full\"><img decoding=\"async\" width=\"640\" height=\"427\" src=\"https:\/\/noticiaempauta.com\/portal\/wp-content\/uploads\/2024\/09\/DSC_5456.jpeg\" alt=\"\" class=\"wp-image-262503\" srcset=\"https:\/\/noticiaempauta.com\/portal\/wp-content\/uploads\/2024\/09\/DSC_5456.jpeg 640w, https:\/\/noticiaempauta.com\/portal\/wp-content\/uploads\/2024\/09\/DSC_5456-300x200.jpeg 300w\" sizes=\"(max-width: 640px) 100vw, 640px\" \/><\/figure>\n\n\n\n<figure class=\"wp-block-image size-full\"><img decoding=\"async\" width=\"640\" height=\"427\" src=\"https:\/\/noticiaempauta.com\/portal\/wp-content\/uploads\/2024\/09\/DSC_5486-1.jpeg\" alt=\"\" class=\"wp-image-262502\" srcset=\"https:\/\/noticiaempauta.com\/portal\/wp-content\/uploads\/2024\/09\/DSC_5486-1.jpeg 640w, https:\/\/noticiaempauta.com\/portal\/wp-content\/uploads\/2024\/09\/DSC_5486-1-300x200.jpeg 300w\" sizes=\"(max-width: 640px) 100vw, 640px\" \/><\/figure>\n\n\n\n<p>Em um percurso pequeno, os participantes sa\u00edram em caminhada demonstrando assim total apoio aos candidatos que formam o grupo da situa\u00e7\u00e3o.<\/p>\n\n\n\n<figure class=\"wp-block-image size-full\"><img loading=\"lazy\" decoding=\"async\" width=\"640\" height=\"427\" src=\"https:\/\/noticiaempauta.com\/portal\/wp-content\/uploads\/2024\/09\/DSC_5536.jpeg\" alt=\"\" class=\"wp-image-262504\" srcset=\"https:\/\/noticiaempauta.com\/portal\/wp-content\/uploads\/2024\/09\/DSC_5536.jpeg 640w, https:\/\/noticiaempauta.com\/portal\/wp-content\/uploads\/2024\/09\/DSC_5536-300x200.jpeg 300w\" sizes=\"(max-width: 640px) 100vw, 640px\" \/><\/figure>\n\n\n\n<p>\u201cEstou muito feliz em retornar a Monsenhor Hip\u00f3lito e estar ao lado deste grande amigo que ganhei durante minha vida p\u00fablica. Minha vinda aqui \u00e9 mais do que uma manifesta\u00e7\u00e3o de apoio, \u00e9 reafirmar o meu compromisso em fazer muito mais por este munic\u00edpio, onde nos pr\u00f3ximos quatro anos quero destinar o dobro do que j\u00e1 destinei, pois este povo merece\u201d, disse o senador Ciro Nogueira.<\/p>\n\n\n\n<figure class=\"wp-block-image size-full\"><img loading=\"lazy\" decoding=\"async\" width=\"640\" height=\"427\" src=\"https:\/\/noticiaempauta.com\/portal\/wp-content\/uploads\/2024\/09\/DSC_5484.jpeg\" alt=\"\" class=\"wp-image-262505\" srcset=\"https:\/\/noticiaempauta.com\/portal\/wp-content\/uploads\/2024\/09\/DSC_5484.jpeg 640w, https:\/\/noticiaempauta.com\/portal\/wp-content\/uploads\/2024\/09\/DSC_5484-300x200.jpeg 300w\" sizes=\"(max-width: 640px) 100vw, 640px\" \/><\/figure>\n\n\n\n<p>J\u00e1 o deputado federal J\u00falio Arcoverde tamb\u00e9m se comprometeu em estar ao lado de Djalma e seu grupo pol\u00edtico trabalhando no sentido de que mais a\u00e7\u00f5es possam chegar ao munic\u00edpio.<\/p>\n\n\n\n<figure class=\"wp-block-image size-full\"><img loading=\"lazy\" decoding=\"async\" width=\"640\" height=\"427\" src=\"https:\/\/noticiaempauta.com\/portal\/wp-content\/uploads\/2024\/09\/DSC_5523.jpeg\" alt=\"\" class=\"wp-image-262506\" srcset=\"https:\/\/noticiaempauta.com\/portal\/wp-content\/uploads\/2024\/09\/DSC_5523.jpeg 640w, https:\/\/noticiaempauta.com\/portal\/wp-content\/uploads\/2024\/09\/DSC_5523-300x200.jpeg 300w\" sizes=\"(max-width: 640px) 100vw, 640px\" \/><\/figure>\n\n\n\n<p>O prefeito Djalma, que concorre \u00e0 reelei\u00e7\u00e3o, agradeceu a visita, destacando tudo o que eles j\u00e1 fizeram em prol do munic\u00edpio. \u201cS\u00e3o dois irm\u00e3os que j\u00e1 contribu\u00edram muito para o desenvolvimento de Monsenhor Hip\u00f3lito e tenho certeza que muito ainda ir\u00e3o fazer. Agrade\u00e7o a eles e a todos os apoiadores que estiveram conosco neste momento\u201d, destacou o gestor.<\/p>\n\n\n\n<figure class=\"wp-block-image size-full\"><img loading=\"lazy\" decoding=\"async\" width=\"640\" height=\"427\" src=\"https:\/\/noticiaempauta.com\/portal\/wp-content\/uploads\/2024\/09\/DSC_5511.jpeg\" alt=\"\" class=\"wp-image-262507\" srcset=\"https:\/\/noticiaempauta.com\/portal\/wp-content\/uploads\/2024\/09\/DSC_5511.jpeg 640w, https:\/\/noticiaempauta.com\/portal\/wp-content\/uploads\/2024\/09\/DSC_5511-300x200.jpeg 300w\" sizes=\"(max-width: 640px) 100vw, 640px\" \/><\/figure>\n\n\n\n<p>Em seu discurso, o candidato Mariozan Rocha agradeceu ao senador e ao deputado por tudo que j\u00e1 fizeram pelo munic\u00edpio. \u201cSomos gratos e satisfeitos pelo compromisso dos dois\u201d, finalizou.<\/p>\n\n\n\n<figure class=\"wp-block-image size-large\"><img loading=\"lazy\" decoding=\"async\" width=\"1024\" height=\"588\" src=\"https:\/\/noticiaempauta.com\/portal\/wp-content\/uploads\/2024\/09\/IMG_5317-1024x588.jpg\" alt=\"\" class=\"wp-image-262508\" srcset=\"https:\/\/noticiaempauta.com\/portal\/wp-content\/uploads\/2024\/09\/IMG_5317-1024x588.jpg 1024w, https:\/\/noticiaempauta.com\/portal\/wp-content\/uploads\/2024\/09\/IMG_5317-300x172.jpg 300w, https:\/\/noticiaempauta.com\/portal\/wp-content\/uploads\/2024\/09\/IMG_5317-768x441.jpg 768w, https:\/\/noticiaempauta.com\/portal\/wp-content\/uploads\/2024\/09\/IMG_5317.jpg 1170w\" sizes=\"(max-width: 1024px) 100vw, 1024px\" \/><\/figure>\n\n\n\n<p>Ainda no s\u00e1bado, uma multid\u00e3o compareceu ao grande com\u00edcio realizado na BR-020 em apoio a reelei\u00e7\u00e3o do prefeito Djalma Policarpo. <\/p>\n\n\n\n<figure class=\"wp-block-image size-full\"><img loading=\"lazy\" decoding=\"async\" width=\"640\" height=\"427\" src=\"https:\/\/noticiaempauta.com\/portal\/wp-content\/uploads\/2024\/09\/DSC_5452.jpeg\" alt=\"\" class=\"wp-image-262509\" srcset=\"https:\/\/noticiaempauta.com\/portal\/wp-content\/uploads\/2024\/09\/DSC_5452.jpeg 640w, https:\/\/noticiaempauta.com\/portal\/wp-content\/uploads\/2024\/09\/DSC_5452-300x200.jpeg 300w\" sizes=\"(max-width: 640px) 100vw, 640px\" \/><\/figure>\n\n\n\n<figure class=\"wp-block-image size-full\"><img loading=\"lazy\" decoding=\"async\" width=\"640\" height=\"427\" src=\"https:\/\/noticiaempauta.com\/portal\/wp-content\/uploads\/2024\/09\/DSC_5491.jpeg\" alt=\"\" class=\"wp-image-262510\" srcset=\"https:\/\/noticiaempauta.com\/portal\/wp-content\/uploads\/2024\/09\/DSC_5491.jpeg 640w, https:\/\/noticiaempauta.com\/portal\/wp-content\/uploads\/2024\/09\/DSC_5491-300x200.jpeg 300w\" sizes=\"(max-width: 640px) 100vw, 640px\" \/><\/figure>\n\n\n\n<figure class=\"wp-block-image size-full\"><img loading=\"lazy\" decoding=\"async\" width=\"640\" height=\"427\" src=\"https:\/\/noticiaempauta.com\/portal\/wp-content\/uploads\/2024\/09\/DSC_5425.jpeg\" alt=\"\" class=\"wp-image-262511\" srcset=\"https:\/\/noticiaempauta.com\/portal\/wp-content\/uploads\/2024\/09\/DSC_5425.jpeg 640w, https:\/\/noticiaempauta.com\/portal\/wp-content\/uploads\/2024\/09\/DSC_5425-300x200.jpeg 300w\" sizes=\"(max-width: 640px) 100vw, 640px\" \/><\/figure>\n\n\n\n<figure class=\"wp-block-image size-full\"><img loading=\"lazy\" decoding=\"async\" width=\"640\" height=\"427\" src=\"https:\/\/noticiaempauta.com\/portal\/wp-content\/uploads\/2024\/09\/DSC_5404.jpeg\" alt=\"\" class=\"wp-image-262512\" srcset=\"https:\/\/noticiaempauta.com\/portal\/wp-content\/uploads\/2024\/09\/DSC_5404.jpeg 640w, https:\/\/noticiaempauta.com\/portal\/wp-content\/uploads\/2024\/09\/DSC_5404-300x200.jpeg 300w\" sizes=\"(max-width: 640px) 100vw, 640px\" \/><\/figure>\n\n\n\n<figure class=\"wp-block-image size-full\"><img loading=\"lazy\" decoding=\"async\" width=\"640\" height=\"427\" src=\"https:\/\/noticiaempauta.com\/portal\/wp-content\/uploads\/2024\/09\/DSC_5402.jpeg\" alt=\"\" class=\"wp-image-262513\" srcset=\"https:\/\/noticiaempauta.com\/portal\/wp-content\/uploads\/2024\/09\/DSC_5402.jpeg 640w, https:\/\/noticiaempauta.com\/portal\/wp-content\/uploads\/2024\/09\/DSC_5402-300x200.jpeg 300w\" sizes=\"(max-width: 640px) 100vw, 640px\" \/><\/figure>\n\n\n\n<figure class=\"wp-block-image size-full\"><img loading=\"lazy\" decoding=\"async\" width=\"640\" height=\"427\" src=\"https:\/\/noticiaempauta.com\/portal\/wp-content\/uploads\/2024\/09\/DSC_5398.jpeg\" alt=\"\" class=\"wp-image-262514\" srcset=\"https:\/\/noticiaempauta.com\/portal\/wp-content\/uploads\/2024\/09\/DSC_5398.jpeg 640w, https:\/\/noticiaempauta.com\/portal\/wp-content\/uploads\/2024\/09\/DSC_5398-300x200.jpeg 300w\" sizes=\"(max-width: 640px) 100vw, 640px\" \/><\/figure>\n\n\n\n<figure class=\"wp-block-image size-full\"><img loading=\"lazy\" decoding=\"async\" width=\"640\" height=\"427\" src=\"https:\/\/noticiaempauta.com\/portal\/wp-content\/uploads\/2024\/09\/DSC_5389.jpeg\" alt=\"\" class=\"wp-image-262515\" srcset=\"https:\/\/noticiaempauta.com\/portal\/wp-content\/uploads\/2024\/09\/DSC_5389.jpeg 640w, https:\/\/noticiaempauta.com\/portal\/wp-content\/uploads\/2024\/09\/DSC_5389-300x200.jpeg 300w\" sizes=\"(max-width: 640px) 100vw, 640px\" \/><\/figure>\n\n\n\n<figure class=\"wp-block-image size-full\"><img loading=\"lazy\" decoding=\"async\" width=\"640\" height=\"427\" src=\"https:\/\/noticiaempauta.com\/portal\/wp-content\/uploads\/2024\/09\/DSC_5380.jpeg\" alt=\"\" class=\"wp-image-262516\" srcset=\"https:\/\/noticiaempauta.com\/portal\/wp-content\/uploads\/2024\/09\/DSC_5380.jpeg 640w, https:\/\/noticiaempauta.com\/portal\/wp-content\/uploads\/2024\/09\/DSC_5380-300x200.jpeg 300w\" sizes=\"(max-width: 640px) 100vw, 640px\" \/><\/figure>\n\n\n\n<p><strong><em>Fonte e Fotos: Folha Atual<\/em><\/strong><\/p>\n","protected":false},"excerpt":{"rendered":"<p>O presidente nacional do Progressistas, senador Ciro Nogueira, e o deputado federal J\u00falio Arcoverde, visitaram na manh\u00e3 deste s\u00e1bado, 28 de setembro, o munic\u00edpio de Monsenhor Hip\u00f3lito, oportunidade em que mais uma vez manifestaram apoio aos candidatos a prefeito, Djalma Policarpo e a vice-prefeito, Mariozan Rocha. Mesmo com um sol bastante quente, centenas de apoiadores [&hellip;]<\/p>\n","protected":false},"author":2,"featured_media":262501,"comment_status":"open","ping_status":"open","sticky":false,"template":"","format":"standard","meta":{"_mi_skip_tracking":false,"footnotes":""},"categories":[25,1,9,3,16],"tags":[192],"class_list":["post-262499","post","type-post","status-publish","format-standard","has-post-thumbnail","hentry","category-destaques-site","category-geral","category-municipios","category-politica","category-todas","tag-destaqueprincipal"],"acf":[],"yoast_head":"<!-- This site is optimized with the Yoast SEO Premium plugin v19.2 (Yoast SEO v26.9) - https:\/\/yoast.com\/product\/yoast-seo-premium-wordpress\/ -->\n<title>Djalma Policarpo e Mariozan Rocha intensificam reta final de campanha em ato pol\u00edtico com a presen\u00e7a de Ciro Nogueira e J\u00falio Arcoverde - Portal Not\u00edcia em Pauta<\/title>\n<meta name=\"robots\" content=\"index, follow, max-snippet:-1, max-image-preview:large, max-video-preview:-1\" \/>\n<link rel=\"canonical\" href=\"https:\/\/noticiaempauta.com\/portal\/djalma-policarpo-e-mariozan-rocha-intensificam-reta-final-de-campanha-em-ato-politico-com-a-presenca-de-ciro-nogueira-e-julio-arcoverde\/\" \/>\n<meta property=\"og:locale\" content=\"pt_BR\" \/>\n<meta property=\"og:type\" content=\"article\" \/>\n<meta property=\"og:title\" content=\"Djalma Policarpo e Mariozan Rocha intensificam reta final de campanha em ato pol\u00edtico com a presen\u00e7a de Ciro Nogueira e J\u00falio Arcoverde\" \/>\n<meta property=\"og:description\" content=\"O presidente nacional do Progressistas, senador Ciro Nogueira, e o deputado federal J\u00falio Arcoverde, visitaram na manh\u00e3 deste s\u00e1bado, 28 de setembro, o munic\u00edpio de Monsenhor Hip\u00f3lito, oportunidade em que mais uma vez manifestaram apoio aos candidatos a prefeito, Djalma Policarpo e a vice-prefeito, Mariozan Rocha. Mesmo com um sol bastante quente, centenas de apoiadores [&hellip;]\" \/>\n<meta property=\"og:url\" content=\"https:\/\/noticiaempauta.com\/portal\/djalma-policarpo-e-mariozan-rocha-intensificam-reta-final-de-campanha-em-ato-politico-com-a-presenca-de-ciro-nogueira-e-julio-arcoverde\/\" \/>\n<meta property=\"og:site_name\" content=\"Portal Not\u00edcia em Pauta\" \/>\n<meta property=\"article:publisher\" content=\"https:\/\/www.facebook.com\/Portal-Notcia-Em-Pauta-102292869264820\/\" \/>\n<meta property=\"article:published_time\" content=\"2024-09-29T13:15:26+00:00\" \/>\n<meta property=\"article:modified_time\" content=\"2024-09-29T13:15:27+00:00\" \/>\n<meta property=\"og:image\" content=\"https:\/\/noticiaempauta.com\/portal\/wp-content\/uploads\/2024\/09\/DSC_5486.jpeg\" \/>\n\t<meta property=\"og:image:width\" content=\"640\" \/>\n\t<meta property=\"og:image:height\" content=\"427\" \/>\n\t<meta property=\"og:image:type\" content=\"image\/jpeg\" \/>\n<meta name=\"author\" content=\"Reda\u00e7\u00e3o\" \/>\n<meta name=\"twitter:card\" content=\"summary_large_image\" \/>\n<meta name=\"twitter:label1\" content=\"Escrito por\" \/>\n\t<meta name=\"twitter:data1\" content=\"Reda\u00e7\u00e3o\" \/>\n\t<meta name=\"twitter:label2\" content=\"Est. tempo de leitura\" \/>\n\t<meta name=\"twitter:data2\" content=\"6 minutos\" \/>\n<script type=\"application\/ld+json\" class=\"yoast-schema-graph\">{\"@context\":\"https:\/\/schema.org\",\"@graph\":[{\"@type\":\"Article\",\"@id\":\"https:\/\/noticiaempauta.com\/portal\/djalma-policarpo-e-mariozan-rocha-intensificam-reta-final-de-campanha-em-ato-politico-com-a-presenca-de-ciro-nogueira-e-julio-arcoverde\/#article\",\"isPartOf\":{\"@id\":\"https:\/\/noticiaempauta.com\/portal\/djalma-policarpo-e-mariozan-rocha-intensificam-reta-final-de-campanha-em-ato-politico-com-a-presenca-de-ciro-nogueira-e-julio-arcoverde\/\"},\"author\":{\"name\":\"Reda\u00e7\u00e3o\",\"@id\":\"https:\/\/noticiaempauta.com\/portal\/#\/schema\/person\/a74af43dd1ab3deca45f988c717d57ac\"},\"headline\":\"Djalma Policarpo e Mariozan Rocha intensificam reta final de campanha em ato pol\u00edtico com a presen\u00e7a de Ciro Nogueira e J\u00falio Arcoverde\",\"datePublished\":\"2024-09-29T13:15:26+00:00\",\"dateModified\":\"2024-09-29T13:15:27+00:00\",\"mainEntityOfPage\":{\"@id\":\"https:\/\/noticiaempauta.com\/portal\/djalma-policarpo-e-mariozan-rocha-intensificam-reta-final-de-campanha-em-ato-politico-com-a-presenca-de-ciro-nogueira-e-julio-arcoverde\/\"},\"wordCount\":355,\"commentCount\":0,\"publisher\":{\"@id\":\"https:\/\/noticiaempauta.com\/portal\/#organization\"},\"image\":{\"@id\":\"https:\/\/noticiaempauta.com\/portal\/djalma-policarpo-e-mariozan-rocha-intensificam-reta-final-de-campanha-em-ato-politico-com-a-presenca-de-ciro-nogueira-e-julio-arcoverde\/#primaryimage\"},\"thumbnailUrl\":\"https:\/\/noticiaempauta.com\/portal\/wp-content\/uploads\/2024\/09\/DSC_5486.jpeg\",\"keywords\":[\"destaqueprincipal\"],\"articleSection\":[\"Destaques\",\"Geral\",\"Munic\u00edpios\",\"Pol\u00edtica\",\"Todas as Not\u00edcias\"],\"inLanguage\":\"pt-BR\",\"potentialAction\":[{\"@type\":\"CommentAction\",\"name\":\"Comment\",\"target\":[\"https:\/\/noticiaempauta.com\/portal\/djalma-policarpo-e-mariozan-rocha-intensificam-reta-final-de-campanha-em-ato-politico-com-a-presenca-de-ciro-nogueira-e-julio-arcoverde\/#respond\"]}]},{\"@type\":\"WebPage\",\"@id\":\"https:\/\/noticiaempauta.com\/portal\/djalma-policarpo-e-mariozan-rocha-intensificam-reta-final-de-campanha-em-ato-politico-com-a-presenca-de-ciro-nogueira-e-julio-arcoverde\/\",\"url\":\"https:\/\/noticiaempauta.com\/portal\/djalma-policarpo-e-mariozan-rocha-intensificam-reta-final-de-campanha-em-ato-politico-com-a-presenca-de-ciro-nogueira-e-julio-arcoverde\/\",\"name\":\"Djalma Policarpo e Mariozan Rocha intensificam reta final de campanha em ato pol\u00edtico com a presen\u00e7a de Ciro Nogueira e J\u00falio Arcoverde - Portal Not\u00edcia em Pauta\",\"isPartOf\":{\"@id\":\"https:\/\/noticiaempauta.com\/portal\/#website\"},\"primaryImageOfPage\":{\"@id\":\"https:\/\/noticiaempauta.com\/portal\/djalma-policarpo-e-mariozan-rocha-intensificam-reta-final-de-campanha-em-ato-politico-com-a-presenca-de-ciro-nogueira-e-julio-arcoverde\/#primaryimage\"},\"image\":{\"@id\":\"https:\/\/noticiaempauta.com\/portal\/djalma-policarpo-e-mariozan-rocha-intensificam-reta-final-de-campanha-em-ato-politico-com-a-presenca-de-ciro-nogueira-e-julio-arcoverde\/#primaryimage\"},\"thumbnailUrl\":\"https:\/\/noticiaempauta.com\/portal\/wp-content\/uploads\/2024\/09\/DSC_5486.jpeg\",\"datePublished\":\"2024-09-29T13:15:26+00:00\",\"dateModified\":\"2024-09-29T13:15:27+00:00\",\"breadcrumb\":{\"@id\":\"https:\/\/noticiaempauta.com\/portal\/djalma-policarpo-e-mariozan-rocha-intensificam-reta-final-de-campanha-em-ato-politico-com-a-presenca-de-ciro-nogueira-e-julio-arcoverde\/#breadcrumb\"},\"inLanguage\":\"pt-BR\",\"potentialAction\":[{\"@type\":\"ReadAction\",\"target\":[\"https:\/\/noticiaempauta.com\/portal\/djalma-policarpo-e-mariozan-rocha-intensificam-reta-final-de-campanha-em-ato-politico-com-a-presenca-de-ciro-nogueira-e-julio-arcoverde\/\"]}]},{\"@type\":\"ImageObject\",\"inLanguage\":\"pt-BR\",\"@id\":\"https:\/\/noticiaempauta.com\/portal\/djalma-policarpo-e-mariozan-rocha-intensificam-reta-final-de-campanha-em-ato-politico-com-a-presenca-de-ciro-nogueira-e-julio-arcoverde\/#primaryimage\",\"url\":\"https:\/\/noticiaempauta.com\/portal\/wp-content\/uploads\/2024\/09\/DSC_5486.jpeg\",\"contentUrl\":\"https:\/\/noticiaempauta.com\/portal\/wp-content\/uploads\/2024\/09\/DSC_5486.jpeg\",\"width\":640,\"height\":427},{\"@type\":\"BreadcrumbList\",\"@id\":\"https:\/\/noticiaempauta.com\/portal\/djalma-policarpo-e-mariozan-rocha-intensificam-reta-final-de-campanha-em-ato-politico-com-a-presenca-de-ciro-nogueira-e-julio-arcoverde\/#breadcrumb\",\"itemListElement\":[{\"@type\":\"ListItem\",\"position\":1,\"name\":\"P\u00e1gina Inicial\",\"item\":\"https:\/\/noticiaempauta.com\/portal\/\"},{\"@type\":\"ListItem\",\"position\":2,\"name\":\"Destaques\",\"item\":\"https:\/\/noticiaempauta.com\/portal\/destaques-site\/\"},{\"@type\":\"ListItem\",\"position\":3,\"name\":\"Djalma Policarpo e Mariozan Rocha intensificam reta final de campanha em ato pol\u00edtico com a presen\u00e7a de Ciro Nogueira e J\u00falio Arcoverde\"}]},{\"@type\":\"WebSite\",\"@id\":\"https:\/\/noticiaempauta.com\/portal\/#website\",\"url\":\"https:\/\/noticiaempauta.com\/portal\/\",\"name\":\"Portal Not\u00edcia em Pauta\",\"description\":\"Voc\u00ea bem informado\",\"publisher\":{\"@id\":\"https:\/\/noticiaempauta.com\/portal\/#organization\"},\"potentialAction\":[{\"@type\":\"SearchAction\",\"target\":{\"@type\":\"EntryPoint\",\"urlTemplate\":\"https:\/\/noticiaempauta.com\/portal\/?s={search_term_string}\"},\"query-input\":{\"@type\":\"PropertyValueSpecification\",\"valueRequired\":true,\"valueName\":\"search_term_string\"}}],\"inLanguage\":\"pt-BR\"},{\"@type\":\"Organization\",\"@id\":\"https:\/\/noticiaempauta.com\/portal\/#organization\",\"name\":\"Portal Not\u00edcia em Pauta\",\"url\":\"https:\/\/noticiaempauta.com\/portal\/\",\"logo\":{\"@type\":\"ImageObject\",\"inLanguage\":\"pt-BR\",\"@id\":\"https:\/\/noticiaempauta.com\/portal\/#\/schema\/logo\/image\/\",\"url\":\"https:\/\/noticiaempauta.com\/portal\/wp-content\/uploads\/2022\/08\/logomarca_tema.fw_.png\",\"contentUrl\":\"https:\/\/noticiaempauta.com\/portal\/wp-content\/uploads\/2022\/08\/logomarca_tema.fw_.png\",\"width\":400,\"height\":232,\"caption\":\"Portal Not\u00edcia em Pauta\"},\"image\":{\"@id\":\"https:\/\/noticiaempauta.com\/portal\/#\/schema\/logo\/image\/\"},\"sameAs\":[\"https:\/\/www.facebook.com\/Portal-Notcia-Em-Pauta-102292869264820\/\",\"https:\/\/www.instagram.com\/portalnoticiaempauta\/\"]},{\"@type\":\"Person\",\"@id\":\"https:\/\/noticiaempauta.com\/portal\/#\/schema\/person\/a74af43dd1ab3deca45f988c717d57ac\",\"name\":\"Reda\u00e7\u00e3o\",\"image\":{\"@type\":\"ImageObject\",\"inLanguage\":\"pt-BR\",\"@id\":\"https:\/\/noticiaempauta.com\/portal\/#\/schema\/person\/image\/\",\"url\":\"https:\/\/secure.gravatar.com\/avatar\/03179346ecce6cdfc13361603e8f54242a90e5cde8618fa23c5c00aa2b0aadf3?s=96&d=mm&r=g\",\"contentUrl\":\"https:\/\/secure.gravatar.com\/avatar\/03179346ecce6cdfc13361603e8f54242a90e5cde8618fa23c5c00aa2b0aadf3?s=96&d=mm&r=g\",\"caption\":\"Reda\u00e7\u00e3o\"},\"sameAs\":[\"https:\/\/noticiaempauta.com\/portal\/\"],\"url\":\"https:\/\/noticiaempauta.com\/portal\/author\/fernando\/\"}]}<\/script>\n<!-- \/ Yoast SEO Premium plugin. -->","yoast_head_json":{"title":"Djalma Policarpo e Mariozan Rocha intensificam reta final de campanha em ato pol\u00edtico com a presen\u00e7a de Ciro Nogueira e J\u00falio Arcoverde - Portal Not\u00edcia em Pauta","robots":{"index":"index","follow":"follow","max-snippet":"max-snippet:-1","max-image-preview":"max-image-preview:large","max-video-preview":"max-video-preview:-1"},"canonical":"https:\/\/noticiaempauta.com\/portal\/djalma-policarpo-e-mariozan-rocha-intensificam-reta-final-de-campanha-em-ato-politico-com-a-presenca-de-ciro-nogueira-e-julio-arcoverde\/","og_locale":"pt_BR","og_type":"article","og_title":"Djalma Policarpo e Mariozan Rocha intensificam reta final de campanha em ato pol\u00edtico com a presen\u00e7a de Ciro Nogueira e J\u00falio Arcoverde","og_description":"O presidente nacional do Progressistas, senador Ciro Nogueira, e o deputado federal J\u00falio Arcoverde, visitaram na manh\u00e3 deste s\u00e1bado, 28 de setembro, o munic\u00edpio de Monsenhor Hip\u00f3lito, oportunidade em que mais uma vez manifestaram apoio aos candidatos a prefeito, Djalma Policarpo e a vice-prefeito, Mariozan Rocha. Mesmo com um sol bastante quente, centenas de apoiadores [&hellip;]","og_url":"https:\/\/noticiaempauta.com\/portal\/djalma-policarpo-e-mariozan-rocha-intensificam-reta-final-de-campanha-em-ato-politico-com-a-presenca-de-ciro-nogueira-e-julio-arcoverde\/","og_site_name":"Portal Not\u00edcia em Pauta","article_publisher":"https:\/\/www.facebook.com\/Portal-Notcia-Em-Pauta-102292869264820\/","article_published_time":"2024-09-29T13:15:26+00:00","article_modified_time":"2024-09-29T13:15:27+00:00","og_image":[{"width":640,"height":427,"url":"https:\/\/noticiaempauta.com\/portal\/wp-content\/uploads\/2024\/09\/DSC_5486.jpeg","type":"image\/jpeg"}],"author":"Reda\u00e7\u00e3o","twitter_card":"summary_large_image","twitter_misc":{"Escrito por":"Reda\u00e7\u00e3o","Est. tempo de leitura":"6 minutos"},"schema":{"@context":"https:\/\/schema.org","@graph":[{"@type":"Article","@id":"https:\/\/noticiaempauta.com\/portal\/djalma-policarpo-e-mariozan-rocha-intensificam-reta-final-de-campanha-em-ato-politico-com-a-presenca-de-ciro-nogueira-e-julio-arcoverde\/#article","isPartOf":{"@id":"https:\/\/noticiaempauta.com\/portal\/djalma-policarpo-e-mariozan-rocha-intensificam-reta-final-de-campanha-em-ato-politico-com-a-presenca-de-ciro-nogueira-e-julio-arcoverde\/"},"author":{"name":"Reda\u00e7\u00e3o","@id":"https:\/\/noticiaempauta.com\/portal\/#\/schema\/person\/a74af43dd1ab3deca45f988c717d57ac"},"headline":"Djalma Policarpo e Mariozan Rocha intensificam reta final de campanha em ato pol\u00edtico com a presen\u00e7a de Ciro Nogueira e J\u00falio Arcoverde","datePublished":"2024-09-29T13:15:26+00:00","dateModified":"2024-09-29T13:15:27+00:00","mainEntityOfPage":{"@id":"https:\/\/noticiaempauta.com\/portal\/djalma-policarpo-e-mariozan-rocha-intensificam-reta-final-de-campanha-em-ato-politico-com-a-presenca-de-ciro-nogueira-e-julio-arcoverde\/"},"wordCount":355,"commentCount":0,"publisher":{"@id":"https:\/\/noticiaempauta.com\/portal\/#organization"},"image":{"@id":"https:\/\/noticiaempauta.com\/portal\/djalma-policarpo-e-mariozan-rocha-intensificam-reta-final-de-campanha-em-ato-politico-com-a-presenca-de-ciro-nogueira-e-julio-arcoverde\/#primaryimage"},"thumbnailUrl":"https:\/\/noticiaempauta.com\/portal\/wp-content\/uploads\/2024\/09\/DSC_5486.jpeg","keywords":["destaqueprincipal"],"articleSection":["Destaques","Geral","Munic\u00edpios","Pol\u00edtica","Todas as Not\u00edcias"],"inLanguage":"pt-BR","potentialAction":[{"@type":"CommentAction","name":"Comment","target":["https:\/\/noticiaempauta.com\/portal\/djalma-policarpo-e-mariozan-rocha-intensificam-reta-final-de-campanha-em-ato-politico-com-a-presenca-de-ciro-nogueira-e-julio-arcoverde\/#respond"]}]},{"@type":"WebPage","@id":"https:\/\/noticiaempauta.com\/portal\/djalma-policarpo-e-mariozan-rocha-intensificam-reta-final-de-campanha-em-ato-politico-com-a-presenca-de-ciro-nogueira-e-julio-arcoverde\/","url":"https:\/\/noticiaempauta.com\/portal\/djalma-policarpo-e-mariozan-rocha-intensificam-reta-final-de-campanha-em-ato-politico-com-a-presenca-de-ciro-nogueira-e-julio-arcoverde\/","name":"Djalma Policarpo e Mariozan Rocha intensificam reta final de campanha em ato pol\u00edtico com a presen\u00e7a de Ciro Nogueira e J\u00falio Arcoverde - Portal Not\u00edcia em Pauta","isPartOf":{"@id":"https:\/\/noticiaempauta.com\/portal\/#website"},"primaryImageOfPage":{"@id":"https:\/\/noticiaempauta.com\/portal\/djalma-policarpo-e-mariozan-rocha-intensificam-reta-final-de-campanha-em-ato-politico-com-a-presenca-de-ciro-nogueira-e-julio-arcoverde\/#primaryimage"},"image":{"@id":"https:\/\/noticiaempauta.com\/portal\/djalma-policarpo-e-mariozan-rocha-intensificam-reta-final-de-campanha-em-ato-politico-com-a-presenca-de-ciro-nogueira-e-julio-arcoverde\/#primaryimage"},"thumbnailUrl":"https:\/\/noticiaempauta.com\/portal\/wp-content\/uploads\/2024\/09\/DSC_5486.jpeg","datePublished":"2024-09-29T13:15:26+00:00","dateModified":"2024-09-29T13:15:27+00:00","breadcrumb":{"@id":"https:\/\/noticiaempauta.com\/portal\/djalma-policarpo-e-mariozan-rocha-intensificam-reta-final-de-campanha-em-ato-politico-com-a-presenca-de-ciro-nogueira-e-julio-arcoverde\/#breadcrumb"},"inLanguage":"pt-BR","potentialAction":[{"@type":"ReadAction","target":["https:\/\/noticiaempauta.com\/portal\/djalma-policarpo-e-mariozan-rocha-intensificam-reta-final-de-campanha-em-ato-politico-com-a-presenca-de-ciro-nogueira-e-julio-arcoverde\/"]}]},{"@type":"ImageObject","inLanguage":"pt-BR","@id":"https:\/\/noticiaempauta.com\/portal\/djalma-policarpo-e-mariozan-rocha-intensificam-reta-final-de-campanha-em-ato-politico-com-a-presenca-de-ciro-nogueira-e-julio-arcoverde\/#primaryimage","url":"https:\/\/noticiaempauta.com\/portal\/wp-content\/uploads\/2024\/09\/DSC_5486.jpeg","contentUrl":"https:\/\/noticiaempauta.com\/portal\/wp-content\/uploads\/2024\/09\/DSC_5486.jpeg","width":640,"height":427},{"@type":"BreadcrumbList","@id":"https:\/\/noticiaempauta.com\/portal\/djalma-policarpo-e-mariozan-rocha-intensificam-reta-final-de-campanha-em-ato-politico-com-a-presenca-de-ciro-nogueira-e-julio-arcoverde\/#breadcrumb","itemListElement":[{"@type":"ListItem","position":1,"name":"P\u00e1gina Inicial","item":"https:\/\/noticiaempauta.com\/portal\/"},{"@type":"ListItem","position":2,"name":"Destaques","item":"https:\/\/noticiaempauta.com\/portal\/destaques-site\/"},{"@type":"ListItem","position":3,"name":"Djalma Policarpo e Mariozan Rocha intensificam reta final de campanha em ato pol\u00edtico com a presen\u00e7a de Ciro Nogueira e J\u00falio Arcoverde"}]},{"@type":"WebSite","@id":"https:\/\/noticiaempauta.com\/portal\/#website","url":"https:\/\/noticiaempauta.com\/portal\/","name":"Portal Not\u00edcia em Pauta","description":"Voc\u00ea bem informado","publisher":{"@id":"https:\/\/noticiaempauta.com\/portal\/#organization"},"potentialAction":[{"@type":"SearchAction","target":{"@type":"EntryPoint","urlTemplate":"https:\/\/noticiaempauta.com\/portal\/?s={search_term_string}"},"query-input":{"@type":"PropertyValueSpecification","valueRequired":true,"valueName":"search_term_string"}}],"inLanguage":"pt-BR"},{"@type":"Organization","@id":"https:\/\/noticiaempauta.com\/portal\/#organization","name":"Portal Not\u00edcia em Pauta","url":"https:\/\/noticiaempauta.com\/portal\/","logo":{"@type":"ImageObject","inLanguage":"pt-BR","@id":"https:\/\/noticiaempauta.com\/portal\/#\/schema\/logo\/image\/","url":"https:\/\/noticiaempauta.com\/portal\/wp-content\/uploads\/2022\/08\/logomarca_tema.fw_.png","contentUrl":"https:\/\/noticiaempauta.com\/portal\/wp-content\/uploads\/2022\/08\/logomarca_tema.fw_.png","width":400,"height":232,"caption":"Portal Not\u00edcia em Pauta"},"image":{"@id":"https:\/\/noticiaempauta.com\/portal\/#\/schema\/logo\/image\/"},"sameAs":["https:\/\/www.facebook.com\/Portal-Notcia-Em-Pauta-102292869264820\/","https:\/\/www.instagram.com\/portalnoticiaempauta\/"]},{"@type":"Person","@id":"https:\/\/noticiaempauta.com\/portal\/#\/schema\/person\/a74af43dd1ab3deca45f988c717d57ac","name":"Reda\u00e7\u00e3o","image":{"@type":"ImageObject","inLanguage":"pt-BR","@id":"https:\/\/noticiaempauta.com\/portal\/#\/schema\/person\/image\/","url":"https:\/\/secure.gravatar.com\/avatar\/03179346ecce6cdfc13361603e8f54242a90e5cde8618fa23c5c00aa2b0aadf3?s=96&d=mm&r=g","contentUrl":"https:\/\/secure.gravatar.com\/avatar\/03179346ecce6cdfc13361603e8f54242a90e5cde8618fa23c5c00aa2b0aadf3?s=96&d=mm&r=g","caption":"Reda\u00e7\u00e3o"},"sameAs":["https:\/\/noticiaempauta.com\/portal\/"],"url":"https:\/\/noticiaempauta.com\/portal\/author\/fernando\/"}]}},"_links":{"self":[{"href":"https:\/\/noticiaempauta.com\/portal\/wp-json\/wp\/v2\/posts\/262499","targetHints":{"allow":["GET"]}}],"collection":[{"href":"https:\/\/noticiaempauta.com\/portal\/wp-json\/wp\/v2\/posts"}],"about":[{"href":"https:\/\/noticiaempauta.com\/portal\/wp-json\/wp\/v2\/types\/post"}],"author":[{"embeddable":true,"href":"https:\/\/noticiaempauta.com\/portal\/wp-json\/wp\/v2\/users\/2"}],"replies":[{"embeddable":true,"href":"https:\/\/noticiaempauta.com\/portal\/wp-json\/wp\/v2\/comments?post=262499"}],"version-history":[{"count":2,"href":"https:\/\/noticiaempauta.com\/portal\/wp-json\/wp\/v2\/posts\/262499\/revisions"}],"predecessor-version":[{"id":262518,"href":"https:\/\/noticiaempauta.com\/portal\/wp-json\/wp\/v2\/posts\/262499\/revisions\/262518"}],"wp:featuredmedia":[{"embeddable":true,"href":"https:\/\/noticiaempauta.com\/portal\/wp-json\/wp\/v2\/media\/262501"}],"wp:attachment":[{"href":"https:\/\/noticiaempauta.com\/portal\/wp-json\/wp\/v2\/media?parent=262499"}],"wp:term":[{"taxonomy":"category","embeddable":true,"href":"https:\/\/noticiaempauta.com\/portal\/wp-json\/wp\/v2\/categories?post=262499"},{"taxonomy":"post_tag","embeddable":true,"href":"https:\/\/noticiaempauta.com\/portal\/wp-json\/wp\/v2\/tags?post=262499"}],"curies":[{"name":"wp","href":"https:\/\/api.w.org\/{rel}","templated":true}]}}