{"id":262519,"date":"2024-09-29T10:27:38","date_gmt":"2024-09-29T13:27:38","guid":{"rendered":"https:\/\/noticiaempauta.com\/portal\/?p=262519"},"modified":"2024-09-29T10:27:40","modified_gmt":"2024-09-29T13:27:40","slug":"conta-de-luz-mais-cara-outubro-tera-bandeira-vermelha-patamar-2","status":"publish","type":"post","link":"https:\/\/noticiaempauta.com\/portal\/conta-de-luz-mais-cara-outubro-tera-bandeira-vermelha-patamar-2\/","title":{"rendered":"Conta de luz mais cara: Outubro ter\u00e1 bandeira vermelha patamar 2"},"content":{"rendered":"\n<p>A&nbsp;Ag\u00eancia Nacional de Energia El\u00e9trica (Aneel)&nbsp;anunciou que, em outubro, a bandeira tarif\u00e1ria ser\u00e1&nbsp;vermelha patamar 2, a mais cara do sistema. O consumidor dever\u00e1 pagar uma cobran\u00e7a adicional de R$ 7,877 para cada 100 quilowatts-hora (kWh) de energia consumidos. Essa \u00e9 a primeira vez desde agosto de 2021 que a bandeira vermelha patamar 2 \u00e9 acionada.<\/p>\n\n\n\n<figure class=\"wp-block-image size-full\"><img fetchpriority=\"high\" decoding=\"async\" width=\"763\" height=\"469\" src=\"https:\/\/noticiaempauta.com\/portal\/wp-content\/uploads\/2024\/09\/FA-IMG-6ca60f206a99261ffb2b.png\" alt=\"\" class=\"wp-image-262520\" srcset=\"https:\/\/noticiaempauta.com\/portal\/wp-content\/uploads\/2024\/09\/FA-IMG-6ca60f206a99261ffb2b.png 763w, https:\/\/noticiaempauta.com\/portal\/wp-content\/uploads\/2024\/09\/FA-IMG-6ca60f206a99261ffb2b-300x184.png 300w\" sizes=\"(max-width: 763px) 100vw, 763px\" \/><\/figure>\n\n\n\n<p>De acordo com a Aneel, a ativa\u00e7\u00e3o da bandeira tarif\u00e1ria mais cara para outubro foi influenciada por dois fatores principais. O primeiro \u00e9 o risco hidrol\u00f3gico, que se refere \u00e0 baixa previs\u00e3o de chuvas nos reservat\u00f3rios das hidrel\u00e9tricas do pa\u00eds. A escassez de \u00e1gua nos reservat\u00f3rios afeta a gera\u00e7\u00e3o de energia pelas hidrel\u00e9tricas, for\u00e7ando o acionamento de fontes de energia mais caras, como as termel\u00e9tricas.<\/p>\n\n\n\n<p>O segundo fator que contribuiu para o aumento foi a eleva\u00e7\u00e3o dos pre\u00e7os no mercado de energia el\u00e9trica, resultado do desequil\u00edbrio entre oferta e demanda no sistema interligado de energia. Esses fatores combinados resultaram na necessidade de acionamento da bandeira tarif\u00e1ria vermelha patamar 2, impactando diretamente as contas de luz dos consumidores.<\/p>\n\n\n\n<p>Desde abril de 2022, o Brasil vinha mantendo uma sequ\u00eancia de bandeiras verdes, sem cobran\u00e7a adicional nas contas de luz. Em julho de 2024, essa sequ\u00eancia foi interrompida com a ado\u00e7\u00e3o da bandeira amarela, seguida pela volta da bandeira verde em agosto. A&nbsp;Aneel chegou a anunciar a bandeira vermelha patamar 2 para setembro, mas corrigiu a informa\u00e7\u00e3o dias depois,&nbsp;mantendo o patamar 1.<\/p>\n\n\n\n<p><strong>Como funciona o sistema de bandeiras tarif\u00e1rias<\/strong><\/p>\n\n\n\n<p>As bandeiras tarif\u00e1rias s\u00e3o um sistema criado pela Aneel para sinalizar aos consumidores os custos vari\u00e1veis da gera\u00e7\u00e3o de energia e incentivar o consumo consciente. Existem tr\u00eas tipos de bandeiras: verde, amarela e vermelha. A cor da bandeira indica o custo vari\u00e1vel da gera\u00e7\u00e3o de energia e, consequentemente, o valor a ser acrescido \u00e0 conta de luz.<\/p>\n\n\n\n<p>Verde:&nbsp;Indica condi\u00e7\u00f5es favor\u00e1veis de gera\u00e7\u00e3o de energia, com baixo custo vari\u00e1vel.<\/p>\n\n\n\n<p>Amarela:&nbsp;Sinaliza custos de gera\u00e7\u00e3o um pouco mais elevados, em geral devido a uma menor disponibilidade de \u00e1gua nos reservat\u00f3rios.<\/p>\n\n\n\n<p>Vermelha:&nbsp;Indica condi\u00e7\u00f5es mais custosas de gera\u00e7\u00e3o, como a atual, em que h\u00e1 menor disponibilidade de \u00e1gua nos reservat\u00f3rios e maior necessidade de acionar usinas t\u00e9rmicas. A bandeira vermelha possui dois patamares: patamar 1 e patamar 2, sendo este \u00faltimo o mais caro.<\/p>\n\n\n\n<p><strong><em>Fonte: Portal O Dia<\/em><\/strong><\/p>\n","protected":false},"excerpt":{"rendered":"<p>A&nbsp;Ag\u00eancia Nacional de Energia El\u00e9trica (Aneel)&nbsp;anunciou que, em outubro, a bandeira tarif\u00e1ria ser\u00e1&nbsp;vermelha patamar 2, a mais cara do sistema. O consumidor dever\u00e1 pagar uma cobran\u00e7a adicional de R$ 7,877 para cada 100 quilowatts-hora (kWh) de energia consumidos. Essa \u00e9 a primeira vez desde agosto de 2021 que a bandeira vermelha patamar 2 \u00e9 acionada. [&hellip;]<\/p>\n","protected":false},"author":2,"featured_media":262520,"comment_status":"open","ping_status":"open","sticky":false,"template":"","format":"standard","meta":{"_mi_skip_tracking":false,"footnotes":""},"categories":[25,6,1,16],"tags":[192],"class_list":["post-262519","post","type-post","status-publish","format-standard","has-post-thumbnail","hentry","category-destaques-site","category-economia","category-geral","category-todas","tag-destaqueprincipal"],"acf":[],"yoast_head":"<!-- This site is optimized with the Yoast SEO Premium plugin v19.2 (Yoast SEO v26.9) - https:\/\/yoast.com\/product\/yoast-seo-premium-wordpress\/ -->\n<title>Conta de luz mais cara: Outubro ter\u00e1 bandeira vermelha patamar 2 - Portal Not\u00edcia em Pauta<\/title>\n<meta name=\"robots\" content=\"index, follow, max-snippet:-1, max-image-preview:large, max-video-preview:-1\" \/>\n<link rel=\"canonical\" href=\"https:\/\/noticiaempauta.com\/portal\/conta-de-luz-mais-cara-outubro-tera-bandeira-vermelha-patamar-2\/\" \/>\n<meta property=\"og:locale\" content=\"pt_BR\" \/>\n<meta property=\"og:type\" content=\"article\" \/>\n<meta property=\"og:title\" content=\"Conta de luz mais cara: Outubro ter\u00e1 bandeira vermelha patamar 2\" \/>\n<meta property=\"og:description\" content=\"A&nbsp;Ag\u00eancia Nacional de Energia El\u00e9trica (Aneel)&nbsp;anunciou que, em outubro, a bandeira tarif\u00e1ria ser\u00e1&nbsp;vermelha patamar 2, a mais cara do sistema. O consumidor dever\u00e1 pagar uma cobran\u00e7a adicional de R$ 7,877 para cada 100 quilowatts-hora (kWh) de energia consumidos. Essa \u00e9 a primeira vez desde agosto de 2021 que a bandeira vermelha patamar 2 \u00e9 acionada. [&hellip;]\" \/>\n<meta property=\"og:url\" content=\"https:\/\/noticiaempauta.com\/portal\/conta-de-luz-mais-cara-outubro-tera-bandeira-vermelha-patamar-2\/\" \/>\n<meta property=\"og:site_name\" content=\"Portal Not\u00edcia em Pauta\" \/>\n<meta property=\"article:publisher\" content=\"https:\/\/www.facebook.com\/Portal-Notcia-Em-Pauta-102292869264820\/\" \/>\n<meta property=\"article:published_time\" content=\"2024-09-29T13:27:38+00:00\" \/>\n<meta property=\"article:modified_time\" content=\"2024-09-29T13:27:40+00:00\" \/>\n<meta property=\"og:image\" content=\"https:\/\/noticiaempauta.com\/portal\/wp-content\/uploads\/2024\/09\/FA-IMG-6ca60f206a99261ffb2b.png\" \/>\n\t<meta property=\"og:image:width\" content=\"763\" \/>\n\t<meta property=\"og:image:height\" content=\"469\" \/>\n\t<meta property=\"og:image:type\" content=\"image\/png\" \/>\n<meta name=\"author\" content=\"Reda\u00e7\u00e3o\" \/>\n<meta name=\"twitter:card\" content=\"summary_large_image\" \/>\n<meta name=\"twitter:label1\" content=\"Escrito por\" \/>\n\t<meta name=\"twitter:data1\" content=\"Reda\u00e7\u00e3o\" \/>\n\t<meta name=\"twitter:label2\" content=\"Est. tempo de leitura\" \/>\n\t<meta name=\"twitter:data2\" content=\"3 minutos\" \/>\n<script type=\"application\/ld+json\" class=\"yoast-schema-graph\">{\"@context\":\"https:\/\/schema.org\",\"@graph\":[{\"@type\":\"Article\",\"@id\":\"https:\/\/noticiaempauta.com\/portal\/conta-de-luz-mais-cara-outubro-tera-bandeira-vermelha-patamar-2\/#article\",\"isPartOf\":{\"@id\":\"https:\/\/noticiaempauta.com\/portal\/conta-de-luz-mais-cara-outubro-tera-bandeira-vermelha-patamar-2\/\"},\"author\":{\"name\":\"Reda\u00e7\u00e3o\",\"@id\":\"https:\/\/noticiaempauta.com\/portal\/#\/schema\/person\/a74af43dd1ab3deca45f988c717d57ac\"},\"headline\":\"Conta de luz mais cara: Outubro ter\u00e1 bandeira vermelha patamar 2\",\"datePublished\":\"2024-09-29T13:27:38+00:00\",\"dateModified\":\"2024-09-29T13:27:40+00:00\",\"mainEntityOfPage\":{\"@id\":\"https:\/\/noticiaempauta.com\/portal\/conta-de-luz-mais-cara-outubro-tera-bandeira-vermelha-patamar-2\/\"},\"wordCount\":427,\"commentCount\":0,\"publisher\":{\"@id\":\"https:\/\/noticiaempauta.com\/portal\/#organization\"},\"image\":{\"@id\":\"https:\/\/noticiaempauta.com\/portal\/conta-de-luz-mais-cara-outubro-tera-bandeira-vermelha-patamar-2\/#primaryimage\"},\"thumbnailUrl\":\"https:\/\/noticiaempauta.com\/portal\/wp-content\/uploads\/2024\/09\/FA-IMG-6ca60f206a99261ffb2b.png\",\"keywords\":[\"destaqueprincipal\"],\"articleSection\":[\"Destaques\",\"Economia\",\"Geral\",\"Todas as Not\u00edcias\"],\"inLanguage\":\"pt-BR\",\"potentialAction\":[{\"@type\":\"CommentAction\",\"name\":\"Comment\",\"target\":[\"https:\/\/noticiaempauta.com\/portal\/conta-de-luz-mais-cara-outubro-tera-bandeira-vermelha-patamar-2\/#respond\"]}]},{\"@type\":\"WebPage\",\"@id\":\"https:\/\/noticiaempauta.com\/portal\/conta-de-luz-mais-cara-outubro-tera-bandeira-vermelha-patamar-2\/\",\"url\":\"https:\/\/noticiaempauta.com\/portal\/conta-de-luz-mais-cara-outubro-tera-bandeira-vermelha-patamar-2\/\",\"name\":\"Conta de luz mais cara: Outubro ter\u00e1 bandeira vermelha patamar 2 - Portal Not\u00edcia em Pauta\",\"isPartOf\":{\"@id\":\"https:\/\/noticiaempauta.com\/portal\/#website\"},\"primaryImageOfPage\":{\"@id\":\"https:\/\/noticiaempauta.com\/portal\/conta-de-luz-mais-cara-outubro-tera-bandeira-vermelha-patamar-2\/#primaryimage\"},\"image\":{\"@id\":\"https:\/\/noticiaempauta.com\/portal\/conta-de-luz-mais-cara-outubro-tera-bandeira-vermelha-patamar-2\/#primaryimage\"},\"thumbnailUrl\":\"https:\/\/noticiaempauta.com\/portal\/wp-content\/uploads\/2024\/09\/FA-IMG-6ca60f206a99261ffb2b.png\",\"datePublished\":\"2024-09-29T13:27:38+00:00\",\"dateModified\":\"2024-09-29T13:27:40+00:00\",\"breadcrumb\":{\"@id\":\"https:\/\/noticiaempauta.com\/portal\/conta-de-luz-mais-cara-outubro-tera-bandeira-vermelha-patamar-2\/#breadcrumb\"},\"inLanguage\":\"pt-BR\",\"potentialAction\":[{\"@type\":\"ReadAction\",\"target\":[\"https:\/\/noticiaempauta.com\/portal\/conta-de-luz-mais-cara-outubro-tera-bandeira-vermelha-patamar-2\/\"]}]},{\"@type\":\"ImageObject\",\"inLanguage\":\"pt-BR\",\"@id\":\"https:\/\/noticiaempauta.com\/portal\/conta-de-luz-mais-cara-outubro-tera-bandeira-vermelha-patamar-2\/#primaryimage\",\"url\":\"https:\/\/noticiaempauta.com\/portal\/wp-content\/uploads\/2024\/09\/FA-IMG-6ca60f206a99261ffb2b.png\",\"contentUrl\":\"https:\/\/noticiaempauta.com\/portal\/wp-content\/uploads\/2024\/09\/FA-IMG-6ca60f206a99261ffb2b.png\",\"width\":763,\"height\":469},{\"@type\":\"BreadcrumbList\",\"@id\":\"https:\/\/noticiaempauta.com\/portal\/conta-de-luz-mais-cara-outubro-tera-bandeira-vermelha-patamar-2\/#breadcrumb\",\"itemListElement\":[{\"@type\":\"ListItem\",\"position\":1,\"name\":\"P\u00e1gina Inicial\",\"item\":\"https:\/\/noticiaempauta.com\/portal\/\"},{\"@type\":\"ListItem\",\"position\":2,\"name\":\"Destaques\",\"item\":\"https:\/\/noticiaempauta.com\/portal\/destaques-site\/\"},{\"@type\":\"ListItem\",\"position\":3,\"name\":\"Conta de luz mais cara: Outubro ter\u00e1 bandeira vermelha patamar 2\"}]},{\"@type\":\"WebSite\",\"@id\":\"https:\/\/noticiaempauta.com\/portal\/#website\",\"url\":\"https:\/\/noticiaempauta.com\/portal\/\",\"name\":\"Portal Not\u00edcia em Pauta\",\"description\":\"Voc\u00ea bem informado\",\"publisher\":{\"@id\":\"https:\/\/noticiaempauta.com\/portal\/#organization\"},\"potentialAction\":[{\"@type\":\"SearchAction\",\"target\":{\"@type\":\"EntryPoint\",\"urlTemplate\":\"https:\/\/noticiaempauta.com\/portal\/?s={search_term_string}\"},\"query-input\":{\"@type\":\"PropertyValueSpecification\",\"valueRequired\":true,\"valueName\":\"search_term_string\"}}],\"inLanguage\":\"pt-BR\"},{\"@type\":\"Organization\",\"@id\":\"https:\/\/noticiaempauta.com\/portal\/#organization\",\"name\":\"Portal Not\u00edcia em Pauta\",\"url\":\"https:\/\/noticiaempauta.com\/portal\/\",\"logo\":{\"@type\":\"ImageObject\",\"inLanguage\":\"pt-BR\",\"@id\":\"https:\/\/noticiaempauta.com\/portal\/#\/schema\/logo\/image\/\",\"url\":\"https:\/\/noticiaempauta.com\/portal\/wp-content\/uploads\/2022\/08\/logomarca_tema.fw_.png\",\"contentUrl\":\"https:\/\/noticiaempauta.com\/portal\/wp-content\/uploads\/2022\/08\/logomarca_tema.fw_.png\",\"width\":400,\"height\":232,\"caption\":\"Portal Not\u00edcia em Pauta\"},\"image\":{\"@id\":\"https:\/\/noticiaempauta.com\/portal\/#\/schema\/logo\/image\/\"},\"sameAs\":[\"https:\/\/www.facebook.com\/Portal-Notcia-Em-Pauta-102292869264820\/\",\"https:\/\/www.instagram.com\/portalnoticiaempauta\/\"]},{\"@type\":\"Person\",\"@id\":\"https:\/\/noticiaempauta.com\/portal\/#\/schema\/person\/a74af43dd1ab3deca45f988c717d57ac\",\"name\":\"Reda\u00e7\u00e3o\",\"image\":{\"@type\":\"ImageObject\",\"inLanguage\":\"pt-BR\",\"@id\":\"https:\/\/noticiaempauta.com\/portal\/#\/schema\/person\/image\/\",\"url\":\"https:\/\/secure.gravatar.com\/avatar\/03179346ecce6cdfc13361603e8f54242a90e5cde8618fa23c5c00aa2b0aadf3?s=96&d=mm&r=g\",\"contentUrl\":\"https:\/\/secure.gravatar.com\/avatar\/03179346ecce6cdfc13361603e8f54242a90e5cde8618fa23c5c00aa2b0aadf3?s=96&d=mm&r=g\",\"caption\":\"Reda\u00e7\u00e3o\"},\"sameAs\":[\"https:\/\/noticiaempauta.com\/portal\/\"],\"url\":\"https:\/\/noticiaempauta.com\/portal\/author\/fernando\/\"}]}<\/script>\n<!-- \/ Yoast SEO Premium plugin. -->","yoast_head_json":{"title":"Conta de luz mais cara: Outubro ter\u00e1 bandeira vermelha patamar 2 - Portal Not\u00edcia em Pauta","robots":{"index":"index","follow":"follow","max-snippet":"max-snippet:-1","max-image-preview":"max-image-preview:large","max-video-preview":"max-video-preview:-1"},"canonical":"https:\/\/noticiaempauta.com\/portal\/conta-de-luz-mais-cara-outubro-tera-bandeira-vermelha-patamar-2\/","og_locale":"pt_BR","og_type":"article","og_title":"Conta de luz mais cara: Outubro ter\u00e1 bandeira vermelha patamar 2","og_description":"A&nbsp;Ag\u00eancia Nacional de Energia El\u00e9trica (Aneel)&nbsp;anunciou que, em outubro, a bandeira tarif\u00e1ria ser\u00e1&nbsp;vermelha patamar 2, a mais cara do sistema. O consumidor dever\u00e1 pagar uma cobran\u00e7a adicional de R$ 7,877 para cada 100 quilowatts-hora (kWh) de energia consumidos. Essa \u00e9 a primeira vez desde agosto de 2021 que a bandeira vermelha patamar 2 \u00e9 acionada. [&hellip;]","og_url":"https:\/\/noticiaempauta.com\/portal\/conta-de-luz-mais-cara-outubro-tera-bandeira-vermelha-patamar-2\/","og_site_name":"Portal Not\u00edcia em Pauta","article_publisher":"https:\/\/www.facebook.com\/Portal-Notcia-Em-Pauta-102292869264820\/","article_published_time":"2024-09-29T13:27:38+00:00","article_modified_time":"2024-09-29T13:27:40+00:00","og_image":[{"width":763,"height":469,"url":"https:\/\/noticiaempauta.com\/portal\/wp-content\/uploads\/2024\/09\/FA-IMG-6ca60f206a99261ffb2b.png","type":"image\/png"}],"author":"Reda\u00e7\u00e3o","twitter_card":"summary_large_image","twitter_misc":{"Escrito por":"Reda\u00e7\u00e3o","Est. tempo de leitura":"3 minutos"},"schema":{"@context":"https:\/\/schema.org","@graph":[{"@type":"Article","@id":"https:\/\/noticiaempauta.com\/portal\/conta-de-luz-mais-cara-outubro-tera-bandeira-vermelha-patamar-2\/#article","isPartOf":{"@id":"https:\/\/noticiaempauta.com\/portal\/conta-de-luz-mais-cara-outubro-tera-bandeira-vermelha-patamar-2\/"},"author":{"name":"Reda\u00e7\u00e3o","@id":"https:\/\/noticiaempauta.com\/portal\/#\/schema\/person\/a74af43dd1ab3deca45f988c717d57ac"},"headline":"Conta de luz mais cara: Outubro ter\u00e1 bandeira vermelha patamar 2","datePublished":"2024-09-29T13:27:38+00:00","dateModified":"2024-09-29T13:27:40+00:00","mainEntityOfPage":{"@id":"https:\/\/noticiaempauta.com\/portal\/conta-de-luz-mais-cara-outubro-tera-bandeira-vermelha-patamar-2\/"},"wordCount":427,"commentCount":0,"publisher":{"@id":"https:\/\/noticiaempauta.com\/portal\/#organization"},"image":{"@id":"https:\/\/noticiaempauta.com\/portal\/conta-de-luz-mais-cara-outubro-tera-bandeira-vermelha-patamar-2\/#primaryimage"},"thumbnailUrl":"https:\/\/noticiaempauta.com\/portal\/wp-content\/uploads\/2024\/09\/FA-IMG-6ca60f206a99261ffb2b.png","keywords":["destaqueprincipal"],"articleSection":["Destaques","Economia","Geral","Todas as Not\u00edcias"],"inLanguage":"pt-BR","potentialAction":[{"@type":"CommentAction","name":"Comment","target":["https:\/\/noticiaempauta.com\/portal\/conta-de-luz-mais-cara-outubro-tera-bandeira-vermelha-patamar-2\/#respond"]}]},{"@type":"WebPage","@id":"https:\/\/noticiaempauta.com\/portal\/conta-de-luz-mais-cara-outubro-tera-bandeira-vermelha-patamar-2\/","url":"https:\/\/noticiaempauta.com\/portal\/conta-de-luz-mais-cara-outubro-tera-bandeira-vermelha-patamar-2\/","name":"Conta de luz mais cara: Outubro ter\u00e1 bandeira vermelha patamar 2 - Portal Not\u00edcia em Pauta","isPartOf":{"@id":"https:\/\/noticiaempauta.com\/portal\/#website"},"primaryImageOfPage":{"@id":"https:\/\/noticiaempauta.com\/portal\/conta-de-luz-mais-cara-outubro-tera-bandeira-vermelha-patamar-2\/#primaryimage"},"image":{"@id":"https:\/\/noticiaempauta.com\/portal\/conta-de-luz-mais-cara-outubro-tera-bandeira-vermelha-patamar-2\/#primaryimage"},"thumbnailUrl":"https:\/\/noticiaempauta.com\/portal\/wp-content\/uploads\/2024\/09\/FA-IMG-6ca60f206a99261ffb2b.png","datePublished":"2024-09-29T13:27:38+00:00","dateModified":"2024-09-29T13:27:40+00:00","breadcrumb":{"@id":"https:\/\/noticiaempauta.com\/portal\/conta-de-luz-mais-cara-outubro-tera-bandeira-vermelha-patamar-2\/#breadcrumb"},"inLanguage":"pt-BR","potentialAction":[{"@type":"ReadAction","target":["https:\/\/noticiaempauta.com\/portal\/conta-de-luz-mais-cara-outubro-tera-bandeira-vermelha-patamar-2\/"]}]},{"@type":"ImageObject","inLanguage":"pt-BR","@id":"https:\/\/noticiaempauta.com\/portal\/conta-de-luz-mais-cara-outubro-tera-bandeira-vermelha-patamar-2\/#primaryimage","url":"https:\/\/noticiaempauta.com\/portal\/wp-content\/uploads\/2024\/09\/FA-IMG-6ca60f206a99261ffb2b.png","contentUrl":"https:\/\/noticiaempauta.com\/portal\/wp-content\/uploads\/2024\/09\/FA-IMG-6ca60f206a99261ffb2b.png","width":763,"height":469},{"@type":"BreadcrumbList","@id":"https:\/\/noticiaempauta.com\/portal\/conta-de-luz-mais-cara-outubro-tera-bandeira-vermelha-patamar-2\/#breadcrumb","itemListElement":[{"@type":"ListItem","position":1,"name":"P\u00e1gina Inicial","item":"https:\/\/noticiaempauta.com\/portal\/"},{"@type":"ListItem","position":2,"name":"Destaques","item":"https:\/\/noticiaempauta.com\/portal\/destaques-site\/"},{"@type":"ListItem","position":3,"name":"Conta de luz mais cara: Outubro ter\u00e1 bandeira vermelha patamar 2"}]},{"@type":"WebSite","@id":"https:\/\/noticiaempauta.com\/portal\/#website","url":"https:\/\/noticiaempauta.com\/portal\/","name":"Portal Not\u00edcia em Pauta","description":"Voc\u00ea bem informado","publisher":{"@id":"https:\/\/noticiaempauta.com\/portal\/#organization"},"potentialAction":[{"@type":"SearchAction","target":{"@type":"EntryPoint","urlTemplate":"https:\/\/noticiaempauta.com\/portal\/?s={search_term_string}"},"query-input":{"@type":"PropertyValueSpecification","valueRequired":true,"valueName":"search_term_string"}}],"inLanguage":"pt-BR"},{"@type":"Organization","@id":"https:\/\/noticiaempauta.com\/portal\/#organization","name":"Portal Not\u00edcia em Pauta","url":"https:\/\/noticiaempauta.com\/portal\/","logo":{"@type":"ImageObject","inLanguage":"pt-BR","@id":"https:\/\/noticiaempauta.com\/portal\/#\/schema\/logo\/image\/","url":"https:\/\/noticiaempauta.com\/portal\/wp-content\/uploads\/2022\/08\/logomarca_tema.fw_.png","contentUrl":"https:\/\/noticiaempauta.com\/portal\/wp-content\/uploads\/2022\/08\/logomarca_tema.fw_.png","width":400,"height":232,"caption":"Portal Not\u00edcia em Pauta"},"image":{"@id":"https:\/\/noticiaempauta.com\/portal\/#\/schema\/logo\/image\/"},"sameAs":["https:\/\/www.facebook.com\/Portal-Notcia-Em-Pauta-102292869264820\/","https:\/\/www.instagram.com\/portalnoticiaempauta\/"]},{"@type":"Person","@id":"https:\/\/noticiaempauta.com\/portal\/#\/schema\/person\/a74af43dd1ab3deca45f988c717d57ac","name":"Reda\u00e7\u00e3o","image":{"@type":"ImageObject","inLanguage":"pt-BR","@id":"https:\/\/noticiaempauta.com\/portal\/#\/schema\/person\/image\/","url":"https:\/\/secure.gravatar.com\/avatar\/03179346ecce6cdfc13361603e8f54242a90e5cde8618fa23c5c00aa2b0aadf3?s=96&d=mm&r=g","contentUrl":"https:\/\/secure.gravatar.com\/avatar\/03179346ecce6cdfc13361603e8f54242a90e5cde8618fa23c5c00aa2b0aadf3?s=96&d=mm&r=g","caption":"Reda\u00e7\u00e3o"},"sameAs":["https:\/\/noticiaempauta.com\/portal\/"],"url":"https:\/\/noticiaempauta.com\/portal\/author\/fernando\/"}]}},"_links":{"self":[{"href":"https:\/\/noticiaempauta.com\/portal\/wp-json\/wp\/v2\/posts\/262519","targetHints":{"allow":["GET"]}}],"collection":[{"href":"https:\/\/noticiaempauta.com\/portal\/wp-json\/wp\/v2\/posts"}],"about":[{"href":"https:\/\/noticiaempauta.com\/portal\/wp-json\/wp\/v2\/types\/post"}],"author":[{"embeddable":true,"href":"https:\/\/noticiaempauta.com\/portal\/wp-json\/wp\/v2\/users\/2"}],"replies":[{"embeddable":true,"href":"https:\/\/noticiaempauta.com\/portal\/wp-json\/wp\/v2\/comments?post=262519"}],"version-history":[{"count":2,"href":"https:\/\/noticiaempauta.com\/portal\/wp-json\/wp\/v2\/posts\/262519\/revisions"}],"predecessor-version":[{"id":262522,"href":"https:\/\/noticiaempauta.com\/portal\/wp-json\/wp\/v2\/posts\/262519\/revisions\/262522"}],"wp:featuredmedia":[{"embeddable":true,"href":"https:\/\/noticiaempauta.com\/portal\/wp-json\/wp\/v2\/media\/262520"}],"wp:attachment":[{"href":"https:\/\/noticiaempauta.com\/portal\/wp-json\/wp\/v2\/media?parent=262519"}],"wp:term":[{"taxonomy":"category","embeddable":true,"href":"https:\/\/noticiaempauta.com\/portal\/wp-json\/wp\/v2\/categories?post=262519"},{"taxonomy":"post_tag","embeddable":true,"href":"https:\/\/noticiaempauta.com\/portal\/wp-json\/wp\/v2\/tags?post=262519"}],"curies":[{"name":"wp","href":"https:\/\/api.w.org\/{rel}","templated":true}]}}