{"id":262523,"date":"2024-09-30T08:23:20","date_gmt":"2024-09-30T11:23:20","guid":{"rendered":"https:\/\/noticiaempauta.com\/portal\/?p=262523"},"modified":"2024-09-30T08:24:01","modified_gmt":"2024-09-30T11:24:01","slug":"comicio-de-dr-wilton-e-filo-reune-milhares-de-apoiadores-em-massape-do-piaui","status":"publish","type":"post","link":"https:\/\/noticiaempauta.com\/portal\/comicio-de-dr-wilton-e-filo-reune-milhares-de-apoiadores-em-massape-do-piaui\/","title":{"rendered":"Com\u00edcio de Dr. Wilton e Fil\u00f4 re\u00fane milhares de apoiadores em Massap\u00ea do Piau\u00ed"},"content":{"rendered":"\n<p>No \u00faltimo s\u00e1bado, 28 de setembro, a coliga\u00e7\u00e3o \u201cA Mudan\u00e7a com a For\u00e7a do Povo\u201d, liderada pelos candidatos da oposi\u00e7\u00e3o de Massap\u00ea do Piau\u00ed, Dr. Wilton Coutinho (prefeito) e Fil\u00f4 Barros (vice), realizou uma expressiva carreata e com\u00edcio que reuniu uma grande multid\u00e3o, fortalecendo ainda mais a campanha na reta final das elei\u00e7\u00f5es municipais.<\/p>\n\n\n\n<figure class=\"wp-block-image size-large\"><img fetchpriority=\"high\" decoding=\"async\" width=\"1024\" height=\"682\" src=\"https:\/\/noticiaempauta.com\/portal\/wp-content\/uploads\/2024\/09\/5175191990181145795-1024x682.jpg\" alt=\"\" class=\"wp-image-262525\" srcset=\"https:\/\/noticiaempauta.com\/portal\/wp-content\/uploads\/2024\/09\/5175191990181145795-1024x682.jpg 1024w, https:\/\/noticiaempauta.com\/portal\/wp-content\/uploads\/2024\/09\/5175191990181145795-300x200.jpg 300w, https:\/\/noticiaempauta.com\/portal\/wp-content\/uploads\/2024\/09\/5175191990181145795-768x512.jpg 768w, https:\/\/noticiaempauta.com\/portal\/wp-content\/uploads\/2024\/09\/5175191990181145795.jpg 1280w\" sizes=\"(max-width: 1024px) 100vw, 1024px\" \/><\/figure>\n\n\n\n<p>A concentra\u00e7\u00e3o para a carreata come\u00e7ou na localidade V\u00e1rzea Grande, de onde partiu uma longa fila de ve\u00edculos em dire\u00e7\u00e3o \u00e0 sede do munic\u00edpio. Ao final da carreata, o grupo seguiu para a pra\u00e7a central, onde aconteceu o grande com\u00edcio.<\/p>\n\n\n\n<figure class=\"wp-block-image size-large\"><img decoding=\"async\" width=\"1024\" height=\"682\" src=\"https:\/\/noticiaempauta.com\/portal\/wp-content\/uploads\/2024\/09\/5175191990181145797-1-1024x682.jpg\" alt=\"\" class=\"wp-image-262526\" srcset=\"https:\/\/noticiaempauta.com\/portal\/wp-content\/uploads\/2024\/09\/5175191990181145797-1-1024x682.jpg 1024w, https:\/\/noticiaempauta.com\/portal\/wp-content\/uploads\/2024\/09\/5175191990181145797-1-300x200.jpg 300w, https:\/\/noticiaempauta.com\/portal\/wp-content\/uploads\/2024\/09\/5175191990181145797-1-768x512.jpg 768w, https:\/\/noticiaempauta.com\/portal\/wp-content\/uploads\/2024\/09\/5175191990181145797-1.jpg 1280w\" sizes=\"(max-width: 1024px) 100vw, 1024px\" \/><\/figure>\n\n\n\n<p>O evento contou com a presen\u00e7a de diversas autoridades, como o deputado estadual Severo Eul\u00e1lio, al\u00e9m de lideran\u00e7as pol\u00edticas locais e uma multid\u00e3o de apoiadores. O com\u00edcio foi aberto com discursos dos candidatos a vereador, que aproveitaram a oportunidade para pedir o apoio da popula\u00e7\u00e3o e refor\u00e7ar suas propostas de mudan\u00e7a para Massap\u00ea do Piau\u00ed.<\/p>\n\n\n\n<figure class=\"wp-block-image size-large\"><img decoding=\"async\" width=\"1024\" height=\"682\" src=\"https:\/\/noticiaempauta.com\/portal\/wp-content\/uploads\/2024\/09\/5175191990181145792-1024x682.jpg\" alt=\"\" class=\"wp-image-262527\" srcset=\"https:\/\/noticiaempauta.com\/portal\/wp-content\/uploads\/2024\/09\/5175191990181145792-1024x682.jpg 1024w, https:\/\/noticiaempauta.com\/portal\/wp-content\/uploads\/2024\/09\/5175191990181145792-300x200.jpg 300w, https:\/\/noticiaempauta.com\/portal\/wp-content\/uploads\/2024\/09\/5175191990181145792-768x512.jpg 768w, https:\/\/noticiaempauta.com\/portal\/wp-content\/uploads\/2024\/09\/5175191990181145792.jpg 1280w\" sizes=\"(max-width: 1024px) 100vw, 1024px\" \/><\/figure>\n\n\n\n<p>Na ocasi\u00e3o o deputado Severo Eul\u00e1lio, em sua fala, destacou o compromisso de continuar trabalhando por Massap\u00ea ao lado de Dr. Wilton e Fil\u00f4. \u201cEstamos prontos para fazer ainda mais pelo munic\u00edpio, trazendo recursos e projetos que beneficiar\u00e3o a comunidade\u201d, afirmou Severo.<\/p>\n\n\n\n\n\n<p>Em seu discurso, o candidato a prefeito Dr. Wilton Coutinho expressou sua determina\u00e7\u00e3o em cuidar do povo de Massap\u00ea, ressaltando a import\u00e2ncia de melhorias nas \u00e1reas de sa\u00fade, educa\u00e7\u00e3o, esporte e apoio aos agricultores. \u201cMassap\u00ea merece mais dedica\u00e7\u00e3o, e estamos preparados para oferecer a assist\u00eancia necess\u00e1ria para transformar o munic\u00edpio\u201d.<\/p>\n\n\n\n<figure class=\"wp-block-image size-full\"><img loading=\"lazy\" decoding=\"async\" width=\"900\" height=\"600\" src=\"https:\/\/noticiaempauta.com\/portal\/wp-content\/uploads\/2024\/09\/Ultimo-comicio-de-Dr_-Wilton-e-Filo-reune-multidao-e-fortalece-campanha-em-Massape-do-Piaui-IMG_8322.jpg\" alt=\"\" class=\"wp-image-262528\" srcset=\"https:\/\/noticiaempauta.com\/portal\/wp-content\/uploads\/2024\/09\/Ultimo-comicio-de-Dr_-Wilton-e-Filo-reune-multidao-e-fortalece-campanha-em-Massape-do-Piaui-IMG_8322.jpg 900w, https:\/\/noticiaempauta.com\/portal\/wp-content\/uploads\/2024\/09\/Ultimo-comicio-de-Dr_-Wilton-e-Filo-reune-multidao-e-fortalece-campanha-em-Massape-do-Piaui-IMG_8322-300x200.jpg 300w, https:\/\/noticiaempauta.com\/portal\/wp-content\/uploads\/2024\/09\/Ultimo-comicio-de-Dr_-Wilton-e-Filo-reune-multidao-e-fortalece-campanha-em-Massape-do-Piaui-IMG_8322-768x512.jpg 768w\" sizes=\"(max-width: 900px) 100vw, 900px\" \/><\/figure>\n\n\n\n<p>O candidato a vice-prefeito, Fil\u00f4 Barros, tamb\u00e9m refor\u00e7ou seu compromisso com o povo de Massap\u00ea. \u201cEstou com a comunidade em todos os momentos, especialmente quando ela mais precisa. Precisamos de mais assist\u00eancia e mudan\u00e7as para atender \u00e0s necessidades do nosso povo\u201d, destacou Fil\u00f4.<\/p>\n\n\n\n<figure class=\"wp-block-image size-large\"><img loading=\"lazy\" decoding=\"async\" width=\"1024\" height=\"683\" src=\"https:\/\/noticiaempauta.com\/portal\/wp-content\/uploads\/2024\/09\/5175191990181145796-1024x683.jpg\" alt=\"\" class=\"wp-image-262529\" srcset=\"https:\/\/noticiaempauta.com\/portal\/wp-content\/uploads\/2024\/09\/5175191990181145796-1024x683.jpg 1024w, https:\/\/noticiaempauta.com\/portal\/wp-content\/uploads\/2024\/09\/5175191990181145796-300x200.jpg 300w, https:\/\/noticiaempauta.com\/portal\/wp-content\/uploads\/2024\/09\/5175191990181145796-768x512.jpg 768w, https:\/\/noticiaempauta.com\/portal\/wp-content\/uploads\/2024\/09\/5175191990181145796.jpg 1280w\" sizes=\"(max-width: 1024px) 100vw, 1024px\" \/><\/figure>\n\n\n\n<p>O evento marcou o \u00faltimo grande com\u00edcio da coliga\u00e7\u00e3o \u201cA Mudan\u00e7a com a For\u00e7a do Povo\u201d nesta campanha, consolidando o apoio popular em um momento crucial da disputa eleitoral.<\/p>\n\n\n\n<figure class=\"wp-block-image size-large\"><img loading=\"lazy\" decoding=\"async\" width=\"1024\" height=\"682\" src=\"https:\/\/noticiaempauta.com\/portal\/wp-content\/uploads\/2024\/09\/5175191990181145793-1024x682.jpg\" alt=\"\" class=\"wp-image-262530\" srcset=\"https:\/\/noticiaempauta.com\/portal\/wp-content\/uploads\/2024\/09\/5175191990181145793-1024x682.jpg 1024w, https:\/\/noticiaempauta.com\/portal\/wp-content\/uploads\/2024\/09\/5175191990181145793-300x200.jpg 300w, https:\/\/noticiaempauta.com\/portal\/wp-content\/uploads\/2024\/09\/5175191990181145793-768x512.jpg 768w, https:\/\/noticiaempauta.com\/portal\/wp-content\/uploads\/2024\/09\/5175191990181145793.jpg 1280w\" sizes=\"(max-width: 1024px) 100vw, 1024px\" \/><\/figure>\n\n\n\n<p>Fonte: Infonews<\/p>\n\n\n\n<p>Fotos: Infonews e Ascom<\/p>\n","protected":false},"excerpt":{"rendered":"<p>O deputado estadual Severo Eul\u00e1lio esteve presente.<\/p>\n","protected":false},"author":2,"featured_media":262524,"comment_status":"open","ping_status":"open","sticky":false,"template":"","format":"standard","meta":{"_mi_skip_tracking":false,"footnotes":""},"categories":[25,1,9,3,16],"tags":[],"class_list":["post-262523","post","type-post","status-publish","format-standard","has-post-thumbnail","hentry","category-destaques-site","category-geral","category-municipios","category-politica","category-todas"],"acf":[],"yoast_head":"<!-- This site is optimized with the Yoast SEO Premium plugin v19.2 (Yoast SEO v26.9) - https:\/\/yoast.com\/product\/yoast-seo-premium-wordpress\/ -->\n<title>Com\u00edcio de Dr. Wilton e Fil\u00f4 re\u00fane milhares de apoiadores em Massap\u00ea do Piau\u00ed - Portal Not\u00edcia em Pauta<\/title>\n<meta name=\"robots\" content=\"index, follow, max-snippet:-1, max-image-preview:large, max-video-preview:-1\" \/>\n<link rel=\"canonical\" href=\"https:\/\/noticiaempauta.com\/portal\/comicio-de-dr-wilton-e-filo-reune-milhares-de-apoiadores-em-massape-do-piaui\/\" \/>\n<meta property=\"og:locale\" content=\"pt_BR\" \/>\n<meta property=\"og:type\" content=\"article\" \/>\n<meta property=\"og:title\" content=\"Com\u00edcio de Dr. Wilton e Fil\u00f4 re\u00fane milhares de apoiadores em Massap\u00ea do Piau\u00ed\" \/>\n<meta property=\"og:description\" content=\"O deputado estadual Severo Eul\u00e1lio esteve presente.\" \/>\n<meta property=\"og:url\" content=\"https:\/\/noticiaempauta.com\/portal\/comicio-de-dr-wilton-e-filo-reune-milhares-de-apoiadores-em-massape-do-piaui\/\" \/>\n<meta property=\"og:site_name\" content=\"Portal Not\u00edcia em Pauta\" \/>\n<meta property=\"article:publisher\" content=\"https:\/\/www.facebook.com\/Portal-Notcia-Em-Pauta-102292869264820\/\" \/>\n<meta property=\"article:published_time\" content=\"2024-09-30T11:23:20+00:00\" \/>\n<meta property=\"article:modified_time\" content=\"2024-09-30T11:24:01+00:00\" \/>\n<meta property=\"og:image\" content=\"https:\/\/noticiaempauta.com\/portal\/wp-content\/uploads\/2024\/09\/5175191990181145797.jpg\" \/>\n\t<meta property=\"og:image:width\" content=\"1280\" \/>\n\t<meta property=\"og:image:height\" content=\"853\" \/>\n\t<meta property=\"og:image:type\" content=\"image\/jpeg\" \/>\n<meta name=\"author\" content=\"Reda\u00e7\u00e3o\" \/>\n<meta name=\"twitter:card\" content=\"summary_large_image\" \/>\n<meta name=\"twitter:label1\" content=\"Escrito por\" \/>\n\t<meta name=\"twitter:data1\" content=\"Reda\u00e7\u00e3o\" \/>\n\t<meta name=\"twitter:label2\" content=\"Est. tempo de leitura\" \/>\n\t<meta name=\"twitter:data2\" content=\"4 minutos\" \/>\n<script type=\"application\/ld+json\" class=\"yoast-schema-graph\">{\"@context\":\"https:\/\/schema.org\",\"@graph\":[{\"@type\":\"Article\",\"@id\":\"https:\/\/noticiaempauta.com\/portal\/comicio-de-dr-wilton-e-filo-reune-milhares-de-apoiadores-em-massape-do-piaui\/#article\",\"isPartOf\":{\"@id\":\"https:\/\/noticiaempauta.com\/portal\/comicio-de-dr-wilton-e-filo-reune-milhares-de-apoiadores-em-massape-do-piaui\/\"},\"author\":{\"name\":\"Reda\u00e7\u00e3o\",\"@id\":\"https:\/\/noticiaempauta.com\/portal\/#\/schema\/person\/a74af43dd1ab3deca45f988c717d57ac\"},\"headline\":\"Com\u00edcio de Dr. Wilton e Fil\u00f4 re\u00fane milhares de apoiadores em Massap\u00ea do Piau\u00ed\",\"datePublished\":\"2024-09-30T11:23:20+00:00\",\"dateModified\":\"2024-09-30T11:24:01+00:00\",\"mainEntityOfPage\":{\"@id\":\"https:\/\/noticiaempauta.com\/portal\/comicio-de-dr-wilton-e-filo-reune-milhares-de-apoiadores-em-massape-do-piaui\/\"},\"wordCount\":379,\"commentCount\":0,\"publisher\":{\"@id\":\"https:\/\/noticiaempauta.com\/portal\/#organization\"},\"image\":{\"@id\":\"https:\/\/noticiaempauta.com\/portal\/comicio-de-dr-wilton-e-filo-reune-milhares-de-apoiadores-em-massape-do-piaui\/#primaryimage\"},\"thumbnailUrl\":\"https:\/\/noticiaempauta.com\/portal\/wp-content\/uploads\/2024\/09\/5175191990181145797.jpg\",\"articleSection\":[\"Destaques\",\"Geral\",\"Munic\u00edpios\",\"Pol\u00edtica\",\"Todas as Not\u00edcias\"],\"inLanguage\":\"pt-BR\",\"potentialAction\":[{\"@type\":\"CommentAction\",\"name\":\"Comment\",\"target\":[\"https:\/\/noticiaempauta.com\/portal\/comicio-de-dr-wilton-e-filo-reune-milhares-de-apoiadores-em-massape-do-piaui\/#respond\"]}]},{\"@type\":\"WebPage\",\"@id\":\"https:\/\/noticiaempauta.com\/portal\/comicio-de-dr-wilton-e-filo-reune-milhares-de-apoiadores-em-massape-do-piaui\/\",\"url\":\"https:\/\/noticiaempauta.com\/portal\/comicio-de-dr-wilton-e-filo-reune-milhares-de-apoiadores-em-massape-do-piaui\/\",\"name\":\"Com\u00edcio de Dr. Wilton e Fil\u00f4 re\u00fane milhares de apoiadores em Massap\u00ea do Piau\u00ed - Portal Not\u00edcia em Pauta\",\"isPartOf\":{\"@id\":\"https:\/\/noticiaempauta.com\/portal\/#website\"},\"primaryImageOfPage\":{\"@id\":\"https:\/\/noticiaempauta.com\/portal\/comicio-de-dr-wilton-e-filo-reune-milhares-de-apoiadores-em-massape-do-piaui\/#primaryimage\"},\"image\":{\"@id\":\"https:\/\/noticiaempauta.com\/portal\/comicio-de-dr-wilton-e-filo-reune-milhares-de-apoiadores-em-massape-do-piaui\/#primaryimage\"},\"thumbnailUrl\":\"https:\/\/noticiaempauta.com\/portal\/wp-content\/uploads\/2024\/09\/5175191990181145797.jpg\",\"datePublished\":\"2024-09-30T11:23:20+00:00\",\"dateModified\":\"2024-09-30T11:24:01+00:00\",\"breadcrumb\":{\"@id\":\"https:\/\/noticiaempauta.com\/portal\/comicio-de-dr-wilton-e-filo-reune-milhares-de-apoiadores-em-massape-do-piaui\/#breadcrumb\"},\"inLanguage\":\"pt-BR\",\"potentialAction\":[{\"@type\":\"ReadAction\",\"target\":[\"https:\/\/noticiaempauta.com\/portal\/comicio-de-dr-wilton-e-filo-reune-milhares-de-apoiadores-em-massape-do-piaui\/\"]}]},{\"@type\":\"ImageObject\",\"inLanguage\":\"pt-BR\",\"@id\":\"https:\/\/noticiaempauta.com\/portal\/comicio-de-dr-wilton-e-filo-reune-milhares-de-apoiadores-em-massape-do-piaui\/#primaryimage\",\"url\":\"https:\/\/noticiaempauta.com\/portal\/wp-content\/uploads\/2024\/09\/5175191990181145797.jpg\",\"contentUrl\":\"https:\/\/noticiaempauta.com\/portal\/wp-content\/uploads\/2024\/09\/5175191990181145797.jpg\",\"width\":1280,\"height\":853},{\"@type\":\"BreadcrumbList\",\"@id\":\"https:\/\/noticiaempauta.com\/portal\/comicio-de-dr-wilton-e-filo-reune-milhares-de-apoiadores-em-massape-do-piaui\/#breadcrumb\",\"itemListElement\":[{\"@type\":\"ListItem\",\"position\":1,\"name\":\"P\u00e1gina Inicial\",\"item\":\"https:\/\/noticiaempauta.com\/portal\/\"},{\"@type\":\"ListItem\",\"position\":2,\"name\":\"Destaques\",\"item\":\"https:\/\/noticiaempauta.com\/portal\/destaques-site\/\"},{\"@type\":\"ListItem\",\"position\":3,\"name\":\"Com\u00edcio de Dr. Wilton e Fil\u00f4 re\u00fane milhares de apoiadores em Massap\u00ea do Piau\u00ed\"}]},{\"@type\":\"WebSite\",\"@id\":\"https:\/\/noticiaempauta.com\/portal\/#website\",\"url\":\"https:\/\/noticiaempauta.com\/portal\/\",\"name\":\"Portal Not\u00edcia em Pauta\",\"description\":\"Voc\u00ea bem informado\",\"publisher\":{\"@id\":\"https:\/\/noticiaempauta.com\/portal\/#organization\"},\"potentialAction\":[{\"@type\":\"SearchAction\",\"target\":{\"@type\":\"EntryPoint\",\"urlTemplate\":\"https:\/\/noticiaempauta.com\/portal\/?s={search_term_string}\"},\"query-input\":{\"@type\":\"PropertyValueSpecification\",\"valueRequired\":true,\"valueName\":\"search_term_string\"}}],\"inLanguage\":\"pt-BR\"},{\"@type\":\"Organization\",\"@id\":\"https:\/\/noticiaempauta.com\/portal\/#organization\",\"name\":\"Portal Not\u00edcia em Pauta\",\"url\":\"https:\/\/noticiaempauta.com\/portal\/\",\"logo\":{\"@type\":\"ImageObject\",\"inLanguage\":\"pt-BR\",\"@id\":\"https:\/\/noticiaempauta.com\/portal\/#\/schema\/logo\/image\/\",\"url\":\"https:\/\/noticiaempauta.com\/portal\/wp-content\/uploads\/2022\/08\/logomarca_tema.fw_.png\",\"contentUrl\":\"https:\/\/noticiaempauta.com\/portal\/wp-content\/uploads\/2022\/08\/logomarca_tema.fw_.png\",\"width\":400,\"height\":232,\"caption\":\"Portal Not\u00edcia em Pauta\"},\"image\":{\"@id\":\"https:\/\/noticiaempauta.com\/portal\/#\/schema\/logo\/image\/\"},\"sameAs\":[\"https:\/\/www.facebook.com\/Portal-Notcia-Em-Pauta-102292869264820\/\",\"https:\/\/www.instagram.com\/portalnoticiaempauta\/\"]},{\"@type\":\"Person\",\"@id\":\"https:\/\/noticiaempauta.com\/portal\/#\/schema\/person\/a74af43dd1ab3deca45f988c717d57ac\",\"name\":\"Reda\u00e7\u00e3o\",\"image\":{\"@type\":\"ImageObject\",\"inLanguage\":\"pt-BR\",\"@id\":\"https:\/\/noticiaempauta.com\/portal\/#\/schema\/person\/image\/\",\"url\":\"https:\/\/secure.gravatar.com\/avatar\/03179346ecce6cdfc13361603e8f54242a90e5cde8618fa23c5c00aa2b0aadf3?s=96&d=mm&r=g\",\"contentUrl\":\"https:\/\/secure.gravatar.com\/avatar\/03179346ecce6cdfc13361603e8f54242a90e5cde8618fa23c5c00aa2b0aadf3?s=96&d=mm&r=g\",\"caption\":\"Reda\u00e7\u00e3o\"},\"sameAs\":[\"https:\/\/noticiaempauta.com\/portal\/\"],\"url\":\"https:\/\/noticiaempauta.com\/portal\/author\/fernando\/\"}]}<\/script>\n<!-- \/ Yoast SEO Premium plugin. -->","yoast_head_json":{"title":"Com\u00edcio de Dr. Wilton e Fil\u00f4 re\u00fane milhares de apoiadores em Massap\u00ea do Piau\u00ed - Portal Not\u00edcia em Pauta","robots":{"index":"index","follow":"follow","max-snippet":"max-snippet:-1","max-image-preview":"max-image-preview:large","max-video-preview":"max-video-preview:-1"},"canonical":"https:\/\/noticiaempauta.com\/portal\/comicio-de-dr-wilton-e-filo-reune-milhares-de-apoiadores-em-massape-do-piaui\/","og_locale":"pt_BR","og_type":"article","og_title":"Com\u00edcio de Dr. Wilton e Fil\u00f4 re\u00fane milhares de apoiadores em Massap\u00ea do Piau\u00ed","og_description":"O deputado estadual Severo Eul\u00e1lio esteve presente.","og_url":"https:\/\/noticiaempauta.com\/portal\/comicio-de-dr-wilton-e-filo-reune-milhares-de-apoiadores-em-massape-do-piaui\/","og_site_name":"Portal Not\u00edcia em Pauta","article_publisher":"https:\/\/www.facebook.com\/Portal-Notcia-Em-Pauta-102292869264820\/","article_published_time":"2024-09-30T11:23:20+00:00","article_modified_time":"2024-09-30T11:24:01+00:00","og_image":[{"width":1280,"height":853,"url":"https:\/\/noticiaempauta.com\/portal\/wp-content\/uploads\/2024\/09\/5175191990181145797.jpg","type":"image\/jpeg"}],"author":"Reda\u00e7\u00e3o","twitter_card":"summary_large_image","twitter_misc":{"Escrito por":"Reda\u00e7\u00e3o","Est. tempo de leitura":"4 minutos"},"schema":{"@context":"https:\/\/schema.org","@graph":[{"@type":"Article","@id":"https:\/\/noticiaempauta.com\/portal\/comicio-de-dr-wilton-e-filo-reune-milhares-de-apoiadores-em-massape-do-piaui\/#article","isPartOf":{"@id":"https:\/\/noticiaempauta.com\/portal\/comicio-de-dr-wilton-e-filo-reune-milhares-de-apoiadores-em-massape-do-piaui\/"},"author":{"name":"Reda\u00e7\u00e3o","@id":"https:\/\/noticiaempauta.com\/portal\/#\/schema\/person\/a74af43dd1ab3deca45f988c717d57ac"},"headline":"Com\u00edcio de Dr. Wilton e Fil\u00f4 re\u00fane milhares de apoiadores em Massap\u00ea do Piau\u00ed","datePublished":"2024-09-30T11:23:20+00:00","dateModified":"2024-09-30T11:24:01+00:00","mainEntityOfPage":{"@id":"https:\/\/noticiaempauta.com\/portal\/comicio-de-dr-wilton-e-filo-reune-milhares-de-apoiadores-em-massape-do-piaui\/"},"wordCount":379,"commentCount":0,"publisher":{"@id":"https:\/\/noticiaempauta.com\/portal\/#organization"},"image":{"@id":"https:\/\/noticiaempauta.com\/portal\/comicio-de-dr-wilton-e-filo-reune-milhares-de-apoiadores-em-massape-do-piaui\/#primaryimage"},"thumbnailUrl":"https:\/\/noticiaempauta.com\/portal\/wp-content\/uploads\/2024\/09\/5175191990181145797.jpg","articleSection":["Destaques","Geral","Munic\u00edpios","Pol\u00edtica","Todas as Not\u00edcias"],"inLanguage":"pt-BR","potentialAction":[{"@type":"CommentAction","name":"Comment","target":["https:\/\/noticiaempauta.com\/portal\/comicio-de-dr-wilton-e-filo-reune-milhares-de-apoiadores-em-massape-do-piaui\/#respond"]}]},{"@type":"WebPage","@id":"https:\/\/noticiaempauta.com\/portal\/comicio-de-dr-wilton-e-filo-reune-milhares-de-apoiadores-em-massape-do-piaui\/","url":"https:\/\/noticiaempauta.com\/portal\/comicio-de-dr-wilton-e-filo-reune-milhares-de-apoiadores-em-massape-do-piaui\/","name":"Com\u00edcio de Dr. Wilton e Fil\u00f4 re\u00fane milhares de apoiadores em Massap\u00ea do Piau\u00ed - Portal Not\u00edcia em Pauta","isPartOf":{"@id":"https:\/\/noticiaempauta.com\/portal\/#website"},"primaryImageOfPage":{"@id":"https:\/\/noticiaempauta.com\/portal\/comicio-de-dr-wilton-e-filo-reune-milhares-de-apoiadores-em-massape-do-piaui\/#primaryimage"},"image":{"@id":"https:\/\/noticiaempauta.com\/portal\/comicio-de-dr-wilton-e-filo-reune-milhares-de-apoiadores-em-massape-do-piaui\/#primaryimage"},"thumbnailUrl":"https:\/\/noticiaempauta.com\/portal\/wp-content\/uploads\/2024\/09\/5175191990181145797.jpg","datePublished":"2024-09-30T11:23:20+00:00","dateModified":"2024-09-30T11:24:01+00:00","breadcrumb":{"@id":"https:\/\/noticiaempauta.com\/portal\/comicio-de-dr-wilton-e-filo-reune-milhares-de-apoiadores-em-massape-do-piaui\/#breadcrumb"},"inLanguage":"pt-BR","potentialAction":[{"@type":"ReadAction","target":["https:\/\/noticiaempauta.com\/portal\/comicio-de-dr-wilton-e-filo-reune-milhares-de-apoiadores-em-massape-do-piaui\/"]}]},{"@type":"ImageObject","inLanguage":"pt-BR","@id":"https:\/\/noticiaempauta.com\/portal\/comicio-de-dr-wilton-e-filo-reune-milhares-de-apoiadores-em-massape-do-piaui\/#primaryimage","url":"https:\/\/noticiaempauta.com\/portal\/wp-content\/uploads\/2024\/09\/5175191990181145797.jpg","contentUrl":"https:\/\/noticiaempauta.com\/portal\/wp-content\/uploads\/2024\/09\/5175191990181145797.jpg","width":1280,"height":853},{"@type":"BreadcrumbList","@id":"https:\/\/noticiaempauta.com\/portal\/comicio-de-dr-wilton-e-filo-reune-milhares-de-apoiadores-em-massape-do-piaui\/#breadcrumb","itemListElement":[{"@type":"ListItem","position":1,"name":"P\u00e1gina Inicial","item":"https:\/\/noticiaempauta.com\/portal\/"},{"@type":"ListItem","position":2,"name":"Destaques","item":"https:\/\/noticiaempauta.com\/portal\/destaques-site\/"},{"@type":"ListItem","position":3,"name":"Com\u00edcio de Dr. Wilton e Fil\u00f4 re\u00fane milhares de apoiadores em Massap\u00ea do Piau\u00ed"}]},{"@type":"WebSite","@id":"https:\/\/noticiaempauta.com\/portal\/#website","url":"https:\/\/noticiaempauta.com\/portal\/","name":"Portal Not\u00edcia em Pauta","description":"Voc\u00ea bem informado","publisher":{"@id":"https:\/\/noticiaempauta.com\/portal\/#organization"},"potentialAction":[{"@type":"SearchAction","target":{"@type":"EntryPoint","urlTemplate":"https:\/\/noticiaempauta.com\/portal\/?s={search_term_string}"},"query-input":{"@type":"PropertyValueSpecification","valueRequired":true,"valueName":"search_term_string"}}],"inLanguage":"pt-BR"},{"@type":"Organization","@id":"https:\/\/noticiaempauta.com\/portal\/#organization","name":"Portal Not\u00edcia em Pauta","url":"https:\/\/noticiaempauta.com\/portal\/","logo":{"@type":"ImageObject","inLanguage":"pt-BR","@id":"https:\/\/noticiaempauta.com\/portal\/#\/schema\/logo\/image\/","url":"https:\/\/noticiaempauta.com\/portal\/wp-content\/uploads\/2022\/08\/logomarca_tema.fw_.png","contentUrl":"https:\/\/noticiaempauta.com\/portal\/wp-content\/uploads\/2022\/08\/logomarca_tema.fw_.png","width":400,"height":232,"caption":"Portal Not\u00edcia em Pauta"},"image":{"@id":"https:\/\/noticiaempauta.com\/portal\/#\/schema\/logo\/image\/"},"sameAs":["https:\/\/www.facebook.com\/Portal-Notcia-Em-Pauta-102292869264820\/","https:\/\/www.instagram.com\/portalnoticiaempauta\/"]},{"@type":"Person","@id":"https:\/\/noticiaempauta.com\/portal\/#\/schema\/person\/a74af43dd1ab3deca45f988c717d57ac","name":"Reda\u00e7\u00e3o","image":{"@type":"ImageObject","inLanguage":"pt-BR","@id":"https:\/\/noticiaempauta.com\/portal\/#\/schema\/person\/image\/","url":"https:\/\/secure.gravatar.com\/avatar\/03179346ecce6cdfc13361603e8f54242a90e5cde8618fa23c5c00aa2b0aadf3?s=96&d=mm&r=g","contentUrl":"https:\/\/secure.gravatar.com\/avatar\/03179346ecce6cdfc13361603e8f54242a90e5cde8618fa23c5c00aa2b0aadf3?s=96&d=mm&r=g","caption":"Reda\u00e7\u00e3o"},"sameAs":["https:\/\/noticiaempauta.com\/portal\/"],"url":"https:\/\/noticiaempauta.com\/portal\/author\/fernando\/"}]}},"_links":{"self":[{"href":"https:\/\/noticiaempauta.com\/portal\/wp-json\/wp\/v2\/posts\/262523","targetHints":{"allow":["GET"]}}],"collection":[{"href":"https:\/\/noticiaempauta.com\/portal\/wp-json\/wp\/v2\/posts"}],"about":[{"href":"https:\/\/noticiaempauta.com\/portal\/wp-json\/wp\/v2\/types\/post"}],"author":[{"embeddable":true,"href":"https:\/\/noticiaempauta.com\/portal\/wp-json\/wp\/v2\/users\/2"}],"replies":[{"embeddable":true,"href":"https:\/\/noticiaempauta.com\/portal\/wp-json\/wp\/v2\/comments?post=262523"}],"version-history":[{"count":2,"href":"https:\/\/noticiaempauta.com\/portal\/wp-json\/wp\/v2\/posts\/262523\/revisions"}],"predecessor-version":[{"id":262532,"href":"https:\/\/noticiaempauta.com\/portal\/wp-json\/wp\/v2\/posts\/262523\/revisions\/262532"}],"wp:featuredmedia":[{"embeddable":true,"href":"https:\/\/noticiaempauta.com\/portal\/wp-json\/wp\/v2\/media\/262524"}],"wp:attachment":[{"href":"https:\/\/noticiaempauta.com\/portal\/wp-json\/wp\/v2\/media?parent=262523"}],"wp:term":[{"taxonomy":"category","embeddable":true,"href":"https:\/\/noticiaempauta.com\/portal\/wp-json\/wp\/v2\/categories?post=262523"},{"taxonomy":"post_tag","embeddable":true,"href":"https:\/\/noticiaempauta.com\/portal\/wp-json\/wp\/v2\/tags?post=262523"}],"curies":[{"name":"wp","href":"https:\/\/api.w.org\/{rel}","templated":true}]}}