{"id":262533,"date":"2024-09-30T08:44:52","date_gmt":"2024-09-30T11:44:52","guid":{"rendered":"https:\/\/noticiaempauta.com\/portal\/?p=262533"},"modified":"2024-09-30T08:44:54","modified_gmt":"2024-09-30T11:44:54","slug":"joao-guilherme-e-valdenilson-dias-intensificam-reta-final-de-campanha-com-grande-carreata-e-comicio-em-santana-do-piaui","status":"publish","type":"post","link":"https:\/\/noticiaempauta.com\/portal\/joao-guilherme-e-valdenilson-dias-intensificam-reta-final-de-campanha-com-grande-carreata-e-comicio-em-santana-do-piaui\/","title":{"rendered":"Jo\u00e3o Guilherme e Valdenilson Dias intensificam reta final de campanha com grande carreata e com\u00edcio em Santana do Piau\u00ed"},"content":{"rendered":"\n<p>O candidato a prefeito pelo munic\u00edpio de Santana do Piau\u00ed, Jo\u00e3o Guilherme (MDB), e o candidato a vice-prefeito Valdenilson Dias realizaram na tarde deste domingo (29), a maior carreata da hist\u00f3ria pol\u00edtica de Santana do Piau\u00ed, onde percorreu v\u00e1rias comunidades rurais, ruas do centro da cidade e terminou na pra\u00e7a S\u00e3o Pedro onde aconteceu o com\u00edcio.<\/p>\n\n\n\n<figure class=\"wp-block-image size-full\"><img fetchpriority=\"high\" decoding=\"async\" width=\"400\" height=\"267\" src=\"https:\/\/noticiaempauta.com\/portal\/wp-content\/uploads\/2024\/09\/IMG_2396.jpg\" alt=\"\" class=\"wp-image-262536\" srcset=\"https:\/\/noticiaempauta.com\/portal\/wp-content\/uploads\/2024\/09\/IMG_2396.jpg 400w, https:\/\/noticiaempauta.com\/portal\/wp-content\/uploads\/2024\/09\/IMG_2396-300x200.jpg 300w\" sizes=\"(max-width: 400px) 100vw, 400px\" \/><\/figure>\n\n\n\n<p>Participaram da carreta e do com\u00edcio, al\u00e9m do candidato a prefeito e candidato a vice, o deputado federal Marcos Aur\u00e9lio, o deputado estadual Severo Eul\u00e1lio, candidatos a vereadores, militantes, simpatizantes e apoiadores.<\/p>\n\n\n\n<figure class=\"wp-block-image size-full\"><img decoding=\"async\" width=\"400\" height=\"267\" src=\"https:\/\/noticiaempauta.com\/portal\/wp-content\/uploads\/2024\/09\/IMG_2419.jpg\" alt=\"\" class=\"wp-image-262537\" srcset=\"https:\/\/noticiaempauta.com\/portal\/wp-content\/uploads\/2024\/09\/IMG_2419.jpg 400w, https:\/\/noticiaempauta.com\/portal\/wp-content\/uploads\/2024\/09\/IMG_2419-300x200.jpg 300w\" sizes=\"(max-width: 400px) 100vw, 400px\" \/><\/figure>\n\n\n\n<figure class=\"wp-block-image size-full\"><img decoding=\"async\" width=\"400\" height=\"267\" src=\"https:\/\/noticiaempauta.com\/portal\/wp-content\/uploads\/2024\/09\/IMG_2496-1.jpg\" alt=\"\" class=\"wp-image-262538\" srcset=\"https:\/\/noticiaempauta.com\/portal\/wp-content\/uploads\/2024\/09\/IMG_2496-1.jpg 400w, https:\/\/noticiaempauta.com\/portal\/wp-content\/uploads\/2024\/09\/IMG_2496-1-300x200.jpg 300w\" sizes=\"(max-width: 400px) 100vw, 400px\" \/><\/figure>\n\n\n\n<p>No palanque os candidatos a vereadores discursaram e fizeram quest\u00e3o de reafirmar o compromisso com Jo\u00e3o Guilherme e Valdenilson Dias, al\u00e9m de colocarem mais uma vez seus nomes para disputar o pleito eleitoral.<\/p>\n\n\n\n<figure class=\"wp-block-image size-full\"><img loading=\"lazy\" decoding=\"async\" width=\"400\" height=\"267\" src=\"https:\/\/noticiaempauta.com\/portal\/wp-content\/uploads\/2024\/09\/IMG_2516.jpg\" alt=\"\" class=\"wp-image-262539\" srcset=\"https:\/\/noticiaempauta.com\/portal\/wp-content\/uploads\/2024\/09\/IMG_2516.jpg 400w, https:\/\/noticiaempauta.com\/portal\/wp-content\/uploads\/2024\/09\/IMG_2516-300x200.jpg 300w\" sizes=\"(max-width: 400px) 100vw, 400px\" \/><\/figure>\n\n\n\n<figure class=\"wp-block-image size-full\"><img loading=\"lazy\" decoding=\"async\" width=\"400\" height=\"267\" src=\"https:\/\/noticiaempauta.com\/portal\/wp-content\/uploads\/2024\/09\/IMG_2528.jpg\" alt=\"\" class=\"wp-image-262540\" srcset=\"https:\/\/noticiaempauta.com\/portal\/wp-content\/uploads\/2024\/09\/IMG_2528.jpg 400w, https:\/\/noticiaempauta.com\/portal\/wp-content\/uploads\/2024\/09\/IMG_2528-300x200.jpg 300w\" sizes=\"(max-width: 400px) 100vw, 400px\" \/><\/figure>\n\n\n\n<p>A vereadora e atual presidente da c\u00e2mara municipal,  Clarete Rab\u00ealo, disse durante sua fala que o seu principal compromisso tem sido com o povo de Santana do Piau\u00ed, pois s\u00f3 atrav\u00e9s de emendas parlamentares do deputado Pablo Santos, j\u00e1 foram cal\u00e7adas mais de 25 ruas do munic\u00edpio, isso foi gra\u00e7as ao seu trabalho e do seu colega Ant\u00f4nio de Herc\u00edlia, o que mostra que ela sempre trabalhou em prol dos mun\u00edcipes.<\/p>\n\n\n\n<figure class=\"wp-block-image size-full\"><img loading=\"lazy\" decoding=\"async\" width=\"400\" height=\"267\" src=\"https:\/\/noticiaempauta.com\/portal\/wp-content\/uploads\/2024\/09\/IMG_2572.jpg\" alt=\"\" class=\"wp-image-262541\" srcset=\"https:\/\/noticiaempauta.com\/portal\/wp-content\/uploads\/2024\/09\/IMG_2572.jpg 400w, https:\/\/noticiaempauta.com\/portal\/wp-content\/uploads\/2024\/09\/IMG_2572-300x200.jpg 300w\" sizes=\"(max-width: 400px) 100vw, 400px\" \/><\/figure>\n\n\n\n<p>A vereadora tamb\u00e9m falou do seu trabalho na sa\u00fade, pois tem sido uma parlamentar atuante, e sempre que \u00e9 procurada por um santanense, ela faz quest\u00e3o de atender porque sabe que em primeiro lugar vem o bem comum da popula\u00e7\u00e3o.<\/p>\n\n\n\n<figure class=\"wp-block-image size-full\"><img loading=\"lazy\" decoding=\"async\" width=\"400\" height=\"267\" src=\"https:\/\/noticiaempauta.com\/portal\/wp-content\/uploads\/2024\/09\/IMG_2574.jpg\" alt=\"\" class=\"wp-image-262542\" srcset=\"https:\/\/noticiaempauta.com\/portal\/wp-content\/uploads\/2024\/09\/IMG_2574.jpg 400w, https:\/\/noticiaempauta.com\/portal\/wp-content\/uploads\/2024\/09\/IMG_2574-300x200.jpg 300w\" sizes=\"(max-width: 400px) 100vw, 400px\" \/><\/figure>\n\n\n\n<p>O deputado Severo Eul\u00e1lio fez quest\u00e3o de destacar a atua\u00e7\u00e3o do candidato a prefeito Jo\u00e3o Guilherme, pois como vereador j\u00e1 conseguiu muitos benef\u00edcios para o munic\u00edpio, e lembrou tamb\u00e9m de sua atua\u00e7\u00e3o na Assembleia Legislativa, onde destacou o asfalto de v\u00e1rias ruas da cidade de Santana, isso gra\u00e7as ao ex-governador Wellington Dias e o atual governador Rafael Fonteles, e que a partir do dia (1\u00ba) de janeiro de 2025, o munic\u00edpio ter\u00e1 um prefeito atuantes, e esse prefeito ser\u00e1 Jo\u00e3o Guilherme, disse ele.<\/p>\n\n\n\n<figure class=\"wp-block-image size-full\"><img loading=\"lazy\" decoding=\"async\" width=\"400\" height=\"267\" src=\"https:\/\/noticiaempauta.com\/portal\/wp-content\/uploads\/2024\/09\/IMG_2539.jpg\" alt=\"\" class=\"wp-image-262543\" srcset=\"https:\/\/noticiaempauta.com\/portal\/wp-content\/uploads\/2024\/09\/IMG_2539.jpg 400w, https:\/\/noticiaempauta.com\/portal\/wp-content\/uploads\/2024\/09\/IMG_2539-300x200.jpg 300w\" sizes=\"(max-width: 400px) 100vw, 400px\" \/><\/figure>\n\n\n\n<figure class=\"wp-block-image size-full\"><img loading=\"lazy\" decoding=\"async\" width=\"400\" height=\"267\" src=\"https:\/\/noticiaempauta.com\/portal\/wp-content\/uploads\/2024\/09\/IMG_2536.jpg\" alt=\"\" class=\"wp-image-262544\" srcset=\"https:\/\/noticiaempauta.com\/portal\/wp-content\/uploads\/2024\/09\/IMG_2536.jpg 400w, https:\/\/noticiaempauta.com\/portal\/wp-content\/uploads\/2024\/09\/IMG_2536-300x200.jpg 300w\" sizes=\"(max-width: 400px) 100vw, 400px\" \/><\/figure>\n\n\n\n<figure class=\"wp-block-image size-full\"><img loading=\"lazy\" decoding=\"async\" width=\"400\" height=\"267\" src=\"https:\/\/noticiaempauta.com\/portal\/wp-content\/uploads\/2024\/09\/IMG_2603.jpg\" alt=\"\" class=\"wp-image-262545\" srcset=\"https:\/\/noticiaempauta.com\/portal\/wp-content\/uploads\/2024\/09\/IMG_2603.jpg 400w, https:\/\/noticiaempauta.com\/portal\/wp-content\/uploads\/2024\/09\/IMG_2603-300x200.jpg 300w\" sizes=\"(max-width: 400px) 100vw, 400px\" \/><\/figure>\n\n\n\n<p>O candidato a vice-prefeito Valdenilson Dias na sua fala, fez quest\u00e3o de enumerar as obras feitas em sua gest\u00e3o, isso com recursos pr\u00f3prios do munic\u00edpio, n\u00e3o era recursos de governo estadual ou federal, pois quando um prefeito quer trabalhar ele organiza as finan\u00e7as e faz acontecer, ao contr\u00e1rio da atual gest\u00e3o, que se tirar os recursos vindo do governo n\u00e3o ter\u00e1 nada para ser mostrado, falou. \u201cEu sim tenho hist\u00f3ria para contar, fui um prefeito que trabalhei e construir, e agora com Jo\u00e3o Guilherme iremos construir ainda mais\u201d, falou Valdenilson.<\/p>\n\n\n\n<figure class=\"wp-block-image size-full\"><img loading=\"lazy\" decoding=\"async\" width=\"400\" height=\"267\" src=\"https:\/\/noticiaempauta.com\/portal\/wp-content\/uploads\/2024\/09\/IMG_2622.jpg\" alt=\"\" class=\"wp-image-262546\" srcset=\"https:\/\/noticiaempauta.com\/portal\/wp-content\/uploads\/2024\/09\/IMG_2622.jpg 400w, https:\/\/noticiaempauta.com\/portal\/wp-content\/uploads\/2024\/09\/IMG_2622-300x200.jpg 300w\" sizes=\"(max-width: 400px) 100vw, 400px\" \/><\/figure>\n\n\n\n<p>O deputado federal Marcos Aur\u00e9lio disse que Santana do Piau\u00ed tem um candidato preparado para administrar a cidade, pois \u00e9 um jovem atuante que se preocupa com os mais pobres e os mais necessitados, onde a gest\u00e3o municipal ser\u00e1 feita com a participa\u00e7\u00e3o da popula\u00e7\u00e3o.<\/p>\n\n\n\n<figure class=\"wp-block-image size-full\"><img loading=\"lazy\" decoding=\"async\" width=\"400\" height=\"267\" src=\"https:\/\/noticiaempauta.com\/portal\/wp-content\/uploads\/2024\/09\/IMG_2617.jpg\" alt=\"\" class=\"wp-image-262547\" srcset=\"https:\/\/noticiaempauta.com\/portal\/wp-content\/uploads\/2024\/09\/IMG_2617.jpg 400w, https:\/\/noticiaempauta.com\/portal\/wp-content\/uploads\/2024\/09\/IMG_2617-300x200.jpg 300w\" sizes=\"(max-width: 400px) 100vw, 400px\" \/><\/figure>\n\n\n\n<p>\u201cMeu amigo Jo\u00e3o Guilherme de acordo com as pesquisa e com a for\u00e7a desse povo, no pr\u00f3ximo domingo nesse hor\u00e1rio n\u00f3s estaremos aqui comemorando a vit\u00f3ria sua e de Valdenilson, al\u00e9m dos candidatos a vereadores tamb\u00e9m\u201d, frisou ele.<\/p>\n\n\n\n<figure class=\"wp-block-image size-large\"><img loading=\"lazy\" decoding=\"async\" width=\"744\" height=\"1024\" src=\"https:\/\/noticiaempauta.com\/portal\/wp-content\/uploads\/2024\/09\/WhatsApp-Image-2024-09-30-at-08.41.03-744x1024.jpeg\" alt=\"\" class=\"wp-image-262548\" srcset=\"https:\/\/noticiaempauta.com\/portal\/wp-content\/uploads\/2024\/09\/WhatsApp-Image-2024-09-30-at-08.41.03-744x1024.jpeg 744w, https:\/\/noticiaempauta.com\/portal\/wp-content\/uploads\/2024\/09\/WhatsApp-Image-2024-09-30-at-08.41.03-218x300.jpeg 218w, https:\/\/noticiaempauta.com\/portal\/wp-content\/uploads\/2024\/09\/WhatsApp-Image-2024-09-30-at-08.41.03-768x1056.jpeg 768w, https:\/\/noticiaempauta.com\/portal\/wp-content\/uploads\/2024\/09\/WhatsApp-Image-2024-09-30-at-08.41.03-1117x1536.jpeg 1117w, https:\/\/noticiaempauta.com\/portal\/wp-content\/uploads\/2024\/09\/WhatsApp-Image-2024-09-30-at-08.41.03.jpeg 1164w\" sizes=\"(max-width: 744px) 100vw, 744px\" \/><\/figure>\n\n\n\n<p>O candidato a prefeito Jo\u00e3o Guilherme durante sua fala, disse que a maior demonstra\u00e7\u00e3o de mudan\u00e7a est\u00e1 na vontade popular, pois desde cedo at\u00e9 aquela hora depois das 21h, o povo continuava l\u00e1 prestigiando as falas dos amigos candidatos, mas que o tempo da opress\u00e3o e do medo estava acabando, estava com os dias contados e a popula\u00e7\u00e3o iria voltar a viver sem medo na cidade de Santana do Piau\u00ed.<\/p>\n\n\n\n<figure class=\"wp-block-image size-large\"><img loading=\"lazy\" decoding=\"async\" width=\"613\" height=\"1024\" src=\"https:\/\/noticiaempauta.com\/portal\/wp-content\/uploads\/2024\/09\/WhatsApp-Image-2024-09-30-at-08.41.32-613x1024.jpeg\" alt=\"\" class=\"wp-image-262549\" srcset=\"https:\/\/noticiaempauta.com\/portal\/wp-content\/uploads\/2024\/09\/WhatsApp-Image-2024-09-30-at-08.41.32-613x1024.jpeg 613w, https:\/\/noticiaempauta.com\/portal\/wp-content\/uploads\/2024\/09\/WhatsApp-Image-2024-09-30-at-08.41.32-180x300.jpeg 180w, https:\/\/noticiaempauta.com\/portal\/wp-content\/uploads\/2024\/09\/WhatsApp-Image-2024-09-30-at-08.41.32-768x1283.jpeg 768w, https:\/\/noticiaempauta.com\/portal\/wp-content\/uploads\/2024\/09\/WhatsApp-Image-2024-09-30-at-08.41.32-919x1536.jpeg 919w, https:\/\/noticiaempauta.com\/portal\/wp-content\/uploads\/2024\/09\/WhatsApp-Image-2024-09-30-at-08.41.32.jpeg 958w\" sizes=\"(max-width: 613px) 100vw, 613px\" \/><\/figure>\n\n\n\n<p>\u201cQuero aqui dizer para todos voc\u00eas, no pr\u00f3ximo domingo dia (06), nesse mesmo hor\u00e1rio estaremos aqui comemorando a nossa vit\u00f3ria, e finalmente o nosso povo santanense estar\u00e1 livre da opress\u00e3o e da persegui\u00e7\u00e3o, vamos todos continuar unidos e rumo a vit\u00f3ria, por que n\u00f3s trazemos a esperan\u00e7a de uma Santana que merece muito mais\u201d, falou Jo\u00e3o Guilherme.<\/p>\n\n\n\n<figure class=\"wp-block-image size-full\"><img loading=\"lazy\" decoding=\"async\" width=\"400\" height=\"267\" src=\"https:\/\/noticiaempauta.com\/portal\/wp-content\/uploads\/2024\/09\/IMG_2478.jpg\" alt=\"\" class=\"wp-image-262550\" srcset=\"https:\/\/noticiaempauta.com\/portal\/wp-content\/uploads\/2024\/09\/IMG_2478.jpg 400w, https:\/\/noticiaempauta.com\/portal\/wp-content\/uploads\/2024\/09\/IMG_2478-300x200.jpg 300w\" sizes=\"(max-width: 400px) 100vw, 400px\" \/><\/figure>\n\n\n\n<figure class=\"wp-block-image size-full\"><img loading=\"lazy\" decoding=\"async\" width=\"400\" height=\"267\" src=\"https:\/\/noticiaempauta.com\/portal\/wp-content\/uploads\/2024\/09\/IMG_2475.jpg\" alt=\"\" class=\"wp-image-262551\" srcset=\"https:\/\/noticiaempauta.com\/portal\/wp-content\/uploads\/2024\/09\/IMG_2475.jpg 400w, https:\/\/noticiaempauta.com\/portal\/wp-content\/uploads\/2024\/09\/IMG_2475-300x200.jpg 300w\" sizes=\"(max-width: 400px) 100vw, 400px\" \/><\/figure>\n\n\n\n<figure class=\"wp-block-image size-full\"><img loading=\"lazy\" decoding=\"async\" width=\"400\" height=\"267\" src=\"https:\/\/noticiaempauta.com\/portal\/wp-content\/uploads\/2024\/09\/IMG_2491.jpg\" alt=\"\" class=\"wp-image-262552\" srcset=\"https:\/\/noticiaempauta.com\/portal\/wp-content\/uploads\/2024\/09\/IMG_2491.jpg 400w, https:\/\/noticiaempauta.com\/portal\/wp-content\/uploads\/2024\/09\/IMG_2491-300x200.jpg 300w\" sizes=\"(max-width: 400px) 100vw, 400px\" \/><\/figure>\n\n\n\n<figure class=\"wp-block-image size-full\"><img loading=\"lazy\" decoding=\"async\" width=\"400\" height=\"267\" src=\"https:\/\/noticiaempauta.com\/portal\/wp-content\/uploads\/2024\/09\/IMG_2492.jpg\" alt=\"\" class=\"wp-image-262553\" srcset=\"https:\/\/noticiaempauta.com\/portal\/wp-content\/uploads\/2024\/09\/IMG_2492.jpg 400w, https:\/\/noticiaempauta.com\/portal\/wp-content\/uploads\/2024\/09\/IMG_2492-300x200.jpg 300w\" sizes=\"(max-width: 400px) 100vw, 400px\" \/><\/figure>\n\n\n\n<figure class=\"wp-block-image size-full\"><img loading=\"lazy\" decoding=\"async\" width=\"400\" height=\"267\" src=\"https:\/\/noticiaempauta.com\/portal\/wp-content\/uploads\/2024\/09\/IMG_2499.jpg\" alt=\"\" class=\"wp-image-262554\" srcset=\"https:\/\/noticiaempauta.com\/portal\/wp-content\/uploads\/2024\/09\/IMG_2499.jpg 400w, https:\/\/noticiaempauta.com\/portal\/wp-content\/uploads\/2024\/09\/IMG_2499-300x200.jpg 300w\" sizes=\"(max-width: 400px) 100vw, 400px\" \/><\/figure>\n\n\n\n<figure class=\"wp-block-image size-full\"><img loading=\"lazy\" decoding=\"async\" width=\"400\" height=\"267\" src=\"https:\/\/noticiaempauta.com\/portal\/wp-content\/uploads\/2024\/09\/IMG_2520.jpg\" alt=\"\" class=\"wp-image-262555\" srcset=\"https:\/\/noticiaempauta.com\/portal\/wp-content\/uploads\/2024\/09\/IMG_2520.jpg 400w, https:\/\/noticiaempauta.com\/portal\/wp-content\/uploads\/2024\/09\/IMG_2520-300x200.jpg 300w\" sizes=\"(max-width: 400px) 100vw, 400px\" \/><\/figure>\n\n\n\n<figure class=\"wp-block-image size-full\"><img loading=\"lazy\" decoding=\"async\" width=\"400\" height=\"267\" src=\"https:\/\/noticiaempauta.com\/portal\/wp-content\/uploads\/2024\/09\/IMG_2496-1-1.jpg\" alt=\"\" class=\"wp-image-262556\" srcset=\"https:\/\/noticiaempauta.com\/portal\/wp-content\/uploads\/2024\/09\/IMG_2496-1-1.jpg 400w, https:\/\/noticiaempauta.com\/portal\/wp-content\/uploads\/2024\/09\/IMG_2496-1-1-300x200.jpg 300w\" sizes=\"(max-width: 400px) 100vw, 400px\" \/><\/figure>\n\n\n\n<p>Fonte e Fotos: AgoraED<\/p>\n","protected":false},"excerpt":{"rendered":"<p>O candidato a prefeito pelo munic\u00edpio de Santana do Piau\u00ed, Jo\u00e3o Guilherme (MDB), e o candidato a vice-prefeito Valdenilson Dias realizaram na tarde deste domingo (29), a maior carreata da hist\u00f3ria pol\u00edtica de Santana do Piau\u00ed, onde percorreu v\u00e1rias comunidades rurais, ruas do centro da cidade e terminou na pra\u00e7a S\u00e3o Pedro onde aconteceu o [&hellip;]<\/p>\n","protected":false},"author":2,"featured_media":262534,"comment_status":"open","ping_status":"open","sticky":false,"template":"","format":"standard","meta":{"_mi_skip_tracking":false,"footnotes":""},"categories":[25,1,9,3,16],"tags":[],"class_list":["post-262533","post","type-post","status-publish","format-standard","has-post-thumbnail","hentry","category-destaques-site","category-geral","category-municipios","category-politica","category-todas"],"acf":[],"yoast_head":"<!-- This site is optimized with the Yoast SEO Premium plugin v19.2 (Yoast SEO v26.9) - https:\/\/yoast.com\/product\/yoast-seo-premium-wordpress\/ -->\n<title>Jo\u00e3o Guilherme e Valdenilson Dias intensificam reta final de campanha com grande carreata e com\u00edcio em Santana do Piau\u00ed - Portal Not\u00edcia em Pauta<\/title>\n<meta name=\"robots\" content=\"index, follow, max-snippet:-1, max-image-preview:large, max-video-preview:-1\" \/>\n<link rel=\"canonical\" href=\"https:\/\/noticiaempauta.com\/portal\/joao-guilherme-e-valdenilson-dias-intensificam-reta-final-de-campanha-com-grande-carreata-e-comicio-em-santana-do-piaui\/\" \/>\n<meta property=\"og:locale\" content=\"pt_BR\" \/>\n<meta property=\"og:type\" content=\"article\" \/>\n<meta property=\"og:title\" content=\"Jo\u00e3o Guilherme e Valdenilson Dias intensificam reta final de campanha com grande carreata e com\u00edcio em Santana do Piau\u00ed\" \/>\n<meta property=\"og:description\" content=\"O candidato a prefeito pelo munic\u00edpio de Santana do Piau\u00ed, Jo\u00e3o Guilherme (MDB), e o candidato a vice-prefeito Valdenilson Dias realizaram na tarde deste domingo (29), a maior carreata da hist\u00f3ria pol\u00edtica de Santana do Piau\u00ed, onde percorreu v\u00e1rias comunidades rurais, ruas do centro da cidade e terminou na pra\u00e7a S\u00e3o Pedro onde aconteceu o [&hellip;]\" \/>\n<meta property=\"og:url\" content=\"https:\/\/noticiaempauta.com\/portal\/joao-guilherme-e-valdenilson-dias-intensificam-reta-final-de-campanha-com-grande-carreata-e-comicio-em-santana-do-piaui\/\" \/>\n<meta property=\"og:site_name\" content=\"Portal Not\u00edcia em Pauta\" \/>\n<meta property=\"article:publisher\" content=\"https:\/\/www.facebook.com\/Portal-Notcia-Em-Pauta-102292869264820\/\" \/>\n<meta property=\"article:published_time\" content=\"2024-09-30T11:44:52+00:00\" \/>\n<meta property=\"article:modified_time\" content=\"2024-09-30T11:44:54+00:00\" \/>\n<meta property=\"og:image\" content=\"https:\/\/noticiaempauta.com\/portal\/wp-content\/uploads\/2024\/09\/IMG_2496.jpg\" \/>\n\t<meta property=\"og:image:width\" content=\"400\" \/>\n\t<meta property=\"og:image:height\" content=\"267\" \/>\n\t<meta property=\"og:image:type\" content=\"image\/jpeg\" \/>\n<meta name=\"author\" content=\"Reda\u00e7\u00e3o\" \/>\n<meta name=\"twitter:card\" content=\"summary_large_image\" \/>\n<meta name=\"twitter:label1\" content=\"Escrito por\" \/>\n\t<meta name=\"twitter:data1\" content=\"Reda\u00e7\u00e3o\" \/>\n\t<meta name=\"twitter:label2\" content=\"Est. tempo de leitura\" \/>\n\t<meta name=\"twitter:data2\" content=\"8 minutos\" \/>\n<script type=\"application\/ld+json\" class=\"yoast-schema-graph\">{\"@context\":\"https:\/\/schema.org\",\"@graph\":[{\"@type\":\"Article\",\"@id\":\"https:\/\/noticiaempauta.com\/portal\/joao-guilherme-e-valdenilson-dias-intensificam-reta-final-de-campanha-com-grande-carreata-e-comicio-em-santana-do-piaui\/#article\",\"isPartOf\":{\"@id\":\"https:\/\/noticiaempauta.com\/portal\/joao-guilherme-e-valdenilson-dias-intensificam-reta-final-de-campanha-com-grande-carreata-e-comicio-em-santana-do-piaui\/\"},\"author\":{\"name\":\"Reda\u00e7\u00e3o\",\"@id\":\"https:\/\/noticiaempauta.com\/portal\/#\/schema\/person\/a74af43dd1ab3deca45f988c717d57ac\"},\"headline\":\"Jo\u00e3o Guilherme e Valdenilson Dias intensificam reta final de campanha com grande carreata e com\u00edcio em Santana do Piau\u00ed\",\"datePublished\":\"2024-09-30T11:44:52+00:00\",\"dateModified\":\"2024-09-30T11:44:54+00:00\",\"mainEntityOfPage\":{\"@id\":\"https:\/\/noticiaempauta.com\/portal\/joao-guilherme-e-valdenilson-dias-intensificam-reta-final-de-campanha-com-grande-carreata-e-comicio-em-santana-do-piaui\/\"},\"wordCount\":711,\"commentCount\":0,\"publisher\":{\"@id\":\"https:\/\/noticiaempauta.com\/portal\/#organization\"},\"image\":{\"@id\":\"https:\/\/noticiaempauta.com\/portal\/joao-guilherme-e-valdenilson-dias-intensificam-reta-final-de-campanha-com-grande-carreata-e-comicio-em-santana-do-piaui\/#primaryimage\"},\"thumbnailUrl\":\"https:\/\/noticiaempauta.com\/portal\/wp-content\/uploads\/2024\/09\/IMG_2496.jpg\",\"articleSection\":[\"Destaques\",\"Geral\",\"Munic\u00edpios\",\"Pol\u00edtica\",\"Todas as Not\u00edcias\"],\"inLanguage\":\"pt-BR\",\"potentialAction\":[{\"@type\":\"CommentAction\",\"name\":\"Comment\",\"target\":[\"https:\/\/noticiaempauta.com\/portal\/joao-guilherme-e-valdenilson-dias-intensificam-reta-final-de-campanha-com-grande-carreata-e-comicio-em-santana-do-piaui\/#respond\"]}]},{\"@type\":\"WebPage\",\"@id\":\"https:\/\/noticiaempauta.com\/portal\/joao-guilherme-e-valdenilson-dias-intensificam-reta-final-de-campanha-com-grande-carreata-e-comicio-em-santana-do-piaui\/\",\"url\":\"https:\/\/noticiaempauta.com\/portal\/joao-guilherme-e-valdenilson-dias-intensificam-reta-final-de-campanha-com-grande-carreata-e-comicio-em-santana-do-piaui\/\",\"name\":\"Jo\u00e3o Guilherme e Valdenilson Dias intensificam reta final de campanha com grande carreata e com\u00edcio em Santana do Piau\u00ed - Portal Not\u00edcia em Pauta\",\"isPartOf\":{\"@id\":\"https:\/\/noticiaempauta.com\/portal\/#website\"},\"primaryImageOfPage\":{\"@id\":\"https:\/\/noticiaempauta.com\/portal\/joao-guilherme-e-valdenilson-dias-intensificam-reta-final-de-campanha-com-grande-carreata-e-comicio-em-santana-do-piaui\/#primaryimage\"},\"image\":{\"@id\":\"https:\/\/noticiaempauta.com\/portal\/joao-guilherme-e-valdenilson-dias-intensificam-reta-final-de-campanha-com-grande-carreata-e-comicio-em-santana-do-piaui\/#primaryimage\"},\"thumbnailUrl\":\"https:\/\/noticiaempauta.com\/portal\/wp-content\/uploads\/2024\/09\/IMG_2496.jpg\",\"datePublished\":\"2024-09-30T11:44:52+00:00\",\"dateModified\":\"2024-09-30T11:44:54+00:00\",\"breadcrumb\":{\"@id\":\"https:\/\/noticiaempauta.com\/portal\/joao-guilherme-e-valdenilson-dias-intensificam-reta-final-de-campanha-com-grande-carreata-e-comicio-em-santana-do-piaui\/#breadcrumb\"},\"inLanguage\":\"pt-BR\",\"potentialAction\":[{\"@type\":\"ReadAction\",\"target\":[\"https:\/\/noticiaempauta.com\/portal\/joao-guilherme-e-valdenilson-dias-intensificam-reta-final-de-campanha-com-grande-carreata-e-comicio-em-santana-do-piaui\/\"]}]},{\"@type\":\"ImageObject\",\"inLanguage\":\"pt-BR\",\"@id\":\"https:\/\/noticiaempauta.com\/portal\/joao-guilherme-e-valdenilson-dias-intensificam-reta-final-de-campanha-com-grande-carreata-e-comicio-em-santana-do-piaui\/#primaryimage\",\"url\":\"https:\/\/noticiaempauta.com\/portal\/wp-content\/uploads\/2024\/09\/IMG_2496.jpg\",\"contentUrl\":\"https:\/\/noticiaempauta.com\/portal\/wp-content\/uploads\/2024\/09\/IMG_2496.jpg\",\"width\":400,\"height\":267},{\"@type\":\"BreadcrumbList\",\"@id\":\"https:\/\/noticiaempauta.com\/portal\/joao-guilherme-e-valdenilson-dias-intensificam-reta-final-de-campanha-com-grande-carreata-e-comicio-em-santana-do-piaui\/#breadcrumb\",\"itemListElement\":[{\"@type\":\"ListItem\",\"position\":1,\"name\":\"P\u00e1gina Inicial\",\"item\":\"https:\/\/noticiaempauta.com\/portal\/\"},{\"@type\":\"ListItem\",\"position\":2,\"name\":\"Destaques\",\"item\":\"https:\/\/noticiaempauta.com\/portal\/destaques-site\/\"},{\"@type\":\"ListItem\",\"position\":3,\"name\":\"Jo\u00e3o Guilherme e Valdenilson Dias intensificam reta final de campanha com grande carreata e com\u00edcio em Santana do Piau\u00ed\"}]},{\"@type\":\"WebSite\",\"@id\":\"https:\/\/noticiaempauta.com\/portal\/#website\",\"url\":\"https:\/\/noticiaempauta.com\/portal\/\",\"name\":\"Portal Not\u00edcia em Pauta\",\"description\":\"Voc\u00ea bem informado\",\"publisher\":{\"@id\":\"https:\/\/noticiaempauta.com\/portal\/#organization\"},\"potentialAction\":[{\"@type\":\"SearchAction\",\"target\":{\"@type\":\"EntryPoint\",\"urlTemplate\":\"https:\/\/noticiaempauta.com\/portal\/?s={search_term_string}\"},\"query-input\":{\"@type\":\"PropertyValueSpecification\",\"valueRequired\":true,\"valueName\":\"search_term_string\"}}],\"inLanguage\":\"pt-BR\"},{\"@type\":\"Organization\",\"@id\":\"https:\/\/noticiaempauta.com\/portal\/#organization\",\"name\":\"Portal Not\u00edcia em Pauta\",\"url\":\"https:\/\/noticiaempauta.com\/portal\/\",\"logo\":{\"@type\":\"ImageObject\",\"inLanguage\":\"pt-BR\",\"@id\":\"https:\/\/noticiaempauta.com\/portal\/#\/schema\/logo\/image\/\",\"url\":\"https:\/\/noticiaempauta.com\/portal\/wp-content\/uploads\/2022\/08\/logomarca_tema.fw_.png\",\"contentUrl\":\"https:\/\/noticiaempauta.com\/portal\/wp-content\/uploads\/2022\/08\/logomarca_tema.fw_.png\",\"width\":400,\"height\":232,\"caption\":\"Portal Not\u00edcia em Pauta\"},\"image\":{\"@id\":\"https:\/\/noticiaempauta.com\/portal\/#\/schema\/logo\/image\/\"},\"sameAs\":[\"https:\/\/www.facebook.com\/Portal-Notcia-Em-Pauta-102292869264820\/\",\"https:\/\/www.instagram.com\/portalnoticiaempauta\/\"]},{\"@type\":\"Person\",\"@id\":\"https:\/\/noticiaempauta.com\/portal\/#\/schema\/person\/a74af43dd1ab3deca45f988c717d57ac\",\"name\":\"Reda\u00e7\u00e3o\",\"image\":{\"@type\":\"ImageObject\",\"inLanguage\":\"pt-BR\",\"@id\":\"https:\/\/noticiaempauta.com\/portal\/#\/schema\/person\/image\/\",\"url\":\"https:\/\/secure.gravatar.com\/avatar\/03179346ecce6cdfc13361603e8f54242a90e5cde8618fa23c5c00aa2b0aadf3?s=96&d=mm&r=g\",\"contentUrl\":\"https:\/\/secure.gravatar.com\/avatar\/03179346ecce6cdfc13361603e8f54242a90e5cde8618fa23c5c00aa2b0aadf3?s=96&d=mm&r=g\",\"caption\":\"Reda\u00e7\u00e3o\"},\"sameAs\":[\"https:\/\/noticiaempauta.com\/portal\/\"],\"url\":\"https:\/\/noticiaempauta.com\/portal\/author\/fernando\/\"}]}<\/script>\n<!-- \/ Yoast SEO Premium plugin. -->","yoast_head_json":{"title":"Jo\u00e3o Guilherme e Valdenilson Dias intensificam reta final de campanha com grande carreata e com\u00edcio em Santana do Piau\u00ed - Portal Not\u00edcia em Pauta","robots":{"index":"index","follow":"follow","max-snippet":"max-snippet:-1","max-image-preview":"max-image-preview:large","max-video-preview":"max-video-preview:-1"},"canonical":"https:\/\/noticiaempauta.com\/portal\/joao-guilherme-e-valdenilson-dias-intensificam-reta-final-de-campanha-com-grande-carreata-e-comicio-em-santana-do-piaui\/","og_locale":"pt_BR","og_type":"article","og_title":"Jo\u00e3o Guilherme e Valdenilson Dias intensificam reta final de campanha com grande carreata e com\u00edcio em Santana do Piau\u00ed","og_description":"O candidato a prefeito pelo munic\u00edpio de Santana do Piau\u00ed, Jo\u00e3o Guilherme (MDB), e o candidato a vice-prefeito Valdenilson Dias realizaram na tarde deste domingo (29), a maior carreata da hist\u00f3ria pol\u00edtica de Santana do Piau\u00ed, onde percorreu v\u00e1rias comunidades rurais, ruas do centro da cidade e terminou na pra\u00e7a S\u00e3o Pedro onde aconteceu o [&hellip;]","og_url":"https:\/\/noticiaempauta.com\/portal\/joao-guilherme-e-valdenilson-dias-intensificam-reta-final-de-campanha-com-grande-carreata-e-comicio-em-santana-do-piaui\/","og_site_name":"Portal Not\u00edcia em Pauta","article_publisher":"https:\/\/www.facebook.com\/Portal-Notcia-Em-Pauta-102292869264820\/","article_published_time":"2024-09-30T11:44:52+00:00","article_modified_time":"2024-09-30T11:44:54+00:00","og_image":[{"width":400,"height":267,"url":"https:\/\/noticiaempauta.com\/portal\/wp-content\/uploads\/2024\/09\/IMG_2496.jpg","type":"image\/jpeg"}],"author":"Reda\u00e7\u00e3o","twitter_card":"summary_large_image","twitter_misc":{"Escrito por":"Reda\u00e7\u00e3o","Est. tempo de leitura":"8 minutos"},"schema":{"@context":"https:\/\/schema.org","@graph":[{"@type":"Article","@id":"https:\/\/noticiaempauta.com\/portal\/joao-guilherme-e-valdenilson-dias-intensificam-reta-final-de-campanha-com-grande-carreata-e-comicio-em-santana-do-piaui\/#article","isPartOf":{"@id":"https:\/\/noticiaempauta.com\/portal\/joao-guilherme-e-valdenilson-dias-intensificam-reta-final-de-campanha-com-grande-carreata-e-comicio-em-santana-do-piaui\/"},"author":{"name":"Reda\u00e7\u00e3o","@id":"https:\/\/noticiaempauta.com\/portal\/#\/schema\/person\/a74af43dd1ab3deca45f988c717d57ac"},"headline":"Jo\u00e3o Guilherme e Valdenilson Dias intensificam reta final de campanha com grande carreata e com\u00edcio em Santana do Piau\u00ed","datePublished":"2024-09-30T11:44:52+00:00","dateModified":"2024-09-30T11:44:54+00:00","mainEntityOfPage":{"@id":"https:\/\/noticiaempauta.com\/portal\/joao-guilherme-e-valdenilson-dias-intensificam-reta-final-de-campanha-com-grande-carreata-e-comicio-em-santana-do-piaui\/"},"wordCount":711,"commentCount":0,"publisher":{"@id":"https:\/\/noticiaempauta.com\/portal\/#organization"},"image":{"@id":"https:\/\/noticiaempauta.com\/portal\/joao-guilherme-e-valdenilson-dias-intensificam-reta-final-de-campanha-com-grande-carreata-e-comicio-em-santana-do-piaui\/#primaryimage"},"thumbnailUrl":"https:\/\/noticiaempauta.com\/portal\/wp-content\/uploads\/2024\/09\/IMG_2496.jpg","articleSection":["Destaques","Geral","Munic\u00edpios","Pol\u00edtica","Todas as Not\u00edcias"],"inLanguage":"pt-BR","potentialAction":[{"@type":"CommentAction","name":"Comment","target":["https:\/\/noticiaempauta.com\/portal\/joao-guilherme-e-valdenilson-dias-intensificam-reta-final-de-campanha-com-grande-carreata-e-comicio-em-santana-do-piaui\/#respond"]}]},{"@type":"WebPage","@id":"https:\/\/noticiaempauta.com\/portal\/joao-guilherme-e-valdenilson-dias-intensificam-reta-final-de-campanha-com-grande-carreata-e-comicio-em-santana-do-piaui\/","url":"https:\/\/noticiaempauta.com\/portal\/joao-guilherme-e-valdenilson-dias-intensificam-reta-final-de-campanha-com-grande-carreata-e-comicio-em-santana-do-piaui\/","name":"Jo\u00e3o Guilherme e Valdenilson Dias intensificam reta final de campanha com grande carreata e com\u00edcio em Santana do Piau\u00ed - Portal Not\u00edcia em Pauta","isPartOf":{"@id":"https:\/\/noticiaempauta.com\/portal\/#website"},"primaryImageOfPage":{"@id":"https:\/\/noticiaempauta.com\/portal\/joao-guilherme-e-valdenilson-dias-intensificam-reta-final-de-campanha-com-grande-carreata-e-comicio-em-santana-do-piaui\/#primaryimage"},"image":{"@id":"https:\/\/noticiaempauta.com\/portal\/joao-guilherme-e-valdenilson-dias-intensificam-reta-final-de-campanha-com-grande-carreata-e-comicio-em-santana-do-piaui\/#primaryimage"},"thumbnailUrl":"https:\/\/noticiaempauta.com\/portal\/wp-content\/uploads\/2024\/09\/IMG_2496.jpg","datePublished":"2024-09-30T11:44:52+00:00","dateModified":"2024-09-30T11:44:54+00:00","breadcrumb":{"@id":"https:\/\/noticiaempauta.com\/portal\/joao-guilherme-e-valdenilson-dias-intensificam-reta-final-de-campanha-com-grande-carreata-e-comicio-em-santana-do-piaui\/#breadcrumb"},"inLanguage":"pt-BR","potentialAction":[{"@type":"ReadAction","target":["https:\/\/noticiaempauta.com\/portal\/joao-guilherme-e-valdenilson-dias-intensificam-reta-final-de-campanha-com-grande-carreata-e-comicio-em-santana-do-piaui\/"]}]},{"@type":"ImageObject","inLanguage":"pt-BR","@id":"https:\/\/noticiaempauta.com\/portal\/joao-guilherme-e-valdenilson-dias-intensificam-reta-final-de-campanha-com-grande-carreata-e-comicio-em-santana-do-piaui\/#primaryimage","url":"https:\/\/noticiaempauta.com\/portal\/wp-content\/uploads\/2024\/09\/IMG_2496.jpg","contentUrl":"https:\/\/noticiaempauta.com\/portal\/wp-content\/uploads\/2024\/09\/IMG_2496.jpg","width":400,"height":267},{"@type":"BreadcrumbList","@id":"https:\/\/noticiaempauta.com\/portal\/joao-guilherme-e-valdenilson-dias-intensificam-reta-final-de-campanha-com-grande-carreata-e-comicio-em-santana-do-piaui\/#breadcrumb","itemListElement":[{"@type":"ListItem","position":1,"name":"P\u00e1gina Inicial","item":"https:\/\/noticiaempauta.com\/portal\/"},{"@type":"ListItem","position":2,"name":"Destaques","item":"https:\/\/noticiaempauta.com\/portal\/destaques-site\/"},{"@type":"ListItem","position":3,"name":"Jo\u00e3o Guilherme e Valdenilson Dias intensificam reta final de campanha com grande carreata e com\u00edcio em Santana do Piau\u00ed"}]},{"@type":"WebSite","@id":"https:\/\/noticiaempauta.com\/portal\/#website","url":"https:\/\/noticiaempauta.com\/portal\/","name":"Portal Not\u00edcia em Pauta","description":"Voc\u00ea bem informado","publisher":{"@id":"https:\/\/noticiaempauta.com\/portal\/#organization"},"potentialAction":[{"@type":"SearchAction","target":{"@type":"EntryPoint","urlTemplate":"https:\/\/noticiaempauta.com\/portal\/?s={search_term_string}"},"query-input":{"@type":"PropertyValueSpecification","valueRequired":true,"valueName":"search_term_string"}}],"inLanguage":"pt-BR"},{"@type":"Organization","@id":"https:\/\/noticiaempauta.com\/portal\/#organization","name":"Portal Not\u00edcia em Pauta","url":"https:\/\/noticiaempauta.com\/portal\/","logo":{"@type":"ImageObject","inLanguage":"pt-BR","@id":"https:\/\/noticiaempauta.com\/portal\/#\/schema\/logo\/image\/","url":"https:\/\/noticiaempauta.com\/portal\/wp-content\/uploads\/2022\/08\/logomarca_tema.fw_.png","contentUrl":"https:\/\/noticiaempauta.com\/portal\/wp-content\/uploads\/2022\/08\/logomarca_tema.fw_.png","width":400,"height":232,"caption":"Portal Not\u00edcia em Pauta"},"image":{"@id":"https:\/\/noticiaempauta.com\/portal\/#\/schema\/logo\/image\/"},"sameAs":["https:\/\/www.facebook.com\/Portal-Notcia-Em-Pauta-102292869264820\/","https:\/\/www.instagram.com\/portalnoticiaempauta\/"]},{"@type":"Person","@id":"https:\/\/noticiaempauta.com\/portal\/#\/schema\/person\/a74af43dd1ab3deca45f988c717d57ac","name":"Reda\u00e7\u00e3o","image":{"@type":"ImageObject","inLanguage":"pt-BR","@id":"https:\/\/noticiaempauta.com\/portal\/#\/schema\/person\/image\/","url":"https:\/\/secure.gravatar.com\/avatar\/03179346ecce6cdfc13361603e8f54242a90e5cde8618fa23c5c00aa2b0aadf3?s=96&d=mm&r=g","contentUrl":"https:\/\/secure.gravatar.com\/avatar\/03179346ecce6cdfc13361603e8f54242a90e5cde8618fa23c5c00aa2b0aadf3?s=96&d=mm&r=g","caption":"Reda\u00e7\u00e3o"},"sameAs":["https:\/\/noticiaempauta.com\/portal\/"],"url":"https:\/\/noticiaempauta.com\/portal\/author\/fernando\/"}]}},"_links":{"self":[{"href":"https:\/\/noticiaempauta.com\/portal\/wp-json\/wp\/v2\/posts\/262533","targetHints":{"allow":["GET"]}}],"collection":[{"href":"https:\/\/noticiaempauta.com\/portal\/wp-json\/wp\/v2\/posts"}],"about":[{"href":"https:\/\/noticiaempauta.com\/portal\/wp-json\/wp\/v2\/types\/post"}],"author":[{"embeddable":true,"href":"https:\/\/noticiaempauta.com\/portal\/wp-json\/wp\/v2\/users\/2"}],"replies":[{"embeddable":true,"href":"https:\/\/noticiaempauta.com\/portal\/wp-json\/wp\/v2\/comments?post=262533"}],"version-history":[{"count":1,"href":"https:\/\/noticiaempauta.com\/portal\/wp-json\/wp\/v2\/posts\/262533\/revisions"}],"predecessor-version":[{"id":262557,"href":"https:\/\/noticiaempauta.com\/portal\/wp-json\/wp\/v2\/posts\/262533\/revisions\/262557"}],"wp:featuredmedia":[{"embeddable":true,"href":"https:\/\/noticiaempauta.com\/portal\/wp-json\/wp\/v2\/media\/262534"}],"wp:attachment":[{"href":"https:\/\/noticiaempauta.com\/portal\/wp-json\/wp\/v2\/media?parent=262533"}],"wp:term":[{"taxonomy":"category","embeddable":true,"href":"https:\/\/noticiaempauta.com\/portal\/wp-json\/wp\/v2\/categories?post=262533"},{"taxonomy":"post_tag","embeddable":true,"href":"https:\/\/noticiaempauta.com\/portal\/wp-json\/wp\/v2\/tags?post=262533"}],"curies":[{"name":"wp","href":"https:\/\/api.w.org\/{rel}","templated":true}]}}