{"id":262575,"date":"2024-09-30T09:14:08","date_gmt":"2024-09-30T12:14:08","guid":{"rendered":"https:\/\/noticiaempauta.com\/portal\/?p=262575"},"modified":"2024-09-30T09:24:59","modified_gmt":"2024-09-30T12:24:59","slug":"com-entrega-da-pi-305-governo-do-piaui-ja-recuperou-90-da-malha-rodoviaria-do-estado","status":"publish","type":"post","link":"https:\/\/noticiaempauta.com\/portal\/com-entrega-da-pi-305-governo-do-piaui-ja-recuperou-90-da-malha-rodoviaria-do-estado\/","title":{"rendered":"Com entrega da PI-305, Governo do Piau\u00ed j\u00e1 recuperou 90% da malha rodovi\u00e1ria do estado"},"content":{"rendered":"\n<p>Com a recupera\u00e7\u00e3o asf\u00e1ltica de 22 quil\u00f4metros da PI-305, ligando os munic\u00edpios de Cara\u00fabas a Caxing\u00f3, no Territ\u00f3rio Plan\u00edcie Litor\u00e2nea, o Governo do Piau\u00ed j\u00e1 restaurou at\u00e9 o momento 90% da malha rodovi\u00e1ria do estado. A informa\u00e7\u00e3o foi divulgada pelo governador Rafael Fonteles, neste s\u00e1bado (28), ao entregar a obra no munic\u00edpio.<\/p>\n\n\n\n<figure class=\"wp-block-image size-full\"><img fetchpriority=\"high\" decoding=\"async\" width=\"1000\" height=\"666\" src=\"https:\/\/noticiaempauta.com\/portal\/wp-content\/uploads\/2024\/09\/large_caraubas13_649adb3edc.jpg\" alt=\"\" class=\"wp-image-262580\" srcset=\"https:\/\/noticiaempauta.com\/portal\/wp-content\/uploads\/2024\/09\/large_caraubas13_649adb3edc.jpg 1000w, https:\/\/noticiaempauta.com\/portal\/wp-content\/uploads\/2024\/09\/large_caraubas13_649adb3edc-300x200.jpg 300w, https:\/\/noticiaempauta.com\/portal\/wp-content\/uploads\/2024\/09\/large_caraubas13_649adb3edc-768x511.jpg 768w\" sizes=\"(max-width: 1000px) 100vw, 1000px\" \/><\/figure>\n\n\n\n<p>\u201cMais uma entrega importante aqui para Cara\u00fabas, garantindo a recupera\u00e7\u00e3o do trecho at\u00e9 Caxing\u00f3, chegando ainda a Murici dos Portelas. J\u00e1 atingimos 90% de estradas em bom ou \u00f3timo estado, mas nossa meta \u00e9 chegar a 100% da malha rodovi\u00e1ria do Piau\u00ed\u201d, afirmou o governador.<\/p>\n\n\n\n<p>Segundo o Departamento de Estradas de Rodagem do Piau\u00ed (DER-PI), que recuperou a via, o estado tem hoje 8.200 km de rodovias pavimentadas, em todos os 224 munic\u00edpios, garantindo a interliga\u00e7\u00e3o entre eles.<\/p>\n\n\n\n<figure class=\"wp-block-image size-large\"><img decoding=\"async\" width=\"1024\" height=\"682\" src=\"https:\/\/noticiaempauta.com\/portal\/wp-content\/uploads\/2024\/09\/caraubas5-1024x682.jpg\" alt=\"\" class=\"wp-image-262581\" srcset=\"https:\/\/noticiaempauta.com\/portal\/wp-content\/uploads\/2024\/09\/caraubas5-1024x682.jpg 1024w, https:\/\/noticiaempauta.com\/portal\/wp-content\/uploads\/2024\/09\/caraubas5-300x200.jpg 300w, https:\/\/noticiaempauta.com\/portal\/wp-content\/uploads\/2024\/09\/caraubas5-768x512.jpg 768w, https:\/\/noticiaempauta.com\/portal\/wp-content\/uploads\/2024\/09\/caraubas5.jpg 1280w\" sizes=\"(max-width: 1024px) 100vw, 1024px\" \/><\/figure>\n\n\n\n<p>Rafael comentou ainda as obras de outra estrada ligando Cara\u00fabas a Esperantina, chamada Rota do Leite. &nbsp;\u201c\u00c9 uma importante regi\u00e3o produtora de leite que agora vai poder escoar melhor a sua produ\u00e7\u00e3o leiteira a partir dessa nova rodovia que j\u00e1 est\u00e1 com cerca de 60% conclu\u00edda\u201d, disse.<\/p>\n\n\n\n<figure class=\"wp-block-image size-full\"><img decoding=\"async\" width=\"1000\" height=\"666\" src=\"https:\/\/noticiaempauta.com\/portal\/wp-content\/uploads\/2024\/09\/large_caraubas9_cea52a2a98.jpg\" alt=\"\" class=\"wp-image-262579\" srcset=\"https:\/\/noticiaempauta.com\/portal\/wp-content\/uploads\/2024\/09\/large_caraubas9_cea52a2a98.jpg 1000w, https:\/\/noticiaempauta.com\/portal\/wp-content\/uploads\/2024\/09\/large_caraubas9_cea52a2a98-300x200.jpg 300w, https:\/\/noticiaempauta.com\/portal\/wp-content\/uploads\/2024\/09\/large_caraubas9_cea52a2a98-768x511.jpg 768w\" sizes=\"(max-width: 1000px) 100vw, 1000px\" \/><\/figure>\n\n\n\n<p>A recupera\u00e7\u00e3o da PI-305 custou R$ 5.177.070,90, com recursos pr\u00f3prios. O trecho recuperado parte do entroncamento com a BR-343, na altura da Volta da Jurema, e segue at\u00e9 Cara\u00fabas e Caxing\u00f3 (veja mapa nesta mat\u00e9ria). O diretor-geral do DER-PI, Leonardo Sobral, destacou que a obra faz parte do programa \u201cEstado Seguro\u201d, que objetiva deixar as estradas em bom estado para garantir seguran\u00e7a aos motoristas.<\/p>\n\n\n\n<figure class=\"wp-block-image size-full\"><img loading=\"lazy\" decoding=\"async\" width=\"693\" height=\"750\" src=\"https:\/\/noticiaempauta.com\/portal\/wp-content\/uploads\/2024\/09\/medium_mapa_8c9827abc3.jpg\" alt=\"\" class=\"wp-image-262578\" srcset=\"https:\/\/noticiaempauta.com\/portal\/wp-content\/uploads\/2024\/09\/medium_mapa_8c9827abc3.jpg 693w, https:\/\/noticiaempauta.com\/portal\/wp-content\/uploads\/2024\/09\/medium_mapa_8c9827abc3-277x300.jpg 277w\" sizes=\"(max-width: 693px) 100vw, 693px\" \/><\/figure>\n\n\n\n<p>\u201cMais de 170 km foram recuperados dentro deste programa, um investimento de R$ 40 milh\u00f5es do Governo do Estado para as rodovias ficarem um verdadeiro tapete\u201d disse Sobral.<\/p>\n\n\n\n<p>O prefeito de Cara\u00fabas, Cabur\u00e9, elogiou a recupera\u00e7\u00e3o da via. \u201cCara\u00fabas vem mudando e mudou no governo de Rafael. Aqui chegaram obras importantes e a gente sabe que vir\u00e3o mais\u201d, destacou.<\/p>\n\n\n\n<p>Jeremias Fontinele, morador de Cara\u00fabas, frisou que a rodovia vai melhorar o transporte de mercadorias para a regi\u00e3o. \u201cEla vai beneficiar as transportadoras que trazem produtos, o abastecimento de com\u00e9rcio. Traz mais desenvolvimento\u201d, comentou ele, que reside no povoado Ros\u00e1rio, tamb\u00e9m beneficiado com a rodovia.<\/p>\n\n\n\n<figure class=\"wp-block-image size-full\"><img loading=\"lazy\" decoding=\"async\" width=\"1000\" height=\"666\" src=\"https:\/\/noticiaempauta.com\/portal\/wp-content\/uploads\/2024\/09\/large_caraubas7_0be17c6d5a.jpg\" alt=\"\" class=\"wp-image-262577\" srcset=\"https:\/\/noticiaempauta.com\/portal\/wp-content\/uploads\/2024\/09\/large_caraubas7_0be17c6d5a.jpg 1000w, https:\/\/noticiaempauta.com\/portal\/wp-content\/uploads\/2024\/09\/large_caraubas7_0be17c6d5a-300x200.jpg 300w, https:\/\/noticiaempauta.com\/portal\/wp-content\/uploads\/2024\/09\/large_caraubas7_0be17c6d5a-768x511.jpg 768w\" sizes=\"(max-width: 1000px) 100vw, 1000px\" \/><\/figure>\n\n\n\n<p><strong>Homenagem aos trabalhadores<\/strong><\/p>\n\n\n\n<p>Ainda na inaugura\u00e7\u00e3o, o governador Rafael Fonteles descerrou uma placa homenageando todos os trabalhadores da obra. Um decreto estadual assinado pelo chefe do Executivo determina que todas as obras p\u00fablicas do estado tenham uma placa com os nomes dos colaboradores daquela obra.<\/p>\n\n\n\n<p>Ant\u00f4nio Rafael Arcanjo de Melo, um dos homenageados, elogiou a iniciativa. \u201c\u00c9 uma honra, uma homenagem dessa para a gente que \u00e9 trabalhador, que todos os dias estamos aqui para deixar a estrada bonita e linda desse jeito. Eu fico muito grato com isso\u201d, resumiu.<\/p>\n\n\n\n<figure class=\"wp-block-image size-full\"><img loading=\"lazy\" decoding=\"async\" width=\"1000\" height=\"666\" src=\"https:\/\/noticiaempauta.com\/portal\/wp-content\/uploads\/2024\/09\/large_caraubas6_f58b485017.jpg\" alt=\"\" class=\"wp-image-262576\" srcset=\"https:\/\/noticiaempauta.com\/portal\/wp-content\/uploads\/2024\/09\/large_caraubas6_f58b485017.jpg 1000w, https:\/\/noticiaempauta.com\/portal\/wp-content\/uploads\/2024\/09\/large_caraubas6_f58b485017-300x200.jpg 300w, https:\/\/noticiaempauta.com\/portal\/wp-content\/uploads\/2024\/09\/large_caraubas6_f58b485017-768x511.jpg 768w\" sizes=\"(max-width: 1000px) 100vw, 1000px\" \/><\/figure>\n\n\n\n<p>CCOM-PI<\/p>\n","protected":false},"excerpt":{"rendered":"<p>Rafael Fonteles inaugurou no \u00faltimo s\u00e1bado (28) a recupera\u00e7\u00e3o asf\u00e1ltica de 22 km da rodovia, que liga Cara\u00fabas a Caxing\u00f3.<\/p>\n","protected":false},"author":2,"featured_media":262580,"comment_status":"open","ping_status":"open","sticky":false,"template":"","format":"standard","meta":{"_mi_skip_tracking":false,"footnotes":""},"categories":[25,1,9,16],"tags":[192],"class_list":["post-262575","post","type-post","status-publish","format-standard","has-post-thumbnail","hentry","category-destaques-site","category-geral","category-municipios","category-todas","tag-destaqueprincipal"],"acf":[],"yoast_head":"<!-- This site is optimized with the Yoast SEO Premium plugin v19.2 (Yoast SEO v26.9) - https:\/\/yoast.com\/product\/yoast-seo-premium-wordpress\/ -->\n<title>Com entrega da PI-305, Governo do Piau\u00ed j\u00e1 recuperou 90% da malha rodovi\u00e1ria do estado - Portal Not\u00edcia em Pauta<\/title>\n<meta name=\"robots\" content=\"index, follow, max-snippet:-1, max-image-preview:large, max-video-preview:-1\" \/>\n<link rel=\"canonical\" href=\"https:\/\/noticiaempauta.com\/portal\/com-entrega-da-pi-305-governo-do-piaui-ja-recuperou-90-da-malha-rodoviaria-do-estado\/\" \/>\n<meta property=\"og:locale\" content=\"pt_BR\" \/>\n<meta property=\"og:type\" content=\"article\" \/>\n<meta property=\"og:title\" content=\"Com entrega da PI-305, Governo do Piau\u00ed j\u00e1 recuperou 90% da malha rodovi\u00e1ria do estado\" \/>\n<meta property=\"og:description\" content=\"Rafael Fonteles inaugurou no \u00faltimo s\u00e1bado (28) a recupera\u00e7\u00e3o asf\u00e1ltica de 22 km da rodovia, que liga Cara\u00fabas a Caxing\u00f3.\" \/>\n<meta property=\"og:url\" content=\"https:\/\/noticiaempauta.com\/portal\/com-entrega-da-pi-305-governo-do-piaui-ja-recuperou-90-da-malha-rodoviaria-do-estado\/\" \/>\n<meta property=\"og:site_name\" content=\"Portal Not\u00edcia em Pauta\" \/>\n<meta property=\"article:publisher\" content=\"https:\/\/www.facebook.com\/Portal-Notcia-Em-Pauta-102292869264820\/\" \/>\n<meta property=\"article:published_time\" content=\"2024-09-30T12:14:08+00:00\" \/>\n<meta property=\"article:modified_time\" content=\"2024-09-30T12:24:59+00:00\" \/>\n<meta property=\"og:image\" content=\"https:\/\/noticiaempauta.com\/portal\/wp-content\/uploads\/2024\/09\/large_caraubas13_649adb3edc.jpg\" \/>\n\t<meta property=\"og:image:width\" content=\"1000\" \/>\n\t<meta property=\"og:image:height\" content=\"666\" \/>\n\t<meta property=\"og:image:type\" content=\"image\/jpeg\" \/>\n<meta name=\"author\" content=\"Reda\u00e7\u00e3o\" \/>\n<meta name=\"twitter:card\" content=\"summary_large_image\" \/>\n<meta name=\"twitter:label1\" content=\"Escrito por\" \/>\n\t<meta name=\"twitter:data1\" content=\"Reda\u00e7\u00e3o\" \/>\n\t<meta name=\"twitter:label2\" content=\"Est. tempo de leitura\" \/>\n\t<meta name=\"twitter:data2\" content=\"4 minutos\" \/>\n<script type=\"application\/ld+json\" class=\"yoast-schema-graph\">{\"@context\":\"https:\/\/schema.org\",\"@graph\":[{\"@type\":\"Article\",\"@id\":\"https:\/\/noticiaempauta.com\/portal\/com-entrega-da-pi-305-governo-do-piaui-ja-recuperou-90-da-malha-rodoviaria-do-estado\/#article\",\"isPartOf\":{\"@id\":\"https:\/\/noticiaempauta.com\/portal\/com-entrega-da-pi-305-governo-do-piaui-ja-recuperou-90-da-malha-rodoviaria-do-estado\/\"},\"author\":{\"name\":\"Reda\u00e7\u00e3o\",\"@id\":\"https:\/\/noticiaempauta.com\/portal\/#\/schema\/person\/a74af43dd1ab3deca45f988c717d57ac\"},\"headline\":\"Com entrega da PI-305, Governo do Piau\u00ed j\u00e1 recuperou 90% da malha rodovi\u00e1ria do estado\",\"datePublished\":\"2024-09-30T12:14:08+00:00\",\"dateModified\":\"2024-09-30T12:24:59+00:00\",\"mainEntityOfPage\":{\"@id\":\"https:\/\/noticiaempauta.com\/portal\/com-entrega-da-pi-305-governo-do-piaui-ja-recuperou-90-da-malha-rodoviaria-do-estado\/\"},\"wordCount\":476,\"commentCount\":0,\"publisher\":{\"@id\":\"https:\/\/noticiaempauta.com\/portal\/#organization\"},\"image\":{\"@id\":\"https:\/\/noticiaempauta.com\/portal\/com-entrega-da-pi-305-governo-do-piaui-ja-recuperou-90-da-malha-rodoviaria-do-estado\/#primaryimage\"},\"thumbnailUrl\":\"https:\/\/noticiaempauta.com\/portal\/wp-content\/uploads\/2024\/09\/large_caraubas13_649adb3edc.jpg\",\"keywords\":[\"destaqueprincipal\"],\"articleSection\":[\"Destaques\",\"Geral\",\"Munic\u00edpios\",\"Todas as Not\u00edcias\"],\"inLanguage\":\"pt-BR\",\"potentialAction\":[{\"@type\":\"CommentAction\",\"name\":\"Comment\",\"target\":[\"https:\/\/noticiaempauta.com\/portal\/com-entrega-da-pi-305-governo-do-piaui-ja-recuperou-90-da-malha-rodoviaria-do-estado\/#respond\"]}]},{\"@type\":\"WebPage\",\"@id\":\"https:\/\/noticiaempauta.com\/portal\/com-entrega-da-pi-305-governo-do-piaui-ja-recuperou-90-da-malha-rodoviaria-do-estado\/\",\"url\":\"https:\/\/noticiaempauta.com\/portal\/com-entrega-da-pi-305-governo-do-piaui-ja-recuperou-90-da-malha-rodoviaria-do-estado\/\",\"name\":\"Com entrega da PI-305, Governo do Piau\u00ed j\u00e1 recuperou 90% da malha rodovi\u00e1ria do estado - Portal Not\u00edcia em Pauta\",\"isPartOf\":{\"@id\":\"https:\/\/noticiaempauta.com\/portal\/#website\"},\"primaryImageOfPage\":{\"@id\":\"https:\/\/noticiaempauta.com\/portal\/com-entrega-da-pi-305-governo-do-piaui-ja-recuperou-90-da-malha-rodoviaria-do-estado\/#primaryimage\"},\"image\":{\"@id\":\"https:\/\/noticiaempauta.com\/portal\/com-entrega-da-pi-305-governo-do-piaui-ja-recuperou-90-da-malha-rodoviaria-do-estado\/#primaryimage\"},\"thumbnailUrl\":\"https:\/\/noticiaempauta.com\/portal\/wp-content\/uploads\/2024\/09\/large_caraubas13_649adb3edc.jpg\",\"datePublished\":\"2024-09-30T12:14:08+00:00\",\"dateModified\":\"2024-09-30T12:24:59+00:00\",\"breadcrumb\":{\"@id\":\"https:\/\/noticiaempauta.com\/portal\/com-entrega-da-pi-305-governo-do-piaui-ja-recuperou-90-da-malha-rodoviaria-do-estado\/#breadcrumb\"},\"inLanguage\":\"pt-BR\",\"potentialAction\":[{\"@type\":\"ReadAction\",\"target\":[\"https:\/\/noticiaempauta.com\/portal\/com-entrega-da-pi-305-governo-do-piaui-ja-recuperou-90-da-malha-rodoviaria-do-estado\/\"]}]},{\"@type\":\"ImageObject\",\"inLanguage\":\"pt-BR\",\"@id\":\"https:\/\/noticiaempauta.com\/portal\/com-entrega-da-pi-305-governo-do-piaui-ja-recuperou-90-da-malha-rodoviaria-do-estado\/#primaryimage\",\"url\":\"https:\/\/noticiaempauta.com\/portal\/wp-content\/uploads\/2024\/09\/large_caraubas13_649adb3edc.jpg\",\"contentUrl\":\"https:\/\/noticiaempauta.com\/portal\/wp-content\/uploads\/2024\/09\/large_caraubas13_649adb3edc.jpg\",\"width\":1000,\"height\":666},{\"@type\":\"BreadcrumbList\",\"@id\":\"https:\/\/noticiaempauta.com\/portal\/com-entrega-da-pi-305-governo-do-piaui-ja-recuperou-90-da-malha-rodoviaria-do-estado\/#breadcrumb\",\"itemListElement\":[{\"@type\":\"ListItem\",\"position\":1,\"name\":\"P\u00e1gina Inicial\",\"item\":\"https:\/\/noticiaempauta.com\/portal\/\"},{\"@type\":\"ListItem\",\"position\":2,\"name\":\"Destaques\",\"item\":\"https:\/\/noticiaempauta.com\/portal\/destaques-site\/\"},{\"@type\":\"ListItem\",\"position\":3,\"name\":\"Com entrega da PI-305, Governo do Piau\u00ed j\u00e1 recuperou 90% da malha rodovi\u00e1ria do estado\"}]},{\"@type\":\"WebSite\",\"@id\":\"https:\/\/noticiaempauta.com\/portal\/#website\",\"url\":\"https:\/\/noticiaempauta.com\/portal\/\",\"name\":\"Portal Not\u00edcia em Pauta\",\"description\":\"Voc\u00ea bem informado\",\"publisher\":{\"@id\":\"https:\/\/noticiaempauta.com\/portal\/#organization\"},\"potentialAction\":[{\"@type\":\"SearchAction\",\"target\":{\"@type\":\"EntryPoint\",\"urlTemplate\":\"https:\/\/noticiaempauta.com\/portal\/?s={search_term_string}\"},\"query-input\":{\"@type\":\"PropertyValueSpecification\",\"valueRequired\":true,\"valueName\":\"search_term_string\"}}],\"inLanguage\":\"pt-BR\"},{\"@type\":\"Organization\",\"@id\":\"https:\/\/noticiaempauta.com\/portal\/#organization\",\"name\":\"Portal Not\u00edcia em Pauta\",\"url\":\"https:\/\/noticiaempauta.com\/portal\/\",\"logo\":{\"@type\":\"ImageObject\",\"inLanguage\":\"pt-BR\",\"@id\":\"https:\/\/noticiaempauta.com\/portal\/#\/schema\/logo\/image\/\",\"url\":\"https:\/\/noticiaempauta.com\/portal\/wp-content\/uploads\/2022\/08\/logomarca_tema.fw_.png\",\"contentUrl\":\"https:\/\/noticiaempauta.com\/portal\/wp-content\/uploads\/2022\/08\/logomarca_tema.fw_.png\",\"width\":400,\"height\":232,\"caption\":\"Portal Not\u00edcia em Pauta\"},\"image\":{\"@id\":\"https:\/\/noticiaempauta.com\/portal\/#\/schema\/logo\/image\/\"},\"sameAs\":[\"https:\/\/www.facebook.com\/Portal-Notcia-Em-Pauta-102292869264820\/\",\"https:\/\/www.instagram.com\/portalnoticiaempauta\/\"]},{\"@type\":\"Person\",\"@id\":\"https:\/\/noticiaempauta.com\/portal\/#\/schema\/person\/a74af43dd1ab3deca45f988c717d57ac\",\"name\":\"Reda\u00e7\u00e3o\",\"image\":{\"@type\":\"ImageObject\",\"inLanguage\":\"pt-BR\",\"@id\":\"https:\/\/noticiaempauta.com\/portal\/#\/schema\/person\/image\/\",\"url\":\"https:\/\/secure.gravatar.com\/avatar\/03179346ecce6cdfc13361603e8f54242a90e5cde8618fa23c5c00aa2b0aadf3?s=96&d=mm&r=g\",\"contentUrl\":\"https:\/\/secure.gravatar.com\/avatar\/03179346ecce6cdfc13361603e8f54242a90e5cde8618fa23c5c00aa2b0aadf3?s=96&d=mm&r=g\",\"caption\":\"Reda\u00e7\u00e3o\"},\"sameAs\":[\"https:\/\/noticiaempauta.com\/portal\/\"],\"url\":\"https:\/\/noticiaempauta.com\/portal\/author\/fernando\/\"}]}<\/script>\n<!-- \/ Yoast SEO Premium plugin. -->","yoast_head_json":{"title":"Com entrega da PI-305, Governo do Piau\u00ed j\u00e1 recuperou 90% da malha rodovi\u00e1ria do estado - Portal Not\u00edcia em Pauta","robots":{"index":"index","follow":"follow","max-snippet":"max-snippet:-1","max-image-preview":"max-image-preview:large","max-video-preview":"max-video-preview:-1"},"canonical":"https:\/\/noticiaempauta.com\/portal\/com-entrega-da-pi-305-governo-do-piaui-ja-recuperou-90-da-malha-rodoviaria-do-estado\/","og_locale":"pt_BR","og_type":"article","og_title":"Com entrega da PI-305, Governo do Piau\u00ed j\u00e1 recuperou 90% da malha rodovi\u00e1ria do estado","og_description":"Rafael Fonteles inaugurou no \u00faltimo s\u00e1bado (28) a recupera\u00e7\u00e3o asf\u00e1ltica de 22 km da rodovia, que liga Cara\u00fabas a Caxing\u00f3.","og_url":"https:\/\/noticiaempauta.com\/portal\/com-entrega-da-pi-305-governo-do-piaui-ja-recuperou-90-da-malha-rodoviaria-do-estado\/","og_site_name":"Portal Not\u00edcia em Pauta","article_publisher":"https:\/\/www.facebook.com\/Portal-Notcia-Em-Pauta-102292869264820\/","article_published_time":"2024-09-30T12:14:08+00:00","article_modified_time":"2024-09-30T12:24:59+00:00","og_image":[{"width":1000,"height":666,"url":"https:\/\/noticiaempauta.com\/portal\/wp-content\/uploads\/2024\/09\/large_caraubas13_649adb3edc.jpg","type":"image\/jpeg"}],"author":"Reda\u00e7\u00e3o","twitter_card":"summary_large_image","twitter_misc":{"Escrito por":"Reda\u00e7\u00e3o","Est. tempo de leitura":"4 minutos"},"schema":{"@context":"https:\/\/schema.org","@graph":[{"@type":"Article","@id":"https:\/\/noticiaempauta.com\/portal\/com-entrega-da-pi-305-governo-do-piaui-ja-recuperou-90-da-malha-rodoviaria-do-estado\/#article","isPartOf":{"@id":"https:\/\/noticiaempauta.com\/portal\/com-entrega-da-pi-305-governo-do-piaui-ja-recuperou-90-da-malha-rodoviaria-do-estado\/"},"author":{"name":"Reda\u00e7\u00e3o","@id":"https:\/\/noticiaempauta.com\/portal\/#\/schema\/person\/a74af43dd1ab3deca45f988c717d57ac"},"headline":"Com entrega da PI-305, Governo do Piau\u00ed j\u00e1 recuperou 90% da malha rodovi\u00e1ria do estado","datePublished":"2024-09-30T12:14:08+00:00","dateModified":"2024-09-30T12:24:59+00:00","mainEntityOfPage":{"@id":"https:\/\/noticiaempauta.com\/portal\/com-entrega-da-pi-305-governo-do-piaui-ja-recuperou-90-da-malha-rodoviaria-do-estado\/"},"wordCount":476,"commentCount":0,"publisher":{"@id":"https:\/\/noticiaempauta.com\/portal\/#organization"},"image":{"@id":"https:\/\/noticiaempauta.com\/portal\/com-entrega-da-pi-305-governo-do-piaui-ja-recuperou-90-da-malha-rodoviaria-do-estado\/#primaryimage"},"thumbnailUrl":"https:\/\/noticiaempauta.com\/portal\/wp-content\/uploads\/2024\/09\/large_caraubas13_649adb3edc.jpg","keywords":["destaqueprincipal"],"articleSection":["Destaques","Geral","Munic\u00edpios","Todas as Not\u00edcias"],"inLanguage":"pt-BR","potentialAction":[{"@type":"CommentAction","name":"Comment","target":["https:\/\/noticiaempauta.com\/portal\/com-entrega-da-pi-305-governo-do-piaui-ja-recuperou-90-da-malha-rodoviaria-do-estado\/#respond"]}]},{"@type":"WebPage","@id":"https:\/\/noticiaempauta.com\/portal\/com-entrega-da-pi-305-governo-do-piaui-ja-recuperou-90-da-malha-rodoviaria-do-estado\/","url":"https:\/\/noticiaempauta.com\/portal\/com-entrega-da-pi-305-governo-do-piaui-ja-recuperou-90-da-malha-rodoviaria-do-estado\/","name":"Com entrega da PI-305, Governo do Piau\u00ed j\u00e1 recuperou 90% da malha rodovi\u00e1ria do estado - Portal Not\u00edcia em Pauta","isPartOf":{"@id":"https:\/\/noticiaempauta.com\/portal\/#website"},"primaryImageOfPage":{"@id":"https:\/\/noticiaempauta.com\/portal\/com-entrega-da-pi-305-governo-do-piaui-ja-recuperou-90-da-malha-rodoviaria-do-estado\/#primaryimage"},"image":{"@id":"https:\/\/noticiaempauta.com\/portal\/com-entrega-da-pi-305-governo-do-piaui-ja-recuperou-90-da-malha-rodoviaria-do-estado\/#primaryimage"},"thumbnailUrl":"https:\/\/noticiaempauta.com\/portal\/wp-content\/uploads\/2024\/09\/large_caraubas13_649adb3edc.jpg","datePublished":"2024-09-30T12:14:08+00:00","dateModified":"2024-09-30T12:24:59+00:00","breadcrumb":{"@id":"https:\/\/noticiaempauta.com\/portal\/com-entrega-da-pi-305-governo-do-piaui-ja-recuperou-90-da-malha-rodoviaria-do-estado\/#breadcrumb"},"inLanguage":"pt-BR","potentialAction":[{"@type":"ReadAction","target":["https:\/\/noticiaempauta.com\/portal\/com-entrega-da-pi-305-governo-do-piaui-ja-recuperou-90-da-malha-rodoviaria-do-estado\/"]}]},{"@type":"ImageObject","inLanguage":"pt-BR","@id":"https:\/\/noticiaempauta.com\/portal\/com-entrega-da-pi-305-governo-do-piaui-ja-recuperou-90-da-malha-rodoviaria-do-estado\/#primaryimage","url":"https:\/\/noticiaempauta.com\/portal\/wp-content\/uploads\/2024\/09\/large_caraubas13_649adb3edc.jpg","contentUrl":"https:\/\/noticiaempauta.com\/portal\/wp-content\/uploads\/2024\/09\/large_caraubas13_649adb3edc.jpg","width":1000,"height":666},{"@type":"BreadcrumbList","@id":"https:\/\/noticiaempauta.com\/portal\/com-entrega-da-pi-305-governo-do-piaui-ja-recuperou-90-da-malha-rodoviaria-do-estado\/#breadcrumb","itemListElement":[{"@type":"ListItem","position":1,"name":"P\u00e1gina Inicial","item":"https:\/\/noticiaempauta.com\/portal\/"},{"@type":"ListItem","position":2,"name":"Destaques","item":"https:\/\/noticiaempauta.com\/portal\/destaques-site\/"},{"@type":"ListItem","position":3,"name":"Com entrega da PI-305, Governo do Piau\u00ed j\u00e1 recuperou 90% da malha rodovi\u00e1ria do estado"}]},{"@type":"WebSite","@id":"https:\/\/noticiaempauta.com\/portal\/#website","url":"https:\/\/noticiaempauta.com\/portal\/","name":"Portal Not\u00edcia em Pauta","description":"Voc\u00ea bem informado","publisher":{"@id":"https:\/\/noticiaempauta.com\/portal\/#organization"},"potentialAction":[{"@type":"SearchAction","target":{"@type":"EntryPoint","urlTemplate":"https:\/\/noticiaempauta.com\/portal\/?s={search_term_string}"},"query-input":{"@type":"PropertyValueSpecification","valueRequired":true,"valueName":"search_term_string"}}],"inLanguage":"pt-BR"},{"@type":"Organization","@id":"https:\/\/noticiaempauta.com\/portal\/#organization","name":"Portal Not\u00edcia em Pauta","url":"https:\/\/noticiaempauta.com\/portal\/","logo":{"@type":"ImageObject","inLanguage":"pt-BR","@id":"https:\/\/noticiaempauta.com\/portal\/#\/schema\/logo\/image\/","url":"https:\/\/noticiaempauta.com\/portal\/wp-content\/uploads\/2022\/08\/logomarca_tema.fw_.png","contentUrl":"https:\/\/noticiaempauta.com\/portal\/wp-content\/uploads\/2022\/08\/logomarca_tema.fw_.png","width":400,"height":232,"caption":"Portal Not\u00edcia em Pauta"},"image":{"@id":"https:\/\/noticiaempauta.com\/portal\/#\/schema\/logo\/image\/"},"sameAs":["https:\/\/www.facebook.com\/Portal-Notcia-Em-Pauta-102292869264820\/","https:\/\/www.instagram.com\/portalnoticiaempauta\/"]},{"@type":"Person","@id":"https:\/\/noticiaempauta.com\/portal\/#\/schema\/person\/a74af43dd1ab3deca45f988c717d57ac","name":"Reda\u00e7\u00e3o","image":{"@type":"ImageObject","inLanguage":"pt-BR","@id":"https:\/\/noticiaempauta.com\/portal\/#\/schema\/person\/image\/","url":"https:\/\/secure.gravatar.com\/avatar\/03179346ecce6cdfc13361603e8f54242a90e5cde8618fa23c5c00aa2b0aadf3?s=96&d=mm&r=g","contentUrl":"https:\/\/secure.gravatar.com\/avatar\/03179346ecce6cdfc13361603e8f54242a90e5cde8618fa23c5c00aa2b0aadf3?s=96&d=mm&r=g","caption":"Reda\u00e7\u00e3o"},"sameAs":["https:\/\/noticiaempauta.com\/portal\/"],"url":"https:\/\/noticiaempauta.com\/portal\/author\/fernando\/"}]}},"_links":{"self":[{"href":"https:\/\/noticiaempauta.com\/portal\/wp-json\/wp\/v2\/posts\/262575","targetHints":{"allow":["GET"]}}],"collection":[{"href":"https:\/\/noticiaempauta.com\/portal\/wp-json\/wp\/v2\/posts"}],"about":[{"href":"https:\/\/noticiaempauta.com\/portal\/wp-json\/wp\/v2\/types\/post"}],"author":[{"embeddable":true,"href":"https:\/\/noticiaempauta.com\/portal\/wp-json\/wp\/v2\/users\/2"}],"replies":[{"embeddable":true,"href":"https:\/\/noticiaempauta.com\/portal\/wp-json\/wp\/v2\/comments?post=262575"}],"version-history":[{"count":2,"href":"https:\/\/noticiaempauta.com\/portal\/wp-json\/wp\/v2\/posts\/262575\/revisions"}],"predecessor-version":[{"id":262583,"href":"https:\/\/noticiaempauta.com\/portal\/wp-json\/wp\/v2\/posts\/262575\/revisions\/262583"}],"wp:featuredmedia":[{"embeddable":true,"href":"https:\/\/noticiaempauta.com\/portal\/wp-json\/wp\/v2\/media\/262580"}],"wp:attachment":[{"href":"https:\/\/noticiaempauta.com\/portal\/wp-json\/wp\/v2\/media?parent=262575"}],"wp:term":[{"taxonomy":"category","embeddable":true,"href":"https:\/\/noticiaempauta.com\/portal\/wp-json\/wp\/v2\/categories?post=262575"},{"taxonomy":"post_tag","embeddable":true,"href":"https:\/\/noticiaempauta.com\/portal\/wp-json\/wp\/v2\/tags?post=262575"}],"curies":[{"name":"wp","href":"https:\/\/api.w.org\/{rel}","templated":true}]}}