{"id":262591,"date":"2024-09-30T16:53:02","date_gmt":"2024-09-30T19:53:02","guid":{"rendered":"https:\/\/noticiaempauta.com\/portal\/?p=262591"},"modified":"2024-09-30T16:53:03","modified_gmt":"2024-09-30T19:53:03","slug":"nova-pesquisa-aponta-lideranca-de-josafa-marques-com-5367-em-sao-luis-do-piaui","status":"publish","type":"post","link":"https:\/\/noticiaempauta.com\/portal\/nova-pesquisa-aponta-lideranca-de-josafa-marques-com-5367-em-sao-luis-do-piaui\/","title":{"rendered":"Nova pesquisa aponta lideran\u00e7a de Josaf\u00e1 Marques com 53,67% em S\u00e3o Lu\u00eds do Piau\u00ed"},"content":{"rendered":"\n<p>Uma nova pesquisa de inten\u00e7\u00f5es de voto para Prefeito de S\u00e3o Lu\u00eds do Piau\u00ed realizada pelo Instituto Qualitativa e divulgada nesta segunda-feira, 30 de setembro, em primeira m\u00e3o pelo Portal T\u00f4 de Olho, mostra o candidato Josaf\u00e1 Marques (PT) na lideran\u00e7a com 53,67% da prefer\u00eancia do eleitorado. Em segundo, o candidato Renato Pio (PP), aparece com 45,67%. N\u00e3o sabe ou n\u00e3o opina somam 0,33%. Nenhum, nulo ou branco, 0,33%.<\/p>\n\n\n\n<figure class=\"wp-block-image size-full\"><img fetchpriority=\"high\" decoding=\"async\" width=\"768\" height=\"746\" src=\"https:\/\/noticiaempauta.com\/portal\/wp-content\/uploads\/2024\/09\/16.jpg\" alt=\"\" class=\"wp-image-262592\" srcset=\"https:\/\/noticiaempauta.com\/portal\/wp-content\/uploads\/2024\/09\/16.jpg 768w, https:\/\/noticiaempauta.com\/portal\/wp-content\/uploads\/2024\/09\/16-300x291.jpg 300w\" sizes=\"(max-width: 768px) 100vw, 768px\" \/><\/figure>\n\n\n\n<p>Na sondagem espont\u00e2nea, o candidato a prefeito Josaf\u00e1 Marques (PT), tamb\u00e9m lidera com 51,67% das inten\u00e7\u00f5es de voto, seguido por Renato Pio (PP) que tem 47,67%. N\u00e3o sabe ou n\u00e3o opina somam 0,33%. Nenhum, nulo ou branco, 0,33%.<\/p>\n\n\n\n<figure class=\"wp-block-image size-full\"><img decoding=\"async\" width=\"1000\" height=\"969\" src=\"https:\/\/noticiaempauta.com\/portal\/wp-content\/uploads\/2024\/09\/image-209.png\" alt=\"\" class=\"wp-image-262593\" srcset=\"https:\/\/noticiaempauta.com\/portal\/wp-content\/uploads\/2024\/09\/image-209.png 1000w, https:\/\/noticiaempauta.com\/portal\/wp-content\/uploads\/2024\/09\/image-209-300x291.png 300w, https:\/\/noticiaempauta.com\/portal\/wp-content\/uploads\/2024\/09\/image-209-768x744.png 768w\" sizes=\"(max-width: 1000px) 100vw, 1000px\" \/><\/figure>\n\n\n\n<figure class=\"wp-block-image size-full\"><img decoding=\"async\" width=\"800\" height=\"525\" src=\"https:\/\/noticiaempauta.com\/portal\/wp-content\/uploads\/2024\/09\/image-208.png\" alt=\"\" class=\"wp-image-262594\" srcset=\"https:\/\/noticiaempauta.com\/portal\/wp-content\/uploads\/2024\/09\/image-208.png 800w, https:\/\/noticiaempauta.com\/portal\/wp-content\/uploads\/2024\/09\/image-208-300x197.png 300w, https:\/\/noticiaempauta.com\/portal\/wp-content\/uploads\/2024\/09\/image-208-768x504.png 768w\" sizes=\"(max-width: 800px) 100vw, 800px\" \/><figcaption class=\"wp-element-caption\"><em>Candidatos a prefeito de S\u00e3o Lu\u00eds do Piau\u00ed, Josaf\u00e1 Marques (PT) e Renato Pio (PP)<\/em><\/figcaption><\/figure>\n\n\n\n<p><strong>Pesquisa registrada<\/strong><\/p>\n\n\n\n<p>A pesquisa foi realizada pelo Instituto Qualitativa e est\u00e1 registrada junto ao Tribunal Superior Eleitoral (TSE) com o n\u00famero de identifica\u00e7\u00e3o PI-01472\/2024. O estat\u00edstico respons\u00e1vel \u00e9 Jos\u00e9 Dos Reis Cunha Filho.<\/p>\n\n\n\n<p>Os pesquisadores entrevistaram 300 eleitores com 16 anos ou mais residentes na sede e zona rural do munic\u00edpio, nos dias 20 a 22 de setembro. A margem de erro \u00e9 de 5,43% para mais ou para menos e o n\u00edvel de confian\u00e7a \u00e9 de 95%.<\/p>\n\n\n\n<p>Ao pre\u00e7o de quatro mil reais, a pesquisa do Instituto Qualitativa foi contratada pela empresa T\u00f4 de Olho Comunica\u00e7\u00f5es e Eventos.<\/p>\n\n\n\n<p><em><strong>Fonte: Portal T\u00f4 de Olho<\/strong><\/em><\/p>\n","protected":false},"excerpt":{"rendered":"<p>Em segundo, o candidato Renato Pio (PP), aparece com 45,67%.<\/p>\n","protected":false},"author":2,"featured_media":262594,"comment_status":"open","ping_status":"open","sticky":false,"template":"","format":"standard","meta":{"_mi_skip_tracking":false,"footnotes":""},"categories":[25,1,9,3,16],"tags":[192],"class_list":["post-262591","post","type-post","status-publish","format-standard","has-post-thumbnail","hentry","category-destaques-site","category-geral","category-municipios","category-politica","category-todas","tag-destaqueprincipal"],"acf":[],"yoast_head":"<!-- This site is optimized with the Yoast SEO Premium plugin v19.2 (Yoast SEO v26.9) - https:\/\/yoast.com\/product\/yoast-seo-premium-wordpress\/ -->\n<title>Nova pesquisa aponta lideran\u00e7a de Josaf\u00e1 Marques com 53,67% em S\u00e3o Lu\u00eds do Piau\u00ed - Portal Not\u00edcia em Pauta<\/title>\n<meta name=\"robots\" content=\"index, follow, max-snippet:-1, max-image-preview:large, max-video-preview:-1\" \/>\n<link rel=\"canonical\" href=\"https:\/\/noticiaempauta.com\/portal\/nova-pesquisa-aponta-lideranca-de-josafa-marques-com-5367-em-sao-luis-do-piaui\/\" \/>\n<meta property=\"og:locale\" content=\"pt_BR\" \/>\n<meta property=\"og:type\" content=\"article\" \/>\n<meta property=\"og:title\" content=\"Nova pesquisa aponta lideran\u00e7a de Josaf\u00e1 Marques com 53,67% em S\u00e3o Lu\u00eds do Piau\u00ed\" \/>\n<meta property=\"og:description\" content=\"Em segundo, o candidato Renato Pio (PP), aparece com 45,67%.\" \/>\n<meta property=\"og:url\" content=\"https:\/\/noticiaempauta.com\/portal\/nova-pesquisa-aponta-lideranca-de-josafa-marques-com-5367-em-sao-luis-do-piaui\/\" \/>\n<meta property=\"og:site_name\" content=\"Portal Not\u00edcia em Pauta\" \/>\n<meta property=\"article:publisher\" content=\"https:\/\/www.facebook.com\/Portal-Notcia-Em-Pauta-102292869264820\/\" \/>\n<meta property=\"article:published_time\" content=\"2024-09-30T19:53:02+00:00\" \/>\n<meta property=\"article:modified_time\" content=\"2024-09-30T19:53:03+00:00\" \/>\n<meta property=\"og:image\" content=\"https:\/\/noticiaempauta.com\/portal\/wp-content\/uploads\/2024\/09\/image-208.png\" \/>\n\t<meta property=\"og:image:width\" content=\"800\" \/>\n\t<meta property=\"og:image:height\" content=\"525\" \/>\n\t<meta property=\"og:image:type\" content=\"image\/png\" \/>\n<meta name=\"author\" content=\"Reda\u00e7\u00e3o\" \/>\n<meta name=\"twitter:card\" content=\"summary_large_image\" \/>\n<meta name=\"twitter:label1\" content=\"Escrito por\" \/>\n\t<meta name=\"twitter:data1\" content=\"Reda\u00e7\u00e3o\" \/>\n\t<meta name=\"twitter:label2\" content=\"Est. tempo de leitura\" \/>\n\t<meta name=\"twitter:data2\" content=\"3 minutos\" \/>\n<script type=\"application\/ld+json\" class=\"yoast-schema-graph\">{\"@context\":\"https:\/\/schema.org\",\"@graph\":[{\"@type\":\"Article\",\"@id\":\"https:\/\/noticiaempauta.com\/portal\/nova-pesquisa-aponta-lideranca-de-josafa-marques-com-5367-em-sao-luis-do-piaui\/#article\",\"isPartOf\":{\"@id\":\"https:\/\/noticiaempauta.com\/portal\/nova-pesquisa-aponta-lideranca-de-josafa-marques-com-5367-em-sao-luis-do-piaui\/\"},\"author\":{\"name\":\"Reda\u00e7\u00e3o\",\"@id\":\"https:\/\/noticiaempauta.com\/portal\/#\/schema\/person\/a74af43dd1ab3deca45f988c717d57ac\"},\"headline\":\"Nova pesquisa aponta lideran\u00e7a de Josaf\u00e1 Marques com 53,67% em S\u00e3o Lu\u00eds do Piau\u00ed\",\"datePublished\":\"2024-09-30T19:53:02+00:00\",\"dateModified\":\"2024-09-30T19:53:03+00:00\",\"mainEntityOfPage\":{\"@id\":\"https:\/\/noticiaempauta.com\/portal\/nova-pesquisa-aponta-lideranca-de-josafa-marques-com-5367-em-sao-luis-do-piaui\/\"},\"wordCount\":248,\"commentCount\":0,\"publisher\":{\"@id\":\"https:\/\/noticiaempauta.com\/portal\/#organization\"},\"image\":{\"@id\":\"https:\/\/noticiaempauta.com\/portal\/nova-pesquisa-aponta-lideranca-de-josafa-marques-com-5367-em-sao-luis-do-piaui\/#primaryimage\"},\"thumbnailUrl\":\"https:\/\/noticiaempauta.com\/portal\/wp-content\/uploads\/2024\/09\/image-208.png\",\"keywords\":[\"destaqueprincipal\"],\"articleSection\":[\"Destaques\",\"Geral\",\"Munic\u00edpios\",\"Pol\u00edtica\",\"Todas as Not\u00edcias\"],\"inLanguage\":\"pt-BR\",\"potentialAction\":[{\"@type\":\"CommentAction\",\"name\":\"Comment\",\"target\":[\"https:\/\/noticiaempauta.com\/portal\/nova-pesquisa-aponta-lideranca-de-josafa-marques-com-5367-em-sao-luis-do-piaui\/#respond\"]}]},{\"@type\":\"WebPage\",\"@id\":\"https:\/\/noticiaempauta.com\/portal\/nova-pesquisa-aponta-lideranca-de-josafa-marques-com-5367-em-sao-luis-do-piaui\/\",\"url\":\"https:\/\/noticiaempauta.com\/portal\/nova-pesquisa-aponta-lideranca-de-josafa-marques-com-5367-em-sao-luis-do-piaui\/\",\"name\":\"Nova pesquisa aponta lideran\u00e7a de Josaf\u00e1 Marques com 53,67% em S\u00e3o Lu\u00eds do Piau\u00ed - Portal Not\u00edcia em Pauta\",\"isPartOf\":{\"@id\":\"https:\/\/noticiaempauta.com\/portal\/#website\"},\"primaryImageOfPage\":{\"@id\":\"https:\/\/noticiaempauta.com\/portal\/nova-pesquisa-aponta-lideranca-de-josafa-marques-com-5367-em-sao-luis-do-piaui\/#primaryimage\"},\"image\":{\"@id\":\"https:\/\/noticiaempauta.com\/portal\/nova-pesquisa-aponta-lideranca-de-josafa-marques-com-5367-em-sao-luis-do-piaui\/#primaryimage\"},\"thumbnailUrl\":\"https:\/\/noticiaempauta.com\/portal\/wp-content\/uploads\/2024\/09\/image-208.png\",\"datePublished\":\"2024-09-30T19:53:02+00:00\",\"dateModified\":\"2024-09-30T19:53:03+00:00\",\"breadcrumb\":{\"@id\":\"https:\/\/noticiaempauta.com\/portal\/nova-pesquisa-aponta-lideranca-de-josafa-marques-com-5367-em-sao-luis-do-piaui\/#breadcrumb\"},\"inLanguage\":\"pt-BR\",\"potentialAction\":[{\"@type\":\"ReadAction\",\"target\":[\"https:\/\/noticiaempauta.com\/portal\/nova-pesquisa-aponta-lideranca-de-josafa-marques-com-5367-em-sao-luis-do-piaui\/\"]}]},{\"@type\":\"ImageObject\",\"inLanguage\":\"pt-BR\",\"@id\":\"https:\/\/noticiaempauta.com\/portal\/nova-pesquisa-aponta-lideranca-de-josafa-marques-com-5367-em-sao-luis-do-piaui\/#primaryimage\",\"url\":\"https:\/\/noticiaempauta.com\/portal\/wp-content\/uploads\/2024\/09\/image-208.png\",\"contentUrl\":\"https:\/\/noticiaempauta.com\/portal\/wp-content\/uploads\/2024\/09\/image-208.png\",\"width\":800,\"height\":525},{\"@type\":\"BreadcrumbList\",\"@id\":\"https:\/\/noticiaempauta.com\/portal\/nova-pesquisa-aponta-lideranca-de-josafa-marques-com-5367-em-sao-luis-do-piaui\/#breadcrumb\",\"itemListElement\":[{\"@type\":\"ListItem\",\"position\":1,\"name\":\"P\u00e1gina Inicial\",\"item\":\"https:\/\/noticiaempauta.com\/portal\/\"},{\"@type\":\"ListItem\",\"position\":2,\"name\":\"Destaques\",\"item\":\"https:\/\/noticiaempauta.com\/portal\/destaques-site\/\"},{\"@type\":\"ListItem\",\"position\":3,\"name\":\"Nova pesquisa aponta lideran\u00e7a de Josaf\u00e1 Marques com 53,67% em S\u00e3o Lu\u00eds do Piau\u00ed\"}]},{\"@type\":\"WebSite\",\"@id\":\"https:\/\/noticiaempauta.com\/portal\/#website\",\"url\":\"https:\/\/noticiaempauta.com\/portal\/\",\"name\":\"Portal Not\u00edcia em Pauta\",\"description\":\"Voc\u00ea bem informado\",\"publisher\":{\"@id\":\"https:\/\/noticiaempauta.com\/portal\/#organization\"},\"potentialAction\":[{\"@type\":\"SearchAction\",\"target\":{\"@type\":\"EntryPoint\",\"urlTemplate\":\"https:\/\/noticiaempauta.com\/portal\/?s={search_term_string}\"},\"query-input\":{\"@type\":\"PropertyValueSpecification\",\"valueRequired\":true,\"valueName\":\"search_term_string\"}}],\"inLanguage\":\"pt-BR\"},{\"@type\":\"Organization\",\"@id\":\"https:\/\/noticiaempauta.com\/portal\/#organization\",\"name\":\"Portal Not\u00edcia em Pauta\",\"url\":\"https:\/\/noticiaempauta.com\/portal\/\",\"logo\":{\"@type\":\"ImageObject\",\"inLanguage\":\"pt-BR\",\"@id\":\"https:\/\/noticiaempauta.com\/portal\/#\/schema\/logo\/image\/\",\"url\":\"https:\/\/noticiaempauta.com\/portal\/wp-content\/uploads\/2022\/08\/logomarca_tema.fw_.png\",\"contentUrl\":\"https:\/\/noticiaempauta.com\/portal\/wp-content\/uploads\/2022\/08\/logomarca_tema.fw_.png\",\"width\":400,\"height\":232,\"caption\":\"Portal Not\u00edcia em Pauta\"},\"image\":{\"@id\":\"https:\/\/noticiaempauta.com\/portal\/#\/schema\/logo\/image\/\"},\"sameAs\":[\"https:\/\/www.facebook.com\/Portal-Notcia-Em-Pauta-102292869264820\/\",\"https:\/\/www.instagram.com\/portalnoticiaempauta\/\"]},{\"@type\":\"Person\",\"@id\":\"https:\/\/noticiaempauta.com\/portal\/#\/schema\/person\/a74af43dd1ab3deca45f988c717d57ac\",\"name\":\"Reda\u00e7\u00e3o\",\"image\":{\"@type\":\"ImageObject\",\"inLanguage\":\"pt-BR\",\"@id\":\"https:\/\/noticiaempauta.com\/portal\/#\/schema\/person\/image\/\",\"url\":\"https:\/\/secure.gravatar.com\/avatar\/03179346ecce6cdfc13361603e8f54242a90e5cde8618fa23c5c00aa2b0aadf3?s=96&d=mm&r=g\",\"contentUrl\":\"https:\/\/secure.gravatar.com\/avatar\/03179346ecce6cdfc13361603e8f54242a90e5cde8618fa23c5c00aa2b0aadf3?s=96&d=mm&r=g\",\"caption\":\"Reda\u00e7\u00e3o\"},\"sameAs\":[\"https:\/\/noticiaempauta.com\/portal\/\"],\"url\":\"https:\/\/noticiaempauta.com\/portal\/author\/fernando\/\"}]}<\/script>\n<!-- \/ Yoast SEO Premium plugin. -->","yoast_head_json":{"title":"Nova pesquisa aponta lideran\u00e7a de Josaf\u00e1 Marques com 53,67% em S\u00e3o Lu\u00eds do Piau\u00ed - Portal Not\u00edcia em Pauta","robots":{"index":"index","follow":"follow","max-snippet":"max-snippet:-1","max-image-preview":"max-image-preview:large","max-video-preview":"max-video-preview:-1"},"canonical":"https:\/\/noticiaempauta.com\/portal\/nova-pesquisa-aponta-lideranca-de-josafa-marques-com-5367-em-sao-luis-do-piaui\/","og_locale":"pt_BR","og_type":"article","og_title":"Nova pesquisa aponta lideran\u00e7a de Josaf\u00e1 Marques com 53,67% em S\u00e3o Lu\u00eds do Piau\u00ed","og_description":"Em segundo, o candidato Renato Pio (PP), aparece com 45,67%.","og_url":"https:\/\/noticiaempauta.com\/portal\/nova-pesquisa-aponta-lideranca-de-josafa-marques-com-5367-em-sao-luis-do-piaui\/","og_site_name":"Portal Not\u00edcia em Pauta","article_publisher":"https:\/\/www.facebook.com\/Portal-Notcia-Em-Pauta-102292869264820\/","article_published_time":"2024-09-30T19:53:02+00:00","article_modified_time":"2024-09-30T19:53:03+00:00","og_image":[{"width":800,"height":525,"url":"https:\/\/noticiaempauta.com\/portal\/wp-content\/uploads\/2024\/09\/image-208.png","type":"image\/png"}],"author":"Reda\u00e7\u00e3o","twitter_card":"summary_large_image","twitter_misc":{"Escrito por":"Reda\u00e7\u00e3o","Est. tempo de leitura":"3 minutos"},"schema":{"@context":"https:\/\/schema.org","@graph":[{"@type":"Article","@id":"https:\/\/noticiaempauta.com\/portal\/nova-pesquisa-aponta-lideranca-de-josafa-marques-com-5367-em-sao-luis-do-piaui\/#article","isPartOf":{"@id":"https:\/\/noticiaempauta.com\/portal\/nova-pesquisa-aponta-lideranca-de-josafa-marques-com-5367-em-sao-luis-do-piaui\/"},"author":{"name":"Reda\u00e7\u00e3o","@id":"https:\/\/noticiaempauta.com\/portal\/#\/schema\/person\/a74af43dd1ab3deca45f988c717d57ac"},"headline":"Nova pesquisa aponta lideran\u00e7a de Josaf\u00e1 Marques com 53,67% em S\u00e3o Lu\u00eds do Piau\u00ed","datePublished":"2024-09-30T19:53:02+00:00","dateModified":"2024-09-30T19:53:03+00:00","mainEntityOfPage":{"@id":"https:\/\/noticiaempauta.com\/portal\/nova-pesquisa-aponta-lideranca-de-josafa-marques-com-5367-em-sao-luis-do-piaui\/"},"wordCount":248,"commentCount":0,"publisher":{"@id":"https:\/\/noticiaempauta.com\/portal\/#organization"},"image":{"@id":"https:\/\/noticiaempauta.com\/portal\/nova-pesquisa-aponta-lideranca-de-josafa-marques-com-5367-em-sao-luis-do-piaui\/#primaryimage"},"thumbnailUrl":"https:\/\/noticiaempauta.com\/portal\/wp-content\/uploads\/2024\/09\/image-208.png","keywords":["destaqueprincipal"],"articleSection":["Destaques","Geral","Munic\u00edpios","Pol\u00edtica","Todas as Not\u00edcias"],"inLanguage":"pt-BR","potentialAction":[{"@type":"CommentAction","name":"Comment","target":["https:\/\/noticiaempauta.com\/portal\/nova-pesquisa-aponta-lideranca-de-josafa-marques-com-5367-em-sao-luis-do-piaui\/#respond"]}]},{"@type":"WebPage","@id":"https:\/\/noticiaempauta.com\/portal\/nova-pesquisa-aponta-lideranca-de-josafa-marques-com-5367-em-sao-luis-do-piaui\/","url":"https:\/\/noticiaempauta.com\/portal\/nova-pesquisa-aponta-lideranca-de-josafa-marques-com-5367-em-sao-luis-do-piaui\/","name":"Nova pesquisa aponta lideran\u00e7a de Josaf\u00e1 Marques com 53,67% em S\u00e3o Lu\u00eds do Piau\u00ed - Portal Not\u00edcia em Pauta","isPartOf":{"@id":"https:\/\/noticiaempauta.com\/portal\/#website"},"primaryImageOfPage":{"@id":"https:\/\/noticiaempauta.com\/portal\/nova-pesquisa-aponta-lideranca-de-josafa-marques-com-5367-em-sao-luis-do-piaui\/#primaryimage"},"image":{"@id":"https:\/\/noticiaempauta.com\/portal\/nova-pesquisa-aponta-lideranca-de-josafa-marques-com-5367-em-sao-luis-do-piaui\/#primaryimage"},"thumbnailUrl":"https:\/\/noticiaempauta.com\/portal\/wp-content\/uploads\/2024\/09\/image-208.png","datePublished":"2024-09-30T19:53:02+00:00","dateModified":"2024-09-30T19:53:03+00:00","breadcrumb":{"@id":"https:\/\/noticiaempauta.com\/portal\/nova-pesquisa-aponta-lideranca-de-josafa-marques-com-5367-em-sao-luis-do-piaui\/#breadcrumb"},"inLanguage":"pt-BR","potentialAction":[{"@type":"ReadAction","target":["https:\/\/noticiaempauta.com\/portal\/nova-pesquisa-aponta-lideranca-de-josafa-marques-com-5367-em-sao-luis-do-piaui\/"]}]},{"@type":"ImageObject","inLanguage":"pt-BR","@id":"https:\/\/noticiaempauta.com\/portal\/nova-pesquisa-aponta-lideranca-de-josafa-marques-com-5367-em-sao-luis-do-piaui\/#primaryimage","url":"https:\/\/noticiaempauta.com\/portal\/wp-content\/uploads\/2024\/09\/image-208.png","contentUrl":"https:\/\/noticiaempauta.com\/portal\/wp-content\/uploads\/2024\/09\/image-208.png","width":800,"height":525},{"@type":"BreadcrumbList","@id":"https:\/\/noticiaempauta.com\/portal\/nova-pesquisa-aponta-lideranca-de-josafa-marques-com-5367-em-sao-luis-do-piaui\/#breadcrumb","itemListElement":[{"@type":"ListItem","position":1,"name":"P\u00e1gina Inicial","item":"https:\/\/noticiaempauta.com\/portal\/"},{"@type":"ListItem","position":2,"name":"Destaques","item":"https:\/\/noticiaempauta.com\/portal\/destaques-site\/"},{"@type":"ListItem","position":3,"name":"Nova pesquisa aponta lideran\u00e7a de Josaf\u00e1 Marques com 53,67% em S\u00e3o Lu\u00eds do Piau\u00ed"}]},{"@type":"WebSite","@id":"https:\/\/noticiaempauta.com\/portal\/#website","url":"https:\/\/noticiaempauta.com\/portal\/","name":"Portal Not\u00edcia em Pauta","description":"Voc\u00ea bem informado","publisher":{"@id":"https:\/\/noticiaempauta.com\/portal\/#organization"},"potentialAction":[{"@type":"SearchAction","target":{"@type":"EntryPoint","urlTemplate":"https:\/\/noticiaempauta.com\/portal\/?s={search_term_string}"},"query-input":{"@type":"PropertyValueSpecification","valueRequired":true,"valueName":"search_term_string"}}],"inLanguage":"pt-BR"},{"@type":"Organization","@id":"https:\/\/noticiaempauta.com\/portal\/#organization","name":"Portal Not\u00edcia em Pauta","url":"https:\/\/noticiaempauta.com\/portal\/","logo":{"@type":"ImageObject","inLanguage":"pt-BR","@id":"https:\/\/noticiaempauta.com\/portal\/#\/schema\/logo\/image\/","url":"https:\/\/noticiaempauta.com\/portal\/wp-content\/uploads\/2022\/08\/logomarca_tema.fw_.png","contentUrl":"https:\/\/noticiaempauta.com\/portal\/wp-content\/uploads\/2022\/08\/logomarca_tema.fw_.png","width":400,"height":232,"caption":"Portal Not\u00edcia em Pauta"},"image":{"@id":"https:\/\/noticiaempauta.com\/portal\/#\/schema\/logo\/image\/"},"sameAs":["https:\/\/www.facebook.com\/Portal-Notcia-Em-Pauta-102292869264820\/","https:\/\/www.instagram.com\/portalnoticiaempauta\/"]},{"@type":"Person","@id":"https:\/\/noticiaempauta.com\/portal\/#\/schema\/person\/a74af43dd1ab3deca45f988c717d57ac","name":"Reda\u00e7\u00e3o","image":{"@type":"ImageObject","inLanguage":"pt-BR","@id":"https:\/\/noticiaempauta.com\/portal\/#\/schema\/person\/image\/","url":"https:\/\/secure.gravatar.com\/avatar\/03179346ecce6cdfc13361603e8f54242a90e5cde8618fa23c5c00aa2b0aadf3?s=96&d=mm&r=g","contentUrl":"https:\/\/secure.gravatar.com\/avatar\/03179346ecce6cdfc13361603e8f54242a90e5cde8618fa23c5c00aa2b0aadf3?s=96&d=mm&r=g","caption":"Reda\u00e7\u00e3o"},"sameAs":["https:\/\/noticiaempauta.com\/portal\/"],"url":"https:\/\/noticiaempauta.com\/portal\/author\/fernando\/"}]}},"_links":{"self":[{"href":"https:\/\/noticiaempauta.com\/portal\/wp-json\/wp\/v2\/posts\/262591","targetHints":{"allow":["GET"]}}],"collection":[{"href":"https:\/\/noticiaempauta.com\/portal\/wp-json\/wp\/v2\/posts"}],"about":[{"href":"https:\/\/noticiaempauta.com\/portal\/wp-json\/wp\/v2\/types\/post"}],"author":[{"embeddable":true,"href":"https:\/\/noticiaempauta.com\/portal\/wp-json\/wp\/v2\/users\/2"}],"replies":[{"embeddable":true,"href":"https:\/\/noticiaempauta.com\/portal\/wp-json\/wp\/v2\/comments?post=262591"}],"version-history":[{"count":2,"href":"https:\/\/noticiaempauta.com\/portal\/wp-json\/wp\/v2\/posts\/262591\/revisions"}],"predecessor-version":[{"id":262596,"href":"https:\/\/noticiaempauta.com\/portal\/wp-json\/wp\/v2\/posts\/262591\/revisions\/262596"}],"wp:featuredmedia":[{"embeddable":true,"href":"https:\/\/noticiaempauta.com\/portal\/wp-json\/wp\/v2\/media\/262594"}],"wp:attachment":[{"href":"https:\/\/noticiaempauta.com\/portal\/wp-json\/wp\/v2\/media?parent=262591"}],"wp:term":[{"taxonomy":"category","embeddable":true,"href":"https:\/\/noticiaempauta.com\/portal\/wp-json\/wp\/v2\/categories?post=262591"},{"taxonomy":"post_tag","embeddable":true,"href":"https:\/\/noticiaempauta.com\/portal\/wp-json\/wp\/v2\/tags?post=262591"}],"curies":[{"name":"wp","href":"https:\/\/api.w.org\/{rel}","templated":true}]}}