{"id":262688,"date":"2024-10-02T09:14:59","date_gmt":"2024-10-02T12:14:59","guid":{"rendered":"https:\/\/noticiaempauta.com\/portal\/?p=262688"},"modified":"2024-10-02T09:15:01","modified_gmt":"2024-10-02T12:15:01","slug":"der-conclui-obras-em-rodovia-na-regiao-que-vai-abrigar-novo-parque-eolico-no-piaui","status":"publish","type":"post","link":"https:\/\/noticiaempauta.com\/portal\/der-conclui-obras-em-rodovia-na-regiao-que-vai-abrigar-novo-parque-eolico-no-piaui\/","title":{"rendered":"DER conclui obras em rodovia na regi\u00e3o que vai abrigar novo Parque E\u00f3lico no Piau\u00ed"},"content":{"rendered":"\n<p>Os bons ventos do Nordeste colocam a regi\u00e3o como a campe\u00e3 na gera\u00e7\u00e3o de energia e\u00f3lica e, neste cen\u00e1rio, o Piau\u00ed se destaca como terceiro maior produtor de energia limpa na regi\u00e3o. Para incentivar essa potencialidade, o Governo do Estado, por meio do Departamento de Estradas de Rodagem (DER-PI), concluiu a recupera\u00e7\u00e3o da rodovia PI-142, no trecho entre as cidades de Marcol\u00e2ndia e Sim\u00f5es.<\/p>\n\n\n\n<p>\u201cMuitos perguntam por que o investimento em infraestrutura rodovi\u00e1ria \u00e9 t\u00e3o importante. Nessa obra, temos a resposta: \u00e9 necess\u00e1rio ressaltar que os nossos projetos t\u00eam esse foco de valorizar as potencialidades de cada regi\u00e3o. Sim\u00f5es vai sediar, em cerca de 90 dias, um parque e\u00f3lico que ter\u00e1 capacidade prevista de mais de 300 Megawatts, o que vai contribuir para a gera\u00e7\u00e3o de cerca de 3 mil empregos. Portanto, boas estradas tamb\u00e9m contribuem para a chegada de novas empresas. Assim, seguimos na miss\u00e3o de manter o nome do Estado em posi\u00e7\u00e3o de destaque dentro do cen\u00e1rio energ\u00e9tico do Brasil\u201d, explica Leonardo Sobral, diretor-geral do DER.<\/p>\n\n\n\n<p>A obra finalizada pelo DER-PI teve investimentos de R$ 10 milh\u00f5es. \u201cRecuperamos 30 km de extens\u00e3o da rodovia. Fizemos recomposi\u00e7\u00e3o da base, uma nova pavimenta\u00e7\u00e3o foi realizada, al\u00e9m de obras de drenagem e sinaliza\u00e7\u00e3o horizontal e vertical\u201d, acrescenta o gestor.<\/p>\n\n\n\n<p>Leonardo Sobral destaca ainda a import\u00e2ncia de investimentos em energias renov\u00e1veis. \u201cEsse tipo de energia \u00e9 importante para a economia do Estado e do pa\u00eds, sem contar o impacto ambiental positivo, pois, com a energia e\u00f3lica, evitamos o lan\u00e7amento de toneladas de CO2 na atmosfera\u201d, ressalta Leonardo.<\/p>\n\n\n\n<figure class=\"wp-block-image size-full\"><img fetchpriority=\"high\" decoding=\"async\" width=\"1000\" height=\"558\" src=\"https:\/\/noticiaempauta.com\/portal\/wp-content\/uploads\/2024\/10\/large_PI_142_no_trecho_entre_as_cidades_de_Marcolandia_e_Simoes_13afe671ce.jpg\" alt=\"\" class=\"wp-image-262690\" srcset=\"https:\/\/noticiaempauta.com\/portal\/wp-content\/uploads\/2024\/10\/large_PI_142_no_trecho_entre_as_cidades_de_Marcolandia_e_Simoes_13afe671ce.jpg 1000w, https:\/\/noticiaempauta.com\/portal\/wp-content\/uploads\/2024\/10\/large_PI_142_no_trecho_entre_as_cidades_de_Marcolandia_e_Simoes_13afe671ce-300x167.jpg 300w, https:\/\/noticiaempauta.com\/portal\/wp-content\/uploads\/2024\/10\/large_PI_142_no_trecho_entre_as_cidades_de_Marcolandia_e_Simoes_13afe671ce-768x429.jpg 768w\" sizes=\"(max-width: 1000px) 100vw, 1000px\" \/><\/figure>\n\n\n\n<p>O diretor-geral do DER acrescenta ainda que a rodovia PI-142 fica localizada no Territ\u00f3rio Chapada do Vale do Rio Itaim e contribui tamb\u00e9m para a qualidade de vida da popula\u00e7\u00e3o. \u201c\u00c9 mais seguran\u00e7a. Temos agora uma estrada em boas condi\u00e7\u00f5es de tr\u00e1fego e as pessoas que vivem na regi\u00e3o conseguem realizar suas atividades de trabalho e demais atividades com acesso f\u00e1cil\u201d, conclui.<\/p>\n\n\n\n<p><strong>Energia E\u00f3lica<\/strong><\/p>\n\n\n\n<p>Segundo dados divulgados pela Revista Exame e Secretaria do Meio Ambiente e Recursos H\u00eddricos (Semarh), o Piau\u00ed foi o segundo estado com maior crescimento na gera\u00e7\u00e3o de energias renov\u00e1veis no Brasil. Entre 2021 e 2022, o estado teve um crescimento de 25,7% e perdeu apenas para Minas Gerais, que teve um crescimento de 26,9% na gera\u00e7\u00e3o de energias limpas.<\/p>\n\n\n\n<figure class=\"wp-block-image size-full\"><img decoding=\"async\" width=\"1000\" height=\"556\" src=\"https:\/\/noticiaempauta.com\/portal\/wp-content\/uploads\/2024\/10\/large_PI_142_no_trecho_entre_as_cidades_de_Marcolandia_e_Simoes3_99e247721f.jpg\" alt=\"\" class=\"wp-image-262689\" srcset=\"https:\/\/noticiaempauta.com\/portal\/wp-content\/uploads\/2024\/10\/large_PI_142_no_trecho_entre_as_cidades_de_Marcolandia_e_Simoes3_99e247721f.jpg 1000w, https:\/\/noticiaempauta.com\/portal\/wp-content\/uploads\/2024\/10\/large_PI_142_no_trecho_entre_as_cidades_de_Marcolandia_e_Simoes3_99e247721f-300x167.jpg 300w, https:\/\/noticiaempauta.com\/portal\/wp-content\/uploads\/2024\/10\/large_PI_142_no_trecho_entre_as_cidades_de_Marcolandia_e_Simoes3_99e247721f-768x427.jpg 768w\" sizes=\"(max-width: 1000px) 100vw, 1000px\" \/><\/figure>\n\n\n\n<p>Atualmente, o Piau\u00ed possui o maior parque de energia e\u00f3lica em opera\u00e7\u00e3o na Am\u00e9rica Latina. Localizado nos munic\u00edpios de Lagoa do Barro do Piau\u00ed, Queimada Nova e Dom Inoc\u00eancio, o complexo Lagoa dos Ventos possui 230 turbinas e\u00f3licas em atividade.<\/p>\n","protected":false},"excerpt":{"rendered":"<p>A obra finalizada pelo DER-PI teve investimento de R$ 10 milh\u00f5es.<\/p>\n","protected":false},"author":2,"featured_media":262689,"comment_status":"open","ping_status":"open","sticky":false,"template":"","format":"standard","meta":{"_mi_skip_tracking":false,"footnotes":""},"categories":[25,1,9,16],"tags":[192],"class_list":["post-262688","post","type-post","status-publish","format-standard","has-post-thumbnail","hentry","category-destaques-site","category-geral","category-municipios","category-todas","tag-destaqueprincipal"],"acf":[],"yoast_head":"<!-- This site is optimized with the Yoast SEO Premium plugin v19.2 (Yoast SEO v26.9) - https:\/\/yoast.com\/product\/yoast-seo-premium-wordpress\/ -->\n<title>DER conclui obras em rodovia na regi\u00e3o que vai abrigar novo Parque E\u00f3lico no Piau\u00ed - Portal Not\u00edcia em Pauta<\/title>\n<meta name=\"robots\" content=\"index, follow, max-snippet:-1, max-image-preview:large, max-video-preview:-1\" \/>\n<link rel=\"canonical\" href=\"https:\/\/noticiaempauta.com\/portal\/der-conclui-obras-em-rodovia-na-regiao-que-vai-abrigar-novo-parque-eolico-no-piaui\/\" \/>\n<meta property=\"og:locale\" content=\"pt_BR\" \/>\n<meta property=\"og:type\" content=\"article\" \/>\n<meta property=\"og:title\" content=\"DER conclui obras em rodovia na regi\u00e3o que vai abrigar novo Parque E\u00f3lico no Piau\u00ed\" \/>\n<meta property=\"og:description\" content=\"A obra finalizada pelo DER-PI teve investimento de R$ 10 milh\u00f5es.\" \/>\n<meta property=\"og:url\" content=\"https:\/\/noticiaempauta.com\/portal\/der-conclui-obras-em-rodovia-na-regiao-que-vai-abrigar-novo-parque-eolico-no-piaui\/\" \/>\n<meta property=\"og:site_name\" content=\"Portal Not\u00edcia em Pauta\" \/>\n<meta property=\"article:publisher\" content=\"https:\/\/www.facebook.com\/Portal-Notcia-Em-Pauta-102292869264820\/\" \/>\n<meta property=\"article:published_time\" content=\"2024-10-02T12:14:59+00:00\" \/>\n<meta property=\"article:modified_time\" content=\"2024-10-02T12:15:01+00:00\" \/>\n<meta property=\"og:image\" content=\"https:\/\/noticiaempauta.com\/portal\/wp-content\/uploads\/2024\/10\/large_PI_142_no_trecho_entre_as_cidades_de_Marcolandia_e_Simoes3_99e247721f.jpg\" \/>\n\t<meta property=\"og:image:width\" content=\"1000\" \/>\n\t<meta property=\"og:image:height\" content=\"556\" \/>\n\t<meta property=\"og:image:type\" content=\"image\/jpeg\" \/>\n<meta name=\"author\" content=\"Reda\u00e7\u00e3o\" \/>\n<meta name=\"twitter:card\" content=\"summary_large_image\" \/>\n<meta name=\"twitter:label1\" content=\"Escrito por\" \/>\n\t<meta name=\"twitter:data1\" content=\"Reda\u00e7\u00e3o\" \/>\n\t<meta name=\"twitter:label2\" content=\"Est. tempo de leitura\" \/>\n\t<meta name=\"twitter:data2\" content=\"3 minutos\" \/>\n<script type=\"application\/ld+json\" class=\"yoast-schema-graph\">{\"@context\":\"https:\/\/schema.org\",\"@graph\":[{\"@type\":\"Article\",\"@id\":\"https:\/\/noticiaempauta.com\/portal\/der-conclui-obras-em-rodovia-na-regiao-que-vai-abrigar-novo-parque-eolico-no-piaui\/#article\",\"isPartOf\":{\"@id\":\"https:\/\/noticiaempauta.com\/portal\/der-conclui-obras-em-rodovia-na-regiao-que-vai-abrigar-novo-parque-eolico-no-piaui\/\"},\"author\":{\"name\":\"Reda\u00e7\u00e3o\",\"@id\":\"https:\/\/noticiaempauta.com\/portal\/#\/schema\/person\/a74af43dd1ab3deca45f988c717d57ac\"},\"headline\":\"DER conclui obras em rodovia na regi\u00e3o que vai abrigar novo Parque E\u00f3lico no Piau\u00ed\",\"datePublished\":\"2024-10-02T12:14:59+00:00\",\"dateModified\":\"2024-10-02T12:15:01+00:00\",\"mainEntityOfPage\":{\"@id\":\"https:\/\/noticiaempauta.com\/portal\/der-conclui-obras-em-rodovia-na-regiao-que-vai-abrigar-novo-parque-eolico-no-piaui\/\"},\"wordCount\":472,\"commentCount\":0,\"publisher\":{\"@id\":\"https:\/\/noticiaempauta.com\/portal\/#organization\"},\"image\":{\"@id\":\"https:\/\/noticiaempauta.com\/portal\/der-conclui-obras-em-rodovia-na-regiao-que-vai-abrigar-novo-parque-eolico-no-piaui\/#primaryimage\"},\"thumbnailUrl\":\"https:\/\/noticiaempauta.com\/portal\/wp-content\/uploads\/2024\/10\/large_PI_142_no_trecho_entre_as_cidades_de_Marcolandia_e_Simoes3_99e247721f.jpg\",\"keywords\":[\"destaqueprincipal\"],\"articleSection\":[\"Destaques\",\"Geral\",\"Munic\u00edpios\",\"Todas as Not\u00edcias\"],\"inLanguage\":\"pt-BR\",\"potentialAction\":[{\"@type\":\"CommentAction\",\"name\":\"Comment\",\"target\":[\"https:\/\/noticiaempauta.com\/portal\/der-conclui-obras-em-rodovia-na-regiao-que-vai-abrigar-novo-parque-eolico-no-piaui\/#respond\"]}]},{\"@type\":\"WebPage\",\"@id\":\"https:\/\/noticiaempauta.com\/portal\/der-conclui-obras-em-rodovia-na-regiao-que-vai-abrigar-novo-parque-eolico-no-piaui\/\",\"url\":\"https:\/\/noticiaempauta.com\/portal\/der-conclui-obras-em-rodovia-na-regiao-que-vai-abrigar-novo-parque-eolico-no-piaui\/\",\"name\":\"DER conclui obras em rodovia na regi\u00e3o que vai abrigar novo Parque E\u00f3lico no Piau\u00ed - Portal Not\u00edcia em Pauta\",\"isPartOf\":{\"@id\":\"https:\/\/noticiaempauta.com\/portal\/#website\"},\"primaryImageOfPage\":{\"@id\":\"https:\/\/noticiaempauta.com\/portal\/der-conclui-obras-em-rodovia-na-regiao-que-vai-abrigar-novo-parque-eolico-no-piaui\/#primaryimage\"},\"image\":{\"@id\":\"https:\/\/noticiaempauta.com\/portal\/der-conclui-obras-em-rodovia-na-regiao-que-vai-abrigar-novo-parque-eolico-no-piaui\/#primaryimage\"},\"thumbnailUrl\":\"https:\/\/noticiaempauta.com\/portal\/wp-content\/uploads\/2024\/10\/large_PI_142_no_trecho_entre_as_cidades_de_Marcolandia_e_Simoes3_99e247721f.jpg\",\"datePublished\":\"2024-10-02T12:14:59+00:00\",\"dateModified\":\"2024-10-02T12:15:01+00:00\",\"breadcrumb\":{\"@id\":\"https:\/\/noticiaempauta.com\/portal\/der-conclui-obras-em-rodovia-na-regiao-que-vai-abrigar-novo-parque-eolico-no-piaui\/#breadcrumb\"},\"inLanguage\":\"pt-BR\",\"potentialAction\":[{\"@type\":\"ReadAction\",\"target\":[\"https:\/\/noticiaempauta.com\/portal\/der-conclui-obras-em-rodovia-na-regiao-que-vai-abrigar-novo-parque-eolico-no-piaui\/\"]}]},{\"@type\":\"ImageObject\",\"inLanguage\":\"pt-BR\",\"@id\":\"https:\/\/noticiaempauta.com\/portal\/der-conclui-obras-em-rodovia-na-regiao-que-vai-abrigar-novo-parque-eolico-no-piaui\/#primaryimage\",\"url\":\"https:\/\/noticiaempauta.com\/portal\/wp-content\/uploads\/2024\/10\/large_PI_142_no_trecho_entre_as_cidades_de_Marcolandia_e_Simoes3_99e247721f.jpg\",\"contentUrl\":\"https:\/\/noticiaempauta.com\/portal\/wp-content\/uploads\/2024\/10\/large_PI_142_no_trecho_entre_as_cidades_de_Marcolandia_e_Simoes3_99e247721f.jpg\",\"width\":1000,\"height\":556},{\"@type\":\"BreadcrumbList\",\"@id\":\"https:\/\/noticiaempauta.com\/portal\/der-conclui-obras-em-rodovia-na-regiao-que-vai-abrigar-novo-parque-eolico-no-piaui\/#breadcrumb\",\"itemListElement\":[{\"@type\":\"ListItem\",\"position\":1,\"name\":\"P\u00e1gina Inicial\",\"item\":\"https:\/\/noticiaempauta.com\/portal\/\"},{\"@type\":\"ListItem\",\"position\":2,\"name\":\"Destaques\",\"item\":\"https:\/\/noticiaempauta.com\/portal\/destaques-site\/\"},{\"@type\":\"ListItem\",\"position\":3,\"name\":\"DER conclui obras em rodovia na regi\u00e3o que vai abrigar novo Parque E\u00f3lico no Piau\u00ed\"}]},{\"@type\":\"WebSite\",\"@id\":\"https:\/\/noticiaempauta.com\/portal\/#website\",\"url\":\"https:\/\/noticiaempauta.com\/portal\/\",\"name\":\"Portal Not\u00edcia em Pauta\",\"description\":\"Voc\u00ea bem informado\",\"publisher\":{\"@id\":\"https:\/\/noticiaempauta.com\/portal\/#organization\"},\"potentialAction\":[{\"@type\":\"SearchAction\",\"target\":{\"@type\":\"EntryPoint\",\"urlTemplate\":\"https:\/\/noticiaempauta.com\/portal\/?s={search_term_string}\"},\"query-input\":{\"@type\":\"PropertyValueSpecification\",\"valueRequired\":true,\"valueName\":\"search_term_string\"}}],\"inLanguage\":\"pt-BR\"},{\"@type\":\"Organization\",\"@id\":\"https:\/\/noticiaempauta.com\/portal\/#organization\",\"name\":\"Portal Not\u00edcia em Pauta\",\"url\":\"https:\/\/noticiaempauta.com\/portal\/\",\"logo\":{\"@type\":\"ImageObject\",\"inLanguage\":\"pt-BR\",\"@id\":\"https:\/\/noticiaempauta.com\/portal\/#\/schema\/logo\/image\/\",\"url\":\"https:\/\/noticiaempauta.com\/portal\/wp-content\/uploads\/2022\/08\/logomarca_tema.fw_.png\",\"contentUrl\":\"https:\/\/noticiaempauta.com\/portal\/wp-content\/uploads\/2022\/08\/logomarca_tema.fw_.png\",\"width\":400,\"height\":232,\"caption\":\"Portal Not\u00edcia em Pauta\"},\"image\":{\"@id\":\"https:\/\/noticiaempauta.com\/portal\/#\/schema\/logo\/image\/\"},\"sameAs\":[\"https:\/\/www.facebook.com\/Portal-Notcia-Em-Pauta-102292869264820\/\",\"https:\/\/www.instagram.com\/portalnoticiaempauta\/\"]},{\"@type\":\"Person\",\"@id\":\"https:\/\/noticiaempauta.com\/portal\/#\/schema\/person\/a74af43dd1ab3deca45f988c717d57ac\",\"name\":\"Reda\u00e7\u00e3o\",\"image\":{\"@type\":\"ImageObject\",\"inLanguage\":\"pt-BR\",\"@id\":\"https:\/\/noticiaempauta.com\/portal\/#\/schema\/person\/image\/\",\"url\":\"https:\/\/secure.gravatar.com\/avatar\/03179346ecce6cdfc13361603e8f54242a90e5cde8618fa23c5c00aa2b0aadf3?s=96&d=mm&r=g\",\"contentUrl\":\"https:\/\/secure.gravatar.com\/avatar\/03179346ecce6cdfc13361603e8f54242a90e5cde8618fa23c5c00aa2b0aadf3?s=96&d=mm&r=g\",\"caption\":\"Reda\u00e7\u00e3o\"},\"sameAs\":[\"https:\/\/noticiaempauta.com\/portal\/\"],\"url\":\"https:\/\/noticiaempauta.com\/portal\/author\/fernando\/\"}]}<\/script>\n<!-- \/ Yoast SEO Premium plugin. -->","yoast_head_json":{"title":"DER conclui obras em rodovia na regi\u00e3o que vai abrigar novo Parque E\u00f3lico no Piau\u00ed - Portal Not\u00edcia em Pauta","robots":{"index":"index","follow":"follow","max-snippet":"max-snippet:-1","max-image-preview":"max-image-preview:large","max-video-preview":"max-video-preview:-1"},"canonical":"https:\/\/noticiaempauta.com\/portal\/der-conclui-obras-em-rodovia-na-regiao-que-vai-abrigar-novo-parque-eolico-no-piaui\/","og_locale":"pt_BR","og_type":"article","og_title":"DER conclui obras em rodovia na regi\u00e3o que vai abrigar novo Parque E\u00f3lico no Piau\u00ed","og_description":"A obra finalizada pelo DER-PI teve investimento de R$ 10 milh\u00f5es.","og_url":"https:\/\/noticiaempauta.com\/portal\/der-conclui-obras-em-rodovia-na-regiao-que-vai-abrigar-novo-parque-eolico-no-piaui\/","og_site_name":"Portal Not\u00edcia em Pauta","article_publisher":"https:\/\/www.facebook.com\/Portal-Notcia-Em-Pauta-102292869264820\/","article_published_time":"2024-10-02T12:14:59+00:00","article_modified_time":"2024-10-02T12:15:01+00:00","og_image":[{"width":1000,"height":556,"url":"https:\/\/noticiaempauta.com\/portal\/wp-content\/uploads\/2024\/10\/large_PI_142_no_trecho_entre_as_cidades_de_Marcolandia_e_Simoes3_99e247721f.jpg","type":"image\/jpeg"}],"author":"Reda\u00e7\u00e3o","twitter_card":"summary_large_image","twitter_misc":{"Escrito por":"Reda\u00e7\u00e3o","Est. tempo de leitura":"3 minutos"},"schema":{"@context":"https:\/\/schema.org","@graph":[{"@type":"Article","@id":"https:\/\/noticiaempauta.com\/portal\/der-conclui-obras-em-rodovia-na-regiao-que-vai-abrigar-novo-parque-eolico-no-piaui\/#article","isPartOf":{"@id":"https:\/\/noticiaempauta.com\/portal\/der-conclui-obras-em-rodovia-na-regiao-que-vai-abrigar-novo-parque-eolico-no-piaui\/"},"author":{"name":"Reda\u00e7\u00e3o","@id":"https:\/\/noticiaempauta.com\/portal\/#\/schema\/person\/a74af43dd1ab3deca45f988c717d57ac"},"headline":"DER conclui obras em rodovia na regi\u00e3o que vai abrigar novo Parque E\u00f3lico no Piau\u00ed","datePublished":"2024-10-02T12:14:59+00:00","dateModified":"2024-10-02T12:15:01+00:00","mainEntityOfPage":{"@id":"https:\/\/noticiaempauta.com\/portal\/der-conclui-obras-em-rodovia-na-regiao-que-vai-abrigar-novo-parque-eolico-no-piaui\/"},"wordCount":472,"commentCount":0,"publisher":{"@id":"https:\/\/noticiaempauta.com\/portal\/#organization"},"image":{"@id":"https:\/\/noticiaempauta.com\/portal\/der-conclui-obras-em-rodovia-na-regiao-que-vai-abrigar-novo-parque-eolico-no-piaui\/#primaryimage"},"thumbnailUrl":"https:\/\/noticiaempauta.com\/portal\/wp-content\/uploads\/2024\/10\/large_PI_142_no_trecho_entre_as_cidades_de_Marcolandia_e_Simoes3_99e247721f.jpg","keywords":["destaqueprincipal"],"articleSection":["Destaques","Geral","Munic\u00edpios","Todas as Not\u00edcias"],"inLanguage":"pt-BR","potentialAction":[{"@type":"CommentAction","name":"Comment","target":["https:\/\/noticiaempauta.com\/portal\/der-conclui-obras-em-rodovia-na-regiao-que-vai-abrigar-novo-parque-eolico-no-piaui\/#respond"]}]},{"@type":"WebPage","@id":"https:\/\/noticiaempauta.com\/portal\/der-conclui-obras-em-rodovia-na-regiao-que-vai-abrigar-novo-parque-eolico-no-piaui\/","url":"https:\/\/noticiaempauta.com\/portal\/der-conclui-obras-em-rodovia-na-regiao-que-vai-abrigar-novo-parque-eolico-no-piaui\/","name":"DER conclui obras em rodovia na regi\u00e3o que vai abrigar novo Parque E\u00f3lico no Piau\u00ed - Portal Not\u00edcia em Pauta","isPartOf":{"@id":"https:\/\/noticiaempauta.com\/portal\/#website"},"primaryImageOfPage":{"@id":"https:\/\/noticiaempauta.com\/portal\/der-conclui-obras-em-rodovia-na-regiao-que-vai-abrigar-novo-parque-eolico-no-piaui\/#primaryimage"},"image":{"@id":"https:\/\/noticiaempauta.com\/portal\/der-conclui-obras-em-rodovia-na-regiao-que-vai-abrigar-novo-parque-eolico-no-piaui\/#primaryimage"},"thumbnailUrl":"https:\/\/noticiaempauta.com\/portal\/wp-content\/uploads\/2024\/10\/large_PI_142_no_trecho_entre_as_cidades_de_Marcolandia_e_Simoes3_99e247721f.jpg","datePublished":"2024-10-02T12:14:59+00:00","dateModified":"2024-10-02T12:15:01+00:00","breadcrumb":{"@id":"https:\/\/noticiaempauta.com\/portal\/der-conclui-obras-em-rodovia-na-regiao-que-vai-abrigar-novo-parque-eolico-no-piaui\/#breadcrumb"},"inLanguage":"pt-BR","potentialAction":[{"@type":"ReadAction","target":["https:\/\/noticiaempauta.com\/portal\/der-conclui-obras-em-rodovia-na-regiao-que-vai-abrigar-novo-parque-eolico-no-piaui\/"]}]},{"@type":"ImageObject","inLanguage":"pt-BR","@id":"https:\/\/noticiaempauta.com\/portal\/der-conclui-obras-em-rodovia-na-regiao-que-vai-abrigar-novo-parque-eolico-no-piaui\/#primaryimage","url":"https:\/\/noticiaempauta.com\/portal\/wp-content\/uploads\/2024\/10\/large_PI_142_no_trecho_entre_as_cidades_de_Marcolandia_e_Simoes3_99e247721f.jpg","contentUrl":"https:\/\/noticiaempauta.com\/portal\/wp-content\/uploads\/2024\/10\/large_PI_142_no_trecho_entre_as_cidades_de_Marcolandia_e_Simoes3_99e247721f.jpg","width":1000,"height":556},{"@type":"BreadcrumbList","@id":"https:\/\/noticiaempauta.com\/portal\/der-conclui-obras-em-rodovia-na-regiao-que-vai-abrigar-novo-parque-eolico-no-piaui\/#breadcrumb","itemListElement":[{"@type":"ListItem","position":1,"name":"P\u00e1gina Inicial","item":"https:\/\/noticiaempauta.com\/portal\/"},{"@type":"ListItem","position":2,"name":"Destaques","item":"https:\/\/noticiaempauta.com\/portal\/destaques-site\/"},{"@type":"ListItem","position":3,"name":"DER conclui obras em rodovia na regi\u00e3o que vai abrigar novo Parque E\u00f3lico no Piau\u00ed"}]},{"@type":"WebSite","@id":"https:\/\/noticiaempauta.com\/portal\/#website","url":"https:\/\/noticiaempauta.com\/portal\/","name":"Portal Not\u00edcia em Pauta","description":"Voc\u00ea bem informado","publisher":{"@id":"https:\/\/noticiaempauta.com\/portal\/#organization"},"potentialAction":[{"@type":"SearchAction","target":{"@type":"EntryPoint","urlTemplate":"https:\/\/noticiaempauta.com\/portal\/?s={search_term_string}"},"query-input":{"@type":"PropertyValueSpecification","valueRequired":true,"valueName":"search_term_string"}}],"inLanguage":"pt-BR"},{"@type":"Organization","@id":"https:\/\/noticiaempauta.com\/portal\/#organization","name":"Portal Not\u00edcia em Pauta","url":"https:\/\/noticiaempauta.com\/portal\/","logo":{"@type":"ImageObject","inLanguage":"pt-BR","@id":"https:\/\/noticiaempauta.com\/portal\/#\/schema\/logo\/image\/","url":"https:\/\/noticiaempauta.com\/portal\/wp-content\/uploads\/2022\/08\/logomarca_tema.fw_.png","contentUrl":"https:\/\/noticiaempauta.com\/portal\/wp-content\/uploads\/2022\/08\/logomarca_tema.fw_.png","width":400,"height":232,"caption":"Portal Not\u00edcia em Pauta"},"image":{"@id":"https:\/\/noticiaempauta.com\/portal\/#\/schema\/logo\/image\/"},"sameAs":["https:\/\/www.facebook.com\/Portal-Notcia-Em-Pauta-102292869264820\/","https:\/\/www.instagram.com\/portalnoticiaempauta\/"]},{"@type":"Person","@id":"https:\/\/noticiaempauta.com\/portal\/#\/schema\/person\/a74af43dd1ab3deca45f988c717d57ac","name":"Reda\u00e7\u00e3o","image":{"@type":"ImageObject","inLanguage":"pt-BR","@id":"https:\/\/noticiaempauta.com\/portal\/#\/schema\/person\/image\/","url":"https:\/\/secure.gravatar.com\/avatar\/03179346ecce6cdfc13361603e8f54242a90e5cde8618fa23c5c00aa2b0aadf3?s=96&d=mm&r=g","contentUrl":"https:\/\/secure.gravatar.com\/avatar\/03179346ecce6cdfc13361603e8f54242a90e5cde8618fa23c5c00aa2b0aadf3?s=96&d=mm&r=g","caption":"Reda\u00e7\u00e3o"},"sameAs":["https:\/\/noticiaempauta.com\/portal\/"],"url":"https:\/\/noticiaempauta.com\/portal\/author\/fernando\/"}]}},"_links":{"self":[{"href":"https:\/\/noticiaempauta.com\/portal\/wp-json\/wp\/v2\/posts\/262688","targetHints":{"allow":["GET"]}}],"collection":[{"href":"https:\/\/noticiaempauta.com\/portal\/wp-json\/wp\/v2\/posts"}],"about":[{"href":"https:\/\/noticiaempauta.com\/portal\/wp-json\/wp\/v2\/types\/post"}],"author":[{"embeddable":true,"href":"https:\/\/noticiaempauta.com\/portal\/wp-json\/wp\/v2\/users\/2"}],"replies":[{"embeddable":true,"href":"https:\/\/noticiaempauta.com\/portal\/wp-json\/wp\/v2\/comments?post=262688"}],"version-history":[{"count":2,"href":"https:\/\/noticiaempauta.com\/portal\/wp-json\/wp\/v2\/posts\/262688\/revisions"}],"predecessor-version":[{"id":262692,"href":"https:\/\/noticiaempauta.com\/portal\/wp-json\/wp\/v2\/posts\/262688\/revisions\/262692"}],"wp:featuredmedia":[{"embeddable":true,"href":"https:\/\/noticiaempauta.com\/portal\/wp-json\/wp\/v2\/media\/262689"}],"wp:attachment":[{"href":"https:\/\/noticiaempauta.com\/portal\/wp-json\/wp\/v2\/media?parent=262688"}],"wp:term":[{"taxonomy":"category","embeddable":true,"href":"https:\/\/noticiaempauta.com\/portal\/wp-json\/wp\/v2\/categories?post=262688"},{"taxonomy":"post_tag","embeddable":true,"href":"https:\/\/noticiaempauta.com\/portal\/wp-json\/wp\/v2\/tags?post=262688"}],"curies":[{"name":"wp","href":"https:\/\/api.w.org\/{rel}","templated":true}]}}