{"id":262866,"date":"2024-10-09T10:35:31","date_gmt":"2024-10-09T13:35:31","guid":{"rendered":"https:\/\/noticiaempauta.com\/portal\/?p=262866"},"modified":"2024-10-09T10:35:32","modified_gmt":"2024-10-09T13:35:32","slug":"pre-enem-seduc-na-estrada-mobiliza-estudantes-em-revisoes-nos-municipios-de-picos-e-fronteiras","status":"publish","type":"post","link":"https:\/\/noticiaempauta.com\/portal\/pre-enem-seduc-na-estrada-mobiliza-estudantes-em-revisoes-nos-municipios-de-picos-e-fronteiras\/","title":{"rendered":"Pr\u00e9-Enem Seduc: Na Estrada mobiliza estudantes em revis\u00f5es nos munic\u00edpios de Picos e Fronteiras"},"content":{"rendered":"\n<p>Com a proximidade das provas do Exame Nacional do Ensino M\u00e9dio (Enem), que ser\u00e3o aplicadas em pouco mais de 20 dias, a Secretaria da Educa\u00e7\u00e3o (Seduc) intensifica as a\u00e7\u00f5es de prepara\u00e7\u00e3o com a iniciativa &#8220;Pr\u00e9-Enem Seduc: Na Estrada&#8221;. Nesta semana, os munic\u00edpios de Picos e Fronteiras receber\u00e3o revis\u00f5es com os principais conte\u00fados cobrados no exame para os estudantes da rede estadual de ensino de forma din\u00e2mica e interativa.<\/p>\n\n\n\n<figure class=\"wp-block-image size-large\"><img fetchpriority=\"high\" decoding=\"async\" width=\"1024\" height=\"768\" src=\"https:\/\/noticiaempauta.com\/portal\/wp-content\/uploads\/2024\/10\/pre_enem4_99a72a3bb1-1024x768.jpg\" alt=\"\" class=\"wp-image-262867\" srcset=\"https:\/\/noticiaempauta.com\/portal\/wp-content\/uploads\/2024\/10\/pre_enem4_99a72a3bb1-1024x768.jpg 1024w, https:\/\/noticiaempauta.com\/portal\/wp-content\/uploads\/2024\/10\/pre_enem4_99a72a3bb1-300x225.jpg 300w, https:\/\/noticiaempauta.com\/portal\/wp-content\/uploads\/2024\/10\/pre_enem4_99a72a3bb1-768x576.jpg 768w, https:\/\/noticiaempauta.com\/portal\/wp-content\/uploads\/2024\/10\/pre_enem4_99a72a3bb1-1536x1152.jpg 1536w, https:\/\/noticiaempauta.com\/portal\/wp-content\/uploads\/2024\/10\/pre_enem4_99a72a3bb1-2048x1536.jpg 2048w\" sizes=\"(max-width: 1024px) 100vw, 1024px\" \/><\/figure>\n\n\n\n<p>Nesta quinta-feira (10), o Pr\u00e9-Enem Seduc estar\u00e1 em Picos, reunindo 780 estudantes, das 8h \u00e0s 13h, no Espa\u00e7o Versalles, localizado na rua Zezito Adriano, bairro Ema\u00fas. Os alunos, que cursam a 3\u00aa s\u00e9rie do ensino m\u00e9dio, s\u00e3o de 22 escolas jurisdicionadas \u00e0 9\u00aa Ger\u00eancia Regional de Educa\u00e7\u00e3o (GRE).<\/p>\n\n\n\n<p>J\u00e1 na sexta-feira (11), ser\u00e1 a vez de Fronteiras, onde 668 estudantes se reunir\u00e3o no Gin\u00e1sio Poliesportivo Guilherme Melo, no bairro Sagui, das 8h \u00e0s 13h. Assim como em Picos, a revis\u00e3o contar\u00e1 com transmiss\u00e3o ao vivo pelo YouTube do Canal Educa\u00e7\u00e3o, permitindo que alunos de outros locais acompanhem o conte\u00fado.&nbsp;<\/p>\n\n\n\n<p>A programa\u00e7\u00e3o inclui uma equipe de professores experientes, como Marcos Fernando (Linguagens), Chagleuton Pereira (Matem\u00e1tica), Izabel Cristina (Ci\u00eancias da Natureza), Keuri Campelo (Ci\u00eancias Humanas), Rosiara Ara\u00fajo e Francisco Raoni de Sousa (Reda\u00e7\u00e3o), sob a coordena\u00e7\u00e3o de Wellington Soares.<\/p>\n\n\n\n<p>Al\u00e9m da resolu\u00e7\u00e3o de quest\u00f5es ao vivo, os estudantes participar\u00e3o de um desafio especial, o &#8220;Pr\u00e9-Enem Seduc Game&#8221;. Na atividade, cinco representantes de cada GRE resolver\u00e3o 10 quest\u00f5es em tempo real, por meio da plataforma Quizizz, e o ranking ser\u00e1 exibido em um tel\u00e3o para a plateia. As equipes ser\u00e3o divididas em dois lados (A e B), com pontos acumulados para cada resposta correta e brindes para os estudantes.<\/p>\n\n\n\n<p>Os alunos receber\u00e3o material did\u00e1tico com quest\u00f5es de edi\u00e7\u00f5es anteriores do Enem, abrangendo todas as \u00e1reas do conhecimento, como Linguagens, Matem\u00e1tica, Ci\u00eancias da Natureza, Ci\u00eancias Humanas e Reda\u00e7\u00e3o.<\/p>\n\n\n\n<p>O secret\u00e1rio da Educa\u00e7\u00e3o, Washington Bandeira, ressalta a import\u00e2ncia do Pr\u00e9-Enem Seduc na reta final de prepara\u00e7\u00e3o para o Enem. \u201cEstamos comprometidos em oferecer o melhor suporte para os nossos estudantes e professores. A ideia de aliar conte\u00fado com dinamismo, por meio de atividades como o Pr\u00e9-Enem Seduc Game, traz um novo f\u00f4lego para a reta final de prepara\u00e7\u00e3o. Sabemos que o Enem \u00e9 um momento decisivo para a vida desses jovens e o nosso papel \u00e9 proporcionar todas as ferramentas poss\u00edveis para que eles estejam confiantes e preparados&#8221;, afirmou o gestor.<\/p>\n\n\n\n<p><strong>Munic\u00edpios envolvidos nas revis\u00f5es<\/strong><\/p>\n\n\n\n<p>Em Picos, participar\u00e3o da a\u00e7\u00e3o estudantes das escolas dos munic\u00edpios de Aroeira do Itaim, Bocaina, Campo Grande do Piau\u00ed, Dom Expedito Lopes, Francisco Santos, Geminiano, Ipiranga do Piau\u00ed, Itain\u00f3polis, Jaic\u00f3s, Massap\u00ea do Piau\u00ed, Monsenhor Hip\u00f3lito, Picos, Paquet\u00e1, Santa Cruz do Piau\u00ed, Santana, Santo Ant\u00f4nio de Lisboa, S\u00e3o Jo\u00e3o da Canabrava, S\u00e3o Jos\u00e9 do Piau\u00ed, S\u00e3o Lu\u00eds do Piau\u00ed, Sussuapara, Vera Mendes e Wall Ferraz.<\/p>\n\n\n\n<p>J\u00e1 em Fronteiras, os alunos s\u00e3o das escolas de Alagoinha do Piau\u00ed, Alegrete do Piau\u00ed, Bel\u00e9m do Piau\u00ed, Caldeir\u00e3o Grande, Fronteiras, Francisco Macedo, Marcol\u00e2ndia, Padre Marcos, Pio IX, S\u00e3o Juli\u00e3o, Sim\u00f5es e Vila Nova do Piau\u00ed.<\/p>\n\n\n\n<p>CCOM-PI<\/p>\n","protected":false},"excerpt":{"rendered":"<p>Com a proximidade das provas do Exame Nacional do Ensino M\u00e9dio (Enem), que ser\u00e3o aplicadas em pouco mais de 20 dias, a Secretaria da Educa\u00e7\u00e3o (Seduc) intensifica as a\u00e7\u00f5es de prepara\u00e7\u00e3o com a iniciativa &#8220;Pr\u00e9-Enem Seduc: Na Estrada&#8221;. Nesta semana, os munic\u00edpios de Picos e Fronteiras receber\u00e3o revis\u00f5es com os principais conte\u00fados cobrados no exame [&hellip;]<\/p>\n","protected":false},"author":2,"featured_media":262868,"comment_status":"open","ping_status":"open","sticky":false,"template":"","format":"standard","meta":{"_mi_skip_tracking":false,"footnotes":""},"categories":[25,1,9,16],"tags":[192],"class_list":["post-262866","post","type-post","status-publish","format-standard","has-post-thumbnail","hentry","category-destaques-site","category-geral","category-municipios","category-todas","tag-destaqueprincipal"],"acf":[],"yoast_head":"<!-- This site is optimized with the Yoast SEO Premium plugin v19.2 (Yoast SEO v26.9) - https:\/\/yoast.com\/product\/yoast-seo-premium-wordpress\/ -->\n<title>Pr\u00e9-Enem Seduc: Na Estrada mobiliza estudantes em revis\u00f5es nos munic\u00edpios de Picos e Fronteiras - Portal Not\u00edcia em Pauta<\/title>\n<meta name=\"robots\" content=\"index, follow, max-snippet:-1, max-image-preview:large, max-video-preview:-1\" \/>\n<link rel=\"canonical\" href=\"https:\/\/noticiaempauta.com\/portal\/pre-enem-seduc-na-estrada-mobiliza-estudantes-em-revisoes-nos-municipios-de-picos-e-fronteiras\/\" \/>\n<meta property=\"og:locale\" content=\"pt_BR\" \/>\n<meta property=\"og:type\" content=\"article\" \/>\n<meta property=\"og:title\" content=\"Pr\u00e9-Enem Seduc: Na Estrada mobiliza estudantes em revis\u00f5es nos munic\u00edpios de Picos e Fronteiras\" \/>\n<meta property=\"og:description\" content=\"Com a proximidade das provas do Exame Nacional do Ensino M\u00e9dio (Enem), que ser\u00e3o aplicadas em pouco mais de 20 dias, a Secretaria da Educa\u00e7\u00e3o (Seduc) intensifica as a\u00e7\u00f5es de prepara\u00e7\u00e3o com a iniciativa &#8220;Pr\u00e9-Enem Seduc: Na Estrada&#8221;. Nesta semana, os munic\u00edpios de Picos e Fronteiras receber\u00e3o revis\u00f5es com os principais conte\u00fados cobrados no exame [&hellip;]\" \/>\n<meta property=\"og:url\" content=\"https:\/\/noticiaempauta.com\/portal\/pre-enem-seduc-na-estrada-mobiliza-estudantes-em-revisoes-nos-municipios-de-picos-e-fronteiras\/\" \/>\n<meta property=\"og:site_name\" content=\"Portal Not\u00edcia em Pauta\" \/>\n<meta property=\"article:publisher\" content=\"https:\/\/www.facebook.com\/Portal-Notcia-Em-Pauta-102292869264820\/\" \/>\n<meta property=\"article:published_time\" content=\"2024-10-09T13:35:31+00:00\" \/>\n<meta property=\"article:modified_time\" content=\"2024-10-09T13:35:32+00:00\" \/>\n<meta property=\"og:image\" content=\"https:\/\/noticiaempauta.com\/portal\/wp-content\/uploads\/2024\/10\/pre_enem4_99a72a3bb1-1-scaled.jpg\" \/>\n\t<meta property=\"og:image:width\" content=\"2560\" \/>\n\t<meta property=\"og:image:height\" content=\"1920\" \/>\n\t<meta property=\"og:image:type\" content=\"image\/jpeg\" \/>\n<meta name=\"author\" content=\"Reda\u00e7\u00e3o\" \/>\n<meta name=\"twitter:card\" content=\"summary_large_image\" \/>\n<meta name=\"twitter:label1\" content=\"Escrito por\" \/>\n\t<meta name=\"twitter:data1\" content=\"Reda\u00e7\u00e3o\" \/>\n\t<meta name=\"twitter:label2\" content=\"Est. tempo de leitura\" \/>\n\t<meta name=\"twitter:data2\" content=\"4 minutos\" \/>\n<script type=\"application\/ld+json\" class=\"yoast-schema-graph\">{\"@context\":\"https:\/\/schema.org\",\"@graph\":[{\"@type\":\"Article\",\"@id\":\"https:\/\/noticiaempauta.com\/portal\/pre-enem-seduc-na-estrada-mobiliza-estudantes-em-revisoes-nos-municipios-de-picos-e-fronteiras\/#article\",\"isPartOf\":{\"@id\":\"https:\/\/noticiaempauta.com\/portal\/pre-enem-seduc-na-estrada-mobiliza-estudantes-em-revisoes-nos-municipios-de-picos-e-fronteiras\/\"},\"author\":{\"name\":\"Reda\u00e7\u00e3o\",\"@id\":\"https:\/\/noticiaempauta.com\/portal\/#\/schema\/person\/a74af43dd1ab3deca45f988c717d57ac\"},\"headline\":\"Pr\u00e9-Enem Seduc: Na Estrada mobiliza estudantes em revis\u00f5es nos munic\u00edpios de Picos e Fronteiras\",\"datePublished\":\"2024-10-09T13:35:31+00:00\",\"dateModified\":\"2024-10-09T13:35:32+00:00\",\"mainEntityOfPage\":{\"@id\":\"https:\/\/noticiaempauta.com\/portal\/pre-enem-seduc-na-estrada-mobiliza-estudantes-em-revisoes-nos-municipios-de-picos-e-fronteiras\/\"},\"wordCount\":585,\"commentCount\":0,\"publisher\":{\"@id\":\"https:\/\/noticiaempauta.com\/portal\/#organization\"},\"image\":{\"@id\":\"https:\/\/noticiaempauta.com\/portal\/pre-enem-seduc-na-estrada-mobiliza-estudantes-em-revisoes-nos-municipios-de-picos-e-fronteiras\/#primaryimage\"},\"thumbnailUrl\":\"https:\/\/noticiaempauta.com\/portal\/wp-content\/uploads\/2024\/10\/pre_enem4_99a72a3bb1-1-scaled.jpg\",\"keywords\":[\"destaqueprincipal\"],\"articleSection\":[\"Destaques\",\"Geral\",\"Munic\u00edpios\",\"Todas as Not\u00edcias\"],\"inLanguage\":\"pt-BR\",\"potentialAction\":[{\"@type\":\"CommentAction\",\"name\":\"Comment\",\"target\":[\"https:\/\/noticiaempauta.com\/portal\/pre-enem-seduc-na-estrada-mobiliza-estudantes-em-revisoes-nos-municipios-de-picos-e-fronteiras\/#respond\"]}]},{\"@type\":\"WebPage\",\"@id\":\"https:\/\/noticiaempauta.com\/portal\/pre-enem-seduc-na-estrada-mobiliza-estudantes-em-revisoes-nos-municipios-de-picos-e-fronteiras\/\",\"url\":\"https:\/\/noticiaempauta.com\/portal\/pre-enem-seduc-na-estrada-mobiliza-estudantes-em-revisoes-nos-municipios-de-picos-e-fronteiras\/\",\"name\":\"Pr\u00e9-Enem Seduc: Na Estrada mobiliza estudantes em revis\u00f5es nos munic\u00edpios de Picos e Fronteiras - Portal Not\u00edcia em Pauta\",\"isPartOf\":{\"@id\":\"https:\/\/noticiaempauta.com\/portal\/#website\"},\"primaryImageOfPage\":{\"@id\":\"https:\/\/noticiaempauta.com\/portal\/pre-enem-seduc-na-estrada-mobiliza-estudantes-em-revisoes-nos-municipios-de-picos-e-fronteiras\/#primaryimage\"},\"image\":{\"@id\":\"https:\/\/noticiaempauta.com\/portal\/pre-enem-seduc-na-estrada-mobiliza-estudantes-em-revisoes-nos-municipios-de-picos-e-fronteiras\/#primaryimage\"},\"thumbnailUrl\":\"https:\/\/noticiaempauta.com\/portal\/wp-content\/uploads\/2024\/10\/pre_enem4_99a72a3bb1-1-scaled.jpg\",\"datePublished\":\"2024-10-09T13:35:31+00:00\",\"dateModified\":\"2024-10-09T13:35:32+00:00\",\"breadcrumb\":{\"@id\":\"https:\/\/noticiaempauta.com\/portal\/pre-enem-seduc-na-estrada-mobiliza-estudantes-em-revisoes-nos-municipios-de-picos-e-fronteiras\/#breadcrumb\"},\"inLanguage\":\"pt-BR\",\"potentialAction\":[{\"@type\":\"ReadAction\",\"target\":[\"https:\/\/noticiaempauta.com\/portal\/pre-enem-seduc-na-estrada-mobiliza-estudantes-em-revisoes-nos-municipios-de-picos-e-fronteiras\/\"]}]},{\"@type\":\"ImageObject\",\"inLanguage\":\"pt-BR\",\"@id\":\"https:\/\/noticiaempauta.com\/portal\/pre-enem-seduc-na-estrada-mobiliza-estudantes-em-revisoes-nos-municipios-de-picos-e-fronteiras\/#primaryimage\",\"url\":\"https:\/\/noticiaempauta.com\/portal\/wp-content\/uploads\/2024\/10\/pre_enem4_99a72a3bb1-1-scaled.jpg\",\"contentUrl\":\"https:\/\/noticiaempauta.com\/portal\/wp-content\/uploads\/2024\/10\/pre_enem4_99a72a3bb1-1-scaled.jpg\",\"width\":2560,\"height\":1920},{\"@type\":\"BreadcrumbList\",\"@id\":\"https:\/\/noticiaempauta.com\/portal\/pre-enem-seduc-na-estrada-mobiliza-estudantes-em-revisoes-nos-municipios-de-picos-e-fronteiras\/#breadcrumb\",\"itemListElement\":[{\"@type\":\"ListItem\",\"position\":1,\"name\":\"P\u00e1gina Inicial\",\"item\":\"https:\/\/noticiaempauta.com\/portal\/\"},{\"@type\":\"ListItem\",\"position\":2,\"name\":\"Destaques\",\"item\":\"https:\/\/noticiaempauta.com\/portal\/destaques-site\/\"},{\"@type\":\"ListItem\",\"position\":3,\"name\":\"Pr\u00e9-Enem Seduc: Na Estrada mobiliza estudantes em revis\u00f5es nos munic\u00edpios de Picos e Fronteiras\"}]},{\"@type\":\"WebSite\",\"@id\":\"https:\/\/noticiaempauta.com\/portal\/#website\",\"url\":\"https:\/\/noticiaempauta.com\/portal\/\",\"name\":\"Portal Not\u00edcia em Pauta\",\"description\":\"Voc\u00ea bem informado\",\"publisher\":{\"@id\":\"https:\/\/noticiaempauta.com\/portal\/#organization\"},\"potentialAction\":[{\"@type\":\"SearchAction\",\"target\":{\"@type\":\"EntryPoint\",\"urlTemplate\":\"https:\/\/noticiaempauta.com\/portal\/?s={search_term_string}\"},\"query-input\":{\"@type\":\"PropertyValueSpecification\",\"valueRequired\":true,\"valueName\":\"search_term_string\"}}],\"inLanguage\":\"pt-BR\"},{\"@type\":\"Organization\",\"@id\":\"https:\/\/noticiaempauta.com\/portal\/#organization\",\"name\":\"Portal Not\u00edcia em Pauta\",\"url\":\"https:\/\/noticiaempauta.com\/portal\/\",\"logo\":{\"@type\":\"ImageObject\",\"inLanguage\":\"pt-BR\",\"@id\":\"https:\/\/noticiaempauta.com\/portal\/#\/schema\/logo\/image\/\",\"url\":\"https:\/\/noticiaempauta.com\/portal\/wp-content\/uploads\/2022\/08\/logomarca_tema.fw_.png\",\"contentUrl\":\"https:\/\/noticiaempauta.com\/portal\/wp-content\/uploads\/2022\/08\/logomarca_tema.fw_.png\",\"width\":400,\"height\":232,\"caption\":\"Portal Not\u00edcia em Pauta\"},\"image\":{\"@id\":\"https:\/\/noticiaempauta.com\/portal\/#\/schema\/logo\/image\/\"},\"sameAs\":[\"https:\/\/www.facebook.com\/Portal-Notcia-Em-Pauta-102292869264820\/\",\"https:\/\/www.instagram.com\/portalnoticiaempauta\/\"]},{\"@type\":\"Person\",\"@id\":\"https:\/\/noticiaempauta.com\/portal\/#\/schema\/person\/a74af43dd1ab3deca45f988c717d57ac\",\"name\":\"Reda\u00e7\u00e3o\",\"image\":{\"@type\":\"ImageObject\",\"inLanguage\":\"pt-BR\",\"@id\":\"https:\/\/noticiaempauta.com\/portal\/#\/schema\/person\/image\/\",\"url\":\"https:\/\/secure.gravatar.com\/avatar\/03179346ecce6cdfc13361603e8f54242a90e5cde8618fa23c5c00aa2b0aadf3?s=96&d=mm&r=g\",\"contentUrl\":\"https:\/\/secure.gravatar.com\/avatar\/03179346ecce6cdfc13361603e8f54242a90e5cde8618fa23c5c00aa2b0aadf3?s=96&d=mm&r=g\",\"caption\":\"Reda\u00e7\u00e3o\"},\"sameAs\":[\"https:\/\/noticiaempauta.com\/portal\/\"],\"url\":\"https:\/\/noticiaempauta.com\/portal\/author\/fernando\/\"}]}<\/script>\n<!-- \/ Yoast SEO Premium plugin. -->","yoast_head_json":{"title":"Pr\u00e9-Enem Seduc: Na Estrada mobiliza estudantes em revis\u00f5es nos munic\u00edpios de Picos e Fronteiras - Portal Not\u00edcia em Pauta","robots":{"index":"index","follow":"follow","max-snippet":"max-snippet:-1","max-image-preview":"max-image-preview:large","max-video-preview":"max-video-preview:-1"},"canonical":"https:\/\/noticiaempauta.com\/portal\/pre-enem-seduc-na-estrada-mobiliza-estudantes-em-revisoes-nos-municipios-de-picos-e-fronteiras\/","og_locale":"pt_BR","og_type":"article","og_title":"Pr\u00e9-Enem Seduc: Na Estrada mobiliza estudantes em revis\u00f5es nos munic\u00edpios de Picos e Fronteiras","og_description":"Com a proximidade das provas do Exame Nacional do Ensino M\u00e9dio (Enem), que ser\u00e3o aplicadas em pouco mais de 20 dias, a Secretaria da Educa\u00e7\u00e3o (Seduc) intensifica as a\u00e7\u00f5es de prepara\u00e7\u00e3o com a iniciativa &#8220;Pr\u00e9-Enem Seduc: Na Estrada&#8221;. Nesta semana, os munic\u00edpios de Picos e Fronteiras receber\u00e3o revis\u00f5es com os principais conte\u00fados cobrados no exame [&hellip;]","og_url":"https:\/\/noticiaempauta.com\/portal\/pre-enem-seduc-na-estrada-mobiliza-estudantes-em-revisoes-nos-municipios-de-picos-e-fronteiras\/","og_site_name":"Portal Not\u00edcia em Pauta","article_publisher":"https:\/\/www.facebook.com\/Portal-Notcia-Em-Pauta-102292869264820\/","article_published_time":"2024-10-09T13:35:31+00:00","article_modified_time":"2024-10-09T13:35:32+00:00","og_image":[{"width":2560,"height":1920,"url":"https:\/\/noticiaempauta.com\/portal\/wp-content\/uploads\/2024\/10\/pre_enem4_99a72a3bb1-1-scaled.jpg","type":"image\/jpeg"}],"author":"Reda\u00e7\u00e3o","twitter_card":"summary_large_image","twitter_misc":{"Escrito por":"Reda\u00e7\u00e3o","Est. tempo de leitura":"4 minutos"},"schema":{"@context":"https:\/\/schema.org","@graph":[{"@type":"Article","@id":"https:\/\/noticiaempauta.com\/portal\/pre-enem-seduc-na-estrada-mobiliza-estudantes-em-revisoes-nos-municipios-de-picos-e-fronteiras\/#article","isPartOf":{"@id":"https:\/\/noticiaempauta.com\/portal\/pre-enem-seduc-na-estrada-mobiliza-estudantes-em-revisoes-nos-municipios-de-picos-e-fronteiras\/"},"author":{"name":"Reda\u00e7\u00e3o","@id":"https:\/\/noticiaempauta.com\/portal\/#\/schema\/person\/a74af43dd1ab3deca45f988c717d57ac"},"headline":"Pr\u00e9-Enem Seduc: Na Estrada mobiliza estudantes em revis\u00f5es nos munic\u00edpios de Picos e Fronteiras","datePublished":"2024-10-09T13:35:31+00:00","dateModified":"2024-10-09T13:35:32+00:00","mainEntityOfPage":{"@id":"https:\/\/noticiaempauta.com\/portal\/pre-enem-seduc-na-estrada-mobiliza-estudantes-em-revisoes-nos-municipios-de-picos-e-fronteiras\/"},"wordCount":585,"commentCount":0,"publisher":{"@id":"https:\/\/noticiaempauta.com\/portal\/#organization"},"image":{"@id":"https:\/\/noticiaempauta.com\/portal\/pre-enem-seduc-na-estrada-mobiliza-estudantes-em-revisoes-nos-municipios-de-picos-e-fronteiras\/#primaryimage"},"thumbnailUrl":"https:\/\/noticiaempauta.com\/portal\/wp-content\/uploads\/2024\/10\/pre_enem4_99a72a3bb1-1-scaled.jpg","keywords":["destaqueprincipal"],"articleSection":["Destaques","Geral","Munic\u00edpios","Todas as Not\u00edcias"],"inLanguage":"pt-BR","potentialAction":[{"@type":"CommentAction","name":"Comment","target":["https:\/\/noticiaempauta.com\/portal\/pre-enem-seduc-na-estrada-mobiliza-estudantes-em-revisoes-nos-municipios-de-picos-e-fronteiras\/#respond"]}]},{"@type":"WebPage","@id":"https:\/\/noticiaempauta.com\/portal\/pre-enem-seduc-na-estrada-mobiliza-estudantes-em-revisoes-nos-municipios-de-picos-e-fronteiras\/","url":"https:\/\/noticiaempauta.com\/portal\/pre-enem-seduc-na-estrada-mobiliza-estudantes-em-revisoes-nos-municipios-de-picos-e-fronteiras\/","name":"Pr\u00e9-Enem Seduc: Na Estrada mobiliza estudantes em revis\u00f5es nos munic\u00edpios de Picos e Fronteiras - Portal Not\u00edcia em Pauta","isPartOf":{"@id":"https:\/\/noticiaempauta.com\/portal\/#website"},"primaryImageOfPage":{"@id":"https:\/\/noticiaempauta.com\/portal\/pre-enem-seduc-na-estrada-mobiliza-estudantes-em-revisoes-nos-municipios-de-picos-e-fronteiras\/#primaryimage"},"image":{"@id":"https:\/\/noticiaempauta.com\/portal\/pre-enem-seduc-na-estrada-mobiliza-estudantes-em-revisoes-nos-municipios-de-picos-e-fronteiras\/#primaryimage"},"thumbnailUrl":"https:\/\/noticiaempauta.com\/portal\/wp-content\/uploads\/2024\/10\/pre_enem4_99a72a3bb1-1-scaled.jpg","datePublished":"2024-10-09T13:35:31+00:00","dateModified":"2024-10-09T13:35:32+00:00","breadcrumb":{"@id":"https:\/\/noticiaempauta.com\/portal\/pre-enem-seduc-na-estrada-mobiliza-estudantes-em-revisoes-nos-municipios-de-picos-e-fronteiras\/#breadcrumb"},"inLanguage":"pt-BR","potentialAction":[{"@type":"ReadAction","target":["https:\/\/noticiaempauta.com\/portal\/pre-enem-seduc-na-estrada-mobiliza-estudantes-em-revisoes-nos-municipios-de-picos-e-fronteiras\/"]}]},{"@type":"ImageObject","inLanguage":"pt-BR","@id":"https:\/\/noticiaempauta.com\/portal\/pre-enem-seduc-na-estrada-mobiliza-estudantes-em-revisoes-nos-municipios-de-picos-e-fronteiras\/#primaryimage","url":"https:\/\/noticiaempauta.com\/portal\/wp-content\/uploads\/2024\/10\/pre_enem4_99a72a3bb1-1-scaled.jpg","contentUrl":"https:\/\/noticiaempauta.com\/portal\/wp-content\/uploads\/2024\/10\/pre_enem4_99a72a3bb1-1-scaled.jpg","width":2560,"height":1920},{"@type":"BreadcrumbList","@id":"https:\/\/noticiaempauta.com\/portal\/pre-enem-seduc-na-estrada-mobiliza-estudantes-em-revisoes-nos-municipios-de-picos-e-fronteiras\/#breadcrumb","itemListElement":[{"@type":"ListItem","position":1,"name":"P\u00e1gina Inicial","item":"https:\/\/noticiaempauta.com\/portal\/"},{"@type":"ListItem","position":2,"name":"Destaques","item":"https:\/\/noticiaempauta.com\/portal\/destaques-site\/"},{"@type":"ListItem","position":3,"name":"Pr\u00e9-Enem Seduc: Na Estrada mobiliza estudantes em revis\u00f5es nos munic\u00edpios de Picos e Fronteiras"}]},{"@type":"WebSite","@id":"https:\/\/noticiaempauta.com\/portal\/#website","url":"https:\/\/noticiaempauta.com\/portal\/","name":"Portal Not\u00edcia em Pauta","description":"Voc\u00ea bem informado","publisher":{"@id":"https:\/\/noticiaempauta.com\/portal\/#organization"},"potentialAction":[{"@type":"SearchAction","target":{"@type":"EntryPoint","urlTemplate":"https:\/\/noticiaempauta.com\/portal\/?s={search_term_string}"},"query-input":{"@type":"PropertyValueSpecification","valueRequired":true,"valueName":"search_term_string"}}],"inLanguage":"pt-BR"},{"@type":"Organization","@id":"https:\/\/noticiaempauta.com\/portal\/#organization","name":"Portal Not\u00edcia em Pauta","url":"https:\/\/noticiaempauta.com\/portal\/","logo":{"@type":"ImageObject","inLanguage":"pt-BR","@id":"https:\/\/noticiaempauta.com\/portal\/#\/schema\/logo\/image\/","url":"https:\/\/noticiaempauta.com\/portal\/wp-content\/uploads\/2022\/08\/logomarca_tema.fw_.png","contentUrl":"https:\/\/noticiaempauta.com\/portal\/wp-content\/uploads\/2022\/08\/logomarca_tema.fw_.png","width":400,"height":232,"caption":"Portal Not\u00edcia em Pauta"},"image":{"@id":"https:\/\/noticiaempauta.com\/portal\/#\/schema\/logo\/image\/"},"sameAs":["https:\/\/www.facebook.com\/Portal-Notcia-Em-Pauta-102292869264820\/","https:\/\/www.instagram.com\/portalnoticiaempauta\/"]},{"@type":"Person","@id":"https:\/\/noticiaempauta.com\/portal\/#\/schema\/person\/a74af43dd1ab3deca45f988c717d57ac","name":"Reda\u00e7\u00e3o","image":{"@type":"ImageObject","inLanguage":"pt-BR","@id":"https:\/\/noticiaempauta.com\/portal\/#\/schema\/person\/image\/","url":"https:\/\/secure.gravatar.com\/avatar\/03179346ecce6cdfc13361603e8f54242a90e5cde8618fa23c5c00aa2b0aadf3?s=96&d=mm&r=g","contentUrl":"https:\/\/secure.gravatar.com\/avatar\/03179346ecce6cdfc13361603e8f54242a90e5cde8618fa23c5c00aa2b0aadf3?s=96&d=mm&r=g","caption":"Reda\u00e7\u00e3o"},"sameAs":["https:\/\/noticiaempauta.com\/portal\/"],"url":"https:\/\/noticiaempauta.com\/portal\/author\/fernando\/"}]}},"_links":{"self":[{"href":"https:\/\/noticiaempauta.com\/portal\/wp-json\/wp\/v2\/posts\/262866","targetHints":{"allow":["GET"]}}],"collection":[{"href":"https:\/\/noticiaempauta.com\/portal\/wp-json\/wp\/v2\/posts"}],"about":[{"href":"https:\/\/noticiaempauta.com\/portal\/wp-json\/wp\/v2\/types\/post"}],"author":[{"embeddable":true,"href":"https:\/\/noticiaempauta.com\/portal\/wp-json\/wp\/v2\/users\/2"}],"replies":[{"embeddable":true,"href":"https:\/\/noticiaempauta.com\/portal\/wp-json\/wp\/v2\/comments?post=262866"}],"version-history":[{"count":2,"href":"https:\/\/noticiaempauta.com\/portal\/wp-json\/wp\/v2\/posts\/262866\/revisions"}],"predecessor-version":[{"id":262870,"href":"https:\/\/noticiaempauta.com\/portal\/wp-json\/wp\/v2\/posts\/262866\/revisions\/262870"}],"wp:featuredmedia":[{"embeddable":true,"href":"https:\/\/noticiaempauta.com\/portal\/wp-json\/wp\/v2\/media\/262868"}],"wp:attachment":[{"href":"https:\/\/noticiaempauta.com\/portal\/wp-json\/wp\/v2\/media?parent=262866"}],"wp:term":[{"taxonomy":"category","embeddable":true,"href":"https:\/\/noticiaempauta.com\/portal\/wp-json\/wp\/v2\/categories?post=262866"},{"taxonomy":"post_tag","embeddable":true,"href":"https:\/\/noticiaempauta.com\/portal\/wp-json\/wp\/v2\/tags?post=262866"}],"curies":[{"name":"wp","href":"https:\/\/api.w.org\/{rel}","templated":true}]}}