{"id":262880,"date":"2024-10-09T10:56:24","date_gmt":"2024-10-09T13:56:24","guid":{"rendered":"https:\/\/noticiaempauta.com\/portal\/?p=262880"},"modified":"2024-10-09T10:56:25","modified_gmt":"2024-10-09T13:56:25","slug":"assembleia-recebe-projeto-de-lei-orcamentaria-do-piaui-para-2025","status":"publish","type":"post","link":"https:\/\/noticiaempauta.com\/portal\/assembleia-recebe-projeto-de-lei-orcamentaria-do-piaui-para-2025\/","title":{"rendered":"Assembleia recebe Projeto de Lei Or\u00e7ament\u00e1ria do Piau\u00ed para 2025"},"content":{"rendered":"\n<p>O\u00a0Projeto de Lei Or\u00e7ament\u00e1ria do Governo do Estado (LOA)\u00a0chegou nesta ter\u00e7a-feira (08) \u00e0\u00a0Assembleia Legislativa do Piau\u00ed. O projeto estima a receita e fixa a despesa para o exerc\u00edcio de 2025 no Estado. A receita bruta estimada \u00e9 de R$ 28,4 milh\u00f5es, mas ap\u00f3s as dedu\u00e7\u00f5es do Fundeb e das transfer\u00eancias constitucionais aos munic\u00edpios, o valor resultante \u00e9 de R$ 23,1 bilh\u00f5es. Destes, R$ 10 bilh\u00f5es ser\u00e3o alocados para a folha de pagamento dos servidores estaduais.<\/p>\n\n\n\n<p>A LOA compreende o or\u00e7amento dos Poderes Executivo, Legislativo e Judici\u00e1rio, do Minist\u00e9rio P\u00fablico, da Defensoria P\u00fablica, Fundos, \u00f3rg\u00e3os e Entidades da Administra\u00e7\u00e3o Direta e Indireta e Empresas Estatais dependentes.<\/p>\n\n\n\n<p>No projeto enviado \u00e0 Alepi, o chefe do Executivo Estadual, governador Rafael Fonteles, destacou que\u00a0as \u00e1reas priorit\u00e1rias s\u00e3o Sa\u00fade, Educa\u00e7\u00e3o e Seguran\u00e7a P\u00fablica. Na Educa\u00e7\u00e3o est\u00e1 previsto or\u00e7amento de R$ 2.919.683.062 com \u00eanfase nas escolas de tempo integral J\u00e1 na Seguran\u00e7a, foi salientado o aumento do efetivo policial do Estado. Para esta \u00e1rea a LOA prev\u00ea R$ 2.147.613.777. O Governo prop\u00f5e nomear novos policiais pra fortalecer a presen\u00e7a da pol\u00edcia em todo o Estado.<\/p>\n\n\n\n<p>Na Sa\u00fade, o compromisso \u00e9 cumprir os limites m\u00ednimos de aplica\u00e7\u00e3o exigidos pela legisla\u00e7\u00e3o e melhorar continuamente os servi\u00e7os ofertados. O or\u00e7amento para a sa\u00fade est\u00e1 estipulado em R$ 3.097.047.911 que dever\u00e1 ser investido na expans\u00e3o da infraestrutura hospitalar, aquisi\u00e7\u00e3o de equipamentos e aumento do atendimento especializado.<\/p>\n\n\n\n<figure class=\"wp-block-image size-full\"><img fetchpriority=\"high\" decoding=\"async\" width=\"1000\" height=\"667\" src=\"https:\/\/noticiaempauta.com\/portal\/wp-content\/uploads\/2024\/08\/large_governador_rafael_fonteles_4_46812564d0.jpeg\" alt=\"\" class=\"wp-image-261632\" srcset=\"https:\/\/noticiaempauta.com\/portal\/wp-content\/uploads\/2024\/08\/large_governador_rafael_fonteles_4_46812564d0.jpeg 1000w, https:\/\/noticiaempauta.com\/portal\/wp-content\/uploads\/2024\/08\/large_governador_rafael_fonteles_4_46812564d0-300x200.jpeg 300w, https:\/\/noticiaempauta.com\/portal\/wp-content\/uploads\/2024\/08\/large_governador_rafael_fonteles_4_46812564d0-768x512.jpeg 768w\" sizes=\"(max-width: 1000px) 100vw, 1000px\" \/><\/figure>\n\n\n\n<p>\u201cO principal desafio do Governo \u00e9 superar as desigualdades sociais e econ\u00f4micas do Estadio, promovendo um crescimento inclusivo que distribua riquezas e reduza significativamente a popula\u00e7\u00e3o em situa\u00e7\u00e3o de pobreza\u201d, destacou Rafael Fonteles.<\/p>\n\n\n\n<h2 class=\"wp-block-heading\">LOA prev\u00ea tarifa zero no metr\u00f4 de Teresina<\/h2>\n\n\n\n<p>Um dos pontos que chamou a aten\u00e7\u00e3o no Projeto de Lei Or\u00e7ament\u00e1ria Anual (LOA) enviada \u00e0 Alepi pelo Governo foi a\u00a0proposta de tarifa zero para o metr\u00f4 de Teresina. Para viabilizar a iniciativa, o Executivo planeja investir na reforma de terminais de passageiros e na aquisi\u00e7\u00e3o de Ve\u00edculos Leves sobre Trilhos (VLT) mais modernos.<\/p>\n\n\n\n<p><strong><em>Fonte: Portal O Dia<\/em><\/strong><\/p>\n","protected":false},"excerpt":{"rendered":"<p>O\u00a0Projeto de Lei Or\u00e7ament\u00e1ria do Governo do Estado (LOA)\u00a0chegou nesta ter\u00e7a-feira (08) \u00e0\u00a0Assembleia Legislativa do Piau\u00ed. O projeto estima a receita e fixa a despesa para o exerc\u00edcio de 2025 no Estado. A receita bruta estimada \u00e9 de R$ 28,4 milh\u00f5es, mas ap\u00f3s as dedu\u00e7\u00f5es do Fundeb e das transfer\u00eancias constitucionais aos munic\u00edpios, o valor [&hellip;]<\/p>\n","protected":false},"author":2,"featured_media":261193,"comment_status":"open","ping_status":"open","sticky":false,"template":"","format":"standard","meta":{"_mi_skip_tracking":false,"footnotes":""},"categories":[25,6,1,16],"tags":[192],"class_list":["post-262880","post","type-post","status-publish","format-standard","has-post-thumbnail","hentry","category-destaques-site","category-economia","category-geral","category-todas","tag-destaqueprincipal"],"acf":[],"yoast_head":"<!-- This site is optimized with the Yoast SEO Premium plugin v19.2 (Yoast SEO v26.9) - https:\/\/yoast.com\/product\/yoast-seo-premium-wordpress\/ -->\n<title>Assembleia recebe Projeto de Lei Or\u00e7ament\u00e1ria do Piau\u00ed para 2025 - Portal Not\u00edcia em Pauta<\/title>\n<meta name=\"robots\" content=\"index, follow, max-snippet:-1, max-image-preview:large, max-video-preview:-1\" \/>\n<link rel=\"canonical\" href=\"https:\/\/noticiaempauta.com\/portal\/assembleia-recebe-projeto-de-lei-orcamentaria-do-piaui-para-2025\/\" \/>\n<meta property=\"og:locale\" content=\"pt_BR\" \/>\n<meta property=\"og:type\" content=\"article\" \/>\n<meta property=\"og:title\" content=\"Assembleia recebe Projeto de Lei Or\u00e7ament\u00e1ria do Piau\u00ed para 2025\" \/>\n<meta property=\"og:description\" content=\"O\u00a0Projeto de Lei Or\u00e7ament\u00e1ria do Governo do Estado (LOA)\u00a0chegou nesta ter\u00e7a-feira (08) \u00e0\u00a0Assembleia Legislativa do Piau\u00ed. O projeto estima a receita e fixa a despesa para o exerc\u00edcio de 2025 no Estado. A receita bruta estimada \u00e9 de R$ 28,4 milh\u00f5es, mas ap\u00f3s as dedu\u00e7\u00f5es do Fundeb e das transfer\u00eancias constitucionais aos munic\u00edpios, o valor [&hellip;]\" \/>\n<meta property=\"og:url\" content=\"https:\/\/noticiaempauta.com\/portal\/assembleia-recebe-projeto-de-lei-orcamentaria-do-piaui-para-2025\/\" \/>\n<meta property=\"og:site_name\" content=\"Portal Not\u00edcia em Pauta\" \/>\n<meta property=\"article:publisher\" content=\"https:\/\/www.facebook.com\/Portal-Notcia-Em-Pauta-102292869264820\/\" \/>\n<meta property=\"article:published_time\" content=\"2024-10-09T13:56:24+00:00\" \/>\n<meta property=\"article:modified_time\" content=\"2024-10-09T13:56:25+00:00\" \/>\n<meta property=\"og:image\" content=\"https:\/\/noticiaempauta.com\/portal\/wp-content\/uploads\/2024\/08\/alepinovoplenario.jpeg\" \/>\n\t<meta property=\"og:image:width\" content=\"768\" \/>\n\t<meta property=\"og:image:height\" content=\"512\" \/>\n\t<meta property=\"og:image:type\" content=\"image\/jpeg\" \/>\n<meta name=\"author\" content=\"Reda\u00e7\u00e3o\" \/>\n<meta name=\"twitter:card\" content=\"summary_large_image\" \/>\n<meta name=\"twitter:label1\" content=\"Escrito por\" \/>\n\t<meta name=\"twitter:data1\" content=\"Reda\u00e7\u00e3o\" \/>\n\t<meta name=\"twitter:label2\" content=\"Est. tempo de leitura\" \/>\n\t<meta name=\"twitter:data2\" content=\"3 minutos\" \/>\n<script type=\"application\/ld+json\" class=\"yoast-schema-graph\">{\"@context\":\"https:\/\/schema.org\",\"@graph\":[{\"@type\":\"Article\",\"@id\":\"https:\/\/noticiaempauta.com\/portal\/assembleia-recebe-projeto-de-lei-orcamentaria-do-piaui-para-2025\/#article\",\"isPartOf\":{\"@id\":\"https:\/\/noticiaempauta.com\/portal\/assembleia-recebe-projeto-de-lei-orcamentaria-do-piaui-para-2025\/\"},\"author\":{\"name\":\"Reda\u00e7\u00e3o\",\"@id\":\"https:\/\/noticiaempauta.com\/portal\/#\/schema\/person\/a74af43dd1ab3deca45f988c717d57ac\"},\"headline\":\"Assembleia recebe Projeto de Lei Or\u00e7ament\u00e1ria do Piau\u00ed para 2025\",\"datePublished\":\"2024-10-09T13:56:24+00:00\",\"dateModified\":\"2024-10-09T13:56:25+00:00\",\"mainEntityOfPage\":{\"@id\":\"https:\/\/noticiaempauta.com\/portal\/assembleia-recebe-projeto-de-lei-orcamentaria-do-piaui-para-2025\/\"},\"wordCount\":374,\"commentCount\":0,\"publisher\":{\"@id\":\"https:\/\/noticiaempauta.com\/portal\/#organization\"},\"image\":{\"@id\":\"https:\/\/noticiaempauta.com\/portal\/assembleia-recebe-projeto-de-lei-orcamentaria-do-piaui-para-2025\/#primaryimage\"},\"thumbnailUrl\":\"https:\/\/noticiaempauta.com\/portal\/wp-content\/uploads\/2024\/08\/alepinovoplenario.jpeg\",\"keywords\":[\"destaqueprincipal\"],\"articleSection\":[\"Destaques\",\"Economia\",\"Geral\",\"Todas as Not\u00edcias\"],\"inLanguage\":\"pt-BR\",\"potentialAction\":[{\"@type\":\"CommentAction\",\"name\":\"Comment\",\"target\":[\"https:\/\/noticiaempauta.com\/portal\/assembleia-recebe-projeto-de-lei-orcamentaria-do-piaui-para-2025\/#respond\"]}]},{\"@type\":\"WebPage\",\"@id\":\"https:\/\/noticiaempauta.com\/portal\/assembleia-recebe-projeto-de-lei-orcamentaria-do-piaui-para-2025\/\",\"url\":\"https:\/\/noticiaempauta.com\/portal\/assembleia-recebe-projeto-de-lei-orcamentaria-do-piaui-para-2025\/\",\"name\":\"Assembleia recebe Projeto de Lei Or\u00e7ament\u00e1ria do Piau\u00ed para 2025 - Portal Not\u00edcia em Pauta\",\"isPartOf\":{\"@id\":\"https:\/\/noticiaempauta.com\/portal\/#website\"},\"primaryImageOfPage\":{\"@id\":\"https:\/\/noticiaempauta.com\/portal\/assembleia-recebe-projeto-de-lei-orcamentaria-do-piaui-para-2025\/#primaryimage\"},\"image\":{\"@id\":\"https:\/\/noticiaempauta.com\/portal\/assembleia-recebe-projeto-de-lei-orcamentaria-do-piaui-para-2025\/#primaryimage\"},\"thumbnailUrl\":\"https:\/\/noticiaempauta.com\/portal\/wp-content\/uploads\/2024\/08\/alepinovoplenario.jpeg\",\"datePublished\":\"2024-10-09T13:56:24+00:00\",\"dateModified\":\"2024-10-09T13:56:25+00:00\",\"breadcrumb\":{\"@id\":\"https:\/\/noticiaempauta.com\/portal\/assembleia-recebe-projeto-de-lei-orcamentaria-do-piaui-para-2025\/#breadcrumb\"},\"inLanguage\":\"pt-BR\",\"potentialAction\":[{\"@type\":\"ReadAction\",\"target\":[\"https:\/\/noticiaempauta.com\/portal\/assembleia-recebe-projeto-de-lei-orcamentaria-do-piaui-para-2025\/\"]}]},{\"@type\":\"ImageObject\",\"inLanguage\":\"pt-BR\",\"@id\":\"https:\/\/noticiaempauta.com\/portal\/assembleia-recebe-projeto-de-lei-orcamentaria-do-piaui-para-2025\/#primaryimage\",\"url\":\"https:\/\/noticiaempauta.com\/portal\/wp-content\/uploads\/2024\/08\/alepinovoplenario.jpeg\",\"contentUrl\":\"https:\/\/noticiaempauta.com\/portal\/wp-content\/uploads\/2024\/08\/alepinovoplenario.jpeg\",\"width\":768,\"height\":512},{\"@type\":\"BreadcrumbList\",\"@id\":\"https:\/\/noticiaempauta.com\/portal\/assembleia-recebe-projeto-de-lei-orcamentaria-do-piaui-para-2025\/#breadcrumb\",\"itemListElement\":[{\"@type\":\"ListItem\",\"position\":1,\"name\":\"P\u00e1gina Inicial\",\"item\":\"https:\/\/noticiaempauta.com\/portal\/\"},{\"@type\":\"ListItem\",\"position\":2,\"name\":\"Destaques\",\"item\":\"https:\/\/noticiaempauta.com\/portal\/destaques-site\/\"},{\"@type\":\"ListItem\",\"position\":3,\"name\":\"Assembleia recebe Projeto de Lei Or\u00e7ament\u00e1ria do Piau\u00ed para 2025\"}]},{\"@type\":\"WebSite\",\"@id\":\"https:\/\/noticiaempauta.com\/portal\/#website\",\"url\":\"https:\/\/noticiaempauta.com\/portal\/\",\"name\":\"Portal Not\u00edcia em Pauta\",\"description\":\"Voc\u00ea bem informado\",\"publisher\":{\"@id\":\"https:\/\/noticiaempauta.com\/portal\/#organization\"},\"potentialAction\":[{\"@type\":\"SearchAction\",\"target\":{\"@type\":\"EntryPoint\",\"urlTemplate\":\"https:\/\/noticiaempauta.com\/portal\/?s={search_term_string}\"},\"query-input\":{\"@type\":\"PropertyValueSpecification\",\"valueRequired\":true,\"valueName\":\"search_term_string\"}}],\"inLanguage\":\"pt-BR\"},{\"@type\":\"Organization\",\"@id\":\"https:\/\/noticiaempauta.com\/portal\/#organization\",\"name\":\"Portal Not\u00edcia em Pauta\",\"url\":\"https:\/\/noticiaempauta.com\/portal\/\",\"logo\":{\"@type\":\"ImageObject\",\"inLanguage\":\"pt-BR\",\"@id\":\"https:\/\/noticiaempauta.com\/portal\/#\/schema\/logo\/image\/\",\"url\":\"https:\/\/noticiaempauta.com\/portal\/wp-content\/uploads\/2022\/08\/logomarca_tema.fw_.png\",\"contentUrl\":\"https:\/\/noticiaempauta.com\/portal\/wp-content\/uploads\/2022\/08\/logomarca_tema.fw_.png\",\"width\":400,\"height\":232,\"caption\":\"Portal Not\u00edcia em Pauta\"},\"image\":{\"@id\":\"https:\/\/noticiaempauta.com\/portal\/#\/schema\/logo\/image\/\"},\"sameAs\":[\"https:\/\/www.facebook.com\/Portal-Notcia-Em-Pauta-102292869264820\/\",\"https:\/\/www.instagram.com\/portalnoticiaempauta\/\"]},{\"@type\":\"Person\",\"@id\":\"https:\/\/noticiaempauta.com\/portal\/#\/schema\/person\/a74af43dd1ab3deca45f988c717d57ac\",\"name\":\"Reda\u00e7\u00e3o\",\"image\":{\"@type\":\"ImageObject\",\"inLanguage\":\"pt-BR\",\"@id\":\"https:\/\/noticiaempauta.com\/portal\/#\/schema\/person\/image\/\",\"url\":\"https:\/\/secure.gravatar.com\/avatar\/03179346ecce6cdfc13361603e8f54242a90e5cde8618fa23c5c00aa2b0aadf3?s=96&d=mm&r=g\",\"contentUrl\":\"https:\/\/secure.gravatar.com\/avatar\/03179346ecce6cdfc13361603e8f54242a90e5cde8618fa23c5c00aa2b0aadf3?s=96&d=mm&r=g\",\"caption\":\"Reda\u00e7\u00e3o\"},\"sameAs\":[\"https:\/\/noticiaempauta.com\/portal\/\"],\"url\":\"https:\/\/noticiaempauta.com\/portal\/author\/fernando\/\"}]}<\/script>\n<!-- \/ Yoast SEO Premium plugin. -->","yoast_head_json":{"title":"Assembleia recebe Projeto de Lei Or\u00e7ament\u00e1ria do Piau\u00ed para 2025 - Portal Not\u00edcia em Pauta","robots":{"index":"index","follow":"follow","max-snippet":"max-snippet:-1","max-image-preview":"max-image-preview:large","max-video-preview":"max-video-preview:-1"},"canonical":"https:\/\/noticiaempauta.com\/portal\/assembleia-recebe-projeto-de-lei-orcamentaria-do-piaui-para-2025\/","og_locale":"pt_BR","og_type":"article","og_title":"Assembleia recebe Projeto de Lei Or\u00e7ament\u00e1ria do Piau\u00ed para 2025","og_description":"O\u00a0Projeto de Lei Or\u00e7ament\u00e1ria do Governo do Estado (LOA)\u00a0chegou nesta ter\u00e7a-feira (08) \u00e0\u00a0Assembleia Legislativa do Piau\u00ed. O projeto estima a receita e fixa a despesa para o exerc\u00edcio de 2025 no Estado. A receita bruta estimada \u00e9 de R$ 28,4 milh\u00f5es, mas ap\u00f3s as dedu\u00e7\u00f5es do Fundeb e das transfer\u00eancias constitucionais aos munic\u00edpios, o valor [&hellip;]","og_url":"https:\/\/noticiaempauta.com\/portal\/assembleia-recebe-projeto-de-lei-orcamentaria-do-piaui-para-2025\/","og_site_name":"Portal Not\u00edcia em Pauta","article_publisher":"https:\/\/www.facebook.com\/Portal-Notcia-Em-Pauta-102292869264820\/","article_published_time":"2024-10-09T13:56:24+00:00","article_modified_time":"2024-10-09T13:56:25+00:00","og_image":[{"width":768,"height":512,"url":"https:\/\/noticiaempauta.com\/portal\/wp-content\/uploads\/2024\/08\/alepinovoplenario.jpeg","type":"image\/jpeg"}],"author":"Reda\u00e7\u00e3o","twitter_card":"summary_large_image","twitter_misc":{"Escrito por":"Reda\u00e7\u00e3o","Est. tempo de leitura":"3 minutos"},"schema":{"@context":"https:\/\/schema.org","@graph":[{"@type":"Article","@id":"https:\/\/noticiaempauta.com\/portal\/assembleia-recebe-projeto-de-lei-orcamentaria-do-piaui-para-2025\/#article","isPartOf":{"@id":"https:\/\/noticiaempauta.com\/portal\/assembleia-recebe-projeto-de-lei-orcamentaria-do-piaui-para-2025\/"},"author":{"name":"Reda\u00e7\u00e3o","@id":"https:\/\/noticiaempauta.com\/portal\/#\/schema\/person\/a74af43dd1ab3deca45f988c717d57ac"},"headline":"Assembleia recebe Projeto de Lei Or\u00e7ament\u00e1ria do Piau\u00ed para 2025","datePublished":"2024-10-09T13:56:24+00:00","dateModified":"2024-10-09T13:56:25+00:00","mainEntityOfPage":{"@id":"https:\/\/noticiaempauta.com\/portal\/assembleia-recebe-projeto-de-lei-orcamentaria-do-piaui-para-2025\/"},"wordCount":374,"commentCount":0,"publisher":{"@id":"https:\/\/noticiaempauta.com\/portal\/#organization"},"image":{"@id":"https:\/\/noticiaempauta.com\/portal\/assembleia-recebe-projeto-de-lei-orcamentaria-do-piaui-para-2025\/#primaryimage"},"thumbnailUrl":"https:\/\/noticiaempauta.com\/portal\/wp-content\/uploads\/2024\/08\/alepinovoplenario.jpeg","keywords":["destaqueprincipal"],"articleSection":["Destaques","Economia","Geral","Todas as Not\u00edcias"],"inLanguage":"pt-BR","potentialAction":[{"@type":"CommentAction","name":"Comment","target":["https:\/\/noticiaempauta.com\/portal\/assembleia-recebe-projeto-de-lei-orcamentaria-do-piaui-para-2025\/#respond"]}]},{"@type":"WebPage","@id":"https:\/\/noticiaempauta.com\/portal\/assembleia-recebe-projeto-de-lei-orcamentaria-do-piaui-para-2025\/","url":"https:\/\/noticiaempauta.com\/portal\/assembleia-recebe-projeto-de-lei-orcamentaria-do-piaui-para-2025\/","name":"Assembleia recebe Projeto de Lei Or\u00e7ament\u00e1ria do Piau\u00ed para 2025 - Portal Not\u00edcia em Pauta","isPartOf":{"@id":"https:\/\/noticiaempauta.com\/portal\/#website"},"primaryImageOfPage":{"@id":"https:\/\/noticiaempauta.com\/portal\/assembleia-recebe-projeto-de-lei-orcamentaria-do-piaui-para-2025\/#primaryimage"},"image":{"@id":"https:\/\/noticiaempauta.com\/portal\/assembleia-recebe-projeto-de-lei-orcamentaria-do-piaui-para-2025\/#primaryimage"},"thumbnailUrl":"https:\/\/noticiaempauta.com\/portal\/wp-content\/uploads\/2024\/08\/alepinovoplenario.jpeg","datePublished":"2024-10-09T13:56:24+00:00","dateModified":"2024-10-09T13:56:25+00:00","breadcrumb":{"@id":"https:\/\/noticiaempauta.com\/portal\/assembleia-recebe-projeto-de-lei-orcamentaria-do-piaui-para-2025\/#breadcrumb"},"inLanguage":"pt-BR","potentialAction":[{"@type":"ReadAction","target":["https:\/\/noticiaempauta.com\/portal\/assembleia-recebe-projeto-de-lei-orcamentaria-do-piaui-para-2025\/"]}]},{"@type":"ImageObject","inLanguage":"pt-BR","@id":"https:\/\/noticiaempauta.com\/portal\/assembleia-recebe-projeto-de-lei-orcamentaria-do-piaui-para-2025\/#primaryimage","url":"https:\/\/noticiaempauta.com\/portal\/wp-content\/uploads\/2024\/08\/alepinovoplenario.jpeg","contentUrl":"https:\/\/noticiaempauta.com\/portal\/wp-content\/uploads\/2024\/08\/alepinovoplenario.jpeg","width":768,"height":512},{"@type":"BreadcrumbList","@id":"https:\/\/noticiaempauta.com\/portal\/assembleia-recebe-projeto-de-lei-orcamentaria-do-piaui-para-2025\/#breadcrumb","itemListElement":[{"@type":"ListItem","position":1,"name":"P\u00e1gina Inicial","item":"https:\/\/noticiaempauta.com\/portal\/"},{"@type":"ListItem","position":2,"name":"Destaques","item":"https:\/\/noticiaempauta.com\/portal\/destaques-site\/"},{"@type":"ListItem","position":3,"name":"Assembleia recebe Projeto de Lei Or\u00e7ament\u00e1ria do Piau\u00ed para 2025"}]},{"@type":"WebSite","@id":"https:\/\/noticiaempauta.com\/portal\/#website","url":"https:\/\/noticiaempauta.com\/portal\/","name":"Portal Not\u00edcia em Pauta","description":"Voc\u00ea bem informado","publisher":{"@id":"https:\/\/noticiaempauta.com\/portal\/#organization"},"potentialAction":[{"@type":"SearchAction","target":{"@type":"EntryPoint","urlTemplate":"https:\/\/noticiaempauta.com\/portal\/?s={search_term_string}"},"query-input":{"@type":"PropertyValueSpecification","valueRequired":true,"valueName":"search_term_string"}}],"inLanguage":"pt-BR"},{"@type":"Organization","@id":"https:\/\/noticiaempauta.com\/portal\/#organization","name":"Portal Not\u00edcia em Pauta","url":"https:\/\/noticiaempauta.com\/portal\/","logo":{"@type":"ImageObject","inLanguage":"pt-BR","@id":"https:\/\/noticiaempauta.com\/portal\/#\/schema\/logo\/image\/","url":"https:\/\/noticiaempauta.com\/portal\/wp-content\/uploads\/2022\/08\/logomarca_tema.fw_.png","contentUrl":"https:\/\/noticiaempauta.com\/portal\/wp-content\/uploads\/2022\/08\/logomarca_tema.fw_.png","width":400,"height":232,"caption":"Portal Not\u00edcia em Pauta"},"image":{"@id":"https:\/\/noticiaempauta.com\/portal\/#\/schema\/logo\/image\/"},"sameAs":["https:\/\/www.facebook.com\/Portal-Notcia-Em-Pauta-102292869264820\/","https:\/\/www.instagram.com\/portalnoticiaempauta\/"]},{"@type":"Person","@id":"https:\/\/noticiaempauta.com\/portal\/#\/schema\/person\/a74af43dd1ab3deca45f988c717d57ac","name":"Reda\u00e7\u00e3o","image":{"@type":"ImageObject","inLanguage":"pt-BR","@id":"https:\/\/noticiaempauta.com\/portal\/#\/schema\/person\/image\/","url":"https:\/\/secure.gravatar.com\/avatar\/03179346ecce6cdfc13361603e8f54242a90e5cde8618fa23c5c00aa2b0aadf3?s=96&d=mm&r=g","contentUrl":"https:\/\/secure.gravatar.com\/avatar\/03179346ecce6cdfc13361603e8f54242a90e5cde8618fa23c5c00aa2b0aadf3?s=96&d=mm&r=g","caption":"Reda\u00e7\u00e3o"},"sameAs":["https:\/\/noticiaempauta.com\/portal\/"],"url":"https:\/\/noticiaempauta.com\/portal\/author\/fernando\/"}]}},"_links":{"self":[{"href":"https:\/\/noticiaempauta.com\/portal\/wp-json\/wp\/v2\/posts\/262880","targetHints":{"allow":["GET"]}}],"collection":[{"href":"https:\/\/noticiaempauta.com\/portal\/wp-json\/wp\/v2\/posts"}],"about":[{"href":"https:\/\/noticiaempauta.com\/portal\/wp-json\/wp\/v2\/types\/post"}],"author":[{"embeddable":true,"href":"https:\/\/noticiaempauta.com\/portal\/wp-json\/wp\/v2\/users\/2"}],"replies":[{"embeddable":true,"href":"https:\/\/noticiaempauta.com\/portal\/wp-json\/wp\/v2\/comments?post=262880"}],"version-history":[{"count":2,"href":"https:\/\/noticiaempauta.com\/portal\/wp-json\/wp\/v2\/posts\/262880\/revisions"}],"predecessor-version":[{"id":262882,"href":"https:\/\/noticiaempauta.com\/portal\/wp-json\/wp\/v2\/posts\/262880\/revisions\/262882"}],"wp:featuredmedia":[{"embeddable":true,"href":"https:\/\/noticiaempauta.com\/portal\/wp-json\/wp\/v2\/media\/261193"}],"wp:attachment":[{"href":"https:\/\/noticiaempauta.com\/portal\/wp-json\/wp\/v2\/media?parent=262880"}],"wp:term":[{"taxonomy":"category","embeddable":true,"href":"https:\/\/noticiaempauta.com\/portal\/wp-json\/wp\/v2\/categories?post=262880"},{"taxonomy":"post_tag","embeddable":true,"href":"https:\/\/noticiaempauta.com\/portal\/wp-json\/wp\/v2\/tags?post=262880"}],"curies":[{"name":"wp","href":"https:\/\/api.w.org\/{rel}","templated":true}]}}