{"id":262945,"date":"2024-10-12T06:11:49","date_gmt":"2024-10-12T09:11:49","guid":{"rendered":"https:\/\/noticiaempauta.com\/portal\/?p=262945"},"modified":"2024-10-12T06:13:29","modified_gmt":"2024-10-12T09:13:29","slug":"prefeito-eleito-de-massape-do-piaui-dr-wilton-coutinho-e-cotado-para-disputar-as-eleicoes-da-presidencia-da-appm","status":"publish","type":"post","link":"https:\/\/noticiaempauta.com\/portal\/prefeito-eleito-de-massape-do-piaui-dr-wilton-coutinho-e-cotado-para-disputar-as-eleicoes-da-presidencia-da-appm\/","title":{"rendered":"Prefeito eleito de Massap\u00ea do Piau\u00ed Dr. Wilton \u00e9 cotado para disputar presid\u00eancia da APPM"},"content":{"rendered":"\n<p>O rec\u00e9m-eleito prefeito de Massap\u00ea do Piau\u00ed, Dr. Wilton Coutinho, desponta como um dos nomes mais comentados para disputar a presid\u00eancia da Associa\u00e7\u00e3o Piauiense de Munic\u00edpios (APPM). A for\u00e7a de seu nome nos bastidores pol\u00edticos tem se intensificado, fruto de uma ampla articula\u00e7\u00e3o pol\u00edtica, de suas alian\u00e7as estrat\u00e9gicas e de sua proximidade com o governador do estado, Rafael Fonteles, de cuja base Dr. Wilton faz parte.<\/p>\n\n\n\n<figure class=\"wp-block-image size-full\"><img fetchpriority=\"high\" decoding=\"async\" width=\"788\" height=\"645\" src=\"https:\/\/noticiaempauta.com\/portal\/wp-content\/uploads\/2024\/10\/IMG_5704.jpeg\" alt=\"\" class=\"wp-image-262946\" srcset=\"https:\/\/noticiaempauta.com\/portal\/wp-content\/uploads\/2024\/10\/IMG_5704.jpeg 788w, https:\/\/noticiaempauta.com\/portal\/wp-content\/uploads\/2024\/10\/IMG_5704-300x246.jpeg 300w, https:\/\/noticiaempauta.com\/portal\/wp-content\/uploads\/2024\/10\/IMG_5704-768x629.jpeg 768w\" sizes=\"(max-width: 788px) 100vw, 788px\" \/><\/figure>\n\n\n\n<p>Com uma s\u00f3lida trajet\u00f3ria como m\u00e9dico ortopedista e um capital pol\u00edtico crescente ap\u00f3s a vit\u00f3ria em Massap\u00ea, Dr. Wilton \u00e9 visto como um candidato capaz de reunir prefeitos e fortalecer o di\u00e1logo entre as gest\u00f5es municipais e o governo estadual. A microrregi\u00e3o do Piau\u00ed tem sido palco de discuss\u00f5es que apontam seu nome como um unificador de lideran\u00e7as, algu\u00e9m que poder\u00e1 atuar com equil\u00edbrio e compromisso \u00e0 frente da APPM.<\/p>\n\n\n\n<p>Nos bastidores, seu nome \u00e9 citado com frequ\u00eancia como uma figura de consenso, especialmente em raz\u00e3o de sua capacidade de articula\u00e7\u00e3o e do respeito que conquistou entre os gestores municipais. Fontes ligadas ao governo estadual confirmam que Dr. Wilton mant\u00e9m uma rela\u00e7\u00e3o pr\u00f3xima com o governador Rafael Fonteles, o que aumenta suas chances de sucesso nessa disputa e refor\u00e7a sua posi\u00e7\u00e3o como um interlocutor privilegiado entre os munic\u00edpios e o Pal\u00e1cio de Karnak.<\/p>\n\n\n\n<p>Em recente entrevista, Dr. Wilton Coutinho comentou sobre as especula\u00e7\u00f5es de sua candidatura \u00e0 presid\u00eancia da APPM:<\/p>\n\n\n\n<p>&#8220;Recebo com muita alegria a not\u00edcia de que meu nome est\u00e1 sendo cotado para um cargo t\u00e3o importante. Sinto-me honrado e, caso essa possibilidade se confirme, estarei \u00e0 disposi\u00e7\u00e3o para colaborar com o fortalecimento dos munic\u00edpios do Piau\u00ed. Minha miss\u00e3o ser\u00e1 sempre trabalhar em prol do desenvolvimento regional e da melhoria de vida da nossa popula\u00e7\u00e3o.&#8221;<\/p>\n\n\n\n<p>A poss\u00edvel candidatura de Dr. Wilton \u00e0 presid\u00eancia da APPM vem ganhando for\u00e7a e pode representar uma nova fase para a institui\u00e7\u00e3o, com foco em uma gest\u00e3o mais pr\u00f3xima das demandas dos munic\u00edpios, fortalecendo o di\u00e1logo e a parceria com o governo do estado. Nos pr\u00f3ximos meses, as articula\u00e7\u00f5es devem se intensificar e o cen\u00e1rio pol\u00edtico come\u00e7ar\u00e1 a definir os rumos dessa importante disputa.<\/p>\n\n\n\n<p>Caso seu nome se confirme na disputa, a expectativa \u00e9 que Dr. Wilton Coutinho consiga unir for\u00e7as, trazendo apoio de diferentes regi\u00f5es do estado e assumindo um papel de destaque no cen\u00e1rio pol\u00edtico piauiense.<\/p>\n\n\n\n<p>Fonte: Conecta Piau\u00ed <\/p>\n","protected":false},"excerpt":{"rendered":"<p>O rec\u00e9m-eleito prefeito de Massap\u00ea do Piau\u00ed, Dr. Wilton Coutinho, desponta como um dos nomes mais comentados para disputar a presid\u00eancia da Associa\u00e7\u00e3o Piauiense de Munic\u00edpios (APPM). A for\u00e7a de seu nome nos bastidores pol\u00edticos tem se intensificado, fruto de uma ampla articula\u00e7\u00e3o pol\u00edtica, de suas alian\u00e7as estrat\u00e9gicas e de sua proximidade com o governador [&hellip;]<\/p>\n","protected":false},"author":2,"featured_media":262946,"comment_status":"open","ping_status":"open","sticky":false,"template":"","format":"standard","meta":{"_mi_skip_tracking":false,"footnotes":""},"categories":[25,1,9,16],"tags":[],"class_list":["post-262945","post","type-post","status-publish","format-standard","has-post-thumbnail","hentry","category-destaques-site","category-geral","category-municipios","category-todas"],"acf":[],"yoast_head":"<!-- This site is optimized with the Yoast SEO Premium plugin v19.2 (Yoast SEO v26.9) - https:\/\/yoast.com\/product\/yoast-seo-premium-wordpress\/ -->\n<title>Prefeito eleito de Massap\u00ea do Piau\u00ed Dr. Wilton \u00e9 cotado para disputar presid\u00eancia da APPM - Portal Not\u00edcia em Pauta<\/title>\n<meta name=\"robots\" content=\"index, follow, max-snippet:-1, max-image-preview:large, max-video-preview:-1\" \/>\n<link rel=\"canonical\" href=\"https:\/\/noticiaempauta.com\/portal\/prefeito-eleito-de-massape-do-piaui-dr-wilton-coutinho-e-cotado-para-disputar-as-eleicoes-da-presidencia-da-appm\/\" \/>\n<meta property=\"og:locale\" content=\"pt_BR\" \/>\n<meta property=\"og:type\" content=\"article\" \/>\n<meta property=\"og:title\" content=\"Prefeito eleito de Massap\u00ea do Piau\u00ed Dr. Wilton \u00e9 cotado para disputar presid\u00eancia da APPM\" \/>\n<meta property=\"og:description\" content=\"O rec\u00e9m-eleito prefeito de Massap\u00ea do Piau\u00ed, Dr. Wilton Coutinho, desponta como um dos nomes mais comentados para disputar a presid\u00eancia da Associa\u00e7\u00e3o Piauiense de Munic\u00edpios (APPM). A for\u00e7a de seu nome nos bastidores pol\u00edticos tem se intensificado, fruto de uma ampla articula\u00e7\u00e3o pol\u00edtica, de suas alian\u00e7as estrat\u00e9gicas e de sua proximidade com o governador [&hellip;]\" \/>\n<meta property=\"og:url\" content=\"https:\/\/noticiaempauta.com\/portal\/prefeito-eleito-de-massape-do-piaui-dr-wilton-coutinho-e-cotado-para-disputar-as-eleicoes-da-presidencia-da-appm\/\" \/>\n<meta property=\"og:site_name\" content=\"Portal Not\u00edcia em Pauta\" \/>\n<meta property=\"article:publisher\" content=\"https:\/\/www.facebook.com\/Portal-Notcia-Em-Pauta-102292869264820\/\" \/>\n<meta property=\"article:published_time\" content=\"2024-10-12T09:11:49+00:00\" \/>\n<meta property=\"article:modified_time\" content=\"2024-10-12T09:13:29+00:00\" \/>\n<meta property=\"og:image\" content=\"https:\/\/noticiaempauta.com\/portal\/wp-content\/uploads\/2024\/10\/IMG_5704.jpeg\" \/>\n\t<meta property=\"og:image:width\" content=\"788\" \/>\n\t<meta property=\"og:image:height\" content=\"645\" \/>\n\t<meta property=\"og:image:type\" content=\"image\/jpeg\" \/>\n<meta name=\"author\" content=\"Reda\u00e7\u00e3o\" \/>\n<meta name=\"twitter:card\" content=\"summary_large_image\" \/>\n<meta name=\"twitter:label1\" content=\"Escrito por\" \/>\n\t<meta name=\"twitter:data1\" content=\"Reda\u00e7\u00e3o\" \/>\n\t<meta name=\"twitter:label2\" content=\"Est. tempo de leitura\" \/>\n\t<meta name=\"twitter:data2\" content=\"3 minutos\" \/>\n<script type=\"application\/ld+json\" class=\"yoast-schema-graph\">{\"@context\":\"https:\/\/schema.org\",\"@graph\":[{\"@type\":\"Article\",\"@id\":\"https:\/\/noticiaempauta.com\/portal\/prefeito-eleito-de-massape-do-piaui-dr-wilton-coutinho-e-cotado-para-disputar-as-eleicoes-da-presidencia-da-appm\/#article\",\"isPartOf\":{\"@id\":\"https:\/\/noticiaempauta.com\/portal\/prefeito-eleito-de-massape-do-piaui-dr-wilton-coutinho-e-cotado-para-disputar-as-eleicoes-da-presidencia-da-appm\/\"},\"author\":{\"name\":\"Reda\u00e7\u00e3o\",\"@id\":\"https:\/\/noticiaempauta.com\/portal\/#\/schema\/person\/a74af43dd1ab3deca45f988c717d57ac\"},\"headline\":\"Prefeito eleito de Massap\u00ea do Piau\u00ed Dr. Wilton \u00e9 cotado para disputar presid\u00eancia da APPM\",\"datePublished\":\"2024-10-12T09:11:49+00:00\",\"dateModified\":\"2024-10-12T09:13:29+00:00\",\"mainEntityOfPage\":{\"@id\":\"https:\/\/noticiaempauta.com\/portal\/prefeito-eleito-de-massape-do-piaui-dr-wilton-coutinho-e-cotado-para-disputar-as-eleicoes-da-presidencia-da-appm\/\"},\"wordCount\":449,\"commentCount\":0,\"publisher\":{\"@id\":\"https:\/\/noticiaempauta.com\/portal\/#organization\"},\"image\":{\"@id\":\"https:\/\/noticiaempauta.com\/portal\/prefeito-eleito-de-massape-do-piaui-dr-wilton-coutinho-e-cotado-para-disputar-as-eleicoes-da-presidencia-da-appm\/#primaryimage\"},\"thumbnailUrl\":\"https:\/\/noticiaempauta.com\/portal\/wp-content\/uploads\/2024\/10\/IMG_5704.jpeg\",\"articleSection\":[\"Destaques\",\"Geral\",\"Munic\u00edpios\",\"Todas as Not\u00edcias\"],\"inLanguage\":\"pt-BR\",\"potentialAction\":[{\"@type\":\"CommentAction\",\"name\":\"Comment\",\"target\":[\"https:\/\/noticiaempauta.com\/portal\/prefeito-eleito-de-massape-do-piaui-dr-wilton-coutinho-e-cotado-para-disputar-as-eleicoes-da-presidencia-da-appm\/#respond\"]}]},{\"@type\":\"WebPage\",\"@id\":\"https:\/\/noticiaempauta.com\/portal\/prefeito-eleito-de-massape-do-piaui-dr-wilton-coutinho-e-cotado-para-disputar-as-eleicoes-da-presidencia-da-appm\/\",\"url\":\"https:\/\/noticiaempauta.com\/portal\/prefeito-eleito-de-massape-do-piaui-dr-wilton-coutinho-e-cotado-para-disputar-as-eleicoes-da-presidencia-da-appm\/\",\"name\":\"Prefeito eleito de Massap\u00ea do Piau\u00ed Dr. Wilton \u00e9 cotado para disputar presid\u00eancia da APPM - Portal Not\u00edcia em Pauta\",\"isPartOf\":{\"@id\":\"https:\/\/noticiaempauta.com\/portal\/#website\"},\"primaryImageOfPage\":{\"@id\":\"https:\/\/noticiaempauta.com\/portal\/prefeito-eleito-de-massape-do-piaui-dr-wilton-coutinho-e-cotado-para-disputar-as-eleicoes-da-presidencia-da-appm\/#primaryimage\"},\"image\":{\"@id\":\"https:\/\/noticiaempauta.com\/portal\/prefeito-eleito-de-massape-do-piaui-dr-wilton-coutinho-e-cotado-para-disputar-as-eleicoes-da-presidencia-da-appm\/#primaryimage\"},\"thumbnailUrl\":\"https:\/\/noticiaempauta.com\/portal\/wp-content\/uploads\/2024\/10\/IMG_5704.jpeg\",\"datePublished\":\"2024-10-12T09:11:49+00:00\",\"dateModified\":\"2024-10-12T09:13:29+00:00\",\"breadcrumb\":{\"@id\":\"https:\/\/noticiaempauta.com\/portal\/prefeito-eleito-de-massape-do-piaui-dr-wilton-coutinho-e-cotado-para-disputar-as-eleicoes-da-presidencia-da-appm\/#breadcrumb\"},\"inLanguage\":\"pt-BR\",\"potentialAction\":[{\"@type\":\"ReadAction\",\"target\":[\"https:\/\/noticiaempauta.com\/portal\/prefeito-eleito-de-massape-do-piaui-dr-wilton-coutinho-e-cotado-para-disputar-as-eleicoes-da-presidencia-da-appm\/\"]}]},{\"@type\":\"ImageObject\",\"inLanguage\":\"pt-BR\",\"@id\":\"https:\/\/noticiaempauta.com\/portal\/prefeito-eleito-de-massape-do-piaui-dr-wilton-coutinho-e-cotado-para-disputar-as-eleicoes-da-presidencia-da-appm\/#primaryimage\",\"url\":\"https:\/\/noticiaempauta.com\/portal\/wp-content\/uploads\/2024\/10\/IMG_5704.jpeg\",\"contentUrl\":\"https:\/\/noticiaempauta.com\/portal\/wp-content\/uploads\/2024\/10\/IMG_5704.jpeg\",\"width\":788,\"height\":645},{\"@type\":\"BreadcrumbList\",\"@id\":\"https:\/\/noticiaempauta.com\/portal\/prefeito-eleito-de-massape-do-piaui-dr-wilton-coutinho-e-cotado-para-disputar-as-eleicoes-da-presidencia-da-appm\/#breadcrumb\",\"itemListElement\":[{\"@type\":\"ListItem\",\"position\":1,\"name\":\"P\u00e1gina Inicial\",\"item\":\"https:\/\/noticiaempauta.com\/portal\/\"},{\"@type\":\"ListItem\",\"position\":2,\"name\":\"Destaques\",\"item\":\"https:\/\/noticiaempauta.com\/portal\/destaques-site\/\"},{\"@type\":\"ListItem\",\"position\":3,\"name\":\"Prefeito eleito de Massap\u00ea do Piau\u00ed Dr. Wilton \u00e9 cotado para disputar presid\u00eancia da APPM\"}]},{\"@type\":\"WebSite\",\"@id\":\"https:\/\/noticiaempauta.com\/portal\/#website\",\"url\":\"https:\/\/noticiaempauta.com\/portal\/\",\"name\":\"Portal Not\u00edcia em Pauta\",\"description\":\"Voc\u00ea bem informado\",\"publisher\":{\"@id\":\"https:\/\/noticiaempauta.com\/portal\/#organization\"},\"potentialAction\":[{\"@type\":\"SearchAction\",\"target\":{\"@type\":\"EntryPoint\",\"urlTemplate\":\"https:\/\/noticiaempauta.com\/portal\/?s={search_term_string}\"},\"query-input\":{\"@type\":\"PropertyValueSpecification\",\"valueRequired\":true,\"valueName\":\"search_term_string\"}}],\"inLanguage\":\"pt-BR\"},{\"@type\":\"Organization\",\"@id\":\"https:\/\/noticiaempauta.com\/portal\/#organization\",\"name\":\"Portal Not\u00edcia em Pauta\",\"url\":\"https:\/\/noticiaempauta.com\/portal\/\",\"logo\":{\"@type\":\"ImageObject\",\"inLanguage\":\"pt-BR\",\"@id\":\"https:\/\/noticiaempauta.com\/portal\/#\/schema\/logo\/image\/\",\"url\":\"https:\/\/noticiaempauta.com\/portal\/wp-content\/uploads\/2022\/08\/logomarca_tema.fw_.png\",\"contentUrl\":\"https:\/\/noticiaempauta.com\/portal\/wp-content\/uploads\/2022\/08\/logomarca_tema.fw_.png\",\"width\":400,\"height\":232,\"caption\":\"Portal Not\u00edcia em Pauta\"},\"image\":{\"@id\":\"https:\/\/noticiaempauta.com\/portal\/#\/schema\/logo\/image\/\"},\"sameAs\":[\"https:\/\/www.facebook.com\/Portal-Notcia-Em-Pauta-102292869264820\/\",\"https:\/\/www.instagram.com\/portalnoticiaempauta\/\"]},{\"@type\":\"Person\",\"@id\":\"https:\/\/noticiaempauta.com\/portal\/#\/schema\/person\/a74af43dd1ab3deca45f988c717d57ac\",\"name\":\"Reda\u00e7\u00e3o\",\"image\":{\"@type\":\"ImageObject\",\"inLanguage\":\"pt-BR\",\"@id\":\"https:\/\/noticiaempauta.com\/portal\/#\/schema\/person\/image\/\",\"url\":\"https:\/\/secure.gravatar.com\/avatar\/03179346ecce6cdfc13361603e8f54242a90e5cde8618fa23c5c00aa2b0aadf3?s=96&d=mm&r=g\",\"contentUrl\":\"https:\/\/secure.gravatar.com\/avatar\/03179346ecce6cdfc13361603e8f54242a90e5cde8618fa23c5c00aa2b0aadf3?s=96&d=mm&r=g\",\"caption\":\"Reda\u00e7\u00e3o\"},\"sameAs\":[\"https:\/\/noticiaempauta.com\/portal\/\"],\"url\":\"https:\/\/noticiaempauta.com\/portal\/author\/fernando\/\"}]}<\/script>\n<!-- \/ Yoast SEO Premium plugin. -->","yoast_head_json":{"title":"Prefeito eleito de Massap\u00ea do Piau\u00ed Dr. Wilton \u00e9 cotado para disputar presid\u00eancia da APPM - Portal Not\u00edcia em Pauta","robots":{"index":"index","follow":"follow","max-snippet":"max-snippet:-1","max-image-preview":"max-image-preview:large","max-video-preview":"max-video-preview:-1"},"canonical":"https:\/\/noticiaempauta.com\/portal\/prefeito-eleito-de-massape-do-piaui-dr-wilton-coutinho-e-cotado-para-disputar-as-eleicoes-da-presidencia-da-appm\/","og_locale":"pt_BR","og_type":"article","og_title":"Prefeito eleito de Massap\u00ea do Piau\u00ed Dr. Wilton \u00e9 cotado para disputar presid\u00eancia da APPM","og_description":"O rec\u00e9m-eleito prefeito de Massap\u00ea do Piau\u00ed, Dr. Wilton Coutinho, desponta como um dos nomes mais comentados para disputar a presid\u00eancia da Associa\u00e7\u00e3o Piauiense de Munic\u00edpios (APPM). A for\u00e7a de seu nome nos bastidores pol\u00edticos tem se intensificado, fruto de uma ampla articula\u00e7\u00e3o pol\u00edtica, de suas alian\u00e7as estrat\u00e9gicas e de sua proximidade com o governador [&hellip;]","og_url":"https:\/\/noticiaempauta.com\/portal\/prefeito-eleito-de-massape-do-piaui-dr-wilton-coutinho-e-cotado-para-disputar-as-eleicoes-da-presidencia-da-appm\/","og_site_name":"Portal Not\u00edcia em Pauta","article_publisher":"https:\/\/www.facebook.com\/Portal-Notcia-Em-Pauta-102292869264820\/","article_published_time":"2024-10-12T09:11:49+00:00","article_modified_time":"2024-10-12T09:13:29+00:00","og_image":[{"width":788,"height":645,"url":"https:\/\/noticiaempauta.com\/portal\/wp-content\/uploads\/2024\/10\/IMG_5704.jpeg","type":"image\/jpeg"}],"author":"Reda\u00e7\u00e3o","twitter_card":"summary_large_image","twitter_misc":{"Escrito por":"Reda\u00e7\u00e3o","Est. tempo de leitura":"3 minutos"},"schema":{"@context":"https:\/\/schema.org","@graph":[{"@type":"Article","@id":"https:\/\/noticiaempauta.com\/portal\/prefeito-eleito-de-massape-do-piaui-dr-wilton-coutinho-e-cotado-para-disputar-as-eleicoes-da-presidencia-da-appm\/#article","isPartOf":{"@id":"https:\/\/noticiaempauta.com\/portal\/prefeito-eleito-de-massape-do-piaui-dr-wilton-coutinho-e-cotado-para-disputar-as-eleicoes-da-presidencia-da-appm\/"},"author":{"name":"Reda\u00e7\u00e3o","@id":"https:\/\/noticiaempauta.com\/portal\/#\/schema\/person\/a74af43dd1ab3deca45f988c717d57ac"},"headline":"Prefeito eleito de Massap\u00ea do Piau\u00ed Dr. Wilton \u00e9 cotado para disputar presid\u00eancia da APPM","datePublished":"2024-10-12T09:11:49+00:00","dateModified":"2024-10-12T09:13:29+00:00","mainEntityOfPage":{"@id":"https:\/\/noticiaempauta.com\/portal\/prefeito-eleito-de-massape-do-piaui-dr-wilton-coutinho-e-cotado-para-disputar-as-eleicoes-da-presidencia-da-appm\/"},"wordCount":449,"commentCount":0,"publisher":{"@id":"https:\/\/noticiaempauta.com\/portal\/#organization"},"image":{"@id":"https:\/\/noticiaempauta.com\/portal\/prefeito-eleito-de-massape-do-piaui-dr-wilton-coutinho-e-cotado-para-disputar-as-eleicoes-da-presidencia-da-appm\/#primaryimage"},"thumbnailUrl":"https:\/\/noticiaempauta.com\/portal\/wp-content\/uploads\/2024\/10\/IMG_5704.jpeg","articleSection":["Destaques","Geral","Munic\u00edpios","Todas as Not\u00edcias"],"inLanguage":"pt-BR","potentialAction":[{"@type":"CommentAction","name":"Comment","target":["https:\/\/noticiaempauta.com\/portal\/prefeito-eleito-de-massape-do-piaui-dr-wilton-coutinho-e-cotado-para-disputar-as-eleicoes-da-presidencia-da-appm\/#respond"]}]},{"@type":"WebPage","@id":"https:\/\/noticiaempauta.com\/portal\/prefeito-eleito-de-massape-do-piaui-dr-wilton-coutinho-e-cotado-para-disputar-as-eleicoes-da-presidencia-da-appm\/","url":"https:\/\/noticiaempauta.com\/portal\/prefeito-eleito-de-massape-do-piaui-dr-wilton-coutinho-e-cotado-para-disputar-as-eleicoes-da-presidencia-da-appm\/","name":"Prefeito eleito de Massap\u00ea do Piau\u00ed Dr. Wilton \u00e9 cotado para disputar presid\u00eancia da APPM - Portal Not\u00edcia em Pauta","isPartOf":{"@id":"https:\/\/noticiaempauta.com\/portal\/#website"},"primaryImageOfPage":{"@id":"https:\/\/noticiaempauta.com\/portal\/prefeito-eleito-de-massape-do-piaui-dr-wilton-coutinho-e-cotado-para-disputar-as-eleicoes-da-presidencia-da-appm\/#primaryimage"},"image":{"@id":"https:\/\/noticiaempauta.com\/portal\/prefeito-eleito-de-massape-do-piaui-dr-wilton-coutinho-e-cotado-para-disputar-as-eleicoes-da-presidencia-da-appm\/#primaryimage"},"thumbnailUrl":"https:\/\/noticiaempauta.com\/portal\/wp-content\/uploads\/2024\/10\/IMG_5704.jpeg","datePublished":"2024-10-12T09:11:49+00:00","dateModified":"2024-10-12T09:13:29+00:00","breadcrumb":{"@id":"https:\/\/noticiaempauta.com\/portal\/prefeito-eleito-de-massape-do-piaui-dr-wilton-coutinho-e-cotado-para-disputar-as-eleicoes-da-presidencia-da-appm\/#breadcrumb"},"inLanguage":"pt-BR","potentialAction":[{"@type":"ReadAction","target":["https:\/\/noticiaempauta.com\/portal\/prefeito-eleito-de-massape-do-piaui-dr-wilton-coutinho-e-cotado-para-disputar-as-eleicoes-da-presidencia-da-appm\/"]}]},{"@type":"ImageObject","inLanguage":"pt-BR","@id":"https:\/\/noticiaempauta.com\/portal\/prefeito-eleito-de-massape-do-piaui-dr-wilton-coutinho-e-cotado-para-disputar-as-eleicoes-da-presidencia-da-appm\/#primaryimage","url":"https:\/\/noticiaempauta.com\/portal\/wp-content\/uploads\/2024\/10\/IMG_5704.jpeg","contentUrl":"https:\/\/noticiaempauta.com\/portal\/wp-content\/uploads\/2024\/10\/IMG_5704.jpeg","width":788,"height":645},{"@type":"BreadcrumbList","@id":"https:\/\/noticiaempauta.com\/portal\/prefeito-eleito-de-massape-do-piaui-dr-wilton-coutinho-e-cotado-para-disputar-as-eleicoes-da-presidencia-da-appm\/#breadcrumb","itemListElement":[{"@type":"ListItem","position":1,"name":"P\u00e1gina Inicial","item":"https:\/\/noticiaempauta.com\/portal\/"},{"@type":"ListItem","position":2,"name":"Destaques","item":"https:\/\/noticiaempauta.com\/portal\/destaques-site\/"},{"@type":"ListItem","position":3,"name":"Prefeito eleito de Massap\u00ea do Piau\u00ed Dr. Wilton \u00e9 cotado para disputar presid\u00eancia da APPM"}]},{"@type":"WebSite","@id":"https:\/\/noticiaempauta.com\/portal\/#website","url":"https:\/\/noticiaempauta.com\/portal\/","name":"Portal Not\u00edcia em Pauta","description":"Voc\u00ea bem informado","publisher":{"@id":"https:\/\/noticiaempauta.com\/portal\/#organization"},"potentialAction":[{"@type":"SearchAction","target":{"@type":"EntryPoint","urlTemplate":"https:\/\/noticiaempauta.com\/portal\/?s={search_term_string}"},"query-input":{"@type":"PropertyValueSpecification","valueRequired":true,"valueName":"search_term_string"}}],"inLanguage":"pt-BR"},{"@type":"Organization","@id":"https:\/\/noticiaempauta.com\/portal\/#organization","name":"Portal Not\u00edcia em Pauta","url":"https:\/\/noticiaempauta.com\/portal\/","logo":{"@type":"ImageObject","inLanguage":"pt-BR","@id":"https:\/\/noticiaempauta.com\/portal\/#\/schema\/logo\/image\/","url":"https:\/\/noticiaempauta.com\/portal\/wp-content\/uploads\/2022\/08\/logomarca_tema.fw_.png","contentUrl":"https:\/\/noticiaempauta.com\/portal\/wp-content\/uploads\/2022\/08\/logomarca_tema.fw_.png","width":400,"height":232,"caption":"Portal Not\u00edcia em Pauta"},"image":{"@id":"https:\/\/noticiaempauta.com\/portal\/#\/schema\/logo\/image\/"},"sameAs":["https:\/\/www.facebook.com\/Portal-Notcia-Em-Pauta-102292869264820\/","https:\/\/www.instagram.com\/portalnoticiaempauta\/"]},{"@type":"Person","@id":"https:\/\/noticiaempauta.com\/portal\/#\/schema\/person\/a74af43dd1ab3deca45f988c717d57ac","name":"Reda\u00e7\u00e3o","image":{"@type":"ImageObject","inLanguage":"pt-BR","@id":"https:\/\/noticiaempauta.com\/portal\/#\/schema\/person\/image\/","url":"https:\/\/secure.gravatar.com\/avatar\/03179346ecce6cdfc13361603e8f54242a90e5cde8618fa23c5c00aa2b0aadf3?s=96&d=mm&r=g","contentUrl":"https:\/\/secure.gravatar.com\/avatar\/03179346ecce6cdfc13361603e8f54242a90e5cde8618fa23c5c00aa2b0aadf3?s=96&d=mm&r=g","caption":"Reda\u00e7\u00e3o"},"sameAs":["https:\/\/noticiaempauta.com\/portal\/"],"url":"https:\/\/noticiaempauta.com\/portal\/author\/fernando\/"}]}},"_links":{"self":[{"href":"https:\/\/noticiaempauta.com\/portal\/wp-json\/wp\/v2\/posts\/262945","targetHints":{"allow":["GET"]}}],"collection":[{"href":"https:\/\/noticiaempauta.com\/portal\/wp-json\/wp\/v2\/posts"}],"about":[{"href":"https:\/\/noticiaempauta.com\/portal\/wp-json\/wp\/v2\/types\/post"}],"author":[{"embeddable":true,"href":"https:\/\/noticiaempauta.com\/portal\/wp-json\/wp\/v2\/users\/2"}],"replies":[{"embeddable":true,"href":"https:\/\/noticiaempauta.com\/portal\/wp-json\/wp\/v2\/comments?post=262945"}],"version-history":[{"count":3,"href":"https:\/\/noticiaempauta.com\/portal\/wp-json\/wp\/v2\/posts\/262945\/revisions"}],"predecessor-version":[{"id":262949,"href":"https:\/\/noticiaempauta.com\/portal\/wp-json\/wp\/v2\/posts\/262945\/revisions\/262949"}],"wp:featuredmedia":[{"embeddable":true,"href":"https:\/\/noticiaempauta.com\/portal\/wp-json\/wp\/v2\/media\/262946"}],"wp:attachment":[{"href":"https:\/\/noticiaempauta.com\/portal\/wp-json\/wp\/v2\/media?parent=262945"}],"wp:term":[{"taxonomy":"category","embeddable":true,"href":"https:\/\/noticiaempauta.com\/portal\/wp-json\/wp\/v2\/categories?post=262945"},{"taxonomy":"post_tag","embeddable":true,"href":"https:\/\/noticiaempauta.com\/portal\/wp-json\/wp\/v2\/tags?post=262945"}],"curies":[{"name":"wp","href":"https:\/\/api.w.org\/{rel}","templated":true}]}}