{"id":263003,"date":"2024-10-14T09:57:07","date_gmt":"2024-10-14T12:57:07","guid":{"rendered":"https:\/\/noticiaempauta.com\/portal\/?p=263003"},"modified":"2024-10-14T09:57:08","modified_gmt":"2024-10-14T12:57:08","slug":"festa-da-vitoria-reune-grande-publico-em-comemoracao-da-reeleicao-de-djalma-policarpo-e-mariozan-rocha-em-monsenhor-hipolito","status":"publish","type":"post","link":"https:\/\/noticiaempauta.com\/portal\/festa-da-vitoria-reune-grande-publico-em-comemoracao-da-reeleicao-de-djalma-policarpo-e-mariozan-rocha-em-monsenhor-hipolito\/","title":{"rendered":"Festa da Vit\u00f3ria re\u00fane grande p\u00fablico em comemora\u00e7\u00e3o da reelei\u00e7\u00e3o de Djalma Policarpo e Mariozan Rocha em Monsenhor Hip\u00f3lito"},"content":{"rendered":"\n<p>Na noite deste domingo, 13 de outubro, a cidade de Monsenhor Hip\u00f3lito foi palco de uma grande comemora\u00e7\u00e3o pela reelei\u00e7\u00e3o do prefeito Djalma Policarpo, ao lado de seu vice, Mariozan Rocha.<\/p>\n\n\n\n<figure class=\"wp-block-image size-full\"><img fetchpriority=\"high\" decoding=\"async\" width=\"640\" height=\"427\" src=\"https:\/\/noticiaempauta.com\/portal\/wp-content\/uploads\/2024\/10\/DSC_0270.jpeg\" alt=\"\" class=\"wp-image-263014\" srcset=\"https:\/\/noticiaempauta.com\/portal\/wp-content\/uploads\/2024\/10\/DSC_0270.jpeg 640w, https:\/\/noticiaempauta.com\/portal\/wp-content\/uploads\/2024\/10\/DSC_0270-300x200.jpeg 300w\" sizes=\"(max-width: 640px) 100vw, 640px\" \/><\/figure>\n\n\n\n<figure class=\"wp-block-image size-full\"><img decoding=\"async\" width=\"640\" height=\"427\" src=\"https:\/\/noticiaempauta.com\/portal\/wp-content\/uploads\/2024\/10\/DSC_0244.jpeg\" alt=\"\" class=\"wp-image-263015\" srcset=\"https:\/\/noticiaempauta.com\/portal\/wp-content\/uploads\/2024\/10\/DSC_0244.jpeg 640w, https:\/\/noticiaempauta.com\/portal\/wp-content\/uploads\/2024\/10\/DSC_0244-300x200.jpeg 300w\" sizes=\"(max-width: 640px) 100vw, 640px\" \/><\/figure>\n\n\n\n<p>O evento, que marcou o in\u00edcio de um novo mandato de quatro anos, reuniu uma multid\u00e3o de apoiadores e importantes lideran\u00e7as pol\u00edticas locais.<\/p>\n\n\n\n<figure class=\"wp-block-image size-full\"><img decoding=\"async\" width=\"640\" height=\"427\" src=\"https:\/\/noticiaempauta.com\/portal\/wp-content\/uploads\/2024\/10\/DSC_0250-1.jpeg\" alt=\"\" class=\"wp-image-263016\" srcset=\"https:\/\/noticiaempauta.com\/portal\/wp-content\/uploads\/2024\/10\/DSC_0250-1.jpeg 640w, https:\/\/noticiaempauta.com\/portal\/wp-content\/uploads\/2024\/10\/DSC_0250-1-300x200.jpeg 300w\" sizes=\"(max-width: 640px) 100vw, 640px\" \/><\/figure>\n\n\n\n<figure class=\"wp-block-image size-full\"><img loading=\"lazy\" decoding=\"async\" width=\"629\" height=\"480\" src=\"https:\/\/noticiaempauta.com\/portal\/wp-content\/uploads\/2024\/10\/DSC_0292.jpeg\" alt=\"\" class=\"wp-image-263013\" srcset=\"https:\/\/noticiaempauta.com\/portal\/wp-content\/uploads\/2024\/10\/DSC_0292.jpeg 629w, https:\/\/noticiaempauta.com\/portal\/wp-content\/uploads\/2024\/10\/DSC_0292-300x229.jpeg 300w\" sizes=\"(max-width: 629px) 100vw, 629px\" \/><\/figure>\n\n\n\n<p>A celebra\u00e7\u00e3o teve in\u00edcio com uma concentra\u00e7\u00e3o em frente ao comit\u00ea eleitoral, de onde saiu uma passeata pelas principais ruas da cidade em dire\u00e7\u00e3o \u00e0 avenida central.<\/p>\n\n\n\n<figure class=\"wp-block-image size-full\"><img loading=\"lazy\" decoding=\"async\" width=\"640\" height=\"427\" src=\"https:\/\/noticiaempauta.com\/portal\/wp-content\/uploads\/2024\/10\/DSC_0254.jpeg\" alt=\"\" class=\"wp-image-263017\" srcset=\"https:\/\/noticiaempauta.com\/portal\/wp-content\/uploads\/2024\/10\/DSC_0254.jpeg 640w, https:\/\/noticiaempauta.com\/portal\/wp-content\/uploads\/2024\/10\/DSC_0254-300x200.jpeg 300w\" sizes=\"(max-width: 640px) 100vw, 640px\" \/><\/figure>\n\n\n\n<figure class=\"wp-block-image size-full\"><img loading=\"lazy\" decoding=\"async\" width=\"640\" height=\"463\" src=\"https:\/\/noticiaempauta.com\/portal\/wp-content\/uploads\/2024\/10\/DSC_0268.jpeg\" alt=\"\" class=\"wp-image-263018\" srcset=\"https:\/\/noticiaempauta.com\/portal\/wp-content\/uploads\/2024\/10\/DSC_0268.jpeg 640w, https:\/\/noticiaempauta.com\/portal\/wp-content\/uploads\/2024\/10\/DSC_0268-300x217.jpeg 300w\" sizes=\"(max-width: 640px) 100vw, 640px\" \/><\/figure>\n\n\n\n<p>Ao chegar ao local, as lideran\u00e7as e apoiadores deram in\u00edcio a um momento de reflex\u00e3o e f\u00e9, com a recita\u00e7\u00e3o do Pai Nosso. O vice-prefeito eleito, Mariozan Rocha, ainda cantou uma m\u00fasica em agradecimento pela conquista e pelo apoio da popula\u00e7\u00e3o.<\/p>\n\n\n\n<figure class=\"wp-block-image size-full\"><img loading=\"lazy\" decoding=\"async\" width=\"640\" height=\"427\" src=\"https:\/\/noticiaempauta.com\/portal\/wp-content\/uploads\/2024\/10\/DSC_0403.jpeg\" alt=\"\" class=\"wp-image-263008\" srcset=\"https:\/\/noticiaempauta.com\/portal\/wp-content\/uploads\/2024\/10\/DSC_0403.jpeg 640w, https:\/\/noticiaempauta.com\/portal\/wp-content\/uploads\/2024\/10\/DSC_0403-300x200.jpeg 300w\" sizes=\"(max-width: 640px) 100vw, 640px\" \/><\/figure>\n\n\n\n<p>Em seguida, a primeira-dama, Josefina Policarpo, os vereadores e apoiadores fizeram uso da palavra, onde comemoraram a vit\u00f3ria e agradeceram o voto de confian\u00e7a dado pela popula\u00e7\u00e3o.<\/p>\n\n\n\n<figure class=\"wp-block-image size-full\"><img loading=\"lazy\" decoding=\"async\" width=\"640\" height=\"427\" src=\"https:\/\/noticiaempauta.com\/portal\/wp-content\/uploads\/2024\/10\/DSC_0350.jpeg\" alt=\"\" class=\"wp-image-263012\" srcset=\"https:\/\/noticiaempauta.com\/portal\/wp-content\/uploads\/2024\/10\/DSC_0350.jpeg 640w, https:\/\/noticiaempauta.com\/portal\/wp-content\/uploads\/2024\/10\/DSC_0350-300x200.jpeg 300w\" sizes=\"(max-width: 640px) 100vw, 640px\" \/><\/figure>\n\n\n\n<p>Logo ap\u00f3s, Mariozan Rocha cantou mais uma m\u00fasica e falou sobre a alegria pela vit\u00f3ria.<\/p>\n\n\n\n<p>O prefeito reeleito, Djalma Policarpo, fez um discurso de agradecimento, destacando as conquistas do mandato anterior e refor\u00e7ando o compromisso de continuar trabalhando pelo desenvolvimento de Monsenhor Hip\u00f3lito.<\/p>\n\n\n\n<figure class=\"wp-block-image size-full\"><img loading=\"lazy\" decoding=\"async\" width=\"579\" height=\"480\" src=\"https:\/\/noticiaempauta.com\/portal\/wp-content\/uploads\/2024\/10\/DSC_043814.jpeg\" alt=\"\" class=\"wp-image-263005\" srcset=\"https:\/\/noticiaempauta.com\/portal\/wp-content\/uploads\/2024\/10\/DSC_043814.jpeg 579w, https:\/\/noticiaempauta.com\/portal\/wp-content\/uploads\/2024\/10\/DSC_043814-300x249.jpeg 300w\" sizes=\"(max-width: 579px) 100vw, 579px\" \/><\/figure>\n\n\n\n<p>A noite foi encerrada com um show do vaqueiro Karkara e sua banda, que manteve a energia dos presentes em alta, transformando o evento em uma grande festa popular.<\/p>\n\n\n\n<figure class=\"wp-block-image size-full\"><img loading=\"lazy\" decoding=\"async\" width=\"640\" height=\"427\" src=\"https:\/\/noticiaempauta.com\/portal\/wp-content\/uploads\/2024\/10\/DSC_047218.jpeg\" alt=\"\" class=\"wp-image-263006\" srcset=\"https:\/\/noticiaempauta.com\/portal\/wp-content\/uploads\/2024\/10\/DSC_047218.jpeg 640w, https:\/\/noticiaempauta.com\/portal\/wp-content\/uploads\/2024\/10\/DSC_047218-300x200.jpeg 300w\" sizes=\"(max-width: 640px) 100vw, 640px\" \/><\/figure>\n\n\n\n<figure class=\"wp-block-image size-full\"><img loading=\"lazy\" decoding=\"async\" width=\"640\" height=\"427\" src=\"https:\/\/noticiaempauta.com\/portal\/wp-content\/uploads\/2024\/10\/DSC_0354.jpeg\" alt=\"\" class=\"wp-image-263007\" srcset=\"https:\/\/noticiaempauta.com\/portal\/wp-content\/uploads\/2024\/10\/DSC_0354.jpeg 640w, https:\/\/noticiaempauta.com\/portal\/wp-content\/uploads\/2024\/10\/DSC_0354-300x200.jpeg 300w\" sizes=\"(max-width: 640px) 100vw, 640px\" \/><\/figure>\n\n\n\n<p>Em entrevista, o prefeito Djalma Policarpo agradeceu a popula\u00e7\u00e3o pelo apoio e reafirmou que o trabalho continua.<\/p>\n\n\n\n<figure class=\"wp-block-image size-full\"><img loading=\"lazy\" decoding=\"async\" width=\"640\" height=\"474\" src=\"https:\/\/noticiaempauta.com\/portal\/wp-content\/uploads\/2024\/10\/DSC_043118.jpeg\" alt=\"\" class=\"wp-image-263004\" srcset=\"https:\/\/noticiaempauta.com\/portal\/wp-content\/uploads\/2024\/10\/DSC_043118.jpeg 640w, https:\/\/noticiaempauta.com\/portal\/wp-content\/uploads\/2024\/10\/DSC_043118-300x222.jpeg 300w\" sizes=\"(max-width: 640px) 100vw, 640px\" \/><\/figure>\n\n\n\n<p>\u201cN\u00f3s estamos celebrando a vit\u00f3ria do nosso grupo pol\u00edtico que disputava as elei\u00e7\u00f5es contra tr\u00eas ex-prefeitos, e n\u00f3s devemos agradecer ao povo e a uma gest\u00e3o bem avaliada do nosso mandato e hoje n\u00f3s agradecemos a todos os hipolitanos com essa festa da vit\u00f3ria. O trabalho continua, recebemos essa semana um carro zero KM para a Secretaria de Sa\u00fade e \u00e1 temos diversas obras encaminhadas, mais sistemas de abastecimento de \u00e1gua, diversas obras que ir\u00e3o beneficiar o povo\u201d, disse o prefeito.<\/p>\n\n\n\n<figure class=\"wp-block-image size-full\"><img loading=\"lazy\" decoding=\"async\" width=\"640\" height=\"427\" src=\"https:\/\/noticiaempauta.com\/portal\/wp-content\/uploads\/2024\/10\/DSC_0445.jpeg\" alt=\"\" class=\"wp-image-263010\" srcset=\"https:\/\/noticiaempauta.com\/portal\/wp-content\/uploads\/2024\/10\/DSC_0445.jpeg 640w, https:\/\/noticiaempauta.com\/portal\/wp-content\/uploads\/2024\/10\/DSC_0445-300x200.jpeg 300w\" sizes=\"(max-width: 640px) 100vw, 640px\" \/><\/figure>\n\n\n\n<p>Durante seu discurso, o prefeito tamb\u00e9m agradeceu ao senador Ciro Nogueira pelo apoio durante toda sua gest\u00e3o.<\/p>\n\n\n\n<figure class=\"wp-block-image size-full\"><img loading=\"lazy\" decoding=\"async\" width=\"640\" height=\"427\" src=\"https:\/\/noticiaempauta.com\/portal\/wp-content\/uploads\/2024\/10\/DSC_038013.jpeg\" alt=\"\" class=\"wp-image-263020\" srcset=\"https:\/\/noticiaempauta.com\/portal\/wp-content\/uploads\/2024\/10\/DSC_038013.jpeg 640w, https:\/\/noticiaempauta.com\/portal\/wp-content\/uploads\/2024\/10\/DSC_038013-300x200.jpeg 300w\" sizes=\"(max-width: 640px) 100vw, 640px\" \/><\/figure>\n\n\n\n<figure class=\"wp-block-image size-full\"><img loading=\"lazy\" decoding=\"async\" width=\"637\" height=\"480\" src=\"https:\/\/noticiaempauta.com\/portal\/wp-content\/uploads\/2024\/10\/DSC_0421.jpeg\" alt=\"\" class=\"wp-image-263009\" srcset=\"https:\/\/noticiaempauta.com\/portal\/wp-content\/uploads\/2024\/10\/DSC_0421.jpeg 637w, https:\/\/noticiaempauta.com\/portal\/wp-content\/uploads\/2024\/10\/DSC_0421-300x226.jpeg 300w\" sizes=\"(max-width: 637px) 100vw, 637px\" \/><\/figure>\n\n\n\n<p>O vice-prefeito eleito, Mariozan Rocha tamb\u00e9m fez uso da palavra, onde falou sobre o apoio do prefeito Djalma e da popula\u00e7\u00e3o.<\/p>\n\n\n\n<figure class=\"wp-block-image size-full\"><img loading=\"lazy\" decoding=\"async\" width=\"640\" height=\"427\" src=\"https:\/\/noticiaempauta.com\/portal\/wp-content\/uploads\/2024\/10\/DSC_0419.jpeg\" alt=\"\" class=\"wp-image-263011\" srcset=\"https:\/\/noticiaempauta.com\/portal\/wp-content\/uploads\/2024\/10\/DSC_0419.jpeg 640w, https:\/\/noticiaempauta.com\/portal\/wp-content\/uploads\/2024\/10\/DSC_0419-300x200.jpeg 300w\" sizes=\"(max-width: 640px) 100vw, 640px\" \/><\/figure>\n\n\n\n<p>\u201cEu estou feliz pela vit\u00f3ria e por poder trabalhar para Monsenhor Hip\u00f3lito ao lado do prefeito Djalma Policarpo. Eu amo a cidade de Monsenhor Hip\u00f3lito, por isso, quero agradecer primeiramente a Deus pela coragem e sa\u00fade para lutar durante esses sete meses, ao prefeito Djalma por ter me recebido t\u00e3o bem e ao povo hipolitano pelo apoio e confian\u00e7a\u201d, disse.<\/p>\n\n\n\n<figure class=\"wp-block-image size-full\"><img loading=\"lazy\" decoding=\"async\" width=\"640\" height=\"427\" src=\"https:\/\/noticiaempauta.com\/portal\/wp-content\/uploads\/2024\/10\/DSC_0288.jpeg\" alt=\"\" class=\"wp-image-263019\" srcset=\"https:\/\/noticiaempauta.com\/portal\/wp-content\/uploads\/2024\/10\/DSC_0288.jpeg 640w, https:\/\/noticiaempauta.com\/portal\/wp-content\/uploads\/2024\/10\/DSC_0288-300x200.jpeg 300w\" sizes=\"(max-width: 640px) 100vw, 640px\" \/><\/figure>\n\n\n\n<figure class=\"wp-block-image size-full\"><img loading=\"lazy\" decoding=\"async\" width=\"640\" height=\"459\" src=\"https:\/\/noticiaempauta.com\/portal\/wp-content\/uploads\/2024\/10\/DSC_0235.jpeg\" alt=\"\" class=\"wp-image-263021\" srcset=\"https:\/\/noticiaempauta.com\/portal\/wp-content\/uploads\/2024\/10\/DSC_0235.jpeg 640w, https:\/\/noticiaempauta.com\/portal\/wp-content\/uploads\/2024\/10\/DSC_0235-300x215.jpeg 300w\" sizes=\"(max-width: 640px) 100vw, 640px\" \/><\/figure>\n\n\n\n<figure class=\"wp-block-image size-full\"><img loading=\"lazy\" decoding=\"async\" width=\"640\" height=\"427\" src=\"https:\/\/noticiaempauta.com\/portal\/wp-content\/uploads\/2024\/10\/DSC_0240.jpeg\" alt=\"\" class=\"wp-image-263022\" srcset=\"https:\/\/noticiaempauta.com\/portal\/wp-content\/uploads\/2024\/10\/DSC_0240.jpeg 640w, https:\/\/noticiaempauta.com\/portal\/wp-content\/uploads\/2024\/10\/DSC_0240-300x200.jpeg 300w\" sizes=\"(max-width: 640px) 100vw, 640px\" \/><\/figure>\n\n\n\n<figure class=\"wp-block-image size-full\"><img loading=\"lazy\" decoding=\"async\" width=\"640\" height=\"427\" src=\"https:\/\/noticiaempauta.com\/portal\/wp-content\/uploads\/2024\/10\/DSC_0242.jpeg\" alt=\"\" class=\"wp-image-263023\" srcset=\"https:\/\/noticiaempauta.com\/portal\/wp-content\/uploads\/2024\/10\/DSC_0242.jpeg 640w, https:\/\/noticiaempauta.com\/portal\/wp-content\/uploads\/2024\/10\/DSC_0242-300x200.jpeg 300w\" sizes=\"(max-width: 640px) 100vw, 640px\" \/><\/figure>\n\n\n\n<figure class=\"wp-block-image size-full\"><img loading=\"lazy\" decoding=\"async\" width=\"609\" height=\"480\" src=\"https:\/\/noticiaempauta.com\/portal\/wp-content\/uploads\/2024\/10\/DSC_0264.jpeg\" alt=\"\" class=\"wp-image-263024\" srcset=\"https:\/\/noticiaempauta.com\/portal\/wp-content\/uploads\/2024\/10\/DSC_0264.jpeg 609w, https:\/\/noticiaempauta.com\/portal\/wp-content\/uploads\/2024\/10\/DSC_0264-300x236.jpeg 300w\" sizes=\"(max-width: 609px) 100vw, 609px\" \/><\/figure>\n\n\n\n<figure class=\"wp-block-image size-full\"><img loading=\"lazy\" decoding=\"async\" width=\"640\" height=\"438\" src=\"https:\/\/noticiaempauta.com\/portal\/wp-content\/uploads\/2024\/10\/DSC_0277.jpeg\" alt=\"\" class=\"wp-image-263025\" srcset=\"https:\/\/noticiaempauta.com\/portal\/wp-content\/uploads\/2024\/10\/DSC_0277.jpeg 640w, https:\/\/noticiaempauta.com\/portal\/wp-content\/uploads\/2024\/10\/DSC_0277-300x205.jpeg 300w\" sizes=\"(max-width: 640px) 100vw, 640px\" \/><\/figure>\n\n\n\n<figure class=\"wp-block-image size-full\"><img loading=\"lazy\" decoding=\"async\" width=\"634\" height=\"480\" src=\"https:\/\/noticiaempauta.com\/portal\/wp-content\/uploads\/2024\/10\/DSC_0287.jpeg\" alt=\"\" class=\"wp-image-263026\" srcset=\"https:\/\/noticiaempauta.com\/portal\/wp-content\/uploads\/2024\/10\/DSC_0287.jpeg 634w, https:\/\/noticiaempauta.com\/portal\/wp-content\/uploads\/2024\/10\/DSC_0287-300x227.jpeg 300w\" sizes=\"(max-width: 634px) 100vw, 634px\" \/><\/figure>\n\n\n\n<figure class=\"wp-block-image size-full\"><img loading=\"lazy\" decoding=\"async\" width=\"640\" height=\"427\" src=\"https:\/\/noticiaempauta.com\/portal\/wp-content\/uploads\/2024\/10\/DSC_0295-1.jpeg\" alt=\"\" class=\"wp-image-263027\" srcset=\"https:\/\/noticiaempauta.com\/portal\/wp-content\/uploads\/2024\/10\/DSC_0295-1.jpeg 640w, https:\/\/noticiaempauta.com\/portal\/wp-content\/uploads\/2024\/10\/DSC_0295-1-300x200.jpeg 300w\" sizes=\"(max-width: 640px) 100vw, 640px\" \/><\/figure>\n\n\n\n<figure class=\"wp-block-image size-full\"><img loading=\"lazy\" decoding=\"async\" width=\"640\" height=\"472\" src=\"https:\/\/noticiaempauta.com\/portal\/wp-content\/uploads\/2024\/10\/DSC_0300.jpeg\" alt=\"\" class=\"wp-image-263028\" srcset=\"https:\/\/noticiaempauta.com\/portal\/wp-content\/uploads\/2024\/10\/DSC_0300.jpeg 640w, https:\/\/noticiaempauta.com\/portal\/wp-content\/uploads\/2024\/10\/DSC_0300-300x221.jpeg 300w\" sizes=\"(max-width: 640px) 100vw, 640px\" \/><\/figure>\n\n\n\n<figure class=\"wp-block-image size-full\"><img loading=\"lazy\" decoding=\"async\" width=\"640\" height=\"442\" src=\"https:\/\/noticiaempauta.com\/portal\/wp-content\/uploads\/2024\/10\/DSC_0310.jpeg\" alt=\"\" class=\"wp-image-263029\" srcset=\"https:\/\/noticiaempauta.com\/portal\/wp-content\/uploads\/2024\/10\/DSC_0310.jpeg 640w, https:\/\/noticiaempauta.com\/portal\/wp-content\/uploads\/2024\/10\/DSC_0310-300x207.jpeg 300w\" sizes=\"(max-width: 640px) 100vw, 640px\" \/><\/figure>\n\n\n\n<figure class=\"wp-block-image size-full\"><img loading=\"lazy\" decoding=\"async\" width=\"640\" height=\"427\" src=\"https:\/\/noticiaempauta.com\/portal\/wp-content\/uploads\/2024\/10\/DSC_0312.jpeg\" alt=\"\" class=\"wp-image-263030\" srcset=\"https:\/\/noticiaempauta.com\/portal\/wp-content\/uploads\/2024\/10\/DSC_0312.jpeg 640w, https:\/\/noticiaempauta.com\/portal\/wp-content\/uploads\/2024\/10\/DSC_0312-300x200.jpeg 300w\" sizes=\"(max-width: 640px) 100vw, 640px\" \/><\/figure>\n\n\n\n<figure class=\"wp-block-image size-full\"><img loading=\"lazy\" decoding=\"async\" width=\"640\" height=\"427\" src=\"https:\/\/noticiaempauta.com\/portal\/wp-content\/uploads\/2024\/10\/DSC_0317.jpeg\" alt=\"\" class=\"wp-image-263031\" srcset=\"https:\/\/noticiaempauta.com\/portal\/wp-content\/uploads\/2024\/10\/DSC_0317.jpeg 640w, https:\/\/noticiaempauta.com\/portal\/wp-content\/uploads\/2024\/10\/DSC_0317-300x200.jpeg 300w\" sizes=\"(max-width: 640px) 100vw, 640px\" \/><\/figure>\n\n\n\n<figure class=\"wp-block-image size-full\"><img loading=\"lazy\" decoding=\"async\" width=\"629\" height=\"480\" src=\"https:\/\/noticiaempauta.com\/portal\/wp-content\/uploads\/2024\/10\/DSC_0320.jpeg\" alt=\"\" class=\"wp-image-263032\" srcset=\"https:\/\/noticiaempauta.com\/portal\/wp-content\/uploads\/2024\/10\/DSC_0320.jpeg 629w, https:\/\/noticiaempauta.com\/portal\/wp-content\/uploads\/2024\/10\/DSC_0320-300x229.jpeg 300w\" sizes=\"(max-width: 629px) 100vw, 629px\" \/><\/figure>\n\n\n\n<figure class=\"wp-block-image size-full\"><img loading=\"lazy\" decoding=\"async\" width=\"640\" height=\"427\" src=\"https:\/\/noticiaempauta.com\/portal\/wp-content\/uploads\/2024\/10\/DSC_0324.jpeg\" alt=\"\" class=\"wp-image-263033\" srcset=\"https:\/\/noticiaempauta.com\/portal\/wp-content\/uploads\/2024\/10\/DSC_0324.jpeg 640w, https:\/\/noticiaempauta.com\/portal\/wp-content\/uploads\/2024\/10\/DSC_0324-300x200.jpeg 300w\" sizes=\"(max-width: 640px) 100vw, 640px\" \/><\/figure>\n\n\n\n<figure class=\"wp-block-image size-full\"><img loading=\"lazy\" decoding=\"async\" width=\"640\" height=\"461\" src=\"https:\/\/noticiaempauta.com\/portal\/wp-content\/uploads\/2024\/10\/DSC_0335.jpeg\" alt=\"\" class=\"wp-image-263034\" srcset=\"https:\/\/noticiaempauta.com\/portal\/wp-content\/uploads\/2024\/10\/DSC_0335.jpeg 640w, https:\/\/noticiaempauta.com\/portal\/wp-content\/uploads\/2024\/10\/DSC_0335-300x216.jpeg 300w\" sizes=\"(max-width: 640px) 100vw, 640px\" \/><\/figure>\n\n\n\n<figure class=\"wp-block-image size-full\"><img loading=\"lazy\" decoding=\"async\" width=\"640\" height=\"453\" src=\"https:\/\/noticiaempauta.com\/portal\/wp-content\/uploads\/2024\/10\/DSC_0343.jpeg\" alt=\"\" class=\"wp-image-263035\" srcset=\"https:\/\/noticiaempauta.com\/portal\/wp-content\/uploads\/2024\/10\/DSC_0343.jpeg 640w, https:\/\/noticiaempauta.com\/portal\/wp-content\/uploads\/2024\/10\/DSC_0343-300x212.jpeg 300w\" sizes=\"(max-width: 640px) 100vw, 640px\" \/><\/figure>\n\n\n\n<figure class=\"wp-block-image size-full\"><img loading=\"lazy\" decoding=\"async\" width=\"640\" height=\"427\" src=\"https:\/\/noticiaempauta.com\/portal\/wp-content\/uploads\/2024\/10\/DSC_0390.jpeg\" alt=\"\" class=\"wp-image-263036\" srcset=\"https:\/\/noticiaempauta.com\/portal\/wp-content\/uploads\/2024\/10\/DSC_0390.jpeg 640w, https:\/\/noticiaempauta.com\/portal\/wp-content\/uploads\/2024\/10\/DSC_0390-300x200.jpeg 300w\" sizes=\"(max-width: 640px) 100vw, 640px\" \/><\/figure>\n\n\n\n<figure class=\"wp-block-image size-full\"><img loading=\"lazy\" decoding=\"async\" width=\"640\" height=\"427\" src=\"https:\/\/noticiaempauta.com\/portal\/wp-content\/uploads\/2024\/10\/DSC_0468.jpeg\" alt=\"\" class=\"wp-image-263037\" srcset=\"https:\/\/noticiaempauta.com\/portal\/wp-content\/uploads\/2024\/10\/DSC_0468.jpeg 640w, https:\/\/noticiaempauta.com\/portal\/wp-content\/uploads\/2024\/10\/DSC_0468-300x200.jpeg 300w\" sizes=\"(max-width: 640px) 100vw, 640px\" \/><\/figure>\n\n\n\n<p><strong><em>Fonte e Fotos: Folha Atual<\/em><\/strong><\/p>\n","protected":false},"excerpt":{"rendered":"<p>Na noite deste domingo, 13 de outubro, a cidade de Monsenhor Hip\u00f3lito foi palco de uma grande comemora\u00e7\u00e3o pela reelei\u00e7\u00e3o do prefeito Djalma Policarpo, ao lado de seu vice, Mariozan Rocha. O evento, que marcou o in\u00edcio de um novo mandato de quatro anos, reuniu uma multid\u00e3o de apoiadores e importantes lideran\u00e7as pol\u00edticas locais. A [&hellip;]<\/p>\n","protected":false},"author":2,"featured_media":263038,"comment_status":"open","ping_status":"open","sticky":false,"template":"","format":"standard","meta":{"_mi_skip_tracking":false,"footnotes":""},"categories":[25,1,9,16],"tags":[192],"class_list":["post-263003","post","type-post","status-publish","format-standard","has-post-thumbnail","hentry","category-destaques-site","category-geral","category-municipios","category-todas","tag-destaqueprincipal"],"acf":[],"yoast_head":"<!-- This site is optimized with the Yoast SEO Premium plugin v19.2 (Yoast SEO v26.9) - https:\/\/yoast.com\/product\/yoast-seo-premium-wordpress\/ -->\n<title>Festa da Vit\u00f3ria re\u00fane grande p\u00fablico em comemora\u00e7\u00e3o da reelei\u00e7\u00e3o de Djalma Policarpo e Mariozan Rocha em Monsenhor Hip\u00f3lito - Portal Not\u00edcia em Pauta<\/title>\n<meta name=\"robots\" content=\"index, follow, max-snippet:-1, max-image-preview:large, max-video-preview:-1\" \/>\n<link rel=\"canonical\" href=\"https:\/\/noticiaempauta.com\/portal\/festa-da-vitoria-reune-grande-publico-em-comemoracao-da-reeleicao-de-djalma-policarpo-e-mariozan-rocha-em-monsenhor-hipolito\/\" \/>\n<meta property=\"og:locale\" content=\"pt_BR\" \/>\n<meta property=\"og:type\" content=\"article\" \/>\n<meta property=\"og:title\" content=\"Festa da Vit\u00f3ria re\u00fane grande p\u00fablico em comemora\u00e7\u00e3o da reelei\u00e7\u00e3o de Djalma Policarpo e Mariozan Rocha em Monsenhor Hip\u00f3lito\" \/>\n<meta property=\"og:description\" content=\"Na noite deste domingo, 13 de outubro, a cidade de Monsenhor Hip\u00f3lito foi palco de uma grande comemora\u00e7\u00e3o pela reelei\u00e7\u00e3o do prefeito Djalma Policarpo, ao lado de seu vice, Mariozan Rocha. O evento, que marcou o in\u00edcio de um novo mandato de quatro anos, reuniu uma multid\u00e3o de apoiadores e importantes lideran\u00e7as pol\u00edticas locais. A [&hellip;]\" \/>\n<meta property=\"og:url\" content=\"https:\/\/noticiaempauta.com\/portal\/festa-da-vitoria-reune-grande-publico-em-comemoracao-da-reeleicao-de-djalma-policarpo-e-mariozan-rocha-em-monsenhor-hipolito\/\" \/>\n<meta property=\"og:site_name\" content=\"Portal Not\u00edcia em Pauta\" \/>\n<meta property=\"article:publisher\" content=\"https:\/\/www.facebook.com\/Portal-Notcia-Em-Pauta-102292869264820\/\" \/>\n<meta property=\"article:published_time\" content=\"2024-10-14T12:57:07+00:00\" \/>\n<meta property=\"article:modified_time\" content=\"2024-10-14T12:57:08+00:00\" \/>\n<meta property=\"og:image\" content=\"https:\/\/noticiaempauta.com\/portal\/wp-content\/uploads\/2024\/10\/WhatsApp-Image-2024-10-14-at-09.56.24.jpeg\" \/>\n\t<meta property=\"og:image:width\" content=\"405\" \/>\n\t<meta property=\"og:image:height\" content=\"334\" \/>\n\t<meta property=\"og:image:type\" content=\"image\/jpeg\" \/>\n<meta name=\"author\" content=\"Reda\u00e7\u00e3o\" \/>\n<meta name=\"twitter:card\" content=\"summary_large_image\" \/>\n<meta name=\"twitter:label1\" content=\"Escrito por\" \/>\n\t<meta name=\"twitter:data1\" content=\"Reda\u00e7\u00e3o\" \/>\n\t<meta name=\"twitter:label2\" content=\"Est. tempo de leitura\" \/>\n\t<meta name=\"twitter:data2\" content=\"10 minutos\" \/>\n<script type=\"application\/ld+json\" class=\"yoast-schema-graph\">{\"@context\":\"https:\/\/schema.org\",\"@graph\":[{\"@type\":\"Article\",\"@id\":\"https:\/\/noticiaempauta.com\/portal\/festa-da-vitoria-reune-grande-publico-em-comemoracao-da-reeleicao-de-djalma-policarpo-e-mariozan-rocha-em-monsenhor-hipolito\/#article\",\"isPartOf\":{\"@id\":\"https:\/\/noticiaempauta.com\/portal\/festa-da-vitoria-reune-grande-publico-em-comemoracao-da-reeleicao-de-djalma-policarpo-e-mariozan-rocha-em-monsenhor-hipolito\/\"},\"author\":{\"name\":\"Reda\u00e7\u00e3o\",\"@id\":\"https:\/\/noticiaempauta.com\/portal\/#\/schema\/person\/a74af43dd1ab3deca45f988c717d57ac\"},\"headline\":\"Festa da Vit\u00f3ria re\u00fane grande p\u00fablico em comemora\u00e7\u00e3o da reelei\u00e7\u00e3o de Djalma Policarpo e Mariozan Rocha em Monsenhor Hip\u00f3lito\",\"datePublished\":\"2024-10-14T12:57:07+00:00\",\"dateModified\":\"2024-10-14T12:57:08+00:00\",\"mainEntityOfPage\":{\"@id\":\"https:\/\/noticiaempauta.com\/portal\/festa-da-vitoria-reune-grande-publico-em-comemoracao-da-reeleicao-de-djalma-policarpo-e-mariozan-rocha-em-monsenhor-hipolito\/\"},\"wordCount\":491,\"commentCount\":0,\"publisher\":{\"@id\":\"https:\/\/noticiaempauta.com\/portal\/#organization\"},\"image\":{\"@id\":\"https:\/\/noticiaempauta.com\/portal\/festa-da-vitoria-reune-grande-publico-em-comemoracao-da-reeleicao-de-djalma-policarpo-e-mariozan-rocha-em-monsenhor-hipolito\/#primaryimage\"},\"thumbnailUrl\":\"https:\/\/noticiaempauta.com\/portal\/wp-content\/uploads\/2024\/10\/WhatsApp-Image-2024-10-14-at-09.56.24.jpeg\",\"keywords\":[\"destaqueprincipal\"],\"articleSection\":[\"Destaques\",\"Geral\",\"Munic\u00edpios\",\"Todas as Not\u00edcias\"],\"inLanguage\":\"pt-BR\",\"potentialAction\":[{\"@type\":\"CommentAction\",\"name\":\"Comment\",\"target\":[\"https:\/\/noticiaempauta.com\/portal\/festa-da-vitoria-reune-grande-publico-em-comemoracao-da-reeleicao-de-djalma-policarpo-e-mariozan-rocha-em-monsenhor-hipolito\/#respond\"]}]},{\"@type\":\"WebPage\",\"@id\":\"https:\/\/noticiaempauta.com\/portal\/festa-da-vitoria-reune-grande-publico-em-comemoracao-da-reeleicao-de-djalma-policarpo-e-mariozan-rocha-em-monsenhor-hipolito\/\",\"url\":\"https:\/\/noticiaempauta.com\/portal\/festa-da-vitoria-reune-grande-publico-em-comemoracao-da-reeleicao-de-djalma-policarpo-e-mariozan-rocha-em-monsenhor-hipolito\/\",\"name\":\"Festa da Vit\u00f3ria re\u00fane grande p\u00fablico em comemora\u00e7\u00e3o da reelei\u00e7\u00e3o de Djalma Policarpo e Mariozan Rocha em Monsenhor Hip\u00f3lito - Portal Not\u00edcia em Pauta\",\"isPartOf\":{\"@id\":\"https:\/\/noticiaempauta.com\/portal\/#website\"},\"primaryImageOfPage\":{\"@id\":\"https:\/\/noticiaempauta.com\/portal\/festa-da-vitoria-reune-grande-publico-em-comemoracao-da-reeleicao-de-djalma-policarpo-e-mariozan-rocha-em-monsenhor-hipolito\/#primaryimage\"},\"image\":{\"@id\":\"https:\/\/noticiaempauta.com\/portal\/festa-da-vitoria-reune-grande-publico-em-comemoracao-da-reeleicao-de-djalma-policarpo-e-mariozan-rocha-em-monsenhor-hipolito\/#primaryimage\"},\"thumbnailUrl\":\"https:\/\/noticiaempauta.com\/portal\/wp-content\/uploads\/2024\/10\/WhatsApp-Image-2024-10-14-at-09.56.24.jpeg\",\"datePublished\":\"2024-10-14T12:57:07+00:00\",\"dateModified\":\"2024-10-14T12:57:08+00:00\",\"breadcrumb\":{\"@id\":\"https:\/\/noticiaempauta.com\/portal\/festa-da-vitoria-reune-grande-publico-em-comemoracao-da-reeleicao-de-djalma-policarpo-e-mariozan-rocha-em-monsenhor-hipolito\/#breadcrumb\"},\"inLanguage\":\"pt-BR\",\"potentialAction\":[{\"@type\":\"ReadAction\",\"target\":[\"https:\/\/noticiaempauta.com\/portal\/festa-da-vitoria-reune-grande-publico-em-comemoracao-da-reeleicao-de-djalma-policarpo-e-mariozan-rocha-em-monsenhor-hipolito\/\"]}]},{\"@type\":\"ImageObject\",\"inLanguage\":\"pt-BR\",\"@id\":\"https:\/\/noticiaempauta.com\/portal\/festa-da-vitoria-reune-grande-publico-em-comemoracao-da-reeleicao-de-djalma-policarpo-e-mariozan-rocha-em-monsenhor-hipolito\/#primaryimage\",\"url\":\"https:\/\/noticiaempauta.com\/portal\/wp-content\/uploads\/2024\/10\/WhatsApp-Image-2024-10-14-at-09.56.24.jpeg\",\"contentUrl\":\"https:\/\/noticiaempauta.com\/portal\/wp-content\/uploads\/2024\/10\/WhatsApp-Image-2024-10-14-at-09.56.24.jpeg\",\"width\":405,\"height\":334},{\"@type\":\"BreadcrumbList\",\"@id\":\"https:\/\/noticiaempauta.com\/portal\/festa-da-vitoria-reune-grande-publico-em-comemoracao-da-reeleicao-de-djalma-policarpo-e-mariozan-rocha-em-monsenhor-hipolito\/#breadcrumb\",\"itemListElement\":[{\"@type\":\"ListItem\",\"position\":1,\"name\":\"P\u00e1gina Inicial\",\"item\":\"https:\/\/noticiaempauta.com\/portal\/\"},{\"@type\":\"ListItem\",\"position\":2,\"name\":\"Destaques\",\"item\":\"https:\/\/noticiaempauta.com\/portal\/destaques-site\/\"},{\"@type\":\"ListItem\",\"position\":3,\"name\":\"Festa da Vit\u00f3ria re\u00fane grande p\u00fablico em comemora\u00e7\u00e3o da reelei\u00e7\u00e3o de Djalma Policarpo e Mariozan Rocha em Monsenhor Hip\u00f3lito\"}]},{\"@type\":\"WebSite\",\"@id\":\"https:\/\/noticiaempauta.com\/portal\/#website\",\"url\":\"https:\/\/noticiaempauta.com\/portal\/\",\"name\":\"Portal Not\u00edcia em Pauta\",\"description\":\"Voc\u00ea bem informado\",\"publisher\":{\"@id\":\"https:\/\/noticiaempauta.com\/portal\/#organization\"},\"potentialAction\":[{\"@type\":\"SearchAction\",\"target\":{\"@type\":\"EntryPoint\",\"urlTemplate\":\"https:\/\/noticiaempauta.com\/portal\/?s={search_term_string}\"},\"query-input\":{\"@type\":\"PropertyValueSpecification\",\"valueRequired\":true,\"valueName\":\"search_term_string\"}}],\"inLanguage\":\"pt-BR\"},{\"@type\":\"Organization\",\"@id\":\"https:\/\/noticiaempauta.com\/portal\/#organization\",\"name\":\"Portal Not\u00edcia em Pauta\",\"url\":\"https:\/\/noticiaempauta.com\/portal\/\",\"logo\":{\"@type\":\"ImageObject\",\"inLanguage\":\"pt-BR\",\"@id\":\"https:\/\/noticiaempauta.com\/portal\/#\/schema\/logo\/image\/\",\"url\":\"https:\/\/noticiaempauta.com\/portal\/wp-content\/uploads\/2022\/08\/logomarca_tema.fw_.png\",\"contentUrl\":\"https:\/\/noticiaempauta.com\/portal\/wp-content\/uploads\/2022\/08\/logomarca_tema.fw_.png\",\"width\":400,\"height\":232,\"caption\":\"Portal Not\u00edcia em Pauta\"},\"image\":{\"@id\":\"https:\/\/noticiaempauta.com\/portal\/#\/schema\/logo\/image\/\"},\"sameAs\":[\"https:\/\/www.facebook.com\/Portal-Notcia-Em-Pauta-102292869264820\/\",\"https:\/\/www.instagram.com\/portalnoticiaempauta\/\"]},{\"@type\":\"Person\",\"@id\":\"https:\/\/noticiaempauta.com\/portal\/#\/schema\/person\/a74af43dd1ab3deca45f988c717d57ac\",\"name\":\"Reda\u00e7\u00e3o\",\"image\":{\"@type\":\"ImageObject\",\"inLanguage\":\"pt-BR\",\"@id\":\"https:\/\/noticiaempauta.com\/portal\/#\/schema\/person\/image\/\",\"url\":\"https:\/\/secure.gravatar.com\/avatar\/03179346ecce6cdfc13361603e8f54242a90e5cde8618fa23c5c00aa2b0aadf3?s=96&d=mm&r=g\",\"contentUrl\":\"https:\/\/secure.gravatar.com\/avatar\/03179346ecce6cdfc13361603e8f54242a90e5cde8618fa23c5c00aa2b0aadf3?s=96&d=mm&r=g\",\"caption\":\"Reda\u00e7\u00e3o\"},\"sameAs\":[\"https:\/\/noticiaempauta.com\/portal\/\"],\"url\":\"https:\/\/noticiaempauta.com\/portal\/author\/fernando\/\"}]}<\/script>\n<!-- \/ Yoast SEO Premium plugin. -->","yoast_head_json":{"title":"Festa da Vit\u00f3ria re\u00fane grande p\u00fablico em comemora\u00e7\u00e3o da reelei\u00e7\u00e3o de Djalma Policarpo e Mariozan Rocha em Monsenhor Hip\u00f3lito - Portal Not\u00edcia em Pauta","robots":{"index":"index","follow":"follow","max-snippet":"max-snippet:-1","max-image-preview":"max-image-preview:large","max-video-preview":"max-video-preview:-1"},"canonical":"https:\/\/noticiaempauta.com\/portal\/festa-da-vitoria-reune-grande-publico-em-comemoracao-da-reeleicao-de-djalma-policarpo-e-mariozan-rocha-em-monsenhor-hipolito\/","og_locale":"pt_BR","og_type":"article","og_title":"Festa da Vit\u00f3ria re\u00fane grande p\u00fablico em comemora\u00e7\u00e3o da reelei\u00e7\u00e3o de Djalma Policarpo e Mariozan Rocha em Monsenhor Hip\u00f3lito","og_description":"Na noite deste domingo, 13 de outubro, a cidade de Monsenhor Hip\u00f3lito foi palco de uma grande comemora\u00e7\u00e3o pela reelei\u00e7\u00e3o do prefeito Djalma Policarpo, ao lado de seu vice, Mariozan Rocha. O evento, que marcou o in\u00edcio de um novo mandato de quatro anos, reuniu uma multid\u00e3o de apoiadores e importantes lideran\u00e7as pol\u00edticas locais. A [&hellip;]","og_url":"https:\/\/noticiaempauta.com\/portal\/festa-da-vitoria-reune-grande-publico-em-comemoracao-da-reeleicao-de-djalma-policarpo-e-mariozan-rocha-em-monsenhor-hipolito\/","og_site_name":"Portal Not\u00edcia em Pauta","article_publisher":"https:\/\/www.facebook.com\/Portal-Notcia-Em-Pauta-102292869264820\/","article_published_time":"2024-10-14T12:57:07+00:00","article_modified_time":"2024-10-14T12:57:08+00:00","og_image":[{"width":405,"height":334,"url":"https:\/\/noticiaempauta.com\/portal\/wp-content\/uploads\/2024\/10\/WhatsApp-Image-2024-10-14-at-09.56.24.jpeg","type":"image\/jpeg"}],"author":"Reda\u00e7\u00e3o","twitter_card":"summary_large_image","twitter_misc":{"Escrito por":"Reda\u00e7\u00e3o","Est. tempo de leitura":"10 minutos"},"schema":{"@context":"https:\/\/schema.org","@graph":[{"@type":"Article","@id":"https:\/\/noticiaempauta.com\/portal\/festa-da-vitoria-reune-grande-publico-em-comemoracao-da-reeleicao-de-djalma-policarpo-e-mariozan-rocha-em-monsenhor-hipolito\/#article","isPartOf":{"@id":"https:\/\/noticiaempauta.com\/portal\/festa-da-vitoria-reune-grande-publico-em-comemoracao-da-reeleicao-de-djalma-policarpo-e-mariozan-rocha-em-monsenhor-hipolito\/"},"author":{"name":"Reda\u00e7\u00e3o","@id":"https:\/\/noticiaempauta.com\/portal\/#\/schema\/person\/a74af43dd1ab3deca45f988c717d57ac"},"headline":"Festa da Vit\u00f3ria re\u00fane grande p\u00fablico em comemora\u00e7\u00e3o da reelei\u00e7\u00e3o de Djalma Policarpo e Mariozan Rocha em Monsenhor Hip\u00f3lito","datePublished":"2024-10-14T12:57:07+00:00","dateModified":"2024-10-14T12:57:08+00:00","mainEntityOfPage":{"@id":"https:\/\/noticiaempauta.com\/portal\/festa-da-vitoria-reune-grande-publico-em-comemoracao-da-reeleicao-de-djalma-policarpo-e-mariozan-rocha-em-monsenhor-hipolito\/"},"wordCount":491,"commentCount":0,"publisher":{"@id":"https:\/\/noticiaempauta.com\/portal\/#organization"},"image":{"@id":"https:\/\/noticiaempauta.com\/portal\/festa-da-vitoria-reune-grande-publico-em-comemoracao-da-reeleicao-de-djalma-policarpo-e-mariozan-rocha-em-monsenhor-hipolito\/#primaryimage"},"thumbnailUrl":"https:\/\/noticiaempauta.com\/portal\/wp-content\/uploads\/2024\/10\/WhatsApp-Image-2024-10-14-at-09.56.24.jpeg","keywords":["destaqueprincipal"],"articleSection":["Destaques","Geral","Munic\u00edpios","Todas as Not\u00edcias"],"inLanguage":"pt-BR","potentialAction":[{"@type":"CommentAction","name":"Comment","target":["https:\/\/noticiaempauta.com\/portal\/festa-da-vitoria-reune-grande-publico-em-comemoracao-da-reeleicao-de-djalma-policarpo-e-mariozan-rocha-em-monsenhor-hipolito\/#respond"]}]},{"@type":"WebPage","@id":"https:\/\/noticiaempauta.com\/portal\/festa-da-vitoria-reune-grande-publico-em-comemoracao-da-reeleicao-de-djalma-policarpo-e-mariozan-rocha-em-monsenhor-hipolito\/","url":"https:\/\/noticiaempauta.com\/portal\/festa-da-vitoria-reune-grande-publico-em-comemoracao-da-reeleicao-de-djalma-policarpo-e-mariozan-rocha-em-monsenhor-hipolito\/","name":"Festa da Vit\u00f3ria re\u00fane grande p\u00fablico em comemora\u00e7\u00e3o da reelei\u00e7\u00e3o de Djalma Policarpo e Mariozan Rocha em Monsenhor Hip\u00f3lito - Portal Not\u00edcia em Pauta","isPartOf":{"@id":"https:\/\/noticiaempauta.com\/portal\/#website"},"primaryImageOfPage":{"@id":"https:\/\/noticiaempauta.com\/portal\/festa-da-vitoria-reune-grande-publico-em-comemoracao-da-reeleicao-de-djalma-policarpo-e-mariozan-rocha-em-monsenhor-hipolito\/#primaryimage"},"image":{"@id":"https:\/\/noticiaempauta.com\/portal\/festa-da-vitoria-reune-grande-publico-em-comemoracao-da-reeleicao-de-djalma-policarpo-e-mariozan-rocha-em-monsenhor-hipolito\/#primaryimage"},"thumbnailUrl":"https:\/\/noticiaempauta.com\/portal\/wp-content\/uploads\/2024\/10\/WhatsApp-Image-2024-10-14-at-09.56.24.jpeg","datePublished":"2024-10-14T12:57:07+00:00","dateModified":"2024-10-14T12:57:08+00:00","breadcrumb":{"@id":"https:\/\/noticiaempauta.com\/portal\/festa-da-vitoria-reune-grande-publico-em-comemoracao-da-reeleicao-de-djalma-policarpo-e-mariozan-rocha-em-monsenhor-hipolito\/#breadcrumb"},"inLanguage":"pt-BR","potentialAction":[{"@type":"ReadAction","target":["https:\/\/noticiaempauta.com\/portal\/festa-da-vitoria-reune-grande-publico-em-comemoracao-da-reeleicao-de-djalma-policarpo-e-mariozan-rocha-em-monsenhor-hipolito\/"]}]},{"@type":"ImageObject","inLanguage":"pt-BR","@id":"https:\/\/noticiaempauta.com\/portal\/festa-da-vitoria-reune-grande-publico-em-comemoracao-da-reeleicao-de-djalma-policarpo-e-mariozan-rocha-em-monsenhor-hipolito\/#primaryimage","url":"https:\/\/noticiaempauta.com\/portal\/wp-content\/uploads\/2024\/10\/WhatsApp-Image-2024-10-14-at-09.56.24.jpeg","contentUrl":"https:\/\/noticiaempauta.com\/portal\/wp-content\/uploads\/2024\/10\/WhatsApp-Image-2024-10-14-at-09.56.24.jpeg","width":405,"height":334},{"@type":"BreadcrumbList","@id":"https:\/\/noticiaempauta.com\/portal\/festa-da-vitoria-reune-grande-publico-em-comemoracao-da-reeleicao-de-djalma-policarpo-e-mariozan-rocha-em-monsenhor-hipolito\/#breadcrumb","itemListElement":[{"@type":"ListItem","position":1,"name":"P\u00e1gina Inicial","item":"https:\/\/noticiaempauta.com\/portal\/"},{"@type":"ListItem","position":2,"name":"Destaques","item":"https:\/\/noticiaempauta.com\/portal\/destaques-site\/"},{"@type":"ListItem","position":3,"name":"Festa da Vit\u00f3ria re\u00fane grande p\u00fablico em comemora\u00e7\u00e3o da reelei\u00e7\u00e3o de Djalma Policarpo e Mariozan Rocha em Monsenhor Hip\u00f3lito"}]},{"@type":"WebSite","@id":"https:\/\/noticiaempauta.com\/portal\/#website","url":"https:\/\/noticiaempauta.com\/portal\/","name":"Portal Not\u00edcia em Pauta","description":"Voc\u00ea bem informado","publisher":{"@id":"https:\/\/noticiaempauta.com\/portal\/#organization"},"potentialAction":[{"@type":"SearchAction","target":{"@type":"EntryPoint","urlTemplate":"https:\/\/noticiaempauta.com\/portal\/?s={search_term_string}"},"query-input":{"@type":"PropertyValueSpecification","valueRequired":true,"valueName":"search_term_string"}}],"inLanguage":"pt-BR"},{"@type":"Organization","@id":"https:\/\/noticiaempauta.com\/portal\/#organization","name":"Portal Not\u00edcia em Pauta","url":"https:\/\/noticiaempauta.com\/portal\/","logo":{"@type":"ImageObject","inLanguage":"pt-BR","@id":"https:\/\/noticiaempauta.com\/portal\/#\/schema\/logo\/image\/","url":"https:\/\/noticiaempauta.com\/portal\/wp-content\/uploads\/2022\/08\/logomarca_tema.fw_.png","contentUrl":"https:\/\/noticiaempauta.com\/portal\/wp-content\/uploads\/2022\/08\/logomarca_tema.fw_.png","width":400,"height":232,"caption":"Portal Not\u00edcia em Pauta"},"image":{"@id":"https:\/\/noticiaempauta.com\/portal\/#\/schema\/logo\/image\/"},"sameAs":["https:\/\/www.facebook.com\/Portal-Notcia-Em-Pauta-102292869264820\/","https:\/\/www.instagram.com\/portalnoticiaempauta\/"]},{"@type":"Person","@id":"https:\/\/noticiaempauta.com\/portal\/#\/schema\/person\/a74af43dd1ab3deca45f988c717d57ac","name":"Reda\u00e7\u00e3o","image":{"@type":"ImageObject","inLanguage":"pt-BR","@id":"https:\/\/noticiaempauta.com\/portal\/#\/schema\/person\/image\/","url":"https:\/\/secure.gravatar.com\/avatar\/03179346ecce6cdfc13361603e8f54242a90e5cde8618fa23c5c00aa2b0aadf3?s=96&d=mm&r=g","contentUrl":"https:\/\/secure.gravatar.com\/avatar\/03179346ecce6cdfc13361603e8f54242a90e5cde8618fa23c5c00aa2b0aadf3?s=96&d=mm&r=g","caption":"Reda\u00e7\u00e3o"},"sameAs":["https:\/\/noticiaempauta.com\/portal\/"],"url":"https:\/\/noticiaempauta.com\/portal\/author\/fernando\/"}]}},"_links":{"self":[{"href":"https:\/\/noticiaempauta.com\/portal\/wp-json\/wp\/v2\/posts\/263003","targetHints":{"allow":["GET"]}}],"collection":[{"href":"https:\/\/noticiaempauta.com\/portal\/wp-json\/wp\/v2\/posts"}],"about":[{"href":"https:\/\/noticiaempauta.com\/portal\/wp-json\/wp\/v2\/types\/post"}],"author":[{"embeddable":true,"href":"https:\/\/noticiaempauta.com\/portal\/wp-json\/wp\/v2\/users\/2"}],"replies":[{"embeddable":true,"href":"https:\/\/noticiaempauta.com\/portal\/wp-json\/wp\/v2\/comments?post=263003"}],"version-history":[{"count":2,"href":"https:\/\/noticiaempauta.com\/portal\/wp-json\/wp\/v2\/posts\/263003\/revisions"}],"predecessor-version":[{"id":263040,"href":"https:\/\/noticiaempauta.com\/portal\/wp-json\/wp\/v2\/posts\/263003\/revisions\/263040"}],"wp:featuredmedia":[{"embeddable":true,"href":"https:\/\/noticiaempauta.com\/portal\/wp-json\/wp\/v2\/media\/263038"}],"wp:attachment":[{"href":"https:\/\/noticiaempauta.com\/portal\/wp-json\/wp\/v2\/media?parent=263003"}],"wp:term":[{"taxonomy":"category","embeddable":true,"href":"https:\/\/noticiaempauta.com\/portal\/wp-json\/wp\/v2\/categories?post=263003"},{"taxonomy":"post_tag","embeddable":true,"href":"https:\/\/noticiaempauta.com\/portal\/wp-json\/wp\/v2\/tags?post=263003"}],"curies":[{"name":"wp","href":"https:\/\/api.w.org\/{rel}","templated":true}]}}