{"id":263048,"date":"2024-10-14T10:15:45","date_gmt":"2024-10-14T13:15:45","guid":{"rendered":"https:\/\/noticiaempauta.com\/portal\/?p=263048"},"modified":"2024-10-14T10:15:47","modified_gmt":"2024-10-14T13:15:47","slug":"rafael-fonteles-destaca-importancia-da-abertura-economica-em-evento-com-empresarios-piauienses-na-china","status":"publish","type":"post","link":"https:\/\/noticiaempauta.com\/portal\/rafael-fonteles-destaca-importancia-da-abertura-economica-em-evento-com-empresarios-piauienses-na-china\/","title":{"rendered":"Rafael Fonteles destaca import\u00e2ncia da abertura econ\u00f4mica em evento com empres\u00e1rios piauienses na China"},"content":{"rendered":"\n<p>O governador Rafael Fonteles participou, neste domingo (13), em Xiamen, na China, do evento de boas vindas \u00e0 Miss\u00e3o Empresarial do Piau\u00ed na China. Empres\u00e1rios de diversos segmentos est\u00e3o no pa\u00eds asi\u00e1tico para um interc\u00e2mbio visando a identifica\u00e7\u00e3o de oportunidades para amplia\u00e7\u00e3o da rela\u00e7\u00e3o comercial entre os dois pa\u00edses.<\/p>\n\n\n\n<figure class=\"wp-block-image size-full\"><img fetchpriority=\"high\" decoding=\"async\" width=\"1000\" height=\"750\" src=\"https:\/\/noticiaempauta.com\/portal\/wp-content\/uploads\/2024\/10\/large_missaoempresarial_70f3bec9e4.jpg\" alt=\"\" class=\"wp-image-263052\" srcset=\"https:\/\/noticiaempauta.com\/portal\/wp-content\/uploads\/2024\/10\/large_missaoempresarial_70f3bec9e4.jpg 1000w, https:\/\/noticiaempauta.com\/portal\/wp-content\/uploads\/2024\/10\/large_missaoempresarial_70f3bec9e4-300x225.jpg 300w, https:\/\/noticiaempauta.com\/portal\/wp-content\/uploads\/2024\/10\/large_missaoempresarial_70f3bec9e4-768x576.jpg 768w\" sizes=\"(max-width: 1000px) 100vw, 1000px\" \/><\/figure>\n\n\n\n<p>Mais de 80 empreendedores piauienses estiveram presentes no almo\u00e7o, articulado pela Investe Piau\u00ed, com apoio do Sebrae e entidades empresariais.<\/p>\n\n\n\n<p>\u201c\u00c9 mais um passo importante na abertura econ\u00f4mica, com participa\u00e7\u00e3o do Estado, para garantir exatamente a transfer\u00eancia de tecnologia e fortalecimento das rela\u00e7\u00f5es comerciais do Piau\u00ed com o mundo\u201d , pontuou Rafael.<\/p>\n\n\n\n<p>O Piau\u00ed somou mais de US$ 1 bilh\u00e3o de d\u00f3lares em exporta\u00e7\u00f5es para a China em 2023, com destaque para os gr\u00e3os. No mesmo ano, a importa\u00e7\u00e3o de produtos chineses alcan\u00e7ou cerca de US$ 53 bilh\u00f5es, em maquin\u00e1rio, eletr\u00f4nicos e manufaturados.<\/p>\n\n\n\n<figure class=\"wp-block-image size-large\"><img decoding=\"async\" width=\"1024\" height=\"768\" src=\"https:\/\/noticiaempauta.com\/portal\/wp-content\/uploads\/2024\/10\/missaoempresarial3-1024x768.jpg\" alt=\"\" class=\"wp-image-263053\" srcset=\"https:\/\/noticiaempauta.com\/portal\/wp-content\/uploads\/2024\/10\/missaoempresarial3-1024x768.jpg 1024w, https:\/\/noticiaempauta.com\/portal\/wp-content\/uploads\/2024\/10\/missaoempresarial3-300x225.jpg 300w, https:\/\/noticiaempauta.com\/portal\/wp-content\/uploads\/2024\/10\/missaoempresarial3-768x576.jpg 768w, https:\/\/noticiaempauta.com\/portal\/wp-content\/uploads\/2024\/10\/missaoempresarial3.jpg 1280w\" sizes=\"(max-width: 1024px) 100vw, 1024px\" \/><\/figure>\n\n\n\n<p>A Miss\u00e3o Empresarial da Investe Piau\u00ed na China prev\u00ea tamb\u00e9m um Encontro de Neg\u00f3cios entre empres\u00e1rios piauienses e asi\u00e1ticos da Prov\u00edncia de Fujian, com o objetivo de fomentar novos neg\u00f3cios. Outro destaque \u00e9 a visita \u00e0 Feira de Cant\u00e3o, a maior feira do mundo para importa\u00e7\u00e3o de produtos, que permitir\u00e1 aos empres\u00e1rios piauienses explorar novas ideias e oportunidades de parcerias.<\/p>\n\n\n\n<p>\u201cQueria agradecer aqui ao apoio do Governo do Estado, que est\u00e1 apoiando os empreendedores piauienses a estreitar os la\u00e7os comerciais do nosso estado com pa\u00edses internacionais. \u00c9 de extrema import\u00e2ncia estar incentivando o com\u00e9rcio para que o nosso estado possa se desenvolver melhor\u201d, considerou o empres\u00e1rio Gustavo Oliveira.<\/p>\n\n\n\n<p><strong>Novo escrit\u00f3rio Investe Piau\u00ed<\/strong><\/p>\n\n\n\n<figure class=\"wp-block-image size-full\"><img decoding=\"async\" width=\"1000\" height=\"750\" src=\"https:\/\/noticiaempauta.com\/portal\/wp-content\/uploads\/2024\/10\/large_missaoempresarial6_2c37726e39.jpg\" alt=\"\" class=\"wp-image-263051\" srcset=\"https:\/\/noticiaempauta.com\/portal\/wp-content\/uploads\/2024\/10\/large_missaoempresarial6_2c37726e39.jpg 1000w, https:\/\/noticiaempauta.com\/portal\/wp-content\/uploads\/2024\/10\/large_missaoempresarial6_2c37726e39-300x225.jpg 300w, https:\/\/noticiaempauta.com\/portal\/wp-content\/uploads\/2024\/10\/large_missaoempresarial6_2c37726e39-768x576.jpg 768w\" sizes=\"(max-width: 1000px) 100vw, 1000px\" \/><\/figure>\n\n\n\n<p>O plano de consolida\u00e7\u00e3o das rela\u00e7\u00f5es bilaterais iniciado em outubro de 2023 pelo Governo do Piau\u00ed conta com pilares estrat\u00e9gicos que visam expandir as oportunidades de neg\u00f3cios para o estado. Entre esses pilares est\u00e3o a abertura do escrit\u00f3rio da Investe Piau\u00ed na cidade de Xiamen. A inaugura\u00e7\u00e3o ser\u00e1 amanh\u00e3.<\/p>\n\n\n\n<p>\u201cA colabora\u00e7\u00e3o entre o Governo e a iniciativa privada \u00e9 fundamental para acelerar o crescimento do Piau\u00ed. Com essa nova miss\u00e3o na China, estamos confiantes de que novas oportunidades e conquistas vir\u00e3o para o nosso estado e o nosso povo. Vamos em frente!\u201d publicou Fonteles numa rede social.<\/p>\n\n\n\n<p><strong>Encontro com autoridades<\/strong><\/p>\n\n\n\n<figure class=\"wp-block-image size-full\"><img loading=\"lazy\" decoding=\"async\" width=\"1000\" height=\"750\" src=\"https:\/\/noticiaempauta.com\/portal\/wp-content\/uploads\/2024\/10\/large_encontro_044f91f713.jpg\" alt=\"\" class=\"wp-image-263049\" srcset=\"https:\/\/noticiaempauta.com\/portal\/wp-content\/uploads\/2024\/10\/large_encontro_044f91f713.jpg 1000w, https:\/\/noticiaempauta.com\/portal\/wp-content\/uploads\/2024\/10\/large_encontro_044f91f713-300x225.jpg 300w, https:\/\/noticiaempauta.com\/portal\/wp-content\/uploads\/2024\/10\/large_encontro_044f91f713-768x576.jpg 768w\" sizes=\"(max-width: 1000px) 100vw, 1000px\" \/><\/figure>\n\n\n\n<p>A comitiva liderada pelo governador Rafael Fonteles se encontrou com autoridades de Xiamen, entre elas o prefeito da cidade, Wu Bin. Os dois l\u00edderes expressaram o desejo de &nbsp;estreitar la\u00e7os entre as regi\u00f5es, ressaltando os respectivos potenciais e \u00e1reas de interesse para coopera\u00e7\u00e3o.<\/p>\n\n\n\n<figure class=\"wp-block-image size-full\"><img loading=\"lazy\" decoding=\"async\" width=\"1000\" height=\"750\" src=\"https:\/\/noticiaempauta.com\/portal\/wp-content\/uploads\/2024\/10\/large_encontro3_b506079543.jpg\" alt=\"\" class=\"wp-image-263050\" srcset=\"https:\/\/noticiaempauta.com\/portal\/wp-content\/uploads\/2024\/10\/large_encontro3_b506079543.jpg 1000w, https:\/\/noticiaempauta.com\/portal\/wp-content\/uploads\/2024\/10\/large_encontro3_b506079543-300x225.jpg 300w, https:\/\/noticiaempauta.com\/portal\/wp-content\/uploads\/2024\/10\/large_encontro3_b506079543-768x576.jpg 768w\" sizes=\"(max-width: 1000px) 100vw, 1000px\" \/><\/figure>\n\n\n\n<p>CCOM-PI<\/p>\n","protected":false},"excerpt":{"rendered":"<p>O Piau\u00ed somou mais de US$ 1 bilh\u00e3o de d\u00f3lares em exporta\u00e7\u00f5es para a China em 2023, com destaque para os gr\u00e3os.<\/p>\n","protected":false},"author":2,"featured_media":263052,"comment_status":"open","ping_status":"open","sticky":false,"template":"","format":"standard","meta":{"_mi_skip_tracking":false,"footnotes":""},"categories":[25,1,16],"tags":[192],"class_list":["post-263048","post","type-post","status-publish","format-standard","has-post-thumbnail","hentry","category-destaques-site","category-geral","category-todas","tag-destaqueprincipal"],"acf":[],"yoast_head":"<!-- This site is optimized with the Yoast SEO Premium plugin v19.2 (Yoast SEO v26.9) - https:\/\/yoast.com\/product\/yoast-seo-premium-wordpress\/ -->\n<title>Rafael Fonteles destaca import\u00e2ncia da abertura econ\u00f4mica em evento com empres\u00e1rios piauienses na China - Portal Not\u00edcia em Pauta<\/title>\n<meta name=\"robots\" content=\"index, follow, max-snippet:-1, max-image-preview:large, max-video-preview:-1\" \/>\n<link rel=\"canonical\" href=\"https:\/\/noticiaempauta.com\/portal\/rafael-fonteles-destaca-importancia-da-abertura-economica-em-evento-com-empresarios-piauienses-na-china\/\" \/>\n<meta property=\"og:locale\" content=\"pt_BR\" \/>\n<meta property=\"og:type\" content=\"article\" \/>\n<meta property=\"og:title\" content=\"Rafael Fonteles destaca import\u00e2ncia da abertura econ\u00f4mica em evento com empres\u00e1rios piauienses na China\" \/>\n<meta property=\"og:description\" content=\"O Piau\u00ed somou mais de US$ 1 bilh\u00e3o de d\u00f3lares em exporta\u00e7\u00f5es para a China em 2023, com destaque para os gr\u00e3os.\" \/>\n<meta property=\"og:url\" content=\"https:\/\/noticiaempauta.com\/portal\/rafael-fonteles-destaca-importancia-da-abertura-economica-em-evento-com-empresarios-piauienses-na-china\/\" \/>\n<meta property=\"og:site_name\" content=\"Portal Not\u00edcia em Pauta\" \/>\n<meta property=\"article:publisher\" content=\"https:\/\/www.facebook.com\/Portal-Notcia-Em-Pauta-102292869264820\/\" \/>\n<meta property=\"article:published_time\" content=\"2024-10-14T13:15:45+00:00\" \/>\n<meta property=\"article:modified_time\" content=\"2024-10-14T13:15:47+00:00\" \/>\n<meta property=\"og:image\" content=\"https:\/\/noticiaempauta.com\/portal\/wp-content\/uploads\/2024\/10\/large_missaoempresarial_70f3bec9e4.jpg\" \/>\n\t<meta property=\"og:image:width\" content=\"1000\" \/>\n\t<meta property=\"og:image:height\" content=\"750\" \/>\n\t<meta property=\"og:image:type\" content=\"image\/jpeg\" \/>\n<meta name=\"author\" content=\"Reda\u00e7\u00e3o\" \/>\n<meta name=\"twitter:card\" content=\"summary_large_image\" \/>\n<meta name=\"twitter:label1\" content=\"Escrito por\" \/>\n\t<meta name=\"twitter:data1\" content=\"Reda\u00e7\u00e3o\" \/>\n\t<meta name=\"twitter:label2\" content=\"Est. tempo de leitura\" \/>\n\t<meta name=\"twitter:data2\" content=\"4 minutos\" \/>\n<script type=\"application\/ld+json\" class=\"yoast-schema-graph\">{\"@context\":\"https:\/\/schema.org\",\"@graph\":[{\"@type\":\"Article\",\"@id\":\"https:\/\/noticiaempauta.com\/portal\/rafael-fonteles-destaca-importancia-da-abertura-economica-em-evento-com-empresarios-piauienses-na-china\/#article\",\"isPartOf\":{\"@id\":\"https:\/\/noticiaempauta.com\/portal\/rafael-fonteles-destaca-importancia-da-abertura-economica-em-evento-com-empresarios-piauienses-na-china\/\"},\"author\":{\"name\":\"Reda\u00e7\u00e3o\",\"@id\":\"https:\/\/noticiaempauta.com\/portal\/#\/schema\/person\/a74af43dd1ab3deca45f988c717d57ac\"},\"headline\":\"Rafael Fonteles destaca import\u00e2ncia da abertura econ\u00f4mica em evento com empres\u00e1rios piauienses na China\",\"datePublished\":\"2024-10-14T13:15:45+00:00\",\"dateModified\":\"2024-10-14T13:15:47+00:00\",\"mainEntityOfPage\":{\"@id\":\"https:\/\/noticiaempauta.com\/portal\/rafael-fonteles-destaca-importancia-da-abertura-economica-em-evento-com-empresarios-piauienses-na-china\/\"},\"wordCount\":457,\"commentCount\":0,\"publisher\":{\"@id\":\"https:\/\/noticiaempauta.com\/portal\/#organization\"},\"image\":{\"@id\":\"https:\/\/noticiaempauta.com\/portal\/rafael-fonteles-destaca-importancia-da-abertura-economica-em-evento-com-empresarios-piauienses-na-china\/#primaryimage\"},\"thumbnailUrl\":\"https:\/\/noticiaempauta.com\/portal\/wp-content\/uploads\/2024\/10\/large_missaoempresarial_70f3bec9e4.jpg\",\"keywords\":[\"destaqueprincipal\"],\"articleSection\":[\"Destaques\",\"Geral\",\"Todas as Not\u00edcias\"],\"inLanguage\":\"pt-BR\",\"potentialAction\":[{\"@type\":\"CommentAction\",\"name\":\"Comment\",\"target\":[\"https:\/\/noticiaempauta.com\/portal\/rafael-fonteles-destaca-importancia-da-abertura-economica-em-evento-com-empresarios-piauienses-na-china\/#respond\"]}]},{\"@type\":\"WebPage\",\"@id\":\"https:\/\/noticiaempauta.com\/portal\/rafael-fonteles-destaca-importancia-da-abertura-economica-em-evento-com-empresarios-piauienses-na-china\/\",\"url\":\"https:\/\/noticiaempauta.com\/portal\/rafael-fonteles-destaca-importancia-da-abertura-economica-em-evento-com-empresarios-piauienses-na-china\/\",\"name\":\"Rafael Fonteles destaca import\u00e2ncia da abertura econ\u00f4mica em evento com empres\u00e1rios piauienses na China - Portal Not\u00edcia em Pauta\",\"isPartOf\":{\"@id\":\"https:\/\/noticiaempauta.com\/portal\/#website\"},\"primaryImageOfPage\":{\"@id\":\"https:\/\/noticiaempauta.com\/portal\/rafael-fonteles-destaca-importancia-da-abertura-economica-em-evento-com-empresarios-piauienses-na-china\/#primaryimage\"},\"image\":{\"@id\":\"https:\/\/noticiaempauta.com\/portal\/rafael-fonteles-destaca-importancia-da-abertura-economica-em-evento-com-empresarios-piauienses-na-china\/#primaryimage\"},\"thumbnailUrl\":\"https:\/\/noticiaempauta.com\/portal\/wp-content\/uploads\/2024\/10\/large_missaoempresarial_70f3bec9e4.jpg\",\"datePublished\":\"2024-10-14T13:15:45+00:00\",\"dateModified\":\"2024-10-14T13:15:47+00:00\",\"breadcrumb\":{\"@id\":\"https:\/\/noticiaempauta.com\/portal\/rafael-fonteles-destaca-importancia-da-abertura-economica-em-evento-com-empresarios-piauienses-na-china\/#breadcrumb\"},\"inLanguage\":\"pt-BR\",\"potentialAction\":[{\"@type\":\"ReadAction\",\"target\":[\"https:\/\/noticiaempauta.com\/portal\/rafael-fonteles-destaca-importancia-da-abertura-economica-em-evento-com-empresarios-piauienses-na-china\/\"]}]},{\"@type\":\"ImageObject\",\"inLanguage\":\"pt-BR\",\"@id\":\"https:\/\/noticiaempauta.com\/portal\/rafael-fonteles-destaca-importancia-da-abertura-economica-em-evento-com-empresarios-piauienses-na-china\/#primaryimage\",\"url\":\"https:\/\/noticiaempauta.com\/portal\/wp-content\/uploads\/2024\/10\/large_missaoempresarial_70f3bec9e4.jpg\",\"contentUrl\":\"https:\/\/noticiaempauta.com\/portal\/wp-content\/uploads\/2024\/10\/large_missaoempresarial_70f3bec9e4.jpg\",\"width\":1000,\"height\":750},{\"@type\":\"BreadcrumbList\",\"@id\":\"https:\/\/noticiaempauta.com\/portal\/rafael-fonteles-destaca-importancia-da-abertura-economica-em-evento-com-empresarios-piauienses-na-china\/#breadcrumb\",\"itemListElement\":[{\"@type\":\"ListItem\",\"position\":1,\"name\":\"P\u00e1gina Inicial\",\"item\":\"https:\/\/noticiaempauta.com\/portal\/\"},{\"@type\":\"ListItem\",\"position\":2,\"name\":\"Destaques\",\"item\":\"https:\/\/noticiaempauta.com\/portal\/destaques-site\/\"},{\"@type\":\"ListItem\",\"position\":3,\"name\":\"Rafael Fonteles destaca import\u00e2ncia da abertura econ\u00f4mica em evento com empres\u00e1rios piauienses na China\"}]},{\"@type\":\"WebSite\",\"@id\":\"https:\/\/noticiaempauta.com\/portal\/#website\",\"url\":\"https:\/\/noticiaempauta.com\/portal\/\",\"name\":\"Portal Not\u00edcia em Pauta\",\"description\":\"Voc\u00ea bem informado\",\"publisher\":{\"@id\":\"https:\/\/noticiaempauta.com\/portal\/#organization\"},\"potentialAction\":[{\"@type\":\"SearchAction\",\"target\":{\"@type\":\"EntryPoint\",\"urlTemplate\":\"https:\/\/noticiaempauta.com\/portal\/?s={search_term_string}\"},\"query-input\":{\"@type\":\"PropertyValueSpecification\",\"valueRequired\":true,\"valueName\":\"search_term_string\"}}],\"inLanguage\":\"pt-BR\"},{\"@type\":\"Organization\",\"@id\":\"https:\/\/noticiaempauta.com\/portal\/#organization\",\"name\":\"Portal Not\u00edcia em Pauta\",\"url\":\"https:\/\/noticiaempauta.com\/portal\/\",\"logo\":{\"@type\":\"ImageObject\",\"inLanguage\":\"pt-BR\",\"@id\":\"https:\/\/noticiaempauta.com\/portal\/#\/schema\/logo\/image\/\",\"url\":\"https:\/\/noticiaempauta.com\/portal\/wp-content\/uploads\/2022\/08\/logomarca_tema.fw_.png\",\"contentUrl\":\"https:\/\/noticiaempauta.com\/portal\/wp-content\/uploads\/2022\/08\/logomarca_tema.fw_.png\",\"width\":400,\"height\":232,\"caption\":\"Portal Not\u00edcia em Pauta\"},\"image\":{\"@id\":\"https:\/\/noticiaempauta.com\/portal\/#\/schema\/logo\/image\/\"},\"sameAs\":[\"https:\/\/www.facebook.com\/Portal-Notcia-Em-Pauta-102292869264820\/\",\"https:\/\/www.instagram.com\/portalnoticiaempauta\/\"]},{\"@type\":\"Person\",\"@id\":\"https:\/\/noticiaempauta.com\/portal\/#\/schema\/person\/a74af43dd1ab3deca45f988c717d57ac\",\"name\":\"Reda\u00e7\u00e3o\",\"image\":{\"@type\":\"ImageObject\",\"inLanguage\":\"pt-BR\",\"@id\":\"https:\/\/noticiaempauta.com\/portal\/#\/schema\/person\/image\/\",\"url\":\"https:\/\/secure.gravatar.com\/avatar\/03179346ecce6cdfc13361603e8f54242a90e5cde8618fa23c5c00aa2b0aadf3?s=96&d=mm&r=g\",\"contentUrl\":\"https:\/\/secure.gravatar.com\/avatar\/03179346ecce6cdfc13361603e8f54242a90e5cde8618fa23c5c00aa2b0aadf3?s=96&d=mm&r=g\",\"caption\":\"Reda\u00e7\u00e3o\"},\"sameAs\":[\"https:\/\/noticiaempauta.com\/portal\/\"],\"url\":\"https:\/\/noticiaempauta.com\/portal\/author\/fernando\/\"}]}<\/script>\n<!-- \/ Yoast SEO Premium plugin. -->","yoast_head_json":{"title":"Rafael Fonteles destaca import\u00e2ncia da abertura econ\u00f4mica em evento com empres\u00e1rios piauienses na China - Portal Not\u00edcia em Pauta","robots":{"index":"index","follow":"follow","max-snippet":"max-snippet:-1","max-image-preview":"max-image-preview:large","max-video-preview":"max-video-preview:-1"},"canonical":"https:\/\/noticiaempauta.com\/portal\/rafael-fonteles-destaca-importancia-da-abertura-economica-em-evento-com-empresarios-piauienses-na-china\/","og_locale":"pt_BR","og_type":"article","og_title":"Rafael Fonteles destaca import\u00e2ncia da abertura econ\u00f4mica em evento com empres\u00e1rios piauienses na China","og_description":"O Piau\u00ed somou mais de US$ 1 bilh\u00e3o de d\u00f3lares em exporta\u00e7\u00f5es para a China em 2023, com destaque para os gr\u00e3os.","og_url":"https:\/\/noticiaempauta.com\/portal\/rafael-fonteles-destaca-importancia-da-abertura-economica-em-evento-com-empresarios-piauienses-na-china\/","og_site_name":"Portal Not\u00edcia em Pauta","article_publisher":"https:\/\/www.facebook.com\/Portal-Notcia-Em-Pauta-102292869264820\/","article_published_time":"2024-10-14T13:15:45+00:00","article_modified_time":"2024-10-14T13:15:47+00:00","og_image":[{"width":1000,"height":750,"url":"https:\/\/noticiaempauta.com\/portal\/wp-content\/uploads\/2024\/10\/large_missaoempresarial_70f3bec9e4.jpg","type":"image\/jpeg"}],"author":"Reda\u00e7\u00e3o","twitter_card":"summary_large_image","twitter_misc":{"Escrito por":"Reda\u00e7\u00e3o","Est. tempo de leitura":"4 minutos"},"schema":{"@context":"https:\/\/schema.org","@graph":[{"@type":"Article","@id":"https:\/\/noticiaempauta.com\/portal\/rafael-fonteles-destaca-importancia-da-abertura-economica-em-evento-com-empresarios-piauienses-na-china\/#article","isPartOf":{"@id":"https:\/\/noticiaempauta.com\/portal\/rafael-fonteles-destaca-importancia-da-abertura-economica-em-evento-com-empresarios-piauienses-na-china\/"},"author":{"name":"Reda\u00e7\u00e3o","@id":"https:\/\/noticiaempauta.com\/portal\/#\/schema\/person\/a74af43dd1ab3deca45f988c717d57ac"},"headline":"Rafael Fonteles destaca import\u00e2ncia da abertura econ\u00f4mica em evento com empres\u00e1rios piauienses na China","datePublished":"2024-10-14T13:15:45+00:00","dateModified":"2024-10-14T13:15:47+00:00","mainEntityOfPage":{"@id":"https:\/\/noticiaempauta.com\/portal\/rafael-fonteles-destaca-importancia-da-abertura-economica-em-evento-com-empresarios-piauienses-na-china\/"},"wordCount":457,"commentCount":0,"publisher":{"@id":"https:\/\/noticiaempauta.com\/portal\/#organization"},"image":{"@id":"https:\/\/noticiaempauta.com\/portal\/rafael-fonteles-destaca-importancia-da-abertura-economica-em-evento-com-empresarios-piauienses-na-china\/#primaryimage"},"thumbnailUrl":"https:\/\/noticiaempauta.com\/portal\/wp-content\/uploads\/2024\/10\/large_missaoempresarial_70f3bec9e4.jpg","keywords":["destaqueprincipal"],"articleSection":["Destaques","Geral","Todas as Not\u00edcias"],"inLanguage":"pt-BR","potentialAction":[{"@type":"CommentAction","name":"Comment","target":["https:\/\/noticiaempauta.com\/portal\/rafael-fonteles-destaca-importancia-da-abertura-economica-em-evento-com-empresarios-piauienses-na-china\/#respond"]}]},{"@type":"WebPage","@id":"https:\/\/noticiaempauta.com\/portal\/rafael-fonteles-destaca-importancia-da-abertura-economica-em-evento-com-empresarios-piauienses-na-china\/","url":"https:\/\/noticiaempauta.com\/portal\/rafael-fonteles-destaca-importancia-da-abertura-economica-em-evento-com-empresarios-piauienses-na-china\/","name":"Rafael Fonteles destaca import\u00e2ncia da abertura econ\u00f4mica em evento com empres\u00e1rios piauienses na China - Portal Not\u00edcia em Pauta","isPartOf":{"@id":"https:\/\/noticiaempauta.com\/portal\/#website"},"primaryImageOfPage":{"@id":"https:\/\/noticiaempauta.com\/portal\/rafael-fonteles-destaca-importancia-da-abertura-economica-em-evento-com-empresarios-piauienses-na-china\/#primaryimage"},"image":{"@id":"https:\/\/noticiaempauta.com\/portal\/rafael-fonteles-destaca-importancia-da-abertura-economica-em-evento-com-empresarios-piauienses-na-china\/#primaryimage"},"thumbnailUrl":"https:\/\/noticiaempauta.com\/portal\/wp-content\/uploads\/2024\/10\/large_missaoempresarial_70f3bec9e4.jpg","datePublished":"2024-10-14T13:15:45+00:00","dateModified":"2024-10-14T13:15:47+00:00","breadcrumb":{"@id":"https:\/\/noticiaempauta.com\/portal\/rafael-fonteles-destaca-importancia-da-abertura-economica-em-evento-com-empresarios-piauienses-na-china\/#breadcrumb"},"inLanguage":"pt-BR","potentialAction":[{"@type":"ReadAction","target":["https:\/\/noticiaempauta.com\/portal\/rafael-fonteles-destaca-importancia-da-abertura-economica-em-evento-com-empresarios-piauienses-na-china\/"]}]},{"@type":"ImageObject","inLanguage":"pt-BR","@id":"https:\/\/noticiaempauta.com\/portal\/rafael-fonteles-destaca-importancia-da-abertura-economica-em-evento-com-empresarios-piauienses-na-china\/#primaryimage","url":"https:\/\/noticiaempauta.com\/portal\/wp-content\/uploads\/2024\/10\/large_missaoempresarial_70f3bec9e4.jpg","contentUrl":"https:\/\/noticiaempauta.com\/portal\/wp-content\/uploads\/2024\/10\/large_missaoempresarial_70f3bec9e4.jpg","width":1000,"height":750},{"@type":"BreadcrumbList","@id":"https:\/\/noticiaempauta.com\/portal\/rafael-fonteles-destaca-importancia-da-abertura-economica-em-evento-com-empresarios-piauienses-na-china\/#breadcrumb","itemListElement":[{"@type":"ListItem","position":1,"name":"P\u00e1gina Inicial","item":"https:\/\/noticiaempauta.com\/portal\/"},{"@type":"ListItem","position":2,"name":"Destaques","item":"https:\/\/noticiaempauta.com\/portal\/destaques-site\/"},{"@type":"ListItem","position":3,"name":"Rafael Fonteles destaca import\u00e2ncia da abertura econ\u00f4mica em evento com empres\u00e1rios piauienses na China"}]},{"@type":"WebSite","@id":"https:\/\/noticiaempauta.com\/portal\/#website","url":"https:\/\/noticiaempauta.com\/portal\/","name":"Portal Not\u00edcia em Pauta","description":"Voc\u00ea bem informado","publisher":{"@id":"https:\/\/noticiaempauta.com\/portal\/#organization"},"potentialAction":[{"@type":"SearchAction","target":{"@type":"EntryPoint","urlTemplate":"https:\/\/noticiaempauta.com\/portal\/?s={search_term_string}"},"query-input":{"@type":"PropertyValueSpecification","valueRequired":true,"valueName":"search_term_string"}}],"inLanguage":"pt-BR"},{"@type":"Organization","@id":"https:\/\/noticiaempauta.com\/portal\/#organization","name":"Portal Not\u00edcia em Pauta","url":"https:\/\/noticiaempauta.com\/portal\/","logo":{"@type":"ImageObject","inLanguage":"pt-BR","@id":"https:\/\/noticiaempauta.com\/portal\/#\/schema\/logo\/image\/","url":"https:\/\/noticiaempauta.com\/portal\/wp-content\/uploads\/2022\/08\/logomarca_tema.fw_.png","contentUrl":"https:\/\/noticiaempauta.com\/portal\/wp-content\/uploads\/2022\/08\/logomarca_tema.fw_.png","width":400,"height":232,"caption":"Portal Not\u00edcia em Pauta"},"image":{"@id":"https:\/\/noticiaempauta.com\/portal\/#\/schema\/logo\/image\/"},"sameAs":["https:\/\/www.facebook.com\/Portal-Notcia-Em-Pauta-102292869264820\/","https:\/\/www.instagram.com\/portalnoticiaempauta\/"]},{"@type":"Person","@id":"https:\/\/noticiaempauta.com\/portal\/#\/schema\/person\/a74af43dd1ab3deca45f988c717d57ac","name":"Reda\u00e7\u00e3o","image":{"@type":"ImageObject","inLanguage":"pt-BR","@id":"https:\/\/noticiaempauta.com\/portal\/#\/schema\/person\/image\/","url":"https:\/\/secure.gravatar.com\/avatar\/03179346ecce6cdfc13361603e8f54242a90e5cde8618fa23c5c00aa2b0aadf3?s=96&d=mm&r=g","contentUrl":"https:\/\/secure.gravatar.com\/avatar\/03179346ecce6cdfc13361603e8f54242a90e5cde8618fa23c5c00aa2b0aadf3?s=96&d=mm&r=g","caption":"Reda\u00e7\u00e3o"},"sameAs":["https:\/\/noticiaempauta.com\/portal\/"],"url":"https:\/\/noticiaempauta.com\/portal\/author\/fernando\/"}]}},"_links":{"self":[{"href":"https:\/\/noticiaempauta.com\/portal\/wp-json\/wp\/v2\/posts\/263048","targetHints":{"allow":["GET"]}}],"collection":[{"href":"https:\/\/noticiaempauta.com\/portal\/wp-json\/wp\/v2\/posts"}],"about":[{"href":"https:\/\/noticiaempauta.com\/portal\/wp-json\/wp\/v2\/types\/post"}],"author":[{"embeddable":true,"href":"https:\/\/noticiaempauta.com\/portal\/wp-json\/wp\/v2\/users\/2"}],"replies":[{"embeddable":true,"href":"https:\/\/noticiaempauta.com\/portal\/wp-json\/wp\/v2\/comments?post=263048"}],"version-history":[{"count":2,"href":"https:\/\/noticiaempauta.com\/portal\/wp-json\/wp\/v2\/posts\/263048\/revisions"}],"predecessor-version":[{"id":263055,"href":"https:\/\/noticiaempauta.com\/portal\/wp-json\/wp\/v2\/posts\/263048\/revisions\/263055"}],"wp:featuredmedia":[{"embeddable":true,"href":"https:\/\/noticiaempauta.com\/portal\/wp-json\/wp\/v2\/media\/263052"}],"wp:attachment":[{"href":"https:\/\/noticiaempauta.com\/portal\/wp-json\/wp\/v2\/media?parent=263048"}],"wp:term":[{"taxonomy":"category","embeddable":true,"href":"https:\/\/noticiaempauta.com\/portal\/wp-json\/wp\/v2\/categories?post=263048"},{"taxonomy":"post_tag","embeddable":true,"href":"https:\/\/noticiaempauta.com\/portal\/wp-json\/wp\/v2\/tags?post=263048"}],"curies":[{"name":"wp","href":"https:\/\/api.w.org\/{rel}","templated":true}]}}