{"id":263065,"date":"2024-10-14T21:31:50","date_gmt":"2024-10-15T00:31:50","guid":{"rendered":"https:\/\/noticiaempauta.com\/portal\/?p=263065"},"modified":"2024-10-14T21:31:51","modified_gmt":"2024-10-15T00:31:51","slug":"semarh-emite-alerta-para-a-possibilidade-de-chuvas-intensas-esta-semana","status":"publish","type":"post","link":"https:\/\/noticiaempauta.com\/portal\/semarh-emite-alerta-para-a-possibilidade-de-chuvas-intensas-esta-semana\/","title":{"rendered":"Semarh emite alerta para a possibilidade de chuvas intensas esta semana"},"content":{"rendered":"\n<p>A Sala de Monitoramento e Previs\u00e3o de Eventos Clim\u00e1ticos Extremos (Sampece), ligada \u00e0 Diretoria de Planejamento e Seguran\u00e7a H\u00eddrica da Secretaria de Meio Ambiente e Recursos H\u00eddricos (Semarh\/PI), informa que no per\u00edodo de 14 a 21 de outubro de 2024, existe a possibilidade de ocorr\u00eancia de chuvas no estado, com maior possibilidade na por\u00e7\u00e3o centro-sul, abrangendo as mesorregi\u00f5es sudeste, sudoeste e parcela mais ao sul da mesorregi\u00e3o centro-norte.<\/p>\n\n\n\n<p>De acordo com o modelo de previs\u00e3o meteorol\u00f3gica do European Center for Medium-Range Weather Forecasts (ECMWF), as condi\u00e7\u00f5es favor\u00e1veis \u00e0 entrada de umidade devem ser mais frequentes entre os dias 16 e 20 de outubro. Essa umidade, ao interagir com a atmosfera quente e seca registrada nos \u00faltimos dias no estado do Piau\u00ed, cria um ambiente prop\u00edcio para a forma\u00e7\u00e3o de nuvens carregadas, com potencial para provocar ventanias, chuvas intensas e, em alguns casos isolados, queda de granizo.<\/p>\n\n\n\n<p>Os sistemas explicam que em superf\u00edcie temos uma frente fria no litoral da Bahia, que embora esteja no Oceano, favorece o fluxo de umidade em baixos n\u00edveis. Al\u00e9m disso, em altos n\u00edveis h\u00e1 forte diverg\u00eancia devido \u00e0 presen\u00e7a de um cavado, nome dado a uma \u00e1rea de instabilidade que favorece a forma\u00e7\u00e3o de nuvens de tempestade.<\/p>\n\n\n\n<p>\u201cNesse sentido, os maiores volumes esperados no referido recorte temporal ser\u00e3o para munic\u00edpios das mesorregi\u00f5es sudoeste. N\u00e3o se descarta a<br>possibilidade de ocorr\u00eancia de chuvas em menor volume em outras \u00e1reas do territ\u00f3rio piauiense\u201c, &nbsp;ressalta a coordenadora da sala e climatologista, Sara Cardoso.<\/p>\n\n\n\n<p><strong>Dicas de preven\u00e7\u00e3o<\/strong><\/p>\n\n\n\n<p>A Sala recomenda em caso de chuvas com rajadas de vento e possibilidade de queda de raios, que a popula\u00e7\u00e3o n\u00e3o se abrigue debaixo de \u00e1rvores devido ao risco de queda galhos e de raios. H\u00e1 orienta\u00e7\u00e3o tamb\u00e9m para n\u00e3o estacionar ve\u00edculos pr\u00f3ximos a torres de tv, debaixo de \u00e1rvores, pr\u00f3ximos a outdoors. Se estiver em \u00e1rea urbanizada, pontos de alagamento poder\u00e3o ser ativados em condi\u00e7\u00f5es de chuvas, e a dica \u00e9 n\u00e3o atravessar ruas alagadas e procurar abrigo. Se estiver em casa, evite utilizar aparelhos eletr\u00f4nicos ligados direto na tomada.<\/p>\n\n\n\n<p>O Instituto Nacional de Meteorologia (INMET) e a Sala de Monitoramento e Previs\u00e3o de Eventos Clim\u00e1ticos Extremos (SAMPECE) informam ainda, que est\u00e3o monitorando a situa\u00e7\u00e3o e que se faz necess\u00e1rio verificar a atualiza\u00e7\u00e3o dos informes especiais atrav\u00e9s dos portais oficiais.&nbsp;<\/p>\n\n\n\n<p>Em caso de d\u00favidas o cidad\u00e3o deve entrar em contato com a Defesa Civil (199) e o Corpo de Bombeiros (193). Mais informa\u00e7\u00f5es podem ser acessadas no site do Inmet:&nbsp;<a target=\"_blank\" rel=\"noreferrer noopener\" href=\"https:\/\/portal.inmet.gov.br\/\">https:\/\/portal.inmet.gov.br\/.<\/a>&nbsp;<\/p>\n\n\n\n<p>ASCOM\/Semarh<\/p>\n","protected":false},"excerpt":{"rendered":"<p>A Sala de Monitoramento e Previs\u00e3o de Eventos Clim\u00e1ticos Extremos (Sampece), ligada \u00e0 Diretoria de Planejamento e Seguran\u00e7a H\u00eddrica da Secretaria de Meio Ambiente e Recursos H\u00eddricos (Semarh\/PI), informa que no per\u00edodo de 14 a 21 de outubro de 2024, existe a possibilidade de ocorr\u00eancia de chuvas no estado, com maior possibilidade na por\u00e7\u00e3o centro-sul, [&hellip;]<\/p>\n","protected":false},"author":2,"featured_media":241932,"comment_status":"open","ping_status":"open","sticky":false,"template":"","format":"standard","meta":{"_mi_skip_tracking":false,"footnotes":""},"categories":[25,1,9,16],"tags":[192],"class_list":["post-263065","post","type-post","status-publish","format-standard","has-post-thumbnail","hentry","category-destaques-site","category-geral","category-municipios","category-todas","tag-destaqueprincipal"],"acf":[],"yoast_head":"<!-- This site is optimized with the Yoast SEO Premium plugin v19.2 (Yoast SEO v26.9) - https:\/\/yoast.com\/product\/yoast-seo-premium-wordpress\/ -->\n<title>Semarh emite alerta para a possibilidade de chuvas intensas esta semana - Portal Not\u00edcia em Pauta<\/title>\n<meta name=\"robots\" content=\"index, follow, max-snippet:-1, max-image-preview:large, max-video-preview:-1\" \/>\n<link rel=\"canonical\" href=\"https:\/\/noticiaempauta.com\/portal\/semarh-emite-alerta-para-a-possibilidade-de-chuvas-intensas-esta-semana\/\" \/>\n<meta property=\"og:locale\" content=\"pt_BR\" \/>\n<meta property=\"og:type\" content=\"article\" \/>\n<meta property=\"og:title\" content=\"Semarh emite alerta para a possibilidade de chuvas intensas esta semana\" \/>\n<meta property=\"og:description\" content=\"A Sala de Monitoramento e Previs\u00e3o de Eventos Clim\u00e1ticos Extremos (Sampece), ligada \u00e0 Diretoria de Planejamento e Seguran\u00e7a H\u00eddrica da Secretaria de Meio Ambiente e Recursos H\u00eddricos (Semarh\/PI), informa que no per\u00edodo de 14 a 21 de outubro de 2024, existe a possibilidade de ocorr\u00eancia de chuvas no estado, com maior possibilidade na por\u00e7\u00e3o centro-sul, [&hellip;]\" \/>\n<meta property=\"og:url\" content=\"https:\/\/noticiaempauta.com\/portal\/semarh-emite-alerta-para-a-possibilidade-de-chuvas-intensas-esta-semana\/\" \/>\n<meta property=\"og:site_name\" content=\"Portal Not\u00edcia em Pauta\" \/>\n<meta property=\"article:publisher\" content=\"https:\/\/www.facebook.com\/Portal-Notcia-Em-Pauta-102292869264820\/\" \/>\n<meta property=\"article:published_time\" content=\"2024-10-15T00:31:50+00:00\" \/>\n<meta property=\"article:modified_time\" content=\"2024-10-15T00:31:51+00:00\" \/>\n<meta property=\"og:image\" content=\"https:\/\/noticiaempauta.com\/portal\/wp-content\/uploads\/2022\/10\/chuva-em-picos.jpg\" \/>\n\t<meta property=\"og:image:width\" content=\"800\" \/>\n\t<meta property=\"og:image:height\" content=\"445\" \/>\n\t<meta property=\"og:image:type\" content=\"image\/jpeg\" \/>\n<meta name=\"author\" content=\"Reda\u00e7\u00e3o\" \/>\n<meta name=\"twitter:card\" content=\"summary_large_image\" \/>\n<meta name=\"twitter:label1\" content=\"Escrito por\" \/>\n\t<meta name=\"twitter:data1\" content=\"Reda\u00e7\u00e3o\" \/>\n\t<meta name=\"twitter:label2\" content=\"Est. tempo de leitura\" \/>\n\t<meta name=\"twitter:data2\" content=\"3 minutos\" \/>\n<script type=\"application\/ld+json\" class=\"yoast-schema-graph\">{\"@context\":\"https:\/\/schema.org\",\"@graph\":[{\"@type\":\"Article\",\"@id\":\"https:\/\/noticiaempauta.com\/portal\/semarh-emite-alerta-para-a-possibilidade-de-chuvas-intensas-esta-semana\/#article\",\"isPartOf\":{\"@id\":\"https:\/\/noticiaempauta.com\/portal\/semarh-emite-alerta-para-a-possibilidade-de-chuvas-intensas-esta-semana\/\"},\"author\":{\"name\":\"Reda\u00e7\u00e3o\",\"@id\":\"https:\/\/noticiaempauta.com\/portal\/#\/schema\/person\/a74af43dd1ab3deca45f988c717d57ac\"},\"headline\":\"Semarh emite alerta para a possibilidade de chuvas intensas esta semana\",\"datePublished\":\"2024-10-15T00:31:50+00:00\",\"dateModified\":\"2024-10-15T00:31:51+00:00\",\"mainEntityOfPage\":{\"@id\":\"https:\/\/noticiaempauta.com\/portal\/semarh-emite-alerta-para-a-possibilidade-de-chuvas-intensas-esta-semana\/\"},\"wordCount\":472,\"commentCount\":0,\"publisher\":{\"@id\":\"https:\/\/noticiaempauta.com\/portal\/#organization\"},\"image\":{\"@id\":\"https:\/\/noticiaempauta.com\/portal\/semarh-emite-alerta-para-a-possibilidade-de-chuvas-intensas-esta-semana\/#primaryimage\"},\"thumbnailUrl\":\"https:\/\/noticiaempauta.com\/portal\/wp-content\/uploads\/2022\/10\/chuva-em-picos.jpg\",\"keywords\":[\"destaqueprincipal\"],\"articleSection\":[\"Destaques\",\"Geral\",\"Munic\u00edpios\",\"Todas as Not\u00edcias\"],\"inLanguage\":\"pt-BR\",\"potentialAction\":[{\"@type\":\"CommentAction\",\"name\":\"Comment\",\"target\":[\"https:\/\/noticiaempauta.com\/portal\/semarh-emite-alerta-para-a-possibilidade-de-chuvas-intensas-esta-semana\/#respond\"]}]},{\"@type\":\"WebPage\",\"@id\":\"https:\/\/noticiaempauta.com\/portal\/semarh-emite-alerta-para-a-possibilidade-de-chuvas-intensas-esta-semana\/\",\"url\":\"https:\/\/noticiaempauta.com\/portal\/semarh-emite-alerta-para-a-possibilidade-de-chuvas-intensas-esta-semana\/\",\"name\":\"Semarh emite alerta para a possibilidade de chuvas intensas esta semana - Portal Not\u00edcia em Pauta\",\"isPartOf\":{\"@id\":\"https:\/\/noticiaempauta.com\/portal\/#website\"},\"primaryImageOfPage\":{\"@id\":\"https:\/\/noticiaempauta.com\/portal\/semarh-emite-alerta-para-a-possibilidade-de-chuvas-intensas-esta-semana\/#primaryimage\"},\"image\":{\"@id\":\"https:\/\/noticiaempauta.com\/portal\/semarh-emite-alerta-para-a-possibilidade-de-chuvas-intensas-esta-semana\/#primaryimage\"},\"thumbnailUrl\":\"https:\/\/noticiaempauta.com\/portal\/wp-content\/uploads\/2022\/10\/chuva-em-picos.jpg\",\"datePublished\":\"2024-10-15T00:31:50+00:00\",\"dateModified\":\"2024-10-15T00:31:51+00:00\",\"breadcrumb\":{\"@id\":\"https:\/\/noticiaempauta.com\/portal\/semarh-emite-alerta-para-a-possibilidade-de-chuvas-intensas-esta-semana\/#breadcrumb\"},\"inLanguage\":\"pt-BR\",\"potentialAction\":[{\"@type\":\"ReadAction\",\"target\":[\"https:\/\/noticiaempauta.com\/portal\/semarh-emite-alerta-para-a-possibilidade-de-chuvas-intensas-esta-semana\/\"]}]},{\"@type\":\"ImageObject\",\"inLanguage\":\"pt-BR\",\"@id\":\"https:\/\/noticiaempauta.com\/portal\/semarh-emite-alerta-para-a-possibilidade-de-chuvas-intensas-esta-semana\/#primaryimage\",\"url\":\"https:\/\/noticiaempauta.com\/portal\/wp-content\/uploads\/2022\/10\/chuva-em-picos.jpg\",\"contentUrl\":\"https:\/\/noticiaempauta.com\/portal\/wp-content\/uploads\/2022\/10\/chuva-em-picos.jpg\",\"width\":800,\"height\":445,\"caption\":\"Foto: Reprodu\u00e7\u00e3o\"},{\"@type\":\"BreadcrumbList\",\"@id\":\"https:\/\/noticiaempauta.com\/portal\/semarh-emite-alerta-para-a-possibilidade-de-chuvas-intensas-esta-semana\/#breadcrumb\",\"itemListElement\":[{\"@type\":\"ListItem\",\"position\":1,\"name\":\"P\u00e1gina Inicial\",\"item\":\"https:\/\/noticiaempauta.com\/portal\/\"},{\"@type\":\"ListItem\",\"position\":2,\"name\":\"Destaques\",\"item\":\"https:\/\/noticiaempauta.com\/portal\/destaques-site\/\"},{\"@type\":\"ListItem\",\"position\":3,\"name\":\"Semarh emite alerta para a possibilidade de chuvas intensas esta semana\"}]},{\"@type\":\"WebSite\",\"@id\":\"https:\/\/noticiaempauta.com\/portal\/#website\",\"url\":\"https:\/\/noticiaempauta.com\/portal\/\",\"name\":\"Portal Not\u00edcia em Pauta\",\"description\":\"Voc\u00ea bem informado\",\"publisher\":{\"@id\":\"https:\/\/noticiaempauta.com\/portal\/#organization\"},\"potentialAction\":[{\"@type\":\"SearchAction\",\"target\":{\"@type\":\"EntryPoint\",\"urlTemplate\":\"https:\/\/noticiaempauta.com\/portal\/?s={search_term_string}\"},\"query-input\":{\"@type\":\"PropertyValueSpecification\",\"valueRequired\":true,\"valueName\":\"search_term_string\"}}],\"inLanguage\":\"pt-BR\"},{\"@type\":\"Organization\",\"@id\":\"https:\/\/noticiaempauta.com\/portal\/#organization\",\"name\":\"Portal Not\u00edcia em Pauta\",\"url\":\"https:\/\/noticiaempauta.com\/portal\/\",\"logo\":{\"@type\":\"ImageObject\",\"inLanguage\":\"pt-BR\",\"@id\":\"https:\/\/noticiaempauta.com\/portal\/#\/schema\/logo\/image\/\",\"url\":\"https:\/\/noticiaempauta.com\/portal\/wp-content\/uploads\/2022\/08\/logomarca_tema.fw_.png\",\"contentUrl\":\"https:\/\/noticiaempauta.com\/portal\/wp-content\/uploads\/2022\/08\/logomarca_tema.fw_.png\",\"width\":400,\"height\":232,\"caption\":\"Portal Not\u00edcia em Pauta\"},\"image\":{\"@id\":\"https:\/\/noticiaempauta.com\/portal\/#\/schema\/logo\/image\/\"},\"sameAs\":[\"https:\/\/www.facebook.com\/Portal-Notcia-Em-Pauta-102292869264820\/\",\"https:\/\/www.instagram.com\/portalnoticiaempauta\/\"]},{\"@type\":\"Person\",\"@id\":\"https:\/\/noticiaempauta.com\/portal\/#\/schema\/person\/a74af43dd1ab3deca45f988c717d57ac\",\"name\":\"Reda\u00e7\u00e3o\",\"image\":{\"@type\":\"ImageObject\",\"inLanguage\":\"pt-BR\",\"@id\":\"https:\/\/noticiaempauta.com\/portal\/#\/schema\/person\/image\/\",\"url\":\"https:\/\/secure.gravatar.com\/avatar\/03179346ecce6cdfc13361603e8f54242a90e5cde8618fa23c5c00aa2b0aadf3?s=96&d=mm&r=g\",\"contentUrl\":\"https:\/\/secure.gravatar.com\/avatar\/03179346ecce6cdfc13361603e8f54242a90e5cde8618fa23c5c00aa2b0aadf3?s=96&d=mm&r=g\",\"caption\":\"Reda\u00e7\u00e3o\"},\"sameAs\":[\"https:\/\/noticiaempauta.com\/portal\/\"],\"url\":\"https:\/\/noticiaempauta.com\/portal\/author\/fernando\/\"}]}<\/script>\n<!-- \/ Yoast SEO Premium plugin. -->","yoast_head_json":{"title":"Semarh emite alerta para a possibilidade de chuvas intensas esta semana - Portal Not\u00edcia em Pauta","robots":{"index":"index","follow":"follow","max-snippet":"max-snippet:-1","max-image-preview":"max-image-preview:large","max-video-preview":"max-video-preview:-1"},"canonical":"https:\/\/noticiaempauta.com\/portal\/semarh-emite-alerta-para-a-possibilidade-de-chuvas-intensas-esta-semana\/","og_locale":"pt_BR","og_type":"article","og_title":"Semarh emite alerta para a possibilidade de chuvas intensas esta semana","og_description":"A Sala de Monitoramento e Previs\u00e3o de Eventos Clim\u00e1ticos Extremos (Sampece), ligada \u00e0 Diretoria de Planejamento e Seguran\u00e7a H\u00eddrica da Secretaria de Meio Ambiente e Recursos H\u00eddricos (Semarh\/PI), informa que no per\u00edodo de 14 a 21 de outubro de 2024, existe a possibilidade de ocorr\u00eancia de chuvas no estado, com maior possibilidade na por\u00e7\u00e3o centro-sul, [&hellip;]","og_url":"https:\/\/noticiaempauta.com\/portal\/semarh-emite-alerta-para-a-possibilidade-de-chuvas-intensas-esta-semana\/","og_site_name":"Portal Not\u00edcia em Pauta","article_publisher":"https:\/\/www.facebook.com\/Portal-Notcia-Em-Pauta-102292869264820\/","article_published_time":"2024-10-15T00:31:50+00:00","article_modified_time":"2024-10-15T00:31:51+00:00","og_image":[{"width":800,"height":445,"url":"https:\/\/noticiaempauta.com\/portal\/wp-content\/uploads\/2022\/10\/chuva-em-picos.jpg","type":"image\/jpeg"}],"author":"Reda\u00e7\u00e3o","twitter_card":"summary_large_image","twitter_misc":{"Escrito por":"Reda\u00e7\u00e3o","Est. tempo de leitura":"3 minutos"},"schema":{"@context":"https:\/\/schema.org","@graph":[{"@type":"Article","@id":"https:\/\/noticiaempauta.com\/portal\/semarh-emite-alerta-para-a-possibilidade-de-chuvas-intensas-esta-semana\/#article","isPartOf":{"@id":"https:\/\/noticiaempauta.com\/portal\/semarh-emite-alerta-para-a-possibilidade-de-chuvas-intensas-esta-semana\/"},"author":{"name":"Reda\u00e7\u00e3o","@id":"https:\/\/noticiaempauta.com\/portal\/#\/schema\/person\/a74af43dd1ab3deca45f988c717d57ac"},"headline":"Semarh emite alerta para a possibilidade de chuvas intensas esta semana","datePublished":"2024-10-15T00:31:50+00:00","dateModified":"2024-10-15T00:31:51+00:00","mainEntityOfPage":{"@id":"https:\/\/noticiaempauta.com\/portal\/semarh-emite-alerta-para-a-possibilidade-de-chuvas-intensas-esta-semana\/"},"wordCount":472,"commentCount":0,"publisher":{"@id":"https:\/\/noticiaempauta.com\/portal\/#organization"},"image":{"@id":"https:\/\/noticiaempauta.com\/portal\/semarh-emite-alerta-para-a-possibilidade-de-chuvas-intensas-esta-semana\/#primaryimage"},"thumbnailUrl":"https:\/\/noticiaempauta.com\/portal\/wp-content\/uploads\/2022\/10\/chuva-em-picos.jpg","keywords":["destaqueprincipal"],"articleSection":["Destaques","Geral","Munic\u00edpios","Todas as Not\u00edcias"],"inLanguage":"pt-BR","potentialAction":[{"@type":"CommentAction","name":"Comment","target":["https:\/\/noticiaempauta.com\/portal\/semarh-emite-alerta-para-a-possibilidade-de-chuvas-intensas-esta-semana\/#respond"]}]},{"@type":"WebPage","@id":"https:\/\/noticiaempauta.com\/portal\/semarh-emite-alerta-para-a-possibilidade-de-chuvas-intensas-esta-semana\/","url":"https:\/\/noticiaempauta.com\/portal\/semarh-emite-alerta-para-a-possibilidade-de-chuvas-intensas-esta-semana\/","name":"Semarh emite alerta para a possibilidade de chuvas intensas esta semana - Portal Not\u00edcia em Pauta","isPartOf":{"@id":"https:\/\/noticiaempauta.com\/portal\/#website"},"primaryImageOfPage":{"@id":"https:\/\/noticiaempauta.com\/portal\/semarh-emite-alerta-para-a-possibilidade-de-chuvas-intensas-esta-semana\/#primaryimage"},"image":{"@id":"https:\/\/noticiaempauta.com\/portal\/semarh-emite-alerta-para-a-possibilidade-de-chuvas-intensas-esta-semana\/#primaryimage"},"thumbnailUrl":"https:\/\/noticiaempauta.com\/portal\/wp-content\/uploads\/2022\/10\/chuva-em-picos.jpg","datePublished":"2024-10-15T00:31:50+00:00","dateModified":"2024-10-15T00:31:51+00:00","breadcrumb":{"@id":"https:\/\/noticiaempauta.com\/portal\/semarh-emite-alerta-para-a-possibilidade-de-chuvas-intensas-esta-semana\/#breadcrumb"},"inLanguage":"pt-BR","potentialAction":[{"@type":"ReadAction","target":["https:\/\/noticiaempauta.com\/portal\/semarh-emite-alerta-para-a-possibilidade-de-chuvas-intensas-esta-semana\/"]}]},{"@type":"ImageObject","inLanguage":"pt-BR","@id":"https:\/\/noticiaempauta.com\/portal\/semarh-emite-alerta-para-a-possibilidade-de-chuvas-intensas-esta-semana\/#primaryimage","url":"https:\/\/noticiaempauta.com\/portal\/wp-content\/uploads\/2022\/10\/chuva-em-picos.jpg","contentUrl":"https:\/\/noticiaempauta.com\/portal\/wp-content\/uploads\/2022\/10\/chuva-em-picos.jpg","width":800,"height":445,"caption":"Foto: Reprodu\u00e7\u00e3o"},{"@type":"BreadcrumbList","@id":"https:\/\/noticiaempauta.com\/portal\/semarh-emite-alerta-para-a-possibilidade-de-chuvas-intensas-esta-semana\/#breadcrumb","itemListElement":[{"@type":"ListItem","position":1,"name":"P\u00e1gina Inicial","item":"https:\/\/noticiaempauta.com\/portal\/"},{"@type":"ListItem","position":2,"name":"Destaques","item":"https:\/\/noticiaempauta.com\/portal\/destaques-site\/"},{"@type":"ListItem","position":3,"name":"Semarh emite alerta para a possibilidade de chuvas intensas esta semana"}]},{"@type":"WebSite","@id":"https:\/\/noticiaempauta.com\/portal\/#website","url":"https:\/\/noticiaempauta.com\/portal\/","name":"Portal Not\u00edcia em Pauta","description":"Voc\u00ea bem informado","publisher":{"@id":"https:\/\/noticiaempauta.com\/portal\/#organization"},"potentialAction":[{"@type":"SearchAction","target":{"@type":"EntryPoint","urlTemplate":"https:\/\/noticiaempauta.com\/portal\/?s={search_term_string}"},"query-input":{"@type":"PropertyValueSpecification","valueRequired":true,"valueName":"search_term_string"}}],"inLanguage":"pt-BR"},{"@type":"Organization","@id":"https:\/\/noticiaempauta.com\/portal\/#organization","name":"Portal Not\u00edcia em Pauta","url":"https:\/\/noticiaempauta.com\/portal\/","logo":{"@type":"ImageObject","inLanguage":"pt-BR","@id":"https:\/\/noticiaempauta.com\/portal\/#\/schema\/logo\/image\/","url":"https:\/\/noticiaempauta.com\/portal\/wp-content\/uploads\/2022\/08\/logomarca_tema.fw_.png","contentUrl":"https:\/\/noticiaempauta.com\/portal\/wp-content\/uploads\/2022\/08\/logomarca_tema.fw_.png","width":400,"height":232,"caption":"Portal Not\u00edcia em Pauta"},"image":{"@id":"https:\/\/noticiaempauta.com\/portal\/#\/schema\/logo\/image\/"},"sameAs":["https:\/\/www.facebook.com\/Portal-Notcia-Em-Pauta-102292869264820\/","https:\/\/www.instagram.com\/portalnoticiaempauta\/"]},{"@type":"Person","@id":"https:\/\/noticiaempauta.com\/portal\/#\/schema\/person\/a74af43dd1ab3deca45f988c717d57ac","name":"Reda\u00e7\u00e3o","image":{"@type":"ImageObject","inLanguage":"pt-BR","@id":"https:\/\/noticiaempauta.com\/portal\/#\/schema\/person\/image\/","url":"https:\/\/secure.gravatar.com\/avatar\/03179346ecce6cdfc13361603e8f54242a90e5cde8618fa23c5c00aa2b0aadf3?s=96&d=mm&r=g","contentUrl":"https:\/\/secure.gravatar.com\/avatar\/03179346ecce6cdfc13361603e8f54242a90e5cde8618fa23c5c00aa2b0aadf3?s=96&d=mm&r=g","caption":"Reda\u00e7\u00e3o"},"sameAs":["https:\/\/noticiaempauta.com\/portal\/"],"url":"https:\/\/noticiaempauta.com\/portal\/author\/fernando\/"}]}},"_links":{"self":[{"href":"https:\/\/noticiaempauta.com\/portal\/wp-json\/wp\/v2\/posts\/263065","targetHints":{"allow":["GET"]}}],"collection":[{"href":"https:\/\/noticiaempauta.com\/portal\/wp-json\/wp\/v2\/posts"}],"about":[{"href":"https:\/\/noticiaempauta.com\/portal\/wp-json\/wp\/v2\/types\/post"}],"author":[{"embeddable":true,"href":"https:\/\/noticiaempauta.com\/portal\/wp-json\/wp\/v2\/users\/2"}],"replies":[{"embeddable":true,"href":"https:\/\/noticiaempauta.com\/portal\/wp-json\/wp\/v2\/comments?post=263065"}],"version-history":[{"count":2,"href":"https:\/\/noticiaempauta.com\/portal\/wp-json\/wp\/v2\/posts\/263065\/revisions"}],"predecessor-version":[{"id":263067,"href":"https:\/\/noticiaempauta.com\/portal\/wp-json\/wp\/v2\/posts\/263065\/revisions\/263067"}],"wp:featuredmedia":[{"embeddable":true,"href":"https:\/\/noticiaempauta.com\/portal\/wp-json\/wp\/v2\/media\/241932"}],"wp:attachment":[{"href":"https:\/\/noticiaempauta.com\/portal\/wp-json\/wp\/v2\/media?parent=263065"}],"wp:term":[{"taxonomy":"category","embeddable":true,"href":"https:\/\/noticiaempauta.com\/portal\/wp-json\/wp\/v2\/categories?post=263065"},{"taxonomy":"post_tag","embeddable":true,"href":"https:\/\/noticiaempauta.com\/portal\/wp-json\/wp\/v2\/tags?post=263065"}],"curies":[{"name":"wp","href":"https:\/\/api.w.org\/{rel}","templated":true}]}}