{"id":263095,"date":"2024-10-16T09:33:32","date_gmt":"2024-10-16T12:33:32","guid":{"rendered":"https:\/\/noticiaempauta.com\/portal\/?p=263095"},"modified":"2024-10-16T09:33:33","modified_gmt":"2024-10-16T12:33:33","slug":"paqueta-do-piaui-saude-promove-campanha-de-vacinacao-antirrabica-com-inicio-neste-sabado-19","status":"publish","type":"post","link":"https:\/\/noticiaempauta.com\/portal\/paqueta-do-piaui-saude-promove-campanha-de-vacinacao-antirrabica-com-inicio-neste-sabado-19\/","title":{"rendered":"Paquet\u00e1 do Piau\u00ed | Sa\u00fade promove Campanha de Vacina\u00e7\u00e3o Antirr\u00e1bica com inic\u00edo neste s\u00e1bado (19)"},"content":{"rendered":"\n<p>A prefeitura municipal de Paquet\u00e1 do Piau\u00ed estar\u00e1 realizando no pr\u00f3ximo s\u00e1bado, 19 de outubro, o &#8221; Dia D &#8221; de Vacina\u00e7\u00e3o Antirr\u00e1bica para c\u00e3es e gatos no munic\u00edpio, a a\u00e7\u00e3o que acontece das 8h \u00e0s 12h ser\u00e1 realizada na Unidade B\u00e1sica de Sa\u00fade Roberval de Moura, centro da cidade.<\/p>\n\n\n\n<figure class=\"wp-block-image size-large\"><img fetchpriority=\"high\" decoding=\"async\" width=\"1024\" height=\"1003\" src=\"https:\/\/noticiaempauta.com\/portal\/wp-content\/uploads\/2024\/10\/WhatsApp-Image-2024-10-16-at-09.30.43-1024x1003.jpeg\" alt=\"\" class=\"wp-image-263096\" srcset=\"https:\/\/noticiaempauta.com\/portal\/wp-content\/uploads\/2024\/10\/WhatsApp-Image-2024-10-16-at-09.30.43-1024x1003.jpeg 1024w, https:\/\/noticiaempauta.com\/portal\/wp-content\/uploads\/2024\/10\/WhatsApp-Image-2024-10-16-at-09.30.43-300x294.jpeg 300w, https:\/\/noticiaempauta.com\/portal\/wp-content\/uploads\/2024\/10\/WhatsApp-Image-2024-10-16-at-09.30.43-768x752.jpeg 768w, https:\/\/noticiaempauta.com\/portal\/wp-content\/uploads\/2024\/10\/WhatsApp-Image-2024-10-16-at-09.30.43.jpeg 1170w\" sizes=\"(max-width: 1024px) 100vw, 1024px\" \/><\/figure>\n\n\n\n<p><br>A campanha \u00e9 organizada pela Secretaria Municipal de Sa\u00fade e conta com total apoio do prefeito Dr. Clayton Barros, de acordo com o secret\u00e1rio, Marcos Val\u00e9rio, todos os c\u00e3es e gatos a partir de tr\u00eas meses de idade devem ser vacinados contra a raiva, doen\u00e7a que \u00e9 fatal tanto para os animais quanto para os humanos.<br>&#8220;A vacina\u00e7\u00e3o e gratuita e considerada uma medida essencial de sa\u00fade p\u00fablica, ajudando a proteger os pets, seus donos e a comunidade em geral contra essa zoonose&#8221;, alerta o secret\u00e1rio. &#8220;Vacinar os animais contra a raiva \u00e9 um ato de cuidado e responsabilidade.<br>Essa \u00e9 uma doen\u00e7a grave, e a vacina\u00e7\u00e3o \u00e9 a \u00fanica maneira de preveni-la. Queremos garantir que o maior n\u00famero poss\u00edvel de animais seja imunizado&#8221;, ressaltou.<\/p>\n","protected":false},"excerpt":{"rendered":"<p>A prefeitura municipal de Paquet\u00e1 do Piau\u00ed estar\u00e1 realizando no pr\u00f3ximo s\u00e1bado, 19 de outubro, o &#8221; Dia D &#8221; de Vacina\u00e7\u00e3o Antirr\u00e1bica para c\u00e3es e gatos no munic\u00edpio, a a\u00e7\u00e3o que acontece das 8h \u00e0s 12h ser\u00e1 realizada na Unidade B\u00e1sica de Sa\u00fade Roberval de Moura, centro da cidade. A campanha \u00e9 organizada pela [&hellip;]<\/p>\n","protected":false},"author":2,"featured_media":263097,"comment_status":"open","ping_status":"open","sticky":false,"template":"","format":"standard","meta":{"_mi_skip_tracking":false,"footnotes":""},"categories":[25,1,9,5,16],"tags":[],"class_list":["post-263095","post","type-post","status-publish","format-standard","has-post-thumbnail","hentry","category-destaques-site","category-geral","category-municipios","category-saude","category-todas"],"acf":[],"yoast_head":"<!-- This site is optimized with the Yoast SEO Premium plugin v19.2 (Yoast SEO v26.9) - https:\/\/yoast.com\/product\/yoast-seo-premium-wordpress\/ -->\n<title>Paquet\u00e1 do Piau\u00ed | Sa\u00fade promove Campanha de Vacina\u00e7\u00e3o Antirr\u00e1bica com inic\u00edo neste s\u00e1bado (19) - Portal Not\u00edcia em Pauta<\/title>\n<meta name=\"robots\" content=\"index, follow, max-snippet:-1, max-image-preview:large, max-video-preview:-1\" \/>\n<link rel=\"canonical\" href=\"https:\/\/noticiaempauta.com\/portal\/paqueta-do-piaui-saude-promove-campanha-de-vacinacao-antirrabica-com-inicio-neste-sabado-19\/\" \/>\n<meta property=\"og:locale\" content=\"pt_BR\" \/>\n<meta property=\"og:type\" content=\"article\" \/>\n<meta property=\"og:title\" content=\"Paquet\u00e1 do Piau\u00ed | Sa\u00fade promove Campanha de Vacina\u00e7\u00e3o Antirr\u00e1bica com inic\u00edo neste s\u00e1bado (19)\" \/>\n<meta property=\"og:description\" content=\"A prefeitura municipal de Paquet\u00e1 do Piau\u00ed estar\u00e1 realizando no pr\u00f3ximo s\u00e1bado, 19 de outubro, o &#8221; Dia D &#8221; de Vacina\u00e7\u00e3o Antirr\u00e1bica para c\u00e3es e gatos no munic\u00edpio, a a\u00e7\u00e3o que acontece das 8h \u00e0s 12h ser\u00e1 realizada na Unidade B\u00e1sica de Sa\u00fade Roberval de Moura, centro da cidade. A campanha \u00e9 organizada pela [&hellip;]\" \/>\n<meta property=\"og:url\" content=\"https:\/\/noticiaempauta.com\/portal\/paqueta-do-piaui-saude-promove-campanha-de-vacinacao-antirrabica-com-inicio-neste-sabado-19\/\" \/>\n<meta property=\"og:site_name\" content=\"Portal Not\u00edcia em Pauta\" \/>\n<meta property=\"article:publisher\" content=\"https:\/\/www.facebook.com\/Portal-Notcia-Em-Pauta-102292869264820\/\" \/>\n<meta property=\"article:published_time\" content=\"2024-10-16T12:33:32+00:00\" \/>\n<meta property=\"article:modified_time\" content=\"2024-10-16T12:33:33+00:00\" \/>\n<meta property=\"og:image\" content=\"https:\/\/noticiaempauta.com\/portal\/wp-content\/uploads\/2024\/10\/WhatsApp-Image-2024-10-16-at-09.32.49.jpeg\" \/>\n\t<meta property=\"og:image:width\" content=\"1023\" \/>\n\t<meta property=\"og:image:height\" content=\"811\" \/>\n\t<meta property=\"og:image:type\" content=\"image\/jpeg\" \/>\n<meta name=\"author\" content=\"Reda\u00e7\u00e3o\" \/>\n<meta name=\"twitter:card\" content=\"summary_large_image\" \/>\n<meta name=\"twitter:label1\" content=\"Escrito por\" \/>\n\t<meta name=\"twitter:data1\" content=\"Reda\u00e7\u00e3o\" \/>\n\t<meta name=\"twitter:label2\" content=\"Est. tempo de leitura\" \/>\n\t<meta name=\"twitter:data2\" content=\"2 minutos\" \/>\n<script type=\"application\/ld+json\" class=\"yoast-schema-graph\">{\"@context\":\"https:\/\/schema.org\",\"@graph\":[{\"@type\":\"Article\",\"@id\":\"https:\/\/noticiaempauta.com\/portal\/paqueta-do-piaui-saude-promove-campanha-de-vacinacao-antirrabica-com-inicio-neste-sabado-19\/#article\",\"isPartOf\":{\"@id\":\"https:\/\/noticiaempauta.com\/portal\/paqueta-do-piaui-saude-promove-campanha-de-vacinacao-antirrabica-com-inicio-neste-sabado-19\/\"},\"author\":{\"name\":\"Reda\u00e7\u00e3o\",\"@id\":\"https:\/\/noticiaempauta.com\/portal\/#\/schema\/person\/a74af43dd1ab3deca45f988c717d57ac\"},\"headline\":\"Paquet\u00e1 do Piau\u00ed | Sa\u00fade promove Campanha de Vacina\u00e7\u00e3o Antirr\u00e1bica com inic\u00edo neste s\u00e1bado (19)\",\"datePublished\":\"2024-10-16T12:33:32+00:00\",\"dateModified\":\"2024-10-16T12:33:33+00:00\",\"mainEntityOfPage\":{\"@id\":\"https:\/\/noticiaempauta.com\/portal\/paqueta-do-piaui-saude-promove-campanha-de-vacinacao-antirrabica-com-inicio-neste-sabado-19\/\"},\"wordCount\":208,\"commentCount\":0,\"publisher\":{\"@id\":\"https:\/\/noticiaempauta.com\/portal\/#organization\"},\"image\":{\"@id\":\"https:\/\/noticiaempauta.com\/portal\/paqueta-do-piaui-saude-promove-campanha-de-vacinacao-antirrabica-com-inicio-neste-sabado-19\/#primaryimage\"},\"thumbnailUrl\":\"https:\/\/noticiaempauta.com\/portal\/wp-content\/uploads\/2024\/10\/WhatsApp-Image-2024-10-16-at-09.32.49.jpeg\",\"articleSection\":[\"Destaques\",\"Geral\",\"Munic\u00edpios\",\"Sa\u00fade\",\"Todas as Not\u00edcias\"],\"inLanguage\":\"pt-BR\",\"potentialAction\":[{\"@type\":\"CommentAction\",\"name\":\"Comment\",\"target\":[\"https:\/\/noticiaempauta.com\/portal\/paqueta-do-piaui-saude-promove-campanha-de-vacinacao-antirrabica-com-inicio-neste-sabado-19\/#respond\"]}]},{\"@type\":\"WebPage\",\"@id\":\"https:\/\/noticiaempauta.com\/portal\/paqueta-do-piaui-saude-promove-campanha-de-vacinacao-antirrabica-com-inicio-neste-sabado-19\/\",\"url\":\"https:\/\/noticiaempauta.com\/portal\/paqueta-do-piaui-saude-promove-campanha-de-vacinacao-antirrabica-com-inicio-neste-sabado-19\/\",\"name\":\"Paquet\u00e1 do Piau\u00ed | Sa\u00fade promove Campanha de Vacina\u00e7\u00e3o Antirr\u00e1bica com inic\u00edo neste s\u00e1bado (19) - Portal Not\u00edcia em Pauta\",\"isPartOf\":{\"@id\":\"https:\/\/noticiaempauta.com\/portal\/#website\"},\"primaryImageOfPage\":{\"@id\":\"https:\/\/noticiaempauta.com\/portal\/paqueta-do-piaui-saude-promove-campanha-de-vacinacao-antirrabica-com-inicio-neste-sabado-19\/#primaryimage\"},\"image\":{\"@id\":\"https:\/\/noticiaempauta.com\/portal\/paqueta-do-piaui-saude-promove-campanha-de-vacinacao-antirrabica-com-inicio-neste-sabado-19\/#primaryimage\"},\"thumbnailUrl\":\"https:\/\/noticiaempauta.com\/portal\/wp-content\/uploads\/2024\/10\/WhatsApp-Image-2024-10-16-at-09.32.49.jpeg\",\"datePublished\":\"2024-10-16T12:33:32+00:00\",\"dateModified\":\"2024-10-16T12:33:33+00:00\",\"breadcrumb\":{\"@id\":\"https:\/\/noticiaempauta.com\/portal\/paqueta-do-piaui-saude-promove-campanha-de-vacinacao-antirrabica-com-inicio-neste-sabado-19\/#breadcrumb\"},\"inLanguage\":\"pt-BR\",\"potentialAction\":[{\"@type\":\"ReadAction\",\"target\":[\"https:\/\/noticiaempauta.com\/portal\/paqueta-do-piaui-saude-promove-campanha-de-vacinacao-antirrabica-com-inicio-neste-sabado-19\/\"]}]},{\"@type\":\"ImageObject\",\"inLanguage\":\"pt-BR\",\"@id\":\"https:\/\/noticiaempauta.com\/portal\/paqueta-do-piaui-saude-promove-campanha-de-vacinacao-antirrabica-com-inicio-neste-sabado-19\/#primaryimage\",\"url\":\"https:\/\/noticiaempauta.com\/portal\/wp-content\/uploads\/2024\/10\/WhatsApp-Image-2024-10-16-at-09.32.49.jpeg\",\"contentUrl\":\"https:\/\/noticiaempauta.com\/portal\/wp-content\/uploads\/2024\/10\/WhatsApp-Image-2024-10-16-at-09.32.49.jpeg\",\"width\":1023,\"height\":811},{\"@type\":\"BreadcrumbList\",\"@id\":\"https:\/\/noticiaempauta.com\/portal\/paqueta-do-piaui-saude-promove-campanha-de-vacinacao-antirrabica-com-inicio-neste-sabado-19\/#breadcrumb\",\"itemListElement\":[{\"@type\":\"ListItem\",\"position\":1,\"name\":\"P\u00e1gina Inicial\",\"item\":\"https:\/\/noticiaempauta.com\/portal\/\"},{\"@type\":\"ListItem\",\"position\":2,\"name\":\"Destaques\",\"item\":\"https:\/\/noticiaempauta.com\/portal\/destaques-site\/\"},{\"@type\":\"ListItem\",\"position\":3,\"name\":\"Paquet\u00e1 do Piau\u00ed | Sa\u00fade promove Campanha de Vacina\u00e7\u00e3o Antirr\u00e1bica com inic\u00edo neste s\u00e1bado (19)\"}]},{\"@type\":\"WebSite\",\"@id\":\"https:\/\/noticiaempauta.com\/portal\/#website\",\"url\":\"https:\/\/noticiaempauta.com\/portal\/\",\"name\":\"Portal Not\u00edcia em Pauta\",\"description\":\"Voc\u00ea bem informado\",\"publisher\":{\"@id\":\"https:\/\/noticiaempauta.com\/portal\/#organization\"},\"potentialAction\":[{\"@type\":\"SearchAction\",\"target\":{\"@type\":\"EntryPoint\",\"urlTemplate\":\"https:\/\/noticiaempauta.com\/portal\/?s={search_term_string}\"},\"query-input\":{\"@type\":\"PropertyValueSpecification\",\"valueRequired\":true,\"valueName\":\"search_term_string\"}}],\"inLanguage\":\"pt-BR\"},{\"@type\":\"Organization\",\"@id\":\"https:\/\/noticiaempauta.com\/portal\/#organization\",\"name\":\"Portal Not\u00edcia em Pauta\",\"url\":\"https:\/\/noticiaempauta.com\/portal\/\",\"logo\":{\"@type\":\"ImageObject\",\"inLanguage\":\"pt-BR\",\"@id\":\"https:\/\/noticiaempauta.com\/portal\/#\/schema\/logo\/image\/\",\"url\":\"https:\/\/noticiaempauta.com\/portal\/wp-content\/uploads\/2022\/08\/logomarca_tema.fw_.png\",\"contentUrl\":\"https:\/\/noticiaempauta.com\/portal\/wp-content\/uploads\/2022\/08\/logomarca_tema.fw_.png\",\"width\":400,\"height\":232,\"caption\":\"Portal Not\u00edcia em Pauta\"},\"image\":{\"@id\":\"https:\/\/noticiaempauta.com\/portal\/#\/schema\/logo\/image\/\"},\"sameAs\":[\"https:\/\/www.facebook.com\/Portal-Notcia-Em-Pauta-102292869264820\/\",\"https:\/\/www.instagram.com\/portalnoticiaempauta\/\"]},{\"@type\":\"Person\",\"@id\":\"https:\/\/noticiaempauta.com\/portal\/#\/schema\/person\/a74af43dd1ab3deca45f988c717d57ac\",\"name\":\"Reda\u00e7\u00e3o\",\"image\":{\"@type\":\"ImageObject\",\"inLanguage\":\"pt-BR\",\"@id\":\"https:\/\/noticiaempauta.com\/portal\/#\/schema\/person\/image\/\",\"url\":\"https:\/\/secure.gravatar.com\/avatar\/03179346ecce6cdfc13361603e8f54242a90e5cde8618fa23c5c00aa2b0aadf3?s=96&d=mm&r=g\",\"contentUrl\":\"https:\/\/secure.gravatar.com\/avatar\/03179346ecce6cdfc13361603e8f54242a90e5cde8618fa23c5c00aa2b0aadf3?s=96&d=mm&r=g\",\"caption\":\"Reda\u00e7\u00e3o\"},\"sameAs\":[\"https:\/\/noticiaempauta.com\/portal\/\"],\"url\":\"https:\/\/noticiaempauta.com\/portal\/author\/fernando\/\"}]}<\/script>\n<!-- \/ Yoast SEO Premium plugin. -->","yoast_head_json":{"title":"Paquet\u00e1 do Piau\u00ed | Sa\u00fade promove Campanha de Vacina\u00e7\u00e3o Antirr\u00e1bica com inic\u00edo neste s\u00e1bado (19) - Portal Not\u00edcia em Pauta","robots":{"index":"index","follow":"follow","max-snippet":"max-snippet:-1","max-image-preview":"max-image-preview:large","max-video-preview":"max-video-preview:-1"},"canonical":"https:\/\/noticiaempauta.com\/portal\/paqueta-do-piaui-saude-promove-campanha-de-vacinacao-antirrabica-com-inicio-neste-sabado-19\/","og_locale":"pt_BR","og_type":"article","og_title":"Paquet\u00e1 do Piau\u00ed | Sa\u00fade promove Campanha de Vacina\u00e7\u00e3o Antirr\u00e1bica com inic\u00edo neste s\u00e1bado (19)","og_description":"A prefeitura municipal de Paquet\u00e1 do Piau\u00ed estar\u00e1 realizando no pr\u00f3ximo s\u00e1bado, 19 de outubro, o &#8221; Dia D &#8221; de Vacina\u00e7\u00e3o Antirr\u00e1bica para c\u00e3es e gatos no munic\u00edpio, a a\u00e7\u00e3o que acontece das 8h \u00e0s 12h ser\u00e1 realizada na Unidade B\u00e1sica de Sa\u00fade Roberval de Moura, centro da cidade. A campanha \u00e9 organizada pela [&hellip;]","og_url":"https:\/\/noticiaempauta.com\/portal\/paqueta-do-piaui-saude-promove-campanha-de-vacinacao-antirrabica-com-inicio-neste-sabado-19\/","og_site_name":"Portal Not\u00edcia em Pauta","article_publisher":"https:\/\/www.facebook.com\/Portal-Notcia-Em-Pauta-102292869264820\/","article_published_time":"2024-10-16T12:33:32+00:00","article_modified_time":"2024-10-16T12:33:33+00:00","og_image":[{"width":1023,"height":811,"url":"https:\/\/noticiaempauta.com\/portal\/wp-content\/uploads\/2024\/10\/WhatsApp-Image-2024-10-16-at-09.32.49.jpeg","type":"image\/jpeg"}],"author":"Reda\u00e7\u00e3o","twitter_card":"summary_large_image","twitter_misc":{"Escrito por":"Reda\u00e7\u00e3o","Est. tempo de leitura":"2 minutos"},"schema":{"@context":"https:\/\/schema.org","@graph":[{"@type":"Article","@id":"https:\/\/noticiaempauta.com\/portal\/paqueta-do-piaui-saude-promove-campanha-de-vacinacao-antirrabica-com-inicio-neste-sabado-19\/#article","isPartOf":{"@id":"https:\/\/noticiaempauta.com\/portal\/paqueta-do-piaui-saude-promove-campanha-de-vacinacao-antirrabica-com-inicio-neste-sabado-19\/"},"author":{"name":"Reda\u00e7\u00e3o","@id":"https:\/\/noticiaempauta.com\/portal\/#\/schema\/person\/a74af43dd1ab3deca45f988c717d57ac"},"headline":"Paquet\u00e1 do Piau\u00ed | Sa\u00fade promove Campanha de Vacina\u00e7\u00e3o Antirr\u00e1bica com inic\u00edo neste s\u00e1bado (19)","datePublished":"2024-10-16T12:33:32+00:00","dateModified":"2024-10-16T12:33:33+00:00","mainEntityOfPage":{"@id":"https:\/\/noticiaempauta.com\/portal\/paqueta-do-piaui-saude-promove-campanha-de-vacinacao-antirrabica-com-inicio-neste-sabado-19\/"},"wordCount":208,"commentCount":0,"publisher":{"@id":"https:\/\/noticiaempauta.com\/portal\/#organization"},"image":{"@id":"https:\/\/noticiaempauta.com\/portal\/paqueta-do-piaui-saude-promove-campanha-de-vacinacao-antirrabica-com-inicio-neste-sabado-19\/#primaryimage"},"thumbnailUrl":"https:\/\/noticiaempauta.com\/portal\/wp-content\/uploads\/2024\/10\/WhatsApp-Image-2024-10-16-at-09.32.49.jpeg","articleSection":["Destaques","Geral","Munic\u00edpios","Sa\u00fade","Todas as Not\u00edcias"],"inLanguage":"pt-BR","potentialAction":[{"@type":"CommentAction","name":"Comment","target":["https:\/\/noticiaempauta.com\/portal\/paqueta-do-piaui-saude-promove-campanha-de-vacinacao-antirrabica-com-inicio-neste-sabado-19\/#respond"]}]},{"@type":"WebPage","@id":"https:\/\/noticiaempauta.com\/portal\/paqueta-do-piaui-saude-promove-campanha-de-vacinacao-antirrabica-com-inicio-neste-sabado-19\/","url":"https:\/\/noticiaempauta.com\/portal\/paqueta-do-piaui-saude-promove-campanha-de-vacinacao-antirrabica-com-inicio-neste-sabado-19\/","name":"Paquet\u00e1 do Piau\u00ed | Sa\u00fade promove Campanha de Vacina\u00e7\u00e3o Antirr\u00e1bica com inic\u00edo neste s\u00e1bado (19) - Portal Not\u00edcia em Pauta","isPartOf":{"@id":"https:\/\/noticiaempauta.com\/portal\/#website"},"primaryImageOfPage":{"@id":"https:\/\/noticiaempauta.com\/portal\/paqueta-do-piaui-saude-promove-campanha-de-vacinacao-antirrabica-com-inicio-neste-sabado-19\/#primaryimage"},"image":{"@id":"https:\/\/noticiaempauta.com\/portal\/paqueta-do-piaui-saude-promove-campanha-de-vacinacao-antirrabica-com-inicio-neste-sabado-19\/#primaryimage"},"thumbnailUrl":"https:\/\/noticiaempauta.com\/portal\/wp-content\/uploads\/2024\/10\/WhatsApp-Image-2024-10-16-at-09.32.49.jpeg","datePublished":"2024-10-16T12:33:32+00:00","dateModified":"2024-10-16T12:33:33+00:00","breadcrumb":{"@id":"https:\/\/noticiaempauta.com\/portal\/paqueta-do-piaui-saude-promove-campanha-de-vacinacao-antirrabica-com-inicio-neste-sabado-19\/#breadcrumb"},"inLanguage":"pt-BR","potentialAction":[{"@type":"ReadAction","target":["https:\/\/noticiaempauta.com\/portal\/paqueta-do-piaui-saude-promove-campanha-de-vacinacao-antirrabica-com-inicio-neste-sabado-19\/"]}]},{"@type":"ImageObject","inLanguage":"pt-BR","@id":"https:\/\/noticiaempauta.com\/portal\/paqueta-do-piaui-saude-promove-campanha-de-vacinacao-antirrabica-com-inicio-neste-sabado-19\/#primaryimage","url":"https:\/\/noticiaempauta.com\/portal\/wp-content\/uploads\/2024\/10\/WhatsApp-Image-2024-10-16-at-09.32.49.jpeg","contentUrl":"https:\/\/noticiaempauta.com\/portal\/wp-content\/uploads\/2024\/10\/WhatsApp-Image-2024-10-16-at-09.32.49.jpeg","width":1023,"height":811},{"@type":"BreadcrumbList","@id":"https:\/\/noticiaempauta.com\/portal\/paqueta-do-piaui-saude-promove-campanha-de-vacinacao-antirrabica-com-inicio-neste-sabado-19\/#breadcrumb","itemListElement":[{"@type":"ListItem","position":1,"name":"P\u00e1gina Inicial","item":"https:\/\/noticiaempauta.com\/portal\/"},{"@type":"ListItem","position":2,"name":"Destaques","item":"https:\/\/noticiaempauta.com\/portal\/destaques-site\/"},{"@type":"ListItem","position":3,"name":"Paquet\u00e1 do Piau\u00ed | Sa\u00fade promove Campanha de Vacina\u00e7\u00e3o Antirr\u00e1bica com inic\u00edo neste s\u00e1bado (19)"}]},{"@type":"WebSite","@id":"https:\/\/noticiaempauta.com\/portal\/#website","url":"https:\/\/noticiaempauta.com\/portal\/","name":"Portal Not\u00edcia em Pauta","description":"Voc\u00ea bem informado","publisher":{"@id":"https:\/\/noticiaempauta.com\/portal\/#organization"},"potentialAction":[{"@type":"SearchAction","target":{"@type":"EntryPoint","urlTemplate":"https:\/\/noticiaempauta.com\/portal\/?s={search_term_string}"},"query-input":{"@type":"PropertyValueSpecification","valueRequired":true,"valueName":"search_term_string"}}],"inLanguage":"pt-BR"},{"@type":"Organization","@id":"https:\/\/noticiaempauta.com\/portal\/#organization","name":"Portal Not\u00edcia em Pauta","url":"https:\/\/noticiaempauta.com\/portal\/","logo":{"@type":"ImageObject","inLanguage":"pt-BR","@id":"https:\/\/noticiaempauta.com\/portal\/#\/schema\/logo\/image\/","url":"https:\/\/noticiaempauta.com\/portal\/wp-content\/uploads\/2022\/08\/logomarca_tema.fw_.png","contentUrl":"https:\/\/noticiaempauta.com\/portal\/wp-content\/uploads\/2022\/08\/logomarca_tema.fw_.png","width":400,"height":232,"caption":"Portal Not\u00edcia em Pauta"},"image":{"@id":"https:\/\/noticiaempauta.com\/portal\/#\/schema\/logo\/image\/"},"sameAs":["https:\/\/www.facebook.com\/Portal-Notcia-Em-Pauta-102292869264820\/","https:\/\/www.instagram.com\/portalnoticiaempauta\/"]},{"@type":"Person","@id":"https:\/\/noticiaempauta.com\/portal\/#\/schema\/person\/a74af43dd1ab3deca45f988c717d57ac","name":"Reda\u00e7\u00e3o","image":{"@type":"ImageObject","inLanguage":"pt-BR","@id":"https:\/\/noticiaempauta.com\/portal\/#\/schema\/person\/image\/","url":"https:\/\/secure.gravatar.com\/avatar\/03179346ecce6cdfc13361603e8f54242a90e5cde8618fa23c5c00aa2b0aadf3?s=96&d=mm&r=g","contentUrl":"https:\/\/secure.gravatar.com\/avatar\/03179346ecce6cdfc13361603e8f54242a90e5cde8618fa23c5c00aa2b0aadf3?s=96&d=mm&r=g","caption":"Reda\u00e7\u00e3o"},"sameAs":["https:\/\/noticiaempauta.com\/portal\/"],"url":"https:\/\/noticiaempauta.com\/portal\/author\/fernando\/"}]}},"_links":{"self":[{"href":"https:\/\/noticiaempauta.com\/portal\/wp-json\/wp\/v2\/posts\/263095","targetHints":{"allow":["GET"]}}],"collection":[{"href":"https:\/\/noticiaempauta.com\/portal\/wp-json\/wp\/v2\/posts"}],"about":[{"href":"https:\/\/noticiaempauta.com\/portal\/wp-json\/wp\/v2\/types\/post"}],"author":[{"embeddable":true,"href":"https:\/\/noticiaempauta.com\/portal\/wp-json\/wp\/v2\/users\/2"}],"replies":[{"embeddable":true,"href":"https:\/\/noticiaempauta.com\/portal\/wp-json\/wp\/v2\/comments?post=263095"}],"version-history":[{"count":1,"href":"https:\/\/noticiaempauta.com\/portal\/wp-json\/wp\/v2\/posts\/263095\/revisions"}],"predecessor-version":[{"id":263098,"href":"https:\/\/noticiaempauta.com\/portal\/wp-json\/wp\/v2\/posts\/263095\/revisions\/263098"}],"wp:featuredmedia":[{"embeddable":true,"href":"https:\/\/noticiaempauta.com\/portal\/wp-json\/wp\/v2\/media\/263097"}],"wp:attachment":[{"href":"https:\/\/noticiaempauta.com\/portal\/wp-json\/wp\/v2\/media?parent=263095"}],"wp:term":[{"taxonomy":"category","embeddable":true,"href":"https:\/\/noticiaempauta.com\/portal\/wp-json\/wp\/v2\/categories?post=263095"},{"taxonomy":"post_tag","embeddable":true,"href":"https:\/\/noticiaempauta.com\/portal\/wp-json\/wp\/v2\/tags?post=263095"}],"curies":[{"name":"wp","href":"https:\/\/api.w.org\/{rel}","templated":true}]}}