{"id":263109,"date":"2024-10-16T09:51:12","date_gmt":"2024-10-16T12:51:12","guid":{"rendered":"https:\/\/noticiaempauta.com\/portal\/?p=263109"},"modified":"2024-10-16T09:51:13","modified_gmt":"2024-10-16T12:51:13","slug":"governador-avanca-nas-negociacoes-para-intercambio-educacional-em-2025-na-universidade-de-xiamen-na-china","status":"publish","type":"post","link":"https:\/\/noticiaempauta.com\/portal\/governador-avanca-nas-negociacoes-para-intercambio-educacional-em-2025-na-universidade-de-xiamen-na-china\/","title":{"rendered":"Governador avan\u00e7a nas negocia\u00e7\u00f5es para interc\u00e2mbio educacional em 2025, na Universidade de Xiamen, na China"},"content":{"rendered":"\n<p>Em Xiamen (China), nesta ter\u00e7a-feira (15), o governador Rafael Fonteles e o secret\u00e1rio da Educa\u00e7\u00e3o, Washington Bandeira, avan\u00e7aram nas tratativas para a realiza\u00e7\u00e3o, em 2025, de interc\u00e2mbio educacional e tecnol\u00f3gico de alunos e professores da rede p\u00fablica de ensino do Piau\u00ed com a Universidade de Xiamen, considerada uma das 100 melhores universidades da China.<\/p>\n\n\n\n<figure class=\"wp-block-image size-full\"><img fetchpriority=\"high\" decoding=\"async\" width=\"1000\" height=\"750\" src=\"https:\/\/noticiaempauta.com\/portal\/wp-content\/uploads\/2024\/10\/large_Visita_a_Universidade_de_Xiamen_11_8a3f2db186.jpg\" alt=\"\" class=\"wp-image-263111\" srcset=\"https:\/\/noticiaempauta.com\/portal\/wp-content\/uploads\/2024\/10\/large_Visita_a_Universidade_de_Xiamen_11_8a3f2db186.jpg 1000w, https:\/\/noticiaempauta.com\/portal\/wp-content\/uploads\/2024\/10\/large_Visita_a_Universidade_de_Xiamen_11_8a3f2db186-300x225.jpg 300w, https:\/\/noticiaempauta.com\/portal\/wp-content\/uploads\/2024\/10\/large_Visita_a_Universidade_de_Xiamen_11_8a3f2db186-768x576.jpg 768w\" sizes=\"(max-width: 1000px) 100vw, 1000px\" \/><\/figure>\n\n\n\n<p>Ap\u00f3s visita \u00e0s instala\u00e7\u00f5es da universidade e reuni\u00e3o com diretores da institui\u00e7\u00e3o, a assinatura de um Memorando de Entendimentos (MoU) foi costurada entre os gestores. Com o acordo, seriam desenvolvidas parcerias para a realiza\u00e7\u00e3o de interc\u00e2mbio de estudantes, com prioridade em \u00e1reas da tecnologia; e tamb\u00e9m de professores, com o objetivo de promover o ensino do Mandarim no Piau\u00ed e do Portugu\u00eas em Xiamen; al\u00e9m de coopera\u00e7\u00e3o em pesquisa e desenvolvimento em \u00e1reas espec\u00edficas, como pesquisa oce\u00e2nica, opera\u00e7\u00f5es portu\u00e1rias, energias renov\u00e1veis e o desenvolvimento de tecnologias ligadas ao Hidrog\u00eanio Verde.<\/p>\n\n\n\n<figure class=\"wp-block-image size-full\"><img decoding=\"async\" width=\"911\" height=\"629\" src=\"https:\/\/noticiaempauta.com\/portal\/wp-content\/uploads\/2024\/10\/large_Visita_a_Universidade_de_Xiamen_10_de46b0b175.jpg\" alt=\"\" class=\"wp-image-263112\" srcset=\"https:\/\/noticiaempauta.com\/portal\/wp-content\/uploads\/2024\/10\/large_Visita_a_Universidade_de_Xiamen_10_de46b0b175.jpg 911w, https:\/\/noticiaempauta.com\/portal\/wp-content\/uploads\/2024\/10\/large_Visita_a_Universidade_de_Xiamen_10_de46b0b175-300x207.jpg 300w, https:\/\/noticiaempauta.com\/portal\/wp-content\/uploads\/2024\/10\/large_Visita_a_Universidade_de_Xiamen_10_de46b0b175-768x530.jpg 768w\" sizes=\"(max-width: 911px) 100vw, 911px\" \/><\/figure>\n\n\n\n<p>\u201cConhecemos uma das melhores universidades da China. Ela, inclusive, se mostra bastante aberta para coopera\u00e7\u00f5es internacionais, especialmente com os pa\u00edses do BRICS \u2013 grupo de pa\u00edses composto por Brasil, R\u00fassia, \u00cdndia, China e \u00c1frica do Sul. Em breve, assinaremos um MoU para interc\u00e2mbio dos nossos alunos e professores\u201d, disse Rafael Fonteles em suas redes sociais.<\/p>\n\n\n\n<p>O governador do Piau\u00ed novamente se comprometeu a dobrar a quantidade de alunos intercambistas a cada ano. \u201cJ\u00e1 temos estudantes nos Estados Unidos e na Coreia do Sul. Outros ainda ir\u00e3o \u00e0 Austr\u00e1lia neste ano. No pr\u00f3ximo ano, teremos alunos na China e em Singapura. Esse \u00e9 o Piau\u00ed do presente e do futuro, com os nossos estudantes tendo a oportunidade de estudar e aprender mais e melhor nas melhores escolas e universidades do mundo, al\u00e9m de ficar antenados \u00e0s novas tecnologias e profiss\u00f5es do mundo digitalizado que temos hoje\u201d, afirmou.<\/p>\n\n\n\n<figure class=\"wp-block-image size-full\"><img decoding=\"async\" width=\"1000\" height=\"750\" src=\"https:\/\/noticiaempauta.com\/portal\/wp-content\/uploads\/2024\/10\/large_Visita_a_Universidade_de_Xiamen_3_2ee2d52ad6.jpg\" alt=\"\" class=\"wp-image-263110\" srcset=\"https:\/\/noticiaempauta.com\/portal\/wp-content\/uploads\/2024\/10\/large_Visita_a_Universidade_de_Xiamen_3_2ee2d52ad6.jpg 1000w, https:\/\/noticiaempauta.com\/portal\/wp-content\/uploads\/2024\/10\/large_Visita_a_Universidade_de_Xiamen_3_2ee2d52ad6-300x225.jpg 300w, https:\/\/noticiaempauta.com\/portal\/wp-content\/uploads\/2024\/10\/large_Visita_a_Universidade_de_Xiamen_3_2ee2d52ad6-768x576.jpg 768w\" sizes=\"(max-width: 1000px) 100vw, 1000px\" \/><\/figure>\n\n\n\n<p>Washington Bandeira, secret\u00e1rio da Educa\u00e7\u00e3o, tamb\u00e9m destacou os avan\u00e7os com a reuni\u00e3o. \u201cEm breve, nossos estudantes e professores tamb\u00e9m vir\u00e3o \u00e0 China para aprender, especialmente, sobre tecnologia e inova\u00e7\u00e3o, economia do mar, energias renov\u00e1veis, o idioma Mandarim e muito mais\u201d, finalizou o secret\u00e1rio.<\/p>\n","protected":false},"excerpt":{"rendered":"<p>Com a meta de dobrar a quantidade de alunos intercambistas a cada ano, Rafael Fonteles anunciou que China e Singapura tamb\u00e9m receber\u00e3o alunos piauienses.<\/p>\n","protected":false},"author":2,"featured_media":263112,"comment_status":"open","ping_status":"open","sticky":false,"template":"","format":"standard","meta":{"_mi_skip_tracking":false,"footnotes":""},"categories":[25,1,16],"tags":[192],"class_list":["post-263109","post","type-post","status-publish","format-standard","has-post-thumbnail","hentry","category-destaques-site","category-geral","category-todas","tag-destaqueprincipal"],"acf":[],"yoast_head":"<!-- This site is optimized with the Yoast SEO Premium plugin v19.2 (Yoast SEO v26.9) - https:\/\/yoast.com\/product\/yoast-seo-premium-wordpress\/ -->\n<title>Governador avan\u00e7a nas negocia\u00e7\u00f5es para interc\u00e2mbio educacional em 2025, na Universidade de Xiamen, na China - Portal Not\u00edcia em Pauta<\/title>\n<meta name=\"robots\" content=\"index, follow, max-snippet:-1, max-image-preview:large, max-video-preview:-1\" \/>\n<link rel=\"canonical\" href=\"https:\/\/noticiaempauta.com\/portal\/governador-avanca-nas-negociacoes-para-intercambio-educacional-em-2025-na-universidade-de-xiamen-na-china\/\" \/>\n<meta property=\"og:locale\" content=\"pt_BR\" \/>\n<meta property=\"og:type\" content=\"article\" \/>\n<meta property=\"og:title\" content=\"Governador avan\u00e7a nas negocia\u00e7\u00f5es para interc\u00e2mbio educacional em 2025, na Universidade de Xiamen, na China\" \/>\n<meta property=\"og:description\" content=\"Com a meta de dobrar a quantidade de alunos intercambistas a cada ano, Rafael Fonteles anunciou que China e Singapura tamb\u00e9m receber\u00e3o alunos piauienses.\" \/>\n<meta property=\"og:url\" content=\"https:\/\/noticiaempauta.com\/portal\/governador-avanca-nas-negociacoes-para-intercambio-educacional-em-2025-na-universidade-de-xiamen-na-china\/\" \/>\n<meta property=\"og:site_name\" content=\"Portal Not\u00edcia em Pauta\" \/>\n<meta property=\"article:publisher\" content=\"https:\/\/www.facebook.com\/Portal-Notcia-Em-Pauta-102292869264820\/\" \/>\n<meta property=\"article:published_time\" content=\"2024-10-16T12:51:12+00:00\" \/>\n<meta property=\"article:modified_time\" content=\"2024-10-16T12:51:13+00:00\" \/>\n<meta property=\"og:image\" content=\"https:\/\/noticiaempauta.com\/portal\/wp-content\/uploads\/2024\/10\/large_Visita_a_Universidade_de_Xiamen_10_de46b0b175.jpg\" \/>\n\t<meta property=\"og:image:width\" content=\"911\" \/>\n\t<meta property=\"og:image:height\" content=\"629\" \/>\n\t<meta property=\"og:image:type\" content=\"image\/jpeg\" \/>\n<meta name=\"author\" content=\"Reda\u00e7\u00e3o\" \/>\n<meta name=\"twitter:card\" content=\"summary_large_image\" \/>\n<meta name=\"twitter:label1\" content=\"Escrito por\" \/>\n\t<meta name=\"twitter:data1\" content=\"Reda\u00e7\u00e3o\" \/>\n\t<meta name=\"twitter:label2\" content=\"Est. tempo de leitura\" \/>\n\t<meta name=\"twitter:data2\" content=\"3 minutos\" \/>\n<script type=\"application\/ld+json\" class=\"yoast-schema-graph\">{\"@context\":\"https:\/\/schema.org\",\"@graph\":[{\"@type\":\"Article\",\"@id\":\"https:\/\/noticiaempauta.com\/portal\/governador-avanca-nas-negociacoes-para-intercambio-educacional-em-2025-na-universidade-de-xiamen-na-china\/#article\",\"isPartOf\":{\"@id\":\"https:\/\/noticiaempauta.com\/portal\/governador-avanca-nas-negociacoes-para-intercambio-educacional-em-2025-na-universidade-de-xiamen-na-china\/\"},\"author\":{\"name\":\"Reda\u00e7\u00e3o\",\"@id\":\"https:\/\/noticiaempauta.com\/portal\/#\/schema\/person\/a74af43dd1ab3deca45f988c717d57ac\"},\"headline\":\"Governador avan\u00e7a nas negocia\u00e7\u00f5es para interc\u00e2mbio educacional em 2025, na Universidade de Xiamen, na China\",\"datePublished\":\"2024-10-16T12:51:12+00:00\",\"dateModified\":\"2024-10-16T12:51:13+00:00\",\"mainEntityOfPage\":{\"@id\":\"https:\/\/noticiaempauta.com\/portal\/governador-avanca-nas-negociacoes-para-intercambio-educacional-em-2025-na-universidade-de-xiamen-na-china\/\"},\"wordCount\":387,\"commentCount\":0,\"publisher\":{\"@id\":\"https:\/\/noticiaempauta.com\/portal\/#organization\"},\"image\":{\"@id\":\"https:\/\/noticiaempauta.com\/portal\/governador-avanca-nas-negociacoes-para-intercambio-educacional-em-2025-na-universidade-de-xiamen-na-china\/#primaryimage\"},\"thumbnailUrl\":\"https:\/\/noticiaempauta.com\/portal\/wp-content\/uploads\/2024\/10\/large_Visita_a_Universidade_de_Xiamen_10_de46b0b175.jpg\",\"keywords\":[\"destaqueprincipal\"],\"articleSection\":[\"Destaques\",\"Geral\",\"Todas as Not\u00edcias\"],\"inLanguage\":\"pt-BR\",\"potentialAction\":[{\"@type\":\"CommentAction\",\"name\":\"Comment\",\"target\":[\"https:\/\/noticiaempauta.com\/portal\/governador-avanca-nas-negociacoes-para-intercambio-educacional-em-2025-na-universidade-de-xiamen-na-china\/#respond\"]}]},{\"@type\":\"WebPage\",\"@id\":\"https:\/\/noticiaempauta.com\/portal\/governador-avanca-nas-negociacoes-para-intercambio-educacional-em-2025-na-universidade-de-xiamen-na-china\/\",\"url\":\"https:\/\/noticiaempauta.com\/portal\/governador-avanca-nas-negociacoes-para-intercambio-educacional-em-2025-na-universidade-de-xiamen-na-china\/\",\"name\":\"Governador avan\u00e7a nas negocia\u00e7\u00f5es para interc\u00e2mbio educacional em 2025, na Universidade de Xiamen, na China - Portal Not\u00edcia em Pauta\",\"isPartOf\":{\"@id\":\"https:\/\/noticiaempauta.com\/portal\/#website\"},\"primaryImageOfPage\":{\"@id\":\"https:\/\/noticiaempauta.com\/portal\/governador-avanca-nas-negociacoes-para-intercambio-educacional-em-2025-na-universidade-de-xiamen-na-china\/#primaryimage\"},\"image\":{\"@id\":\"https:\/\/noticiaempauta.com\/portal\/governador-avanca-nas-negociacoes-para-intercambio-educacional-em-2025-na-universidade-de-xiamen-na-china\/#primaryimage\"},\"thumbnailUrl\":\"https:\/\/noticiaempauta.com\/portal\/wp-content\/uploads\/2024\/10\/large_Visita_a_Universidade_de_Xiamen_10_de46b0b175.jpg\",\"datePublished\":\"2024-10-16T12:51:12+00:00\",\"dateModified\":\"2024-10-16T12:51:13+00:00\",\"breadcrumb\":{\"@id\":\"https:\/\/noticiaempauta.com\/portal\/governador-avanca-nas-negociacoes-para-intercambio-educacional-em-2025-na-universidade-de-xiamen-na-china\/#breadcrumb\"},\"inLanguage\":\"pt-BR\",\"potentialAction\":[{\"@type\":\"ReadAction\",\"target\":[\"https:\/\/noticiaempauta.com\/portal\/governador-avanca-nas-negociacoes-para-intercambio-educacional-em-2025-na-universidade-de-xiamen-na-china\/\"]}]},{\"@type\":\"ImageObject\",\"inLanguage\":\"pt-BR\",\"@id\":\"https:\/\/noticiaempauta.com\/portal\/governador-avanca-nas-negociacoes-para-intercambio-educacional-em-2025-na-universidade-de-xiamen-na-china\/#primaryimage\",\"url\":\"https:\/\/noticiaempauta.com\/portal\/wp-content\/uploads\/2024\/10\/large_Visita_a_Universidade_de_Xiamen_10_de46b0b175.jpg\",\"contentUrl\":\"https:\/\/noticiaempauta.com\/portal\/wp-content\/uploads\/2024\/10\/large_Visita_a_Universidade_de_Xiamen_10_de46b0b175.jpg\",\"width\":911,\"height\":629},{\"@type\":\"BreadcrumbList\",\"@id\":\"https:\/\/noticiaempauta.com\/portal\/governador-avanca-nas-negociacoes-para-intercambio-educacional-em-2025-na-universidade-de-xiamen-na-china\/#breadcrumb\",\"itemListElement\":[{\"@type\":\"ListItem\",\"position\":1,\"name\":\"P\u00e1gina Inicial\",\"item\":\"https:\/\/noticiaempauta.com\/portal\/\"},{\"@type\":\"ListItem\",\"position\":2,\"name\":\"Destaques\",\"item\":\"https:\/\/noticiaempauta.com\/portal\/destaques-site\/\"},{\"@type\":\"ListItem\",\"position\":3,\"name\":\"Governador avan\u00e7a nas negocia\u00e7\u00f5es para interc\u00e2mbio educacional em 2025, na Universidade de Xiamen, na China\"}]},{\"@type\":\"WebSite\",\"@id\":\"https:\/\/noticiaempauta.com\/portal\/#website\",\"url\":\"https:\/\/noticiaempauta.com\/portal\/\",\"name\":\"Portal Not\u00edcia em Pauta\",\"description\":\"Voc\u00ea bem informado\",\"publisher\":{\"@id\":\"https:\/\/noticiaempauta.com\/portal\/#organization\"},\"potentialAction\":[{\"@type\":\"SearchAction\",\"target\":{\"@type\":\"EntryPoint\",\"urlTemplate\":\"https:\/\/noticiaempauta.com\/portal\/?s={search_term_string}\"},\"query-input\":{\"@type\":\"PropertyValueSpecification\",\"valueRequired\":true,\"valueName\":\"search_term_string\"}}],\"inLanguage\":\"pt-BR\"},{\"@type\":\"Organization\",\"@id\":\"https:\/\/noticiaempauta.com\/portal\/#organization\",\"name\":\"Portal Not\u00edcia em Pauta\",\"url\":\"https:\/\/noticiaempauta.com\/portal\/\",\"logo\":{\"@type\":\"ImageObject\",\"inLanguage\":\"pt-BR\",\"@id\":\"https:\/\/noticiaempauta.com\/portal\/#\/schema\/logo\/image\/\",\"url\":\"https:\/\/noticiaempauta.com\/portal\/wp-content\/uploads\/2022\/08\/logomarca_tema.fw_.png\",\"contentUrl\":\"https:\/\/noticiaempauta.com\/portal\/wp-content\/uploads\/2022\/08\/logomarca_tema.fw_.png\",\"width\":400,\"height\":232,\"caption\":\"Portal Not\u00edcia em Pauta\"},\"image\":{\"@id\":\"https:\/\/noticiaempauta.com\/portal\/#\/schema\/logo\/image\/\"},\"sameAs\":[\"https:\/\/www.facebook.com\/Portal-Notcia-Em-Pauta-102292869264820\/\",\"https:\/\/www.instagram.com\/portalnoticiaempauta\/\"]},{\"@type\":\"Person\",\"@id\":\"https:\/\/noticiaempauta.com\/portal\/#\/schema\/person\/a74af43dd1ab3deca45f988c717d57ac\",\"name\":\"Reda\u00e7\u00e3o\",\"image\":{\"@type\":\"ImageObject\",\"inLanguage\":\"pt-BR\",\"@id\":\"https:\/\/noticiaempauta.com\/portal\/#\/schema\/person\/image\/\",\"url\":\"https:\/\/secure.gravatar.com\/avatar\/03179346ecce6cdfc13361603e8f54242a90e5cde8618fa23c5c00aa2b0aadf3?s=96&d=mm&r=g\",\"contentUrl\":\"https:\/\/secure.gravatar.com\/avatar\/03179346ecce6cdfc13361603e8f54242a90e5cde8618fa23c5c00aa2b0aadf3?s=96&d=mm&r=g\",\"caption\":\"Reda\u00e7\u00e3o\"},\"sameAs\":[\"https:\/\/noticiaempauta.com\/portal\/\"],\"url\":\"https:\/\/noticiaempauta.com\/portal\/author\/fernando\/\"}]}<\/script>\n<!-- \/ Yoast SEO Premium plugin. -->","yoast_head_json":{"title":"Governador avan\u00e7a nas negocia\u00e7\u00f5es para interc\u00e2mbio educacional em 2025, na Universidade de Xiamen, na China - Portal Not\u00edcia em Pauta","robots":{"index":"index","follow":"follow","max-snippet":"max-snippet:-1","max-image-preview":"max-image-preview:large","max-video-preview":"max-video-preview:-1"},"canonical":"https:\/\/noticiaempauta.com\/portal\/governador-avanca-nas-negociacoes-para-intercambio-educacional-em-2025-na-universidade-de-xiamen-na-china\/","og_locale":"pt_BR","og_type":"article","og_title":"Governador avan\u00e7a nas negocia\u00e7\u00f5es para interc\u00e2mbio educacional em 2025, na Universidade de Xiamen, na China","og_description":"Com a meta de dobrar a quantidade de alunos intercambistas a cada ano, Rafael Fonteles anunciou que China e Singapura tamb\u00e9m receber\u00e3o alunos piauienses.","og_url":"https:\/\/noticiaempauta.com\/portal\/governador-avanca-nas-negociacoes-para-intercambio-educacional-em-2025-na-universidade-de-xiamen-na-china\/","og_site_name":"Portal Not\u00edcia em Pauta","article_publisher":"https:\/\/www.facebook.com\/Portal-Notcia-Em-Pauta-102292869264820\/","article_published_time":"2024-10-16T12:51:12+00:00","article_modified_time":"2024-10-16T12:51:13+00:00","og_image":[{"width":911,"height":629,"url":"https:\/\/noticiaempauta.com\/portal\/wp-content\/uploads\/2024\/10\/large_Visita_a_Universidade_de_Xiamen_10_de46b0b175.jpg","type":"image\/jpeg"}],"author":"Reda\u00e7\u00e3o","twitter_card":"summary_large_image","twitter_misc":{"Escrito por":"Reda\u00e7\u00e3o","Est. tempo de leitura":"3 minutos"},"schema":{"@context":"https:\/\/schema.org","@graph":[{"@type":"Article","@id":"https:\/\/noticiaempauta.com\/portal\/governador-avanca-nas-negociacoes-para-intercambio-educacional-em-2025-na-universidade-de-xiamen-na-china\/#article","isPartOf":{"@id":"https:\/\/noticiaempauta.com\/portal\/governador-avanca-nas-negociacoes-para-intercambio-educacional-em-2025-na-universidade-de-xiamen-na-china\/"},"author":{"name":"Reda\u00e7\u00e3o","@id":"https:\/\/noticiaempauta.com\/portal\/#\/schema\/person\/a74af43dd1ab3deca45f988c717d57ac"},"headline":"Governador avan\u00e7a nas negocia\u00e7\u00f5es para interc\u00e2mbio educacional em 2025, na Universidade de Xiamen, na China","datePublished":"2024-10-16T12:51:12+00:00","dateModified":"2024-10-16T12:51:13+00:00","mainEntityOfPage":{"@id":"https:\/\/noticiaempauta.com\/portal\/governador-avanca-nas-negociacoes-para-intercambio-educacional-em-2025-na-universidade-de-xiamen-na-china\/"},"wordCount":387,"commentCount":0,"publisher":{"@id":"https:\/\/noticiaempauta.com\/portal\/#organization"},"image":{"@id":"https:\/\/noticiaempauta.com\/portal\/governador-avanca-nas-negociacoes-para-intercambio-educacional-em-2025-na-universidade-de-xiamen-na-china\/#primaryimage"},"thumbnailUrl":"https:\/\/noticiaempauta.com\/portal\/wp-content\/uploads\/2024\/10\/large_Visita_a_Universidade_de_Xiamen_10_de46b0b175.jpg","keywords":["destaqueprincipal"],"articleSection":["Destaques","Geral","Todas as Not\u00edcias"],"inLanguage":"pt-BR","potentialAction":[{"@type":"CommentAction","name":"Comment","target":["https:\/\/noticiaempauta.com\/portal\/governador-avanca-nas-negociacoes-para-intercambio-educacional-em-2025-na-universidade-de-xiamen-na-china\/#respond"]}]},{"@type":"WebPage","@id":"https:\/\/noticiaempauta.com\/portal\/governador-avanca-nas-negociacoes-para-intercambio-educacional-em-2025-na-universidade-de-xiamen-na-china\/","url":"https:\/\/noticiaempauta.com\/portal\/governador-avanca-nas-negociacoes-para-intercambio-educacional-em-2025-na-universidade-de-xiamen-na-china\/","name":"Governador avan\u00e7a nas negocia\u00e7\u00f5es para interc\u00e2mbio educacional em 2025, na Universidade de Xiamen, na China - Portal Not\u00edcia em Pauta","isPartOf":{"@id":"https:\/\/noticiaempauta.com\/portal\/#website"},"primaryImageOfPage":{"@id":"https:\/\/noticiaempauta.com\/portal\/governador-avanca-nas-negociacoes-para-intercambio-educacional-em-2025-na-universidade-de-xiamen-na-china\/#primaryimage"},"image":{"@id":"https:\/\/noticiaempauta.com\/portal\/governador-avanca-nas-negociacoes-para-intercambio-educacional-em-2025-na-universidade-de-xiamen-na-china\/#primaryimage"},"thumbnailUrl":"https:\/\/noticiaempauta.com\/portal\/wp-content\/uploads\/2024\/10\/large_Visita_a_Universidade_de_Xiamen_10_de46b0b175.jpg","datePublished":"2024-10-16T12:51:12+00:00","dateModified":"2024-10-16T12:51:13+00:00","breadcrumb":{"@id":"https:\/\/noticiaempauta.com\/portal\/governador-avanca-nas-negociacoes-para-intercambio-educacional-em-2025-na-universidade-de-xiamen-na-china\/#breadcrumb"},"inLanguage":"pt-BR","potentialAction":[{"@type":"ReadAction","target":["https:\/\/noticiaempauta.com\/portal\/governador-avanca-nas-negociacoes-para-intercambio-educacional-em-2025-na-universidade-de-xiamen-na-china\/"]}]},{"@type":"ImageObject","inLanguage":"pt-BR","@id":"https:\/\/noticiaempauta.com\/portal\/governador-avanca-nas-negociacoes-para-intercambio-educacional-em-2025-na-universidade-de-xiamen-na-china\/#primaryimage","url":"https:\/\/noticiaempauta.com\/portal\/wp-content\/uploads\/2024\/10\/large_Visita_a_Universidade_de_Xiamen_10_de46b0b175.jpg","contentUrl":"https:\/\/noticiaempauta.com\/portal\/wp-content\/uploads\/2024\/10\/large_Visita_a_Universidade_de_Xiamen_10_de46b0b175.jpg","width":911,"height":629},{"@type":"BreadcrumbList","@id":"https:\/\/noticiaempauta.com\/portal\/governador-avanca-nas-negociacoes-para-intercambio-educacional-em-2025-na-universidade-de-xiamen-na-china\/#breadcrumb","itemListElement":[{"@type":"ListItem","position":1,"name":"P\u00e1gina Inicial","item":"https:\/\/noticiaempauta.com\/portal\/"},{"@type":"ListItem","position":2,"name":"Destaques","item":"https:\/\/noticiaempauta.com\/portal\/destaques-site\/"},{"@type":"ListItem","position":3,"name":"Governador avan\u00e7a nas negocia\u00e7\u00f5es para interc\u00e2mbio educacional em 2025, na Universidade de Xiamen, na China"}]},{"@type":"WebSite","@id":"https:\/\/noticiaempauta.com\/portal\/#website","url":"https:\/\/noticiaempauta.com\/portal\/","name":"Portal Not\u00edcia em Pauta","description":"Voc\u00ea bem informado","publisher":{"@id":"https:\/\/noticiaempauta.com\/portal\/#organization"},"potentialAction":[{"@type":"SearchAction","target":{"@type":"EntryPoint","urlTemplate":"https:\/\/noticiaempauta.com\/portal\/?s={search_term_string}"},"query-input":{"@type":"PropertyValueSpecification","valueRequired":true,"valueName":"search_term_string"}}],"inLanguage":"pt-BR"},{"@type":"Organization","@id":"https:\/\/noticiaempauta.com\/portal\/#organization","name":"Portal Not\u00edcia em Pauta","url":"https:\/\/noticiaempauta.com\/portal\/","logo":{"@type":"ImageObject","inLanguage":"pt-BR","@id":"https:\/\/noticiaempauta.com\/portal\/#\/schema\/logo\/image\/","url":"https:\/\/noticiaempauta.com\/portal\/wp-content\/uploads\/2022\/08\/logomarca_tema.fw_.png","contentUrl":"https:\/\/noticiaempauta.com\/portal\/wp-content\/uploads\/2022\/08\/logomarca_tema.fw_.png","width":400,"height":232,"caption":"Portal Not\u00edcia em Pauta"},"image":{"@id":"https:\/\/noticiaempauta.com\/portal\/#\/schema\/logo\/image\/"},"sameAs":["https:\/\/www.facebook.com\/Portal-Notcia-Em-Pauta-102292869264820\/","https:\/\/www.instagram.com\/portalnoticiaempauta\/"]},{"@type":"Person","@id":"https:\/\/noticiaempauta.com\/portal\/#\/schema\/person\/a74af43dd1ab3deca45f988c717d57ac","name":"Reda\u00e7\u00e3o","image":{"@type":"ImageObject","inLanguage":"pt-BR","@id":"https:\/\/noticiaempauta.com\/portal\/#\/schema\/person\/image\/","url":"https:\/\/secure.gravatar.com\/avatar\/03179346ecce6cdfc13361603e8f54242a90e5cde8618fa23c5c00aa2b0aadf3?s=96&d=mm&r=g","contentUrl":"https:\/\/secure.gravatar.com\/avatar\/03179346ecce6cdfc13361603e8f54242a90e5cde8618fa23c5c00aa2b0aadf3?s=96&d=mm&r=g","caption":"Reda\u00e7\u00e3o"},"sameAs":["https:\/\/noticiaempauta.com\/portal\/"],"url":"https:\/\/noticiaempauta.com\/portal\/author\/fernando\/"}]}},"_links":{"self":[{"href":"https:\/\/noticiaempauta.com\/portal\/wp-json\/wp\/v2\/posts\/263109","targetHints":{"allow":["GET"]}}],"collection":[{"href":"https:\/\/noticiaempauta.com\/portal\/wp-json\/wp\/v2\/posts"}],"about":[{"href":"https:\/\/noticiaempauta.com\/portal\/wp-json\/wp\/v2\/types\/post"}],"author":[{"embeddable":true,"href":"https:\/\/noticiaempauta.com\/portal\/wp-json\/wp\/v2\/users\/2"}],"replies":[{"embeddable":true,"href":"https:\/\/noticiaempauta.com\/portal\/wp-json\/wp\/v2\/comments?post=263109"}],"version-history":[{"count":2,"href":"https:\/\/noticiaempauta.com\/portal\/wp-json\/wp\/v2\/posts\/263109\/revisions"}],"predecessor-version":[{"id":263114,"href":"https:\/\/noticiaempauta.com\/portal\/wp-json\/wp\/v2\/posts\/263109\/revisions\/263114"}],"wp:featuredmedia":[{"embeddable":true,"href":"https:\/\/noticiaempauta.com\/portal\/wp-json\/wp\/v2\/media\/263112"}],"wp:attachment":[{"href":"https:\/\/noticiaempauta.com\/portal\/wp-json\/wp\/v2\/media?parent=263109"}],"wp:term":[{"taxonomy":"category","embeddable":true,"href":"https:\/\/noticiaempauta.com\/portal\/wp-json\/wp\/v2\/categories?post=263109"},{"taxonomy":"post_tag","embeddable":true,"href":"https:\/\/noticiaempauta.com\/portal\/wp-json\/wp\/v2\/tags?post=263109"}],"curies":[{"name":"wp","href":"https:\/\/api.w.org\/{rel}","templated":true}]}}