{"id":263116,"date":"2024-10-16T15:26:30","date_gmt":"2024-10-16T18:26:30","guid":{"rendered":"https:\/\/noticiaempauta.com\/portal\/?p=263116"},"modified":"2024-10-16T15:27:48","modified_gmt":"2024-10-16T18:27:48","slug":"dr-pablo-santos-define-equipe-de-transicao-em-picos-confira-os-integrantes","status":"publish","type":"post","link":"https:\/\/noticiaempauta.com\/portal\/dr-pablo-santos-define-equipe-de-transicao-em-picos-confira-os-integrantes\/","title":{"rendered":"Dr. Pablo Santos define equipe de transi\u00e7\u00e3o em Picos: confira os integrantes"},"content":{"rendered":"\n<p>Nesta segunda-feira (14), o prefeito eleito de Picos, Pablo Santos, formalizou a cria\u00e7\u00e3o de sua equipe de transi\u00e7\u00e3o em of\u00edcio enviado ao atual prefeito, Gil Marques. A medida visa garantir a continuidade dos servi\u00e7os p\u00fablicos e a boa aplica\u00e7\u00e3o dos recursos municipais, conforme a Lei Estadual n. 6.253\/2012 e a Instru\u00e7\u00e3o Normativa n. 01\/2012 do Tribunal de Contas do Estado do Piau\u00ed.<\/p>\n\n\n\n<figure class=\"wp-block-image size-full\"><img fetchpriority=\"high\" decoding=\"async\" width=\"979\" height=\"722\" src=\"https:\/\/noticiaempauta.com\/portal\/wp-content\/uploads\/2024\/10\/WhatsApp-Image-2024-10-16-at-15.24.29.jpeg\" alt=\"\" class=\"wp-image-263117\" srcset=\"https:\/\/noticiaempauta.com\/portal\/wp-content\/uploads\/2024\/10\/WhatsApp-Image-2024-10-16-at-15.24.29.jpeg 979w, https:\/\/noticiaempauta.com\/portal\/wp-content\/uploads\/2024\/10\/WhatsApp-Image-2024-10-16-at-15.24.29-300x221.jpeg 300w, https:\/\/noticiaempauta.com\/portal\/wp-content\/uploads\/2024\/10\/WhatsApp-Image-2024-10-16-at-15.24.29-768x566.jpeg 768w\" sizes=\"(max-width: 979px) 100vw, 979px\" \/><figcaption class=\"wp-element-caption\">Prefeito eleito de Picos, Dr. Pablo Santos\/ Foto: NoticiaEmPauta<\/figcaption><\/figure>\n\n\n\n<p><strong>Confira a rela\u00e7\u00e3o de membros da equipe de transi\u00e7\u00e3o:<\/strong><br>Cec\u00edlia Maria Lav\u00f4r N\u00e9ri<br>Maria Oneide Fialho Rocha&nbsp;&nbsp;<br>Ver\u00f4nica Danda Vasconcelos Santos&nbsp;&nbsp;<br>Sara Maria de Sousa Carvalho<br>Pascoal Gomes da Costa Neto<br>Ant\u00f4nio Jos\u00e9 Francisco<br>Higo Carlos Meneses Sousa<br>Francisco Carm\u00e9lio Bezerra<br>Francisco Feitosa de Ara\u00fajo<br>Charlles Max Pessoa Marques da Rocha<br>Lucas Oliveira Rufino<br>Augusto Cesar Sousa Braga Monte<\/p>\n\n\n\n<p>Os trabalhos da equipe ter\u00e3o in\u00edcio em 21 de outubro de 2024 e contar\u00e3o com a supervis\u00e3o do atual governo, incluindo a participa\u00e7\u00e3o do respons\u00e1vel pelo controle interno da prefeitura. A equipe ser\u00e1 encarregada de assegurar uma transi\u00e7\u00e3o organizada, mantendo a transpar\u00eancia nas a\u00e7\u00f5es e a regularidade dos servi\u00e7os prestados \u00e0 popula\u00e7\u00e3o.<\/p>\n\n\n\n<p>Pablo Santos enfatiza a import\u00e2ncia de um processo de transi\u00e7\u00e3o eficiente, que permita ao novo governo iniciar suas atividades com total clareza sobre a situa\u00e7\u00e3o do munic\u00edpio<\/p>\n\n\n\n<p>Fonte: Cidade Verde<\/p>\n","protected":false},"excerpt":{"rendered":"<p>Nesta segunda-feira (14), o prefeito eleito de Picos, Pablo Santos, formalizou a cria\u00e7\u00e3o de sua equipe de transi\u00e7\u00e3o em of\u00edcio enviado ao atual prefeito, Gil Marques. A medida visa garantir a continuidade dos servi\u00e7os p\u00fablicos e a boa aplica\u00e7\u00e3o dos recursos municipais, conforme a Lei Estadual n. 6.253\/2012 e a Instru\u00e7\u00e3o Normativa n. 01\/2012 do [&hellip;]<\/p>\n","protected":false},"author":2,"featured_media":263117,"comment_status":"open","ping_status":"open","sticky":false,"template":"","format":"standard","meta":{"_mi_skip_tracking":false,"footnotes":""},"categories":[25,1,16],"tags":[192],"class_list":["post-263116","post","type-post","status-publish","format-standard","has-post-thumbnail","hentry","category-destaques-site","category-geral","category-todas","tag-destaqueprincipal"],"acf":[],"yoast_head":"<!-- This site is optimized with the Yoast SEO Premium plugin v19.2 (Yoast SEO v26.9) - https:\/\/yoast.com\/product\/yoast-seo-premium-wordpress\/ -->\n<title>Dr. Pablo Santos define equipe de transi\u00e7\u00e3o em Picos: confira os integrantes - Portal Not\u00edcia em Pauta<\/title>\n<meta name=\"robots\" content=\"index, follow, max-snippet:-1, max-image-preview:large, max-video-preview:-1\" \/>\n<link rel=\"canonical\" href=\"https:\/\/noticiaempauta.com\/portal\/dr-pablo-santos-define-equipe-de-transicao-em-picos-confira-os-integrantes\/\" \/>\n<meta property=\"og:locale\" content=\"pt_BR\" \/>\n<meta property=\"og:type\" content=\"article\" \/>\n<meta property=\"og:title\" content=\"Dr. Pablo Santos define equipe de transi\u00e7\u00e3o em Picos: confira os integrantes\" \/>\n<meta property=\"og:description\" content=\"Nesta segunda-feira (14), o prefeito eleito de Picos, Pablo Santos, formalizou a cria\u00e7\u00e3o de sua equipe de transi\u00e7\u00e3o em of\u00edcio enviado ao atual prefeito, Gil Marques. A medida visa garantir a continuidade dos servi\u00e7os p\u00fablicos e a boa aplica\u00e7\u00e3o dos recursos municipais, conforme a Lei Estadual n. 6.253\/2012 e a Instru\u00e7\u00e3o Normativa n. 01\/2012 do [&hellip;]\" \/>\n<meta property=\"og:url\" content=\"https:\/\/noticiaempauta.com\/portal\/dr-pablo-santos-define-equipe-de-transicao-em-picos-confira-os-integrantes\/\" \/>\n<meta property=\"og:site_name\" content=\"Portal Not\u00edcia em Pauta\" \/>\n<meta property=\"article:publisher\" content=\"https:\/\/www.facebook.com\/Portal-Notcia-Em-Pauta-102292869264820\/\" \/>\n<meta property=\"article:published_time\" content=\"2024-10-16T18:26:30+00:00\" \/>\n<meta property=\"article:modified_time\" content=\"2024-10-16T18:27:48+00:00\" \/>\n<meta property=\"og:image\" content=\"https:\/\/noticiaempauta.com\/portal\/wp-content\/uploads\/2024\/10\/WhatsApp-Image-2024-10-16-at-15.24.29.jpeg\" \/>\n\t<meta property=\"og:image:width\" content=\"979\" \/>\n\t<meta property=\"og:image:height\" content=\"722\" \/>\n\t<meta property=\"og:image:type\" content=\"image\/jpeg\" \/>\n<meta name=\"author\" content=\"Reda\u00e7\u00e3o\" \/>\n<meta name=\"twitter:card\" content=\"summary_large_image\" \/>\n<meta name=\"twitter:label1\" content=\"Escrito por\" \/>\n\t<meta name=\"twitter:data1\" content=\"Reda\u00e7\u00e3o\" \/>\n\t<meta name=\"twitter:label2\" content=\"Est. tempo de leitura\" \/>\n\t<meta name=\"twitter:data2\" content=\"2 minutos\" \/>\n<script type=\"application\/ld+json\" class=\"yoast-schema-graph\">{\"@context\":\"https:\/\/schema.org\",\"@graph\":[{\"@type\":\"Article\",\"@id\":\"https:\/\/noticiaempauta.com\/portal\/dr-pablo-santos-define-equipe-de-transicao-em-picos-confira-os-integrantes\/#article\",\"isPartOf\":{\"@id\":\"https:\/\/noticiaempauta.com\/portal\/dr-pablo-santos-define-equipe-de-transicao-em-picos-confira-os-integrantes\/\"},\"author\":{\"name\":\"Reda\u00e7\u00e3o\",\"@id\":\"https:\/\/noticiaempauta.com\/portal\/#\/schema\/person\/a74af43dd1ab3deca45f988c717d57ac\"},\"headline\":\"Dr. Pablo Santos define equipe de transi\u00e7\u00e3o em Picos: confira os integrantes\",\"datePublished\":\"2024-10-16T18:26:30+00:00\",\"dateModified\":\"2024-10-16T18:27:48+00:00\",\"mainEntityOfPage\":{\"@id\":\"https:\/\/noticiaempauta.com\/portal\/dr-pablo-santos-define-equipe-de-transicao-em-picos-confira-os-integrantes\/\"},\"wordCount\":245,\"commentCount\":0,\"publisher\":{\"@id\":\"https:\/\/noticiaempauta.com\/portal\/#organization\"},\"image\":{\"@id\":\"https:\/\/noticiaempauta.com\/portal\/dr-pablo-santos-define-equipe-de-transicao-em-picos-confira-os-integrantes\/#primaryimage\"},\"thumbnailUrl\":\"https:\/\/noticiaempauta.com\/portal\/wp-content\/uploads\/2024\/10\/WhatsApp-Image-2024-10-16-at-15.24.29.jpeg\",\"keywords\":[\"destaqueprincipal\"],\"articleSection\":[\"Destaques\",\"Geral\",\"Todas as Not\u00edcias\"],\"inLanguage\":\"pt-BR\",\"potentialAction\":[{\"@type\":\"CommentAction\",\"name\":\"Comment\",\"target\":[\"https:\/\/noticiaempauta.com\/portal\/dr-pablo-santos-define-equipe-de-transicao-em-picos-confira-os-integrantes\/#respond\"]}]},{\"@type\":\"WebPage\",\"@id\":\"https:\/\/noticiaempauta.com\/portal\/dr-pablo-santos-define-equipe-de-transicao-em-picos-confira-os-integrantes\/\",\"url\":\"https:\/\/noticiaempauta.com\/portal\/dr-pablo-santos-define-equipe-de-transicao-em-picos-confira-os-integrantes\/\",\"name\":\"Dr. Pablo Santos define equipe de transi\u00e7\u00e3o em Picos: confira os integrantes - Portal Not\u00edcia em Pauta\",\"isPartOf\":{\"@id\":\"https:\/\/noticiaempauta.com\/portal\/#website\"},\"primaryImageOfPage\":{\"@id\":\"https:\/\/noticiaempauta.com\/portal\/dr-pablo-santos-define-equipe-de-transicao-em-picos-confira-os-integrantes\/#primaryimage\"},\"image\":{\"@id\":\"https:\/\/noticiaempauta.com\/portal\/dr-pablo-santos-define-equipe-de-transicao-em-picos-confira-os-integrantes\/#primaryimage\"},\"thumbnailUrl\":\"https:\/\/noticiaempauta.com\/portal\/wp-content\/uploads\/2024\/10\/WhatsApp-Image-2024-10-16-at-15.24.29.jpeg\",\"datePublished\":\"2024-10-16T18:26:30+00:00\",\"dateModified\":\"2024-10-16T18:27:48+00:00\",\"breadcrumb\":{\"@id\":\"https:\/\/noticiaempauta.com\/portal\/dr-pablo-santos-define-equipe-de-transicao-em-picos-confira-os-integrantes\/#breadcrumb\"},\"inLanguage\":\"pt-BR\",\"potentialAction\":[{\"@type\":\"ReadAction\",\"target\":[\"https:\/\/noticiaempauta.com\/portal\/dr-pablo-santos-define-equipe-de-transicao-em-picos-confira-os-integrantes\/\"]}]},{\"@type\":\"ImageObject\",\"inLanguage\":\"pt-BR\",\"@id\":\"https:\/\/noticiaempauta.com\/portal\/dr-pablo-santos-define-equipe-de-transicao-em-picos-confira-os-integrantes\/#primaryimage\",\"url\":\"https:\/\/noticiaempauta.com\/portal\/wp-content\/uploads\/2024\/10\/WhatsApp-Image-2024-10-16-at-15.24.29.jpeg\",\"contentUrl\":\"https:\/\/noticiaempauta.com\/portal\/wp-content\/uploads\/2024\/10\/WhatsApp-Image-2024-10-16-at-15.24.29.jpeg\",\"width\":979,\"height\":722,\"caption\":\"Prefeito eleito de Picos, Dr. Pablo Santos\/ Foto: NoticiaEmPauta\"},{\"@type\":\"BreadcrumbList\",\"@id\":\"https:\/\/noticiaempauta.com\/portal\/dr-pablo-santos-define-equipe-de-transicao-em-picos-confira-os-integrantes\/#breadcrumb\",\"itemListElement\":[{\"@type\":\"ListItem\",\"position\":1,\"name\":\"P\u00e1gina Inicial\",\"item\":\"https:\/\/noticiaempauta.com\/portal\/\"},{\"@type\":\"ListItem\",\"position\":2,\"name\":\"Geral\",\"item\":\"https:\/\/noticiaempauta.com\/portal\/geral\/\"},{\"@type\":\"ListItem\",\"position\":3,\"name\":\"Dr. Pablo Santos define equipe de transi\u00e7\u00e3o em Picos: confira os integrantes\"}]},{\"@type\":\"WebSite\",\"@id\":\"https:\/\/noticiaempauta.com\/portal\/#website\",\"url\":\"https:\/\/noticiaempauta.com\/portal\/\",\"name\":\"Portal Not\u00edcia em Pauta\",\"description\":\"Voc\u00ea bem informado\",\"publisher\":{\"@id\":\"https:\/\/noticiaempauta.com\/portal\/#organization\"},\"potentialAction\":[{\"@type\":\"SearchAction\",\"target\":{\"@type\":\"EntryPoint\",\"urlTemplate\":\"https:\/\/noticiaempauta.com\/portal\/?s={search_term_string}\"},\"query-input\":{\"@type\":\"PropertyValueSpecification\",\"valueRequired\":true,\"valueName\":\"search_term_string\"}}],\"inLanguage\":\"pt-BR\"},{\"@type\":\"Organization\",\"@id\":\"https:\/\/noticiaempauta.com\/portal\/#organization\",\"name\":\"Portal Not\u00edcia em Pauta\",\"url\":\"https:\/\/noticiaempauta.com\/portal\/\",\"logo\":{\"@type\":\"ImageObject\",\"inLanguage\":\"pt-BR\",\"@id\":\"https:\/\/noticiaempauta.com\/portal\/#\/schema\/logo\/image\/\",\"url\":\"https:\/\/noticiaempauta.com\/portal\/wp-content\/uploads\/2022\/08\/logomarca_tema.fw_.png\",\"contentUrl\":\"https:\/\/noticiaempauta.com\/portal\/wp-content\/uploads\/2022\/08\/logomarca_tema.fw_.png\",\"width\":400,\"height\":232,\"caption\":\"Portal Not\u00edcia em Pauta\"},\"image\":{\"@id\":\"https:\/\/noticiaempauta.com\/portal\/#\/schema\/logo\/image\/\"},\"sameAs\":[\"https:\/\/www.facebook.com\/Portal-Notcia-Em-Pauta-102292869264820\/\",\"https:\/\/www.instagram.com\/portalnoticiaempauta\/\"]},{\"@type\":\"Person\",\"@id\":\"https:\/\/noticiaempauta.com\/portal\/#\/schema\/person\/a74af43dd1ab3deca45f988c717d57ac\",\"name\":\"Reda\u00e7\u00e3o\",\"image\":{\"@type\":\"ImageObject\",\"inLanguage\":\"pt-BR\",\"@id\":\"https:\/\/noticiaempauta.com\/portal\/#\/schema\/person\/image\/\",\"url\":\"https:\/\/secure.gravatar.com\/avatar\/03179346ecce6cdfc13361603e8f54242a90e5cde8618fa23c5c00aa2b0aadf3?s=96&d=mm&r=g\",\"contentUrl\":\"https:\/\/secure.gravatar.com\/avatar\/03179346ecce6cdfc13361603e8f54242a90e5cde8618fa23c5c00aa2b0aadf3?s=96&d=mm&r=g\",\"caption\":\"Reda\u00e7\u00e3o\"},\"sameAs\":[\"https:\/\/noticiaempauta.com\/portal\/\"],\"url\":\"https:\/\/noticiaempauta.com\/portal\/author\/fernando\/\"}]}<\/script>\n<!-- \/ Yoast SEO Premium plugin. -->","yoast_head_json":{"title":"Dr. Pablo Santos define equipe de transi\u00e7\u00e3o em Picos: confira os integrantes - Portal Not\u00edcia em Pauta","robots":{"index":"index","follow":"follow","max-snippet":"max-snippet:-1","max-image-preview":"max-image-preview:large","max-video-preview":"max-video-preview:-1"},"canonical":"https:\/\/noticiaempauta.com\/portal\/dr-pablo-santos-define-equipe-de-transicao-em-picos-confira-os-integrantes\/","og_locale":"pt_BR","og_type":"article","og_title":"Dr. Pablo Santos define equipe de transi\u00e7\u00e3o em Picos: confira os integrantes","og_description":"Nesta segunda-feira (14), o prefeito eleito de Picos, Pablo Santos, formalizou a cria\u00e7\u00e3o de sua equipe de transi\u00e7\u00e3o em of\u00edcio enviado ao atual prefeito, Gil Marques. A medida visa garantir a continuidade dos servi\u00e7os p\u00fablicos e a boa aplica\u00e7\u00e3o dos recursos municipais, conforme a Lei Estadual n. 6.253\/2012 e a Instru\u00e7\u00e3o Normativa n. 01\/2012 do [&hellip;]","og_url":"https:\/\/noticiaempauta.com\/portal\/dr-pablo-santos-define-equipe-de-transicao-em-picos-confira-os-integrantes\/","og_site_name":"Portal Not\u00edcia em Pauta","article_publisher":"https:\/\/www.facebook.com\/Portal-Notcia-Em-Pauta-102292869264820\/","article_published_time":"2024-10-16T18:26:30+00:00","article_modified_time":"2024-10-16T18:27:48+00:00","og_image":[{"width":979,"height":722,"url":"https:\/\/noticiaempauta.com\/portal\/wp-content\/uploads\/2024\/10\/WhatsApp-Image-2024-10-16-at-15.24.29.jpeg","type":"image\/jpeg"}],"author":"Reda\u00e7\u00e3o","twitter_card":"summary_large_image","twitter_misc":{"Escrito por":"Reda\u00e7\u00e3o","Est. tempo de leitura":"2 minutos"},"schema":{"@context":"https:\/\/schema.org","@graph":[{"@type":"Article","@id":"https:\/\/noticiaempauta.com\/portal\/dr-pablo-santos-define-equipe-de-transicao-em-picos-confira-os-integrantes\/#article","isPartOf":{"@id":"https:\/\/noticiaempauta.com\/portal\/dr-pablo-santos-define-equipe-de-transicao-em-picos-confira-os-integrantes\/"},"author":{"name":"Reda\u00e7\u00e3o","@id":"https:\/\/noticiaempauta.com\/portal\/#\/schema\/person\/a74af43dd1ab3deca45f988c717d57ac"},"headline":"Dr. Pablo Santos define equipe de transi\u00e7\u00e3o em Picos: confira os integrantes","datePublished":"2024-10-16T18:26:30+00:00","dateModified":"2024-10-16T18:27:48+00:00","mainEntityOfPage":{"@id":"https:\/\/noticiaempauta.com\/portal\/dr-pablo-santos-define-equipe-de-transicao-em-picos-confira-os-integrantes\/"},"wordCount":245,"commentCount":0,"publisher":{"@id":"https:\/\/noticiaempauta.com\/portal\/#organization"},"image":{"@id":"https:\/\/noticiaempauta.com\/portal\/dr-pablo-santos-define-equipe-de-transicao-em-picos-confira-os-integrantes\/#primaryimage"},"thumbnailUrl":"https:\/\/noticiaempauta.com\/portal\/wp-content\/uploads\/2024\/10\/WhatsApp-Image-2024-10-16-at-15.24.29.jpeg","keywords":["destaqueprincipal"],"articleSection":["Destaques","Geral","Todas as Not\u00edcias"],"inLanguage":"pt-BR","potentialAction":[{"@type":"CommentAction","name":"Comment","target":["https:\/\/noticiaempauta.com\/portal\/dr-pablo-santos-define-equipe-de-transicao-em-picos-confira-os-integrantes\/#respond"]}]},{"@type":"WebPage","@id":"https:\/\/noticiaempauta.com\/portal\/dr-pablo-santos-define-equipe-de-transicao-em-picos-confira-os-integrantes\/","url":"https:\/\/noticiaempauta.com\/portal\/dr-pablo-santos-define-equipe-de-transicao-em-picos-confira-os-integrantes\/","name":"Dr. Pablo Santos define equipe de transi\u00e7\u00e3o em Picos: confira os integrantes - Portal Not\u00edcia em Pauta","isPartOf":{"@id":"https:\/\/noticiaempauta.com\/portal\/#website"},"primaryImageOfPage":{"@id":"https:\/\/noticiaempauta.com\/portal\/dr-pablo-santos-define-equipe-de-transicao-em-picos-confira-os-integrantes\/#primaryimage"},"image":{"@id":"https:\/\/noticiaempauta.com\/portal\/dr-pablo-santos-define-equipe-de-transicao-em-picos-confira-os-integrantes\/#primaryimage"},"thumbnailUrl":"https:\/\/noticiaempauta.com\/portal\/wp-content\/uploads\/2024\/10\/WhatsApp-Image-2024-10-16-at-15.24.29.jpeg","datePublished":"2024-10-16T18:26:30+00:00","dateModified":"2024-10-16T18:27:48+00:00","breadcrumb":{"@id":"https:\/\/noticiaempauta.com\/portal\/dr-pablo-santos-define-equipe-de-transicao-em-picos-confira-os-integrantes\/#breadcrumb"},"inLanguage":"pt-BR","potentialAction":[{"@type":"ReadAction","target":["https:\/\/noticiaempauta.com\/portal\/dr-pablo-santos-define-equipe-de-transicao-em-picos-confira-os-integrantes\/"]}]},{"@type":"ImageObject","inLanguage":"pt-BR","@id":"https:\/\/noticiaempauta.com\/portal\/dr-pablo-santos-define-equipe-de-transicao-em-picos-confira-os-integrantes\/#primaryimage","url":"https:\/\/noticiaempauta.com\/portal\/wp-content\/uploads\/2024\/10\/WhatsApp-Image-2024-10-16-at-15.24.29.jpeg","contentUrl":"https:\/\/noticiaempauta.com\/portal\/wp-content\/uploads\/2024\/10\/WhatsApp-Image-2024-10-16-at-15.24.29.jpeg","width":979,"height":722,"caption":"Prefeito eleito de Picos, Dr. Pablo Santos\/ Foto: NoticiaEmPauta"},{"@type":"BreadcrumbList","@id":"https:\/\/noticiaempauta.com\/portal\/dr-pablo-santos-define-equipe-de-transicao-em-picos-confira-os-integrantes\/#breadcrumb","itemListElement":[{"@type":"ListItem","position":1,"name":"P\u00e1gina Inicial","item":"https:\/\/noticiaempauta.com\/portal\/"},{"@type":"ListItem","position":2,"name":"Geral","item":"https:\/\/noticiaempauta.com\/portal\/geral\/"},{"@type":"ListItem","position":3,"name":"Dr. Pablo Santos define equipe de transi\u00e7\u00e3o em Picos: confira os integrantes"}]},{"@type":"WebSite","@id":"https:\/\/noticiaempauta.com\/portal\/#website","url":"https:\/\/noticiaempauta.com\/portal\/","name":"Portal Not\u00edcia em Pauta","description":"Voc\u00ea bem informado","publisher":{"@id":"https:\/\/noticiaempauta.com\/portal\/#organization"},"potentialAction":[{"@type":"SearchAction","target":{"@type":"EntryPoint","urlTemplate":"https:\/\/noticiaempauta.com\/portal\/?s={search_term_string}"},"query-input":{"@type":"PropertyValueSpecification","valueRequired":true,"valueName":"search_term_string"}}],"inLanguage":"pt-BR"},{"@type":"Organization","@id":"https:\/\/noticiaempauta.com\/portal\/#organization","name":"Portal Not\u00edcia em Pauta","url":"https:\/\/noticiaempauta.com\/portal\/","logo":{"@type":"ImageObject","inLanguage":"pt-BR","@id":"https:\/\/noticiaempauta.com\/portal\/#\/schema\/logo\/image\/","url":"https:\/\/noticiaempauta.com\/portal\/wp-content\/uploads\/2022\/08\/logomarca_tema.fw_.png","contentUrl":"https:\/\/noticiaempauta.com\/portal\/wp-content\/uploads\/2022\/08\/logomarca_tema.fw_.png","width":400,"height":232,"caption":"Portal Not\u00edcia em Pauta"},"image":{"@id":"https:\/\/noticiaempauta.com\/portal\/#\/schema\/logo\/image\/"},"sameAs":["https:\/\/www.facebook.com\/Portal-Notcia-Em-Pauta-102292869264820\/","https:\/\/www.instagram.com\/portalnoticiaempauta\/"]},{"@type":"Person","@id":"https:\/\/noticiaempauta.com\/portal\/#\/schema\/person\/a74af43dd1ab3deca45f988c717d57ac","name":"Reda\u00e7\u00e3o","image":{"@type":"ImageObject","inLanguage":"pt-BR","@id":"https:\/\/noticiaempauta.com\/portal\/#\/schema\/person\/image\/","url":"https:\/\/secure.gravatar.com\/avatar\/03179346ecce6cdfc13361603e8f54242a90e5cde8618fa23c5c00aa2b0aadf3?s=96&d=mm&r=g","contentUrl":"https:\/\/secure.gravatar.com\/avatar\/03179346ecce6cdfc13361603e8f54242a90e5cde8618fa23c5c00aa2b0aadf3?s=96&d=mm&r=g","caption":"Reda\u00e7\u00e3o"},"sameAs":["https:\/\/noticiaempauta.com\/portal\/"],"url":"https:\/\/noticiaempauta.com\/portal\/author\/fernando\/"}]}},"_links":{"self":[{"href":"https:\/\/noticiaempauta.com\/portal\/wp-json\/wp\/v2\/posts\/263116","targetHints":{"allow":["GET"]}}],"collection":[{"href":"https:\/\/noticiaempauta.com\/portal\/wp-json\/wp\/v2\/posts"}],"about":[{"href":"https:\/\/noticiaempauta.com\/portal\/wp-json\/wp\/v2\/types\/post"}],"author":[{"embeddable":true,"href":"https:\/\/noticiaempauta.com\/portal\/wp-json\/wp\/v2\/users\/2"}],"replies":[{"embeddable":true,"href":"https:\/\/noticiaempauta.com\/portal\/wp-json\/wp\/v2\/comments?post=263116"}],"version-history":[{"count":2,"href":"https:\/\/noticiaempauta.com\/portal\/wp-json\/wp\/v2\/posts\/263116\/revisions"}],"predecessor-version":[{"id":263119,"href":"https:\/\/noticiaempauta.com\/portal\/wp-json\/wp\/v2\/posts\/263116\/revisions\/263119"}],"wp:featuredmedia":[{"embeddable":true,"href":"https:\/\/noticiaempauta.com\/portal\/wp-json\/wp\/v2\/media\/263117"}],"wp:attachment":[{"href":"https:\/\/noticiaempauta.com\/portal\/wp-json\/wp\/v2\/media?parent=263116"}],"wp:term":[{"taxonomy":"category","embeddable":true,"href":"https:\/\/noticiaempauta.com\/portal\/wp-json\/wp\/v2\/categories?post=263116"},{"taxonomy":"post_tag","embeddable":true,"href":"https:\/\/noticiaempauta.com\/portal\/wp-json\/wp\/v2\/tags?post=263116"}],"curies":[{"name":"wp","href":"https:\/\/api.w.org\/{rel}","templated":true}]}}