{"id":263123,"date":"2024-10-17T09:33:06","date_gmt":"2024-10-17T12:33:06","guid":{"rendered":"https:\/\/noticiaempauta.com\/portal\/?p=263123"},"modified":"2024-10-17T09:33:07","modified_gmt":"2024-10-17T12:33:07","slug":"populacao-do-bairro-ipueiras-cobra-redutores-de-velocidades-na-pi-238-no-perimetro-urbano","status":"publish","type":"post","link":"https:\/\/noticiaempauta.com\/portal\/populacao-do-bairro-ipueiras-cobra-redutores-de-velocidades-na-pi-238-no-perimetro-urbano\/","title":{"rendered":"Popula\u00e7\u00e3o do bairro Ipueiras cobra redutores de velocidades na PI-238 no per\u00edmetro urbano"},"content":{"rendered":"\n<p>Com o crescimento no n\u00famero de acidentes registrados nos \u00faltimos dias na PI &#8211; 238 que liga Picos \u00e0 cidade de Sussuapara, os moradores do bairro Ipueiras pedem ao Departamento Estadual de Estradas e Rodagens do Piau\u00ed (DER), que se fa\u00e7a instala\u00e7\u00e3o de pelo menos tr\u00eas redutores de velocidades, ou seja, lombadas ou at\u00e9m mesmo fiscaliza\u00e7\u00e3o eletr\u00f4nica.<\/p>\n\n\n\n<figure class=\"wp-block-image size-large\"><img fetchpriority=\"high\" decoding=\"async\" width=\"1024\" height=\"768\" src=\"https:\/\/noticiaempauta.com\/portal\/wp-content\/uploads\/2024\/10\/WhatsApp-Image-2024-10-17-at-09.29.32-1024x768.jpeg\" alt=\"\" class=\"wp-image-263125\" srcset=\"https:\/\/noticiaempauta.com\/portal\/wp-content\/uploads\/2024\/10\/WhatsApp-Image-2024-10-17-at-09.29.32-1024x768.jpeg 1024w, https:\/\/noticiaempauta.com\/portal\/wp-content\/uploads\/2024\/10\/WhatsApp-Image-2024-10-17-at-09.29.32-300x225.jpeg 300w, https:\/\/noticiaempauta.com\/portal\/wp-content\/uploads\/2024\/10\/WhatsApp-Image-2024-10-17-at-09.29.32-768x576.jpeg 768w, https:\/\/noticiaempauta.com\/portal\/wp-content\/uploads\/2024\/10\/WhatsApp-Image-2024-10-17-at-09.29.32-1536x1152.jpeg 1536w, https:\/\/noticiaempauta.com\/portal\/wp-content\/uploads\/2024\/10\/WhatsApp-Image-2024-10-17-at-09.29.32.jpeg 1600w\" sizes=\"(max-width: 1024px) 100vw, 1024px\" \/><figcaption class=\"wp-element-caption\">(Foto: NoticiaEmPauta)<\/figcaption><\/figure>\n\n\n\n<p>O trecho que j\u00e1 era bastante perigoso se tornou pior agora, pois apesar da nova pavimenta\u00e7\u00e3o asf\u00e1ltica e sinaliza\u00e7\u00e3o muitos condutores de ve\u00edculos n\u00e3o respeitam o limite de velocidade e terminam provocando acidentes, e at\u00e9 mesmo se envolvendo em muitos deles.<\/p>\n\n\n\n<figure class=\"wp-block-image size-large\"><img decoding=\"async\" width=\"1024\" height=\"768\" src=\"https:\/\/noticiaempauta.com\/portal\/wp-content\/uploads\/2024\/10\/WhatsApp-Image-2024-10-17-at-09.24.05-1024x768.jpeg\" alt=\"\" class=\"wp-image-263124\" srcset=\"https:\/\/noticiaempauta.com\/portal\/wp-content\/uploads\/2024\/10\/WhatsApp-Image-2024-10-17-at-09.24.05-1024x768.jpeg 1024w, https:\/\/noticiaempauta.com\/portal\/wp-content\/uploads\/2024\/10\/WhatsApp-Image-2024-10-17-at-09.24.05-300x225.jpeg 300w, https:\/\/noticiaempauta.com\/portal\/wp-content\/uploads\/2024\/10\/WhatsApp-Image-2024-10-17-at-09.24.05-768x576.jpeg 768w, https:\/\/noticiaempauta.com\/portal\/wp-content\/uploads\/2024\/10\/WhatsApp-Image-2024-10-17-at-09.24.05-1536x1152.jpeg 1536w, https:\/\/noticiaempauta.com\/portal\/wp-content\/uploads\/2024\/10\/WhatsApp-Image-2024-10-17-at-09.24.05.jpeg 1600w\" sizes=\"(max-width: 1024px) 100vw, 1024px\" \/><figcaption class=\"wp-element-caption\">Foto: NoticiaEmPauta<\/figcaption><\/figure>\n\n\n\n<p>Para o empres\u00e1rio Josino Coutino, que possui duas empresas na Av. Airton Senna no bairro Ipueiras, s\u00f3 da semana passada para c\u00e1 j\u00e1 ocorreram dois acidentes em frente ao Posto J.C de sua propriedade, e de acordo com ele, se n\u00e3o for colocado nenhum redutor de velocidade naquele trecho, muitos acidentes ir\u00e3o acontecer, uma vez que muitos condutores de ve\u00edculos n\u00e3o respeitam o limite de velocidade permitido por lei, disse ele.<\/p>\n\n\n\n<p>&#8220;Precisamos que as autoridades tomem provid\u00eancias, a PI-238 \u00e9 uma rodovia bastante movimentada, e se n\u00e3o colocar pelo menos tr\u00eas redutores de velocidade, vai acontecer acidentes toda semana, e n\u00e3o se pode brincar com a vida&#8221;, frisou Josino\u00a0Coutinho.<\/p>\n\n\n\n<p>Fonte: Portal AgoraED<\/p>\n","protected":false},"excerpt":{"rendered":"<p>Com o crescimento no n\u00famero de acidentes registrados nos \u00faltimos dias na PI &#8211; 238 que liga Picos \u00e0 cidade de Sussuapara, os moradores do bairro Ipueiras pedem ao Departamento Estadual de Estradas e Rodagens do Piau\u00ed (DER), que se fa\u00e7a instala\u00e7\u00e3o de pelo menos tr\u00eas redutores de velocidades, ou seja, lombadas ou at\u00e9m mesmo [&hellip;]<\/p>\n","protected":false},"author":2,"featured_media":263124,"comment_status":"open","ping_status":"open","sticky":false,"template":"","format":"standard","meta":{"_mi_skip_tracking":false,"footnotes":""},"categories":[25,1,16],"tags":[192],"class_list":["post-263123","post","type-post","status-publish","format-standard","has-post-thumbnail","hentry","category-destaques-site","category-geral","category-todas","tag-destaqueprincipal"],"acf":[],"yoast_head":"<!-- This site is optimized with the Yoast SEO Premium plugin v19.2 (Yoast SEO v26.9) - https:\/\/yoast.com\/product\/yoast-seo-premium-wordpress\/ -->\n<title>Popula\u00e7\u00e3o do bairro Ipueiras cobra redutores de velocidades na PI-238 no per\u00edmetro urbano - Portal Not\u00edcia em Pauta<\/title>\n<meta name=\"robots\" content=\"index, follow, max-snippet:-1, max-image-preview:large, max-video-preview:-1\" \/>\n<link rel=\"canonical\" href=\"https:\/\/noticiaempauta.com\/portal\/populacao-do-bairro-ipueiras-cobra-redutores-de-velocidades-na-pi-238-no-perimetro-urbano\/\" \/>\n<meta property=\"og:locale\" content=\"pt_BR\" \/>\n<meta property=\"og:type\" content=\"article\" \/>\n<meta property=\"og:title\" content=\"Popula\u00e7\u00e3o do bairro Ipueiras cobra redutores de velocidades na PI-238 no per\u00edmetro urbano\" \/>\n<meta property=\"og:description\" content=\"Com o crescimento no n\u00famero de acidentes registrados nos \u00faltimos dias na PI &#8211; 238 que liga Picos \u00e0 cidade de Sussuapara, os moradores do bairro Ipueiras pedem ao Departamento Estadual de Estradas e Rodagens do Piau\u00ed (DER), que se fa\u00e7a instala\u00e7\u00e3o de pelo menos tr\u00eas redutores de velocidades, ou seja, lombadas ou at\u00e9m mesmo [&hellip;]\" \/>\n<meta property=\"og:url\" content=\"https:\/\/noticiaempauta.com\/portal\/populacao-do-bairro-ipueiras-cobra-redutores-de-velocidades-na-pi-238-no-perimetro-urbano\/\" \/>\n<meta property=\"og:site_name\" content=\"Portal Not\u00edcia em Pauta\" \/>\n<meta property=\"article:publisher\" content=\"https:\/\/www.facebook.com\/Portal-Notcia-Em-Pauta-102292869264820\/\" \/>\n<meta property=\"article:published_time\" content=\"2024-10-17T12:33:06+00:00\" \/>\n<meta property=\"article:modified_time\" content=\"2024-10-17T12:33:07+00:00\" \/>\n<meta property=\"og:image\" content=\"https:\/\/noticiaempauta.com\/portal\/wp-content\/uploads\/2024\/10\/WhatsApp-Image-2024-10-17-at-09.24.05.jpeg\" \/>\n\t<meta property=\"og:image:width\" content=\"1600\" \/>\n\t<meta property=\"og:image:height\" content=\"1200\" \/>\n\t<meta property=\"og:image:type\" content=\"image\/jpeg\" \/>\n<meta name=\"author\" content=\"Reda\u00e7\u00e3o\" \/>\n<meta name=\"twitter:card\" content=\"summary_large_image\" \/>\n<meta name=\"twitter:label1\" content=\"Escrito por\" \/>\n\t<meta name=\"twitter:data1\" content=\"Reda\u00e7\u00e3o\" \/>\n\t<meta name=\"twitter:label2\" content=\"Est. tempo de leitura\" \/>\n\t<meta name=\"twitter:data2\" content=\"2 minutos\" \/>\n<script type=\"application\/ld+json\" class=\"yoast-schema-graph\">{\"@context\":\"https:\/\/schema.org\",\"@graph\":[{\"@type\":\"Article\",\"@id\":\"https:\/\/noticiaempauta.com\/portal\/populacao-do-bairro-ipueiras-cobra-redutores-de-velocidades-na-pi-238-no-perimetro-urbano\/#article\",\"isPartOf\":{\"@id\":\"https:\/\/noticiaempauta.com\/portal\/populacao-do-bairro-ipueiras-cobra-redutores-de-velocidades-na-pi-238-no-perimetro-urbano\/\"},\"author\":{\"name\":\"Reda\u00e7\u00e3o\",\"@id\":\"https:\/\/noticiaempauta.com\/portal\/#\/schema\/person\/a74af43dd1ab3deca45f988c717d57ac\"},\"headline\":\"Popula\u00e7\u00e3o do bairro Ipueiras cobra redutores de velocidades na PI-238 no per\u00edmetro urbano\",\"datePublished\":\"2024-10-17T12:33:06+00:00\",\"dateModified\":\"2024-10-17T12:33:07+00:00\",\"mainEntityOfPage\":{\"@id\":\"https:\/\/noticiaempauta.com\/portal\/populacao-do-bairro-ipueiras-cobra-redutores-de-velocidades-na-pi-238-no-perimetro-urbano\/\"},\"wordCount\":249,\"commentCount\":0,\"publisher\":{\"@id\":\"https:\/\/noticiaempauta.com\/portal\/#organization\"},\"image\":{\"@id\":\"https:\/\/noticiaempauta.com\/portal\/populacao-do-bairro-ipueiras-cobra-redutores-de-velocidades-na-pi-238-no-perimetro-urbano\/#primaryimage\"},\"thumbnailUrl\":\"https:\/\/noticiaempauta.com\/portal\/wp-content\/uploads\/2024\/10\/WhatsApp-Image-2024-10-17-at-09.24.05.jpeg\",\"keywords\":[\"destaqueprincipal\"],\"articleSection\":[\"Destaques\",\"Geral\",\"Todas as Not\u00edcias\"],\"inLanguage\":\"pt-BR\",\"potentialAction\":[{\"@type\":\"CommentAction\",\"name\":\"Comment\",\"target\":[\"https:\/\/noticiaempauta.com\/portal\/populacao-do-bairro-ipueiras-cobra-redutores-de-velocidades-na-pi-238-no-perimetro-urbano\/#respond\"]}]},{\"@type\":\"WebPage\",\"@id\":\"https:\/\/noticiaempauta.com\/portal\/populacao-do-bairro-ipueiras-cobra-redutores-de-velocidades-na-pi-238-no-perimetro-urbano\/\",\"url\":\"https:\/\/noticiaempauta.com\/portal\/populacao-do-bairro-ipueiras-cobra-redutores-de-velocidades-na-pi-238-no-perimetro-urbano\/\",\"name\":\"Popula\u00e7\u00e3o do bairro Ipueiras cobra redutores de velocidades na PI-238 no per\u00edmetro urbano - Portal Not\u00edcia em Pauta\",\"isPartOf\":{\"@id\":\"https:\/\/noticiaempauta.com\/portal\/#website\"},\"primaryImageOfPage\":{\"@id\":\"https:\/\/noticiaempauta.com\/portal\/populacao-do-bairro-ipueiras-cobra-redutores-de-velocidades-na-pi-238-no-perimetro-urbano\/#primaryimage\"},\"image\":{\"@id\":\"https:\/\/noticiaempauta.com\/portal\/populacao-do-bairro-ipueiras-cobra-redutores-de-velocidades-na-pi-238-no-perimetro-urbano\/#primaryimage\"},\"thumbnailUrl\":\"https:\/\/noticiaempauta.com\/portal\/wp-content\/uploads\/2024\/10\/WhatsApp-Image-2024-10-17-at-09.24.05.jpeg\",\"datePublished\":\"2024-10-17T12:33:06+00:00\",\"dateModified\":\"2024-10-17T12:33:07+00:00\",\"breadcrumb\":{\"@id\":\"https:\/\/noticiaempauta.com\/portal\/populacao-do-bairro-ipueiras-cobra-redutores-de-velocidades-na-pi-238-no-perimetro-urbano\/#breadcrumb\"},\"inLanguage\":\"pt-BR\",\"potentialAction\":[{\"@type\":\"ReadAction\",\"target\":[\"https:\/\/noticiaempauta.com\/portal\/populacao-do-bairro-ipueiras-cobra-redutores-de-velocidades-na-pi-238-no-perimetro-urbano\/\"]}]},{\"@type\":\"ImageObject\",\"inLanguage\":\"pt-BR\",\"@id\":\"https:\/\/noticiaempauta.com\/portal\/populacao-do-bairro-ipueiras-cobra-redutores-de-velocidades-na-pi-238-no-perimetro-urbano\/#primaryimage\",\"url\":\"https:\/\/noticiaempauta.com\/portal\/wp-content\/uploads\/2024\/10\/WhatsApp-Image-2024-10-17-at-09.24.05.jpeg\",\"contentUrl\":\"https:\/\/noticiaempauta.com\/portal\/wp-content\/uploads\/2024\/10\/WhatsApp-Image-2024-10-17-at-09.24.05.jpeg\",\"width\":1600,\"height\":1200,\"caption\":\"Foto: NoticiaEmPauta\"},{\"@type\":\"BreadcrumbList\",\"@id\":\"https:\/\/noticiaempauta.com\/portal\/populacao-do-bairro-ipueiras-cobra-redutores-de-velocidades-na-pi-238-no-perimetro-urbano\/#breadcrumb\",\"itemListElement\":[{\"@type\":\"ListItem\",\"position\":1,\"name\":\"P\u00e1gina Inicial\",\"item\":\"https:\/\/noticiaempauta.com\/portal\/\"},{\"@type\":\"ListItem\",\"position\":2,\"name\":\"Destaques\",\"item\":\"https:\/\/noticiaempauta.com\/portal\/destaques-site\/\"},{\"@type\":\"ListItem\",\"position\":3,\"name\":\"Popula\u00e7\u00e3o do bairro Ipueiras cobra redutores de velocidades na PI-238 no per\u00edmetro urbano\"}]},{\"@type\":\"WebSite\",\"@id\":\"https:\/\/noticiaempauta.com\/portal\/#website\",\"url\":\"https:\/\/noticiaempauta.com\/portal\/\",\"name\":\"Portal Not\u00edcia em Pauta\",\"description\":\"Voc\u00ea bem informado\",\"publisher\":{\"@id\":\"https:\/\/noticiaempauta.com\/portal\/#organization\"},\"potentialAction\":[{\"@type\":\"SearchAction\",\"target\":{\"@type\":\"EntryPoint\",\"urlTemplate\":\"https:\/\/noticiaempauta.com\/portal\/?s={search_term_string}\"},\"query-input\":{\"@type\":\"PropertyValueSpecification\",\"valueRequired\":true,\"valueName\":\"search_term_string\"}}],\"inLanguage\":\"pt-BR\"},{\"@type\":\"Organization\",\"@id\":\"https:\/\/noticiaempauta.com\/portal\/#organization\",\"name\":\"Portal Not\u00edcia em Pauta\",\"url\":\"https:\/\/noticiaempauta.com\/portal\/\",\"logo\":{\"@type\":\"ImageObject\",\"inLanguage\":\"pt-BR\",\"@id\":\"https:\/\/noticiaempauta.com\/portal\/#\/schema\/logo\/image\/\",\"url\":\"https:\/\/noticiaempauta.com\/portal\/wp-content\/uploads\/2022\/08\/logomarca_tema.fw_.png\",\"contentUrl\":\"https:\/\/noticiaempauta.com\/portal\/wp-content\/uploads\/2022\/08\/logomarca_tema.fw_.png\",\"width\":400,\"height\":232,\"caption\":\"Portal Not\u00edcia em Pauta\"},\"image\":{\"@id\":\"https:\/\/noticiaempauta.com\/portal\/#\/schema\/logo\/image\/\"},\"sameAs\":[\"https:\/\/www.facebook.com\/Portal-Notcia-Em-Pauta-102292869264820\/\",\"https:\/\/www.instagram.com\/portalnoticiaempauta\/\"]},{\"@type\":\"Person\",\"@id\":\"https:\/\/noticiaempauta.com\/portal\/#\/schema\/person\/a74af43dd1ab3deca45f988c717d57ac\",\"name\":\"Reda\u00e7\u00e3o\",\"image\":{\"@type\":\"ImageObject\",\"inLanguage\":\"pt-BR\",\"@id\":\"https:\/\/noticiaempauta.com\/portal\/#\/schema\/person\/image\/\",\"url\":\"https:\/\/secure.gravatar.com\/avatar\/03179346ecce6cdfc13361603e8f54242a90e5cde8618fa23c5c00aa2b0aadf3?s=96&d=mm&r=g\",\"contentUrl\":\"https:\/\/secure.gravatar.com\/avatar\/03179346ecce6cdfc13361603e8f54242a90e5cde8618fa23c5c00aa2b0aadf3?s=96&d=mm&r=g\",\"caption\":\"Reda\u00e7\u00e3o\"},\"sameAs\":[\"https:\/\/noticiaempauta.com\/portal\/\"],\"url\":\"https:\/\/noticiaempauta.com\/portal\/author\/fernando\/\"}]}<\/script>\n<!-- \/ Yoast SEO Premium plugin. -->","yoast_head_json":{"title":"Popula\u00e7\u00e3o do bairro Ipueiras cobra redutores de velocidades na PI-238 no per\u00edmetro urbano - Portal Not\u00edcia em Pauta","robots":{"index":"index","follow":"follow","max-snippet":"max-snippet:-1","max-image-preview":"max-image-preview:large","max-video-preview":"max-video-preview:-1"},"canonical":"https:\/\/noticiaempauta.com\/portal\/populacao-do-bairro-ipueiras-cobra-redutores-de-velocidades-na-pi-238-no-perimetro-urbano\/","og_locale":"pt_BR","og_type":"article","og_title":"Popula\u00e7\u00e3o do bairro Ipueiras cobra redutores de velocidades na PI-238 no per\u00edmetro urbano","og_description":"Com o crescimento no n\u00famero de acidentes registrados nos \u00faltimos dias na PI &#8211; 238 que liga Picos \u00e0 cidade de Sussuapara, os moradores do bairro Ipueiras pedem ao Departamento Estadual de Estradas e Rodagens do Piau\u00ed (DER), que se fa\u00e7a instala\u00e7\u00e3o de pelo menos tr\u00eas redutores de velocidades, ou seja, lombadas ou at\u00e9m mesmo [&hellip;]","og_url":"https:\/\/noticiaempauta.com\/portal\/populacao-do-bairro-ipueiras-cobra-redutores-de-velocidades-na-pi-238-no-perimetro-urbano\/","og_site_name":"Portal Not\u00edcia em Pauta","article_publisher":"https:\/\/www.facebook.com\/Portal-Notcia-Em-Pauta-102292869264820\/","article_published_time":"2024-10-17T12:33:06+00:00","article_modified_time":"2024-10-17T12:33:07+00:00","og_image":[{"width":1600,"height":1200,"url":"https:\/\/noticiaempauta.com\/portal\/wp-content\/uploads\/2024\/10\/WhatsApp-Image-2024-10-17-at-09.24.05.jpeg","type":"image\/jpeg"}],"author":"Reda\u00e7\u00e3o","twitter_card":"summary_large_image","twitter_misc":{"Escrito por":"Reda\u00e7\u00e3o","Est. tempo de leitura":"2 minutos"},"schema":{"@context":"https:\/\/schema.org","@graph":[{"@type":"Article","@id":"https:\/\/noticiaempauta.com\/portal\/populacao-do-bairro-ipueiras-cobra-redutores-de-velocidades-na-pi-238-no-perimetro-urbano\/#article","isPartOf":{"@id":"https:\/\/noticiaempauta.com\/portal\/populacao-do-bairro-ipueiras-cobra-redutores-de-velocidades-na-pi-238-no-perimetro-urbano\/"},"author":{"name":"Reda\u00e7\u00e3o","@id":"https:\/\/noticiaempauta.com\/portal\/#\/schema\/person\/a74af43dd1ab3deca45f988c717d57ac"},"headline":"Popula\u00e7\u00e3o do bairro Ipueiras cobra redutores de velocidades na PI-238 no per\u00edmetro urbano","datePublished":"2024-10-17T12:33:06+00:00","dateModified":"2024-10-17T12:33:07+00:00","mainEntityOfPage":{"@id":"https:\/\/noticiaempauta.com\/portal\/populacao-do-bairro-ipueiras-cobra-redutores-de-velocidades-na-pi-238-no-perimetro-urbano\/"},"wordCount":249,"commentCount":0,"publisher":{"@id":"https:\/\/noticiaempauta.com\/portal\/#organization"},"image":{"@id":"https:\/\/noticiaempauta.com\/portal\/populacao-do-bairro-ipueiras-cobra-redutores-de-velocidades-na-pi-238-no-perimetro-urbano\/#primaryimage"},"thumbnailUrl":"https:\/\/noticiaempauta.com\/portal\/wp-content\/uploads\/2024\/10\/WhatsApp-Image-2024-10-17-at-09.24.05.jpeg","keywords":["destaqueprincipal"],"articleSection":["Destaques","Geral","Todas as Not\u00edcias"],"inLanguage":"pt-BR","potentialAction":[{"@type":"CommentAction","name":"Comment","target":["https:\/\/noticiaempauta.com\/portal\/populacao-do-bairro-ipueiras-cobra-redutores-de-velocidades-na-pi-238-no-perimetro-urbano\/#respond"]}]},{"@type":"WebPage","@id":"https:\/\/noticiaempauta.com\/portal\/populacao-do-bairro-ipueiras-cobra-redutores-de-velocidades-na-pi-238-no-perimetro-urbano\/","url":"https:\/\/noticiaempauta.com\/portal\/populacao-do-bairro-ipueiras-cobra-redutores-de-velocidades-na-pi-238-no-perimetro-urbano\/","name":"Popula\u00e7\u00e3o do bairro Ipueiras cobra redutores de velocidades na PI-238 no per\u00edmetro urbano - Portal Not\u00edcia em Pauta","isPartOf":{"@id":"https:\/\/noticiaempauta.com\/portal\/#website"},"primaryImageOfPage":{"@id":"https:\/\/noticiaempauta.com\/portal\/populacao-do-bairro-ipueiras-cobra-redutores-de-velocidades-na-pi-238-no-perimetro-urbano\/#primaryimage"},"image":{"@id":"https:\/\/noticiaempauta.com\/portal\/populacao-do-bairro-ipueiras-cobra-redutores-de-velocidades-na-pi-238-no-perimetro-urbano\/#primaryimage"},"thumbnailUrl":"https:\/\/noticiaempauta.com\/portal\/wp-content\/uploads\/2024\/10\/WhatsApp-Image-2024-10-17-at-09.24.05.jpeg","datePublished":"2024-10-17T12:33:06+00:00","dateModified":"2024-10-17T12:33:07+00:00","breadcrumb":{"@id":"https:\/\/noticiaempauta.com\/portal\/populacao-do-bairro-ipueiras-cobra-redutores-de-velocidades-na-pi-238-no-perimetro-urbano\/#breadcrumb"},"inLanguage":"pt-BR","potentialAction":[{"@type":"ReadAction","target":["https:\/\/noticiaempauta.com\/portal\/populacao-do-bairro-ipueiras-cobra-redutores-de-velocidades-na-pi-238-no-perimetro-urbano\/"]}]},{"@type":"ImageObject","inLanguage":"pt-BR","@id":"https:\/\/noticiaempauta.com\/portal\/populacao-do-bairro-ipueiras-cobra-redutores-de-velocidades-na-pi-238-no-perimetro-urbano\/#primaryimage","url":"https:\/\/noticiaempauta.com\/portal\/wp-content\/uploads\/2024\/10\/WhatsApp-Image-2024-10-17-at-09.24.05.jpeg","contentUrl":"https:\/\/noticiaempauta.com\/portal\/wp-content\/uploads\/2024\/10\/WhatsApp-Image-2024-10-17-at-09.24.05.jpeg","width":1600,"height":1200,"caption":"Foto: NoticiaEmPauta"},{"@type":"BreadcrumbList","@id":"https:\/\/noticiaempauta.com\/portal\/populacao-do-bairro-ipueiras-cobra-redutores-de-velocidades-na-pi-238-no-perimetro-urbano\/#breadcrumb","itemListElement":[{"@type":"ListItem","position":1,"name":"P\u00e1gina Inicial","item":"https:\/\/noticiaempauta.com\/portal\/"},{"@type":"ListItem","position":2,"name":"Destaques","item":"https:\/\/noticiaempauta.com\/portal\/destaques-site\/"},{"@type":"ListItem","position":3,"name":"Popula\u00e7\u00e3o do bairro Ipueiras cobra redutores de velocidades na PI-238 no per\u00edmetro urbano"}]},{"@type":"WebSite","@id":"https:\/\/noticiaempauta.com\/portal\/#website","url":"https:\/\/noticiaempauta.com\/portal\/","name":"Portal Not\u00edcia em Pauta","description":"Voc\u00ea bem informado","publisher":{"@id":"https:\/\/noticiaempauta.com\/portal\/#organization"},"potentialAction":[{"@type":"SearchAction","target":{"@type":"EntryPoint","urlTemplate":"https:\/\/noticiaempauta.com\/portal\/?s={search_term_string}"},"query-input":{"@type":"PropertyValueSpecification","valueRequired":true,"valueName":"search_term_string"}}],"inLanguage":"pt-BR"},{"@type":"Organization","@id":"https:\/\/noticiaempauta.com\/portal\/#organization","name":"Portal Not\u00edcia em Pauta","url":"https:\/\/noticiaempauta.com\/portal\/","logo":{"@type":"ImageObject","inLanguage":"pt-BR","@id":"https:\/\/noticiaempauta.com\/portal\/#\/schema\/logo\/image\/","url":"https:\/\/noticiaempauta.com\/portal\/wp-content\/uploads\/2022\/08\/logomarca_tema.fw_.png","contentUrl":"https:\/\/noticiaempauta.com\/portal\/wp-content\/uploads\/2022\/08\/logomarca_tema.fw_.png","width":400,"height":232,"caption":"Portal Not\u00edcia em Pauta"},"image":{"@id":"https:\/\/noticiaempauta.com\/portal\/#\/schema\/logo\/image\/"},"sameAs":["https:\/\/www.facebook.com\/Portal-Notcia-Em-Pauta-102292869264820\/","https:\/\/www.instagram.com\/portalnoticiaempauta\/"]},{"@type":"Person","@id":"https:\/\/noticiaempauta.com\/portal\/#\/schema\/person\/a74af43dd1ab3deca45f988c717d57ac","name":"Reda\u00e7\u00e3o","image":{"@type":"ImageObject","inLanguage":"pt-BR","@id":"https:\/\/noticiaempauta.com\/portal\/#\/schema\/person\/image\/","url":"https:\/\/secure.gravatar.com\/avatar\/03179346ecce6cdfc13361603e8f54242a90e5cde8618fa23c5c00aa2b0aadf3?s=96&d=mm&r=g","contentUrl":"https:\/\/secure.gravatar.com\/avatar\/03179346ecce6cdfc13361603e8f54242a90e5cde8618fa23c5c00aa2b0aadf3?s=96&d=mm&r=g","caption":"Reda\u00e7\u00e3o"},"sameAs":["https:\/\/noticiaempauta.com\/portal\/"],"url":"https:\/\/noticiaempauta.com\/portal\/author\/fernando\/"}]}},"_links":{"self":[{"href":"https:\/\/noticiaempauta.com\/portal\/wp-json\/wp\/v2\/posts\/263123","targetHints":{"allow":["GET"]}}],"collection":[{"href":"https:\/\/noticiaempauta.com\/portal\/wp-json\/wp\/v2\/posts"}],"about":[{"href":"https:\/\/noticiaempauta.com\/portal\/wp-json\/wp\/v2\/types\/post"}],"author":[{"embeddable":true,"href":"https:\/\/noticiaempauta.com\/portal\/wp-json\/wp\/v2\/users\/2"}],"replies":[{"embeddable":true,"href":"https:\/\/noticiaempauta.com\/portal\/wp-json\/wp\/v2\/comments?post=263123"}],"version-history":[{"count":2,"href":"https:\/\/noticiaempauta.com\/portal\/wp-json\/wp\/v2\/posts\/263123\/revisions"}],"predecessor-version":[{"id":263127,"href":"https:\/\/noticiaempauta.com\/portal\/wp-json\/wp\/v2\/posts\/263123\/revisions\/263127"}],"wp:featuredmedia":[{"embeddable":true,"href":"https:\/\/noticiaempauta.com\/portal\/wp-json\/wp\/v2\/media\/263124"}],"wp:attachment":[{"href":"https:\/\/noticiaempauta.com\/portal\/wp-json\/wp\/v2\/media?parent=263123"}],"wp:term":[{"taxonomy":"category","embeddable":true,"href":"https:\/\/noticiaempauta.com\/portal\/wp-json\/wp\/v2\/categories?post=263123"},{"taxonomy":"post_tag","embeddable":true,"href":"https:\/\/noticiaempauta.com\/portal\/wp-json\/wp\/v2\/tags?post=263123"}],"curies":[{"name":"wp","href":"https:\/\/api.w.org\/{rel}","templated":true}]}}