{"id":263140,"date":"2024-10-17T10:46:14","date_gmt":"2024-10-17T13:46:14","guid":{"rendered":"https:\/\/noticiaempauta.com\/portal\/?p=263140"},"modified":"2024-10-17T11:05:25","modified_gmt":"2024-10-17T14:05:25","slug":"itainopolis-reeleito-vereador-nicael-lima-agradece-votacao-e-reforca-compromisso-de-trabalho-pelo-municipio","status":"publish","type":"post","link":"https:\/\/noticiaempauta.com\/portal\/itainopolis-reeleito-vereador-nicael-lima-agradece-votacao-e-reforca-compromisso-de-trabalho-pelo-municipio\/","title":{"rendered":"Itain\u00f3polis | Reeleito vereador, Nicael Lima agradece vota\u00e7\u00e3o e refor\u00e7a compromisso de trabalho pelo munic\u00edpio"},"content":{"rendered":"\n<p>O vereador Nicael Nicael (MDB), reeleito nas elei\u00e7\u00f5es municipais de 6 de outubro de 2024, utilizou a tribuna da C\u00e2mara Municipal de Itain\u00f3polis na \u00faltima sess\u00e3o realizada, dia 10 de outubro, para agradecer e expressar sua gratid\u00e3o aos eleitores que o conduziram ao segundo mandato para o legislativo municipal. Nicael, que obteve 291 votos, fez quest\u00e3o de reconhecer o apoio da popula\u00e7\u00e3o e reafirmar seu compromisso com o munic\u00edpio.<\/p>\n\n\n\n<figure class=\"wp-block-image size-full\"><img fetchpriority=\"high\" decoding=\"async\" width=\"926\" height=\"709\" src=\"https:\/\/noticiaempauta.com\/portal\/wp-content\/uploads\/2024\/10\/WhatsApp-Image-2024-10-17-at-10.16.37.jpeg\" alt=\"\" class=\"wp-image-263141\" srcset=\"https:\/\/noticiaempauta.com\/portal\/wp-content\/uploads\/2024\/10\/WhatsApp-Image-2024-10-17-at-10.16.37.jpeg 926w, https:\/\/noticiaempauta.com\/portal\/wp-content\/uploads\/2024\/10\/WhatsApp-Image-2024-10-17-at-10.16.37-300x230.jpeg 300w, https:\/\/noticiaempauta.com\/portal\/wp-content\/uploads\/2024\/10\/WhatsApp-Image-2024-10-17-at-10.16.37-768x588.jpeg 768w\" sizes=\"(max-width: 926px) 100vw, 926px\" \/><\/figure>\n\n\n\n<p>\u201cMesmo sem estrutura de deputados, de governo ou de prefeitura, conseguimos fazer uma campanha limpa e honesta, sou grato \u00e0s pessoas livres que confiaram em mim e levaram at\u00e9 a urna essa confian\u00e7a no meu trabalho, sigo por amor a Itain\u00f3polis quero fazer muito pela nossa cidade e pelo nosso povo. Continuarei sendo a voz dos que se sentirem representados por mim sendo a voz do povo livre de Itain\u00f3polis\u201d disse.<\/p>\n\n\n\n<figure class=\"wp-block-image size-large\"><img decoding=\"async\" width=\"887\" height=\"1024\" src=\"https:\/\/noticiaempauta.com\/portal\/wp-content\/uploads\/2024\/10\/WhatsApp-Image-2024-10-17-at-10.43.56-887x1024.jpeg\" alt=\"\" class=\"wp-image-263142\" srcset=\"https:\/\/noticiaempauta.com\/portal\/wp-content\/uploads\/2024\/10\/WhatsApp-Image-2024-10-17-at-10.43.56-887x1024.jpeg 887w, https:\/\/noticiaempauta.com\/portal\/wp-content\/uploads\/2024\/10\/WhatsApp-Image-2024-10-17-at-10.43.56-260x300.jpeg 260w, https:\/\/noticiaempauta.com\/portal\/wp-content\/uploads\/2024\/10\/WhatsApp-Image-2024-10-17-at-10.43.56-768x887.jpeg 768w, https:\/\/noticiaempauta.com\/portal\/wp-content\/uploads\/2024\/10\/WhatsApp-Image-2024-10-17-at-10.43.56.jpeg 1170w\" sizes=\"(max-width: 887px) 100vw, 887px\" \/><\/figure>\n\n\n\n<p>Nicael Lima tem 31 anos de idade, al\u00e9m de vereador, tamb\u00e9m \u00e9 professor da rede estadual de ensino no munic\u00edpio, candidato nas elei\u00e7\u00f5es de 2024 pelo grupo oposicionista foi reeleito para seu segundo mandato em uma elei\u00e7\u00e3o bastante acirrada, sendo vitorioso com 291 votos, o correspondente a 3,62% dos votos v\u00e1lidos.<\/p>\n","protected":false},"excerpt":{"rendered":"<p>O vereador Nicael Nicael (MDB), reeleito nas elei\u00e7\u00f5es municipais de 6 de outubro de 2024, utilizou a tribuna da C\u00e2mara Municipal de Itain\u00f3polis na \u00faltima sess\u00e3o realizada, dia 10 de outubro, para agradecer e expressar sua gratid\u00e3o aos eleitores que o conduziram ao segundo mandato para o legislativo municipal. Nicael, que obteve 291 votos, fez [&hellip;]<\/p>\n","protected":false},"author":2,"featured_media":263141,"comment_status":"open","ping_status":"open","sticky":false,"template":"","format":"standard","meta":{"_mi_skip_tracking":false,"footnotes":""},"categories":[25,9,3,16],"tags":[],"class_list":["post-263140","post","type-post","status-publish","format-standard","has-post-thumbnail","hentry","category-destaques-site","category-municipios","category-politica","category-todas"],"acf":[],"yoast_head":"<!-- This site is optimized with the Yoast SEO Premium plugin v19.2 (Yoast SEO v26.9) - https:\/\/yoast.com\/product\/yoast-seo-premium-wordpress\/ -->\n<title>Itain\u00f3polis | Reeleito vereador, Nicael Lima agradece vota\u00e7\u00e3o e refor\u00e7a compromisso de trabalho pelo munic\u00edpio - Portal Not\u00edcia em Pauta<\/title>\n<meta name=\"robots\" content=\"index, follow, max-snippet:-1, max-image-preview:large, max-video-preview:-1\" \/>\n<link rel=\"canonical\" href=\"https:\/\/noticiaempauta.com\/portal\/itainopolis-reeleito-vereador-nicael-lima-agradece-votacao-e-reforca-compromisso-de-trabalho-pelo-municipio\/\" \/>\n<meta property=\"og:locale\" content=\"pt_BR\" \/>\n<meta property=\"og:type\" content=\"article\" \/>\n<meta property=\"og:title\" content=\"Itain\u00f3polis | Reeleito vereador, Nicael Lima agradece vota\u00e7\u00e3o e refor\u00e7a compromisso de trabalho pelo munic\u00edpio\" \/>\n<meta property=\"og:description\" content=\"O vereador Nicael Nicael (MDB), reeleito nas elei\u00e7\u00f5es municipais de 6 de outubro de 2024, utilizou a tribuna da C\u00e2mara Municipal de Itain\u00f3polis na \u00faltima sess\u00e3o realizada, dia 10 de outubro, para agradecer e expressar sua gratid\u00e3o aos eleitores que o conduziram ao segundo mandato para o legislativo municipal. Nicael, que obteve 291 votos, fez [&hellip;]\" \/>\n<meta property=\"og:url\" content=\"https:\/\/noticiaempauta.com\/portal\/itainopolis-reeleito-vereador-nicael-lima-agradece-votacao-e-reforca-compromisso-de-trabalho-pelo-municipio\/\" \/>\n<meta property=\"og:site_name\" content=\"Portal Not\u00edcia em Pauta\" \/>\n<meta property=\"article:publisher\" content=\"https:\/\/www.facebook.com\/Portal-Notcia-Em-Pauta-102292869264820\/\" \/>\n<meta property=\"article:published_time\" content=\"2024-10-17T13:46:14+00:00\" \/>\n<meta property=\"article:modified_time\" content=\"2024-10-17T14:05:25+00:00\" \/>\n<meta property=\"og:image\" content=\"https:\/\/noticiaempauta.com\/portal\/wp-content\/uploads\/2024\/10\/WhatsApp-Image-2024-10-17-at-10.16.37.jpeg\" \/>\n\t<meta property=\"og:image:width\" content=\"926\" \/>\n\t<meta property=\"og:image:height\" content=\"709\" \/>\n\t<meta property=\"og:image:type\" content=\"image\/jpeg\" \/>\n<meta name=\"author\" content=\"Reda\u00e7\u00e3o\" \/>\n<meta name=\"twitter:card\" content=\"summary_large_image\" \/>\n<meta name=\"twitter:label1\" content=\"Escrito por\" \/>\n\t<meta name=\"twitter:data1\" content=\"Reda\u00e7\u00e3o\" \/>\n\t<meta name=\"twitter:label2\" content=\"Est. tempo de leitura\" \/>\n\t<meta name=\"twitter:data2\" content=\"2 minutos\" \/>\n<script type=\"application\/ld+json\" class=\"yoast-schema-graph\">{\"@context\":\"https:\/\/schema.org\",\"@graph\":[{\"@type\":\"Article\",\"@id\":\"https:\/\/noticiaempauta.com\/portal\/itainopolis-reeleito-vereador-nicael-lima-agradece-votacao-e-reforca-compromisso-de-trabalho-pelo-municipio\/#article\",\"isPartOf\":{\"@id\":\"https:\/\/noticiaempauta.com\/portal\/itainopolis-reeleito-vereador-nicael-lima-agradece-votacao-e-reforca-compromisso-de-trabalho-pelo-municipio\/\"},\"author\":{\"name\":\"Reda\u00e7\u00e3o\",\"@id\":\"https:\/\/noticiaempauta.com\/portal\/#\/schema\/person\/a74af43dd1ab3deca45f988c717d57ac\"},\"headline\":\"Itain\u00f3polis | Reeleito vereador, Nicael Lima agradece vota\u00e7\u00e3o e refor\u00e7a compromisso de trabalho pelo munic\u00edpio\",\"datePublished\":\"2024-10-17T13:46:14+00:00\",\"dateModified\":\"2024-10-17T14:05:25+00:00\",\"mainEntityOfPage\":{\"@id\":\"https:\/\/noticiaempauta.com\/portal\/itainopolis-reeleito-vereador-nicael-lima-agradece-votacao-e-reforca-compromisso-de-trabalho-pelo-municipio\/\"},\"wordCount\":217,\"commentCount\":0,\"publisher\":{\"@id\":\"https:\/\/noticiaempauta.com\/portal\/#organization\"},\"image\":{\"@id\":\"https:\/\/noticiaempauta.com\/portal\/itainopolis-reeleito-vereador-nicael-lima-agradece-votacao-e-reforca-compromisso-de-trabalho-pelo-municipio\/#primaryimage\"},\"thumbnailUrl\":\"https:\/\/noticiaempauta.com\/portal\/wp-content\/uploads\/2024\/10\/WhatsApp-Image-2024-10-17-at-10.16.37.jpeg\",\"articleSection\":[\"Destaques\",\"Munic\u00edpios\",\"Pol\u00edtica\",\"Todas as Not\u00edcias\"],\"inLanguage\":\"pt-BR\",\"potentialAction\":[{\"@type\":\"CommentAction\",\"name\":\"Comment\",\"target\":[\"https:\/\/noticiaempauta.com\/portal\/itainopolis-reeleito-vereador-nicael-lima-agradece-votacao-e-reforca-compromisso-de-trabalho-pelo-municipio\/#respond\"]}]},{\"@type\":\"WebPage\",\"@id\":\"https:\/\/noticiaempauta.com\/portal\/itainopolis-reeleito-vereador-nicael-lima-agradece-votacao-e-reforca-compromisso-de-trabalho-pelo-municipio\/\",\"url\":\"https:\/\/noticiaempauta.com\/portal\/itainopolis-reeleito-vereador-nicael-lima-agradece-votacao-e-reforca-compromisso-de-trabalho-pelo-municipio\/\",\"name\":\"Itain\u00f3polis | Reeleito vereador, Nicael Lima agradece vota\u00e7\u00e3o e refor\u00e7a compromisso de trabalho pelo munic\u00edpio - Portal Not\u00edcia em Pauta\",\"isPartOf\":{\"@id\":\"https:\/\/noticiaempauta.com\/portal\/#website\"},\"primaryImageOfPage\":{\"@id\":\"https:\/\/noticiaempauta.com\/portal\/itainopolis-reeleito-vereador-nicael-lima-agradece-votacao-e-reforca-compromisso-de-trabalho-pelo-municipio\/#primaryimage\"},\"image\":{\"@id\":\"https:\/\/noticiaempauta.com\/portal\/itainopolis-reeleito-vereador-nicael-lima-agradece-votacao-e-reforca-compromisso-de-trabalho-pelo-municipio\/#primaryimage\"},\"thumbnailUrl\":\"https:\/\/noticiaempauta.com\/portal\/wp-content\/uploads\/2024\/10\/WhatsApp-Image-2024-10-17-at-10.16.37.jpeg\",\"datePublished\":\"2024-10-17T13:46:14+00:00\",\"dateModified\":\"2024-10-17T14:05:25+00:00\",\"breadcrumb\":{\"@id\":\"https:\/\/noticiaempauta.com\/portal\/itainopolis-reeleito-vereador-nicael-lima-agradece-votacao-e-reforca-compromisso-de-trabalho-pelo-municipio\/#breadcrumb\"},\"inLanguage\":\"pt-BR\",\"potentialAction\":[{\"@type\":\"ReadAction\",\"target\":[\"https:\/\/noticiaempauta.com\/portal\/itainopolis-reeleito-vereador-nicael-lima-agradece-votacao-e-reforca-compromisso-de-trabalho-pelo-municipio\/\"]}]},{\"@type\":\"ImageObject\",\"inLanguage\":\"pt-BR\",\"@id\":\"https:\/\/noticiaempauta.com\/portal\/itainopolis-reeleito-vereador-nicael-lima-agradece-votacao-e-reforca-compromisso-de-trabalho-pelo-municipio\/#primaryimage\",\"url\":\"https:\/\/noticiaempauta.com\/portal\/wp-content\/uploads\/2024\/10\/WhatsApp-Image-2024-10-17-at-10.16.37.jpeg\",\"contentUrl\":\"https:\/\/noticiaempauta.com\/portal\/wp-content\/uploads\/2024\/10\/WhatsApp-Image-2024-10-17-at-10.16.37.jpeg\",\"width\":926,\"height\":709},{\"@type\":\"BreadcrumbList\",\"@id\":\"https:\/\/noticiaempauta.com\/portal\/itainopolis-reeleito-vereador-nicael-lima-agradece-votacao-e-reforca-compromisso-de-trabalho-pelo-municipio\/#breadcrumb\",\"itemListElement\":[{\"@type\":\"ListItem\",\"position\":1,\"name\":\"P\u00e1gina Inicial\",\"item\":\"https:\/\/noticiaempauta.com\/portal\/\"},{\"@type\":\"ListItem\",\"position\":2,\"name\":\"Destaques\",\"item\":\"https:\/\/noticiaempauta.com\/portal\/destaques-site\/\"},{\"@type\":\"ListItem\",\"position\":3,\"name\":\"Itain\u00f3polis | Reeleito vereador, Nicael Lima agradece vota\u00e7\u00e3o e refor\u00e7a compromisso de trabalho pelo munic\u00edpio\"}]},{\"@type\":\"WebSite\",\"@id\":\"https:\/\/noticiaempauta.com\/portal\/#website\",\"url\":\"https:\/\/noticiaempauta.com\/portal\/\",\"name\":\"Portal Not\u00edcia em Pauta\",\"description\":\"Voc\u00ea bem informado\",\"publisher\":{\"@id\":\"https:\/\/noticiaempauta.com\/portal\/#organization\"},\"potentialAction\":[{\"@type\":\"SearchAction\",\"target\":{\"@type\":\"EntryPoint\",\"urlTemplate\":\"https:\/\/noticiaempauta.com\/portal\/?s={search_term_string}\"},\"query-input\":{\"@type\":\"PropertyValueSpecification\",\"valueRequired\":true,\"valueName\":\"search_term_string\"}}],\"inLanguage\":\"pt-BR\"},{\"@type\":\"Organization\",\"@id\":\"https:\/\/noticiaempauta.com\/portal\/#organization\",\"name\":\"Portal Not\u00edcia em Pauta\",\"url\":\"https:\/\/noticiaempauta.com\/portal\/\",\"logo\":{\"@type\":\"ImageObject\",\"inLanguage\":\"pt-BR\",\"@id\":\"https:\/\/noticiaempauta.com\/portal\/#\/schema\/logo\/image\/\",\"url\":\"https:\/\/noticiaempauta.com\/portal\/wp-content\/uploads\/2022\/08\/logomarca_tema.fw_.png\",\"contentUrl\":\"https:\/\/noticiaempauta.com\/portal\/wp-content\/uploads\/2022\/08\/logomarca_tema.fw_.png\",\"width\":400,\"height\":232,\"caption\":\"Portal Not\u00edcia em Pauta\"},\"image\":{\"@id\":\"https:\/\/noticiaempauta.com\/portal\/#\/schema\/logo\/image\/\"},\"sameAs\":[\"https:\/\/www.facebook.com\/Portal-Notcia-Em-Pauta-102292869264820\/\",\"https:\/\/www.instagram.com\/portalnoticiaempauta\/\"]},{\"@type\":\"Person\",\"@id\":\"https:\/\/noticiaempauta.com\/portal\/#\/schema\/person\/a74af43dd1ab3deca45f988c717d57ac\",\"name\":\"Reda\u00e7\u00e3o\",\"image\":{\"@type\":\"ImageObject\",\"inLanguage\":\"pt-BR\",\"@id\":\"https:\/\/noticiaempauta.com\/portal\/#\/schema\/person\/image\/\",\"url\":\"https:\/\/secure.gravatar.com\/avatar\/03179346ecce6cdfc13361603e8f54242a90e5cde8618fa23c5c00aa2b0aadf3?s=96&d=mm&r=g\",\"contentUrl\":\"https:\/\/secure.gravatar.com\/avatar\/03179346ecce6cdfc13361603e8f54242a90e5cde8618fa23c5c00aa2b0aadf3?s=96&d=mm&r=g\",\"caption\":\"Reda\u00e7\u00e3o\"},\"sameAs\":[\"https:\/\/noticiaempauta.com\/portal\/\"],\"url\":\"https:\/\/noticiaempauta.com\/portal\/author\/fernando\/\"}]}<\/script>\n<!-- \/ Yoast SEO Premium plugin. -->","yoast_head_json":{"title":"Itain\u00f3polis | Reeleito vereador, Nicael Lima agradece vota\u00e7\u00e3o e refor\u00e7a compromisso de trabalho pelo munic\u00edpio - Portal Not\u00edcia em Pauta","robots":{"index":"index","follow":"follow","max-snippet":"max-snippet:-1","max-image-preview":"max-image-preview:large","max-video-preview":"max-video-preview:-1"},"canonical":"https:\/\/noticiaempauta.com\/portal\/itainopolis-reeleito-vereador-nicael-lima-agradece-votacao-e-reforca-compromisso-de-trabalho-pelo-municipio\/","og_locale":"pt_BR","og_type":"article","og_title":"Itain\u00f3polis | Reeleito vereador, Nicael Lima agradece vota\u00e7\u00e3o e refor\u00e7a compromisso de trabalho pelo munic\u00edpio","og_description":"O vereador Nicael Nicael (MDB), reeleito nas elei\u00e7\u00f5es municipais de 6 de outubro de 2024, utilizou a tribuna da C\u00e2mara Municipal de Itain\u00f3polis na \u00faltima sess\u00e3o realizada, dia 10 de outubro, para agradecer e expressar sua gratid\u00e3o aos eleitores que o conduziram ao segundo mandato para o legislativo municipal. Nicael, que obteve 291 votos, fez [&hellip;]","og_url":"https:\/\/noticiaempauta.com\/portal\/itainopolis-reeleito-vereador-nicael-lima-agradece-votacao-e-reforca-compromisso-de-trabalho-pelo-municipio\/","og_site_name":"Portal Not\u00edcia em Pauta","article_publisher":"https:\/\/www.facebook.com\/Portal-Notcia-Em-Pauta-102292869264820\/","article_published_time":"2024-10-17T13:46:14+00:00","article_modified_time":"2024-10-17T14:05:25+00:00","og_image":[{"width":926,"height":709,"url":"https:\/\/noticiaempauta.com\/portal\/wp-content\/uploads\/2024\/10\/WhatsApp-Image-2024-10-17-at-10.16.37.jpeg","type":"image\/jpeg"}],"author":"Reda\u00e7\u00e3o","twitter_card":"summary_large_image","twitter_misc":{"Escrito por":"Reda\u00e7\u00e3o","Est. tempo de leitura":"2 minutos"},"schema":{"@context":"https:\/\/schema.org","@graph":[{"@type":"Article","@id":"https:\/\/noticiaempauta.com\/portal\/itainopolis-reeleito-vereador-nicael-lima-agradece-votacao-e-reforca-compromisso-de-trabalho-pelo-municipio\/#article","isPartOf":{"@id":"https:\/\/noticiaempauta.com\/portal\/itainopolis-reeleito-vereador-nicael-lima-agradece-votacao-e-reforca-compromisso-de-trabalho-pelo-municipio\/"},"author":{"name":"Reda\u00e7\u00e3o","@id":"https:\/\/noticiaempauta.com\/portal\/#\/schema\/person\/a74af43dd1ab3deca45f988c717d57ac"},"headline":"Itain\u00f3polis | Reeleito vereador, Nicael Lima agradece vota\u00e7\u00e3o e refor\u00e7a compromisso de trabalho pelo munic\u00edpio","datePublished":"2024-10-17T13:46:14+00:00","dateModified":"2024-10-17T14:05:25+00:00","mainEntityOfPage":{"@id":"https:\/\/noticiaempauta.com\/portal\/itainopolis-reeleito-vereador-nicael-lima-agradece-votacao-e-reforca-compromisso-de-trabalho-pelo-municipio\/"},"wordCount":217,"commentCount":0,"publisher":{"@id":"https:\/\/noticiaempauta.com\/portal\/#organization"},"image":{"@id":"https:\/\/noticiaempauta.com\/portal\/itainopolis-reeleito-vereador-nicael-lima-agradece-votacao-e-reforca-compromisso-de-trabalho-pelo-municipio\/#primaryimage"},"thumbnailUrl":"https:\/\/noticiaempauta.com\/portal\/wp-content\/uploads\/2024\/10\/WhatsApp-Image-2024-10-17-at-10.16.37.jpeg","articleSection":["Destaques","Munic\u00edpios","Pol\u00edtica","Todas as Not\u00edcias"],"inLanguage":"pt-BR","potentialAction":[{"@type":"CommentAction","name":"Comment","target":["https:\/\/noticiaempauta.com\/portal\/itainopolis-reeleito-vereador-nicael-lima-agradece-votacao-e-reforca-compromisso-de-trabalho-pelo-municipio\/#respond"]}]},{"@type":"WebPage","@id":"https:\/\/noticiaempauta.com\/portal\/itainopolis-reeleito-vereador-nicael-lima-agradece-votacao-e-reforca-compromisso-de-trabalho-pelo-municipio\/","url":"https:\/\/noticiaempauta.com\/portal\/itainopolis-reeleito-vereador-nicael-lima-agradece-votacao-e-reforca-compromisso-de-trabalho-pelo-municipio\/","name":"Itain\u00f3polis | Reeleito vereador, Nicael Lima agradece vota\u00e7\u00e3o e refor\u00e7a compromisso de trabalho pelo munic\u00edpio - Portal Not\u00edcia em Pauta","isPartOf":{"@id":"https:\/\/noticiaempauta.com\/portal\/#website"},"primaryImageOfPage":{"@id":"https:\/\/noticiaempauta.com\/portal\/itainopolis-reeleito-vereador-nicael-lima-agradece-votacao-e-reforca-compromisso-de-trabalho-pelo-municipio\/#primaryimage"},"image":{"@id":"https:\/\/noticiaempauta.com\/portal\/itainopolis-reeleito-vereador-nicael-lima-agradece-votacao-e-reforca-compromisso-de-trabalho-pelo-municipio\/#primaryimage"},"thumbnailUrl":"https:\/\/noticiaempauta.com\/portal\/wp-content\/uploads\/2024\/10\/WhatsApp-Image-2024-10-17-at-10.16.37.jpeg","datePublished":"2024-10-17T13:46:14+00:00","dateModified":"2024-10-17T14:05:25+00:00","breadcrumb":{"@id":"https:\/\/noticiaempauta.com\/portal\/itainopolis-reeleito-vereador-nicael-lima-agradece-votacao-e-reforca-compromisso-de-trabalho-pelo-municipio\/#breadcrumb"},"inLanguage":"pt-BR","potentialAction":[{"@type":"ReadAction","target":["https:\/\/noticiaempauta.com\/portal\/itainopolis-reeleito-vereador-nicael-lima-agradece-votacao-e-reforca-compromisso-de-trabalho-pelo-municipio\/"]}]},{"@type":"ImageObject","inLanguage":"pt-BR","@id":"https:\/\/noticiaempauta.com\/portal\/itainopolis-reeleito-vereador-nicael-lima-agradece-votacao-e-reforca-compromisso-de-trabalho-pelo-municipio\/#primaryimage","url":"https:\/\/noticiaempauta.com\/portal\/wp-content\/uploads\/2024\/10\/WhatsApp-Image-2024-10-17-at-10.16.37.jpeg","contentUrl":"https:\/\/noticiaempauta.com\/portal\/wp-content\/uploads\/2024\/10\/WhatsApp-Image-2024-10-17-at-10.16.37.jpeg","width":926,"height":709},{"@type":"BreadcrumbList","@id":"https:\/\/noticiaempauta.com\/portal\/itainopolis-reeleito-vereador-nicael-lima-agradece-votacao-e-reforca-compromisso-de-trabalho-pelo-municipio\/#breadcrumb","itemListElement":[{"@type":"ListItem","position":1,"name":"P\u00e1gina Inicial","item":"https:\/\/noticiaempauta.com\/portal\/"},{"@type":"ListItem","position":2,"name":"Destaques","item":"https:\/\/noticiaempauta.com\/portal\/destaques-site\/"},{"@type":"ListItem","position":3,"name":"Itain\u00f3polis | Reeleito vereador, Nicael Lima agradece vota\u00e7\u00e3o e refor\u00e7a compromisso de trabalho pelo munic\u00edpio"}]},{"@type":"WebSite","@id":"https:\/\/noticiaempauta.com\/portal\/#website","url":"https:\/\/noticiaempauta.com\/portal\/","name":"Portal Not\u00edcia em Pauta","description":"Voc\u00ea bem informado","publisher":{"@id":"https:\/\/noticiaempauta.com\/portal\/#organization"},"potentialAction":[{"@type":"SearchAction","target":{"@type":"EntryPoint","urlTemplate":"https:\/\/noticiaempauta.com\/portal\/?s={search_term_string}"},"query-input":{"@type":"PropertyValueSpecification","valueRequired":true,"valueName":"search_term_string"}}],"inLanguage":"pt-BR"},{"@type":"Organization","@id":"https:\/\/noticiaempauta.com\/portal\/#organization","name":"Portal Not\u00edcia em Pauta","url":"https:\/\/noticiaempauta.com\/portal\/","logo":{"@type":"ImageObject","inLanguage":"pt-BR","@id":"https:\/\/noticiaempauta.com\/portal\/#\/schema\/logo\/image\/","url":"https:\/\/noticiaempauta.com\/portal\/wp-content\/uploads\/2022\/08\/logomarca_tema.fw_.png","contentUrl":"https:\/\/noticiaempauta.com\/portal\/wp-content\/uploads\/2022\/08\/logomarca_tema.fw_.png","width":400,"height":232,"caption":"Portal Not\u00edcia em Pauta"},"image":{"@id":"https:\/\/noticiaempauta.com\/portal\/#\/schema\/logo\/image\/"},"sameAs":["https:\/\/www.facebook.com\/Portal-Notcia-Em-Pauta-102292869264820\/","https:\/\/www.instagram.com\/portalnoticiaempauta\/"]},{"@type":"Person","@id":"https:\/\/noticiaempauta.com\/portal\/#\/schema\/person\/a74af43dd1ab3deca45f988c717d57ac","name":"Reda\u00e7\u00e3o","image":{"@type":"ImageObject","inLanguage":"pt-BR","@id":"https:\/\/noticiaempauta.com\/portal\/#\/schema\/person\/image\/","url":"https:\/\/secure.gravatar.com\/avatar\/03179346ecce6cdfc13361603e8f54242a90e5cde8618fa23c5c00aa2b0aadf3?s=96&d=mm&r=g","contentUrl":"https:\/\/secure.gravatar.com\/avatar\/03179346ecce6cdfc13361603e8f54242a90e5cde8618fa23c5c00aa2b0aadf3?s=96&d=mm&r=g","caption":"Reda\u00e7\u00e3o"},"sameAs":["https:\/\/noticiaempauta.com\/portal\/"],"url":"https:\/\/noticiaempauta.com\/portal\/author\/fernando\/"}]}},"_links":{"self":[{"href":"https:\/\/noticiaempauta.com\/portal\/wp-json\/wp\/v2\/posts\/263140","targetHints":{"allow":["GET"]}}],"collection":[{"href":"https:\/\/noticiaempauta.com\/portal\/wp-json\/wp\/v2\/posts"}],"about":[{"href":"https:\/\/noticiaempauta.com\/portal\/wp-json\/wp\/v2\/types\/post"}],"author":[{"embeddable":true,"href":"https:\/\/noticiaempauta.com\/portal\/wp-json\/wp\/v2\/users\/2"}],"replies":[{"embeddable":true,"href":"https:\/\/noticiaempauta.com\/portal\/wp-json\/wp\/v2\/comments?post=263140"}],"version-history":[{"count":2,"href":"https:\/\/noticiaempauta.com\/portal\/wp-json\/wp\/v2\/posts\/263140\/revisions"}],"predecessor-version":[{"id":263144,"href":"https:\/\/noticiaempauta.com\/portal\/wp-json\/wp\/v2\/posts\/263140\/revisions\/263144"}],"wp:featuredmedia":[{"embeddable":true,"href":"https:\/\/noticiaempauta.com\/portal\/wp-json\/wp\/v2\/media\/263141"}],"wp:attachment":[{"href":"https:\/\/noticiaempauta.com\/portal\/wp-json\/wp\/v2\/media?parent=263140"}],"wp:term":[{"taxonomy":"category","embeddable":true,"href":"https:\/\/noticiaempauta.com\/portal\/wp-json\/wp\/v2\/categories?post=263140"},{"taxonomy":"post_tag","embeddable":true,"href":"https:\/\/noticiaempauta.com\/portal\/wp-json\/wp\/v2\/tags?post=263140"}],"curies":[{"name":"wp","href":"https:\/\/api.w.org\/{rel}","templated":true}]}}