{"id":263169,"date":"2024-10-18T10:05:26","date_gmt":"2024-10-18T13:05:26","guid":{"rendered":"https:\/\/noticiaempauta.com\/portal\/?p=263169"},"modified":"2024-10-18T10:05:27","modified_gmt":"2024-10-18T13:05:27","slug":"tce-pi-vai-preparar-equipes-de-transicao-municipal-em-quatro-seminarios-regionais","status":"publish","type":"post","link":"https:\/\/noticiaempauta.com\/portal\/tce-pi-vai-preparar-equipes-de-transicao-municipal-em-quatro-seminarios-regionais\/","title":{"rendered":"TCE-PI vai preparar equipes de transi\u00e7\u00e3o municipal em quatro semin\u00e1rios regionais"},"content":{"rendered":"\n<p>O Tribunal de Contas do Estado do Piau\u00ed (TCE-PI) vai realizar nos dias 22 de outubro a 01 de novembro, o semin\u00e1rio \u201cTransi\u00e7\u00e3o Municipal 2024: Responsabilidades e obriga\u00e7\u00f5es dos gestores\u201d. O evento acontecer\u00e1 no audit\u00f3rio da Corte das Contas, em Teresina, durante toda a manh\u00e3 do dia 22, e ser\u00e1 apresentado tamb\u00e9m em Bom Jesus (dia 24), Parna\u00edba (dia 29) e Picos (dia 01\/11), organizado pela Escola de Gest\u00e3o e Controle Conselheiro Alcides Nunes (EGC).<\/p>\n\n\n\n<figure class=\"wp-block-image size-full\"><img fetchpriority=\"high\" decoding=\"async\" width=\"1000\" height=\"600\" src=\"https:\/\/noticiaempauta.com\/portal\/wp-content\/uploads\/2024\/10\/WhatsApp-Image-2024-10-16-at-11.15.21-1000x600-1.jpeg\" alt=\"\" class=\"wp-image-263170\" srcset=\"https:\/\/noticiaempauta.com\/portal\/wp-content\/uploads\/2024\/10\/WhatsApp-Image-2024-10-16-at-11.15.21-1000x600-1.jpeg 1000w, https:\/\/noticiaempauta.com\/portal\/wp-content\/uploads\/2024\/10\/WhatsApp-Image-2024-10-16-at-11.15.21-1000x600-1-300x180.jpeg 300w, https:\/\/noticiaempauta.com\/portal\/wp-content\/uploads\/2024\/10\/WhatsApp-Image-2024-10-16-at-11.15.21-1000x600-1-768x461.jpeg 768w\" sizes=\"(max-width: 1000px) 100vw, 1000px\" \/><\/figure>\n\n\n\n<p>Para se inscrever, os membros das equipes de transi\u00e7\u00e3o das gest\u00f5es atuais e das pr\u00f3ximas administra\u00e7\u00f5es podem acessar: Teresina (<a href=\"https:\/\/www.tcepi.tc.br\/egc\/inscricao\/?evento=5424\" target=\"_blank\" rel=\"noreferrer noopener\">clique aqui<\/a>), Bom Jesus (<a href=\"https:\/\/www.tcepi.tc.br\/egc\/inscricao\/?evento=5425\" target=\"_blank\" rel=\"noreferrer noopener\">clique aqui<\/a>), Parna\u00edba (<a href=\"https:\/\/www.tcepi.tc.br\/egc\/inscricao\/?evento=5426\" target=\"_blank\" rel=\"noreferrer noopener\">clique aqui<\/a>)&nbsp; e Picos (<a href=\"https:\/\/www.tcepi.tc.br\/egc\/inscricao\/?evento=5427\" target=\"_blank\" rel=\"noreferrer noopener\">clique aqui<\/a>).<\/p>\n\n\n\n<p>O objetivo principal \u00e9 preparar as equipes de transi\u00e7\u00e3o dos munic\u00edpios que comp\u00f5em as macrorregi\u00f5es onde v\u00e3o acontecer para o cumprimento da legisla\u00e7\u00e3o inerente ao final de mandato. Ser\u00e3o dadas orienta\u00e7\u00f5es quanto \u00e0 forma de atua\u00e7\u00e3o e responsabilidades das equipes de transi\u00e7\u00e3o e quanto \u00e0s despesas com pessoal em final de mandato. Tamb\u00e9m ser\u00e3o oferecidas instru\u00e7\u00f5es quanto \u00e0 gest\u00e3o das contrata\u00e7\u00f5es de modo a assegurar a continuidade dos servi\u00e7os p\u00fablico e sobre a import\u00e2ncia do Controle Interno na transi\u00e7\u00e3o e encerramento de mandato.<\/p>\n\n\n\n<p>O presidente do TCE-PI, conselheiro Kennedy Barros, que far\u00e1 a abertura do evento \u00e0s 8h30 do dia 22, explica que o evento tem a miss\u00e3o de fazer cumprir e assegurar as boas pr\u00e1ticas na gest\u00e3o p\u00fablica e alerta para que n\u00e3o sejam cometidas falhas como contrata\u00e7\u00f5es de pessoal que atrapalhem a pr\u00f3xima administra\u00e7\u00e3o e nem efetuados contratos, licita\u00e7\u00f5es e depreda\u00e7\u00e3o do patrim\u00f4nio, sob pena dos respons\u00e1veis responderem c\u00edvel e criminalmente, podendo ter as contas reprovadas e ficarem ineleg\u00edveis.<\/p>\n\n\n\n<p>O conselheiro Kleber Eul\u00e1lio, diretor-geral da EGC, e o conselheiro Jaylson Campelo, al\u00e9m do presidente da APPM (Associa\u00e7\u00e3o Piauiense de Munic\u00edpios) , Antoniel de Sousa Silva, entidade parceira do evento, tamb\u00e9m participam da abertura.<\/p>\n\n\n\n<p>As cinco palestras ser\u00e3o ministradas por t\u00e9cnicos especializados do TCE-PI. A primeira ser\u00e1 \u201cCautelas do Final de Mandato e Responsabilidades da Comiss\u00e3o de Transi\u00e7\u00e3o\u201d, com a auditora de controle externo e Diretora de Fiscaliza\u00e7\u00e3o de Gest\u00e3o e Contas P\u00fablicas, Liana de Castro Melo Campelo. Em seguida, o auditor de controle externo Jos\u00e9 Inaldo de Oliveira e Silva, diretor de Fiscaliza\u00e7\u00e3o de Pessoal e Previd\u00eancia, fala sobre \u201cGovernan\u00e7a e Gest\u00e3o da Despesa de Pessoal na Transi\u00e7\u00e3o dos Gestores Municipais.\u201d O auditor de controle externo Elbert Alvarenga, diretor de Fiscaliza\u00e7\u00e3o de Licita\u00e7\u00f5es e Contratos, e o auditor Ramon Patrese falar\u00e3o sobre \u201dContrata\u00e7\u00f5es P\u00fablicas em Per\u00edodo de Transi\u00e7\u00e3o e a Continuidade dos Servi\u00e7os P\u00fablicos.\u201d<\/p>\n\n\n\n<p>As duas \u00faltimas palestras ser\u00e3o \u201cA import\u00e2ncia do Controle Interno no Encerramento e Transi\u00e7\u00e3o de Mandato: Transpar\u00eancia e Continuidade\u201d, ministrada pelo auditor de controle externo e chefe de gabinete da Controladoria Interna, Francisco das Chagas Braz de Oliveira e \u201cSistema Gestor WEB\u201d, com a auditora de controle externo e diretora de Gest\u00e3o Processual Vimara Coelho Castor de Albuquerque e Rodrigo Santana de Sousa Bezerra, assistente de controle externo da Divis\u00e3o de Servi\u00e7os Processuais.<\/p>\n\n\n\n<p>TCE-PI<\/p>\n","protected":false},"excerpt":{"rendered":"<p>O Tribunal de Contas do Estado do Piau\u00ed (TCE-PI) vai realizar nos dias 22 de outubro a 01 de novembro, o semin\u00e1rio \u201cTransi\u00e7\u00e3o Municipal 2024: Responsabilidades e obriga\u00e7\u00f5es dos gestores\u201d. O evento acontecer\u00e1 no audit\u00f3rio da Corte das Contas, em Teresina, durante toda a manh\u00e3 do dia 22, e ser\u00e1 apresentado tamb\u00e9m em Bom Jesus [&hellip;]<\/p>\n","protected":false},"author":2,"featured_media":263170,"comment_status":"open","ping_status":"open","sticky":false,"template":"","format":"standard","meta":{"_mi_skip_tracking":false,"footnotes":""},"categories":[25,1,9,16],"tags":[192],"class_list":["post-263169","post","type-post","status-publish","format-standard","has-post-thumbnail","hentry","category-destaques-site","category-geral","category-municipios","category-todas","tag-destaqueprincipal"],"acf":[],"yoast_head":"<!-- This site is optimized with the Yoast SEO Premium plugin v19.2 (Yoast SEO v26.9) - https:\/\/yoast.com\/product\/yoast-seo-premium-wordpress\/ -->\n<title>TCE-PI vai preparar equipes de transi\u00e7\u00e3o municipal em quatro semin\u00e1rios regionais - Portal Not\u00edcia em Pauta<\/title>\n<meta name=\"robots\" content=\"index, follow, max-snippet:-1, max-image-preview:large, max-video-preview:-1\" \/>\n<link rel=\"canonical\" href=\"https:\/\/noticiaempauta.com\/portal\/tce-pi-vai-preparar-equipes-de-transicao-municipal-em-quatro-seminarios-regionais\/\" \/>\n<meta property=\"og:locale\" content=\"pt_BR\" \/>\n<meta property=\"og:type\" content=\"article\" \/>\n<meta property=\"og:title\" content=\"TCE-PI vai preparar equipes de transi\u00e7\u00e3o municipal em quatro semin\u00e1rios regionais\" \/>\n<meta property=\"og:description\" content=\"O Tribunal de Contas do Estado do Piau\u00ed (TCE-PI) vai realizar nos dias 22 de outubro a 01 de novembro, o semin\u00e1rio \u201cTransi\u00e7\u00e3o Municipal 2024: Responsabilidades e obriga\u00e7\u00f5es dos gestores\u201d. O evento acontecer\u00e1 no audit\u00f3rio da Corte das Contas, em Teresina, durante toda a manh\u00e3 do dia 22, e ser\u00e1 apresentado tamb\u00e9m em Bom Jesus [&hellip;]\" \/>\n<meta property=\"og:url\" content=\"https:\/\/noticiaempauta.com\/portal\/tce-pi-vai-preparar-equipes-de-transicao-municipal-em-quatro-seminarios-regionais\/\" \/>\n<meta property=\"og:site_name\" content=\"Portal Not\u00edcia em Pauta\" \/>\n<meta property=\"article:publisher\" content=\"https:\/\/www.facebook.com\/Portal-Notcia-Em-Pauta-102292869264820\/\" \/>\n<meta property=\"article:published_time\" content=\"2024-10-18T13:05:26+00:00\" \/>\n<meta property=\"article:modified_time\" content=\"2024-10-18T13:05:27+00:00\" \/>\n<meta property=\"og:image\" content=\"https:\/\/noticiaempauta.com\/portal\/wp-content\/uploads\/2024\/10\/WhatsApp-Image-2024-10-16-at-11.15.21-1000x600-1.jpeg\" \/>\n\t<meta property=\"og:image:width\" content=\"1000\" \/>\n\t<meta property=\"og:image:height\" content=\"600\" \/>\n\t<meta property=\"og:image:type\" content=\"image\/jpeg\" \/>\n<meta name=\"author\" content=\"Reda\u00e7\u00e3o\" \/>\n<meta name=\"twitter:card\" content=\"summary_large_image\" \/>\n<meta name=\"twitter:label1\" content=\"Escrito por\" \/>\n\t<meta name=\"twitter:data1\" content=\"Reda\u00e7\u00e3o\" \/>\n\t<meta name=\"twitter:label2\" content=\"Est. tempo de leitura\" \/>\n\t<meta name=\"twitter:data2\" content=\"4 minutos\" \/>\n<script type=\"application\/ld+json\" class=\"yoast-schema-graph\">{\"@context\":\"https:\/\/schema.org\",\"@graph\":[{\"@type\":\"Article\",\"@id\":\"https:\/\/noticiaempauta.com\/portal\/tce-pi-vai-preparar-equipes-de-transicao-municipal-em-quatro-seminarios-regionais\/#article\",\"isPartOf\":{\"@id\":\"https:\/\/noticiaempauta.com\/portal\/tce-pi-vai-preparar-equipes-de-transicao-municipal-em-quatro-seminarios-regionais\/\"},\"author\":{\"name\":\"Reda\u00e7\u00e3o\",\"@id\":\"https:\/\/noticiaempauta.com\/portal\/#\/schema\/person\/a74af43dd1ab3deca45f988c717d57ac\"},\"headline\":\"TCE-PI vai preparar equipes de transi\u00e7\u00e3o municipal em quatro semin\u00e1rios regionais\",\"datePublished\":\"2024-10-18T13:05:26+00:00\",\"dateModified\":\"2024-10-18T13:05:27+00:00\",\"mainEntityOfPage\":{\"@id\":\"https:\/\/noticiaempauta.com\/portal\/tce-pi-vai-preparar-equipes-de-transicao-municipal-em-quatro-seminarios-regionais\/\"},\"wordCount\":567,\"commentCount\":0,\"publisher\":{\"@id\":\"https:\/\/noticiaempauta.com\/portal\/#organization\"},\"image\":{\"@id\":\"https:\/\/noticiaempauta.com\/portal\/tce-pi-vai-preparar-equipes-de-transicao-municipal-em-quatro-seminarios-regionais\/#primaryimage\"},\"thumbnailUrl\":\"https:\/\/noticiaempauta.com\/portal\/wp-content\/uploads\/2024\/10\/WhatsApp-Image-2024-10-16-at-11.15.21-1000x600-1.jpeg\",\"keywords\":[\"destaqueprincipal\"],\"articleSection\":[\"Destaques\",\"Geral\",\"Munic\u00edpios\",\"Todas as Not\u00edcias\"],\"inLanguage\":\"pt-BR\",\"potentialAction\":[{\"@type\":\"CommentAction\",\"name\":\"Comment\",\"target\":[\"https:\/\/noticiaempauta.com\/portal\/tce-pi-vai-preparar-equipes-de-transicao-municipal-em-quatro-seminarios-regionais\/#respond\"]}]},{\"@type\":\"WebPage\",\"@id\":\"https:\/\/noticiaempauta.com\/portal\/tce-pi-vai-preparar-equipes-de-transicao-municipal-em-quatro-seminarios-regionais\/\",\"url\":\"https:\/\/noticiaempauta.com\/portal\/tce-pi-vai-preparar-equipes-de-transicao-municipal-em-quatro-seminarios-regionais\/\",\"name\":\"TCE-PI vai preparar equipes de transi\u00e7\u00e3o municipal em quatro semin\u00e1rios regionais - Portal Not\u00edcia em Pauta\",\"isPartOf\":{\"@id\":\"https:\/\/noticiaempauta.com\/portal\/#website\"},\"primaryImageOfPage\":{\"@id\":\"https:\/\/noticiaempauta.com\/portal\/tce-pi-vai-preparar-equipes-de-transicao-municipal-em-quatro-seminarios-regionais\/#primaryimage\"},\"image\":{\"@id\":\"https:\/\/noticiaempauta.com\/portal\/tce-pi-vai-preparar-equipes-de-transicao-municipal-em-quatro-seminarios-regionais\/#primaryimage\"},\"thumbnailUrl\":\"https:\/\/noticiaempauta.com\/portal\/wp-content\/uploads\/2024\/10\/WhatsApp-Image-2024-10-16-at-11.15.21-1000x600-1.jpeg\",\"datePublished\":\"2024-10-18T13:05:26+00:00\",\"dateModified\":\"2024-10-18T13:05:27+00:00\",\"breadcrumb\":{\"@id\":\"https:\/\/noticiaempauta.com\/portal\/tce-pi-vai-preparar-equipes-de-transicao-municipal-em-quatro-seminarios-regionais\/#breadcrumb\"},\"inLanguage\":\"pt-BR\",\"potentialAction\":[{\"@type\":\"ReadAction\",\"target\":[\"https:\/\/noticiaempauta.com\/portal\/tce-pi-vai-preparar-equipes-de-transicao-municipal-em-quatro-seminarios-regionais\/\"]}]},{\"@type\":\"ImageObject\",\"inLanguage\":\"pt-BR\",\"@id\":\"https:\/\/noticiaempauta.com\/portal\/tce-pi-vai-preparar-equipes-de-transicao-municipal-em-quatro-seminarios-regionais\/#primaryimage\",\"url\":\"https:\/\/noticiaempauta.com\/portal\/wp-content\/uploads\/2024\/10\/WhatsApp-Image-2024-10-16-at-11.15.21-1000x600-1.jpeg\",\"contentUrl\":\"https:\/\/noticiaempauta.com\/portal\/wp-content\/uploads\/2024\/10\/WhatsApp-Image-2024-10-16-at-11.15.21-1000x600-1.jpeg\",\"width\":1000,\"height\":600},{\"@type\":\"BreadcrumbList\",\"@id\":\"https:\/\/noticiaempauta.com\/portal\/tce-pi-vai-preparar-equipes-de-transicao-municipal-em-quatro-seminarios-regionais\/#breadcrumb\",\"itemListElement\":[{\"@type\":\"ListItem\",\"position\":1,\"name\":\"P\u00e1gina Inicial\",\"item\":\"https:\/\/noticiaempauta.com\/portal\/\"},{\"@type\":\"ListItem\",\"position\":2,\"name\":\"Destaques\",\"item\":\"https:\/\/noticiaempauta.com\/portal\/destaques-site\/\"},{\"@type\":\"ListItem\",\"position\":3,\"name\":\"TCE-PI vai preparar equipes de transi\u00e7\u00e3o municipal em quatro semin\u00e1rios regionais\"}]},{\"@type\":\"WebSite\",\"@id\":\"https:\/\/noticiaempauta.com\/portal\/#website\",\"url\":\"https:\/\/noticiaempauta.com\/portal\/\",\"name\":\"Portal Not\u00edcia em Pauta\",\"description\":\"Voc\u00ea bem informado\",\"publisher\":{\"@id\":\"https:\/\/noticiaempauta.com\/portal\/#organization\"},\"potentialAction\":[{\"@type\":\"SearchAction\",\"target\":{\"@type\":\"EntryPoint\",\"urlTemplate\":\"https:\/\/noticiaempauta.com\/portal\/?s={search_term_string}\"},\"query-input\":{\"@type\":\"PropertyValueSpecification\",\"valueRequired\":true,\"valueName\":\"search_term_string\"}}],\"inLanguage\":\"pt-BR\"},{\"@type\":\"Organization\",\"@id\":\"https:\/\/noticiaempauta.com\/portal\/#organization\",\"name\":\"Portal Not\u00edcia em Pauta\",\"url\":\"https:\/\/noticiaempauta.com\/portal\/\",\"logo\":{\"@type\":\"ImageObject\",\"inLanguage\":\"pt-BR\",\"@id\":\"https:\/\/noticiaempauta.com\/portal\/#\/schema\/logo\/image\/\",\"url\":\"https:\/\/noticiaempauta.com\/portal\/wp-content\/uploads\/2022\/08\/logomarca_tema.fw_.png\",\"contentUrl\":\"https:\/\/noticiaempauta.com\/portal\/wp-content\/uploads\/2022\/08\/logomarca_tema.fw_.png\",\"width\":400,\"height\":232,\"caption\":\"Portal Not\u00edcia em Pauta\"},\"image\":{\"@id\":\"https:\/\/noticiaempauta.com\/portal\/#\/schema\/logo\/image\/\"},\"sameAs\":[\"https:\/\/www.facebook.com\/Portal-Notcia-Em-Pauta-102292869264820\/\",\"https:\/\/www.instagram.com\/portalnoticiaempauta\/\"]},{\"@type\":\"Person\",\"@id\":\"https:\/\/noticiaempauta.com\/portal\/#\/schema\/person\/a74af43dd1ab3deca45f988c717d57ac\",\"name\":\"Reda\u00e7\u00e3o\",\"image\":{\"@type\":\"ImageObject\",\"inLanguage\":\"pt-BR\",\"@id\":\"https:\/\/noticiaempauta.com\/portal\/#\/schema\/person\/image\/\",\"url\":\"https:\/\/secure.gravatar.com\/avatar\/03179346ecce6cdfc13361603e8f54242a90e5cde8618fa23c5c00aa2b0aadf3?s=96&d=mm&r=g\",\"contentUrl\":\"https:\/\/secure.gravatar.com\/avatar\/03179346ecce6cdfc13361603e8f54242a90e5cde8618fa23c5c00aa2b0aadf3?s=96&d=mm&r=g\",\"caption\":\"Reda\u00e7\u00e3o\"},\"sameAs\":[\"https:\/\/noticiaempauta.com\/portal\/\"],\"url\":\"https:\/\/noticiaempauta.com\/portal\/author\/fernando\/\"}]}<\/script>\n<!-- \/ Yoast SEO Premium plugin. -->","yoast_head_json":{"title":"TCE-PI vai preparar equipes de transi\u00e7\u00e3o municipal em quatro semin\u00e1rios regionais - Portal Not\u00edcia em Pauta","robots":{"index":"index","follow":"follow","max-snippet":"max-snippet:-1","max-image-preview":"max-image-preview:large","max-video-preview":"max-video-preview:-1"},"canonical":"https:\/\/noticiaempauta.com\/portal\/tce-pi-vai-preparar-equipes-de-transicao-municipal-em-quatro-seminarios-regionais\/","og_locale":"pt_BR","og_type":"article","og_title":"TCE-PI vai preparar equipes de transi\u00e7\u00e3o municipal em quatro semin\u00e1rios regionais","og_description":"O Tribunal de Contas do Estado do Piau\u00ed (TCE-PI) vai realizar nos dias 22 de outubro a 01 de novembro, o semin\u00e1rio \u201cTransi\u00e7\u00e3o Municipal 2024: Responsabilidades e obriga\u00e7\u00f5es dos gestores\u201d. O evento acontecer\u00e1 no audit\u00f3rio da Corte das Contas, em Teresina, durante toda a manh\u00e3 do dia 22, e ser\u00e1 apresentado tamb\u00e9m em Bom Jesus [&hellip;]","og_url":"https:\/\/noticiaempauta.com\/portal\/tce-pi-vai-preparar-equipes-de-transicao-municipal-em-quatro-seminarios-regionais\/","og_site_name":"Portal Not\u00edcia em Pauta","article_publisher":"https:\/\/www.facebook.com\/Portal-Notcia-Em-Pauta-102292869264820\/","article_published_time":"2024-10-18T13:05:26+00:00","article_modified_time":"2024-10-18T13:05:27+00:00","og_image":[{"width":1000,"height":600,"url":"https:\/\/noticiaempauta.com\/portal\/wp-content\/uploads\/2024\/10\/WhatsApp-Image-2024-10-16-at-11.15.21-1000x600-1.jpeg","type":"image\/jpeg"}],"author":"Reda\u00e7\u00e3o","twitter_card":"summary_large_image","twitter_misc":{"Escrito por":"Reda\u00e7\u00e3o","Est. tempo de leitura":"4 minutos"},"schema":{"@context":"https:\/\/schema.org","@graph":[{"@type":"Article","@id":"https:\/\/noticiaempauta.com\/portal\/tce-pi-vai-preparar-equipes-de-transicao-municipal-em-quatro-seminarios-regionais\/#article","isPartOf":{"@id":"https:\/\/noticiaempauta.com\/portal\/tce-pi-vai-preparar-equipes-de-transicao-municipal-em-quatro-seminarios-regionais\/"},"author":{"name":"Reda\u00e7\u00e3o","@id":"https:\/\/noticiaempauta.com\/portal\/#\/schema\/person\/a74af43dd1ab3deca45f988c717d57ac"},"headline":"TCE-PI vai preparar equipes de transi\u00e7\u00e3o municipal em quatro semin\u00e1rios regionais","datePublished":"2024-10-18T13:05:26+00:00","dateModified":"2024-10-18T13:05:27+00:00","mainEntityOfPage":{"@id":"https:\/\/noticiaempauta.com\/portal\/tce-pi-vai-preparar-equipes-de-transicao-municipal-em-quatro-seminarios-regionais\/"},"wordCount":567,"commentCount":0,"publisher":{"@id":"https:\/\/noticiaempauta.com\/portal\/#organization"},"image":{"@id":"https:\/\/noticiaempauta.com\/portal\/tce-pi-vai-preparar-equipes-de-transicao-municipal-em-quatro-seminarios-regionais\/#primaryimage"},"thumbnailUrl":"https:\/\/noticiaempauta.com\/portal\/wp-content\/uploads\/2024\/10\/WhatsApp-Image-2024-10-16-at-11.15.21-1000x600-1.jpeg","keywords":["destaqueprincipal"],"articleSection":["Destaques","Geral","Munic\u00edpios","Todas as Not\u00edcias"],"inLanguage":"pt-BR","potentialAction":[{"@type":"CommentAction","name":"Comment","target":["https:\/\/noticiaempauta.com\/portal\/tce-pi-vai-preparar-equipes-de-transicao-municipal-em-quatro-seminarios-regionais\/#respond"]}]},{"@type":"WebPage","@id":"https:\/\/noticiaempauta.com\/portal\/tce-pi-vai-preparar-equipes-de-transicao-municipal-em-quatro-seminarios-regionais\/","url":"https:\/\/noticiaempauta.com\/portal\/tce-pi-vai-preparar-equipes-de-transicao-municipal-em-quatro-seminarios-regionais\/","name":"TCE-PI vai preparar equipes de transi\u00e7\u00e3o municipal em quatro semin\u00e1rios regionais - Portal Not\u00edcia em Pauta","isPartOf":{"@id":"https:\/\/noticiaempauta.com\/portal\/#website"},"primaryImageOfPage":{"@id":"https:\/\/noticiaempauta.com\/portal\/tce-pi-vai-preparar-equipes-de-transicao-municipal-em-quatro-seminarios-regionais\/#primaryimage"},"image":{"@id":"https:\/\/noticiaempauta.com\/portal\/tce-pi-vai-preparar-equipes-de-transicao-municipal-em-quatro-seminarios-regionais\/#primaryimage"},"thumbnailUrl":"https:\/\/noticiaempauta.com\/portal\/wp-content\/uploads\/2024\/10\/WhatsApp-Image-2024-10-16-at-11.15.21-1000x600-1.jpeg","datePublished":"2024-10-18T13:05:26+00:00","dateModified":"2024-10-18T13:05:27+00:00","breadcrumb":{"@id":"https:\/\/noticiaempauta.com\/portal\/tce-pi-vai-preparar-equipes-de-transicao-municipal-em-quatro-seminarios-regionais\/#breadcrumb"},"inLanguage":"pt-BR","potentialAction":[{"@type":"ReadAction","target":["https:\/\/noticiaempauta.com\/portal\/tce-pi-vai-preparar-equipes-de-transicao-municipal-em-quatro-seminarios-regionais\/"]}]},{"@type":"ImageObject","inLanguage":"pt-BR","@id":"https:\/\/noticiaempauta.com\/portal\/tce-pi-vai-preparar-equipes-de-transicao-municipal-em-quatro-seminarios-regionais\/#primaryimage","url":"https:\/\/noticiaempauta.com\/portal\/wp-content\/uploads\/2024\/10\/WhatsApp-Image-2024-10-16-at-11.15.21-1000x600-1.jpeg","contentUrl":"https:\/\/noticiaempauta.com\/portal\/wp-content\/uploads\/2024\/10\/WhatsApp-Image-2024-10-16-at-11.15.21-1000x600-1.jpeg","width":1000,"height":600},{"@type":"BreadcrumbList","@id":"https:\/\/noticiaempauta.com\/portal\/tce-pi-vai-preparar-equipes-de-transicao-municipal-em-quatro-seminarios-regionais\/#breadcrumb","itemListElement":[{"@type":"ListItem","position":1,"name":"P\u00e1gina Inicial","item":"https:\/\/noticiaempauta.com\/portal\/"},{"@type":"ListItem","position":2,"name":"Destaques","item":"https:\/\/noticiaempauta.com\/portal\/destaques-site\/"},{"@type":"ListItem","position":3,"name":"TCE-PI vai preparar equipes de transi\u00e7\u00e3o municipal em quatro semin\u00e1rios regionais"}]},{"@type":"WebSite","@id":"https:\/\/noticiaempauta.com\/portal\/#website","url":"https:\/\/noticiaempauta.com\/portal\/","name":"Portal Not\u00edcia em Pauta","description":"Voc\u00ea bem informado","publisher":{"@id":"https:\/\/noticiaempauta.com\/portal\/#organization"},"potentialAction":[{"@type":"SearchAction","target":{"@type":"EntryPoint","urlTemplate":"https:\/\/noticiaempauta.com\/portal\/?s={search_term_string}"},"query-input":{"@type":"PropertyValueSpecification","valueRequired":true,"valueName":"search_term_string"}}],"inLanguage":"pt-BR"},{"@type":"Organization","@id":"https:\/\/noticiaempauta.com\/portal\/#organization","name":"Portal Not\u00edcia em Pauta","url":"https:\/\/noticiaempauta.com\/portal\/","logo":{"@type":"ImageObject","inLanguage":"pt-BR","@id":"https:\/\/noticiaempauta.com\/portal\/#\/schema\/logo\/image\/","url":"https:\/\/noticiaempauta.com\/portal\/wp-content\/uploads\/2022\/08\/logomarca_tema.fw_.png","contentUrl":"https:\/\/noticiaempauta.com\/portal\/wp-content\/uploads\/2022\/08\/logomarca_tema.fw_.png","width":400,"height":232,"caption":"Portal Not\u00edcia em Pauta"},"image":{"@id":"https:\/\/noticiaempauta.com\/portal\/#\/schema\/logo\/image\/"},"sameAs":["https:\/\/www.facebook.com\/Portal-Notcia-Em-Pauta-102292869264820\/","https:\/\/www.instagram.com\/portalnoticiaempauta\/"]},{"@type":"Person","@id":"https:\/\/noticiaempauta.com\/portal\/#\/schema\/person\/a74af43dd1ab3deca45f988c717d57ac","name":"Reda\u00e7\u00e3o","image":{"@type":"ImageObject","inLanguage":"pt-BR","@id":"https:\/\/noticiaempauta.com\/portal\/#\/schema\/person\/image\/","url":"https:\/\/secure.gravatar.com\/avatar\/03179346ecce6cdfc13361603e8f54242a90e5cde8618fa23c5c00aa2b0aadf3?s=96&d=mm&r=g","contentUrl":"https:\/\/secure.gravatar.com\/avatar\/03179346ecce6cdfc13361603e8f54242a90e5cde8618fa23c5c00aa2b0aadf3?s=96&d=mm&r=g","caption":"Reda\u00e7\u00e3o"},"sameAs":["https:\/\/noticiaempauta.com\/portal\/"],"url":"https:\/\/noticiaempauta.com\/portal\/author\/fernando\/"}]}},"_links":{"self":[{"href":"https:\/\/noticiaempauta.com\/portal\/wp-json\/wp\/v2\/posts\/263169","targetHints":{"allow":["GET"]}}],"collection":[{"href":"https:\/\/noticiaempauta.com\/portal\/wp-json\/wp\/v2\/posts"}],"about":[{"href":"https:\/\/noticiaempauta.com\/portal\/wp-json\/wp\/v2\/types\/post"}],"author":[{"embeddable":true,"href":"https:\/\/noticiaempauta.com\/portal\/wp-json\/wp\/v2\/users\/2"}],"replies":[{"embeddable":true,"href":"https:\/\/noticiaempauta.com\/portal\/wp-json\/wp\/v2\/comments?post=263169"}],"version-history":[{"count":2,"href":"https:\/\/noticiaempauta.com\/portal\/wp-json\/wp\/v2\/posts\/263169\/revisions"}],"predecessor-version":[{"id":263172,"href":"https:\/\/noticiaempauta.com\/portal\/wp-json\/wp\/v2\/posts\/263169\/revisions\/263172"}],"wp:featuredmedia":[{"embeddable":true,"href":"https:\/\/noticiaempauta.com\/portal\/wp-json\/wp\/v2\/media\/263170"}],"wp:attachment":[{"href":"https:\/\/noticiaempauta.com\/portal\/wp-json\/wp\/v2\/media?parent=263169"}],"wp:term":[{"taxonomy":"category","embeddable":true,"href":"https:\/\/noticiaempauta.com\/portal\/wp-json\/wp\/v2\/categories?post=263169"},{"taxonomy":"post_tag","embeddable":true,"href":"https:\/\/noticiaempauta.com\/portal\/wp-json\/wp\/v2\/tags?post=263169"}],"curies":[{"name":"wp","href":"https:\/\/api.w.org\/{rel}","templated":true}]}}