{"id":263182,"date":"2024-10-18T18:22:37","date_gmt":"2024-10-18T21:22:37","guid":{"rendered":"https:\/\/noticiaempauta.com\/portal\/?p=263182"},"modified":"2024-10-18T18:22:39","modified_gmt":"2024-10-18T21:22:39","slug":"picos-equipe-de-transicao-de-pablo-santos-realiza-primeira-reuniao","status":"publish","type":"post","link":"https:\/\/noticiaempauta.com\/portal\/picos-equipe-de-transicao-de-pablo-santos-realiza-primeira-reuniao\/","title":{"rendered":"Picos | Equipe de transi\u00e7\u00e3o de Pablo Santos realiza primeira reuni\u00e3o"},"content":{"rendered":"\n<p>A equipe de transi\u00e7\u00e3o do prefeito eleito de Picos, Pablo Santos, se reuniu pela primeira vez na manh\u00e3 desta quinta-feira, 17, na sala de reuni\u00f5es da C\u00e2mara de Vereadores de Picos.<\/p>\n\n\n\n<figure class=\"wp-block-image size-large\"><img fetchpriority=\"high\" decoding=\"async\" width=\"1024\" height=\"768\" src=\"https:\/\/noticiaempauta.com\/portal\/wp-content\/uploads\/2024\/10\/IMG_5833-1024x768.jpeg\" alt=\"\" class=\"wp-image-263187\" srcset=\"https:\/\/noticiaempauta.com\/portal\/wp-content\/uploads\/2024\/10\/IMG_5833-1024x768.jpeg 1024w, https:\/\/noticiaempauta.com\/portal\/wp-content\/uploads\/2024\/10\/IMG_5833-300x225.jpeg 300w, https:\/\/noticiaempauta.com\/portal\/wp-content\/uploads\/2024\/10\/IMG_5833-768x576.jpeg 768w, https:\/\/noticiaempauta.com\/portal\/wp-content\/uploads\/2024\/10\/IMG_5833-1536x1152.jpeg 1536w, https:\/\/noticiaempauta.com\/portal\/wp-content\/uploads\/2024\/10\/IMG_5833.jpeg 1600w\" sizes=\"(max-width: 1024px) 100vw, 1024px\" \/><\/figure>\n\n\n\n<p>Na pr\u00f3xima segunda-feira, 21, os trabalhos come\u00e7am junto a equipe da atual gest\u00e3o e v\u00e3o contar com a participa\u00e7\u00e3o do gestor eleito e da vice-prefeita reeleita. A medida visa garantir a continuidade dos servi\u00e7os p\u00fablicos e a boa aplica\u00e7\u00e3o dos recursos municipais.<\/p>\n\n\n\n<figure class=\"wp-block-image size-large\"><img decoding=\"async\" width=\"1024\" height=\"768\" src=\"https:\/\/noticiaempauta.com\/portal\/wp-content\/uploads\/2024\/10\/IMG_5834-1024x768.jpeg\" alt=\"\" class=\"wp-image-263184\" srcset=\"https:\/\/noticiaempauta.com\/portal\/wp-content\/uploads\/2024\/10\/IMG_5834-1024x768.jpeg 1024w, https:\/\/noticiaempauta.com\/portal\/wp-content\/uploads\/2024\/10\/IMG_5834-300x225.jpeg 300w, https:\/\/noticiaempauta.com\/portal\/wp-content\/uploads\/2024\/10\/IMG_5834-768x576.jpeg 768w, https:\/\/noticiaempauta.com\/portal\/wp-content\/uploads\/2024\/10\/IMG_5834-1536x1152.jpeg 1536w, https:\/\/noticiaempauta.com\/portal\/wp-content\/uploads\/2024\/10\/IMG_5834.jpeg 1600w\" sizes=\"(max-width: 1024px) 100vw, 1024px\" \/><\/figure>\n\n\n\n<p>A equipe \u00e9 composta por cerca de 12 pessoas, sendo elas, Xand\u00fa Neri, Maria Oneide Fialho Rocha, Ver\u00f4nica Danda Vasconcelos Santos, Sara Maria de Sousa Carvalho, Pascoal Gomes da Costa Neto, Ant\u00f4nio Jos\u00e9 Francisco, Higo Carlos Meneses de Sousa, Francisco Carm\u00e9lio Bezerra, Francisco Feitosa Ara\u00fajo, Charles Max Pessoa Marques da Rocha, Lucas Oliveira Rufino e Augusto Ces\u00e1r Sousa Braga.<\/p>\n\n\n\n<figure class=\"wp-block-image size-large\"><img decoding=\"async\" width=\"1024\" height=\"768\" src=\"https:\/\/noticiaempauta.com\/portal\/wp-content\/uploads\/2024\/10\/IMG_5836-1024x768.jpeg\" alt=\"\" class=\"wp-image-263183\" srcset=\"https:\/\/noticiaempauta.com\/portal\/wp-content\/uploads\/2024\/10\/IMG_5836-1024x768.jpeg 1024w, https:\/\/noticiaempauta.com\/portal\/wp-content\/uploads\/2024\/10\/IMG_5836-300x225.jpeg 300w, https:\/\/noticiaempauta.com\/portal\/wp-content\/uploads\/2024\/10\/IMG_5836-768x576.jpeg 768w, https:\/\/noticiaempauta.com\/portal\/wp-content\/uploads\/2024\/10\/IMG_5836-1536x1152.jpeg 1536w, https:\/\/noticiaempauta.com\/portal\/wp-content\/uploads\/2024\/10\/IMG_5836.jpeg 1600w\" sizes=\"(max-width: 1024px) 100vw, 1024px\" \/><\/figure>\n\n\n\n<p>O grupo vai ser encarregado de assegurar uma transi\u00e7\u00e3o organizada, mantendo a transpar\u00eancia nas a\u00e7\u00f5es e a regularidade dos servi\u00e7os prestados \u00e0 popula\u00e7\u00e3o. Os trabalhos da equipe seguem at\u00e9 mar\u00e7o do pr\u00f3ximo ano.<\/p>\n\n\n\n<figure class=\"wp-block-image size-large\"><img loading=\"lazy\" decoding=\"async\" width=\"1024\" height=\"768\" src=\"https:\/\/noticiaempauta.com\/portal\/wp-content\/uploads\/2024\/10\/IMG_5835-1024x768.jpeg\" alt=\"\" class=\"wp-image-263185\" srcset=\"https:\/\/noticiaempauta.com\/portal\/wp-content\/uploads\/2024\/10\/IMG_5835-1024x768.jpeg 1024w, https:\/\/noticiaempauta.com\/portal\/wp-content\/uploads\/2024\/10\/IMG_5835-300x225.jpeg 300w, https:\/\/noticiaempauta.com\/portal\/wp-content\/uploads\/2024\/10\/IMG_5835-768x576.jpeg 768w, https:\/\/noticiaempauta.com\/portal\/wp-content\/uploads\/2024\/10\/IMG_5835-1536x1152.jpeg 1536w, https:\/\/noticiaempauta.com\/portal\/wp-content\/uploads\/2024\/10\/IMG_5835.jpeg 1600w\" sizes=\"(max-width: 1024px) 100vw, 1024px\" \/><\/figure>\n\n\n\n<p>Fonte e Fotos: Picos 40 Graus<\/p>\n","protected":false},"excerpt":{"rendered":"<p>A equipe de transi\u00e7\u00e3o do prefeito eleito de Picos, Pablo Santos, se reuniu pela primeira vez na manh\u00e3 desta quinta-feira, 17, na sala de reuni\u00f5es da C\u00e2mara de Vereadores de Picos. Na pr\u00f3xima segunda-feira, 21, os trabalhos come\u00e7am junto a equipe da atual gest\u00e3o e v\u00e3o contar com a participa\u00e7\u00e3o do gestor eleito e da [&hellip;]<\/p>\n","protected":false},"author":2,"featured_media":263183,"comment_status":"open","ping_status":"open","sticky":false,"template":"","format":"standard","meta":{"_mi_skip_tracking":false,"footnotes":""},"categories":[25,1,16],"tags":[],"class_list":["post-263182","post","type-post","status-publish","format-standard","has-post-thumbnail","hentry","category-destaques-site","category-geral","category-todas"],"acf":[],"yoast_head":"<!-- This site is optimized with the Yoast SEO Premium plugin v19.2 (Yoast SEO v26.9) - https:\/\/yoast.com\/product\/yoast-seo-premium-wordpress\/ -->\n<title>Picos | Equipe de transi\u00e7\u00e3o de Pablo Santos realiza primeira reuni\u00e3o - Portal Not\u00edcia em Pauta<\/title>\n<meta name=\"robots\" content=\"index, follow, max-snippet:-1, max-image-preview:large, max-video-preview:-1\" \/>\n<link rel=\"canonical\" href=\"https:\/\/noticiaempauta.com\/portal\/picos-equipe-de-transicao-de-pablo-santos-realiza-primeira-reuniao\/\" \/>\n<meta property=\"og:locale\" content=\"pt_BR\" \/>\n<meta property=\"og:type\" content=\"article\" \/>\n<meta property=\"og:title\" content=\"Picos | Equipe de transi\u00e7\u00e3o de Pablo Santos realiza primeira reuni\u00e3o\" \/>\n<meta property=\"og:description\" content=\"A equipe de transi\u00e7\u00e3o do prefeito eleito de Picos, Pablo Santos, se reuniu pela primeira vez na manh\u00e3 desta quinta-feira, 17, na sala de reuni\u00f5es da C\u00e2mara de Vereadores de Picos. Na pr\u00f3xima segunda-feira, 21, os trabalhos come\u00e7am junto a equipe da atual gest\u00e3o e v\u00e3o contar com a participa\u00e7\u00e3o do gestor eleito e da [&hellip;]\" \/>\n<meta property=\"og:url\" content=\"https:\/\/noticiaempauta.com\/portal\/picos-equipe-de-transicao-de-pablo-santos-realiza-primeira-reuniao\/\" \/>\n<meta property=\"og:site_name\" content=\"Portal Not\u00edcia em Pauta\" \/>\n<meta property=\"article:publisher\" content=\"https:\/\/www.facebook.com\/Portal-Notcia-Em-Pauta-102292869264820\/\" \/>\n<meta property=\"article:published_time\" content=\"2024-10-18T21:22:37+00:00\" \/>\n<meta property=\"article:modified_time\" content=\"2024-10-18T21:22:39+00:00\" \/>\n<meta property=\"og:image\" content=\"https:\/\/noticiaempauta.com\/portal\/wp-content\/uploads\/2024\/10\/IMG_5836.jpeg\" \/>\n\t<meta property=\"og:image:width\" content=\"1600\" \/>\n\t<meta property=\"og:image:height\" content=\"1200\" \/>\n\t<meta property=\"og:image:type\" content=\"image\/jpeg\" \/>\n<meta name=\"author\" content=\"Reda\u00e7\u00e3o\" \/>\n<meta name=\"twitter:card\" content=\"summary_large_image\" \/>\n<meta name=\"twitter:label1\" content=\"Escrito por\" \/>\n\t<meta name=\"twitter:data1\" content=\"Reda\u00e7\u00e3o\" \/>\n\t<meta name=\"twitter:label2\" content=\"Est. tempo de leitura\" \/>\n\t<meta name=\"twitter:data2\" content=\"2 minutos\" \/>\n<script type=\"application\/ld+json\" class=\"yoast-schema-graph\">{\"@context\":\"https:\/\/schema.org\",\"@graph\":[{\"@type\":\"Article\",\"@id\":\"https:\/\/noticiaempauta.com\/portal\/picos-equipe-de-transicao-de-pablo-santos-realiza-primeira-reuniao\/#article\",\"isPartOf\":{\"@id\":\"https:\/\/noticiaempauta.com\/portal\/picos-equipe-de-transicao-de-pablo-santos-realiza-primeira-reuniao\/\"},\"author\":{\"name\":\"Reda\u00e7\u00e3o\",\"@id\":\"https:\/\/noticiaempauta.com\/portal\/#\/schema\/person\/a74af43dd1ab3deca45f988c717d57ac\"},\"headline\":\"Picos | Equipe de transi\u00e7\u00e3o de Pablo Santos realiza primeira reuni\u00e3o\",\"datePublished\":\"2024-10-18T21:22:37+00:00\",\"dateModified\":\"2024-10-18T21:22:39+00:00\",\"mainEntityOfPage\":{\"@id\":\"https:\/\/noticiaempauta.com\/portal\/picos-equipe-de-transicao-de-pablo-santos-realiza-primeira-reuniao\/\"},\"wordCount\":200,\"commentCount\":0,\"publisher\":{\"@id\":\"https:\/\/noticiaempauta.com\/portal\/#organization\"},\"image\":{\"@id\":\"https:\/\/noticiaempauta.com\/portal\/picos-equipe-de-transicao-de-pablo-santos-realiza-primeira-reuniao\/#primaryimage\"},\"thumbnailUrl\":\"https:\/\/noticiaempauta.com\/portal\/wp-content\/uploads\/2024\/10\/IMG_5836.jpeg\",\"articleSection\":[\"Destaques\",\"Geral\",\"Todas as Not\u00edcias\"],\"inLanguage\":\"pt-BR\",\"potentialAction\":[{\"@type\":\"CommentAction\",\"name\":\"Comment\",\"target\":[\"https:\/\/noticiaempauta.com\/portal\/picos-equipe-de-transicao-de-pablo-santos-realiza-primeira-reuniao\/#respond\"]}]},{\"@type\":\"WebPage\",\"@id\":\"https:\/\/noticiaempauta.com\/portal\/picos-equipe-de-transicao-de-pablo-santos-realiza-primeira-reuniao\/\",\"url\":\"https:\/\/noticiaempauta.com\/portal\/picos-equipe-de-transicao-de-pablo-santos-realiza-primeira-reuniao\/\",\"name\":\"Picos | Equipe de transi\u00e7\u00e3o de Pablo Santos realiza primeira reuni\u00e3o - Portal Not\u00edcia em Pauta\",\"isPartOf\":{\"@id\":\"https:\/\/noticiaempauta.com\/portal\/#website\"},\"primaryImageOfPage\":{\"@id\":\"https:\/\/noticiaempauta.com\/portal\/picos-equipe-de-transicao-de-pablo-santos-realiza-primeira-reuniao\/#primaryimage\"},\"image\":{\"@id\":\"https:\/\/noticiaempauta.com\/portal\/picos-equipe-de-transicao-de-pablo-santos-realiza-primeira-reuniao\/#primaryimage\"},\"thumbnailUrl\":\"https:\/\/noticiaempauta.com\/portal\/wp-content\/uploads\/2024\/10\/IMG_5836.jpeg\",\"datePublished\":\"2024-10-18T21:22:37+00:00\",\"dateModified\":\"2024-10-18T21:22:39+00:00\",\"breadcrumb\":{\"@id\":\"https:\/\/noticiaempauta.com\/portal\/picos-equipe-de-transicao-de-pablo-santos-realiza-primeira-reuniao\/#breadcrumb\"},\"inLanguage\":\"pt-BR\",\"potentialAction\":[{\"@type\":\"ReadAction\",\"target\":[\"https:\/\/noticiaempauta.com\/portal\/picos-equipe-de-transicao-de-pablo-santos-realiza-primeira-reuniao\/\"]}]},{\"@type\":\"ImageObject\",\"inLanguage\":\"pt-BR\",\"@id\":\"https:\/\/noticiaempauta.com\/portal\/picos-equipe-de-transicao-de-pablo-santos-realiza-primeira-reuniao\/#primaryimage\",\"url\":\"https:\/\/noticiaempauta.com\/portal\/wp-content\/uploads\/2024\/10\/IMG_5836.jpeg\",\"contentUrl\":\"https:\/\/noticiaempauta.com\/portal\/wp-content\/uploads\/2024\/10\/IMG_5836.jpeg\",\"width\":1600,\"height\":1200},{\"@type\":\"BreadcrumbList\",\"@id\":\"https:\/\/noticiaempauta.com\/portal\/picos-equipe-de-transicao-de-pablo-santos-realiza-primeira-reuniao\/#breadcrumb\",\"itemListElement\":[{\"@type\":\"ListItem\",\"position\":1,\"name\":\"P\u00e1gina Inicial\",\"item\":\"https:\/\/noticiaempauta.com\/portal\/\"},{\"@type\":\"ListItem\",\"position\":2,\"name\":\"Destaques\",\"item\":\"https:\/\/noticiaempauta.com\/portal\/destaques-site\/\"},{\"@type\":\"ListItem\",\"position\":3,\"name\":\"Picos | Equipe de transi\u00e7\u00e3o de Pablo Santos realiza primeira reuni\u00e3o\"}]},{\"@type\":\"WebSite\",\"@id\":\"https:\/\/noticiaempauta.com\/portal\/#website\",\"url\":\"https:\/\/noticiaempauta.com\/portal\/\",\"name\":\"Portal Not\u00edcia em Pauta\",\"description\":\"Voc\u00ea bem informado\",\"publisher\":{\"@id\":\"https:\/\/noticiaempauta.com\/portal\/#organization\"},\"potentialAction\":[{\"@type\":\"SearchAction\",\"target\":{\"@type\":\"EntryPoint\",\"urlTemplate\":\"https:\/\/noticiaempauta.com\/portal\/?s={search_term_string}\"},\"query-input\":{\"@type\":\"PropertyValueSpecification\",\"valueRequired\":true,\"valueName\":\"search_term_string\"}}],\"inLanguage\":\"pt-BR\"},{\"@type\":\"Organization\",\"@id\":\"https:\/\/noticiaempauta.com\/portal\/#organization\",\"name\":\"Portal Not\u00edcia em Pauta\",\"url\":\"https:\/\/noticiaempauta.com\/portal\/\",\"logo\":{\"@type\":\"ImageObject\",\"inLanguage\":\"pt-BR\",\"@id\":\"https:\/\/noticiaempauta.com\/portal\/#\/schema\/logo\/image\/\",\"url\":\"https:\/\/noticiaempauta.com\/portal\/wp-content\/uploads\/2022\/08\/logomarca_tema.fw_.png\",\"contentUrl\":\"https:\/\/noticiaempauta.com\/portal\/wp-content\/uploads\/2022\/08\/logomarca_tema.fw_.png\",\"width\":400,\"height\":232,\"caption\":\"Portal Not\u00edcia em Pauta\"},\"image\":{\"@id\":\"https:\/\/noticiaempauta.com\/portal\/#\/schema\/logo\/image\/\"},\"sameAs\":[\"https:\/\/www.facebook.com\/Portal-Notcia-Em-Pauta-102292869264820\/\",\"https:\/\/www.instagram.com\/portalnoticiaempauta\/\"]},{\"@type\":\"Person\",\"@id\":\"https:\/\/noticiaempauta.com\/portal\/#\/schema\/person\/a74af43dd1ab3deca45f988c717d57ac\",\"name\":\"Reda\u00e7\u00e3o\",\"image\":{\"@type\":\"ImageObject\",\"inLanguage\":\"pt-BR\",\"@id\":\"https:\/\/noticiaempauta.com\/portal\/#\/schema\/person\/image\/\",\"url\":\"https:\/\/secure.gravatar.com\/avatar\/03179346ecce6cdfc13361603e8f54242a90e5cde8618fa23c5c00aa2b0aadf3?s=96&d=mm&r=g\",\"contentUrl\":\"https:\/\/secure.gravatar.com\/avatar\/03179346ecce6cdfc13361603e8f54242a90e5cde8618fa23c5c00aa2b0aadf3?s=96&d=mm&r=g\",\"caption\":\"Reda\u00e7\u00e3o\"},\"sameAs\":[\"https:\/\/noticiaempauta.com\/portal\/\"],\"url\":\"https:\/\/noticiaempauta.com\/portal\/author\/fernando\/\"}]}<\/script>\n<!-- \/ Yoast SEO Premium plugin. -->","yoast_head_json":{"title":"Picos | Equipe de transi\u00e7\u00e3o de Pablo Santos realiza primeira reuni\u00e3o - Portal Not\u00edcia em Pauta","robots":{"index":"index","follow":"follow","max-snippet":"max-snippet:-1","max-image-preview":"max-image-preview:large","max-video-preview":"max-video-preview:-1"},"canonical":"https:\/\/noticiaempauta.com\/portal\/picos-equipe-de-transicao-de-pablo-santos-realiza-primeira-reuniao\/","og_locale":"pt_BR","og_type":"article","og_title":"Picos | Equipe de transi\u00e7\u00e3o de Pablo Santos realiza primeira reuni\u00e3o","og_description":"A equipe de transi\u00e7\u00e3o do prefeito eleito de Picos, Pablo Santos, se reuniu pela primeira vez na manh\u00e3 desta quinta-feira, 17, na sala de reuni\u00f5es da C\u00e2mara de Vereadores de Picos. Na pr\u00f3xima segunda-feira, 21, os trabalhos come\u00e7am junto a equipe da atual gest\u00e3o e v\u00e3o contar com a participa\u00e7\u00e3o do gestor eleito e da [&hellip;]","og_url":"https:\/\/noticiaempauta.com\/portal\/picos-equipe-de-transicao-de-pablo-santos-realiza-primeira-reuniao\/","og_site_name":"Portal Not\u00edcia em Pauta","article_publisher":"https:\/\/www.facebook.com\/Portal-Notcia-Em-Pauta-102292869264820\/","article_published_time":"2024-10-18T21:22:37+00:00","article_modified_time":"2024-10-18T21:22:39+00:00","og_image":[{"width":1600,"height":1200,"url":"https:\/\/noticiaempauta.com\/portal\/wp-content\/uploads\/2024\/10\/IMG_5836.jpeg","type":"image\/jpeg"}],"author":"Reda\u00e7\u00e3o","twitter_card":"summary_large_image","twitter_misc":{"Escrito por":"Reda\u00e7\u00e3o","Est. tempo de leitura":"2 minutos"},"schema":{"@context":"https:\/\/schema.org","@graph":[{"@type":"Article","@id":"https:\/\/noticiaempauta.com\/portal\/picos-equipe-de-transicao-de-pablo-santos-realiza-primeira-reuniao\/#article","isPartOf":{"@id":"https:\/\/noticiaempauta.com\/portal\/picos-equipe-de-transicao-de-pablo-santos-realiza-primeira-reuniao\/"},"author":{"name":"Reda\u00e7\u00e3o","@id":"https:\/\/noticiaempauta.com\/portal\/#\/schema\/person\/a74af43dd1ab3deca45f988c717d57ac"},"headline":"Picos | Equipe de transi\u00e7\u00e3o de Pablo Santos realiza primeira reuni\u00e3o","datePublished":"2024-10-18T21:22:37+00:00","dateModified":"2024-10-18T21:22:39+00:00","mainEntityOfPage":{"@id":"https:\/\/noticiaempauta.com\/portal\/picos-equipe-de-transicao-de-pablo-santos-realiza-primeira-reuniao\/"},"wordCount":200,"commentCount":0,"publisher":{"@id":"https:\/\/noticiaempauta.com\/portal\/#organization"},"image":{"@id":"https:\/\/noticiaempauta.com\/portal\/picos-equipe-de-transicao-de-pablo-santos-realiza-primeira-reuniao\/#primaryimage"},"thumbnailUrl":"https:\/\/noticiaempauta.com\/portal\/wp-content\/uploads\/2024\/10\/IMG_5836.jpeg","articleSection":["Destaques","Geral","Todas as Not\u00edcias"],"inLanguage":"pt-BR","potentialAction":[{"@type":"CommentAction","name":"Comment","target":["https:\/\/noticiaempauta.com\/portal\/picos-equipe-de-transicao-de-pablo-santos-realiza-primeira-reuniao\/#respond"]}]},{"@type":"WebPage","@id":"https:\/\/noticiaempauta.com\/portal\/picos-equipe-de-transicao-de-pablo-santos-realiza-primeira-reuniao\/","url":"https:\/\/noticiaempauta.com\/portal\/picos-equipe-de-transicao-de-pablo-santos-realiza-primeira-reuniao\/","name":"Picos | Equipe de transi\u00e7\u00e3o de Pablo Santos realiza primeira reuni\u00e3o - Portal Not\u00edcia em Pauta","isPartOf":{"@id":"https:\/\/noticiaempauta.com\/portal\/#website"},"primaryImageOfPage":{"@id":"https:\/\/noticiaempauta.com\/portal\/picos-equipe-de-transicao-de-pablo-santos-realiza-primeira-reuniao\/#primaryimage"},"image":{"@id":"https:\/\/noticiaempauta.com\/portal\/picos-equipe-de-transicao-de-pablo-santos-realiza-primeira-reuniao\/#primaryimage"},"thumbnailUrl":"https:\/\/noticiaempauta.com\/portal\/wp-content\/uploads\/2024\/10\/IMG_5836.jpeg","datePublished":"2024-10-18T21:22:37+00:00","dateModified":"2024-10-18T21:22:39+00:00","breadcrumb":{"@id":"https:\/\/noticiaempauta.com\/portal\/picos-equipe-de-transicao-de-pablo-santos-realiza-primeira-reuniao\/#breadcrumb"},"inLanguage":"pt-BR","potentialAction":[{"@type":"ReadAction","target":["https:\/\/noticiaempauta.com\/portal\/picos-equipe-de-transicao-de-pablo-santos-realiza-primeira-reuniao\/"]}]},{"@type":"ImageObject","inLanguage":"pt-BR","@id":"https:\/\/noticiaempauta.com\/portal\/picos-equipe-de-transicao-de-pablo-santos-realiza-primeira-reuniao\/#primaryimage","url":"https:\/\/noticiaempauta.com\/portal\/wp-content\/uploads\/2024\/10\/IMG_5836.jpeg","contentUrl":"https:\/\/noticiaempauta.com\/portal\/wp-content\/uploads\/2024\/10\/IMG_5836.jpeg","width":1600,"height":1200},{"@type":"BreadcrumbList","@id":"https:\/\/noticiaempauta.com\/portal\/picos-equipe-de-transicao-de-pablo-santos-realiza-primeira-reuniao\/#breadcrumb","itemListElement":[{"@type":"ListItem","position":1,"name":"P\u00e1gina Inicial","item":"https:\/\/noticiaempauta.com\/portal\/"},{"@type":"ListItem","position":2,"name":"Destaques","item":"https:\/\/noticiaempauta.com\/portal\/destaques-site\/"},{"@type":"ListItem","position":3,"name":"Picos | Equipe de transi\u00e7\u00e3o de Pablo Santos realiza primeira reuni\u00e3o"}]},{"@type":"WebSite","@id":"https:\/\/noticiaempauta.com\/portal\/#website","url":"https:\/\/noticiaempauta.com\/portal\/","name":"Portal Not\u00edcia em Pauta","description":"Voc\u00ea bem informado","publisher":{"@id":"https:\/\/noticiaempauta.com\/portal\/#organization"},"potentialAction":[{"@type":"SearchAction","target":{"@type":"EntryPoint","urlTemplate":"https:\/\/noticiaempauta.com\/portal\/?s={search_term_string}"},"query-input":{"@type":"PropertyValueSpecification","valueRequired":true,"valueName":"search_term_string"}}],"inLanguage":"pt-BR"},{"@type":"Organization","@id":"https:\/\/noticiaempauta.com\/portal\/#organization","name":"Portal Not\u00edcia em Pauta","url":"https:\/\/noticiaempauta.com\/portal\/","logo":{"@type":"ImageObject","inLanguage":"pt-BR","@id":"https:\/\/noticiaempauta.com\/portal\/#\/schema\/logo\/image\/","url":"https:\/\/noticiaempauta.com\/portal\/wp-content\/uploads\/2022\/08\/logomarca_tema.fw_.png","contentUrl":"https:\/\/noticiaempauta.com\/portal\/wp-content\/uploads\/2022\/08\/logomarca_tema.fw_.png","width":400,"height":232,"caption":"Portal Not\u00edcia em Pauta"},"image":{"@id":"https:\/\/noticiaempauta.com\/portal\/#\/schema\/logo\/image\/"},"sameAs":["https:\/\/www.facebook.com\/Portal-Notcia-Em-Pauta-102292869264820\/","https:\/\/www.instagram.com\/portalnoticiaempauta\/"]},{"@type":"Person","@id":"https:\/\/noticiaempauta.com\/portal\/#\/schema\/person\/a74af43dd1ab3deca45f988c717d57ac","name":"Reda\u00e7\u00e3o","image":{"@type":"ImageObject","inLanguage":"pt-BR","@id":"https:\/\/noticiaempauta.com\/portal\/#\/schema\/person\/image\/","url":"https:\/\/secure.gravatar.com\/avatar\/03179346ecce6cdfc13361603e8f54242a90e5cde8618fa23c5c00aa2b0aadf3?s=96&d=mm&r=g","contentUrl":"https:\/\/secure.gravatar.com\/avatar\/03179346ecce6cdfc13361603e8f54242a90e5cde8618fa23c5c00aa2b0aadf3?s=96&d=mm&r=g","caption":"Reda\u00e7\u00e3o"},"sameAs":["https:\/\/noticiaempauta.com\/portal\/"],"url":"https:\/\/noticiaempauta.com\/portal\/author\/fernando\/"}]}},"_links":{"self":[{"href":"https:\/\/noticiaempauta.com\/portal\/wp-json\/wp\/v2\/posts\/263182","targetHints":{"allow":["GET"]}}],"collection":[{"href":"https:\/\/noticiaempauta.com\/portal\/wp-json\/wp\/v2\/posts"}],"about":[{"href":"https:\/\/noticiaempauta.com\/portal\/wp-json\/wp\/v2\/types\/post"}],"author":[{"embeddable":true,"href":"https:\/\/noticiaempauta.com\/portal\/wp-json\/wp\/v2\/users\/2"}],"replies":[{"embeddable":true,"href":"https:\/\/noticiaempauta.com\/portal\/wp-json\/wp\/v2\/comments?post=263182"}],"version-history":[{"count":2,"href":"https:\/\/noticiaempauta.com\/portal\/wp-json\/wp\/v2\/posts\/263182\/revisions"}],"predecessor-version":[{"id":263189,"href":"https:\/\/noticiaempauta.com\/portal\/wp-json\/wp\/v2\/posts\/263182\/revisions\/263189"}],"wp:featuredmedia":[{"embeddable":true,"href":"https:\/\/noticiaempauta.com\/portal\/wp-json\/wp\/v2\/media\/263183"}],"wp:attachment":[{"href":"https:\/\/noticiaempauta.com\/portal\/wp-json\/wp\/v2\/media?parent=263182"}],"wp:term":[{"taxonomy":"category","embeddable":true,"href":"https:\/\/noticiaempauta.com\/portal\/wp-json\/wp\/v2\/categories?post=263182"},{"taxonomy":"post_tag","embeddable":true,"href":"https:\/\/noticiaempauta.com\/portal\/wp-json\/wp\/v2\/tags?post=263182"}],"curies":[{"name":"wp","href":"https:\/\/api.w.org\/{rel}","templated":true}]}}