{"id":263197,"date":"2024-10-21T09:04:30","date_gmt":"2024-10-21T12:04:30","guid":{"rendered":"https:\/\/noticiaempauta.com\/portal\/?p=263197"},"modified":"2024-10-21T09:04:31","modified_gmt":"2024-10-21T12:04:31","slug":"distribuicao-de-alevinos-beneficia-mais-de-duas-mil-familias-de-agricultores-no-piaui","status":"publish","type":"post","link":"https:\/\/noticiaempauta.com\/portal\/distribuicao-de-alevinos-beneficia-mais-de-duas-mil-familias-de-agricultores-no-piaui\/","title":{"rendered":"Distribui\u00e7\u00e3o de alevinos beneficia mais de duas mil fam\u00edlias de agricultores no Piau\u00ed"},"content":{"rendered":"\n<p>Uma das principais a\u00e7\u00f5es da Secretaria da Agricultura Familiar (SAF) de incentivo \u00e0 piscicultura no Piau\u00ed \u00e9 a distribui\u00e7\u00e3o de alevinos agricultores familiares em todo o estado. Cerca de 2 milh\u00f5es de alevinos ser\u00e3o entregues a partir do m\u00eas de outubro para fam\u00edlias que trabalham com os peixes em tanques e a\u00e7udes nos 224 munic\u00edpios do Piau\u00ed.<\/p>\n\n\n\n<figure class=\"wp-block-image size-full\"><img fetchpriority=\"high\" decoding=\"async\" width=\"1000\" height=\"715\" src=\"https:\/\/noticiaempauta.com\/portal\/wp-content\/uploads\/2024\/10\/large_IMG_0803_88e0fea1dc.jpg\" alt=\"\" class=\"wp-image-263199\" srcset=\"https:\/\/noticiaempauta.com\/portal\/wp-content\/uploads\/2024\/10\/large_IMG_0803_88e0fea1dc.jpg 1000w, https:\/\/noticiaempauta.com\/portal\/wp-content\/uploads\/2024\/10\/large_IMG_0803_88e0fea1dc-300x215.jpg 300w, https:\/\/noticiaempauta.com\/portal\/wp-content\/uploads\/2024\/10\/large_IMG_0803_88e0fea1dc-768x549.jpg 768w\" sizes=\"(max-width: 1000px) 100vw, 1000px\" \/><\/figure>\n\n\n\n<p>Uma das beneficiadas este ano foi a Francisca Santos. Moradora do povoado S\u00e3o Jos\u00e9 dos Lacerda, na zona rural do munic\u00edpio de Miguel Alves, a produtora conta que a produ\u00e7\u00e3o de peixes a partir dos alevinos recebidos tem incrementado na sua renda.&nbsp;<\/p>\n\n\n\n<p>\u201cTemos tanque para colocar os alevinos, e tem os a\u00e7udes que coloca quando ele est\u00e1 maior. A gente tem o produto o ano inteiro, tira a cada seis meses, depois coloca de novo para tirar de novo\u201d, explicou.<\/p>\n\n\n\n<figure class=\"wp-block-image size-full\"><img decoding=\"async\" width=\"1000\" height=\"720\" src=\"https:\/\/noticiaempauta.com\/portal\/wp-content\/uploads\/2024\/10\/large_099_A1969_1_7313d5242c.jpg\" alt=\"\" class=\"wp-image-263198\" srcset=\"https:\/\/noticiaempauta.com\/portal\/wp-content\/uploads\/2024\/10\/large_099_A1969_1_7313d5242c.jpg 1000w, https:\/\/noticiaempauta.com\/portal\/wp-content\/uploads\/2024\/10\/large_099_A1969_1_7313d5242c-300x216.jpg 300w, https:\/\/noticiaempauta.com\/portal\/wp-content\/uploads\/2024\/10\/large_099_A1969_1_7313d5242c-768x553.jpg 768w\" sizes=\"(max-width: 1000px) 100vw, 1000px\" \/><\/figure>\n\n\n\n<p>Assim como a Francisca Santos, muitos produtores que recebem os alevinos tamb\u00e9m vendem para o Estado por meio dos programas de Alimenta\u00e7\u00e3o Saud\u00e1vel (PAS) e de Aquisi\u00e7\u00e3o de Alimentos (PAA). O superintendente de A\u00e7\u00f5es de Apoio \u00e0 Agricultura Familiar da SAF, Cl\u00e9bio Coutinho, conta que cada vez mais beneficiados com os alevinos participam dos programas.<\/p>\n\n\n\n<p>\u201cO Programa de Alimenta\u00e7\u00e3o Saud\u00e1vel (PAS) compra a produ\u00e7\u00e3o da agricultura familiar e n\u00f3s temos casos aqui como, por exemplo, a a\u00e7\u00e3o na Semana Santa de distribui\u00e7\u00e3o de peixe, que a gente est\u00e1 adquirindo peixe de uma entidade da agricultura familiar que recebeu os alevinos, passou pelo per\u00edodo de cria e de recria, e engorda desses alevinos e venderam a partir do PAA ou do PAS para ser distribu\u00eddo para fam\u00edlias vulner\u00e1veis\u201d, explicou.<\/p>\n\n\n\n<figure class=\"wp-block-image size-full\"><img decoding=\"async\" width=\"1000\" height=\"667\" src=\"https:\/\/noticiaempauta.com\/portal\/wp-content\/uploads\/2024\/10\/large_IMG_4297284_67f348a4e3.jpg\" alt=\"\" class=\"wp-image-263200\" srcset=\"https:\/\/noticiaempauta.com\/portal\/wp-content\/uploads\/2024\/10\/large_IMG_4297284_67f348a4e3.jpg 1000w, https:\/\/noticiaempauta.com\/portal\/wp-content\/uploads\/2024\/10\/large_IMG_4297284_67f348a4e3-300x200.jpg 300w, https:\/\/noticiaempauta.com\/portal\/wp-content\/uploads\/2024\/10\/large_IMG_4297284_67f348a4e3-768x512.jpg 768w\" sizes=\"(max-width: 1000px) 100vw, 1000px\" \/><\/figure>\n\n\n\n<p><strong>Unidade de Piscicultura da SAF em Naz\u00e1ria<\/strong><\/p>\n\n\n\n<p>A a\u00e7\u00e3o de distribui\u00e7\u00e3o de alevinos da SAF \u00e9 permanente e tem como base a Unidade de Piscicultura que fica situada na cidade de Naz\u00e1ria. Em 2024, o investimento para a produ\u00e7\u00e3o foi de mais de R$ 206 mil. Na unidade s\u00e3o criados alevinos das esp\u00e9cies tambaqui, tambatinga, patinga, pacu e pirapitinga. A reprodu\u00e7\u00e3o \u00e9 feita em laborat\u00f3rio.&nbsp;<\/p>\n\n\n\n<figure class=\"wp-block-image size-full\"><img loading=\"lazy\" decoding=\"async\" width=\"1000\" height=\"667\" src=\"https:\/\/noticiaempauta.com\/portal\/wp-content\/uploads\/2024\/10\/large_099_A1992_a333e345d4.jpg\" alt=\"\" class=\"wp-image-263201\" srcset=\"https:\/\/noticiaempauta.com\/portal\/wp-content\/uploads\/2024\/10\/large_099_A1992_a333e345d4.jpg 1000w, https:\/\/noticiaempauta.com\/portal\/wp-content\/uploads\/2024\/10\/large_099_A1992_a333e345d4-300x200.jpg 300w, https:\/\/noticiaempauta.com\/portal\/wp-content\/uploads\/2024\/10\/large_099_A1992_a333e345d4-768x512.jpg 768w\" sizes=\"(max-width: 1000px) 100vw, 1000px\" \/><\/figure>\n\n\n\n<p>O ciclo de produ\u00e7\u00e3o inicia em setembro e vai at\u00e9 abril do ano seguinte. Durante esse per\u00edodo, a SAF recebe as demandas e organiza a distribui\u00e7\u00e3o para as entidades que v\u00e3o receber os alevinos. Cerca de 20 mil fam\u00edlias de agricultores s\u00e3o beneficiadas com a a\u00e7\u00e3o.<\/p>\n\n\n\n<figure class=\"wp-block-image size-full\"><img loading=\"lazy\" decoding=\"async\" width=\"1000\" height=\"667\" src=\"https:\/\/noticiaempauta.com\/portal\/wp-content\/uploads\/2024\/10\/large_099_A1971_1_4dd5027547.jpg\" alt=\"\" class=\"wp-image-263202\" srcset=\"https:\/\/noticiaempauta.com\/portal\/wp-content\/uploads\/2024\/10\/large_099_A1971_1_4dd5027547.jpg 1000w, https:\/\/noticiaempauta.com\/portal\/wp-content\/uploads\/2024\/10\/large_099_A1971_1_4dd5027547-300x200.jpg 300w, https:\/\/noticiaempauta.com\/portal\/wp-content\/uploads\/2024\/10\/large_099_A1971_1_4dd5027547-768x512.jpg 768w\" sizes=\"(max-width: 1000px) 100vw, 1000px\" \/><\/figure>\n\n\n\n<p>\u201cEstamos agora iniciando o pr\u00f3ximo per\u00edodo, h\u00e1 uma semana come\u00e7ou o per\u00edodo de reprodu\u00e7\u00e3o, ent\u00e3o n\u00f3s estamos recepcionando<strong>&nbsp;<\/strong>a demanda<strong>&nbsp;<\/strong>organizada na secretaria, onde come\u00e7a o processo de distribui\u00e7\u00e3o\u201d, explicou o superintendente.<\/p>\n\n\n\n<p>A distribui\u00e7\u00e3o de alevinos permite um aumento na renda do agricultor familiar, que tem sua cria\u00e7\u00e3o em tanques ou em a\u00e7udes presentes em todo o Piau\u00ed.<\/p>\n\n\n\n<p>\u201c\u00c9 uma a\u00e7\u00e3o importante porque a gente distribui esses alevinos que v\u00e3o em pequenos mananciais, barreiros, em tanques, escavados ou ent\u00e3o em tanques-redes. Vai possibilitar para essas fam\u00edlias benefici\u00e1rias um incremento na renda\u201d, finalizou.<\/p>\n\n\n\n<p><strong><em>CCOM-PI<\/em><\/strong><\/p>\n","protected":false},"excerpt":{"rendered":"<p>Unidade de Piscicultura da SAF iniciou nesta semana o per\u00edodo reprodutivo e as entregas ocorrer\u00e3o a partir do pr\u00f3ximo m\u00eas.<\/p>\n","protected":false},"author":2,"featured_media":263198,"comment_status":"open","ping_status":"open","sticky":false,"template":"","format":"standard","meta":{"_mi_skip_tracking":false,"footnotes":""},"categories":[25,1,9,16],"tags":[192],"class_list":["post-263197","post","type-post","status-publish","format-standard","has-post-thumbnail","hentry","category-destaques-site","category-geral","category-municipios","category-todas","tag-destaqueprincipal"],"acf":[],"yoast_head":"<!-- This site is optimized with the Yoast SEO Premium plugin v19.2 (Yoast SEO v26.9) - https:\/\/yoast.com\/product\/yoast-seo-premium-wordpress\/ -->\n<title>Distribui\u00e7\u00e3o de alevinos beneficia mais de duas mil fam\u00edlias de agricultores no Piau\u00ed - Portal Not\u00edcia em Pauta<\/title>\n<meta name=\"robots\" content=\"index, follow, max-snippet:-1, max-image-preview:large, max-video-preview:-1\" \/>\n<link rel=\"canonical\" href=\"https:\/\/noticiaempauta.com\/portal\/distribuicao-de-alevinos-beneficia-mais-de-duas-mil-familias-de-agricultores-no-piaui\/\" \/>\n<meta property=\"og:locale\" content=\"pt_BR\" \/>\n<meta property=\"og:type\" content=\"article\" \/>\n<meta property=\"og:title\" content=\"Distribui\u00e7\u00e3o de alevinos beneficia mais de duas mil fam\u00edlias de agricultores no Piau\u00ed\" \/>\n<meta property=\"og:description\" content=\"Unidade de Piscicultura da SAF iniciou nesta semana o per\u00edodo reprodutivo e as entregas ocorrer\u00e3o a partir do pr\u00f3ximo m\u00eas.\" \/>\n<meta property=\"og:url\" content=\"https:\/\/noticiaempauta.com\/portal\/distribuicao-de-alevinos-beneficia-mais-de-duas-mil-familias-de-agricultores-no-piaui\/\" \/>\n<meta property=\"og:site_name\" content=\"Portal Not\u00edcia em Pauta\" \/>\n<meta property=\"article:publisher\" content=\"https:\/\/www.facebook.com\/Portal-Notcia-Em-Pauta-102292869264820\/\" \/>\n<meta property=\"article:published_time\" content=\"2024-10-21T12:04:30+00:00\" \/>\n<meta property=\"article:modified_time\" content=\"2024-10-21T12:04:31+00:00\" \/>\n<meta property=\"og:image\" content=\"https:\/\/noticiaempauta.com\/portal\/wp-content\/uploads\/2024\/10\/large_099_A1969_1_7313d5242c.jpg\" \/>\n\t<meta property=\"og:image:width\" content=\"1000\" \/>\n\t<meta property=\"og:image:height\" content=\"720\" \/>\n\t<meta property=\"og:image:type\" content=\"image\/jpeg\" \/>\n<meta name=\"author\" content=\"Reda\u00e7\u00e3o\" \/>\n<meta name=\"twitter:card\" content=\"summary_large_image\" \/>\n<meta name=\"twitter:label1\" content=\"Escrito por\" \/>\n\t<meta name=\"twitter:data1\" content=\"Reda\u00e7\u00e3o\" \/>\n\t<meta name=\"twitter:label2\" content=\"Est. tempo de leitura\" \/>\n\t<meta name=\"twitter:data2\" content=\"4 minutos\" \/>\n<script type=\"application\/ld+json\" class=\"yoast-schema-graph\">{\"@context\":\"https:\/\/schema.org\",\"@graph\":[{\"@type\":\"Article\",\"@id\":\"https:\/\/noticiaempauta.com\/portal\/distribuicao-de-alevinos-beneficia-mais-de-duas-mil-familias-de-agricultores-no-piaui\/#article\",\"isPartOf\":{\"@id\":\"https:\/\/noticiaempauta.com\/portal\/distribuicao-de-alevinos-beneficia-mais-de-duas-mil-familias-de-agricultores-no-piaui\/\"},\"author\":{\"name\":\"Reda\u00e7\u00e3o\",\"@id\":\"https:\/\/noticiaempauta.com\/portal\/#\/schema\/person\/a74af43dd1ab3deca45f988c717d57ac\"},\"headline\":\"Distribui\u00e7\u00e3o de alevinos beneficia mais de duas mil fam\u00edlias de agricultores no Piau\u00ed\",\"datePublished\":\"2024-10-21T12:04:30+00:00\",\"dateModified\":\"2024-10-21T12:04:31+00:00\",\"mainEntityOfPage\":{\"@id\":\"https:\/\/noticiaempauta.com\/portal\/distribuicao-de-alevinos-beneficia-mais-de-duas-mil-familias-de-agricultores-no-piaui\/\"},\"wordCount\":538,\"commentCount\":0,\"publisher\":{\"@id\":\"https:\/\/noticiaempauta.com\/portal\/#organization\"},\"image\":{\"@id\":\"https:\/\/noticiaempauta.com\/portal\/distribuicao-de-alevinos-beneficia-mais-de-duas-mil-familias-de-agricultores-no-piaui\/#primaryimage\"},\"thumbnailUrl\":\"https:\/\/noticiaempauta.com\/portal\/wp-content\/uploads\/2024\/10\/large_099_A1969_1_7313d5242c.jpg\",\"keywords\":[\"destaqueprincipal\"],\"articleSection\":[\"Destaques\",\"Geral\",\"Munic\u00edpios\",\"Todas as Not\u00edcias\"],\"inLanguage\":\"pt-BR\",\"potentialAction\":[{\"@type\":\"CommentAction\",\"name\":\"Comment\",\"target\":[\"https:\/\/noticiaempauta.com\/portal\/distribuicao-de-alevinos-beneficia-mais-de-duas-mil-familias-de-agricultores-no-piaui\/#respond\"]}]},{\"@type\":\"WebPage\",\"@id\":\"https:\/\/noticiaempauta.com\/portal\/distribuicao-de-alevinos-beneficia-mais-de-duas-mil-familias-de-agricultores-no-piaui\/\",\"url\":\"https:\/\/noticiaempauta.com\/portal\/distribuicao-de-alevinos-beneficia-mais-de-duas-mil-familias-de-agricultores-no-piaui\/\",\"name\":\"Distribui\u00e7\u00e3o de alevinos beneficia mais de duas mil fam\u00edlias de agricultores no Piau\u00ed - Portal Not\u00edcia em Pauta\",\"isPartOf\":{\"@id\":\"https:\/\/noticiaempauta.com\/portal\/#website\"},\"primaryImageOfPage\":{\"@id\":\"https:\/\/noticiaempauta.com\/portal\/distribuicao-de-alevinos-beneficia-mais-de-duas-mil-familias-de-agricultores-no-piaui\/#primaryimage\"},\"image\":{\"@id\":\"https:\/\/noticiaempauta.com\/portal\/distribuicao-de-alevinos-beneficia-mais-de-duas-mil-familias-de-agricultores-no-piaui\/#primaryimage\"},\"thumbnailUrl\":\"https:\/\/noticiaempauta.com\/portal\/wp-content\/uploads\/2024\/10\/large_099_A1969_1_7313d5242c.jpg\",\"datePublished\":\"2024-10-21T12:04:30+00:00\",\"dateModified\":\"2024-10-21T12:04:31+00:00\",\"breadcrumb\":{\"@id\":\"https:\/\/noticiaempauta.com\/portal\/distribuicao-de-alevinos-beneficia-mais-de-duas-mil-familias-de-agricultores-no-piaui\/#breadcrumb\"},\"inLanguage\":\"pt-BR\",\"potentialAction\":[{\"@type\":\"ReadAction\",\"target\":[\"https:\/\/noticiaempauta.com\/portal\/distribuicao-de-alevinos-beneficia-mais-de-duas-mil-familias-de-agricultores-no-piaui\/\"]}]},{\"@type\":\"ImageObject\",\"inLanguage\":\"pt-BR\",\"@id\":\"https:\/\/noticiaempauta.com\/portal\/distribuicao-de-alevinos-beneficia-mais-de-duas-mil-familias-de-agricultores-no-piaui\/#primaryimage\",\"url\":\"https:\/\/noticiaempauta.com\/portal\/wp-content\/uploads\/2024\/10\/large_099_A1969_1_7313d5242c.jpg\",\"contentUrl\":\"https:\/\/noticiaempauta.com\/portal\/wp-content\/uploads\/2024\/10\/large_099_A1969_1_7313d5242c.jpg\",\"width\":1000,\"height\":720},{\"@type\":\"BreadcrumbList\",\"@id\":\"https:\/\/noticiaempauta.com\/portal\/distribuicao-de-alevinos-beneficia-mais-de-duas-mil-familias-de-agricultores-no-piaui\/#breadcrumb\",\"itemListElement\":[{\"@type\":\"ListItem\",\"position\":1,\"name\":\"P\u00e1gina Inicial\",\"item\":\"https:\/\/noticiaempauta.com\/portal\/\"},{\"@type\":\"ListItem\",\"position\":2,\"name\":\"Destaques\",\"item\":\"https:\/\/noticiaempauta.com\/portal\/destaques-site\/\"},{\"@type\":\"ListItem\",\"position\":3,\"name\":\"Distribui\u00e7\u00e3o de alevinos beneficia mais de duas mil fam\u00edlias de agricultores no Piau\u00ed\"}]},{\"@type\":\"WebSite\",\"@id\":\"https:\/\/noticiaempauta.com\/portal\/#website\",\"url\":\"https:\/\/noticiaempauta.com\/portal\/\",\"name\":\"Portal Not\u00edcia em Pauta\",\"description\":\"Voc\u00ea bem informado\",\"publisher\":{\"@id\":\"https:\/\/noticiaempauta.com\/portal\/#organization\"},\"potentialAction\":[{\"@type\":\"SearchAction\",\"target\":{\"@type\":\"EntryPoint\",\"urlTemplate\":\"https:\/\/noticiaempauta.com\/portal\/?s={search_term_string}\"},\"query-input\":{\"@type\":\"PropertyValueSpecification\",\"valueRequired\":true,\"valueName\":\"search_term_string\"}}],\"inLanguage\":\"pt-BR\"},{\"@type\":\"Organization\",\"@id\":\"https:\/\/noticiaempauta.com\/portal\/#organization\",\"name\":\"Portal Not\u00edcia em Pauta\",\"url\":\"https:\/\/noticiaempauta.com\/portal\/\",\"logo\":{\"@type\":\"ImageObject\",\"inLanguage\":\"pt-BR\",\"@id\":\"https:\/\/noticiaempauta.com\/portal\/#\/schema\/logo\/image\/\",\"url\":\"https:\/\/noticiaempauta.com\/portal\/wp-content\/uploads\/2022\/08\/logomarca_tema.fw_.png\",\"contentUrl\":\"https:\/\/noticiaempauta.com\/portal\/wp-content\/uploads\/2022\/08\/logomarca_tema.fw_.png\",\"width\":400,\"height\":232,\"caption\":\"Portal Not\u00edcia em Pauta\"},\"image\":{\"@id\":\"https:\/\/noticiaempauta.com\/portal\/#\/schema\/logo\/image\/\"},\"sameAs\":[\"https:\/\/www.facebook.com\/Portal-Notcia-Em-Pauta-102292869264820\/\",\"https:\/\/www.instagram.com\/portalnoticiaempauta\/\"]},{\"@type\":\"Person\",\"@id\":\"https:\/\/noticiaempauta.com\/portal\/#\/schema\/person\/a74af43dd1ab3deca45f988c717d57ac\",\"name\":\"Reda\u00e7\u00e3o\",\"image\":{\"@type\":\"ImageObject\",\"inLanguage\":\"pt-BR\",\"@id\":\"https:\/\/noticiaempauta.com\/portal\/#\/schema\/person\/image\/\",\"url\":\"https:\/\/secure.gravatar.com\/avatar\/03179346ecce6cdfc13361603e8f54242a90e5cde8618fa23c5c00aa2b0aadf3?s=96&d=mm&r=g\",\"contentUrl\":\"https:\/\/secure.gravatar.com\/avatar\/03179346ecce6cdfc13361603e8f54242a90e5cde8618fa23c5c00aa2b0aadf3?s=96&d=mm&r=g\",\"caption\":\"Reda\u00e7\u00e3o\"},\"sameAs\":[\"https:\/\/noticiaempauta.com\/portal\/\"],\"url\":\"https:\/\/noticiaempauta.com\/portal\/author\/fernando\/\"}]}<\/script>\n<!-- \/ Yoast SEO Premium plugin. -->","yoast_head_json":{"title":"Distribui\u00e7\u00e3o de alevinos beneficia mais de duas mil fam\u00edlias de agricultores no Piau\u00ed - Portal Not\u00edcia em Pauta","robots":{"index":"index","follow":"follow","max-snippet":"max-snippet:-1","max-image-preview":"max-image-preview:large","max-video-preview":"max-video-preview:-1"},"canonical":"https:\/\/noticiaempauta.com\/portal\/distribuicao-de-alevinos-beneficia-mais-de-duas-mil-familias-de-agricultores-no-piaui\/","og_locale":"pt_BR","og_type":"article","og_title":"Distribui\u00e7\u00e3o de alevinos beneficia mais de duas mil fam\u00edlias de agricultores no Piau\u00ed","og_description":"Unidade de Piscicultura da SAF iniciou nesta semana o per\u00edodo reprodutivo e as entregas ocorrer\u00e3o a partir do pr\u00f3ximo m\u00eas.","og_url":"https:\/\/noticiaempauta.com\/portal\/distribuicao-de-alevinos-beneficia-mais-de-duas-mil-familias-de-agricultores-no-piaui\/","og_site_name":"Portal Not\u00edcia em Pauta","article_publisher":"https:\/\/www.facebook.com\/Portal-Notcia-Em-Pauta-102292869264820\/","article_published_time":"2024-10-21T12:04:30+00:00","article_modified_time":"2024-10-21T12:04:31+00:00","og_image":[{"width":1000,"height":720,"url":"https:\/\/noticiaempauta.com\/portal\/wp-content\/uploads\/2024\/10\/large_099_A1969_1_7313d5242c.jpg","type":"image\/jpeg"}],"author":"Reda\u00e7\u00e3o","twitter_card":"summary_large_image","twitter_misc":{"Escrito por":"Reda\u00e7\u00e3o","Est. tempo de leitura":"4 minutos"},"schema":{"@context":"https:\/\/schema.org","@graph":[{"@type":"Article","@id":"https:\/\/noticiaempauta.com\/portal\/distribuicao-de-alevinos-beneficia-mais-de-duas-mil-familias-de-agricultores-no-piaui\/#article","isPartOf":{"@id":"https:\/\/noticiaempauta.com\/portal\/distribuicao-de-alevinos-beneficia-mais-de-duas-mil-familias-de-agricultores-no-piaui\/"},"author":{"name":"Reda\u00e7\u00e3o","@id":"https:\/\/noticiaempauta.com\/portal\/#\/schema\/person\/a74af43dd1ab3deca45f988c717d57ac"},"headline":"Distribui\u00e7\u00e3o de alevinos beneficia mais de duas mil fam\u00edlias de agricultores no Piau\u00ed","datePublished":"2024-10-21T12:04:30+00:00","dateModified":"2024-10-21T12:04:31+00:00","mainEntityOfPage":{"@id":"https:\/\/noticiaempauta.com\/portal\/distribuicao-de-alevinos-beneficia-mais-de-duas-mil-familias-de-agricultores-no-piaui\/"},"wordCount":538,"commentCount":0,"publisher":{"@id":"https:\/\/noticiaempauta.com\/portal\/#organization"},"image":{"@id":"https:\/\/noticiaempauta.com\/portal\/distribuicao-de-alevinos-beneficia-mais-de-duas-mil-familias-de-agricultores-no-piaui\/#primaryimage"},"thumbnailUrl":"https:\/\/noticiaempauta.com\/portal\/wp-content\/uploads\/2024\/10\/large_099_A1969_1_7313d5242c.jpg","keywords":["destaqueprincipal"],"articleSection":["Destaques","Geral","Munic\u00edpios","Todas as Not\u00edcias"],"inLanguage":"pt-BR","potentialAction":[{"@type":"CommentAction","name":"Comment","target":["https:\/\/noticiaempauta.com\/portal\/distribuicao-de-alevinos-beneficia-mais-de-duas-mil-familias-de-agricultores-no-piaui\/#respond"]}]},{"@type":"WebPage","@id":"https:\/\/noticiaempauta.com\/portal\/distribuicao-de-alevinos-beneficia-mais-de-duas-mil-familias-de-agricultores-no-piaui\/","url":"https:\/\/noticiaempauta.com\/portal\/distribuicao-de-alevinos-beneficia-mais-de-duas-mil-familias-de-agricultores-no-piaui\/","name":"Distribui\u00e7\u00e3o de alevinos beneficia mais de duas mil fam\u00edlias de agricultores no Piau\u00ed - Portal Not\u00edcia em Pauta","isPartOf":{"@id":"https:\/\/noticiaempauta.com\/portal\/#website"},"primaryImageOfPage":{"@id":"https:\/\/noticiaempauta.com\/portal\/distribuicao-de-alevinos-beneficia-mais-de-duas-mil-familias-de-agricultores-no-piaui\/#primaryimage"},"image":{"@id":"https:\/\/noticiaempauta.com\/portal\/distribuicao-de-alevinos-beneficia-mais-de-duas-mil-familias-de-agricultores-no-piaui\/#primaryimage"},"thumbnailUrl":"https:\/\/noticiaempauta.com\/portal\/wp-content\/uploads\/2024\/10\/large_099_A1969_1_7313d5242c.jpg","datePublished":"2024-10-21T12:04:30+00:00","dateModified":"2024-10-21T12:04:31+00:00","breadcrumb":{"@id":"https:\/\/noticiaempauta.com\/portal\/distribuicao-de-alevinos-beneficia-mais-de-duas-mil-familias-de-agricultores-no-piaui\/#breadcrumb"},"inLanguage":"pt-BR","potentialAction":[{"@type":"ReadAction","target":["https:\/\/noticiaempauta.com\/portal\/distribuicao-de-alevinos-beneficia-mais-de-duas-mil-familias-de-agricultores-no-piaui\/"]}]},{"@type":"ImageObject","inLanguage":"pt-BR","@id":"https:\/\/noticiaempauta.com\/portal\/distribuicao-de-alevinos-beneficia-mais-de-duas-mil-familias-de-agricultores-no-piaui\/#primaryimage","url":"https:\/\/noticiaempauta.com\/portal\/wp-content\/uploads\/2024\/10\/large_099_A1969_1_7313d5242c.jpg","contentUrl":"https:\/\/noticiaempauta.com\/portal\/wp-content\/uploads\/2024\/10\/large_099_A1969_1_7313d5242c.jpg","width":1000,"height":720},{"@type":"BreadcrumbList","@id":"https:\/\/noticiaempauta.com\/portal\/distribuicao-de-alevinos-beneficia-mais-de-duas-mil-familias-de-agricultores-no-piaui\/#breadcrumb","itemListElement":[{"@type":"ListItem","position":1,"name":"P\u00e1gina Inicial","item":"https:\/\/noticiaempauta.com\/portal\/"},{"@type":"ListItem","position":2,"name":"Destaques","item":"https:\/\/noticiaempauta.com\/portal\/destaques-site\/"},{"@type":"ListItem","position":3,"name":"Distribui\u00e7\u00e3o de alevinos beneficia mais de duas mil fam\u00edlias de agricultores no Piau\u00ed"}]},{"@type":"WebSite","@id":"https:\/\/noticiaempauta.com\/portal\/#website","url":"https:\/\/noticiaempauta.com\/portal\/","name":"Portal Not\u00edcia em Pauta","description":"Voc\u00ea bem informado","publisher":{"@id":"https:\/\/noticiaempauta.com\/portal\/#organization"},"potentialAction":[{"@type":"SearchAction","target":{"@type":"EntryPoint","urlTemplate":"https:\/\/noticiaempauta.com\/portal\/?s={search_term_string}"},"query-input":{"@type":"PropertyValueSpecification","valueRequired":true,"valueName":"search_term_string"}}],"inLanguage":"pt-BR"},{"@type":"Organization","@id":"https:\/\/noticiaempauta.com\/portal\/#organization","name":"Portal Not\u00edcia em Pauta","url":"https:\/\/noticiaempauta.com\/portal\/","logo":{"@type":"ImageObject","inLanguage":"pt-BR","@id":"https:\/\/noticiaempauta.com\/portal\/#\/schema\/logo\/image\/","url":"https:\/\/noticiaempauta.com\/portal\/wp-content\/uploads\/2022\/08\/logomarca_tema.fw_.png","contentUrl":"https:\/\/noticiaempauta.com\/portal\/wp-content\/uploads\/2022\/08\/logomarca_tema.fw_.png","width":400,"height":232,"caption":"Portal Not\u00edcia em Pauta"},"image":{"@id":"https:\/\/noticiaempauta.com\/portal\/#\/schema\/logo\/image\/"},"sameAs":["https:\/\/www.facebook.com\/Portal-Notcia-Em-Pauta-102292869264820\/","https:\/\/www.instagram.com\/portalnoticiaempauta\/"]},{"@type":"Person","@id":"https:\/\/noticiaempauta.com\/portal\/#\/schema\/person\/a74af43dd1ab3deca45f988c717d57ac","name":"Reda\u00e7\u00e3o","image":{"@type":"ImageObject","inLanguage":"pt-BR","@id":"https:\/\/noticiaempauta.com\/portal\/#\/schema\/person\/image\/","url":"https:\/\/secure.gravatar.com\/avatar\/03179346ecce6cdfc13361603e8f54242a90e5cde8618fa23c5c00aa2b0aadf3?s=96&d=mm&r=g","contentUrl":"https:\/\/secure.gravatar.com\/avatar\/03179346ecce6cdfc13361603e8f54242a90e5cde8618fa23c5c00aa2b0aadf3?s=96&d=mm&r=g","caption":"Reda\u00e7\u00e3o"},"sameAs":["https:\/\/noticiaempauta.com\/portal\/"],"url":"https:\/\/noticiaempauta.com\/portal\/author\/fernando\/"}]}},"_links":{"self":[{"href":"https:\/\/noticiaempauta.com\/portal\/wp-json\/wp\/v2\/posts\/263197","targetHints":{"allow":["GET"]}}],"collection":[{"href":"https:\/\/noticiaempauta.com\/portal\/wp-json\/wp\/v2\/posts"}],"about":[{"href":"https:\/\/noticiaempauta.com\/portal\/wp-json\/wp\/v2\/types\/post"}],"author":[{"embeddable":true,"href":"https:\/\/noticiaempauta.com\/portal\/wp-json\/wp\/v2\/users\/2"}],"replies":[{"embeddable":true,"href":"https:\/\/noticiaempauta.com\/portal\/wp-json\/wp\/v2\/comments?post=263197"}],"version-history":[{"count":2,"href":"https:\/\/noticiaempauta.com\/portal\/wp-json\/wp\/v2\/posts\/263197\/revisions"}],"predecessor-version":[{"id":263204,"href":"https:\/\/noticiaempauta.com\/portal\/wp-json\/wp\/v2\/posts\/263197\/revisions\/263204"}],"wp:featuredmedia":[{"embeddable":true,"href":"https:\/\/noticiaempauta.com\/portal\/wp-json\/wp\/v2\/media\/263198"}],"wp:attachment":[{"href":"https:\/\/noticiaempauta.com\/portal\/wp-json\/wp\/v2\/media?parent=263197"}],"wp:term":[{"taxonomy":"category","embeddable":true,"href":"https:\/\/noticiaempauta.com\/portal\/wp-json\/wp\/v2\/categories?post=263197"},{"taxonomy":"post_tag","embeddable":true,"href":"https:\/\/noticiaempauta.com\/portal\/wp-json\/wp\/v2\/tags?post=263197"}],"curies":[{"name":"wp","href":"https:\/\/api.w.org\/{rel}","templated":true}]}}