{"id":263209,"date":"2024-10-21T09:11:39","date_gmt":"2024-10-21T12:11:39","guid":{"rendered":"https:\/\/noticiaempauta.com\/portal\/?p=263209"},"modified":"2024-10-21T09:11:41","modified_gmt":"2024-10-21T12:11:41","slug":"homem-e-encontrado-morto-na-zona-rural-de-alegrete-do-pi-e-suspeito-e-preso-horas-depois-e-confessa-crime","status":"publish","type":"post","link":"https:\/\/noticiaempauta.com\/portal\/homem-e-encontrado-morto-na-zona-rural-de-alegrete-do-pi-e-suspeito-e-preso-horas-depois-e-confessa-crime\/","title":{"rendered":"Homem \u00e9 encontrado morto na zona rural de Alegrete do PI e suspeito \u00e9 preso horas depois e confessa crime"},"content":{"rendered":"\n<p>Na tarde deste domingo, por volta das 12h30, um homem identificado como Juraci Jo\u00e3o da Silva, de 56 anos, foi encontrado morto em uma estrada vicinal da cidade de Alegrete do Piau\u00ed, na localidade rural Alegrete Velho, com v\u00e1rias perfura\u00e7\u00f5es de arma branca.<\/p>\n\n\n\n<figure class=\"wp-block-image size-full\"><img fetchpriority=\"high\" decoding=\"async\" width=\"740\" height=\"423\" src=\"https:\/\/noticiaempauta.com\/portal\/wp-content\/uploads\/2024\/10\/prisao-homicida.jpg\" alt=\"\" class=\"wp-image-263211\" srcset=\"https:\/\/noticiaempauta.com\/portal\/wp-content\/uploads\/2024\/10\/prisao-homicida.jpg 740w, https:\/\/noticiaempauta.com\/portal\/wp-content\/uploads\/2024\/10\/prisao-homicida-300x171.jpg 300w\" sizes=\"(max-width: 740px) 100vw, 740px\" \/><\/figure>\n\n\n\n<p>Horas depois, um outro homem, de iniciais L. de S. L., foi preso suspeito de ter realizado o crime.<\/p>\n\n\n\n<figure class=\"wp-block-image size-large\"><img decoding=\"async\" width=\"1024\" height=\"683\" src=\"https:\/\/noticiaempauta.com\/portal\/wp-content\/uploads\/2024\/10\/homicidio-alegrete-3-1024x683.jpg\" alt=\"\" class=\"wp-image-263210\" srcset=\"https:\/\/noticiaempauta.com\/portal\/wp-content\/uploads\/2024\/10\/homicidio-alegrete-3-1024x683.jpg 1024w, https:\/\/noticiaempauta.com\/portal\/wp-content\/uploads\/2024\/10\/homicidio-alegrete-3-300x200.jpg 300w, https:\/\/noticiaempauta.com\/portal\/wp-content\/uploads\/2024\/10\/homicidio-alegrete-3-768x512.jpg 768w, https:\/\/noticiaempauta.com\/portal\/wp-content\/uploads\/2024\/10\/homicidio-alegrete-3.jpg 1080w\" sizes=\"(max-width: 1024px) 100vw, 1024px\" \/><\/figure>\n\n\n\n<p>Segundo a pol\u00edcia, somente foi poss\u00edvel identificar o autor por meio de c\u00e2meras de seguran\u00e7a de um com\u00e9rcio na zona urbana de Alegrete, que mostrou os dois envolvidos juntos. Ao ser preso, poucas horas ap\u00f3s o crime, ele confessou ter assassinado a v\u00edtima.<\/p>\n\n\n\n<p>\u00c0 pol\u00edcia, L. de S. L. disse que na noite anterior ao crime, foi amea\u00e7ado de morte pela v\u00edtima, mas, agiu naturalmente e a convidou para beber em um bar da zona rural. No meio do caminho, onde n\u00e3o havia possibilidade de algu\u00e9m testemunhar o crime, ele assassinou Juraci a golpes de arma branca. A pol\u00edcia n\u00e3o relatou que tipo de arma espec\u00edfica foi utilizada para cometer o crime.<\/p>\n\n\n\n<p>O suspeito fugiu e deixou a v\u00edtima jogada \u00e0 beira da estrada. O aparelho celular de Juraci e seus documentos foram deixados com ele. A per\u00edcia foi acionada para o local e o corpo foi encaminhado para o IML de Picos.<\/p>\n\n\n\n<p>L. de S. L., ap\u00f3s ser capturado, foi encaminhado para Delegacia de Fronteiras a fim de passar pelos procedimentos legais cab\u00edveis. O mesmo deve passar por audi\u00eancia de cust\u00f3dia nesta segunda-feira (21).<\/p>\n\n\n\n<p>Fonte: CidadesEmFoco<\/p>\n\n\n\n<p><\/p>\n","protected":false},"excerpt":{"rendered":"<p>Na tarde deste domingo, por volta das 12h30, um homem identificado como Juraci Jo\u00e3o da Silva, de 56 anos, foi encontrado morto em uma estrada vicinal da cidade de Alegrete do Piau\u00ed, na localidade rural Alegrete Velho, com v\u00e1rias perfura\u00e7\u00f5es de arma branca. Horas depois, um outro homem, de iniciais L. de S. L., foi [&hellip;]<\/p>\n","protected":false},"author":2,"featured_media":263211,"comment_status":"open","ping_status":"open","sticky":false,"template":"","format":"standard","meta":{"_mi_skip_tracking":false,"footnotes":""},"categories":[25,1,9,137,16],"tags":[192],"class_list":["post-263209","post","type-post","status-publish","format-standard","has-post-thumbnail","hentry","category-destaques-site","category-geral","category-municipios","category-policia","category-todas","tag-destaqueprincipal"],"acf":[],"yoast_head":"<!-- This site is optimized with the Yoast SEO Premium plugin v19.2 (Yoast SEO v26.9) - https:\/\/yoast.com\/product\/yoast-seo-premium-wordpress\/ -->\n<title>Homem \u00e9 encontrado morto na zona rural de Alegrete do PI e suspeito \u00e9 preso horas depois e confessa crime - Portal Not\u00edcia em Pauta<\/title>\n<meta name=\"robots\" content=\"index, follow, max-snippet:-1, max-image-preview:large, max-video-preview:-1\" \/>\n<link rel=\"canonical\" href=\"https:\/\/noticiaempauta.com\/portal\/homem-e-encontrado-morto-na-zona-rural-de-alegrete-do-pi-e-suspeito-e-preso-horas-depois-e-confessa-crime\/\" \/>\n<meta property=\"og:locale\" content=\"pt_BR\" \/>\n<meta property=\"og:type\" content=\"article\" \/>\n<meta property=\"og:title\" content=\"Homem \u00e9 encontrado morto na zona rural de Alegrete do PI e suspeito \u00e9 preso horas depois e confessa crime\" \/>\n<meta property=\"og:description\" content=\"Na tarde deste domingo, por volta das 12h30, um homem identificado como Juraci Jo\u00e3o da Silva, de 56 anos, foi encontrado morto em uma estrada vicinal da cidade de Alegrete do Piau\u00ed, na localidade rural Alegrete Velho, com v\u00e1rias perfura\u00e7\u00f5es de arma branca. Horas depois, um outro homem, de iniciais L. de S. L., foi [&hellip;]\" \/>\n<meta property=\"og:url\" content=\"https:\/\/noticiaempauta.com\/portal\/homem-e-encontrado-morto-na-zona-rural-de-alegrete-do-pi-e-suspeito-e-preso-horas-depois-e-confessa-crime\/\" \/>\n<meta property=\"og:site_name\" content=\"Portal Not\u00edcia em Pauta\" \/>\n<meta property=\"article:publisher\" content=\"https:\/\/www.facebook.com\/Portal-Notcia-Em-Pauta-102292869264820\/\" \/>\n<meta property=\"article:published_time\" content=\"2024-10-21T12:11:39+00:00\" \/>\n<meta property=\"article:modified_time\" content=\"2024-10-21T12:11:41+00:00\" \/>\n<meta property=\"og:image\" content=\"https:\/\/noticiaempauta.com\/portal\/wp-content\/uploads\/2024\/10\/prisao-homicida.jpg\" \/>\n\t<meta property=\"og:image:width\" content=\"740\" \/>\n\t<meta property=\"og:image:height\" content=\"423\" \/>\n\t<meta property=\"og:image:type\" content=\"image\/jpeg\" \/>\n<meta name=\"author\" content=\"Reda\u00e7\u00e3o\" \/>\n<meta name=\"twitter:card\" content=\"summary_large_image\" \/>\n<meta name=\"twitter:label1\" content=\"Escrito por\" \/>\n\t<meta name=\"twitter:data1\" content=\"Reda\u00e7\u00e3o\" \/>\n\t<meta name=\"twitter:label2\" content=\"Est. tempo de leitura\" \/>\n\t<meta name=\"twitter:data2\" content=\"2 minutos\" \/>\n<script type=\"application\/ld+json\" class=\"yoast-schema-graph\">{\"@context\":\"https:\/\/schema.org\",\"@graph\":[{\"@type\":\"Article\",\"@id\":\"https:\/\/noticiaempauta.com\/portal\/homem-e-encontrado-morto-na-zona-rural-de-alegrete-do-pi-e-suspeito-e-preso-horas-depois-e-confessa-crime\/#article\",\"isPartOf\":{\"@id\":\"https:\/\/noticiaempauta.com\/portal\/homem-e-encontrado-morto-na-zona-rural-de-alegrete-do-pi-e-suspeito-e-preso-horas-depois-e-confessa-crime\/\"},\"author\":{\"name\":\"Reda\u00e7\u00e3o\",\"@id\":\"https:\/\/noticiaempauta.com\/portal\/#\/schema\/person\/a74af43dd1ab3deca45f988c717d57ac\"},\"headline\":\"Homem \u00e9 encontrado morto na zona rural de Alegrete do PI e suspeito \u00e9 preso horas depois e confessa crime\",\"datePublished\":\"2024-10-21T12:11:39+00:00\",\"dateModified\":\"2024-10-21T12:11:41+00:00\",\"mainEntityOfPage\":{\"@id\":\"https:\/\/noticiaempauta.com\/portal\/homem-e-encontrado-morto-na-zona-rural-de-alegrete-do-pi-e-suspeito-e-preso-horas-depois-e-confessa-crime\/\"},\"wordCount\":287,\"commentCount\":0,\"publisher\":{\"@id\":\"https:\/\/noticiaempauta.com\/portal\/#organization\"},\"image\":{\"@id\":\"https:\/\/noticiaempauta.com\/portal\/homem-e-encontrado-morto-na-zona-rural-de-alegrete-do-pi-e-suspeito-e-preso-horas-depois-e-confessa-crime\/#primaryimage\"},\"thumbnailUrl\":\"https:\/\/noticiaempauta.com\/portal\/wp-content\/uploads\/2024\/10\/prisao-homicida.jpg\",\"keywords\":[\"destaqueprincipal\"],\"articleSection\":[\"Destaques\",\"Geral\",\"Munic\u00edpios\",\"Pol\u00edcia\",\"Todas as Not\u00edcias\"],\"inLanguage\":\"pt-BR\",\"potentialAction\":[{\"@type\":\"CommentAction\",\"name\":\"Comment\",\"target\":[\"https:\/\/noticiaempauta.com\/portal\/homem-e-encontrado-morto-na-zona-rural-de-alegrete-do-pi-e-suspeito-e-preso-horas-depois-e-confessa-crime\/#respond\"]}]},{\"@type\":\"WebPage\",\"@id\":\"https:\/\/noticiaempauta.com\/portal\/homem-e-encontrado-morto-na-zona-rural-de-alegrete-do-pi-e-suspeito-e-preso-horas-depois-e-confessa-crime\/\",\"url\":\"https:\/\/noticiaempauta.com\/portal\/homem-e-encontrado-morto-na-zona-rural-de-alegrete-do-pi-e-suspeito-e-preso-horas-depois-e-confessa-crime\/\",\"name\":\"Homem \u00e9 encontrado morto na zona rural de Alegrete do PI e suspeito \u00e9 preso horas depois e confessa crime - Portal Not\u00edcia em Pauta\",\"isPartOf\":{\"@id\":\"https:\/\/noticiaempauta.com\/portal\/#website\"},\"primaryImageOfPage\":{\"@id\":\"https:\/\/noticiaempauta.com\/portal\/homem-e-encontrado-morto-na-zona-rural-de-alegrete-do-pi-e-suspeito-e-preso-horas-depois-e-confessa-crime\/#primaryimage\"},\"image\":{\"@id\":\"https:\/\/noticiaempauta.com\/portal\/homem-e-encontrado-morto-na-zona-rural-de-alegrete-do-pi-e-suspeito-e-preso-horas-depois-e-confessa-crime\/#primaryimage\"},\"thumbnailUrl\":\"https:\/\/noticiaempauta.com\/portal\/wp-content\/uploads\/2024\/10\/prisao-homicida.jpg\",\"datePublished\":\"2024-10-21T12:11:39+00:00\",\"dateModified\":\"2024-10-21T12:11:41+00:00\",\"breadcrumb\":{\"@id\":\"https:\/\/noticiaempauta.com\/portal\/homem-e-encontrado-morto-na-zona-rural-de-alegrete-do-pi-e-suspeito-e-preso-horas-depois-e-confessa-crime\/#breadcrumb\"},\"inLanguage\":\"pt-BR\",\"potentialAction\":[{\"@type\":\"ReadAction\",\"target\":[\"https:\/\/noticiaempauta.com\/portal\/homem-e-encontrado-morto-na-zona-rural-de-alegrete-do-pi-e-suspeito-e-preso-horas-depois-e-confessa-crime\/\"]}]},{\"@type\":\"ImageObject\",\"inLanguage\":\"pt-BR\",\"@id\":\"https:\/\/noticiaempauta.com\/portal\/homem-e-encontrado-morto-na-zona-rural-de-alegrete-do-pi-e-suspeito-e-preso-horas-depois-e-confessa-crime\/#primaryimage\",\"url\":\"https:\/\/noticiaempauta.com\/portal\/wp-content\/uploads\/2024\/10\/prisao-homicida.jpg\",\"contentUrl\":\"https:\/\/noticiaempauta.com\/portal\/wp-content\/uploads\/2024\/10\/prisao-homicida.jpg\",\"width\":740,\"height\":423},{\"@type\":\"BreadcrumbList\",\"@id\":\"https:\/\/noticiaempauta.com\/portal\/homem-e-encontrado-morto-na-zona-rural-de-alegrete-do-pi-e-suspeito-e-preso-horas-depois-e-confessa-crime\/#breadcrumb\",\"itemListElement\":[{\"@type\":\"ListItem\",\"position\":1,\"name\":\"P\u00e1gina Inicial\",\"item\":\"https:\/\/noticiaempauta.com\/portal\/\"},{\"@type\":\"ListItem\",\"position\":2,\"name\":\"Destaques\",\"item\":\"https:\/\/noticiaempauta.com\/portal\/destaques-site\/\"},{\"@type\":\"ListItem\",\"position\":3,\"name\":\"Homem \u00e9 encontrado morto na zona rural de Alegrete do PI e suspeito \u00e9 preso horas depois e confessa crime\"}]},{\"@type\":\"WebSite\",\"@id\":\"https:\/\/noticiaempauta.com\/portal\/#website\",\"url\":\"https:\/\/noticiaempauta.com\/portal\/\",\"name\":\"Portal Not\u00edcia em Pauta\",\"description\":\"Voc\u00ea bem informado\",\"publisher\":{\"@id\":\"https:\/\/noticiaempauta.com\/portal\/#organization\"},\"potentialAction\":[{\"@type\":\"SearchAction\",\"target\":{\"@type\":\"EntryPoint\",\"urlTemplate\":\"https:\/\/noticiaempauta.com\/portal\/?s={search_term_string}\"},\"query-input\":{\"@type\":\"PropertyValueSpecification\",\"valueRequired\":true,\"valueName\":\"search_term_string\"}}],\"inLanguage\":\"pt-BR\"},{\"@type\":\"Organization\",\"@id\":\"https:\/\/noticiaempauta.com\/portal\/#organization\",\"name\":\"Portal Not\u00edcia em Pauta\",\"url\":\"https:\/\/noticiaempauta.com\/portal\/\",\"logo\":{\"@type\":\"ImageObject\",\"inLanguage\":\"pt-BR\",\"@id\":\"https:\/\/noticiaempauta.com\/portal\/#\/schema\/logo\/image\/\",\"url\":\"https:\/\/noticiaempauta.com\/portal\/wp-content\/uploads\/2022\/08\/logomarca_tema.fw_.png\",\"contentUrl\":\"https:\/\/noticiaempauta.com\/portal\/wp-content\/uploads\/2022\/08\/logomarca_tema.fw_.png\",\"width\":400,\"height\":232,\"caption\":\"Portal Not\u00edcia em Pauta\"},\"image\":{\"@id\":\"https:\/\/noticiaempauta.com\/portal\/#\/schema\/logo\/image\/\"},\"sameAs\":[\"https:\/\/www.facebook.com\/Portal-Notcia-Em-Pauta-102292869264820\/\",\"https:\/\/www.instagram.com\/portalnoticiaempauta\/\"]},{\"@type\":\"Person\",\"@id\":\"https:\/\/noticiaempauta.com\/portal\/#\/schema\/person\/a74af43dd1ab3deca45f988c717d57ac\",\"name\":\"Reda\u00e7\u00e3o\",\"image\":{\"@type\":\"ImageObject\",\"inLanguage\":\"pt-BR\",\"@id\":\"https:\/\/noticiaempauta.com\/portal\/#\/schema\/person\/image\/\",\"url\":\"https:\/\/secure.gravatar.com\/avatar\/03179346ecce6cdfc13361603e8f54242a90e5cde8618fa23c5c00aa2b0aadf3?s=96&d=mm&r=g\",\"contentUrl\":\"https:\/\/secure.gravatar.com\/avatar\/03179346ecce6cdfc13361603e8f54242a90e5cde8618fa23c5c00aa2b0aadf3?s=96&d=mm&r=g\",\"caption\":\"Reda\u00e7\u00e3o\"},\"sameAs\":[\"https:\/\/noticiaempauta.com\/portal\/\"],\"url\":\"https:\/\/noticiaempauta.com\/portal\/author\/fernando\/\"}]}<\/script>\n<!-- \/ Yoast SEO Premium plugin. -->","yoast_head_json":{"title":"Homem \u00e9 encontrado morto na zona rural de Alegrete do PI e suspeito \u00e9 preso horas depois e confessa crime - Portal Not\u00edcia em Pauta","robots":{"index":"index","follow":"follow","max-snippet":"max-snippet:-1","max-image-preview":"max-image-preview:large","max-video-preview":"max-video-preview:-1"},"canonical":"https:\/\/noticiaempauta.com\/portal\/homem-e-encontrado-morto-na-zona-rural-de-alegrete-do-pi-e-suspeito-e-preso-horas-depois-e-confessa-crime\/","og_locale":"pt_BR","og_type":"article","og_title":"Homem \u00e9 encontrado morto na zona rural de Alegrete do PI e suspeito \u00e9 preso horas depois e confessa crime","og_description":"Na tarde deste domingo, por volta das 12h30, um homem identificado como Juraci Jo\u00e3o da Silva, de 56 anos, foi encontrado morto em uma estrada vicinal da cidade de Alegrete do Piau\u00ed, na localidade rural Alegrete Velho, com v\u00e1rias perfura\u00e7\u00f5es de arma branca. Horas depois, um outro homem, de iniciais L. de S. L., foi [&hellip;]","og_url":"https:\/\/noticiaempauta.com\/portal\/homem-e-encontrado-morto-na-zona-rural-de-alegrete-do-pi-e-suspeito-e-preso-horas-depois-e-confessa-crime\/","og_site_name":"Portal Not\u00edcia em Pauta","article_publisher":"https:\/\/www.facebook.com\/Portal-Notcia-Em-Pauta-102292869264820\/","article_published_time":"2024-10-21T12:11:39+00:00","article_modified_time":"2024-10-21T12:11:41+00:00","og_image":[{"width":740,"height":423,"url":"https:\/\/noticiaempauta.com\/portal\/wp-content\/uploads\/2024\/10\/prisao-homicida.jpg","type":"image\/jpeg"}],"author":"Reda\u00e7\u00e3o","twitter_card":"summary_large_image","twitter_misc":{"Escrito por":"Reda\u00e7\u00e3o","Est. tempo de leitura":"2 minutos"},"schema":{"@context":"https:\/\/schema.org","@graph":[{"@type":"Article","@id":"https:\/\/noticiaempauta.com\/portal\/homem-e-encontrado-morto-na-zona-rural-de-alegrete-do-pi-e-suspeito-e-preso-horas-depois-e-confessa-crime\/#article","isPartOf":{"@id":"https:\/\/noticiaempauta.com\/portal\/homem-e-encontrado-morto-na-zona-rural-de-alegrete-do-pi-e-suspeito-e-preso-horas-depois-e-confessa-crime\/"},"author":{"name":"Reda\u00e7\u00e3o","@id":"https:\/\/noticiaempauta.com\/portal\/#\/schema\/person\/a74af43dd1ab3deca45f988c717d57ac"},"headline":"Homem \u00e9 encontrado morto na zona rural de Alegrete do PI e suspeito \u00e9 preso horas depois e confessa crime","datePublished":"2024-10-21T12:11:39+00:00","dateModified":"2024-10-21T12:11:41+00:00","mainEntityOfPage":{"@id":"https:\/\/noticiaempauta.com\/portal\/homem-e-encontrado-morto-na-zona-rural-de-alegrete-do-pi-e-suspeito-e-preso-horas-depois-e-confessa-crime\/"},"wordCount":287,"commentCount":0,"publisher":{"@id":"https:\/\/noticiaempauta.com\/portal\/#organization"},"image":{"@id":"https:\/\/noticiaempauta.com\/portal\/homem-e-encontrado-morto-na-zona-rural-de-alegrete-do-pi-e-suspeito-e-preso-horas-depois-e-confessa-crime\/#primaryimage"},"thumbnailUrl":"https:\/\/noticiaempauta.com\/portal\/wp-content\/uploads\/2024\/10\/prisao-homicida.jpg","keywords":["destaqueprincipal"],"articleSection":["Destaques","Geral","Munic\u00edpios","Pol\u00edcia","Todas as Not\u00edcias"],"inLanguage":"pt-BR","potentialAction":[{"@type":"CommentAction","name":"Comment","target":["https:\/\/noticiaempauta.com\/portal\/homem-e-encontrado-morto-na-zona-rural-de-alegrete-do-pi-e-suspeito-e-preso-horas-depois-e-confessa-crime\/#respond"]}]},{"@type":"WebPage","@id":"https:\/\/noticiaempauta.com\/portal\/homem-e-encontrado-morto-na-zona-rural-de-alegrete-do-pi-e-suspeito-e-preso-horas-depois-e-confessa-crime\/","url":"https:\/\/noticiaempauta.com\/portal\/homem-e-encontrado-morto-na-zona-rural-de-alegrete-do-pi-e-suspeito-e-preso-horas-depois-e-confessa-crime\/","name":"Homem \u00e9 encontrado morto na zona rural de Alegrete do PI e suspeito \u00e9 preso horas depois e confessa crime - Portal Not\u00edcia em Pauta","isPartOf":{"@id":"https:\/\/noticiaempauta.com\/portal\/#website"},"primaryImageOfPage":{"@id":"https:\/\/noticiaempauta.com\/portal\/homem-e-encontrado-morto-na-zona-rural-de-alegrete-do-pi-e-suspeito-e-preso-horas-depois-e-confessa-crime\/#primaryimage"},"image":{"@id":"https:\/\/noticiaempauta.com\/portal\/homem-e-encontrado-morto-na-zona-rural-de-alegrete-do-pi-e-suspeito-e-preso-horas-depois-e-confessa-crime\/#primaryimage"},"thumbnailUrl":"https:\/\/noticiaempauta.com\/portal\/wp-content\/uploads\/2024\/10\/prisao-homicida.jpg","datePublished":"2024-10-21T12:11:39+00:00","dateModified":"2024-10-21T12:11:41+00:00","breadcrumb":{"@id":"https:\/\/noticiaempauta.com\/portal\/homem-e-encontrado-morto-na-zona-rural-de-alegrete-do-pi-e-suspeito-e-preso-horas-depois-e-confessa-crime\/#breadcrumb"},"inLanguage":"pt-BR","potentialAction":[{"@type":"ReadAction","target":["https:\/\/noticiaempauta.com\/portal\/homem-e-encontrado-morto-na-zona-rural-de-alegrete-do-pi-e-suspeito-e-preso-horas-depois-e-confessa-crime\/"]}]},{"@type":"ImageObject","inLanguage":"pt-BR","@id":"https:\/\/noticiaempauta.com\/portal\/homem-e-encontrado-morto-na-zona-rural-de-alegrete-do-pi-e-suspeito-e-preso-horas-depois-e-confessa-crime\/#primaryimage","url":"https:\/\/noticiaempauta.com\/portal\/wp-content\/uploads\/2024\/10\/prisao-homicida.jpg","contentUrl":"https:\/\/noticiaempauta.com\/portal\/wp-content\/uploads\/2024\/10\/prisao-homicida.jpg","width":740,"height":423},{"@type":"BreadcrumbList","@id":"https:\/\/noticiaempauta.com\/portal\/homem-e-encontrado-morto-na-zona-rural-de-alegrete-do-pi-e-suspeito-e-preso-horas-depois-e-confessa-crime\/#breadcrumb","itemListElement":[{"@type":"ListItem","position":1,"name":"P\u00e1gina Inicial","item":"https:\/\/noticiaempauta.com\/portal\/"},{"@type":"ListItem","position":2,"name":"Destaques","item":"https:\/\/noticiaempauta.com\/portal\/destaques-site\/"},{"@type":"ListItem","position":3,"name":"Homem \u00e9 encontrado morto na zona rural de Alegrete do PI e suspeito \u00e9 preso horas depois e confessa crime"}]},{"@type":"WebSite","@id":"https:\/\/noticiaempauta.com\/portal\/#website","url":"https:\/\/noticiaempauta.com\/portal\/","name":"Portal Not\u00edcia em Pauta","description":"Voc\u00ea bem informado","publisher":{"@id":"https:\/\/noticiaempauta.com\/portal\/#organization"},"potentialAction":[{"@type":"SearchAction","target":{"@type":"EntryPoint","urlTemplate":"https:\/\/noticiaempauta.com\/portal\/?s={search_term_string}"},"query-input":{"@type":"PropertyValueSpecification","valueRequired":true,"valueName":"search_term_string"}}],"inLanguage":"pt-BR"},{"@type":"Organization","@id":"https:\/\/noticiaempauta.com\/portal\/#organization","name":"Portal Not\u00edcia em Pauta","url":"https:\/\/noticiaempauta.com\/portal\/","logo":{"@type":"ImageObject","inLanguage":"pt-BR","@id":"https:\/\/noticiaempauta.com\/portal\/#\/schema\/logo\/image\/","url":"https:\/\/noticiaempauta.com\/portal\/wp-content\/uploads\/2022\/08\/logomarca_tema.fw_.png","contentUrl":"https:\/\/noticiaempauta.com\/portal\/wp-content\/uploads\/2022\/08\/logomarca_tema.fw_.png","width":400,"height":232,"caption":"Portal Not\u00edcia em Pauta"},"image":{"@id":"https:\/\/noticiaempauta.com\/portal\/#\/schema\/logo\/image\/"},"sameAs":["https:\/\/www.facebook.com\/Portal-Notcia-Em-Pauta-102292869264820\/","https:\/\/www.instagram.com\/portalnoticiaempauta\/"]},{"@type":"Person","@id":"https:\/\/noticiaempauta.com\/portal\/#\/schema\/person\/a74af43dd1ab3deca45f988c717d57ac","name":"Reda\u00e7\u00e3o","image":{"@type":"ImageObject","inLanguage":"pt-BR","@id":"https:\/\/noticiaempauta.com\/portal\/#\/schema\/person\/image\/","url":"https:\/\/secure.gravatar.com\/avatar\/03179346ecce6cdfc13361603e8f54242a90e5cde8618fa23c5c00aa2b0aadf3?s=96&d=mm&r=g","contentUrl":"https:\/\/secure.gravatar.com\/avatar\/03179346ecce6cdfc13361603e8f54242a90e5cde8618fa23c5c00aa2b0aadf3?s=96&d=mm&r=g","caption":"Reda\u00e7\u00e3o"},"sameAs":["https:\/\/noticiaempauta.com\/portal\/"],"url":"https:\/\/noticiaempauta.com\/portal\/author\/fernando\/"}]}},"_links":{"self":[{"href":"https:\/\/noticiaempauta.com\/portal\/wp-json\/wp\/v2\/posts\/263209","targetHints":{"allow":["GET"]}}],"collection":[{"href":"https:\/\/noticiaempauta.com\/portal\/wp-json\/wp\/v2\/posts"}],"about":[{"href":"https:\/\/noticiaempauta.com\/portal\/wp-json\/wp\/v2\/types\/post"}],"author":[{"embeddable":true,"href":"https:\/\/noticiaempauta.com\/portal\/wp-json\/wp\/v2\/users\/2"}],"replies":[{"embeddable":true,"href":"https:\/\/noticiaempauta.com\/portal\/wp-json\/wp\/v2\/comments?post=263209"}],"version-history":[{"count":2,"href":"https:\/\/noticiaempauta.com\/portal\/wp-json\/wp\/v2\/posts\/263209\/revisions"}],"predecessor-version":[{"id":263213,"href":"https:\/\/noticiaempauta.com\/portal\/wp-json\/wp\/v2\/posts\/263209\/revisions\/263213"}],"wp:featuredmedia":[{"embeddable":true,"href":"https:\/\/noticiaempauta.com\/portal\/wp-json\/wp\/v2\/media\/263211"}],"wp:attachment":[{"href":"https:\/\/noticiaempauta.com\/portal\/wp-json\/wp\/v2\/media?parent=263209"}],"wp:term":[{"taxonomy":"category","embeddable":true,"href":"https:\/\/noticiaempauta.com\/portal\/wp-json\/wp\/v2\/categories?post=263209"},{"taxonomy":"post_tag","embeddable":true,"href":"https:\/\/noticiaempauta.com\/portal\/wp-json\/wp\/v2\/tags?post=263209"}],"curies":[{"name":"wp","href":"https:\/\/api.w.org\/{rel}","templated":true}]}}