{"id":263214,"date":"2024-10-21T09:16:22","date_gmt":"2024-10-21T12:16:22","guid":{"rendered":"https:\/\/noticiaempauta.com\/portal\/?p=263214"},"modified":"2024-10-21T09:16:23","modified_gmt":"2024-10-21T12:16:23","slug":"lula-ainda-tem-risco-de-sangramento-intracraniano-e-deve-repetir-exames-diz-medico","status":"publish","type":"post","link":"https:\/\/noticiaempauta.com\/portal\/lula-ainda-tem-risco-de-sangramento-intracraniano-e-deve-repetir-exames-diz-medico\/","title":{"rendered":"Lula ainda tem risco de sangramento intracraniano e deve repetir exames, diz m\u00e9dico"},"content":{"rendered":"\n<p>O presidente Lula (PT) dever\u00e1 passar por novos exames de neuroimagem nas pr\u00f3ximas 72 horas para descartar a possibilidade de sangramento ou edema na regi\u00e3o occipital do cr\u00e2nio, lesionada ap\u00f3s um acidente dom\u00e9stico.\u00a0Lula escorregou e caiu no banheiro\u00a0do Pal\u00e1cio da Alvorada no s\u00e1bado (19), o que resultou em um ferimento corto-contuso na parte de tr\u00e1s da cabe\u00e7a. Ele foi atendido no Hospital S\u00edrio-Liban\u00eas, em Bras\u00edlia, e segue em acompanhamento domiciliar.<\/p>\n\n\n\n<figure class=\"wp-block-image size-full\"><img fetchpriority=\"high\" decoding=\"async\" width=\"1024\" height=\"768\" src=\"https:\/\/noticiaempauta.com\/portal\/wp-content\/uploads\/2023\/03\/Lula_1.webp\" alt=\"\" class=\"wp-image-245453\" srcset=\"https:\/\/noticiaempauta.com\/portal\/wp-content\/uploads\/2023\/03\/Lula_1.webp 1024w, https:\/\/noticiaempauta.com\/portal\/wp-content\/uploads\/2023\/03\/Lula_1-300x225.webp 300w, https:\/\/noticiaempauta.com\/portal\/wp-content\/uploads\/2023\/03\/Lula_1-768x576.webp 768w\" sizes=\"(max-width: 1024px) 100vw, 1024px\" \/><\/figure>\n\n\n\n<p>Segundo especialistas, o protocolo exige monitoramento cont\u00ednuo ap\u00f3s esse tipo de trauma, especialmente para verificar riscos de complica\u00e7\u00f5es como sangramentos intracranianos.\u00a0O boletim m\u00e9dico informou que o presidente sofreu uma contus\u00e3o cerebral, o que pode causar pequenos sangramentos que requerem aten\u00e7\u00e3o. Nas primeiras 72 horas, \u00e9 fundamental o monitoramento de sinais de agravamento, como o aumento de sangramento ou edema cerebral.<\/p>\n\n\n\n<p>O neurocirurgi\u00e3o Luiz Severo destacou que pacientes idosos, como Lula, de 78 anos, apresentam maior vulnerabilidade devido \u00e0 fragilidade dos vasos sangu\u00edneos. O presidente n\u00e3o apresentou perda de consci\u00eancia ou sinais de alerta ao ser atendido, mas os m\u00e9dicos mant\u00eam aten\u00e7\u00e3o redobrada. Al\u00e9m disso, Severo explicou que, em casos como esse, \u00e9 comum que o sangramento ocorra de forma gradual, podendo aumentar com o tempo.<\/p>\n\n\n\n<p>Por orienta\u00e7\u00e3o m\u00e9dica, Lula cancelou sua viagem \u00e0 R\u00fassia para participar da c\u00fapula do BRICS, inicialmente prevista para esta semana. A recomenda\u00e7\u00e3o \u00e9 evitar voos longos, j\u00e1 que a press\u00e3o durante o voo poderia agravar a situa\u00e7\u00e3o. O presidente continuar\u00e1 sendo monitorado por sua equipe m\u00e9dica nos pr\u00f3ximos dias.<\/p>\n\n\n\n<p><strong><em>Fonte: Meio News<\/em><\/strong><\/p>\n","protected":false},"excerpt":{"rendered":"<p>Por orienta\u00e7\u00e3o m\u00e9dica, Lula cancelou sua viagem \u00e0 R\u00fassia para participar da c\u00fapula do BRICS, inicialmente prevista para esta semana.<\/p>\n","protected":false},"author":2,"featured_media":245453,"comment_status":"open","ping_status":"open","sticky":false,"template":"","format":"standard","meta":{"_mi_skip_tracking":false,"footnotes":""},"categories":[25,1,16],"tags":[],"class_list":["post-263214","post","type-post","status-publish","format-standard","has-post-thumbnail","hentry","category-destaques-site","category-geral","category-todas"],"acf":[],"yoast_head":"<!-- This site is optimized with the Yoast SEO Premium plugin v19.2 (Yoast SEO v26.9) - https:\/\/yoast.com\/product\/yoast-seo-premium-wordpress\/ -->\n<title>Lula ainda tem risco de sangramento intracraniano e deve repetir exames, diz m\u00e9dico - Portal Not\u00edcia em Pauta<\/title>\n<meta name=\"robots\" content=\"index, follow, max-snippet:-1, max-image-preview:large, max-video-preview:-1\" \/>\n<link rel=\"canonical\" href=\"https:\/\/noticiaempauta.com\/portal\/lula-ainda-tem-risco-de-sangramento-intracraniano-e-deve-repetir-exames-diz-medico\/\" \/>\n<meta property=\"og:locale\" content=\"pt_BR\" \/>\n<meta property=\"og:type\" content=\"article\" \/>\n<meta property=\"og:title\" content=\"Lula ainda tem risco de sangramento intracraniano e deve repetir exames, diz m\u00e9dico\" \/>\n<meta property=\"og:description\" content=\"Por orienta\u00e7\u00e3o m\u00e9dica, Lula cancelou sua viagem \u00e0 R\u00fassia para participar da c\u00fapula do BRICS, inicialmente prevista para esta semana.\" \/>\n<meta property=\"og:url\" content=\"https:\/\/noticiaempauta.com\/portal\/lula-ainda-tem-risco-de-sangramento-intracraniano-e-deve-repetir-exames-diz-medico\/\" \/>\n<meta property=\"og:site_name\" content=\"Portal Not\u00edcia em Pauta\" \/>\n<meta property=\"article:publisher\" content=\"https:\/\/www.facebook.com\/Portal-Notcia-Em-Pauta-102292869264820\/\" \/>\n<meta property=\"article:published_time\" content=\"2024-10-21T12:16:22+00:00\" \/>\n<meta property=\"article:modified_time\" content=\"2024-10-21T12:16:23+00:00\" \/>\n<meta property=\"og:image\" content=\"https:\/\/noticiaempauta.com\/portal\/wp-content\/uploads\/2023\/03\/Lula_1.webp\" \/>\n\t<meta property=\"og:image:width\" content=\"1024\" \/>\n\t<meta property=\"og:image:height\" content=\"768\" \/>\n\t<meta property=\"og:image:type\" content=\"image\/webp\" \/>\n<meta name=\"author\" content=\"Reda\u00e7\u00e3o\" \/>\n<meta name=\"twitter:card\" content=\"summary_large_image\" \/>\n<meta name=\"twitter:label1\" content=\"Escrito por\" \/>\n\t<meta name=\"twitter:data1\" content=\"Reda\u00e7\u00e3o\" \/>\n\t<meta name=\"twitter:label2\" content=\"Est. tempo de leitura\" \/>\n\t<meta name=\"twitter:data2\" content=\"2 minutos\" \/>\n<script type=\"application\/ld+json\" class=\"yoast-schema-graph\">{\"@context\":\"https:\/\/schema.org\",\"@graph\":[{\"@type\":\"Article\",\"@id\":\"https:\/\/noticiaempauta.com\/portal\/lula-ainda-tem-risco-de-sangramento-intracraniano-e-deve-repetir-exames-diz-medico\/#article\",\"isPartOf\":{\"@id\":\"https:\/\/noticiaempauta.com\/portal\/lula-ainda-tem-risco-de-sangramento-intracraniano-e-deve-repetir-exames-diz-medico\/\"},\"author\":{\"name\":\"Reda\u00e7\u00e3o\",\"@id\":\"https:\/\/noticiaempauta.com\/portal\/#\/schema\/person\/a74af43dd1ab3deca45f988c717d57ac\"},\"headline\":\"Lula ainda tem risco de sangramento intracraniano e deve repetir exames, diz m\u00e9dico\",\"datePublished\":\"2024-10-21T12:16:22+00:00\",\"dateModified\":\"2024-10-21T12:16:23+00:00\",\"mainEntityOfPage\":{\"@id\":\"https:\/\/noticiaempauta.com\/portal\/lula-ainda-tem-risco-de-sangramento-intracraniano-e-deve-repetir-exames-diz-medico\/\"},\"wordCount\":290,\"commentCount\":0,\"publisher\":{\"@id\":\"https:\/\/noticiaempauta.com\/portal\/#organization\"},\"image\":{\"@id\":\"https:\/\/noticiaempauta.com\/portal\/lula-ainda-tem-risco-de-sangramento-intracraniano-e-deve-repetir-exames-diz-medico\/#primaryimage\"},\"thumbnailUrl\":\"https:\/\/noticiaempauta.com\/portal\/wp-content\/uploads\/2023\/03\/Lula_1.webp\",\"articleSection\":[\"Destaques\",\"Geral\",\"Todas as Not\u00edcias\"],\"inLanguage\":\"pt-BR\",\"potentialAction\":[{\"@type\":\"CommentAction\",\"name\":\"Comment\",\"target\":[\"https:\/\/noticiaempauta.com\/portal\/lula-ainda-tem-risco-de-sangramento-intracraniano-e-deve-repetir-exames-diz-medico\/#respond\"]}]},{\"@type\":\"WebPage\",\"@id\":\"https:\/\/noticiaempauta.com\/portal\/lula-ainda-tem-risco-de-sangramento-intracraniano-e-deve-repetir-exames-diz-medico\/\",\"url\":\"https:\/\/noticiaempauta.com\/portal\/lula-ainda-tem-risco-de-sangramento-intracraniano-e-deve-repetir-exames-diz-medico\/\",\"name\":\"Lula ainda tem risco de sangramento intracraniano e deve repetir exames, diz m\u00e9dico - Portal Not\u00edcia em Pauta\",\"isPartOf\":{\"@id\":\"https:\/\/noticiaempauta.com\/portal\/#website\"},\"primaryImageOfPage\":{\"@id\":\"https:\/\/noticiaempauta.com\/portal\/lula-ainda-tem-risco-de-sangramento-intracraniano-e-deve-repetir-exames-diz-medico\/#primaryimage\"},\"image\":{\"@id\":\"https:\/\/noticiaempauta.com\/portal\/lula-ainda-tem-risco-de-sangramento-intracraniano-e-deve-repetir-exames-diz-medico\/#primaryimage\"},\"thumbnailUrl\":\"https:\/\/noticiaempauta.com\/portal\/wp-content\/uploads\/2023\/03\/Lula_1.webp\",\"datePublished\":\"2024-10-21T12:16:22+00:00\",\"dateModified\":\"2024-10-21T12:16:23+00:00\",\"breadcrumb\":{\"@id\":\"https:\/\/noticiaempauta.com\/portal\/lula-ainda-tem-risco-de-sangramento-intracraniano-e-deve-repetir-exames-diz-medico\/#breadcrumb\"},\"inLanguage\":\"pt-BR\",\"potentialAction\":[{\"@type\":\"ReadAction\",\"target\":[\"https:\/\/noticiaempauta.com\/portal\/lula-ainda-tem-risco-de-sangramento-intracraniano-e-deve-repetir-exames-diz-medico\/\"]}]},{\"@type\":\"ImageObject\",\"inLanguage\":\"pt-BR\",\"@id\":\"https:\/\/noticiaempauta.com\/portal\/lula-ainda-tem-risco-de-sangramento-intracraniano-e-deve-repetir-exames-diz-medico\/#primaryimage\",\"url\":\"https:\/\/noticiaempauta.com\/portal\/wp-content\/uploads\/2023\/03\/Lula_1.webp\",\"contentUrl\":\"https:\/\/noticiaempauta.com\/portal\/wp-content\/uploads\/2023\/03\/Lula_1.webp\",\"width\":1024,\"height\":768},{\"@type\":\"BreadcrumbList\",\"@id\":\"https:\/\/noticiaempauta.com\/portal\/lula-ainda-tem-risco-de-sangramento-intracraniano-e-deve-repetir-exames-diz-medico\/#breadcrumb\",\"itemListElement\":[{\"@type\":\"ListItem\",\"position\":1,\"name\":\"P\u00e1gina Inicial\",\"item\":\"https:\/\/noticiaempauta.com\/portal\/\"},{\"@type\":\"ListItem\",\"position\":2,\"name\":\"Destaques\",\"item\":\"https:\/\/noticiaempauta.com\/portal\/destaques-site\/\"},{\"@type\":\"ListItem\",\"position\":3,\"name\":\"Lula ainda tem risco de sangramento intracraniano e deve repetir exames, diz m\u00e9dico\"}]},{\"@type\":\"WebSite\",\"@id\":\"https:\/\/noticiaempauta.com\/portal\/#website\",\"url\":\"https:\/\/noticiaempauta.com\/portal\/\",\"name\":\"Portal Not\u00edcia em Pauta\",\"description\":\"Voc\u00ea bem informado\",\"publisher\":{\"@id\":\"https:\/\/noticiaempauta.com\/portal\/#organization\"},\"potentialAction\":[{\"@type\":\"SearchAction\",\"target\":{\"@type\":\"EntryPoint\",\"urlTemplate\":\"https:\/\/noticiaempauta.com\/portal\/?s={search_term_string}\"},\"query-input\":{\"@type\":\"PropertyValueSpecification\",\"valueRequired\":true,\"valueName\":\"search_term_string\"}}],\"inLanguage\":\"pt-BR\"},{\"@type\":\"Organization\",\"@id\":\"https:\/\/noticiaempauta.com\/portal\/#organization\",\"name\":\"Portal Not\u00edcia em Pauta\",\"url\":\"https:\/\/noticiaempauta.com\/portal\/\",\"logo\":{\"@type\":\"ImageObject\",\"inLanguage\":\"pt-BR\",\"@id\":\"https:\/\/noticiaempauta.com\/portal\/#\/schema\/logo\/image\/\",\"url\":\"https:\/\/noticiaempauta.com\/portal\/wp-content\/uploads\/2022\/08\/logomarca_tema.fw_.png\",\"contentUrl\":\"https:\/\/noticiaempauta.com\/portal\/wp-content\/uploads\/2022\/08\/logomarca_tema.fw_.png\",\"width\":400,\"height\":232,\"caption\":\"Portal Not\u00edcia em Pauta\"},\"image\":{\"@id\":\"https:\/\/noticiaempauta.com\/portal\/#\/schema\/logo\/image\/\"},\"sameAs\":[\"https:\/\/www.facebook.com\/Portal-Notcia-Em-Pauta-102292869264820\/\",\"https:\/\/www.instagram.com\/portalnoticiaempauta\/\"]},{\"@type\":\"Person\",\"@id\":\"https:\/\/noticiaempauta.com\/portal\/#\/schema\/person\/a74af43dd1ab3deca45f988c717d57ac\",\"name\":\"Reda\u00e7\u00e3o\",\"image\":{\"@type\":\"ImageObject\",\"inLanguage\":\"pt-BR\",\"@id\":\"https:\/\/noticiaempauta.com\/portal\/#\/schema\/person\/image\/\",\"url\":\"https:\/\/secure.gravatar.com\/avatar\/03179346ecce6cdfc13361603e8f54242a90e5cde8618fa23c5c00aa2b0aadf3?s=96&d=mm&r=g\",\"contentUrl\":\"https:\/\/secure.gravatar.com\/avatar\/03179346ecce6cdfc13361603e8f54242a90e5cde8618fa23c5c00aa2b0aadf3?s=96&d=mm&r=g\",\"caption\":\"Reda\u00e7\u00e3o\"},\"sameAs\":[\"https:\/\/noticiaempauta.com\/portal\/\"],\"url\":\"https:\/\/noticiaempauta.com\/portal\/author\/fernando\/\"}]}<\/script>\n<!-- \/ Yoast SEO Premium plugin. -->","yoast_head_json":{"title":"Lula ainda tem risco de sangramento intracraniano e deve repetir exames, diz m\u00e9dico - Portal Not\u00edcia em Pauta","robots":{"index":"index","follow":"follow","max-snippet":"max-snippet:-1","max-image-preview":"max-image-preview:large","max-video-preview":"max-video-preview:-1"},"canonical":"https:\/\/noticiaempauta.com\/portal\/lula-ainda-tem-risco-de-sangramento-intracraniano-e-deve-repetir-exames-diz-medico\/","og_locale":"pt_BR","og_type":"article","og_title":"Lula ainda tem risco de sangramento intracraniano e deve repetir exames, diz m\u00e9dico","og_description":"Por orienta\u00e7\u00e3o m\u00e9dica, Lula cancelou sua viagem \u00e0 R\u00fassia para participar da c\u00fapula do BRICS, inicialmente prevista para esta semana.","og_url":"https:\/\/noticiaempauta.com\/portal\/lula-ainda-tem-risco-de-sangramento-intracraniano-e-deve-repetir-exames-diz-medico\/","og_site_name":"Portal Not\u00edcia em Pauta","article_publisher":"https:\/\/www.facebook.com\/Portal-Notcia-Em-Pauta-102292869264820\/","article_published_time":"2024-10-21T12:16:22+00:00","article_modified_time":"2024-10-21T12:16:23+00:00","og_image":[{"width":1024,"height":768,"url":"https:\/\/noticiaempauta.com\/portal\/wp-content\/uploads\/2023\/03\/Lula_1.webp","type":"image\/webp"}],"author":"Reda\u00e7\u00e3o","twitter_card":"summary_large_image","twitter_misc":{"Escrito por":"Reda\u00e7\u00e3o","Est. tempo de leitura":"2 minutos"},"schema":{"@context":"https:\/\/schema.org","@graph":[{"@type":"Article","@id":"https:\/\/noticiaempauta.com\/portal\/lula-ainda-tem-risco-de-sangramento-intracraniano-e-deve-repetir-exames-diz-medico\/#article","isPartOf":{"@id":"https:\/\/noticiaempauta.com\/portal\/lula-ainda-tem-risco-de-sangramento-intracraniano-e-deve-repetir-exames-diz-medico\/"},"author":{"name":"Reda\u00e7\u00e3o","@id":"https:\/\/noticiaempauta.com\/portal\/#\/schema\/person\/a74af43dd1ab3deca45f988c717d57ac"},"headline":"Lula ainda tem risco de sangramento intracraniano e deve repetir exames, diz m\u00e9dico","datePublished":"2024-10-21T12:16:22+00:00","dateModified":"2024-10-21T12:16:23+00:00","mainEntityOfPage":{"@id":"https:\/\/noticiaempauta.com\/portal\/lula-ainda-tem-risco-de-sangramento-intracraniano-e-deve-repetir-exames-diz-medico\/"},"wordCount":290,"commentCount":0,"publisher":{"@id":"https:\/\/noticiaempauta.com\/portal\/#organization"},"image":{"@id":"https:\/\/noticiaempauta.com\/portal\/lula-ainda-tem-risco-de-sangramento-intracraniano-e-deve-repetir-exames-diz-medico\/#primaryimage"},"thumbnailUrl":"https:\/\/noticiaempauta.com\/portal\/wp-content\/uploads\/2023\/03\/Lula_1.webp","articleSection":["Destaques","Geral","Todas as Not\u00edcias"],"inLanguage":"pt-BR","potentialAction":[{"@type":"CommentAction","name":"Comment","target":["https:\/\/noticiaempauta.com\/portal\/lula-ainda-tem-risco-de-sangramento-intracraniano-e-deve-repetir-exames-diz-medico\/#respond"]}]},{"@type":"WebPage","@id":"https:\/\/noticiaempauta.com\/portal\/lula-ainda-tem-risco-de-sangramento-intracraniano-e-deve-repetir-exames-diz-medico\/","url":"https:\/\/noticiaempauta.com\/portal\/lula-ainda-tem-risco-de-sangramento-intracraniano-e-deve-repetir-exames-diz-medico\/","name":"Lula ainda tem risco de sangramento intracraniano e deve repetir exames, diz m\u00e9dico - Portal Not\u00edcia em Pauta","isPartOf":{"@id":"https:\/\/noticiaempauta.com\/portal\/#website"},"primaryImageOfPage":{"@id":"https:\/\/noticiaempauta.com\/portal\/lula-ainda-tem-risco-de-sangramento-intracraniano-e-deve-repetir-exames-diz-medico\/#primaryimage"},"image":{"@id":"https:\/\/noticiaempauta.com\/portal\/lula-ainda-tem-risco-de-sangramento-intracraniano-e-deve-repetir-exames-diz-medico\/#primaryimage"},"thumbnailUrl":"https:\/\/noticiaempauta.com\/portal\/wp-content\/uploads\/2023\/03\/Lula_1.webp","datePublished":"2024-10-21T12:16:22+00:00","dateModified":"2024-10-21T12:16:23+00:00","breadcrumb":{"@id":"https:\/\/noticiaempauta.com\/portal\/lula-ainda-tem-risco-de-sangramento-intracraniano-e-deve-repetir-exames-diz-medico\/#breadcrumb"},"inLanguage":"pt-BR","potentialAction":[{"@type":"ReadAction","target":["https:\/\/noticiaempauta.com\/portal\/lula-ainda-tem-risco-de-sangramento-intracraniano-e-deve-repetir-exames-diz-medico\/"]}]},{"@type":"ImageObject","inLanguage":"pt-BR","@id":"https:\/\/noticiaempauta.com\/portal\/lula-ainda-tem-risco-de-sangramento-intracraniano-e-deve-repetir-exames-diz-medico\/#primaryimage","url":"https:\/\/noticiaempauta.com\/portal\/wp-content\/uploads\/2023\/03\/Lula_1.webp","contentUrl":"https:\/\/noticiaempauta.com\/portal\/wp-content\/uploads\/2023\/03\/Lula_1.webp","width":1024,"height":768},{"@type":"BreadcrumbList","@id":"https:\/\/noticiaempauta.com\/portal\/lula-ainda-tem-risco-de-sangramento-intracraniano-e-deve-repetir-exames-diz-medico\/#breadcrumb","itemListElement":[{"@type":"ListItem","position":1,"name":"P\u00e1gina Inicial","item":"https:\/\/noticiaempauta.com\/portal\/"},{"@type":"ListItem","position":2,"name":"Destaques","item":"https:\/\/noticiaempauta.com\/portal\/destaques-site\/"},{"@type":"ListItem","position":3,"name":"Lula ainda tem risco de sangramento intracraniano e deve repetir exames, diz m\u00e9dico"}]},{"@type":"WebSite","@id":"https:\/\/noticiaempauta.com\/portal\/#website","url":"https:\/\/noticiaempauta.com\/portal\/","name":"Portal Not\u00edcia em Pauta","description":"Voc\u00ea bem informado","publisher":{"@id":"https:\/\/noticiaempauta.com\/portal\/#organization"},"potentialAction":[{"@type":"SearchAction","target":{"@type":"EntryPoint","urlTemplate":"https:\/\/noticiaempauta.com\/portal\/?s={search_term_string}"},"query-input":{"@type":"PropertyValueSpecification","valueRequired":true,"valueName":"search_term_string"}}],"inLanguage":"pt-BR"},{"@type":"Organization","@id":"https:\/\/noticiaempauta.com\/portal\/#organization","name":"Portal Not\u00edcia em Pauta","url":"https:\/\/noticiaempauta.com\/portal\/","logo":{"@type":"ImageObject","inLanguage":"pt-BR","@id":"https:\/\/noticiaempauta.com\/portal\/#\/schema\/logo\/image\/","url":"https:\/\/noticiaempauta.com\/portal\/wp-content\/uploads\/2022\/08\/logomarca_tema.fw_.png","contentUrl":"https:\/\/noticiaempauta.com\/portal\/wp-content\/uploads\/2022\/08\/logomarca_tema.fw_.png","width":400,"height":232,"caption":"Portal Not\u00edcia em Pauta"},"image":{"@id":"https:\/\/noticiaempauta.com\/portal\/#\/schema\/logo\/image\/"},"sameAs":["https:\/\/www.facebook.com\/Portal-Notcia-Em-Pauta-102292869264820\/","https:\/\/www.instagram.com\/portalnoticiaempauta\/"]},{"@type":"Person","@id":"https:\/\/noticiaempauta.com\/portal\/#\/schema\/person\/a74af43dd1ab3deca45f988c717d57ac","name":"Reda\u00e7\u00e3o","image":{"@type":"ImageObject","inLanguage":"pt-BR","@id":"https:\/\/noticiaempauta.com\/portal\/#\/schema\/person\/image\/","url":"https:\/\/secure.gravatar.com\/avatar\/03179346ecce6cdfc13361603e8f54242a90e5cde8618fa23c5c00aa2b0aadf3?s=96&d=mm&r=g","contentUrl":"https:\/\/secure.gravatar.com\/avatar\/03179346ecce6cdfc13361603e8f54242a90e5cde8618fa23c5c00aa2b0aadf3?s=96&d=mm&r=g","caption":"Reda\u00e7\u00e3o"},"sameAs":["https:\/\/noticiaempauta.com\/portal\/"],"url":"https:\/\/noticiaempauta.com\/portal\/author\/fernando\/"}]}},"_links":{"self":[{"href":"https:\/\/noticiaempauta.com\/portal\/wp-json\/wp\/v2\/posts\/263214","targetHints":{"allow":["GET"]}}],"collection":[{"href":"https:\/\/noticiaempauta.com\/portal\/wp-json\/wp\/v2\/posts"}],"about":[{"href":"https:\/\/noticiaempauta.com\/portal\/wp-json\/wp\/v2\/types\/post"}],"author":[{"embeddable":true,"href":"https:\/\/noticiaempauta.com\/portal\/wp-json\/wp\/v2\/users\/2"}],"replies":[{"embeddable":true,"href":"https:\/\/noticiaempauta.com\/portal\/wp-json\/wp\/v2\/comments?post=263214"}],"version-history":[{"count":1,"href":"https:\/\/noticiaempauta.com\/portal\/wp-json\/wp\/v2\/posts\/263214\/revisions"}],"predecessor-version":[{"id":263215,"href":"https:\/\/noticiaempauta.com\/portal\/wp-json\/wp\/v2\/posts\/263214\/revisions\/263215"}],"wp:featuredmedia":[{"embeddable":true,"href":"https:\/\/noticiaempauta.com\/portal\/wp-json\/wp\/v2\/media\/245453"}],"wp:attachment":[{"href":"https:\/\/noticiaempauta.com\/portal\/wp-json\/wp\/v2\/media?parent=263214"}],"wp:term":[{"taxonomy":"category","embeddable":true,"href":"https:\/\/noticiaempauta.com\/portal\/wp-json\/wp\/v2\/categories?post=263214"},{"taxonomy":"post_tag","embeddable":true,"href":"https:\/\/noticiaempauta.com\/portal\/wp-json\/wp\/v2\/tags?post=263214"}],"curies":[{"name":"wp","href":"https:\/\/api.w.org\/{rel}","templated":true}]}}