{"id":263220,"date":"2024-10-21T15:11:00","date_gmt":"2024-10-21T18:11:00","guid":{"rendered":"https:\/\/noticiaempauta.com\/portal\/?p=263220"},"modified":"2024-10-21T15:11:02","modified_gmt":"2024-10-21T18:11:02","slug":"deputado-thales-coelho-participa-do-aniversario-de-115-anos-do-dnocs","status":"publish","type":"post","link":"https:\/\/noticiaempauta.com\/portal\/deputado-thales-coelho-participa-do-aniversario-de-115-anos-do-dnocs\/","title":{"rendered":"Deputado Thales Coelho participa do anivers\u00e1rio de 115 anos do DNOCS"},"content":{"rendered":"\n<p>Na manh\u00e3 desta segunda-feira (21), o deputado estadual Dr. Thales Coelho participou de um caf\u00e9 da manh\u00e3 em comemora\u00e7\u00e3o aos 115 anos do Departamento Nacional de Obras Contra as Secas (DNOCS). O evento foi realizado na sede do \u00f3rg\u00e3o em Teresina e contou com a presen\u00e7a de servidores, prefeitos municipais, al\u00e9m do deputado federal J\u00falio C\u00e9sar e do vereador mais votado de Teresina, Draga Alana.<\/p>\n\n\n\n<figure class=\"wp-block-image size-large\"><img fetchpriority=\"high\" decoding=\"async\" width=\"1024\" height=\"768\" src=\"https:\/\/noticiaempauta.com\/portal\/wp-content\/uploads\/2024\/10\/WhatsApp-Image-2024-10-21-at-13.32.55-1024x768.jpeg\" alt=\"\" class=\"wp-image-263222\" srcset=\"https:\/\/noticiaempauta.com\/portal\/wp-content\/uploads\/2024\/10\/WhatsApp-Image-2024-10-21-at-13.32.55-1024x768.jpeg 1024w, https:\/\/noticiaempauta.com\/portal\/wp-content\/uploads\/2024\/10\/WhatsApp-Image-2024-10-21-at-13.32.55-300x225.jpeg 300w, https:\/\/noticiaempauta.com\/portal\/wp-content\/uploads\/2024\/10\/WhatsApp-Image-2024-10-21-at-13.32.55-768x576.jpeg 768w, https:\/\/noticiaempauta.com\/portal\/wp-content\/uploads\/2024\/10\/WhatsApp-Image-2024-10-21-at-13.32.55-1536x1152.jpeg 1536w, https:\/\/noticiaempauta.com\/portal\/wp-content\/uploads\/2024\/10\/WhatsApp-Image-2024-10-21-at-13.32.55-2048x1536.jpeg 2048w\" sizes=\"(max-width: 1024px) 100vw, 1024px\" \/><\/figure>\n\n\n\n<p>Durante a celebra\u00e7\u00e3o, o deputado Dr. Thales destacou a import\u00e2ncia do trabalho realizado pelo DNOCS no Piau\u00ed, especialmente em rela\u00e7\u00e3o \u00e0 perfura\u00e7\u00e3o de po\u00e7os e ao combate \u00e0 seca no semi\u00e1rido. \u201cHoje comemoramos essa data centen\u00e1ria com a presen\u00e7a dos servidores que atuam com muito trabalho em nosso estado. Agrade\u00e7o o convite do coordenador estadual Assis Rocha e reafirmo o compromisso do nosso mandato em ampliar os esfor\u00e7os no combate \u00e0 seca no Piau\u00ed\u201d, afirmou Dr. Thales.<\/p>\n\n\n\n<figure class=\"wp-block-image size-large\"><img decoding=\"async\" width=\"1024\" height=\"768\" src=\"https:\/\/noticiaempauta.com\/portal\/wp-content\/uploads\/2024\/10\/WhatsApp-Image-2024-10-21-at-13.32.54-1024x768.jpeg\" alt=\"\" class=\"wp-image-263221\" srcset=\"https:\/\/noticiaempauta.com\/portal\/wp-content\/uploads\/2024\/10\/WhatsApp-Image-2024-10-21-at-13.32.54-1024x768.jpeg 1024w, https:\/\/noticiaempauta.com\/portal\/wp-content\/uploads\/2024\/10\/WhatsApp-Image-2024-10-21-at-13.32.54-300x225.jpeg 300w, https:\/\/noticiaempauta.com\/portal\/wp-content\/uploads\/2024\/10\/WhatsApp-Image-2024-10-21-at-13.32.54-768x576.jpeg 768w, https:\/\/noticiaempauta.com\/portal\/wp-content\/uploads\/2024\/10\/WhatsApp-Image-2024-10-21-at-13.32.54-1536x1152.jpeg 1536w, https:\/\/noticiaempauta.com\/portal\/wp-content\/uploads\/2024\/10\/WhatsApp-Image-2024-10-21-at-13.32.54-2048x1536.jpeg 2048w\" sizes=\"(max-width: 1024px) 100vw, 1024px\" \/><\/figure>\n\n\n\n<p>O DNOCS, que completa 115 anos de atua\u00e7\u00e3o no nordeste brasileiro, tem desempenhado um papel fundamental na melhoria das condi\u00e7\u00f5es de vida das popula\u00e7\u00f5es mais vulner\u00e1veis. <\/p>\n\n\n\n<figure class=\"wp-block-image size-large\"><img decoding=\"async\" width=\"1024\" height=\"768\" src=\"https:\/\/noticiaempauta.com\/portal\/wp-content\/uploads\/2024\/10\/WhatsApp-Image-2024-10-21-at-13.32.54-2-1024x768.jpeg\" alt=\"\" class=\"wp-image-263224\" srcset=\"https:\/\/noticiaempauta.com\/portal\/wp-content\/uploads\/2024\/10\/WhatsApp-Image-2024-10-21-at-13.32.54-2-1024x768.jpeg 1024w, https:\/\/noticiaempauta.com\/portal\/wp-content\/uploads\/2024\/10\/WhatsApp-Image-2024-10-21-at-13.32.54-2-300x225.jpeg 300w, https:\/\/noticiaempauta.com\/portal\/wp-content\/uploads\/2024\/10\/WhatsApp-Image-2024-10-21-at-13.32.54-2-768x576.jpeg 768w, https:\/\/noticiaempauta.com\/portal\/wp-content\/uploads\/2024\/10\/WhatsApp-Image-2024-10-21-at-13.32.54-2-1536x1152.jpeg 1536w, https:\/\/noticiaempauta.com\/portal\/wp-content\/uploads\/2024\/10\/WhatsApp-Image-2024-10-21-at-13.32.54-2-2048x1536.jpeg 2048w\" sizes=\"(max-width: 1024px) 100vw, 1024px\" \/><\/figure>\n\n\n\n<p>O coordenador do \u00f3rg\u00e3o no Piau\u00ed, Assis Rocha, destacou que, desde que assumiu a gest\u00e3o em abril deste ano, j\u00e1 foram perfurados 1.720 po\u00e7os no estado, beneficiando mais de 70 mil fam\u00edlias. &#8220;Levamos at\u00e9 as pessoas um bem precioso e determinante para a sobreviv\u00eancia de qualquer ser vivo. Vamos seguir focados e determinados nessa honrosa miss\u00e3o&#8221;, declarou Assis Rocha.<\/p>\n\n\n\n<figure class=\"wp-block-image size-full\"><img decoding=\"async\" src=\"https:\/\/noticiaempauta.com\/portal\/wp-content\/uploads\/2024\/10\/WhatsApp-Image-2024-10-21-at-13.32.54-1.jpeg\" alt=\"\" class=\"wp-image-263223\"\/><\/figure>\n\n\n\n<p><strong>Projetos em andamento e futuro do DNOCS<\/strong><br>Al\u00e9m das perfura\u00e7\u00f5es de po\u00e7os, o DNOCS no Piau\u00ed tamb\u00e9m distribuiu 2,5 milh\u00f5es de alevinos para peixamento de a\u00e7udes em v\u00e1rias regi\u00f5es do estado, com o objetivo de fortalecer a economia local e garantir seguran\u00e7a alimentar \u00e0s fam\u00edlias que dependem da pesca.<\/p>\n\n\n\n<figure class=\"wp-block-image size-large\"><img loading=\"lazy\" decoding=\"async\" width=\"1024\" height=\"1024\" src=\"https:\/\/noticiaempauta.com\/portal\/wp-content\/uploads\/2024\/10\/WhatsApp-Image-2024-10-21-at-13.32.53-1024x1024.jpeg\" alt=\"\" class=\"wp-image-263225\" srcset=\"https:\/\/noticiaempauta.com\/portal\/wp-content\/uploads\/2024\/10\/WhatsApp-Image-2024-10-21-at-13.32.53-1024x1024.jpeg 1024w, https:\/\/noticiaempauta.com\/portal\/wp-content\/uploads\/2024\/10\/WhatsApp-Image-2024-10-21-at-13.32.53-300x300.jpeg 300w, https:\/\/noticiaempauta.com\/portal\/wp-content\/uploads\/2024\/10\/WhatsApp-Image-2024-10-21-at-13.32.53-150x150.jpeg 150w, https:\/\/noticiaempauta.com\/portal\/wp-content\/uploads\/2024\/10\/WhatsApp-Image-2024-10-21-at-13.32.53-768x768.jpeg 768w, https:\/\/noticiaempauta.com\/portal\/wp-content\/uploads\/2024\/10\/WhatsApp-Image-2024-10-21-at-13.32.53-1536x1536.jpeg 1536w, https:\/\/noticiaempauta.com\/portal\/wp-content\/uploads\/2024\/10\/WhatsApp-Image-2024-10-21-at-13.32.53-2048x2048.jpeg 2048w\" sizes=\"(max-width: 1024px) 100vw, 1024px\" \/><\/figure>\n\n\n\n<p>A presen\u00e7a do deputado Dr. Thales Coelho foi valorizada por Assis Rocha, que ressaltou o alinhamento do legislativo estadual com os projetos da institui\u00e7\u00e3o. \u201cA presen\u00e7a do deputado Dr. Thales neste caf\u00e9 da manh\u00e3 \u00e9 muito importante, pois evidencia os esfor\u00e7os dele e do legislativo piauiense no combate \u00e0 seca e no fortalecimento do DNOCS no estado. Estamos alinhados para ampliar nossa atua\u00e7\u00e3o e levar benef\u00edcios \u00e0 popula\u00e7\u00e3o que mais precisa\u201d, concluiu Assis Rocha.<\/p>\n\n\n\n<p>Com a reafirma\u00e7\u00e3o do compromisso pol\u00edtico de apoio ao DNOCS, a expectativa \u00e9 que mais iniciativas sejam implementadas para garantir o acesso \u00e0 \u00e1gua e o desenvolvimento sustent\u00e1vel das regi\u00f5es atingidas pela seca no Piau\u00ed.<\/p>\n\n\n\n<p>Ascom<\/p>\n","protected":false},"excerpt":{"rendered":"<p>O parlamentar participou de caf\u00e9 da manh\u00e3 com servidores e reafirmou compromisso no combate \u00e0 seca no Piau\u00ed<\/p>\n","protected":false},"author":2,"featured_media":263221,"comment_status":"open","ping_status":"open","sticky":false,"template":"","format":"standard","meta":{"_mi_skip_tracking":false,"footnotes":""},"categories":[25,1,16],"tags":[],"class_list":["post-263220","post","type-post","status-publish","format-standard","has-post-thumbnail","hentry","category-destaques-site","category-geral","category-todas"],"acf":[],"yoast_head":"<!-- This site is optimized with the Yoast SEO Premium plugin v19.2 (Yoast SEO v26.9) - https:\/\/yoast.com\/product\/yoast-seo-premium-wordpress\/ -->\n<title>Deputado Thales Coelho participa do anivers\u00e1rio de 115 anos do DNOCS - Portal Not\u00edcia em Pauta<\/title>\n<meta name=\"robots\" content=\"index, follow, max-snippet:-1, max-image-preview:large, max-video-preview:-1\" \/>\n<link rel=\"canonical\" href=\"https:\/\/noticiaempauta.com\/portal\/deputado-thales-coelho-participa-do-aniversario-de-115-anos-do-dnocs\/\" \/>\n<meta property=\"og:locale\" content=\"pt_BR\" \/>\n<meta property=\"og:type\" content=\"article\" \/>\n<meta property=\"og:title\" content=\"Deputado Thales Coelho participa do anivers\u00e1rio de 115 anos do DNOCS\" \/>\n<meta property=\"og:description\" content=\"O parlamentar participou de caf\u00e9 da manh\u00e3 com servidores e reafirmou compromisso no combate \u00e0 seca no Piau\u00ed\" \/>\n<meta property=\"og:url\" content=\"https:\/\/noticiaempauta.com\/portal\/deputado-thales-coelho-participa-do-aniversario-de-115-anos-do-dnocs\/\" \/>\n<meta property=\"og:site_name\" content=\"Portal Not\u00edcia em Pauta\" \/>\n<meta property=\"article:publisher\" content=\"https:\/\/www.facebook.com\/Portal-Notcia-Em-Pauta-102292869264820\/\" \/>\n<meta property=\"article:published_time\" content=\"2024-10-21T18:11:00+00:00\" \/>\n<meta property=\"article:modified_time\" content=\"2024-10-21T18:11:02+00:00\" \/>\n<meta property=\"og:image\" content=\"https:\/\/noticiaempauta.com\/portal\/wp-content\/uploads\/2024\/10\/WhatsApp-Image-2024-10-21-at-13.32.54-scaled.jpeg\" \/>\n\t<meta property=\"og:image:width\" content=\"2560\" \/>\n\t<meta property=\"og:image:height\" content=\"1920\" \/>\n\t<meta property=\"og:image:type\" content=\"image\/jpeg\" \/>\n<meta name=\"author\" content=\"Reda\u00e7\u00e3o\" \/>\n<meta name=\"twitter:card\" content=\"summary_large_image\" \/>\n<meta name=\"twitter:label1\" content=\"Escrito por\" \/>\n\t<meta name=\"twitter:data1\" content=\"Reda\u00e7\u00e3o\" \/>\n\t<meta name=\"twitter:label2\" content=\"Est. tempo de leitura\" \/>\n\t<meta name=\"twitter:data2\" content=\"4 minutos\" \/>\n<script type=\"application\/ld+json\" class=\"yoast-schema-graph\">{\"@context\":\"https:\/\/schema.org\",\"@graph\":[{\"@type\":\"Article\",\"@id\":\"https:\/\/noticiaempauta.com\/portal\/deputado-thales-coelho-participa-do-aniversario-de-115-anos-do-dnocs\/#article\",\"isPartOf\":{\"@id\":\"https:\/\/noticiaempauta.com\/portal\/deputado-thales-coelho-participa-do-aniversario-de-115-anos-do-dnocs\/\"},\"author\":{\"name\":\"Reda\u00e7\u00e3o\",\"@id\":\"https:\/\/noticiaempauta.com\/portal\/#\/schema\/person\/a74af43dd1ab3deca45f988c717d57ac\"},\"headline\":\"Deputado Thales Coelho participa do anivers\u00e1rio de 115 anos do DNOCS\",\"datePublished\":\"2024-10-21T18:11:00+00:00\",\"dateModified\":\"2024-10-21T18:11:02+00:00\",\"mainEntityOfPage\":{\"@id\":\"https:\/\/noticiaempauta.com\/portal\/deputado-thales-coelho-participa-do-aniversario-de-115-anos-do-dnocs\/\"},\"wordCount\":430,\"commentCount\":0,\"publisher\":{\"@id\":\"https:\/\/noticiaempauta.com\/portal\/#organization\"},\"image\":{\"@id\":\"https:\/\/noticiaempauta.com\/portal\/deputado-thales-coelho-participa-do-aniversario-de-115-anos-do-dnocs\/#primaryimage\"},\"thumbnailUrl\":\"https:\/\/noticiaempauta.com\/portal\/wp-content\/uploads\/2024\/10\/WhatsApp-Image-2024-10-21-at-13.32.54-scaled.jpeg\",\"articleSection\":[\"Destaques\",\"Geral\",\"Todas as Not\u00edcias\"],\"inLanguage\":\"pt-BR\",\"potentialAction\":[{\"@type\":\"CommentAction\",\"name\":\"Comment\",\"target\":[\"https:\/\/noticiaempauta.com\/portal\/deputado-thales-coelho-participa-do-aniversario-de-115-anos-do-dnocs\/#respond\"]}]},{\"@type\":\"WebPage\",\"@id\":\"https:\/\/noticiaempauta.com\/portal\/deputado-thales-coelho-participa-do-aniversario-de-115-anos-do-dnocs\/\",\"url\":\"https:\/\/noticiaempauta.com\/portal\/deputado-thales-coelho-participa-do-aniversario-de-115-anos-do-dnocs\/\",\"name\":\"Deputado Thales Coelho participa do anivers\u00e1rio de 115 anos do DNOCS - Portal Not\u00edcia em Pauta\",\"isPartOf\":{\"@id\":\"https:\/\/noticiaempauta.com\/portal\/#website\"},\"primaryImageOfPage\":{\"@id\":\"https:\/\/noticiaempauta.com\/portal\/deputado-thales-coelho-participa-do-aniversario-de-115-anos-do-dnocs\/#primaryimage\"},\"image\":{\"@id\":\"https:\/\/noticiaempauta.com\/portal\/deputado-thales-coelho-participa-do-aniversario-de-115-anos-do-dnocs\/#primaryimage\"},\"thumbnailUrl\":\"https:\/\/noticiaempauta.com\/portal\/wp-content\/uploads\/2024\/10\/WhatsApp-Image-2024-10-21-at-13.32.54-scaled.jpeg\",\"datePublished\":\"2024-10-21T18:11:00+00:00\",\"dateModified\":\"2024-10-21T18:11:02+00:00\",\"breadcrumb\":{\"@id\":\"https:\/\/noticiaempauta.com\/portal\/deputado-thales-coelho-participa-do-aniversario-de-115-anos-do-dnocs\/#breadcrumb\"},\"inLanguage\":\"pt-BR\",\"potentialAction\":[{\"@type\":\"ReadAction\",\"target\":[\"https:\/\/noticiaempauta.com\/portal\/deputado-thales-coelho-participa-do-aniversario-de-115-anos-do-dnocs\/\"]}]},{\"@type\":\"ImageObject\",\"inLanguage\":\"pt-BR\",\"@id\":\"https:\/\/noticiaempauta.com\/portal\/deputado-thales-coelho-participa-do-aniversario-de-115-anos-do-dnocs\/#primaryimage\",\"url\":\"https:\/\/noticiaempauta.com\/portal\/wp-content\/uploads\/2024\/10\/WhatsApp-Image-2024-10-21-at-13.32.54-scaled.jpeg\",\"contentUrl\":\"https:\/\/noticiaempauta.com\/portal\/wp-content\/uploads\/2024\/10\/WhatsApp-Image-2024-10-21-at-13.32.54-scaled.jpeg\",\"width\":2560,\"height\":1920},{\"@type\":\"BreadcrumbList\",\"@id\":\"https:\/\/noticiaempauta.com\/portal\/deputado-thales-coelho-participa-do-aniversario-de-115-anos-do-dnocs\/#breadcrumb\",\"itemListElement\":[{\"@type\":\"ListItem\",\"position\":1,\"name\":\"P\u00e1gina Inicial\",\"item\":\"https:\/\/noticiaempauta.com\/portal\/\"},{\"@type\":\"ListItem\",\"position\":2,\"name\":\"Destaques\",\"item\":\"https:\/\/noticiaempauta.com\/portal\/destaques-site\/\"},{\"@type\":\"ListItem\",\"position\":3,\"name\":\"Deputado Thales Coelho participa do anivers\u00e1rio de 115 anos do DNOCS\"}]},{\"@type\":\"WebSite\",\"@id\":\"https:\/\/noticiaempauta.com\/portal\/#website\",\"url\":\"https:\/\/noticiaempauta.com\/portal\/\",\"name\":\"Portal Not\u00edcia em Pauta\",\"description\":\"Voc\u00ea bem informado\",\"publisher\":{\"@id\":\"https:\/\/noticiaempauta.com\/portal\/#organization\"},\"potentialAction\":[{\"@type\":\"SearchAction\",\"target\":{\"@type\":\"EntryPoint\",\"urlTemplate\":\"https:\/\/noticiaempauta.com\/portal\/?s={search_term_string}\"},\"query-input\":{\"@type\":\"PropertyValueSpecification\",\"valueRequired\":true,\"valueName\":\"search_term_string\"}}],\"inLanguage\":\"pt-BR\"},{\"@type\":\"Organization\",\"@id\":\"https:\/\/noticiaempauta.com\/portal\/#organization\",\"name\":\"Portal Not\u00edcia em Pauta\",\"url\":\"https:\/\/noticiaempauta.com\/portal\/\",\"logo\":{\"@type\":\"ImageObject\",\"inLanguage\":\"pt-BR\",\"@id\":\"https:\/\/noticiaempauta.com\/portal\/#\/schema\/logo\/image\/\",\"url\":\"https:\/\/noticiaempauta.com\/portal\/wp-content\/uploads\/2022\/08\/logomarca_tema.fw_.png\",\"contentUrl\":\"https:\/\/noticiaempauta.com\/portal\/wp-content\/uploads\/2022\/08\/logomarca_tema.fw_.png\",\"width\":400,\"height\":232,\"caption\":\"Portal Not\u00edcia em Pauta\"},\"image\":{\"@id\":\"https:\/\/noticiaempauta.com\/portal\/#\/schema\/logo\/image\/\"},\"sameAs\":[\"https:\/\/www.facebook.com\/Portal-Notcia-Em-Pauta-102292869264820\/\",\"https:\/\/www.instagram.com\/portalnoticiaempauta\/\"]},{\"@type\":\"Person\",\"@id\":\"https:\/\/noticiaempauta.com\/portal\/#\/schema\/person\/a74af43dd1ab3deca45f988c717d57ac\",\"name\":\"Reda\u00e7\u00e3o\",\"image\":{\"@type\":\"ImageObject\",\"inLanguage\":\"pt-BR\",\"@id\":\"https:\/\/noticiaempauta.com\/portal\/#\/schema\/person\/image\/\",\"url\":\"https:\/\/secure.gravatar.com\/avatar\/03179346ecce6cdfc13361603e8f54242a90e5cde8618fa23c5c00aa2b0aadf3?s=96&d=mm&r=g\",\"contentUrl\":\"https:\/\/secure.gravatar.com\/avatar\/03179346ecce6cdfc13361603e8f54242a90e5cde8618fa23c5c00aa2b0aadf3?s=96&d=mm&r=g\",\"caption\":\"Reda\u00e7\u00e3o\"},\"sameAs\":[\"https:\/\/noticiaempauta.com\/portal\/\"],\"url\":\"https:\/\/noticiaempauta.com\/portal\/author\/fernando\/\"}]}<\/script>\n<!-- \/ Yoast SEO Premium plugin. -->","yoast_head_json":{"title":"Deputado Thales Coelho participa do anivers\u00e1rio de 115 anos do DNOCS - Portal Not\u00edcia em Pauta","robots":{"index":"index","follow":"follow","max-snippet":"max-snippet:-1","max-image-preview":"max-image-preview:large","max-video-preview":"max-video-preview:-1"},"canonical":"https:\/\/noticiaempauta.com\/portal\/deputado-thales-coelho-participa-do-aniversario-de-115-anos-do-dnocs\/","og_locale":"pt_BR","og_type":"article","og_title":"Deputado Thales Coelho participa do anivers\u00e1rio de 115 anos do DNOCS","og_description":"O parlamentar participou de caf\u00e9 da manh\u00e3 com servidores e reafirmou compromisso no combate \u00e0 seca no Piau\u00ed","og_url":"https:\/\/noticiaempauta.com\/portal\/deputado-thales-coelho-participa-do-aniversario-de-115-anos-do-dnocs\/","og_site_name":"Portal Not\u00edcia em Pauta","article_publisher":"https:\/\/www.facebook.com\/Portal-Notcia-Em-Pauta-102292869264820\/","article_published_time":"2024-10-21T18:11:00+00:00","article_modified_time":"2024-10-21T18:11:02+00:00","og_image":[{"width":2560,"height":1920,"url":"https:\/\/noticiaempauta.com\/portal\/wp-content\/uploads\/2024\/10\/WhatsApp-Image-2024-10-21-at-13.32.54-scaled.jpeg","type":"image\/jpeg"}],"author":"Reda\u00e7\u00e3o","twitter_card":"summary_large_image","twitter_misc":{"Escrito por":"Reda\u00e7\u00e3o","Est. tempo de leitura":"4 minutos"},"schema":{"@context":"https:\/\/schema.org","@graph":[{"@type":"Article","@id":"https:\/\/noticiaempauta.com\/portal\/deputado-thales-coelho-participa-do-aniversario-de-115-anos-do-dnocs\/#article","isPartOf":{"@id":"https:\/\/noticiaempauta.com\/portal\/deputado-thales-coelho-participa-do-aniversario-de-115-anos-do-dnocs\/"},"author":{"name":"Reda\u00e7\u00e3o","@id":"https:\/\/noticiaempauta.com\/portal\/#\/schema\/person\/a74af43dd1ab3deca45f988c717d57ac"},"headline":"Deputado Thales Coelho participa do anivers\u00e1rio de 115 anos do DNOCS","datePublished":"2024-10-21T18:11:00+00:00","dateModified":"2024-10-21T18:11:02+00:00","mainEntityOfPage":{"@id":"https:\/\/noticiaempauta.com\/portal\/deputado-thales-coelho-participa-do-aniversario-de-115-anos-do-dnocs\/"},"wordCount":430,"commentCount":0,"publisher":{"@id":"https:\/\/noticiaempauta.com\/portal\/#organization"},"image":{"@id":"https:\/\/noticiaempauta.com\/portal\/deputado-thales-coelho-participa-do-aniversario-de-115-anos-do-dnocs\/#primaryimage"},"thumbnailUrl":"https:\/\/noticiaempauta.com\/portal\/wp-content\/uploads\/2024\/10\/WhatsApp-Image-2024-10-21-at-13.32.54-scaled.jpeg","articleSection":["Destaques","Geral","Todas as Not\u00edcias"],"inLanguage":"pt-BR","potentialAction":[{"@type":"CommentAction","name":"Comment","target":["https:\/\/noticiaempauta.com\/portal\/deputado-thales-coelho-participa-do-aniversario-de-115-anos-do-dnocs\/#respond"]}]},{"@type":"WebPage","@id":"https:\/\/noticiaempauta.com\/portal\/deputado-thales-coelho-participa-do-aniversario-de-115-anos-do-dnocs\/","url":"https:\/\/noticiaempauta.com\/portal\/deputado-thales-coelho-participa-do-aniversario-de-115-anos-do-dnocs\/","name":"Deputado Thales Coelho participa do anivers\u00e1rio de 115 anos do DNOCS - Portal Not\u00edcia em Pauta","isPartOf":{"@id":"https:\/\/noticiaempauta.com\/portal\/#website"},"primaryImageOfPage":{"@id":"https:\/\/noticiaempauta.com\/portal\/deputado-thales-coelho-participa-do-aniversario-de-115-anos-do-dnocs\/#primaryimage"},"image":{"@id":"https:\/\/noticiaempauta.com\/portal\/deputado-thales-coelho-participa-do-aniversario-de-115-anos-do-dnocs\/#primaryimage"},"thumbnailUrl":"https:\/\/noticiaempauta.com\/portal\/wp-content\/uploads\/2024\/10\/WhatsApp-Image-2024-10-21-at-13.32.54-scaled.jpeg","datePublished":"2024-10-21T18:11:00+00:00","dateModified":"2024-10-21T18:11:02+00:00","breadcrumb":{"@id":"https:\/\/noticiaempauta.com\/portal\/deputado-thales-coelho-participa-do-aniversario-de-115-anos-do-dnocs\/#breadcrumb"},"inLanguage":"pt-BR","potentialAction":[{"@type":"ReadAction","target":["https:\/\/noticiaempauta.com\/portal\/deputado-thales-coelho-participa-do-aniversario-de-115-anos-do-dnocs\/"]}]},{"@type":"ImageObject","inLanguage":"pt-BR","@id":"https:\/\/noticiaempauta.com\/portal\/deputado-thales-coelho-participa-do-aniversario-de-115-anos-do-dnocs\/#primaryimage","url":"https:\/\/noticiaempauta.com\/portal\/wp-content\/uploads\/2024\/10\/WhatsApp-Image-2024-10-21-at-13.32.54-scaled.jpeg","contentUrl":"https:\/\/noticiaempauta.com\/portal\/wp-content\/uploads\/2024\/10\/WhatsApp-Image-2024-10-21-at-13.32.54-scaled.jpeg","width":2560,"height":1920},{"@type":"BreadcrumbList","@id":"https:\/\/noticiaempauta.com\/portal\/deputado-thales-coelho-participa-do-aniversario-de-115-anos-do-dnocs\/#breadcrumb","itemListElement":[{"@type":"ListItem","position":1,"name":"P\u00e1gina Inicial","item":"https:\/\/noticiaempauta.com\/portal\/"},{"@type":"ListItem","position":2,"name":"Destaques","item":"https:\/\/noticiaempauta.com\/portal\/destaques-site\/"},{"@type":"ListItem","position":3,"name":"Deputado Thales Coelho participa do anivers\u00e1rio de 115 anos do DNOCS"}]},{"@type":"WebSite","@id":"https:\/\/noticiaempauta.com\/portal\/#website","url":"https:\/\/noticiaempauta.com\/portal\/","name":"Portal Not\u00edcia em Pauta","description":"Voc\u00ea bem informado","publisher":{"@id":"https:\/\/noticiaempauta.com\/portal\/#organization"},"potentialAction":[{"@type":"SearchAction","target":{"@type":"EntryPoint","urlTemplate":"https:\/\/noticiaempauta.com\/portal\/?s={search_term_string}"},"query-input":{"@type":"PropertyValueSpecification","valueRequired":true,"valueName":"search_term_string"}}],"inLanguage":"pt-BR"},{"@type":"Organization","@id":"https:\/\/noticiaempauta.com\/portal\/#organization","name":"Portal Not\u00edcia em Pauta","url":"https:\/\/noticiaempauta.com\/portal\/","logo":{"@type":"ImageObject","inLanguage":"pt-BR","@id":"https:\/\/noticiaempauta.com\/portal\/#\/schema\/logo\/image\/","url":"https:\/\/noticiaempauta.com\/portal\/wp-content\/uploads\/2022\/08\/logomarca_tema.fw_.png","contentUrl":"https:\/\/noticiaempauta.com\/portal\/wp-content\/uploads\/2022\/08\/logomarca_tema.fw_.png","width":400,"height":232,"caption":"Portal Not\u00edcia em Pauta"},"image":{"@id":"https:\/\/noticiaempauta.com\/portal\/#\/schema\/logo\/image\/"},"sameAs":["https:\/\/www.facebook.com\/Portal-Notcia-Em-Pauta-102292869264820\/","https:\/\/www.instagram.com\/portalnoticiaempauta\/"]},{"@type":"Person","@id":"https:\/\/noticiaempauta.com\/portal\/#\/schema\/person\/a74af43dd1ab3deca45f988c717d57ac","name":"Reda\u00e7\u00e3o","image":{"@type":"ImageObject","inLanguage":"pt-BR","@id":"https:\/\/noticiaempauta.com\/portal\/#\/schema\/person\/image\/","url":"https:\/\/secure.gravatar.com\/avatar\/03179346ecce6cdfc13361603e8f54242a90e5cde8618fa23c5c00aa2b0aadf3?s=96&d=mm&r=g","contentUrl":"https:\/\/secure.gravatar.com\/avatar\/03179346ecce6cdfc13361603e8f54242a90e5cde8618fa23c5c00aa2b0aadf3?s=96&d=mm&r=g","caption":"Reda\u00e7\u00e3o"},"sameAs":["https:\/\/noticiaempauta.com\/portal\/"],"url":"https:\/\/noticiaempauta.com\/portal\/author\/fernando\/"}]}},"_links":{"self":[{"href":"https:\/\/noticiaempauta.com\/portal\/wp-json\/wp\/v2\/posts\/263220","targetHints":{"allow":["GET"]}}],"collection":[{"href":"https:\/\/noticiaempauta.com\/portal\/wp-json\/wp\/v2\/posts"}],"about":[{"href":"https:\/\/noticiaempauta.com\/portal\/wp-json\/wp\/v2\/types\/post"}],"author":[{"embeddable":true,"href":"https:\/\/noticiaempauta.com\/portal\/wp-json\/wp\/v2\/users\/2"}],"replies":[{"embeddable":true,"href":"https:\/\/noticiaempauta.com\/portal\/wp-json\/wp\/v2\/comments?post=263220"}],"version-history":[{"count":1,"href":"https:\/\/noticiaempauta.com\/portal\/wp-json\/wp\/v2\/posts\/263220\/revisions"}],"predecessor-version":[{"id":263226,"href":"https:\/\/noticiaempauta.com\/portal\/wp-json\/wp\/v2\/posts\/263220\/revisions\/263226"}],"wp:featuredmedia":[{"embeddable":true,"href":"https:\/\/noticiaempauta.com\/portal\/wp-json\/wp\/v2\/media\/263221"}],"wp:attachment":[{"href":"https:\/\/noticiaempauta.com\/portal\/wp-json\/wp\/v2\/media?parent=263220"}],"wp:term":[{"taxonomy":"category","embeddable":true,"href":"https:\/\/noticiaempauta.com\/portal\/wp-json\/wp\/v2\/categories?post=263220"},{"taxonomy":"post_tag","embeddable":true,"href":"https:\/\/noticiaempauta.com\/portal\/wp-json\/wp\/v2\/tags?post=263220"}],"curies":[{"name":"wp","href":"https:\/\/api.w.org\/{rel}","templated":true}]}}