{"id":263236,"date":"2024-10-21T16:38:05","date_gmt":"2024-10-21T19:38:05","guid":{"rendered":"https:\/\/noticiaempauta.com\/portal\/?p=263236"},"modified":"2024-10-21T16:58:29","modified_gmt":"2024-10-21T19:58:29","slug":"picos-adolescente-que-teve-braco-e-perna-amputados-apos-queda-de-muro-deixa-a-uti","status":"publish","type":"post","link":"https:\/\/noticiaempauta.com\/portal\/picos-adolescente-que-teve-braco-e-perna-amputados-apos-queda-de-muro-deixa-a-uti\/","title":{"rendered":"Picos | Adolescente que teve bra\u00e7o e perna amputados ap\u00f3s queda de muro deixa a UTI"},"content":{"rendered":"\n<p>O adolescente que teve o bra\u00e7o e perna amputados ap\u00f3s a parede de uma obra cair na cidade de Picos, no interior do Piau\u00ed, teve alta da UTI e foi transferido para a enfermaria do novo Hospital Regional de Picos, o incidente ocorreu na semana passada no bairro bomba.\u00a0<\/p>\n\n\n\n<figure class=\"wp-block-image size-full\"><img fetchpriority=\"high\" decoding=\"async\" width=\"790\" height=\"596\" src=\"https:\/\/noticiaempauta.com\/portal\/wp-content\/uploads\/2024\/10\/3c15bde1a56dfc13ccb96b9984ddac04.jpg\" alt=\"\" class=\"wp-image-263238\" srcset=\"https:\/\/noticiaempauta.com\/portal\/wp-content\/uploads\/2024\/10\/3c15bde1a56dfc13ccb96b9984ddac04.jpg 790w, https:\/\/noticiaempauta.com\/portal\/wp-content\/uploads\/2024\/10\/3c15bde1a56dfc13ccb96b9984ddac04-300x226.jpg 300w, https:\/\/noticiaempauta.com\/portal\/wp-content\/uploads\/2024\/10\/3c15bde1a56dfc13ccb96b9984ddac04-768x579.jpg 768w\" sizes=\"(max-width: 790px) 100vw, 790px\" \/><\/figure>\n\n\n\n<p>&#8220;Gra\u00e7as a Deus est\u00e1 bem. Primeiramente agrade\u00e7o a Deus, a equipe m\u00e9dica e dizer que foi um choque muito grande. Foi uma fatalidade. Ele n\u00e3o estava trabalhando, estava conversando com o dono do im\u00f3vel e foi ajudar uma pessoa que pediu um cabo de a\u00e7o. Esmagou a perna, m\u00e3o e bra\u00e7o direitos. Est\u00e1 se recuperando. O dono da obra est\u00e1 dando apoio&#8221;, disse Ant\u00f4nio Costa, pai do adolescente.&nbsp;<\/p>\n\n\n\n<p>Sem se identificar, um dos engenheiros respons\u00e1veis pela obra relatou que o projeto est\u00e1 registrado no Conselho Regional de Engenharia, mas n\u00e3o soube explicar as causas do desabamento.<\/p>\n\n\n\n<p>O incidente com o garoto causou como\u00e7\u00e3o na cidade. O adolescente segue em observa\u00e7\u00e3o.&nbsp;<\/p>\n\n\n\n<figure class=\"wp-block-image size-full\"><img decoding=\"async\" width=\"790\" height=\"592\" src=\"https:\/\/noticiaempauta.com\/portal\/wp-content\/uploads\/2024\/10\/8dfe7fb887db06d2fe15571652c945e6.jpg\" alt=\"\" class=\"wp-image-263237\" srcset=\"https:\/\/noticiaempauta.com\/portal\/wp-content\/uploads\/2024\/10\/8dfe7fb887db06d2fe15571652c945e6.jpg 790w, https:\/\/noticiaempauta.com\/portal\/wp-content\/uploads\/2024\/10\/8dfe7fb887db06d2fe15571652c945e6-300x225.jpg 300w, https:\/\/noticiaempauta.com\/portal\/wp-content\/uploads\/2024\/10\/8dfe7fb887db06d2fe15571652c945e6-768x576.jpg 768w\" sizes=\"(max-width: 790px) 100vw, 790px\" \/><\/figure>\n\n\n\n<p>Fonte e Fotos: Cidade Verde<\/p>\n","protected":false},"excerpt":{"rendered":"<p>O adolescente que teve o bra\u00e7o e perna amputados ap\u00f3s a parede de uma obra cair na cidade de Picos, no interior do Piau\u00ed, teve alta da UTI e foi transferido para a enfermaria do novo Hospital Regional de Picos, o incidente ocorreu na semana passada no bairro bomba.\u00a0 &#8220;Gra\u00e7as a Deus est\u00e1 bem. Primeiramente [&hellip;]<\/p>\n","protected":false},"author":2,"featured_media":263238,"comment_status":"open","ping_status":"open","sticky":false,"template":"","format":"standard","meta":{"_mi_skip_tracking":false,"footnotes":""},"categories":[25,1,16],"tags":[],"class_list":["post-263236","post","type-post","status-publish","format-standard","has-post-thumbnail","hentry","category-destaques-site","category-geral","category-todas"],"acf":[],"yoast_head":"<!-- This site is optimized with the Yoast SEO Premium plugin v19.2 (Yoast SEO v26.9) - https:\/\/yoast.com\/product\/yoast-seo-premium-wordpress\/ -->\n<title>Picos | Adolescente que teve bra\u00e7o e perna amputados ap\u00f3s queda de muro deixa a UTI - Portal Not\u00edcia em Pauta<\/title>\n<meta name=\"robots\" content=\"index, follow, max-snippet:-1, max-image-preview:large, max-video-preview:-1\" \/>\n<link rel=\"canonical\" href=\"https:\/\/noticiaempauta.com\/portal\/picos-adolescente-que-teve-braco-e-perna-amputados-apos-queda-de-muro-deixa-a-uti\/\" \/>\n<meta property=\"og:locale\" content=\"pt_BR\" \/>\n<meta property=\"og:type\" content=\"article\" \/>\n<meta property=\"og:title\" content=\"Picos | Adolescente que teve bra\u00e7o e perna amputados ap\u00f3s queda de muro deixa a UTI\" \/>\n<meta property=\"og:description\" content=\"O adolescente que teve o bra\u00e7o e perna amputados ap\u00f3s a parede de uma obra cair na cidade de Picos, no interior do Piau\u00ed, teve alta da UTI e foi transferido para a enfermaria do novo Hospital Regional de Picos, o incidente ocorreu na semana passada no bairro bomba.\u00a0 &#8220;Gra\u00e7as a Deus est\u00e1 bem. Primeiramente [&hellip;]\" \/>\n<meta property=\"og:url\" content=\"https:\/\/noticiaempauta.com\/portal\/picos-adolescente-que-teve-braco-e-perna-amputados-apos-queda-de-muro-deixa-a-uti\/\" \/>\n<meta property=\"og:site_name\" content=\"Portal Not\u00edcia em Pauta\" \/>\n<meta property=\"article:publisher\" content=\"https:\/\/www.facebook.com\/Portal-Notcia-Em-Pauta-102292869264820\/\" \/>\n<meta property=\"article:published_time\" content=\"2024-10-21T19:38:05+00:00\" \/>\n<meta property=\"article:modified_time\" content=\"2024-10-21T19:58:29+00:00\" \/>\n<meta property=\"og:image\" content=\"https:\/\/noticiaempauta.com\/portal\/wp-content\/uploads\/2024\/10\/3c15bde1a56dfc13ccb96b9984ddac04.jpg\" \/>\n\t<meta property=\"og:image:width\" content=\"790\" \/>\n\t<meta property=\"og:image:height\" content=\"596\" \/>\n\t<meta property=\"og:image:type\" content=\"image\/jpeg\" \/>\n<meta name=\"author\" content=\"Reda\u00e7\u00e3o\" \/>\n<meta name=\"twitter:card\" content=\"summary_large_image\" \/>\n<meta name=\"twitter:label1\" content=\"Escrito por\" \/>\n\t<meta name=\"twitter:data1\" content=\"Reda\u00e7\u00e3o\" \/>\n\t<meta name=\"twitter:label2\" content=\"Est. tempo de leitura\" \/>\n\t<meta name=\"twitter:data2\" content=\"2 minutos\" \/>\n<script type=\"application\/ld+json\" class=\"yoast-schema-graph\">{\"@context\":\"https:\/\/schema.org\",\"@graph\":[{\"@type\":\"Article\",\"@id\":\"https:\/\/noticiaempauta.com\/portal\/picos-adolescente-que-teve-braco-e-perna-amputados-apos-queda-de-muro-deixa-a-uti\/#article\",\"isPartOf\":{\"@id\":\"https:\/\/noticiaempauta.com\/portal\/picos-adolescente-que-teve-braco-e-perna-amputados-apos-queda-de-muro-deixa-a-uti\/\"},\"author\":{\"name\":\"Reda\u00e7\u00e3o\",\"@id\":\"https:\/\/noticiaempauta.com\/portal\/#\/schema\/person\/a74af43dd1ab3deca45f988c717d57ac\"},\"headline\":\"Picos | Adolescente que teve bra\u00e7o e perna amputados ap\u00f3s queda de muro deixa a UTI\",\"datePublished\":\"2024-10-21T19:38:05+00:00\",\"dateModified\":\"2024-10-21T19:58:29+00:00\",\"mainEntityOfPage\":{\"@id\":\"https:\/\/noticiaempauta.com\/portal\/picos-adolescente-que-teve-braco-e-perna-amputados-apos-queda-de-muro-deixa-a-uti\/\"},\"wordCount\":198,\"commentCount\":0,\"publisher\":{\"@id\":\"https:\/\/noticiaempauta.com\/portal\/#organization\"},\"image\":{\"@id\":\"https:\/\/noticiaempauta.com\/portal\/picos-adolescente-que-teve-braco-e-perna-amputados-apos-queda-de-muro-deixa-a-uti\/#primaryimage\"},\"thumbnailUrl\":\"https:\/\/noticiaempauta.com\/portal\/wp-content\/uploads\/2024\/10\/3c15bde1a56dfc13ccb96b9984ddac04.jpg\",\"articleSection\":[\"Destaques\",\"Geral\",\"Todas as Not\u00edcias\"],\"inLanguage\":\"pt-BR\",\"potentialAction\":[{\"@type\":\"CommentAction\",\"name\":\"Comment\",\"target\":[\"https:\/\/noticiaempauta.com\/portal\/picos-adolescente-que-teve-braco-e-perna-amputados-apos-queda-de-muro-deixa-a-uti\/#respond\"]}]},{\"@type\":\"WebPage\",\"@id\":\"https:\/\/noticiaempauta.com\/portal\/picos-adolescente-que-teve-braco-e-perna-amputados-apos-queda-de-muro-deixa-a-uti\/\",\"url\":\"https:\/\/noticiaempauta.com\/portal\/picos-adolescente-que-teve-braco-e-perna-amputados-apos-queda-de-muro-deixa-a-uti\/\",\"name\":\"Picos | Adolescente que teve bra\u00e7o e perna amputados ap\u00f3s queda de muro deixa a UTI - Portal Not\u00edcia em Pauta\",\"isPartOf\":{\"@id\":\"https:\/\/noticiaempauta.com\/portal\/#website\"},\"primaryImageOfPage\":{\"@id\":\"https:\/\/noticiaempauta.com\/portal\/picos-adolescente-que-teve-braco-e-perna-amputados-apos-queda-de-muro-deixa-a-uti\/#primaryimage\"},\"image\":{\"@id\":\"https:\/\/noticiaempauta.com\/portal\/picos-adolescente-que-teve-braco-e-perna-amputados-apos-queda-de-muro-deixa-a-uti\/#primaryimage\"},\"thumbnailUrl\":\"https:\/\/noticiaempauta.com\/portal\/wp-content\/uploads\/2024\/10\/3c15bde1a56dfc13ccb96b9984ddac04.jpg\",\"datePublished\":\"2024-10-21T19:38:05+00:00\",\"dateModified\":\"2024-10-21T19:58:29+00:00\",\"breadcrumb\":{\"@id\":\"https:\/\/noticiaempauta.com\/portal\/picos-adolescente-que-teve-braco-e-perna-amputados-apos-queda-de-muro-deixa-a-uti\/#breadcrumb\"},\"inLanguage\":\"pt-BR\",\"potentialAction\":[{\"@type\":\"ReadAction\",\"target\":[\"https:\/\/noticiaempauta.com\/portal\/picos-adolescente-que-teve-braco-e-perna-amputados-apos-queda-de-muro-deixa-a-uti\/\"]}]},{\"@type\":\"ImageObject\",\"inLanguage\":\"pt-BR\",\"@id\":\"https:\/\/noticiaempauta.com\/portal\/picos-adolescente-que-teve-braco-e-perna-amputados-apos-queda-de-muro-deixa-a-uti\/#primaryimage\",\"url\":\"https:\/\/noticiaempauta.com\/portal\/wp-content\/uploads\/2024\/10\/3c15bde1a56dfc13ccb96b9984ddac04.jpg\",\"contentUrl\":\"https:\/\/noticiaempauta.com\/portal\/wp-content\/uploads\/2024\/10\/3c15bde1a56dfc13ccb96b9984ddac04.jpg\",\"width\":790,\"height\":596},{\"@type\":\"BreadcrumbList\",\"@id\":\"https:\/\/noticiaempauta.com\/portal\/picos-adolescente-que-teve-braco-e-perna-amputados-apos-queda-de-muro-deixa-a-uti\/#breadcrumb\",\"itemListElement\":[{\"@type\":\"ListItem\",\"position\":1,\"name\":\"P\u00e1gina Inicial\",\"item\":\"https:\/\/noticiaempauta.com\/portal\/\"},{\"@type\":\"ListItem\",\"position\":2,\"name\":\"Destaques\",\"item\":\"https:\/\/noticiaempauta.com\/portal\/destaques-site\/\"},{\"@type\":\"ListItem\",\"position\":3,\"name\":\"Picos | Adolescente que teve bra\u00e7o e perna amputados ap\u00f3s queda de muro deixa a UTI\"}]},{\"@type\":\"WebSite\",\"@id\":\"https:\/\/noticiaempauta.com\/portal\/#website\",\"url\":\"https:\/\/noticiaempauta.com\/portal\/\",\"name\":\"Portal Not\u00edcia em Pauta\",\"description\":\"Voc\u00ea bem informado\",\"publisher\":{\"@id\":\"https:\/\/noticiaempauta.com\/portal\/#organization\"},\"potentialAction\":[{\"@type\":\"SearchAction\",\"target\":{\"@type\":\"EntryPoint\",\"urlTemplate\":\"https:\/\/noticiaempauta.com\/portal\/?s={search_term_string}\"},\"query-input\":{\"@type\":\"PropertyValueSpecification\",\"valueRequired\":true,\"valueName\":\"search_term_string\"}}],\"inLanguage\":\"pt-BR\"},{\"@type\":\"Organization\",\"@id\":\"https:\/\/noticiaempauta.com\/portal\/#organization\",\"name\":\"Portal Not\u00edcia em Pauta\",\"url\":\"https:\/\/noticiaempauta.com\/portal\/\",\"logo\":{\"@type\":\"ImageObject\",\"inLanguage\":\"pt-BR\",\"@id\":\"https:\/\/noticiaempauta.com\/portal\/#\/schema\/logo\/image\/\",\"url\":\"https:\/\/noticiaempauta.com\/portal\/wp-content\/uploads\/2022\/08\/logomarca_tema.fw_.png\",\"contentUrl\":\"https:\/\/noticiaempauta.com\/portal\/wp-content\/uploads\/2022\/08\/logomarca_tema.fw_.png\",\"width\":400,\"height\":232,\"caption\":\"Portal Not\u00edcia em Pauta\"},\"image\":{\"@id\":\"https:\/\/noticiaempauta.com\/portal\/#\/schema\/logo\/image\/\"},\"sameAs\":[\"https:\/\/www.facebook.com\/Portal-Notcia-Em-Pauta-102292869264820\/\",\"https:\/\/www.instagram.com\/portalnoticiaempauta\/\"]},{\"@type\":\"Person\",\"@id\":\"https:\/\/noticiaempauta.com\/portal\/#\/schema\/person\/a74af43dd1ab3deca45f988c717d57ac\",\"name\":\"Reda\u00e7\u00e3o\",\"image\":{\"@type\":\"ImageObject\",\"inLanguage\":\"pt-BR\",\"@id\":\"https:\/\/noticiaempauta.com\/portal\/#\/schema\/person\/image\/\",\"url\":\"https:\/\/secure.gravatar.com\/avatar\/03179346ecce6cdfc13361603e8f54242a90e5cde8618fa23c5c00aa2b0aadf3?s=96&d=mm&r=g\",\"contentUrl\":\"https:\/\/secure.gravatar.com\/avatar\/03179346ecce6cdfc13361603e8f54242a90e5cde8618fa23c5c00aa2b0aadf3?s=96&d=mm&r=g\",\"caption\":\"Reda\u00e7\u00e3o\"},\"sameAs\":[\"https:\/\/noticiaempauta.com\/portal\/\"],\"url\":\"https:\/\/noticiaempauta.com\/portal\/author\/fernando\/\"}]}<\/script>\n<!-- \/ Yoast SEO Premium plugin. -->","yoast_head_json":{"title":"Picos | Adolescente que teve bra\u00e7o e perna amputados ap\u00f3s queda de muro deixa a UTI - Portal Not\u00edcia em Pauta","robots":{"index":"index","follow":"follow","max-snippet":"max-snippet:-1","max-image-preview":"max-image-preview:large","max-video-preview":"max-video-preview:-1"},"canonical":"https:\/\/noticiaempauta.com\/portal\/picos-adolescente-que-teve-braco-e-perna-amputados-apos-queda-de-muro-deixa-a-uti\/","og_locale":"pt_BR","og_type":"article","og_title":"Picos | Adolescente que teve bra\u00e7o e perna amputados ap\u00f3s queda de muro deixa a UTI","og_description":"O adolescente que teve o bra\u00e7o e perna amputados ap\u00f3s a parede de uma obra cair na cidade de Picos, no interior do Piau\u00ed, teve alta da UTI e foi transferido para a enfermaria do novo Hospital Regional de Picos, o incidente ocorreu na semana passada no bairro bomba.\u00a0 &#8220;Gra\u00e7as a Deus est\u00e1 bem. Primeiramente [&hellip;]","og_url":"https:\/\/noticiaempauta.com\/portal\/picos-adolescente-que-teve-braco-e-perna-amputados-apos-queda-de-muro-deixa-a-uti\/","og_site_name":"Portal Not\u00edcia em Pauta","article_publisher":"https:\/\/www.facebook.com\/Portal-Notcia-Em-Pauta-102292869264820\/","article_published_time":"2024-10-21T19:38:05+00:00","article_modified_time":"2024-10-21T19:58:29+00:00","og_image":[{"width":790,"height":596,"url":"https:\/\/noticiaempauta.com\/portal\/wp-content\/uploads\/2024\/10\/3c15bde1a56dfc13ccb96b9984ddac04.jpg","type":"image\/jpeg"}],"author":"Reda\u00e7\u00e3o","twitter_card":"summary_large_image","twitter_misc":{"Escrito por":"Reda\u00e7\u00e3o","Est. tempo de leitura":"2 minutos"},"schema":{"@context":"https:\/\/schema.org","@graph":[{"@type":"Article","@id":"https:\/\/noticiaempauta.com\/portal\/picos-adolescente-que-teve-braco-e-perna-amputados-apos-queda-de-muro-deixa-a-uti\/#article","isPartOf":{"@id":"https:\/\/noticiaempauta.com\/portal\/picos-adolescente-que-teve-braco-e-perna-amputados-apos-queda-de-muro-deixa-a-uti\/"},"author":{"name":"Reda\u00e7\u00e3o","@id":"https:\/\/noticiaempauta.com\/portal\/#\/schema\/person\/a74af43dd1ab3deca45f988c717d57ac"},"headline":"Picos | Adolescente que teve bra\u00e7o e perna amputados ap\u00f3s queda de muro deixa a UTI","datePublished":"2024-10-21T19:38:05+00:00","dateModified":"2024-10-21T19:58:29+00:00","mainEntityOfPage":{"@id":"https:\/\/noticiaempauta.com\/portal\/picos-adolescente-que-teve-braco-e-perna-amputados-apos-queda-de-muro-deixa-a-uti\/"},"wordCount":198,"commentCount":0,"publisher":{"@id":"https:\/\/noticiaempauta.com\/portal\/#organization"},"image":{"@id":"https:\/\/noticiaempauta.com\/portal\/picos-adolescente-que-teve-braco-e-perna-amputados-apos-queda-de-muro-deixa-a-uti\/#primaryimage"},"thumbnailUrl":"https:\/\/noticiaempauta.com\/portal\/wp-content\/uploads\/2024\/10\/3c15bde1a56dfc13ccb96b9984ddac04.jpg","articleSection":["Destaques","Geral","Todas as Not\u00edcias"],"inLanguage":"pt-BR","potentialAction":[{"@type":"CommentAction","name":"Comment","target":["https:\/\/noticiaempauta.com\/portal\/picos-adolescente-que-teve-braco-e-perna-amputados-apos-queda-de-muro-deixa-a-uti\/#respond"]}]},{"@type":"WebPage","@id":"https:\/\/noticiaempauta.com\/portal\/picos-adolescente-que-teve-braco-e-perna-amputados-apos-queda-de-muro-deixa-a-uti\/","url":"https:\/\/noticiaempauta.com\/portal\/picos-adolescente-que-teve-braco-e-perna-amputados-apos-queda-de-muro-deixa-a-uti\/","name":"Picos | Adolescente que teve bra\u00e7o e perna amputados ap\u00f3s queda de muro deixa a UTI - Portal Not\u00edcia em Pauta","isPartOf":{"@id":"https:\/\/noticiaempauta.com\/portal\/#website"},"primaryImageOfPage":{"@id":"https:\/\/noticiaempauta.com\/portal\/picos-adolescente-que-teve-braco-e-perna-amputados-apos-queda-de-muro-deixa-a-uti\/#primaryimage"},"image":{"@id":"https:\/\/noticiaempauta.com\/portal\/picos-adolescente-que-teve-braco-e-perna-amputados-apos-queda-de-muro-deixa-a-uti\/#primaryimage"},"thumbnailUrl":"https:\/\/noticiaempauta.com\/portal\/wp-content\/uploads\/2024\/10\/3c15bde1a56dfc13ccb96b9984ddac04.jpg","datePublished":"2024-10-21T19:38:05+00:00","dateModified":"2024-10-21T19:58:29+00:00","breadcrumb":{"@id":"https:\/\/noticiaempauta.com\/portal\/picos-adolescente-que-teve-braco-e-perna-amputados-apos-queda-de-muro-deixa-a-uti\/#breadcrumb"},"inLanguage":"pt-BR","potentialAction":[{"@type":"ReadAction","target":["https:\/\/noticiaempauta.com\/portal\/picos-adolescente-que-teve-braco-e-perna-amputados-apos-queda-de-muro-deixa-a-uti\/"]}]},{"@type":"ImageObject","inLanguage":"pt-BR","@id":"https:\/\/noticiaempauta.com\/portal\/picos-adolescente-que-teve-braco-e-perna-amputados-apos-queda-de-muro-deixa-a-uti\/#primaryimage","url":"https:\/\/noticiaempauta.com\/portal\/wp-content\/uploads\/2024\/10\/3c15bde1a56dfc13ccb96b9984ddac04.jpg","contentUrl":"https:\/\/noticiaempauta.com\/portal\/wp-content\/uploads\/2024\/10\/3c15bde1a56dfc13ccb96b9984ddac04.jpg","width":790,"height":596},{"@type":"BreadcrumbList","@id":"https:\/\/noticiaempauta.com\/portal\/picos-adolescente-que-teve-braco-e-perna-amputados-apos-queda-de-muro-deixa-a-uti\/#breadcrumb","itemListElement":[{"@type":"ListItem","position":1,"name":"P\u00e1gina Inicial","item":"https:\/\/noticiaempauta.com\/portal\/"},{"@type":"ListItem","position":2,"name":"Destaques","item":"https:\/\/noticiaempauta.com\/portal\/destaques-site\/"},{"@type":"ListItem","position":3,"name":"Picos | Adolescente que teve bra\u00e7o e perna amputados ap\u00f3s queda de muro deixa a UTI"}]},{"@type":"WebSite","@id":"https:\/\/noticiaempauta.com\/portal\/#website","url":"https:\/\/noticiaempauta.com\/portal\/","name":"Portal Not\u00edcia em Pauta","description":"Voc\u00ea bem informado","publisher":{"@id":"https:\/\/noticiaempauta.com\/portal\/#organization"},"potentialAction":[{"@type":"SearchAction","target":{"@type":"EntryPoint","urlTemplate":"https:\/\/noticiaempauta.com\/portal\/?s={search_term_string}"},"query-input":{"@type":"PropertyValueSpecification","valueRequired":true,"valueName":"search_term_string"}}],"inLanguage":"pt-BR"},{"@type":"Organization","@id":"https:\/\/noticiaempauta.com\/portal\/#organization","name":"Portal Not\u00edcia em Pauta","url":"https:\/\/noticiaempauta.com\/portal\/","logo":{"@type":"ImageObject","inLanguage":"pt-BR","@id":"https:\/\/noticiaempauta.com\/portal\/#\/schema\/logo\/image\/","url":"https:\/\/noticiaempauta.com\/portal\/wp-content\/uploads\/2022\/08\/logomarca_tema.fw_.png","contentUrl":"https:\/\/noticiaempauta.com\/portal\/wp-content\/uploads\/2022\/08\/logomarca_tema.fw_.png","width":400,"height":232,"caption":"Portal Not\u00edcia em Pauta"},"image":{"@id":"https:\/\/noticiaempauta.com\/portal\/#\/schema\/logo\/image\/"},"sameAs":["https:\/\/www.facebook.com\/Portal-Notcia-Em-Pauta-102292869264820\/","https:\/\/www.instagram.com\/portalnoticiaempauta\/"]},{"@type":"Person","@id":"https:\/\/noticiaempauta.com\/portal\/#\/schema\/person\/a74af43dd1ab3deca45f988c717d57ac","name":"Reda\u00e7\u00e3o","image":{"@type":"ImageObject","inLanguage":"pt-BR","@id":"https:\/\/noticiaempauta.com\/portal\/#\/schema\/person\/image\/","url":"https:\/\/secure.gravatar.com\/avatar\/03179346ecce6cdfc13361603e8f54242a90e5cde8618fa23c5c00aa2b0aadf3?s=96&d=mm&r=g","contentUrl":"https:\/\/secure.gravatar.com\/avatar\/03179346ecce6cdfc13361603e8f54242a90e5cde8618fa23c5c00aa2b0aadf3?s=96&d=mm&r=g","caption":"Reda\u00e7\u00e3o"},"sameAs":["https:\/\/noticiaempauta.com\/portal\/"],"url":"https:\/\/noticiaempauta.com\/portal\/author\/fernando\/"}]}},"_links":{"self":[{"href":"https:\/\/noticiaempauta.com\/portal\/wp-json\/wp\/v2\/posts\/263236","targetHints":{"allow":["GET"]}}],"collection":[{"href":"https:\/\/noticiaempauta.com\/portal\/wp-json\/wp\/v2\/posts"}],"about":[{"href":"https:\/\/noticiaempauta.com\/portal\/wp-json\/wp\/v2\/types\/post"}],"author":[{"embeddable":true,"href":"https:\/\/noticiaempauta.com\/portal\/wp-json\/wp\/v2\/users\/2"}],"replies":[{"embeddable":true,"href":"https:\/\/noticiaempauta.com\/portal\/wp-json\/wp\/v2\/comments?post=263236"}],"version-history":[{"count":2,"href":"https:\/\/noticiaempauta.com\/portal\/wp-json\/wp\/v2\/posts\/263236\/revisions"}],"predecessor-version":[{"id":263243,"href":"https:\/\/noticiaempauta.com\/portal\/wp-json\/wp\/v2\/posts\/263236\/revisions\/263243"}],"wp:featuredmedia":[{"embeddable":true,"href":"https:\/\/noticiaempauta.com\/portal\/wp-json\/wp\/v2\/media\/263238"}],"wp:attachment":[{"href":"https:\/\/noticiaempauta.com\/portal\/wp-json\/wp\/v2\/media?parent=263236"}],"wp:term":[{"taxonomy":"category","embeddable":true,"href":"https:\/\/noticiaempauta.com\/portal\/wp-json\/wp\/v2\/categories?post=263236"},{"taxonomy":"post_tag","embeddable":true,"href":"https:\/\/noticiaempauta.com\/portal\/wp-json\/wp\/v2\/tags?post=263236"}],"curies":[{"name":"wp","href":"https:\/\/api.w.org\/{rel}","templated":true}]}}